{"id":8607,"date":"2021-09-30T16:15:04","date_gmt":"2021-09-30T16:15:04","guid":{"rendered":"https:\/\/amautaenlinea.com\/blog\/?p=8607"},"modified":"2021-09-30T16:15:04","modified_gmt":"2021-09-30T16:15:04","slug":"atencion-docente-examen-de-nombramiento-docente-2021-sera-el-13-de-noviembre-del-2021","status":"publish","type":"post","link":"https:\/\/amautaenlinea.com\/blog\/atencion-docente-examen-de-nombramiento-docente-2021-sera-el-13-de-noviembre-del-2021\/","title":{"rendered":"\u00a1Atenci\u00f3n Docente! Examen de Nombramiento Docente 2021 ser\u00e1 el 13 de noviembre del 2021"},"content":{"rendered":"<h4>Estimados docentes el Minedu actualiz\u00f3 el Examen de Nombramiento Docente 2021 que\u00a0 ser\u00e1 el 13 de noviembre del 2021<\/h4>\n<h4>Cronograma<\/h4>\n<div class=\"table-wrapper\">\n<table class=\"table\">\n<thead>\n<tr>\n<th class=\"text-center\" scope=\"column\" width=\"110\">Inicio<\/th>\n<th class=\"text-center\" scope=\"column\" width=\"110\">Fin<\/th>\n<th class=\"text-center\" scope=\"column\">Actividad<\/th>\n<\/tr>\n<\/thead>\n<tbody>\n<tr>\n<td class=\"text-center\">11\/01\/2021<\/td>\n<td class=\"text-center\">11\/02\/2021<\/td>\n<td>Inscripci\u00f3n o actualizaci\u00f3n de datos de postulantes.\u00a0(a)<\/td>\n<\/tr>\n<tr>\n<td class=\"text-center\">23\/06\/2021<\/td>\n<td class=\"text-center\">23\/06\/2021<\/td>\n<td>Publicaci\u00f3n de la relaci\u00f3n preliminar de plazas puestas a concurso, en el portal institucional del Minedu.<\/td>\n<\/tr>\n<tr>\n<td class=\"text-center\">24\/06\/2021<\/td>\n<td class=\"text-center\">23\/09\/2021<\/td>\n<td>Presentaci\u00f3n de observaciones a la relaci\u00f3n preliminar de plazas puestas a concurso ante la UGEL o DRE, seg\u00fan corresponda.<\/td>\n<\/tr>\n<tr>\n<td class=\"text-center\">26\/06\/2021<\/td>\n<td class=\"text-center\">11\/10\/2021<\/td>\n<td>Subsanaci\u00f3n de observaciones por parte de la UGEL o DRE, seg\u00fan corresponda, a trav\u00e9s del Sistema NEXUS, de la relaci\u00f3n preliminar de plazas puestas a concurso.<\/td>\n<\/tr>\n<tr>\n<td class=\"text-center\">21\/10\/2021<\/td>\n<td class=\"text-center\">21\/10\/2021<\/td>\n<td>Publicaci\u00f3n de la relaci\u00f3n consolidada de plazas puestas a concurso, en el portal institucional del Minedu.<\/td>\n<\/tr>\n<\/tbody>\n<\/table>\n<\/div>\n<p>(a)\u00a0Los postulantes realizan el procedimiento de inscripci\u00f3n exclusivamente a trav\u00e9s del aplicativo disponible en el portal institucional del Minedu, seg\u00fan el procedimiento establecido en el Documento Normativo. Cabe indicar que los postulantes inscritos en la convocatoria 2020 mantienen su inscripci\u00f3n para el presente concurso y son considerados para participar en el proceso de determinaci\u00f3n de los cuadros de m\u00e9rito para la contrataci\u00f3n docente 2022 y 2023. Asimismo, podr\u00e1n actualizar los datos consignados en su inscripci\u00f3n hasta el \u00faltimo d\u00eda del plazo de esta actividad.<\/p>\n<h5>Etapa nacional<\/h5>\n<div class=\"table-wrapper\">\n<table class=\"table\">\n<thead>\n<tr>\n<th class=\"text-center\" scope=\"column\" width=\"110\">Inicio<\/th>\n<th class=\"text-center\" scope=\"column\" width=\"110\">Fin<\/th>\n<th class=\"text-center\" scope=\"column\">Actividad<\/th>\n<\/tr>\n<\/thead>\n<tbody>\n<tr>\n<td class=\"text-center\">29\/10\/2021<\/td>\n<td class=\"text-center\">29\/10\/2021<\/td>\n<td>Publicaci\u00f3n de centros de evaluaci\u00f3n para rendir la Prueba \u00danica Nacional, en el portal institucional del Minedu.<\/td>\n<\/tr>\n<tr>\n<td class=\"text-center\">13\/11\/2021<\/td>\n<td class=\"text-center\">13\/11\/2021<\/td>\n<td>Aplicaci\u00f3n de la Prueba \u00danica Nacional.<\/td>\n<\/tr>\n<tr>\n<td class=\"text-center\">15\/11\/2021<\/td>\n<td class=\"text-center\">15\/12\/2021<\/td>\n<td>Presentaci\u00f3n de documentos de los postulantes que no rindieron la Prueba \u00danica Nacional por haber tenido la COVID-19.\u00a0(b)<\/td>\n<\/tr>\n<tr>\n<td class=\"text-center\">23\/11\/2021<\/td>\n<td class=\"text-center\">23\/11\/2021<\/td>\n<td>Publicaci\u00f3n de resultados preliminares de la Prueba \u00danica Nacional a trav\u00e9s del aplicativo disponible en el portal institucional del Minedu.<\/td>\n<\/tr>\n<tr>\n<td class=\"text-center\">23\/11\/2021<\/td>\n<td class=\"text-center\">25\/11\/2021<\/td>\n<td>Presentaci\u00f3n de reclamos sobre el puntaje obtenido en la Prueba \u00danica Nacional, a trav\u00e9s del aplicativo proporcionado por el Minedu en su portal institucional.<\/td>\n<\/tr>\n<tr>\n<td class=\"text-center\">24\/11\/2021<\/td>\n<td class=\"text-center\">29\/11\/2021<\/td>\n<td>Resoluci\u00f3n de los reclamos sobre el puntaje obtenido en la Prueba \u00danica Nacional presentados a trav\u00e9s del aplicativo proporcionado por el Minedu en su portal institucional.<\/td>\n<\/tr>\n<tr>\n<td class=\"text-center\">29\/11\/2021<\/td>\n<td class=\"text-center\">29\/11\/2021<\/td>\n<td>Publicaci\u00f3n de resultados finales de la Prueba \u00danica Nacional a trav\u00e9s del aplicativo disponible en el portal institucional del Minedu.<\/td>\n<\/tr>\n<\/tbody>\n<\/table>\n<\/div>\n<p>(b)\u00a0De acuerdo a lo dispuesto en el numeral 5.8.15 del Documento Normativo del presente concurso.<\/p>\n<h5>Publicaci\u00f3n, conformaci\u00f3n de Comit\u00e9s de Evaluaci\u00f3n y selecci\u00f3n de II.EE.<\/h5>\n<div class=\"table-wrapper\">\n<table class=\"table\">\n<thead>\n<tr>\n<th class=\"text-center\" scope=\"column\" width=\"110\">Inicio<\/th>\n<th class=\"text-center\" scope=\"column\" width=\"110\">Fin<\/th>\n<th class=\"text-center\" scope=\"column\">Actividad<\/th>\n<\/tr>\n<\/thead>\n<tbody>\n<tr>\n<td class=\"text-center\">24\/11\/2021<\/td>\n<td class=\"text-center\">30\/11\/2021<\/td>\n<td>Primera selecci\u00f3n, por parte de los postulantes, de todas las II.EE. con plazas de su inter\u00e9s en una \u00fanica regi\u00f3n y en el mismo grupo de inscripci\u00f3n elegido, a trav\u00e9s del aplicativo proporcionado por el Minedu en su portal institucional.<\/td>\n<\/tr>\n<tr>\n<td class=\"text-center\">16\/11\/2021<\/td>\n<td class=\"text-center\">30\/11\/2021<\/td>\n<td>Conformaci\u00f3n de los Comit\u00e9s de Evaluaci\u00f3n.<\/td>\n<\/tr>\n<tr>\n<td class=\"text-center\">02\/12\/2021<\/td>\n<td class=\"text-center\">02\/12\/2021<\/td>\n<td>Publicaci\u00f3n de la relaci\u00f3n de postulantes asignados por instituci\u00f3n educativa, en el portal institucional del Minedu.<\/td>\n<\/tr>\n<tr>\n<td class=\"text-center\">03\/12\/2021<\/td>\n<td class=\"text-center\">07\/12\/2021<\/td>\n<td>Segunda selecci\u00f3n, por parte de los postulantes que tienen dos, una o ninguna IE asignada, de las II.EE. con plazas de su inter\u00e9s que a\u00fan tienen espacio disponible en una \u00fanica regi\u00f3n y en el mismo grupo de inscripci\u00f3n elegido, a trav\u00e9s del aplicativo proporcionado por el Minedu en su portal institucional.<\/td>\n<\/tr>\n<tr>\n<td class=\"text-center\">09\/12\/2021<\/td>\n<td class=\"text-center\">09\/12\/2021<\/td>\n<td>Publicaci\u00f3n de la relaci\u00f3n final de postulantes asignados por instituci\u00f3n educativa, en el portal institucional del Minedu.<\/td>\n<\/tr>\n<\/tbody>\n<\/table>\n<\/div>\n<h5>Etapa descentralizada<\/h5>\n<div class=\"table-wrapper\">\n<table class=\"table\">\n<thead>\n<tr>\n<th class=\"text-center\" scope=\"column\" width=\"110\">Inicio<\/th>\n<th class=\"text-center\" scope=\"column\" width=\"110\">Fin<\/th>\n<th class=\"text-center\" scope=\"column\">Actividad<\/th>\n<\/tr>\n<\/thead>\n<tbody>\n<tr>\n<td class=\"text-center\">03\/12\/2021<\/td>\n<td class=\"text-center\">23\/12\/2021<\/td>\n<td>Registro, por parte de los postulantes, del Formulario de Cumplimiento de Requisitos y Valoraci\u00f3n de la Trayectoria Profesional, a trav\u00e9s del aplicativo proporcionado por el Minedu en su portal institucional.\u00a0(c)<\/td>\n<\/tr>\n<tr>\n<td class=\"text-center\">03\/12\/2021<\/td>\n<td class=\"text-center\">30\/12\/2021<\/td>\n<td>Evaluaci\u00f3n descentralizada de los postulantes a cargo de los Comit\u00e9s de Evaluaci\u00f3n y verificaci\u00f3n de los documentos para acreditar el cumplimiento de requisitos y el derecho a recibir bonificaciones de Ley, en caso corresponda.\u00a0(d)<\/td>\n<\/tr>\n<tr>\n<td class=\"text-center\">03\/12\/2021<\/td>\n<td class=\"text-center\">30\/12\/2021<\/td>\n<td>Ingreso de los resultados de la Etapa Descentralizada en el aplicativo proporcionado por el Minedu, a cargo de los Comit\u00e9s de Evaluaci\u00f3n.<\/td>\n<\/tr>\n<tr>\n<td class=\"text-center\">03\/01\/2022<\/td>\n<td class=\"text-center\">03\/01\/2022<\/td>\n<td>Publicaci\u00f3n de resultados preliminares de la Etapa Descentralizada del concurso, a trav\u00e9s del aplicativo disponible en el portal institucional del Minedu.\u00a0(e)<\/td>\n<\/tr>\n<tr>\n<td class=\"text-center\">03\/01\/2022<\/td>\n<td class=\"text-center\">07\/01\/2022<\/td>\n<td>Presentaci\u00f3n de reclamos, ante el Comit\u00e9 de Evaluaci\u00f3n, sobre los resultados preliminares de la Etapa Descentralizada.<\/td>\n<\/tr>\n<tr>\n<td class=\"text-center\">03\/01\/2022<\/td>\n<td class=\"text-center\">11\/01\/2022<\/td>\n<td>Resoluci\u00f3n de reclamos e ingreso de resultados, en los casos que corresponda, de la Etapa Descentralizada y emisi\u00f3n de actas en el aplicativo proporcionado por el Minedu, a cargo del Comit\u00e9 de Evaluaci\u00f3n.<\/td>\n<\/tr>\n<tr>\n<td class=\"text-center\">13\/01\/2022<\/td>\n<td class=\"text-center\">13\/01\/2022<\/td>\n<td>Publicaci\u00f3n de los ganadores del concurso en el portal institucional del Minedu.\u00a0(e)<\/td>\n<\/tr>\n<tr>\n<td class=\"text-center\">14\/01\/2022<\/td>\n<td class=\"text-center\">25\/01\/2022<\/td>\n<td>Presentaci\u00f3n ante la UGEL o DRE, seg\u00fan corresponda, de documentos por parte de los postulantes ganadores del concurso.<\/td>\n<\/tr>\n<tr>\n<td class=\"text-center\">21\/01\/2022<\/td>\n<td class=\"text-center\">02\/02\/2022<\/td>\n<td>Emisi\u00f3n de resoluciones de nombramiento a ganadores del concurso, por parte de la UGEL o DRE.<\/td>\n<\/tr>\n<\/tbody>\n<\/table>\n<\/div>\n<p>(c)\u00a0El postulante que contin\u00faa en el concurso, debe presentar ante cada Comit\u00e9 de Evaluaci\u00f3n de la(s) IE (II.EE.) que postula, en el plazo establecido por este, el expediente detallado en el numeral 5.7.5.2.1 del Documento Normativo del concurso que incluye el Formulario de Cumplimiento de Requisitos y Valoraci\u00f3n de la Trayectoria Profesional.<\/p>\n<p>(d)\u00a0Los Comit\u00e9s de Evaluaci\u00f3n, dentro del plazo previsto para la presente actividad, deber\u00e1n establecer su propio cronograma para el adecuado desarrollo de la misma y para la presentaci\u00f3n de expedientes que contengan el \u201cFormulario de Cumplimiento de Requisitos y Valoraci\u00f3n de la Trayectoria Profesional\u201d, la documentaci\u00f3n que acredita el cumplimiento de los requisitos, la trayectoria profesional, y de ser el caso, el derecho a recibir las bonificaciones de Ley.<\/p>\n<p>(e)\u00a0De acuerdo a lo informado por los Comit\u00e9s de Evaluaci\u00f3n a trav\u00e9s del aplicativo proporcionado por el Minedu.<\/p>\n<h5>Fase excepcional<\/h5>\n<div class=\"table-wrapper\">\n<table class=\"table\" width=\"1420\">\n<thead>\n<tr>\n<th class=\"text-center\" scope=\"column\" width=\"110\">Inicio<\/th>\n<th class=\"text-center\" scope=\"column\" width=\"110\">Fin<\/th>\n<th class=\"text-center\" scope=\"column\">Actividad<\/th>\n<\/tr>\n<\/thead>\n<tbody>\n<tr>\n<td class=\"text-center\">13\/01\/2022<\/td>\n<td class=\"text-center\">13\/01\/2022<\/td>\n<td>Publicaci\u00f3n de plazas vacantes para la Fase Excepcional en el portal institucional del Minedu.<\/td>\n<\/tr>\n<tr>\n<td class=\"text-center\">14\/01\/2022<\/td>\n<td class=\"text-center\">17\/01\/2022<\/td>\n<td>Selecci\u00f3n, por parte de los postulantes, de la UGEL o DRE con plazas vacantes en el grupo de inscripci\u00f3n en el que dio la Prueba \u00danica Nacional, a trav\u00e9s del aplicativo proporcionado por el Minedu en su portal institucional.<\/td>\n<\/tr>\n<tr>\n<td class=\"text-center\">18\/01\/2022<\/td>\n<td class=\"text-center\">18\/01\/2022<\/td>\n<td>Publicaci\u00f3n de la relaci\u00f3n de postulantes habilitados por UGEL o DRE para la adjudicaci\u00f3n p\u00fablica, en el portal institucional del Minedu.<\/td>\n<\/tr>\n<tr>\n<td class=\"text-center\">19\/01\/2022<\/td>\n<td class=\"text-center\">21\/01\/2022<\/td>\n<td>Acto p\u00fablico de selecci\u00f3n y adjudicaci\u00f3n de plazas vacantes, a cargo de la UGEL o DRE.<\/td>\n<\/tr>\n<tr>\n<td class=\"text-center\">19\/01\/2022<\/td>\n<td class=\"text-center\">21\/01\/2022<\/td>\n<td>Ingreso de plazas adjudicadas en la Fase Excepcional del concurso, en el aplicativo dispuesto por el Minedu, a cargo de la UGEL o DRE.<\/td>\n<\/tr>\n<tr>\n<td class=\"text-center\">22\/01\/2022<\/td>\n<td class=\"text-center\">22\/01\/2022<\/td>\n<td>Publicaci\u00f3n de ganadores de la Fase Excepcional del concurso, en el portal institucional del Minedu.\u00a0(f)<\/td>\n<\/tr>\n<tr>\n<td class=\"text-center\">24\/01\/2022<\/td>\n<td class=\"text-center\">28\/01\/2022<\/td>\n<td>Presentaci\u00f3n ante la UGEL o DRE, seg\u00fan corresponda, de documentos por parte de los postulantes ganadores de la Fase Excepcional del concurso.<\/td>\n<\/tr>\n<tr>\n<td class=\"text-center\">25\/01\/2022<\/td>\n<td class=\"text-center\">04\/02\/2022<\/td>\n<td>Emisi\u00f3n de resoluciones de nombramiento a ganadores de la Fase Excepcional del concurso, a cargo de la UGEL o DRE.<\/td>\n<\/tr>\n<\/tbody>\n<\/table>\n<\/div>\n<p>(f)\u00a0De acuerdo a lo informado por las UGEL o DRE, a trav\u00e9s del aplicativo proporcionado por el Minedu.<\/p>\n<h5>Determinaci\u00f3n de los Cuadros de M\u00e9rito para la Contrataci\u00f3n Docente 2022 \u2013 2023<\/h5>\n<div class=\"table-wrapper\">\n<table class=\"table\" width=\"1420\">\n<thead>\n<tr>\n<th class=\"text-center\" scope=\"column\" width=\"110\">Inicio<\/th>\n<th class=\"text-center\" scope=\"column\" width=\"110\">Fin<\/th>\n<th class=\"text-center\" scope=\"column\">Actividad<\/th>\n<\/tr>\n<\/thead>\n<tbody>\n<tr>\n<td class=\"text-center\">01\/12\/2021<\/td>\n<td class=\"text-center\">01\/12\/2021<\/td>\n<td>Publicaci\u00f3n de plazas vacantes para el procedimiento de contrataci\u00f3n docente, en el portal institucional del Minedu.<\/td>\n<\/tr>\n<tr>\n<td class=\"text-center\">02\/12\/2021<\/td>\n<td class=\"text-center\">04\/01\/2022<\/td>\n<td>Selecci\u00f3n, de la UGEL o DRE con plazas vacantes en el grupo de inscripci\u00f3n que seleccionaron para participar del citado concurso, de los postulantes que rindieron la Prueba \u00danica Nacional\u00a0(g)\u00a0y aquellos que no lo hicieron por haber tenido la COVID-19\u00a0(h), a trav\u00e9s del aplicativo proporcionado por el Minedu en su portal institucional.<\/td>\n<\/tr>\n<tr>\n<td class=\"text-center\">06\/01\/2022<\/td>\n<td class=\"text-center\">06\/01\/2022<\/td>\n<td>Publicaci\u00f3n de postulantes por UGEL o DRE, en el portal institucional del Minedu.<\/td>\n<\/tr>\n<tr>\n<td class=\"text-center\">06\/01\/2022<\/td>\n<td class=\"text-center\">11\/01\/2022<\/td>\n<td>Presentaci\u00f3n a la UGEL o DRE, seg\u00fan corresponda, de los documentos para acreditar el derecho a recibir la(s) bonificaci\u00f3n(es) de Ley.<\/td>\n<\/tr>\n<tr>\n<td class=\"text-center\">06\/01\/2022<\/td>\n<td class=\"text-center\">12\/01\/2022<\/td>\n<td>Verificaci\u00f3n por parte de la UGEL o DRE, seg\u00fan corresponda, de los documentos para acreditar el derecho a recibir la(s) bonificaci\u00f3n(es) de Ley.<\/td>\n<\/tr>\n<tr>\n<td class=\"text-center\">06\/01\/2022<\/td>\n<td class=\"text-center\">12\/01\/2022<\/td>\n<td>Ingreso de los resultados de la verificaci\u00f3n de los documentos presentados para acreditar el derecho a recibir la(s) bonificaci\u00f3n(es) de Ley en el aplicativo proporcionado por el Minedu, por parte de la UGEL o DRE.<\/td>\n<\/tr>\n<tr>\n<td class=\"text-center\">14\/01\/2022<\/td>\n<td class=\"text-center\">14\/01\/2022<\/td>\n<td>Publicaci\u00f3n de los cuadros de m\u00e9rito\u00a0(f)\u00a0y la relaci\u00f3n de postulantes que ser\u00e1n considerados excepcionalmente en la normativa de Contrataci\u00f3n Docente\u00a0(h),\u00a0en el portal institucional del Minedu.<\/td>\n<\/tr>\n<\/tbody>\n<\/table>\n<\/div>\n<p>(f)\u00a0De acuerdo a lo informado por las UGEL o DRE, a trav\u00e9s del aplicativo proporcionado por el Minedu.<\/p>\n<p>(g)\u00a0El postulante es responsable de realizar oportuna y correctamente la selecci\u00f3n de la UGEL o DRE a la que postula. La no realizaci\u00f3n de la selecci\u00f3n de UGEL o DRE conlleva a la no inclusi\u00f3n en los cuadros de m\u00e9rito para la contrataci\u00f3n docente, salvo en los casos establecidos en el numeral 5.8.13 del Documento Normativo.<\/p>\n<p>(h)\u00a0De acuerdo a lo dispuesto en el numeral 5.8.16 del Documento Normativo del presente concurso.<\/p>\n","protected":false},"excerpt":{"rendered":"<p>Estimados docentes el Minedu actualiz\u00f3 el Examen de Nombramiento Docente 2021 que\u00a0 ser\u00e1 el 13 de noviembre del 2021 Cronograma Inicio Fin Actividad 11\/01\/2021<\/p>\n","protected":false},"author":1,"featured_media":8608,"comment_status":"open","ping_status":"open","sticky":false,"template":"","format":"standard","meta":{"footnotes":""},"categories":[4],"tags":[825],"class_list":["post-8607","post","type-post","status-publish","format-standard","has-post-thumbnail","hentry","category-educacion","tag-examen-de-nombramiento-docente-2021-sera-el-13-de-noviembre-del-2021"],"yoast_head":"<!-- This site is optimized with the Yoast SEO Premium plugin v21.2 (Yoast SEO v27.5) - https:\/\/yoast.com\/product\/yoast-seo-premium-wordpress\/ -->\n<title>\u25b7 \u00a1Atenci\u00f3n Docente! Examen de Nombramiento Docente 2021 ser\u00e1 el 13 de noviembre del 2021 \u2705<\/title>\n<meta name=\"description\" content=\"\u27a8 Examen-de-Nombramiento-Docente-2021-ser\u00e1-el-13-de-noviembre-del-2021\" \/>\n<meta name=\"robots\" content=\"index, follow, max-snippet:-1, max-image-preview:large, max-video-preview:-1\" \/>\n<link rel=\"canonical\" href=\"https:\/\/amautaenlinea.com\/blog\/atencion-docente-examen-de-nombramiento-docente-2021-sera-el-13-de-noviembre-del-2021\/\" \/>\n<meta property=\"og:locale\" content=\"es_ES\" \/>\n<meta property=\"og:type\" content=\"article\" \/>\n<meta property=\"og:title\" content=\"\u00a1Atenci\u00f3n Docente! Examen de Nombramiento Docente 2021 ser\u00e1 el 13 de noviembre del 2021\" \/>\n<meta property=\"og:description\" content=\"\u27a8 Examen-de-Nombramiento-Docente-2021-ser\u00e1-el-13-de-noviembre-del-2021\" \/>\n<meta property=\"og:url\" content=\"https:\/\/amautaenlinea.com\/blog\/atencion-docente-examen-de-nombramiento-docente-2021-sera-el-13-de-noviembre-del-2021\/\" \/>\n<meta property=\"og:site_name\" content=\"Grupo AMAUTA\" \/>\n<meta property=\"article:publisher\" content=\"https:\/\/www.facebook.com\/amautaperu.org\/\" \/>\n<meta property=\"article:published_time\" content=\"2021-09-30T16:15:04+00:00\" \/>\n<meta property=\"og:image\" content=\"https:\/\/amautaenlinea.com\/blog\/wp-content\/uploads\/2021\/09\/Examen-de-Nombramiento-Docente-2021-sera-el-13-de-noviembre-del-2021.png\" \/>\n\t<meta property=\"og:image:width\" content=\"1280\" \/>\n\t<meta property=\"og:image:height\" content=\"720\" \/>\n\t<meta property=\"og:image:type\" content=\"image\/png\" \/>\n<meta name=\"author\" content=\"Grupo AMAUTA EBUSINESS\" \/>\n<meta name=\"twitter:card\" content=\"summary_large_image\" \/>\n<script type=\"application\/ld+json\" class=\"yoast-schema-graph\">{\"@context\":\"https:\\\/\\\/schema.org\",\"@graph\":[{\"@type\":\"Article\",\"@id\":\"https:\\\/\\\/amautaenlinea.com\\\/blog\\\/atencion-docente-examen-de-nombramiento-docente-2021-sera-el-13-de-noviembre-del-2021\\\/#article\",\"isPartOf\":{\"@id\":\"https:\\\/\\\/amautaenlinea.com\\\/blog\\\/atencion-docente-examen-de-nombramiento-docente-2021-sera-el-13-de-noviembre-del-2021\\\/\"},\"author\":{\"name\":\"Grupo AMAUTA EBUSINESS\",\"@id\":\"https:\\\/\\\/amautaenlinea.com\\\/blog\\\/#\\\/schema\\\/person\\\/d8d4b5d672e9edb72a6f23fd40dd31d5\"},\"headline\":\"\u00a1Atenci\u00f3n Docente! Examen de Nombramiento Docente 2021 ser\u00e1 el 13 de noviembre del 2021\",\"datePublished\":\"2021-09-30T16:15:04+00:00\",\"mainEntityOfPage\":{\"@id\":\"https:\\\/\\\/amautaenlinea.com\\\/blog\\\/atencion-docente-examen-de-nombramiento-docente-2021-sera-el-13-de-noviembre-del-2021\\\/\"},\"wordCount\":1485,\"commentCount\":0,\"publisher\":{\"@id\":\"https:\\\/\\\/amautaenlinea.com\\\/blog\\\/#organization\"},\"image\":{\"@id\":\"https:\\\/\\\/amautaenlinea.com\\\/blog\\\/atencion-docente-examen-de-nombramiento-docente-2021-sera-el-13-de-noviembre-del-2021\\\/#primaryimage\"},\"thumbnailUrl\":\"https:\\\/\\\/amautaenlinea.com\\\/blog\\\/wp-content\\\/uploads\\\/2021\\\/09\\\/Examen-de-Nombramiento-Docente-2021-sera-el-13-de-noviembre-del-2021.png\",\"keywords\":[\"Examen de Nombramiento Docente 2021 ser\u00e1 el 13 de noviembre del 2021\"],\"articleSection\":[\"Educaci\u00f3n\"],\"inLanguage\":\"es\",\"potentialAction\":[{\"@type\":\"CommentAction\",\"name\":\"Comment\",\"target\":[\"https:\\\/\\\/amautaenlinea.com\\\/blog\\\/atencion-docente-examen-de-nombramiento-docente-2021-sera-el-13-de-noviembre-del-2021\\\/#respond\"]}],\"copyrightYear\":\"2021\",\"copyrightHolder\":{\"@id\":\"https:\\\/\\\/amautaenlinea.com\\\/blog\\\/#organization\"}},{\"@type\":\"WebPage\",\"@id\":\"https:\\\/\\\/amautaenlinea.com\\\/blog\\\/atencion-docente-examen-de-nombramiento-docente-2021-sera-el-13-de-noviembre-del-2021\\\/\",\"url\":\"https:\\\/\\\/amautaenlinea.com\\\/blog\\\/atencion-docente-examen-de-nombramiento-docente-2021-sera-el-13-de-noviembre-del-2021\\\/\",\"name\":\"\u25b7 \u00a1Atenci\u00f3n Docente! Examen de Nombramiento Docente 2021 ser\u00e1 el 13 de noviembre del 2021 \u2705\",\"isPartOf\":{\"@id\":\"https:\\\/\\\/amautaenlinea.com\\\/blog\\\/#website\"},\"primaryImageOfPage\":{\"@id\":\"https:\\\/\\\/amautaenlinea.com\\\/blog\\\/atencion-docente-examen-de-nombramiento-docente-2021-sera-el-13-de-noviembre-del-2021\\\/#primaryimage\"},\"image\":{\"@id\":\"https:\\\/\\\/amautaenlinea.com\\\/blog\\\/atencion-docente-examen-de-nombramiento-docente-2021-sera-el-13-de-noviembre-del-2021\\\/#primaryimage\"},\"thumbnailUrl\":\"https:\\\/\\\/amautaenlinea.com\\\/blog\\\/wp-content\\\/uploads\\\/2021\\\/09\\\/Examen-de-Nombramiento-Docente-2021-sera-el-13-de-noviembre-del-2021.png\",\"datePublished\":\"2021-09-30T16:15:04+00:00\",\"description\":\"\u27a8 Examen-de-Nombramiento-Docente-2021-ser\u00e1-el-13-de-noviembre-del-2021\",\"breadcrumb\":{\"@id\":\"https:\\\/\\\/amautaenlinea.com\\\/blog\\\/atencion-docente-examen-de-nombramiento-docente-2021-sera-el-13-de-noviembre-del-2021\\\/#breadcrumb\"},\"inLanguage\":\"es\",\"potentialAction\":[{\"@type\":\"ReadAction\",\"target\":[\"https:\\\/\\\/amautaenlinea.com\\\/blog\\\/atencion-docente-examen-de-nombramiento-docente-2021-sera-el-13-de-noviembre-del-2021\\\/\"]}]},{\"@type\":\"ImageObject\",\"inLanguage\":\"es\",\"@id\":\"https:\\\/\\\/amautaenlinea.com\\\/blog\\\/atencion-docente-examen-de-nombramiento-docente-2021-sera-el-13-de-noviembre-del-2021\\\/#primaryimage\",\"url\":\"https:\\\/\\\/amautaenlinea.com\\\/blog\\\/wp-content\\\/uploads\\\/2021\\\/09\\\/Examen-de-Nombramiento-Docente-2021-sera-el-13-de-noviembre-del-2021.png\",\"contentUrl\":\"https:\\\/\\\/amautaenlinea.com\\\/blog\\\/wp-content\\\/uploads\\\/2021\\\/09\\\/Examen-de-Nombramiento-Docente-2021-sera-el-13-de-noviembre-del-2021.png\",\"width\":1280,\"height\":720,\"caption\":\"Examen-de-Nombramiento-Docente-2021-ser\u00e1-el-13-de-noviembre-del-2021\"},{\"@type\":\"BreadcrumbList\",\"@id\":\"https:\\\/\\\/amautaenlinea.com\\\/blog\\\/atencion-docente-examen-de-nombramiento-docente-2021-sera-el-13-de-noviembre-del-2021\\\/#breadcrumb\",\"itemListElement\":[{\"@type\":\"ListItem\",\"position\":1,\"name\":\"Portada\",\"item\":\"https:\\\/\\\/amautaenlinea.com\\\/blog\\\/\"},{\"@type\":\"ListItem\",\"position\":2,\"name\":\"\u00a1Atenci\u00f3n Docente! Examen de Nombramiento Docente 2021 ser\u00e1 el 13 de noviembre del 2021\"}]},{\"@type\":\"WebSite\",\"@id\":\"https:\\\/\\\/amautaenlinea.com\\\/blog\\\/#website\",\"url\":\"https:\\\/\\\/amautaenlinea.com\\\/blog\\\/\",\"name\":\"Grupo AMAUTA\",\"description\":\"\",\"publisher\":{\"@id\":\"https:\\\/\\\/amautaenlinea.com\\\/blog\\\/#organization\"},\"potentialAction\":[{\"@type\":\"SearchAction\",\"target\":{\"@type\":\"EntryPoint\",\"urlTemplate\":\"https:\\\/\\\/amautaenlinea.com\\\/blog\\\/?s={search_term_string}\"},\"query-input\":{\"@type\":\"PropertyValueSpecification\",\"valueRequired\":true,\"valueName\":\"search_term_string\"}}],\"inLanguage\":\"es\"},{\"@type\":\"Organization\",\"@id\":\"https:\\\/\\\/amautaenlinea.com\\\/blog\\\/#organization\",\"name\":\"Grupo AMAUTA E-BUSINESS\",\"url\":\"https:\\\/\\\/amautaenlinea.com\\\/blog\\\/\",\"logo\":{\"@type\":\"ImageObject\",\"inLanguage\":\"es\",\"@id\":\"https:\\\/\\\/amautaenlinea.com\\\/blog\\\/#\\\/schema\\\/logo\\\/image\\\/\",\"url\":\"https:\\\/\\\/amautaenlinea.com\\\/blog\\\/wp-content\\\/uploads\\\/2023\\\/09\\\/logo-amauta.png\",\"contentUrl\":\"https:\\\/\\\/amautaenlinea.com\\\/blog\\\/wp-content\\\/uploads\\\/2023\\\/09\\\/logo-amauta.png\",\"width\":1124,\"height\":368,\"caption\":\"Grupo AMAUTA E-BUSINESS\"},\"image\":{\"@id\":\"https:\\\/\\\/amautaenlinea.com\\\/blog\\\/#\\\/schema\\\/logo\\\/image\\\/\"},\"sameAs\":[\"https:\\\/\\\/www.facebook.com\\\/amautaperu.org\\\/\"]},{\"@type\":\"Person\",\"@id\":\"https:\\\/\\\/amautaenlinea.com\\\/blog\\\/#\\\/schema\\\/person\\\/d8d4b5d672e9edb72a6f23fd40dd31d5\",\"name\":\"Grupo AMAUTA EBUSINESS\",\"image\":{\"@type\":\"ImageObject\",\"inLanguage\":\"es\",\"@id\":\"https:\\\/\\\/secure.gravatar.com\\\/avatar\\\/97706b54c222a710310e2db50e02e68de0a4c8bb76654bcc4053b08241c6bd6c?s=96&d=mm&r=g\",\"url\":\"https:\\\/\\\/secure.gravatar.com\\\/avatar\\\/97706b54c222a710310e2db50e02e68de0a4c8bb76654bcc4053b08241c6bd6c?s=96&d=mm&r=g\",\"contentUrl\":\"https:\\\/\\\/secure.gravatar.com\\\/avatar\\\/97706b54c222a710310e2db50e02e68de0a4c8bb76654bcc4053b08241c6bd6c?s=96&d=mm&r=g\",\"caption\":\"Grupo AMAUTA EBUSINESS\"}}]}<\/script>\n<!-- \/ Yoast SEO Premium plugin. -->","yoast_head_json":{"title":"\u25b7 \u00a1Atenci\u00f3n Docente! Examen de Nombramiento Docente 2021 ser\u00e1 el 13 de noviembre del 2021 \u2705","description":"\u27a8 Examen-de-Nombramiento-Docente-2021-ser\u00e1-el-13-de-noviembre-del-2021","robots":{"index":"index","follow":"follow","max-snippet":"max-snippet:-1","max-image-preview":"max-image-preview:large","max-video-preview":"max-video-preview:-1"},"canonical":"https:\/\/amautaenlinea.com\/blog\/atencion-docente-examen-de-nombramiento-docente-2021-sera-el-13-de-noviembre-del-2021\/","og_locale":"es_ES","og_type":"article","og_title":"\u00a1Atenci\u00f3n Docente! Examen de Nombramiento Docente 2021 ser\u00e1 el 13 de noviembre del 2021","og_description":"\u27a8 Examen-de-Nombramiento-Docente-2021-ser\u00e1-el-13-de-noviembre-del-2021","og_url":"https:\/\/amautaenlinea.com\/blog\/atencion-docente-examen-de-nombramiento-docente-2021-sera-el-13-de-noviembre-del-2021\/","og_site_name":"Grupo AMAUTA","article_publisher":"https:\/\/www.facebook.com\/amautaperu.org\/","article_published_time":"2021-09-30T16:15:04+00:00","og_image":[{"width":1280,"height":720,"url":"https:\/\/amautaenlinea.com\/blog\/wp-content\/uploads\/2021\/09\/Examen-de-Nombramiento-Docente-2021-sera-el-13-de-noviembre-del-2021.png","type":"image\/png"}],"author":"Grupo AMAUTA EBUSINESS","twitter_card":"summary_large_image","schema":{"@context":"https:\/\/schema.org","@graph":[{"@type":"Article","@id":"https:\/\/amautaenlinea.com\/blog\/atencion-docente-examen-de-nombramiento-docente-2021-sera-el-13-de-noviembre-del-2021\/#article","isPartOf":{"@id":"https:\/\/amautaenlinea.com\/blog\/atencion-docente-examen-de-nombramiento-docente-2021-sera-el-13-de-noviembre-del-2021\/"},"author":{"name":"Grupo AMAUTA EBUSINESS","@id":"https:\/\/amautaenlinea.com\/blog\/#\/schema\/person\/d8d4b5d672e9edb72a6f23fd40dd31d5"},"headline":"\u00a1Atenci\u00f3n Docente! Examen de Nombramiento Docente 2021 ser\u00e1 el 13 de noviembre del 2021","datePublished":"2021-09-30T16:15:04+00:00","mainEntityOfPage":{"@id":"https:\/\/amautaenlinea.com\/blog\/atencion-docente-examen-de-nombramiento-docente-2021-sera-el-13-de-noviembre-del-2021\/"},"wordCount":1485,"commentCount":0,"publisher":{"@id":"https:\/\/amautaenlinea.com\/blog\/#organization"},"image":{"@id":"https:\/\/amautaenlinea.com\/blog\/atencion-docente-examen-de-nombramiento-docente-2021-sera-el-13-de-noviembre-del-2021\/#primaryimage"},"thumbnailUrl":"https:\/\/amautaenlinea.com\/blog\/wp-content\/uploads\/2021\/09\/Examen-de-Nombramiento-Docente-2021-sera-el-13-de-noviembre-del-2021.png","keywords":["Examen de Nombramiento Docente 2021 ser\u00e1 el 13 de noviembre del 2021"],"articleSection":["Educaci\u00f3n"],"inLanguage":"es","potentialAction":[{"@type":"CommentAction","name":"Comment","target":["https:\/\/amautaenlinea.com\/blog\/atencion-docente-examen-de-nombramiento-docente-2021-sera-el-13-de-noviembre-del-2021\/#respond"]}],"copyrightYear":"2021","copyrightHolder":{"@id":"https:\/\/amautaenlinea.com\/blog\/#organization"}},{"@type":"WebPage","@id":"https:\/\/amautaenlinea.com\/blog\/atencion-docente-examen-de-nombramiento-docente-2021-sera-el-13-de-noviembre-del-2021\/","url":"https:\/\/amautaenlinea.com\/blog\/atencion-docente-examen-de-nombramiento-docente-2021-sera-el-13-de-noviembre-del-2021\/","name":"\u25b7 \u00a1Atenci\u00f3n Docente! Examen de Nombramiento Docente 2021 ser\u00e1 el 13 de noviembre del 2021 \u2705","isPartOf":{"@id":"https:\/\/amautaenlinea.com\/blog\/#website"},"primaryImageOfPage":{"@id":"https:\/\/amautaenlinea.com\/blog\/atencion-docente-examen-de-nombramiento-docente-2021-sera-el-13-de-noviembre-del-2021\/#primaryimage"},"image":{"@id":"https:\/\/amautaenlinea.com\/blog\/atencion-docente-examen-de-nombramiento-docente-2021-sera-el-13-de-noviembre-del-2021\/#primaryimage"},"thumbnailUrl":"https:\/\/amautaenlinea.com\/blog\/wp-content\/uploads\/2021\/09\/Examen-de-Nombramiento-Docente-2021-sera-el-13-de-noviembre-del-2021.png","datePublished":"2021-09-30T16:15:04+00:00","description":"\u27a8 Examen-de-Nombramiento-Docente-2021-ser\u00e1-el-13-de-noviembre-del-2021","breadcrumb":{"@id":"https:\/\/amautaenlinea.com\/blog\/atencion-docente-examen-de-nombramiento-docente-2021-sera-el-13-de-noviembre-del-2021\/#breadcrumb"},"inLanguage":"es","potentialAction":[{"@type":"ReadAction","target":["https:\/\/amautaenlinea.com\/blog\/atencion-docente-examen-de-nombramiento-docente-2021-sera-el-13-de-noviembre-del-2021\/"]}]},{"@type":"ImageObject","inLanguage":"es","@id":"https:\/\/amautaenlinea.com\/blog\/atencion-docente-examen-de-nombramiento-docente-2021-sera-el-13-de-noviembre-del-2021\/#primaryimage","url":"https:\/\/amautaenlinea.com\/blog\/wp-content\/uploads\/2021\/09\/Examen-de-Nombramiento-Docente-2021-sera-el-13-de-noviembre-del-2021.png","contentUrl":"https:\/\/amautaenlinea.com\/blog\/wp-content\/uploads\/2021\/09\/Examen-de-Nombramiento-Docente-2021-sera-el-13-de-noviembre-del-2021.png","width":1280,"height":720,"caption":"Examen-de-Nombramiento-Docente-2021-ser\u00e1-el-13-de-noviembre-del-2021"},{"@type":"BreadcrumbList","@id":"https:\/\/amautaenlinea.com\/blog\/atencion-docente-examen-de-nombramiento-docente-2021-sera-el-13-de-noviembre-del-2021\/#breadcrumb","itemListElement":[{"@type":"ListItem","position":1,"name":"Portada","item":"https:\/\/amautaenlinea.com\/blog\/"},{"@type":"ListItem","position":2,"name":"\u00a1Atenci\u00f3n Docente! Examen de Nombramiento Docente 2021 ser\u00e1 el 13 de noviembre del 2021"}]},{"@type":"WebSite","@id":"https:\/\/amautaenlinea.com\/blog\/#website","url":"https:\/\/amautaenlinea.com\/blog\/","name":"Grupo AMAUTA","description":"","publisher":{"@id":"https:\/\/amautaenlinea.com\/blog\/#organization"},"potentialAction":[{"@type":"SearchAction","target":{"@type":"EntryPoint","urlTemplate":"https:\/\/amautaenlinea.com\/blog\/?s={search_term_string}"},"query-input":{"@type":"PropertyValueSpecification","valueRequired":true,"valueName":"search_term_string"}}],"inLanguage":"es"},{"@type":"Organization","@id":"https:\/\/amautaenlinea.com\/blog\/#organization","name":"Grupo AMAUTA E-BUSINESS","url":"https:\/\/amautaenlinea.com\/blog\/","logo":{"@type":"ImageObject","inLanguage":"es","@id":"https:\/\/amautaenlinea.com\/blog\/#\/schema\/logo\/image\/","url":"https:\/\/amautaenlinea.com\/blog\/wp-content\/uploads\/2023\/09\/logo-amauta.png","contentUrl":"https:\/\/amautaenlinea.com\/blog\/wp-content\/uploads\/2023\/09\/logo-amauta.png","width":1124,"height":368,"caption":"Grupo AMAUTA E-BUSINESS"},"image":{"@id":"https:\/\/amautaenlinea.com\/blog\/#\/schema\/logo\/image\/"},"sameAs":["https:\/\/www.facebook.com\/amautaperu.org\/"]},{"@type":"Person","@id":"https:\/\/amautaenlinea.com\/blog\/#\/schema\/person\/d8d4b5d672e9edb72a6f23fd40dd31d5","name":"Grupo AMAUTA EBUSINESS","image":{"@type":"ImageObject","inLanguage":"es","@id":"https:\/\/secure.gravatar.com\/avatar\/97706b54c222a710310e2db50e02e68de0a4c8bb76654bcc4053b08241c6bd6c?s=96&d=mm&r=g","url":"https:\/\/secure.gravatar.com\/avatar\/97706b54c222a710310e2db50e02e68de0a4c8bb76654bcc4053b08241c6bd6c?s=96&d=mm&r=g","contentUrl":"https:\/\/secure.gravatar.com\/avatar\/97706b54c222a710310e2db50e02e68de0a4c8bb76654bcc4053b08241c6bd6c?s=96&d=mm&r=g","caption":"Grupo AMAUTA EBUSINESS"}}]}},"_links":{"self":[{"href":"https:\/\/amautaenlinea.com\/blog\/wp-json\/wp\/v2\/posts\/8607","targetHints":{"allow":["GET"]}}],"collection":[{"href":"https:\/\/amautaenlinea.com\/blog\/wp-json\/wp\/v2\/posts"}],"about":[{"href":"https:\/\/amautaenlinea.com\/blog\/wp-json\/wp\/v2\/types\/post"}],"author":[{"embeddable":true,"href":"https:\/\/amautaenlinea.com\/blog\/wp-json\/wp\/v2\/users\/1"}],"replies":[{"embeddable":true,"href":"https:\/\/amautaenlinea.com\/blog\/wp-json\/wp\/v2\/comments?post=8607"}],"version-history":[{"count":0,"href":"https:\/\/amautaenlinea.com\/blog\/wp-json\/wp\/v2\/posts\/8607\/revisions"}],"wp:featuredmedia":[{"embeddable":true,"href":"https:\/\/amautaenlinea.com\/blog\/wp-json\/wp\/v2\/media\/8608"}],"wp:attachment":[{"href":"https:\/\/amautaenlinea.com\/blog\/wp-json\/wp\/v2\/media?parent=8607"}],"wp:term":[{"taxonomy":"category","embeddable":true,"href":"https:\/\/amautaenlinea.com\/blog\/wp-json\/wp\/v2\/categories?post=8607"},{"taxonomy":"post_tag","embeddable":true,"href":"https:\/\/amautaenlinea.com\/blog\/wp-json\/wp\/v2\/tags?post=8607"}],"curies":[{"name":"wp","href":"https:\/\/api.w.org\/{rel}","templated":true}]}}