{"id":8604,"date":"2021-09-30T11:16:34","date_gmt":"2021-09-30T11:16:34","guid":{"rendered":"https:\/\/amautaenlinea.com\/blog\/?p=8604"},"modified":"2021-10-01T02:47:26","modified_gmt":"2021-10-01T02:47:26","slug":"modifican-el-padron-del-nivel-primaria-focalizadas-con-plazas-de-profesores-de-educacion-fisica-para-el-ano-fiscal-2021","status":"publish","type":"post","link":"https:\/\/amautaenlinea.com\/blog\/modifican-el-padron-del-nivel-primaria-focalizadas-con-plazas-de-profesores-de-educacion-fisica-para-el-ano-fiscal-2021\/","title":{"rendered":"Modifican el \u201cPadr\u00f3n del nivel Primaria  focalizadas con plazas de Profesores de  Educaci\u00f3n F\u00edsica para el A\u00f1o Fiscal 2021\u201d"},"content":{"rendered":"<h2 class=\"resoluci-n\">RESOLUCI\u00d3N VICEMINISTERIAL<\/h2>\n<h2 class=\"resoluci-n\">N\u00b0 283-2021-MINEDU<\/h2>\n<p class=\"cuerpo\">Lima, 29 de septiembre de 2021<\/p>\n<p class=\"cuerpo\">VISTOS, el Expediente N\u00ba 0106679-2021, el Informe N\u00b0 015-2021-MINEDU\/VMGP-DIGEBR-DEFID-VPR de la Direcci\u00f3n de Educaci\u00f3n F\u00edsica y Deporte de la Direcci\u00f3n General de Educaci\u00f3n B\u00e1sica Regular, el Informe N\u00b0 01091-2021-MINEDU\/SPE-OPEP-UPP de la Unidad de Planificaci\u00f3n y Presupuesto de la Oficina de Planificaci\u00f3n Estrat\u00e9gica y Presupuesto y el Informe N\u00ba 01031-2021-MINEDU\/SG-OGAJ de la Oficina General de Asesor\u00eda Jur\u00eddica, y;<\/p>\n<p class=\"cuerpo\">CONSIDERANDO:<\/p>\n<p class=\"cuerpo\">Que, el art\u00edculo 3 de la Ley N\u00ba 31224, Ley de Organizaci\u00f3n y Funciones del Ministerio de Educaci\u00f3n, establece que el Sector Educaci\u00f3n se encuentra bajo la conducci\u00f3n y rector\u00eda del Ministerio de Educaci\u00f3n; asimismo, de acuerdo con el literal a) del numeral 1 y el literal a) del numeral 2 del art\u00edculo 5 de la citada Ley, son funciones rectoras y t\u00e9cnico-normativas del Ministerio de Educaci\u00f3n, formular, planear, dirigir, ejecutar, supervisar y evaluar la pol\u00edtica nacional y sectorial bajo su competencia, aplicable a todos los niveles de gobierno; as\u00ed como aprobar las disposiciones normativas vinculadas con sus \u00e1mbitos de competencia, respectivamente;<\/p>\n<p class=\"cuerpo\">Que, el art\u00edculo 79 de la Ley N\u00ba 28044, Ley General de Educaci\u00f3n, establece que el Ministerio de Educaci\u00f3n es el \u00f3rgano de Gobierno Nacional que tiene por finalidad definir, dirigir y articular la pol\u00edtica de educaci\u00f3n, recreaci\u00f3n y deporte, en concordancia con la pol\u00edtica general del Estado;<\/p>\n<p class=\"cuerpo\">Que, de acuerdo con lo dispuesto por el literal h) del art\u00edculo 80 de la Ley N\u00ba 28044, es funci\u00f3n del Ministerio de Educaci\u00f3n definir las pol\u00edticas sectoriales de personal, programas de mejoramiento del personal directivo, docente y administrativo del sector e implementar la Carrera P\u00fablica Magisterial;<\/p>\n<p class=\"cuerpo\">Que, el art\u00edculo 76 de la Ley N\u00ba 29944, Ley de Reforma Magisterial, dispone que las plazas vacantes existentes en las instituciones educativas no cubiertas por nombramiento son atendidas v\u00eda concurso p\u00fablico de contrataci\u00f3n docente;<\/p>\n<p class=\"cuerpo\">Que, el art\u00edculo 1 de la Ley N\u00ba 30328, Ley que establece medidas en materia educativa y dicta otras disposiciones, se\u00f1ala que el Contrato de Servicio Docente regulado en la Ley N\u00ba 29944, Ley de Reforma Magisterial, tiene por finalidad permitir la contrataci\u00f3n temporal del profesorado en instituciones educativas p\u00fablicas de educaci\u00f3n b\u00e1sica y t\u00e9cnico productiva; asimismo, establece que, mediante Decreto Supremo, refrendado por el Ministro de Educaci\u00f3n, se regula el procedimiento, requisitos y condiciones, para las contrataciones en el marco del Contrato de Servicio Docente; as\u00ed como las caracter\u00edsticas para la renovaci\u00f3n del mismo;<\/p>\n<p class=\"cuerpo\">Que, el literal c) del numeral 6.3.1 de la \u201cNorma que regula el procedimiento, requisitos y condiciones para las contrataciones de profesores y su renovaci\u00f3n, en el marco del contrato de servicio docente en educaci\u00f3n b\u00e1sica, al que hace referencia la Ley N\u00b0 30328, Ley que establece medidas en materia educativa y dicta otras disposiciones\u201d, aprobada por el art\u00edculo 1 del Decreto Supremo N\u00b0 015-2020-MINEDU, establece que para el proceso de contrataci\u00f3n de profesores se consideran como vacantes, entre otras, las horas para completar el plan de estudios del \u00e1rea curricular de educaci\u00f3n f\u00edsica en la educaci\u00f3n b\u00e1sica regular del nivel primaria;<\/p>\n<p class=\"cuerpo\">Que, mediante el art\u00edculo 1 de la Resoluci\u00f3n Viceministerial N\u00b0 036-2021-MINEDU, se aprueba el \u201cPadr\u00f3n de Instituciones Educativas P\u00fablicas de Primaria focalizadas con plazas de Profesores de Educaci\u00f3n F\u00edsica para el A\u00f1o Fiscal 2021\u201d, modificado por la Resoluci\u00f3n Viceministerial N\u00b0 224-2021-MINEDU;<\/p>\n<p class=\"cuerpo\">Que, en el marco de las disposiciones legales antes se\u00f1aladas, con Oficio N\u00b0 00594-2021-MINEDU\/VMGP-DIGEBR, la Direcci\u00f3n General de Educaci\u00f3n B\u00e1sica Regular remite al Despacho Viceministerial de Gesti\u00f3n Pedag\u00f3gica el Informe N\u00b0 015-2021-MINEDU\/VMGP-DIGEBR-DEFID-VPR, elaborado por la Direcci\u00f3n de Educaci\u00f3n F\u00edsica y Deporte, mediante el que se propone y sustenta la necesidad de aprobar un proyecto de resoluci\u00f3n, a trav\u00e9s del cual se modifique el \u201cPadr\u00f3n de Instituciones Educativas P\u00fablicas de Primaria focalizadas con plazas de Profesores de Educaci\u00f3n F\u00edsica para el A\u00f1o Fiscal 2021\u201d, aprobado mediante el art\u00edculo 1 de la Resoluci\u00f3n Viceministerial N\u00b0 036-2021-MINEDU y modificado por la Resoluci\u00f3n Viceministerial N\u00b0 224-2021-MINEDU (en adelante, el proyecto de resoluci\u00f3n); a fin de continuar con la implementaci\u00f3n del Curr\u00edculo Nacional de la Educaci\u00f3n B\u00e1sica en el \u00e1rea de Educaci\u00f3n F\u00edsica;<\/p>\n<p class=\"cuerpo\">Que, de acuerdo con los documentos adjuntos al expediente, la Direcci\u00f3n T\u00e9cnico Normativa de Docentes de la Direcci\u00f3n General de Desarrollo Docente emiti\u00f3 opini\u00f3n favorable al proyecto de resoluci\u00f3n;<\/p>\n<p class=\"cuerpo\">Que, a trav\u00e9s del Informe N\u00b0 01091-2021-MINEDU\/SPE-OPEP-UPP, la Unidad de Planificaci\u00f3n y Presupuesto de la Oficina de Planificaci\u00f3n Estrat\u00e9gica y Presupuesto, dependiente de la Secretar\u00eda de Planificaci\u00f3n Estrat\u00e9gica, considera t\u00e9cnicamente factible continuar con el tr\u00e1mite de aprobaci\u00f3n del proyecto de resoluci\u00f3n; por cuanto, se encuentra alineado con los objetivos estrat\u00e9gicos e institucionales del Sector Educaci\u00f3n y no irrogar\u00e1 gastos adicionales al Pliego 010: Ministerio de Educaci\u00f3n ni a los pliegos Gobiernos Regionales;<\/p>\n<p class=\"cuerpo\">Que, asimismo, con Informe N\u00b0 01031-2021-MINEDU\/SG-OGAJ, la Oficina General de Asesor\u00eda Jur\u00eddica, en el marco del an\u00e1lisis legal realizado y teniendo en cuenta las opiniones t\u00e9cnicas emitidas, opina que la aprobaci\u00f3n del proyecto de resoluci\u00f3n resulta legalmente viable, sugiriendo proseguir el tr\u00e1mite correspondiente para su aprobaci\u00f3n;<\/p>\n<p class=\"cuerpo\">Que, de acuerdo con lo dispuesto por el literal o) del art\u00edculo 9 del Reglamento de Organizaci\u00f3n y Funciones del Ministerio de Educaci\u00f3n, aprobado por Decreto Supremo N\u00ba 001-2015-MINEDU, es funci\u00f3n del Despacho Viceministerial de Gesti\u00f3n Pedag\u00f3gica aprobar actos resolutivos y documentos normativos en el \u00e1mbito de su competencia;<\/p>\n<p class=\"cuerpo cuerpo-override\"><span class=\"no-style-override\">De conformidad con la Ley N\u00ba 31224, Ley de Organizaci\u00f3n y Funciones del Ministerio de Educaci\u00f3n; la Ley N\u00b0 28044, Ley General de Educaci\u00f3n; la Ley N\u00ba 29944, Ley de Reforma Magisterial; y, el Reglamento de Organizaci\u00f3n y Funciones del Ministerio de Educaci\u00f3n, aprobado por Decreto Supremo N\u00ba 001-2015-MINEDU;<\/span><\/p>\n<h3 class=\"cuerpo\">SE RESUELVE:<\/h3>\n<p class=\"cuerpo cuerpo-override\"><span class=\"no-style-override-1\">Art\u00edculo 1.-<\/span>\u00a0<strong>Modificar el \u201cPadr\u00f3n de Instituciones Educativas P\u00fablicas de Primaria focalizadas con plazas de Profesores de Educaci\u00f3n F\u00edsica para el A\u00f1o Fiscal 2021\u201d, aprobado por el art\u00edculo 1 de la Resoluci\u00f3n Viceministerial N\u00b0 036-2021-MINEDU y modificado por la Resoluci\u00f3n Viceministerial N\u00b0 224-2021-MINEDU; el mismo que, quedar\u00e1 redactado conforme al anexo que forma parte de la presente resoluci\u00f3n.<\/strong><\/p>\n<p class=\"cuerpo cuerpo-override\"><span class=\"no-style-override-1\">Art\u00edculo 2.-<\/span>\u00a0Disponer la publicaci\u00f3n de la presente resoluci\u00f3n y su anexo en el Sistema de Informaci\u00f3n Jur\u00eddica de Educaci\u00f3n (SIJE), ubicado en el portal institucional del Ministerio de Educaci\u00f3n (www.gob.pe\/minedu), el mismo d\u00eda de la publicaci\u00f3n de la presente resoluci\u00f3n en el Diario Oficial \u201cEl Peruano\u201d.<\/p>\n<p class=\"cuerpo\">Reg\u00edstrese, comun\u00edquese y publ\u00edquese.<\/p>\n<p class=\"cuerpo cuerpo-override\"><span class=\"no-style-override-2\">WILFREDO TOMAS RIMARI ARIAS<\/span><\/p>\n<p class=\"cuerpo\">Viceministro de Gesti\u00f3n Pedag\u00f3gica (e)<\/p>\n<h3><a href=\"https:\/\/busquedas.elperuano.pe\/normaslegales\/modifican-el-padron-de-instituciones-educativas-publicas-de-resolucion-vice-ministerial-n-283-2021-minedu-1996816-1\/\">Haga clic aqu\u00ed para ver la normativa oficial<\/a><\/h3>\n<h3><a href=\"https:\/\/drive.google.com\/file\/d\/1xSNGesi6Q-HQTKeESSjSYp9HKVu4CmLG\/view?usp=sharing\">DESCARGAR PADR\u00d3N COMPLETO DE PLAZAS<\/a><\/h3>\n","protected":false},"excerpt":{"rendered":"<p>RESOLUCI\u00d3N VICEMINISTERIAL N\u00b0 283-2021-MINEDU Lima, 29 de septiembre de 2021 VISTOS, el Expediente N\u00ba 0106679-2021, el Informe N\u00b0 015-2021-MINEDU\/VMGP-DIGEBR-DEFID-VPR de la Direcci\u00f3n de Educaci\u00f3n<\/p>\n","protected":false},"author":1,"featured_media":8605,"comment_status":"open","ping_status":"open","sticky":false,"template":"","format":"standard","meta":{"footnotes":""},"categories":[4],"tags":[824],"class_list":["post-8604","post","type-post","status-publish","format-standard","has-post-thumbnail","hentry","category-educacion","tag-modifican-el-padron-del-nivel-primaria-focalizadas-con-plazas-de-profesores-de-educacion-fisica-para-el-ano-fiscal-2021"],"yoast_head":"<!-- This site is optimized with the Yoast SEO Premium plugin v21.2 (Yoast SEO v27.5) - https:\/\/yoast.com\/product\/yoast-seo-premium-wordpress\/ -->\n<title>\u25b7 Modifican el \u201cPadr\u00f3n del nivel Primaria focalizadas con plazas de Profesores de Educaci\u00f3n F\u00edsica para el A\u00f1o Fiscal 2021\u201d \u2705<\/title>\n<meta name=\"description\" content=\"\u27a8 Modifican el \u201cPadr\u00f3n del nivel Primaria focalizadas con plazas de Profesores de Educaci\u00f3n F\u00edsica para el A\u00f1o Fiscal 2021\u201d\" \/>\n<meta name=\"robots\" content=\"index, follow, max-snippet:-1, max-image-preview:large, max-video-preview:-1\" \/>\n<link rel=\"canonical\" href=\"https:\/\/amautaenlinea.com\/blog\/modifican-el-padron-del-nivel-primaria-focalizadas-con-plazas-de-profesores-de-educacion-fisica-para-el-ano-fiscal-2021\/\" \/>\n<meta property=\"og:locale\" content=\"es_ES\" \/>\n<meta property=\"og:type\" content=\"article\" \/>\n<meta property=\"og:title\" content=\"Modifican el \u201cPadr\u00f3n del nivel Primaria focalizadas con plazas de Profesores de Educaci\u00f3n F\u00edsica para el A\u00f1o Fiscal 2021\u201d\" \/>\n<meta property=\"og:description\" content=\"\u27a8 Modifican el \u201cPadr\u00f3n del nivel Primaria focalizadas con plazas de Profesores de Educaci\u00f3n F\u00edsica para el A\u00f1o Fiscal 2021\u201d\" \/>\n<meta property=\"og:url\" content=\"https:\/\/amautaenlinea.com\/blog\/modifican-el-padron-del-nivel-primaria-focalizadas-con-plazas-de-profesores-de-educacion-fisica-para-el-ano-fiscal-2021\/\" \/>\n<meta property=\"og:site_name\" content=\"Grupo AMAUTA\" \/>\n<meta property=\"article:publisher\" content=\"https:\/\/www.facebook.com\/amautaperu.org\/\" \/>\n<meta property=\"article:published_time\" content=\"2021-09-30T11:16:34+00:00\" \/>\n<meta property=\"article:modified_time\" content=\"2021-10-01T02:47:26+00:00\" \/>\n<meta property=\"og:image\" content=\"https:\/\/amautaenlinea.com\/blog\/wp-content\/uploads\/2021\/09\/Modifican-el-Padron-del-nivel-Primaria-focalizadas-con-plazas-de-Profesores-de-Educacion-Fisica-para-el-Ano-Fiscal-2021.png\" \/>\n\t<meta property=\"og:image:width\" content=\"1280\" \/>\n\t<meta property=\"og:image:height\" content=\"720\" \/>\n\t<meta property=\"og:image:type\" content=\"image\/png\" \/>\n<meta name=\"author\" content=\"Grupo AMAUTA EBUSINESS\" \/>\n<meta name=\"twitter:card\" content=\"summary_large_image\" \/>\n<script type=\"application\/ld+json\" class=\"yoast-schema-graph\">{\"@context\":\"https:\\\/\\\/schema.org\",\"@graph\":[{\"@type\":\"Article\",\"@id\":\"https:\\\/\\\/amautaenlinea.com\\\/blog\\\/modifican-el-padron-del-nivel-primaria-focalizadas-con-plazas-de-profesores-de-educacion-fisica-para-el-ano-fiscal-2021\\\/#article\",\"isPartOf\":{\"@id\":\"https:\\\/\\\/amautaenlinea.com\\\/blog\\\/modifican-el-padron-del-nivel-primaria-focalizadas-con-plazas-de-profesores-de-educacion-fisica-para-el-ano-fiscal-2021\\\/\"},\"author\":{\"name\":\"Grupo AMAUTA EBUSINESS\",\"@id\":\"https:\\\/\\\/amautaenlinea.com\\\/blog\\\/#\\\/schema\\\/person\\\/d8d4b5d672e9edb72a6f23fd40dd31d5\"},\"headline\":\"Modifican el \u201cPadr\u00f3n del nivel Primaria focalizadas con plazas de Profesores de Educaci\u00f3n F\u00edsica para el A\u00f1o Fiscal 2021\u201d\",\"datePublished\":\"2021-09-30T11:16:34+00:00\",\"dateModified\":\"2021-10-01T02:47:26+00:00\",\"mainEntityOfPage\":{\"@id\":\"https:\\\/\\\/amautaenlinea.com\\\/blog\\\/modifican-el-padron-del-nivel-primaria-focalizadas-con-plazas-de-profesores-de-educacion-fisica-para-el-ano-fiscal-2021\\\/\"},\"wordCount\":1219,\"commentCount\":0,\"publisher\":{\"@id\":\"https:\\\/\\\/amautaenlinea.com\\\/blog\\\/#organization\"},\"image\":{\"@id\":\"https:\\\/\\\/amautaenlinea.com\\\/blog\\\/modifican-el-padron-del-nivel-primaria-focalizadas-con-plazas-de-profesores-de-educacion-fisica-para-el-ano-fiscal-2021\\\/#primaryimage\"},\"thumbnailUrl\":\"https:\\\/\\\/amautaenlinea.com\\\/blog\\\/wp-content\\\/uploads\\\/2021\\\/09\\\/Modifican-el-Padron-del-nivel-Primaria-focalizadas-con-plazas-de-Profesores-de-Educacion-Fisica-para-el-Ano-Fiscal-2021.png\",\"keywords\":[\"Modifican el \u201cPadr\u00f3n del nivel Primaria focalizadas con plazas de Profesores de Educaci\u00f3n F\u00edsica para el A\u00f1o Fiscal 2021\u201d\"],\"articleSection\":[\"Educaci\u00f3n\"],\"inLanguage\":\"es\",\"potentialAction\":[{\"@type\":\"CommentAction\",\"name\":\"Comment\",\"target\":[\"https:\\\/\\\/amautaenlinea.com\\\/blog\\\/modifican-el-padron-del-nivel-primaria-focalizadas-con-plazas-de-profesores-de-educacion-fisica-para-el-ano-fiscal-2021\\\/#respond\"]}],\"copyrightYear\":\"2021\",\"copyrightHolder\":{\"@id\":\"https:\\\/\\\/amautaenlinea.com\\\/blog\\\/#organization\"}},{\"@type\":\"WebPage\",\"@id\":\"https:\\\/\\\/amautaenlinea.com\\\/blog\\\/modifican-el-padron-del-nivel-primaria-focalizadas-con-plazas-de-profesores-de-educacion-fisica-para-el-ano-fiscal-2021\\\/\",\"url\":\"https:\\\/\\\/amautaenlinea.com\\\/blog\\\/modifican-el-padron-del-nivel-primaria-focalizadas-con-plazas-de-profesores-de-educacion-fisica-para-el-ano-fiscal-2021\\\/\",\"name\":\"\u25b7 Modifican el \u201cPadr\u00f3n del nivel Primaria focalizadas con plazas de Profesores de Educaci\u00f3n F\u00edsica para el A\u00f1o Fiscal 2021\u201d \u2705\",\"isPartOf\":{\"@id\":\"https:\\\/\\\/amautaenlinea.com\\\/blog\\\/#website\"},\"primaryImageOfPage\":{\"@id\":\"https:\\\/\\\/amautaenlinea.com\\\/blog\\\/modifican-el-padron-del-nivel-primaria-focalizadas-con-plazas-de-profesores-de-educacion-fisica-para-el-ano-fiscal-2021\\\/#primaryimage\"},\"image\":{\"@id\":\"https:\\\/\\\/amautaenlinea.com\\\/blog\\\/modifican-el-padron-del-nivel-primaria-focalizadas-con-plazas-de-profesores-de-educacion-fisica-para-el-ano-fiscal-2021\\\/#primaryimage\"},\"thumbnailUrl\":\"https:\\\/\\\/amautaenlinea.com\\\/blog\\\/wp-content\\\/uploads\\\/2021\\\/09\\\/Modifican-el-Padron-del-nivel-Primaria-focalizadas-con-plazas-de-Profesores-de-Educacion-Fisica-para-el-Ano-Fiscal-2021.png\",\"datePublished\":\"2021-09-30T11:16:34+00:00\",\"dateModified\":\"2021-10-01T02:47:26+00:00\",\"description\":\"\u27a8 Modifican el \u201cPadr\u00f3n del nivel Primaria focalizadas con plazas de Profesores de Educaci\u00f3n F\u00edsica para el A\u00f1o Fiscal 2021\u201d\",\"breadcrumb\":{\"@id\":\"https:\\\/\\\/amautaenlinea.com\\\/blog\\\/modifican-el-padron-del-nivel-primaria-focalizadas-con-plazas-de-profesores-de-educacion-fisica-para-el-ano-fiscal-2021\\\/#breadcrumb\"},\"inLanguage\":\"es\",\"potentialAction\":[{\"@type\":\"ReadAction\",\"target\":[\"https:\\\/\\\/amautaenlinea.com\\\/blog\\\/modifican-el-padron-del-nivel-primaria-focalizadas-con-plazas-de-profesores-de-educacion-fisica-para-el-ano-fiscal-2021\\\/\"]}]},{\"@type\":\"ImageObject\",\"inLanguage\":\"es\",\"@id\":\"https:\\\/\\\/amautaenlinea.com\\\/blog\\\/modifican-el-padron-del-nivel-primaria-focalizadas-con-plazas-de-profesores-de-educacion-fisica-para-el-ano-fiscal-2021\\\/#primaryimage\",\"url\":\"https:\\\/\\\/amautaenlinea.com\\\/blog\\\/wp-content\\\/uploads\\\/2021\\\/09\\\/Modifican-el-Padron-del-nivel-Primaria-focalizadas-con-plazas-de-Profesores-de-Educacion-Fisica-para-el-Ano-Fiscal-2021.png\",\"contentUrl\":\"https:\\\/\\\/amautaenlinea.com\\\/blog\\\/wp-content\\\/uploads\\\/2021\\\/09\\\/Modifican-el-Padron-del-nivel-Primaria-focalizadas-con-plazas-de-Profesores-de-Educacion-Fisica-para-el-Ano-Fiscal-2021.png\",\"width\":1280,\"height\":720,\"caption\":\"Modifican-el-\u201cPadr\u00f3n-del-nivel-Primaria--focalizadas-con-plazas-de-Profesores-de--Educaci\u00f3n-F\u00edsica-para-el-A\u00f1o-Fiscal-2021\u201d\"},{\"@type\":\"BreadcrumbList\",\"@id\":\"https:\\\/\\\/amautaenlinea.com\\\/blog\\\/modifican-el-padron-del-nivel-primaria-focalizadas-con-plazas-de-profesores-de-educacion-fisica-para-el-ano-fiscal-2021\\\/#breadcrumb\",\"itemListElement\":[{\"@type\":\"ListItem\",\"position\":1,\"name\":\"Portada\",\"item\":\"https:\\\/\\\/amautaenlinea.com\\\/blog\\\/\"},{\"@type\":\"ListItem\",\"position\":2,\"name\":\"Modifican el \u201cPadr\u00f3n del nivel Primaria focalizadas con plazas de Profesores de Educaci\u00f3n F\u00edsica para el A\u00f1o Fiscal 2021\u201d\"}]},{\"@type\":\"WebSite\",\"@id\":\"https:\\\/\\\/amautaenlinea.com\\\/blog\\\/#website\",\"url\":\"https:\\\/\\\/amautaenlinea.com\\\/blog\\\/\",\"name\":\"Grupo AMAUTA\",\"description\":\"\",\"publisher\":{\"@id\":\"https:\\\/\\\/amautaenlinea.com\\\/blog\\\/#organization\"},\"potentialAction\":[{\"@type\":\"SearchAction\",\"target\":{\"@type\":\"EntryPoint\",\"urlTemplate\":\"https:\\\/\\\/amautaenlinea.com\\\/blog\\\/?s={search_term_string}\"},\"query-input\":{\"@type\":\"PropertyValueSpecification\",\"valueRequired\":true,\"valueName\":\"search_term_string\"}}],\"inLanguage\":\"es\"},{\"@type\":\"Organization\",\"@id\":\"https:\\\/\\\/amautaenlinea.com\\\/blog\\\/#organization\",\"name\":\"Grupo AMAUTA E-BUSINESS\",\"url\":\"https:\\\/\\\/amautaenlinea.com\\\/blog\\\/\",\"logo\":{\"@type\":\"ImageObject\",\"inLanguage\":\"es\",\"@id\":\"https:\\\/\\\/amautaenlinea.com\\\/blog\\\/#\\\/schema\\\/logo\\\/image\\\/\",\"url\":\"https:\\\/\\\/amautaenlinea.com\\\/blog\\\/wp-content\\\/uploads\\\/2023\\\/09\\\/logo-amauta.png\",\"contentUrl\":\"https:\\\/\\\/amautaenlinea.com\\\/blog\\\/wp-content\\\/uploads\\\/2023\\\/09\\\/logo-amauta.png\",\"width\":1124,\"height\":368,\"caption\":\"Grupo AMAUTA E-BUSINESS\"},\"image\":{\"@id\":\"https:\\\/\\\/amautaenlinea.com\\\/blog\\\/#\\\/schema\\\/logo\\\/image\\\/\"},\"sameAs\":[\"https:\\\/\\\/www.facebook.com\\\/amautaperu.org\\\/\"]},{\"@type\":\"Person\",\"@id\":\"https:\\\/\\\/amautaenlinea.com\\\/blog\\\/#\\\/schema\\\/person\\\/d8d4b5d672e9edb72a6f23fd40dd31d5\",\"name\":\"Grupo AMAUTA EBUSINESS\",\"image\":{\"@type\":\"ImageObject\",\"inLanguage\":\"es\",\"@id\":\"https:\\\/\\\/secure.gravatar.com\\\/avatar\\\/97706b54c222a710310e2db50e02e68de0a4c8bb76654bcc4053b08241c6bd6c?s=96&d=mm&r=g\",\"url\":\"https:\\\/\\\/secure.gravatar.com\\\/avatar\\\/97706b54c222a710310e2db50e02e68de0a4c8bb76654bcc4053b08241c6bd6c?s=96&d=mm&r=g\",\"contentUrl\":\"https:\\\/\\\/secure.gravatar.com\\\/avatar\\\/97706b54c222a710310e2db50e02e68de0a4c8bb76654bcc4053b08241c6bd6c?s=96&d=mm&r=g\",\"caption\":\"Grupo AMAUTA EBUSINESS\"}}]}<\/script>\n<!-- \/ Yoast SEO Premium plugin. -->","yoast_head_json":{"title":"\u25b7 Modifican el \u201cPadr\u00f3n del nivel Primaria focalizadas con plazas de Profesores de Educaci\u00f3n F\u00edsica para el A\u00f1o Fiscal 2021\u201d \u2705","description":"\u27a8 Modifican el \u201cPadr\u00f3n del nivel Primaria focalizadas con plazas de Profesores de Educaci\u00f3n F\u00edsica para el A\u00f1o Fiscal 2021\u201d","robots":{"index":"index","follow":"follow","max-snippet":"max-snippet:-1","max-image-preview":"max-image-preview:large","max-video-preview":"max-video-preview:-1"},"canonical":"https:\/\/amautaenlinea.com\/blog\/modifican-el-padron-del-nivel-primaria-focalizadas-con-plazas-de-profesores-de-educacion-fisica-para-el-ano-fiscal-2021\/","og_locale":"es_ES","og_type":"article","og_title":"Modifican el \u201cPadr\u00f3n del nivel Primaria focalizadas con plazas de Profesores de Educaci\u00f3n F\u00edsica para el A\u00f1o Fiscal 2021\u201d","og_description":"\u27a8 Modifican el \u201cPadr\u00f3n del nivel Primaria focalizadas con plazas de Profesores de Educaci\u00f3n F\u00edsica para el A\u00f1o Fiscal 2021\u201d","og_url":"https:\/\/amautaenlinea.com\/blog\/modifican-el-padron-del-nivel-primaria-focalizadas-con-plazas-de-profesores-de-educacion-fisica-para-el-ano-fiscal-2021\/","og_site_name":"Grupo AMAUTA","article_publisher":"https:\/\/www.facebook.com\/amautaperu.org\/","article_published_time":"2021-09-30T11:16:34+00:00","article_modified_time":"2021-10-01T02:47:26+00:00","og_image":[{"width":1280,"height":720,"url":"https:\/\/amautaenlinea.com\/blog\/wp-content\/uploads\/2021\/09\/Modifican-el-Padron-del-nivel-Primaria-focalizadas-con-plazas-de-Profesores-de-Educacion-Fisica-para-el-Ano-Fiscal-2021.png","type":"image\/png"}],"author":"Grupo AMAUTA EBUSINESS","twitter_card":"summary_large_image","schema":{"@context":"https:\/\/schema.org","@graph":[{"@type":"Article","@id":"https:\/\/amautaenlinea.com\/blog\/modifican-el-padron-del-nivel-primaria-focalizadas-con-plazas-de-profesores-de-educacion-fisica-para-el-ano-fiscal-2021\/#article","isPartOf":{"@id":"https:\/\/amautaenlinea.com\/blog\/modifican-el-padron-del-nivel-primaria-focalizadas-con-plazas-de-profesores-de-educacion-fisica-para-el-ano-fiscal-2021\/"},"author":{"name":"Grupo AMAUTA EBUSINESS","@id":"https:\/\/amautaenlinea.com\/blog\/#\/schema\/person\/d8d4b5d672e9edb72a6f23fd40dd31d5"},"headline":"Modifican el \u201cPadr\u00f3n del nivel Primaria focalizadas con plazas de Profesores de Educaci\u00f3n F\u00edsica para el A\u00f1o Fiscal 2021\u201d","datePublished":"2021-09-30T11:16:34+00:00","dateModified":"2021-10-01T02:47:26+00:00","mainEntityOfPage":{"@id":"https:\/\/amautaenlinea.com\/blog\/modifican-el-padron-del-nivel-primaria-focalizadas-con-plazas-de-profesores-de-educacion-fisica-para-el-ano-fiscal-2021\/"},"wordCount":1219,"commentCount":0,"publisher":{"@id":"https:\/\/amautaenlinea.com\/blog\/#organization"},"image":{"@id":"https:\/\/amautaenlinea.com\/blog\/modifican-el-padron-del-nivel-primaria-focalizadas-con-plazas-de-profesores-de-educacion-fisica-para-el-ano-fiscal-2021\/#primaryimage"},"thumbnailUrl":"https:\/\/amautaenlinea.com\/blog\/wp-content\/uploads\/2021\/09\/Modifican-el-Padron-del-nivel-Primaria-focalizadas-con-plazas-de-Profesores-de-Educacion-Fisica-para-el-Ano-Fiscal-2021.png","keywords":["Modifican el \u201cPadr\u00f3n del nivel Primaria focalizadas con plazas de Profesores de Educaci\u00f3n F\u00edsica para el A\u00f1o Fiscal 2021\u201d"],"articleSection":["Educaci\u00f3n"],"inLanguage":"es","potentialAction":[{"@type":"CommentAction","name":"Comment","target":["https:\/\/amautaenlinea.com\/blog\/modifican-el-padron-del-nivel-primaria-focalizadas-con-plazas-de-profesores-de-educacion-fisica-para-el-ano-fiscal-2021\/#respond"]}],"copyrightYear":"2021","copyrightHolder":{"@id":"https:\/\/amautaenlinea.com\/blog\/#organization"}},{"@type":"WebPage","@id":"https:\/\/amautaenlinea.com\/blog\/modifican-el-padron-del-nivel-primaria-focalizadas-con-plazas-de-profesores-de-educacion-fisica-para-el-ano-fiscal-2021\/","url":"https:\/\/amautaenlinea.com\/blog\/modifican-el-padron-del-nivel-primaria-focalizadas-con-plazas-de-profesores-de-educacion-fisica-para-el-ano-fiscal-2021\/","name":"\u25b7 Modifican el \u201cPadr\u00f3n del nivel Primaria focalizadas con plazas de Profesores de Educaci\u00f3n F\u00edsica para el A\u00f1o Fiscal 2021\u201d \u2705","isPartOf":{"@id":"https:\/\/amautaenlinea.com\/blog\/#website"},"primaryImageOfPage":{"@id":"https:\/\/amautaenlinea.com\/blog\/modifican-el-padron-del-nivel-primaria-focalizadas-con-plazas-de-profesores-de-educacion-fisica-para-el-ano-fiscal-2021\/#primaryimage"},"image":{"@id":"https:\/\/amautaenlinea.com\/blog\/modifican-el-padron-del-nivel-primaria-focalizadas-con-plazas-de-profesores-de-educacion-fisica-para-el-ano-fiscal-2021\/#primaryimage"},"thumbnailUrl":"https:\/\/amautaenlinea.com\/blog\/wp-content\/uploads\/2021\/09\/Modifican-el-Padron-del-nivel-Primaria-focalizadas-con-plazas-de-Profesores-de-Educacion-Fisica-para-el-Ano-Fiscal-2021.png","datePublished":"2021-09-30T11:16:34+00:00","dateModified":"2021-10-01T02:47:26+00:00","description":"\u27a8 Modifican el \u201cPadr\u00f3n del nivel Primaria focalizadas con plazas de Profesores de Educaci\u00f3n F\u00edsica para el A\u00f1o Fiscal 2021\u201d","breadcrumb":{"@id":"https:\/\/amautaenlinea.com\/blog\/modifican-el-padron-del-nivel-primaria-focalizadas-con-plazas-de-profesores-de-educacion-fisica-para-el-ano-fiscal-2021\/#breadcrumb"},"inLanguage":"es","potentialAction":[{"@type":"ReadAction","target":["https:\/\/amautaenlinea.com\/blog\/modifican-el-padron-del-nivel-primaria-focalizadas-con-plazas-de-profesores-de-educacion-fisica-para-el-ano-fiscal-2021\/"]}]},{"@type":"ImageObject","inLanguage":"es","@id":"https:\/\/amautaenlinea.com\/blog\/modifican-el-padron-del-nivel-primaria-focalizadas-con-plazas-de-profesores-de-educacion-fisica-para-el-ano-fiscal-2021\/#primaryimage","url":"https:\/\/amautaenlinea.com\/blog\/wp-content\/uploads\/2021\/09\/Modifican-el-Padron-del-nivel-Primaria-focalizadas-con-plazas-de-Profesores-de-Educacion-Fisica-para-el-Ano-Fiscal-2021.png","contentUrl":"https:\/\/amautaenlinea.com\/blog\/wp-content\/uploads\/2021\/09\/Modifican-el-Padron-del-nivel-Primaria-focalizadas-con-plazas-de-Profesores-de-Educacion-Fisica-para-el-Ano-Fiscal-2021.png","width":1280,"height":720,"caption":"Modifican-el-\u201cPadr\u00f3n-del-nivel-Primaria--focalizadas-con-plazas-de-Profesores-de--Educaci\u00f3n-F\u00edsica-para-el-A\u00f1o-Fiscal-2021\u201d"},{"@type":"BreadcrumbList","@id":"https:\/\/amautaenlinea.com\/blog\/modifican-el-padron-del-nivel-primaria-focalizadas-con-plazas-de-profesores-de-educacion-fisica-para-el-ano-fiscal-2021\/#breadcrumb","itemListElement":[{"@type":"ListItem","position":1,"name":"Portada","item":"https:\/\/amautaenlinea.com\/blog\/"},{"@type":"ListItem","position":2,"name":"Modifican el \u201cPadr\u00f3n del nivel Primaria focalizadas con plazas de Profesores de Educaci\u00f3n F\u00edsica para el A\u00f1o Fiscal 2021\u201d"}]},{"@type":"WebSite","@id":"https:\/\/amautaenlinea.com\/blog\/#website","url":"https:\/\/amautaenlinea.com\/blog\/","name":"Grupo AMAUTA","description":"","publisher":{"@id":"https:\/\/amautaenlinea.com\/blog\/#organization"},"potentialAction":[{"@type":"SearchAction","target":{"@type":"EntryPoint","urlTemplate":"https:\/\/amautaenlinea.com\/blog\/?s={search_term_string}"},"query-input":{"@type":"PropertyValueSpecification","valueRequired":true,"valueName":"search_term_string"}}],"inLanguage":"es"},{"@type":"Organization","@id":"https:\/\/amautaenlinea.com\/blog\/#organization","name":"Grupo AMAUTA E-BUSINESS","url":"https:\/\/amautaenlinea.com\/blog\/","logo":{"@type":"ImageObject","inLanguage":"es","@id":"https:\/\/amautaenlinea.com\/blog\/#\/schema\/logo\/image\/","url":"https:\/\/amautaenlinea.com\/blog\/wp-content\/uploads\/2023\/09\/logo-amauta.png","contentUrl":"https:\/\/amautaenlinea.com\/blog\/wp-content\/uploads\/2023\/09\/logo-amauta.png","width":1124,"height":368,"caption":"Grupo AMAUTA E-BUSINESS"},"image":{"@id":"https:\/\/amautaenlinea.com\/blog\/#\/schema\/logo\/image\/"},"sameAs":["https:\/\/www.facebook.com\/amautaperu.org\/"]},{"@type":"Person","@id":"https:\/\/amautaenlinea.com\/blog\/#\/schema\/person\/d8d4b5d672e9edb72a6f23fd40dd31d5","name":"Grupo AMAUTA EBUSINESS","image":{"@type":"ImageObject","inLanguage":"es","@id":"https:\/\/secure.gravatar.com\/avatar\/97706b54c222a710310e2db50e02e68de0a4c8bb76654bcc4053b08241c6bd6c?s=96&d=mm&r=g","url":"https:\/\/secure.gravatar.com\/avatar\/97706b54c222a710310e2db50e02e68de0a4c8bb76654bcc4053b08241c6bd6c?s=96&d=mm&r=g","contentUrl":"https:\/\/secure.gravatar.com\/avatar\/97706b54c222a710310e2db50e02e68de0a4c8bb76654bcc4053b08241c6bd6c?s=96&d=mm&r=g","caption":"Grupo AMAUTA EBUSINESS"}}]}},"_links":{"self":[{"href":"https:\/\/amautaenlinea.com\/blog\/wp-json\/wp\/v2\/posts\/8604","targetHints":{"allow":["GET"]}}],"collection":[{"href":"https:\/\/amautaenlinea.com\/blog\/wp-json\/wp\/v2\/posts"}],"about":[{"href":"https:\/\/amautaenlinea.com\/blog\/wp-json\/wp\/v2\/types\/post"}],"author":[{"embeddable":true,"href":"https:\/\/amautaenlinea.com\/blog\/wp-json\/wp\/v2\/users\/1"}],"replies":[{"embeddable":true,"href":"https:\/\/amautaenlinea.com\/blog\/wp-json\/wp\/v2\/comments?post=8604"}],"version-history":[{"count":0,"href":"https:\/\/amautaenlinea.com\/blog\/wp-json\/wp\/v2\/posts\/8604\/revisions"}],"wp:featuredmedia":[{"embeddable":true,"href":"https:\/\/amautaenlinea.com\/blog\/wp-json\/wp\/v2\/media\/8605"}],"wp:attachment":[{"href":"https:\/\/amautaenlinea.com\/blog\/wp-json\/wp\/v2\/media?parent=8604"}],"wp:term":[{"taxonomy":"category","embeddable":true,"href":"https:\/\/amautaenlinea.com\/blog\/wp-json\/wp\/v2\/categories?post=8604"},{"taxonomy":"post_tag","embeddable":true,"href":"https:\/\/amautaenlinea.com\/blog\/wp-json\/wp\/v2\/tags?post=8604"}],"curies":[{"name":"wp","href":"https:\/\/api.w.org\/{rel}","templated":true}]}}