{"id":8599,"date":"2021-09-30T10:49:58","date_gmt":"2021-09-30T10:49:58","guid":{"rendered":"https:\/\/amautaenlinea.com\/blog\/?p=8599"},"modified":"2021-09-30T10:50:19","modified_gmt":"2021-09-30T10:50:19","slug":"modifican-cronograma-del-concurso-publico-de-ingreso-a-la-carrera-publica-magisterial-2021-y-que-determina-los-cuadros-de-merito-para-la-contratacion-docente-2022-2023-en-instituciones-educat","status":"publish","type":"post","link":"https:\/\/amautaenlinea.com\/blog\/modifican-cronograma-del-concurso-publico-de-ingreso-a-la-carrera-publica-magisterial-2021-y-que-determina-los-cuadros-de-merito-para-la-contratacion-docente-2022-2023-en-instituciones-educat\/","title":{"rendered":"Modifican cronograma del \u201cConcurso P\u00fablico de Ingreso a la Carrera P\u00fablica Magisterial-2021 y que Determina los Cuadros de M\u00e9rito para la Contrataci\u00f3n Docente 2022-2023 en Instituciones Educativas P\u00fablicas de Educaci\u00f3n B\u00e1sica\u201d"},"content":{"rendered":"<h2 class=\"resoluci-n\">RESOLUCI\u00d3N VICEMINISTERIAL<\/h2>\n<h2 class=\"resoluci-n\">N\u00b0 284-2021-MINEDU<\/h2>\n<p class=\"cuerpo cuerpo-override\">Lima, 29 de septiembre de 2021<\/p>\n<p class=\"cuerpo cuerpo-override\">VISTOS, el Expediente N\u00b0 0152383-2020; el Informe N\u00b0 00699-2021-MINEDU\/VMGP-DIGEDD-DIED de la Direcci\u00f3n de Evaluaci\u00f3n Docente dependiente de la Direcci\u00f3n General de Desarrollo Docente; el Informe N\u00b0 01099-2021-MINEDU\/SG-OGAJ de la Oficina General de Asesor\u00eda Jur\u00eddica; y,<\/p>\n<p class=\"cuerpo\">CONSIDERANDO:<\/p>\n<p class=\"cuerpo\">Que, el art\u00edculo 3 de la Ley N\u00ba 31224, Ley de Organizaci\u00f3n y Funciones del Ministerio de Educaci\u00f3n, establece que el Sector Educaci\u00f3n se encuentra bajo la conducci\u00f3n y rector\u00eda del Ministerio de Educaci\u00f3n; asimismo, de acuerdo con el literal a) del numeral 1 y el literal a) del numeral 2 del art\u00edculo 5 de la citada Ley, son funciones rectoras y t\u00e9cnico-normativas del Ministerio de Educaci\u00f3n, formular, planear, dirigir, ejecutar, supervisar y evaluar la pol\u00edtica nacional y sectorial bajo su competencia, aplicable a todos los niveles de gobierno; as\u00ed como aprobar las disposiciones normativas vinculadas con sus \u00e1mbitos de competencia, respectivamente;<\/p>\n<p class=\"cuerpo\">Que, el art\u00edculo 79 de la Ley N\u00ba 28044, Ley General de\u00a0Educaci\u00f3n, establece que el Ministerio de Educaci\u00f3n es el \u00f3rgano de Gobierno Nacional que tiene por finalidad definir, dirigir y articular la pol\u00edtica de educaci\u00f3n, recreaci\u00f3n y deporte, en concordancia con la pol\u00edtica general del Estado;<\/p>\n<p class=\"cuerpo\">Que, conforme a lo dispuesto por el literal h) del art\u00edculo 80 de la precitada Ley, es funci\u00f3n del Ministerio de Educaci\u00f3n definir las pol\u00edticas sectoriales de personal, programas de mejoramiento del personal directivo, docente y administrativo del sector e implementar la carrera p\u00fablica magisterial;<\/p>\n<p class=\"cuerpo\">Que, el art\u00edculo 15 de la Ley N\u00b0 29944, Ley de Reforma Magisterial, se\u00f1ala que el Ministerio de Educaci\u00f3n establece la pol\u00edtica y las normas de evaluaci\u00f3n docente, y formula los indicadores e instrumentos de evaluaci\u00f3n en coordinaci\u00f3n con los gobiernos regionales, es responsable de dise\u00f1ar, planificar, monitorear y evaluar los procesos para el ingreso, permanencia, ascenso y acceso a cargos dentro de la Carrera P\u00fablica Magisterial, asegurando su transparencia, objetividad y confiabilidad;<\/p>\n<p class=\"cuerpo\">Que, el art\u00edculo 17 de la precitada Ley establece que el ingreso a la Carrera P\u00fablica Magisterial es por concurso p\u00fablico y que se formaliza mediante resoluci\u00f3n de nombramiento en la primera escala magisterial;<\/p>\n<p class=\"cuerpo\">Que, asimismo, de conformidad con lo se\u00f1alado en el art\u00edculo 19 de la Ley de Reforma Magisterial, el Ministerio de Educaci\u00f3n autoriza, cada dos a\u00f1os, la convocatoria para el concurso p\u00fablico de ingreso a la Carrera P\u00fablica Magisterial;<\/p>\n<p class=\"cuerpo\">Que, la Vig\u00e9sima Segunda Disposici\u00f3n Complementaria, Transitoria y Final de la referida Ley, incorporada mediante la Ley N\u00ba 30747, \u201cLey que modifica la Ley N\u00ba 29944, Ley de Reforma Magisterial, para autorizar al Ministerio de Educaci\u00f3n la convocatoria anual para el concurso p\u00fablico de ingreso a la Carrera Magisterial entre los a\u00f1os 2018 y 2022\u201d, establece que el concurso para el ingreso a la Carrera P\u00fablica Magisterial durante el periodo comprendido entre los a\u00f1os 2018 y 2022 es autorizado anualmente por el Ministerio de Educaci\u00f3n, quedando en suspenso durante dicho plazo la periodicidad a que se hace referencia en el art\u00edculo 19 de la Ley N\u00ba 29944;<\/p>\n<p class=\"cuerpo\">Que, mediante Resoluci\u00f3n Viceministerial N\u00b0 291-2020-MINEDU, se aprueba el Documento Normativo denominado \u201cDisposiciones que regulan el Concurso P\u00fablico de Ingreso a la Carrera P\u00fablica Magisterial-2021 y que Determina los Cuadros de M\u00e9rito para la Contrataci\u00f3n Docente 2022-2023 en Instituciones Educativas P\u00fablicas de Educaci\u00f3n B\u00e1sica\u201d, la cual establece entre otros aspectos, los criterios t\u00e9cnicos y procedimientos para la organizaci\u00f3n, implementaci\u00f3n y ejecuci\u00f3n del referido concurso; as\u00ed como sus etapas, instrumentos de evaluaci\u00f3n y acciones que involucran a las diversas instancias de gesti\u00f3n educativa descentralizada en el marco de dicho concurso; el mismo que fue modificado mediante Resoluci\u00f3n Viceministerial N\u00b0 194-2021-MINEDU;<\/p>\n<p class=\"cuerpo\">Que, el numeral 5.6 del mencionado Documento Normativo, establece que el referido concurso se desarrolla en dos (2) etapas: nacional y, descentralizada. Asimismo, en el numeral 5.6.2 se dispone que en la etapa nacional el Ministerio de Educaci\u00f3n aplica a los postulantes la Prueba \u00danica Nacional (PUN), la misma que es clasificatoria;<\/p>\n<p class=\"cuerpo\">Que, conforme al numeral 5.7.1.1 del precitado Documento Normativo, la convocatoria del concurso se aprueba conjuntamente con su cronograma; asimismo, de acuerdo a lo dispuesto en el numeral 5.7.1.2, el Ministerio de Educaci\u00f3n, excepcionalmente, puede modificar las fechas del cronograma antes se\u00f1alado, lo que ser\u00e1 difundido oportunamente en el portal institucional del Ministerio de Educaci\u00f3n, de las Direcciones Regionales de Educaci\u00f3n y de las Unidades de Gesti\u00f3n Educativa local;<\/p>\n<p class=\"cuerpo\">Que, mediante Resoluci\u00f3n Viceministerial N\u00b0 001-2021-MINEDU, se convoca al denominado \u201cConcurso P\u00fablico de Ingreso a la Carrera P\u00fablica Magisterial-2021, y que Determina los Cuadros de M\u00e9rito para la Contrataci\u00f3n Docente 2022-2023 en Instituciones Educativas P\u00fablicas de Educaci\u00f3n B\u00e1sica\u201d, y se aprueba el respectivo cronograma; el mismo que fue modificado mediante Resoluci\u00f3n Viceministerial N\u00b0 033-2021-MINEDU, Resoluci\u00f3n Viceministerial N\u00b0 156-2021-MINEDU y Resoluci\u00f3n Viceministerial N\u00b0 197-2021-MINEDU;<\/p>\n<p class=\"cuerpo\">Que, con la finalidad de implementar la etapa nacional del citado Concurso P\u00fablico, se firm\u00f3 el Convenio N\u00b0 00069-2021-MINEDU, Convenio de Cooperaci\u00f3n Interinstitucional entre el Ministerio de Educaci\u00f3n y el Instituto Nacional de Estad\u00edstica e Inform\u00e1tica, entidad que se constituye como operador log\u00edstico responsable de la aplicaci\u00f3n de la PUN del mencionado concurso;<\/p>\n<p class=\"cuerpo\">Que, mediante Oficio N\u00b0 000324-2021-INEI\/SJE, el Instituto Nacional de Estad\u00edstica e Inform\u00e1tica ha solicitado se reprograme la aplicaci\u00f3n de la PUN para el 13 de noviembre de 2021, debido a inconvenientes en los procesos de contrataci\u00f3n de los servicios que se brindan en el marco del Convenio N\u00b0 00069-2021-MINEDU;<\/p>\n<p class=\"cuerpo\">Que, bajo ese marco normativo y el contexto expuesto, mediante el Oficio N\u00ba 00662-2021-MINEDU\/VMGP-DIGEDD, la Direcci\u00f3n General de Desarrollo Docente remite al Despacho Viceministerial de Gesti\u00f3n Pedag\u00f3gica el Informe N\u00ba 00699-2021-MINEDU\/VMGP-DIGEDD-DIED, elaborado por la Direcci\u00f3n de Evaluaci\u00f3n Docente de la referida Direcci\u00f3n General, a trav\u00e9s del cual se sustenta la necesidad de modificar el cronograma del \u201cConcurso P\u00fablico de Ingreso a la Carrera P\u00fablica Magisterial-2021 y que Determina los Cuadros de M\u00e9rito para la Contrataci\u00f3n Docente 2022-2023 en Instituciones Educativas P\u00fablicas de Educaci\u00f3n B\u00e1sica\u201d, aprobado mediante Resoluci\u00f3n Viceministerial N\u00b0 001-2021-MINEDU y modificado por las Resoluciones Viceministeriales N\u00b0 033-2021-MINEDU, N\u00b0 156-2021-MINEDU y N\u00b0 197-2021-MINEDU;<\/p>\n<p class=\"cuerpo\">Que, la propuesta normativa tiene por objetivo modificar los siguientes aspectos: i) las fechas de inicio y fin de las actividades establecidas en los numerales del 6 al 34 y en el numeral 37; ii) la fecha de fin de la actividad establecida en el numeral 36; y, iii) las fechas de inicio de las actividades establecidas en los numerales del 38 al 40, previstas en el cronograma del referido concurso p\u00fablico;<\/p>\n<p class=\"cuerpo\">Que, mediante Informe N\u00b0 01099-2021-MINEDU\/SG-OGAJ, la Oficina General de Asesor\u00eda Jur\u00eddica emite opini\u00f3n legal favorable respecto de la modificaci\u00f3n del citado cronograma, sugiriendo proseguir con el tr\u00e1mite correspondiente para su aprobaci\u00f3n;<\/p>\n<p class=\"cuerpo\">De conformidad con la Ley N\u00ba 31224, Ley de Organizaci\u00f3n y Funciones del Ministerio de Educaci\u00f3n; la Ley N\u00b0 29944, Ley de Reforma Magisterial y sus modificatorias; el Reglamento de la Ley N\u00b0 29944, aprobado por Decreto Supremo N\u00b0 004-2013-ED y sus modificatorias; el Reglamento de Organizaci\u00f3n y Funciones del Ministerio de Educaci\u00f3n, aprobado con Decreto Supremo N\u00ba 001-2015-MINEDU;<\/p>\n<h3 class=\"cuerpo\">SE RESUELVE:<\/h3>\n<p class=\"cuerpo cuerpo-override\"><strong><span class=\"no-style-override-1\">Art\u00edculo 1.-\u00a0<\/span>Modificar el cronograma del \u201cConcurso P\u00fablico de Ingreso a la Carrera P\u00fablica Magisterial-2021 y que Determina los Cuadros de M\u00e9rito para la Contrataci\u00f3n Docente 2022-2023 en Instituciones Educativas P\u00fablicas de Educaci\u00f3n B\u00e1sica\u201d, aprobado mediante Resoluci\u00f3n Viceministerial N\u00b0 001-2021-MINEDU y modificado por las Resoluciones Viceministeriales N\u00b0 033-2021-MINEDU, N\u00b0 156-2021-MINEDU y N\u00b0 197-2021-MINEDU, el cual queda redactado conforme al anexo que forma parte integrante de la presente resoluci\u00f3n.<\/strong><\/p>\n<p class=\"cuerpo cuerpo-override\"><span class=\"no-style-override-1\">Art\u00edculo 2.-<\/span>\u00a0Disponer la publicaci\u00f3n de la presente resoluci\u00f3n y de su anexo en el Sistema de Informaci\u00f3n Jur\u00eddica de Educaci\u00f3n \u2013 SIJE, ubicado en el portal institucional del Ministerio de Educaci\u00f3n (www.gob.pe\/minedu), en el mismo d\u00eda de la publicaci\u00f3n de la presente resoluci\u00f3n en el diario oficial \u201cEl Peruano\u201d.<\/p>\n<p class=\"cuerpo\">Reg\u00edstrese, comun\u00edquese y publ\u00edquese.<\/p>\n<p class=\"cuerpo cuerpo-override\"><span class=\"no-style-override-2\">WILFREDO TOMAS RIMARI ARIAS<\/span><\/p>\n<p class=\"cuerpo\">Viceministro de Gesti\u00f3n Pedag\u00f3gica (e)<\/p>\n<p class=\"cuerpo\"><span class=\"bold-cuerpo\">1996913-1<\/span><\/p>\n<h3><a href=\"https:\/\/busquedas.elperuano.pe\/normaslegales\/modifican-cronograma-del-concurso-publico-de-ingreso-a-la-c-resolucion-vice-ministerial-n-284-2021-minedu-1996913-1\/\">Haga clic AQU\u00cd para ver la normativa oficial<\/a><\/h3>\n","protected":false},"excerpt":{"rendered":"<p>RESOLUCI\u00d3N VICEMINISTERIAL N\u00b0 284-2021-MINEDU Lima, 29 de septiembre de 2021 VISTOS, el Expediente N\u00b0 0152383-2020; el Informe N\u00b0 00699-2021-MINEDU\/VMGP-DIGEDD-DIED de la Direcci\u00f3n de Evaluaci\u00f3n<\/p>\n","protected":false},"author":1,"featured_media":8600,"comment_status":"open","ping_status":"open","sticky":false,"template":"","format":"standard","meta":{"footnotes":""},"categories":[4],"tags":[],"class_list":["post-8599","post","type-post","status-publish","format-standard","has-post-thumbnail","hentry","category-educacion"],"yoast_head":"<!-- This site is optimized with the Yoast SEO Premium plugin v21.2 (Yoast SEO v27.5) - https:\/\/yoast.com\/product\/yoast-seo-premium-wordpress\/ -->\n<title>\u25b7 Modifican cronograma del \u201cConcurso P\u00fablico de Ingreso a la Carrera P\u00fablica Magisterial-2021 y que Determina los Cuadros de M\u00e9rito para la Contrataci\u00f3n Docente 2022-2023 en Instituciones Educativas P\u00fablicas de Educaci\u00f3n B\u00e1sica\u201d \u2705<\/title>\n<meta name=\"description\" content=\"\u27a8 Modifican cronograma del \u201cConcurso P\u00fablico de Ingreso a la Carrera P\u00fablica Magisterial-2021 y que Determina los Cuadros de M\u00e9rito para la Contrataci\u00f3n Docente 2022-2023 en Instituciones Educativas P\u00fablicas de Educaci\u00f3n B\u00e1sica\u201d\" \/>\n<meta name=\"robots\" content=\"index, follow, max-snippet:-1, max-image-preview:large, max-video-preview:-1\" \/>\n<link rel=\"canonical\" href=\"https:\/\/amautaenlinea.com\/blog\/modifican-cronograma-del-concurso-publico-de-ingreso-a-la-carrera-publica-magisterial-2021-y-que-determina-los-cuadros-de-merito-para-la-contratacion-docente-2022-2023-en-instituciones-educat\/\" \/>\n<meta property=\"og:locale\" content=\"es_ES\" \/>\n<meta property=\"og:type\" content=\"article\" \/>\n<meta property=\"og:title\" content=\"Modifican cronograma del \u201cConcurso P\u00fablico de Ingreso a la Carrera P\u00fablica Magisterial-2021 y que Determina los Cuadros de M\u00e9rito para la Contrataci\u00f3n Docente 2022-2023 en Instituciones Educativas P\u00fablicas de Educaci\u00f3n B\u00e1sica\u201d\" \/>\n<meta property=\"og:description\" content=\"\u27a8 Modifican cronograma del \u201cConcurso P\u00fablico de Ingreso a la Carrera P\u00fablica Magisterial-2021 y que Determina los Cuadros de M\u00e9rito para la Contrataci\u00f3n Docente 2022-2023 en Instituciones Educativas P\u00fablicas de Educaci\u00f3n B\u00e1sica\u201d\" \/>\n<meta property=\"og:url\" content=\"https:\/\/amautaenlinea.com\/blog\/modifican-cronograma-del-concurso-publico-de-ingreso-a-la-carrera-publica-magisterial-2021-y-que-determina-los-cuadros-de-merito-para-la-contratacion-docente-2022-2023-en-instituciones-educat\/\" \/>\n<meta property=\"og:site_name\" content=\"Grupo AMAUTA\" \/>\n<meta property=\"article:publisher\" content=\"https:\/\/www.facebook.com\/amautaperu.org\/\" \/>\n<meta property=\"article:published_time\" content=\"2021-09-30T10:49:58+00:00\" \/>\n<meta property=\"article:modified_time\" content=\"2021-09-30T10:50:19+00:00\" \/>\n<meta property=\"og:image\" content=\"https:\/\/amautaenlinea.com\/blog\/wp-content\/uploads\/2021\/09\/MODIFICAN-CRONOGRAMA-PARA-NOMBRAMIENTO-DOCENTE-2021-30-DE-SETIEMBRE.png\" \/>\n\t<meta property=\"og:image:width\" content=\"1280\" \/>\n\t<meta property=\"og:image:height\" content=\"720\" \/>\n\t<meta property=\"og:image:type\" content=\"image\/png\" \/>\n<meta name=\"author\" content=\"Grupo AMAUTA EBUSINESS\" \/>\n<meta name=\"twitter:card\" content=\"summary_large_image\" \/>\n<script type=\"application\/ld+json\" class=\"yoast-schema-graph\">{\"@context\":\"https:\\\/\\\/schema.org\",\"@graph\":[{\"@type\":\"Article\",\"@id\":\"https:\\\/\\\/amautaenlinea.com\\\/blog\\\/modifican-cronograma-del-concurso-publico-de-ingreso-a-la-carrera-publica-magisterial-2021-y-que-determina-los-cuadros-de-merito-para-la-contratacion-docente-2022-2023-en-instituciones-educat\\\/#article\",\"isPartOf\":{\"@id\":\"https:\\\/\\\/amautaenlinea.com\\\/blog\\\/modifican-cronograma-del-concurso-publico-de-ingreso-a-la-carrera-publica-magisterial-2021-y-que-determina-los-cuadros-de-merito-para-la-contratacion-docente-2022-2023-en-instituciones-educat\\\/\"},\"author\":{\"name\":\"Grupo AMAUTA EBUSINESS\",\"@id\":\"https:\\\/\\\/amautaenlinea.com\\\/blog\\\/#\\\/schema\\\/person\\\/d8d4b5d672e9edb72a6f23fd40dd31d5\"},\"headline\":\"Modifican cronograma del \u201cConcurso P\u00fablico de Ingreso a la Carrera P\u00fablica Magisterial-2021 y que Determina los Cuadros de M\u00e9rito para la Contrataci\u00f3n Docente 2022-2023 en Instituciones Educativas P\u00fablicas de Educaci\u00f3n B\u00e1sica\u201d\",\"datePublished\":\"2021-09-30T10:49:58+00:00\",\"dateModified\":\"2021-09-30T10:50:19+00:00\",\"mainEntityOfPage\":{\"@id\":\"https:\\\/\\\/amautaenlinea.com\\\/blog\\\/modifican-cronograma-del-concurso-publico-de-ingreso-a-la-carrera-publica-magisterial-2021-y-que-determina-los-cuadros-de-merito-para-la-contratacion-docente-2022-2023-en-instituciones-educat\\\/\"},\"wordCount\":1469,\"commentCount\":0,\"publisher\":{\"@id\":\"https:\\\/\\\/amautaenlinea.com\\\/blog\\\/#organization\"},\"image\":{\"@id\":\"https:\\\/\\\/amautaenlinea.com\\\/blog\\\/modifican-cronograma-del-concurso-publico-de-ingreso-a-la-carrera-publica-magisterial-2021-y-que-determina-los-cuadros-de-merito-para-la-contratacion-docente-2022-2023-en-instituciones-educat\\\/#primaryimage\"},\"thumbnailUrl\":\"https:\\\/\\\/amautaenlinea.com\\\/blog\\\/wp-content\\\/uploads\\\/2021\\\/09\\\/MODIFICAN-CRONOGRAMA-PARA-NOMBRAMIENTO-DOCENTE-2021-30-DE-SETIEMBRE.png\",\"articleSection\":[\"Educaci\u00f3n\"],\"inLanguage\":\"es\",\"potentialAction\":[{\"@type\":\"CommentAction\",\"name\":\"Comment\",\"target\":[\"https:\\\/\\\/amautaenlinea.com\\\/blog\\\/modifican-cronograma-del-concurso-publico-de-ingreso-a-la-carrera-publica-magisterial-2021-y-que-determina-los-cuadros-de-merito-para-la-contratacion-docente-2022-2023-en-instituciones-educat\\\/#respond\"]}],\"copyrightYear\":\"2021\",\"copyrightHolder\":{\"@id\":\"https:\\\/\\\/amautaenlinea.com\\\/blog\\\/#organization\"}},{\"@type\":\"WebPage\",\"@id\":\"https:\\\/\\\/amautaenlinea.com\\\/blog\\\/modifican-cronograma-del-concurso-publico-de-ingreso-a-la-carrera-publica-magisterial-2021-y-que-determina-los-cuadros-de-merito-para-la-contratacion-docente-2022-2023-en-instituciones-educat\\\/\",\"url\":\"https:\\\/\\\/amautaenlinea.com\\\/blog\\\/modifican-cronograma-del-concurso-publico-de-ingreso-a-la-carrera-publica-magisterial-2021-y-que-determina-los-cuadros-de-merito-para-la-contratacion-docente-2022-2023-en-instituciones-educat\\\/\",\"name\":\"\u25b7 Modifican cronograma del \u201cConcurso P\u00fablico de Ingreso a la Carrera P\u00fablica Magisterial-2021 y que Determina los Cuadros de M\u00e9rito para la Contrataci\u00f3n Docente 2022-2023 en Instituciones Educativas P\u00fablicas de Educaci\u00f3n B\u00e1sica\u201d \u2705\",\"isPartOf\":{\"@id\":\"https:\\\/\\\/amautaenlinea.com\\\/blog\\\/#website\"},\"primaryImageOfPage\":{\"@id\":\"https:\\\/\\\/amautaenlinea.com\\\/blog\\\/modifican-cronograma-del-concurso-publico-de-ingreso-a-la-carrera-publica-magisterial-2021-y-que-determina-los-cuadros-de-merito-para-la-contratacion-docente-2022-2023-en-instituciones-educat\\\/#primaryimage\"},\"image\":{\"@id\":\"https:\\\/\\\/amautaenlinea.com\\\/blog\\\/modifican-cronograma-del-concurso-publico-de-ingreso-a-la-carrera-publica-magisterial-2021-y-que-determina-los-cuadros-de-merito-para-la-contratacion-docente-2022-2023-en-instituciones-educat\\\/#primaryimage\"},\"thumbnailUrl\":\"https:\\\/\\\/amautaenlinea.com\\\/blog\\\/wp-content\\\/uploads\\\/2021\\\/09\\\/MODIFICAN-CRONOGRAMA-PARA-NOMBRAMIENTO-DOCENTE-2021-30-DE-SETIEMBRE.png\",\"datePublished\":\"2021-09-30T10:49:58+00:00\",\"dateModified\":\"2021-09-30T10:50:19+00:00\",\"description\":\"\u27a8 Modifican cronograma del \u201cConcurso P\u00fablico de Ingreso a la Carrera P\u00fablica Magisterial-2021 y que Determina los Cuadros de M\u00e9rito para la Contrataci\u00f3n Docente 2022-2023 en Instituciones Educativas P\u00fablicas de Educaci\u00f3n B\u00e1sica\u201d\",\"breadcrumb\":{\"@id\":\"https:\\\/\\\/amautaenlinea.com\\\/blog\\\/modifican-cronograma-del-concurso-publico-de-ingreso-a-la-carrera-publica-magisterial-2021-y-que-determina-los-cuadros-de-merito-para-la-contratacion-docente-2022-2023-en-instituciones-educat\\\/#breadcrumb\"},\"inLanguage\":\"es\",\"potentialAction\":[{\"@type\":\"ReadAction\",\"target\":[\"https:\\\/\\\/amautaenlinea.com\\\/blog\\\/modifican-cronograma-del-concurso-publico-de-ingreso-a-la-carrera-publica-magisterial-2021-y-que-determina-los-cuadros-de-merito-para-la-contratacion-docente-2022-2023-en-instituciones-educat\\\/\"]}]},{\"@type\":\"ImageObject\",\"inLanguage\":\"es\",\"@id\":\"https:\\\/\\\/amautaenlinea.com\\\/blog\\\/modifican-cronograma-del-concurso-publico-de-ingreso-a-la-carrera-publica-magisterial-2021-y-que-determina-los-cuadros-de-merito-para-la-contratacion-docente-2022-2023-en-instituciones-educat\\\/#primaryimage\",\"url\":\"https:\\\/\\\/amautaenlinea.com\\\/blog\\\/wp-content\\\/uploads\\\/2021\\\/09\\\/MODIFICAN-CRONOGRAMA-PARA-NOMBRAMIENTO-DOCENTE-2021-30-DE-SETIEMBRE.png\",\"contentUrl\":\"https:\\\/\\\/amautaenlinea.com\\\/blog\\\/wp-content\\\/uploads\\\/2021\\\/09\\\/MODIFICAN-CRONOGRAMA-PARA-NOMBRAMIENTO-DOCENTE-2021-30-DE-SETIEMBRE.png\",\"width\":1280,\"height\":720,\"caption\":\"MODIFICAN-CRONOGRAMA-PARA-NOMBRAMIENTO-DOCENTE-2021-30-DE-SETIEMBRE\"},{\"@type\":\"BreadcrumbList\",\"@id\":\"https:\\\/\\\/amautaenlinea.com\\\/blog\\\/modifican-cronograma-del-concurso-publico-de-ingreso-a-la-carrera-publica-magisterial-2021-y-que-determina-los-cuadros-de-merito-para-la-contratacion-docente-2022-2023-en-instituciones-educat\\\/#breadcrumb\",\"itemListElement\":[{\"@type\":\"ListItem\",\"position\":1,\"name\":\"Portada\",\"item\":\"https:\\\/\\\/amautaenlinea.com\\\/blog\\\/\"},{\"@type\":\"ListItem\",\"position\":2,\"name\":\"Modifican cronograma del \u201cConcurso P\u00fablico de Ingreso a la Carrera P\u00fablica Magisterial-2021 y que Determina los Cuadros de M\u00e9rito para la Contrataci\u00f3n Docente 2022-2023 en Instituciones Educativas P\u00fablicas de Educaci\u00f3n B\u00e1sica\u201d\"}]},{\"@type\":\"WebSite\",\"@id\":\"https:\\\/\\\/amautaenlinea.com\\\/blog\\\/#website\",\"url\":\"https:\\\/\\\/amautaenlinea.com\\\/blog\\\/\",\"name\":\"Grupo AMAUTA\",\"description\":\"\",\"publisher\":{\"@id\":\"https:\\\/\\\/amautaenlinea.com\\\/blog\\\/#organization\"},\"potentialAction\":[{\"@type\":\"SearchAction\",\"target\":{\"@type\":\"EntryPoint\",\"urlTemplate\":\"https:\\\/\\\/amautaenlinea.com\\\/blog\\\/?s={search_term_string}\"},\"query-input\":{\"@type\":\"PropertyValueSpecification\",\"valueRequired\":true,\"valueName\":\"search_term_string\"}}],\"inLanguage\":\"es\"},{\"@type\":\"Organization\",\"@id\":\"https:\\\/\\\/amautaenlinea.com\\\/blog\\\/#organization\",\"name\":\"Grupo AMAUTA E-BUSINESS\",\"url\":\"https:\\\/\\\/amautaenlinea.com\\\/blog\\\/\",\"logo\":{\"@type\":\"ImageObject\",\"inLanguage\":\"es\",\"@id\":\"https:\\\/\\\/amautaenlinea.com\\\/blog\\\/#\\\/schema\\\/logo\\\/image\\\/\",\"url\":\"https:\\\/\\\/amautaenlinea.com\\\/blog\\\/wp-content\\\/uploads\\\/2023\\\/09\\\/logo-amauta.png\",\"contentUrl\":\"https:\\\/\\\/amautaenlinea.com\\\/blog\\\/wp-content\\\/uploads\\\/2023\\\/09\\\/logo-amauta.png\",\"width\":1124,\"height\":368,\"caption\":\"Grupo AMAUTA E-BUSINESS\"},\"image\":{\"@id\":\"https:\\\/\\\/amautaenlinea.com\\\/blog\\\/#\\\/schema\\\/logo\\\/image\\\/\"},\"sameAs\":[\"https:\\\/\\\/www.facebook.com\\\/amautaperu.org\\\/\"]},{\"@type\":\"Person\",\"@id\":\"https:\\\/\\\/amautaenlinea.com\\\/blog\\\/#\\\/schema\\\/person\\\/d8d4b5d672e9edb72a6f23fd40dd31d5\",\"name\":\"Grupo AMAUTA EBUSINESS\",\"image\":{\"@type\":\"ImageObject\",\"inLanguage\":\"es\",\"@id\":\"https:\\\/\\\/secure.gravatar.com\\\/avatar\\\/97706b54c222a710310e2db50e02e68de0a4c8bb76654bcc4053b08241c6bd6c?s=96&d=mm&r=g\",\"url\":\"https:\\\/\\\/secure.gravatar.com\\\/avatar\\\/97706b54c222a710310e2db50e02e68de0a4c8bb76654bcc4053b08241c6bd6c?s=96&d=mm&r=g\",\"contentUrl\":\"https:\\\/\\\/secure.gravatar.com\\\/avatar\\\/97706b54c222a710310e2db50e02e68de0a4c8bb76654bcc4053b08241c6bd6c?s=96&d=mm&r=g\",\"caption\":\"Grupo AMAUTA EBUSINESS\"}}]}<\/script>\n<!-- \/ Yoast SEO Premium plugin. -->","yoast_head_json":{"title":"\u25b7 Modifican cronograma del \u201cConcurso P\u00fablico de Ingreso a la Carrera P\u00fablica Magisterial-2021 y que Determina los Cuadros de M\u00e9rito para la Contrataci\u00f3n Docente 2022-2023 en Instituciones Educativas P\u00fablicas de Educaci\u00f3n B\u00e1sica\u201d \u2705","description":"\u27a8 Modifican cronograma del \u201cConcurso P\u00fablico de Ingreso a la Carrera P\u00fablica Magisterial-2021 y que Determina los Cuadros de M\u00e9rito para la Contrataci\u00f3n Docente 2022-2023 en Instituciones Educativas P\u00fablicas de Educaci\u00f3n B\u00e1sica\u201d","robots":{"index":"index","follow":"follow","max-snippet":"max-snippet:-1","max-image-preview":"max-image-preview:large","max-video-preview":"max-video-preview:-1"},"canonical":"https:\/\/amautaenlinea.com\/blog\/modifican-cronograma-del-concurso-publico-de-ingreso-a-la-carrera-publica-magisterial-2021-y-que-determina-los-cuadros-de-merito-para-la-contratacion-docente-2022-2023-en-instituciones-educat\/","og_locale":"es_ES","og_type":"article","og_title":"Modifican cronograma del \u201cConcurso P\u00fablico de Ingreso a la Carrera P\u00fablica Magisterial-2021 y que Determina los Cuadros de M\u00e9rito para la Contrataci\u00f3n Docente 2022-2023 en Instituciones Educativas P\u00fablicas de Educaci\u00f3n B\u00e1sica\u201d","og_description":"\u27a8 Modifican cronograma del \u201cConcurso P\u00fablico de Ingreso a la Carrera P\u00fablica Magisterial-2021 y que Determina los Cuadros de M\u00e9rito para la Contrataci\u00f3n Docente 2022-2023 en Instituciones Educativas P\u00fablicas de Educaci\u00f3n B\u00e1sica\u201d","og_url":"https:\/\/amautaenlinea.com\/blog\/modifican-cronograma-del-concurso-publico-de-ingreso-a-la-carrera-publica-magisterial-2021-y-que-determina-los-cuadros-de-merito-para-la-contratacion-docente-2022-2023-en-instituciones-educat\/","og_site_name":"Grupo AMAUTA","article_publisher":"https:\/\/www.facebook.com\/amautaperu.org\/","article_published_time":"2021-09-30T10:49:58+00:00","article_modified_time":"2021-09-30T10:50:19+00:00","og_image":[{"width":1280,"height":720,"url":"https:\/\/amautaenlinea.com\/blog\/wp-content\/uploads\/2021\/09\/MODIFICAN-CRONOGRAMA-PARA-NOMBRAMIENTO-DOCENTE-2021-30-DE-SETIEMBRE.png","type":"image\/png"}],"author":"Grupo AMAUTA EBUSINESS","twitter_card":"summary_large_image","schema":{"@context":"https:\/\/schema.org","@graph":[{"@type":"Article","@id":"https:\/\/amautaenlinea.com\/blog\/modifican-cronograma-del-concurso-publico-de-ingreso-a-la-carrera-publica-magisterial-2021-y-que-determina-los-cuadros-de-merito-para-la-contratacion-docente-2022-2023-en-instituciones-educat\/#article","isPartOf":{"@id":"https:\/\/amautaenlinea.com\/blog\/modifican-cronograma-del-concurso-publico-de-ingreso-a-la-carrera-publica-magisterial-2021-y-que-determina-los-cuadros-de-merito-para-la-contratacion-docente-2022-2023-en-instituciones-educat\/"},"author":{"name":"Grupo AMAUTA EBUSINESS","@id":"https:\/\/amautaenlinea.com\/blog\/#\/schema\/person\/d8d4b5d672e9edb72a6f23fd40dd31d5"},"headline":"Modifican cronograma del \u201cConcurso P\u00fablico de Ingreso a la Carrera P\u00fablica Magisterial-2021 y que Determina los Cuadros de M\u00e9rito para la Contrataci\u00f3n Docente 2022-2023 en Instituciones Educativas P\u00fablicas de Educaci\u00f3n B\u00e1sica\u201d","datePublished":"2021-09-30T10:49:58+00:00","dateModified":"2021-09-30T10:50:19+00:00","mainEntityOfPage":{"@id":"https:\/\/amautaenlinea.com\/blog\/modifican-cronograma-del-concurso-publico-de-ingreso-a-la-carrera-publica-magisterial-2021-y-que-determina-los-cuadros-de-merito-para-la-contratacion-docente-2022-2023-en-instituciones-educat\/"},"wordCount":1469,"commentCount":0,"publisher":{"@id":"https:\/\/amautaenlinea.com\/blog\/#organization"},"image":{"@id":"https:\/\/amautaenlinea.com\/blog\/modifican-cronograma-del-concurso-publico-de-ingreso-a-la-carrera-publica-magisterial-2021-y-que-determina-los-cuadros-de-merito-para-la-contratacion-docente-2022-2023-en-instituciones-educat\/#primaryimage"},"thumbnailUrl":"https:\/\/amautaenlinea.com\/blog\/wp-content\/uploads\/2021\/09\/MODIFICAN-CRONOGRAMA-PARA-NOMBRAMIENTO-DOCENTE-2021-30-DE-SETIEMBRE.png","articleSection":["Educaci\u00f3n"],"inLanguage":"es","potentialAction":[{"@type":"CommentAction","name":"Comment","target":["https:\/\/amautaenlinea.com\/blog\/modifican-cronograma-del-concurso-publico-de-ingreso-a-la-carrera-publica-magisterial-2021-y-que-determina-los-cuadros-de-merito-para-la-contratacion-docente-2022-2023-en-instituciones-educat\/#respond"]}],"copyrightYear":"2021","copyrightHolder":{"@id":"https:\/\/amautaenlinea.com\/blog\/#organization"}},{"@type":"WebPage","@id":"https:\/\/amautaenlinea.com\/blog\/modifican-cronograma-del-concurso-publico-de-ingreso-a-la-carrera-publica-magisterial-2021-y-que-determina-los-cuadros-de-merito-para-la-contratacion-docente-2022-2023-en-instituciones-educat\/","url":"https:\/\/amautaenlinea.com\/blog\/modifican-cronograma-del-concurso-publico-de-ingreso-a-la-carrera-publica-magisterial-2021-y-que-determina-los-cuadros-de-merito-para-la-contratacion-docente-2022-2023-en-instituciones-educat\/","name":"\u25b7 Modifican cronograma del \u201cConcurso P\u00fablico de Ingreso a la Carrera P\u00fablica Magisterial-2021 y que Determina los Cuadros de M\u00e9rito para la Contrataci\u00f3n Docente 2022-2023 en Instituciones Educativas P\u00fablicas de Educaci\u00f3n B\u00e1sica\u201d \u2705","isPartOf":{"@id":"https:\/\/amautaenlinea.com\/blog\/#website"},"primaryImageOfPage":{"@id":"https:\/\/amautaenlinea.com\/blog\/modifican-cronograma-del-concurso-publico-de-ingreso-a-la-carrera-publica-magisterial-2021-y-que-determina-los-cuadros-de-merito-para-la-contratacion-docente-2022-2023-en-instituciones-educat\/#primaryimage"},"image":{"@id":"https:\/\/amautaenlinea.com\/blog\/modifican-cronograma-del-concurso-publico-de-ingreso-a-la-carrera-publica-magisterial-2021-y-que-determina-los-cuadros-de-merito-para-la-contratacion-docente-2022-2023-en-instituciones-educat\/#primaryimage"},"thumbnailUrl":"https:\/\/amautaenlinea.com\/blog\/wp-content\/uploads\/2021\/09\/MODIFICAN-CRONOGRAMA-PARA-NOMBRAMIENTO-DOCENTE-2021-30-DE-SETIEMBRE.png","datePublished":"2021-09-30T10:49:58+00:00","dateModified":"2021-09-30T10:50:19+00:00","description":"\u27a8 Modifican cronograma del \u201cConcurso P\u00fablico de Ingreso a la Carrera P\u00fablica Magisterial-2021 y que Determina los Cuadros de M\u00e9rito para la Contrataci\u00f3n Docente 2022-2023 en Instituciones Educativas P\u00fablicas de Educaci\u00f3n B\u00e1sica\u201d","breadcrumb":{"@id":"https:\/\/amautaenlinea.com\/blog\/modifican-cronograma-del-concurso-publico-de-ingreso-a-la-carrera-publica-magisterial-2021-y-que-determina-los-cuadros-de-merito-para-la-contratacion-docente-2022-2023-en-instituciones-educat\/#breadcrumb"},"inLanguage":"es","potentialAction":[{"@type":"ReadAction","target":["https:\/\/amautaenlinea.com\/blog\/modifican-cronograma-del-concurso-publico-de-ingreso-a-la-carrera-publica-magisterial-2021-y-que-determina-los-cuadros-de-merito-para-la-contratacion-docente-2022-2023-en-instituciones-educat\/"]}]},{"@type":"ImageObject","inLanguage":"es","@id":"https:\/\/amautaenlinea.com\/blog\/modifican-cronograma-del-concurso-publico-de-ingreso-a-la-carrera-publica-magisterial-2021-y-que-determina-los-cuadros-de-merito-para-la-contratacion-docente-2022-2023-en-instituciones-educat\/#primaryimage","url":"https:\/\/amautaenlinea.com\/blog\/wp-content\/uploads\/2021\/09\/MODIFICAN-CRONOGRAMA-PARA-NOMBRAMIENTO-DOCENTE-2021-30-DE-SETIEMBRE.png","contentUrl":"https:\/\/amautaenlinea.com\/blog\/wp-content\/uploads\/2021\/09\/MODIFICAN-CRONOGRAMA-PARA-NOMBRAMIENTO-DOCENTE-2021-30-DE-SETIEMBRE.png","width":1280,"height":720,"caption":"MODIFICAN-CRONOGRAMA-PARA-NOMBRAMIENTO-DOCENTE-2021-30-DE-SETIEMBRE"},{"@type":"BreadcrumbList","@id":"https:\/\/amautaenlinea.com\/blog\/modifican-cronograma-del-concurso-publico-de-ingreso-a-la-carrera-publica-magisterial-2021-y-que-determina-los-cuadros-de-merito-para-la-contratacion-docente-2022-2023-en-instituciones-educat\/#breadcrumb","itemListElement":[{"@type":"ListItem","position":1,"name":"Portada","item":"https:\/\/amautaenlinea.com\/blog\/"},{"@type":"ListItem","position":2,"name":"Modifican cronograma del \u201cConcurso P\u00fablico de Ingreso a la Carrera P\u00fablica Magisterial-2021 y que Determina los Cuadros de M\u00e9rito para la Contrataci\u00f3n Docente 2022-2023 en Instituciones Educativas P\u00fablicas de Educaci\u00f3n B\u00e1sica\u201d"}]},{"@type":"WebSite","@id":"https:\/\/amautaenlinea.com\/blog\/#website","url":"https:\/\/amautaenlinea.com\/blog\/","name":"Grupo AMAUTA","description":"","publisher":{"@id":"https:\/\/amautaenlinea.com\/blog\/#organization"},"potentialAction":[{"@type":"SearchAction","target":{"@type":"EntryPoint","urlTemplate":"https:\/\/amautaenlinea.com\/blog\/?s={search_term_string}"},"query-input":{"@type":"PropertyValueSpecification","valueRequired":true,"valueName":"search_term_string"}}],"inLanguage":"es"},{"@type":"Organization","@id":"https:\/\/amautaenlinea.com\/blog\/#organization","name":"Grupo AMAUTA E-BUSINESS","url":"https:\/\/amautaenlinea.com\/blog\/","logo":{"@type":"ImageObject","inLanguage":"es","@id":"https:\/\/amautaenlinea.com\/blog\/#\/schema\/logo\/image\/","url":"https:\/\/amautaenlinea.com\/blog\/wp-content\/uploads\/2023\/09\/logo-amauta.png","contentUrl":"https:\/\/amautaenlinea.com\/blog\/wp-content\/uploads\/2023\/09\/logo-amauta.png","width":1124,"height":368,"caption":"Grupo AMAUTA E-BUSINESS"},"image":{"@id":"https:\/\/amautaenlinea.com\/blog\/#\/schema\/logo\/image\/"},"sameAs":["https:\/\/www.facebook.com\/amautaperu.org\/"]},{"@type":"Person","@id":"https:\/\/amautaenlinea.com\/blog\/#\/schema\/person\/d8d4b5d672e9edb72a6f23fd40dd31d5","name":"Grupo AMAUTA EBUSINESS","image":{"@type":"ImageObject","inLanguage":"es","@id":"https:\/\/secure.gravatar.com\/avatar\/97706b54c222a710310e2db50e02e68de0a4c8bb76654bcc4053b08241c6bd6c?s=96&d=mm&r=g","url":"https:\/\/secure.gravatar.com\/avatar\/97706b54c222a710310e2db50e02e68de0a4c8bb76654bcc4053b08241c6bd6c?s=96&d=mm&r=g","contentUrl":"https:\/\/secure.gravatar.com\/avatar\/97706b54c222a710310e2db50e02e68de0a4c8bb76654bcc4053b08241c6bd6c?s=96&d=mm&r=g","caption":"Grupo AMAUTA EBUSINESS"}}]}},"_links":{"self":[{"href":"https:\/\/amautaenlinea.com\/blog\/wp-json\/wp\/v2\/posts\/8599","targetHints":{"allow":["GET"]}}],"collection":[{"href":"https:\/\/amautaenlinea.com\/blog\/wp-json\/wp\/v2\/posts"}],"about":[{"href":"https:\/\/amautaenlinea.com\/blog\/wp-json\/wp\/v2\/types\/post"}],"author":[{"embeddable":true,"href":"https:\/\/amautaenlinea.com\/blog\/wp-json\/wp\/v2\/users\/1"}],"replies":[{"embeddable":true,"href":"https:\/\/amautaenlinea.com\/blog\/wp-json\/wp\/v2\/comments?post=8599"}],"version-history":[{"count":0,"href":"https:\/\/amautaenlinea.com\/blog\/wp-json\/wp\/v2\/posts\/8599\/revisions"}],"wp:featuredmedia":[{"embeddable":true,"href":"https:\/\/amautaenlinea.com\/blog\/wp-json\/wp\/v2\/media\/8600"}],"wp:attachment":[{"href":"https:\/\/amautaenlinea.com\/blog\/wp-json\/wp\/v2\/media?parent=8599"}],"wp:term":[{"taxonomy":"category","embeddable":true,"href":"https:\/\/amautaenlinea.com\/blog\/wp-json\/wp\/v2\/categories?post=8599"},{"taxonomy":"post_tag","embeddable":true,"href":"https:\/\/amautaenlinea.com\/blog\/wp-json\/wp\/v2\/tags?post=8599"}],"curies":[{"name":"wp","href":"https:\/\/api.w.org\/{rel}","templated":true}]}}