{"id":8580,"date":"2021-09-28T11:41:59","date_gmt":"2021-09-28T11:41:59","guid":{"rendered":"https:\/\/amautaenlinea.com\/blog\/?p=8580"},"modified":"2021-09-28T11:41:59","modified_gmt":"2021-09-28T11:41:59","slug":"encuesta-sares-dirigida-a-docentes-y-auxiliares-sobre-un-posible-retorno-a-la-presencialidad","status":"publish","type":"post","link":"https:\/\/amautaenlinea.com\/blog\/encuesta-sares-dirigida-a-docentes-y-auxiliares-sobre-un-posible-retorno-a-la-presencialidad\/","title":{"rendered":"Encuesta SARES dirigida a docentes y auxiliares sobre un posible retorno a la presencialidad"},"content":{"rendered":"<p>El Minedu ha dispuesto una norma seg\u00fan la cual cada escuela debe optar por la modalidad de servicio m\u00e1s conveniente de acuerdo a su contexto; esto en acuerdo con la comunidad educativa, ya que la decisi\u00f3n que se tome deber\u00e1 priorizar el bienestar y cuidado de todas y todos.<\/p>\n<p>Por ello, te invito a que me ayudes a conocer tu opini\u00f3n respecto a un posible retorno a la presencialidad, tus expectativas respecto a tu rol durante el 2021 y tus dudas o preocupaciones.<\/p>\n<p>Esta informaci\u00f3n es confidencial y ser\u00e1 utilizada solo con el prop\u00f3sito mencionado.<\/p>\n<p><strong>\u00a0<\/strong><strong>Datos de quien llena la encuesta:<\/strong><\/p>\n<ul>\n<li>Nombre y apellidos:<\/li>\n<li>Edad:<\/li>\n<li>Correo electr\u00f3nico:<\/li>\n<li>Tel\u00e9fono fijo:<\/li>\n<li>Tel\u00e9fono celular:<\/li>\n<li>Nivel en el que ense\u00f1a:<\/li>\n<li><\/li>\n<li><strong>\u00bfUsted tiene alguna enfermedad diagnosticada que le genere un riesgo de salud para volver al colegio durante la pandemia?<\/strong><\/li>\n<\/ul>\n<ul>\n<li>No<\/li>\n<li>S\u00ed<\/li>\n<li><\/li>\n<li><strong>\u00bfC\u00f3mo eval\u00faa la respuesta de las y los estudiantes ante esta modalidad de clases a distancia?<\/strong><\/li>\n<\/ul>\n<ul>\n<li>Muy mala<\/li>\n<li>Mala<\/li>\n<li>Regular<\/li>\n<li>Buena<\/li>\n<li>Muy buena<\/li>\n<li><\/li>\n<li><strong>\u00bfQu\u00e9 motivos explicar\u00edan su respuesta? <\/strong><em>(puede marcar varias opciones)<\/em><strong>:<\/strong><\/li>\n<\/ul>\n<ul>\n<li>Muchos de mis estudiantes no tienen acceso a Aprendo en casa.<\/li>\n<li>El acceso a Aprendo en casa solo es por radio o por televisi\u00f3n.<\/li>\n<li>A las familias les resulta muy dif\u00edcil hacer seguimiento a los aprendizajes de sus hijos.<\/li>\n<li>Es muy dif\u00edcil comunicarme con mis estudiantes para monitorearlos y retroalimentarlos.<\/li>\n<li>Mis estudiantes cuentan con el apoyo de sus familias<\/li>\n<li>Mis estudiantes tienen computadora, laptop o celular.<\/li>\n<li>Mis estudiantes se distraen con facilidad y no comprenden Aprendo en casa.<\/li>\n<li><\/li>\n<li><strong>\u00bfQu\u00e9 tan satisfecho se encuentra con el proceso de suspensi\u00f3n de clases presenciales y educaci\u00f3n a distancia implementado por el Minedu?<\/strong><\/li>\n<\/ul>\n<ul>\n<li>Muy insatisfecho<\/li>\n<li>Insatisfecho<\/li>\n<li>Indiferente<\/li>\n<li>Satisfecho<\/li>\n<li>Muy satisfecho<\/li>\n<li><\/li>\n<li><strong>\u00bfCu\u00e1l cree usted que es el mejor mes para retomar las clases presenciales?\u00a0<\/strong><\/li>\n<\/ul>\n<p><strong>\u00a0<\/strong><strong>\u00a0<\/strong><strong>\u00bfCu\u00e1les son las principales preocupaciones que tiene frente al retorno presencial o semipresencial de clases? <\/strong><em>*Seleccione como m\u00e1ximo dos prioridades.<\/em><\/p>\n<ul>\n<li>Riesgo de contagio<\/li>\n<li>Ausencia de medidas sanitarias<\/li>\n<li>Aglomeraci\u00f3n en transporte p\u00fablico<\/li>\n<li>Dificultad para retomar materias<\/li>\n<li>Retraso en el cumplimiento de las clases<\/li>\n<li>Otro<\/li>\n<li><\/li>\n<li><strong>\u00bfCu\u00e1les de las siguientes medidas considera m\u00e1s practicables para implementar en el retorno a clases? <\/strong><em>*Seleccione como m\u00e1ximo dos prioridades.<\/em><\/li>\n<\/ul>\n<ul>\n<li>Reducci\u00f3n o priorizaci\u00f3n de n\u00famero de estudiantes por clase<\/li>\n<li>Generaci\u00f3n de turnos de asistencia por clase<\/li>\n<li>Ingreso a clases en horario acorde al contexto<\/li>\n<li>Desinfecci\u00f3n peri\u00f3dica de las instalaciones del colegio<\/li>\n<li>Responsabilidad de todos para no acudir a la escuela en caso de sospecha de contagio.<\/li>\n<li>Distribuci\u00f3n de tareas y responsabilidades entre todos los miembros de la comunidad educativa.<\/li>\n<li>Modalidad semipresencial<\/li>\n<li>Otros<\/li>\n<li><\/li>\n<li><strong>\u00bfQu\u00e9 tanto conf\u00eda en que el colegio pueda cumplir con los protocolos de bioseguridad para ofrecer un servicio presencial o semipresencial seguro? <\/strong><\/li>\n<\/ul>\n<ul>\n<li>Muy poco<\/li>\n<li>Poco<\/li>\n<li>Regular<\/li>\n<li>Conf\u00edo<\/li>\n<li>Conf\u00edo plenamente<\/li>\n<li><\/li>\n<li><strong>Muchas gracias por contestar. En el siguiente espacio puede escribir sus apreciaciones personales orientadas a solucionar las problem\u00e1ticas planteadas en este cuestionario.<\/strong><\/li>\n<\/ul>\n<p><code><iframe loading=\"lazy\" src=\"https:\/\/docs.google.com\/document\/d\/e\/2PACX-1vS_QFJAInX_U-8OvrrZ6Ft24cbKn0YU9GGU81db3X4YYSSzrt9R4qXXLKI3HuMNbw\/pub?embedded=true\" width=\"640\" height=\"480\"><span data-mce-type=\"bookmark\" style=\"display: inline-block; width: 0px; overflow: hidden; line-height: 0;\" class=\"mce_SELRES_start\">\ufeff<\/span><\/iframe><\/code><\/p>\n<h3><a href=\"https:\/\/docs.google.com\/document\/d\/1LnZwXma0XHypIfFuKHBimueP45qFFRgV\/edit?usp=sharing&amp;ouid=107727213208566852833&amp;rtpof=true&amp;sd=true\">HAGA CLIC AQU\u00cd PARA DESCARGAR LA ENCUESTA SARES PARA DOCENTES Y AUXILIARES<\/a><\/h3>\n","protected":false},"excerpt":{"rendered":"<p>El Minedu ha dispuesto una norma seg\u00fan la cual cada escuela debe optar por la modalidad de servicio m\u00e1s conveniente de acuerdo a su<\/p>\n","protected":false},"author":1,"featured_media":8581,"comment_status":"open","ping_status":"open","sticky":false,"template":"","format":"standard","meta":{"footnotes":""},"categories":[4],"tags":[819],"class_list":["post-8580","post","type-post","status-publish","format-standard","has-post-thumbnail","hentry","category-educacion","tag-encuesta-sares-dirigida-a-docentes-y-auxiliares-sobre-un-posible-retorno-a-la-presencialidad"],"yoast_head":"<!-- This site is optimized with the Yoast SEO Premium plugin v21.2 (Yoast SEO v27.5) - https:\/\/yoast.com\/product\/yoast-seo-premium-wordpress\/ -->\n<title>\u25b7 Encuesta SARES dirigida a docentes y auxiliares sobre un posible retorno a la presencialidad \u2705<\/title>\n<meta name=\"description\" content=\"\u27a8 Encuesta SARES dirigida a docentes y auxiliares sobre un posible retorno a la presencialidad\" \/>\n<meta name=\"robots\" content=\"index, follow, max-snippet:-1, max-image-preview:large, max-video-preview:-1\" \/>\n<link rel=\"canonical\" href=\"https:\/\/amautaenlinea.com\/blog\/encuesta-sares-dirigida-a-docentes-y-auxiliares-sobre-un-posible-retorno-a-la-presencialidad\/\" \/>\n<meta property=\"og:locale\" content=\"es_ES\" \/>\n<meta property=\"og:type\" content=\"article\" \/>\n<meta property=\"og:title\" content=\"Encuesta SARES dirigida a docentes y auxiliares sobre un posible retorno a la presencialidad\" \/>\n<meta property=\"og:description\" content=\"\u27a8 Encuesta SARES dirigida a docentes y auxiliares sobre un posible retorno a la presencialidad\" \/>\n<meta property=\"og:url\" content=\"https:\/\/amautaenlinea.com\/blog\/encuesta-sares-dirigida-a-docentes-y-auxiliares-sobre-un-posible-retorno-a-la-presencialidad\/\" \/>\n<meta property=\"og:site_name\" content=\"Grupo AMAUTA\" \/>\n<meta property=\"article:publisher\" content=\"https:\/\/www.facebook.com\/amautaperu.org\/\" \/>\n<meta property=\"article:published_time\" content=\"2021-09-28T11:41:59+00:00\" \/>\n<meta property=\"og:image\" content=\"https:\/\/amautaenlinea.com\/blog\/wp-content\/uploads\/2021\/09\/Encuesta-SARES-dirigida-a-docentes-y-auxiliares-sobre-un-posible-retorno-a-la-presencialidad.png\" \/>\n\t<meta property=\"og:image:width\" content=\"1280\" \/>\n\t<meta property=\"og:image:height\" content=\"720\" \/>\n\t<meta property=\"og:image:type\" content=\"image\/png\" \/>\n<meta name=\"author\" content=\"Grupo AMAUTA EBUSINESS\" \/>\n<meta name=\"twitter:card\" content=\"summary_large_image\" \/>\n<script type=\"application\/ld+json\" class=\"yoast-schema-graph\">{\"@context\":\"https:\\\/\\\/schema.org\",\"@graph\":[{\"@type\":\"Article\",\"@id\":\"https:\\\/\\\/amautaenlinea.com\\\/blog\\\/encuesta-sares-dirigida-a-docentes-y-auxiliares-sobre-un-posible-retorno-a-la-presencialidad\\\/#article\",\"isPartOf\":{\"@id\":\"https:\\\/\\\/amautaenlinea.com\\\/blog\\\/encuesta-sares-dirigida-a-docentes-y-auxiliares-sobre-un-posible-retorno-a-la-presencialidad\\\/\"},\"author\":{\"name\":\"Grupo AMAUTA EBUSINESS\",\"@id\":\"https:\\\/\\\/amautaenlinea.com\\\/blog\\\/#\\\/schema\\\/person\\\/d8d4b5d672e9edb72a6f23fd40dd31d5\"},\"headline\":\"Encuesta SARES dirigida a docentes y auxiliares sobre un posible retorno a la presencialidad\",\"datePublished\":\"2021-09-28T11:41:59+00:00\",\"mainEntityOfPage\":{\"@id\":\"https:\\\/\\\/amautaenlinea.com\\\/blog\\\/encuesta-sares-dirigida-a-docentes-y-auxiliares-sobre-un-posible-retorno-a-la-presencialidad\\\/\"},\"wordCount\":526,\"commentCount\":0,\"publisher\":{\"@id\":\"https:\\\/\\\/amautaenlinea.com\\\/blog\\\/#organization\"},\"image\":{\"@id\":\"https:\\\/\\\/amautaenlinea.com\\\/blog\\\/encuesta-sares-dirigida-a-docentes-y-auxiliares-sobre-un-posible-retorno-a-la-presencialidad\\\/#primaryimage\"},\"thumbnailUrl\":\"https:\\\/\\\/amautaenlinea.com\\\/blog\\\/wp-content\\\/uploads\\\/2021\\\/09\\\/Encuesta-SARES-dirigida-a-docentes-y-auxiliares-sobre-un-posible-retorno-a-la-presencialidad.png\",\"keywords\":[\"Encuesta SARES dirigida a docentes y auxiliares sobre un posible retorno a la presencialidad\"],\"articleSection\":[\"Educaci\u00f3n\"],\"inLanguage\":\"es\",\"potentialAction\":[{\"@type\":\"CommentAction\",\"name\":\"Comment\",\"target\":[\"https:\\\/\\\/amautaenlinea.com\\\/blog\\\/encuesta-sares-dirigida-a-docentes-y-auxiliares-sobre-un-posible-retorno-a-la-presencialidad\\\/#respond\"]}],\"copyrightYear\":\"2021\",\"copyrightHolder\":{\"@id\":\"https:\\\/\\\/amautaenlinea.com\\\/blog\\\/#organization\"}},{\"@type\":\"WebPage\",\"@id\":\"https:\\\/\\\/amautaenlinea.com\\\/blog\\\/encuesta-sares-dirigida-a-docentes-y-auxiliares-sobre-un-posible-retorno-a-la-presencialidad\\\/\",\"url\":\"https:\\\/\\\/amautaenlinea.com\\\/blog\\\/encuesta-sares-dirigida-a-docentes-y-auxiliares-sobre-un-posible-retorno-a-la-presencialidad\\\/\",\"name\":\"\u25b7 Encuesta SARES dirigida a docentes y auxiliares sobre un posible retorno a la presencialidad \u2705\",\"isPartOf\":{\"@id\":\"https:\\\/\\\/amautaenlinea.com\\\/blog\\\/#website\"},\"primaryImageOfPage\":{\"@id\":\"https:\\\/\\\/amautaenlinea.com\\\/blog\\\/encuesta-sares-dirigida-a-docentes-y-auxiliares-sobre-un-posible-retorno-a-la-presencialidad\\\/#primaryimage\"},\"image\":{\"@id\":\"https:\\\/\\\/amautaenlinea.com\\\/blog\\\/encuesta-sares-dirigida-a-docentes-y-auxiliares-sobre-un-posible-retorno-a-la-presencialidad\\\/#primaryimage\"},\"thumbnailUrl\":\"https:\\\/\\\/amautaenlinea.com\\\/blog\\\/wp-content\\\/uploads\\\/2021\\\/09\\\/Encuesta-SARES-dirigida-a-docentes-y-auxiliares-sobre-un-posible-retorno-a-la-presencialidad.png\",\"datePublished\":\"2021-09-28T11:41:59+00:00\",\"description\":\"\u27a8 Encuesta SARES dirigida a docentes y auxiliares sobre un posible retorno a la presencialidad\",\"breadcrumb\":{\"@id\":\"https:\\\/\\\/amautaenlinea.com\\\/blog\\\/encuesta-sares-dirigida-a-docentes-y-auxiliares-sobre-un-posible-retorno-a-la-presencialidad\\\/#breadcrumb\"},\"inLanguage\":\"es\",\"potentialAction\":[{\"@type\":\"ReadAction\",\"target\":[\"https:\\\/\\\/amautaenlinea.com\\\/blog\\\/encuesta-sares-dirigida-a-docentes-y-auxiliares-sobre-un-posible-retorno-a-la-presencialidad\\\/\"]}]},{\"@type\":\"ImageObject\",\"inLanguage\":\"es\",\"@id\":\"https:\\\/\\\/amautaenlinea.com\\\/blog\\\/encuesta-sares-dirigida-a-docentes-y-auxiliares-sobre-un-posible-retorno-a-la-presencialidad\\\/#primaryimage\",\"url\":\"https:\\\/\\\/amautaenlinea.com\\\/blog\\\/wp-content\\\/uploads\\\/2021\\\/09\\\/Encuesta-SARES-dirigida-a-docentes-y-auxiliares-sobre-un-posible-retorno-a-la-presencialidad.png\",\"contentUrl\":\"https:\\\/\\\/amautaenlinea.com\\\/blog\\\/wp-content\\\/uploads\\\/2021\\\/09\\\/Encuesta-SARES-dirigida-a-docentes-y-auxiliares-sobre-un-posible-retorno-a-la-presencialidad.png\",\"width\":1280,\"height\":720,\"caption\":\"Encuesta-SARES-dirigida-a-docentes-y-auxiliares-sobre-un-posible-retorno-a-la-presencialidad\"},{\"@type\":\"BreadcrumbList\",\"@id\":\"https:\\\/\\\/amautaenlinea.com\\\/blog\\\/encuesta-sares-dirigida-a-docentes-y-auxiliares-sobre-un-posible-retorno-a-la-presencialidad\\\/#breadcrumb\",\"itemListElement\":[{\"@type\":\"ListItem\",\"position\":1,\"name\":\"Portada\",\"item\":\"https:\\\/\\\/amautaenlinea.com\\\/blog\\\/\"},{\"@type\":\"ListItem\",\"position\":2,\"name\":\"Encuesta SARES dirigida a docentes y auxiliares sobre un posible retorno a la presencialidad\"}]},{\"@type\":\"WebSite\",\"@id\":\"https:\\\/\\\/amautaenlinea.com\\\/blog\\\/#website\",\"url\":\"https:\\\/\\\/amautaenlinea.com\\\/blog\\\/\",\"name\":\"Grupo AMAUTA\",\"description\":\"\",\"publisher\":{\"@id\":\"https:\\\/\\\/amautaenlinea.com\\\/blog\\\/#organization\"},\"potentialAction\":[{\"@type\":\"SearchAction\",\"target\":{\"@type\":\"EntryPoint\",\"urlTemplate\":\"https:\\\/\\\/amautaenlinea.com\\\/blog\\\/?s={search_term_string}\"},\"query-input\":{\"@type\":\"PropertyValueSpecification\",\"valueRequired\":true,\"valueName\":\"search_term_string\"}}],\"inLanguage\":\"es\"},{\"@type\":\"Organization\",\"@id\":\"https:\\\/\\\/amautaenlinea.com\\\/blog\\\/#organization\",\"name\":\"Grupo AMAUTA E-BUSINESS\",\"url\":\"https:\\\/\\\/amautaenlinea.com\\\/blog\\\/\",\"logo\":{\"@type\":\"ImageObject\",\"inLanguage\":\"es\",\"@id\":\"https:\\\/\\\/amautaenlinea.com\\\/blog\\\/#\\\/schema\\\/logo\\\/image\\\/\",\"url\":\"https:\\\/\\\/amautaenlinea.com\\\/blog\\\/wp-content\\\/uploads\\\/2023\\\/09\\\/logo-amauta.png\",\"contentUrl\":\"https:\\\/\\\/amautaenlinea.com\\\/blog\\\/wp-content\\\/uploads\\\/2023\\\/09\\\/logo-amauta.png\",\"width\":1124,\"height\":368,\"caption\":\"Grupo AMAUTA E-BUSINESS\"},\"image\":{\"@id\":\"https:\\\/\\\/amautaenlinea.com\\\/blog\\\/#\\\/schema\\\/logo\\\/image\\\/\"},\"sameAs\":[\"https:\\\/\\\/www.facebook.com\\\/amautaperu.org\\\/\"]},{\"@type\":\"Person\",\"@id\":\"https:\\\/\\\/amautaenlinea.com\\\/blog\\\/#\\\/schema\\\/person\\\/d8d4b5d672e9edb72a6f23fd40dd31d5\",\"name\":\"Grupo AMAUTA EBUSINESS\",\"image\":{\"@type\":\"ImageObject\",\"inLanguage\":\"es\",\"@id\":\"https:\\\/\\\/secure.gravatar.com\\\/avatar\\\/97706b54c222a710310e2db50e02e68de0a4c8bb76654bcc4053b08241c6bd6c?s=96&d=mm&r=g\",\"url\":\"https:\\\/\\\/secure.gravatar.com\\\/avatar\\\/97706b54c222a710310e2db50e02e68de0a4c8bb76654bcc4053b08241c6bd6c?s=96&d=mm&r=g\",\"contentUrl\":\"https:\\\/\\\/secure.gravatar.com\\\/avatar\\\/97706b54c222a710310e2db50e02e68de0a4c8bb76654bcc4053b08241c6bd6c?s=96&d=mm&r=g\",\"caption\":\"Grupo AMAUTA EBUSINESS\"}}]}<\/script>\n<!-- \/ Yoast SEO Premium plugin. -->","yoast_head_json":{"title":"\u25b7 Encuesta SARES dirigida a docentes y auxiliares sobre un posible retorno a la presencialidad \u2705","description":"\u27a8 Encuesta SARES dirigida a docentes y auxiliares sobre un posible retorno a la presencialidad","robots":{"index":"index","follow":"follow","max-snippet":"max-snippet:-1","max-image-preview":"max-image-preview:large","max-video-preview":"max-video-preview:-1"},"canonical":"https:\/\/amautaenlinea.com\/blog\/encuesta-sares-dirigida-a-docentes-y-auxiliares-sobre-un-posible-retorno-a-la-presencialidad\/","og_locale":"es_ES","og_type":"article","og_title":"Encuesta SARES dirigida a docentes y auxiliares sobre un posible retorno a la presencialidad","og_description":"\u27a8 Encuesta SARES dirigida a docentes y auxiliares sobre un posible retorno a la presencialidad","og_url":"https:\/\/amautaenlinea.com\/blog\/encuesta-sares-dirigida-a-docentes-y-auxiliares-sobre-un-posible-retorno-a-la-presencialidad\/","og_site_name":"Grupo AMAUTA","article_publisher":"https:\/\/www.facebook.com\/amautaperu.org\/","article_published_time":"2021-09-28T11:41:59+00:00","og_image":[{"width":1280,"height":720,"url":"https:\/\/amautaenlinea.com\/blog\/wp-content\/uploads\/2021\/09\/Encuesta-SARES-dirigida-a-docentes-y-auxiliares-sobre-un-posible-retorno-a-la-presencialidad.png","type":"image\/png"}],"author":"Grupo AMAUTA EBUSINESS","twitter_card":"summary_large_image","schema":{"@context":"https:\/\/schema.org","@graph":[{"@type":"Article","@id":"https:\/\/amautaenlinea.com\/blog\/encuesta-sares-dirigida-a-docentes-y-auxiliares-sobre-un-posible-retorno-a-la-presencialidad\/#article","isPartOf":{"@id":"https:\/\/amautaenlinea.com\/blog\/encuesta-sares-dirigida-a-docentes-y-auxiliares-sobre-un-posible-retorno-a-la-presencialidad\/"},"author":{"name":"Grupo AMAUTA EBUSINESS","@id":"https:\/\/amautaenlinea.com\/blog\/#\/schema\/person\/d8d4b5d672e9edb72a6f23fd40dd31d5"},"headline":"Encuesta SARES dirigida a docentes y auxiliares sobre un posible retorno a la presencialidad","datePublished":"2021-09-28T11:41:59+00:00","mainEntityOfPage":{"@id":"https:\/\/amautaenlinea.com\/blog\/encuesta-sares-dirigida-a-docentes-y-auxiliares-sobre-un-posible-retorno-a-la-presencialidad\/"},"wordCount":526,"commentCount":0,"publisher":{"@id":"https:\/\/amautaenlinea.com\/blog\/#organization"},"image":{"@id":"https:\/\/amautaenlinea.com\/blog\/encuesta-sares-dirigida-a-docentes-y-auxiliares-sobre-un-posible-retorno-a-la-presencialidad\/#primaryimage"},"thumbnailUrl":"https:\/\/amautaenlinea.com\/blog\/wp-content\/uploads\/2021\/09\/Encuesta-SARES-dirigida-a-docentes-y-auxiliares-sobre-un-posible-retorno-a-la-presencialidad.png","keywords":["Encuesta SARES dirigida a docentes y auxiliares sobre un posible retorno a la presencialidad"],"articleSection":["Educaci\u00f3n"],"inLanguage":"es","potentialAction":[{"@type":"CommentAction","name":"Comment","target":["https:\/\/amautaenlinea.com\/blog\/encuesta-sares-dirigida-a-docentes-y-auxiliares-sobre-un-posible-retorno-a-la-presencialidad\/#respond"]}],"copyrightYear":"2021","copyrightHolder":{"@id":"https:\/\/amautaenlinea.com\/blog\/#organization"}},{"@type":"WebPage","@id":"https:\/\/amautaenlinea.com\/blog\/encuesta-sares-dirigida-a-docentes-y-auxiliares-sobre-un-posible-retorno-a-la-presencialidad\/","url":"https:\/\/amautaenlinea.com\/blog\/encuesta-sares-dirigida-a-docentes-y-auxiliares-sobre-un-posible-retorno-a-la-presencialidad\/","name":"\u25b7 Encuesta SARES dirigida a docentes y auxiliares sobre un posible retorno a la presencialidad \u2705","isPartOf":{"@id":"https:\/\/amautaenlinea.com\/blog\/#website"},"primaryImageOfPage":{"@id":"https:\/\/amautaenlinea.com\/blog\/encuesta-sares-dirigida-a-docentes-y-auxiliares-sobre-un-posible-retorno-a-la-presencialidad\/#primaryimage"},"image":{"@id":"https:\/\/amautaenlinea.com\/blog\/encuesta-sares-dirigida-a-docentes-y-auxiliares-sobre-un-posible-retorno-a-la-presencialidad\/#primaryimage"},"thumbnailUrl":"https:\/\/amautaenlinea.com\/blog\/wp-content\/uploads\/2021\/09\/Encuesta-SARES-dirigida-a-docentes-y-auxiliares-sobre-un-posible-retorno-a-la-presencialidad.png","datePublished":"2021-09-28T11:41:59+00:00","description":"\u27a8 Encuesta SARES dirigida a docentes y auxiliares sobre un posible retorno a la presencialidad","breadcrumb":{"@id":"https:\/\/amautaenlinea.com\/blog\/encuesta-sares-dirigida-a-docentes-y-auxiliares-sobre-un-posible-retorno-a-la-presencialidad\/#breadcrumb"},"inLanguage":"es","potentialAction":[{"@type":"ReadAction","target":["https:\/\/amautaenlinea.com\/blog\/encuesta-sares-dirigida-a-docentes-y-auxiliares-sobre-un-posible-retorno-a-la-presencialidad\/"]}]},{"@type":"ImageObject","inLanguage":"es","@id":"https:\/\/amautaenlinea.com\/blog\/encuesta-sares-dirigida-a-docentes-y-auxiliares-sobre-un-posible-retorno-a-la-presencialidad\/#primaryimage","url":"https:\/\/amautaenlinea.com\/blog\/wp-content\/uploads\/2021\/09\/Encuesta-SARES-dirigida-a-docentes-y-auxiliares-sobre-un-posible-retorno-a-la-presencialidad.png","contentUrl":"https:\/\/amautaenlinea.com\/blog\/wp-content\/uploads\/2021\/09\/Encuesta-SARES-dirigida-a-docentes-y-auxiliares-sobre-un-posible-retorno-a-la-presencialidad.png","width":1280,"height":720,"caption":"Encuesta-SARES-dirigida-a-docentes-y-auxiliares-sobre-un-posible-retorno-a-la-presencialidad"},{"@type":"BreadcrumbList","@id":"https:\/\/amautaenlinea.com\/blog\/encuesta-sares-dirigida-a-docentes-y-auxiliares-sobre-un-posible-retorno-a-la-presencialidad\/#breadcrumb","itemListElement":[{"@type":"ListItem","position":1,"name":"Portada","item":"https:\/\/amautaenlinea.com\/blog\/"},{"@type":"ListItem","position":2,"name":"Encuesta SARES dirigida a docentes y auxiliares sobre un posible retorno a la presencialidad"}]},{"@type":"WebSite","@id":"https:\/\/amautaenlinea.com\/blog\/#website","url":"https:\/\/amautaenlinea.com\/blog\/","name":"Grupo AMAUTA","description":"","publisher":{"@id":"https:\/\/amautaenlinea.com\/blog\/#organization"},"potentialAction":[{"@type":"SearchAction","target":{"@type":"EntryPoint","urlTemplate":"https:\/\/amautaenlinea.com\/blog\/?s={search_term_string}"},"query-input":{"@type":"PropertyValueSpecification","valueRequired":true,"valueName":"search_term_string"}}],"inLanguage":"es"},{"@type":"Organization","@id":"https:\/\/amautaenlinea.com\/blog\/#organization","name":"Grupo AMAUTA E-BUSINESS","url":"https:\/\/amautaenlinea.com\/blog\/","logo":{"@type":"ImageObject","inLanguage":"es","@id":"https:\/\/amautaenlinea.com\/blog\/#\/schema\/logo\/image\/","url":"https:\/\/amautaenlinea.com\/blog\/wp-content\/uploads\/2023\/09\/logo-amauta.png","contentUrl":"https:\/\/amautaenlinea.com\/blog\/wp-content\/uploads\/2023\/09\/logo-amauta.png","width":1124,"height":368,"caption":"Grupo AMAUTA E-BUSINESS"},"image":{"@id":"https:\/\/amautaenlinea.com\/blog\/#\/schema\/logo\/image\/"},"sameAs":["https:\/\/www.facebook.com\/amautaperu.org\/"]},{"@type":"Person","@id":"https:\/\/amautaenlinea.com\/blog\/#\/schema\/person\/d8d4b5d672e9edb72a6f23fd40dd31d5","name":"Grupo AMAUTA EBUSINESS","image":{"@type":"ImageObject","inLanguage":"es","@id":"https:\/\/secure.gravatar.com\/avatar\/97706b54c222a710310e2db50e02e68de0a4c8bb76654bcc4053b08241c6bd6c?s=96&d=mm&r=g","url":"https:\/\/secure.gravatar.com\/avatar\/97706b54c222a710310e2db50e02e68de0a4c8bb76654bcc4053b08241c6bd6c?s=96&d=mm&r=g","contentUrl":"https:\/\/secure.gravatar.com\/avatar\/97706b54c222a710310e2db50e02e68de0a4c8bb76654bcc4053b08241c6bd6c?s=96&d=mm&r=g","caption":"Grupo AMAUTA EBUSINESS"}}]}},"_links":{"self":[{"href":"https:\/\/amautaenlinea.com\/blog\/wp-json\/wp\/v2\/posts\/8580","targetHints":{"allow":["GET"]}}],"collection":[{"href":"https:\/\/amautaenlinea.com\/blog\/wp-json\/wp\/v2\/posts"}],"about":[{"href":"https:\/\/amautaenlinea.com\/blog\/wp-json\/wp\/v2\/types\/post"}],"author":[{"embeddable":true,"href":"https:\/\/amautaenlinea.com\/blog\/wp-json\/wp\/v2\/users\/1"}],"replies":[{"embeddable":true,"href":"https:\/\/amautaenlinea.com\/blog\/wp-json\/wp\/v2\/comments?post=8580"}],"version-history":[{"count":0,"href":"https:\/\/amautaenlinea.com\/blog\/wp-json\/wp\/v2\/posts\/8580\/revisions"}],"wp:featuredmedia":[{"embeddable":true,"href":"https:\/\/amautaenlinea.com\/blog\/wp-json\/wp\/v2\/media\/8581"}],"wp:attachment":[{"href":"https:\/\/amautaenlinea.com\/blog\/wp-json\/wp\/v2\/media?parent=8580"}],"wp:term":[{"taxonomy":"category","embeddable":true,"href":"https:\/\/amautaenlinea.com\/blog\/wp-json\/wp\/v2\/categories?post=8580"},{"taxonomy":"post_tag","embeddable":true,"href":"https:\/\/amautaenlinea.com\/blog\/wp-json\/wp\/v2\/tags?post=8580"}],"curies":[{"name":"wp","href":"https:\/\/api.w.org\/{rel}","templated":true}]}}