{"id":8559,"date":"2021-09-25T19:55:37","date_gmt":"2021-09-25T19:55:37","guid":{"rendered":"https:\/\/amautaenlinea.com\/blog\/?p=8559"},"modified":"2021-09-25T20:04:16","modified_gmt":"2021-09-25T20:04:16","slug":"minedu-orienta-a-los-docentes-nombrados-como-sera-el-proceso-de-reasignacion-que-sera-en-octubre-2021","status":"publish","type":"post","link":"https:\/\/amautaenlinea.com\/blog\/minedu-orienta-a-los-docentes-nombrados-como-sera-el-proceso-de-reasignacion-que-sera-en-octubre-2021\/","title":{"rendered":"Minedu orienta a los docentes nombrados c\u00f3mo ser\u00e1 el proceso de reasignaci\u00f3n que ser\u00e1 en Octubre 2021"},"content":{"rendered":"<p>El proceso de inscripci\u00f3n para la reasignaci\u00f3n por unidad familiar o inter\u00e9s personal se inicia la primera semana de octubre.<\/p>\n<p>El Ministerio de Educaci\u00f3n (Minedu) anunci\u00f3 el inicio del proceso de <strong>reasignaci\u00f3n docente 2021 por las causales de inter\u00e9s personal y unidad familiar<\/strong> que permitir\u00e1 a miles de docente trasladarse a otra instituci\u00f3n educativa para estar m\u00e1s cerca a su familia o avanzar en sus metas profesionales en el contexto de la emergencia sanitaria.<\/p>\n<p>El proceso, que ha sido adaptado al entorno virtual, brinda este a\u00f1o facilidades a los docentes para la presentaci\u00f3n de requisitos y mayores oportunidades para los docentes que laboran en zona rural, VRAEM y frontera.<\/p>\n<p>Con el objetivo de brindar mayor transparencia al proceso, e<strong>l Minedu realizar\u00e1 el pr\u00f3ximo 30 de setiembre la publicaci\u00f3n de las plazas a nivel nacional<\/strong>, mientras que el proceso de inscripci\u00f3n se iniciar\u00e1 la primera semana de octubre.<\/p>\n<p>La reasignaci\u00f3n permite al docente nombrado trasladarse a otra instituci\u00f3n educativa p\u00fablica, manteniendo las mismas caracter\u00edsticas de su plaza de origen. Pueden participar de este proceso los\/las docentes nombrados\/as, as\u00ed como directivos de las instituciones educativas y especialistas de educaci\u00f3n de las UGEL y DRE.<\/p>\n<p>Para participar, los\/las docentes podr\u00e1n presentar su solicitud de reasignaci\u00f3n por la mesa de partes virtual o f\u00edsica de la UGEL o DRE a la que desean trasladarse, a partir de la primera semana de octubre, de acuerdo con el cronograma de su regi\u00f3n, adjuntando la documentaci\u00f3n que acredita el cumplimiento de los requisitos y los criterios de evaluaci\u00f3n. La solicitud deber\u00e1 especificar la etapa en la que postula, regional o interregional, y la causal del pedido, ya sea por inter\u00e9s personal o por unidad familiar.<\/p>\n<p>En el proceso se calificar\u00e1n tres criterios de evaluaci\u00f3n: <strong>la escala magisterial en la que se ubica el\/la docente, el tiempo de servicio oficial en la Carrera P\u00fablica Magisterial, y el estar laborando o haber laborado en zona rural, frontera y VRAEM.<\/strong><\/p>\n<p>Durante el 2019 y 2020 m\u00e1s de 17 000 docentes y directivos de instituciones educativas pudieron reasignarse y estar m\u00e1s cerca de su familia para cuidar de los suyos en el contexto de la emergencia sanitaria.<\/p>\n<p>Para acceder a informaci\u00f3n y materiales sobre el proceso, as\u00ed como la relaci\u00f3n de las plazas, los interesados pueden ingresar a la p\u00e1gina web: <a href=\"https:\/\/www.minedu.gob.pe\/reforma-magisterial\/\" target=\"_blank\" rel=\"noopener\">https:\/\/www.minedu.gob.pe\/reforma-magisterial\/<\/a><br \/>\nAsimismo, para orientar la postulaci\u00f3n de docentes y directivos, el martes 28 de setiembre de 2:00 a 3:30 p.m, el Minedu realizar\u00e1 una transmisi\u00f3n en vivo a trav\u00e9s del Facebook de Per\u00faEduca, durante la cual se absolver\u00e1n consultas en l\u00ednea.<\/p>\n<p><strong>Fuente: Minedu oficina de Prensa<\/strong><\/p>\n","protected":false},"excerpt":{"rendered":"<p>El proceso de inscripci\u00f3n para la reasignaci\u00f3n por unidad familiar o inter\u00e9s personal se inicia la primera semana de octubre. El Ministerio de Educaci\u00f3n<\/p>\n","protected":false},"author":1,"featured_media":8560,"comment_status":"open","ping_status":"open","sticky":false,"template":"","format":"standard","meta":{"footnotes":""},"categories":[4],"tags":[814],"class_list":["post-8559","post","type-post","status-publish","format-standard","has-post-thumbnail","hentry","category-educacion","tag-minedu-orienta-a-los-docentes-nombrados-como-sera-el-proceso-de-reasignacion-que-sera-en-octubre-2021"],"yoast_head":"<!-- This site is optimized with the Yoast SEO Premium plugin v21.2 (Yoast SEO v27.5) - https:\/\/yoast.com\/product\/yoast-seo-premium-wordpress\/ -->\n<title>\u25b7 Minedu orienta a los docentes nombrados c\u00f3mo ser\u00e1 el proceso de reasignaci\u00f3n que ser\u00e1 en Octubre 2021 \u2705<\/title>\n<meta name=\"description\" content=\"\u27a8 Minedu orienta a los docentes nombrados c\u00f3mo ser\u00e1 el proceso de reasignaci\u00f3n que ser\u00e1 en Octubre 2021\" \/>\n<meta name=\"robots\" content=\"index, follow, max-snippet:-1, max-image-preview:large, max-video-preview:-1\" \/>\n<link rel=\"canonical\" href=\"https:\/\/amautaenlinea.com\/blog\/minedu-orienta-a-los-docentes-nombrados-como-sera-el-proceso-de-reasignacion-que-sera-en-octubre-2021\/\" \/>\n<meta property=\"og:locale\" content=\"es_ES\" \/>\n<meta property=\"og:type\" content=\"article\" \/>\n<meta property=\"og:title\" content=\"Minedu orienta a los docentes nombrados c\u00f3mo ser\u00e1 el proceso de reasignaci\u00f3n que ser\u00e1 en Octubre 2021\" \/>\n<meta property=\"og:description\" content=\"\u27a8 Minedu orienta a los docentes nombrados c\u00f3mo ser\u00e1 el proceso de reasignaci\u00f3n que ser\u00e1 en Octubre 2021\" \/>\n<meta property=\"og:url\" content=\"https:\/\/amautaenlinea.com\/blog\/minedu-orienta-a-los-docentes-nombrados-como-sera-el-proceso-de-reasignacion-que-sera-en-octubre-2021\/\" \/>\n<meta property=\"og:site_name\" content=\"Grupo AMAUTA\" \/>\n<meta property=\"article:publisher\" content=\"https:\/\/www.facebook.com\/amautaperu.org\/\" \/>\n<meta property=\"article:published_time\" content=\"2021-09-25T19:55:37+00:00\" \/>\n<meta property=\"article:modified_time\" content=\"2021-09-25T20:04:16+00:00\" \/>\n<meta property=\"og:image\" content=\"https:\/\/amautaenlinea.com\/blog\/wp-content\/uploads\/2021\/09\/Minedu-orienta-a-los-docentes-nombrados-como-sera-el-proceso-de-reasignacion-que-sera-en-Octubre-2021.png\" \/>\n\t<meta property=\"og:image:width\" content=\"1280\" \/>\n\t<meta property=\"og:image:height\" content=\"720\" \/>\n\t<meta property=\"og:image:type\" content=\"image\/png\" \/>\n<meta name=\"author\" content=\"Grupo AMAUTA EBUSINESS\" \/>\n<meta name=\"twitter:card\" content=\"summary_large_image\" \/>\n<script type=\"application\/ld+json\" class=\"yoast-schema-graph\">{\"@context\":\"https:\\\/\\\/schema.org\",\"@graph\":[{\"@type\":\"Article\",\"@id\":\"https:\\\/\\\/amautaenlinea.com\\\/blog\\\/minedu-orienta-a-los-docentes-nombrados-como-sera-el-proceso-de-reasignacion-que-sera-en-octubre-2021\\\/#article\",\"isPartOf\":{\"@id\":\"https:\\\/\\\/amautaenlinea.com\\\/blog\\\/minedu-orienta-a-los-docentes-nombrados-como-sera-el-proceso-de-reasignacion-que-sera-en-octubre-2021\\\/\"},\"author\":{\"name\":\"Grupo AMAUTA EBUSINESS\",\"@id\":\"https:\\\/\\\/amautaenlinea.com\\\/blog\\\/#\\\/schema\\\/person\\\/d8d4b5d672e9edb72a6f23fd40dd31d5\"},\"headline\":\"Minedu orienta a los docentes nombrados c\u00f3mo ser\u00e1 el proceso de reasignaci\u00f3n que ser\u00e1 en Octubre 2021\",\"datePublished\":\"2021-09-25T19:55:37+00:00\",\"dateModified\":\"2021-09-25T20:04:16+00:00\",\"mainEntityOfPage\":{\"@id\":\"https:\\\/\\\/amautaenlinea.com\\\/blog\\\/minedu-orienta-a-los-docentes-nombrados-como-sera-el-proceso-de-reasignacion-que-sera-en-octubre-2021\\\/\"},\"wordCount\":484,\"commentCount\":0,\"publisher\":{\"@id\":\"https:\\\/\\\/amautaenlinea.com\\\/blog\\\/#organization\"},\"image\":{\"@id\":\"https:\\\/\\\/amautaenlinea.com\\\/blog\\\/minedu-orienta-a-los-docentes-nombrados-como-sera-el-proceso-de-reasignacion-que-sera-en-octubre-2021\\\/#primaryimage\"},\"thumbnailUrl\":\"https:\\\/\\\/amautaenlinea.com\\\/blog\\\/wp-content\\\/uploads\\\/2021\\\/09\\\/Minedu-orienta-a-los-docentes-nombrados-como-sera-el-proceso-de-reasignacion-que-sera-en-Octubre-2021.png\",\"keywords\":[\"Minedu orienta a los docentes nombrados c\u00f3mo ser\u00e1 el proceso de reasignaci\u00f3n que ser\u00e1 en Octubre 2021\"],\"articleSection\":[\"Educaci\u00f3n\"],\"inLanguage\":\"es\",\"potentialAction\":[{\"@type\":\"CommentAction\",\"name\":\"Comment\",\"target\":[\"https:\\\/\\\/amautaenlinea.com\\\/blog\\\/minedu-orienta-a-los-docentes-nombrados-como-sera-el-proceso-de-reasignacion-que-sera-en-octubre-2021\\\/#respond\"]}],\"copyrightYear\":\"2021\",\"copyrightHolder\":{\"@id\":\"https:\\\/\\\/amautaenlinea.com\\\/blog\\\/#organization\"}},{\"@type\":\"WebPage\",\"@id\":\"https:\\\/\\\/amautaenlinea.com\\\/blog\\\/minedu-orienta-a-los-docentes-nombrados-como-sera-el-proceso-de-reasignacion-que-sera-en-octubre-2021\\\/\",\"url\":\"https:\\\/\\\/amautaenlinea.com\\\/blog\\\/minedu-orienta-a-los-docentes-nombrados-como-sera-el-proceso-de-reasignacion-que-sera-en-octubre-2021\\\/\",\"name\":\"\u25b7 Minedu orienta a los docentes nombrados c\u00f3mo ser\u00e1 el proceso de reasignaci\u00f3n que ser\u00e1 en Octubre 2021 \u2705\",\"isPartOf\":{\"@id\":\"https:\\\/\\\/amautaenlinea.com\\\/blog\\\/#website\"},\"primaryImageOfPage\":{\"@id\":\"https:\\\/\\\/amautaenlinea.com\\\/blog\\\/minedu-orienta-a-los-docentes-nombrados-como-sera-el-proceso-de-reasignacion-que-sera-en-octubre-2021\\\/#primaryimage\"},\"image\":{\"@id\":\"https:\\\/\\\/amautaenlinea.com\\\/blog\\\/minedu-orienta-a-los-docentes-nombrados-como-sera-el-proceso-de-reasignacion-que-sera-en-octubre-2021\\\/#primaryimage\"},\"thumbnailUrl\":\"https:\\\/\\\/amautaenlinea.com\\\/blog\\\/wp-content\\\/uploads\\\/2021\\\/09\\\/Minedu-orienta-a-los-docentes-nombrados-como-sera-el-proceso-de-reasignacion-que-sera-en-Octubre-2021.png\",\"datePublished\":\"2021-09-25T19:55:37+00:00\",\"dateModified\":\"2021-09-25T20:04:16+00:00\",\"description\":\"\u27a8 Minedu orienta a los docentes nombrados c\u00f3mo ser\u00e1 el proceso de reasignaci\u00f3n que ser\u00e1 en Octubre 2021\",\"breadcrumb\":{\"@id\":\"https:\\\/\\\/amautaenlinea.com\\\/blog\\\/minedu-orienta-a-los-docentes-nombrados-como-sera-el-proceso-de-reasignacion-que-sera-en-octubre-2021\\\/#breadcrumb\"},\"inLanguage\":\"es\",\"potentialAction\":[{\"@type\":\"ReadAction\",\"target\":[\"https:\\\/\\\/amautaenlinea.com\\\/blog\\\/minedu-orienta-a-los-docentes-nombrados-como-sera-el-proceso-de-reasignacion-que-sera-en-octubre-2021\\\/\"]}]},{\"@type\":\"ImageObject\",\"inLanguage\":\"es\",\"@id\":\"https:\\\/\\\/amautaenlinea.com\\\/blog\\\/minedu-orienta-a-los-docentes-nombrados-como-sera-el-proceso-de-reasignacion-que-sera-en-octubre-2021\\\/#primaryimage\",\"url\":\"https:\\\/\\\/amautaenlinea.com\\\/blog\\\/wp-content\\\/uploads\\\/2021\\\/09\\\/Minedu-orienta-a-los-docentes-nombrados-como-sera-el-proceso-de-reasignacion-que-sera-en-Octubre-2021.png\",\"contentUrl\":\"https:\\\/\\\/amautaenlinea.com\\\/blog\\\/wp-content\\\/uploads\\\/2021\\\/09\\\/Minedu-orienta-a-los-docentes-nombrados-como-sera-el-proceso-de-reasignacion-que-sera-en-Octubre-2021.png\",\"width\":1280,\"height\":720,\"caption\":\"Minedu-orienta-a-los-docentes-nombrados-c\u00f3mo-ser\u00e1-el-proceso-de-reasignaci\u00f3n-que-ser\u00e1-en-Octubre-2021\"},{\"@type\":\"BreadcrumbList\",\"@id\":\"https:\\\/\\\/amautaenlinea.com\\\/blog\\\/minedu-orienta-a-los-docentes-nombrados-como-sera-el-proceso-de-reasignacion-que-sera-en-octubre-2021\\\/#breadcrumb\",\"itemListElement\":[{\"@type\":\"ListItem\",\"position\":1,\"name\":\"Portada\",\"item\":\"https:\\\/\\\/amautaenlinea.com\\\/blog\\\/\"},{\"@type\":\"ListItem\",\"position\":2,\"name\":\"Minedu orienta a los docentes nombrados c\u00f3mo ser\u00e1 el proceso de reasignaci\u00f3n que ser\u00e1 en Octubre 2021\"}]},{\"@type\":\"WebSite\",\"@id\":\"https:\\\/\\\/amautaenlinea.com\\\/blog\\\/#website\",\"url\":\"https:\\\/\\\/amautaenlinea.com\\\/blog\\\/\",\"name\":\"Grupo AMAUTA\",\"description\":\"\",\"publisher\":{\"@id\":\"https:\\\/\\\/amautaenlinea.com\\\/blog\\\/#organization\"},\"potentialAction\":[{\"@type\":\"SearchAction\",\"target\":{\"@type\":\"EntryPoint\",\"urlTemplate\":\"https:\\\/\\\/amautaenlinea.com\\\/blog\\\/?s={search_term_string}\"},\"query-input\":{\"@type\":\"PropertyValueSpecification\",\"valueRequired\":true,\"valueName\":\"search_term_string\"}}],\"inLanguage\":\"es\"},{\"@type\":\"Organization\",\"@id\":\"https:\\\/\\\/amautaenlinea.com\\\/blog\\\/#organization\",\"name\":\"Grupo AMAUTA E-BUSINESS\",\"url\":\"https:\\\/\\\/amautaenlinea.com\\\/blog\\\/\",\"logo\":{\"@type\":\"ImageObject\",\"inLanguage\":\"es\",\"@id\":\"https:\\\/\\\/amautaenlinea.com\\\/blog\\\/#\\\/schema\\\/logo\\\/image\\\/\",\"url\":\"https:\\\/\\\/amautaenlinea.com\\\/blog\\\/wp-content\\\/uploads\\\/2023\\\/09\\\/logo-amauta.png\",\"contentUrl\":\"https:\\\/\\\/amautaenlinea.com\\\/blog\\\/wp-content\\\/uploads\\\/2023\\\/09\\\/logo-amauta.png\",\"width\":1124,\"height\":368,\"caption\":\"Grupo AMAUTA E-BUSINESS\"},\"image\":{\"@id\":\"https:\\\/\\\/amautaenlinea.com\\\/blog\\\/#\\\/schema\\\/logo\\\/image\\\/\"},\"sameAs\":[\"https:\\\/\\\/www.facebook.com\\\/amautaperu.org\\\/\"]},{\"@type\":\"Person\",\"@id\":\"https:\\\/\\\/amautaenlinea.com\\\/blog\\\/#\\\/schema\\\/person\\\/d8d4b5d672e9edb72a6f23fd40dd31d5\",\"name\":\"Grupo AMAUTA EBUSINESS\",\"image\":{\"@type\":\"ImageObject\",\"inLanguage\":\"es\",\"@id\":\"https:\\\/\\\/secure.gravatar.com\\\/avatar\\\/97706b54c222a710310e2db50e02e68de0a4c8bb76654bcc4053b08241c6bd6c?s=96&d=mm&r=g\",\"url\":\"https:\\\/\\\/secure.gravatar.com\\\/avatar\\\/97706b54c222a710310e2db50e02e68de0a4c8bb76654bcc4053b08241c6bd6c?s=96&d=mm&r=g\",\"contentUrl\":\"https:\\\/\\\/secure.gravatar.com\\\/avatar\\\/97706b54c222a710310e2db50e02e68de0a4c8bb76654bcc4053b08241c6bd6c?s=96&d=mm&r=g\",\"caption\":\"Grupo AMAUTA EBUSINESS\"}}]}<\/script>\n<!-- \/ Yoast SEO Premium plugin. -->","yoast_head_json":{"title":"\u25b7 Minedu orienta a los docentes nombrados c\u00f3mo ser\u00e1 el proceso de reasignaci\u00f3n que ser\u00e1 en Octubre 2021 \u2705","description":"\u27a8 Minedu orienta a los docentes nombrados c\u00f3mo ser\u00e1 el proceso de reasignaci\u00f3n que ser\u00e1 en Octubre 2021","robots":{"index":"index","follow":"follow","max-snippet":"max-snippet:-1","max-image-preview":"max-image-preview:large","max-video-preview":"max-video-preview:-1"},"canonical":"https:\/\/amautaenlinea.com\/blog\/minedu-orienta-a-los-docentes-nombrados-como-sera-el-proceso-de-reasignacion-que-sera-en-octubre-2021\/","og_locale":"es_ES","og_type":"article","og_title":"Minedu orienta a los docentes nombrados c\u00f3mo ser\u00e1 el proceso de reasignaci\u00f3n que ser\u00e1 en Octubre 2021","og_description":"\u27a8 Minedu orienta a los docentes nombrados c\u00f3mo ser\u00e1 el proceso de reasignaci\u00f3n que ser\u00e1 en Octubre 2021","og_url":"https:\/\/amautaenlinea.com\/blog\/minedu-orienta-a-los-docentes-nombrados-como-sera-el-proceso-de-reasignacion-que-sera-en-octubre-2021\/","og_site_name":"Grupo AMAUTA","article_publisher":"https:\/\/www.facebook.com\/amautaperu.org\/","article_published_time":"2021-09-25T19:55:37+00:00","article_modified_time":"2021-09-25T20:04:16+00:00","og_image":[{"width":1280,"height":720,"url":"https:\/\/amautaenlinea.com\/blog\/wp-content\/uploads\/2021\/09\/Minedu-orienta-a-los-docentes-nombrados-como-sera-el-proceso-de-reasignacion-que-sera-en-Octubre-2021.png","type":"image\/png"}],"author":"Grupo AMAUTA EBUSINESS","twitter_card":"summary_large_image","schema":{"@context":"https:\/\/schema.org","@graph":[{"@type":"Article","@id":"https:\/\/amautaenlinea.com\/blog\/minedu-orienta-a-los-docentes-nombrados-como-sera-el-proceso-de-reasignacion-que-sera-en-octubre-2021\/#article","isPartOf":{"@id":"https:\/\/amautaenlinea.com\/blog\/minedu-orienta-a-los-docentes-nombrados-como-sera-el-proceso-de-reasignacion-que-sera-en-octubre-2021\/"},"author":{"name":"Grupo AMAUTA EBUSINESS","@id":"https:\/\/amautaenlinea.com\/blog\/#\/schema\/person\/d8d4b5d672e9edb72a6f23fd40dd31d5"},"headline":"Minedu orienta a los docentes nombrados c\u00f3mo ser\u00e1 el proceso de reasignaci\u00f3n que ser\u00e1 en Octubre 2021","datePublished":"2021-09-25T19:55:37+00:00","dateModified":"2021-09-25T20:04:16+00:00","mainEntityOfPage":{"@id":"https:\/\/amautaenlinea.com\/blog\/minedu-orienta-a-los-docentes-nombrados-como-sera-el-proceso-de-reasignacion-que-sera-en-octubre-2021\/"},"wordCount":484,"commentCount":0,"publisher":{"@id":"https:\/\/amautaenlinea.com\/blog\/#organization"},"image":{"@id":"https:\/\/amautaenlinea.com\/blog\/minedu-orienta-a-los-docentes-nombrados-como-sera-el-proceso-de-reasignacion-que-sera-en-octubre-2021\/#primaryimage"},"thumbnailUrl":"https:\/\/amautaenlinea.com\/blog\/wp-content\/uploads\/2021\/09\/Minedu-orienta-a-los-docentes-nombrados-como-sera-el-proceso-de-reasignacion-que-sera-en-Octubre-2021.png","keywords":["Minedu orienta a los docentes nombrados c\u00f3mo ser\u00e1 el proceso de reasignaci\u00f3n que ser\u00e1 en Octubre 2021"],"articleSection":["Educaci\u00f3n"],"inLanguage":"es","potentialAction":[{"@type":"CommentAction","name":"Comment","target":["https:\/\/amautaenlinea.com\/blog\/minedu-orienta-a-los-docentes-nombrados-como-sera-el-proceso-de-reasignacion-que-sera-en-octubre-2021\/#respond"]}],"copyrightYear":"2021","copyrightHolder":{"@id":"https:\/\/amautaenlinea.com\/blog\/#organization"}},{"@type":"WebPage","@id":"https:\/\/amautaenlinea.com\/blog\/minedu-orienta-a-los-docentes-nombrados-como-sera-el-proceso-de-reasignacion-que-sera-en-octubre-2021\/","url":"https:\/\/amautaenlinea.com\/blog\/minedu-orienta-a-los-docentes-nombrados-como-sera-el-proceso-de-reasignacion-que-sera-en-octubre-2021\/","name":"\u25b7 Minedu orienta a los docentes nombrados c\u00f3mo ser\u00e1 el proceso de reasignaci\u00f3n que ser\u00e1 en Octubre 2021 \u2705","isPartOf":{"@id":"https:\/\/amautaenlinea.com\/blog\/#website"},"primaryImageOfPage":{"@id":"https:\/\/amautaenlinea.com\/blog\/minedu-orienta-a-los-docentes-nombrados-como-sera-el-proceso-de-reasignacion-que-sera-en-octubre-2021\/#primaryimage"},"image":{"@id":"https:\/\/amautaenlinea.com\/blog\/minedu-orienta-a-los-docentes-nombrados-como-sera-el-proceso-de-reasignacion-que-sera-en-octubre-2021\/#primaryimage"},"thumbnailUrl":"https:\/\/amautaenlinea.com\/blog\/wp-content\/uploads\/2021\/09\/Minedu-orienta-a-los-docentes-nombrados-como-sera-el-proceso-de-reasignacion-que-sera-en-Octubre-2021.png","datePublished":"2021-09-25T19:55:37+00:00","dateModified":"2021-09-25T20:04:16+00:00","description":"\u27a8 Minedu orienta a los docentes nombrados c\u00f3mo ser\u00e1 el proceso de reasignaci\u00f3n que ser\u00e1 en Octubre 2021","breadcrumb":{"@id":"https:\/\/amautaenlinea.com\/blog\/minedu-orienta-a-los-docentes-nombrados-como-sera-el-proceso-de-reasignacion-que-sera-en-octubre-2021\/#breadcrumb"},"inLanguage":"es","potentialAction":[{"@type":"ReadAction","target":["https:\/\/amautaenlinea.com\/blog\/minedu-orienta-a-los-docentes-nombrados-como-sera-el-proceso-de-reasignacion-que-sera-en-octubre-2021\/"]}]},{"@type":"ImageObject","inLanguage":"es","@id":"https:\/\/amautaenlinea.com\/blog\/minedu-orienta-a-los-docentes-nombrados-como-sera-el-proceso-de-reasignacion-que-sera-en-octubre-2021\/#primaryimage","url":"https:\/\/amautaenlinea.com\/blog\/wp-content\/uploads\/2021\/09\/Minedu-orienta-a-los-docentes-nombrados-como-sera-el-proceso-de-reasignacion-que-sera-en-Octubre-2021.png","contentUrl":"https:\/\/amautaenlinea.com\/blog\/wp-content\/uploads\/2021\/09\/Minedu-orienta-a-los-docentes-nombrados-como-sera-el-proceso-de-reasignacion-que-sera-en-Octubre-2021.png","width":1280,"height":720,"caption":"Minedu-orienta-a-los-docentes-nombrados-c\u00f3mo-ser\u00e1-el-proceso-de-reasignaci\u00f3n-que-ser\u00e1-en-Octubre-2021"},{"@type":"BreadcrumbList","@id":"https:\/\/amautaenlinea.com\/blog\/minedu-orienta-a-los-docentes-nombrados-como-sera-el-proceso-de-reasignacion-que-sera-en-octubre-2021\/#breadcrumb","itemListElement":[{"@type":"ListItem","position":1,"name":"Portada","item":"https:\/\/amautaenlinea.com\/blog\/"},{"@type":"ListItem","position":2,"name":"Minedu orienta a los docentes nombrados c\u00f3mo ser\u00e1 el proceso de reasignaci\u00f3n que ser\u00e1 en Octubre 2021"}]},{"@type":"WebSite","@id":"https:\/\/amautaenlinea.com\/blog\/#website","url":"https:\/\/amautaenlinea.com\/blog\/","name":"Grupo AMAUTA","description":"","publisher":{"@id":"https:\/\/amautaenlinea.com\/blog\/#organization"},"potentialAction":[{"@type":"SearchAction","target":{"@type":"EntryPoint","urlTemplate":"https:\/\/amautaenlinea.com\/blog\/?s={search_term_string}"},"query-input":{"@type":"PropertyValueSpecification","valueRequired":true,"valueName":"search_term_string"}}],"inLanguage":"es"},{"@type":"Organization","@id":"https:\/\/amautaenlinea.com\/blog\/#organization","name":"Grupo AMAUTA E-BUSINESS","url":"https:\/\/amautaenlinea.com\/blog\/","logo":{"@type":"ImageObject","inLanguage":"es","@id":"https:\/\/amautaenlinea.com\/blog\/#\/schema\/logo\/image\/","url":"https:\/\/amautaenlinea.com\/blog\/wp-content\/uploads\/2023\/09\/logo-amauta.png","contentUrl":"https:\/\/amautaenlinea.com\/blog\/wp-content\/uploads\/2023\/09\/logo-amauta.png","width":1124,"height":368,"caption":"Grupo AMAUTA E-BUSINESS"},"image":{"@id":"https:\/\/amautaenlinea.com\/blog\/#\/schema\/logo\/image\/"},"sameAs":["https:\/\/www.facebook.com\/amautaperu.org\/"]},{"@type":"Person","@id":"https:\/\/amautaenlinea.com\/blog\/#\/schema\/person\/d8d4b5d672e9edb72a6f23fd40dd31d5","name":"Grupo AMAUTA EBUSINESS","image":{"@type":"ImageObject","inLanguage":"es","@id":"https:\/\/secure.gravatar.com\/avatar\/97706b54c222a710310e2db50e02e68de0a4c8bb76654bcc4053b08241c6bd6c?s=96&d=mm&r=g","url":"https:\/\/secure.gravatar.com\/avatar\/97706b54c222a710310e2db50e02e68de0a4c8bb76654bcc4053b08241c6bd6c?s=96&d=mm&r=g","contentUrl":"https:\/\/secure.gravatar.com\/avatar\/97706b54c222a710310e2db50e02e68de0a4c8bb76654bcc4053b08241c6bd6c?s=96&d=mm&r=g","caption":"Grupo AMAUTA EBUSINESS"}}]}},"_links":{"self":[{"href":"https:\/\/amautaenlinea.com\/blog\/wp-json\/wp\/v2\/posts\/8559","targetHints":{"allow":["GET"]}}],"collection":[{"href":"https:\/\/amautaenlinea.com\/blog\/wp-json\/wp\/v2\/posts"}],"about":[{"href":"https:\/\/amautaenlinea.com\/blog\/wp-json\/wp\/v2\/types\/post"}],"author":[{"embeddable":true,"href":"https:\/\/amautaenlinea.com\/blog\/wp-json\/wp\/v2\/users\/1"}],"replies":[{"embeddable":true,"href":"https:\/\/amautaenlinea.com\/blog\/wp-json\/wp\/v2\/comments?post=8559"}],"version-history":[{"count":0,"href":"https:\/\/amautaenlinea.com\/blog\/wp-json\/wp\/v2\/posts\/8559\/revisions"}],"wp:featuredmedia":[{"embeddable":true,"href":"https:\/\/amautaenlinea.com\/blog\/wp-json\/wp\/v2\/media\/8560"}],"wp:attachment":[{"href":"https:\/\/amautaenlinea.com\/blog\/wp-json\/wp\/v2\/media?parent=8559"}],"wp:term":[{"taxonomy":"category","embeddable":true,"href":"https:\/\/amautaenlinea.com\/blog\/wp-json\/wp\/v2\/categories?post=8559"},{"taxonomy":"post_tag","embeddable":true,"href":"https:\/\/amautaenlinea.com\/blog\/wp-json\/wp\/v2\/tags?post=8559"}],"curies":[{"name":"wp","href":"https:\/\/api.w.org\/{rel}","templated":true}]}}