{"id":8541,"date":"2021-09-21T11:25:36","date_gmt":"2021-09-21T11:25:36","guid":{"rendered":"https:\/\/amautaenlinea.com\/blog\/?p=8541"},"modified":"2021-09-21T11:27:11","modified_gmt":"2021-09-21T11:27:11","slug":"urgente-320-mil-ninos-no-asistirian-a-las-aulas-el-2022-no-hay-razon-para-que-las-escuelas-continuen-cerradas","status":"publish","type":"post","link":"https:\/\/amautaenlinea.com\/blog\/urgente-320-mil-ninos-no-asistirian-a-las-aulas-el-2022-no-hay-razon-para-que-las-escuelas-continuen-cerradas\/","title":{"rendered":"\u00a1URGENTE! 320 mil ni\u00f1os no asistir\u00edan a las aulas el 2022 \u00a1No hay raz\u00f3n para que las escuelas contin\u00faen cerradas!"},"content":{"rendered":"<p class=\"story-content__font--secondary mb-25 title-xs line-h-md mt-20 secondary-font pr-20\">Adem\u00e1s -indic\u00f3 el ministro-\u00a0<u><b>319,943 estudiantes tendr\u00edan alto riesgo de interrumpir sus estudios el 2022, de acuerdo a las actas que dio a conocer este fin de semana programa Punto Final de Latina.<\/b><\/u><\/p>\n<p class=\"story-content__font--secondary mb-25 title-xs line-h-md mt-20 secondary-font pr-20\">A esta situaci\u00f3n se suma el efecto del COVID en el aprendizaje de los ni\u00f1os, ni\u00f1as y adolescentes: la proporci\u00f3n de estudiantes por debajo del nivel m\u00ednimo de rendimiento en PISA podr\u00eda aumentar -alerta el Minedu- en por lo menos 22 puntos porcentuales, es decir, a niveles por debajo del 2012.<\/p>\n<p class=\"story-content__font--secondary mb-25 title-xs line-h-md mt-20 secondary-font pr-20\">La pandemia est\u00e1 dejando -adem\u00e1s- un fuerte impacto emocional: el\u00a0<u><b>34% de los estudiantes de tercero de primaria y el 45% de estudiantes de primero de secundaria han experimentado s\u00edntomas de depresi\u00f3n y ansiedad el 2020.<\/b><\/u><\/p>\n<p class=\"story-content__font--secondary mb-25 title-xs line-h-md mt-20 secondary-font pr-20\">A esto panorama se suma la brecha de conectividad ya que 2.4 millones de estudiantes\u00a0<u><b>(6 de cada 10) de instituciones p\u00fablicas de cuarto de primaria a quinto de secundaria no tiene computadora con internet<\/b><\/u>. Mientras que el 56.5% no se encuentra beneficiado por el proyecto de cierre de brecha digital.<\/p>\n<p>Tras este diagn\u00f3stico, \u00bfqu\u00e9 ha hecho el gobierno de Pedro Castillo? En concreto, el \u00faltimo 20 de agosto se\u00a0<b>declar\u00f3 en estado de emergencia el sistema educativo<\/b>\u00a0durante el segundo semestre del 2021 hasta el primer semestre del 2022 y se dispuso que &#8211;<b>en 20 d\u00edas- se emitir\u00eda un plan de emergencia educativo<\/b>, que contenga las medidas que se adoptar\u00e1n en ese lapso.<\/p>\n<p><strong>El dia de hoy martes 21 de setiembre<\/strong> sali\u00f3 publicado en el diario el peruano el <a href=\"https:\/\/amautaenlinea.com\/blog\/aprueban-el-plan-nacional-de-emergencia-del-sistema-educativo-peruano-atencion-docente\/\">plan de emergencia educativo que regir\u00e1 para este segundo semestre del 2021 y primer semestre del 2022.<\/a><\/p>\n<p>A nivel nacional alrededor de 5,109 colegios de 20 regiones brindan el servicio educativo semipresencial, de los cuales 4,604 se encuentran habilitados y 505 no est\u00e1n habilitados. Adem\u00e1s, a nivel nacional:\u00a0<u><b>del total de instituciones educativas que han retornado a alg\u00fan grado de presencialidad el 96.7% se ubica en el \u00e1mbito rural; 51.5% son de nivel primaria y apenas 34.8% del nivel inicial<\/b><\/u>.<\/p>\n<p class=\"story-content__font--secondary mb-25 title-xs line-h-md mt-20 secondary-font pr-20\"><i><b>Lea Sulmont<\/b><\/i><i>,\u00a0<\/i>exintegrante del Consejo Nacional de Educaci\u00f3n y presidenta de<b>\u00a0CADE Educaci\u00f3n 2021<\/b>, indic\u00f3 -de otro lado- que se deben implementar acciones para el retorno progresivo a las aulas sobre todo de los ni\u00f1os m\u00e1s peque\u00f1os (de inicial y primaria) que son los m\u00e1s vulnerables.<\/p>\n<p class=\"story-content__font--secondary mb-25 title-xs line-h-md mt-20 secondary-font pr-20\">\u201c<i>No hay raz\u00f3n para que las escuelas contin\u00faen cerradas, si casi todas las actividades econ\u00f3micas est\u00e1n abiertas, cuando -adem\u00e1s- en otras partes del mundo se est\u00e1n dando una reapertura de las escuelas, manteniendo las modalidades h\u00edbridas\u201d,\u00a0<\/i>especific\u00f3.<\/p>\n<p class=\"story-content__font--secondary mb-25 title-xs line-h-md mt-20 secondary-font pr-20\"><i><b>Lea Sulmont<\/b><\/i><i>,\u00a0<\/i>exintegrante del Consejo Nacional de Educaci\u00f3n y presidenta de<b>\u00a0CADE Educaci\u00f3n 2021<\/b>, indic\u00f3 -de otro lado- que se deben implementar acciones para el retorno progresivo a las aulas sobre todo de los ni\u00f1os m\u00e1s peque\u00f1os (de inicial y primaria) que son los m\u00e1s vulnerables.<\/p>\n<p class=\"story-content__font--secondary mb-25 title-xs line-h-md mt-20 secondary-font pr-20\">\u201c<i>No hay raz\u00f3n para que las escuelas contin\u00faen cerradas, si casi todas las actividades econ\u00f3micas est\u00e1n abiertas, cuando -adem\u00e1s- en otras partes del mundo se est\u00e1n dando una reapertura de las escuelas, manteniendo las modalidades h\u00edbridas\u201d,\u00a0<\/i>especific\u00f3.<\/p>\n<p>Igualmente se\u00f1al\u00f3 que es b\u00e1sico acelerar la emisi\u00f3n de normativas que impulsen la incorporaci\u00f3n de modelos de educaci\u00f3n h\u00edbridos. \u201c<i>Todo lo que hemos aprendido a ra\u00edz de la pandemia se debe fortalecer como los modelos h\u00edbridos, lo que va a permitir un mayor alcance a otros poblaciones y diversificar las modalidades de formaci\u00f3n, por lo que se necesita marco normativos m\u00e1s flexibles\u201d.<\/i><\/p>\n<h3>Fuente: <a href=\"https:\/\/gestion.pe\/peru\/educacion-impacto-de-la-pandemia-minedu-educacion-en-rojo-320000-ninos-podrian-no-volver-a-las-aulas-el-2022-que-medidas-implementar-noticia\/\">Diario Gesti\u00f3n<\/a><\/h3>\n<p>&nbsp;<\/p>\n","protected":false},"excerpt":{"rendered":"<p>Adem\u00e1s -indic\u00f3 el ministro-\u00a0319,943 estudiantes tendr\u00edan alto riesgo de interrumpir sus estudios el 2022, de acuerdo a las actas que dio a conocer este<\/p>\n","protected":false},"author":1,"featured_media":8542,"comment_status":"open","ping_status":"open","sticky":false,"template":"","format":"standard","meta":{"footnotes":""},"categories":[4],"tags":[810],"class_list":["post-8541","post","type-post","status-publish","format-standard","has-post-thumbnail","hentry","category-educacion","tag-320-mil-ninos-no-asistirian-a-las-aulas-el-2022-no-hay-razon-para-que-las-escuelas-continuen-cerradas"],"yoast_head":"<!-- This site is optimized with the Yoast SEO Premium plugin v21.2 (Yoast SEO v27.5) - https:\/\/yoast.com\/product\/yoast-seo-premium-wordpress\/ -->\n<title>\u25b7 \u00a1URGENTE! 320 mil ni\u00f1os no asistir\u00edan a las aulas el 2022 \u00a1No hay raz\u00f3n para que las escuelas contin\u00faen cerradas! \u2705<\/title>\n<meta name=\"description\" content=\"\u27a8 320 mil ni\u00f1os no asistir\u00edan a las aulas el 2022 \u00a1No hay raz\u00f3n para que las escuelas contin\u00faen cerradas!\" \/>\n<meta name=\"robots\" content=\"index, follow, max-snippet:-1, max-image-preview:large, max-video-preview:-1\" \/>\n<link rel=\"canonical\" href=\"https:\/\/amautaenlinea.com\/blog\/urgente-320-mil-ninos-no-asistirian-a-las-aulas-el-2022-no-hay-razon-para-que-las-escuelas-continuen-cerradas\/\" \/>\n<meta property=\"og:locale\" content=\"es_ES\" \/>\n<meta property=\"og:type\" content=\"article\" \/>\n<meta property=\"og:title\" content=\"\u00a1URGENTE! 320 mil ni\u00f1os no asistir\u00edan a las aulas el 2022 \u00a1No hay raz\u00f3n para que las escuelas contin\u00faen cerradas!\" \/>\n<meta property=\"og:description\" content=\"\u27a8 320 mil ni\u00f1os no asistir\u00edan a las aulas el 2022 \u00a1No hay raz\u00f3n para que las escuelas contin\u00faen cerradas!\" \/>\n<meta property=\"og:url\" content=\"https:\/\/amautaenlinea.com\/blog\/urgente-320-mil-ninos-no-asistirian-a-las-aulas-el-2022-no-hay-razon-para-que-las-escuelas-continuen-cerradas\/\" \/>\n<meta property=\"og:site_name\" content=\"Grupo AMAUTA\" \/>\n<meta property=\"article:publisher\" content=\"https:\/\/www.facebook.com\/amautaperu.org\/\" \/>\n<meta property=\"article:published_time\" content=\"2021-09-21T11:25:36+00:00\" \/>\n<meta property=\"article:modified_time\" content=\"2021-09-21T11:27:11+00:00\" \/>\n<meta property=\"og:image\" content=\"https:\/\/amautaenlinea.com\/blog\/wp-content\/uploads\/2021\/09\/\u00a1URGENTE-320-mil-ninos-no-asistirian-a-las-aulas-el-2022-\u00a1No-hay-razon-para-que-las-escuelas-continuen-cerradas.png\" \/>\n\t<meta property=\"og:image:width\" content=\"1280\" \/>\n\t<meta property=\"og:image:height\" content=\"720\" \/>\n\t<meta property=\"og:image:type\" content=\"image\/png\" \/>\n<meta name=\"author\" content=\"Grupo AMAUTA EBUSINESS\" \/>\n<meta name=\"twitter:card\" content=\"summary_large_image\" \/>\n<script type=\"application\/ld+json\" class=\"yoast-schema-graph\">{\"@context\":\"https:\\\/\\\/schema.org\",\"@graph\":[{\"@type\":\"Article\",\"@id\":\"https:\\\/\\\/amautaenlinea.com\\\/blog\\\/urgente-320-mil-ninos-no-asistirian-a-las-aulas-el-2022-no-hay-razon-para-que-las-escuelas-continuen-cerradas\\\/#article\",\"isPartOf\":{\"@id\":\"https:\\\/\\\/amautaenlinea.com\\\/blog\\\/urgente-320-mil-ninos-no-asistirian-a-las-aulas-el-2022-no-hay-razon-para-que-las-escuelas-continuen-cerradas\\\/\"},\"author\":{\"name\":\"Grupo AMAUTA EBUSINESS\",\"@id\":\"https:\\\/\\\/amautaenlinea.com\\\/blog\\\/#\\\/schema\\\/person\\\/d8d4b5d672e9edb72a6f23fd40dd31d5\"},\"headline\":\"\u00a1URGENTE! 320 mil ni\u00f1os no asistir\u00edan a las aulas el 2022 \u00a1No hay raz\u00f3n para que las escuelas contin\u00faen cerradas!\",\"datePublished\":\"2021-09-21T11:25:36+00:00\",\"dateModified\":\"2021-09-21T11:27:11+00:00\",\"mainEntityOfPage\":{\"@id\":\"https:\\\/\\\/amautaenlinea.com\\\/blog\\\/urgente-320-mil-ninos-no-asistirian-a-las-aulas-el-2022-no-hay-razon-para-que-las-escuelas-continuen-cerradas\\\/\"},\"wordCount\":613,\"commentCount\":0,\"publisher\":{\"@id\":\"https:\\\/\\\/amautaenlinea.com\\\/blog\\\/#organization\"},\"image\":{\"@id\":\"https:\\\/\\\/amautaenlinea.com\\\/blog\\\/urgente-320-mil-ninos-no-asistirian-a-las-aulas-el-2022-no-hay-razon-para-que-las-escuelas-continuen-cerradas\\\/#primaryimage\"},\"thumbnailUrl\":\"https:\\\/\\\/amautaenlinea.com\\\/blog\\\/wp-content\\\/uploads\\\/2021\\\/09\\\/\u00a1URGENTE-320-mil-ninos-no-asistirian-a-las-aulas-el-2022-\u00a1No-hay-razon-para-que-las-escuelas-continuen-cerradas.png\",\"keywords\":[\"320 mil ni\u00f1os no asistir\u00edan a las aulas el 2022 \u00a1No hay raz\u00f3n para que las escuelas contin\u00faen cerradas!\"],\"articleSection\":[\"Educaci\u00f3n\"],\"inLanguage\":\"es\",\"potentialAction\":[{\"@type\":\"CommentAction\",\"name\":\"Comment\",\"target\":[\"https:\\\/\\\/amautaenlinea.com\\\/blog\\\/urgente-320-mil-ninos-no-asistirian-a-las-aulas-el-2022-no-hay-razon-para-que-las-escuelas-continuen-cerradas\\\/#respond\"]}],\"copyrightYear\":\"2021\",\"copyrightHolder\":{\"@id\":\"https:\\\/\\\/amautaenlinea.com\\\/blog\\\/#organization\"}},{\"@type\":\"WebPage\",\"@id\":\"https:\\\/\\\/amautaenlinea.com\\\/blog\\\/urgente-320-mil-ninos-no-asistirian-a-las-aulas-el-2022-no-hay-razon-para-que-las-escuelas-continuen-cerradas\\\/\",\"url\":\"https:\\\/\\\/amautaenlinea.com\\\/blog\\\/urgente-320-mil-ninos-no-asistirian-a-las-aulas-el-2022-no-hay-razon-para-que-las-escuelas-continuen-cerradas\\\/\",\"name\":\"\u25b7 \u00a1URGENTE! 320 mil ni\u00f1os no asistir\u00edan a las aulas el 2022 \u00a1No hay raz\u00f3n para que las escuelas contin\u00faen cerradas! \u2705\",\"isPartOf\":{\"@id\":\"https:\\\/\\\/amautaenlinea.com\\\/blog\\\/#website\"},\"primaryImageOfPage\":{\"@id\":\"https:\\\/\\\/amautaenlinea.com\\\/blog\\\/urgente-320-mil-ninos-no-asistirian-a-las-aulas-el-2022-no-hay-razon-para-que-las-escuelas-continuen-cerradas\\\/#primaryimage\"},\"image\":{\"@id\":\"https:\\\/\\\/amautaenlinea.com\\\/blog\\\/urgente-320-mil-ninos-no-asistirian-a-las-aulas-el-2022-no-hay-razon-para-que-las-escuelas-continuen-cerradas\\\/#primaryimage\"},\"thumbnailUrl\":\"https:\\\/\\\/amautaenlinea.com\\\/blog\\\/wp-content\\\/uploads\\\/2021\\\/09\\\/\u00a1URGENTE-320-mil-ninos-no-asistirian-a-las-aulas-el-2022-\u00a1No-hay-razon-para-que-las-escuelas-continuen-cerradas.png\",\"datePublished\":\"2021-09-21T11:25:36+00:00\",\"dateModified\":\"2021-09-21T11:27:11+00:00\",\"description\":\"\u27a8 320 mil ni\u00f1os no asistir\u00edan a las aulas el 2022 \u00a1No hay raz\u00f3n para que las escuelas contin\u00faen cerradas!\",\"breadcrumb\":{\"@id\":\"https:\\\/\\\/amautaenlinea.com\\\/blog\\\/urgente-320-mil-ninos-no-asistirian-a-las-aulas-el-2022-no-hay-razon-para-que-las-escuelas-continuen-cerradas\\\/#breadcrumb\"},\"inLanguage\":\"es\",\"potentialAction\":[{\"@type\":\"ReadAction\",\"target\":[\"https:\\\/\\\/amautaenlinea.com\\\/blog\\\/urgente-320-mil-ninos-no-asistirian-a-las-aulas-el-2022-no-hay-razon-para-que-las-escuelas-continuen-cerradas\\\/\"]}]},{\"@type\":\"ImageObject\",\"inLanguage\":\"es\",\"@id\":\"https:\\\/\\\/amautaenlinea.com\\\/blog\\\/urgente-320-mil-ninos-no-asistirian-a-las-aulas-el-2022-no-hay-razon-para-que-las-escuelas-continuen-cerradas\\\/#primaryimage\",\"url\":\"https:\\\/\\\/amautaenlinea.com\\\/blog\\\/wp-content\\\/uploads\\\/2021\\\/09\\\/\u00a1URGENTE-320-mil-ninos-no-asistirian-a-las-aulas-el-2022-\u00a1No-hay-razon-para-que-las-escuelas-continuen-cerradas.png\",\"contentUrl\":\"https:\\\/\\\/amautaenlinea.com\\\/blog\\\/wp-content\\\/uploads\\\/2021\\\/09\\\/\u00a1URGENTE-320-mil-ninos-no-asistirian-a-las-aulas-el-2022-\u00a1No-hay-razon-para-que-las-escuelas-continuen-cerradas.png\",\"width\":1280,\"height\":720,\"caption\":\"\u00a1URGENTE!-320-mil-ni\u00f1os-no-asistir\u00edan-a-las-aulas-el-2022-\u00a1No-hay-raz\u00f3n-para-que-las-escuelas-contin\u00faen-cerradas!\"},{\"@type\":\"BreadcrumbList\",\"@id\":\"https:\\\/\\\/amautaenlinea.com\\\/blog\\\/urgente-320-mil-ninos-no-asistirian-a-las-aulas-el-2022-no-hay-razon-para-que-las-escuelas-continuen-cerradas\\\/#breadcrumb\",\"itemListElement\":[{\"@type\":\"ListItem\",\"position\":1,\"name\":\"Portada\",\"item\":\"https:\\\/\\\/amautaenlinea.com\\\/blog\\\/\"},{\"@type\":\"ListItem\",\"position\":2,\"name\":\"\u00a1URGENTE! 320 mil ni\u00f1os no asistir\u00edan a las aulas el 2022 \u00a1No hay raz\u00f3n para que las escuelas contin\u00faen cerradas!\"}]},{\"@type\":\"WebSite\",\"@id\":\"https:\\\/\\\/amautaenlinea.com\\\/blog\\\/#website\",\"url\":\"https:\\\/\\\/amautaenlinea.com\\\/blog\\\/\",\"name\":\"Grupo AMAUTA\",\"description\":\"\",\"publisher\":{\"@id\":\"https:\\\/\\\/amautaenlinea.com\\\/blog\\\/#organization\"},\"potentialAction\":[{\"@type\":\"SearchAction\",\"target\":{\"@type\":\"EntryPoint\",\"urlTemplate\":\"https:\\\/\\\/amautaenlinea.com\\\/blog\\\/?s={search_term_string}\"},\"query-input\":{\"@type\":\"PropertyValueSpecification\",\"valueRequired\":true,\"valueName\":\"search_term_string\"}}],\"inLanguage\":\"es\"},{\"@type\":\"Organization\",\"@id\":\"https:\\\/\\\/amautaenlinea.com\\\/blog\\\/#organization\",\"name\":\"Grupo AMAUTA E-BUSINESS\",\"url\":\"https:\\\/\\\/amautaenlinea.com\\\/blog\\\/\",\"logo\":{\"@type\":\"ImageObject\",\"inLanguage\":\"es\",\"@id\":\"https:\\\/\\\/amautaenlinea.com\\\/blog\\\/#\\\/schema\\\/logo\\\/image\\\/\",\"url\":\"https:\\\/\\\/amautaenlinea.com\\\/blog\\\/wp-content\\\/uploads\\\/2023\\\/09\\\/logo-amauta.png\",\"contentUrl\":\"https:\\\/\\\/amautaenlinea.com\\\/blog\\\/wp-content\\\/uploads\\\/2023\\\/09\\\/logo-amauta.png\",\"width\":1124,\"height\":368,\"caption\":\"Grupo AMAUTA E-BUSINESS\"},\"image\":{\"@id\":\"https:\\\/\\\/amautaenlinea.com\\\/blog\\\/#\\\/schema\\\/logo\\\/image\\\/\"},\"sameAs\":[\"https:\\\/\\\/www.facebook.com\\\/amautaperu.org\\\/\"]},{\"@type\":\"Person\",\"@id\":\"https:\\\/\\\/amautaenlinea.com\\\/blog\\\/#\\\/schema\\\/person\\\/d8d4b5d672e9edb72a6f23fd40dd31d5\",\"name\":\"Grupo AMAUTA EBUSINESS\",\"image\":{\"@type\":\"ImageObject\",\"inLanguage\":\"es\",\"@id\":\"https:\\\/\\\/secure.gravatar.com\\\/avatar\\\/97706b54c222a710310e2db50e02e68de0a4c8bb76654bcc4053b08241c6bd6c?s=96&d=mm&r=g\",\"url\":\"https:\\\/\\\/secure.gravatar.com\\\/avatar\\\/97706b54c222a710310e2db50e02e68de0a4c8bb76654bcc4053b08241c6bd6c?s=96&d=mm&r=g\",\"contentUrl\":\"https:\\\/\\\/secure.gravatar.com\\\/avatar\\\/97706b54c222a710310e2db50e02e68de0a4c8bb76654bcc4053b08241c6bd6c?s=96&d=mm&r=g\",\"caption\":\"Grupo AMAUTA EBUSINESS\"}}]}<\/script>\n<!-- \/ Yoast SEO Premium plugin. -->","yoast_head_json":{"title":"\u25b7 \u00a1URGENTE! 320 mil ni\u00f1os no asistir\u00edan a las aulas el 2022 \u00a1No hay raz\u00f3n para que las escuelas contin\u00faen cerradas! \u2705","description":"\u27a8 320 mil ni\u00f1os no asistir\u00edan a las aulas el 2022 \u00a1No hay raz\u00f3n para que las escuelas contin\u00faen cerradas!","robots":{"index":"index","follow":"follow","max-snippet":"max-snippet:-1","max-image-preview":"max-image-preview:large","max-video-preview":"max-video-preview:-1"},"canonical":"https:\/\/amautaenlinea.com\/blog\/urgente-320-mil-ninos-no-asistirian-a-las-aulas-el-2022-no-hay-razon-para-que-las-escuelas-continuen-cerradas\/","og_locale":"es_ES","og_type":"article","og_title":"\u00a1URGENTE! 320 mil ni\u00f1os no asistir\u00edan a las aulas el 2022 \u00a1No hay raz\u00f3n para que las escuelas contin\u00faen cerradas!","og_description":"\u27a8 320 mil ni\u00f1os no asistir\u00edan a las aulas el 2022 \u00a1No hay raz\u00f3n para que las escuelas contin\u00faen cerradas!","og_url":"https:\/\/amautaenlinea.com\/blog\/urgente-320-mil-ninos-no-asistirian-a-las-aulas-el-2022-no-hay-razon-para-que-las-escuelas-continuen-cerradas\/","og_site_name":"Grupo AMAUTA","article_publisher":"https:\/\/www.facebook.com\/amautaperu.org\/","article_published_time":"2021-09-21T11:25:36+00:00","article_modified_time":"2021-09-21T11:27:11+00:00","og_image":[{"width":1280,"height":720,"url":"https:\/\/amautaenlinea.com\/blog\/wp-content\/uploads\/2021\/09\/\u00a1URGENTE-320-mil-ninos-no-asistirian-a-las-aulas-el-2022-\u00a1No-hay-razon-para-que-las-escuelas-continuen-cerradas.png","type":"image\/png"}],"author":"Grupo AMAUTA EBUSINESS","twitter_card":"summary_large_image","schema":{"@context":"https:\/\/schema.org","@graph":[{"@type":"Article","@id":"https:\/\/amautaenlinea.com\/blog\/urgente-320-mil-ninos-no-asistirian-a-las-aulas-el-2022-no-hay-razon-para-que-las-escuelas-continuen-cerradas\/#article","isPartOf":{"@id":"https:\/\/amautaenlinea.com\/blog\/urgente-320-mil-ninos-no-asistirian-a-las-aulas-el-2022-no-hay-razon-para-que-las-escuelas-continuen-cerradas\/"},"author":{"name":"Grupo AMAUTA EBUSINESS","@id":"https:\/\/amautaenlinea.com\/blog\/#\/schema\/person\/d8d4b5d672e9edb72a6f23fd40dd31d5"},"headline":"\u00a1URGENTE! 320 mil ni\u00f1os no asistir\u00edan a las aulas el 2022 \u00a1No hay raz\u00f3n para que las escuelas contin\u00faen cerradas!","datePublished":"2021-09-21T11:25:36+00:00","dateModified":"2021-09-21T11:27:11+00:00","mainEntityOfPage":{"@id":"https:\/\/amautaenlinea.com\/blog\/urgente-320-mil-ninos-no-asistirian-a-las-aulas-el-2022-no-hay-razon-para-que-las-escuelas-continuen-cerradas\/"},"wordCount":613,"commentCount":0,"publisher":{"@id":"https:\/\/amautaenlinea.com\/blog\/#organization"},"image":{"@id":"https:\/\/amautaenlinea.com\/blog\/urgente-320-mil-ninos-no-asistirian-a-las-aulas-el-2022-no-hay-razon-para-que-las-escuelas-continuen-cerradas\/#primaryimage"},"thumbnailUrl":"https:\/\/amautaenlinea.com\/blog\/wp-content\/uploads\/2021\/09\/\u00a1URGENTE-320-mil-ninos-no-asistirian-a-las-aulas-el-2022-\u00a1No-hay-razon-para-que-las-escuelas-continuen-cerradas.png","keywords":["320 mil ni\u00f1os no asistir\u00edan a las aulas el 2022 \u00a1No hay raz\u00f3n para que las escuelas contin\u00faen cerradas!"],"articleSection":["Educaci\u00f3n"],"inLanguage":"es","potentialAction":[{"@type":"CommentAction","name":"Comment","target":["https:\/\/amautaenlinea.com\/blog\/urgente-320-mil-ninos-no-asistirian-a-las-aulas-el-2022-no-hay-razon-para-que-las-escuelas-continuen-cerradas\/#respond"]}],"copyrightYear":"2021","copyrightHolder":{"@id":"https:\/\/amautaenlinea.com\/blog\/#organization"}},{"@type":"WebPage","@id":"https:\/\/amautaenlinea.com\/blog\/urgente-320-mil-ninos-no-asistirian-a-las-aulas-el-2022-no-hay-razon-para-que-las-escuelas-continuen-cerradas\/","url":"https:\/\/amautaenlinea.com\/blog\/urgente-320-mil-ninos-no-asistirian-a-las-aulas-el-2022-no-hay-razon-para-que-las-escuelas-continuen-cerradas\/","name":"\u25b7 \u00a1URGENTE! 320 mil ni\u00f1os no asistir\u00edan a las aulas el 2022 \u00a1No hay raz\u00f3n para que las escuelas contin\u00faen cerradas! \u2705","isPartOf":{"@id":"https:\/\/amautaenlinea.com\/blog\/#website"},"primaryImageOfPage":{"@id":"https:\/\/amautaenlinea.com\/blog\/urgente-320-mil-ninos-no-asistirian-a-las-aulas-el-2022-no-hay-razon-para-que-las-escuelas-continuen-cerradas\/#primaryimage"},"image":{"@id":"https:\/\/amautaenlinea.com\/blog\/urgente-320-mil-ninos-no-asistirian-a-las-aulas-el-2022-no-hay-razon-para-que-las-escuelas-continuen-cerradas\/#primaryimage"},"thumbnailUrl":"https:\/\/amautaenlinea.com\/blog\/wp-content\/uploads\/2021\/09\/\u00a1URGENTE-320-mil-ninos-no-asistirian-a-las-aulas-el-2022-\u00a1No-hay-razon-para-que-las-escuelas-continuen-cerradas.png","datePublished":"2021-09-21T11:25:36+00:00","dateModified":"2021-09-21T11:27:11+00:00","description":"\u27a8 320 mil ni\u00f1os no asistir\u00edan a las aulas el 2022 \u00a1No hay raz\u00f3n para que las escuelas contin\u00faen cerradas!","breadcrumb":{"@id":"https:\/\/amautaenlinea.com\/blog\/urgente-320-mil-ninos-no-asistirian-a-las-aulas-el-2022-no-hay-razon-para-que-las-escuelas-continuen-cerradas\/#breadcrumb"},"inLanguage":"es","potentialAction":[{"@type":"ReadAction","target":["https:\/\/amautaenlinea.com\/blog\/urgente-320-mil-ninos-no-asistirian-a-las-aulas-el-2022-no-hay-razon-para-que-las-escuelas-continuen-cerradas\/"]}]},{"@type":"ImageObject","inLanguage":"es","@id":"https:\/\/amautaenlinea.com\/blog\/urgente-320-mil-ninos-no-asistirian-a-las-aulas-el-2022-no-hay-razon-para-que-las-escuelas-continuen-cerradas\/#primaryimage","url":"https:\/\/amautaenlinea.com\/blog\/wp-content\/uploads\/2021\/09\/\u00a1URGENTE-320-mil-ninos-no-asistirian-a-las-aulas-el-2022-\u00a1No-hay-razon-para-que-las-escuelas-continuen-cerradas.png","contentUrl":"https:\/\/amautaenlinea.com\/blog\/wp-content\/uploads\/2021\/09\/\u00a1URGENTE-320-mil-ninos-no-asistirian-a-las-aulas-el-2022-\u00a1No-hay-razon-para-que-las-escuelas-continuen-cerradas.png","width":1280,"height":720,"caption":"\u00a1URGENTE!-320-mil-ni\u00f1os-no-asistir\u00edan-a-las-aulas-el-2022-\u00a1No-hay-raz\u00f3n-para-que-las-escuelas-contin\u00faen-cerradas!"},{"@type":"BreadcrumbList","@id":"https:\/\/amautaenlinea.com\/blog\/urgente-320-mil-ninos-no-asistirian-a-las-aulas-el-2022-no-hay-razon-para-que-las-escuelas-continuen-cerradas\/#breadcrumb","itemListElement":[{"@type":"ListItem","position":1,"name":"Portada","item":"https:\/\/amautaenlinea.com\/blog\/"},{"@type":"ListItem","position":2,"name":"\u00a1URGENTE! 320 mil ni\u00f1os no asistir\u00edan a las aulas el 2022 \u00a1No hay raz\u00f3n para que las escuelas contin\u00faen cerradas!"}]},{"@type":"WebSite","@id":"https:\/\/amautaenlinea.com\/blog\/#website","url":"https:\/\/amautaenlinea.com\/blog\/","name":"Grupo AMAUTA","description":"","publisher":{"@id":"https:\/\/amautaenlinea.com\/blog\/#organization"},"potentialAction":[{"@type":"SearchAction","target":{"@type":"EntryPoint","urlTemplate":"https:\/\/amautaenlinea.com\/blog\/?s={search_term_string}"},"query-input":{"@type":"PropertyValueSpecification","valueRequired":true,"valueName":"search_term_string"}}],"inLanguage":"es"},{"@type":"Organization","@id":"https:\/\/amautaenlinea.com\/blog\/#organization","name":"Grupo AMAUTA E-BUSINESS","url":"https:\/\/amautaenlinea.com\/blog\/","logo":{"@type":"ImageObject","inLanguage":"es","@id":"https:\/\/amautaenlinea.com\/blog\/#\/schema\/logo\/image\/","url":"https:\/\/amautaenlinea.com\/blog\/wp-content\/uploads\/2023\/09\/logo-amauta.png","contentUrl":"https:\/\/amautaenlinea.com\/blog\/wp-content\/uploads\/2023\/09\/logo-amauta.png","width":1124,"height":368,"caption":"Grupo AMAUTA E-BUSINESS"},"image":{"@id":"https:\/\/amautaenlinea.com\/blog\/#\/schema\/logo\/image\/"},"sameAs":["https:\/\/www.facebook.com\/amautaperu.org\/"]},{"@type":"Person","@id":"https:\/\/amautaenlinea.com\/blog\/#\/schema\/person\/d8d4b5d672e9edb72a6f23fd40dd31d5","name":"Grupo AMAUTA EBUSINESS","image":{"@type":"ImageObject","inLanguage":"es","@id":"https:\/\/secure.gravatar.com\/avatar\/97706b54c222a710310e2db50e02e68de0a4c8bb76654bcc4053b08241c6bd6c?s=96&d=mm&r=g","url":"https:\/\/secure.gravatar.com\/avatar\/97706b54c222a710310e2db50e02e68de0a4c8bb76654bcc4053b08241c6bd6c?s=96&d=mm&r=g","contentUrl":"https:\/\/secure.gravatar.com\/avatar\/97706b54c222a710310e2db50e02e68de0a4c8bb76654bcc4053b08241c6bd6c?s=96&d=mm&r=g","caption":"Grupo AMAUTA EBUSINESS"}}]}},"_links":{"self":[{"href":"https:\/\/amautaenlinea.com\/blog\/wp-json\/wp\/v2\/posts\/8541","targetHints":{"allow":["GET"]}}],"collection":[{"href":"https:\/\/amautaenlinea.com\/blog\/wp-json\/wp\/v2\/posts"}],"about":[{"href":"https:\/\/amautaenlinea.com\/blog\/wp-json\/wp\/v2\/types\/post"}],"author":[{"embeddable":true,"href":"https:\/\/amautaenlinea.com\/blog\/wp-json\/wp\/v2\/users\/1"}],"replies":[{"embeddable":true,"href":"https:\/\/amautaenlinea.com\/blog\/wp-json\/wp\/v2\/comments?post=8541"}],"version-history":[{"count":0,"href":"https:\/\/amautaenlinea.com\/blog\/wp-json\/wp\/v2\/posts\/8541\/revisions"}],"wp:featuredmedia":[{"embeddable":true,"href":"https:\/\/amautaenlinea.com\/blog\/wp-json\/wp\/v2\/media\/8542"}],"wp:attachment":[{"href":"https:\/\/amautaenlinea.com\/blog\/wp-json\/wp\/v2\/media?parent=8541"}],"wp:term":[{"taxonomy":"category","embeddable":true,"href":"https:\/\/amautaenlinea.com\/blog\/wp-json\/wp\/v2\/categories?post=8541"},{"taxonomy":"post_tag","embeddable":true,"href":"https:\/\/amautaenlinea.com\/blog\/wp-json\/wp\/v2\/tags?post=8541"}],"curies":[{"name":"wp","href":"https:\/\/api.w.org\/{rel}","templated":true}]}}