{"id":6554,"date":"2021-02-06T15:03:54","date_gmt":"2021-02-06T15:03:54","guid":{"rendered":"https:\/\/amautaenlinea.com\/blog\/?p=6554"},"modified":"2021-02-06T15:03:57","modified_gmt":"2021-02-06T15:03:57","slug":"minedu-trabaja-en-contratacion-de-planes-de-datos-para-estudiantes-y-docentes-recalco-que-tablets-serian-entregadas-el-31-de-marzo-en-su-totalidad","status":"publish","type":"post","link":"https:\/\/amautaenlinea.com\/blog\/minedu-trabaja-en-contratacion-de-planes-de-datos-para-estudiantes-y-docentes-recalco-que-tablets-serian-entregadas-el-31-de-marzo-en-su-totalidad\/","title":{"rendered":"Minedu trabaja en contrataci\u00f3n de planes de datos para estudiantes y docentes, recalc\u00f3 que TABLETS ser\u00edan entregadas el 31 de marzo en su totalidad"},"content":{"rendered":"\n<p>Ministro de Educaci\u00f3n, Ricardo Cuenca, indic\u00f3 que se realizar\u00e1 todo el esfuerzo para empezar el a\u00f1o escolar en las zonas rurales con la mayor conectividad posible.<\/p>\n\n\n\n<p><strong>El ministro de Educaci\u00f3n, Ricardo Cuenca, inform\u00f3 este viernes que su cartera trabaja en la contrataci\u00f3n de planes de datos para estudiantes y profesores, con lo cual se busca cubrir las deficiencias en el tema de la conectividad, en un contexto de emergencia sanitaria por el\u00a0COVID-19.<\/strong><\/p>\n\n\n\n<p>Como se recuerda, el Minedu anunci\u00f3 que el primer mes de clases escolares (desde el 15 de marzo al 15 de abril) ser\u00e1\u00a0totalmente virtual, en tanto la modalidad semipresencial ser\u00e1 evaluada posteriormente.<\/p>\n\n\n\n<p><em>\u201cEstamos avanzando con la contrataci\u00f3n que tiene el propio<\/em><em><strong>&nbsp;Ministerio de Educaci\u00f3n con planes de datos para estudiantes y profesores<\/strong><\/em><em>&nbsp;y vamos a tratar de cubrir esa deficiencia de d\u00e9cadas de conectividad en el pa\u00eds haciendo todo el esfuerzo para que empecemos el a\u00f1o escolar en las zonas rurales con la mayor conectividad posible\u201d,&nbsp;<\/em>sostuvo en di\u00e1logo con Ideeleradio.<\/p>\n\n\n\n<p>En otro momento indic\u00f3 que si la pandemia del coronavirus no golpea muy fuerte respecto a las restricciones en el transporte, se tiene previsto que las tabletas para los escolares puedan ser entregadas en su totalidad al 31 de marzo.<\/p>\n\n\n\n<p>Indic\u00f3 que ahora se ha cambiado de estrategia para el tema de las tabletas, por lo que se ha optado por contratar proveedores que permitan la distribuci\u00f3n m\u00e1s r\u00e1pida y directa hasta los estudiantes.<\/p>\n\n\n\n<p><em>\u201cEse proceso ha empezado el 29 de enero y se ha acelerado much\u00edsimo el proceso de entrega, porque muchas de ellas estaban en almacenes intermedios o en los almacenes de Lima\u201d<\/em>, apunt\u00f3.<\/p>\n\n\n\n<p>De igual manera mencion\u00f3 que se aprob\u00f3 un decreto de urgencia para ofrecer 4,000 puntos de wifi a plazas p\u00fablicas de las zonas rurales y a 1,000 escuelas de la Amazon\u00eda rural.<\/p>\n\n\n\n<h5 class=\"wp-block-heading\">Fuente: Diario Gesti\u00f3n<\/h5>\n","protected":false},"excerpt":{"rendered":"<p>Ministro de Educaci\u00f3n, Ricardo Cuenca, indic\u00f3 que se realizar\u00e1 todo el esfuerzo para empezar el a\u00f1o escolar en las zonas rurales con la mayor<\/p>\n","protected":false},"author":1,"featured_media":6555,"comment_status":"open","ping_status":"open","sticky":false,"template":"","format":"standard","meta":{"footnotes":""},"categories":[4],"tags":[],"class_list":["post-6554","post","type-post","status-publish","format-standard","has-post-thumbnail","hentry","category-educacion"],"yoast_head":"<!-- This site is optimized with the Yoast SEO Premium plugin v21.2 (Yoast SEO v27.5) - https:\/\/yoast.com\/product\/yoast-seo-premium-wordpress\/ -->\n<title>\u25b7 Minedu trabaja en contrataci\u00f3n de planes de datos para estudiantes y docentes, recalc\u00f3 que TABLETS ser\u00edan entregadas el 31 de marzo en su totalidad \u2705<\/title>\n<meta name=\"description\" content=\"\u27a8\" \/>\n<meta name=\"robots\" content=\"index, follow, max-snippet:-1, max-image-preview:large, max-video-preview:-1\" \/>\n<link rel=\"canonical\" href=\"https:\/\/amautaenlinea.com\/blog\/minedu-trabaja-en-contratacion-de-planes-de-datos-para-estudiantes-y-docentes-recalco-que-tablets-serian-entregadas-el-31-de-marzo-en-su-totalidad\/\" \/>\n<meta property=\"og:locale\" content=\"es_ES\" \/>\n<meta property=\"og:type\" content=\"article\" \/>\n<meta property=\"og:title\" content=\"Minedu trabaja en contrataci\u00f3n de planes de datos para estudiantes y docentes, recalc\u00f3 que TABLETS ser\u00edan entregadas el 31 de marzo en su totalidad\" \/>\n<meta property=\"og:description\" content=\"\u27a8\" \/>\n<meta property=\"og:url\" content=\"https:\/\/amautaenlinea.com\/blog\/minedu-trabaja-en-contratacion-de-planes-de-datos-para-estudiantes-y-docentes-recalco-que-tablets-serian-entregadas-el-31-de-marzo-en-su-totalidad\/\" \/>\n<meta property=\"og:site_name\" content=\"Grupo AMAUTA\" \/>\n<meta property=\"article:publisher\" content=\"https:\/\/www.facebook.com\/amautaperu.org\/\" \/>\n<meta property=\"article:published_time\" content=\"2021-02-06T15:03:54+00:00\" \/>\n<meta property=\"article:modified_time\" content=\"2021-02-06T15:03:57+00:00\" \/>\n<meta property=\"og:image\" content=\"https:\/\/amautaenlinea.com\/blog\/wp-content\/uploads\/2021\/02\/Minedu-trabaja-en-contratacion-de-planes-de-datos-para-estudiantes-y-docentes-recalco-que-TABLETS-serian-entregadas-el-31-de-marzo-en-su-totalidad.jpg\" \/>\n\t<meta property=\"og:image:width\" content=\"1280\" \/>\n\t<meta property=\"og:image:height\" content=\"720\" \/>\n\t<meta property=\"og:image:type\" content=\"image\/jpeg\" \/>\n<meta name=\"author\" content=\"Grupo AMAUTA EBUSINESS\" \/>\n<meta name=\"twitter:card\" content=\"summary_large_image\" \/>\n<script type=\"application\/ld+json\" class=\"yoast-schema-graph\">{\"@context\":\"https:\\\/\\\/schema.org\",\"@graph\":[{\"@type\":\"Article\",\"@id\":\"https:\\\/\\\/amautaenlinea.com\\\/blog\\\/minedu-trabaja-en-contratacion-de-planes-de-datos-para-estudiantes-y-docentes-recalco-que-tablets-serian-entregadas-el-31-de-marzo-en-su-totalidad\\\/#article\",\"isPartOf\":{\"@id\":\"https:\\\/\\\/amautaenlinea.com\\\/blog\\\/minedu-trabaja-en-contratacion-de-planes-de-datos-para-estudiantes-y-docentes-recalco-que-tablets-serian-entregadas-el-31-de-marzo-en-su-totalidad\\\/\"},\"author\":{\"name\":\"Grupo AMAUTA EBUSINESS\",\"@id\":\"https:\\\/\\\/amautaenlinea.com\\\/blog\\\/#\\\/schema\\\/person\\\/d8d4b5d672e9edb72a6f23fd40dd31d5\"},\"headline\":\"Minedu trabaja en contrataci\u00f3n de planes de datos para estudiantes y docentes, recalc\u00f3 que TABLETS ser\u00edan entregadas el 31 de marzo en su totalidad\",\"datePublished\":\"2021-02-06T15:03:54+00:00\",\"dateModified\":\"2021-02-06T15:03:57+00:00\",\"mainEntityOfPage\":{\"@id\":\"https:\\\/\\\/amautaenlinea.com\\\/blog\\\/minedu-trabaja-en-contratacion-de-planes-de-datos-para-estudiantes-y-docentes-recalco-que-tablets-serian-entregadas-el-31-de-marzo-en-su-totalidad\\\/\"},\"wordCount\":345,\"commentCount\":0,\"publisher\":{\"@id\":\"https:\\\/\\\/amautaenlinea.com\\\/blog\\\/#organization\"},\"image\":{\"@id\":\"https:\\\/\\\/amautaenlinea.com\\\/blog\\\/minedu-trabaja-en-contratacion-de-planes-de-datos-para-estudiantes-y-docentes-recalco-que-tablets-serian-entregadas-el-31-de-marzo-en-su-totalidad\\\/#primaryimage\"},\"thumbnailUrl\":\"https:\\\/\\\/amautaenlinea.com\\\/blog\\\/wp-content\\\/uploads\\\/2021\\\/02\\\/Minedu-trabaja-en-contratacion-de-planes-de-datos-para-estudiantes-y-docentes-recalco-que-TABLETS-serian-entregadas-el-31-de-marzo-en-su-totalidad.jpg\",\"articleSection\":[\"Educaci\u00f3n\"],\"inLanguage\":\"es\",\"potentialAction\":[{\"@type\":\"CommentAction\",\"name\":\"Comment\",\"target\":[\"https:\\\/\\\/amautaenlinea.com\\\/blog\\\/minedu-trabaja-en-contratacion-de-planes-de-datos-para-estudiantes-y-docentes-recalco-que-tablets-serian-entregadas-el-31-de-marzo-en-su-totalidad\\\/#respond\"]}],\"copyrightYear\":\"2021\",\"copyrightHolder\":{\"@id\":\"https:\\\/\\\/amautaenlinea.com\\\/blog\\\/#organization\"}},{\"@type\":\"WebPage\",\"@id\":\"https:\\\/\\\/amautaenlinea.com\\\/blog\\\/minedu-trabaja-en-contratacion-de-planes-de-datos-para-estudiantes-y-docentes-recalco-que-tablets-serian-entregadas-el-31-de-marzo-en-su-totalidad\\\/\",\"url\":\"https:\\\/\\\/amautaenlinea.com\\\/blog\\\/minedu-trabaja-en-contratacion-de-planes-de-datos-para-estudiantes-y-docentes-recalco-que-tablets-serian-entregadas-el-31-de-marzo-en-su-totalidad\\\/\",\"name\":\"\u25b7 Minedu trabaja en contrataci\u00f3n de planes de datos para estudiantes y docentes, recalc\u00f3 que TABLETS ser\u00edan entregadas el 31 de marzo en su totalidad \u2705\",\"isPartOf\":{\"@id\":\"https:\\\/\\\/amautaenlinea.com\\\/blog\\\/#website\"},\"primaryImageOfPage\":{\"@id\":\"https:\\\/\\\/amautaenlinea.com\\\/blog\\\/minedu-trabaja-en-contratacion-de-planes-de-datos-para-estudiantes-y-docentes-recalco-que-tablets-serian-entregadas-el-31-de-marzo-en-su-totalidad\\\/#primaryimage\"},\"image\":{\"@id\":\"https:\\\/\\\/amautaenlinea.com\\\/blog\\\/minedu-trabaja-en-contratacion-de-planes-de-datos-para-estudiantes-y-docentes-recalco-que-tablets-serian-entregadas-el-31-de-marzo-en-su-totalidad\\\/#primaryimage\"},\"thumbnailUrl\":\"https:\\\/\\\/amautaenlinea.com\\\/blog\\\/wp-content\\\/uploads\\\/2021\\\/02\\\/Minedu-trabaja-en-contratacion-de-planes-de-datos-para-estudiantes-y-docentes-recalco-que-TABLETS-serian-entregadas-el-31-de-marzo-en-su-totalidad.jpg\",\"datePublished\":\"2021-02-06T15:03:54+00:00\",\"dateModified\":\"2021-02-06T15:03:57+00:00\",\"description\":\"\u27a8\",\"breadcrumb\":{\"@id\":\"https:\\\/\\\/amautaenlinea.com\\\/blog\\\/minedu-trabaja-en-contratacion-de-planes-de-datos-para-estudiantes-y-docentes-recalco-que-tablets-serian-entregadas-el-31-de-marzo-en-su-totalidad\\\/#breadcrumb\"},\"inLanguage\":\"es\",\"potentialAction\":[{\"@type\":\"ReadAction\",\"target\":[\"https:\\\/\\\/amautaenlinea.com\\\/blog\\\/minedu-trabaja-en-contratacion-de-planes-de-datos-para-estudiantes-y-docentes-recalco-que-tablets-serian-entregadas-el-31-de-marzo-en-su-totalidad\\\/\"]}]},{\"@type\":\"ImageObject\",\"inLanguage\":\"es\",\"@id\":\"https:\\\/\\\/amautaenlinea.com\\\/blog\\\/minedu-trabaja-en-contratacion-de-planes-de-datos-para-estudiantes-y-docentes-recalco-que-tablets-serian-entregadas-el-31-de-marzo-en-su-totalidad\\\/#primaryimage\",\"url\":\"https:\\\/\\\/amautaenlinea.com\\\/blog\\\/wp-content\\\/uploads\\\/2021\\\/02\\\/Minedu-trabaja-en-contratacion-de-planes-de-datos-para-estudiantes-y-docentes-recalco-que-TABLETS-serian-entregadas-el-31-de-marzo-en-su-totalidad.jpg\",\"contentUrl\":\"https:\\\/\\\/amautaenlinea.com\\\/blog\\\/wp-content\\\/uploads\\\/2021\\\/02\\\/Minedu-trabaja-en-contratacion-de-planes-de-datos-para-estudiantes-y-docentes-recalco-que-TABLETS-serian-entregadas-el-31-de-marzo-en-su-totalidad.jpg\",\"width\":1280,\"height\":720},{\"@type\":\"BreadcrumbList\",\"@id\":\"https:\\\/\\\/amautaenlinea.com\\\/blog\\\/minedu-trabaja-en-contratacion-de-planes-de-datos-para-estudiantes-y-docentes-recalco-que-tablets-serian-entregadas-el-31-de-marzo-en-su-totalidad\\\/#breadcrumb\",\"itemListElement\":[{\"@type\":\"ListItem\",\"position\":1,\"name\":\"Portada\",\"item\":\"https:\\\/\\\/amautaenlinea.com\\\/blog\\\/\"},{\"@type\":\"ListItem\",\"position\":2,\"name\":\"Minedu trabaja en contrataci\u00f3n de planes de datos para estudiantes y docentes, recalc\u00f3 que TABLETS ser\u00edan entregadas el 31 de marzo en su totalidad\"}]},{\"@type\":\"WebSite\",\"@id\":\"https:\\\/\\\/amautaenlinea.com\\\/blog\\\/#website\",\"url\":\"https:\\\/\\\/amautaenlinea.com\\\/blog\\\/\",\"name\":\"Grupo AMAUTA\",\"description\":\"\",\"publisher\":{\"@id\":\"https:\\\/\\\/amautaenlinea.com\\\/blog\\\/#organization\"},\"potentialAction\":[{\"@type\":\"SearchAction\",\"target\":{\"@type\":\"EntryPoint\",\"urlTemplate\":\"https:\\\/\\\/amautaenlinea.com\\\/blog\\\/?s={search_term_string}\"},\"query-input\":{\"@type\":\"PropertyValueSpecification\",\"valueRequired\":true,\"valueName\":\"search_term_string\"}}],\"inLanguage\":\"es\"},{\"@type\":\"Organization\",\"@id\":\"https:\\\/\\\/amautaenlinea.com\\\/blog\\\/#organization\",\"name\":\"Grupo AMAUTA E-BUSINESS\",\"url\":\"https:\\\/\\\/amautaenlinea.com\\\/blog\\\/\",\"logo\":{\"@type\":\"ImageObject\",\"inLanguage\":\"es\",\"@id\":\"https:\\\/\\\/amautaenlinea.com\\\/blog\\\/#\\\/schema\\\/logo\\\/image\\\/\",\"url\":\"https:\\\/\\\/amautaenlinea.com\\\/blog\\\/wp-content\\\/uploads\\\/2023\\\/09\\\/logo-amauta.png\",\"contentUrl\":\"https:\\\/\\\/amautaenlinea.com\\\/blog\\\/wp-content\\\/uploads\\\/2023\\\/09\\\/logo-amauta.png\",\"width\":1124,\"height\":368,\"caption\":\"Grupo AMAUTA E-BUSINESS\"},\"image\":{\"@id\":\"https:\\\/\\\/amautaenlinea.com\\\/blog\\\/#\\\/schema\\\/logo\\\/image\\\/\"},\"sameAs\":[\"https:\\\/\\\/www.facebook.com\\\/amautaperu.org\\\/\"]},{\"@type\":\"Person\",\"@id\":\"https:\\\/\\\/amautaenlinea.com\\\/blog\\\/#\\\/schema\\\/person\\\/d8d4b5d672e9edb72a6f23fd40dd31d5\",\"name\":\"Grupo AMAUTA EBUSINESS\",\"image\":{\"@type\":\"ImageObject\",\"inLanguage\":\"es\",\"@id\":\"https:\\\/\\\/secure.gravatar.com\\\/avatar\\\/97706b54c222a710310e2db50e02e68de0a4c8bb76654bcc4053b08241c6bd6c?s=96&d=mm&r=g\",\"url\":\"https:\\\/\\\/secure.gravatar.com\\\/avatar\\\/97706b54c222a710310e2db50e02e68de0a4c8bb76654bcc4053b08241c6bd6c?s=96&d=mm&r=g\",\"contentUrl\":\"https:\\\/\\\/secure.gravatar.com\\\/avatar\\\/97706b54c222a710310e2db50e02e68de0a4c8bb76654bcc4053b08241c6bd6c?s=96&d=mm&r=g\",\"caption\":\"Grupo AMAUTA EBUSINESS\"}}]}<\/script>\n<!-- \/ Yoast SEO Premium plugin. -->","yoast_head_json":{"title":"\u25b7 Minedu trabaja en contrataci\u00f3n de planes de datos para estudiantes y docentes, recalc\u00f3 que TABLETS ser\u00edan entregadas el 31 de marzo en su totalidad \u2705","description":"\u27a8","robots":{"index":"index","follow":"follow","max-snippet":"max-snippet:-1","max-image-preview":"max-image-preview:large","max-video-preview":"max-video-preview:-1"},"canonical":"https:\/\/amautaenlinea.com\/blog\/minedu-trabaja-en-contratacion-de-planes-de-datos-para-estudiantes-y-docentes-recalco-que-tablets-serian-entregadas-el-31-de-marzo-en-su-totalidad\/","og_locale":"es_ES","og_type":"article","og_title":"Minedu trabaja en contrataci\u00f3n de planes de datos para estudiantes y docentes, recalc\u00f3 que TABLETS ser\u00edan entregadas el 31 de marzo en su totalidad","og_description":"\u27a8","og_url":"https:\/\/amautaenlinea.com\/blog\/minedu-trabaja-en-contratacion-de-planes-de-datos-para-estudiantes-y-docentes-recalco-que-tablets-serian-entregadas-el-31-de-marzo-en-su-totalidad\/","og_site_name":"Grupo AMAUTA","article_publisher":"https:\/\/www.facebook.com\/amautaperu.org\/","article_published_time":"2021-02-06T15:03:54+00:00","article_modified_time":"2021-02-06T15:03:57+00:00","og_image":[{"width":1280,"height":720,"url":"https:\/\/amautaenlinea.com\/blog\/wp-content\/uploads\/2021\/02\/Minedu-trabaja-en-contratacion-de-planes-de-datos-para-estudiantes-y-docentes-recalco-que-TABLETS-serian-entregadas-el-31-de-marzo-en-su-totalidad.jpg","type":"image\/jpeg"}],"author":"Grupo AMAUTA EBUSINESS","twitter_card":"summary_large_image","schema":{"@context":"https:\/\/schema.org","@graph":[{"@type":"Article","@id":"https:\/\/amautaenlinea.com\/blog\/minedu-trabaja-en-contratacion-de-planes-de-datos-para-estudiantes-y-docentes-recalco-que-tablets-serian-entregadas-el-31-de-marzo-en-su-totalidad\/#article","isPartOf":{"@id":"https:\/\/amautaenlinea.com\/blog\/minedu-trabaja-en-contratacion-de-planes-de-datos-para-estudiantes-y-docentes-recalco-que-tablets-serian-entregadas-el-31-de-marzo-en-su-totalidad\/"},"author":{"name":"Grupo AMAUTA EBUSINESS","@id":"https:\/\/amautaenlinea.com\/blog\/#\/schema\/person\/d8d4b5d672e9edb72a6f23fd40dd31d5"},"headline":"Minedu trabaja en contrataci\u00f3n de planes de datos para estudiantes y docentes, recalc\u00f3 que TABLETS ser\u00edan entregadas el 31 de marzo en su totalidad","datePublished":"2021-02-06T15:03:54+00:00","dateModified":"2021-02-06T15:03:57+00:00","mainEntityOfPage":{"@id":"https:\/\/amautaenlinea.com\/blog\/minedu-trabaja-en-contratacion-de-planes-de-datos-para-estudiantes-y-docentes-recalco-que-tablets-serian-entregadas-el-31-de-marzo-en-su-totalidad\/"},"wordCount":345,"commentCount":0,"publisher":{"@id":"https:\/\/amautaenlinea.com\/blog\/#organization"},"image":{"@id":"https:\/\/amautaenlinea.com\/blog\/minedu-trabaja-en-contratacion-de-planes-de-datos-para-estudiantes-y-docentes-recalco-que-tablets-serian-entregadas-el-31-de-marzo-en-su-totalidad\/#primaryimage"},"thumbnailUrl":"https:\/\/amautaenlinea.com\/blog\/wp-content\/uploads\/2021\/02\/Minedu-trabaja-en-contratacion-de-planes-de-datos-para-estudiantes-y-docentes-recalco-que-TABLETS-serian-entregadas-el-31-de-marzo-en-su-totalidad.jpg","articleSection":["Educaci\u00f3n"],"inLanguage":"es","potentialAction":[{"@type":"CommentAction","name":"Comment","target":["https:\/\/amautaenlinea.com\/blog\/minedu-trabaja-en-contratacion-de-planes-de-datos-para-estudiantes-y-docentes-recalco-que-tablets-serian-entregadas-el-31-de-marzo-en-su-totalidad\/#respond"]}],"copyrightYear":"2021","copyrightHolder":{"@id":"https:\/\/amautaenlinea.com\/blog\/#organization"}},{"@type":"WebPage","@id":"https:\/\/amautaenlinea.com\/blog\/minedu-trabaja-en-contratacion-de-planes-de-datos-para-estudiantes-y-docentes-recalco-que-tablets-serian-entregadas-el-31-de-marzo-en-su-totalidad\/","url":"https:\/\/amautaenlinea.com\/blog\/minedu-trabaja-en-contratacion-de-planes-de-datos-para-estudiantes-y-docentes-recalco-que-tablets-serian-entregadas-el-31-de-marzo-en-su-totalidad\/","name":"\u25b7 Minedu trabaja en contrataci\u00f3n de planes de datos para estudiantes y docentes, recalc\u00f3 que TABLETS ser\u00edan entregadas el 31 de marzo en su totalidad \u2705","isPartOf":{"@id":"https:\/\/amautaenlinea.com\/blog\/#website"},"primaryImageOfPage":{"@id":"https:\/\/amautaenlinea.com\/blog\/minedu-trabaja-en-contratacion-de-planes-de-datos-para-estudiantes-y-docentes-recalco-que-tablets-serian-entregadas-el-31-de-marzo-en-su-totalidad\/#primaryimage"},"image":{"@id":"https:\/\/amautaenlinea.com\/blog\/minedu-trabaja-en-contratacion-de-planes-de-datos-para-estudiantes-y-docentes-recalco-que-tablets-serian-entregadas-el-31-de-marzo-en-su-totalidad\/#primaryimage"},"thumbnailUrl":"https:\/\/amautaenlinea.com\/blog\/wp-content\/uploads\/2021\/02\/Minedu-trabaja-en-contratacion-de-planes-de-datos-para-estudiantes-y-docentes-recalco-que-TABLETS-serian-entregadas-el-31-de-marzo-en-su-totalidad.jpg","datePublished":"2021-02-06T15:03:54+00:00","dateModified":"2021-02-06T15:03:57+00:00","description":"\u27a8","breadcrumb":{"@id":"https:\/\/amautaenlinea.com\/blog\/minedu-trabaja-en-contratacion-de-planes-de-datos-para-estudiantes-y-docentes-recalco-que-tablets-serian-entregadas-el-31-de-marzo-en-su-totalidad\/#breadcrumb"},"inLanguage":"es","potentialAction":[{"@type":"ReadAction","target":["https:\/\/amautaenlinea.com\/blog\/minedu-trabaja-en-contratacion-de-planes-de-datos-para-estudiantes-y-docentes-recalco-que-tablets-serian-entregadas-el-31-de-marzo-en-su-totalidad\/"]}]},{"@type":"ImageObject","inLanguage":"es","@id":"https:\/\/amautaenlinea.com\/blog\/minedu-trabaja-en-contratacion-de-planes-de-datos-para-estudiantes-y-docentes-recalco-que-tablets-serian-entregadas-el-31-de-marzo-en-su-totalidad\/#primaryimage","url":"https:\/\/amautaenlinea.com\/blog\/wp-content\/uploads\/2021\/02\/Minedu-trabaja-en-contratacion-de-planes-de-datos-para-estudiantes-y-docentes-recalco-que-TABLETS-serian-entregadas-el-31-de-marzo-en-su-totalidad.jpg","contentUrl":"https:\/\/amautaenlinea.com\/blog\/wp-content\/uploads\/2021\/02\/Minedu-trabaja-en-contratacion-de-planes-de-datos-para-estudiantes-y-docentes-recalco-que-TABLETS-serian-entregadas-el-31-de-marzo-en-su-totalidad.jpg","width":1280,"height":720},{"@type":"BreadcrumbList","@id":"https:\/\/amautaenlinea.com\/blog\/minedu-trabaja-en-contratacion-de-planes-de-datos-para-estudiantes-y-docentes-recalco-que-tablets-serian-entregadas-el-31-de-marzo-en-su-totalidad\/#breadcrumb","itemListElement":[{"@type":"ListItem","position":1,"name":"Portada","item":"https:\/\/amautaenlinea.com\/blog\/"},{"@type":"ListItem","position":2,"name":"Minedu trabaja en contrataci\u00f3n de planes de datos para estudiantes y docentes, recalc\u00f3 que TABLETS ser\u00edan entregadas el 31 de marzo en su totalidad"}]},{"@type":"WebSite","@id":"https:\/\/amautaenlinea.com\/blog\/#website","url":"https:\/\/amautaenlinea.com\/blog\/","name":"Grupo AMAUTA","description":"","publisher":{"@id":"https:\/\/amautaenlinea.com\/blog\/#organization"},"potentialAction":[{"@type":"SearchAction","target":{"@type":"EntryPoint","urlTemplate":"https:\/\/amautaenlinea.com\/blog\/?s={search_term_string}"},"query-input":{"@type":"PropertyValueSpecification","valueRequired":true,"valueName":"search_term_string"}}],"inLanguage":"es"},{"@type":"Organization","@id":"https:\/\/amautaenlinea.com\/blog\/#organization","name":"Grupo AMAUTA E-BUSINESS","url":"https:\/\/amautaenlinea.com\/blog\/","logo":{"@type":"ImageObject","inLanguage":"es","@id":"https:\/\/amautaenlinea.com\/blog\/#\/schema\/logo\/image\/","url":"https:\/\/amautaenlinea.com\/blog\/wp-content\/uploads\/2023\/09\/logo-amauta.png","contentUrl":"https:\/\/amautaenlinea.com\/blog\/wp-content\/uploads\/2023\/09\/logo-amauta.png","width":1124,"height":368,"caption":"Grupo AMAUTA E-BUSINESS"},"image":{"@id":"https:\/\/amautaenlinea.com\/blog\/#\/schema\/logo\/image\/"},"sameAs":["https:\/\/www.facebook.com\/amautaperu.org\/"]},{"@type":"Person","@id":"https:\/\/amautaenlinea.com\/blog\/#\/schema\/person\/d8d4b5d672e9edb72a6f23fd40dd31d5","name":"Grupo AMAUTA EBUSINESS","image":{"@type":"ImageObject","inLanguage":"es","@id":"https:\/\/secure.gravatar.com\/avatar\/97706b54c222a710310e2db50e02e68de0a4c8bb76654bcc4053b08241c6bd6c?s=96&d=mm&r=g","url":"https:\/\/secure.gravatar.com\/avatar\/97706b54c222a710310e2db50e02e68de0a4c8bb76654bcc4053b08241c6bd6c?s=96&d=mm&r=g","contentUrl":"https:\/\/secure.gravatar.com\/avatar\/97706b54c222a710310e2db50e02e68de0a4c8bb76654bcc4053b08241c6bd6c?s=96&d=mm&r=g","caption":"Grupo AMAUTA EBUSINESS"}}]}},"_links":{"self":[{"href":"https:\/\/amautaenlinea.com\/blog\/wp-json\/wp\/v2\/posts\/6554","targetHints":{"allow":["GET"]}}],"collection":[{"href":"https:\/\/amautaenlinea.com\/blog\/wp-json\/wp\/v2\/posts"}],"about":[{"href":"https:\/\/amautaenlinea.com\/blog\/wp-json\/wp\/v2\/types\/post"}],"author":[{"embeddable":true,"href":"https:\/\/amautaenlinea.com\/blog\/wp-json\/wp\/v2\/users\/1"}],"replies":[{"embeddable":true,"href":"https:\/\/amautaenlinea.com\/blog\/wp-json\/wp\/v2\/comments?post=6554"}],"version-history":[{"count":0,"href":"https:\/\/amautaenlinea.com\/blog\/wp-json\/wp\/v2\/posts\/6554\/revisions"}],"wp:featuredmedia":[{"embeddable":true,"href":"https:\/\/amautaenlinea.com\/blog\/wp-json\/wp\/v2\/media\/6555"}],"wp:attachment":[{"href":"https:\/\/amautaenlinea.com\/blog\/wp-json\/wp\/v2\/media?parent=6554"}],"wp:term":[{"taxonomy":"category","embeddable":true,"href":"https:\/\/amautaenlinea.com\/blog\/wp-json\/wp\/v2\/categories?post=6554"},{"taxonomy":"post_tag","embeddable":true,"href":"https:\/\/amautaenlinea.com\/blog\/wp-json\/wp\/v2\/tags?post=6554"}],"curies":[{"name":"wp","href":"https:\/\/api.w.org\/{rel}","templated":true}]}}