{"id":6542,"date":"2021-02-06T00:44:14","date_gmt":"2021-02-06T00:44:14","guid":{"rendered":"https:\/\/amautaenlinea.com\/blog\/?p=6542"},"modified":"2021-02-06T00:44:17","modified_gmt":"2021-02-06T00:44:17","slug":"minedu-si-hay-un-nino-contagiado-en-un-aula-se-cierra-el-aula-y-si-hay-dos-contagios-en-aulas-distintas-se-cierra-el-colegio","status":"publish","type":"post","link":"https:\/\/amautaenlinea.com\/blog\/minedu-si-hay-un-nino-contagiado-en-un-aula-se-cierra-el-aula-y-si-hay-dos-contagios-en-aulas-distintas-se-cierra-el-colegio\/","title":{"rendered":"Minedu: Si hay un ni\u00f1o contagiado en un aula,  se cierra el aula, y si hay dos contagios  en aulas distintas, se cierra el colegio"},"content":{"rendered":"\n<p>El objetivo final es el retorno a las clases presenciales de <strong>manera gradual en tanto lo permita la situaci\u00f3n epidemiol\u00f3gica, sostuvo el ministro de Educaci\u00f3n, Ricardo Cuenca,<\/strong><\/p>\n\n\n\n<p>Al exponer en el Congreso las pol\u00edticas y las medidas que adoptar\u00e1 su sector para el<strong> Buen Retorno del A\u00f1o Escolar 2021<\/strong>.\u00a0Durante su presentaci\u00f3n en la Comisi\u00f3n de Educaci\u00f3n, Cuenca sostuvo que este <strong>retorno presencial o semipresencial debe ser seguro,<\/strong> flexible, gradual y voluntario, y para esto \u00faltimo consider\u00f3 fundamental el punto de vista en conjunto de padres de familia, docentes y autoridades locales, adem\u00e1s del cumplimiento de los protocolos de bioseguridad establecidos por el Ministerio de Salud (Minsa).<\/p>\n\n\n\n<p>\u00a0\u201cUna vez que los gobiernos regionales, locales y las comunidades determinen el regreso a la presencialidad, siguiendo los protocolos elaborados por el Minsa y el Ministerio de Educaci\u00f3n (Minedu), los docentes determinar\u00e1n la mejor estrategia para atender las necesidades educativas de sus estudiantes\u201d, anot\u00f3.<\/p>\n\n\n\n<p>\u00a0Respecto a las zonas en las que se podr\u00eda tener un nivel de presencialidad, indic\u00f3 que el Minedu ha establecido, con la ayuda de m\u00e9dicos epidemi\u00f3logos, indicadores que toman en cuenta la tasa de muertos y de contagios en el distrito, el grado del aislamiento obligatorio, as\u00ed como los niveles de ruralidad y centralidad, es decir, el n\u00famero de estudiantes que viven en el distrito que no tendr\u00e1n que hacer grandes desplazamientos para asistir a clases.\u00a0<\/p>\n\n\n\n<p>Sobre este punto, precis\u00f3 que, seg\u00fan la informaci\u00f3n a<strong>cumulada hasta el 1 de febrero, solo el 20.47 % de las instituciones educativas est\u00e1 en distritos que podr\u00edan reanudar las clases con un nivel de presencialidad, <\/strong>la mayor\u00eda de ellos ubicados en zonas rurales, sobre todo amaz\u00f3nicas.\u00a0<\/p>\n\n\n\n<p>En cuanto a los protocolos de gesti\u00f3n para mitigar el riesgo de contagios en un eventual retorno a la presencialidad o semipresencialidad, <strong>dijo que se ha previsto la entrega de mascarillas a docentes y alumnos y un monitoreo riguroso de la salud de estudiantes y docentes, de modo que si hay un ni\u00f1o contagiado en un aula, se cierra el aula, y si hay dos contagios en aulas distintas, se cierra el colegio.\u00a0<\/strong><\/p>\n\n\n\n<p>Cuenca tambi\u00e9n se\u00f1al\u00f3 que el Minedu ha establecido prioridades entre la poblaci\u00f3n escolar <strong>que podr\u00eda asistir a clases semipresenciales, pues la virtualidad podr\u00eda tener un impacto negativo en ella, y al respecto mencion\u00f3 a los ni\u00f1os de 3, 4 y 5 a\u00f1os de nivel inicial, los estudiantes de primero y segundo de secundaria y los que se encuentran en transici\u00f3n entre niveles, como los de sexto de primaria, quinto de secundaria y cuarto de educaci\u00f3n b\u00e1sica alternativa. <\/strong><\/p>\n\n\n\n<p>\u00a0\u00a0Asimismo, sostuvo que el regreso a las aulas es importante porque permitir\u00e1 atender el<strong> retroceso en el aprendizaje<\/strong>, pues el sistema educativo no estaba preparado para la educaci\u00f3n remota, as\u00ed como disminuir el riesgo social con escuelas seguras, disminuir la inequidad y la deserci\u00f3n escolar que podr\u00eda estar generando la educaci\u00f3n virtual y contribuir al bienestar familiar.<\/p>\n\n\n\n<p>\u00a0De otro lado, al referirse a los preparativos para el a\u00f1o escolar, record\u00f3 que el Consejo de Ministros hab\u00eda aprobado un proyecto, liderado por el Ministerio de Transportes y Comunicaciones, para que en el mes de julio 1000 escuelas de la zona amaz\u00f3nica tengan internet gratis y m\u00e1s de 6000 plazas p\u00fablicas de zonas rurales cuenten con wifi.\u00a0<\/p>\n\n\n\n<h4 class=\"wp-block-heading\">Fuente: MINEDU OFICINA DE PRENSA<\/h4>\n","protected":false},"excerpt":{"rendered":"<p>El objetivo final es el retorno a las clases presenciales de manera gradual en tanto lo permita la situaci\u00f3n epidemiol\u00f3gica, sostuvo el ministro de<\/p>\n","protected":false},"author":1,"featured_media":6543,"comment_status":"open","ping_status":"open","sticky":false,"template":"","format":"standard","meta":{"footnotes":""},"categories":[4],"tags":[],"class_list":["post-6542","post","type-post","status-publish","format-standard","has-post-thumbnail","hentry","category-educacion"],"yoast_head":"<!-- This site is optimized with the Yoast SEO Premium plugin v21.2 (Yoast SEO v27.5) - https:\/\/yoast.com\/product\/yoast-seo-premium-wordpress\/ -->\n<title>\u25b7 Minedu: Si hay un ni\u00f1o contagiado en un aula, se cierra el aula, y si hay dos contagios en aulas distintas, se cierra el colegio \u2705<\/title>\n<meta name=\"description\" content=\"\u27a8\" \/>\n<meta name=\"robots\" content=\"index, follow, max-snippet:-1, max-image-preview:large, max-video-preview:-1\" \/>\n<link rel=\"canonical\" href=\"https:\/\/amautaenlinea.com\/blog\/minedu-si-hay-un-nino-contagiado-en-un-aula-se-cierra-el-aula-y-si-hay-dos-contagios-en-aulas-distintas-se-cierra-el-colegio\/\" \/>\n<meta property=\"og:locale\" content=\"es_ES\" \/>\n<meta property=\"og:type\" content=\"article\" \/>\n<meta property=\"og:title\" content=\"Minedu: Si hay un ni\u00f1o contagiado en un aula, se cierra el aula, y si hay dos contagios en aulas distintas, se cierra el colegio\" \/>\n<meta property=\"og:description\" content=\"\u27a8\" \/>\n<meta property=\"og:url\" content=\"https:\/\/amautaenlinea.com\/blog\/minedu-si-hay-un-nino-contagiado-en-un-aula-se-cierra-el-aula-y-si-hay-dos-contagios-en-aulas-distintas-se-cierra-el-colegio\/\" \/>\n<meta property=\"og:site_name\" content=\"Grupo AMAUTA\" \/>\n<meta property=\"article:publisher\" content=\"https:\/\/www.facebook.com\/amautaperu.org\/\" \/>\n<meta property=\"article:published_time\" content=\"2021-02-06T00:44:14+00:00\" \/>\n<meta property=\"article:modified_time\" content=\"2021-02-06T00:44:17+00:00\" \/>\n<meta property=\"og:image\" content=\"https:\/\/amautaenlinea.com\/blog\/wp-content\/uploads\/2021\/02\/Si-hay-un-nino-contagiado-en-un-aula-se-cierra-el-aula-y-si-hay-dos-contagios-en-aulas-distintas-se-cierra-el-colegio.jpg\" \/>\n\t<meta property=\"og:image:width\" content=\"1280\" \/>\n\t<meta property=\"og:image:height\" content=\"720\" \/>\n\t<meta property=\"og:image:type\" content=\"image\/jpeg\" \/>\n<meta name=\"author\" content=\"Grupo AMAUTA EBUSINESS\" \/>\n<meta name=\"twitter:card\" content=\"summary_large_image\" \/>\n<script type=\"application\/ld+json\" class=\"yoast-schema-graph\">{\"@context\":\"https:\\\/\\\/schema.org\",\"@graph\":[{\"@type\":\"Article\",\"@id\":\"https:\\\/\\\/amautaenlinea.com\\\/blog\\\/minedu-si-hay-un-nino-contagiado-en-un-aula-se-cierra-el-aula-y-si-hay-dos-contagios-en-aulas-distintas-se-cierra-el-colegio\\\/#article\",\"isPartOf\":{\"@id\":\"https:\\\/\\\/amautaenlinea.com\\\/blog\\\/minedu-si-hay-un-nino-contagiado-en-un-aula-se-cierra-el-aula-y-si-hay-dos-contagios-en-aulas-distintas-se-cierra-el-colegio\\\/\"},\"author\":{\"name\":\"Grupo AMAUTA EBUSINESS\",\"@id\":\"https:\\\/\\\/amautaenlinea.com\\\/blog\\\/#\\\/schema\\\/person\\\/d8d4b5d672e9edb72a6f23fd40dd31d5\"},\"headline\":\"Minedu: Si hay un ni\u00f1o contagiado en un aula, se cierra el aula, y si hay dos contagios en aulas distintas, se cierra el colegio\",\"datePublished\":\"2021-02-06T00:44:14+00:00\",\"dateModified\":\"2021-02-06T00:44:17+00:00\",\"mainEntityOfPage\":{\"@id\":\"https:\\\/\\\/amautaenlinea.com\\\/blog\\\/minedu-si-hay-un-nino-contagiado-en-un-aula-se-cierra-el-aula-y-si-hay-dos-contagios-en-aulas-distintas-se-cierra-el-colegio\\\/\"},\"wordCount\":602,\"commentCount\":0,\"publisher\":{\"@id\":\"https:\\\/\\\/amautaenlinea.com\\\/blog\\\/#organization\"},\"image\":{\"@id\":\"https:\\\/\\\/amautaenlinea.com\\\/blog\\\/minedu-si-hay-un-nino-contagiado-en-un-aula-se-cierra-el-aula-y-si-hay-dos-contagios-en-aulas-distintas-se-cierra-el-colegio\\\/#primaryimage\"},\"thumbnailUrl\":\"https:\\\/\\\/amautaenlinea.com\\\/blog\\\/wp-content\\\/uploads\\\/2021\\\/02\\\/Si-hay-un-nino-contagiado-en-un-aula-se-cierra-el-aula-y-si-hay-dos-contagios-en-aulas-distintas-se-cierra-el-colegio.jpg\",\"articleSection\":[\"Educaci\u00f3n\"],\"inLanguage\":\"es\",\"potentialAction\":[{\"@type\":\"CommentAction\",\"name\":\"Comment\",\"target\":[\"https:\\\/\\\/amautaenlinea.com\\\/blog\\\/minedu-si-hay-un-nino-contagiado-en-un-aula-se-cierra-el-aula-y-si-hay-dos-contagios-en-aulas-distintas-se-cierra-el-colegio\\\/#respond\"]}],\"copyrightYear\":\"2021\",\"copyrightHolder\":{\"@id\":\"https:\\\/\\\/amautaenlinea.com\\\/blog\\\/#organization\"}},{\"@type\":\"WebPage\",\"@id\":\"https:\\\/\\\/amautaenlinea.com\\\/blog\\\/minedu-si-hay-un-nino-contagiado-en-un-aula-se-cierra-el-aula-y-si-hay-dos-contagios-en-aulas-distintas-se-cierra-el-colegio\\\/\",\"url\":\"https:\\\/\\\/amautaenlinea.com\\\/blog\\\/minedu-si-hay-un-nino-contagiado-en-un-aula-se-cierra-el-aula-y-si-hay-dos-contagios-en-aulas-distintas-se-cierra-el-colegio\\\/\",\"name\":\"\u25b7 Minedu: Si hay un ni\u00f1o contagiado en un aula, se cierra el aula, y si hay dos contagios en aulas distintas, se cierra el colegio \u2705\",\"isPartOf\":{\"@id\":\"https:\\\/\\\/amautaenlinea.com\\\/blog\\\/#website\"},\"primaryImageOfPage\":{\"@id\":\"https:\\\/\\\/amautaenlinea.com\\\/blog\\\/minedu-si-hay-un-nino-contagiado-en-un-aula-se-cierra-el-aula-y-si-hay-dos-contagios-en-aulas-distintas-se-cierra-el-colegio\\\/#primaryimage\"},\"image\":{\"@id\":\"https:\\\/\\\/amautaenlinea.com\\\/blog\\\/minedu-si-hay-un-nino-contagiado-en-un-aula-se-cierra-el-aula-y-si-hay-dos-contagios-en-aulas-distintas-se-cierra-el-colegio\\\/#primaryimage\"},\"thumbnailUrl\":\"https:\\\/\\\/amautaenlinea.com\\\/blog\\\/wp-content\\\/uploads\\\/2021\\\/02\\\/Si-hay-un-nino-contagiado-en-un-aula-se-cierra-el-aula-y-si-hay-dos-contagios-en-aulas-distintas-se-cierra-el-colegio.jpg\",\"datePublished\":\"2021-02-06T00:44:14+00:00\",\"dateModified\":\"2021-02-06T00:44:17+00:00\",\"description\":\"\u27a8\",\"breadcrumb\":{\"@id\":\"https:\\\/\\\/amautaenlinea.com\\\/blog\\\/minedu-si-hay-un-nino-contagiado-en-un-aula-se-cierra-el-aula-y-si-hay-dos-contagios-en-aulas-distintas-se-cierra-el-colegio\\\/#breadcrumb\"},\"inLanguage\":\"es\",\"potentialAction\":[{\"@type\":\"ReadAction\",\"target\":[\"https:\\\/\\\/amautaenlinea.com\\\/blog\\\/minedu-si-hay-un-nino-contagiado-en-un-aula-se-cierra-el-aula-y-si-hay-dos-contagios-en-aulas-distintas-se-cierra-el-colegio\\\/\"]}]},{\"@type\":\"ImageObject\",\"inLanguage\":\"es\",\"@id\":\"https:\\\/\\\/amautaenlinea.com\\\/blog\\\/minedu-si-hay-un-nino-contagiado-en-un-aula-se-cierra-el-aula-y-si-hay-dos-contagios-en-aulas-distintas-se-cierra-el-colegio\\\/#primaryimage\",\"url\":\"https:\\\/\\\/amautaenlinea.com\\\/blog\\\/wp-content\\\/uploads\\\/2021\\\/02\\\/Si-hay-un-nino-contagiado-en-un-aula-se-cierra-el-aula-y-si-hay-dos-contagios-en-aulas-distintas-se-cierra-el-colegio.jpg\",\"contentUrl\":\"https:\\\/\\\/amautaenlinea.com\\\/blog\\\/wp-content\\\/uploads\\\/2021\\\/02\\\/Si-hay-un-nino-contagiado-en-un-aula-se-cierra-el-aula-y-si-hay-dos-contagios-en-aulas-distintas-se-cierra-el-colegio.jpg\",\"width\":1280,\"height\":720},{\"@type\":\"BreadcrumbList\",\"@id\":\"https:\\\/\\\/amautaenlinea.com\\\/blog\\\/minedu-si-hay-un-nino-contagiado-en-un-aula-se-cierra-el-aula-y-si-hay-dos-contagios-en-aulas-distintas-se-cierra-el-colegio\\\/#breadcrumb\",\"itemListElement\":[{\"@type\":\"ListItem\",\"position\":1,\"name\":\"Portada\",\"item\":\"https:\\\/\\\/amautaenlinea.com\\\/blog\\\/\"},{\"@type\":\"ListItem\",\"position\":2,\"name\":\"Minedu: Si hay un ni\u00f1o contagiado en un aula, se cierra el aula, y si hay dos contagios en aulas distintas, se cierra el colegio\"}]},{\"@type\":\"WebSite\",\"@id\":\"https:\\\/\\\/amautaenlinea.com\\\/blog\\\/#website\",\"url\":\"https:\\\/\\\/amautaenlinea.com\\\/blog\\\/\",\"name\":\"Grupo AMAUTA\",\"description\":\"\",\"publisher\":{\"@id\":\"https:\\\/\\\/amautaenlinea.com\\\/blog\\\/#organization\"},\"potentialAction\":[{\"@type\":\"SearchAction\",\"target\":{\"@type\":\"EntryPoint\",\"urlTemplate\":\"https:\\\/\\\/amautaenlinea.com\\\/blog\\\/?s={search_term_string}\"},\"query-input\":{\"@type\":\"PropertyValueSpecification\",\"valueRequired\":true,\"valueName\":\"search_term_string\"}}],\"inLanguage\":\"es\"},{\"@type\":\"Organization\",\"@id\":\"https:\\\/\\\/amautaenlinea.com\\\/blog\\\/#organization\",\"name\":\"Grupo AMAUTA E-BUSINESS\",\"url\":\"https:\\\/\\\/amautaenlinea.com\\\/blog\\\/\",\"logo\":{\"@type\":\"ImageObject\",\"inLanguage\":\"es\",\"@id\":\"https:\\\/\\\/amautaenlinea.com\\\/blog\\\/#\\\/schema\\\/logo\\\/image\\\/\",\"url\":\"https:\\\/\\\/amautaenlinea.com\\\/blog\\\/wp-content\\\/uploads\\\/2023\\\/09\\\/logo-amauta.png\",\"contentUrl\":\"https:\\\/\\\/amautaenlinea.com\\\/blog\\\/wp-content\\\/uploads\\\/2023\\\/09\\\/logo-amauta.png\",\"width\":1124,\"height\":368,\"caption\":\"Grupo AMAUTA E-BUSINESS\"},\"image\":{\"@id\":\"https:\\\/\\\/amautaenlinea.com\\\/blog\\\/#\\\/schema\\\/logo\\\/image\\\/\"},\"sameAs\":[\"https:\\\/\\\/www.facebook.com\\\/amautaperu.org\\\/\"]},{\"@type\":\"Person\",\"@id\":\"https:\\\/\\\/amautaenlinea.com\\\/blog\\\/#\\\/schema\\\/person\\\/d8d4b5d672e9edb72a6f23fd40dd31d5\",\"name\":\"Grupo AMAUTA EBUSINESS\",\"image\":{\"@type\":\"ImageObject\",\"inLanguage\":\"es\",\"@id\":\"https:\\\/\\\/secure.gravatar.com\\\/avatar\\\/97706b54c222a710310e2db50e02e68de0a4c8bb76654bcc4053b08241c6bd6c?s=96&d=mm&r=g\",\"url\":\"https:\\\/\\\/secure.gravatar.com\\\/avatar\\\/97706b54c222a710310e2db50e02e68de0a4c8bb76654bcc4053b08241c6bd6c?s=96&d=mm&r=g\",\"contentUrl\":\"https:\\\/\\\/secure.gravatar.com\\\/avatar\\\/97706b54c222a710310e2db50e02e68de0a4c8bb76654bcc4053b08241c6bd6c?s=96&d=mm&r=g\",\"caption\":\"Grupo AMAUTA EBUSINESS\"}}]}<\/script>\n<!-- \/ Yoast SEO Premium plugin. -->","yoast_head_json":{"title":"\u25b7 Minedu: Si hay un ni\u00f1o contagiado en un aula, se cierra el aula, y si hay dos contagios en aulas distintas, se cierra el colegio \u2705","description":"\u27a8","robots":{"index":"index","follow":"follow","max-snippet":"max-snippet:-1","max-image-preview":"max-image-preview:large","max-video-preview":"max-video-preview:-1"},"canonical":"https:\/\/amautaenlinea.com\/blog\/minedu-si-hay-un-nino-contagiado-en-un-aula-se-cierra-el-aula-y-si-hay-dos-contagios-en-aulas-distintas-se-cierra-el-colegio\/","og_locale":"es_ES","og_type":"article","og_title":"Minedu: Si hay un ni\u00f1o contagiado en un aula, se cierra el aula, y si hay dos contagios en aulas distintas, se cierra el colegio","og_description":"\u27a8","og_url":"https:\/\/amautaenlinea.com\/blog\/minedu-si-hay-un-nino-contagiado-en-un-aula-se-cierra-el-aula-y-si-hay-dos-contagios-en-aulas-distintas-se-cierra-el-colegio\/","og_site_name":"Grupo AMAUTA","article_publisher":"https:\/\/www.facebook.com\/amautaperu.org\/","article_published_time":"2021-02-06T00:44:14+00:00","article_modified_time":"2021-02-06T00:44:17+00:00","og_image":[{"width":1280,"height":720,"url":"https:\/\/amautaenlinea.com\/blog\/wp-content\/uploads\/2021\/02\/Si-hay-un-nino-contagiado-en-un-aula-se-cierra-el-aula-y-si-hay-dos-contagios-en-aulas-distintas-se-cierra-el-colegio.jpg","type":"image\/jpeg"}],"author":"Grupo AMAUTA EBUSINESS","twitter_card":"summary_large_image","schema":{"@context":"https:\/\/schema.org","@graph":[{"@type":"Article","@id":"https:\/\/amautaenlinea.com\/blog\/minedu-si-hay-un-nino-contagiado-en-un-aula-se-cierra-el-aula-y-si-hay-dos-contagios-en-aulas-distintas-se-cierra-el-colegio\/#article","isPartOf":{"@id":"https:\/\/amautaenlinea.com\/blog\/minedu-si-hay-un-nino-contagiado-en-un-aula-se-cierra-el-aula-y-si-hay-dos-contagios-en-aulas-distintas-se-cierra-el-colegio\/"},"author":{"name":"Grupo AMAUTA EBUSINESS","@id":"https:\/\/amautaenlinea.com\/blog\/#\/schema\/person\/d8d4b5d672e9edb72a6f23fd40dd31d5"},"headline":"Minedu: Si hay un ni\u00f1o contagiado en un aula, se cierra el aula, y si hay dos contagios en aulas distintas, se cierra el colegio","datePublished":"2021-02-06T00:44:14+00:00","dateModified":"2021-02-06T00:44:17+00:00","mainEntityOfPage":{"@id":"https:\/\/amautaenlinea.com\/blog\/minedu-si-hay-un-nino-contagiado-en-un-aula-se-cierra-el-aula-y-si-hay-dos-contagios-en-aulas-distintas-se-cierra-el-colegio\/"},"wordCount":602,"commentCount":0,"publisher":{"@id":"https:\/\/amautaenlinea.com\/blog\/#organization"},"image":{"@id":"https:\/\/amautaenlinea.com\/blog\/minedu-si-hay-un-nino-contagiado-en-un-aula-se-cierra-el-aula-y-si-hay-dos-contagios-en-aulas-distintas-se-cierra-el-colegio\/#primaryimage"},"thumbnailUrl":"https:\/\/amautaenlinea.com\/blog\/wp-content\/uploads\/2021\/02\/Si-hay-un-nino-contagiado-en-un-aula-se-cierra-el-aula-y-si-hay-dos-contagios-en-aulas-distintas-se-cierra-el-colegio.jpg","articleSection":["Educaci\u00f3n"],"inLanguage":"es","potentialAction":[{"@type":"CommentAction","name":"Comment","target":["https:\/\/amautaenlinea.com\/blog\/minedu-si-hay-un-nino-contagiado-en-un-aula-se-cierra-el-aula-y-si-hay-dos-contagios-en-aulas-distintas-se-cierra-el-colegio\/#respond"]}],"copyrightYear":"2021","copyrightHolder":{"@id":"https:\/\/amautaenlinea.com\/blog\/#organization"}},{"@type":"WebPage","@id":"https:\/\/amautaenlinea.com\/blog\/minedu-si-hay-un-nino-contagiado-en-un-aula-se-cierra-el-aula-y-si-hay-dos-contagios-en-aulas-distintas-se-cierra-el-colegio\/","url":"https:\/\/amautaenlinea.com\/blog\/minedu-si-hay-un-nino-contagiado-en-un-aula-se-cierra-el-aula-y-si-hay-dos-contagios-en-aulas-distintas-se-cierra-el-colegio\/","name":"\u25b7 Minedu: Si hay un ni\u00f1o contagiado en un aula, se cierra el aula, y si hay dos contagios en aulas distintas, se cierra el colegio \u2705","isPartOf":{"@id":"https:\/\/amautaenlinea.com\/blog\/#website"},"primaryImageOfPage":{"@id":"https:\/\/amautaenlinea.com\/blog\/minedu-si-hay-un-nino-contagiado-en-un-aula-se-cierra-el-aula-y-si-hay-dos-contagios-en-aulas-distintas-se-cierra-el-colegio\/#primaryimage"},"image":{"@id":"https:\/\/amautaenlinea.com\/blog\/minedu-si-hay-un-nino-contagiado-en-un-aula-se-cierra-el-aula-y-si-hay-dos-contagios-en-aulas-distintas-se-cierra-el-colegio\/#primaryimage"},"thumbnailUrl":"https:\/\/amautaenlinea.com\/blog\/wp-content\/uploads\/2021\/02\/Si-hay-un-nino-contagiado-en-un-aula-se-cierra-el-aula-y-si-hay-dos-contagios-en-aulas-distintas-se-cierra-el-colegio.jpg","datePublished":"2021-02-06T00:44:14+00:00","dateModified":"2021-02-06T00:44:17+00:00","description":"\u27a8","breadcrumb":{"@id":"https:\/\/amautaenlinea.com\/blog\/minedu-si-hay-un-nino-contagiado-en-un-aula-se-cierra-el-aula-y-si-hay-dos-contagios-en-aulas-distintas-se-cierra-el-colegio\/#breadcrumb"},"inLanguage":"es","potentialAction":[{"@type":"ReadAction","target":["https:\/\/amautaenlinea.com\/blog\/minedu-si-hay-un-nino-contagiado-en-un-aula-se-cierra-el-aula-y-si-hay-dos-contagios-en-aulas-distintas-se-cierra-el-colegio\/"]}]},{"@type":"ImageObject","inLanguage":"es","@id":"https:\/\/amautaenlinea.com\/blog\/minedu-si-hay-un-nino-contagiado-en-un-aula-se-cierra-el-aula-y-si-hay-dos-contagios-en-aulas-distintas-se-cierra-el-colegio\/#primaryimage","url":"https:\/\/amautaenlinea.com\/blog\/wp-content\/uploads\/2021\/02\/Si-hay-un-nino-contagiado-en-un-aula-se-cierra-el-aula-y-si-hay-dos-contagios-en-aulas-distintas-se-cierra-el-colegio.jpg","contentUrl":"https:\/\/amautaenlinea.com\/blog\/wp-content\/uploads\/2021\/02\/Si-hay-un-nino-contagiado-en-un-aula-se-cierra-el-aula-y-si-hay-dos-contagios-en-aulas-distintas-se-cierra-el-colegio.jpg","width":1280,"height":720},{"@type":"BreadcrumbList","@id":"https:\/\/amautaenlinea.com\/blog\/minedu-si-hay-un-nino-contagiado-en-un-aula-se-cierra-el-aula-y-si-hay-dos-contagios-en-aulas-distintas-se-cierra-el-colegio\/#breadcrumb","itemListElement":[{"@type":"ListItem","position":1,"name":"Portada","item":"https:\/\/amautaenlinea.com\/blog\/"},{"@type":"ListItem","position":2,"name":"Minedu: Si hay un ni\u00f1o contagiado en un aula, se cierra el aula, y si hay dos contagios en aulas distintas, se cierra el colegio"}]},{"@type":"WebSite","@id":"https:\/\/amautaenlinea.com\/blog\/#website","url":"https:\/\/amautaenlinea.com\/blog\/","name":"Grupo AMAUTA","description":"","publisher":{"@id":"https:\/\/amautaenlinea.com\/blog\/#organization"},"potentialAction":[{"@type":"SearchAction","target":{"@type":"EntryPoint","urlTemplate":"https:\/\/amautaenlinea.com\/blog\/?s={search_term_string}"},"query-input":{"@type":"PropertyValueSpecification","valueRequired":true,"valueName":"search_term_string"}}],"inLanguage":"es"},{"@type":"Organization","@id":"https:\/\/amautaenlinea.com\/blog\/#organization","name":"Grupo AMAUTA E-BUSINESS","url":"https:\/\/amautaenlinea.com\/blog\/","logo":{"@type":"ImageObject","inLanguage":"es","@id":"https:\/\/amautaenlinea.com\/blog\/#\/schema\/logo\/image\/","url":"https:\/\/amautaenlinea.com\/blog\/wp-content\/uploads\/2023\/09\/logo-amauta.png","contentUrl":"https:\/\/amautaenlinea.com\/blog\/wp-content\/uploads\/2023\/09\/logo-amauta.png","width":1124,"height":368,"caption":"Grupo AMAUTA E-BUSINESS"},"image":{"@id":"https:\/\/amautaenlinea.com\/blog\/#\/schema\/logo\/image\/"},"sameAs":["https:\/\/www.facebook.com\/amautaperu.org\/"]},{"@type":"Person","@id":"https:\/\/amautaenlinea.com\/blog\/#\/schema\/person\/d8d4b5d672e9edb72a6f23fd40dd31d5","name":"Grupo AMAUTA EBUSINESS","image":{"@type":"ImageObject","inLanguage":"es","@id":"https:\/\/secure.gravatar.com\/avatar\/97706b54c222a710310e2db50e02e68de0a4c8bb76654bcc4053b08241c6bd6c?s=96&d=mm&r=g","url":"https:\/\/secure.gravatar.com\/avatar\/97706b54c222a710310e2db50e02e68de0a4c8bb76654bcc4053b08241c6bd6c?s=96&d=mm&r=g","contentUrl":"https:\/\/secure.gravatar.com\/avatar\/97706b54c222a710310e2db50e02e68de0a4c8bb76654bcc4053b08241c6bd6c?s=96&d=mm&r=g","caption":"Grupo AMAUTA EBUSINESS"}}]}},"_links":{"self":[{"href":"https:\/\/amautaenlinea.com\/blog\/wp-json\/wp\/v2\/posts\/6542","targetHints":{"allow":["GET"]}}],"collection":[{"href":"https:\/\/amautaenlinea.com\/blog\/wp-json\/wp\/v2\/posts"}],"about":[{"href":"https:\/\/amautaenlinea.com\/blog\/wp-json\/wp\/v2\/types\/post"}],"author":[{"embeddable":true,"href":"https:\/\/amautaenlinea.com\/blog\/wp-json\/wp\/v2\/users\/1"}],"replies":[{"embeddable":true,"href":"https:\/\/amautaenlinea.com\/blog\/wp-json\/wp\/v2\/comments?post=6542"}],"version-history":[{"count":0,"href":"https:\/\/amautaenlinea.com\/blog\/wp-json\/wp\/v2\/posts\/6542\/revisions"}],"wp:featuredmedia":[{"embeddable":true,"href":"https:\/\/amautaenlinea.com\/blog\/wp-json\/wp\/v2\/media\/6543"}],"wp:attachment":[{"href":"https:\/\/amautaenlinea.com\/blog\/wp-json\/wp\/v2\/media?parent=6542"}],"wp:term":[{"taxonomy":"category","embeddable":true,"href":"https:\/\/amautaenlinea.com\/blog\/wp-json\/wp\/v2\/categories?post=6542"},{"taxonomy":"post_tag","embeddable":true,"href":"https:\/\/amautaenlinea.com\/blog\/wp-json\/wp\/v2\/tags?post=6542"}],"curies":[{"name":"wp","href":"https:\/\/api.w.org\/{rel}","templated":true}]}}