{"id":6532,"date":"2021-02-05T01:44:13","date_gmt":"2021-02-05T01:44:13","guid":{"rendered":"https:\/\/amautaenlinea.com\/blog\/?p=6532"},"modified":"2021-02-05T01:44:16","modified_gmt":"2021-02-05T01:44:16","slug":"minedu-recalca-que-cursos-se-priorizaran-hasta-julio-de-este-ano-en-los-colegios-a-nivel-nacional","status":"publish","type":"post","link":"https:\/\/amautaenlinea.com\/blog\/minedu-recalca-que-cursos-se-priorizaran-hasta-julio-de-este-ano-en-los-colegios-a-nivel-nacional\/","title":{"rendered":"Minedu recalca que cursos se  priorizar\u00e1n hasta julio de este a\u00f1o en los colegios a nivel nacional"},"content":{"rendered":"\n<p><strong>En julio se har\u00e1 nueva revisi\u00f3n para ver si se incorporan otros cursos en segundo semestre<\/strong><\/p>\n\n\n\n<p>El ministro de Educaci\u00f3n, Ricardo Cuenca, inform\u00f3 que hasta julio de este a\u00f1o se priorizar\u00e1 en los <strong>colegios p\u00fablicos del pa\u00eds la ense\u00f1anza de matem\u00e1tica, comprensi\u00f3n lectora y formaci\u00f3n ciudadana.<\/strong><\/p>\n\n\n\n<p>En este primer momento, la priorizaci\u00f3n est\u00e1 clara en competencias que son habilitantes, <strong>es decir matem\u00e1ticas, comprensi\u00f3n lectora y formaci\u00f3n ciudadana.<\/strong> <\/p>\n\n\n\n<p>Esos tres elementos ya se fueron incorporando paulatinamente el a\u00f1o pasado y ahora van a continuar hasta julio de este a\u00f1o\u00bb, dijo en\u00a0<em>RPP<\/em>.<\/p>\n\n\n\n<p><strong>Cuenca explic\u00f3 que en julio pr\u00f3ximo se har\u00e1 una nueva revisi\u00f3n del plan de estudios para ver si se incorporan otras materias en el segundo semestre del 2021.<\/strong><\/p>\n\n\n\n<p><br>\u00abSin duda, en un contexto tan complejo como el nuestro en medio del coronavirus covid-19, el plan de estudios tambi\u00e9n entra en una situaci\u00f3n de emergencia y<strong>\u00a0algunos cursos van a entrar en cuarentena<\/strong>\u00ab, remarc\u00f3.<br><\/p>\n\n\n\n<p>El titular de Educaci\u00f3n recalc\u00f3 que\u00a0el a\u00f1o escolar 2021 <strong>comenzar\u00e1 el 15 de marzo y ser\u00e1 virtual hasta el 15 de abr<\/strong>il, luego de lo cual se evaluar\u00e1 si es factible un eventual retorno a la presencialidad o semipresencialidad, el cual ser\u00eda gradual, flexible, voluntario y seguro.<\/p>\n\n\n\n<p>Coment\u00f3 adem\u00e1s que en diciembre \u00faltimo comenz\u00f3 una evaluaci\u00f3n para ver cu\u00e1nto han aprendido los escolares en el 2020, durante la emergencia sanitaria por el covid-19. A\u00f1adi\u00f3 que dicho an\u00e1lisis estar\u00e1 listo a fines de enero y, a partir de all\u00ed, se sabr\u00e1 en qu\u00e9 temas incidir este a\u00f1o.<\/p>\n\n\n\n<p>El ministro tambi\u00e9n recalc\u00f3 que los estudiantes de primaria y secundaria que en el 2020 no lograron acceder a Aprendo en Casa por falta de conexi\u00f3n, accedieron de manera tard\u00eda o no registraron avances en el desarrollo de sus competencias est\u00e1n poni\u00e9ndose al d\u00eda y consolidando sus aprendizajes en estas semanas de vacaciones mediante la\u00a0carpeta de recuperaci\u00f3n\u00a0dise\u00f1ada por el Minedu.<\/p>\n\n\n\n<h2 class=\"wp-block-heading\"><strong>Viceministerio de educaci\u00f3n superior<\/strong><\/h2>\n\n\n\n<p><br>Por otro lado, Cuenca adelant\u00f3 que uno de los compromisos de su gesti\u00f3n es preparar, conjuntamente con el Congreso de la Rep\u00fablica, un paquete legislativo que pueda incluir varios temas, entre ellos la reorganizaci\u00f3n del Minedu para crear el viceministerio de educaci\u00f3n superior.<\/p>\n\n\n\n<p><br>\u00abLa estructura del Ministerio de Educaci\u00f3n data de 1995. Tenemos en este momento dos viceministerios que, ahora, necesitan ser mirados de una manera distinta, entre ellos tener el viceministerio de educaci\u00f3n superior\u00bb.<\/p>\n\n\n\n<p><br>De igual manera refiri\u00f3 que es necesario modificar la ley de acreditaci\u00f3n y hacer ajustes en la Superintendencia Nacional de Educaci\u00f3n Superior Universitaria (Sunedu) para que pueda\u00a0licenciar a los institutos de educaci\u00f3n superior.<\/p>\n","protected":false},"excerpt":{"rendered":"<p>En julio se har\u00e1 nueva revisi\u00f3n para ver si se incorporan otros cursos en segundo semestre El ministro de Educaci\u00f3n, Ricardo Cuenca, inform\u00f3 que<\/p>\n","protected":false},"author":1,"featured_media":6533,"comment_status":"open","ping_status":"open","sticky":false,"template":"","format":"standard","meta":{"footnotes":""},"categories":[4],"tags":[],"class_list":["post-6532","post","type-post","status-publish","format-standard","has-post-thumbnail","hentry","category-educacion"],"yoast_head":"<!-- This site is optimized with the Yoast SEO Premium plugin v21.2 (Yoast SEO v27.5) - https:\/\/yoast.com\/product\/yoast-seo-premium-wordpress\/ -->\n<title>\u25b7 Minedu recalca que cursos se priorizar\u00e1n hasta julio de este a\u00f1o en los colegios a nivel nacional \u2705<\/title>\n<meta name=\"description\" content=\"\u27a8\" \/>\n<meta name=\"robots\" content=\"index, follow, max-snippet:-1, max-image-preview:large, max-video-preview:-1\" \/>\n<link rel=\"canonical\" href=\"https:\/\/amautaenlinea.com\/blog\/minedu-recalca-que-cursos-se-priorizaran-hasta-julio-de-este-ano-en-los-colegios-a-nivel-nacional\/\" \/>\n<meta property=\"og:locale\" content=\"es_ES\" \/>\n<meta property=\"og:type\" content=\"article\" \/>\n<meta property=\"og:title\" content=\"Minedu recalca que cursos se priorizar\u00e1n hasta julio de este a\u00f1o en los colegios a nivel nacional\" \/>\n<meta property=\"og:description\" content=\"\u27a8\" \/>\n<meta property=\"og:url\" content=\"https:\/\/amautaenlinea.com\/blog\/minedu-recalca-que-cursos-se-priorizaran-hasta-julio-de-este-ano-en-los-colegios-a-nivel-nacional\/\" \/>\n<meta property=\"og:site_name\" content=\"Grupo AMAUTA\" \/>\n<meta property=\"article:publisher\" content=\"https:\/\/www.facebook.com\/amautaperu.org\/\" \/>\n<meta property=\"article:published_time\" content=\"2021-02-05T01:44:13+00:00\" \/>\n<meta property=\"article:modified_time\" content=\"2021-02-05T01:44:16+00:00\" \/>\n<meta property=\"og:image\" content=\"https:\/\/amautaenlinea.com\/blog\/wp-content\/uploads\/2021\/02\/Minedu-recalca-que-cursos-se-priorizaran-hasta-julio-de-este-ano-en-los-colegios-a-nivel-nacional.jpg\" \/>\n\t<meta property=\"og:image:width\" content=\"1280\" \/>\n\t<meta property=\"og:image:height\" content=\"720\" \/>\n\t<meta property=\"og:image:type\" content=\"image\/jpeg\" \/>\n<meta name=\"author\" content=\"Grupo AMAUTA EBUSINESS\" \/>\n<meta name=\"twitter:card\" content=\"summary_large_image\" \/>\n<script type=\"application\/ld+json\" class=\"yoast-schema-graph\">{\"@context\":\"https:\\\/\\\/schema.org\",\"@graph\":[{\"@type\":\"Article\",\"@id\":\"https:\\\/\\\/amautaenlinea.com\\\/blog\\\/minedu-recalca-que-cursos-se-priorizaran-hasta-julio-de-este-ano-en-los-colegios-a-nivel-nacional\\\/#article\",\"isPartOf\":{\"@id\":\"https:\\\/\\\/amautaenlinea.com\\\/blog\\\/minedu-recalca-que-cursos-se-priorizaran-hasta-julio-de-este-ano-en-los-colegios-a-nivel-nacional\\\/\"},\"author\":{\"name\":\"Grupo AMAUTA EBUSINESS\",\"@id\":\"https:\\\/\\\/amautaenlinea.com\\\/blog\\\/#\\\/schema\\\/person\\\/d8d4b5d672e9edb72a6f23fd40dd31d5\"},\"headline\":\"Minedu recalca que cursos se priorizar\u00e1n hasta julio de este a\u00f1o en los colegios a nivel nacional\",\"datePublished\":\"2021-02-05T01:44:13+00:00\",\"dateModified\":\"2021-02-05T01:44:16+00:00\",\"mainEntityOfPage\":{\"@id\":\"https:\\\/\\\/amautaenlinea.com\\\/blog\\\/minedu-recalca-que-cursos-se-priorizaran-hasta-julio-de-este-ano-en-los-colegios-a-nivel-nacional\\\/\"},\"wordCount\":484,\"commentCount\":0,\"publisher\":{\"@id\":\"https:\\\/\\\/amautaenlinea.com\\\/blog\\\/#organization\"},\"image\":{\"@id\":\"https:\\\/\\\/amautaenlinea.com\\\/blog\\\/minedu-recalca-que-cursos-se-priorizaran-hasta-julio-de-este-ano-en-los-colegios-a-nivel-nacional\\\/#primaryimage\"},\"thumbnailUrl\":\"https:\\\/\\\/amautaenlinea.com\\\/blog\\\/wp-content\\\/uploads\\\/2021\\\/02\\\/Minedu-recalca-que-cursos-se-priorizaran-hasta-julio-de-este-ano-en-los-colegios-a-nivel-nacional.jpg\",\"articleSection\":[\"Educaci\u00f3n\"],\"inLanguage\":\"es\",\"potentialAction\":[{\"@type\":\"CommentAction\",\"name\":\"Comment\",\"target\":[\"https:\\\/\\\/amautaenlinea.com\\\/blog\\\/minedu-recalca-que-cursos-se-priorizaran-hasta-julio-de-este-ano-en-los-colegios-a-nivel-nacional\\\/#respond\"]}],\"copyrightYear\":\"2021\",\"copyrightHolder\":{\"@id\":\"https:\\\/\\\/amautaenlinea.com\\\/blog\\\/#organization\"}},{\"@type\":\"WebPage\",\"@id\":\"https:\\\/\\\/amautaenlinea.com\\\/blog\\\/minedu-recalca-que-cursos-se-priorizaran-hasta-julio-de-este-ano-en-los-colegios-a-nivel-nacional\\\/\",\"url\":\"https:\\\/\\\/amautaenlinea.com\\\/blog\\\/minedu-recalca-que-cursos-se-priorizaran-hasta-julio-de-este-ano-en-los-colegios-a-nivel-nacional\\\/\",\"name\":\"\u25b7 Minedu recalca que cursos se priorizar\u00e1n hasta julio de este a\u00f1o en los colegios a nivel nacional \u2705\",\"isPartOf\":{\"@id\":\"https:\\\/\\\/amautaenlinea.com\\\/blog\\\/#website\"},\"primaryImageOfPage\":{\"@id\":\"https:\\\/\\\/amautaenlinea.com\\\/blog\\\/minedu-recalca-que-cursos-se-priorizaran-hasta-julio-de-este-ano-en-los-colegios-a-nivel-nacional\\\/#primaryimage\"},\"image\":{\"@id\":\"https:\\\/\\\/amautaenlinea.com\\\/blog\\\/minedu-recalca-que-cursos-se-priorizaran-hasta-julio-de-este-ano-en-los-colegios-a-nivel-nacional\\\/#primaryimage\"},\"thumbnailUrl\":\"https:\\\/\\\/amautaenlinea.com\\\/blog\\\/wp-content\\\/uploads\\\/2021\\\/02\\\/Minedu-recalca-que-cursos-se-priorizaran-hasta-julio-de-este-ano-en-los-colegios-a-nivel-nacional.jpg\",\"datePublished\":\"2021-02-05T01:44:13+00:00\",\"dateModified\":\"2021-02-05T01:44:16+00:00\",\"description\":\"\u27a8\",\"breadcrumb\":{\"@id\":\"https:\\\/\\\/amautaenlinea.com\\\/blog\\\/minedu-recalca-que-cursos-se-priorizaran-hasta-julio-de-este-ano-en-los-colegios-a-nivel-nacional\\\/#breadcrumb\"},\"inLanguage\":\"es\",\"potentialAction\":[{\"@type\":\"ReadAction\",\"target\":[\"https:\\\/\\\/amautaenlinea.com\\\/blog\\\/minedu-recalca-que-cursos-se-priorizaran-hasta-julio-de-este-ano-en-los-colegios-a-nivel-nacional\\\/\"]}]},{\"@type\":\"ImageObject\",\"inLanguage\":\"es\",\"@id\":\"https:\\\/\\\/amautaenlinea.com\\\/blog\\\/minedu-recalca-que-cursos-se-priorizaran-hasta-julio-de-este-ano-en-los-colegios-a-nivel-nacional\\\/#primaryimage\",\"url\":\"https:\\\/\\\/amautaenlinea.com\\\/blog\\\/wp-content\\\/uploads\\\/2021\\\/02\\\/Minedu-recalca-que-cursos-se-priorizaran-hasta-julio-de-este-ano-en-los-colegios-a-nivel-nacional.jpg\",\"contentUrl\":\"https:\\\/\\\/amautaenlinea.com\\\/blog\\\/wp-content\\\/uploads\\\/2021\\\/02\\\/Minedu-recalca-que-cursos-se-priorizaran-hasta-julio-de-este-ano-en-los-colegios-a-nivel-nacional.jpg\",\"width\":1280,\"height\":720},{\"@type\":\"BreadcrumbList\",\"@id\":\"https:\\\/\\\/amautaenlinea.com\\\/blog\\\/minedu-recalca-que-cursos-se-priorizaran-hasta-julio-de-este-ano-en-los-colegios-a-nivel-nacional\\\/#breadcrumb\",\"itemListElement\":[{\"@type\":\"ListItem\",\"position\":1,\"name\":\"Portada\",\"item\":\"https:\\\/\\\/amautaenlinea.com\\\/blog\\\/\"},{\"@type\":\"ListItem\",\"position\":2,\"name\":\"Minedu recalca que cursos se priorizar\u00e1n hasta julio de este a\u00f1o en los colegios a nivel nacional\"}]},{\"@type\":\"WebSite\",\"@id\":\"https:\\\/\\\/amautaenlinea.com\\\/blog\\\/#website\",\"url\":\"https:\\\/\\\/amautaenlinea.com\\\/blog\\\/\",\"name\":\"Grupo AMAUTA\",\"description\":\"\",\"publisher\":{\"@id\":\"https:\\\/\\\/amautaenlinea.com\\\/blog\\\/#organization\"},\"potentialAction\":[{\"@type\":\"SearchAction\",\"target\":{\"@type\":\"EntryPoint\",\"urlTemplate\":\"https:\\\/\\\/amautaenlinea.com\\\/blog\\\/?s={search_term_string}\"},\"query-input\":{\"@type\":\"PropertyValueSpecification\",\"valueRequired\":true,\"valueName\":\"search_term_string\"}}],\"inLanguage\":\"es\"},{\"@type\":\"Organization\",\"@id\":\"https:\\\/\\\/amautaenlinea.com\\\/blog\\\/#organization\",\"name\":\"Grupo AMAUTA E-BUSINESS\",\"url\":\"https:\\\/\\\/amautaenlinea.com\\\/blog\\\/\",\"logo\":{\"@type\":\"ImageObject\",\"inLanguage\":\"es\",\"@id\":\"https:\\\/\\\/amautaenlinea.com\\\/blog\\\/#\\\/schema\\\/logo\\\/image\\\/\",\"url\":\"https:\\\/\\\/amautaenlinea.com\\\/blog\\\/wp-content\\\/uploads\\\/2023\\\/09\\\/logo-amauta.png\",\"contentUrl\":\"https:\\\/\\\/amautaenlinea.com\\\/blog\\\/wp-content\\\/uploads\\\/2023\\\/09\\\/logo-amauta.png\",\"width\":1124,\"height\":368,\"caption\":\"Grupo AMAUTA E-BUSINESS\"},\"image\":{\"@id\":\"https:\\\/\\\/amautaenlinea.com\\\/blog\\\/#\\\/schema\\\/logo\\\/image\\\/\"},\"sameAs\":[\"https:\\\/\\\/www.facebook.com\\\/amautaperu.org\\\/\"]},{\"@type\":\"Person\",\"@id\":\"https:\\\/\\\/amautaenlinea.com\\\/blog\\\/#\\\/schema\\\/person\\\/d8d4b5d672e9edb72a6f23fd40dd31d5\",\"name\":\"Grupo AMAUTA EBUSINESS\",\"image\":{\"@type\":\"ImageObject\",\"inLanguage\":\"es\",\"@id\":\"https:\\\/\\\/secure.gravatar.com\\\/avatar\\\/97706b54c222a710310e2db50e02e68de0a4c8bb76654bcc4053b08241c6bd6c?s=96&d=mm&r=g\",\"url\":\"https:\\\/\\\/secure.gravatar.com\\\/avatar\\\/97706b54c222a710310e2db50e02e68de0a4c8bb76654bcc4053b08241c6bd6c?s=96&d=mm&r=g\",\"contentUrl\":\"https:\\\/\\\/secure.gravatar.com\\\/avatar\\\/97706b54c222a710310e2db50e02e68de0a4c8bb76654bcc4053b08241c6bd6c?s=96&d=mm&r=g\",\"caption\":\"Grupo AMAUTA EBUSINESS\"}}]}<\/script>\n<!-- \/ Yoast SEO Premium plugin. -->","yoast_head_json":{"title":"\u25b7 Minedu recalca que cursos se priorizar\u00e1n hasta julio de este a\u00f1o en los colegios a nivel nacional \u2705","description":"\u27a8","robots":{"index":"index","follow":"follow","max-snippet":"max-snippet:-1","max-image-preview":"max-image-preview:large","max-video-preview":"max-video-preview:-1"},"canonical":"https:\/\/amautaenlinea.com\/blog\/minedu-recalca-que-cursos-se-priorizaran-hasta-julio-de-este-ano-en-los-colegios-a-nivel-nacional\/","og_locale":"es_ES","og_type":"article","og_title":"Minedu recalca que cursos se priorizar\u00e1n hasta julio de este a\u00f1o en los colegios a nivel nacional","og_description":"\u27a8","og_url":"https:\/\/amautaenlinea.com\/blog\/minedu-recalca-que-cursos-se-priorizaran-hasta-julio-de-este-ano-en-los-colegios-a-nivel-nacional\/","og_site_name":"Grupo AMAUTA","article_publisher":"https:\/\/www.facebook.com\/amautaperu.org\/","article_published_time":"2021-02-05T01:44:13+00:00","article_modified_time":"2021-02-05T01:44:16+00:00","og_image":[{"width":1280,"height":720,"url":"https:\/\/amautaenlinea.com\/blog\/wp-content\/uploads\/2021\/02\/Minedu-recalca-que-cursos-se-priorizaran-hasta-julio-de-este-ano-en-los-colegios-a-nivel-nacional.jpg","type":"image\/jpeg"}],"author":"Grupo AMAUTA EBUSINESS","twitter_card":"summary_large_image","schema":{"@context":"https:\/\/schema.org","@graph":[{"@type":"Article","@id":"https:\/\/amautaenlinea.com\/blog\/minedu-recalca-que-cursos-se-priorizaran-hasta-julio-de-este-ano-en-los-colegios-a-nivel-nacional\/#article","isPartOf":{"@id":"https:\/\/amautaenlinea.com\/blog\/minedu-recalca-que-cursos-se-priorizaran-hasta-julio-de-este-ano-en-los-colegios-a-nivel-nacional\/"},"author":{"name":"Grupo AMAUTA EBUSINESS","@id":"https:\/\/amautaenlinea.com\/blog\/#\/schema\/person\/d8d4b5d672e9edb72a6f23fd40dd31d5"},"headline":"Minedu recalca que cursos se priorizar\u00e1n hasta julio de este a\u00f1o en los colegios a nivel nacional","datePublished":"2021-02-05T01:44:13+00:00","dateModified":"2021-02-05T01:44:16+00:00","mainEntityOfPage":{"@id":"https:\/\/amautaenlinea.com\/blog\/minedu-recalca-que-cursos-se-priorizaran-hasta-julio-de-este-ano-en-los-colegios-a-nivel-nacional\/"},"wordCount":484,"commentCount":0,"publisher":{"@id":"https:\/\/amautaenlinea.com\/blog\/#organization"},"image":{"@id":"https:\/\/amautaenlinea.com\/blog\/minedu-recalca-que-cursos-se-priorizaran-hasta-julio-de-este-ano-en-los-colegios-a-nivel-nacional\/#primaryimage"},"thumbnailUrl":"https:\/\/amautaenlinea.com\/blog\/wp-content\/uploads\/2021\/02\/Minedu-recalca-que-cursos-se-priorizaran-hasta-julio-de-este-ano-en-los-colegios-a-nivel-nacional.jpg","articleSection":["Educaci\u00f3n"],"inLanguage":"es","potentialAction":[{"@type":"CommentAction","name":"Comment","target":["https:\/\/amautaenlinea.com\/blog\/minedu-recalca-que-cursos-se-priorizaran-hasta-julio-de-este-ano-en-los-colegios-a-nivel-nacional\/#respond"]}],"copyrightYear":"2021","copyrightHolder":{"@id":"https:\/\/amautaenlinea.com\/blog\/#organization"}},{"@type":"WebPage","@id":"https:\/\/amautaenlinea.com\/blog\/minedu-recalca-que-cursos-se-priorizaran-hasta-julio-de-este-ano-en-los-colegios-a-nivel-nacional\/","url":"https:\/\/amautaenlinea.com\/blog\/minedu-recalca-que-cursos-se-priorizaran-hasta-julio-de-este-ano-en-los-colegios-a-nivel-nacional\/","name":"\u25b7 Minedu recalca que cursos se priorizar\u00e1n hasta julio de este a\u00f1o en los colegios a nivel nacional \u2705","isPartOf":{"@id":"https:\/\/amautaenlinea.com\/blog\/#website"},"primaryImageOfPage":{"@id":"https:\/\/amautaenlinea.com\/blog\/minedu-recalca-que-cursos-se-priorizaran-hasta-julio-de-este-ano-en-los-colegios-a-nivel-nacional\/#primaryimage"},"image":{"@id":"https:\/\/amautaenlinea.com\/blog\/minedu-recalca-que-cursos-se-priorizaran-hasta-julio-de-este-ano-en-los-colegios-a-nivel-nacional\/#primaryimage"},"thumbnailUrl":"https:\/\/amautaenlinea.com\/blog\/wp-content\/uploads\/2021\/02\/Minedu-recalca-que-cursos-se-priorizaran-hasta-julio-de-este-ano-en-los-colegios-a-nivel-nacional.jpg","datePublished":"2021-02-05T01:44:13+00:00","dateModified":"2021-02-05T01:44:16+00:00","description":"\u27a8","breadcrumb":{"@id":"https:\/\/amautaenlinea.com\/blog\/minedu-recalca-que-cursos-se-priorizaran-hasta-julio-de-este-ano-en-los-colegios-a-nivel-nacional\/#breadcrumb"},"inLanguage":"es","potentialAction":[{"@type":"ReadAction","target":["https:\/\/amautaenlinea.com\/blog\/minedu-recalca-que-cursos-se-priorizaran-hasta-julio-de-este-ano-en-los-colegios-a-nivel-nacional\/"]}]},{"@type":"ImageObject","inLanguage":"es","@id":"https:\/\/amautaenlinea.com\/blog\/minedu-recalca-que-cursos-se-priorizaran-hasta-julio-de-este-ano-en-los-colegios-a-nivel-nacional\/#primaryimage","url":"https:\/\/amautaenlinea.com\/blog\/wp-content\/uploads\/2021\/02\/Minedu-recalca-que-cursos-se-priorizaran-hasta-julio-de-este-ano-en-los-colegios-a-nivel-nacional.jpg","contentUrl":"https:\/\/amautaenlinea.com\/blog\/wp-content\/uploads\/2021\/02\/Minedu-recalca-que-cursos-se-priorizaran-hasta-julio-de-este-ano-en-los-colegios-a-nivel-nacional.jpg","width":1280,"height":720},{"@type":"BreadcrumbList","@id":"https:\/\/amautaenlinea.com\/blog\/minedu-recalca-que-cursos-se-priorizaran-hasta-julio-de-este-ano-en-los-colegios-a-nivel-nacional\/#breadcrumb","itemListElement":[{"@type":"ListItem","position":1,"name":"Portada","item":"https:\/\/amautaenlinea.com\/blog\/"},{"@type":"ListItem","position":2,"name":"Minedu recalca que cursos se priorizar\u00e1n hasta julio de este a\u00f1o en los colegios a nivel nacional"}]},{"@type":"WebSite","@id":"https:\/\/amautaenlinea.com\/blog\/#website","url":"https:\/\/amautaenlinea.com\/blog\/","name":"Grupo AMAUTA","description":"","publisher":{"@id":"https:\/\/amautaenlinea.com\/blog\/#organization"},"potentialAction":[{"@type":"SearchAction","target":{"@type":"EntryPoint","urlTemplate":"https:\/\/amautaenlinea.com\/blog\/?s={search_term_string}"},"query-input":{"@type":"PropertyValueSpecification","valueRequired":true,"valueName":"search_term_string"}}],"inLanguage":"es"},{"@type":"Organization","@id":"https:\/\/amautaenlinea.com\/blog\/#organization","name":"Grupo AMAUTA E-BUSINESS","url":"https:\/\/amautaenlinea.com\/blog\/","logo":{"@type":"ImageObject","inLanguage":"es","@id":"https:\/\/amautaenlinea.com\/blog\/#\/schema\/logo\/image\/","url":"https:\/\/amautaenlinea.com\/blog\/wp-content\/uploads\/2023\/09\/logo-amauta.png","contentUrl":"https:\/\/amautaenlinea.com\/blog\/wp-content\/uploads\/2023\/09\/logo-amauta.png","width":1124,"height":368,"caption":"Grupo AMAUTA E-BUSINESS"},"image":{"@id":"https:\/\/amautaenlinea.com\/blog\/#\/schema\/logo\/image\/"},"sameAs":["https:\/\/www.facebook.com\/amautaperu.org\/"]},{"@type":"Person","@id":"https:\/\/amautaenlinea.com\/blog\/#\/schema\/person\/d8d4b5d672e9edb72a6f23fd40dd31d5","name":"Grupo AMAUTA EBUSINESS","image":{"@type":"ImageObject","inLanguage":"es","@id":"https:\/\/secure.gravatar.com\/avatar\/97706b54c222a710310e2db50e02e68de0a4c8bb76654bcc4053b08241c6bd6c?s=96&d=mm&r=g","url":"https:\/\/secure.gravatar.com\/avatar\/97706b54c222a710310e2db50e02e68de0a4c8bb76654bcc4053b08241c6bd6c?s=96&d=mm&r=g","contentUrl":"https:\/\/secure.gravatar.com\/avatar\/97706b54c222a710310e2db50e02e68de0a4c8bb76654bcc4053b08241c6bd6c?s=96&d=mm&r=g","caption":"Grupo AMAUTA EBUSINESS"}}]}},"_links":{"self":[{"href":"https:\/\/amautaenlinea.com\/blog\/wp-json\/wp\/v2\/posts\/6532","targetHints":{"allow":["GET"]}}],"collection":[{"href":"https:\/\/amautaenlinea.com\/blog\/wp-json\/wp\/v2\/posts"}],"about":[{"href":"https:\/\/amautaenlinea.com\/blog\/wp-json\/wp\/v2\/types\/post"}],"author":[{"embeddable":true,"href":"https:\/\/amautaenlinea.com\/blog\/wp-json\/wp\/v2\/users\/1"}],"replies":[{"embeddable":true,"href":"https:\/\/amautaenlinea.com\/blog\/wp-json\/wp\/v2\/comments?post=6532"}],"version-history":[{"count":0,"href":"https:\/\/amautaenlinea.com\/blog\/wp-json\/wp\/v2\/posts\/6532\/revisions"}],"wp:featuredmedia":[{"embeddable":true,"href":"https:\/\/amautaenlinea.com\/blog\/wp-json\/wp\/v2\/media\/6533"}],"wp:attachment":[{"href":"https:\/\/amautaenlinea.com\/blog\/wp-json\/wp\/v2\/media?parent=6532"}],"wp:term":[{"taxonomy":"category","embeddable":true,"href":"https:\/\/amautaenlinea.com\/blog\/wp-json\/wp\/v2\/categories?post=6532"},{"taxonomy":"post_tag","embeddable":true,"href":"https:\/\/amautaenlinea.com\/blog\/wp-json\/wp\/v2\/tags?post=6532"}],"curies":[{"name":"wp","href":"https:\/\/api.w.org\/{rel}","templated":true}]}}