{"id":6521,"date":"2021-02-03T20:06:12","date_gmt":"2021-02-03T20:06:12","guid":{"rendered":"https:\/\/amautaenlinea.com\/blog\/?p=6521"},"modified":"2021-02-03T20:06:14","modified_gmt":"2021-02-03T20:06:14","slug":"minedu-carpeta-de-recuperacion-va-generar-un-portafolio-para-marzo-y-se-alcanzara-al-docente-que-lo-usara-como-insumo-para-determinar-el-nivel-de-avance","status":"publish","type":"post","link":"https:\/\/amautaenlinea.com\/blog\/minedu-carpeta-de-recuperacion-va-generar-un-portafolio-para-marzo-y-se-alcanzara-al-docente-que-lo-usara-como-insumo-para-determinar-el-nivel-de-avance\/","title":{"rendered":"Minedu| Carpeta de recuperaci\u00f3n va generar un portafolio para Marzo y se alcanzar\u00e1 al docente que lo usar\u00e1 como insumo para determinar el nivel de avance"},"content":{"rendered":"\n<p>Fueron dise\u00f1adas por el Minedu para apoyar a escolares que no lograron desarrollar las competencias de su grado al <strong>finalizar el a\u00f1o 2020 <\/strong>por la emergencia sanitaria. Est\u00e1n siendo desarrolladas por los <strong>alumnos en enero y febrero<\/strong><\/p>\n\n\n\n<p>Los estudiantes de primaria y secundaria que no lograron acceder a Aprendo en Casa por falta de conexi\u00f3n, accedieron de manera tard\u00eda o no registraron avances en el desarrollo de sus competencias est\u00e1n poni\u00e9ndose al d\u00eda y consolidando sus aprendizajes en estas semanas de vacaciones mediante la carpeta de recuperaci\u00f3n dise\u00f1ada por el Ministerio de Educaci\u00f3n (Minedu).<\/p>\n\n\n\n<p>La coordinadora del Curr\u00edculo Nacional del Minedu, Pilar Butr\u00f3n, inform\u00f3 que la carpeta de recuperaci\u00f3n contiene diversos temas de las<strong> \u00e1reas de Comunicaci\u00f3n, Matem\u00e1ticas, Ciencia y Tecnolog\u00eda, Personal Social<\/strong>, entre otras materias, es <strong>autoinstructiva y ser\u00e1 desarrollada en forma aut\u00f3noma por cada estudiante en un periodo de 8 semanas.\u00a0<\/strong><\/p>\n\n\n\n<p>\u201cDe esta manera, la carpeta de recuperaci\u00f3n dar\u00e1 continuidad a los aprendizajes de los estudiantes que no tuvieron acceso a Aprendo en Casa o lo hicieron en forma intermitente o de manera tard\u00eda en el 2020, debido al aislamiento social, o accedieron pero no lograron el nivel.<\/p>\n\n\n\n<p>De modo que tengan la oportunidad de avanzar en el desarrollo de las competencias que no lograron consolidar en el a\u00f1o 2020\u201d, indic\u00f3 la funcionaria.\u00a0\u00a0<\/p>\n\n\n\n<p>Butr\u00f3n se\u00f1al\u00f3 que las carpetas de recuperaci\u00f3n han sido dise\u00f1adas con orientaciones para que los estudiantes trabajen de<strong> manera aut\u00f3noma durante los dos primeros meses del a\u00f1o y gestionen sus propios aprendizajes, <\/strong>por lo que\u00a0 incluyen una gu\u00eda introductoria que orienta al estudiante en el desarrollo y aplicaci\u00f3n de las experiencias de aprendizaje planteadas en la carpeta.\u00a0\u00a0<\/p>\n\n\n\n<p>Asimismo, dijo que esta carpeta de recuperaci\u00f3n va a generar un portafolio con todo lo que el estudiante ha hecho en <strong>enero y febrero<\/strong> y que se le har\u00e1 llegar al docente al empezar el a\u00f1o lectivo.<\/p>\n\n\n\n<p> Luego, el maestro analizar\u00e1 y determinar\u00e1 el nivel de desarrollo de las competencias y a partir de ello ayudar\u00e1 a que su estudiante avance desde la base de su nivel real de aprendizaje.<\/p>\n\n\n\n<p>\u00a0\u201c<strong>En marzo los docentes tendr\u00e1n varios insumos para determinar el nivel de avance de sus estudiantes, uno de ellos es la carpeta de recuperaci\u00f3n, otro es la calificaci\u00f3n que el docente ha registrado en el SIAGIE, y a ello se suma la evaluaci\u00f3n que los maestros siempre hacen al inicio del a\u00f1o lectivo. Con todo esto, el docente va a poder hacerse una idea de qu\u00e9 elementos necesita fortalecer el alumno para avanzar en el desarrollo de sus competencias\u201d, explic\u00f3.\u00a0<\/strong><\/p>\n\n\n\n<p>La carpeta de recuperaci\u00f3n est\u00e1 disponible en la plataforma de Aprendo en Casa desde <strong>diciembre del a\u00f1o pasado y puede desarrollarse de manera virtual<\/strong>, pero tambi\u00e9n ha sido descargada e impresa en zonas de poca conectividad por los directivos de II.EE. de 23 regiones y entregada a 286 974 escolares de primaria y secundaria de educaci\u00f3n b\u00e1sica regular y alternativa de 171 Ugel.\u00a0<\/p>\n\n\n\n<h3 class=\"wp-block-heading\">Fuente: MINEDU OFICINA DE PRENSA<\/h3>\n","protected":false},"excerpt":{"rendered":"<p>Fueron dise\u00f1adas por el Minedu para apoyar a escolares que no lograron desarrollar las competencias de su grado al finalizar el a\u00f1o 2020 por<\/p>\n","protected":false},"author":1,"featured_media":6522,"comment_status":"open","ping_status":"open","sticky":false,"template":"","format":"standard","meta":{"footnotes":""},"categories":[4],"tags":[],"class_list":["post-6521","post","type-post","status-publish","format-standard","has-post-thumbnail","hentry","category-educacion"],"yoast_head":"<!-- This site is optimized with the Yoast SEO Premium plugin v21.2 (Yoast SEO v27.5) - https:\/\/yoast.com\/product\/yoast-seo-premium-wordpress\/ -->\n<title>\u25b7 Minedu| Carpeta de recuperaci\u00f3n va generar un portafolio para Marzo y se alcanzar\u00e1 al docente que lo usar\u00e1 como insumo para determinar el nivel de avance \u2705<\/title>\n<meta name=\"description\" content=\"\u27a8\" \/>\n<meta name=\"robots\" content=\"index, follow, max-snippet:-1, max-image-preview:large, max-video-preview:-1\" \/>\n<link rel=\"canonical\" href=\"https:\/\/amautaenlinea.com\/blog\/minedu-carpeta-de-recuperacion-va-generar-un-portafolio-para-marzo-y-se-alcanzara-al-docente-que-lo-usara-como-insumo-para-determinar-el-nivel-de-avance\/\" \/>\n<meta property=\"og:locale\" content=\"es_ES\" \/>\n<meta property=\"og:type\" content=\"article\" \/>\n<meta property=\"og:title\" content=\"Minedu| Carpeta de recuperaci\u00f3n va generar un portafolio para Marzo y se alcanzar\u00e1 al docente que lo usar\u00e1 como insumo para determinar el nivel de avance\" \/>\n<meta property=\"og:description\" content=\"\u27a8\" \/>\n<meta property=\"og:url\" content=\"https:\/\/amautaenlinea.com\/blog\/minedu-carpeta-de-recuperacion-va-generar-un-portafolio-para-marzo-y-se-alcanzara-al-docente-que-lo-usara-como-insumo-para-determinar-el-nivel-de-avance\/\" \/>\n<meta property=\"og:site_name\" content=\"Grupo AMAUTA\" \/>\n<meta property=\"article:publisher\" content=\"https:\/\/www.facebook.com\/amautaperu.org\/\" \/>\n<meta property=\"article:published_time\" content=\"2021-02-03T20:06:12+00:00\" \/>\n<meta property=\"article:modified_time\" content=\"2021-02-03T20:06:14+00:00\" \/>\n<meta property=\"og:image\" content=\"https:\/\/amautaenlinea.com\/blog\/wp-content\/uploads\/2021\/02\/Carpeta-de-recuperacion-va-generar-un-portafolio-para-Marzo-y-se-alcanzara-al-docente-que-lo-usara-como-insumo-para-determinar-el-nivel-de-avance.jpg\" \/>\n\t<meta property=\"og:image:width\" content=\"1280\" \/>\n\t<meta property=\"og:image:height\" content=\"720\" \/>\n\t<meta property=\"og:image:type\" content=\"image\/jpeg\" \/>\n<meta name=\"author\" content=\"Grupo AMAUTA EBUSINESS\" \/>\n<meta name=\"twitter:card\" content=\"summary_large_image\" \/>\n<script type=\"application\/ld+json\" class=\"yoast-schema-graph\">{\"@context\":\"https:\\\/\\\/schema.org\",\"@graph\":[{\"@type\":\"Article\",\"@id\":\"https:\\\/\\\/amautaenlinea.com\\\/blog\\\/minedu-carpeta-de-recuperacion-va-generar-un-portafolio-para-marzo-y-se-alcanzara-al-docente-que-lo-usara-como-insumo-para-determinar-el-nivel-de-avance\\\/#article\",\"isPartOf\":{\"@id\":\"https:\\\/\\\/amautaenlinea.com\\\/blog\\\/minedu-carpeta-de-recuperacion-va-generar-un-portafolio-para-marzo-y-se-alcanzara-al-docente-que-lo-usara-como-insumo-para-determinar-el-nivel-de-avance\\\/\"},\"author\":{\"name\":\"Grupo AMAUTA EBUSINESS\",\"@id\":\"https:\\\/\\\/amautaenlinea.com\\\/blog\\\/#\\\/schema\\\/person\\\/d8d4b5d672e9edb72a6f23fd40dd31d5\"},\"headline\":\"Minedu| Carpeta de recuperaci\u00f3n va generar un portafolio para Marzo y se alcanzar\u00e1 al docente que lo usar\u00e1 como insumo para determinar el nivel de avance\",\"datePublished\":\"2021-02-03T20:06:12+00:00\",\"dateModified\":\"2021-02-03T20:06:14+00:00\",\"mainEntityOfPage\":{\"@id\":\"https:\\\/\\\/amautaenlinea.com\\\/blog\\\/minedu-carpeta-de-recuperacion-va-generar-un-portafolio-para-marzo-y-se-alcanzara-al-docente-que-lo-usara-como-insumo-para-determinar-el-nivel-de-avance\\\/\"},\"wordCount\":551,\"commentCount\":0,\"publisher\":{\"@id\":\"https:\\\/\\\/amautaenlinea.com\\\/blog\\\/#organization\"},\"image\":{\"@id\":\"https:\\\/\\\/amautaenlinea.com\\\/blog\\\/minedu-carpeta-de-recuperacion-va-generar-un-portafolio-para-marzo-y-se-alcanzara-al-docente-que-lo-usara-como-insumo-para-determinar-el-nivel-de-avance\\\/#primaryimage\"},\"thumbnailUrl\":\"https:\\\/\\\/amautaenlinea.com\\\/blog\\\/wp-content\\\/uploads\\\/2021\\\/02\\\/Carpeta-de-recuperacion-va-generar-un-portafolio-para-Marzo-y-se-alcanzara-al-docente-que-lo-usara-como-insumo-para-determinar-el-nivel-de-avance.jpg\",\"articleSection\":[\"Educaci\u00f3n\"],\"inLanguage\":\"es\",\"potentialAction\":[{\"@type\":\"CommentAction\",\"name\":\"Comment\",\"target\":[\"https:\\\/\\\/amautaenlinea.com\\\/blog\\\/minedu-carpeta-de-recuperacion-va-generar-un-portafolio-para-marzo-y-se-alcanzara-al-docente-que-lo-usara-como-insumo-para-determinar-el-nivel-de-avance\\\/#respond\"]}],\"copyrightYear\":\"2021\",\"copyrightHolder\":{\"@id\":\"https:\\\/\\\/amautaenlinea.com\\\/blog\\\/#organization\"}},{\"@type\":\"WebPage\",\"@id\":\"https:\\\/\\\/amautaenlinea.com\\\/blog\\\/minedu-carpeta-de-recuperacion-va-generar-un-portafolio-para-marzo-y-se-alcanzara-al-docente-que-lo-usara-como-insumo-para-determinar-el-nivel-de-avance\\\/\",\"url\":\"https:\\\/\\\/amautaenlinea.com\\\/blog\\\/minedu-carpeta-de-recuperacion-va-generar-un-portafolio-para-marzo-y-se-alcanzara-al-docente-que-lo-usara-como-insumo-para-determinar-el-nivel-de-avance\\\/\",\"name\":\"\u25b7 Minedu| Carpeta de recuperaci\u00f3n va generar un portafolio para Marzo y se alcanzar\u00e1 al docente que lo usar\u00e1 como insumo para determinar el nivel de avance \u2705\",\"isPartOf\":{\"@id\":\"https:\\\/\\\/amautaenlinea.com\\\/blog\\\/#website\"},\"primaryImageOfPage\":{\"@id\":\"https:\\\/\\\/amautaenlinea.com\\\/blog\\\/minedu-carpeta-de-recuperacion-va-generar-un-portafolio-para-marzo-y-se-alcanzara-al-docente-que-lo-usara-como-insumo-para-determinar-el-nivel-de-avance\\\/#primaryimage\"},\"image\":{\"@id\":\"https:\\\/\\\/amautaenlinea.com\\\/blog\\\/minedu-carpeta-de-recuperacion-va-generar-un-portafolio-para-marzo-y-se-alcanzara-al-docente-que-lo-usara-como-insumo-para-determinar-el-nivel-de-avance\\\/#primaryimage\"},\"thumbnailUrl\":\"https:\\\/\\\/amautaenlinea.com\\\/blog\\\/wp-content\\\/uploads\\\/2021\\\/02\\\/Carpeta-de-recuperacion-va-generar-un-portafolio-para-Marzo-y-se-alcanzara-al-docente-que-lo-usara-como-insumo-para-determinar-el-nivel-de-avance.jpg\",\"datePublished\":\"2021-02-03T20:06:12+00:00\",\"dateModified\":\"2021-02-03T20:06:14+00:00\",\"description\":\"\u27a8\",\"breadcrumb\":{\"@id\":\"https:\\\/\\\/amautaenlinea.com\\\/blog\\\/minedu-carpeta-de-recuperacion-va-generar-un-portafolio-para-marzo-y-se-alcanzara-al-docente-que-lo-usara-como-insumo-para-determinar-el-nivel-de-avance\\\/#breadcrumb\"},\"inLanguage\":\"es\",\"potentialAction\":[{\"@type\":\"ReadAction\",\"target\":[\"https:\\\/\\\/amautaenlinea.com\\\/blog\\\/minedu-carpeta-de-recuperacion-va-generar-un-portafolio-para-marzo-y-se-alcanzara-al-docente-que-lo-usara-como-insumo-para-determinar-el-nivel-de-avance\\\/\"]}]},{\"@type\":\"ImageObject\",\"inLanguage\":\"es\",\"@id\":\"https:\\\/\\\/amautaenlinea.com\\\/blog\\\/minedu-carpeta-de-recuperacion-va-generar-un-portafolio-para-marzo-y-se-alcanzara-al-docente-que-lo-usara-como-insumo-para-determinar-el-nivel-de-avance\\\/#primaryimage\",\"url\":\"https:\\\/\\\/amautaenlinea.com\\\/blog\\\/wp-content\\\/uploads\\\/2021\\\/02\\\/Carpeta-de-recuperacion-va-generar-un-portafolio-para-Marzo-y-se-alcanzara-al-docente-que-lo-usara-como-insumo-para-determinar-el-nivel-de-avance.jpg\",\"contentUrl\":\"https:\\\/\\\/amautaenlinea.com\\\/blog\\\/wp-content\\\/uploads\\\/2021\\\/02\\\/Carpeta-de-recuperacion-va-generar-un-portafolio-para-Marzo-y-se-alcanzara-al-docente-que-lo-usara-como-insumo-para-determinar-el-nivel-de-avance.jpg\",\"width\":1280,\"height\":720},{\"@type\":\"BreadcrumbList\",\"@id\":\"https:\\\/\\\/amautaenlinea.com\\\/blog\\\/minedu-carpeta-de-recuperacion-va-generar-un-portafolio-para-marzo-y-se-alcanzara-al-docente-que-lo-usara-como-insumo-para-determinar-el-nivel-de-avance\\\/#breadcrumb\",\"itemListElement\":[{\"@type\":\"ListItem\",\"position\":1,\"name\":\"Portada\",\"item\":\"https:\\\/\\\/amautaenlinea.com\\\/blog\\\/\"},{\"@type\":\"ListItem\",\"position\":2,\"name\":\"Minedu| Carpeta de recuperaci\u00f3n va generar un portafolio para Marzo y se alcanzar\u00e1 al docente que lo usar\u00e1 como insumo para determinar el nivel de avance\"}]},{\"@type\":\"WebSite\",\"@id\":\"https:\\\/\\\/amautaenlinea.com\\\/blog\\\/#website\",\"url\":\"https:\\\/\\\/amautaenlinea.com\\\/blog\\\/\",\"name\":\"Grupo AMAUTA\",\"description\":\"\",\"publisher\":{\"@id\":\"https:\\\/\\\/amautaenlinea.com\\\/blog\\\/#organization\"},\"potentialAction\":[{\"@type\":\"SearchAction\",\"target\":{\"@type\":\"EntryPoint\",\"urlTemplate\":\"https:\\\/\\\/amautaenlinea.com\\\/blog\\\/?s={search_term_string}\"},\"query-input\":{\"@type\":\"PropertyValueSpecification\",\"valueRequired\":true,\"valueName\":\"search_term_string\"}}],\"inLanguage\":\"es\"},{\"@type\":\"Organization\",\"@id\":\"https:\\\/\\\/amautaenlinea.com\\\/blog\\\/#organization\",\"name\":\"Grupo AMAUTA E-BUSINESS\",\"url\":\"https:\\\/\\\/amautaenlinea.com\\\/blog\\\/\",\"logo\":{\"@type\":\"ImageObject\",\"inLanguage\":\"es\",\"@id\":\"https:\\\/\\\/amautaenlinea.com\\\/blog\\\/#\\\/schema\\\/logo\\\/image\\\/\",\"url\":\"https:\\\/\\\/amautaenlinea.com\\\/blog\\\/wp-content\\\/uploads\\\/2023\\\/09\\\/logo-amauta.png\",\"contentUrl\":\"https:\\\/\\\/amautaenlinea.com\\\/blog\\\/wp-content\\\/uploads\\\/2023\\\/09\\\/logo-amauta.png\",\"width\":1124,\"height\":368,\"caption\":\"Grupo AMAUTA E-BUSINESS\"},\"image\":{\"@id\":\"https:\\\/\\\/amautaenlinea.com\\\/blog\\\/#\\\/schema\\\/logo\\\/image\\\/\"},\"sameAs\":[\"https:\\\/\\\/www.facebook.com\\\/amautaperu.org\\\/\"]},{\"@type\":\"Person\",\"@id\":\"https:\\\/\\\/amautaenlinea.com\\\/blog\\\/#\\\/schema\\\/person\\\/d8d4b5d672e9edb72a6f23fd40dd31d5\",\"name\":\"Grupo AMAUTA EBUSINESS\",\"image\":{\"@type\":\"ImageObject\",\"inLanguage\":\"es\",\"@id\":\"https:\\\/\\\/secure.gravatar.com\\\/avatar\\\/97706b54c222a710310e2db50e02e68de0a4c8bb76654bcc4053b08241c6bd6c?s=96&d=mm&r=g\",\"url\":\"https:\\\/\\\/secure.gravatar.com\\\/avatar\\\/97706b54c222a710310e2db50e02e68de0a4c8bb76654bcc4053b08241c6bd6c?s=96&d=mm&r=g\",\"contentUrl\":\"https:\\\/\\\/secure.gravatar.com\\\/avatar\\\/97706b54c222a710310e2db50e02e68de0a4c8bb76654bcc4053b08241c6bd6c?s=96&d=mm&r=g\",\"caption\":\"Grupo AMAUTA EBUSINESS\"}}]}<\/script>\n<!-- \/ Yoast SEO Premium plugin. -->","yoast_head_json":{"title":"\u25b7 Minedu| Carpeta de recuperaci\u00f3n va generar un portafolio para Marzo y se alcanzar\u00e1 al docente que lo usar\u00e1 como insumo para determinar el nivel de avance \u2705","description":"\u27a8","robots":{"index":"index","follow":"follow","max-snippet":"max-snippet:-1","max-image-preview":"max-image-preview:large","max-video-preview":"max-video-preview:-1"},"canonical":"https:\/\/amautaenlinea.com\/blog\/minedu-carpeta-de-recuperacion-va-generar-un-portafolio-para-marzo-y-se-alcanzara-al-docente-que-lo-usara-como-insumo-para-determinar-el-nivel-de-avance\/","og_locale":"es_ES","og_type":"article","og_title":"Minedu| Carpeta de recuperaci\u00f3n va generar un portafolio para Marzo y se alcanzar\u00e1 al docente que lo usar\u00e1 como insumo para determinar el nivel de avance","og_description":"\u27a8","og_url":"https:\/\/amautaenlinea.com\/blog\/minedu-carpeta-de-recuperacion-va-generar-un-portafolio-para-marzo-y-se-alcanzara-al-docente-que-lo-usara-como-insumo-para-determinar-el-nivel-de-avance\/","og_site_name":"Grupo AMAUTA","article_publisher":"https:\/\/www.facebook.com\/amautaperu.org\/","article_published_time":"2021-02-03T20:06:12+00:00","article_modified_time":"2021-02-03T20:06:14+00:00","og_image":[{"width":1280,"height":720,"url":"https:\/\/amautaenlinea.com\/blog\/wp-content\/uploads\/2021\/02\/Carpeta-de-recuperacion-va-generar-un-portafolio-para-Marzo-y-se-alcanzara-al-docente-que-lo-usara-como-insumo-para-determinar-el-nivel-de-avance.jpg","type":"image\/jpeg"}],"author":"Grupo AMAUTA EBUSINESS","twitter_card":"summary_large_image","schema":{"@context":"https:\/\/schema.org","@graph":[{"@type":"Article","@id":"https:\/\/amautaenlinea.com\/blog\/minedu-carpeta-de-recuperacion-va-generar-un-portafolio-para-marzo-y-se-alcanzara-al-docente-que-lo-usara-como-insumo-para-determinar-el-nivel-de-avance\/#article","isPartOf":{"@id":"https:\/\/amautaenlinea.com\/blog\/minedu-carpeta-de-recuperacion-va-generar-un-portafolio-para-marzo-y-se-alcanzara-al-docente-que-lo-usara-como-insumo-para-determinar-el-nivel-de-avance\/"},"author":{"name":"Grupo AMAUTA EBUSINESS","@id":"https:\/\/amautaenlinea.com\/blog\/#\/schema\/person\/d8d4b5d672e9edb72a6f23fd40dd31d5"},"headline":"Minedu| Carpeta de recuperaci\u00f3n va generar un portafolio para Marzo y se alcanzar\u00e1 al docente que lo usar\u00e1 como insumo para determinar el nivel de avance","datePublished":"2021-02-03T20:06:12+00:00","dateModified":"2021-02-03T20:06:14+00:00","mainEntityOfPage":{"@id":"https:\/\/amautaenlinea.com\/blog\/minedu-carpeta-de-recuperacion-va-generar-un-portafolio-para-marzo-y-se-alcanzara-al-docente-que-lo-usara-como-insumo-para-determinar-el-nivel-de-avance\/"},"wordCount":551,"commentCount":0,"publisher":{"@id":"https:\/\/amautaenlinea.com\/blog\/#organization"},"image":{"@id":"https:\/\/amautaenlinea.com\/blog\/minedu-carpeta-de-recuperacion-va-generar-un-portafolio-para-marzo-y-se-alcanzara-al-docente-que-lo-usara-como-insumo-para-determinar-el-nivel-de-avance\/#primaryimage"},"thumbnailUrl":"https:\/\/amautaenlinea.com\/blog\/wp-content\/uploads\/2021\/02\/Carpeta-de-recuperacion-va-generar-un-portafolio-para-Marzo-y-se-alcanzara-al-docente-que-lo-usara-como-insumo-para-determinar-el-nivel-de-avance.jpg","articleSection":["Educaci\u00f3n"],"inLanguage":"es","potentialAction":[{"@type":"CommentAction","name":"Comment","target":["https:\/\/amautaenlinea.com\/blog\/minedu-carpeta-de-recuperacion-va-generar-un-portafolio-para-marzo-y-se-alcanzara-al-docente-que-lo-usara-como-insumo-para-determinar-el-nivel-de-avance\/#respond"]}],"copyrightYear":"2021","copyrightHolder":{"@id":"https:\/\/amautaenlinea.com\/blog\/#organization"}},{"@type":"WebPage","@id":"https:\/\/amautaenlinea.com\/blog\/minedu-carpeta-de-recuperacion-va-generar-un-portafolio-para-marzo-y-se-alcanzara-al-docente-que-lo-usara-como-insumo-para-determinar-el-nivel-de-avance\/","url":"https:\/\/amautaenlinea.com\/blog\/minedu-carpeta-de-recuperacion-va-generar-un-portafolio-para-marzo-y-se-alcanzara-al-docente-que-lo-usara-como-insumo-para-determinar-el-nivel-de-avance\/","name":"\u25b7 Minedu| Carpeta de recuperaci\u00f3n va generar un portafolio para Marzo y se alcanzar\u00e1 al docente que lo usar\u00e1 como insumo para determinar el nivel de avance \u2705","isPartOf":{"@id":"https:\/\/amautaenlinea.com\/blog\/#website"},"primaryImageOfPage":{"@id":"https:\/\/amautaenlinea.com\/blog\/minedu-carpeta-de-recuperacion-va-generar-un-portafolio-para-marzo-y-se-alcanzara-al-docente-que-lo-usara-como-insumo-para-determinar-el-nivel-de-avance\/#primaryimage"},"image":{"@id":"https:\/\/amautaenlinea.com\/blog\/minedu-carpeta-de-recuperacion-va-generar-un-portafolio-para-marzo-y-se-alcanzara-al-docente-que-lo-usara-como-insumo-para-determinar-el-nivel-de-avance\/#primaryimage"},"thumbnailUrl":"https:\/\/amautaenlinea.com\/blog\/wp-content\/uploads\/2021\/02\/Carpeta-de-recuperacion-va-generar-un-portafolio-para-Marzo-y-se-alcanzara-al-docente-que-lo-usara-como-insumo-para-determinar-el-nivel-de-avance.jpg","datePublished":"2021-02-03T20:06:12+00:00","dateModified":"2021-02-03T20:06:14+00:00","description":"\u27a8","breadcrumb":{"@id":"https:\/\/amautaenlinea.com\/blog\/minedu-carpeta-de-recuperacion-va-generar-un-portafolio-para-marzo-y-se-alcanzara-al-docente-que-lo-usara-como-insumo-para-determinar-el-nivel-de-avance\/#breadcrumb"},"inLanguage":"es","potentialAction":[{"@type":"ReadAction","target":["https:\/\/amautaenlinea.com\/blog\/minedu-carpeta-de-recuperacion-va-generar-un-portafolio-para-marzo-y-se-alcanzara-al-docente-que-lo-usara-como-insumo-para-determinar-el-nivel-de-avance\/"]}]},{"@type":"ImageObject","inLanguage":"es","@id":"https:\/\/amautaenlinea.com\/blog\/minedu-carpeta-de-recuperacion-va-generar-un-portafolio-para-marzo-y-se-alcanzara-al-docente-que-lo-usara-como-insumo-para-determinar-el-nivel-de-avance\/#primaryimage","url":"https:\/\/amautaenlinea.com\/blog\/wp-content\/uploads\/2021\/02\/Carpeta-de-recuperacion-va-generar-un-portafolio-para-Marzo-y-se-alcanzara-al-docente-que-lo-usara-como-insumo-para-determinar-el-nivel-de-avance.jpg","contentUrl":"https:\/\/amautaenlinea.com\/blog\/wp-content\/uploads\/2021\/02\/Carpeta-de-recuperacion-va-generar-un-portafolio-para-Marzo-y-se-alcanzara-al-docente-que-lo-usara-como-insumo-para-determinar-el-nivel-de-avance.jpg","width":1280,"height":720},{"@type":"BreadcrumbList","@id":"https:\/\/amautaenlinea.com\/blog\/minedu-carpeta-de-recuperacion-va-generar-un-portafolio-para-marzo-y-se-alcanzara-al-docente-que-lo-usara-como-insumo-para-determinar-el-nivel-de-avance\/#breadcrumb","itemListElement":[{"@type":"ListItem","position":1,"name":"Portada","item":"https:\/\/amautaenlinea.com\/blog\/"},{"@type":"ListItem","position":2,"name":"Minedu| Carpeta de recuperaci\u00f3n va generar un portafolio para Marzo y se alcanzar\u00e1 al docente que lo usar\u00e1 como insumo para determinar el nivel de avance"}]},{"@type":"WebSite","@id":"https:\/\/amautaenlinea.com\/blog\/#website","url":"https:\/\/amautaenlinea.com\/blog\/","name":"Grupo AMAUTA","description":"","publisher":{"@id":"https:\/\/amautaenlinea.com\/blog\/#organization"},"potentialAction":[{"@type":"SearchAction","target":{"@type":"EntryPoint","urlTemplate":"https:\/\/amautaenlinea.com\/blog\/?s={search_term_string}"},"query-input":{"@type":"PropertyValueSpecification","valueRequired":true,"valueName":"search_term_string"}}],"inLanguage":"es"},{"@type":"Organization","@id":"https:\/\/amautaenlinea.com\/blog\/#organization","name":"Grupo AMAUTA E-BUSINESS","url":"https:\/\/amautaenlinea.com\/blog\/","logo":{"@type":"ImageObject","inLanguage":"es","@id":"https:\/\/amautaenlinea.com\/blog\/#\/schema\/logo\/image\/","url":"https:\/\/amautaenlinea.com\/blog\/wp-content\/uploads\/2023\/09\/logo-amauta.png","contentUrl":"https:\/\/amautaenlinea.com\/blog\/wp-content\/uploads\/2023\/09\/logo-amauta.png","width":1124,"height":368,"caption":"Grupo AMAUTA E-BUSINESS"},"image":{"@id":"https:\/\/amautaenlinea.com\/blog\/#\/schema\/logo\/image\/"},"sameAs":["https:\/\/www.facebook.com\/amautaperu.org\/"]},{"@type":"Person","@id":"https:\/\/amautaenlinea.com\/blog\/#\/schema\/person\/d8d4b5d672e9edb72a6f23fd40dd31d5","name":"Grupo AMAUTA EBUSINESS","image":{"@type":"ImageObject","inLanguage":"es","@id":"https:\/\/secure.gravatar.com\/avatar\/97706b54c222a710310e2db50e02e68de0a4c8bb76654bcc4053b08241c6bd6c?s=96&d=mm&r=g","url":"https:\/\/secure.gravatar.com\/avatar\/97706b54c222a710310e2db50e02e68de0a4c8bb76654bcc4053b08241c6bd6c?s=96&d=mm&r=g","contentUrl":"https:\/\/secure.gravatar.com\/avatar\/97706b54c222a710310e2db50e02e68de0a4c8bb76654bcc4053b08241c6bd6c?s=96&d=mm&r=g","caption":"Grupo AMAUTA EBUSINESS"}}]}},"_links":{"self":[{"href":"https:\/\/amautaenlinea.com\/blog\/wp-json\/wp\/v2\/posts\/6521","targetHints":{"allow":["GET"]}}],"collection":[{"href":"https:\/\/amautaenlinea.com\/blog\/wp-json\/wp\/v2\/posts"}],"about":[{"href":"https:\/\/amautaenlinea.com\/blog\/wp-json\/wp\/v2\/types\/post"}],"author":[{"embeddable":true,"href":"https:\/\/amautaenlinea.com\/blog\/wp-json\/wp\/v2\/users\/1"}],"replies":[{"embeddable":true,"href":"https:\/\/amautaenlinea.com\/blog\/wp-json\/wp\/v2\/comments?post=6521"}],"version-history":[{"count":0,"href":"https:\/\/amautaenlinea.com\/blog\/wp-json\/wp\/v2\/posts\/6521\/revisions"}],"wp:featuredmedia":[{"embeddable":true,"href":"https:\/\/amautaenlinea.com\/blog\/wp-json\/wp\/v2\/media\/6522"}],"wp:attachment":[{"href":"https:\/\/amautaenlinea.com\/blog\/wp-json\/wp\/v2\/media?parent=6521"}],"wp:term":[{"taxonomy":"category","embeddable":true,"href":"https:\/\/amautaenlinea.com\/blog\/wp-json\/wp\/v2\/categories?post=6521"},{"taxonomy":"post_tag","embeddable":true,"href":"https:\/\/amautaenlinea.com\/blog\/wp-json\/wp\/v2\/tags?post=6521"}],"curies":[{"name":"wp","href":"https:\/\/api.w.org\/{rel}","templated":true}]}}