{"id":6516,"date":"2021-02-03T11:33:35","date_gmt":"2021-02-03T11:33:35","guid":{"rendered":"https:\/\/amautaenlinea.com\/blog\/?p=6516"},"modified":"2021-02-03T11:33:37","modified_gmt":"2021-02-03T11:33:37","slug":"modifican-fecha-de-finalizacion-de-la-actividad-n-1-del-cronograma-del-concurso-publico-de-ingreso-a-la-carrera-publica-magisterial-2021-y-que-determina-los-cuadros-de-merito-para-la-contratacio","status":"publish","type":"post","link":"https:\/\/amautaenlinea.com\/blog\/modifican-fecha-de-finalizacion-de-la-actividad-n-1-del-cronograma-del-concurso-publico-de-ingreso-a-la-carrera-publica-magisterial-2021-y-que-determina-los-cuadros-de-merito-para-la-contratacio\/","title":{"rendered":"Modifican fecha de finalizaci\u00f3n de la actividad N\u00b0 1 del cronograma del Concurso P\u00fablico de Ingreso a la Carrera P\u00fablica Magisterial-2021 y que determina los Cuadros de M\u00e9rito para la Contrataci\u00f3n Docente 2022-2023 en Instituciones Educativas P\u00fablicas de Educaci\u00f3n B\u00e1sica, aprobado mediante R.VM. N\u00b0 001-2021-MINEDU"},"content":{"rendered":"\n<h2 class=\"wp-block-heading\"><strong>SE RESUELVE:<\/strong><\/h2>\n\n\n\n<p><strong>Art\u00edculo 1<\/strong>.- <strong>Modificar la fecha de finalizaci\u00f3n de la actividad N\u00b0 1 del cronograma del Concurso P\u00fablico de Ingreso a la Carrera P\u00fablica Magisterial-2021 y que determina los Cuadros de M\u00e9rito para la Contrataci\u00f3n Docente 2022-2023 en Instituciones Educativas P\u00fablicas de Educaci\u00f3n B\u00e1sica, aprobado mediante Resoluci\u00f3n Viceministerial N\u00b0 001-2021-MINEDU, el cual queda redactado con el siguiente tenor:<\/strong><\/p>\n\n\n\n<figure class=\"wp-block-image size-large\"><img loading=\"lazy\" decoding=\"async\" width=\"446\" height=\"96\" src=\"https:\/\/amautaenlinea.com\/blog\/wp-content\/uploads\/2021\/02\/image-6.png\" alt=\"\" class=\"wp-image-6517\" srcset=\"https:\/\/amautaenlinea.com\/blog\/wp-content\/uploads\/2021\/02\/image-6.png 446w, https:\/\/amautaenlinea.com\/blog\/wp-content\/uploads\/2021\/02\/image-6-300x65.png 300w\" sizes=\"auto, (max-width: 446px) 100vw, 446px\" \/><figcaption><strong>Nuevo cronograma<\/strong><\/figcaption><\/figure>\n\n\n\n<p>Art\u00edculo 2.- Disponer la publicaci\u00f3n de la presente Resoluci\u00f3n y de su Anexo que contiene el cronograma objeto de modificaci\u00f3n en el art\u00edculo 1 de la presente Resoluci\u00f3n, completo y actualizado, en el Sistema de Informaci\u00f3n Jur\u00eddica de Educaci\u00f3n \u2013 SIJE, ubicado en el Portal Institucional del Ministerio de Educaci\u00f3n (www. gob.pe\/minedu), en el mismo d\u00eda de la publicaci\u00f3n de la presente Resoluci\u00f3n en el diario Oficial \u201cEl Peruano\u201d.<\/p>\n\n\n\n<p>Reg\u00edstrese, comun\u00edquese y publ\u00edquese.<\/p>\n\n\n\n<p>KILLA SUMAC SUSANA MIRANDA TRONCOS Viceministra de Gesti\u00f3n Pedag\u00f3gica<\/p>\n\n\n\n<p>Haga clic en el bot\u00f3n descargar para ver la normativa oficial<\/p>\n\n\n\n<div class=\"wp-block-file\"><a href=\"https:\/\/amautaenlinea.com\/blog\/wp-content\/uploads\/2021\/02\/1924924-1-1.pdf\">Modifican fecha de finalizaci\u00f3n de la actividad N\u00b0 1 del cronograma del Concurso P\u00fablico de Ingreso a la Carrera P\u00fablica Magisterial-2021 y que determina los Cuadros de M\u00e9rito para la Contrataci\u00f3n Docente 2022-2023 en Instituciones Educativas P\u00fablicas de Educaci\u00f3n B\u00e1sica, aprobado mediante R.VM. N\u00b0 001-2021-MINEDU<\/a><a href=\"https:\/\/amautaenlinea.com\/blog\/wp-content\/uploads\/2021\/02\/1924924-1-1.pdf\" class=\"wp-block-file__button\" download>Descargar<\/a><\/div>\n","protected":false},"excerpt":{"rendered":"<p>SE RESUELVE: Art\u00edculo 1.- Modificar la fecha de finalizaci\u00f3n de la actividad N\u00b0 1 del cronograma del Concurso P\u00fablico de Ingreso a la Carrera<\/p>\n","protected":false},"author":1,"featured_media":6519,"comment_status":"open","ping_status":"open","sticky":false,"template":"","format":"standard","meta":{"footnotes":""},"categories":[4],"tags":[],"class_list":["post-6516","post","type-post","status-publish","format-standard","has-post-thumbnail","hentry","category-educacion"],"yoast_head":"<!-- This site is optimized with the Yoast SEO Premium plugin v21.2 (Yoast SEO v27.5) - https:\/\/yoast.com\/product\/yoast-seo-premium-wordpress\/ -->\n<title>\u25b7 Modifican fecha de finalizaci\u00f3n de la actividad N\u00b0 1 del cronograma del Concurso P\u00fablico de Ingreso a la Carrera P\u00fablica Magisterial-2021 y que determina los Cuadros de M\u00e9rito para la Contrataci\u00f3n Docente 2022-2023 en Instituciones Educativas P\u00fablicas de Educaci\u00f3n B\u00e1sica, aprobado mediante R.VM. N\u00b0 001-2021-MINEDU \u2705<\/title>\n<meta name=\"description\" content=\"\u27a8\" \/>\n<meta name=\"robots\" content=\"index, follow, max-snippet:-1, max-image-preview:large, max-video-preview:-1\" \/>\n<link rel=\"canonical\" href=\"https:\/\/amautaenlinea.com\/blog\/modifican-fecha-de-finalizacion-de-la-actividad-n-1-del-cronograma-del-concurso-publico-de-ingreso-a-la-carrera-publica-magisterial-2021-y-que-determina-los-cuadros-de-merito-para-la-contratacio\/\" \/>\n<meta property=\"og:locale\" content=\"es_ES\" \/>\n<meta property=\"og:type\" content=\"article\" \/>\n<meta property=\"og:title\" content=\"Modifican fecha de finalizaci\u00f3n de la actividad N\u00b0 1 del cronograma del Concurso P\u00fablico de Ingreso a la Carrera P\u00fablica Magisterial-2021 y que determina los Cuadros de M\u00e9rito para la Contrataci\u00f3n Docente 2022-2023 en Instituciones Educativas P\u00fablicas de Educaci\u00f3n B\u00e1sica, aprobado mediante R.VM. N\u00b0 001-2021-MINEDU\" \/>\n<meta property=\"og:description\" content=\"\u27a8\" \/>\n<meta property=\"og:url\" content=\"https:\/\/amautaenlinea.com\/blog\/modifican-fecha-de-finalizacion-de-la-actividad-n-1-del-cronograma-del-concurso-publico-de-ingreso-a-la-carrera-publica-magisterial-2021-y-que-determina-los-cuadros-de-merito-para-la-contratacio\/\" \/>\n<meta property=\"og:site_name\" content=\"Grupo AMAUTA\" \/>\n<meta property=\"article:publisher\" content=\"https:\/\/www.facebook.com\/amautaperu.org\/\" \/>\n<meta property=\"article:published_time\" content=\"2021-02-03T11:33:35+00:00\" \/>\n<meta property=\"article:modified_time\" content=\"2021-02-03T11:33:37+00:00\" \/>\n<meta property=\"og:image\" content=\"https:\/\/amautaenlinea.com\/blog\/wp-content\/uploads\/2021\/02\/cronograma-de-finalizacion-para-inscripcion-nombramiento-docente-2021.jpg\" \/>\n\t<meta property=\"og:image:width\" content=\"1280\" \/>\n\t<meta property=\"og:image:height\" content=\"720\" \/>\n\t<meta property=\"og:image:type\" content=\"image\/jpeg\" \/>\n<meta name=\"author\" content=\"Grupo AMAUTA EBUSINESS\" \/>\n<meta name=\"twitter:card\" content=\"summary_large_image\" \/>\n<script type=\"application\/ld+json\" class=\"yoast-schema-graph\">{\"@context\":\"https:\\\/\\\/schema.org\",\"@graph\":[{\"@type\":\"Article\",\"@id\":\"https:\\\/\\\/amautaenlinea.com\\\/blog\\\/modifican-fecha-de-finalizacion-de-la-actividad-n-1-del-cronograma-del-concurso-publico-de-ingreso-a-la-carrera-publica-magisterial-2021-y-que-determina-los-cuadros-de-merito-para-la-contratacio\\\/#article\",\"isPartOf\":{\"@id\":\"https:\\\/\\\/amautaenlinea.com\\\/blog\\\/modifican-fecha-de-finalizacion-de-la-actividad-n-1-del-cronograma-del-concurso-publico-de-ingreso-a-la-carrera-publica-magisterial-2021-y-que-determina-los-cuadros-de-merito-para-la-contratacio\\\/\"},\"author\":{\"name\":\"Grupo AMAUTA EBUSINESS\",\"@id\":\"https:\\\/\\\/amautaenlinea.com\\\/blog\\\/#\\\/schema\\\/person\\\/d8d4b5d672e9edb72a6f23fd40dd31d5\"},\"headline\":\"Modifican fecha de finalizaci\u00f3n de la actividad N\u00b0 1 del cronograma del Concurso P\u00fablico de Ingreso a la Carrera P\u00fablica Magisterial-2021 y que determina los Cuadros de M\u00e9rito para la Contrataci\u00f3n Docente 2022-2023 en Instituciones Educativas P\u00fablicas de Educaci\u00f3n B\u00e1sica, aprobado mediante R.VM. N\u00b0 001-2021-MINEDU\",\"datePublished\":\"2021-02-03T11:33:35+00:00\",\"dateModified\":\"2021-02-03T11:33:37+00:00\",\"mainEntityOfPage\":{\"@id\":\"https:\\\/\\\/amautaenlinea.com\\\/blog\\\/modifican-fecha-de-finalizacion-de-la-actividad-n-1-del-cronograma-del-concurso-publico-de-ingreso-a-la-carrera-publica-magisterial-2021-y-que-determina-los-cuadros-de-merito-para-la-contratacio\\\/\"},\"wordCount\":292,\"commentCount\":0,\"publisher\":{\"@id\":\"https:\\\/\\\/amautaenlinea.com\\\/blog\\\/#organization\"},\"image\":{\"@id\":\"https:\\\/\\\/amautaenlinea.com\\\/blog\\\/modifican-fecha-de-finalizacion-de-la-actividad-n-1-del-cronograma-del-concurso-publico-de-ingreso-a-la-carrera-publica-magisterial-2021-y-que-determina-los-cuadros-de-merito-para-la-contratacio\\\/#primaryimage\"},\"thumbnailUrl\":\"https:\\\/\\\/amautaenlinea.com\\\/blog\\\/wp-content\\\/uploads\\\/2021\\\/02\\\/cronograma-de-finalizacion-para-inscripcion-nombramiento-docente-2021.jpg\",\"articleSection\":[\"Educaci\u00f3n\"],\"inLanguage\":\"es\",\"potentialAction\":[{\"@type\":\"CommentAction\",\"name\":\"Comment\",\"target\":[\"https:\\\/\\\/amautaenlinea.com\\\/blog\\\/modifican-fecha-de-finalizacion-de-la-actividad-n-1-del-cronograma-del-concurso-publico-de-ingreso-a-la-carrera-publica-magisterial-2021-y-que-determina-los-cuadros-de-merito-para-la-contratacio\\\/#respond\"]}],\"copyrightYear\":\"2021\",\"copyrightHolder\":{\"@id\":\"https:\\\/\\\/amautaenlinea.com\\\/blog\\\/#organization\"}},{\"@type\":\"WebPage\",\"@id\":\"https:\\\/\\\/amautaenlinea.com\\\/blog\\\/modifican-fecha-de-finalizacion-de-la-actividad-n-1-del-cronograma-del-concurso-publico-de-ingreso-a-la-carrera-publica-magisterial-2021-y-que-determina-los-cuadros-de-merito-para-la-contratacio\\\/\",\"url\":\"https:\\\/\\\/amautaenlinea.com\\\/blog\\\/modifican-fecha-de-finalizacion-de-la-actividad-n-1-del-cronograma-del-concurso-publico-de-ingreso-a-la-carrera-publica-magisterial-2021-y-que-determina-los-cuadros-de-merito-para-la-contratacio\\\/\",\"name\":\"\u25b7 Modifican fecha de finalizaci\u00f3n de la actividad N\u00b0 1 del cronograma del Concurso P\u00fablico de Ingreso a la Carrera P\u00fablica Magisterial-2021 y que determina los Cuadros de M\u00e9rito para la Contrataci\u00f3n Docente 2022-2023 en Instituciones Educativas P\u00fablicas de Educaci\u00f3n B\u00e1sica, aprobado mediante R.VM. N\u00b0 001-2021-MINEDU \u2705\",\"isPartOf\":{\"@id\":\"https:\\\/\\\/amautaenlinea.com\\\/blog\\\/#website\"},\"primaryImageOfPage\":{\"@id\":\"https:\\\/\\\/amautaenlinea.com\\\/blog\\\/modifican-fecha-de-finalizacion-de-la-actividad-n-1-del-cronograma-del-concurso-publico-de-ingreso-a-la-carrera-publica-magisterial-2021-y-que-determina-los-cuadros-de-merito-para-la-contratacio\\\/#primaryimage\"},\"image\":{\"@id\":\"https:\\\/\\\/amautaenlinea.com\\\/blog\\\/modifican-fecha-de-finalizacion-de-la-actividad-n-1-del-cronograma-del-concurso-publico-de-ingreso-a-la-carrera-publica-magisterial-2021-y-que-determina-los-cuadros-de-merito-para-la-contratacio\\\/#primaryimage\"},\"thumbnailUrl\":\"https:\\\/\\\/amautaenlinea.com\\\/blog\\\/wp-content\\\/uploads\\\/2021\\\/02\\\/cronograma-de-finalizacion-para-inscripcion-nombramiento-docente-2021.jpg\",\"datePublished\":\"2021-02-03T11:33:35+00:00\",\"dateModified\":\"2021-02-03T11:33:37+00:00\",\"description\":\"\u27a8\",\"breadcrumb\":{\"@id\":\"https:\\\/\\\/amautaenlinea.com\\\/blog\\\/modifican-fecha-de-finalizacion-de-la-actividad-n-1-del-cronograma-del-concurso-publico-de-ingreso-a-la-carrera-publica-magisterial-2021-y-que-determina-los-cuadros-de-merito-para-la-contratacio\\\/#breadcrumb\"},\"inLanguage\":\"es\",\"potentialAction\":[{\"@type\":\"ReadAction\",\"target\":[\"https:\\\/\\\/amautaenlinea.com\\\/blog\\\/modifican-fecha-de-finalizacion-de-la-actividad-n-1-del-cronograma-del-concurso-publico-de-ingreso-a-la-carrera-publica-magisterial-2021-y-que-determina-los-cuadros-de-merito-para-la-contratacio\\\/\"]}]},{\"@type\":\"ImageObject\",\"inLanguage\":\"es\",\"@id\":\"https:\\\/\\\/amautaenlinea.com\\\/blog\\\/modifican-fecha-de-finalizacion-de-la-actividad-n-1-del-cronograma-del-concurso-publico-de-ingreso-a-la-carrera-publica-magisterial-2021-y-que-determina-los-cuadros-de-merito-para-la-contratacio\\\/#primaryimage\",\"url\":\"https:\\\/\\\/amautaenlinea.com\\\/blog\\\/wp-content\\\/uploads\\\/2021\\\/02\\\/cronograma-de-finalizacion-para-inscripcion-nombramiento-docente-2021.jpg\",\"contentUrl\":\"https:\\\/\\\/amautaenlinea.com\\\/blog\\\/wp-content\\\/uploads\\\/2021\\\/02\\\/cronograma-de-finalizacion-para-inscripcion-nombramiento-docente-2021.jpg\",\"width\":1280,\"height\":720},{\"@type\":\"BreadcrumbList\",\"@id\":\"https:\\\/\\\/amautaenlinea.com\\\/blog\\\/modifican-fecha-de-finalizacion-de-la-actividad-n-1-del-cronograma-del-concurso-publico-de-ingreso-a-la-carrera-publica-magisterial-2021-y-que-determina-los-cuadros-de-merito-para-la-contratacio\\\/#breadcrumb\",\"itemListElement\":[{\"@type\":\"ListItem\",\"position\":1,\"name\":\"Portada\",\"item\":\"https:\\\/\\\/amautaenlinea.com\\\/blog\\\/\"},{\"@type\":\"ListItem\",\"position\":2,\"name\":\"Modifican fecha de finalizaci\u00f3n de la actividad N\u00b0 1 del cronograma del Concurso P\u00fablico de Ingreso a la Carrera P\u00fablica Magisterial-2021 y que determina los Cuadros de M\u00e9rito para la Contrataci\u00f3n Docente 2022-2023 en Instituciones Educativas P\u00fablicas de Educaci\u00f3n B\u00e1sica, aprobado mediante R.VM. N\u00b0 001-2021-MINEDU\"}]},{\"@type\":\"WebSite\",\"@id\":\"https:\\\/\\\/amautaenlinea.com\\\/blog\\\/#website\",\"url\":\"https:\\\/\\\/amautaenlinea.com\\\/blog\\\/\",\"name\":\"Grupo AMAUTA\",\"description\":\"\",\"publisher\":{\"@id\":\"https:\\\/\\\/amautaenlinea.com\\\/blog\\\/#organization\"},\"potentialAction\":[{\"@type\":\"SearchAction\",\"target\":{\"@type\":\"EntryPoint\",\"urlTemplate\":\"https:\\\/\\\/amautaenlinea.com\\\/blog\\\/?s={search_term_string}\"},\"query-input\":{\"@type\":\"PropertyValueSpecification\",\"valueRequired\":true,\"valueName\":\"search_term_string\"}}],\"inLanguage\":\"es\"},{\"@type\":\"Organization\",\"@id\":\"https:\\\/\\\/amautaenlinea.com\\\/blog\\\/#organization\",\"name\":\"Grupo AMAUTA E-BUSINESS\",\"url\":\"https:\\\/\\\/amautaenlinea.com\\\/blog\\\/\",\"logo\":{\"@type\":\"ImageObject\",\"inLanguage\":\"es\",\"@id\":\"https:\\\/\\\/amautaenlinea.com\\\/blog\\\/#\\\/schema\\\/logo\\\/image\\\/\",\"url\":\"https:\\\/\\\/amautaenlinea.com\\\/blog\\\/wp-content\\\/uploads\\\/2023\\\/09\\\/logo-amauta.png\",\"contentUrl\":\"https:\\\/\\\/amautaenlinea.com\\\/blog\\\/wp-content\\\/uploads\\\/2023\\\/09\\\/logo-amauta.png\",\"width\":1124,\"height\":368,\"caption\":\"Grupo AMAUTA E-BUSINESS\"},\"image\":{\"@id\":\"https:\\\/\\\/amautaenlinea.com\\\/blog\\\/#\\\/schema\\\/logo\\\/image\\\/\"},\"sameAs\":[\"https:\\\/\\\/www.facebook.com\\\/amautaperu.org\\\/\"]},{\"@type\":\"Person\",\"@id\":\"https:\\\/\\\/amautaenlinea.com\\\/blog\\\/#\\\/schema\\\/person\\\/d8d4b5d672e9edb72a6f23fd40dd31d5\",\"name\":\"Grupo AMAUTA EBUSINESS\",\"image\":{\"@type\":\"ImageObject\",\"inLanguage\":\"es\",\"@id\":\"https:\\\/\\\/secure.gravatar.com\\\/avatar\\\/97706b54c222a710310e2db50e02e68de0a4c8bb76654bcc4053b08241c6bd6c?s=96&d=mm&r=g\",\"url\":\"https:\\\/\\\/secure.gravatar.com\\\/avatar\\\/97706b54c222a710310e2db50e02e68de0a4c8bb76654bcc4053b08241c6bd6c?s=96&d=mm&r=g\",\"contentUrl\":\"https:\\\/\\\/secure.gravatar.com\\\/avatar\\\/97706b54c222a710310e2db50e02e68de0a4c8bb76654bcc4053b08241c6bd6c?s=96&d=mm&r=g\",\"caption\":\"Grupo AMAUTA EBUSINESS\"}}]}<\/script>\n<!-- \/ Yoast SEO Premium plugin. -->","yoast_head_json":{"title":"\u25b7 Modifican fecha de finalizaci\u00f3n de la actividad N\u00b0 1 del cronograma del Concurso P\u00fablico de Ingreso a la Carrera P\u00fablica Magisterial-2021 y que determina los Cuadros de M\u00e9rito para la Contrataci\u00f3n Docente 2022-2023 en Instituciones Educativas P\u00fablicas de Educaci\u00f3n B\u00e1sica, aprobado mediante R.VM. N\u00b0 001-2021-MINEDU \u2705","description":"\u27a8","robots":{"index":"index","follow":"follow","max-snippet":"max-snippet:-1","max-image-preview":"max-image-preview:large","max-video-preview":"max-video-preview:-1"},"canonical":"https:\/\/amautaenlinea.com\/blog\/modifican-fecha-de-finalizacion-de-la-actividad-n-1-del-cronograma-del-concurso-publico-de-ingreso-a-la-carrera-publica-magisterial-2021-y-que-determina-los-cuadros-de-merito-para-la-contratacio\/","og_locale":"es_ES","og_type":"article","og_title":"Modifican fecha de finalizaci\u00f3n de la actividad N\u00b0 1 del cronograma del Concurso P\u00fablico de Ingreso a la Carrera P\u00fablica Magisterial-2021 y que determina los Cuadros de M\u00e9rito para la Contrataci\u00f3n Docente 2022-2023 en Instituciones Educativas P\u00fablicas de Educaci\u00f3n B\u00e1sica, aprobado mediante R.VM. N\u00b0 001-2021-MINEDU","og_description":"\u27a8","og_url":"https:\/\/amautaenlinea.com\/blog\/modifican-fecha-de-finalizacion-de-la-actividad-n-1-del-cronograma-del-concurso-publico-de-ingreso-a-la-carrera-publica-magisterial-2021-y-que-determina-los-cuadros-de-merito-para-la-contratacio\/","og_site_name":"Grupo AMAUTA","article_publisher":"https:\/\/www.facebook.com\/amautaperu.org\/","article_published_time":"2021-02-03T11:33:35+00:00","article_modified_time":"2021-02-03T11:33:37+00:00","og_image":[{"width":1280,"height":720,"url":"https:\/\/amautaenlinea.com\/blog\/wp-content\/uploads\/2021\/02\/cronograma-de-finalizacion-para-inscripcion-nombramiento-docente-2021.jpg","type":"image\/jpeg"}],"author":"Grupo AMAUTA EBUSINESS","twitter_card":"summary_large_image","schema":{"@context":"https:\/\/schema.org","@graph":[{"@type":"Article","@id":"https:\/\/amautaenlinea.com\/blog\/modifican-fecha-de-finalizacion-de-la-actividad-n-1-del-cronograma-del-concurso-publico-de-ingreso-a-la-carrera-publica-magisterial-2021-y-que-determina-los-cuadros-de-merito-para-la-contratacio\/#article","isPartOf":{"@id":"https:\/\/amautaenlinea.com\/blog\/modifican-fecha-de-finalizacion-de-la-actividad-n-1-del-cronograma-del-concurso-publico-de-ingreso-a-la-carrera-publica-magisterial-2021-y-que-determina-los-cuadros-de-merito-para-la-contratacio\/"},"author":{"name":"Grupo AMAUTA EBUSINESS","@id":"https:\/\/amautaenlinea.com\/blog\/#\/schema\/person\/d8d4b5d672e9edb72a6f23fd40dd31d5"},"headline":"Modifican fecha de finalizaci\u00f3n de la actividad N\u00b0 1 del cronograma del Concurso P\u00fablico de Ingreso a la Carrera P\u00fablica Magisterial-2021 y que determina los Cuadros de M\u00e9rito para la Contrataci\u00f3n Docente 2022-2023 en Instituciones Educativas P\u00fablicas de Educaci\u00f3n B\u00e1sica, aprobado mediante R.VM. N\u00b0 001-2021-MINEDU","datePublished":"2021-02-03T11:33:35+00:00","dateModified":"2021-02-03T11:33:37+00:00","mainEntityOfPage":{"@id":"https:\/\/amautaenlinea.com\/blog\/modifican-fecha-de-finalizacion-de-la-actividad-n-1-del-cronograma-del-concurso-publico-de-ingreso-a-la-carrera-publica-magisterial-2021-y-que-determina-los-cuadros-de-merito-para-la-contratacio\/"},"wordCount":292,"commentCount":0,"publisher":{"@id":"https:\/\/amautaenlinea.com\/blog\/#organization"},"image":{"@id":"https:\/\/amautaenlinea.com\/blog\/modifican-fecha-de-finalizacion-de-la-actividad-n-1-del-cronograma-del-concurso-publico-de-ingreso-a-la-carrera-publica-magisterial-2021-y-que-determina-los-cuadros-de-merito-para-la-contratacio\/#primaryimage"},"thumbnailUrl":"https:\/\/amautaenlinea.com\/blog\/wp-content\/uploads\/2021\/02\/cronograma-de-finalizacion-para-inscripcion-nombramiento-docente-2021.jpg","articleSection":["Educaci\u00f3n"],"inLanguage":"es","potentialAction":[{"@type":"CommentAction","name":"Comment","target":["https:\/\/amautaenlinea.com\/blog\/modifican-fecha-de-finalizacion-de-la-actividad-n-1-del-cronograma-del-concurso-publico-de-ingreso-a-la-carrera-publica-magisterial-2021-y-que-determina-los-cuadros-de-merito-para-la-contratacio\/#respond"]}],"copyrightYear":"2021","copyrightHolder":{"@id":"https:\/\/amautaenlinea.com\/blog\/#organization"}},{"@type":"WebPage","@id":"https:\/\/amautaenlinea.com\/blog\/modifican-fecha-de-finalizacion-de-la-actividad-n-1-del-cronograma-del-concurso-publico-de-ingreso-a-la-carrera-publica-magisterial-2021-y-que-determina-los-cuadros-de-merito-para-la-contratacio\/","url":"https:\/\/amautaenlinea.com\/blog\/modifican-fecha-de-finalizacion-de-la-actividad-n-1-del-cronograma-del-concurso-publico-de-ingreso-a-la-carrera-publica-magisterial-2021-y-que-determina-los-cuadros-de-merito-para-la-contratacio\/","name":"\u25b7 Modifican fecha de finalizaci\u00f3n de la actividad N\u00b0 1 del cronograma del Concurso P\u00fablico de Ingreso a la Carrera P\u00fablica Magisterial-2021 y que determina los Cuadros de M\u00e9rito para la Contrataci\u00f3n Docente 2022-2023 en Instituciones Educativas P\u00fablicas de Educaci\u00f3n B\u00e1sica, aprobado mediante R.VM. N\u00b0 001-2021-MINEDU \u2705","isPartOf":{"@id":"https:\/\/amautaenlinea.com\/blog\/#website"},"primaryImageOfPage":{"@id":"https:\/\/amautaenlinea.com\/blog\/modifican-fecha-de-finalizacion-de-la-actividad-n-1-del-cronograma-del-concurso-publico-de-ingreso-a-la-carrera-publica-magisterial-2021-y-que-determina-los-cuadros-de-merito-para-la-contratacio\/#primaryimage"},"image":{"@id":"https:\/\/amautaenlinea.com\/blog\/modifican-fecha-de-finalizacion-de-la-actividad-n-1-del-cronograma-del-concurso-publico-de-ingreso-a-la-carrera-publica-magisterial-2021-y-que-determina-los-cuadros-de-merito-para-la-contratacio\/#primaryimage"},"thumbnailUrl":"https:\/\/amautaenlinea.com\/blog\/wp-content\/uploads\/2021\/02\/cronograma-de-finalizacion-para-inscripcion-nombramiento-docente-2021.jpg","datePublished":"2021-02-03T11:33:35+00:00","dateModified":"2021-02-03T11:33:37+00:00","description":"\u27a8","breadcrumb":{"@id":"https:\/\/amautaenlinea.com\/blog\/modifican-fecha-de-finalizacion-de-la-actividad-n-1-del-cronograma-del-concurso-publico-de-ingreso-a-la-carrera-publica-magisterial-2021-y-que-determina-los-cuadros-de-merito-para-la-contratacio\/#breadcrumb"},"inLanguage":"es","potentialAction":[{"@type":"ReadAction","target":["https:\/\/amautaenlinea.com\/blog\/modifican-fecha-de-finalizacion-de-la-actividad-n-1-del-cronograma-del-concurso-publico-de-ingreso-a-la-carrera-publica-magisterial-2021-y-que-determina-los-cuadros-de-merito-para-la-contratacio\/"]}]},{"@type":"ImageObject","inLanguage":"es","@id":"https:\/\/amautaenlinea.com\/blog\/modifican-fecha-de-finalizacion-de-la-actividad-n-1-del-cronograma-del-concurso-publico-de-ingreso-a-la-carrera-publica-magisterial-2021-y-que-determina-los-cuadros-de-merito-para-la-contratacio\/#primaryimage","url":"https:\/\/amautaenlinea.com\/blog\/wp-content\/uploads\/2021\/02\/cronograma-de-finalizacion-para-inscripcion-nombramiento-docente-2021.jpg","contentUrl":"https:\/\/amautaenlinea.com\/blog\/wp-content\/uploads\/2021\/02\/cronograma-de-finalizacion-para-inscripcion-nombramiento-docente-2021.jpg","width":1280,"height":720},{"@type":"BreadcrumbList","@id":"https:\/\/amautaenlinea.com\/blog\/modifican-fecha-de-finalizacion-de-la-actividad-n-1-del-cronograma-del-concurso-publico-de-ingreso-a-la-carrera-publica-magisterial-2021-y-que-determina-los-cuadros-de-merito-para-la-contratacio\/#breadcrumb","itemListElement":[{"@type":"ListItem","position":1,"name":"Portada","item":"https:\/\/amautaenlinea.com\/blog\/"},{"@type":"ListItem","position":2,"name":"Modifican fecha de finalizaci\u00f3n de la actividad N\u00b0 1 del cronograma del Concurso P\u00fablico de Ingreso a la Carrera P\u00fablica Magisterial-2021 y que determina los Cuadros de M\u00e9rito para la Contrataci\u00f3n Docente 2022-2023 en Instituciones Educativas P\u00fablicas de Educaci\u00f3n B\u00e1sica, aprobado mediante R.VM. N\u00b0 001-2021-MINEDU"}]},{"@type":"WebSite","@id":"https:\/\/amautaenlinea.com\/blog\/#website","url":"https:\/\/amautaenlinea.com\/blog\/","name":"Grupo AMAUTA","description":"","publisher":{"@id":"https:\/\/amautaenlinea.com\/blog\/#organization"},"potentialAction":[{"@type":"SearchAction","target":{"@type":"EntryPoint","urlTemplate":"https:\/\/amautaenlinea.com\/blog\/?s={search_term_string}"},"query-input":{"@type":"PropertyValueSpecification","valueRequired":true,"valueName":"search_term_string"}}],"inLanguage":"es"},{"@type":"Organization","@id":"https:\/\/amautaenlinea.com\/blog\/#organization","name":"Grupo AMAUTA E-BUSINESS","url":"https:\/\/amautaenlinea.com\/blog\/","logo":{"@type":"ImageObject","inLanguage":"es","@id":"https:\/\/amautaenlinea.com\/blog\/#\/schema\/logo\/image\/","url":"https:\/\/amautaenlinea.com\/blog\/wp-content\/uploads\/2023\/09\/logo-amauta.png","contentUrl":"https:\/\/amautaenlinea.com\/blog\/wp-content\/uploads\/2023\/09\/logo-amauta.png","width":1124,"height":368,"caption":"Grupo AMAUTA E-BUSINESS"},"image":{"@id":"https:\/\/amautaenlinea.com\/blog\/#\/schema\/logo\/image\/"},"sameAs":["https:\/\/www.facebook.com\/amautaperu.org\/"]},{"@type":"Person","@id":"https:\/\/amautaenlinea.com\/blog\/#\/schema\/person\/d8d4b5d672e9edb72a6f23fd40dd31d5","name":"Grupo AMAUTA EBUSINESS","image":{"@type":"ImageObject","inLanguage":"es","@id":"https:\/\/secure.gravatar.com\/avatar\/97706b54c222a710310e2db50e02e68de0a4c8bb76654bcc4053b08241c6bd6c?s=96&d=mm&r=g","url":"https:\/\/secure.gravatar.com\/avatar\/97706b54c222a710310e2db50e02e68de0a4c8bb76654bcc4053b08241c6bd6c?s=96&d=mm&r=g","contentUrl":"https:\/\/secure.gravatar.com\/avatar\/97706b54c222a710310e2db50e02e68de0a4c8bb76654bcc4053b08241c6bd6c?s=96&d=mm&r=g","caption":"Grupo AMAUTA EBUSINESS"}}]}},"_links":{"self":[{"href":"https:\/\/amautaenlinea.com\/blog\/wp-json\/wp\/v2\/posts\/6516","targetHints":{"allow":["GET"]}}],"collection":[{"href":"https:\/\/amautaenlinea.com\/blog\/wp-json\/wp\/v2\/posts"}],"about":[{"href":"https:\/\/amautaenlinea.com\/blog\/wp-json\/wp\/v2\/types\/post"}],"author":[{"embeddable":true,"href":"https:\/\/amautaenlinea.com\/blog\/wp-json\/wp\/v2\/users\/1"}],"replies":[{"embeddable":true,"href":"https:\/\/amautaenlinea.com\/blog\/wp-json\/wp\/v2\/comments?post=6516"}],"version-history":[{"count":0,"href":"https:\/\/amautaenlinea.com\/blog\/wp-json\/wp\/v2\/posts\/6516\/revisions"}],"wp:featuredmedia":[{"embeddable":true,"href":"https:\/\/amautaenlinea.com\/blog\/wp-json\/wp\/v2\/media\/6519"}],"wp:attachment":[{"href":"https:\/\/amautaenlinea.com\/blog\/wp-json\/wp\/v2\/media?parent=6516"}],"wp:term":[{"taxonomy":"category","embeddable":true,"href":"https:\/\/amautaenlinea.com\/blog\/wp-json\/wp\/v2\/categories?post=6516"},{"taxonomy":"post_tag","embeddable":true,"href":"https:\/\/amautaenlinea.com\/blog\/wp-json\/wp\/v2\/tags?post=6516"}],"curies":[{"name":"wp","href":"https:\/\/api.w.org\/{rel}","templated":true}]}}