{"id":6496,"date":"2021-02-02T10:38:04","date_gmt":"2021-02-02T10:38:04","guid":{"rendered":"https:\/\/amautaenlinea.com\/blog\/?p=6496"},"modified":"2021-02-02T10:38:06","modified_gmt":"2021-02-02T10:38:06","slug":"minedu-lanza-convocatoria-para-participar-en-el-programa-nacional-para-la-mejora-de-los-aprendizajes","status":"publish","type":"post","link":"https:\/\/amautaenlinea.com\/blog\/minedu-lanza-convocatoria-para-participar-en-el-programa-nacional-para-la-mejora-de-los-aprendizajes\/","title":{"rendered":"Minedu lanza convocatoria para participar en el Programa Nacional para la Mejora de los Aprendizajes"},"content":{"rendered":"\n<p>Es una oferta formativa abierta y masiva dirigida a docentes de los tres niveles de la educaci\u00f3n b\u00e1sica, que busca fortalecer las competencias pedag\u00f3gicas en las \u00e1reas de Comunicaci\u00f3n, Matem\u00e1tica, Ciencias Sociales\/DPCC y Ciencia y Tecnolog\u00eda, principalmente.\u00a0<\/p>\n\n\n\n<p>El Ministerio de Educaci\u00f3n, como parte de las acciones por el Buen Retorno del A\u00f1o Escolar 2021, convoca al proceso de preinscripci\u00f3n al Programa Nacional para la Mejora de los Aprendizajes, implementado por la Direcci\u00f3n de Formaci\u00f3n Docente en Servicio (DIFODS), con la finalidad de brindar a los docentes una formaci\u00f3n abierta y masiva,&nbsp; flexible, pertinente y de calidad, que promueve la autoformaci\u00f3nn a trav\u00e9s de formatos online y offline, teniendo en cuenta el estado de&nbsp; emergencia sanitaria decretado por el Ejecutivo para evitar la propagaci\u00f3n de la COVID-19.<\/p>\n\n\n\n<p><strong>Prop\u00f3sito<\/strong><\/p>\n\n\n\n<p>Fortalecer las competencias de los docentes respecto a sus conocimientos pedag\u00f3gicos, disciplinares y did\u00e1cticos, teniendo en cuenta los resultados de la evaluaci\u00f3n diagn\u00f3stica, las brechas de aprendizaje y los contextos en los que se desenvuelven los estudiantes.&nbsp;&nbsp;<\/p>\n\n\n\n<p>Est\u00e1 dirigido a todos los docentes de educaci\u00f3n b\u00e1sica de los tres niveles: inicial, primaria y secundaria. Para este \u00faltimo nivel se trabajar\u00e1n las \u00e1reas de Matem\u00e1tica, Comunicaci\u00f3n, Ciencias Sociales\/DPCC y Ciencia y tecnolog\u00eda.&nbsp;<\/p>\n\n\n\n<p><strong>Organizaci\u00f3n<\/strong>&nbsp;<\/p>\n\n\n\n<p>El programa&nbsp;<strong>comprende un total de 185 horas lectivas y est\u00e1 organizado en tres cursos consecutivos para cada nivel educativo, y para el nivel secundaria ser\u00e1 tambi\u00e9n por cada materia espec\u00edfica<\/strong>. Adem\u00e1s, el programa&nbsp;<strong>incluye un ciclo de webinars, videos para el modelado y fasc\u00edculos descargables online y offline<\/strong>.<\/p>\n\n\n\n<p><strong>1er Curso: Evaluaci\u00f3n Diagn\u00f3stica<\/strong><\/p>\n\n\n\n<p><strong>Evaluamos para diagnosticar<\/strong><\/p>\n\n\n\n<p><strong>Evaluaci\u00f3n formativa al inicio del a\u00f1o escolar<\/strong><\/p>\n\n\n\n<ul class=\"wp-block-list\"><li>Enfoque formativo de la evaluaci\u00f3n.<\/li><li>Uso diagn\u00f3stico de la evaluaci\u00f3n. Caracter\u00edsticas.<\/li><\/ul>\n\n\n\n<p><strong>Criterios de evaluaci\u00f3n.<\/strong><\/p>\n\n\n\n<ul class=\"wp-block-list\"><li>Definici\u00f3n y elaboraci\u00f3n de los criterios de evaluaci\u00f3n.<\/li><li>Recurso: el portafolio.<\/li><\/ul>\n\n\n\n<p><strong>Modelado 1<\/strong><\/p>\n\n\n\n<p><strong>Evaluamos para tomar decisiones<\/strong><\/p>\n\n\n\n<p><strong>An\u00e1lisis e interpretaci\u00f3n de los resultados<\/strong><\/p>\n\n\n\n<ul class=\"wp-block-list\"><li>An\u00e1lisis e interpretaci\u00f3n de evidencias de aprendizaje.<\/li><li>Niveles de logro. Conclusiones.<\/li><\/ul>\n\n\n\n<p><strong>Toma de decisiones pedag\u00f3gicas<\/strong><\/p>\n\n\n\n<ul class=\"wp-block-list\"><li>Uso de los resultados de la evaluaci\u00f3n al inicio del a\u00f1o escolar.<\/li><li>Orientaciones para toma de decisiones pedag\u00f3gicas.<\/li><li>Las experiencias de aprendizaje.<\/li><\/ul>\n\n\n\n<p><strong>Modelado 2<\/strong><\/p>\n\n\n\n<ul class=\"wp-block-list\"><li>An\u00e1lisis e interpretaci\u00f3n de resultados de evaluaci\u00f3n al inicio del a\u00f1o escolar.<\/li><\/ul>\n\n\n\n<p><strong>2do Curso: Ense\u00f1ar al nivel real de los aprendizajes I<\/strong><\/p>\n\n\n\n<ul class=\"wp-block-list\"><li>Enfoque del \u00e1rea.<\/li><li>Conocimientos claves para el nivel o \u00e1rea que ense\u00f1a.<\/li><li>Experiencias de aprendizaje vinculadas a la caracterizaci\u00f3n de los estudiantes.<\/li><li>Conocimientos pedag\u00f3gicos y disciplinares.<\/li><li>Dise\u00f1o de experiencias de aprendizaje con \u00e9nfasis en el desarrollo de las competencias.<\/li><\/ul>\n\n\n\n<p><strong>3er Curso: Ense\u00f1ar al nivel real de los aprendizajes II<\/strong><\/p>\n\n\n\n<ul class=\"wp-block-list\"><li>Procesos did\u00e1cticos y estrategias para el desarrollo de las competencias del \u00e1rea.<\/li><li>Planificaci\u00f3n de actividades utilizando estrategias para el desarrollo de competencias.<\/li><\/ul>\n\n\n\n<p><strong>Cronograma<\/strong><\/p>\n\n\n\n<p>El proceso de preinscripci\u00f3n para el programa inicia este 01 de febrero. A continuaci\u00f3n, compartimos los cronogramas detallados por grupos y cursos.<\/p>\n\n\n\n<figure class=\"wp-block-image size-large\"><img loading=\"lazy\" decoding=\"async\" width=\"1024\" height=\"584\" src=\"https:\/\/amautaenlinea.com\/blog\/wp-content\/uploads\/2021\/02\/image-1024x584.png\" alt=\"\" class=\"wp-image-6497\" srcset=\"https:\/\/amautaenlinea.com\/blog\/wp-content\/uploads\/2021\/02\/image-1024x584.png 1024w, https:\/\/amautaenlinea.com\/blog\/wp-content\/uploads\/2021\/02\/image-300x171.png 300w, https:\/\/amautaenlinea.com\/blog\/wp-content\/uploads\/2021\/02\/image-768x438.png 768w, https:\/\/amautaenlinea.com\/blog\/wp-content\/uploads\/2021\/02\/image.png 1081w\" sizes=\"auto, (max-width: 1024px) 100vw, 1024px\" \/><\/figure>\n\n\n\n<figure class=\"wp-block-image size-large\"><img loading=\"lazy\" decoding=\"async\" width=\"1024\" height=\"587\" src=\"https:\/\/amautaenlinea.com\/blog\/wp-content\/uploads\/2021\/02\/image-1-1024x587.png\" alt=\"\" class=\"wp-image-6498\" srcset=\"https:\/\/amautaenlinea.com\/blog\/wp-content\/uploads\/2021\/02\/image-1-1024x587.png 1024w, https:\/\/amautaenlinea.com\/blog\/wp-content\/uploads\/2021\/02\/image-1-300x172.png 300w, https:\/\/amautaenlinea.com\/blog\/wp-content\/uploads\/2021\/02\/image-1-768x440.png 768w, https:\/\/amautaenlinea.com\/blog\/wp-content\/uploads\/2021\/02\/image-1.png 1094w\" sizes=\"auto, (max-width: 1024px) 100vw, 1024px\" \/><\/figure>\n\n\n\n<figure class=\"wp-block-image size-large\"><img loading=\"lazy\" decoding=\"async\" width=\"1024\" height=\"586\" src=\"https:\/\/amautaenlinea.com\/blog\/wp-content\/uploads\/2021\/02\/image-2-1024x586.png\" alt=\"\" class=\"wp-image-6499\" srcset=\"https:\/\/amautaenlinea.com\/blog\/wp-content\/uploads\/2021\/02\/image-2-1024x586.png 1024w, https:\/\/amautaenlinea.com\/blog\/wp-content\/uploads\/2021\/02\/image-2-300x172.png 300w, https:\/\/amautaenlinea.com\/blog\/wp-content\/uploads\/2021\/02\/image-2-768x439.png 768w, https:\/\/amautaenlinea.com\/blog\/wp-content\/uploads\/2021\/02\/image-2.png 1089w\" sizes=\"auto, (max-width: 1024px) 100vw, 1024px\" \/><\/figure>\n\n\n\n<figure class=\"wp-block-image size-large\"><img loading=\"lazy\" decoding=\"async\" width=\"1024\" height=\"575\" src=\"https:\/\/amautaenlinea.com\/blog\/wp-content\/uploads\/2021\/02\/image-3-1024x575.png\" alt=\"\" class=\"wp-image-6500\" srcset=\"https:\/\/amautaenlinea.com\/blog\/wp-content\/uploads\/2021\/02\/image-3-1024x575.png 1024w, https:\/\/amautaenlinea.com\/blog\/wp-content\/uploads\/2021\/02\/image-3-300x168.png 300w, https:\/\/amautaenlinea.com\/blog\/wp-content\/uploads\/2021\/02\/image-3-768x431.png 768w, https:\/\/amautaenlinea.com\/blog\/wp-content\/uploads\/2021\/02\/image-3-715x400.png 715w, https:\/\/amautaenlinea.com\/blog\/wp-content\/uploads\/2021\/02\/image-3.png 1096w\" sizes=\"auto, (max-width: 1024px) 100vw, 1024px\" \/><\/figure>\n\n\n\n<figure class=\"wp-block-image size-large\"><img loading=\"lazy\" decoding=\"async\" width=\"1024\" height=\"577\" src=\"https:\/\/amautaenlinea.com\/blog\/wp-content\/uploads\/2021\/02\/image-4-1024x577.png\" alt=\"\" class=\"wp-image-6501\" srcset=\"https:\/\/amautaenlinea.com\/blog\/wp-content\/uploads\/2021\/02\/image-4-1024x577.png 1024w, https:\/\/amautaenlinea.com\/blog\/wp-content\/uploads\/2021\/02\/image-4-300x169.png 300w, https:\/\/amautaenlinea.com\/blog\/wp-content\/uploads\/2021\/02\/image-4-768x432.png 768w, https:\/\/amautaenlinea.com\/blog\/wp-content\/uploads\/2021\/02\/image-4.png 1087w\" sizes=\"auto, (max-width: 1024px) 100vw, 1024px\" \/><\/figure>\n\n\n\n<figure class=\"wp-block-image size-large\"><img loading=\"lazy\" decoding=\"async\" width=\"1024\" height=\"585\" src=\"https:\/\/amautaenlinea.com\/blog\/wp-content\/uploads\/2021\/02\/image-5-1024x585.png\" alt=\"\" class=\"wp-image-6502\" srcset=\"https:\/\/amautaenlinea.com\/blog\/wp-content\/uploads\/2021\/02\/image-5-1024x585.png 1024w, https:\/\/amautaenlinea.com\/blog\/wp-content\/uploads\/2021\/02\/image-5-300x171.png 300w, https:\/\/amautaenlinea.com\/blog\/wp-content\/uploads\/2021\/02\/image-5-768x439.png 768w, https:\/\/amautaenlinea.com\/blog\/wp-content\/uploads\/2021\/02\/image-5.png 1083w\" sizes=\"auto, (max-width: 1024px) 100vw, 1024px\" \/><\/figure>\n\n\n\n<figure class=\"wp-block-image size-large\"><a href=\"http:\/\/www.perueduca.pe\/formulario-de-preinscripcion-al-programa-nacional-para-la-mejora-de-los-aprendizajes\"><img loading=\"lazy\" decoding=\"async\" width=\"420\" height=\"101\" src=\"https:\/\/amautaenlinea.com\/blog\/wp-content\/uploads\/2020\/10\/PREINSCRIBETE-1.png\" alt=\"\" class=\"wp-image-4327\" srcset=\"https:\/\/amautaenlinea.com\/blog\/wp-content\/uploads\/2020\/10\/PREINSCRIBETE-1.png 420w, https:\/\/amautaenlinea.com\/blog\/wp-content\/uploads\/2020\/10\/PREINSCRIBETE-1-300x72.png 300w\" sizes=\"auto, (max-width: 420px) 100vw, 420px\" \/><\/a><\/figure>\n","protected":false},"excerpt":{"rendered":"<p>Es una oferta formativa abierta y masiva dirigida a docentes de los tres niveles de la educaci\u00f3n b\u00e1sica, que busca fortalecer las competencias pedag\u00f3gicas<\/p>\n","protected":false},"author":1,"featured_media":6503,"comment_status":"open","ping_status":"open","sticky":false,"template":"","format":"standard","meta":{"footnotes":""},"categories":[4],"tags":[],"class_list":["post-6496","post","type-post","status-publish","format-standard","has-post-thumbnail","hentry","category-educacion"],"yoast_head":"<!-- This site is optimized with the Yoast SEO Premium plugin v21.2 (Yoast SEO v27.5) - https:\/\/yoast.com\/product\/yoast-seo-premium-wordpress\/ -->\n<title>\u25b7 Minedu lanza convocatoria para participar en el Programa Nacional para la Mejora de los Aprendizajes \u2705<\/title>\n<meta name=\"description\" content=\"\u27a8\" \/>\n<meta name=\"robots\" content=\"index, follow, max-snippet:-1, max-image-preview:large, max-video-preview:-1\" \/>\n<link rel=\"canonical\" href=\"https:\/\/amautaenlinea.com\/blog\/minedu-lanza-convocatoria-para-participar-en-el-programa-nacional-para-la-mejora-de-los-aprendizajes\/\" \/>\n<meta property=\"og:locale\" content=\"es_ES\" \/>\n<meta property=\"og:type\" content=\"article\" \/>\n<meta property=\"og:title\" content=\"Minedu lanza convocatoria para participar en el Programa Nacional para la Mejora de los Aprendizajes\" \/>\n<meta property=\"og:description\" content=\"\u27a8\" \/>\n<meta property=\"og:url\" content=\"https:\/\/amautaenlinea.com\/blog\/minedu-lanza-convocatoria-para-participar-en-el-programa-nacional-para-la-mejora-de-los-aprendizajes\/\" \/>\n<meta property=\"og:site_name\" content=\"Grupo AMAUTA\" \/>\n<meta property=\"article:publisher\" content=\"https:\/\/www.facebook.com\/amautaperu.org\/\" \/>\n<meta property=\"article:published_time\" content=\"2021-02-02T10:38:04+00:00\" \/>\n<meta property=\"article:modified_time\" content=\"2021-02-02T10:38:06+00:00\" \/>\n<meta property=\"og:image\" content=\"https:\/\/amautaenlinea.com\/blog\/wp-content\/uploads\/2021\/02\/Programa-Nacional-para-la-Mejora-de-los-Aprendizajes.jpg\" \/>\n\t<meta property=\"og:image:width\" content=\"1280\" \/>\n\t<meta property=\"og:image:height\" content=\"720\" \/>\n\t<meta property=\"og:image:type\" content=\"image\/jpeg\" \/>\n<meta name=\"author\" content=\"Grupo AMAUTA EBUSINESS\" \/>\n<meta name=\"twitter:card\" content=\"summary_large_image\" \/>\n<script type=\"application\/ld+json\" class=\"yoast-schema-graph\">{\"@context\":\"https:\\\/\\\/schema.org\",\"@graph\":[{\"@type\":\"Article\",\"@id\":\"https:\\\/\\\/amautaenlinea.com\\\/blog\\\/minedu-lanza-convocatoria-para-participar-en-el-programa-nacional-para-la-mejora-de-los-aprendizajes\\\/#article\",\"isPartOf\":{\"@id\":\"https:\\\/\\\/amautaenlinea.com\\\/blog\\\/minedu-lanza-convocatoria-para-participar-en-el-programa-nacional-para-la-mejora-de-los-aprendizajes\\\/\"},\"author\":{\"name\":\"Grupo AMAUTA EBUSINESS\",\"@id\":\"https:\\\/\\\/amautaenlinea.com\\\/blog\\\/#\\\/schema\\\/person\\\/d8d4b5d672e9edb72a6f23fd40dd31d5\"},\"headline\":\"Minedu lanza convocatoria para participar en el Programa Nacional para la Mejora de los Aprendizajes\",\"datePublished\":\"2021-02-02T10:38:04+00:00\",\"dateModified\":\"2021-02-02T10:38:06+00:00\",\"mainEntityOfPage\":{\"@id\":\"https:\\\/\\\/amautaenlinea.com\\\/blog\\\/minedu-lanza-convocatoria-para-participar-en-el-programa-nacional-para-la-mejora-de-los-aprendizajes\\\/\"},\"wordCount\":539,\"commentCount\":0,\"publisher\":{\"@id\":\"https:\\\/\\\/amautaenlinea.com\\\/blog\\\/#organization\"},\"image\":{\"@id\":\"https:\\\/\\\/amautaenlinea.com\\\/blog\\\/minedu-lanza-convocatoria-para-participar-en-el-programa-nacional-para-la-mejora-de-los-aprendizajes\\\/#primaryimage\"},\"thumbnailUrl\":\"https:\\\/\\\/amautaenlinea.com\\\/blog\\\/wp-content\\\/uploads\\\/2021\\\/02\\\/Programa-Nacional-para-la-Mejora-de-los-Aprendizajes.jpg\",\"articleSection\":[\"Educaci\u00f3n\"],\"inLanguage\":\"es\",\"potentialAction\":[{\"@type\":\"CommentAction\",\"name\":\"Comment\",\"target\":[\"https:\\\/\\\/amautaenlinea.com\\\/blog\\\/minedu-lanza-convocatoria-para-participar-en-el-programa-nacional-para-la-mejora-de-los-aprendizajes\\\/#respond\"]}],\"copyrightYear\":\"2021\",\"copyrightHolder\":{\"@id\":\"https:\\\/\\\/amautaenlinea.com\\\/blog\\\/#organization\"}},{\"@type\":\"WebPage\",\"@id\":\"https:\\\/\\\/amautaenlinea.com\\\/blog\\\/minedu-lanza-convocatoria-para-participar-en-el-programa-nacional-para-la-mejora-de-los-aprendizajes\\\/\",\"url\":\"https:\\\/\\\/amautaenlinea.com\\\/blog\\\/minedu-lanza-convocatoria-para-participar-en-el-programa-nacional-para-la-mejora-de-los-aprendizajes\\\/\",\"name\":\"\u25b7 Minedu lanza convocatoria para participar en el Programa Nacional para la Mejora de los Aprendizajes \u2705\",\"isPartOf\":{\"@id\":\"https:\\\/\\\/amautaenlinea.com\\\/blog\\\/#website\"},\"primaryImageOfPage\":{\"@id\":\"https:\\\/\\\/amautaenlinea.com\\\/blog\\\/minedu-lanza-convocatoria-para-participar-en-el-programa-nacional-para-la-mejora-de-los-aprendizajes\\\/#primaryimage\"},\"image\":{\"@id\":\"https:\\\/\\\/amautaenlinea.com\\\/blog\\\/minedu-lanza-convocatoria-para-participar-en-el-programa-nacional-para-la-mejora-de-los-aprendizajes\\\/#primaryimage\"},\"thumbnailUrl\":\"https:\\\/\\\/amautaenlinea.com\\\/blog\\\/wp-content\\\/uploads\\\/2021\\\/02\\\/Programa-Nacional-para-la-Mejora-de-los-Aprendizajes.jpg\",\"datePublished\":\"2021-02-02T10:38:04+00:00\",\"dateModified\":\"2021-02-02T10:38:06+00:00\",\"description\":\"\u27a8\",\"breadcrumb\":{\"@id\":\"https:\\\/\\\/amautaenlinea.com\\\/blog\\\/minedu-lanza-convocatoria-para-participar-en-el-programa-nacional-para-la-mejora-de-los-aprendizajes\\\/#breadcrumb\"},\"inLanguage\":\"es\",\"potentialAction\":[{\"@type\":\"ReadAction\",\"target\":[\"https:\\\/\\\/amautaenlinea.com\\\/blog\\\/minedu-lanza-convocatoria-para-participar-en-el-programa-nacional-para-la-mejora-de-los-aprendizajes\\\/\"]}]},{\"@type\":\"ImageObject\",\"inLanguage\":\"es\",\"@id\":\"https:\\\/\\\/amautaenlinea.com\\\/blog\\\/minedu-lanza-convocatoria-para-participar-en-el-programa-nacional-para-la-mejora-de-los-aprendizajes\\\/#primaryimage\",\"url\":\"https:\\\/\\\/amautaenlinea.com\\\/blog\\\/wp-content\\\/uploads\\\/2021\\\/02\\\/Programa-Nacional-para-la-Mejora-de-los-Aprendizajes.jpg\",\"contentUrl\":\"https:\\\/\\\/amautaenlinea.com\\\/blog\\\/wp-content\\\/uploads\\\/2021\\\/02\\\/Programa-Nacional-para-la-Mejora-de-los-Aprendizajes.jpg\",\"width\":1280,\"height\":720},{\"@type\":\"BreadcrumbList\",\"@id\":\"https:\\\/\\\/amautaenlinea.com\\\/blog\\\/minedu-lanza-convocatoria-para-participar-en-el-programa-nacional-para-la-mejora-de-los-aprendizajes\\\/#breadcrumb\",\"itemListElement\":[{\"@type\":\"ListItem\",\"position\":1,\"name\":\"Portada\",\"item\":\"https:\\\/\\\/amautaenlinea.com\\\/blog\\\/\"},{\"@type\":\"ListItem\",\"position\":2,\"name\":\"Minedu lanza convocatoria para participar en el Programa Nacional para la Mejora de los Aprendizajes\"}]},{\"@type\":\"WebSite\",\"@id\":\"https:\\\/\\\/amautaenlinea.com\\\/blog\\\/#website\",\"url\":\"https:\\\/\\\/amautaenlinea.com\\\/blog\\\/\",\"name\":\"Grupo AMAUTA\",\"description\":\"\",\"publisher\":{\"@id\":\"https:\\\/\\\/amautaenlinea.com\\\/blog\\\/#organization\"},\"potentialAction\":[{\"@type\":\"SearchAction\",\"target\":{\"@type\":\"EntryPoint\",\"urlTemplate\":\"https:\\\/\\\/amautaenlinea.com\\\/blog\\\/?s={search_term_string}\"},\"query-input\":{\"@type\":\"PropertyValueSpecification\",\"valueRequired\":true,\"valueName\":\"search_term_string\"}}],\"inLanguage\":\"es\"},{\"@type\":\"Organization\",\"@id\":\"https:\\\/\\\/amautaenlinea.com\\\/blog\\\/#organization\",\"name\":\"Grupo AMAUTA E-BUSINESS\",\"url\":\"https:\\\/\\\/amautaenlinea.com\\\/blog\\\/\",\"logo\":{\"@type\":\"ImageObject\",\"inLanguage\":\"es\",\"@id\":\"https:\\\/\\\/amautaenlinea.com\\\/blog\\\/#\\\/schema\\\/logo\\\/image\\\/\",\"url\":\"https:\\\/\\\/amautaenlinea.com\\\/blog\\\/wp-content\\\/uploads\\\/2023\\\/09\\\/logo-amauta.png\",\"contentUrl\":\"https:\\\/\\\/amautaenlinea.com\\\/blog\\\/wp-content\\\/uploads\\\/2023\\\/09\\\/logo-amauta.png\",\"width\":1124,\"height\":368,\"caption\":\"Grupo AMAUTA E-BUSINESS\"},\"image\":{\"@id\":\"https:\\\/\\\/amautaenlinea.com\\\/blog\\\/#\\\/schema\\\/logo\\\/image\\\/\"},\"sameAs\":[\"https:\\\/\\\/www.facebook.com\\\/amautaperu.org\\\/\"]},{\"@type\":\"Person\",\"@id\":\"https:\\\/\\\/amautaenlinea.com\\\/blog\\\/#\\\/schema\\\/person\\\/d8d4b5d672e9edb72a6f23fd40dd31d5\",\"name\":\"Grupo AMAUTA EBUSINESS\",\"image\":{\"@type\":\"ImageObject\",\"inLanguage\":\"es\",\"@id\":\"https:\\\/\\\/secure.gravatar.com\\\/avatar\\\/97706b54c222a710310e2db50e02e68de0a4c8bb76654bcc4053b08241c6bd6c?s=96&d=mm&r=g\",\"url\":\"https:\\\/\\\/secure.gravatar.com\\\/avatar\\\/97706b54c222a710310e2db50e02e68de0a4c8bb76654bcc4053b08241c6bd6c?s=96&d=mm&r=g\",\"contentUrl\":\"https:\\\/\\\/secure.gravatar.com\\\/avatar\\\/97706b54c222a710310e2db50e02e68de0a4c8bb76654bcc4053b08241c6bd6c?s=96&d=mm&r=g\",\"caption\":\"Grupo AMAUTA EBUSINESS\"}}]}<\/script>\n<!-- \/ Yoast SEO Premium plugin. -->","yoast_head_json":{"title":"\u25b7 Minedu lanza convocatoria para participar en el Programa Nacional para la Mejora de los Aprendizajes \u2705","description":"\u27a8","robots":{"index":"index","follow":"follow","max-snippet":"max-snippet:-1","max-image-preview":"max-image-preview:large","max-video-preview":"max-video-preview:-1"},"canonical":"https:\/\/amautaenlinea.com\/blog\/minedu-lanza-convocatoria-para-participar-en-el-programa-nacional-para-la-mejora-de-los-aprendizajes\/","og_locale":"es_ES","og_type":"article","og_title":"Minedu lanza convocatoria para participar en el Programa Nacional para la Mejora de los Aprendizajes","og_description":"\u27a8","og_url":"https:\/\/amautaenlinea.com\/blog\/minedu-lanza-convocatoria-para-participar-en-el-programa-nacional-para-la-mejora-de-los-aprendizajes\/","og_site_name":"Grupo AMAUTA","article_publisher":"https:\/\/www.facebook.com\/amautaperu.org\/","article_published_time":"2021-02-02T10:38:04+00:00","article_modified_time":"2021-02-02T10:38:06+00:00","og_image":[{"width":1280,"height":720,"url":"https:\/\/amautaenlinea.com\/blog\/wp-content\/uploads\/2021\/02\/Programa-Nacional-para-la-Mejora-de-los-Aprendizajes.jpg","type":"image\/jpeg"}],"author":"Grupo AMAUTA EBUSINESS","twitter_card":"summary_large_image","schema":{"@context":"https:\/\/schema.org","@graph":[{"@type":"Article","@id":"https:\/\/amautaenlinea.com\/blog\/minedu-lanza-convocatoria-para-participar-en-el-programa-nacional-para-la-mejora-de-los-aprendizajes\/#article","isPartOf":{"@id":"https:\/\/amautaenlinea.com\/blog\/minedu-lanza-convocatoria-para-participar-en-el-programa-nacional-para-la-mejora-de-los-aprendizajes\/"},"author":{"name":"Grupo AMAUTA EBUSINESS","@id":"https:\/\/amautaenlinea.com\/blog\/#\/schema\/person\/d8d4b5d672e9edb72a6f23fd40dd31d5"},"headline":"Minedu lanza convocatoria para participar en el Programa Nacional para la Mejora de los Aprendizajes","datePublished":"2021-02-02T10:38:04+00:00","dateModified":"2021-02-02T10:38:06+00:00","mainEntityOfPage":{"@id":"https:\/\/amautaenlinea.com\/blog\/minedu-lanza-convocatoria-para-participar-en-el-programa-nacional-para-la-mejora-de-los-aprendizajes\/"},"wordCount":539,"commentCount":0,"publisher":{"@id":"https:\/\/amautaenlinea.com\/blog\/#organization"},"image":{"@id":"https:\/\/amautaenlinea.com\/blog\/minedu-lanza-convocatoria-para-participar-en-el-programa-nacional-para-la-mejora-de-los-aprendizajes\/#primaryimage"},"thumbnailUrl":"https:\/\/amautaenlinea.com\/blog\/wp-content\/uploads\/2021\/02\/Programa-Nacional-para-la-Mejora-de-los-Aprendizajes.jpg","articleSection":["Educaci\u00f3n"],"inLanguage":"es","potentialAction":[{"@type":"CommentAction","name":"Comment","target":["https:\/\/amautaenlinea.com\/blog\/minedu-lanza-convocatoria-para-participar-en-el-programa-nacional-para-la-mejora-de-los-aprendizajes\/#respond"]}],"copyrightYear":"2021","copyrightHolder":{"@id":"https:\/\/amautaenlinea.com\/blog\/#organization"}},{"@type":"WebPage","@id":"https:\/\/amautaenlinea.com\/blog\/minedu-lanza-convocatoria-para-participar-en-el-programa-nacional-para-la-mejora-de-los-aprendizajes\/","url":"https:\/\/amautaenlinea.com\/blog\/minedu-lanza-convocatoria-para-participar-en-el-programa-nacional-para-la-mejora-de-los-aprendizajes\/","name":"\u25b7 Minedu lanza convocatoria para participar en el Programa Nacional para la Mejora de los Aprendizajes \u2705","isPartOf":{"@id":"https:\/\/amautaenlinea.com\/blog\/#website"},"primaryImageOfPage":{"@id":"https:\/\/amautaenlinea.com\/blog\/minedu-lanza-convocatoria-para-participar-en-el-programa-nacional-para-la-mejora-de-los-aprendizajes\/#primaryimage"},"image":{"@id":"https:\/\/amautaenlinea.com\/blog\/minedu-lanza-convocatoria-para-participar-en-el-programa-nacional-para-la-mejora-de-los-aprendizajes\/#primaryimage"},"thumbnailUrl":"https:\/\/amautaenlinea.com\/blog\/wp-content\/uploads\/2021\/02\/Programa-Nacional-para-la-Mejora-de-los-Aprendizajes.jpg","datePublished":"2021-02-02T10:38:04+00:00","dateModified":"2021-02-02T10:38:06+00:00","description":"\u27a8","breadcrumb":{"@id":"https:\/\/amautaenlinea.com\/blog\/minedu-lanza-convocatoria-para-participar-en-el-programa-nacional-para-la-mejora-de-los-aprendizajes\/#breadcrumb"},"inLanguage":"es","potentialAction":[{"@type":"ReadAction","target":["https:\/\/amautaenlinea.com\/blog\/minedu-lanza-convocatoria-para-participar-en-el-programa-nacional-para-la-mejora-de-los-aprendizajes\/"]}]},{"@type":"ImageObject","inLanguage":"es","@id":"https:\/\/amautaenlinea.com\/blog\/minedu-lanza-convocatoria-para-participar-en-el-programa-nacional-para-la-mejora-de-los-aprendizajes\/#primaryimage","url":"https:\/\/amautaenlinea.com\/blog\/wp-content\/uploads\/2021\/02\/Programa-Nacional-para-la-Mejora-de-los-Aprendizajes.jpg","contentUrl":"https:\/\/amautaenlinea.com\/blog\/wp-content\/uploads\/2021\/02\/Programa-Nacional-para-la-Mejora-de-los-Aprendizajes.jpg","width":1280,"height":720},{"@type":"BreadcrumbList","@id":"https:\/\/amautaenlinea.com\/blog\/minedu-lanza-convocatoria-para-participar-en-el-programa-nacional-para-la-mejora-de-los-aprendizajes\/#breadcrumb","itemListElement":[{"@type":"ListItem","position":1,"name":"Portada","item":"https:\/\/amautaenlinea.com\/blog\/"},{"@type":"ListItem","position":2,"name":"Minedu lanza convocatoria para participar en el Programa Nacional para la Mejora de los Aprendizajes"}]},{"@type":"WebSite","@id":"https:\/\/amautaenlinea.com\/blog\/#website","url":"https:\/\/amautaenlinea.com\/blog\/","name":"Grupo AMAUTA","description":"","publisher":{"@id":"https:\/\/amautaenlinea.com\/blog\/#organization"},"potentialAction":[{"@type":"SearchAction","target":{"@type":"EntryPoint","urlTemplate":"https:\/\/amautaenlinea.com\/blog\/?s={search_term_string}"},"query-input":{"@type":"PropertyValueSpecification","valueRequired":true,"valueName":"search_term_string"}}],"inLanguage":"es"},{"@type":"Organization","@id":"https:\/\/amautaenlinea.com\/blog\/#organization","name":"Grupo AMAUTA E-BUSINESS","url":"https:\/\/amautaenlinea.com\/blog\/","logo":{"@type":"ImageObject","inLanguage":"es","@id":"https:\/\/amautaenlinea.com\/blog\/#\/schema\/logo\/image\/","url":"https:\/\/amautaenlinea.com\/blog\/wp-content\/uploads\/2023\/09\/logo-amauta.png","contentUrl":"https:\/\/amautaenlinea.com\/blog\/wp-content\/uploads\/2023\/09\/logo-amauta.png","width":1124,"height":368,"caption":"Grupo AMAUTA E-BUSINESS"},"image":{"@id":"https:\/\/amautaenlinea.com\/blog\/#\/schema\/logo\/image\/"},"sameAs":["https:\/\/www.facebook.com\/amautaperu.org\/"]},{"@type":"Person","@id":"https:\/\/amautaenlinea.com\/blog\/#\/schema\/person\/d8d4b5d672e9edb72a6f23fd40dd31d5","name":"Grupo AMAUTA EBUSINESS","image":{"@type":"ImageObject","inLanguage":"es","@id":"https:\/\/secure.gravatar.com\/avatar\/97706b54c222a710310e2db50e02e68de0a4c8bb76654bcc4053b08241c6bd6c?s=96&d=mm&r=g","url":"https:\/\/secure.gravatar.com\/avatar\/97706b54c222a710310e2db50e02e68de0a4c8bb76654bcc4053b08241c6bd6c?s=96&d=mm&r=g","contentUrl":"https:\/\/secure.gravatar.com\/avatar\/97706b54c222a710310e2db50e02e68de0a4c8bb76654bcc4053b08241c6bd6c?s=96&d=mm&r=g","caption":"Grupo AMAUTA EBUSINESS"}}]}},"_links":{"self":[{"href":"https:\/\/amautaenlinea.com\/blog\/wp-json\/wp\/v2\/posts\/6496","targetHints":{"allow":["GET"]}}],"collection":[{"href":"https:\/\/amautaenlinea.com\/blog\/wp-json\/wp\/v2\/posts"}],"about":[{"href":"https:\/\/amautaenlinea.com\/blog\/wp-json\/wp\/v2\/types\/post"}],"author":[{"embeddable":true,"href":"https:\/\/amautaenlinea.com\/blog\/wp-json\/wp\/v2\/users\/1"}],"replies":[{"embeddable":true,"href":"https:\/\/amautaenlinea.com\/blog\/wp-json\/wp\/v2\/comments?post=6496"}],"version-history":[{"count":0,"href":"https:\/\/amautaenlinea.com\/blog\/wp-json\/wp\/v2\/posts\/6496\/revisions"}],"wp:featuredmedia":[{"embeddable":true,"href":"https:\/\/amautaenlinea.com\/blog\/wp-json\/wp\/v2\/media\/6503"}],"wp:attachment":[{"href":"https:\/\/amautaenlinea.com\/blog\/wp-json\/wp\/v2\/media?parent=6496"}],"wp:term":[{"taxonomy":"category","embeddable":true,"href":"https:\/\/amautaenlinea.com\/blog\/wp-json\/wp\/v2\/categories?post=6496"},{"taxonomy":"post_tag","embeddable":true,"href":"https:\/\/amautaenlinea.com\/blog\/wp-json\/wp\/v2\/tags?post=6496"}],"curies":[{"name":"wp","href":"https:\/\/api.w.org\/{rel}","templated":true}]}}