{"id":6493,"date":"2021-02-01T22:12:48","date_gmt":"2021-02-01T22:12:48","guid":{"rendered":"https:\/\/amautaenlinea.com\/blog\/?p=6493"},"modified":"2021-02-01T22:12:51","modified_gmt":"2021-02-01T22:12:51","slug":"minedu-el-22-de-febrero-inician-inscripciones-para-coar-conozca-cuales-son-los-requisitos-para-inscribirse-para-este-proceso-de-admision-2021","status":"publish","type":"post","link":"https:\/\/amautaenlinea.com\/blog\/minedu-el-22-de-febrero-inician-inscripciones-para-coar-conozca-cuales-son-los-requisitos-para-inscribirse-para-este-proceso-de-admision-2021\/","title":{"rendered":"Minedu| El 22 de febrero inician inscripciones para COAR, conozca cuales son los requisitos para inscribirse para este proceso de admisi\u00f3n 2021"},"content":{"rendered":"\n<p><strong>Las inscripciones para el proceso de admisi\u00f3n excepcional 2021 estar\u00e1n abiertas hasta el 14 de marzo<\/strong><\/p>\n\n\n\n<p>La inscripci\u00f3n para e<strong>l proceso de admisi\u00f3n 2021 en los Colegios de Alto Rendimiento (COAR) se realizar\u00e1 desde el 22 de febrero hasta el 14 de marzo <\/strong>y la podr\u00e1n realizar los padres de familia o el apoderado mediante la ficha para tal fin ubicada en la p\u00e1gina oficial del COAR\u00a0<a href=\"http:\/\/www.minedu.gob.pe\/coar\">http:\/\/www.minedu.gob.pe\/coar<\/a>\u00a0<\/p>\n\n\n\n<p>Como ya inform\u00f3 el Ministerio de Educaci\u00f3n (Minedu), este proceso de admisi\u00f3n es excepcional en tanto responde a las caracter\u00edsticas particulares\u00a0 del a\u00f1o escolar 2020 y la situaci\u00f3n de pandemia que atraviesa el pa\u00eds y, por lo tanto, se efectuar\u00e1 cumpliendo las condiciones sanitarias establecidas para garantizar la salud de los postulantes, sus familias, los docentes y de toda la comunidad educativa.<\/p>\n\n\n\n<h2 class=\"wp-block-heading\">\u00a0<strong>Requisitos<\/strong><\/h2>\n\n\n\n<p>Para postular este a\u00f1o a una de\u00a0 <strong>2685 vacantes disponibles, n\u00famero similar al del a\u00f1o 2020,<\/strong> es requisito haber cursado los <strong>dos primeros grados de educaci\u00f3n secundaria en una instituci\u00f3n educativa p\u00fablica de Educaci\u00f3n B\u00e1sica Regular <\/strong>y encontrarse apto para iniciar el 3\u00b0 grado de secundaria en el a\u00f1o 2021.\u00a0<\/p>\n\n\n\n<p>Otro requisito es haber ocupado <strong>uno de los 10 primeros puestos en 1\u00b0 grado de secundaria, <\/strong>o haber obtenido uno de los 3 primeros puestos (o la cantidad de puestos establecidos en las bases de los concursos) en alguno de los concursos educativos convocados o reconocidos por el Minedu, ya sea en la etapa local, regional, o nacional, en el 1\u00b0 o 2\u00b0 grado de secundaria.\u00a0<\/p>\n\n\n\n<p>\u00a0<strong>Asimismo, tener nacionalidad peruana<\/strong> o, de ser de nacionalidad extranjera, contar con los documentos exigidos por la autoridad competente; tener como m\u00e1ximo quince a\u00f1os cumplidos hasta el 31 de marzo del a\u00f1o 2021 y contar con una autorizaci\u00f3n escrita para postular de los padres de familia o el tutor legal o apoderado.\u00a0<\/p>\n\n\n\n<p>Como este proceso de admisi\u00f3n excepcional no podr\u00e1 ser presencial, para efectos de selecci\u00f3n se han considerado las calificaciones de los estudiantes en el a\u00f1o 2019, es decir, de primero de secundaria, con lo cual el sistema organizar\u00e1 un orden de prioridad para determinar la lista de seleccionados.\u00a0<\/p>\n\n\n\n<p><strong>Para ello se considerar\u00e1 el rendimiento acad\u00e9mico, las calificaciones y el orden de m\u00e9rito durante el a\u00f1o 2019 y la participaci\u00f3n en los concursos durante los a\u00f1os 2019 y 2020.<\/strong><\/p>\n\n\n\n<p>\u00a0Adicionalmente, con el fin de seguir ofreciendo oportunidades a la totalidad de la poblaci\u00f3n estudiantil, se otorgar\u00e1 una bonificaci\u00f3n adicional por condici\u00f3n socioecon\u00f3mica, ruralidad, discapacidad y a los estudiantes provenientes de la Educaci\u00f3n Intercultural Biling\u00fce. <\/p>\n\n\n\n<p>Asimismo, se han previsto vacantes para los postulantes pertenecientes al Programa de Reparaci\u00f3n en Educaci\u00f3n.\u00a0<\/p>\n\n\n\n<p>La informaci\u00f3n acerca del proceso de admisi\u00f3n estar\u00e1 disponible en la p\u00e1gina web del COAR. Para consultas, pueden escribir al correo electr\u00f3nico\u00a0<a href=\"mailto:consultascoar@minedu.gob.pe\">consultascoar@minedu.gob.pe<\/a>, llamar o dejar mensajes v\u00eda WhatsApp al 989183099 de lunes a s\u00e1bado de 8:30 a 17:00 horas.<\/p>\n\n\n\n<h3 class=\"wp-block-heading\">Fuente: Minedu oficina de prensa<\/h3>\n","protected":false},"excerpt":{"rendered":"<p>Las inscripciones para el proceso de admisi\u00f3n excepcional 2021 estar\u00e1n abiertas hasta el 14 de marzo La inscripci\u00f3n para el proceso de admisi\u00f3n 2021<\/p>\n","protected":false},"author":1,"featured_media":6494,"comment_status":"open","ping_status":"open","sticky":false,"template":"","format":"standard","meta":{"footnotes":""},"categories":[4],"tags":[],"class_list":["post-6493","post","type-post","status-publish","format-standard","has-post-thumbnail","hentry","category-educacion"],"yoast_head":"<!-- This site is optimized with the Yoast SEO Premium plugin v21.2 (Yoast SEO v27.5) - https:\/\/yoast.com\/product\/yoast-seo-premium-wordpress\/ -->\n<title>\u25b7 Minedu| El 22 de febrero inician inscripciones para COAR, conozca cuales son los requisitos para inscribirse para este proceso de admisi\u00f3n 2021 \u2705<\/title>\n<meta name=\"description\" content=\"\u27a8\" \/>\n<meta name=\"robots\" content=\"index, follow, max-snippet:-1, max-image-preview:large, max-video-preview:-1\" \/>\n<link rel=\"canonical\" href=\"https:\/\/amautaenlinea.com\/blog\/minedu-el-22-de-febrero-inician-inscripciones-para-coar-conozca-cuales-son-los-requisitos-para-inscribirse-para-este-proceso-de-admision-2021\/\" \/>\n<meta property=\"og:locale\" content=\"es_ES\" \/>\n<meta property=\"og:type\" content=\"article\" \/>\n<meta property=\"og:title\" content=\"Minedu| El 22 de febrero inician inscripciones para COAR, conozca cuales son los requisitos para inscribirse para este proceso de admisi\u00f3n 2021\" \/>\n<meta property=\"og:description\" content=\"\u27a8\" \/>\n<meta property=\"og:url\" content=\"https:\/\/amautaenlinea.com\/blog\/minedu-el-22-de-febrero-inician-inscripciones-para-coar-conozca-cuales-son-los-requisitos-para-inscribirse-para-este-proceso-de-admision-2021\/\" \/>\n<meta property=\"og:site_name\" content=\"Grupo AMAUTA\" \/>\n<meta property=\"article:publisher\" content=\"https:\/\/www.facebook.com\/amautaperu.org\/\" \/>\n<meta property=\"article:published_time\" content=\"2021-02-01T22:12:48+00:00\" \/>\n<meta property=\"article:modified_time\" content=\"2021-02-01T22:12:51+00:00\" \/>\n<meta property=\"og:image\" content=\"https:\/\/amautaenlinea.com\/blog\/wp-content\/uploads\/2021\/02\/El-22-de-febrero-inician-inscripciones-para-COAR-conozca-cuales-son-los-requisitos-para-inscribirse-para-este-proceso-de-admision-2021.jpg\" \/>\n\t<meta property=\"og:image:width\" content=\"1280\" \/>\n\t<meta property=\"og:image:height\" content=\"720\" \/>\n\t<meta property=\"og:image:type\" content=\"image\/jpeg\" \/>\n<meta name=\"author\" content=\"Grupo AMAUTA EBUSINESS\" \/>\n<meta name=\"twitter:card\" content=\"summary_large_image\" \/>\n<script type=\"application\/ld+json\" class=\"yoast-schema-graph\">{\"@context\":\"https:\\\/\\\/schema.org\",\"@graph\":[{\"@type\":\"Article\",\"@id\":\"https:\\\/\\\/amautaenlinea.com\\\/blog\\\/minedu-el-22-de-febrero-inician-inscripciones-para-coar-conozca-cuales-son-los-requisitos-para-inscribirse-para-este-proceso-de-admision-2021\\\/#article\",\"isPartOf\":{\"@id\":\"https:\\\/\\\/amautaenlinea.com\\\/blog\\\/minedu-el-22-de-febrero-inician-inscripciones-para-coar-conozca-cuales-son-los-requisitos-para-inscribirse-para-este-proceso-de-admision-2021\\\/\"},\"author\":{\"name\":\"Grupo AMAUTA EBUSINESS\",\"@id\":\"https:\\\/\\\/amautaenlinea.com\\\/blog\\\/#\\\/schema\\\/person\\\/d8d4b5d672e9edb72a6f23fd40dd31d5\"},\"headline\":\"Minedu| El 22 de febrero inician inscripciones para COAR, conozca cuales son los requisitos para inscribirse para este proceso de admisi\u00f3n 2021\",\"datePublished\":\"2021-02-01T22:12:48+00:00\",\"dateModified\":\"2021-02-01T22:12:51+00:00\",\"mainEntityOfPage\":{\"@id\":\"https:\\\/\\\/amautaenlinea.com\\\/blog\\\/minedu-el-22-de-febrero-inician-inscripciones-para-coar-conozca-cuales-son-los-requisitos-para-inscribirse-para-este-proceso-de-admision-2021\\\/\"},\"wordCount\":524,\"commentCount\":0,\"publisher\":{\"@id\":\"https:\\\/\\\/amautaenlinea.com\\\/blog\\\/#organization\"},\"image\":{\"@id\":\"https:\\\/\\\/amautaenlinea.com\\\/blog\\\/minedu-el-22-de-febrero-inician-inscripciones-para-coar-conozca-cuales-son-los-requisitos-para-inscribirse-para-este-proceso-de-admision-2021\\\/#primaryimage\"},\"thumbnailUrl\":\"https:\\\/\\\/amautaenlinea.com\\\/blog\\\/wp-content\\\/uploads\\\/2021\\\/02\\\/El-22-de-febrero-inician-inscripciones-para-COAR-conozca-cuales-son-los-requisitos-para-inscribirse-para-este-proceso-de-admision-2021.jpg\",\"articleSection\":[\"Educaci\u00f3n\"],\"inLanguage\":\"es\",\"potentialAction\":[{\"@type\":\"CommentAction\",\"name\":\"Comment\",\"target\":[\"https:\\\/\\\/amautaenlinea.com\\\/blog\\\/minedu-el-22-de-febrero-inician-inscripciones-para-coar-conozca-cuales-son-los-requisitos-para-inscribirse-para-este-proceso-de-admision-2021\\\/#respond\"]}],\"copyrightYear\":\"2021\",\"copyrightHolder\":{\"@id\":\"https:\\\/\\\/amautaenlinea.com\\\/blog\\\/#organization\"}},{\"@type\":\"WebPage\",\"@id\":\"https:\\\/\\\/amautaenlinea.com\\\/blog\\\/minedu-el-22-de-febrero-inician-inscripciones-para-coar-conozca-cuales-son-los-requisitos-para-inscribirse-para-este-proceso-de-admision-2021\\\/\",\"url\":\"https:\\\/\\\/amautaenlinea.com\\\/blog\\\/minedu-el-22-de-febrero-inician-inscripciones-para-coar-conozca-cuales-son-los-requisitos-para-inscribirse-para-este-proceso-de-admision-2021\\\/\",\"name\":\"\u25b7 Minedu| El 22 de febrero inician inscripciones para COAR, conozca cuales son los requisitos para inscribirse para este proceso de admisi\u00f3n 2021 \u2705\",\"isPartOf\":{\"@id\":\"https:\\\/\\\/amautaenlinea.com\\\/blog\\\/#website\"},\"primaryImageOfPage\":{\"@id\":\"https:\\\/\\\/amautaenlinea.com\\\/blog\\\/minedu-el-22-de-febrero-inician-inscripciones-para-coar-conozca-cuales-son-los-requisitos-para-inscribirse-para-este-proceso-de-admision-2021\\\/#primaryimage\"},\"image\":{\"@id\":\"https:\\\/\\\/amautaenlinea.com\\\/blog\\\/minedu-el-22-de-febrero-inician-inscripciones-para-coar-conozca-cuales-son-los-requisitos-para-inscribirse-para-este-proceso-de-admision-2021\\\/#primaryimage\"},\"thumbnailUrl\":\"https:\\\/\\\/amautaenlinea.com\\\/blog\\\/wp-content\\\/uploads\\\/2021\\\/02\\\/El-22-de-febrero-inician-inscripciones-para-COAR-conozca-cuales-son-los-requisitos-para-inscribirse-para-este-proceso-de-admision-2021.jpg\",\"datePublished\":\"2021-02-01T22:12:48+00:00\",\"dateModified\":\"2021-02-01T22:12:51+00:00\",\"description\":\"\u27a8\",\"breadcrumb\":{\"@id\":\"https:\\\/\\\/amautaenlinea.com\\\/blog\\\/minedu-el-22-de-febrero-inician-inscripciones-para-coar-conozca-cuales-son-los-requisitos-para-inscribirse-para-este-proceso-de-admision-2021\\\/#breadcrumb\"},\"inLanguage\":\"es\",\"potentialAction\":[{\"@type\":\"ReadAction\",\"target\":[\"https:\\\/\\\/amautaenlinea.com\\\/blog\\\/minedu-el-22-de-febrero-inician-inscripciones-para-coar-conozca-cuales-son-los-requisitos-para-inscribirse-para-este-proceso-de-admision-2021\\\/\"]}]},{\"@type\":\"ImageObject\",\"inLanguage\":\"es\",\"@id\":\"https:\\\/\\\/amautaenlinea.com\\\/blog\\\/minedu-el-22-de-febrero-inician-inscripciones-para-coar-conozca-cuales-son-los-requisitos-para-inscribirse-para-este-proceso-de-admision-2021\\\/#primaryimage\",\"url\":\"https:\\\/\\\/amautaenlinea.com\\\/blog\\\/wp-content\\\/uploads\\\/2021\\\/02\\\/El-22-de-febrero-inician-inscripciones-para-COAR-conozca-cuales-son-los-requisitos-para-inscribirse-para-este-proceso-de-admision-2021.jpg\",\"contentUrl\":\"https:\\\/\\\/amautaenlinea.com\\\/blog\\\/wp-content\\\/uploads\\\/2021\\\/02\\\/El-22-de-febrero-inician-inscripciones-para-COAR-conozca-cuales-son-los-requisitos-para-inscribirse-para-este-proceso-de-admision-2021.jpg\",\"width\":1280,\"height\":720},{\"@type\":\"BreadcrumbList\",\"@id\":\"https:\\\/\\\/amautaenlinea.com\\\/blog\\\/minedu-el-22-de-febrero-inician-inscripciones-para-coar-conozca-cuales-son-los-requisitos-para-inscribirse-para-este-proceso-de-admision-2021\\\/#breadcrumb\",\"itemListElement\":[{\"@type\":\"ListItem\",\"position\":1,\"name\":\"Portada\",\"item\":\"https:\\\/\\\/amautaenlinea.com\\\/blog\\\/\"},{\"@type\":\"ListItem\",\"position\":2,\"name\":\"Minedu| El 22 de febrero inician inscripciones para COAR, conozca cuales son los requisitos para inscribirse para este proceso de admisi\u00f3n 2021\"}]},{\"@type\":\"WebSite\",\"@id\":\"https:\\\/\\\/amautaenlinea.com\\\/blog\\\/#website\",\"url\":\"https:\\\/\\\/amautaenlinea.com\\\/blog\\\/\",\"name\":\"Grupo AMAUTA\",\"description\":\"\",\"publisher\":{\"@id\":\"https:\\\/\\\/amautaenlinea.com\\\/blog\\\/#organization\"},\"potentialAction\":[{\"@type\":\"SearchAction\",\"target\":{\"@type\":\"EntryPoint\",\"urlTemplate\":\"https:\\\/\\\/amautaenlinea.com\\\/blog\\\/?s={search_term_string}\"},\"query-input\":{\"@type\":\"PropertyValueSpecification\",\"valueRequired\":true,\"valueName\":\"search_term_string\"}}],\"inLanguage\":\"es\"},{\"@type\":\"Organization\",\"@id\":\"https:\\\/\\\/amautaenlinea.com\\\/blog\\\/#organization\",\"name\":\"Grupo AMAUTA E-BUSINESS\",\"url\":\"https:\\\/\\\/amautaenlinea.com\\\/blog\\\/\",\"logo\":{\"@type\":\"ImageObject\",\"inLanguage\":\"es\",\"@id\":\"https:\\\/\\\/amautaenlinea.com\\\/blog\\\/#\\\/schema\\\/logo\\\/image\\\/\",\"url\":\"https:\\\/\\\/amautaenlinea.com\\\/blog\\\/wp-content\\\/uploads\\\/2023\\\/09\\\/logo-amauta.png\",\"contentUrl\":\"https:\\\/\\\/amautaenlinea.com\\\/blog\\\/wp-content\\\/uploads\\\/2023\\\/09\\\/logo-amauta.png\",\"width\":1124,\"height\":368,\"caption\":\"Grupo AMAUTA E-BUSINESS\"},\"image\":{\"@id\":\"https:\\\/\\\/amautaenlinea.com\\\/blog\\\/#\\\/schema\\\/logo\\\/image\\\/\"},\"sameAs\":[\"https:\\\/\\\/www.facebook.com\\\/amautaperu.org\\\/\"]},{\"@type\":\"Person\",\"@id\":\"https:\\\/\\\/amautaenlinea.com\\\/blog\\\/#\\\/schema\\\/person\\\/d8d4b5d672e9edb72a6f23fd40dd31d5\",\"name\":\"Grupo AMAUTA EBUSINESS\",\"image\":{\"@type\":\"ImageObject\",\"inLanguage\":\"es\",\"@id\":\"https:\\\/\\\/secure.gravatar.com\\\/avatar\\\/97706b54c222a710310e2db50e02e68de0a4c8bb76654bcc4053b08241c6bd6c?s=96&d=mm&r=g\",\"url\":\"https:\\\/\\\/secure.gravatar.com\\\/avatar\\\/97706b54c222a710310e2db50e02e68de0a4c8bb76654bcc4053b08241c6bd6c?s=96&d=mm&r=g\",\"contentUrl\":\"https:\\\/\\\/secure.gravatar.com\\\/avatar\\\/97706b54c222a710310e2db50e02e68de0a4c8bb76654bcc4053b08241c6bd6c?s=96&d=mm&r=g\",\"caption\":\"Grupo AMAUTA EBUSINESS\"}}]}<\/script>\n<!-- \/ Yoast SEO Premium plugin. -->","yoast_head_json":{"title":"\u25b7 Minedu| El 22 de febrero inician inscripciones para COAR, conozca cuales son los requisitos para inscribirse para este proceso de admisi\u00f3n 2021 \u2705","description":"\u27a8","robots":{"index":"index","follow":"follow","max-snippet":"max-snippet:-1","max-image-preview":"max-image-preview:large","max-video-preview":"max-video-preview:-1"},"canonical":"https:\/\/amautaenlinea.com\/blog\/minedu-el-22-de-febrero-inician-inscripciones-para-coar-conozca-cuales-son-los-requisitos-para-inscribirse-para-este-proceso-de-admision-2021\/","og_locale":"es_ES","og_type":"article","og_title":"Minedu| El 22 de febrero inician inscripciones para COAR, conozca cuales son los requisitos para inscribirse para este proceso de admisi\u00f3n 2021","og_description":"\u27a8","og_url":"https:\/\/amautaenlinea.com\/blog\/minedu-el-22-de-febrero-inician-inscripciones-para-coar-conozca-cuales-son-los-requisitos-para-inscribirse-para-este-proceso-de-admision-2021\/","og_site_name":"Grupo AMAUTA","article_publisher":"https:\/\/www.facebook.com\/amautaperu.org\/","article_published_time":"2021-02-01T22:12:48+00:00","article_modified_time":"2021-02-01T22:12:51+00:00","og_image":[{"width":1280,"height":720,"url":"https:\/\/amautaenlinea.com\/blog\/wp-content\/uploads\/2021\/02\/El-22-de-febrero-inician-inscripciones-para-COAR-conozca-cuales-son-los-requisitos-para-inscribirse-para-este-proceso-de-admision-2021.jpg","type":"image\/jpeg"}],"author":"Grupo AMAUTA EBUSINESS","twitter_card":"summary_large_image","schema":{"@context":"https:\/\/schema.org","@graph":[{"@type":"Article","@id":"https:\/\/amautaenlinea.com\/blog\/minedu-el-22-de-febrero-inician-inscripciones-para-coar-conozca-cuales-son-los-requisitos-para-inscribirse-para-este-proceso-de-admision-2021\/#article","isPartOf":{"@id":"https:\/\/amautaenlinea.com\/blog\/minedu-el-22-de-febrero-inician-inscripciones-para-coar-conozca-cuales-son-los-requisitos-para-inscribirse-para-este-proceso-de-admision-2021\/"},"author":{"name":"Grupo AMAUTA EBUSINESS","@id":"https:\/\/amautaenlinea.com\/blog\/#\/schema\/person\/d8d4b5d672e9edb72a6f23fd40dd31d5"},"headline":"Minedu| El 22 de febrero inician inscripciones para COAR, conozca cuales son los requisitos para inscribirse para este proceso de admisi\u00f3n 2021","datePublished":"2021-02-01T22:12:48+00:00","dateModified":"2021-02-01T22:12:51+00:00","mainEntityOfPage":{"@id":"https:\/\/amautaenlinea.com\/blog\/minedu-el-22-de-febrero-inician-inscripciones-para-coar-conozca-cuales-son-los-requisitos-para-inscribirse-para-este-proceso-de-admision-2021\/"},"wordCount":524,"commentCount":0,"publisher":{"@id":"https:\/\/amautaenlinea.com\/blog\/#organization"},"image":{"@id":"https:\/\/amautaenlinea.com\/blog\/minedu-el-22-de-febrero-inician-inscripciones-para-coar-conozca-cuales-son-los-requisitos-para-inscribirse-para-este-proceso-de-admision-2021\/#primaryimage"},"thumbnailUrl":"https:\/\/amautaenlinea.com\/blog\/wp-content\/uploads\/2021\/02\/El-22-de-febrero-inician-inscripciones-para-COAR-conozca-cuales-son-los-requisitos-para-inscribirse-para-este-proceso-de-admision-2021.jpg","articleSection":["Educaci\u00f3n"],"inLanguage":"es","potentialAction":[{"@type":"CommentAction","name":"Comment","target":["https:\/\/amautaenlinea.com\/blog\/minedu-el-22-de-febrero-inician-inscripciones-para-coar-conozca-cuales-son-los-requisitos-para-inscribirse-para-este-proceso-de-admision-2021\/#respond"]}],"copyrightYear":"2021","copyrightHolder":{"@id":"https:\/\/amautaenlinea.com\/blog\/#organization"}},{"@type":"WebPage","@id":"https:\/\/amautaenlinea.com\/blog\/minedu-el-22-de-febrero-inician-inscripciones-para-coar-conozca-cuales-son-los-requisitos-para-inscribirse-para-este-proceso-de-admision-2021\/","url":"https:\/\/amautaenlinea.com\/blog\/minedu-el-22-de-febrero-inician-inscripciones-para-coar-conozca-cuales-son-los-requisitos-para-inscribirse-para-este-proceso-de-admision-2021\/","name":"\u25b7 Minedu| El 22 de febrero inician inscripciones para COAR, conozca cuales son los requisitos para inscribirse para este proceso de admisi\u00f3n 2021 \u2705","isPartOf":{"@id":"https:\/\/amautaenlinea.com\/blog\/#website"},"primaryImageOfPage":{"@id":"https:\/\/amautaenlinea.com\/blog\/minedu-el-22-de-febrero-inician-inscripciones-para-coar-conozca-cuales-son-los-requisitos-para-inscribirse-para-este-proceso-de-admision-2021\/#primaryimage"},"image":{"@id":"https:\/\/amautaenlinea.com\/blog\/minedu-el-22-de-febrero-inician-inscripciones-para-coar-conozca-cuales-son-los-requisitos-para-inscribirse-para-este-proceso-de-admision-2021\/#primaryimage"},"thumbnailUrl":"https:\/\/amautaenlinea.com\/blog\/wp-content\/uploads\/2021\/02\/El-22-de-febrero-inician-inscripciones-para-COAR-conozca-cuales-son-los-requisitos-para-inscribirse-para-este-proceso-de-admision-2021.jpg","datePublished":"2021-02-01T22:12:48+00:00","dateModified":"2021-02-01T22:12:51+00:00","description":"\u27a8","breadcrumb":{"@id":"https:\/\/amautaenlinea.com\/blog\/minedu-el-22-de-febrero-inician-inscripciones-para-coar-conozca-cuales-son-los-requisitos-para-inscribirse-para-este-proceso-de-admision-2021\/#breadcrumb"},"inLanguage":"es","potentialAction":[{"@type":"ReadAction","target":["https:\/\/amautaenlinea.com\/blog\/minedu-el-22-de-febrero-inician-inscripciones-para-coar-conozca-cuales-son-los-requisitos-para-inscribirse-para-este-proceso-de-admision-2021\/"]}]},{"@type":"ImageObject","inLanguage":"es","@id":"https:\/\/amautaenlinea.com\/blog\/minedu-el-22-de-febrero-inician-inscripciones-para-coar-conozca-cuales-son-los-requisitos-para-inscribirse-para-este-proceso-de-admision-2021\/#primaryimage","url":"https:\/\/amautaenlinea.com\/blog\/wp-content\/uploads\/2021\/02\/El-22-de-febrero-inician-inscripciones-para-COAR-conozca-cuales-son-los-requisitos-para-inscribirse-para-este-proceso-de-admision-2021.jpg","contentUrl":"https:\/\/amautaenlinea.com\/blog\/wp-content\/uploads\/2021\/02\/El-22-de-febrero-inician-inscripciones-para-COAR-conozca-cuales-son-los-requisitos-para-inscribirse-para-este-proceso-de-admision-2021.jpg","width":1280,"height":720},{"@type":"BreadcrumbList","@id":"https:\/\/amautaenlinea.com\/blog\/minedu-el-22-de-febrero-inician-inscripciones-para-coar-conozca-cuales-son-los-requisitos-para-inscribirse-para-este-proceso-de-admision-2021\/#breadcrumb","itemListElement":[{"@type":"ListItem","position":1,"name":"Portada","item":"https:\/\/amautaenlinea.com\/blog\/"},{"@type":"ListItem","position":2,"name":"Minedu| El 22 de febrero inician inscripciones para COAR, conozca cuales son los requisitos para inscribirse para este proceso de admisi\u00f3n 2021"}]},{"@type":"WebSite","@id":"https:\/\/amautaenlinea.com\/blog\/#website","url":"https:\/\/amautaenlinea.com\/blog\/","name":"Grupo AMAUTA","description":"","publisher":{"@id":"https:\/\/amautaenlinea.com\/blog\/#organization"},"potentialAction":[{"@type":"SearchAction","target":{"@type":"EntryPoint","urlTemplate":"https:\/\/amautaenlinea.com\/blog\/?s={search_term_string}"},"query-input":{"@type":"PropertyValueSpecification","valueRequired":true,"valueName":"search_term_string"}}],"inLanguage":"es"},{"@type":"Organization","@id":"https:\/\/amautaenlinea.com\/blog\/#organization","name":"Grupo AMAUTA E-BUSINESS","url":"https:\/\/amautaenlinea.com\/blog\/","logo":{"@type":"ImageObject","inLanguage":"es","@id":"https:\/\/amautaenlinea.com\/blog\/#\/schema\/logo\/image\/","url":"https:\/\/amautaenlinea.com\/blog\/wp-content\/uploads\/2023\/09\/logo-amauta.png","contentUrl":"https:\/\/amautaenlinea.com\/blog\/wp-content\/uploads\/2023\/09\/logo-amauta.png","width":1124,"height":368,"caption":"Grupo AMAUTA E-BUSINESS"},"image":{"@id":"https:\/\/amautaenlinea.com\/blog\/#\/schema\/logo\/image\/"},"sameAs":["https:\/\/www.facebook.com\/amautaperu.org\/"]},{"@type":"Person","@id":"https:\/\/amautaenlinea.com\/blog\/#\/schema\/person\/d8d4b5d672e9edb72a6f23fd40dd31d5","name":"Grupo AMAUTA EBUSINESS","image":{"@type":"ImageObject","inLanguage":"es","@id":"https:\/\/secure.gravatar.com\/avatar\/97706b54c222a710310e2db50e02e68de0a4c8bb76654bcc4053b08241c6bd6c?s=96&d=mm&r=g","url":"https:\/\/secure.gravatar.com\/avatar\/97706b54c222a710310e2db50e02e68de0a4c8bb76654bcc4053b08241c6bd6c?s=96&d=mm&r=g","contentUrl":"https:\/\/secure.gravatar.com\/avatar\/97706b54c222a710310e2db50e02e68de0a4c8bb76654bcc4053b08241c6bd6c?s=96&d=mm&r=g","caption":"Grupo AMAUTA EBUSINESS"}}]}},"_links":{"self":[{"href":"https:\/\/amautaenlinea.com\/blog\/wp-json\/wp\/v2\/posts\/6493","targetHints":{"allow":["GET"]}}],"collection":[{"href":"https:\/\/amautaenlinea.com\/blog\/wp-json\/wp\/v2\/posts"}],"about":[{"href":"https:\/\/amautaenlinea.com\/blog\/wp-json\/wp\/v2\/types\/post"}],"author":[{"embeddable":true,"href":"https:\/\/amautaenlinea.com\/blog\/wp-json\/wp\/v2\/users\/1"}],"replies":[{"embeddable":true,"href":"https:\/\/amautaenlinea.com\/blog\/wp-json\/wp\/v2\/comments?post=6493"}],"version-history":[{"count":0,"href":"https:\/\/amautaenlinea.com\/blog\/wp-json\/wp\/v2\/posts\/6493\/revisions"}],"wp:featuredmedia":[{"embeddable":true,"href":"https:\/\/amautaenlinea.com\/blog\/wp-json\/wp\/v2\/media\/6494"}],"wp:attachment":[{"href":"https:\/\/amautaenlinea.com\/blog\/wp-json\/wp\/v2\/media?parent=6493"}],"wp:term":[{"taxonomy":"category","embeddable":true,"href":"https:\/\/amautaenlinea.com\/blog\/wp-json\/wp\/v2\/categories?post=6493"},{"taxonomy":"post_tag","embeddable":true,"href":"https:\/\/amautaenlinea.com\/blog\/wp-json\/wp\/v2\/tags?post=6493"}],"curies":[{"name":"wp","href":"https:\/\/api.w.org\/{rel}","templated":true}]}}