{"id":6481,"date":"2021-02-01T11:00:52","date_gmt":"2021-02-01T11:00:52","guid":{"rendered":"https:\/\/amautaenlinea.com\/blog\/?p=6481"},"modified":"2021-02-01T11:00:55","modified_gmt":"2021-02-01T11:00:55","slug":"minedu-cuando-iniciara-el-ano-escolar-2021-en-los-colegios-ante-la-segunda-ola-que-se-vive-actualmente","status":"publish","type":"post","link":"https:\/\/amautaenlinea.com\/blog\/minedu-cuando-iniciara-el-ano-escolar-2021-en-los-colegios-ante-la-segunda-ola-que-se-vive-actualmente\/","title":{"rendered":"Minedu: \u00bfCu\u00e1ndo iniciar\u00e1 el a\u00f1o escolar 2021 en los colegios ante la segunda ola que se vive actualmente?"},"content":{"rendered":"\n<p><strong>Ante la llegada de la pandemia por el COVID-19 a nuestro pa\u00eds, el proceso de educaci\u00f3n tuvo que cambiar de presencial a remoto. De acuerdo con el Ministerio de Educaci\u00f3n (Minedu) este a\u00f1o 2021, debido a la segunda ola por el coronavirus, las clases seguir\u00e1n de manera virtual a trav\u00e9s de la estrategia \u2018Aprendo en Casa\u2019.<\/strong><\/p>\n\n\n\n<p>Seg\u00fan la norma t\u00e9cnica aprobada mediante la resoluci\u00f3n viceministerial N\u00b0 273-2020-MINEDU- cuyo objetivo es brindar tanto a los directivos como a las familias, orientaciones para el desarrollo del servicio educativo-, el a\u00f1o escolar 2021 comenzar\u00e1 el 15 de marzo y culminar\u00e1 el 17 de diciembre.<\/p>\n\n\n\n<p>En ese sentido, esta norma detalla que el a\u00f1o escolar estar\u00e1 conformado por 36 semanas lectivas (distribuidas en 4 bloques de 9 semanas) y 4 semanas de vacaciones estudiantiles (una en mayo, dos a mitad de a\u00f1o y una en octubre).<\/p>\n\n\n\n<p>Adem\u00e1s, que los directivos y docentes deber\u00e1n tener en cuenta estas semanas lectivas para la realizaci\u00f3n de actividades de planificaci\u00f3n, seguimiento y evaluaci\u00f3n de la gesti\u00f3n, especialmente a nivel pedag\u00f3gico.<\/p>\n\n\n\n<h2 class=\"wp-block-heading\"><strong>\u00bfCu\u00e1ndo iniciar\u00e1 el proceso de matr\u00edcula?<\/strong><\/h2>\n\n\n\n<p>El lunes 25 de enero comenz\u00f3 el proceso regular de matr\u00edcula para la Educaci\u00f3n B\u00e1sica del A\u00f1o Escolar 2021, el mismo que se extender\u00e1 hasta el 5 de marzo a nivel nacional. Seg\u00fan Minedu, se puede realizar de manera presencial o remota; sin embargo, dado el contexto de emergencia sanitaria, se debe priorizar el uso de dispositivos electr\u00f3nicos y medios digitales.<\/p>\n\n\n\n<p>En caso de que las familias no dispongan de canales digitales o tengan problemas de conectividad, los centros educativos deben habilitar espacios f\u00edsicos ventilados en horarios diferenciados (seg\u00fan grados o niveles educativos o apellidos) y en cumplimiento de un protocolo que minimice los contagios del COVID-19.<\/p>\n\n\n\n<p>En los colegios p\u00fablicos la matr\u00edcula es gratuita, en tanto los colegios privados s\u00ed pueden cobrar una cuota de matr\u00edcula, la misma que debe de figurar en su reglamento interno y puede estar sujeta a un proceso de admisi\u00f3n previo.<\/p>\n\n\n\n<p>\u201cNi los colegios p\u00fablicos ni los privados pueden exigir al estudiante, o a su representante legal, la adquisici\u00f3n del total de textos escolares, material did\u00e1ctico, \u00fatiles escolares o de uniformes el primer d\u00eda de clases. La adquisici\u00f3n de los referidos \u00fatiles o materiales debe ser realizada de manera progresiva, acorde a las necesidades de uso de los estudiantes\u201d, se\u00f1al\u00f3 el Minedu.<\/p>\n\n\n\n<h2 class=\"wp-block-heading\"><strong>\u00bfD\u00f3nde encontrar las ofertas educativas?<\/strong><\/h2>\n\n\n\n<p>El Minedu tambi\u00e9n inform\u00f3 que las familias pueden acceder a&nbsp;<a href=\"https:\/\/www.identicole.pe\/\">www.identicole.pe<\/a>&nbsp;para buscar la mejor oferta educativa en m\u00e1s de 65 mil colegios p\u00fablicos y privados en todo el pa\u00eds para este A\u00f1o escolar 2021.<\/p>\n\n\n\n<p>Los padres de familia podr\u00e1n encontrar en este portal los colegios ubicados cerca de sus viviendas, comparar los servicios que brindan y conocer sus logros de aprendizaje para poder escoger el m\u00e1s adecuado para sus hijos.<\/p>\n\n\n\n<p>Adem\u00e1s, encontrar\u00e1n material informativo relacionado con el proceso de matr\u00edcula 2021, como la gu\u00eda&nbsp;<a href=\"https:\/\/drive.google.com\/file\/d\/1AhglPNQSKLAvkpI6zsDNxn_OQTcSANdP\/view?usp=sharing\/\">GUIA PROCESO DE MATR\u00cdCULA 2021.pdf<\/a>.<\/p>\n\n\n\n<h2 class=\"wp-block-heading\"><strong>\u00bfClases presenciales o virtuales?<\/strong><\/h2>\n\n\n\n<p>El ministro de Educaci\u00f3n, Ricardo Cuenca, se\u00f1al\u00f3 que para este a\u00f1o escolar 2021 se iban a implementar tres modalidades, remota, semipresencial y presencial completa. Sin embargo, ante la segunda ola por el COVID-19, coment\u00f3 que por el momento las clases seguir\u00e1 siendo remotas.<\/p>\n\n\n\n<p>\u201cEl primer mes de clases ser\u00e1 virtual en todos los colegios del pa\u00eds, pero la meta para el a\u00f1o escolar 2021 es volver a la presencialidad y que nos reencontremos en las aulas cuando la situaci\u00f3n sanitaria lo permita\u201d, inform\u00f3 el ministro de Educaci\u00f3n.<\/p>\n\n\n\n<h2 class=\"wp-block-heading\"><strong>Aprendo en Casa<\/strong><\/h2>\n\n\n\n<p>En ese sentido, Cuenca sostuvo que el sector har\u00e1 ajustes a la estrategia de educaci\u00f3n a distancia \u201cAprendo en casa\u201d para reforzar sus contenidos en web, radio y televisi\u00f3n y la participaci\u00f3n de los padres de familia para este A\u00f1o escolar 2021.<\/p>\n\n\n\n<p>Adem\u00e1s, los maestros tendr\u00e1n la programaci\u00f3n de \u201cAprendo en casa\u201d con 15 d\u00edas de anticipaci\u00f3n para que puedan usarla como herramienta para sus clases.<\/p>\n\n\n\n<p>\u201cSer\u00e1 un Aprendo en casa articulado entre la televisi\u00f3n, la radio y la web que recoge los aportes de los docentes hechos a partir de la experiencia del a\u00f1o pasado. Ser\u00e1 un espacio interactivo en el que cualquier estudiante podr\u00e1 conectarse y que nos permitir\u00e1 avanzar hacia lo que debe ser el aula virtual\u201d, dijo.<\/p>\n\n\n\n<h2 class=\"wp-block-heading\"><strong>Sobre las tablets<\/strong><\/h2>\n\n\n\n<p>Ricardo Cuenca coment\u00f3 que 60 % del mill\u00f3n de tablets que se adquiri\u00f3 para distribuir entre estudiantes y docentes de zonas rurales focalizadas ya se encuentra en los almacenes del Minedu y que la entrega a sus destinatarios debe culminar el 31 de marzo.<\/p>\n\n\n\n<p>Asimismo, detall\u00f3 que para los docentes que no cuenten con tablets, se est\u00e1 trabajando un plan para ofrecerles planes de datos en sus celulares.<\/p>\n\n\n\n<h2 class=\"wp-block-heading\"><strong>Vacunas COVID-19<\/strong><\/h2>\n\n\n\n<p>Por \u00faltimo, el ministro de Educaci\u00f3n tambi\u00e9n inform\u00f3 que el Minedu est\u00e1 haciendo todo lo posible para que los docentes tengan prioridad y sean considerados en el primer grupo de peruanos a los que se les aplicar\u00e1 la vacuna contra el COVID-19.<\/p>\n\n\n\n<h3 class=\"wp-block-heading\">Fuente: Diario Gestion.pe<\/h3>\n\n\n\n<p><\/p>\n","protected":false},"excerpt":{"rendered":"<p>Ante la llegada de la pandemia por el COVID-19 a nuestro pa\u00eds, el proceso de educaci\u00f3n tuvo que cambiar de presencial a remoto. De<\/p>\n","protected":false},"author":1,"featured_media":6482,"comment_status":"open","ping_status":"open","sticky":false,"template":"","format":"standard","meta":{"footnotes":""},"categories":[4],"tags":[],"class_list":["post-6481","post","type-post","status-publish","format-standard","has-post-thumbnail","hentry","category-educacion"],"yoast_head":"<!-- This site is optimized with the Yoast SEO Premium plugin v21.2 (Yoast SEO v27.5) - https:\/\/yoast.com\/product\/yoast-seo-premium-wordpress\/ -->\n<title>\u25b7 Minedu: \u00bfCu\u00e1ndo iniciar\u00e1 el a\u00f1o escolar 2021 en los colegios ante la segunda ola que se vive actualmente? \u2705<\/title>\n<meta name=\"description\" content=\"\u27a8\" \/>\n<meta name=\"robots\" content=\"index, follow, max-snippet:-1, max-image-preview:large, max-video-preview:-1\" \/>\n<link rel=\"canonical\" href=\"https:\/\/amautaenlinea.com\/blog\/minedu-cuando-iniciara-el-ano-escolar-2021-en-los-colegios-ante-la-segunda-ola-que-se-vive-actualmente\/\" \/>\n<meta property=\"og:locale\" content=\"es_ES\" \/>\n<meta property=\"og:type\" content=\"article\" \/>\n<meta property=\"og:title\" content=\"Minedu: \u00bfCu\u00e1ndo iniciar\u00e1 el a\u00f1o escolar 2021 en los colegios ante la segunda ola que se vive actualmente?\" \/>\n<meta property=\"og:description\" content=\"\u27a8\" \/>\n<meta property=\"og:url\" content=\"https:\/\/amautaenlinea.com\/blog\/minedu-cuando-iniciara-el-ano-escolar-2021-en-los-colegios-ante-la-segunda-ola-que-se-vive-actualmente\/\" \/>\n<meta property=\"og:site_name\" content=\"Grupo AMAUTA\" \/>\n<meta property=\"article:publisher\" content=\"https:\/\/www.facebook.com\/amautaperu.org\/\" \/>\n<meta property=\"article:published_time\" content=\"2021-02-01T11:00:52+00:00\" \/>\n<meta property=\"article:modified_time\" content=\"2021-02-01T11:00:55+00:00\" \/>\n<meta property=\"og:image\" content=\"https:\/\/amautaenlinea.com\/blog\/wp-content\/uploads\/2021\/02\/Cuando-iniciara-el-ano-escolar-2021-en-los-colegios-ante-la-segunda-ola-que-se-vive-actualmente.jpg\" \/>\n\t<meta property=\"og:image:width\" content=\"1280\" \/>\n\t<meta property=\"og:image:height\" content=\"720\" \/>\n\t<meta property=\"og:image:type\" content=\"image\/jpeg\" \/>\n<meta name=\"author\" content=\"Grupo AMAUTA EBUSINESS\" \/>\n<meta name=\"twitter:card\" content=\"summary_large_image\" \/>\n<script type=\"application\/ld+json\" class=\"yoast-schema-graph\">{\"@context\":\"https:\\\/\\\/schema.org\",\"@graph\":[{\"@type\":\"Article\",\"@id\":\"https:\\\/\\\/amautaenlinea.com\\\/blog\\\/minedu-cuando-iniciara-el-ano-escolar-2021-en-los-colegios-ante-la-segunda-ola-que-se-vive-actualmente\\\/#article\",\"isPartOf\":{\"@id\":\"https:\\\/\\\/amautaenlinea.com\\\/blog\\\/minedu-cuando-iniciara-el-ano-escolar-2021-en-los-colegios-ante-la-segunda-ola-que-se-vive-actualmente\\\/\"},\"author\":{\"name\":\"Grupo AMAUTA EBUSINESS\",\"@id\":\"https:\\\/\\\/amautaenlinea.com\\\/blog\\\/#\\\/schema\\\/person\\\/d8d4b5d672e9edb72a6f23fd40dd31d5\"},\"headline\":\"Minedu: \u00bfCu\u00e1ndo iniciar\u00e1 el a\u00f1o escolar 2021 en los colegios ante la segunda ola que se vive actualmente?\",\"datePublished\":\"2021-02-01T11:00:52+00:00\",\"dateModified\":\"2021-02-01T11:00:55+00:00\",\"mainEntityOfPage\":{\"@id\":\"https:\\\/\\\/amautaenlinea.com\\\/blog\\\/minedu-cuando-iniciara-el-ano-escolar-2021-en-los-colegios-ante-la-segunda-ola-que-se-vive-actualmente\\\/\"},\"wordCount\":892,\"commentCount\":0,\"publisher\":{\"@id\":\"https:\\\/\\\/amautaenlinea.com\\\/blog\\\/#organization\"},\"image\":{\"@id\":\"https:\\\/\\\/amautaenlinea.com\\\/blog\\\/minedu-cuando-iniciara-el-ano-escolar-2021-en-los-colegios-ante-la-segunda-ola-que-se-vive-actualmente\\\/#primaryimage\"},\"thumbnailUrl\":\"https:\\\/\\\/amautaenlinea.com\\\/blog\\\/wp-content\\\/uploads\\\/2021\\\/02\\\/Cuando-iniciara-el-ano-escolar-2021-en-los-colegios-ante-la-segunda-ola-que-se-vive-actualmente.jpg\",\"articleSection\":[\"Educaci\u00f3n\"],\"inLanguage\":\"es\",\"potentialAction\":[{\"@type\":\"CommentAction\",\"name\":\"Comment\",\"target\":[\"https:\\\/\\\/amautaenlinea.com\\\/blog\\\/minedu-cuando-iniciara-el-ano-escolar-2021-en-los-colegios-ante-la-segunda-ola-que-se-vive-actualmente\\\/#respond\"]}],\"copyrightYear\":\"2021\",\"copyrightHolder\":{\"@id\":\"https:\\\/\\\/amautaenlinea.com\\\/blog\\\/#organization\"}},{\"@type\":\"WebPage\",\"@id\":\"https:\\\/\\\/amautaenlinea.com\\\/blog\\\/minedu-cuando-iniciara-el-ano-escolar-2021-en-los-colegios-ante-la-segunda-ola-que-se-vive-actualmente\\\/\",\"url\":\"https:\\\/\\\/amautaenlinea.com\\\/blog\\\/minedu-cuando-iniciara-el-ano-escolar-2021-en-los-colegios-ante-la-segunda-ola-que-se-vive-actualmente\\\/\",\"name\":\"\u25b7 Minedu: \u00bfCu\u00e1ndo iniciar\u00e1 el a\u00f1o escolar 2021 en los colegios ante la segunda ola que se vive actualmente? \u2705\",\"isPartOf\":{\"@id\":\"https:\\\/\\\/amautaenlinea.com\\\/blog\\\/#website\"},\"primaryImageOfPage\":{\"@id\":\"https:\\\/\\\/amautaenlinea.com\\\/blog\\\/minedu-cuando-iniciara-el-ano-escolar-2021-en-los-colegios-ante-la-segunda-ola-que-se-vive-actualmente\\\/#primaryimage\"},\"image\":{\"@id\":\"https:\\\/\\\/amautaenlinea.com\\\/blog\\\/minedu-cuando-iniciara-el-ano-escolar-2021-en-los-colegios-ante-la-segunda-ola-que-se-vive-actualmente\\\/#primaryimage\"},\"thumbnailUrl\":\"https:\\\/\\\/amautaenlinea.com\\\/blog\\\/wp-content\\\/uploads\\\/2021\\\/02\\\/Cuando-iniciara-el-ano-escolar-2021-en-los-colegios-ante-la-segunda-ola-que-se-vive-actualmente.jpg\",\"datePublished\":\"2021-02-01T11:00:52+00:00\",\"dateModified\":\"2021-02-01T11:00:55+00:00\",\"description\":\"\u27a8\",\"breadcrumb\":{\"@id\":\"https:\\\/\\\/amautaenlinea.com\\\/blog\\\/minedu-cuando-iniciara-el-ano-escolar-2021-en-los-colegios-ante-la-segunda-ola-que-se-vive-actualmente\\\/#breadcrumb\"},\"inLanguage\":\"es\",\"potentialAction\":[{\"@type\":\"ReadAction\",\"target\":[\"https:\\\/\\\/amautaenlinea.com\\\/blog\\\/minedu-cuando-iniciara-el-ano-escolar-2021-en-los-colegios-ante-la-segunda-ola-que-se-vive-actualmente\\\/\"]}]},{\"@type\":\"ImageObject\",\"inLanguage\":\"es\",\"@id\":\"https:\\\/\\\/amautaenlinea.com\\\/blog\\\/minedu-cuando-iniciara-el-ano-escolar-2021-en-los-colegios-ante-la-segunda-ola-que-se-vive-actualmente\\\/#primaryimage\",\"url\":\"https:\\\/\\\/amautaenlinea.com\\\/blog\\\/wp-content\\\/uploads\\\/2021\\\/02\\\/Cuando-iniciara-el-ano-escolar-2021-en-los-colegios-ante-la-segunda-ola-que-se-vive-actualmente.jpg\",\"contentUrl\":\"https:\\\/\\\/amautaenlinea.com\\\/blog\\\/wp-content\\\/uploads\\\/2021\\\/02\\\/Cuando-iniciara-el-ano-escolar-2021-en-los-colegios-ante-la-segunda-ola-que-se-vive-actualmente.jpg\",\"width\":1280,\"height\":720},{\"@type\":\"BreadcrumbList\",\"@id\":\"https:\\\/\\\/amautaenlinea.com\\\/blog\\\/minedu-cuando-iniciara-el-ano-escolar-2021-en-los-colegios-ante-la-segunda-ola-que-se-vive-actualmente\\\/#breadcrumb\",\"itemListElement\":[{\"@type\":\"ListItem\",\"position\":1,\"name\":\"Portada\",\"item\":\"https:\\\/\\\/amautaenlinea.com\\\/blog\\\/\"},{\"@type\":\"ListItem\",\"position\":2,\"name\":\"Minedu: \u00bfCu\u00e1ndo iniciar\u00e1 el a\u00f1o escolar 2021 en los colegios ante la segunda ola que se vive actualmente?\"}]},{\"@type\":\"WebSite\",\"@id\":\"https:\\\/\\\/amautaenlinea.com\\\/blog\\\/#website\",\"url\":\"https:\\\/\\\/amautaenlinea.com\\\/blog\\\/\",\"name\":\"Grupo AMAUTA\",\"description\":\"\",\"publisher\":{\"@id\":\"https:\\\/\\\/amautaenlinea.com\\\/blog\\\/#organization\"},\"potentialAction\":[{\"@type\":\"SearchAction\",\"target\":{\"@type\":\"EntryPoint\",\"urlTemplate\":\"https:\\\/\\\/amautaenlinea.com\\\/blog\\\/?s={search_term_string}\"},\"query-input\":{\"@type\":\"PropertyValueSpecification\",\"valueRequired\":true,\"valueName\":\"search_term_string\"}}],\"inLanguage\":\"es\"},{\"@type\":\"Organization\",\"@id\":\"https:\\\/\\\/amautaenlinea.com\\\/blog\\\/#organization\",\"name\":\"Grupo AMAUTA E-BUSINESS\",\"url\":\"https:\\\/\\\/amautaenlinea.com\\\/blog\\\/\",\"logo\":{\"@type\":\"ImageObject\",\"inLanguage\":\"es\",\"@id\":\"https:\\\/\\\/amautaenlinea.com\\\/blog\\\/#\\\/schema\\\/logo\\\/image\\\/\",\"url\":\"https:\\\/\\\/amautaenlinea.com\\\/blog\\\/wp-content\\\/uploads\\\/2023\\\/09\\\/logo-amauta.png\",\"contentUrl\":\"https:\\\/\\\/amautaenlinea.com\\\/blog\\\/wp-content\\\/uploads\\\/2023\\\/09\\\/logo-amauta.png\",\"width\":1124,\"height\":368,\"caption\":\"Grupo AMAUTA E-BUSINESS\"},\"image\":{\"@id\":\"https:\\\/\\\/amautaenlinea.com\\\/blog\\\/#\\\/schema\\\/logo\\\/image\\\/\"},\"sameAs\":[\"https:\\\/\\\/www.facebook.com\\\/amautaperu.org\\\/\"]},{\"@type\":\"Person\",\"@id\":\"https:\\\/\\\/amautaenlinea.com\\\/blog\\\/#\\\/schema\\\/person\\\/d8d4b5d672e9edb72a6f23fd40dd31d5\",\"name\":\"Grupo AMAUTA EBUSINESS\",\"image\":{\"@type\":\"ImageObject\",\"inLanguage\":\"es\",\"@id\":\"https:\\\/\\\/secure.gravatar.com\\\/avatar\\\/97706b54c222a710310e2db50e02e68de0a4c8bb76654bcc4053b08241c6bd6c?s=96&d=mm&r=g\",\"url\":\"https:\\\/\\\/secure.gravatar.com\\\/avatar\\\/97706b54c222a710310e2db50e02e68de0a4c8bb76654bcc4053b08241c6bd6c?s=96&d=mm&r=g\",\"contentUrl\":\"https:\\\/\\\/secure.gravatar.com\\\/avatar\\\/97706b54c222a710310e2db50e02e68de0a4c8bb76654bcc4053b08241c6bd6c?s=96&d=mm&r=g\",\"caption\":\"Grupo AMAUTA EBUSINESS\"}}]}<\/script>\n<!-- \/ Yoast SEO Premium plugin. -->","yoast_head_json":{"title":"\u25b7 Minedu: \u00bfCu\u00e1ndo iniciar\u00e1 el a\u00f1o escolar 2021 en los colegios ante la segunda ola que se vive actualmente? \u2705","description":"\u27a8","robots":{"index":"index","follow":"follow","max-snippet":"max-snippet:-1","max-image-preview":"max-image-preview:large","max-video-preview":"max-video-preview:-1"},"canonical":"https:\/\/amautaenlinea.com\/blog\/minedu-cuando-iniciara-el-ano-escolar-2021-en-los-colegios-ante-la-segunda-ola-que-se-vive-actualmente\/","og_locale":"es_ES","og_type":"article","og_title":"Minedu: \u00bfCu\u00e1ndo iniciar\u00e1 el a\u00f1o escolar 2021 en los colegios ante la segunda ola que se vive actualmente?","og_description":"\u27a8","og_url":"https:\/\/amautaenlinea.com\/blog\/minedu-cuando-iniciara-el-ano-escolar-2021-en-los-colegios-ante-la-segunda-ola-que-se-vive-actualmente\/","og_site_name":"Grupo AMAUTA","article_publisher":"https:\/\/www.facebook.com\/amautaperu.org\/","article_published_time":"2021-02-01T11:00:52+00:00","article_modified_time":"2021-02-01T11:00:55+00:00","og_image":[{"width":1280,"height":720,"url":"https:\/\/amautaenlinea.com\/blog\/wp-content\/uploads\/2021\/02\/Cuando-iniciara-el-ano-escolar-2021-en-los-colegios-ante-la-segunda-ola-que-se-vive-actualmente.jpg","type":"image\/jpeg"}],"author":"Grupo AMAUTA EBUSINESS","twitter_card":"summary_large_image","schema":{"@context":"https:\/\/schema.org","@graph":[{"@type":"Article","@id":"https:\/\/amautaenlinea.com\/blog\/minedu-cuando-iniciara-el-ano-escolar-2021-en-los-colegios-ante-la-segunda-ola-que-se-vive-actualmente\/#article","isPartOf":{"@id":"https:\/\/amautaenlinea.com\/blog\/minedu-cuando-iniciara-el-ano-escolar-2021-en-los-colegios-ante-la-segunda-ola-que-se-vive-actualmente\/"},"author":{"name":"Grupo AMAUTA EBUSINESS","@id":"https:\/\/amautaenlinea.com\/blog\/#\/schema\/person\/d8d4b5d672e9edb72a6f23fd40dd31d5"},"headline":"Minedu: \u00bfCu\u00e1ndo iniciar\u00e1 el a\u00f1o escolar 2021 en los colegios ante la segunda ola que se vive actualmente?","datePublished":"2021-02-01T11:00:52+00:00","dateModified":"2021-02-01T11:00:55+00:00","mainEntityOfPage":{"@id":"https:\/\/amautaenlinea.com\/blog\/minedu-cuando-iniciara-el-ano-escolar-2021-en-los-colegios-ante-la-segunda-ola-que-se-vive-actualmente\/"},"wordCount":892,"commentCount":0,"publisher":{"@id":"https:\/\/amautaenlinea.com\/blog\/#organization"},"image":{"@id":"https:\/\/amautaenlinea.com\/blog\/minedu-cuando-iniciara-el-ano-escolar-2021-en-los-colegios-ante-la-segunda-ola-que-se-vive-actualmente\/#primaryimage"},"thumbnailUrl":"https:\/\/amautaenlinea.com\/blog\/wp-content\/uploads\/2021\/02\/Cuando-iniciara-el-ano-escolar-2021-en-los-colegios-ante-la-segunda-ola-que-se-vive-actualmente.jpg","articleSection":["Educaci\u00f3n"],"inLanguage":"es","potentialAction":[{"@type":"CommentAction","name":"Comment","target":["https:\/\/amautaenlinea.com\/blog\/minedu-cuando-iniciara-el-ano-escolar-2021-en-los-colegios-ante-la-segunda-ola-que-se-vive-actualmente\/#respond"]}],"copyrightYear":"2021","copyrightHolder":{"@id":"https:\/\/amautaenlinea.com\/blog\/#organization"}},{"@type":"WebPage","@id":"https:\/\/amautaenlinea.com\/blog\/minedu-cuando-iniciara-el-ano-escolar-2021-en-los-colegios-ante-la-segunda-ola-que-se-vive-actualmente\/","url":"https:\/\/amautaenlinea.com\/blog\/minedu-cuando-iniciara-el-ano-escolar-2021-en-los-colegios-ante-la-segunda-ola-que-se-vive-actualmente\/","name":"\u25b7 Minedu: \u00bfCu\u00e1ndo iniciar\u00e1 el a\u00f1o escolar 2021 en los colegios ante la segunda ola que se vive actualmente? \u2705","isPartOf":{"@id":"https:\/\/amautaenlinea.com\/blog\/#website"},"primaryImageOfPage":{"@id":"https:\/\/amautaenlinea.com\/blog\/minedu-cuando-iniciara-el-ano-escolar-2021-en-los-colegios-ante-la-segunda-ola-que-se-vive-actualmente\/#primaryimage"},"image":{"@id":"https:\/\/amautaenlinea.com\/blog\/minedu-cuando-iniciara-el-ano-escolar-2021-en-los-colegios-ante-la-segunda-ola-que-se-vive-actualmente\/#primaryimage"},"thumbnailUrl":"https:\/\/amautaenlinea.com\/blog\/wp-content\/uploads\/2021\/02\/Cuando-iniciara-el-ano-escolar-2021-en-los-colegios-ante-la-segunda-ola-que-se-vive-actualmente.jpg","datePublished":"2021-02-01T11:00:52+00:00","dateModified":"2021-02-01T11:00:55+00:00","description":"\u27a8","breadcrumb":{"@id":"https:\/\/amautaenlinea.com\/blog\/minedu-cuando-iniciara-el-ano-escolar-2021-en-los-colegios-ante-la-segunda-ola-que-se-vive-actualmente\/#breadcrumb"},"inLanguage":"es","potentialAction":[{"@type":"ReadAction","target":["https:\/\/amautaenlinea.com\/blog\/minedu-cuando-iniciara-el-ano-escolar-2021-en-los-colegios-ante-la-segunda-ola-que-se-vive-actualmente\/"]}]},{"@type":"ImageObject","inLanguage":"es","@id":"https:\/\/amautaenlinea.com\/blog\/minedu-cuando-iniciara-el-ano-escolar-2021-en-los-colegios-ante-la-segunda-ola-que-se-vive-actualmente\/#primaryimage","url":"https:\/\/amautaenlinea.com\/blog\/wp-content\/uploads\/2021\/02\/Cuando-iniciara-el-ano-escolar-2021-en-los-colegios-ante-la-segunda-ola-que-se-vive-actualmente.jpg","contentUrl":"https:\/\/amautaenlinea.com\/blog\/wp-content\/uploads\/2021\/02\/Cuando-iniciara-el-ano-escolar-2021-en-los-colegios-ante-la-segunda-ola-que-se-vive-actualmente.jpg","width":1280,"height":720},{"@type":"BreadcrumbList","@id":"https:\/\/amautaenlinea.com\/blog\/minedu-cuando-iniciara-el-ano-escolar-2021-en-los-colegios-ante-la-segunda-ola-que-se-vive-actualmente\/#breadcrumb","itemListElement":[{"@type":"ListItem","position":1,"name":"Portada","item":"https:\/\/amautaenlinea.com\/blog\/"},{"@type":"ListItem","position":2,"name":"Minedu: \u00bfCu\u00e1ndo iniciar\u00e1 el a\u00f1o escolar 2021 en los colegios ante la segunda ola que se vive actualmente?"}]},{"@type":"WebSite","@id":"https:\/\/amautaenlinea.com\/blog\/#website","url":"https:\/\/amautaenlinea.com\/blog\/","name":"Grupo AMAUTA","description":"","publisher":{"@id":"https:\/\/amautaenlinea.com\/blog\/#organization"},"potentialAction":[{"@type":"SearchAction","target":{"@type":"EntryPoint","urlTemplate":"https:\/\/amautaenlinea.com\/blog\/?s={search_term_string}"},"query-input":{"@type":"PropertyValueSpecification","valueRequired":true,"valueName":"search_term_string"}}],"inLanguage":"es"},{"@type":"Organization","@id":"https:\/\/amautaenlinea.com\/blog\/#organization","name":"Grupo AMAUTA E-BUSINESS","url":"https:\/\/amautaenlinea.com\/blog\/","logo":{"@type":"ImageObject","inLanguage":"es","@id":"https:\/\/amautaenlinea.com\/blog\/#\/schema\/logo\/image\/","url":"https:\/\/amautaenlinea.com\/blog\/wp-content\/uploads\/2023\/09\/logo-amauta.png","contentUrl":"https:\/\/amautaenlinea.com\/blog\/wp-content\/uploads\/2023\/09\/logo-amauta.png","width":1124,"height":368,"caption":"Grupo AMAUTA E-BUSINESS"},"image":{"@id":"https:\/\/amautaenlinea.com\/blog\/#\/schema\/logo\/image\/"},"sameAs":["https:\/\/www.facebook.com\/amautaperu.org\/"]},{"@type":"Person","@id":"https:\/\/amautaenlinea.com\/blog\/#\/schema\/person\/d8d4b5d672e9edb72a6f23fd40dd31d5","name":"Grupo AMAUTA EBUSINESS","image":{"@type":"ImageObject","inLanguage":"es","@id":"https:\/\/secure.gravatar.com\/avatar\/97706b54c222a710310e2db50e02e68de0a4c8bb76654bcc4053b08241c6bd6c?s=96&d=mm&r=g","url":"https:\/\/secure.gravatar.com\/avatar\/97706b54c222a710310e2db50e02e68de0a4c8bb76654bcc4053b08241c6bd6c?s=96&d=mm&r=g","contentUrl":"https:\/\/secure.gravatar.com\/avatar\/97706b54c222a710310e2db50e02e68de0a4c8bb76654bcc4053b08241c6bd6c?s=96&d=mm&r=g","caption":"Grupo AMAUTA EBUSINESS"}}]}},"_links":{"self":[{"href":"https:\/\/amautaenlinea.com\/blog\/wp-json\/wp\/v2\/posts\/6481","targetHints":{"allow":["GET"]}}],"collection":[{"href":"https:\/\/amautaenlinea.com\/blog\/wp-json\/wp\/v2\/posts"}],"about":[{"href":"https:\/\/amautaenlinea.com\/blog\/wp-json\/wp\/v2\/types\/post"}],"author":[{"embeddable":true,"href":"https:\/\/amautaenlinea.com\/blog\/wp-json\/wp\/v2\/users\/1"}],"replies":[{"embeddable":true,"href":"https:\/\/amautaenlinea.com\/blog\/wp-json\/wp\/v2\/comments?post=6481"}],"version-history":[{"count":0,"href":"https:\/\/amautaenlinea.com\/blog\/wp-json\/wp\/v2\/posts\/6481\/revisions"}],"wp:featuredmedia":[{"embeddable":true,"href":"https:\/\/amautaenlinea.com\/blog\/wp-json\/wp\/v2\/media\/6482"}],"wp:attachment":[{"href":"https:\/\/amautaenlinea.com\/blog\/wp-json\/wp\/v2\/media?parent=6481"}],"wp:term":[{"taxonomy":"category","embeddable":true,"href":"https:\/\/amautaenlinea.com\/blog\/wp-json\/wp\/v2\/categories?post=6481"},{"taxonomy":"post_tag","embeddable":true,"href":"https:\/\/amautaenlinea.com\/blog\/wp-json\/wp\/v2\/tags?post=6481"}],"curies":[{"name":"wp","href":"https:\/\/api.w.org\/{rel}","templated":true}]}}