{"id":6455,"date":"2021-01-28T11:26:21","date_gmt":"2021-01-28T11:26:21","guid":{"rendered":"https:\/\/amautaenlinea.com\/blog\/?p=6455"},"modified":"2021-01-28T11:26:24","modified_gmt":"2021-01-28T11:26:24","slug":"minedu-disposiciones-para-la-implementacion-de-las-intervenciones-y-acciones-pedagogicas-del-ministerio-de-educacion-en-los-gobiernos-regionales-y-lima-metropolitana-en-el-ano-fiscal-2021","status":"publish","type":"post","link":"https:\/\/amautaenlinea.com\/blog\/minedu-disposiciones-para-la-implementacion-de-las-intervenciones-y-acciones-pedagogicas-del-ministerio-de-educacion-en-los-gobiernos-regionales-y-lima-metropolitana-en-el-ano-fiscal-2021\/","title":{"rendered":"Minedu| \u201cDisposiciones para la implementaci\u00f3n de las intervenciones y acciones pedag\u00f3gicas del Ministerio de Educaci\u00f3n en los Gobiernos Regionales y Lima Metropolitana en el A\u00f1o Fiscal 2021\u201d"},"content":{"rendered":"\n<h2 class=\"wp-block-heading\">RESOLUCI\u00d3N MINISTERIAL<\/h2>\n\n\n\n<h2 class=\"wp-block-heading\">N\u00ba 043-2021-MINEDU<\/h2>\n\n\n\n<p>Lima, 27 de enero de 2021<\/p>\n\n\n\n<p>Que, seg\u00fan lo dispuesto por el numeral 41.2 del art\u00edculo 41 de la Ley, las modificaciones presupuestarias autorizadas para el financiamiento de las intervenciones y acciones pedag\u00f3gicas a las que se refiere el precitado numeral 41.1 se efect\u00faan progresivamente y en etapas hasta el 20 de agosto de 2021; asimismo, cada transferencia de partidas a favor de los Gobiernos Regionales se efect\u00faa en base a los resultados de la ejecuci\u00f3n de los recursos asignados en el presupuesto institucional de los Gobiernos Regionales y de la ejecuci\u00f3n de la \u00faltima transferencia efectuada para las mencionadas intervenciones y acciones pedag\u00f3gicas, salvo la primera transferencia que se realiza sobre los recursos asignados en el presupuesto institucional de los Gobiernos Regionales y\/o su ejecuci\u00f3n, y conforme a las condiciones o disposiciones complementarias para la transferencia y ejecuci\u00f3n de los recursos que apruebe el Ministerio de Educaci\u00f3n, en el marco de la normatividad de la materia, en un plazo que no exceda de los setenta (70) d\u00edas calendario contados a partir de la vigencia de la Ley;<\/p>\n\n\n\n<p>Que, conforme a lo se\u00f1alado por el numeral 41.4 del art\u00edculo 41 de la Ley, el Ministerio de Educaci\u00f3n aprueba, seg\u00fan corresponda, las disposiciones que resulten necesarias para la aplicaci\u00f3n de las intervenciones y acciones pedag\u00f3gicas a que se refiere el precitado numeral 41.1, en un plazo que no exceda de los cuarenta (40) d\u00edas calendario contados a partir de la vigencia de la Ley;<\/p>\n\n\n\n<p>Que, por su parte, el numeral 41.5 del art\u00edculo 41 de la Ley, se\u00f1ala que el Ministerio de Educaci\u00f3n puede realizar modificaciones presupuestarias en el nivel institucional a favor de los Gobiernos Regionales con cargo a los recursos se\u00f1alados en el numeral 41.1 y lo dispuesto en el numeral 41.2, para la implementaci\u00f3n de intervenciones y\/o acciones pedag\u00f3gicas vinculadas a la nivelaci\u00f3n de aprendizajes, deserci\u00f3n escolar y servicio educativo no presencial o remoto;<\/p>\n\n\n\n<h2 class=\"wp-block-heading\">SE RESUELVE:<\/h2>\n\n\n\n<p><strong>Art\u00edculo 1.-&nbsp;<\/strong>Aprobar la Norma T\u00e9cnica denominada \u201cDisposiciones para la implementaci\u00f3n de las intervenciones y acciones pedag\u00f3gicas del Ministerio de Educaci\u00f3n en los Gobiernos Regionales y Lima Metropolitana en el A\u00f1o Fiscal 2021\u201d, la misma que, como anexo, forma parte de la presente resoluci\u00f3n.<\/p>\n\n\n\n<p><strong>Art\u00edculo 2.-&nbsp;<\/strong>Disponer la publicaci\u00f3n de la presente resoluci\u00f3n y su anexo, en el Sistema de Informaci\u00f3n Jur\u00eddica de Educaci\u00f3n (SIJE), ubicado en el portal institucional del Ministerio de Educaci\u00f3n (www.gob.pe\/minedu), el mismo d\u00eda de la publicaci\u00f3n de la presente resoluci\u00f3n en el diario oficial \u201cEl Peruano\u201d.<\/p>\n\n\n\n<p>Reg\u00edstrese, comun\u00edquese y publ\u00edquese.<\/p>\n\n\n\n<p>RICARDO DAVID CUENCA PAREJA<\/p>\n\n\n\n<p>Ministro de Educaci\u00f3n<\/p>\n\n\n\n<p><strong>1923439-1<\/strong><\/p>\n\n\n\n<h3 class=\"wp-block-heading\">Haga clic en el bot\u00f3n descargar para ver la normativa oficial<\/h3>\n\n\n\n<div class=\"wp-block-file\"><a href=\"https:\/\/amautaenlinea.com\/blog\/wp-content\/uploads\/2021\/01\/aprueban-la-norma-tecnica-denominada-disposiciones-para-la-resolucion-ministerial-n-043-2021-minedu-1923439-1.pdf\">Aprueban-la-norma-tecnica-denominada-disposiciones-para-la-resolucion-ministerial-n-043-2021-minedu-1923439-1<\/a><a href=\"https:\/\/amautaenlinea.com\/blog\/wp-content\/uploads\/2021\/01\/aprueban-la-norma-tecnica-denominada-disposiciones-para-la-resolucion-ministerial-n-043-2021-minedu-1923439-1.pdf\" class=\"wp-block-file__button\" download>Descargar<\/a><\/div>\n\n\n\n<p><\/p>\n","protected":false},"excerpt":{"rendered":"<p>RESOLUCI\u00d3N MINISTERIAL N\u00ba 043-2021-MINEDU Lima, 27 de enero de 2021 Que, seg\u00fan lo dispuesto por el numeral 41.2 del art\u00edculo 41 de la Ley,<\/p>\n","protected":false},"author":1,"featured_media":6457,"comment_status":"open","ping_status":"open","sticky":false,"template":"","format":"standard","meta":{"footnotes":""},"categories":[4],"tags":[],"class_list":["post-6455","post","type-post","status-publish","format-standard","has-post-thumbnail","hentry","category-educacion"],"yoast_head":"<!-- This site is optimized with the Yoast SEO Premium plugin v21.2 (Yoast SEO v27.5) - https:\/\/yoast.com\/product\/yoast-seo-premium-wordpress\/ -->\n<title>\u25b7 Minedu| \u201cDisposiciones para la implementaci\u00f3n de las intervenciones y acciones pedag\u00f3gicas del Ministerio de Educaci\u00f3n en los Gobiernos Regionales y Lima Metropolitana en el A\u00f1o Fiscal 2021\u201d \u2705<\/title>\n<meta name=\"description\" content=\"\u27a8\" \/>\n<meta name=\"robots\" content=\"index, follow, max-snippet:-1, max-image-preview:large, max-video-preview:-1\" \/>\n<link rel=\"canonical\" href=\"https:\/\/amautaenlinea.com\/blog\/minedu-disposiciones-para-la-implementacion-de-las-intervenciones-y-acciones-pedagogicas-del-ministerio-de-educacion-en-los-gobiernos-regionales-y-lima-metropolitana-en-el-ano-fiscal-2021\/\" \/>\n<meta property=\"og:locale\" content=\"es_ES\" \/>\n<meta property=\"og:type\" content=\"article\" \/>\n<meta property=\"og:title\" content=\"Minedu| \u201cDisposiciones para la implementaci\u00f3n de las intervenciones y acciones pedag\u00f3gicas del Ministerio de Educaci\u00f3n en los Gobiernos Regionales y Lima Metropolitana en el A\u00f1o Fiscal 2021\u201d\" \/>\n<meta property=\"og:description\" content=\"\u27a8\" \/>\n<meta property=\"og:url\" content=\"https:\/\/amautaenlinea.com\/blog\/minedu-disposiciones-para-la-implementacion-de-las-intervenciones-y-acciones-pedagogicas-del-ministerio-de-educacion-en-los-gobiernos-regionales-y-lima-metropolitana-en-el-ano-fiscal-2021\/\" \/>\n<meta property=\"og:site_name\" content=\"Grupo AMAUTA\" \/>\n<meta property=\"article:publisher\" content=\"https:\/\/www.facebook.com\/amautaperu.org\/\" \/>\n<meta property=\"article:published_time\" content=\"2021-01-28T11:26:21+00:00\" \/>\n<meta property=\"article:modified_time\" content=\"2021-01-28T11:26:24+00:00\" \/>\n<meta property=\"og:image\" content=\"https:\/\/amautaenlinea.com\/blog\/wp-content\/uploads\/2021\/01\/Disposiciones-para-la-implementacion-de-las-intervenciones-y-acciones-pedagogicas-del-Ministerio-de-Educacion-en-los-Gobiernos-Regionales-y-Lima-Metropolitana-en-el-Ano-Fiscal-2021.jpg\" \/>\n\t<meta property=\"og:image:width\" content=\"1280\" \/>\n\t<meta property=\"og:image:height\" content=\"720\" \/>\n\t<meta property=\"og:image:type\" content=\"image\/jpeg\" \/>\n<meta name=\"author\" content=\"Grupo AMAUTA EBUSINESS\" \/>\n<meta name=\"twitter:card\" content=\"summary_large_image\" \/>\n<script type=\"application\/ld+json\" class=\"yoast-schema-graph\">{\"@context\":\"https:\\\/\\\/schema.org\",\"@graph\":[{\"@type\":\"Article\",\"@id\":\"https:\\\/\\\/amautaenlinea.com\\\/blog\\\/minedu-disposiciones-para-la-implementacion-de-las-intervenciones-y-acciones-pedagogicas-del-ministerio-de-educacion-en-los-gobiernos-regionales-y-lima-metropolitana-en-el-ano-fiscal-2021\\\/#article\",\"isPartOf\":{\"@id\":\"https:\\\/\\\/amautaenlinea.com\\\/blog\\\/minedu-disposiciones-para-la-implementacion-de-las-intervenciones-y-acciones-pedagogicas-del-ministerio-de-educacion-en-los-gobiernos-regionales-y-lima-metropolitana-en-el-ano-fiscal-2021\\\/\"},\"author\":{\"name\":\"Grupo AMAUTA EBUSINESS\",\"@id\":\"https:\\\/\\\/amautaenlinea.com\\\/blog\\\/#\\\/schema\\\/person\\\/d8d4b5d672e9edb72a6f23fd40dd31d5\"},\"headline\":\"Minedu| \u201cDisposiciones para la implementaci\u00f3n de las intervenciones y acciones pedag\u00f3gicas del Ministerio de Educaci\u00f3n en los Gobiernos Regionales y Lima Metropolitana en el A\u00f1o Fiscal 2021\u201d\",\"datePublished\":\"2021-01-28T11:26:21+00:00\",\"dateModified\":\"2021-01-28T11:26:24+00:00\",\"mainEntityOfPage\":{\"@id\":\"https:\\\/\\\/amautaenlinea.com\\\/blog\\\/minedu-disposiciones-para-la-implementacion-de-las-intervenciones-y-acciones-pedagogicas-del-ministerio-de-educacion-en-los-gobiernos-regionales-y-lima-metropolitana-en-el-ano-fiscal-2021\\\/\"},\"wordCount\":512,\"commentCount\":0,\"publisher\":{\"@id\":\"https:\\\/\\\/amautaenlinea.com\\\/blog\\\/#organization\"},\"image\":{\"@id\":\"https:\\\/\\\/amautaenlinea.com\\\/blog\\\/minedu-disposiciones-para-la-implementacion-de-las-intervenciones-y-acciones-pedagogicas-del-ministerio-de-educacion-en-los-gobiernos-regionales-y-lima-metropolitana-en-el-ano-fiscal-2021\\\/#primaryimage\"},\"thumbnailUrl\":\"https:\\\/\\\/amautaenlinea.com\\\/blog\\\/wp-content\\\/uploads\\\/2021\\\/01\\\/Disposiciones-para-la-implementacion-de-las-intervenciones-y-acciones-pedagogicas-del-Ministerio-de-Educacion-en-los-Gobiernos-Regionales-y-Lima-Metropolitana-en-el-Ano-Fiscal-2021.jpg\",\"articleSection\":[\"Educaci\u00f3n\"],\"inLanguage\":\"es\",\"potentialAction\":[{\"@type\":\"CommentAction\",\"name\":\"Comment\",\"target\":[\"https:\\\/\\\/amautaenlinea.com\\\/blog\\\/minedu-disposiciones-para-la-implementacion-de-las-intervenciones-y-acciones-pedagogicas-del-ministerio-de-educacion-en-los-gobiernos-regionales-y-lima-metropolitana-en-el-ano-fiscal-2021\\\/#respond\"]}],\"copyrightYear\":\"2021\",\"copyrightHolder\":{\"@id\":\"https:\\\/\\\/amautaenlinea.com\\\/blog\\\/#organization\"}},{\"@type\":\"WebPage\",\"@id\":\"https:\\\/\\\/amautaenlinea.com\\\/blog\\\/minedu-disposiciones-para-la-implementacion-de-las-intervenciones-y-acciones-pedagogicas-del-ministerio-de-educacion-en-los-gobiernos-regionales-y-lima-metropolitana-en-el-ano-fiscal-2021\\\/\",\"url\":\"https:\\\/\\\/amautaenlinea.com\\\/blog\\\/minedu-disposiciones-para-la-implementacion-de-las-intervenciones-y-acciones-pedagogicas-del-ministerio-de-educacion-en-los-gobiernos-regionales-y-lima-metropolitana-en-el-ano-fiscal-2021\\\/\",\"name\":\"\u25b7 Minedu| \u201cDisposiciones para la implementaci\u00f3n de las intervenciones y acciones pedag\u00f3gicas del Ministerio de Educaci\u00f3n en los Gobiernos Regionales y Lima Metropolitana en el A\u00f1o Fiscal 2021\u201d \u2705\",\"isPartOf\":{\"@id\":\"https:\\\/\\\/amautaenlinea.com\\\/blog\\\/#website\"},\"primaryImageOfPage\":{\"@id\":\"https:\\\/\\\/amautaenlinea.com\\\/blog\\\/minedu-disposiciones-para-la-implementacion-de-las-intervenciones-y-acciones-pedagogicas-del-ministerio-de-educacion-en-los-gobiernos-regionales-y-lima-metropolitana-en-el-ano-fiscal-2021\\\/#primaryimage\"},\"image\":{\"@id\":\"https:\\\/\\\/amautaenlinea.com\\\/blog\\\/minedu-disposiciones-para-la-implementacion-de-las-intervenciones-y-acciones-pedagogicas-del-ministerio-de-educacion-en-los-gobiernos-regionales-y-lima-metropolitana-en-el-ano-fiscal-2021\\\/#primaryimage\"},\"thumbnailUrl\":\"https:\\\/\\\/amautaenlinea.com\\\/blog\\\/wp-content\\\/uploads\\\/2021\\\/01\\\/Disposiciones-para-la-implementacion-de-las-intervenciones-y-acciones-pedagogicas-del-Ministerio-de-Educacion-en-los-Gobiernos-Regionales-y-Lima-Metropolitana-en-el-Ano-Fiscal-2021.jpg\",\"datePublished\":\"2021-01-28T11:26:21+00:00\",\"dateModified\":\"2021-01-28T11:26:24+00:00\",\"description\":\"\u27a8\",\"breadcrumb\":{\"@id\":\"https:\\\/\\\/amautaenlinea.com\\\/blog\\\/minedu-disposiciones-para-la-implementacion-de-las-intervenciones-y-acciones-pedagogicas-del-ministerio-de-educacion-en-los-gobiernos-regionales-y-lima-metropolitana-en-el-ano-fiscal-2021\\\/#breadcrumb\"},\"inLanguage\":\"es\",\"potentialAction\":[{\"@type\":\"ReadAction\",\"target\":[\"https:\\\/\\\/amautaenlinea.com\\\/blog\\\/minedu-disposiciones-para-la-implementacion-de-las-intervenciones-y-acciones-pedagogicas-del-ministerio-de-educacion-en-los-gobiernos-regionales-y-lima-metropolitana-en-el-ano-fiscal-2021\\\/\"]}]},{\"@type\":\"ImageObject\",\"inLanguage\":\"es\",\"@id\":\"https:\\\/\\\/amautaenlinea.com\\\/blog\\\/minedu-disposiciones-para-la-implementacion-de-las-intervenciones-y-acciones-pedagogicas-del-ministerio-de-educacion-en-los-gobiernos-regionales-y-lima-metropolitana-en-el-ano-fiscal-2021\\\/#primaryimage\",\"url\":\"https:\\\/\\\/amautaenlinea.com\\\/blog\\\/wp-content\\\/uploads\\\/2021\\\/01\\\/Disposiciones-para-la-implementacion-de-las-intervenciones-y-acciones-pedagogicas-del-Ministerio-de-Educacion-en-los-Gobiernos-Regionales-y-Lima-Metropolitana-en-el-Ano-Fiscal-2021.jpg\",\"contentUrl\":\"https:\\\/\\\/amautaenlinea.com\\\/blog\\\/wp-content\\\/uploads\\\/2021\\\/01\\\/Disposiciones-para-la-implementacion-de-las-intervenciones-y-acciones-pedagogicas-del-Ministerio-de-Educacion-en-los-Gobiernos-Regionales-y-Lima-Metropolitana-en-el-Ano-Fiscal-2021.jpg\",\"width\":1280,\"height\":720},{\"@type\":\"BreadcrumbList\",\"@id\":\"https:\\\/\\\/amautaenlinea.com\\\/blog\\\/minedu-disposiciones-para-la-implementacion-de-las-intervenciones-y-acciones-pedagogicas-del-ministerio-de-educacion-en-los-gobiernos-regionales-y-lima-metropolitana-en-el-ano-fiscal-2021\\\/#breadcrumb\",\"itemListElement\":[{\"@type\":\"ListItem\",\"position\":1,\"name\":\"Portada\",\"item\":\"https:\\\/\\\/amautaenlinea.com\\\/blog\\\/\"},{\"@type\":\"ListItem\",\"position\":2,\"name\":\"Minedu| \u201cDisposiciones para la implementaci\u00f3n de las intervenciones y acciones pedag\u00f3gicas del Ministerio de Educaci\u00f3n en los Gobiernos Regionales y Lima Metropolitana en el A\u00f1o Fiscal 2021\u201d\"}]},{\"@type\":\"WebSite\",\"@id\":\"https:\\\/\\\/amautaenlinea.com\\\/blog\\\/#website\",\"url\":\"https:\\\/\\\/amautaenlinea.com\\\/blog\\\/\",\"name\":\"Grupo AMAUTA\",\"description\":\"\",\"publisher\":{\"@id\":\"https:\\\/\\\/amautaenlinea.com\\\/blog\\\/#organization\"},\"potentialAction\":[{\"@type\":\"SearchAction\",\"target\":{\"@type\":\"EntryPoint\",\"urlTemplate\":\"https:\\\/\\\/amautaenlinea.com\\\/blog\\\/?s={search_term_string}\"},\"query-input\":{\"@type\":\"PropertyValueSpecification\",\"valueRequired\":true,\"valueName\":\"search_term_string\"}}],\"inLanguage\":\"es\"},{\"@type\":\"Organization\",\"@id\":\"https:\\\/\\\/amautaenlinea.com\\\/blog\\\/#organization\",\"name\":\"Grupo AMAUTA E-BUSINESS\",\"url\":\"https:\\\/\\\/amautaenlinea.com\\\/blog\\\/\",\"logo\":{\"@type\":\"ImageObject\",\"inLanguage\":\"es\",\"@id\":\"https:\\\/\\\/amautaenlinea.com\\\/blog\\\/#\\\/schema\\\/logo\\\/image\\\/\",\"url\":\"https:\\\/\\\/amautaenlinea.com\\\/blog\\\/wp-content\\\/uploads\\\/2023\\\/09\\\/logo-amauta.png\",\"contentUrl\":\"https:\\\/\\\/amautaenlinea.com\\\/blog\\\/wp-content\\\/uploads\\\/2023\\\/09\\\/logo-amauta.png\",\"width\":1124,\"height\":368,\"caption\":\"Grupo AMAUTA E-BUSINESS\"},\"image\":{\"@id\":\"https:\\\/\\\/amautaenlinea.com\\\/blog\\\/#\\\/schema\\\/logo\\\/image\\\/\"},\"sameAs\":[\"https:\\\/\\\/www.facebook.com\\\/amautaperu.org\\\/\"]},{\"@type\":\"Person\",\"@id\":\"https:\\\/\\\/amautaenlinea.com\\\/blog\\\/#\\\/schema\\\/person\\\/d8d4b5d672e9edb72a6f23fd40dd31d5\",\"name\":\"Grupo AMAUTA EBUSINESS\",\"image\":{\"@type\":\"ImageObject\",\"inLanguage\":\"es\",\"@id\":\"https:\\\/\\\/secure.gravatar.com\\\/avatar\\\/97706b54c222a710310e2db50e02e68de0a4c8bb76654bcc4053b08241c6bd6c?s=96&d=mm&r=g\",\"url\":\"https:\\\/\\\/secure.gravatar.com\\\/avatar\\\/97706b54c222a710310e2db50e02e68de0a4c8bb76654bcc4053b08241c6bd6c?s=96&d=mm&r=g\",\"contentUrl\":\"https:\\\/\\\/secure.gravatar.com\\\/avatar\\\/97706b54c222a710310e2db50e02e68de0a4c8bb76654bcc4053b08241c6bd6c?s=96&d=mm&r=g\",\"caption\":\"Grupo AMAUTA EBUSINESS\"}}]}<\/script>\n<!-- \/ Yoast SEO Premium plugin. -->","yoast_head_json":{"title":"\u25b7 Minedu| \u201cDisposiciones para la implementaci\u00f3n de las intervenciones y acciones pedag\u00f3gicas del Ministerio de Educaci\u00f3n en los Gobiernos Regionales y Lima Metropolitana en el A\u00f1o Fiscal 2021\u201d \u2705","description":"\u27a8","robots":{"index":"index","follow":"follow","max-snippet":"max-snippet:-1","max-image-preview":"max-image-preview:large","max-video-preview":"max-video-preview:-1"},"canonical":"https:\/\/amautaenlinea.com\/blog\/minedu-disposiciones-para-la-implementacion-de-las-intervenciones-y-acciones-pedagogicas-del-ministerio-de-educacion-en-los-gobiernos-regionales-y-lima-metropolitana-en-el-ano-fiscal-2021\/","og_locale":"es_ES","og_type":"article","og_title":"Minedu| \u201cDisposiciones para la implementaci\u00f3n de las intervenciones y acciones pedag\u00f3gicas del Ministerio de Educaci\u00f3n en los Gobiernos Regionales y Lima Metropolitana en el A\u00f1o Fiscal 2021\u201d","og_description":"\u27a8","og_url":"https:\/\/amautaenlinea.com\/blog\/minedu-disposiciones-para-la-implementacion-de-las-intervenciones-y-acciones-pedagogicas-del-ministerio-de-educacion-en-los-gobiernos-regionales-y-lima-metropolitana-en-el-ano-fiscal-2021\/","og_site_name":"Grupo AMAUTA","article_publisher":"https:\/\/www.facebook.com\/amautaperu.org\/","article_published_time":"2021-01-28T11:26:21+00:00","article_modified_time":"2021-01-28T11:26:24+00:00","og_image":[{"width":1280,"height":720,"url":"https:\/\/amautaenlinea.com\/blog\/wp-content\/uploads\/2021\/01\/Disposiciones-para-la-implementacion-de-las-intervenciones-y-acciones-pedagogicas-del-Ministerio-de-Educacion-en-los-Gobiernos-Regionales-y-Lima-Metropolitana-en-el-Ano-Fiscal-2021.jpg","type":"image\/jpeg"}],"author":"Grupo AMAUTA EBUSINESS","twitter_card":"summary_large_image","schema":{"@context":"https:\/\/schema.org","@graph":[{"@type":"Article","@id":"https:\/\/amautaenlinea.com\/blog\/minedu-disposiciones-para-la-implementacion-de-las-intervenciones-y-acciones-pedagogicas-del-ministerio-de-educacion-en-los-gobiernos-regionales-y-lima-metropolitana-en-el-ano-fiscal-2021\/#article","isPartOf":{"@id":"https:\/\/amautaenlinea.com\/blog\/minedu-disposiciones-para-la-implementacion-de-las-intervenciones-y-acciones-pedagogicas-del-ministerio-de-educacion-en-los-gobiernos-regionales-y-lima-metropolitana-en-el-ano-fiscal-2021\/"},"author":{"name":"Grupo AMAUTA EBUSINESS","@id":"https:\/\/amautaenlinea.com\/blog\/#\/schema\/person\/d8d4b5d672e9edb72a6f23fd40dd31d5"},"headline":"Minedu| \u201cDisposiciones para la implementaci\u00f3n de las intervenciones y acciones pedag\u00f3gicas del Ministerio de Educaci\u00f3n en los Gobiernos Regionales y Lima Metropolitana en el A\u00f1o Fiscal 2021\u201d","datePublished":"2021-01-28T11:26:21+00:00","dateModified":"2021-01-28T11:26:24+00:00","mainEntityOfPage":{"@id":"https:\/\/amautaenlinea.com\/blog\/minedu-disposiciones-para-la-implementacion-de-las-intervenciones-y-acciones-pedagogicas-del-ministerio-de-educacion-en-los-gobiernos-regionales-y-lima-metropolitana-en-el-ano-fiscal-2021\/"},"wordCount":512,"commentCount":0,"publisher":{"@id":"https:\/\/amautaenlinea.com\/blog\/#organization"},"image":{"@id":"https:\/\/amautaenlinea.com\/blog\/minedu-disposiciones-para-la-implementacion-de-las-intervenciones-y-acciones-pedagogicas-del-ministerio-de-educacion-en-los-gobiernos-regionales-y-lima-metropolitana-en-el-ano-fiscal-2021\/#primaryimage"},"thumbnailUrl":"https:\/\/amautaenlinea.com\/blog\/wp-content\/uploads\/2021\/01\/Disposiciones-para-la-implementacion-de-las-intervenciones-y-acciones-pedagogicas-del-Ministerio-de-Educacion-en-los-Gobiernos-Regionales-y-Lima-Metropolitana-en-el-Ano-Fiscal-2021.jpg","articleSection":["Educaci\u00f3n"],"inLanguage":"es","potentialAction":[{"@type":"CommentAction","name":"Comment","target":["https:\/\/amautaenlinea.com\/blog\/minedu-disposiciones-para-la-implementacion-de-las-intervenciones-y-acciones-pedagogicas-del-ministerio-de-educacion-en-los-gobiernos-regionales-y-lima-metropolitana-en-el-ano-fiscal-2021\/#respond"]}],"copyrightYear":"2021","copyrightHolder":{"@id":"https:\/\/amautaenlinea.com\/blog\/#organization"}},{"@type":"WebPage","@id":"https:\/\/amautaenlinea.com\/blog\/minedu-disposiciones-para-la-implementacion-de-las-intervenciones-y-acciones-pedagogicas-del-ministerio-de-educacion-en-los-gobiernos-regionales-y-lima-metropolitana-en-el-ano-fiscal-2021\/","url":"https:\/\/amautaenlinea.com\/blog\/minedu-disposiciones-para-la-implementacion-de-las-intervenciones-y-acciones-pedagogicas-del-ministerio-de-educacion-en-los-gobiernos-regionales-y-lima-metropolitana-en-el-ano-fiscal-2021\/","name":"\u25b7 Minedu| \u201cDisposiciones para la implementaci\u00f3n de las intervenciones y acciones pedag\u00f3gicas del Ministerio de Educaci\u00f3n en los Gobiernos Regionales y Lima Metropolitana en el A\u00f1o Fiscal 2021\u201d \u2705","isPartOf":{"@id":"https:\/\/amautaenlinea.com\/blog\/#website"},"primaryImageOfPage":{"@id":"https:\/\/amautaenlinea.com\/blog\/minedu-disposiciones-para-la-implementacion-de-las-intervenciones-y-acciones-pedagogicas-del-ministerio-de-educacion-en-los-gobiernos-regionales-y-lima-metropolitana-en-el-ano-fiscal-2021\/#primaryimage"},"image":{"@id":"https:\/\/amautaenlinea.com\/blog\/minedu-disposiciones-para-la-implementacion-de-las-intervenciones-y-acciones-pedagogicas-del-ministerio-de-educacion-en-los-gobiernos-regionales-y-lima-metropolitana-en-el-ano-fiscal-2021\/#primaryimage"},"thumbnailUrl":"https:\/\/amautaenlinea.com\/blog\/wp-content\/uploads\/2021\/01\/Disposiciones-para-la-implementacion-de-las-intervenciones-y-acciones-pedagogicas-del-Ministerio-de-Educacion-en-los-Gobiernos-Regionales-y-Lima-Metropolitana-en-el-Ano-Fiscal-2021.jpg","datePublished":"2021-01-28T11:26:21+00:00","dateModified":"2021-01-28T11:26:24+00:00","description":"\u27a8","breadcrumb":{"@id":"https:\/\/amautaenlinea.com\/blog\/minedu-disposiciones-para-la-implementacion-de-las-intervenciones-y-acciones-pedagogicas-del-ministerio-de-educacion-en-los-gobiernos-regionales-y-lima-metropolitana-en-el-ano-fiscal-2021\/#breadcrumb"},"inLanguage":"es","potentialAction":[{"@type":"ReadAction","target":["https:\/\/amautaenlinea.com\/blog\/minedu-disposiciones-para-la-implementacion-de-las-intervenciones-y-acciones-pedagogicas-del-ministerio-de-educacion-en-los-gobiernos-regionales-y-lima-metropolitana-en-el-ano-fiscal-2021\/"]}]},{"@type":"ImageObject","inLanguage":"es","@id":"https:\/\/amautaenlinea.com\/blog\/minedu-disposiciones-para-la-implementacion-de-las-intervenciones-y-acciones-pedagogicas-del-ministerio-de-educacion-en-los-gobiernos-regionales-y-lima-metropolitana-en-el-ano-fiscal-2021\/#primaryimage","url":"https:\/\/amautaenlinea.com\/blog\/wp-content\/uploads\/2021\/01\/Disposiciones-para-la-implementacion-de-las-intervenciones-y-acciones-pedagogicas-del-Ministerio-de-Educacion-en-los-Gobiernos-Regionales-y-Lima-Metropolitana-en-el-Ano-Fiscal-2021.jpg","contentUrl":"https:\/\/amautaenlinea.com\/blog\/wp-content\/uploads\/2021\/01\/Disposiciones-para-la-implementacion-de-las-intervenciones-y-acciones-pedagogicas-del-Ministerio-de-Educacion-en-los-Gobiernos-Regionales-y-Lima-Metropolitana-en-el-Ano-Fiscal-2021.jpg","width":1280,"height":720},{"@type":"BreadcrumbList","@id":"https:\/\/amautaenlinea.com\/blog\/minedu-disposiciones-para-la-implementacion-de-las-intervenciones-y-acciones-pedagogicas-del-ministerio-de-educacion-en-los-gobiernos-regionales-y-lima-metropolitana-en-el-ano-fiscal-2021\/#breadcrumb","itemListElement":[{"@type":"ListItem","position":1,"name":"Portada","item":"https:\/\/amautaenlinea.com\/blog\/"},{"@type":"ListItem","position":2,"name":"Minedu| \u201cDisposiciones para la implementaci\u00f3n de las intervenciones y acciones pedag\u00f3gicas del Ministerio de Educaci\u00f3n en los Gobiernos Regionales y Lima Metropolitana en el A\u00f1o Fiscal 2021\u201d"}]},{"@type":"WebSite","@id":"https:\/\/amautaenlinea.com\/blog\/#website","url":"https:\/\/amautaenlinea.com\/blog\/","name":"Grupo AMAUTA","description":"","publisher":{"@id":"https:\/\/amautaenlinea.com\/blog\/#organization"},"potentialAction":[{"@type":"SearchAction","target":{"@type":"EntryPoint","urlTemplate":"https:\/\/amautaenlinea.com\/blog\/?s={search_term_string}"},"query-input":{"@type":"PropertyValueSpecification","valueRequired":true,"valueName":"search_term_string"}}],"inLanguage":"es"},{"@type":"Organization","@id":"https:\/\/amautaenlinea.com\/blog\/#organization","name":"Grupo AMAUTA E-BUSINESS","url":"https:\/\/amautaenlinea.com\/blog\/","logo":{"@type":"ImageObject","inLanguage":"es","@id":"https:\/\/amautaenlinea.com\/blog\/#\/schema\/logo\/image\/","url":"https:\/\/amautaenlinea.com\/blog\/wp-content\/uploads\/2023\/09\/logo-amauta.png","contentUrl":"https:\/\/amautaenlinea.com\/blog\/wp-content\/uploads\/2023\/09\/logo-amauta.png","width":1124,"height":368,"caption":"Grupo AMAUTA E-BUSINESS"},"image":{"@id":"https:\/\/amautaenlinea.com\/blog\/#\/schema\/logo\/image\/"},"sameAs":["https:\/\/www.facebook.com\/amautaperu.org\/"]},{"@type":"Person","@id":"https:\/\/amautaenlinea.com\/blog\/#\/schema\/person\/d8d4b5d672e9edb72a6f23fd40dd31d5","name":"Grupo AMAUTA EBUSINESS","image":{"@type":"ImageObject","inLanguage":"es","@id":"https:\/\/secure.gravatar.com\/avatar\/97706b54c222a710310e2db50e02e68de0a4c8bb76654bcc4053b08241c6bd6c?s=96&d=mm&r=g","url":"https:\/\/secure.gravatar.com\/avatar\/97706b54c222a710310e2db50e02e68de0a4c8bb76654bcc4053b08241c6bd6c?s=96&d=mm&r=g","contentUrl":"https:\/\/secure.gravatar.com\/avatar\/97706b54c222a710310e2db50e02e68de0a4c8bb76654bcc4053b08241c6bd6c?s=96&d=mm&r=g","caption":"Grupo AMAUTA EBUSINESS"}}]}},"_links":{"self":[{"href":"https:\/\/amautaenlinea.com\/blog\/wp-json\/wp\/v2\/posts\/6455","targetHints":{"allow":["GET"]}}],"collection":[{"href":"https:\/\/amautaenlinea.com\/blog\/wp-json\/wp\/v2\/posts"}],"about":[{"href":"https:\/\/amautaenlinea.com\/blog\/wp-json\/wp\/v2\/types\/post"}],"author":[{"embeddable":true,"href":"https:\/\/amautaenlinea.com\/blog\/wp-json\/wp\/v2\/users\/1"}],"replies":[{"embeddable":true,"href":"https:\/\/amautaenlinea.com\/blog\/wp-json\/wp\/v2\/comments?post=6455"}],"version-history":[{"count":0,"href":"https:\/\/amautaenlinea.com\/blog\/wp-json\/wp\/v2\/posts\/6455\/revisions"}],"wp:featuredmedia":[{"embeddable":true,"href":"https:\/\/amautaenlinea.com\/blog\/wp-json\/wp\/v2\/media\/6457"}],"wp:attachment":[{"href":"https:\/\/amautaenlinea.com\/blog\/wp-json\/wp\/v2\/media?parent=6455"}],"wp:term":[{"taxonomy":"category","embeddable":true,"href":"https:\/\/amautaenlinea.com\/blog\/wp-json\/wp\/v2\/categories?post=6455"},{"taxonomy":"post_tag","embeddable":true,"href":"https:\/\/amautaenlinea.com\/blog\/wp-json\/wp\/v2\/tags?post=6455"}],"curies":[{"name":"wp","href":"https:\/\/api.w.org\/{rel}","templated":true}]}}