{"id":6430,"date":"2021-01-27T02:26:20","date_gmt":"2021-01-27T02:26:20","guid":{"rendered":"https:\/\/amautaenlinea.com\/blog\/?p=6430"},"modified":"2021-01-27T02:26:23","modified_gmt":"2021-01-27T02:26:23","slug":"minedu-se-inicio-el-proceso-de-inscripcion-para-estudiantes-que-aun-continuan-sin-estar-matriculados-para-marzo-del-2021","status":"publish","type":"post","link":"https:\/\/amautaenlinea.com\/blog\/minedu-se-inicio-el-proceso-de-inscripcion-para-estudiantes-que-aun-continuan-sin-estar-matriculados-para-marzo-del-2021\/","title":{"rendered":"Minedu: Se inici\u00f3 el proceso de inscripci\u00f3n para estudiantes que a\u00fan contin\u00faan sin estar matriculados para marzo del 2021"},"content":{"rendered":"\n<p>Desde este <strong>lunes 25 de enero<\/strong> se dio inicio al proceso de inscripci\u00f3n para vacantes en colegios p\u00fablicos nacionales del pa\u00eds, raz\u00f3n por la cual se recomienda que las personas interesadas deben de ingresar a la red de canales digitales a fin de no salir de casa si poseen los medios tecnol\u00f3gicos necesarios para realizar este proceso de inscripci\u00f3n. <\/p>\n\n\n\n<p>Aquellas personas que por alguna raz\u00f3n no dispongan de los medios necesarios para realizar dicha <strong>inscripci\u00f3n v\u00eda digital podr\u00e1n hacerlo de manera presencial<\/strong> siempre y cuando acaten los lineamientos de prevenci\u00f3n previstos para hacer frente a la Pandemia, raz\u00f3n por la cual el Minedu recomienda que se habilite espacios ventilados para evitar contagios de Covid-19 si esta fuese la opci\u00f3n por la cual se vio obligado a realizar dado de no contar con los medios tecnol\u00f3gicos \u00a0para ello.<\/p>\n\n\n\n<p>El proceso de Inscripci\u00f3n de matr\u00edcula para vacantes comienza <strong>este 25 de enero y culmina el 5 de marzo<\/strong>, teniendo los directores de planteles una gran responsabilidad de informar a las personas \u00a0interesadas, que solo escojan esta v\u00eda (presencial) solo en caso de que no puedan hacerlo de forma virtual, tratando de atenderlos en su mayor parte de forma digital. <\/p>\n\n\n\n<p>Minedu inform\u00f3 que las inscripciones en colegios p\u00fablicos n<strong>acionales es gratuita<\/strong> y que en los privados se debe seguir lo determinado en el Reglamento Interno de dicha Instituci\u00f3n.<\/p>\n\n\n\n<p> Queda terminantemente <strong>prohibido exigir un n\u00famero determinado de \u00fatiles escolares o material did\u00e1ctico<\/strong>, as\u00ed como uniformes escolares el primer d\u00eda de clases. <\/p>\n\n\n\n<p>La adquisici\u00f3n de los \u00fatiles debe ser de <strong>manera progresiva<\/strong> y de acuerdo a las necesidades de los estudiantes. <\/p>\n\n\n\n<p>Queda terminantemente prohibido cualquier acto discriminatorio o trato diferenciado con los estudiantes o contra su representante legal.<\/p>\n\n\n\n<p>Las familias pueden ingresar a: <strong>www.identicole.pe<\/strong> donde podr\u00e1n encontrar lo que ofrecen mas de 65.000 colegios p\u00fablicos y privados en todo el pa\u00eds, comparando su cercan\u00eda respecto a su residencia, los servicios que brinda, as\u00ed como conocer sus logros en cuanto al aprendizaje, escogiendo el que mejor le convenga a su hijo o representado. <\/p>\n\n\n\n<p><\/p>\n","protected":false},"excerpt":{"rendered":"<p>Desde este lunes 25 de enero se dio inicio al proceso de inscripci\u00f3n para vacantes en colegios p\u00fablicos nacionales del pa\u00eds, raz\u00f3n por la<\/p>\n","protected":false},"author":1,"featured_media":6431,"comment_status":"open","ping_status":"open","sticky":false,"template":"","format":"standard","meta":{"footnotes":""},"categories":[4],"tags":[193],"class_list":["post-6430","post","type-post","status-publish","format-standard","has-post-thumbnail","hentry","category-educacion","tag-matricula-2021"],"yoast_head":"<!-- This site is optimized with the Yoast SEO Premium plugin v21.2 (Yoast SEO v27.5) - https:\/\/yoast.com\/product\/yoast-seo-premium-wordpress\/ -->\n<title>\u25b7 Minedu: Se inici\u00f3 el proceso de inscripci\u00f3n para estudiantes que a\u00fan contin\u00faan sin estar matriculados para marzo del 2021 \u2705<\/title>\n<meta name=\"description\" content=\"\u27a8\" \/>\n<meta name=\"robots\" content=\"index, follow, max-snippet:-1, max-image-preview:large, max-video-preview:-1\" \/>\n<link rel=\"canonical\" href=\"https:\/\/amautaenlinea.com\/blog\/minedu-se-inicio-el-proceso-de-inscripcion-para-estudiantes-que-aun-continuan-sin-estar-matriculados-para-marzo-del-2021\/\" \/>\n<meta property=\"og:locale\" content=\"es_ES\" \/>\n<meta property=\"og:type\" content=\"article\" \/>\n<meta property=\"og:title\" content=\"Minedu: Se inici\u00f3 el proceso de inscripci\u00f3n para estudiantes que a\u00fan contin\u00faan sin estar matriculados para marzo del 2021\" \/>\n<meta property=\"og:description\" content=\"\u27a8\" \/>\n<meta property=\"og:url\" content=\"https:\/\/amautaenlinea.com\/blog\/minedu-se-inicio-el-proceso-de-inscripcion-para-estudiantes-que-aun-continuan-sin-estar-matriculados-para-marzo-del-2021\/\" \/>\n<meta property=\"og:site_name\" content=\"Grupo AMAUTA\" \/>\n<meta property=\"article:publisher\" content=\"https:\/\/www.facebook.com\/amautaperu.org\/\" \/>\n<meta property=\"article:published_time\" content=\"2021-01-27T02:26:20+00:00\" \/>\n<meta property=\"article:modified_time\" content=\"2021-01-27T02:26:23+00:00\" \/>\n<meta property=\"og:image\" content=\"https:\/\/amautaenlinea.com\/blog\/wp-content\/uploads\/2021\/01\/Se-inicio-el-proceso-de-inscripcion-para-estudiantes-que-aun-continuan-sin-estar-matriculados-para-marzo-del-2021.jpg\" \/>\n\t<meta property=\"og:image:width\" content=\"1280\" \/>\n\t<meta property=\"og:image:height\" content=\"720\" \/>\n\t<meta property=\"og:image:type\" content=\"image\/jpeg\" \/>\n<meta name=\"author\" content=\"Grupo AMAUTA EBUSINESS\" \/>\n<meta name=\"twitter:card\" content=\"summary_large_image\" \/>\n<script type=\"application\/ld+json\" class=\"yoast-schema-graph\">{\"@context\":\"https:\\\/\\\/schema.org\",\"@graph\":[{\"@type\":\"Article\",\"@id\":\"https:\\\/\\\/amautaenlinea.com\\\/blog\\\/minedu-se-inicio-el-proceso-de-inscripcion-para-estudiantes-que-aun-continuan-sin-estar-matriculados-para-marzo-del-2021\\\/#article\",\"isPartOf\":{\"@id\":\"https:\\\/\\\/amautaenlinea.com\\\/blog\\\/minedu-se-inicio-el-proceso-de-inscripcion-para-estudiantes-que-aun-continuan-sin-estar-matriculados-para-marzo-del-2021\\\/\"},\"author\":{\"name\":\"Grupo AMAUTA EBUSINESS\",\"@id\":\"https:\\\/\\\/amautaenlinea.com\\\/blog\\\/#\\\/schema\\\/person\\\/d8d4b5d672e9edb72a6f23fd40dd31d5\"},\"headline\":\"Minedu: Se inici\u00f3 el proceso de inscripci\u00f3n para estudiantes que a\u00fan contin\u00faan sin estar matriculados para marzo del 2021\",\"datePublished\":\"2021-01-27T02:26:20+00:00\",\"dateModified\":\"2021-01-27T02:26:23+00:00\",\"mainEntityOfPage\":{\"@id\":\"https:\\\/\\\/amautaenlinea.com\\\/blog\\\/minedu-se-inicio-el-proceso-de-inscripcion-para-estudiantes-que-aun-continuan-sin-estar-matriculados-para-marzo-del-2021\\\/\"},\"wordCount\":383,\"commentCount\":0,\"publisher\":{\"@id\":\"https:\\\/\\\/amautaenlinea.com\\\/blog\\\/#organization\"},\"image\":{\"@id\":\"https:\\\/\\\/amautaenlinea.com\\\/blog\\\/minedu-se-inicio-el-proceso-de-inscripcion-para-estudiantes-que-aun-continuan-sin-estar-matriculados-para-marzo-del-2021\\\/#primaryimage\"},\"thumbnailUrl\":\"https:\\\/\\\/amautaenlinea.com\\\/blog\\\/wp-content\\\/uploads\\\/2021\\\/01\\\/Se-inicio-el-proceso-de-inscripcion-para-estudiantes-que-aun-continuan-sin-estar-matriculados-para-marzo-del-2021.jpg\",\"keywords\":[\"matr\u00edcula 2021\"],\"articleSection\":[\"Educaci\u00f3n\"],\"inLanguage\":\"es\",\"potentialAction\":[{\"@type\":\"CommentAction\",\"name\":\"Comment\",\"target\":[\"https:\\\/\\\/amautaenlinea.com\\\/blog\\\/minedu-se-inicio-el-proceso-de-inscripcion-para-estudiantes-que-aun-continuan-sin-estar-matriculados-para-marzo-del-2021\\\/#respond\"]}],\"copyrightYear\":\"2021\",\"copyrightHolder\":{\"@id\":\"https:\\\/\\\/amautaenlinea.com\\\/blog\\\/#organization\"}},{\"@type\":\"WebPage\",\"@id\":\"https:\\\/\\\/amautaenlinea.com\\\/blog\\\/minedu-se-inicio-el-proceso-de-inscripcion-para-estudiantes-que-aun-continuan-sin-estar-matriculados-para-marzo-del-2021\\\/\",\"url\":\"https:\\\/\\\/amautaenlinea.com\\\/blog\\\/minedu-se-inicio-el-proceso-de-inscripcion-para-estudiantes-que-aun-continuan-sin-estar-matriculados-para-marzo-del-2021\\\/\",\"name\":\"\u25b7 Minedu: Se inici\u00f3 el proceso de inscripci\u00f3n para estudiantes que a\u00fan contin\u00faan sin estar matriculados para marzo del 2021 \u2705\",\"isPartOf\":{\"@id\":\"https:\\\/\\\/amautaenlinea.com\\\/blog\\\/#website\"},\"primaryImageOfPage\":{\"@id\":\"https:\\\/\\\/amautaenlinea.com\\\/blog\\\/minedu-se-inicio-el-proceso-de-inscripcion-para-estudiantes-que-aun-continuan-sin-estar-matriculados-para-marzo-del-2021\\\/#primaryimage\"},\"image\":{\"@id\":\"https:\\\/\\\/amautaenlinea.com\\\/blog\\\/minedu-se-inicio-el-proceso-de-inscripcion-para-estudiantes-que-aun-continuan-sin-estar-matriculados-para-marzo-del-2021\\\/#primaryimage\"},\"thumbnailUrl\":\"https:\\\/\\\/amautaenlinea.com\\\/blog\\\/wp-content\\\/uploads\\\/2021\\\/01\\\/Se-inicio-el-proceso-de-inscripcion-para-estudiantes-que-aun-continuan-sin-estar-matriculados-para-marzo-del-2021.jpg\",\"datePublished\":\"2021-01-27T02:26:20+00:00\",\"dateModified\":\"2021-01-27T02:26:23+00:00\",\"description\":\"\u27a8\",\"breadcrumb\":{\"@id\":\"https:\\\/\\\/amautaenlinea.com\\\/blog\\\/minedu-se-inicio-el-proceso-de-inscripcion-para-estudiantes-que-aun-continuan-sin-estar-matriculados-para-marzo-del-2021\\\/#breadcrumb\"},\"inLanguage\":\"es\",\"potentialAction\":[{\"@type\":\"ReadAction\",\"target\":[\"https:\\\/\\\/amautaenlinea.com\\\/blog\\\/minedu-se-inicio-el-proceso-de-inscripcion-para-estudiantes-que-aun-continuan-sin-estar-matriculados-para-marzo-del-2021\\\/\"]}]},{\"@type\":\"ImageObject\",\"inLanguage\":\"es\",\"@id\":\"https:\\\/\\\/amautaenlinea.com\\\/blog\\\/minedu-se-inicio-el-proceso-de-inscripcion-para-estudiantes-que-aun-continuan-sin-estar-matriculados-para-marzo-del-2021\\\/#primaryimage\",\"url\":\"https:\\\/\\\/amautaenlinea.com\\\/blog\\\/wp-content\\\/uploads\\\/2021\\\/01\\\/Se-inicio-el-proceso-de-inscripcion-para-estudiantes-que-aun-continuan-sin-estar-matriculados-para-marzo-del-2021.jpg\",\"contentUrl\":\"https:\\\/\\\/amautaenlinea.com\\\/blog\\\/wp-content\\\/uploads\\\/2021\\\/01\\\/Se-inicio-el-proceso-de-inscripcion-para-estudiantes-que-aun-continuan-sin-estar-matriculados-para-marzo-del-2021.jpg\",\"width\":1280,\"height\":720,\"caption\":\"Minedu: Se inici\u00f3 el proceso de inscripci\u00f3n para estudiantes que a\u00fan contin\u00faan sin estar matriculados para marzo del 2021\"},{\"@type\":\"BreadcrumbList\",\"@id\":\"https:\\\/\\\/amautaenlinea.com\\\/blog\\\/minedu-se-inicio-el-proceso-de-inscripcion-para-estudiantes-que-aun-continuan-sin-estar-matriculados-para-marzo-del-2021\\\/#breadcrumb\",\"itemListElement\":[{\"@type\":\"ListItem\",\"position\":1,\"name\":\"Portada\",\"item\":\"https:\\\/\\\/amautaenlinea.com\\\/blog\\\/\"},{\"@type\":\"ListItem\",\"position\":2,\"name\":\"Minedu: Se inici\u00f3 el proceso de inscripci\u00f3n para estudiantes que a\u00fan contin\u00faan sin estar matriculados para marzo del 2021\"}]},{\"@type\":\"WebSite\",\"@id\":\"https:\\\/\\\/amautaenlinea.com\\\/blog\\\/#website\",\"url\":\"https:\\\/\\\/amautaenlinea.com\\\/blog\\\/\",\"name\":\"Grupo AMAUTA\",\"description\":\"\",\"publisher\":{\"@id\":\"https:\\\/\\\/amautaenlinea.com\\\/blog\\\/#organization\"},\"potentialAction\":[{\"@type\":\"SearchAction\",\"target\":{\"@type\":\"EntryPoint\",\"urlTemplate\":\"https:\\\/\\\/amautaenlinea.com\\\/blog\\\/?s={search_term_string}\"},\"query-input\":{\"@type\":\"PropertyValueSpecification\",\"valueRequired\":true,\"valueName\":\"search_term_string\"}}],\"inLanguage\":\"es\"},{\"@type\":\"Organization\",\"@id\":\"https:\\\/\\\/amautaenlinea.com\\\/blog\\\/#organization\",\"name\":\"Grupo AMAUTA E-BUSINESS\",\"url\":\"https:\\\/\\\/amautaenlinea.com\\\/blog\\\/\",\"logo\":{\"@type\":\"ImageObject\",\"inLanguage\":\"es\",\"@id\":\"https:\\\/\\\/amautaenlinea.com\\\/blog\\\/#\\\/schema\\\/logo\\\/image\\\/\",\"url\":\"https:\\\/\\\/amautaenlinea.com\\\/blog\\\/wp-content\\\/uploads\\\/2023\\\/09\\\/logo-amauta.png\",\"contentUrl\":\"https:\\\/\\\/amautaenlinea.com\\\/blog\\\/wp-content\\\/uploads\\\/2023\\\/09\\\/logo-amauta.png\",\"width\":1124,\"height\":368,\"caption\":\"Grupo AMAUTA E-BUSINESS\"},\"image\":{\"@id\":\"https:\\\/\\\/amautaenlinea.com\\\/blog\\\/#\\\/schema\\\/logo\\\/image\\\/\"},\"sameAs\":[\"https:\\\/\\\/www.facebook.com\\\/amautaperu.org\\\/\"]},{\"@type\":\"Person\",\"@id\":\"https:\\\/\\\/amautaenlinea.com\\\/blog\\\/#\\\/schema\\\/person\\\/d8d4b5d672e9edb72a6f23fd40dd31d5\",\"name\":\"Grupo AMAUTA EBUSINESS\",\"image\":{\"@type\":\"ImageObject\",\"inLanguage\":\"es\",\"@id\":\"https:\\\/\\\/secure.gravatar.com\\\/avatar\\\/97706b54c222a710310e2db50e02e68de0a4c8bb76654bcc4053b08241c6bd6c?s=96&d=mm&r=g\",\"url\":\"https:\\\/\\\/secure.gravatar.com\\\/avatar\\\/97706b54c222a710310e2db50e02e68de0a4c8bb76654bcc4053b08241c6bd6c?s=96&d=mm&r=g\",\"contentUrl\":\"https:\\\/\\\/secure.gravatar.com\\\/avatar\\\/97706b54c222a710310e2db50e02e68de0a4c8bb76654bcc4053b08241c6bd6c?s=96&d=mm&r=g\",\"caption\":\"Grupo AMAUTA EBUSINESS\"}}]}<\/script>\n<!-- \/ Yoast SEO Premium plugin. -->","yoast_head_json":{"title":"\u25b7 Minedu: Se inici\u00f3 el proceso de inscripci\u00f3n para estudiantes que a\u00fan contin\u00faan sin estar matriculados para marzo del 2021 \u2705","description":"\u27a8","robots":{"index":"index","follow":"follow","max-snippet":"max-snippet:-1","max-image-preview":"max-image-preview:large","max-video-preview":"max-video-preview:-1"},"canonical":"https:\/\/amautaenlinea.com\/blog\/minedu-se-inicio-el-proceso-de-inscripcion-para-estudiantes-que-aun-continuan-sin-estar-matriculados-para-marzo-del-2021\/","og_locale":"es_ES","og_type":"article","og_title":"Minedu: Se inici\u00f3 el proceso de inscripci\u00f3n para estudiantes que a\u00fan contin\u00faan sin estar matriculados para marzo del 2021","og_description":"\u27a8","og_url":"https:\/\/amautaenlinea.com\/blog\/minedu-se-inicio-el-proceso-de-inscripcion-para-estudiantes-que-aun-continuan-sin-estar-matriculados-para-marzo-del-2021\/","og_site_name":"Grupo AMAUTA","article_publisher":"https:\/\/www.facebook.com\/amautaperu.org\/","article_published_time":"2021-01-27T02:26:20+00:00","article_modified_time":"2021-01-27T02:26:23+00:00","og_image":[{"width":1280,"height":720,"url":"https:\/\/amautaenlinea.com\/blog\/wp-content\/uploads\/2021\/01\/Se-inicio-el-proceso-de-inscripcion-para-estudiantes-que-aun-continuan-sin-estar-matriculados-para-marzo-del-2021.jpg","type":"image\/jpeg"}],"author":"Grupo AMAUTA EBUSINESS","twitter_card":"summary_large_image","schema":{"@context":"https:\/\/schema.org","@graph":[{"@type":"Article","@id":"https:\/\/amautaenlinea.com\/blog\/minedu-se-inicio-el-proceso-de-inscripcion-para-estudiantes-que-aun-continuan-sin-estar-matriculados-para-marzo-del-2021\/#article","isPartOf":{"@id":"https:\/\/amautaenlinea.com\/blog\/minedu-se-inicio-el-proceso-de-inscripcion-para-estudiantes-que-aun-continuan-sin-estar-matriculados-para-marzo-del-2021\/"},"author":{"name":"Grupo AMAUTA EBUSINESS","@id":"https:\/\/amautaenlinea.com\/blog\/#\/schema\/person\/d8d4b5d672e9edb72a6f23fd40dd31d5"},"headline":"Minedu: Se inici\u00f3 el proceso de inscripci\u00f3n para estudiantes que a\u00fan contin\u00faan sin estar matriculados para marzo del 2021","datePublished":"2021-01-27T02:26:20+00:00","dateModified":"2021-01-27T02:26:23+00:00","mainEntityOfPage":{"@id":"https:\/\/amautaenlinea.com\/blog\/minedu-se-inicio-el-proceso-de-inscripcion-para-estudiantes-que-aun-continuan-sin-estar-matriculados-para-marzo-del-2021\/"},"wordCount":383,"commentCount":0,"publisher":{"@id":"https:\/\/amautaenlinea.com\/blog\/#organization"},"image":{"@id":"https:\/\/amautaenlinea.com\/blog\/minedu-se-inicio-el-proceso-de-inscripcion-para-estudiantes-que-aun-continuan-sin-estar-matriculados-para-marzo-del-2021\/#primaryimage"},"thumbnailUrl":"https:\/\/amautaenlinea.com\/blog\/wp-content\/uploads\/2021\/01\/Se-inicio-el-proceso-de-inscripcion-para-estudiantes-que-aun-continuan-sin-estar-matriculados-para-marzo-del-2021.jpg","keywords":["matr\u00edcula 2021"],"articleSection":["Educaci\u00f3n"],"inLanguage":"es","potentialAction":[{"@type":"CommentAction","name":"Comment","target":["https:\/\/amautaenlinea.com\/blog\/minedu-se-inicio-el-proceso-de-inscripcion-para-estudiantes-que-aun-continuan-sin-estar-matriculados-para-marzo-del-2021\/#respond"]}],"copyrightYear":"2021","copyrightHolder":{"@id":"https:\/\/amautaenlinea.com\/blog\/#organization"}},{"@type":"WebPage","@id":"https:\/\/amautaenlinea.com\/blog\/minedu-se-inicio-el-proceso-de-inscripcion-para-estudiantes-que-aun-continuan-sin-estar-matriculados-para-marzo-del-2021\/","url":"https:\/\/amautaenlinea.com\/blog\/minedu-se-inicio-el-proceso-de-inscripcion-para-estudiantes-que-aun-continuan-sin-estar-matriculados-para-marzo-del-2021\/","name":"\u25b7 Minedu: Se inici\u00f3 el proceso de inscripci\u00f3n para estudiantes que a\u00fan contin\u00faan sin estar matriculados para marzo del 2021 \u2705","isPartOf":{"@id":"https:\/\/amautaenlinea.com\/blog\/#website"},"primaryImageOfPage":{"@id":"https:\/\/amautaenlinea.com\/blog\/minedu-se-inicio-el-proceso-de-inscripcion-para-estudiantes-que-aun-continuan-sin-estar-matriculados-para-marzo-del-2021\/#primaryimage"},"image":{"@id":"https:\/\/amautaenlinea.com\/blog\/minedu-se-inicio-el-proceso-de-inscripcion-para-estudiantes-que-aun-continuan-sin-estar-matriculados-para-marzo-del-2021\/#primaryimage"},"thumbnailUrl":"https:\/\/amautaenlinea.com\/blog\/wp-content\/uploads\/2021\/01\/Se-inicio-el-proceso-de-inscripcion-para-estudiantes-que-aun-continuan-sin-estar-matriculados-para-marzo-del-2021.jpg","datePublished":"2021-01-27T02:26:20+00:00","dateModified":"2021-01-27T02:26:23+00:00","description":"\u27a8","breadcrumb":{"@id":"https:\/\/amautaenlinea.com\/blog\/minedu-se-inicio-el-proceso-de-inscripcion-para-estudiantes-que-aun-continuan-sin-estar-matriculados-para-marzo-del-2021\/#breadcrumb"},"inLanguage":"es","potentialAction":[{"@type":"ReadAction","target":["https:\/\/amautaenlinea.com\/blog\/minedu-se-inicio-el-proceso-de-inscripcion-para-estudiantes-que-aun-continuan-sin-estar-matriculados-para-marzo-del-2021\/"]}]},{"@type":"ImageObject","inLanguage":"es","@id":"https:\/\/amautaenlinea.com\/blog\/minedu-se-inicio-el-proceso-de-inscripcion-para-estudiantes-que-aun-continuan-sin-estar-matriculados-para-marzo-del-2021\/#primaryimage","url":"https:\/\/amautaenlinea.com\/blog\/wp-content\/uploads\/2021\/01\/Se-inicio-el-proceso-de-inscripcion-para-estudiantes-que-aun-continuan-sin-estar-matriculados-para-marzo-del-2021.jpg","contentUrl":"https:\/\/amautaenlinea.com\/blog\/wp-content\/uploads\/2021\/01\/Se-inicio-el-proceso-de-inscripcion-para-estudiantes-que-aun-continuan-sin-estar-matriculados-para-marzo-del-2021.jpg","width":1280,"height":720,"caption":"Minedu: Se inici\u00f3 el proceso de inscripci\u00f3n para estudiantes que a\u00fan contin\u00faan sin estar matriculados para marzo del 2021"},{"@type":"BreadcrumbList","@id":"https:\/\/amautaenlinea.com\/blog\/minedu-se-inicio-el-proceso-de-inscripcion-para-estudiantes-que-aun-continuan-sin-estar-matriculados-para-marzo-del-2021\/#breadcrumb","itemListElement":[{"@type":"ListItem","position":1,"name":"Portada","item":"https:\/\/amautaenlinea.com\/blog\/"},{"@type":"ListItem","position":2,"name":"Minedu: Se inici\u00f3 el proceso de inscripci\u00f3n para estudiantes que a\u00fan contin\u00faan sin estar matriculados para marzo del 2021"}]},{"@type":"WebSite","@id":"https:\/\/amautaenlinea.com\/blog\/#website","url":"https:\/\/amautaenlinea.com\/blog\/","name":"Grupo AMAUTA","description":"","publisher":{"@id":"https:\/\/amautaenlinea.com\/blog\/#organization"},"potentialAction":[{"@type":"SearchAction","target":{"@type":"EntryPoint","urlTemplate":"https:\/\/amautaenlinea.com\/blog\/?s={search_term_string}"},"query-input":{"@type":"PropertyValueSpecification","valueRequired":true,"valueName":"search_term_string"}}],"inLanguage":"es"},{"@type":"Organization","@id":"https:\/\/amautaenlinea.com\/blog\/#organization","name":"Grupo AMAUTA E-BUSINESS","url":"https:\/\/amautaenlinea.com\/blog\/","logo":{"@type":"ImageObject","inLanguage":"es","@id":"https:\/\/amautaenlinea.com\/blog\/#\/schema\/logo\/image\/","url":"https:\/\/amautaenlinea.com\/blog\/wp-content\/uploads\/2023\/09\/logo-amauta.png","contentUrl":"https:\/\/amautaenlinea.com\/blog\/wp-content\/uploads\/2023\/09\/logo-amauta.png","width":1124,"height":368,"caption":"Grupo AMAUTA E-BUSINESS"},"image":{"@id":"https:\/\/amautaenlinea.com\/blog\/#\/schema\/logo\/image\/"},"sameAs":["https:\/\/www.facebook.com\/amautaperu.org\/"]},{"@type":"Person","@id":"https:\/\/amautaenlinea.com\/blog\/#\/schema\/person\/d8d4b5d672e9edb72a6f23fd40dd31d5","name":"Grupo AMAUTA EBUSINESS","image":{"@type":"ImageObject","inLanguage":"es","@id":"https:\/\/secure.gravatar.com\/avatar\/97706b54c222a710310e2db50e02e68de0a4c8bb76654bcc4053b08241c6bd6c?s=96&d=mm&r=g","url":"https:\/\/secure.gravatar.com\/avatar\/97706b54c222a710310e2db50e02e68de0a4c8bb76654bcc4053b08241c6bd6c?s=96&d=mm&r=g","contentUrl":"https:\/\/secure.gravatar.com\/avatar\/97706b54c222a710310e2db50e02e68de0a4c8bb76654bcc4053b08241c6bd6c?s=96&d=mm&r=g","caption":"Grupo AMAUTA EBUSINESS"}}]}},"_links":{"self":[{"href":"https:\/\/amautaenlinea.com\/blog\/wp-json\/wp\/v2\/posts\/6430","targetHints":{"allow":["GET"]}}],"collection":[{"href":"https:\/\/amautaenlinea.com\/blog\/wp-json\/wp\/v2\/posts"}],"about":[{"href":"https:\/\/amautaenlinea.com\/blog\/wp-json\/wp\/v2\/types\/post"}],"author":[{"embeddable":true,"href":"https:\/\/amautaenlinea.com\/blog\/wp-json\/wp\/v2\/users\/1"}],"replies":[{"embeddable":true,"href":"https:\/\/amautaenlinea.com\/blog\/wp-json\/wp\/v2\/comments?post=6430"}],"version-history":[{"count":0,"href":"https:\/\/amautaenlinea.com\/blog\/wp-json\/wp\/v2\/posts\/6430\/revisions"}],"wp:featuredmedia":[{"embeddable":true,"href":"https:\/\/amautaenlinea.com\/blog\/wp-json\/wp\/v2\/media\/6431"}],"wp:attachment":[{"href":"https:\/\/amautaenlinea.com\/blog\/wp-json\/wp\/v2\/media?parent=6430"}],"wp:term":[{"taxonomy":"category","embeddable":true,"href":"https:\/\/amautaenlinea.com\/blog\/wp-json\/wp\/v2\/categories?post=6430"},{"taxonomy":"post_tag","embeddable":true,"href":"https:\/\/amautaenlinea.com\/blog\/wp-json\/wp\/v2\/tags?post=6430"}],"curies":[{"name":"wp","href":"https:\/\/api.w.org\/{rel}","templated":true}]}}