{"id":6410,"date":"2021-01-24T12:01:59","date_gmt":"2021-01-24T12:01:59","guid":{"rendered":"https:\/\/amautaenlinea.com\/blog\/?p=6410"},"modified":"2021-01-24T12:02:01","modified_gmt":"2021-01-24T12:02:01","slug":"docentes-exigen-al-gobierno-no-volver-a-clases-presenciales-por-el-incremento-de-casos-covid-19","status":"publish","type":"post","link":"https:\/\/amautaenlinea.com\/blog\/docentes-exigen-al-gobierno-no-volver-a-clases-presenciales-por-el-incremento-de-casos-covid-19\/","title":{"rendered":"Docentes exigen al gobierno no volver a clases presenciales por el incremento de casos COVID 19"},"content":{"rendered":"\n<p><strong>El Sindicato de profesores <\/strong>emiti\u00f3 su voz de protesta al manifestar que el Minedu esta vulnerando el derecho a la salud, adem\u00e1s solicitan al gobierno central una mejor infraestructura y equipamiento para los maestros.<\/p>\n\n\n\n<p><br>El Sindicato de Trabajadores por la educaci\u00f3n <strong>SUTEP LA LIBERTAD<\/strong> public\u00f3 un comunicado solicitando al gobierno central <strong>no incentivar el reinicio de clases presenciales en estos tiempos donde la vida se pone en juego, porque en primer lugar esta la salud de muchos maestros, estudiantes y padres de familia<\/strong>, como tambi\u00e9n los ambientes en los colegios no se encuentran equipadas e implementadas en los colegios de la libertad.<\/p>\n\n\n\n<p><br>Este pedido fue solicitado el dia de ayer por la secretaria, representante sindical <strong>Lourdes V\u00e1sques V\u00e1sques<\/strong> quien hizo un recuento que los resultados que se publicaron por el Censo Educativo 2018 cuyas cifras arrojaron que de cada 100 colegios 16 instituciones educativas se encontraban en buenas condiciones para el inicio del a\u00f1o escolar, manifestando tambi\u00e9n que el <strong>34% de colegios que se encuentran en zonas rurales no cuentan con el l\u00edquido indispensable \u00abAgua potable\u00bb<\/strong> para cubrir los protocolos de bioseguridad en la salud de nuestros estudiantes, Concluy\u00f3.<\/p>\n","protected":false},"excerpt":{"rendered":"<p>El Sindicato de profesores emiti\u00f3 su voz de protesta al manifestar que el Minedu esta vulnerando el derecho a la salud, adem\u00e1s solicitan al<\/p>\n","protected":false},"author":1,"featured_media":6412,"comment_status":"open","ping_status":"open","sticky":false,"template":"","format":"standard","meta":{"footnotes":""},"categories":[4],"tags":[],"class_list":["post-6410","post","type-post","status-publish","format-standard","has-post-thumbnail","hentry","category-educacion"],"yoast_head":"<!-- This site is optimized with the Yoast SEO Premium plugin v21.2 (Yoast SEO v27.5) - https:\/\/yoast.com\/product\/yoast-seo-premium-wordpress\/ -->\n<title>\u25b7 Docentes exigen al gobierno no volver a clases presenciales por el incremento de casos COVID 19 \u2705<\/title>\n<meta name=\"description\" content=\"\u27a8\" \/>\n<meta name=\"robots\" content=\"index, follow, max-snippet:-1, max-image-preview:large, max-video-preview:-1\" \/>\n<link rel=\"canonical\" href=\"https:\/\/amautaenlinea.com\/blog\/docentes-exigen-al-gobierno-no-volver-a-clases-presenciales-por-el-incremento-de-casos-covid-19\/\" \/>\n<meta property=\"og:locale\" content=\"es_ES\" \/>\n<meta property=\"og:type\" content=\"article\" \/>\n<meta property=\"og:title\" content=\"Docentes exigen al gobierno no volver a clases presenciales por el incremento de casos COVID 19\" \/>\n<meta property=\"og:description\" content=\"\u27a8\" \/>\n<meta property=\"og:url\" content=\"https:\/\/amautaenlinea.com\/blog\/docentes-exigen-al-gobierno-no-volver-a-clases-presenciales-por-el-incremento-de-casos-covid-19\/\" \/>\n<meta property=\"og:site_name\" content=\"Grupo AMAUTA\" \/>\n<meta property=\"article:publisher\" content=\"https:\/\/www.facebook.com\/amautaperu.org\/\" \/>\n<meta property=\"article:published_time\" content=\"2021-01-24T12:01:59+00:00\" \/>\n<meta property=\"article:modified_time\" content=\"2021-01-24T12:02:01+00:00\" \/>\n<meta property=\"og:image\" content=\"https:\/\/amautaenlinea.com\/blog\/wp-content\/uploads\/2021\/01\/Docentes-exigen-al-gobierno-no-volver-a-clases-presenciales-por-el-incremento-de-casos-COVID-19.jpg\" \/>\n\t<meta property=\"og:image:width\" content=\"1280\" \/>\n\t<meta property=\"og:image:height\" content=\"720\" \/>\n\t<meta property=\"og:image:type\" content=\"image\/jpeg\" \/>\n<meta name=\"author\" content=\"Grupo AMAUTA EBUSINESS\" \/>\n<meta name=\"twitter:card\" content=\"summary_large_image\" \/>\n<script type=\"application\/ld+json\" class=\"yoast-schema-graph\">{\"@context\":\"https:\\\/\\\/schema.org\",\"@graph\":[{\"@type\":\"Article\",\"@id\":\"https:\\\/\\\/amautaenlinea.com\\\/blog\\\/docentes-exigen-al-gobierno-no-volver-a-clases-presenciales-por-el-incremento-de-casos-covid-19\\\/#article\",\"isPartOf\":{\"@id\":\"https:\\\/\\\/amautaenlinea.com\\\/blog\\\/docentes-exigen-al-gobierno-no-volver-a-clases-presenciales-por-el-incremento-de-casos-covid-19\\\/\"},\"author\":{\"name\":\"Grupo AMAUTA EBUSINESS\",\"@id\":\"https:\\\/\\\/amautaenlinea.com\\\/blog\\\/#\\\/schema\\\/person\\\/d8d4b5d672e9edb72a6f23fd40dd31d5\"},\"headline\":\"Docentes exigen al gobierno no volver a clases presenciales por el incremento de casos COVID 19\",\"datePublished\":\"2021-01-24T12:01:59+00:00\",\"dateModified\":\"2021-01-24T12:02:01+00:00\",\"mainEntityOfPage\":{\"@id\":\"https:\\\/\\\/amautaenlinea.com\\\/blog\\\/docentes-exigen-al-gobierno-no-volver-a-clases-presenciales-por-el-incremento-de-casos-covid-19\\\/\"},\"wordCount\":208,\"commentCount\":0,\"publisher\":{\"@id\":\"https:\\\/\\\/amautaenlinea.com\\\/blog\\\/#organization\"},\"image\":{\"@id\":\"https:\\\/\\\/amautaenlinea.com\\\/blog\\\/docentes-exigen-al-gobierno-no-volver-a-clases-presenciales-por-el-incremento-de-casos-covid-19\\\/#primaryimage\"},\"thumbnailUrl\":\"https:\\\/\\\/amautaenlinea.com\\\/blog\\\/wp-content\\\/uploads\\\/2021\\\/01\\\/Docentes-exigen-al-gobierno-no-volver-a-clases-presenciales-por-el-incremento-de-casos-COVID-19.jpg\",\"articleSection\":[\"Educaci\u00f3n\"],\"inLanguage\":\"es\",\"potentialAction\":[{\"@type\":\"CommentAction\",\"name\":\"Comment\",\"target\":[\"https:\\\/\\\/amautaenlinea.com\\\/blog\\\/docentes-exigen-al-gobierno-no-volver-a-clases-presenciales-por-el-incremento-de-casos-covid-19\\\/#respond\"]}],\"copyrightYear\":\"2021\",\"copyrightHolder\":{\"@id\":\"https:\\\/\\\/amautaenlinea.com\\\/blog\\\/#organization\"}},{\"@type\":\"WebPage\",\"@id\":\"https:\\\/\\\/amautaenlinea.com\\\/blog\\\/docentes-exigen-al-gobierno-no-volver-a-clases-presenciales-por-el-incremento-de-casos-covid-19\\\/\",\"url\":\"https:\\\/\\\/amautaenlinea.com\\\/blog\\\/docentes-exigen-al-gobierno-no-volver-a-clases-presenciales-por-el-incremento-de-casos-covid-19\\\/\",\"name\":\"\u25b7 Docentes exigen al gobierno no volver a clases presenciales por el incremento de casos COVID 19 \u2705\",\"isPartOf\":{\"@id\":\"https:\\\/\\\/amautaenlinea.com\\\/blog\\\/#website\"},\"primaryImageOfPage\":{\"@id\":\"https:\\\/\\\/amautaenlinea.com\\\/blog\\\/docentes-exigen-al-gobierno-no-volver-a-clases-presenciales-por-el-incremento-de-casos-covid-19\\\/#primaryimage\"},\"image\":{\"@id\":\"https:\\\/\\\/amautaenlinea.com\\\/blog\\\/docentes-exigen-al-gobierno-no-volver-a-clases-presenciales-por-el-incremento-de-casos-covid-19\\\/#primaryimage\"},\"thumbnailUrl\":\"https:\\\/\\\/amautaenlinea.com\\\/blog\\\/wp-content\\\/uploads\\\/2021\\\/01\\\/Docentes-exigen-al-gobierno-no-volver-a-clases-presenciales-por-el-incremento-de-casos-COVID-19.jpg\",\"datePublished\":\"2021-01-24T12:01:59+00:00\",\"dateModified\":\"2021-01-24T12:02:01+00:00\",\"description\":\"\u27a8\",\"breadcrumb\":{\"@id\":\"https:\\\/\\\/amautaenlinea.com\\\/blog\\\/docentes-exigen-al-gobierno-no-volver-a-clases-presenciales-por-el-incremento-de-casos-covid-19\\\/#breadcrumb\"},\"inLanguage\":\"es\",\"potentialAction\":[{\"@type\":\"ReadAction\",\"target\":[\"https:\\\/\\\/amautaenlinea.com\\\/blog\\\/docentes-exigen-al-gobierno-no-volver-a-clases-presenciales-por-el-incremento-de-casos-covid-19\\\/\"]}]},{\"@type\":\"ImageObject\",\"inLanguage\":\"es\",\"@id\":\"https:\\\/\\\/amautaenlinea.com\\\/blog\\\/docentes-exigen-al-gobierno-no-volver-a-clases-presenciales-por-el-incremento-de-casos-covid-19\\\/#primaryimage\",\"url\":\"https:\\\/\\\/amautaenlinea.com\\\/blog\\\/wp-content\\\/uploads\\\/2021\\\/01\\\/Docentes-exigen-al-gobierno-no-volver-a-clases-presenciales-por-el-incremento-de-casos-COVID-19.jpg\",\"contentUrl\":\"https:\\\/\\\/amautaenlinea.com\\\/blog\\\/wp-content\\\/uploads\\\/2021\\\/01\\\/Docentes-exigen-al-gobierno-no-volver-a-clases-presenciales-por-el-incremento-de-casos-COVID-19.jpg\",\"width\":1280,\"height\":720,\"caption\":\"Docentes exigen al gobierno no volver a clases presenciales por el incremento de casos COVID 19\"},{\"@type\":\"BreadcrumbList\",\"@id\":\"https:\\\/\\\/amautaenlinea.com\\\/blog\\\/docentes-exigen-al-gobierno-no-volver-a-clases-presenciales-por-el-incremento-de-casos-covid-19\\\/#breadcrumb\",\"itemListElement\":[{\"@type\":\"ListItem\",\"position\":1,\"name\":\"Portada\",\"item\":\"https:\\\/\\\/amautaenlinea.com\\\/blog\\\/\"},{\"@type\":\"ListItem\",\"position\":2,\"name\":\"Docentes exigen al gobierno no volver a clases presenciales por el incremento de casos COVID 19\"}]},{\"@type\":\"WebSite\",\"@id\":\"https:\\\/\\\/amautaenlinea.com\\\/blog\\\/#website\",\"url\":\"https:\\\/\\\/amautaenlinea.com\\\/blog\\\/\",\"name\":\"Grupo AMAUTA\",\"description\":\"\",\"publisher\":{\"@id\":\"https:\\\/\\\/amautaenlinea.com\\\/blog\\\/#organization\"},\"potentialAction\":[{\"@type\":\"SearchAction\",\"target\":{\"@type\":\"EntryPoint\",\"urlTemplate\":\"https:\\\/\\\/amautaenlinea.com\\\/blog\\\/?s={search_term_string}\"},\"query-input\":{\"@type\":\"PropertyValueSpecification\",\"valueRequired\":true,\"valueName\":\"search_term_string\"}}],\"inLanguage\":\"es\"},{\"@type\":\"Organization\",\"@id\":\"https:\\\/\\\/amautaenlinea.com\\\/blog\\\/#organization\",\"name\":\"Grupo AMAUTA E-BUSINESS\",\"url\":\"https:\\\/\\\/amautaenlinea.com\\\/blog\\\/\",\"logo\":{\"@type\":\"ImageObject\",\"inLanguage\":\"es\",\"@id\":\"https:\\\/\\\/amautaenlinea.com\\\/blog\\\/#\\\/schema\\\/logo\\\/image\\\/\",\"url\":\"https:\\\/\\\/amautaenlinea.com\\\/blog\\\/wp-content\\\/uploads\\\/2023\\\/09\\\/logo-amauta.png\",\"contentUrl\":\"https:\\\/\\\/amautaenlinea.com\\\/blog\\\/wp-content\\\/uploads\\\/2023\\\/09\\\/logo-amauta.png\",\"width\":1124,\"height\":368,\"caption\":\"Grupo AMAUTA E-BUSINESS\"},\"image\":{\"@id\":\"https:\\\/\\\/amautaenlinea.com\\\/blog\\\/#\\\/schema\\\/logo\\\/image\\\/\"},\"sameAs\":[\"https:\\\/\\\/www.facebook.com\\\/amautaperu.org\\\/\"]},{\"@type\":\"Person\",\"@id\":\"https:\\\/\\\/amautaenlinea.com\\\/blog\\\/#\\\/schema\\\/person\\\/d8d4b5d672e9edb72a6f23fd40dd31d5\",\"name\":\"Grupo AMAUTA EBUSINESS\",\"image\":{\"@type\":\"ImageObject\",\"inLanguage\":\"es\",\"@id\":\"https:\\\/\\\/secure.gravatar.com\\\/avatar\\\/97706b54c222a710310e2db50e02e68de0a4c8bb76654bcc4053b08241c6bd6c?s=96&d=mm&r=g\",\"url\":\"https:\\\/\\\/secure.gravatar.com\\\/avatar\\\/97706b54c222a710310e2db50e02e68de0a4c8bb76654bcc4053b08241c6bd6c?s=96&d=mm&r=g\",\"contentUrl\":\"https:\\\/\\\/secure.gravatar.com\\\/avatar\\\/97706b54c222a710310e2db50e02e68de0a4c8bb76654bcc4053b08241c6bd6c?s=96&d=mm&r=g\",\"caption\":\"Grupo AMAUTA EBUSINESS\"}}]}<\/script>\n<!-- \/ Yoast SEO Premium plugin. -->","yoast_head_json":{"title":"\u25b7 Docentes exigen al gobierno no volver a clases presenciales por el incremento de casos COVID 19 \u2705","description":"\u27a8","robots":{"index":"index","follow":"follow","max-snippet":"max-snippet:-1","max-image-preview":"max-image-preview:large","max-video-preview":"max-video-preview:-1"},"canonical":"https:\/\/amautaenlinea.com\/blog\/docentes-exigen-al-gobierno-no-volver-a-clases-presenciales-por-el-incremento-de-casos-covid-19\/","og_locale":"es_ES","og_type":"article","og_title":"Docentes exigen al gobierno no volver a clases presenciales por el incremento de casos COVID 19","og_description":"\u27a8","og_url":"https:\/\/amautaenlinea.com\/blog\/docentes-exigen-al-gobierno-no-volver-a-clases-presenciales-por-el-incremento-de-casos-covid-19\/","og_site_name":"Grupo AMAUTA","article_publisher":"https:\/\/www.facebook.com\/amautaperu.org\/","article_published_time":"2021-01-24T12:01:59+00:00","article_modified_time":"2021-01-24T12:02:01+00:00","og_image":[{"width":1280,"height":720,"url":"https:\/\/amautaenlinea.com\/blog\/wp-content\/uploads\/2021\/01\/Docentes-exigen-al-gobierno-no-volver-a-clases-presenciales-por-el-incremento-de-casos-COVID-19.jpg","type":"image\/jpeg"}],"author":"Grupo AMAUTA EBUSINESS","twitter_card":"summary_large_image","schema":{"@context":"https:\/\/schema.org","@graph":[{"@type":"Article","@id":"https:\/\/amautaenlinea.com\/blog\/docentes-exigen-al-gobierno-no-volver-a-clases-presenciales-por-el-incremento-de-casos-covid-19\/#article","isPartOf":{"@id":"https:\/\/amautaenlinea.com\/blog\/docentes-exigen-al-gobierno-no-volver-a-clases-presenciales-por-el-incremento-de-casos-covid-19\/"},"author":{"name":"Grupo AMAUTA EBUSINESS","@id":"https:\/\/amautaenlinea.com\/blog\/#\/schema\/person\/d8d4b5d672e9edb72a6f23fd40dd31d5"},"headline":"Docentes exigen al gobierno no volver a clases presenciales por el incremento de casos COVID 19","datePublished":"2021-01-24T12:01:59+00:00","dateModified":"2021-01-24T12:02:01+00:00","mainEntityOfPage":{"@id":"https:\/\/amautaenlinea.com\/blog\/docentes-exigen-al-gobierno-no-volver-a-clases-presenciales-por-el-incremento-de-casos-covid-19\/"},"wordCount":208,"commentCount":0,"publisher":{"@id":"https:\/\/amautaenlinea.com\/blog\/#organization"},"image":{"@id":"https:\/\/amautaenlinea.com\/blog\/docentes-exigen-al-gobierno-no-volver-a-clases-presenciales-por-el-incremento-de-casos-covid-19\/#primaryimage"},"thumbnailUrl":"https:\/\/amautaenlinea.com\/blog\/wp-content\/uploads\/2021\/01\/Docentes-exigen-al-gobierno-no-volver-a-clases-presenciales-por-el-incremento-de-casos-COVID-19.jpg","articleSection":["Educaci\u00f3n"],"inLanguage":"es","potentialAction":[{"@type":"CommentAction","name":"Comment","target":["https:\/\/amautaenlinea.com\/blog\/docentes-exigen-al-gobierno-no-volver-a-clases-presenciales-por-el-incremento-de-casos-covid-19\/#respond"]}],"copyrightYear":"2021","copyrightHolder":{"@id":"https:\/\/amautaenlinea.com\/blog\/#organization"}},{"@type":"WebPage","@id":"https:\/\/amautaenlinea.com\/blog\/docentes-exigen-al-gobierno-no-volver-a-clases-presenciales-por-el-incremento-de-casos-covid-19\/","url":"https:\/\/amautaenlinea.com\/blog\/docentes-exigen-al-gobierno-no-volver-a-clases-presenciales-por-el-incremento-de-casos-covid-19\/","name":"\u25b7 Docentes exigen al gobierno no volver a clases presenciales por el incremento de casos COVID 19 \u2705","isPartOf":{"@id":"https:\/\/amautaenlinea.com\/blog\/#website"},"primaryImageOfPage":{"@id":"https:\/\/amautaenlinea.com\/blog\/docentes-exigen-al-gobierno-no-volver-a-clases-presenciales-por-el-incremento-de-casos-covid-19\/#primaryimage"},"image":{"@id":"https:\/\/amautaenlinea.com\/blog\/docentes-exigen-al-gobierno-no-volver-a-clases-presenciales-por-el-incremento-de-casos-covid-19\/#primaryimage"},"thumbnailUrl":"https:\/\/amautaenlinea.com\/blog\/wp-content\/uploads\/2021\/01\/Docentes-exigen-al-gobierno-no-volver-a-clases-presenciales-por-el-incremento-de-casos-COVID-19.jpg","datePublished":"2021-01-24T12:01:59+00:00","dateModified":"2021-01-24T12:02:01+00:00","description":"\u27a8","breadcrumb":{"@id":"https:\/\/amautaenlinea.com\/blog\/docentes-exigen-al-gobierno-no-volver-a-clases-presenciales-por-el-incremento-de-casos-covid-19\/#breadcrumb"},"inLanguage":"es","potentialAction":[{"@type":"ReadAction","target":["https:\/\/amautaenlinea.com\/blog\/docentes-exigen-al-gobierno-no-volver-a-clases-presenciales-por-el-incremento-de-casos-covid-19\/"]}]},{"@type":"ImageObject","inLanguage":"es","@id":"https:\/\/amautaenlinea.com\/blog\/docentes-exigen-al-gobierno-no-volver-a-clases-presenciales-por-el-incremento-de-casos-covid-19\/#primaryimage","url":"https:\/\/amautaenlinea.com\/blog\/wp-content\/uploads\/2021\/01\/Docentes-exigen-al-gobierno-no-volver-a-clases-presenciales-por-el-incremento-de-casos-COVID-19.jpg","contentUrl":"https:\/\/amautaenlinea.com\/blog\/wp-content\/uploads\/2021\/01\/Docentes-exigen-al-gobierno-no-volver-a-clases-presenciales-por-el-incremento-de-casos-COVID-19.jpg","width":1280,"height":720,"caption":"Docentes exigen al gobierno no volver a clases presenciales por el incremento de casos COVID 19"},{"@type":"BreadcrumbList","@id":"https:\/\/amautaenlinea.com\/blog\/docentes-exigen-al-gobierno-no-volver-a-clases-presenciales-por-el-incremento-de-casos-covid-19\/#breadcrumb","itemListElement":[{"@type":"ListItem","position":1,"name":"Portada","item":"https:\/\/amautaenlinea.com\/blog\/"},{"@type":"ListItem","position":2,"name":"Docentes exigen al gobierno no volver a clases presenciales por el incremento de casos COVID 19"}]},{"@type":"WebSite","@id":"https:\/\/amautaenlinea.com\/blog\/#website","url":"https:\/\/amautaenlinea.com\/blog\/","name":"Grupo AMAUTA","description":"","publisher":{"@id":"https:\/\/amautaenlinea.com\/blog\/#organization"},"potentialAction":[{"@type":"SearchAction","target":{"@type":"EntryPoint","urlTemplate":"https:\/\/amautaenlinea.com\/blog\/?s={search_term_string}"},"query-input":{"@type":"PropertyValueSpecification","valueRequired":true,"valueName":"search_term_string"}}],"inLanguage":"es"},{"@type":"Organization","@id":"https:\/\/amautaenlinea.com\/blog\/#organization","name":"Grupo AMAUTA E-BUSINESS","url":"https:\/\/amautaenlinea.com\/blog\/","logo":{"@type":"ImageObject","inLanguage":"es","@id":"https:\/\/amautaenlinea.com\/blog\/#\/schema\/logo\/image\/","url":"https:\/\/amautaenlinea.com\/blog\/wp-content\/uploads\/2023\/09\/logo-amauta.png","contentUrl":"https:\/\/amautaenlinea.com\/blog\/wp-content\/uploads\/2023\/09\/logo-amauta.png","width":1124,"height":368,"caption":"Grupo AMAUTA E-BUSINESS"},"image":{"@id":"https:\/\/amautaenlinea.com\/blog\/#\/schema\/logo\/image\/"},"sameAs":["https:\/\/www.facebook.com\/amautaperu.org\/"]},{"@type":"Person","@id":"https:\/\/amautaenlinea.com\/blog\/#\/schema\/person\/d8d4b5d672e9edb72a6f23fd40dd31d5","name":"Grupo AMAUTA EBUSINESS","image":{"@type":"ImageObject","inLanguage":"es","@id":"https:\/\/secure.gravatar.com\/avatar\/97706b54c222a710310e2db50e02e68de0a4c8bb76654bcc4053b08241c6bd6c?s=96&d=mm&r=g","url":"https:\/\/secure.gravatar.com\/avatar\/97706b54c222a710310e2db50e02e68de0a4c8bb76654bcc4053b08241c6bd6c?s=96&d=mm&r=g","contentUrl":"https:\/\/secure.gravatar.com\/avatar\/97706b54c222a710310e2db50e02e68de0a4c8bb76654bcc4053b08241c6bd6c?s=96&d=mm&r=g","caption":"Grupo AMAUTA EBUSINESS"}}]}},"_links":{"self":[{"href":"https:\/\/amautaenlinea.com\/blog\/wp-json\/wp\/v2\/posts\/6410","targetHints":{"allow":["GET"]}}],"collection":[{"href":"https:\/\/amautaenlinea.com\/blog\/wp-json\/wp\/v2\/posts"}],"about":[{"href":"https:\/\/amautaenlinea.com\/blog\/wp-json\/wp\/v2\/types\/post"}],"author":[{"embeddable":true,"href":"https:\/\/amautaenlinea.com\/blog\/wp-json\/wp\/v2\/users\/1"}],"replies":[{"embeddable":true,"href":"https:\/\/amautaenlinea.com\/blog\/wp-json\/wp\/v2\/comments?post=6410"}],"version-history":[{"count":0,"href":"https:\/\/amautaenlinea.com\/blog\/wp-json\/wp\/v2\/posts\/6410\/revisions"}],"wp:featuredmedia":[{"embeddable":true,"href":"https:\/\/amautaenlinea.com\/blog\/wp-json\/wp\/v2\/media\/6412"}],"wp:attachment":[{"href":"https:\/\/amautaenlinea.com\/blog\/wp-json\/wp\/v2\/media?parent=6410"}],"wp:term":[{"taxonomy":"category","embeddable":true,"href":"https:\/\/amautaenlinea.com\/blog\/wp-json\/wp\/v2\/categories?post=6410"},{"taxonomy":"post_tag","embeddable":true,"href":"https:\/\/amautaenlinea.com\/blog\/wp-json\/wp\/v2\/tags?post=6410"}],"curies":[{"name":"wp","href":"https:\/\/api.w.org\/{rel}","templated":true}]}}