{"id":6405,"date":"2021-01-23T12:01:20","date_gmt":"2021-01-23T12:01:20","guid":{"rendered":"https:\/\/amautaenlinea.com\/blog\/?p=6405"},"modified":"2021-01-23T12:01:23","modified_gmt":"2021-01-23T12:01:23","slug":"minedu-senala-priorizacion-del-trabajo-remoto-por-departamentos-en-el-marco-del-estado-de-emergencia-nacional-importante","status":"publish","type":"post","link":"https:\/\/amautaenlinea.com\/blog\/minedu-senala-priorizacion-del-trabajo-remoto-por-departamentos-en-el-marco-del-estado-de-emergencia-nacional-importante\/","title":{"rendered":"Minedu se\u00f1ala priorizaci\u00f3n del trabajo remoto por departamentos en el marco del Estado de Emergencia Nacional \u00a1IMPORTANTE!"},"content":{"rendered":"\n<p>Tengo el agrado de dirigirme a ustedes, en relaci\u00f3n a la normativa de la referencia, mediante la cual se establece el nivel de alerta por Departamento a nivel nacional, tal y como se detalla en el cuadro que se presenta a continuaci\u00f3n, disponi\u00e9ndose a su vez, medidas de prevenci\u00f3n y control para evitar la propagaci\u00f3n del COVID-19 en la actual coyuntura.<\/p>\n\n\n\n<figure class=\"wp-block-image size-large\"><img loading=\"lazy\" decoding=\"async\" width=\"949\" height=\"153\" src=\"https:\/\/amautaenlinea.com\/blog\/wp-content\/uploads\/2021\/01\/image-9.png\" alt=\"\" class=\"wp-image-6406\" srcset=\"https:\/\/amautaenlinea.com\/blog\/wp-content\/uploads\/2021\/01\/image-9.png 949w, https:\/\/amautaenlinea.com\/blog\/wp-content\/uploads\/2021\/01\/image-9-300x48.png 300w, https:\/\/amautaenlinea.com\/blog\/wp-content\/uploads\/2021\/01\/image-9-768x124.png 768w\" sizes=\"auto, (max-width: 949px) 100vw, 949px\" \/><\/figure>\n\n\n\n<p>Al respecto, teniendo en cuenta los niveles de contagios reportados en los \u00faltimos d\u00edas, se considera pertinente recomendar a sus despachos que, en tanto contin\u00fae el nivel de alerta descrito en el p\u00e1rrafo precedente, se adopten las acciones necesarias a fin de priorizar la modalidad del trabajo remoto, tanto en las Direcciones\/Gerencias a su cargo, como en las Unidades de Gesti\u00f3n Educativa Local de su jurisdicci\u00f3n, quedando las modalidades presencial y semipresencial restringidas \u00fanicamente para aquellos servidores y funcionarios que realicen actividades que requieran desarrollarse bajo dichas modalidades de manera indefectible.<\/p>\n\n\n\n<p>Por otro lado, con relaci\u00f3n a las modalidades semipresencial y presencial se considera pertinente sugerirles tambi\u00e9n, la adopci\u00f3n de acciones que aseguren el estricto cumplimiento de las medidas preventivas establecidas por la normativa vigente, teniendo como prioridad la protecci\u00f3n de la salud y vida de las personas; lo cual supone tambi\u00e9n, un control adecuado del ingreso de los servidores y funcionarios a su instituci\u00f3n, a fin de verificar que no se encuentren dentro de grupo de riesgo alguno.<\/p>\n\n\n\n<p>Sin otro en particular, hago propicia la ocasi\u00f3n para expresarle los sentimientos de mi especial consideraci\u00f3n y estima.<\/p>\n\n\n\n<div class=\"wp-block-file\"><a href=\"https:\/\/amautaenlinea.com\/blog\/wp-content\/uploads\/2021\/01\/20210121_174018_OFICIO_MULTIPLE-00004-2021-MINEDU-VMGI-D-1.pdf\">20210121_174018_OFICIO_MULTIPLE-00004-2021-MINEDU-VMGI-D-1<\/a><a href=\"https:\/\/amautaenlinea.com\/blog\/wp-content\/uploads\/2021\/01\/20210121_174018_OFICIO_MULTIPLE-00004-2021-MINEDU-VMGI-D-1.pdf\" class=\"wp-block-file__button\" download>Descargar<\/a><\/div>\n","protected":false},"excerpt":{"rendered":"<p>Tengo el agrado de dirigirme a ustedes, en relaci\u00f3n a la normativa de la referencia, mediante la cual se establece el nivel de alerta<\/p>\n","protected":false},"author":1,"featured_media":6408,"comment_status":"open","ping_status":"open","sticky":false,"template":"","format":"standard","meta":{"footnotes":""},"categories":[4],"tags":[],"class_list":["post-6405","post","type-post","status-publish","format-standard","has-post-thumbnail","hentry","category-educacion"],"yoast_head":"<!-- This site is optimized with the Yoast SEO Premium plugin v21.2 (Yoast SEO v27.5) - https:\/\/yoast.com\/product\/yoast-seo-premium-wordpress\/ -->\n<title>\u25b7 Minedu se\u00f1ala priorizaci\u00f3n del trabajo remoto por departamentos en el marco del Estado de Emergencia Nacional \u00a1IMPORTANTE! \u2705<\/title>\n<meta name=\"description\" content=\"\u27a8\" \/>\n<meta name=\"robots\" content=\"index, follow, max-snippet:-1, max-image-preview:large, max-video-preview:-1\" \/>\n<link rel=\"canonical\" href=\"https:\/\/amautaenlinea.com\/blog\/minedu-senala-priorizacion-del-trabajo-remoto-por-departamentos-en-el-marco-del-estado-de-emergencia-nacional-importante\/\" \/>\n<meta property=\"og:locale\" content=\"es_ES\" \/>\n<meta property=\"og:type\" content=\"article\" \/>\n<meta property=\"og:title\" content=\"Minedu se\u00f1ala priorizaci\u00f3n del trabajo remoto por departamentos en el marco del Estado de Emergencia Nacional \u00a1IMPORTANTE!\" \/>\n<meta property=\"og:description\" content=\"\u27a8\" \/>\n<meta property=\"og:url\" content=\"https:\/\/amautaenlinea.com\/blog\/minedu-senala-priorizacion-del-trabajo-remoto-por-departamentos-en-el-marco-del-estado-de-emergencia-nacional-importante\/\" \/>\n<meta property=\"og:site_name\" content=\"Grupo AMAUTA\" \/>\n<meta property=\"article:publisher\" content=\"https:\/\/www.facebook.com\/amautaperu.org\/\" \/>\n<meta property=\"article:published_time\" content=\"2021-01-23T12:01:20+00:00\" \/>\n<meta property=\"article:modified_time\" content=\"2021-01-23T12:01:23+00:00\" \/>\n<meta property=\"og:image\" content=\"https:\/\/amautaenlinea.com\/blog\/wp-content\/uploads\/2021\/01\/Minedu-senala-priorizacion-del-trabajo-remoto-por-departamentos-en-el-marco-del-Estado-de-Emergencia-Nacional-\u00a1IMPORTANTE.jpg\" \/>\n\t<meta property=\"og:image:width\" content=\"1280\" \/>\n\t<meta property=\"og:image:height\" content=\"720\" \/>\n\t<meta property=\"og:image:type\" content=\"image\/jpeg\" \/>\n<meta name=\"author\" content=\"Grupo AMAUTA EBUSINESS\" \/>\n<meta name=\"twitter:card\" content=\"summary_large_image\" \/>\n<script type=\"application\/ld+json\" class=\"yoast-schema-graph\">{\"@context\":\"https:\\\/\\\/schema.org\",\"@graph\":[{\"@type\":\"Article\",\"@id\":\"https:\\\/\\\/amautaenlinea.com\\\/blog\\\/minedu-senala-priorizacion-del-trabajo-remoto-por-departamentos-en-el-marco-del-estado-de-emergencia-nacional-importante\\\/#article\",\"isPartOf\":{\"@id\":\"https:\\\/\\\/amautaenlinea.com\\\/blog\\\/minedu-senala-priorizacion-del-trabajo-remoto-por-departamentos-en-el-marco-del-estado-de-emergencia-nacional-importante\\\/\"},\"author\":{\"name\":\"Grupo AMAUTA EBUSINESS\",\"@id\":\"https:\\\/\\\/amautaenlinea.com\\\/blog\\\/#\\\/schema\\\/person\\\/d8d4b5d672e9edb72a6f23fd40dd31d5\"},\"headline\":\"Minedu se\u00f1ala priorizaci\u00f3n del trabajo remoto por departamentos en el marco del Estado de Emergencia Nacional \u00a1IMPORTANTE!\",\"datePublished\":\"2021-01-23T12:01:20+00:00\",\"dateModified\":\"2021-01-23T12:01:23+00:00\",\"mainEntityOfPage\":{\"@id\":\"https:\\\/\\\/amautaenlinea.com\\\/blog\\\/minedu-senala-priorizacion-del-trabajo-remoto-por-departamentos-en-el-marco-del-estado-de-emergencia-nacional-importante\\\/\"},\"wordCount\":291,\"commentCount\":0,\"publisher\":{\"@id\":\"https:\\\/\\\/amautaenlinea.com\\\/blog\\\/#organization\"},\"image\":{\"@id\":\"https:\\\/\\\/amautaenlinea.com\\\/blog\\\/minedu-senala-priorizacion-del-trabajo-remoto-por-departamentos-en-el-marco-del-estado-de-emergencia-nacional-importante\\\/#primaryimage\"},\"thumbnailUrl\":\"https:\\\/\\\/amautaenlinea.com\\\/blog\\\/wp-content\\\/uploads\\\/2021\\\/01\\\/Minedu-senala-priorizacion-del-trabajo-remoto-por-departamentos-en-el-marco-del-Estado-de-Emergencia-Nacional-\u00a1IMPORTANTE.jpg\",\"articleSection\":[\"Educaci\u00f3n\"],\"inLanguage\":\"es\",\"potentialAction\":[{\"@type\":\"CommentAction\",\"name\":\"Comment\",\"target\":[\"https:\\\/\\\/amautaenlinea.com\\\/blog\\\/minedu-senala-priorizacion-del-trabajo-remoto-por-departamentos-en-el-marco-del-estado-de-emergencia-nacional-importante\\\/#respond\"]}],\"copyrightYear\":\"2021\",\"copyrightHolder\":{\"@id\":\"https:\\\/\\\/amautaenlinea.com\\\/blog\\\/#organization\"}},{\"@type\":\"WebPage\",\"@id\":\"https:\\\/\\\/amautaenlinea.com\\\/blog\\\/minedu-senala-priorizacion-del-trabajo-remoto-por-departamentos-en-el-marco-del-estado-de-emergencia-nacional-importante\\\/\",\"url\":\"https:\\\/\\\/amautaenlinea.com\\\/blog\\\/minedu-senala-priorizacion-del-trabajo-remoto-por-departamentos-en-el-marco-del-estado-de-emergencia-nacional-importante\\\/\",\"name\":\"\u25b7 Minedu se\u00f1ala priorizaci\u00f3n del trabajo remoto por departamentos en el marco del Estado de Emergencia Nacional \u00a1IMPORTANTE! \u2705\",\"isPartOf\":{\"@id\":\"https:\\\/\\\/amautaenlinea.com\\\/blog\\\/#website\"},\"primaryImageOfPage\":{\"@id\":\"https:\\\/\\\/amautaenlinea.com\\\/blog\\\/minedu-senala-priorizacion-del-trabajo-remoto-por-departamentos-en-el-marco-del-estado-de-emergencia-nacional-importante\\\/#primaryimage\"},\"image\":{\"@id\":\"https:\\\/\\\/amautaenlinea.com\\\/blog\\\/minedu-senala-priorizacion-del-trabajo-remoto-por-departamentos-en-el-marco-del-estado-de-emergencia-nacional-importante\\\/#primaryimage\"},\"thumbnailUrl\":\"https:\\\/\\\/amautaenlinea.com\\\/blog\\\/wp-content\\\/uploads\\\/2021\\\/01\\\/Minedu-senala-priorizacion-del-trabajo-remoto-por-departamentos-en-el-marco-del-Estado-de-Emergencia-Nacional-\u00a1IMPORTANTE.jpg\",\"datePublished\":\"2021-01-23T12:01:20+00:00\",\"dateModified\":\"2021-01-23T12:01:23+00:00\",\"description\":\"\u27a8\",\"breadcrumb\":{\"@id\":\"https:\\\/\\\/amautaenlinea.com\\\/blog\\\/minedu-senala-priorizacion-del-trabajo-remoto-por-departamentos-en-el-marco-del-estado-de-emergencia-nacional-importante\\\/#breadcrumb\"},\"inLanguage\":\"es\",\"potentialAction\":[{\"@type\":\"ReadAction\",\"target\":[\"https:\\\/\\\/amautaenlinea.com\\\/blog\\\/minedu-senala-priorizacion-del-trabajo-remoto-por-departamentos-en-el-marco-del-estado-de-emergencia-nacional-importante\\\/\"]}]},{\"@type\":\"ImageObject\",\"inLanguage\":\"es\",\"@id\":\"https:\\\/\\\/amautaenlinea.com\\\/blog\\\/minedu-senala-priorizacion-del-trabajo-remoto-por-departamentos-en-el-marco-del-estado-de-emergencia-nacional-importante\\\/#primaryimage\",\"url\":\"https:\\\/\\\/amautaenlinea.com\\\/blog\\\/wp-content\\\/uploads\\\/2021\\\/01\\\/Minedu-senala-priorizacion-del-trabajo-remoto-por-departamentos-en-el-marco-del-Estado-de-Emergencia-Nacional-\u00a1IMPORTANTE.jpg\",\"contentUrl\":\"https:\\\/\\\/amautaenlinea.com\\\/blog\\\/wp-content\\\/uploads\\\/2021\\\/01\\\/Minedu-senala-priorizacion-del-trabajo-remoto-por-departamentos-en-el-marco-del-Estado-de-Emergencia-Nacional-\u00a1IMPORTANTE.jpg\",\"width\":1280,\"height\":720},{\"@type\":\"BreadcrumbList\",\"@id\":\"https:\\\/\\\/amautaenlinea.com\\\/blog\\\/minedu-senala-priorizacion-del-trabajo-remoto-por-departamentos-en-el-marco-del-estado-de-emergencia-nacional-importante\\\/#breadcrumb\",\"itemListElement\":[{\"@type\":\"ListItem\",\"position\":1,\"name\":\"Portada\",\"item\":\"https:\\\/\\\/amautaenlinea.com\\\/blog\\\/\"},{\"@type\":\"ListItem\",\"position\":2,\"name\":\"Minedu se\u00f1ala priorizaci\u00f3n del trabajo remoto por departamentos en el marco del Estado de Emergencia Nacional \u00a1IMPORTANTE!\"}]},{\"@type\":\"WebSite\",\"@id\":\"https:\\\/\\\/amautaenlinea.com\\\/blog\\\/#website\",\"url\":\"https:\\\/\\\/amautaenlinea.com\\\/blog\\\/\",\"name\":\"Grupo AMAUTA\",\"description\":\"\",\"publisher\":{\"@id\":\"https:\\\/\\\/amautaenlinea.com\\\/blog\\\/#organization\"},\"potentialAction\":[{\"@type\":\"SearchAction\",\"target\":{\"@type\":\"EntryPoint\",\"urlTemplate\":\"https:\\\/\\\/amautaenlinea.com\\\/blog\\\/?s={search_term_string}\"},\"query-input\":{\"@type\":\"PropertyValueSpecification\",\"valueRequired\":true,\"valueName\":\"search_term_string\"}}],\"inLanguage\":\"es\"},{\"@type\":\"Organization\",\"@id\":\"https:\\\/\\\/amautaenlinea.com\\\/blog\\\/#organization\",\"name\":\"Grupo AMAUTA E-BUSINESS\",\"url\":\"https:\\\/\\\/amautaenlinea.com\\\/blog\\\/\",\"logo\":{\"@type\":\"ImageObject\",\"inLanguage\":\"es\",\"@id\":\"https:\\\/\\\/amautaenlinea.com\\\/blog\\\/#\\\/schema\\\/logo\\\/image\\\/\",\"url\":\"https:\\\/\\\/amautaenlinea.com\\\/blog\\\/wp-content\\\/uploads\\\/2023\\\/09\\\/logo-amauta.png\",\"contentUrl\":\"https:\\\/\\\/amautaenlinea.com\\\/blog\\\/wp-content\\\/uploads\\\/2023\\\/09\\\/logo-amauta.png\",\"width\":1124,\"height\":368,\"caption\":\"Grupo AMAUTA E-BUSINESS\"},\"image\":{\"@id\":\"https:\\\/\\\/amautaenlinea.com\\\/blog\\\/#\\\/schema\\\/logo\\\/image\\\/\"},\"sameAs\":[\"https:\\\/\\\/www.facebook.com\\\/amautaperu.org\\\/\"]},{\"@type\":\"Person\",\"@id\":\"https:\\\/\\\/amautaenlinea.com\\\/blog\\\/#\\\/schema\\\/person\\\/d8d4b5d672e9edb72a6f23fd40dd31d5\",\"name\":\"Grupo AMAUTA EBUSINESS\",\"image\":{\"@type\":\"ImageObject\",\"inLanguage\":\"es\",\"@id\":\"https:\\\/\\\/secure.gravatar.com\\\/avatar\\\/97706b54c222a710310e2db50e02e68de0a4c8bb76654bcc4053b08241c6bd6c?s=96&d=mm&r=g\",\"url\":\"https:\\\/\\\/secure.gravatar.com\\\/avatar\\\/97706b54c222a710310e2db50e02e68de0a4c8bb76654bcc4053b08241c6bd6c?s=96&d=mm&r=g\",\"contentUrl\":\"https:\\\/\\\/secure.gravatar.com\\\/avatar\\\/97706b54c222a710310e2db50e02e68de0a4c8bb76654bcc4053b08241c6bd6c?s=96&d=mm&r=g\",\"caption\":\"Grupo AMAUTA EBUSINESS\"}}]}<\/script>\n<!-- \/ Yoast SEO Premium plugin. -->","yoast_head_json":{"title":"\u25b7 Minedu se\u00f1ala priorizaci\u00f3n del trabajo remoto por departamentos en el marco del Estado de Emergencia Nacional \u00a1IMPORTANTE! \u2705","description":"\u27a8","robots":{"index":"index","follow":"follow","max-snippet":"max-snippet:-1","max-image-preview":"max-image-preview:large","max-video-preview":"max-video-preview:-1"},"canonical":"https:\/\/amautaenlinea.com\/blog\/minedu-senala-priorizacion-del-trabajo-remoto-por-departamentos-en-el-marco-del-estado-de-emergencia-nacional-importante\/","og_locale":"es_ES","og_type":"article","og_title":"Minedu se\u00f1ala priorizaci\u00f3n del trabajo remoto por departamentos en el marco del Estado de Emergencia Nacional \u00a1IMPORTANTE!","og_description":"\u27a8","og_url":"https:\/\/amautaenlinea.com\/blog\/minedu-senala-priorizacion-del-trabajo-remoto-por-departamentos-en-el-marco-del-estado-de-emergencia-nacional-importante\/","og_site_name":"Grupo AMAUTA","article_publisher":"https:\/\/www.facebook.com\/amautaperu.org\/","article_published_time":"2021-01-23T12:01:20+00:00","article_modified_time":"2021-01-23T12:01:23+00:00","og_image":[{"width":1280,"height":720,"url":"https:\/\/amautaenlinea.com\/blog\/wp-content\/uploads\/2021\/01\/Minedu-senala-priorizacion-del-trabajo-remoto-por-departamentos-en-el-marco-del-Estado-de-Emergencia-Nacional-\u00a1IMPORTANTE.jpg","type":"image\/jpeg"}],"author":"Grupo AMAUTA EBUSINESS","twitter_card":"summary_large_image","schema":{"@context":"https:\/\/schema.org","@graph":[{"@type":"Article","@id":"https:\/\/amautaenlinea.com\/blog\/minedu-senala-priorizacion-del-trabajo-remoto-por-departamentos-en-el-marco-del-estado-de-emergencia-nacional-importante\/#article","isPartOf":{"@id":"https:\/\/amautaenlinea.com\/blog\/minedu-senala-priorizacion-del-trabajo-remoto-por-departamentos-en-el-marco-del-estado-de-emergencia-nacional-importante\/"},"author":{"name":"Grupo AMAUTA EBUSINESS","@id":"https:\/\/amautaenlinea.com\/blog\/#\/schema\/person\/d8d4b5d672e9edb72a6f23fd40dd31d5"},"headline":"Minedu se\u00f1ala priorizaci\u00f3n del trabajo remoto por departamentos en el marco del Estado de Emergencia Nacional \u00a1IMPORTANTE!","datePublished":"2021-01-23T12:01:20+00:00","dateModified":"2021-01-23T12:01:23+00:00","mainEntityOfPage":{"@id":"https:\/\/amautaenlinea.com\/blog\/minedu-senala-priorizacion-del-trabajo-remoto-por-departamentos-en-el-marco-del-estado-de-emergencia-nacional-importante\/"},"wordCount":291,"commentCount":0,"publisher":{"@id":"https:\/\/amautaenlinea.com\/blog\/#organization"},"image":{"@id":"https:\/\/amautaenlinea.com\/blog\/minedu-senala-priorizacion-del-trabajo-remoto-por-departamentos-en-el-marco-del-estado-de-emergencia-nacional-importante\/#primaryimage"},"thumbnailUrl":"https:\/\/amautaenlinea.com\/blog\/wp-content\/uploads\/2021\/01\/Minedu-senala-priorizacion-del-trabajo-remoto-por-departamentos-en-el-marco-del-Estado-de-Emergencia-Nacional-\u00a1IMPORTANTE.jpg","articleSection":["Educaci\u00f3n"],"inLanguage":"es","potentialAction":[{"@type":"CommentAction","name":"Comment","target":["https:\/\/amautaenlinea.com\/blog\/minedu-senala-priorizacion-del-trabajo-remoto-por-departamentos-en-el-marco-del-estado-de-emergencia-nacional-importante\/#respond"]}],"copyrightYear":"2021","copyrightHolder":{"@id":"https:\/\/amautaenlinea.com\/blog\/#organization"}},{"@type":"WebPage","@id":"https:\/\/amautaenlinea.com\/blog\/minedu-senala-priorizacion-del-trabajo-remoto-por-departamentos-en-el-marco-del-estado-de-emergencia-nacional-importante\/","url":"https:\/\/amautaenlinea.com\/blog\/minedu-senala-priorizacion-del-trabajo-remoto-por-departamentos-en-el-marco-del-estado-de-emergencia-nacional-importante\/","name":"\u25b7 Minedu se\u00f1ala priorizaci\u00f3n del trabajo remoto por departamentos en el marco del Estado de Emergencia Nacional \u00a1IMPORTANTE! \u2705","isPartOf":{"@id":"https:\/\/amautaenlinea.com\/blog\/#website"},"primaryImageOfPage":{"@id":"https:\/\/amautaenlinea.com\/blog\/minedu-senala-priorizacion-del-trabajo-remoto-por-departamentos-en-el-marco-del-estado-de-emergencia-nacional-importante\/#primaryimage"},"image":{"@id":"https:\/\/amautaenlinea.com\/blog\/minedu-senala-priorizacion-del-trabajo-remoto-por-departamentos-en-el-marco-del-estado-de-emergencia-nacional-importante\/#primaryimage"},"thumbnailUrl":"https:\/\/amautaenlinea.com\/blog\/wp-content\/uploads\/2021\/01\/Minedu-senala-priorizacion-del-trabajo-remoto-por-departamentos-en-el-marco-del-Estado-de-Emergencia-Nacional-\u00a1IMPORTANTE.jpg","datePublished":"2021-01-23T12:01:20+00:00","dateModified":"2021-01-23T12:01:23+00:00","description":"\u27a8","breadcrumb":{"@id":"https:\/\/amautaenlinea.com\/blog\/minedu-senala-priorizacion-del-trabajo-remoto-por-departamentos-en-el-marco-del-estado-de-emergencia-nacional-importante\/#breadcrumb"},"inLanguage":"es","potentialAction":[{"@type":"ReadAction","target":["https:\/\/amautaenlinea.com\/blog\/minedu-senala-priorizacion-del-trabajo-remoto-por-departamentos-en-el-marco-del-estado-de-emergencia-nacional-importante\/"]}]},{"@type":"ImageObject","inLanguage":"es","@id":"https:\/\/amautaenlinea.com\/blog\/minedu-senala-priorizacion-del-trabajo-remoto-por-departamentos-en-el-marco-del-estado-de-emergencia-nacional-importante\/#primaryimage","url":"https:\/\/amautaenlinea.com\/blog\/wp-content\/uploads\/2021\/01\/Minedu-senala-priorizacion-del-trabajo-remoto-por-departamentos-en-el-marco-del-Estado-de-Emergencia-Nacional-\u00a1IMPORTANTE.jpg","contentUrl":"https:\/\/amautaenlinea.com\/blog\/wp-content\/uploads\/2021\/01\/Minedu-senala-priorizacion-del-trabajo-remoto-por-departamentos-en-el-marco-del-Estado-de-Emergencia-Nacional-\u00a1IMPORTANTE.jpg","width":1280,"height":720},{"@type":"BreadcrumbList","@id":"https:\/\/amautaenlinea.com\/blog\/minedu-senala-priorizacion-del-trabajo-remoto-por-departamentos-en-el-marco-del-estado-de-emergencia-nacional-importante\/#breadcrumb","itemListElement":[{"@type":"ListItem","position":1,"name":"Portada","item":"https:\/\/amautaenlinea.com\/blog\/"},{"@type":"ListItem","position":2,"name":"Minedu se\u00f1ala priorizaci\u00f3n del trabajo remoto por departamentos en el marco del Estado de Emergencia Nacional \u00a1IMPORTANTE!"}]},{"@type":"WebSite","@id":"https:\/\/amautaenlinea.com\/blog\/#website","url":"https:\/\/amautaenlinea.com\/blog\/","name":"Grupo AMAUTA","description":"","publisher":{"@id":"https:\/\/amautaenlinea.com\/blog\/#organization"},"potentialAction":[{"@type":"SearchAction","target":{"@type":"EntryPoint","urlTemplate":"https:\/\/amautaenlinea.com\/blog\/?s={search_term_string}"},"query-input":{"@type":"PropertyValueSpecification","valueRequired":true,"valueName":"search_term_string"}}],"inLanguage":"es"},{"@type":"Organization","@id":"https:\/\/amautaenlinea.com\/blog\/#organization","name":"Grupo AMAUTA E-BUSINESS","url":"https:\/\/amautaenlinea.com\/blog\/","logo":{"@type":"ImageObject","inLanguage":"es","@id":"https:\/\/amautaenlinea.com\/blog\/#\/schema\/logo\/image\/","url":"https:\/\/amautaenlinea.com\/blog\/wp-content\/uploads\/2023\/09\/logo-amauta.png","contentUrl":"https:\/\/amautaenlinea.com\/blog\/wp-content\/uploads\/2023\/09\/logo-amauta.png","width":1124,"height":368,"caption":"Grupo AMAUTA E-BUSINESS"},"image":{"@id":"https:\/\/amautaenlinea.com\/blog\/#\/schema\/logo\/image\/"},"sameAs":["https:\/\/www.facebook.com\/amautaperu.org\/"]},{"@type":"Person","@id":"https:\/\/amautaenlinea.com\/blog\/#\/schema\/person\/d8d4b5d672e9edb72a6f23fd40dd31d5","name":"Grupo AMAUTA EBUSINESS","image":{"@type":"ImageObject","inLanguage":"es","@id":"https:\/\/secure.gravatar.com\/avatar\/97706b54c222a710310e2db50e02e68de0a4c8bb76654bcc4053b08241c6bd6c?s=96&d=mm&r=g","url":"https:\/\/secure.gravatar.com\/avatar\/97706b54c222a710310e2db50e02e68de0a4c8bb76654bcc4053b08241c6bd6c?s=96&d=mm&r=g","contentUrl":"https:\/\/secure.gravatar.com\/avatar\/97706b54c222a710310e2db50e02e68de0a4c8bb76654bcc4053b08241c6bd6c?s=96&d=mm&r=g","caption":"Grupo AMAUTA EBUSINESS"}}]}},"_links":{"self":[{"href":"https:\/\/amautaenlinea.com\/blog\/wp-json\/wp\/v2\/posts\/6405","targetHints":{"allow":["GET"]}}],"collection":[{"href":"https:\/\/amautaenlinea.com\/blog\/wp-json\/wp\/v2\/posts"}],"about":[{"href":"https:\/\/amautaenlinea.com\/blog\/wp-json\/wp\/v2\/types\/post"}],"author":[{"embeddable":true,"href":"https:\/\/amautaenlinea.com\/blog\/wp-json\/wp\/v2\/users\/1"}],"replies":[{"embeddable":true,"href":"https:\/\/amautaenlinea.com\/blog\/wp-json\/wp\/v2\/comments?post=6405"}],"version-history":[{"count":0,"href":"https:\/\/amautaenlinea.com\/blog\/wp-json\/wp\/v2\/posts\/6405\/revisions"}],"wp:featuredmedia":[{"embeddable":true,"href":"https:\/\/amautaenlinea.com\/blog\/wp-json\/wp\/v2\/media\/6408"}],"wp:attachment":[{"href":"https:\/\/amautaenlinea.com\/blog\/wp-json\/wp\/v2\/media?parent=6405"}],"wp:term":[{"taxonomy":"category","embeddable":true,"href":"https:\/\/amautaenlinea.com\/blog\/wp-json\/wp\/v2\/categories?post=6405"},{"taxonomy":"post_tag","embeddable":true,"href":"https:\/\/amautaenlinea.com\/blog\/wp-json\/wp\/v2\/tags?post=6405"}],"curies":[{"name":"wp","href":"https:\/\/api.w.org\/{rel}","templated":true}]}}