{"id":6401,"date":"2021-01-24T01:27:23","date_gmt":"2021-01-24T01:27:23","guid":{"rendered":"https:\/\/amautaenlinea.com\/blog\/?p=6401"},"modified":"2021-01-24T01:27:26","modified_gmt":"2021-01-24T01:27:26","slug":"minedu-responde-las-carpetas-de-recuperacion-seran-calificadas-o-evaluadas-o-solo-son-insumos-para-la-evaluacion-diagnostica-para-este-marzo-del-2021","status":"publish","type":"post","link":"https:\/\/amautaenlinea.com\/blog\/minedu-responde-las-carpetas-de-recuperacion-seran-calificadas-o-evaluadas-o-solo-son-insumos-para-la-evaluacion-diagnostica-para-este-marzo-del-2021\/","title":{"rendered":"Minedu responde \u00bfLas carpetas de recuperaci\u00f3n ser\u00e1n calificadas o evaluadas, o solo son insumos para la evaluaci\u00f3n diagn\u00f3stica para este marzo del 2021?"},"content":{"rendered":"\n<p><strong>Estimados docentes <\/strong><\/p>\n\n\n\n<p>Compartimos sobre la pregunta que se hacen muchos docentes \u00bfLas carpetas de recuperaci\u00f3n ser\u00e1n calificadas o evaluadas, o solo son insumos para la evaluaci\u00f3n diagn\u00f3stica para este marzo del 2021?<\/p>\n\n\n\n<p><strong>Solo en el caso de los estudiantes de 5.\u00b0 de secundaria las Carpetas de recuperaci\u00f3n se pueden tomar como evidencia para el registro de evaluaci\u00f3n del nivel de logro de las competencias. <\/strong><\/p>\n\n\n\n<p><strong>En los otros casos, ser\u00e1 un insumo de la evaluaci\u00f3n diagn\u00f3stica para la toma de decisiones y dar continuidad a los aprendizajes de los estudiantes.<\/strong><\/p>\n\n\n\n<p><strong>Adaptado de la RVM N.\u00b0 193-2020-MINEDU<\/strong><\/p>\n\n\n\n<p><\/p>\n","protected":false},"excerpt":{"rendered":"<p>Estimados docentes Compartimos sobre la pregunta que se hacen muchos docentes \u00bfLas carpetas de recuperaci\u00f3n ser\u00e1n calificadas o evaluadas, o solo son insumos para<\/p>\n","protected":false},"author":1,"featured_media":6402,"comment_status":"open","ping_status":"open","sticky":false,"template":"","format":"standard","meta":{"footnotes":""},"categories":[4],"tags":[],"class_list":["post-6401","post","type-post","status-publish","format-standard","has-post-thumbnail","hentry","category-educacion"],"yoast_head":"<!-- This site is optimized with the Yoast SEO Premium plugin v21.2 (Yoast SEO v27.5) - https:\/\/yoast.com\/product\/yoast-seo-premium-wordpress\/ -->\n<title>\u25b7 Minedu responde \u00bfLas carpetas de recuperaci\u00f3n ser\u00e1n calificadas o evaluadas, o solo son insumos para la evaluaci\u00f3n diagn\u00f3stica para este marzo del 2021? \u2705<\/title>\n<meta name=\"description\" content=\"\u27a8\" \/>\n<meta name=\"robots\" content=\"index, follow, max-snippet:-1, max-image-preview:large, max-video-preview:-1\" \/>\n<link rel=\"canonical\" href=\"https:\/\/amautaenlinea.com\/blog\/minedu-responde-las-carpetas-de-recuperacion-seran-calificadas-o-evaluadas-o-solo-son-insumos-para-la-evaluacion-diagnostica-para-este-marzo-del-2021\/\" \/>\n<meta property=\"og:locale\" content=\"es_ES\" \/>\n<meta property=\"og:type\" content=\"article\" \/>\n<meta property=\"og:title\" content=\"Minedu responde \u00bfLas carpetas de recuperaci\u00f3n ser\u00e1n calificadas o evaluadas, o solo son insumos para la evaluaci\u00f3n diagn\u00f3stica para este marzo del 2021?\" \/>\n<meta property=\"og:description\" content=\"\u27a8\" \/>\n<meta property=\"og:url\" content=\"https:\/\/amautaenlinea.com\/blog\/minedu-responde-las-carpetas-de-recuperacion-seran-calificadas-o-evaluadas-o-solo-son-insumos-para-la-evaluacion-diagnostica-para-este-marzo-del-2021\/\" \/>\n<meta property=\"og:site_name\" content=\"Grupo AMAUTA\" \/>\n<meta property=\"article:publisher\" content=\"https:\/\/www.facebook.com\/amautaperu.org\/\" \/>\n<meta property=\"article:published_time\" content=\"2021-01-24T01:27:23+00:00\" \/>\n<meta property=\"article:modified_time\" content=\"2021-01-24T01:27:26+00:00\" \/>\n<meta property=\"og:image\" content=\"https:\/\/amautaenlinea.com\/blog\/wp-content\/uploads\/2021\/01\/Las-carpetas-de-recuperacion-seran-calificadas-o-evaluadas-o-solo-son-insumos-para-la-evaluacion-diagnostica-para-este-marzo-del-2021.jpg\" \/>\n\t<meta property=\"og:image:width\" content=\"1280\" \/>\n\t<meta property=\"og:image:height\" content=\"720\" \/>\n\t<meta property=\"og:image:type\" content=\"image\/jpeg\" \/>\n<meta name=\"author\" content=\"Grupo AMAUTA EBUSINESS\" \/>\n<meta name=\"twitter:card\" content=\"summary_large_image\" \/>\n<script type=\"application\/ld+json\" class=\"yoast-schema-graph\">{\"@context\":\"https:\\\/\\\/schema.org\",\"@graph\":[{\"@type\":\"Article\",\"@id\":\"https:\\\/\\\/amautaenlinea.com\\\/blog\\\/minedu-responde-las-carpetas-de-recuperacion-seran-calificadas-o-evaluadas-o-solo-son-insumos-para-la-evaluacion-diagnostica-para-este-marzo-del-2021\\\/#article\",\"isPartOf\":{\"@id\":\"https:\\\/\\\/amautaenlinea.com\\\/blog\\\/minedu-responde-las-carpetas-de-recuperacion-seran-calificadas-o-evaluadas-o-solo-son-insumos-para-la-evaluacion-diagnostica-para-este-marzo-del-2021\\\/\"},\"author\":{\"name\":\"Grupo AMAUTA EBUSINESS\",\"@id\":\"https:\\\/\\\/amautaenlinea.com\\\/blog\\\/#\\\/schema\\\/person\\\/d8d4b5d672e9edb72a6f23fd40dd31d5\"},\"headline\":\"Minedu responde \u00bfLas carpetas de recuperaci\u00f3n ser\u00e1n calificadas o evaluadas, o solo son insumos para la evaluaci\u00f3n diagn\u00f3stica para este marzo del 2021?\",\"datePublished\":\"2021-01-24T01:27:23+00:00\",\"dateModified\":\"2021-01-24T01:27:26+00:00\",\"mainEntityOfPage\":{\"@id\":\"https:\\\/\\\/amautaenlinea.com\\\/blog\\\/minedu-responde-las-carpetas-de-recuperacion-seran-calificadas-o-evaluadas-o-solo-son-insumos-para-la-evaluacion-diagnostica-para-este-marzo-del-2021\\\/\"},\"wordCount\":128,\"commentCount\":0,\"publisher\":{\"@id\":\"https:\\\/\\\/amautaenlinea.com\\\/blog\\\/#organization\"},\"image\":{\"@id\":\"https:\\\/\\\/amautaenlinea.com\\\/blog\\\/minedu-responde-las-carpetas-de-recuperacion-seran-calificadas-o-evaluadas-o-solo-son-insumos-para-la-evaluacion-diagnostica-para-este-marzo-del-2021\\\/#primaryimage\"},\"thumbnailUrl\":\"https:\\\/\\\/amautaenlinea.com\\\/blog\\\/wp-content\\\/uploads\\\/2021\\\/01\\\/Las-carpetas-de-recuperacion-seran-calificadas-o-evaluadas-o-solo-son-insumos-para-la-evaluacion-diagnostica-para-este-marzo-del-2021.jpg\",\"articleSection\":[\"Educaci\u00f3n\"],\"inLanguage\":\"es\",\"potentialAction\":[{\"@type\":\"CommentAction\",\"name\":\"Comment\",\"target\":[\"https:\\\/\\\/amautaenlinea.com\\\/blog\\\/minedu-responde-las-carpetas-de-recuperacion-seran-calificadas-o-evaluadas-o-solo-son-insumos-para-la-evaluacion-diagnostica-para-este-marzo-del-2021\\\/#respond\"]}],\"copyrightYear\":\"2021\",\"copyrightHolder\":{\"@id\":\"https:\\\/\\\/amautaenlinea.com\\\/blog\\\/#organization\"}},{\"@type\":\"WebPage\",\"@id\":\"https:\\\/\\\/amautaenlinea.com\\\/blog\\\/minedu-responde-las-carpetas-de-recuperacion-seran-calificadas-o-evaluadas-o-solo-son-insumos-para-la-evaluacion-diagnostica-para-este-marzo-del-2021\\\/\",\"url\":\"https:\\\/\\\/amautaenlinea.com\\\/blog\\\/minedu-responde-las-carpetas-de-recuperacion-seran-calificadas-o-evaluadas-o-solo-son-insumos-para-la-evaluacion-diagnostica-para-este-marzo-del-2021\\\/\",\"name\":\"\u25b7 Minedu responde \u00bfLas carpetas de recuperaci\u00f3n ser\u00e1n calificadas o evaluadas, o solo son insumos para la evaluaci\u00f3n diagn\u00f3stica para este marzo del 2021? \u2705\",\"isPartOf\":{\"@id\":\"https:\\\/\\\/amautaenlinea.com\\\/blog\\\/#website\"},\"primaryImageOfPage\":{\"@id\":\"https:\\\/\\\/amautaenlinea.com\\\/blog\\\/minedu-responde-las-carpetas-de-recuperacion-seran-calificadas-o-evaluadas-o-solo-son-insumos-para-la-evaluacion-diagnostica-para-este-marzo-del-2021\\\/#primaryimage\"},\"image\":{\"@id\":\"https:\\\/\\\/amautaenlinea.com\\\/blog\\\/minedu-responde-las-carpetas-de-recuperacion-seran-calificadas-o-evaluadas-o-solo-son-insumos-para-la-evaluacion-diagnostica-para-este-marzo-del-2021\\\/#primaryimage\"},\"thumbnailUrl\":\"https:\\\/\\\/amautaenlinea.com\\\/blog\\\/wp-content\\\/uploads\\\/2021\\\/01\\\/Las-carpetas-de-recuperacion-seran-calificadas-o-evaluadas-o-solo-son-insumos-para-la-evaluacion-diagnostica-para-este-marzo-del-2021.jpg\",\"datePublished\":\"2021-01-24T01:27:23+00:00\",\"dateModified\":\"2021-01-24T01:27:26+00:00\",\"description\":\"\u27a8\",\"breadcrumb\":{\"@id\":\"https:\\\/\\\/amautaenlinea.com\\\/blog\\\/minedu-responde-las-carpetas-de-recuperacion-seran-calificadas-o-evaluadas-o-solo-son-insumos-para-la-evaluacion-diagnostica-para-este-marzo-del-2021\\\/#breadcrumb\"},\"inLanguage\":\"es\",\"potentialAction\":[{\"@type\":\"ReadAction\",\"target\":[\"https:\\\/\\\/amautaenlinea.com\\\/blog\\\/minedu-responde-las-carpetas-de-recuperacion-seran-calificadas-o-evaluadas-o-solo-son-insumos-para-la-evaluacion-diagnostica-para-este-marzo-del-2021\\\/\"]}]},{\"@type\":\"ImageObject\",\"inLanguage\":\"es\",\"@id\":\"https:\\\/\\\/amautaenlinea.com\\\/blog\\\/minedu-responde-las-carpetas-de-recuperacion-seran-calificadas-o-evaluadas-o-solo-son-insumos-para-la-evaluacion-diagnostica-para-este-marzo-del-2021\\\/#primaryimage\",\"url\":\"https:\\\/\\\/amautaenlinea.com\\\/blog\\\/wp-content\\\/uploads\\\/2021\\\/01\\\/Las-carpetas-de-recuperacion-seran-calificadas-o-evaluadas-o-solo-son-insumos-para-la-evaluacion-diagnostica-para-este-marzo-del-2021.jpg\",\"contentUrl\":\"https:\\\/\\\/amautaenlinea.com\\\/blog\\\/wp-content\\\/uploads\\\/2021\\\/01\\\/Las-carpetas-de-recuperacion-seran-calificadas-o-evaluadas-o-solo-son-insumos-para-la-evaluacion-diagnostica-para-este-marzo-del-2021.jpg\",\"width\":1280,\"height\":720},{\"@type\":\"BreadcrumbList\",\"@id\":\"https:\\\/\\\/amautaenlinea.com\\\/blog\\\/minedu-responde-las-carpetas-de-recuperacion-seran-calificadas-o-evaluadas-o-solo-son-insumos-para-la-evaluacion-diagnostica-para-este-marzo-del-2021\\\/#breadcrumb\",\"itemListElement\":[{\"@type\":\"ListItem\",\"position\":1,\"name\":\"Portada\",\"item\":\"https:\\\/\\\/amautaenlinea.com\\\/blog\\\/\"},{\"@type\":\"ListItem\",\"position\":2,\"name\":\"Minedu responde \u00bfLas carpetas de recuperaci\u00f3n ser\u00e1n calificadas o evaluadas, o solo son insumos para la evaluaci\u00f3n diagn\u00f3stica para este marzo del 2021?\"}]},{\"@type\":\"WebSite\",\"@id\":\"https:\\\/\\\/amautaenlinea.com\\\/blog\\\/#website\",\"url\":\"https:\\\/\\\/amautaenlinea.com\\\/blog\\\/\",\"name\":\"Grupo AMAUTA\",\"description\":\"\",\"publisher\":{\"@id\":\"https:\\\/\\\/amautaenlinea.com\\\/blog\\\/#organization\"},\"potentialAction\":[{\"@type\":\"SearchAction\",\"target\":{\"@type\":\"EntryPoint\",\"urlTemplate\":\"https:\\\/\\\/amautaenlinea.com\\\/blog\\\/?s={search_term_string}\"},\"query-input\":{\"@type\":\"PropertyValueSpecification\",\"valueRequired\":true,\"valueName\":\"search_term_string\"}}],\"inLanguage\":\"es\"},{\"@type\":\"Organization\",\"@id\":\"https:\\\/\\\/amautaenlinea.com\\\/blog\\\/#organization\",\"name\":\"Grupo AMAUTA E-BUSINESS\",\"url\":\"https:\\\/\\\/amautaenlinea.com\\\/blog\\\/\",\"logo\":{\"@type\":\"ImageObject\",\"inLanguage\":\"es\",\"@id\":\"https:\\\/\\\/amautaenlinea.com\\\/blog\\\/#\\\/schema\\\/logo\\\/image\\\/\",\"url\":\"https:\\\/\\\/amautaenlinea.com\\\/blog\\\/wp-content\\\/uploads\\\/2023\\\/09\\\/logo-amauta.png\",\"contentUrl\":\"https:\\\/\\\/amautaenlinea.com\\\/blog\\\/wp-content\\\/uploads\\\/2023\\\/09\\\/logo-amauta.png\",\"width\":1124,\"height\":368,\"caption\":\"Grupo AMAUTA E-BUSINESS\"},\"image\":{\"@id\":\"https:\\\/\\\/amautaenlinea.com\\\/blog\\\/#\\\/schema\\\/logo\\\/image\\\/\"},\"sameAs\":[\"https:\\\/\\\/www.facebook.com\\\/amautaperu.org\\\/\"]},{\"@type\":\"Person\",\"@id\":\"https:\\\/\\\/amautaenlinea.com\\\/blog\\\/#\\\/schema\\\/person\\\/d8d4b5d672e9edb72a6f23fd40dd31d5\",\"name\":\"Grupo AMAUTA EBUSINESS\",\"image\":{\"@type\":\"ImageObject\",\"inLanguage\":\"es\",\"@id\":\"https:\\\/\\\/secure.gravatar.com\\\/avatar\\\/97706b54c222a710310e2db50e02e68de0a4c8bb76654bcc4053b08241c6bd6c?s=96&d=mm&r=g\",\"url\":\"https:\\\/\\\/secure.gravatar.com\\\/avatar\\\/97706b54c222a710310e2db50e02e68de0a4c8bb76654bcc4053b08241c6bd6c?s=96&d=mm&r=g\",\"contentUrl\":\"https:\\\/\\\/secure.gravatar.com\\\/avatar\\\/97706b54c222a710310e2db50e02e68de0a4c8bb76654bcc4053b08241c6bd6c?s=96&d=mm&r=g\",\"caption\":\"Grupo AMAUTA EBUSINESS\"}}]}<\/script>\n<!-- \/ Yoast SEO Premium plugin. -->","yoast_head_json":{"title":"\u25b7 Minedu responde \u00bfLas carpetas de recuperaci\u00f3n ser\u00e1n calificadas o evaluadas, o solo son insumos para la evaluaci\u00f3n diagn\u00f3stica para este marzo del 2021? \u2705","description":"\u27a8","robots":{"index":"index","follow":"follow","max-snippet":"max-snippet:-1","max-image-preview":"max-image-preview:large","max-video-preview":"max-video-preview:-1"},"canonical":"https:\/\/amautaenlinea.com\/blog\/minedu-responde-las-carpetas-de-recuperacion-seran-calificadas-o-evaluadas-o-solo-son-insumos-para-la-evaluacion-diagnostica-para-este-marzo-del-2021\/","og_locale":"es_ES","og_type":"article","og_title":"Minedu responde \u00bfLas carpetas de recuperaci\u00f3n ser\u00e1n calificadas o evaluadas, o solo son insumos para la evaluaci\u00f3n diagn\u00f3stica para este marzo del 2021?","og_description":"\u27a8","og_url":"https:\/\/amautaenlinea.com\/blog\/minedu-responde-las-carpetas-de-recuperacion-seran-calificadas-o-evaluadas-o-solo-son-insumos-para-la-evaluacion-diagnostica-para-este-marzo-del-2021\/","og_site_name":"Grupo AMAUTA","article_publisher":"https:\/\/www.facebook.com\/amautaperu.org\/","article_published_time":"2021-01-24T01:27:23+00:00","article_modified_time":"2021-01-24T01:27:26+00:00","og_image":[{"width":1280,"height":720,"url":"https:\/\/amautaenlinea.com\/blog\/wp-content\/uploads\/2021\/01\/Las-carpetas-de-recuperacion-seran-calificadas-o-evaluadas-o-solo-son-insumos-para-la-evaluacion-diagnostica-para-este-marzo-del-2021.jpg","type":"image\/jpeg"}],"author":"Grupo AMAUTA EBUSINESS","twitter_card":"summary_large_image","schema":{"@context":"https:\/\/schema.org","@graph":[{"@type":"Article","@id":"https:\/\/amautaenlinea.com\/blog\/minedu-responde-las-carpetas-de-recuperacion-seran-calificadas-o-evaluadas-o-solo-son-insumos-para-la-evaluacion-diagnostica-para-este-marzo-del-2021\/#article","isPartOf":{"@id":"https:\/\/amautaenlinea.com\/blog\/minedu-responde-las-carpetas-de-recuperacion-seran-calificadas-o-evaluadas-o-solo-son-insumos-para-la-evaluacion-diagnostica-para-este-marzo-del-2021\/"},"author":{"name":"Grupo AMAUTA EBUSINESS","@id":"https:\/\/amautaenlinea.com\/blog\/#\/schema\/person\/d8d4b5d672e9edb72a6f23fd40dd31d5"},"headline":"Minedu responde \u00bfLas carpetas de recuperaci\u00f3n ser\u00e1n calificadas o evaluadas, o solo son insumos para la evaluaci\u00f3n diagn\u00f3stica para este marzo del 2021?","datePublished":"2021-01-24T01:27:23+00:00","dateModified":"2021-01-24T01:27:26+00:00","mainEntityOfPage":{"@id":"https:\/\/amautaenlinea.com\/blog\/minedu-responde-las-carpetas-de-recuperacion-seran-calificadas-o-evaluadas-o-solo-son-insumos-para-la-evaluacion-diagnostica-para-este-marzo-del-2021\/"},"wordCount":128,"commentCount":0,"publisher":{"@id":"https:\/\/amautaenlinea.com\/blog\/#organization"},"image":{"@id":"https:\/\/amautaenlinea.com\/blog\/minedu-responde-las-carpetas-de-recuperacion-seran-calificadas-o-evaluadas-o-solo-son-insumos-para-la-evaluacion-diagnostica-para-este-marzo-del-2021\/#primaryimage"},"thumbnailUrl":"https:\/\/amautaenlinea.com\/blog\/wp-content\/uploads\/2021\/01\/Las-carpetas-de-recuperacion-seran-calificadas-o-evaluadas-o-solo-son-insumos-para-la-evaluacion-diagnostica-para-este-marzo-del-2021.jpg","articleSection":["Educaci\u00f3n"],"inLanguage":"es","potentialAction":[{"@type":"CommentAction","name":"Comment","target":["https:\/\/amautaenlinea.com\/blog\/minedu-responde-las-carpetas-de-recuperacion-seran-calificadas-o-evaluadas-o-solo-son-insumos-para-la-evaluacion-diagnostica-para-este-marzo-del-2021\/#respond"]}],"copyrightYear":"2021","copyrightHolder":{"@id":"https:\/\/amautaenlinea.com\/blog\/#organization"}},{"@type":"WebPage","@id":"https:\/\/amautaenlinea.com\/blog\/minedu-responde-las-carpetas-de-recuperacion-seran-calificadas-o-evaluadas-o-solo-son-insumos-para-la-evaluacion-diagnostica-para-este-marzo-del-2021\/","url":"https:\/\/amautaenlinea.com\/blog\/minedu-responde-las-carpetas-de-recuperacion-seran-calificadas-o-evaluadas-o-solo-son-insumos-para-la-evaluacion-diagnostica-para-este-marzo-del-2021\/","name":"\u25b7 Minedu responde \u00bfLas carpetas de recuperaci\u00f3n ser\u00e1n calificadas o evaluadas, o solo son insumos para la evaluaci\u00f3n diagn\u00f3stica para este marzo del 2021? \u2705","isPartOf":{"@id":"https:\/\/amautaenlinea.com\/blog\/#website"},"primaryImageOfPage":{"@id":"https:\/\/amautaenlinea.com\/blog\/minedu-responde-las-carpetas-de-recuperacion-seran-calificadas-o-evaluadas-o-solo-son-insumos-para-la-evaluacion-diagnostica-para-este-marzo-del-2021\/#primaryimage"},"image":{"@id":"https:\/\/amautaenlinea.com\/blog\/minedu-responde-las-carpetas-de-recuperacion-seran-calificadas-o-evaluadas-o-solo-son-insumos-para-la-evaluacion-diagnostica-para-este-marzo-del-2021\/#primaryimage"},"thumbnailUrl":"https:\/\/amautaenlinea.com\/blog\/wp-content\/uploads\/2021\/01\/Las-carpetas-de-recuperacion-seran-calificadas-o-evaluadas-o-solo-son-insumos-para-la-evaluacion-diagnostica-para-este-marzo-del-2021.jpg","datePublished":"2021-01-24T01:27:23+00:00","dateModified":"2021-01-24T01:27:26+00:00","description":"\u27a8","breadcrumb":{"@id":"https:\/\/amautaenlinea.com\/blog\/minedu-responde-las-carpetas-de-recuperacion-seran-calificadas-o-evaluadas-o-solo-son-insumos-para-la-evaluacion-diagnostica-para-este-marzo-del-2021\/#breadcrumb"},"inLanguage":"es","potentialAction":[{"@type":"ReadAction","target":["https:\/\/amautaenlinea.com\/blog\/minedu-responde-las-carpetas-de-recuperacion-seran-calificadas-o-evaluadas-o-solo-son-insumos-para-la-evaluacion-diagnostica-para-este-marzo-del-2021\/"]}]},{"@type":"ImageObject","inLanguage":"es","@id":"https:\/\/amautaenlinea.com\/blog\/minedu-responde-las-carpetas-de-recuperacion-seran-calificadas-o-evaluadas-o-solo-son-insumos-para-la-evaluacion-diagnostica-para-este-marzo-del-2021\/#primaryimage","url":"https:\/\/amautaenlinea.com\/blog\/wp-content\/uploads\/2021\/01\/Las-carpetas-de-recuperacion-seran-calificadas-o-evaluadas-o-solo-son-insumos-para-la-evaluacion-diagnostica-para-este-marzo-del-2021.jpg","contentUrl":"https:\/\/amautaenlinea.com\/blog\/wp-content\/uploads\/2021\/01\/Las-carpetas-de-recuperacion-seran-calificadas-o-evaluadas-o-solo-son-insumos-para-la-evaluacion-diagnostica-para-este-marzo-del-2021.jpg","width":1280,"height":720},{"@type":"BreadcrumbList","@id":"https:\/\/amautaenlinea.com\/blog\/minedu-responde-las-carpetas-de-recuperacion-seran-calificadas-o-evaluadas-o-solo-son-insumos-para-la-evaluacion-diagnostica-para-este-marzo-del-2021\/#breadcrumb","itemListElement":[{"@type":"ListItem","position":1,"name":"Portada","item":"https:\/\/amautaenlinea.com\/blog\/"},{"@type":"ListItem","position":2,"name":"Minedu responde \u00bfLas carpetas de recuperaci\u00f3n ser\u00e1n calificadas o evaluadas, o solo son insumos para la evaluaci\u00f3n diagn\u00f3stica para este marzo del 2021?"}]},{"@type":"WebSite","@id":"https:\/\/amautaenlinea.com\/blog\/#website","url":"https:\/\/amautaenlinea.com\/blog\/","name":"Grupo AMAUTA","description":"","publisher":{"@id":"https:\/\/amautaenlinea.com\/blog\/#organization"},"potentialAction":[{"@type":"SearchAction","target":{"@type":"EntryPoint","urlTemplate":"https:\/\/amautaenlinea.com\/blog\/?s={search_term_string}"},"query-input":{"@type":"PropertyValueSpecification","valueRequired":true,"valueName":"search_term_string"}}],"inLanguage":"es"},{"@type":"Organization","@id":"https:\/\/amautaenlinea.com\/blog\/#organization","name":"Grupo AMAUTA E-BUSINESS","url":"https:\/\/amautaenlinea.com\/blog\/","logo":{"@type":"ImageObject","inLanguage":"es","@id":"https:\/\/amautaenlinea.com\/blog\/#\/schema\/logo\/image\/","url":"https:\/\/amautaenlinea.com\/blog\/wp-content\/uploads\/2023\/09\/logo-amauta.png","contentUrl":"https:\/\/amautaenlinea.com\/blog\/wp-content\/uploads\/2023\/09\/logo-amauta.png","width":1124,"height":368,"caption":"Grupo AMAUTA E-BUSINESS"},"image":{"@id":"https:\/\/amautaenlinea.com\/blog\/#\/schema\/logo\/image\/"},"sameAs":["https:\/\/www.facebook.com\/amautaperu.org\/"]},{"@type":"Person","@id":"https:\/\/amautaenlinea.com\/blog\/#\/schema\/person\/d8d4b5d672e9edb72a6f23fd40dd31d5","name":"Grupo AMAUTA EBUSINESS","image":{"@type":"ImageObject","inLanguage":"es","@id":"https:\/\/secure.gravatar.com\/avatar\/97706b54c222a710310e2db50e02e68de0a4c8bb76654bcc4053b08241c6bd6c?s=96&d=mm&r=g","url":"https:\/\/secure.gravatar.com\/avatar\/97706b54c222a710310e2db50e02e68de0a4c8bb76654bcc4053b08241c6bd6c?s=96&d=mm&r=g","contentUrl":"https:\/\/secure.gravatar.com\/avatar\/97706b54c222a710310e2db50e02e68de0a4c8bb76654bcc4053b08241c6bd6c?s=96&d=mm&r=g","caption":"Grupo AMAUTA EBUSINESS"}}]}},"_links":{"self":[{"href":"https:\/\/amautaenlinea.com\/blog\/wp-json\/wp\/v2\/posts\/6401","targetHints":{"allow":["GET"]}}],"collection":[{"href":"https:\/\/amautaenlinea.com\/blog\/wp-json\/wp\/v2\/posts"}],"about":[{"href":"https:\/\/amautaenlinea.com\/blog\/wp-json\/wp\/v2\/types\/post"}],"author":[{"embeddable":true,"href":"https:\/\/amautaenlinea.com\/blog\/wp-json\/wp\/v2\/users\/1"}],"replies":[{"embeddable":true,"href":"https:\/\/amautaenlinea.com\/blog\/wp-json\/wp\/v2\/comments?post=6401"}],"version-history":[{"count":0,"href":"https:\/\/amautaenlinea.com\/blog\/wp-json\/wp\/v2\/posts\/6401\/revisions"}],"wp:featuredmedia":[{"embeddable":true,"href":"https:\/\/amautaenlinea.com\/blog\/wp-json\/wp\/v2\/media\/6402"}],"wp:attachment":[{"href":"https:\/\/amautaenlinea.com\/blog\/wp-json\/wp\/v2\/media?parent=6401"}],"wp:term":[{"taxonomy":"category","embeddable":true,"href":"https:\/\/amautaenlinea.com\/blog\/wp-json\/wp\/v2\/categories?post=6401"},{"taxonomy":"post_tag","embeddable":true,"href":"https:\/\/amautaenlinea.com\/blog\/wp-json\/wp\/v2\/tags?post=6401"}],"curies":[{"name":"wp","href":"https:\/\/api.w.org\/{rel}","templated":true}]}}