{"id":6397,"date":"2021-01-23T02:26:02","date_gmt":"2021-01-23T02:26:02","guid":{"rendered":"https:\/\/amautaenlinea.com\/blog\/?p=6397"},"modified":"2021-01-23T02:26:04","modified_gmt":"2021-01-23T02:26:04","slug":"perueduca-lanza-curso-para-docentes-introduccion-a-la-competencia-digital-inicio-04-febrero-2021-preinscribete-aqui","status":"publish","type":"post","link":"https:\/\/amautaenlinea.com\/blog\/perueduca-lanza-curso-para-docentes-introduccion-a-la-competencia-digital-inicio-04-febrero-2021-preinscribete-aqui\/","title":{"rendered":"Per\u00faEduca lanza curso para docentes \u00abIntroducci\u00f3n a la competencia digital &#8211; Inicio: 04 Febrero 2021\u00bb \u00a1PREINSCR\u00cdBETE AQU\u00cd!"},"content":{"rendered":"\n<p>Estimado docente de Educaci\u00f3n B\u00e1sica, no pierdas la oportunidad de ser parte de este curso y desarrollar tus competencias digitales.<\/p>\n\n\n\n<p>En el marco del Programa Nacional para el Desarrollo de la Competencia Digital Docente, que viene implementando el Ministerio de Educaci\u00f3n a trav\u00e9s de la Direcci\u00f3n de Formaci\u00f3n Docente en Servicio,&nbsp;<strong>se invita a todos los docentes que a\u00fan no lo han llevado, a preinscribirse en el curso \u00abIntroducci\u00f3n a la competencia digital &#8211; Edici\u00f3n 2020\u00bb.<\/strong><\/p>\n\n\n\n<p><strong>Prop\u00f3sito<\/strong><\/p>\n\n\n\n<p>Este curso desarrolla el aprendizaje vinculado a la gesti\u00f3n de la informaci\u00f3n y recursos digitales que le permitan al docente desenvolverse en entornos digitales. De esta manera se responde a la competencia 11 del Dise\u00f1o Curricular B\u00e1sico Nacional de Formaci\u00f3n Inicial Docente, referido al aprovechamiento de los entornos virtuales para el desarrollo profesional y pr\u00e1ctica pedag\u00f3gica del docente. Esto le permitir\u00e1 atender las necesidades e intereses de aprendizaje de los estudiantes teniendo en cuenta los contextos socioculturales, para alcanzar el desarrollo de la ciudadan\u00eda, creatividad y emprendimiento digital en la comunidad educativa.<\/p>\n\n\n\n<p><strong>Organizaci\u00f3n<\/strong><\/p>\n\n\n\n<p><strong>Unidad 1<\/strong><\/p>\n\n\n\n<p><strong>Gesti\u00f3n de la informaci\u00f3n y recursos digitales<\/strong><\/p>\n\n\n\n<p><strong>Sesi\u00f3n 1<\/strong><\/p>\n\n\n\n<ul class=\"wp-block-list\"><li>Competencia digital<\/li><li>Modelo SAMR<\/li><\/ul>\n\n\n\n<p><strong>Sesi\u00f3n 2&nbsp;&nbsp;&nbsp;&nbsp;&nbsp;&nbsp;&nbsp;&nbsp;&nbsp;<\/strong><\/p>\n\n\n\n<ul class=\"wp-block-list\"><li>Las TIC y la importancia de la alfabetizaci\u00f3n medi\u00e1tica e informacional<\/li><li>Almacenar y organizar informaci\u00f3n virtual<\/li><\/ul>\n\n\n\n<p><strong>Unidad 2<\/strong><\/p>\n\n\n\n<p><strong>Redes sociales y portales educativos<\/strong><\/p>\n\n\n\n<p><strong>Sesi\u00f3n 1&nbsp;&nbsp;&nbsp;&nbsp;&nbsp;&nbsp;&nbsp;&nbsp;&nbsp;<\/strong><\/p>\n\n\n\n<ul class=\"wp-block-list\"><li>Las redes sociales, prop\u00f3sitos y estrategias de uso personal y profesional<\/li><\/ul>\n\n\n\n<p><strong>Sesi\u00f3n 2<\/strong><\/p>\n\n\n\n<ul class=\"wp-block-list\"><li>Portales educativos<\/li><li>El portal educativo Per\u00fa Educa: herramientas, foro y mis grupos<\/li><\/ul>\n\n\n\n<p><strong>Unidad 3<\/strong><\/p>\n\n\n\n<p><strong>El docente digital<\/strong><\/p>\n\n\n\n<p><strong>Sesi\u00f3n 1&nbsp;&nbsp;&nbsp;&nbsp;&nbsp;&nbsp;&nbsp;&nbsp;&nbsp;<\/strong><\/p>\n\n\n\n<ul class=\"wp-block-list\"><li>Identidad digital docente<\/li><\/ul>\n\n\n\n<p><strong>Sesi\u00f3n 2&nbsp;&nbsp;&nbsp;&nbsp;&nbsp;&nbsp;&nbsp;&nbsp;&nbsp;<\/strong><\/p>\n\n\n\n<ul class=\"wp-block-list\"><li>Gesti\u00f3n de recursos TIC para el proceso de ense\u00f1anza-aprendizaje<\/li><\/ul>\n\n\n\n<p>Al culminar el curso,<strong>&nbsp;las y los participantes obtendr\u00e1n una constancia de participaci\u00f3n que les servir\u00e1 para el escalaf\u00f3n.<\/strong><\/p>\n\n\n\n<p><strong>Cronograma<\/strong><\/p>\n\n\n\n<p>El curso se realizar\u00e1 en grupos, siguiendo el siguiente cronograma:\u00a0<\/p>\n\n\n\n<figure class=\"wp-block-image size-large\"><img loading=\"lazy\" decoding=\"async\" width=\"1024\" height=\"592\" src=\"https:\/\/amautaenlinea.com\/blog\/wp-content\/uploads\/2021\/01\/image-8-1024x592.png\" alt=\"\" class=\"wp-image-6398\" srcset=\"https:\/\/amautaenlinea.com\/blog\/wp-content\/uploads\/2021\/01\/image-8-1024x592.png 1024w, https:\/\/amautaenlinea.com\/blog\/wp-content\/uploads\/2021\/01\/image-8-300x173.png 300w, https:\/\/amautaenlinea.com\/blog\/wp-content\/uploads\/2021\/01\/image-8-768x444.png 768w, https:\/\/amautaenlinea.com\/blog\/wp-content\/uploads\/2021\/01\/image-8.png 1075w\" sizes=\"auto, (max-width: 1024px) 100vw, 1024px\" \/><\/figure>\n\n\n\n<figure class=\"wp-block-image size-large\"><a href=\"http:\/\/www.perueduca.pe\/formulario-de-preinscripcion-al-curso-virtual-introduccion-a-la-competencia-digital\"><img loading=\"lazy\" decoding=\"async\" width=\"420\" height=\"101\" src=\"https:\/\/amautaenlinea.com\/blog\/wp-content\/uploads\/2020\/10\/PREINSCRIBETE-1.png\" alt=\"\" class=\"wp-image-4327\" srcset=\"https:\/\/amautaenlinea.com\/blog\/wp-content\/uploads\/2020\/10\/PREINSCRIBETE-1.png 420w, https:\/\/amautaenlinea.com\/blog\/wp-content\/uploads\/2020\/10\/PREINSCRIBETE-1-300x72.png 300w\" sizes=\"auto, (max-width: 420px) 100vw, 420px\" \/><\/a><\/figure>\n","protected":false},"excerpt":{"rendered":"<p>Estimado docente de Educaci\u00f3n B\u00e1sica, no pierdas la oportunidad de ser parte de este curso y desarrollar tus competencias digitales. En el marco del<\/p>\n","protected":false},"author":1,"featured_media":6399,"comment_status":"open","ping_status":"open","sticky":false,"template":"","format":"standard","meta":{"footnotes":""},"categories":[4],"tags":[],"class_list":["post-6397","post","type-post","status-publish","format-standard","has-post-thumbnail","hentry","category-educacion"],"yoast_head":"<!-- This site is optimized with the Yoast SEO Premium plugin v21.2 (Yoast SEO v27.5) - https:\/\/yoast.com\/product\/yoast-seo-premium-wordpress\/ -->\n<title>\u25b7 Per\u00faEduca lanza curso para docentes &quot;Introducci\u00f3n a la competencia digital - Inicio: 04 Febrero 2021&quot; \u00a1PREINSCR\u00cdBETE AQU\u00cd! \u2705<\/title>\n<meta name=\"description\" content=\"\u27a8\" \/>\n<meta name=\"robots\" content=\"index, follow, max-snippet:-1, max-image-preview:large, max-video-preview:-1\" \/>\n<link rel=\"canonical\" href=\"https:\/\/amautaenlinea.com\/blog\/perueduca-lanza-curso-para-docentes-introduccion-a-la-competencia-digital-inicio-04-febrero-2021-preinscribete-aqui\/\" \/>\n<meta property=\"og:locale\" content=\"es_ES\" \/>\n<meta property=\"og:type\" content=\"article\" \/>\n<meta property=\"og:title\" content=\"Per\u00faEduca lanza curso para docentes &quot;Introducci\u00f3n a la competencia digital - Inicio: 04 Febrero 2021&quot; \u00a1PREINSCR\u00cdBETE AQU\u00cd!\" \/>\n<meta property=\"og:description\" content=\"\u27a8\" \/>\n<meta property=\"og:url\" content=\"https:\/\/amautaenlinea.com\/blog\/perueduca-lanza-curso-para-docentes-introduccion-a-la-competencia-digital-inicio-04-febrero-2021-preinscribete-aqui\/\" \/>\n<meta property=\"og:site_name\" content=\"Grupo AMAUTA\" \/>\n<meta property=\"article:publisher\" content=\"https:\/\/www.facebook.com\/amautaperu.org\/\" \/>\n<meta property=\"article:published_time\" content=\"2021-01-23T02:26:02+00:00\" \/>\n<meta property=\"article:modified_time\" content=\"2021-01-23T02:26:04+00:00\" \/>\n<meta property=\"og:image\" content=\"https:\/\/amautaenlinea.com\/blog\/wp-content\/uploads\/2021\/01\/Introduccion-a-la-competencia-digital-Edicion-2020.jpg\" \/>\n\t<meta property=\"og:image:width\" content=\"1280\" \/>\n\t<meta property=\"og:image:height\" content=\"720\" \/>\n\t<meta property=\"og:image:type\" content=\"image\/jpeg\" \/>\n<meta name=\"author\" content=\"Grupo AMAUTA EBUSINESS\" \/>\n<meta name=\"twitter:card\" content=\"summary_large_image\" \/>\n<script type=\"application\/ld+json\" class=\"yoast-schema-graph\">{\"@context\":\"https:\\\/\\\/schema.org\",\"@graph\":[{\"@type\":\"Article\",\"@id\":\"https:\\\/\\\/amautaenlinea.com\\\/blog\\\/perueduca-lanza-curso-para-docentes-introduccion-a-la-competencia-digital-inicio-04-febrero-2021-preinscribete-aqui\\\/#article\",\"isPartOf\":{\"@id\":\"https:\\\/\\\/amautaenlinea.com\\\/blog\\\/perueduca-lanza-curso-para-docentes-introduccion-a-la-competencia-digital-inicio-04-febrero-2021-preinscribete-aqui\\\/\"},\"author\":{\"name\":\"Grupo AMAUTA EBUSINESS\",\"@id\":\"https:\\\/\\\/amautaenlinea.com\\\/blog\\\/#\\\/schema\\\/person\\\/d8d4b5d672e9edb72a6f23fd40dd31d5\"},\"headline\":\"Per\u00faEduca lanza curso para docentes \u00abIntroducci\u00f3n a la competencia digital &#8211; Inicio: 04 Febrero 2021\u00bb \u00a1PREINSCR\u00cdBETE AQU\u00cd!\",\"datePublished\":\"2021-01-23T02:26:02+00:00\",\"dateModified\":\"2021-01-23T02:26:04+00:00\",\"mainEntityOfPage\":{\"@id\":\"https:\\\/\\\/amautaenlinea.com\\\/blog\\\/perueduca-lanza-curso-para-docentes-introduccion-a-la-competencia-digital-inicio-04-febrero-2021-preinscribete-aqui\\\/\"},\"wordCount\":369,\"commentCount\":0,\"publisher\":{\"@id\":\"https:\\\/\\\/amautaenlinea.com\\\/blog\\\/#organization\"},\"image\":{\"@id\":\"https:\\\/\\\/amautaenlinea.com\\\/blog\\\/perueduca-lanza-curso-para-docentes-introduccion-a-la-competencia-digital-inicio-04-febrero-2021-preinscribete-aqui\\\/#primaryimage\"},\"thumbnailUrl\":\"https:\\\/\\\/amautaenlinea.com\\\/blog\\\/wp-content\\\/uploads\\\/2021\\\/01\\\/Introduccion-a-la-competencia-digital-Edicion-2020.jpg\",\"articleSection\":[\"Educaci\u00f3n\"],\"inLanguage\":\"es\",\"potentialAction\":[{\"@type\":\"CommentAction\",\"name\":\"Comment\",\"target\":[\"https:\\\/\\\/amautaenlinea.com\\\/blog\\\/perueduca-lanza-curso-para-docentes-introduccion-a-la-competencia-digital-inicio-04-febrero-2021-preinscribete-aqui\\\/#respond\"]}],\"copyrightYear\":\"2021\",\"copyrightHolder\":{\"@id\":\"https:\\\/\\\/amautaenlinea.com\\\/blog\\\/#organization\"}},{\"@type\":\"WebPage\",\"@id\":\"https:\\\/\\\/amautaenlinea.com\\\/blog\\\/perueduca-lanza-curso-para-docentes-introduccion-a-la-competencia-digital-inicio-04-febrero-2021-preinscribete-aqui\\\/\",\"url\":\"https:\\\/\\\/amautaenlinea.com\\\/blog\\\/perueduca-lanza-curso-para-docentes-introduccion-a-la-competencia-digital-inicio-04-febrero-2021-preinscribete-aqui\\\/\",\"name\":\"\u25b7 Per\u00faEduca lanza curso para docentes \\\"Introducci\u00f3n a la competencia digital - Inicio: 04 Febrero 2021\\\" \u00a1PREINSCR\u00cdBETE AQU\u00cd! \u2705\",\"isPartOf\":{\"@id\":\"https:\\\/\\\/amautaenlinea.com\\\/blog\\\/#website\"},\"primaryImageOfPage\":{\"@id\":\"https:\\\/\\\/amautaenlinea.com\\\/blog\\\/perueduca-lanza-curso-para-docentes-introduccion-a-la-competencia-digital-inicio-04-febrero-2021-preinscribete-aqui\\\/#primaryimage\"},\"image\":{\"@id\":\"https:\\\/\\\/amautaenlinea.com\\\/blog\\\/perueduca-lanza-curso-para-docentes-introduccion-a-la-competencia-digital-inicio-04-febrero-2021-preinscribete-aqui\\\/#primaryimage\"},\"thumbnailUrl\":\"https:\\\/\\\/amautaenlinea.com\\\/blog\\\/wp-content\\\/uploads\\\/2021\\\/01\\\/Introduccion-a-la-competencia-digital-Edicion-2020.jpg\",\"datePublished\":\"2021-01-23T02:26:02+00:00\",\"dateModified\":\"2021-01-23T02:26:04+00:00\",\"description\":\"\u27a8\",\"breadcrumb\":{\"@id\":\"https:\\\/\\\/amautaenlinea.com\\\/blog\\\/perueduca-lanza-curso-para-docentes-introduccion-a-la-competencia-digital-inicio-04-febrero-2021-preinscribete-aqui\\\/#breadcrumb\"},\"inLanguage\":\"es\",\"potentialAction\":[{\"@type\":\"ReadAction\",\"target\":[\"https:\\\/\\\/amautaenlinea.com\\\/blog\\\/perueduca-lanza-curso-para-docentes-introduccion-a-la-competencia-digital-inicio-04-febrero-2021-preinscribete-aqui\\\/\"]}]},{\"@type\":\"ImageObject\",\"inLanguage\":\"es\",\"@id\":\"https:\\\/\\\/amautaenlinea.com\\\/blog\\\/perueduca-lanza-curso-para-docentes-introduccion-a-la-competencia-digital-inicio-04-febrero-2021-preinscribete-aqui\\\/#primaryimage\",\"url\":\"https:\\\/\\\/amautaenlinea.com\\\/blog\\\/wp-content\\\/uploads\\\/2021\\\/01\\\/Introduccion-a-la-competencia-digital-Edicion-2020.jpg\",\"contentUrl\":\"https:\\\/\\\/amautaenlinea.com\\\/blog\\\/wp-content\\\/uploads\\\/2021\\\/01\\\/Introduccion-a-la-competencia-digital-Edicion-2020.jpg\",\"width\":1280,\"height\":720},{\"@type\":\"BreadcrumbList\",\"@id\":\"https:\\\/\\\/amautaenlinea.com\\\/blog\\\/perueduca-lanza-curso-para-docentes-introduccion-a-la-competencia-digital-inicio-04-febrero-2021-preinscribete-aqui\\\/#breadcrumb\",\"itemListElement\":[{\"@type\":\"ListItem\",\"position\":1,\"name\":\"Portada\",\"item\":\"https:\\\/\\\/amautaenlinea.com\\\/blog\\\/\"},{\"@type\":\"ListItem\",\"position\":2,\"name\":\"Per\u00faEduca lanza curso para docentes \u00abIntroducci\u00f3n a la competencia digital &#8211; Inicio: 04 Febrero 2021\u00bb \u00a1PREINSCR\u00cdBETE AQU\u00cd!\"}]},{\"@type\":\"WebSite\",\"@id\":\"https:\\\/\\\/amautaenlinea.com\\\/blog\\\/#website\",\"url\":\"https:\\\/\\\/amautaenlinea.com\\\/blog\\\/\",\"name\":\"Grupo AMAUTA\",\"description\":\"\",\"publisher\":{\"@id\":\"https:\\\/\\\/amautaenlinea.com\\\/blog\\\/#organization\"},\"potentialAction\":[{\"@type\":\"SearchAction\",\"target\":{\"@type\":\"EntryPoint\",\"urlTemplate\":\"https:\\\/\\\/amautaenlinea.com\\\/blog\\\/?s={search_term_string}\"},\"query-input\":{\"@type\":\"PropertyValueSpecification\",\"valueRequired\":true,\"valueName\":\"search_term_string\"}}],\"inLanguage\":\"es\"},{\"@type\":\"Organization\",\"@id\":\"https:\\\/\\\/amautaenlinea.com\\\/blog\\\/#organization\",\"name\":\"Grupo AMAUTA E-BUSINESS\",\"url\":\"https:\\\/\\\/amautaenlinea.com\\\/blog\\\/\",\"logo\":{\"@type\":\"ImageObject\",\"inLanguage\":\"es\",\"@id\":\"https:\\\/\\\/amautaenlinea.com\\\/blog\\\/#\\\/schema\\\/logo\\\/image\\\/\",\"url\":\"https:\\\/\\\/amautaenlinea.com\\\/blog\\\/wp-content\\\/uploads\\\/2023\\\/09\\\/logo-amauta.png\",\"contentUrl\":\"https:\\\/\\\/amautaenlinea.com\\\/blog\\\/wp-content\\\/uploads\\\/2023\\\/09\\\/logo-amauta.png\",\"width\":1124,\"height\":368,\"caption\":\"Grupo AMAUTA E-BUSINESS\"},\"image\":{\"@id\":\"https:\\\/\\\/amautaenlinea.com\\\/blog\\\/#\\\/schema\\\/logo\\\/image\\\/\"},\"sameAs\":[\"https:\\\/\\\/www.facebook.com\\\/amautaperu.org\\\/\"]},{\"@type\":\"Person\",\"@id\":\"https:\\\/\\\/amautaenlinea.com\\\/blog\\\/#\\\/schema\\\/person\\\/d8d4b5d672e9edb72a6f23fd40dd31d5\",\"name\":\"Grupo AMAUTA EBUSINESS\",\"image\":{\"@type\":\"ImageObject\",\"inLanguage\":\"es\",\"@id\":\"https:\\\/\\\/secure.gravatar.com\\\/avatar\\\/97706b54c222a710310e2db50e02e68de0a4c8bb76654bcc4053b08241c6bd6c?s=96&d=mm&r=g\",\"url\":\"https:\\\/\\\/secure.gravatar.com\\\/avatar\\\/97706b54c222a710310e2db50e02e68de0a4c8bb76654bcc4053b08241c6bd6c?s=96&d=mm&r=g\",\"contentUrl\":\"https:\\\/\\\/secure.gravatar.com\\\/avatar\\\/97706b54c222a710310e2db50e02e68de0a4c8bb76654bcc4053b08241c6bd6c?s=96&d=mm&r=g\",\"caption\":\"Grupo AMAUTA EBUSINESS\"}}]}<\/script>\n<!-- \/ Yoast SEO Premium plugin. -->","yoast_head_json":{"title":"\u25b7 Per\u00faEduca lanza curso para docentes \"Introducci\u00f3n a la competencia digital - Inicio: 04 Febrero 2021\" \u00a1PREINSCR\u00cdBETE AQU\u00cd! \u2705","description":"\u27a8","robots":{"index":"index","follow":"follow","max-snippet":"max-snippet:-1","max-image-preview":"max-image-preview:large","max-video-preview":"max-video-preview:-1"},"canonical":"https:\/\/amautaenlinea.com\/blog\/perueduca-lanza-curso-para-docentes-introduccion-a-la-competencia-digital-inicio-04-febrero-2021-preinscribete-aqui\/","og_locale":"es_ES","og_type":"article","og_title":"Per\u00faEduca lanza curso para docentes \"Introducci\u00f3n a la competencia digital - Inicio: 04 Febrero 2021\" \u00a1PREINSCR\u00cdBETE AQU\u00cd!","og_description":"\u27a8","og_url":"https:\/\/amautaenlinea.com\/blog\/perueduca-lanza-curso-para-docentes-introduccion-a-la-competencia-digital-inicio-04-febrero-2021-preinscribete-aqui\/","og_site_name":"Grupo AMAUTA","article_publisher":"https:\/\/www.facebook.com\/amautaperu.org\/","article_published_time":"2021-01-23T02:26:02+00:00","article_modified_time":"2021-01-23T02:26:04+00:00","og_image":[{"width":1280,"height":720,"url":"https:\/\/amautaenlinea.com\/blog\/wp-content\/uploads\/2021\/01\/Introduccion-a-la-competencia-digital-Edicion-2020.jpg","type":"image\/jpeg"}],"author":"Grupo AMAUTA EBUSINESS","twitter_card":"summary_large_image","schema":{"@context":"https:\/\/schema.org","@graph":[{"@type":"Article","@id":"https:\/\/amautaenlinea.com\/blog\/perueduca-lanza-curso-para-docentes-introduccion-a-la-competencia-digital-inicio-04-febrero-2021-preinscribete-aqui\/#article","isPartOf":{"@id":"https:\/\/amautaenlinea.com\/blog\/perueduca-lanza-curso-para-docentes-introduccion-a-la-competencia-digital-inicio-04-febrero-2021-preinscribete-aqui\/"},"author":{"name":"Grupo AMAUTA EBUSINESS","@id":"https:\/\/amautaenlinea.com\/blog\/#\/schema\/person\/d8d4b5d672e9edb72a6f23fd40dd31d5"},"headline":"Per\u00faEduca lanza curso para docentes \u00abIntroducci\u00f3n a la competencia digital &#8211; Inicio: 04 Febrero 2021\u00bb \u00a1PREINSCR\u00cdBETE AQU\u00cd!","datePublished":"2021-01-23T02:26:02+00:00","dateModified":"2021-01-23T02:26:04+00:00","mainEntityOfPage":{"@id":"https:\/\/amautaenlinea.com\/blog\/perueduca-lanza-curso-para-docentes-introduccion-a-la-competencia-digital-inicio-04-febrero-2021-preinscribete-aqui\/"},"wordCount":369,"commentCount":0,"publisher":{"@id":"https:\/\/amautaenlinea.com\/blog\/#organization"},"image":{"@id":"https:\/\/amautaenlinea.com\/blog\/perueduca-lanza-curso-para-docentes-introduccion-a-la-competencia-digital-inicio-04-febrero-2021-preinscribete-aqui\/#primaryimage"},"thumbnailUrl":"https:\/\/amautaenlinea.com\/blog\/wp-content\/uploads\/2021\/01\/Introduccion-a-la-competencia-digital-Edicion-2020.jpg","articleSection":["Educaci\u00f3n"],"inLanguage":"es","potentialAction":[{"@type":"CommentAction","name":"Comment","target":["https:\/\/amautaenlinea.com\/blog\/perueduca-lanza-curso-para-docentes-introduccion-a-la-competencia-digital-inicio-04-febrero-2021-preinscribete-aqui\/#respond"]}],"copyrightYear":"2021","copyrightHolder":{"@id":"https:\/\/amautaenlinea.com\/blog\/#organization"}},{"@type":"WebPage","@id":"https:\/\/amautaenlinea.com\/blog\/perueduca-lanza-curso-para-docentes-introduccion-a-la-competencia-digital-inicio-04-febrero-2021-preinscribete-aqui\/","url":"https:\/\/amautaenlinea.com\/blog\/perueduca-lanza-curso-para-docentes-introduccion-a-la-competencia-digital-inicio-04-febrero-2021-preinscribete-aqui\/","name":"\u25b7 Per\u00faEduca lanza curso para docentes \"Introducci\u00f3n a la competencia digital - Inicio: 04 Febrero 2021\" \u00a1PREINSCR\u00cdBETE AQU\u00cd! \u2705","isPartOf":{"@id":"https:\/\/amautaenlinea.com\/blog\/#website"},"primaryImageOfPage":{"@id":"https:\/\/amautaenlinea.com\/blog\/perueduca-lanza-curso-para-docentes-introduccion-a-la-competencia-digital-inicio-04-febrero-2021-preinscribete-aqui\/#primaryimage"},"image":{"@id":"https:\/\/amautaenlinea.com\/blog\/perueduca-lanza-curso-para-docentes-introduccion-a-la-competencia-digital-inicio-04-febrero-2021-preinscribete-aqui\/#primaryimage"},"thumbnailUrl":"https:\/\/amautaenlinea.com\/blog\/wp-content\/uploads\/2021\/01\/Introduccion-a-la-competencia-digital-Edicion-2020.jpg","datePublished":"2021-01-23T02:26:02+00:00","dateModified":"2021-01-23T02:26:04+00:00","description":"\u27a8","breadcrumb":{"@id":"https:\/\/amautaenlinea.com\/blog\/perueduca-lanza-curso-para-docentes-introduccion-a-la-competencia-digital-inicio-04-febrero-2021-preinscribete-aqui\/#breadcrumb"},"inLanguage":"es","potentialAction":[{"@type":"ReadAction","target":["https:\/\/amautaenlinea.com\/blog\/perueduca-lanza-curso-para-docentes-introduccion-a-la-competencia-digital-inicio-04-febrero-2021-preinscribete-aqui\/"]}]},{"@type":"ImageObject","inLanguage":"es","@id":"https:\/\/amautaenlinea.com\/blog\/perueduca-lanza-curso-para-docentes-introduccion-a-la-competencia-digital-inicio-04-febrero-2021-preinscribete-aqui\/#primaryimage","url":"https:\/\/amautaenlinea.com\/blog\/wp-content\/uploads\/2021\/01\/Introduccion-a-la-competencia-digital-Edicion-2020.jpg","contentUrl":"https:\/\/amautaenlinea.com\/blog\/wp-content\/uploads\/2021\/01\/Introduccion-a-la-competencia-digital-Edicion-2020.jpg","width":1280,"height":720},{"@type":"BreadcrumbList","@id":"https:\/\/amautaenlinea.com\/blog\/perueduca-lanza-curso-para-docentes-introduccion-a-la-competencia-digital-inicio-04-febrero-2021-preinscribete-aqui\/#breadcrumb","itemListElement":[{"@type":"ListItem","position":1,"name":"Portada","item":"https:\/\/amautaenlinea.com\/blog\/"},{"@type":"ListItem","position":2,"name":"Per\u00faEduca lanza curso para docentes \u00abIntroducci\u00f3n a la competencia digital &#8211; Inicio: 04 Febrero 2021\u00bb \u00a1PREINSCR\u00cdBETE AQU\u00cd!"}]},{"@type":"WebSite","@id":"https:\/\/amautaenlinea.com\/blog\/#website","url":"https:\/\/amautaenlinea.com\/blog\/","name":"Grupo AMAUTA","description":"","publisher":{"@id":"https:\/\/amautaenlinea.com\/blog\/#organization"},"potentialAction":[{"@type":"SearchAction","target":{"@type":"EntryPoint","urlTemplate":"https:\/\/amautaenlinea.com\/blog\/?s={search_term_string}"},"query-input":{"@type":"PropertyValueSpecification","valueRequired":true,"valueName":"search_term_string"}}],"inLanguage":"es"},{"@type":"Organization","@id":"https:\/\/amautaenlinea.com\/blog\/#organization","name":"Grupo AMAUTA E-BUSINESS","url":"https:\/\/amautaenlinea.com\/blog\/","logo":{"@type":"ImageObject","inLanguage":"es","@id":"https:\/\/amautaenlinea.com\/blog\/#\/schema\/logo\/image\/","url":"https:\/\/amautaenlinea.com\/blog\/wp-content\/uploads\/2023\/09\/logo-amauta.png","contentUrl":"https:\/\/amautaenlinea.com\/blog\/wp-content\/uploads\/2023\/09\/logo-amauta.png","width":1124,"height":368,"caption":"Grupo AMAUTA E-BUSINESS"},"image":{"@id":"https:\/\/amautaenlinea.com\/blog\/#\/schema\/logo\/image\/"},"sameAs":["https:\/\/www.facebook.com\/amautaperu.org\/"]},{"@type":"Person","@id":"https:\/\/amautaenlinea.com\/blog\/#\/schema\/person\/d8d4b5d672e9edb72a6f23fd40dd31d5","name":"Grupo AMAUTA EBUSINESS","image":{"@type":"ImageObject","inLanguage":"es","@id":"https:\/\/secure.gravatar.com\/avatar\/97706b54c222a710310e2db50e02e68de0a4c8bb76654bcc4053b08241c6bd6c?s=96&d=mm&r=g","url":"https:\/\/secure.gravatar.com\/avatar\/97706b54c222a710310e2db50e02e68de0a4c8bb76654bcc4053b08241c6bd6c?s=96&d=mm&r=g","contentUrl":"https:\/\/secure.gravatar.com\/avatar\/97706b54c222a710310e2db50e02e68de0a4c8bb76654bcc4053b08241c6bd6c?s=96&d=mm&r=g","caption":"Grupo AMAUTA EBUSINESS"}}]}},"_links":{"self":[{"href":"https:\/\/amautaenlinea.com\/blog\/wp-json\/wp\/v2\/posts\/6397","targetHints":{"allow":["GET"]}}],"collection":[{"href":"https:\/\/amautaenlinea.com\/blog\/wp-json\/wp\/v2\/posts"}],"about":[{"href":"https:\/\/amautaenlinea.com\/blog\/wp-json\/wp\/v2\/types\/post"}],"author":[{"embeddable":true,"href":"https:\/\/amautaenlinea.com\/blog\/wp-json\/wp\/v2\/users\/1"}],"replies":[{"embeddable":true,"href":"https:\/\/amautaenlinea.com\/blog\/wp-json\/wp\/v2\/comments?post=6397"}],"version-history":[{"count":0,"href":"https:\/\/amautaenlinea.com\/blog\/wp-json\/wp\/v2\/posts\/6397\/revisions"}],"wp:featuredmedia":[{"embeddable":true,"href":"https:\/\/amautaenlinea.com\/blog\/wp-json\/wp\/v2\/media\/6399"}],"wp:attachment":[{"href":"https:\/\/amautaenlinea.com\/blog\/wp-json\/wp\/v2\/media?parent=6397"}],"wp:term":[{"taxonomy":"category","embeddable":true,"href":"https:\/\/amautaenlinea.com\/blog\/wp-json\/wp\/v2\/categories?post=6397"},{"taxonomy":"post_tag","embeddable":true,"href":"https:\/\/amautaenlinea.com\/blog\/wp-json\/wp\/v2\/tags?post=6397"}],"curies":[{"name":"wp","href":"https:\/\/api.w.org\/{rel}","templated":true}]}}