{"id":5340,"date":"2020-11-27T02:15:18","date_gmt":"2020-11-27T02:15:18","guid":{"rendered":"https:\/\/amautaenlinea.com\/blog\/?p=5340"},"modified":"2020-11-27T02:15:21","modified_gmt":"2020-11-27T02:15:21","slug":"minedu-se-inicia-una-nueva-modalidadmatricula-escolar-digital-que-ciudad-ya-inicio-con-esta-nueva-modalidad","status":"publish","type":"post","link":"https:\/\/amautaenlinea.com\/blog\/minedu-se-inicia-una-nueva-modalidadmatricula-escolar-digital-que-ciudad-ya-inicio-con-esta-nueva-modalidad\/","title":{"rendered":"Minedu| Se inicia una nueva modalidad:\u00bbMatr\u00edcula Escolar Digital\u00bb \u00bfQu\u00e9 ciudad ya inici\u00f3 con esta nueva modalidad?"},"content":{"rendered":"\n<h5 class=\"wp-block-heading\">Nueva modalidad se aplicar\u00e1 en 210 instituciones educativas de Tacna. Con esta medidas, las autoridades educativas buscan evitar largas colas y posibles contagios por COVID-19.<\/h5>\n\n\n\n<p> El Ministerio de Educaci\u00f3n lanz\u00f3 la matr\u00edcula digital desde\u00a0Tacna. Esta ciudad es la primera en el \u00e1mbito nacional que contar\u00e1 con este sistema que luego se implementar\u00e1 en otras regiones. El lanzamiento oficial de la plataforma fue realizado este jueves por el Gobierno Regional de Tacna y el Minedu. <\/p>\n\n\n\n<p>La matr\u00edcula virtual se ejecutar\u00e1 en las 210 instituciones educativas de la Unidad de Gesti\u00f3n Educativa Local \u2013 UGEL\u00a0Tacna. Se estima beneficiar a cerca de 10.000 estudiantes del nivel inicial y primer grado de primaria a trav\u00e9s de la plataforma\u00a0<a rel=\"noreferrer noopener\" href=\"http:\/\/www.matriculadigital.pe\/\" target=\"_blank\">www.matriculadigital.pe<\/a>.<\/p>\n\n\n\n<p>Este primer piloto tambi\u00e9n cuenta con la implementaci\u00f3n de<strong>&nbsp;m\u00f3dulos de atenci\u00f3n port\u00e1til<\/strong>&nbsp;y facilitadores en las zonas rurales. De esta forma, los padres de familia que no cuenten con conexi\u00f3n a Internet podr\u00e1n matricular a sus hijos.<\/p>\n\n\n\n<p>La plataforma ayudar\u00e1 a evitar largas colas en las instituciones educativas. As\u00ed tambi\u00e9n, evitar aglomeraciones durante el proceso para obtener una vacante o la toma de alg\u00fan examen de admisi\u00f3n.<\/p>\n\n\n\n<p>El proceso de matr\u00edculas se realizar\u00e1 a trav\u00e9s de tres rondas, del 3 de diciembre al 2 de enero del 2021, del 4 de enero del 2021 al 6 de febrero 2021 y del 8 de febrero de 2021 al 5 de marzo 2021.<\/p>\n\n\n\n<p>De acuerdo al Minedu, esta modalidad se implement\u00f3 en\u00a0Tacna,\u00a0debido a que la regi\u00f3n ocupa el primer lugar en la Evaluaci\u00f3n Censal de Estudiantes (ECE) 2019.<\/p>\n\n\n\n<p><strong>Fuente: Diario la Rep\u00fablica<\/strong><\/p>\n\n\n\n<p><\/p>\n\n\n\n<p><\/p>\n","protected":false},"excerpt":{"rendered":"<p>Nueva modalidad se aplicar\u00e1 en 210 instituciones educativas de Tacna. Con esta medidas, las autoridades educativas buscan evitar largas colas y posibles contagios por<\/p>\n","protected":false},"author":1,"featured_media":5341,"comment_status":"open","ping_status":"open","sticky":false,"template":"","format":"standard","meta":{"footnotes":""},"categories":[4],"tags":[],"class_list":["post-5340","post","type-post","status-publish","format-standard","has-post-thumbnail","hentry","category-educacion"],"yoast_head":"<!-- This site is optimized with the Yoast SEO Premium plugin v21.2 (Yoast SEO v27.4) - https:\/\/yoast.com\/product\/yoast-seo-premium-wordpress\/ -->\n<title>\u25b7 Minedu| Se inicia una nueva modalidad:&quot;Matr\u00edcula Escolar Digital&quot; \u00bfQu\u00e9 ciudad ya inici\u00f3 con esta nueva modalidad? \u2705<\/title>\n<meta name=\"description\" content=\"\u27a8\" \/>\n<meta name=\"robots\" content=\"index, follow, max-snippet:-1, max-image-preview:large, max-video-preview:-1\" \/>\n<link rel=\"canonical\" href=\"https:\/\/amautaenlinea.com\/blog\/minedu-se-inicia-una-nueva-modalidadmatricula-escolar-digital-que-ciudad-ya-inicio-con-esta-nueva-modalidad\/\" \/>\n<meta property=\"og:locale\" content=\"es_ES\" \/>\n<meta property=\"og:type\" content=\"article\" \/>\n<meta property=\"og:title\" content=\"Minedu| Se inicia una nueva modalidad:&quot;Matr\u00edcula Escolar Digital&quot; \u00bfQu\u00e9 ciudad ya inici\u00f3 con esta nueva modalidad?\" \/>\n<meta property=\"og:description\" content=\"\u27a8\" \/>\n<meta property=\"og:url\" content=\"https:\/\/amautaenlinea.com\/blog\/minedu-se-inicia-una-nueva-modalidadmatricula-escolar-digital-que-ciudad-ya-inicio-con-esta-nueva-modalidad\/\" \/>\n<meta property=\"og:site_name\" content=\"Grupo AMAUTA\" \/>\n<meta property=\"article:publisher\" content=\"https:\/\/www.facebook.com\/amautaperu.org\/\" \/>\n<meta property=\"article:published_time\" content=\"2020-11-27T02:15:18+00:00\" \/>\n<meta property=\"article:modified_time\" content=\"2020-11-27T02:15:21+00:00\" \/>\n<meta property=\"og:image\" content=\"https:\/\/amautaenlinea.com\/blog\/wp-content\/uploads\/2020\/11\/se-inicia-una-nueva-modalidad-matricula-escolar-digital.jpg\" \/>\n\t<meta property=\"og:image:width\" content=\"1280\" \/>\n\t<meta property=\"og:image:height\" content=\"720\" \/>\n\t<meta property=\"og:image:type\" content=\"image\/jpeg\" \/>\n<meta name=\"author\" content=\"Grupo AMAUTA EBUSINESS\" \/>\n<meta name=\"twitter:card\" content=\"summary_large_image\" \/>\n<script type=\"application\/ld+json\" class=\"yoast-schema-graph\">{\"@context\":\"https:\\\/\\\/schema.org\",\"@graph\":[{\"@type\":\"Article\",\"@id\":\"https:\\\/\\\/amautaenlinea.com\\\/blog\\\/minedu-se-inicia-una-nueva-modalidadmatricula-escolar-digital-que-ciudad-ya-inicio-con-esta-nueva-modalidad\\\/#article\",\"isPartOf\":{\"@id\":\"https:\\\/\\\/amautaenlinea.com\\\/blog\\\/minedu-se-inicia-una-nueva-modalidadmatricula-escolar-digital-que-ciudad-ya-inicio-con-esta-nueva-modalidad\\\/\"},\"author\":{\"name\":\"Grupo AMAUTA EBUSINESS\",\"@id\":\"https:\\\/\\\/amautaenlinea.com\\\/blog\\\/#\\\/schema\\\/person\\\/d8d4b5d672e9edb72a6f23fd40dd31d5\"},\"headline\":\"Minedu| Se inicia una nueva modalidad:\u00bbMatr\u00edcula Escolar Digital\u00bb \u00bfQu\u00e9 ciudad ya inici\u00f3 con esta nueva modalidad?\",\"datePublished\":\"2020-11-27T02:15:18+00:00\",\"dateModified\":\"2020-11-27T02:15:21+00:00\",\"mainEntityOfPage\":{\"@id\":\"https:\\\/\\\/amautaenlinea.com\\\/blog\\\/minedu-se-inicia-una-nueva-modalidadmatricula-escolar-digital-que-ciudad-ya-inicio-con-esta-nueva-modalidad\\\/\"},\"wordCount\":286,\"commentCount\":0,\"publisher\":{\"@id\":\"https:\\\/\\\/amautaenlinea.com\\\/blog\\\/#organization\"},\"image\":{\"@id\":\"https:\\\/\\\/amautaenlinea.com\\\/blog\\\/minedu-se-inicia-una-nueva-modalidadmatricula-escolar-digital-que-ciudad-ya-inicio-con-esta-nueva-modalidad\\\/#primaryimage\"},\"thumbnailUrl\":\"https:\\\/\\\/amautaenlinea.com\\\/blog\\\/wp-content\\\/uploads\\\/2020\\\/11\\\/se-inicia-una-nueva-modalidad-matricula-escolar-digital.jpg\",\"articleSection\":[\"Educaci\u00f3n\"],\"inLanguage\":\"es\",\"potentialAction\":[{\"@type\":\"CommentAction\",\"name\":\"Comment\",\"target\":[\"https:\\\/\\\/amautaenlinea.com\\\/blog\\\/minedu-se-inicia-una-nueva-modalidadmatricula-escolar-digital-que-ciudad-ya-inicio-con-esta-nueva-modalidad\\\/#respond\"]}],\"copyrightYear\":\"2020\",\"copyrightHolder\":{\"@id\":\"https:\\\/\\\/amautaenlinea.com\\\/blog\\\/#organization\"}},{\"@type\":\"WebPage\",\"@id\":\"https:\\\/\\\/amautaenlinea.com\\\/blog\\\/minedu-se-inicia-una-nueva-modalidadmatricula-escolar-digital-que-ciudad-ya-inicio-con-esta-nueva-modalidad\\\/\",\"url\":\"https:\\\/\\\/amautaenlinea.com\\\/blog\\\/minedu-se-inicia-una-nueva-modalidadmatricula-escolar-digital-que-ciudad-ya-inicio-con-esta-nueva-modalidad\\\/\",\"name\":\"\u25b7 Minedu| Se inicia una nueva modalidad:\\\"Matr\u00edcula Escolar Digital\\\" \u00bfQu\u00e9 ciudad ya inici\u00f3 con esta nueva modalidad? \u2705\",\"isPartOf\":{\"@id\":\"https:\\\/\\\/amautaenlinea.com\\\/blog\\\/#website\"},\"primaryImageOfPage\":{\"@id\":\"https:\\\/\\\/amautaenlinea.com\\\/blog\\\/minedu-se-inicia-una-nueva-modalidadmatricula-escolar-digital-que-ciudad-ya-inicio-con-esta-nueva-modalidad\\\/#primaryimage\"},\"image\":{\"@id\":\"https:\\\/\\\/amautaenlinea.com\\\/blog\\\/minedu-se-inicia-una-nueva-modalidadmatricula-escolar-digital-que-ciudad-ya-inicio-con-esta-nueva-modalidad\\\/#primaryimage\"},\"thumbnailUrl\":\"https:\\\/\\\/amautaenlinea.com\\\/blog\\\/wp-content\\\/uploads\\\/2020\\\/11\\\/se-inicia-una-nueva-modalidad-matricula-escolar-digital.jpg\",\"datePublished\":\"2020-11-27T02:15:18+00:00\",\"dateModified\":\"2020-11-27T02:15:21+00:00\",\"description\":\"\u27a8\",\"breadcrumb\":{\"@id\":\"https:\\\/\\\/amautaenlinea.com\\\/blog\\\/minedu-se-inicia-una-nueva-modalidadmatricula-escolar-digital-que-ciudad-ya-inicio-con-esta-nueva-modalidad\\\/#breadcrumb\"},\"inLanguage\":\"es\",\"potentialAction\":[{\"@type\":\"ReadAction\",\"target\":[\"https:\\\/\\\/amautaenlinea.com\\\/blog\\\/minedu-se-inicia-una-nueva-modalidadmatricula-escolar-digital-que-ciudad-ya-inicio-con-esta-nueva-modalidad\\\/\"]}]},{\"@type\":\"ImageObject\",\"inLanguage\":\"es\",\"@id\":\"https:\\\/\\\/amautaenlinea.com\\\/blog\\\/minedu-se-inicia-una-nueva-modalidadmatricula-escolar-digital-que-ciudad-ya-inicio-con-esta-nueva-modalidad\\\/#primaryimage\",\"url\":\"https:\\\/\\\/amautaenlinea.com\\\/blog\\\/wp-content\\\/uploads\\\/2020\\\/11\\\/se-inicia-una-nueva-modalidad-matricula-escolar-digital.jpg\",\"contentUrl\":\"https:\\\/\\\/amautaenlinea.com\\\/blog\\\/wp-content\\\/uploads\\\/2020\\\/11\\\/se-inicia-una-nueva-modalidad-matricula-escolar-digital.jpg\",\"width\":1280,\"height\":720},{\"@type\":\"BreadcrumbList\",\"@id\":\"https:\\\/\\\/amautaenlinea.com\\\/blog\\\/minedu-se-inicia-una-nueva-modalidadmatricula-escolar-digital-que-ciudad-ya-inicio-con-esta-nueva-modalidad\\\/#breadcrumb\",\"itemListElement\":[{\"@type\":\"ListItem\",\"position\":1,\"name\":\"Portada\",\"item\":\"https:\\\/\\\/amautaenlinea.com\\\/blog\\\/\"},{\"@type\":\"ListItem\",\"position\":2,\"name\":\"Minedu| Se inicia una nueva modalidad:\u00bbMatr\u00edcula Escolar Digital\u00bb \u00bfQu\u00e9 ciudad ya inici\u00f3 con esta nueva modalidad?\"}]},{\"@type\":\"WebSite\",\"@id\":\"https:\\\/\\\/amautaenlinea.com\\\/blog\\\/#website\",\"url\":\"https:\\\/\\\/amautaenlinea.com\\\/blog\\\/\",\"name\":\"Grupo AMAUTA\",\"description\":\"\",\"publisher\":{\"@id\":\"https:\\\/\\\/amautaenlinea.com\\\/blog\\\/#organization\"},\"potentialAction\":[{\"@type\":\"SearchAction\",\"target\":{\"@type\":\"EntryPoint\",\"urlTemplate\":\"https:\\\/\\\/amautaenlinea.com\\\/blog\\\/?s={search_term_string}\"},\"query-input\":{\"@type\":\"PropertyValueSpecification\",\"valueRequired\":true,\"valueName\":\"search_term_string\"}}],\"inLanguage\":\"es\"},{\"@type\":\"Organization\",\"@id\":\"https:\\\/\\\/amautaenlinea.com\\\/blog\\\/#organization\",\"name\":\"Grupo AMAUTA E-BUSINESS\",\"url\":\"https:\\\/\\\/amautaenlinea.com\\\/blog\\\/\",\"logo\":{\"@type\":\"ImageObject\",\"inLanguage\":\"es\",\"@id\":\"https:\\\/\\\/amautaenlinea.com\\\/blog\\\/#\\\/schema\\\/logo\\\/image\\\/\",\"url\":\"https:\\\/\\\/amautaenlinea.com\\\/blog\\\/wp-content\\\/uploads\\\/2023\\\/09\\\/logo-amauta.png\",\"contentUrl\":\"https:\\\/\\\/amautaenlinea.com\\\/blog\\\/wp-content\\\/uploads\\\/2023\\\/09\\\/logo-amauta.png\",\"width\":1124,\"height\":368,\"caption\":\"Grupo AMAUTA E-BUSINESS\"},\"image\":{\"@id\":\"https:\\\/\\\/amautaenlinea.com\\\/blog\\\/#\\\/schema\\\/logo\\\/image\\\/\"},\"sameAs\":[\"https:\\\/\\\/www.facebook.com\\\/amautaperu.org\\\/\"]},{\"@type\":\"Person\",\"@id\":\"https:\\\/\\\/amautaenlinea.com\\\/blog\\\/#\\\/schema\\\/person\\\/d8d4b5d672e9edb72a6f23fd40dd31d5\",\"name\":\"Grupo AMAUTA EBUSINESS\",\"image\":{\"@type\":\"ImageObject\",\"inLanguage\":\"es\",\"@id\":\"https:\\\/\\\/secure.gravatar.com\\\/avatar\\\/97706b54c222a710310e2db50e02e68de0a4c8bb76654bcc4053b08241c6bd6c?s=96&d=mm&r=g\",\"url\":\"https:\\\/\\\/secure.gravatar.com\\\/avatar\\\/97706b54c222a710310e2db50e02e68de0a4c8bb76654bcc4053b08241c6bd6c?s=96&d=mm&r=g\",\"contentUrl\":\"https:\\\/\\\/secure.gravatar.com\\\/avatar\\\/97706b54c222a710310e2db50e02e68de0a4c8bb76654bcc4053b08241c6bd6c?s=96&d=mm&r=g\",\"caption\":\"Grupo AMAUTA EBUSINESS\"}}]}<\/script>\n<!-- \/ Yoast SEO Premium plugin. -->","yoast_head_json":{"title":"\u25b7 Minedu| Se inicia una nueva modalidad:\"Matr\u00edcula Escolar Digital\" \u00bfQu\u00e9 ciudad ya inici\u00f3 con esta nueva modalidad? \u2705","description":"\u27a8","robots":{"index":"index","follow":"follow","max-snippet":"max-snippet:-1","max-image-preview":"max-image-preview:large","max-video-preview":"max-video-preview:-1"},"canonical":"https:\/\/amautaenlinea.com\/blog\/minedu-se-inicia-una-nueva-modalidadmatricula-escolar-digital-que-ciudad-ya-inicio-con-esta-nueva-modalidad\/","og_locale":"es_ES","og_type":"article","og_title":"Minedu| Se inicia una nueva modalidad:\"Matr\u00edcula Escolar Digital\" \u00bfQu\u00e9 ciudad ya inici\u00f3 con esta nueva modalidad?","og_description":"\u27a8","og_url":"https:\/\/amautaenlinea.com\/blog\/minedu-se-inicia-una-nueva-modalidadmatricula-escolar-digital-que-ciudad-ya-inicio-con-esta-nueva-modalidad\/","og_site_name":"Grupo AMAUTA","article_publisher":"https:\/\/www.facebook.com\/amautaperu.org\/","article_published_time":"2020-11-27T02:15:18+00:00","article_modified_time":"2020-11-27T02:15:21+00:00","og_image":[{"width":1280,"height":720,"url":"https:\/\/amautaenlinea.com\/blog\/wp-content\/uploads\/2020\/11\/se-inicia-una-nueva-modalidad-matricula-escolar-digital.jpg","type":"image\/jpeg"}],"author":"Grupo AMAUTA EBUSINESS","twitter_card":"summary_large_image","schema":{"@context":"https:\/\/schema.org","@graph":[{"@type":"Article","@id":"https:\/\/amautaenlinea.com\/blog\/minedu-se-inicia-una-nueva-modalidadmatricula-escolar-digital-que-ciudad-ya-inicio-con-esta-nueva-modalidad\/#article","isPartOf":{"@id":"https:\/\/amautaenlinea.com\/blog\/minedu-se-inicia-una-nueva-modalidadmatricula-escolar-digital-que-ciudad-ya-inicio-con-esta-nueva-modalidad\/"},"author":{"name":"Grupo AMAUTA EBUSINESS","@id":"https:\/\/amautaenlinea.com\/blog\/#\/schema\/person\/d8d4b5d672e9edb72a6f23fd40dd31d5"},"headline":"Minedu| Se inicia una nueva modalidad:\u00bbMatr\u00edcula Escolar Digital\u00bb \u00bfQu\u00e9 ciudad ya inici\u00f3 con esta nueva modalidad?","datePublished":"2020-11-27T02:15:18+00:00","dateModified":"2020-11-27T02:15:21+00:00","mainEntityOfPage":{"@id":"https:\/\/amautaenlinea.com\/blog\/minedu-se-inicia-una-nueva-modalidadmatricula-escolar-digital-que-ciudad-ya-inicio-con-esta-nueva-modalidad\/"},"wordCount":286,"commentCount":0,"publisher":{"@id":"https:\/\/amautaenlinea.com\/blog\/#organization"},"image":{"@id":"https:\/\/amautaenlinea.com\/blog\/minedu-se-inicia-una-nueva-modalidadmatricula-escolar-digital-que-ciudad-ya-inicio-con-esta-nueva-modalidad\/#primaryimage"},"thumbnailUrl":"https:\/\/amautaenlinea.com\/blog\/wp-content\/uploads\/2020\/11\/se-inicia-una-nueva-modalidad-matricula-escolar-digital.jpg","articleSection":["Educaci\u00f3n"],"inLanguage":"es","potentialAction":[{"@type":"CommentAction","name":"Comment","target":["https:\/\/amautaenlinea.com\/blog\/minedu-se-inicia-una-nueva-modalidadmatricula-escolar-digital-que-ciudad-ya-inicio-con-esta-nueva-modalidad\/#respond"]}],"copyrightYear":"2020","copyrightHolder":{"@id":"https:\/\/amautaenlinea.com\/blog\/#organization"}},{"@type":"WebPage","@id":"https:\/\/amautaenlinea.com\/blog\/minedu-se-inicia-una-nueva-modalidadmatricula-escolar-digital-que-ciudad-ya-inicio-con-esta-nueva-modalidad\/","url":"https:\/\/amautaenlinea.com\/blog\/minedu-se-inicia-una-nueva-modalidadmatricula-escolar-digital-que-ciudad-ya-inicio-con-esta-nueva-modalidad\/","name":"\u25b7 Minedu| Se inicia una nueva modalidad:\"Matr\u00edcula Escolar Digital\" \u00bfQu\u00e9 ciudad ya inici\u00f3 con esta nueva modalidad? \u2705","isPartOf":{"@id":"https:\/\/amautaenlinea.com\/blog\/#website"},"primaryImageOfPage":{"@id":"https:\/\/amautaenlinea.com\/blog\/minedu-se-inicia-una-nueva-modalidadmatricula-escolar-digital-que-ciudad-ya-inicio-con-esta-nueva-modalidad\/#primaryimage"},"image":{"@id":"https:\/\/amautaenlinea.com\/blog\/minedu-se-inicia-una-nueva-modalidadmatricula-escolar-digital-que-ciudad-ya-inicio-con-esta-nueva-modalidad\/#primaryimage"},"thumbnailUrl":"https:\/\/amautaenlinea.com\/blog\/wp-content\/uploads\/2020\/11\/se-inicia-una-nueva-modalidad-matricula-escolar-digital.jpg","datePublished":"2020-11-27T02:15:18+00:00","dateModified":"2020-11-27T02:15:21+00:00","description":"\u27a8","breadcrumb":{"@id":"https:\/\/amautaenlinea.com\/blog\/minedu-se-inicia-una-nueva-modalidadmatricula-escolar-digital-que-ciudad-ya-inicio-con-esta-nueva-modalidad\/#breadcrumb"},"inLanguage":"es","potentialAction":[{"@type":"ReadAction","target":["https:\/\/amautaenlinea.com\/blog\/minedu-se-inicia-una-nueva-modalidadmatricula-escolar-digital-que-ciudad-ya-inicio-con-esta-nueva-modalidad\/"]}]},{"@type":"ImageObject","inLanguage":"es","@id":"https:\/\/amautaenlinea.com\/blog\/minedu-se-inicia-una-nueva-modalidadmatricula-escolar-digital-que-ciudad-ya-inicio-con-esta-nueva-modalidad\/#primaryimage","url":"https:\/\/amautaenlinea.com\/blog\/wp-content\/uploads\/2020\/11\/se-inicia-una-nueva-modalidad-matricula-escolar-digital.jpg","contentUrl":"https:\/\/amautaenlinea.com\/blog\/wp-content\/uploads\/2020\/11\/se-inicia-una-nueva-modalidad-matricula-escolar-digital.jpg","width":1280,"height":720},{"@type":"BreadcrumbList","@id":"https:\/\/amautaenlinea.com\/blog\/minedu-se-inicia-una-nueva-modalidadmatricula-escolar-digital-que-ciudad-ya-inicio-con-esta-nueva-modalidad\/#breadcrumb","itemListElement":[{"@type":"ListItem","position":1,"name":"Portada","item":"https:\/\/amautaenlinea.com\/blog\/"},{"@type":"ListItem","position":2,"name":"Minedu| Se inicia una nueva modalidad:\u00bbMatr\u00edcula Escolar Digital\u00bb \u00bfQu\u00e9 ciudad ya inici\u00f3 con esta nueva modalidad?"}]},{"@type":"WebSite","@id":"https:\/\/amautaenlinea.com\/blog\/#website","url":"https:\/\/amautaenlinea.com\/blog\/","name":"Grupo AMAUTA","description":"","publisher":{"@id":"https:\/\/amautaenlinea.com\/blog\/#organization"},"potentialAction":[{"@type":"SearchAction","target":{"@type":"EntryPoint","urlTemplate":"https:\/\/amautaenlinea.com\/blog\/?s={search_term_string}"},"query-input":{"@type":"PropertyValueSpecification","valueRequired":true,"valueName":"search_term_string"}}],"inLanguage":"es"},{"@type":"Organization","@id":"https:\/\/amautaenlinea.com\/blog\/#organization","name":"Grupo AMAUTA E-BUSINESS","url":"https:\/\/amautaenlinea.com\/blog\/","logo":{"@type":"ImageObject","inLanguage":"es","@id":"https:\/\/amautaenlinea.com\/blog\/#\/schema\/logo\/image\/","url":"https:\/\/amautaenlinea.com\/blog\/wp-content\/uploads\/2023\/09\/logo-amauta.png","contentUrl":"https:\/\/amautaenlinea.com\/blog\/wp-content\/uploads\/2023\/09\/logo-amauta.png","width":1124,"height":368,"caption":"Grupo AMAUTA E-BUSINESS"},"image":{"@id":"https:\/\/amautaenlinea.com\/blog\/#\/schema\/logo\/image\/"},"sameAs":["https:\/\/www.facebook.com\/amautaperu.org\/"]},{"@type":"Person","@id":"https:\/\/amautaenlinea.com\/blog\/#\/schema\/person\/d8d4b5d672e9edb72a6f23fd40dd31d5","name":"Grupo AMAUTA EBUSINESS","image":{"@type":"ImageObject","inLanguage":"es","@id":"https:\/\/secure.gravatar.com\/avatar\/97706b54c222a710310e2db50e02e68de0a4c8bb76654bcc4053b08241c6bd6c?s=96&d=mm&r=g","url":"https:\/\/secure.gravatar.com\/avatar\/97706b54c222a710310e2db50e02e68de0a4c8bb76654bcc4053b08241c6bd6c?s=96&d=mm&r=g","contentUrl":"https:\/\/secure.gravatar.com\/avatar\/97706b54c222a710310e2db50e02e68de0a4c8bb76654bcc4053b08241c6bd6c?s=96&d=mm&r=g","caption":"Grupo AMAUTA EBUSINESS"}}]}},"_links":{"self":[{"href":"https:\/\/amautaenlinea.com\/blog\/wp-json\/wp\/v2\/posts\/5340","targetHints":{"allow":["GET"]}}],"collection":[{"href":"https:\/\/amautaenlinea.com\/blog\/wp-json\/wp\/v2\/posts"}],"about":[{"href":"https:\/\/amautaenlinea.com\/blog\/wp-json\/wp\/v2\/types\/post"}],"author":[{"embeddable":true,"href":"https:\/\/amautaenlinea.com\/blog\/wp-json\/wp\/v2\/users\/1"}],"replies":[{"embeddable":true,"href":"https:\/\/amautaenlinea.com\/blog\/wp-json\/wp\/v2\/comments?post=5340"}],"version-history":[{"count":0,"href":"https:\/\/amautaenlinea.com\/blog\/wp-json\/wp\/v2\/posts\/5340\/revisions"}],"wp:featuredmedia":[{"embeddable":true,"href":"https:\/\/amautaenlinea.com\/blog\/wp-json\/wp\/v2\/media\/5341"}],"wp:attachment":[{"href":"https:\/\/amautaenlinea.com\/blog\/wp-json\/wp\/v2\/media?parent=5340"}],"wp:term":[{"taxonomy":"category","embeddable":true,"href":"https:\/\/amautaenlinea.com\/blog\/wp-json\/wp\/v2\/categories?post=5340"},{"taxonomy":"post_tag","embeddable":true,"href":"https:\/\/amautaenlinea.com\/blog\/wp-json\/wp\/v2\/tags?post=5340"}],"curies":[{"name":"wp","href":"https:\/\/api.w.org\/{rel}","templated":true}]}}