{"id":5239,"date":"2020-11-22T11:28:16","date_gmt":"2020-11-22T11:28:16","guid":{"rendered":"https:\/\/amautaenlinea.com\/blog\/?p=5239"},"modified":"2020-11-22T11:28:18","modified_gmt":"2020-11-22T11:28:18","slug":"minedu-lanza-programa-a-docentes-contratados-para-fortalecer-capacidades-de-estudiantes-que-migraron-de-escuelas-privadas-a-publicas","status":"publish","type":"post","link":"https:\/\/amautaenlinea.com\/blog\/minedu-lanza-programa-a-docentes-contratados-para-fortalecer-capacidades-de-estudiantes-que-migraron-de-escuelas-privadas-a-publicas\/","title":{"rendered":"Minedu lanza programa a docentes contratados para fortalecer capacidades de estudiantes que migraron de escuelas privadas a p\u00fablicas"},"content":{"rendered":"\n<p> El programa est\u00e1 dirigido a m\u00e1s de 2 mil docentes de los niveles de educaci\u00f3n inicial, primaria y secundaria de 19 regiones del pa\u00eds, recientemente contratados por sus respectivas UGEL para la atenci\u00f3n de los m\u00e1s de 100 000 estudiantes que han migrado de las II. EE. privadas\u00a0quienes en el marco de la matricula excepcional. <\/p>\n\n\n\n<p>Con la finalidad de brindar atenci\u00f3n educativa a los estudiantes provenientes de la educaci\u00f3n privada, el Ministerio de Educaci\u00f3n, a trav\u00e9s de la Direcci\u00f3n de Formaci\u00f3n Docente en Servicio (DIFODS), viene desarrollando el Programa de Formaci\u00f3n para Docentes Contratados en el Marco de la Absorci\u00f3n de Matr\u00edculas de II. EE. privadas a II. EE. p\u00fablicas.<\/p>\n\n\n\n<p>El programa est\u00e1 dirigido a m\u00e1s de 2 mil docentes de los niveles de educaci\u00f3n inicial, primaria y secundaria de 19 regiones del pa\u00eds, quienes en el marco de la matricula excepcional, han sido recientemente contratados por sus respectivas UGEL para la atenci\u00f3n de los m\u00e1s de 100 000 estudiantes que han migrado de las II. EE. privadas.<\/p>\n\n\n\n<p>El prop\u00f3sito del programa es propiciar el desarrollo de competencias referidas a la mediaci\u00f3n y evaluaci\u00f3n, as\u00ed como al aspecto socioemocional, a trav\u00e9s de acciones formativas que promuevan la reflexi\u00f3n critica sobre la pr\u00e1ctica pedag\u00f3gica de los docentes.&nbsp;Los participantes del programa fortalecen sus capacidades mediante un conjunto de estrategias formativas como cursos virtuales, workshop y webinars.<\/p>\n\n\n\n<p>Con respecto a los cursos virtuales se han contemplado: Curr\u00edculo Nacional; Evaluaci\u00f3n Formativa: retroalimentaci\u00f3n; Evaluaci\u00f3n formativa: Identificaci\u00f3n y an\u00e1lisis de evidencias; y Rol del docente en la ense\u00f1anza aprendizaje a distancia. todos estos cursos est\u00e1n alojados en un aula virtual dentro de la plataforma Per\u00faEduca, a la cual se accede con su usuario y contrase\u00f1a.<\/p>\n\n\n\n<p>Asimismo, se vienen desarrollando webinars en los que se abordan temas relacionados al aspecto socioemocional del docente y se brinda orientaciones para una mejor interacci\u00f3n con los estudiantes y sus familias desde la educaci\u00f3n a distancia.<\/p>\n\n\n\n<p>Mientras que en los workshops se desarrollan temas sobre planificaci\u00f3n, conducci\u00f3n y evaluaci\u00f3n de los aprendizajes en el marco de la estrategia Aprendo en Casa.<\/p>\n\n\n\n<p>Para el caso de los recursos virtuales, \u00e9stos se realizan a trav\u00e9s de sesiones de 2 horas de duraci\u00f3n cada una aproximadamente, v\u00eda el canal de YouTube de la DIFODS.<\/p>\n\n\n\n<p>Cabe se\u00f1alar que, al finalizar todas las actividades de los cuatro cursos virtuales programados, el docente participante recibir\u00e1 una constancia con las horas lectivas realizadas, la misma que le servir\u00e1 para el escalaf\u00f3n.<\/p>\n\n\n\n<p>Invitamos a todos los directivos a que motiven a los docentes a participar del Programa de Formaci\u00f3n para Docentes Contratados en el Marco de la Absorci\u00f3n de Matr\u00edculas de II. EE. privadas a II. EE. p\u00fablicas ingresando al siguiente link:<\/p>\n\n\n\n<p><a href=\"https:\/\/campusvirtual5.perueduca.pe\/course\/view.php?id=8\">https:\/\/campusvirtual5.perueduca.pe\/course\/view.php?id=8<\/a><\/p>\n\n\n\n<figure class=\"wp-block-image\"><img loading=\"lazy\" decoding=\"async\" width=\"701\" height=\"1024\" src=\"https:\/\/amautaenlinea.com\/blog\/wp-content\/uploads\/2020\/11\/Infografia_arreglada-701x1024.png\" alt=\"\" class=\"wp-image-5240\" srcset=\"https:\/\/amautaenlinea.com\/blog\/wp-content\/uploads\/2020\/11\/Infografia_arreglada-701x1024.png 701w, https:\/\/amautaenlinea.com\/blog\/wp-content\/uploads\/2020\/11\/Infografia_arreglada-205x300.png 205w, https:\/\/amautaenlinea.com\/blog\/wp-content\/uploads\/2020\/11\/Infografia_arreglada-768x1123.png 768w\" sizes=\"auto, (max-width: 701px) 100vw, 701px\" \/><\/figure>\n","protected":false},"excerpt":{"rendered":"<p>El programa est\u00e1 dirigido a m\u00e1s de 2 mil docentes de los niveles de educaci\u00f3n inicial, primaria y secundaria de 19 regiones del pa\u00eds,<\/p>\n","protected":false},"author":1,"featured_media":5241,"comment_status":"open","ping_status":"open","sticky":false,"template":"","format":"standard","meta":{"footnotes":""},"categories":[4],"tags":[],"class_list":["post-5239","post","type-post","status-publish","format-standard","has-post-thumbnail","hentry","category-educacion"],"yoast_head":"<!-- This site is optimized with the Yoast SEO Premium plugin v21.2 (Yoast SEO v27.4) - https:\/\/yoast.com\/product\/yoast-seo-premium-wordpress\/ -->\n<title>\u25b7 Minedu lanza programa a docentes contratados para fortalecer capacidades de estudiantes que migraron de escuelas privadas a p\u00fablicas \u2705<\/title>\n<meta name=\"description\" content=\"\u27a8\" \/>\n<meta name=\"robots\" content=\"index, follow, max-snippet:-1, max-image-preview:large, max-video-preview:-1\" \/>\n<link rel=\"canonical\" href=\"https:\/\/amautaenlinea.com\/blog\/minedu-lanza-programa-a-docentes-contratados-para-fortalecer-capacidades-de-estudiantes-que-migraron-de-escuelas-privadas-a-publicas\/\" \/>\n<meta property=\"og:locale\" content=\"es_ES\" \/>\n<meta property=\"og:type\" content=\"article\" \/>\n<meta property=\"og:title\" content=\"Minedu lanza programa a docentes contratados para fortalecer capacidades de estudiantes que migraron de escuelas privadas a p\u00fablicas\" \/>\n<meta property=\"og:description\" content=\"\u27a8\" \/>\n<meta property=\"og:url\" content=\"https:\/\/amautaenlinea.com\/blog\/minedu-lanza-programa-a-docentes-contratados-para-fortalecer-capacidades-de-estudiantes-que-migraron-de-escuelas-privadas-a-publicas\/\" \/>\n<meta property=\"og:site_name\" content=\"Grupo AMAUTA\" \/>\n<meta property=\"article:publisher\" content=\"https:\/\/www.facebook.com\/amautaperu.org\/\" \/>\n<meta property=\"article:published_time\" content=\"2020-11-22T11:28:16+00:00\" \/>\n<meta property=\"article:modified_time\" content=\"2020-11-22T11:28:18+00:00\" \/>\n<meta property=\"og:image\" content=\"https:\/\/amautaenlinea.com\/blog\/wp-content\/uploads\/2020\/11\/minedu-lanza-programa-para-docentes-contratados.jpg\" \/>\n\t<meta property=\"og:image:width\" content=\"1280\" \/>\n\t<meta property=\"og:image:height\" content=\"720\" \/>\n\t<meta property=\"og:image:type\" content=\"image\/jpeg\" \/>\n<meta name=\"author\" content=\"Grupo AMAUTA EBUSINESS\" \/>\n<meta name=\"twitter:card\" content=\"summary_large_image\" \/>\n<script type=\"application\/ld+json\" class=\"yoast-schema-graph\">{\"@context\":\"https:\\\/\\\/schema.org\",\"@graph\":[{\"@type\":\"Article\",\"@id\":\"https:\\\/\\\/amautaenlinea.com\\\/blog\\\/minedu-lanza-programa-a-docentes-contratados-para-fortalecer-capacidades-de-estudiantes-que-migraron-de-escuelas-privadas-a-publicas\\\/#article\",\"isPartOf\":{\"@id\":\"https:\\\/\\\/amautaenlinea.com\\\/blog\\\/minedu-lanza-programa-a-docentes-contratados-para-fortalecer-capacidades-de-estudiantes-que-migraron-de-escuelas-privadas-a-publicas\\\/\"},\"author\":{\"name\":\"Grupo AMAUTA EBUSINESS\",\"@id\":\"https:\\\/\\\/amautaenlinea.com\\\/blog\\\/#\\\/schema\\\/person\\\/d8d4b5d672e9edb72a6f23fd40dd31d5\"},\"headline\":\"Minedu lanza programa a docentes contratados para fortalecer capacidades de estudiantes que migraron de escuelas privadas a p\u00fablicas\",\"datePublished\":\"2020-11-22T11:28:16+00:00\",\"dateModified\":\"2020-11-22T11:28:18+00:00\",\"mainEntityOfPage\":{\"@id\":\"https:\\\/\\\/amautaenlinea.com\\\/blog\\\/minedu-lanza-programa-a-docentes-contratados-para-fortalecer-capacidades-de-estudiantes-que-migraron-de-escuelas-privadas-a-publicas\\\/\"},\"wordCount\":515,\"commentCount\":0,\"publisher\":{\"@id\":\"https:\\\/\\\/amautaenlinea.com\\\/blog\\\/#organization\"},\"image\":{\"@id\":\"https:\\\/\\\/amautaenlinea.com\\\/blog\\\/minedu-lanza-programa-a-docentes-contratados-para-fortalecer-capacidades-de-estudiantes-que-migraron-de-escuelas-privadas-a-publicas\\\/#primaryimage\"},\"thumbnailUrl\":\"https:\\\/\\\/amautaenlinea.com\\\/blog\\\/wp-content\\\/uploads\\\/2020\\\/11\\\/minedu-lanza-programa-para-docentes-contratados.jpg\",\"articleSection\":[\"Educaci\u00f3n\"],\"inLanguage\":\"es\",\"potentialAction\":[{\"@type\":\"CommentAction\",\"name\":\"Comment\",\"target\":[\"https:\\\/\\\/amautaenlinea.com\\\/blog\\\/minedu-lanza-programa-a-docentes-contratados-para-fortalecer-capacidades-de-estudiantes-que-migraron-de-escuelas-privadas-a-publicas\\\/#respond\"]}],\"copyrightYear\":\"2020\",\"copyrightHolder\":{\"@id\":\"https:\\\/\\\/amautaenlinea.com\\\/blog\\\/#organization\"}},{\"@type\":\"WebPage\",\"@id\":\"https:\\\/\\\/amautaenlinea.com\\\/blog\\\/minedu-lanza-programa-a-docentes-contratados-para-fortalecer-capacidades-de-estudiantes-que-migraron-de-escuelas-privadas-a-publicas\\\/\",\"url\":\"https:\\\/\\\/amautaenlinea.com\\\/blog\\\/minedu-lanza-programa-a-docentes-contratados-para-fortalecer-capacidades-de-estudiantes-que-migraron-de-escuelas-privadas-a-publicas\\\/\",\"name\":\"\u25b7 Minedu lanza programa a docentes contratados para fortalecer capacidades de estudiantes que migraron de escuelas privadas a p\u00fablicas \u2705\",\"isPartOf\":{\"@id\":\"https:\\\/\\\/amautaenlinea.com\\\/blog\\\/#website\"},\"primaryImageOfPage\":{\"@id\":\"https:\\\/\\\/amautaenlinea.com\\\/blog\\\/minedu-lanza-programa-a-docentes-contratados-para-fortalecer-capacidades-de-estudiantes-que-migraron-de-escuelas-privadas-a-publicas\\\/#primaryimage\"},\"image\":{\"@id\":\"https:\\\/\\\/amautaenlinea.com\\\/blog\\\/minedu-lanza-programa-a-docentes-contratados-para-fortalecer-capacidades-de-estudiantes-que-migraron-de-escuelas-privadas-a-publicas\\\/#primaryimage\"},\"thumbnailUrl\":\"https:\\\/\\\/amautaenlinea.com\\\/blog\\\/wp-content\\\/uploads\\\/2020\\\/11\\\/minedu-lanza-programa-para-docentes-contratados.jpg\",\"datePublished\":\"2020-11-22T11:28:16+00:00\",\"dateModified\":\"2020-11-22T11:28:18+00:00\",\"description\":\"\u27a8\",\"breadcrumb\":{\"@id\":\"https:\\\/\\\/amautaenlinea.com\\\/blog\\\/minedu-lanza-programa-a-docentes-contratados-para-fortalecer-capacidades-de-estudiantes-que-migraron-de-escuelas-privadas-a-publicas\\\/#breadcrumb\"},\"inLanguage\":\"es\",\"potentialAction\":[{\"@type\":\"ReadAction\",\"target\":[\"https:\\\/\\\/amautaenlinea.com\\\/blog\\\/minedu-lanza-programa-a-docentes-contratados-para-fortalecer-capacidades-de-estudiantes-que-migraron-de-escuelas-privadas-a-publicas\\\/\"]}]},{\"@type\":\"ImageObject\",\"inLanguage\":\"es\",\"@id\":\"https:\\\/\\\/amautaenlinea.com\\\/blog\\\/minedu-lanza-programa-a-docentes-contratados-para-fortalecer-capacidades-de-estudiantes-que-migraron-de-escuelas-privadas-a-publicas\\\/#primaryimage\",\"url\":\"https:\\\/\\\/amautaenlinea.com\\\/blog\\\/wp-content\\\/uploads\\\/2020\\\/11\\\/minedu-lanza-programa-para-docentes-contratados.jpg\",\"contentUrl\":\"https:\\\/\\\/amautaenlinea.com\\\/blog\\\/wp-content\\\/uploads\\\/2020\\\/11\\\/minedu-lanza-programa-para-docentes-contratados.jpg\",\"width\":1280,\"height\":720},{\"@type\":\"BreadcrumbList\",\"@id\":\"https:\\\/\\\/amautaenlinea.com\\\/blog\\\/minedu-lanza-programa-a-docentes-contratados-para-fortalecer-capacidades-de-estudiantes-que-migraron-de-escuelas-privadas-a-publicas\\\/#breadcrumb\",\"itemListElement\":[{\"@type\":\"ListItem\",\"position\":1,\"name\":\"Portada\",\"item\":\"https:\\\/\\\/amautaenlinea.com\\\/blog\\\/\"},{\"@type\":\"ListItem\",\"position\":2,\"name\":\"Minedu lanza programa a docentes contratados para fortalecer capacidades de estudiantes que migraron de escuelas privadas a p\u00fablicas\"}]},{\"@type\":\"WebSite\",\"@id\":\"https:\\\/\\\/amautaenlinea.com\\\/blog\\\/#website\",\"url\":\"https:\\\/\\\/amautaenlinea.com\\\/blog\\\/\",\"name\":\"Grupo AMAUTA\",\"description\":\"\",\"publisher\":{\"@id\":\"https:\\\/\\\/amautaenlinea.com\\\/blog\\\/#organization\"},\"potentialAction\":[{\"@type\":\"SearchAction\",\"target\":{\"@type\":\"EntryPoint\",\"urlTemplate\":\"https:\\\/\\\/amautaenlinea.com\\\/blog\\\/?s={search_term_string}\"},\"query-input\":{\"@type\":\"PropertyValueSpecification\",\"valueRequired\":true,\"valueName\":\"search_term_string\"}}],\"inLanguage\":\"es\"},{\"@type\":\"Organization\",\"@id\":\"https:\\\/\\\/amautaenlinea.com\\\/blog\\\/#organization\",\"name\":\"Grupo AMAUTA E-BUSINESS\",\"url\":\"https:\\\/\\\/amautaenlinea.com\\\/blog\\\/\",\"logo\":{\"@type\":\"ImageObject\",\"inLanguage\":\"es\",\"@id\":\"https:\\\/\\\/amautaenlinea.com\\\/blog\\\/#\\\/schema\\\/logo\\\/image\\\/\",\"url\":\"https:\\\/\\\/amautaenlinea.com\\\/blog\\\/wp-content\\\/uploads\\\/2023\\\/09\\\/logo-amauta.png\",\"contentUrl\":\"https:\\\/\\\/amautaenlinea.com\\\/blog\\\/wp-content\\\/uploads\\\/2023\\\/09\\\/logo-amauta.png\",\"width\":1124,\"height\":368,\"caption\":\"Grupo AMAUTA E-BUSINESS\"},\"image\":{\"@id\":\"https:\\\/\\\/amautaenlinea.com\\\/blog\\\/#\\\/schema\\\/logo\\\/image\\\/\"},\"sameAs\":[\"https:\\\/\\\/www.facebook.com\\\/amautaperu.org\\\/\"]},{\"@type\":\"Person\",\"@id\":\"https:\\\/\\\/amautaenlinea.com\\\/blog\\\/#\\\/schema\\\/person\\\/d8d4b5d672e9edb72a6f23fd40dd31d5\",\"name\":\"Grupo AMAUTA EBUSINESS\",\"image\":{\"@type\":\"ImageObject\",\"inLanguage\":\"es\",\"@id\":\"https:\\\/\\\/secure.gravatar.com\\\/avatar\\\/97706b54c222a710310e2db50e02e68de0a4c8bb76654bcc4053b08241c6bd6c?s=96&d=mm&r=g\",\"url\":\"https:\\\/\\\/secure.gravatar.com\\\/avatar\\\/97706b54c222a710310e2db50e02e68de0a4c8bb76654bcc4053b08241c6bd6c?s=96&d=mm&r=g\",\"contentUrl\":\"https:\\\/\\\/secure.gravatar.com\\\/avatar\\\/97706b54c222a710310e2db50e02e68de0a4c8bb76654bcc4053b08241c6bd6c?s=96&d=mm&r=g\",\"caption\":\"Grupo AMAUTA EBUSINESS\"}}]}<\/script>\n<!-- \/ Yoast SEO Premium plugin. -->","yoast_head_json":{"title":"\u25b7 Minedu lanza programa a docentes contratados para fortalecer capacidades de estudiantes que migraron de escuelas privadas a p\u00fablicas \u2705","description":"\u27a8","robots":{"index":"index","follow":"follow","max-snippet":"max-snippet:-1","max-image-preview":"max-image-preview:large","max-video-preview":"max-video-preview:-1"},"canonical":"https:\/\/amautaenlinea.com\/blog\/minedu-lanza-programa-a-docentes-contratados-para-fortalecer-capacidades-de-estudiantes-que-migraron-de-escuelas-privadas-a-publicas\/","og_locale":"es_ES","og_type":"article","og_title":"Minedu lanza programa a docentes contratados para fortalecer capacidades de estudiantes que migraron de escuelas privadas a p\u00fablicas","og_description":"\u27a8","og_url":"https:\/\/amautaenlinea.com\/blog\/minedu-lanza-programa-a-docentes-contratados-para-fortalecer-capacidades-de-estudiantes-que-migraron-de-escuelas-privadas-a-publicas\/","og_site_name":"Grupo AMAUTA","article_publisher":"https:\/\/www.facebook.com\/amautaperu.org\/","article_published_time":"2020-11-22T11:28:16+00:00","article_modified_time":"2020-11-22T11:28:18+00:00","og_image":[{"width":1280,"height":720,"url":"https:\/\/amautaenlinea.com\/blog\/wp-content\/uploads\/2020\/11\/minedu-lanza-programa-para-docentes-contratados.jpg","type":"image\/jpeg"}],"author":"Grupo AMAUTA EBUSINESS","twitter_card":"summary_large_image","schema":{"@context":"https:\/\/schema.org","@graph":[{"@type":"Article","@id":"https:\/\/amautaenlinea.com\/blog\/minedu-lanza-programa-a-docentes-contratados-para-fortalecer-capacidades-de-estudiantes-que-migraron-de-escuelas-privadas-a-publicas\/#article","isPartOf":{"@id":"https:\/\/amautaenlinea.com\/blog\/minedu-lanza-programa-a-docentes-contratados-para-fortalecer-capacidades-de-estudiantes-que-migraron-de-escuelas-privadas-a-publicas\/"},"author":{"name":"Grupo AMAUTA EBUSINESS","@id":"https:\/\/amautaenlinea.com\/blog\/#\/schema\/person\/d8d4b5d672e9edb72a6f23fd40dd31d5"},"headline":"Minedu lanza programa a docentes contratados para fortalecer capacidades de estudiantes que migraron de escuelas privadas a p\u00fablicas","datePublished":"2020-11-22T11:28:16+00:00","dateModified":"2020-11-22T11:28:18+00:00","mainEntityOfPage":{"@id":"https:\/\/amautaenlinea.com\/blog\/minedu-lanza-programa-a-docentes-contratados-para-fortalecer-capacidades-de-estudiantes-que-migraron-de-escuelas-privadas-a-publicas\/"},"wordCount":515,"commentCount":0,"publisher":{"@id":"https:\/\/amautaenlinea.com\/blog\/#organization"},"image":{"@id":"https:\/\/amautaenlinea.com\/blog\/minedu-lanza-programa-a-docentes-contratados-para-fortalecer-capacidades-de-estudiantes-que-migraron-de-escuelas-privadas-a-publicas\/#primaryimage"},"thumbnailUrl":"https:\/\/amautaenlinea.com\/blog\/wp-content\/uploads\/2020\/11\/minedu-lanza-programa-para-docentes-contratados.jpg","articleSection":["Educaci\u00f3n"],"inLanguage":"es","potentialAction":[{"@type":"CommentAction","name":"Comment","target":["https:\/\/amautaenlinea.com\/blog\/minedu-lanza-programa-a-docentes-contratados-para-fortalecer-capacidades-de-estudiantes-que-migraron-de-escuelas-privadas-a-publicas\/#respond"]}],"copyrightYear":"2020","copyrightHolder":{"@id":"https:\/\/amautaenlinea.com\/blog\/#organization"}},{"@type":"WebPage","@id":"https:\/\/amautaenlinea.com\/blog\/minedu-lanza-programa-a-docentes-contratados-para-fortalecer-capacidades-de-estudiantes-que-migraron-de-escuelas-privadas-a-publicas\/","url":"https:\/\/amautaenlinea.com\/blog\/minedu-lanza-programa-a-docentes-contratados-para-fortalecer-capacidades-de-estudiantes-que-migraron-de-escuelas-privadas-a-publicas\/","name":"\u25b7 Minedu lanza programa a docentes contratados para fortalecer capacidades de estudiantes que migraron de escuelas privadas a p\u00fablicas \u2705","isPartOf":{"@id":"https:\/\/amautaenlinea.com\/blog\/#website"},"primaryImageOfPage":{"@id":"https:\/\/amautaenlinea.com\/blog\/minedu-lanza-programa-a-docentes-contratados-para-fortalecer-capacidades-de-estudiantes-que-migraron-de-escuelas-privadas-a-publicas\/#primaryimage"},"image":{"@id":"https:\/\/amautaenlinea.com\/blog\/minedu-lanza-programa-a-docentes-contratados-para-fortalecer-capacidades-de-estudiantes-que-migraron-de-escuelas-privadas-a-publicas\/#primaryimage"},"thumbnailUrl":"https:\/\/amautaenlinea.com\/blog\/wp-content\/uploads\/2020\/11\/minedu-lanza-programa-para-docentes-contratados.jpg","datePublished":"2020-11-22T11:28:16+00:00","dateModified":"2020-11-22T11:28:18+00:00","description":"\u27a8","breadcrumb":{"@id":"https:\/\/amautaenlinea.com\/blog\/minedu-lanza-programa-a-docentes-contratados-para-fortalecer-capacidades-de-estudiantes-que-migraron-de-escuelas-privadas-a-publicas\/#breadcrumb"},"inLanguage":"es","potentialAction":[{"@type":"ReadAction","target":["https:\/\/amautaenlinea.com\/blog\/minedu-lanza-programa-a-docentes-contratados-para-fortalecer-capacidades-de-estudiantes-que-migraron-de-escuelas-privadas-a-publicas\/"]}]},{"@type":"ImageObject","inLanguage":"es","@id":"https:\/\/amautaenlinea.com\/blog\/minedu-lanza-programa-a-docentes-contratados-para-fortalecer-capacidades-de-estudiantes-que-migraron-de-escuelas-privadas-a-publicas\/#primaryimage","url":"https:\/\/amautaenlinea.com\/blog\/wp-content\/uploads\/2020\/11\/minedu-lanza-programa-para-docentes-contratados.jpg","contentUrl":"https:\/\/amautaenlinea.com\/blog\/wp-content\/uploads\/2020\/11\/minedu-lanza-programa-para-docentes-contratados.jpg","width":1280,"height":720},{"@type":"BreadcrumbList","@id":"https:\/\/amautaenlinea.com\/blog\/minedu-lanza-programa-a-docentes-contratados-para-fortalecer-capacidades-de-estudiantes-que-migraron-de-escuelas-privadas-a-publicas\/#breadcrumb","itemListElement":[{"@type":"ListItem","position":1,"name":"Portada","item":"https:\/\/amautaenlinea.com\/blog\/"},{"@type":"ListItem","position":2,"name":"Minedu lanza programa a docentes contratados para fortalecer capacidades de estudiantes que migraron de escuelas privadas a p\u00fablicas"}]},{"@type":"WebSite","@id":"https:\/\/amautaenlinea.com\/blog\/#website","url":"https:\/\/amautaenlinea.com\/blog\/","name":"Grupo AMAUTA","description":"","publisher":{"@id":"https:\/\/amautaenlinea.com\/blog\/#organization"},"potentialAction":[{"@type":"SearchAction","target":{"@type":"EntryPoint","urlTemplate":"https:\/\/amautaenlinea.com\/blog\/?s={search_term_string}"},"query-input":{"@type":"PropertyValueSpecification","valueRequired":true,"valueName":"search_term_string"}}],"inLanguage":"es"},{"@type":"Organization","@id":"https:\/\/amautaenlinea.com\/blog\/#organization","name":"Grupo AMAUTA E-BUSINESS","url":"https:\/\/amautaenlinea.com\/blog\/","logo":{"@type":"ImageObject","inLanguage":"es","@id":"https:\/\/amautaenlinea.com\/blog\/#\/schema\/logo\/image\/","url":"https:\/\/amautaenlinea.com\/blog\/wp-content\/uploads\/2023\/09\/logo-amauta.png","contentUrl":"https:\/\/amautaenlinea.com\/blog\/wp-content\/uploads\/2023\/09\/logo-amauta.png","width":1124,"height":368,"caption":"Grupo AMAUTA E-BUSINESS"},"image":{"@id":"https:\/\/amautaenlinea.com\/blog\/#\/schema\/logo\/image\/"},"sameAs":["https:\/\/www.facebook.com\/amautaperu.org\/"]},{"@type":"Person","@id":"https:\/\/amautaenlinea.com\/blog\/#\/schema\/person\/d8d4b5d672e9edb72a6f23fd40dd31d5","name":"Grupo AMAUTA EBUSINESS","image":{"@type":"ImageObject","inLanguage":"es","@id":"https:\/\/secure.gravatar.com\/avatar\/97706b54c222a710310e2db50e02e68de0a4c8bb76654bcc4053b08241c6bd6c?s=96&d=mm&r=g","url":"https:\/\/secure.gravatar.com\/avatar\/97706b54c222a710310e2db50e02e68de0a4c8bb76654bcc4053b08241c6bd6c?s=96&d=mm&r=g","contentUrl":"https:\/\/secure.gravatar.com\/avatar\/97706b54c222a710310e2db50e02e68de0a4c8bb76654bcc4053b08241c6bd6c?s=96&d=mm&r=g","caption":"Grupo AMAUTA EBUSINESS"}}]}},"_links":{"self":[{"href":"https:\/\/amautaenlinea.com\/blog\/wp-json\/wp\/v2\/posts\/5239","targetHints":{"allow":["GET"]}}],"collection":[{"href":"https:\/\/amautaenlinea.com\/blog\/wp-json\/wp\/v2\/posts"}],"about":[{"href":"https:\/\/amautaenlinea.com\/blog\/wp-json\/wp\/v2\/types\/post"}],"author":[{"embeddable":true,"href":"https:\/\/amautaenlinea.com\/blog\/wp-json\/wp\/v2\/users\/1"}],"replies":[{"embeddable":true,"href":"https:\/\/amautaenlinea.com\/blog\/wp-json\/wp\/v2\/comments?post=5239"}],"version-history":[{"count":0,"href":"https:\/\/amautaenlinea.com\/blog\/wp-json\/wp\/v2\/posts\/5239\/revisions"}],"wp:featuredmedia":[{"embeddable":true,"href":"https:\/\/amautaenlinea.com\/blog\/wp-json\/wp\/v2\/media\/5241"}],"wp:attachment":[{"href":"https:\/\/amautaenlinea.com\/blog\/wp-json\/wp\/v2\/media?parent=5239"}],"wp:term":[{"taxonomy":"category","embeddable":true,"href":"https:\/\/amautaenlinea.com\/blog\/wp-json\/wp\/v2\/categories?post=5239"},{"taxonomy":"post_tag","embeddable":true,"href":"https:\/\/amautaenlinea.com\/blog\/wp-json\/wp\/v2\/tags?post=5239"}],"curies":[{"name":"wp","href":"https:\/\/api.w.org\/{rel}","templated":true}]}}