{"id":3870,"date":"2020-09-05T19:57:27","date_gmt":"2020-09-05T19:57:27","guid":{"rendered":"https:\/\/amautaenlinea.com\/blog\/?p=3870"},"modified":"2020-09-05T19:57:29","modified_gmt":"2020-09-05T19:57:29","slug":"minedu-premiara-a-docentes-y-directivos-por-experiencias-de-aprendizaje-y-gestion-escolar-a-distancia","status":"publish","type":"post","link":"https:\/\/amautaenlinea.com\/blog\/minedu-premiara-a-docentes-y-directivos-por-experiencias-de-aprendizaje-y-gestion-escolar-a-distancia\/","title":{"rendered":"Minedu premiar\u00e1 a docentes y directivos por experiencias de aprendizaje y gesti\u00f3n escolar a distancia"},"content":{"rendered":"\n<p> Las inscripciones para participar en el VIII Concurso Nacional de Buenas Pr\u00e1cticas Docentes se realizar\u00e1n hasta el 30 de setiembre <\/p>\n\n\n\n<p>El profesionalismo, talento, compromiso y la creatividad de los maestros y directivos que realizan valiosas acciones pedag\u00f3gicas para que los estudiantes contin\u00faen con sus aprendizajes a trav\u00e9s de la educaci\u00f3n a distancia ser\u00e1n reconocidos por el Ministerio de Educaci\u00f3n (Minedu) en el VIII Concurso Nacional de Buenas Pr\u00e1cticas Docentes.<\/p>\n\n\n\n<p>La convocatoria est\u00e1 dirigida a los miembros del magisterio, nombrados o contratados, as\u00ed como a directivos (directores y subdirectores) designados o encargados de instituciones educativas p\u00fablicas de Educaci\u00f3n B\u00e1sica Regular (EBR), Educaci\u00f3n B\u00e1sica Especial (EBE) y Educaci\u00f3n B\u00e1sica Alternativa (EBA).<\/p>\n\n\n\n<p>De acuerdo con las bases, los participantes podr\u00e1n concursar de manera individual o grupal en siete categor\u00edas. Las cinco primeras est\u00e1n dedicadas a las experiencias de aprendizaje a distancia en los niveles de inicial, primaria y secundaria de EBR, as\u00ed como en EBA y EBE, respectivamente. Las dos restantes categor\u00edas abarcan las experiencias de gesti\u00f3n escolar centrada en los aprendizajes de EBR y EBA y en EBE, respectivamente.<\/p>\n\n\n\n<p>Estas categor\u00edas est\u00e1n integradas por 32 subcategor\u00edas y el reconocimiento se otorgar\u00e1 a quienes ocupen los primeros puestos de cada una de ellas. Los docentes y directivos responsables de la implementaci\u00f3n de cada experiencia reconocida recibir\u00e1n una resoluci\u00f3n ministerial de felicitaci\u00f3n, un diploma y una medalla de reconocimiento.<\/p>\n\n\n\n<p>Desde el a\u00f1o 2013, cuando se realiz\u00f3 la primera edici\u00f3n del concurso, se han presentado cerca de 6,700 buenas pr\u00e1cticas en las que han participado 10,000 representantes del magisterio a nivel nacional.<\/p>\n\n\n\n<p>En total, el Minedu ha reconocido 278 buenas pr\u00e1cticas implementadas por 758 maestros en alianza con sus respectivos cuerpos directivos. En la edici\u00f3n del 2019 participaron 3,390 miembros del magisterio, se presentaron 1,475 pr\u00e1cticas, 39 de ellas fueron premiadas y fueron reconocidos 148 profesores y directivos.<\/p>\n\n\n\n<p>Las inscripciones se realizar\u00e1n hasta el 30 de setiembre en la p\u00e1gina web del Minedu www.minedu.gob.pe\/buenaspracticasdocentes En dicha web los interesados tambi\u00e9n podr\u00e1n encontrar las bases y el cronograma del concurso.<\/p>\n\n\n\n<p><strong>Fuente: Minedu Oficina de Prensa<\/strong><\/p>\n","protected":false},"excerpt":{"rendered":"<p>Las inscripciones para participar en el VIII Concurso Nacional de Buenas Pr\u00e1cticas Docentes se realizar\u00e1n hasta el 30 de setiembre El profesionalismo, talento, compromiso<\/p>\n","protected":false},"author":1,"featured_media":3871,"comment_status":"open","ping_status":"open","sticky":false,"template":"","format":"standard","meta":{"footnotes":""},"categories":[4],"tags":[],"class_list":["post-3870","post","type-post","status-publish","format-standard","has-post-thumbnail","hentry","category-educacion"],"yoast_head":"<!-- This site is optimized with the Yoast SEO Premium plugin v21.2 (Yoast SEO v27.5) - https:\/\/yoast.com\/product\/yoast-seo-premium-wordpress\/ -->\n<title>\u25b7 Minedu premiar\u00e1 a docentes y directivos por experiencias de aprendizaje y gesti\u00f3n escolar a distancia \u2705<\/title>\n<meta name=\"description\" content=\"\u27a8\" \/>\n<meta name=\"robots\" content=\"index, follow, max-snippet:-1, max-image-preview:large, max-video-preview:-1\" \/>\n<link rel=\"canonical\" href=\"https:\/\/amautaenlinea.com\/blog\/minedu-premiara-a-docentes-y-directivos-por-experiencias-de-aprendizaje-y-gestion-escolar-a-distancia\/\" \/>\n<meta property=\"og:locale\" content=\"es_ES\" \/>\n<meta property=\"og:type\" content=\"article\" \/>\n<meta property=\"og:title\" content=\"Minedu premiar\u00e1 a docentes y directivos por experiencias de aprendizaje y gesti\u00f3n escolar a distancia\" \/>\n<meta property=\"og:description\" content=\"\u27a8\" \/>\n<meta property=\"og:url\" content=\"https:\/\/amautaenlinea.com\/blog\/minedu-premiara-a-docentes-y-directivos-por-experiencias-de-aprendizaje-y-gestion-escolar-a-distancia\/\" \/>\n<meta property=\"og:site_name\" content=\"Grupo AMAUTA\" \/>\n<meta property=\"article:publisher\" content=\"https:\/\/www.facebook.com\/amautaperu.org\/\" \/>\n<meta property=\"article:published_time\" content=\"2020-09-05T19:57:27+00:00\" \/>\n<meta property=\"article:modified_time\" content=\"2020-09-05T19:57:29+00:00\" \/>\n<meta property=\"og:image\" content=\"https:\/\/amautaenlinea.com\/blog\/wp-content\/uploads\/2020\/09\/MINEDU-PREMIAR\u00c1-A-DOCENTES.jpg\" \/>\n\t<meta property=\"og:image:width\" content=\"1280\" \/>\n\t<meta property=\"og:image:height\" content=\"720\" \/>\n\t<meta property=\"og:image:type\" content=\"image\/jpeg\" \/>\n<meta name=\"author\" content=\"Grupo AMAUTA EBUSINESS\" \/>\n<meta name=\"twitter:card\" content=\"summary_large_image\" \/>\n<script type=\"application\/ld+json\" class=\"yoast-schema-graph\">{\"@context\":\"https:\\\/\\\/schema.org\",\"@graph\":[{\"@type\":\"Article\",\"@id\":\"https:\\\/\\\/amautaenlinea.com\\\/blog\\\/minedu-premiara-a-docentes-y-directivos-por-experiencias-de-aprendizaje-y-gestion-escolar-a-distancia\\\/#article\",\"isPartOf\":{\"@id\":\"https:\\\/\\\/amautaenlinea.com\\\/blog\\\/minedu-premiara-a-docentes-y-directivos-por-experiencias-de-aprendizaje-y-gestion-escolar-a-distancia\\\/\"},\"author\":{\"name\":\"Grupo AMAUTA EBUSINESS\",\"@id\":\"https:\\\/\\\/amautaenlinea.com\\\/blog\\\/#\\\/schema\\\/person\\\/d8d4b5d672e9edb72a6f23fd40dd31d5\"},\"headline\":\"Minedu premiar\u00e1 a docentes y directivos por experiencias de aprendizaje y gesti\u00f3n escolar a distancia\",\"datePublished\":\"2020-09-05T19:57:27+00:00\",\"dateModified\":\"2020-09-05T19:57:29+00:00\",\"mainEntityOfPage\":{\"@id\":\"https:\\\/\\\/amautaenlinea.com\\\/blog\\\/minedu-premiara-a-docentes-y-directivos-por-experiencias-de-aprendizaje-y-gestion-escolar-a-distancia\\\/\"},\"wordCount\":384,\"commentCount\":0,\"publisher\":{\"@id\":\"https:\\\/\\\/amautaenlinea.com\\\/blog\\\/#organization\"},\"image\":{\"@id\":\"https:\\\/\\\/amautaenlinea.com\\\/blog\\\/minedu-premiara-a-docentes-y-directivos-por-experiencias-de-aprendizaje-y-gestion-escolar-a-distancia\\\/#primaryimage\"},\"thumbnailUrl\":\"https:\\\/\\\/amautaenlinea.com\\\/blog\\\/wp-content\\\/uploads\\\/2020\\\/09\\\/MINEDU-PREMIAR\u00c1-A-DOCENTES.jpg\",\"articleSection\":[\"Educaci\u00f3n\"],\"inLanguage\":\"es\",\"potentialAction\":[{\"@type\":\"CommentAction\",\"name\":\"Comment\",\"target\":[\"https:\\\/\\\/amautaenlinea.com\\\/blog\\\/minedu-premiara-a-docentes-y-directivos-por-experiencias-de-aprendizaje-y-gestion-escolar-a-distancia\\\/#respond\"]}],\"copyrightYear\":\"2020\",\"copyrightHolder\":{\"@id\":\"https:\\\/\\\/amautaenlinea.com\\\/blog\\\/#organization\"}},{\"@type\":\"WebPage\",\"@id\":\"https:\\\/\\\/amautaenlinea.com\\\/blog\\\/minedu-premiara-a-docentes-y-directivos-por-experiencias-de-aprendizaje-y-gestion-escolar-a-distancia\\\/\",\"url\":\"https:\\\/\\\/amautaenlinea.com\\\/blog\\\/minedu-premiara-a-docentes-y-directivos-por-experiencias-de-aprendizaje-y-gestion-escolar-a-distancia\\\/\",\"name\":\"\u25b7 Minedu premiar\u00e1 a docentes y directivos por experiencias de aprendizaje y gesti\u00f3n escolar a distancia \u2705\",\"isPartOf\":{\"@id\":\"https:\\\/\\\/amautaenlinea.com\\\/blog\\\/#website\"},\"primaryImageOfPage\":{\"@id\":\"https:\\\/\\\/amautaenlinea.com\\\/blog\\\/minedu-premiara-a-docentes-y-directivos-por-experiencias-de-aprendizaje-y-gestion-escolar-a-distancia\\\/#primaryimage\"},\"image\":{\"@id\":\"https:\\\/\\\/amautaenlinea.com\\\/blog\\\/minedu-premiara-a-docentes-y-directivos-por-experiencias-de-aprendizaje-y-gestion-escolar-a-distancia\\\/#primaryimage\"},\"thumbnailUrl\":\"https:\\\/\\\/amautaenlinea.com\\\/blog\\\/wp-content\\\/uploads\\\/2020\\\/09\\\/MINEDU-PREMIAR\u00c1-A-DOCENTES.jpg\",\"datePublished\":\"2020-09-05T19:57:27+00:00\",\"dateModified\":\"2020-09-05T19:57:29+00:00\",\"description\":\"\u27a8\",\"breadcrumb\":{\"@id\":\"https:\\\/\\\/amautaenlinea.com\\\/blog\\\/minedu-premiara-a-docentes-y-directivos-por-experiencias-de-aprendizaje-y-gestion-escolar-a-distancia\\\/#breadcrumb\"},\"inLanguage\":\"es\",\"potentialAction\":[{\"@type\":\"ReadAction\",\"target\":[\"https:\\\/\\\/amautaenlinea.com\\\/blog\\\/minedu-premiara-a-docentes-y-directivos-por-experiencias-de-aprendizaje-y-gestion-escolar-a-distancia\\\/\"]}]},{\"@type\":\"ImageObject\",\"inLanguage\":\"es\",\"@id\":\"https:\\\/\\\/amautaenlinea.com\\\/blog\\\/minedu-premiara-a-docentes-y-directivos-por-experiencias-de-aprendizaje-y-gestion-escolar-a-distancia\\\/#primaryimage\",\"url\":\"https:\\\/\\\/amautaenlinea.com\\\/blog\\\/wp-content\\\/uploads\\\/2020\\\/09\\\/MINEDU-PREMIAR\u00c1-A-DOCENTES.jpg\",\"contentUrl\":\"https:\\\/\\\/amautaenlinea.com\\\/blog\\\/wp-content\\\/uploads\\\/2020\\\/09\\\/MINEDU-PREMIAR\u00c1-A-DOCENTES.jpg\",\"width\":1280,\"height\":720},{\"@type\":\"BreadcrumbList\",\"@id\":\"https:\\\/\\\/amautaenlinea.com\\\/blog\\\/minedu-premiara-a-docentes-y-directivos-por-experiencias-de-aprendizaje-y-gestion-escolar-a-distancia\\\/#breadcrumb\",\"itemListElement\":[{\"@type\":\"ListItem\",\"position\":1,\"name\":\"Portada\",\"item\":\"https:\\\/\\\/amautaenlinea.com\\\/blog\\\/\"},{\"@type\":\"ListItem\",\"position\":2,\"name\":\"Minedu premiar\u00e1 a docentes y directivos por experiencias de aprendizaje y gesti\u00f3n escolar a distancia\"}]},{\"@type\":\"WebSite\",\"@id\":\"https:\\\/\\\/amautaenlinea.com\\\/blog\\\/#website\",\"url\":\"https:\\\/\\\/amautaenlinea.com\\\/blog\\\/\",\"name\":\"Grupo AMAUTA\",\"description\":\"\",\"publisher\":{\"@id\":\"https:\\\/\\\/amautaenlinea.com\\\/blog\\\/#organization\"},\"potentialAction\":[{\"@type\":\"SearchAction\",\"target\":{\"@type\":\"EntryPoint\",\"urlTemplate\":\"https:\\\/\\\/amautaenlinea.com\\\/blog\\\/?s={search_term_string}\"},\"query-input\":{\"@type\":\"PropertyValueSpecification\",\"valueRequired\":true,\"valueName\":\"search_term_string\"}}],\"inLanguage\":\"es\"},{\"@type\":\"Organization\",\"@id\":\"https:\\\/\\\/amautaenlinea.com\\\/blog\\\/#organization\",\"name\":\"Grupo AMAUTA E-BUSINESS\",\"url\":\"https:\\\/\\\/amautaenlinea.com\\\/blog\\\/\",\"logo\":{\"@type\":\"ImageObject\",\"inLanguage\":\"es\",\"@id\":\"https:\\\/\\\/amautaenlinea.com\\\/blog\\\/#\\\/schema\\\/logo\\\/image\\\/\",\"url\":\"https:\\\/\\\/amautaenlinea.com\\\/blog\\\/wp-content\\\/uploads\\\/2023\\\/09\\\/logo-amauta.png\",\"contentUrl\":\"https:\\\/\\\/amautaenlinea.com\\\/blog\\\/wp-content\\\/uploads\\\/2023\\\/09\\\/logo-amauta.png\",\"width\":1124,\"height\":368,\"caption\":\"Grupo AMAUTA E-BUSINESS\"},\"image\":{\"@id\":\"https:\\\/\\\/amautaenlinea.com\\\/blog\\\/#\\\/schema\\\/logo\\\/image\\\/\"},\"sameAs\":[\"https:\\\/\\\/www.facebook.com\\\/amautaperu.org\\\/\"]},{\"@type\":\"Person\",\"@id\":\"https:\\\/\\\/amautaenlinea.com\\\/blog\\\/#\\\/schema\\\/person\\\/d8d4b5d672e9edb72a6f23fd40dd31d5\",\"name\":\"Grupo AMAUTA EBUSINESS\",\"image\":{\"@type\":\"ImageObject\",\"inLanguage\":\"es\",\"@id\":\"https:\\\/\\\/secure.gravatar.com\\\/avatar\\\/97706b54c222a710310e2db50e02e68de0a4c8bb76654bcc4053b08241c6bd6c?s=96&d=mm&r=g\",\"url\":\"https:\\\/\\\/secure.gravatar.com\\\/avatar\\\/97706b54c222a710310e2db50e02e68de0a4c8bb76654bcc4053b08241c6bd6c?s=96&d=mm&r=g\",\"contentUrl\":\"https:\\\/\\\/secure.gravatar.com\\\/avatar\\\/97706b54c222a710310e2db50e02e68de0a4c8bb76654bcc4053b08241c6bd6c?s=96&d=mm&r=g\",\"caption\":\"Grupo AMAUTA EBUSINESS\"}}]}<\/script>\n<!-- \/ Yoast SEO Premium plugin. -->","yoast_head_json":{"title":"\u25b7 Minedu premiar\u00e1 a docentes y directivos por experiencias de aprendizaje y gesti\u00f3n escolar a distancia \u2705","description":"\u27a8","robots":{"index":"index","follow":"follow","max-snippet":"max-snippet:-1","max-image-preview":"max-image-preview:large","max-video-preview":"max-video-preview:-1"},"canonical":"https:\/\/amautaenlinea.com\/blog\/minedu-premiara-a-docentes-y-directivos-por-experiencias-de-aprendizaje-y-gestion-escolar-a-distancia\/","og_locale":"es_ES","og_type":"article","og_title":"Minedu premiar\u00e1 a docentes y directivos por experiencias de aprendizaje y gesti\u00f3n escolar a distancia","og_description":"\u27a8","og_url":"https:\/\/amautaenlinea.com\/blog\/minedu-premiara-a-docentes-y-directivos-por-experiencias-de-aprendizaje-y-gestion-escolar-a-distancia\/","og_site_name":"Grupo AMAUTA","article_publisher":"https:\/\/www.facebook.com\/amautaperu.org\/","article_published_time":"2020-09-05T19:57:27+00:00","article_modified_time":"2020-09-05T19:57:29+00:00","og_image":[{"width":1280,"height":720,"url":"https:\/\/amautaenlinea.com\/blog\/wp-content\/uploads\/2020\/09\/MINEDU-PREMIAR\u00c1-A-DOCENTES.jpg","type":"image\/jpeg"}],"author":"Grupo AMAUTA EBUSINESS","twitter_card":"summary_large_image","schema":{"@context":"https:\/\/schema.org","@graph":[{"@type":"Article","@id":"https:\/\/amautaenlinea.com\/blog\/minedu-premiara-a-docentes-y-directivos-por-experiencias-de-aprendizaje-y-gestion-escolar-a-distancia\/#article","isPartOf":{"@id":"https:\/\/amautaenlinea.com\/blog\/minedu-premiara-a-docentes-y-directivos-por-experiencias-de-aprendizaje-y-gestion-escolar-a-distancia\/"},"author":{"name":"Grupo AMAUTA EBUSINESS","@id":"https:\/\/amautaenlinea.com\/blog\/#\/schema\/person\/d8d4b5d672e9edb72a6f23fd40dd31d5"},"headline":"Minedu premiar\u00e1 a docentes y directivos por experiencias de aprendizaje y gesti\u00f3n escolar a distancia","datePublished":"2020-09-05T19:57:27+00:00","dateModified":"2020-09-05T19:57:29+00:00","mainEntityOfPage":{"@id":"https:\/\/amautaenlinea.com\/blog\/minedu-premiara-a-docentes-y-directivos-por-experiencias-de-aprendizaje-y-gestion-escolar-a-distancia\/"},"wordCount":384,"commentCount":0,"publisher":{"@id":"https:\/\/amautaenlinea.com\/blog\/#organization"},"image":{"@id":"https:\/\/amautaenlinea.com\/blog\/minedu-premiara-a-docentes-y-directivos-por-experiencias-de-aprendizaje-y-gestion-escolar-a-distancia\/#primaryimage"},"thumbnailUrl":"https:\/\/amautaenlinea.com\/blog\/wp-content\/uploads\/2020\/09\/MINEDU-PREMIAR\u00c1-A-DOCENTES.jpg","articleSection":["Educaci\u00f3n"],"inLanguage":"es","potentialAction":[{"@type":"CommentAction","name":"Comment","target":["https:\/\/amautaenlinea.com\/blog\/minedu-premiara-a-docentes-y-directivos-por-experiencias-de-aprendizaje-y-gestion-escolar-a-distancia\/#respond"]}],"copyrightYear":"2020","copyrightHolder":{"@id":"https:\/\/amautaenlinea.com\/blog\/#organization"}},{"@type":"WebPage","@id":"https:\/\/amautaenlinea.com\/blog\/minedu-premiara-a-docentes-y-directivos-por-experiencias-de-aprendizaje-y-gestion-escolar-a-distancia\/","url":"https:\/\/amautaenlinea.com\/blog\/minedu-premiara-a-docentes-y-directivos-por-experiencias-de-aprendizaje-y-gestion-escolar-a-distancia\/","name":"\u25b7 Minedu premiar\u00e1 a docentes y directivos por experiencias de aprendizaje y gesti\u00f3n escolar a distancia \u2705","isPartOf":{"@id":"https:\/\/amautaenlinea.com\/blog\/#website"},"primaryImageOfPage":{"@id":"https:\/\/amautaenlinea.com\/blog\/minedu-premiara-a-docentes-y-directivos-por-experiencias-de-aprendizaje-y-gestion-escolar-a-distancia\/#primaryimage"},"image":{"@id":"https:\/\/amautaenlinea.com\/blog\/minedu-premiara-a-docentes-y-directivos-por-experiencias-de-aprendizaje-y-gestion-escolar-a-distancia\/#primaryimage"},"thumbnailUrl":"https:\/\/amautaenlinea.com\/blog\/wp-content\/uploads\/2020\/09\/MINEDU-PREMIAR\u00c1-A-DOCENTES.jpg","datePublished":"2020-09-05T19:57:27+00:00","dateModified":"2020-09-05T19:57:29+00:00","description":"\u27a8","breadcrumb":{"@id":"https:\/\/amautaenlinea.com\/blog\/minedu-premiara-a-docentes-y-directivos-por-experiencias-de-aprendizaje-y-gestion-escolar-a-distancia\/#breadcrumb"},"inLanguage":"es","potentialAction":[{"@type":"ReadAction","target":["https:\/\/amautaenlinea.com\/blog\/minedu-premiara-a-docentes-y-directivos-por-experiencias-de-aprendizaje-y-gestion-escolar-a-distancia\/"]}]},{"@type":"ImageObject","inLanguage":"es","@id":"https:\/\/amautaenlinea.com\/blog\/minedu-premiara-a-docentes-y-directivos-por-experiencias-de-aprendizaje-y-gestion-escolar-a-distancia\/#primaryimage","url":"https:\/\/amautaenlinea.com\/blog\/wp-content\/uploads\/2020\/09\/MINEDU-PREMIAR\u00c1-A-DOCENTES.jpg","contentUrl":"https:\/\/amautaenlinea.com\/blog\/wp-content\/uploads\/2020\/09\/MINEDU-PREMIAR\u00c1-A-DOCENTES.jpg","width":1280,"height":720},{"@type":"BreadcrumbList","@id":"https:\/\/amautaenlinea.com\/blog\/minedu-premiara-a-docentes-y-directivos-por-experiencias-de-aprendizaje-y-gestion-escolar-a-distancia\/#breadcrumb","itemListElement":[{"@type":"ListItem","position":1,"name":"Portada","item":"https:\/\/amautaenlinea.com\/blog\/"},{"@type":"ListItem","position":2,"name":"Minedu premiar\u00e1 a docentes y directivos por experiencias de aprendizaje y gesti\u00f3n escolar a distancia"}]},{"@type":"WebSite","@id":"https:\/\/amautaenlinea.com\/blog\/#website","url":"https:\/\/amautaenlinea.com\/blog\/","name":"Grupo AMAUTA","description":"","publisher":{"@id":"https:\/\/amautaenlinea.com\/blog\/#organization"},"potentialAction":[{"@type":"SearchAction","target":{"@type":"EntryPoint","urlTemplate":"https:\/\/amautaenlinea.com\/blog\/?s={search_term_string}"},"query-input":{"@type":"PropertyValueSpecification","valueRequired":true,"valueName":"search_term_string"}}],"inLanguage":"es"},{"@type":"Organization","@id":"https:\/\/amautaenlinea.com\/blog\/#organization","name":"Grupo AMAUTA E-BUSINESS","url":"https:\/\/amautaenlinea.com\/blog\/","logo":{"@type":"ImageObject","inLanguage":"es","@id":"https:\/\/amautaenlinea.com\/blog\/#\/schema\/logo\/image\/","url":"https:\/\/amautaenlinea.com\/blog\/wp-content\/uploads\/2023\/09\/logo-amauta.png","contentUrl":"https:\/\/amautaenlinea.com\/blog\/wp-content\/uploads\/2023\/09\/logo-amauta.png","width":1124,"height":368,"caption":"Grupo AMAUTA E-BUSINESS"},"image":{"@id":"https:\/\/amautaenlinea.com\/blog\/#\/schema\/logo\/image\/"},"sameAs":["https:\/\/www.facebook.com\/amautaperu.org\/"]},{"@type":"Person","@id":"https:\/\/amautaenlinea.com\/blog\/#\/schema\/person\/d8d4b5d672e9edb72a6f23fd40dd31d5","name":"Grupo AMAUTA EBUSINESS","image":{"@type":"ImageObject","inLanguage":"es","@id":"https:\/\/secure.gravatar.com\/avatar\/97706b54c222a710310e2db50e02e68de0a4c8bb76654bcc4053b08241c6bd6c?s=96&d=mm&r=g","url":"https:\/\/secure.gravatar.com\/avatar\/97706b54c222a710310e2db50e02e68de0a4c8bb76654bcc4053b08241c6bd6c?s=96&d=mm&r=g","contentUrl":"https:\/\/secure.gravatar.com\/avatar\/97706b54c222a710310e2db50e02e68de0a4c8bb76654bcc4053b08241c6bd6c?s=96&d=mm&r=g","caption":"Grupo AMAUTA EBUSINESS"}}]}},"_links":{"self":[{"href":"https:\/\/amautaenlinea.com\/blog\/wp-json\/wp\/v2\/posts\/3870","targetHints":{"allow":["GET"]}}],"collection":[{"href":"https:\/\/amautaenlinea.com\/blog\/wp-json\/wp\/v2\/posts"}],"about":[{"href":"https:\/\/amautaenlinea.com\/blog\/wp-json\/wp\/v2\/types\/post"}],"author":[{"embeddable":true,"href":"https:\/\/amautaenlinea.com\/blog\/wp-json\/wp\/v2\/users\/1"}],"replies":[{"embeddable":true,"href":"https:\/\/amautaenlinea.com\/blog\/wp-json\/wp\/v2\/comments?post=3870"}],"version-history":[{"count":0,"href":"https:\/\/amautaenlinea.com\/blog\/wp-json\/wp\/v2\/posts\/3870\/revisions"}],"wp:featuredmedia":[{"embeddable":true,"href":"https:\/\/amautaenlinea.com\/blog\/wp-json\/wp\/v2\/media\/3871"}],"wp:attachment":[{"href":"https:\/\/amautaenlinea.com\/blog\/wp-json\/wp\/v2\/media?parent=3870"}],"wp:term":[{"taxonomy":"category","embeddable":true,"href":"https:\/\/amautaenlinea.com\/blog\/wp-json\/wp\/v2\/categories?post=3870"},{"taxonomy":"post_tag","embeddable":true,"href":"https:\/\/amautaenlinea.com\/blog\/wp-json\/wp\/v2\/tags?post=3870"}],"curies":[{"name":"wp","href":"https:\/\/api.w.org\/{rel}","templated":true}]}}