{"id":3826,"date":"2020-09-02T13:54:30","date_gmt":"2020-09-02T13:54:30","guid":{"rendered":"https:\/\/amautaenlinea.com\/blog\/?p=3826"},"modified":"2020-09-02T13:54:33","modified_gmt":"2020-09-02T13:54:33","slug":"mineduexperiencias-de-aprendizaje-mes-de-setiembre-primaria-secundaria-actualizado","status":"publish","type":"post","link":"https:\/\/amautaenlinea.com\/blog\/mineduexperiencias-de-aprendizaje-mes-de-setiembre-primaria-secundaria-actualizado\/","title":{"rendered":"Minedu|Experiencias de Aprendizaje mes de Setiembre Primaria-Secundaria \u00a1ACTUALIZADO!"},"content":{"rendered":"\n<p>En nuestro pais la pandemia y el confinamiento puso en evidencia actos de solidaridad, colaboraci\u00f3n y ayuda mutua que sac\u00f3 lo mejor de cada uno de los peruanos, sin embargo, a nivel de las familias se ha observado diversos casos de agresi\u00f3n f\u00edsica, amenazas, maltrato verbal y emocional hacia los ni\u00f1os y ni\u00f1as.<\/p>\n\n\n\n<p><br> Ante esta situaci\u00f3n nos planteamos el siguiente desafio: \u00bfQu\u00e9 podemos hacer para prevenir la violencia en el hogar?<br> Frente al desafio planteado, asumiremos el rol de promotor de experiencias para elaborar una gu\u00eda de estrategias para convivir sin violencia en el hogar, por lo que el estudiante deber\u00e1 considerar los siguientes criterios:<\/p>\n\n\n\n<p><br> Escribe textos sobre convivencia sin violencia, agrupando las ideas en oraciones, incorporando vocabulariode uso frecuente, utilizando la may\u00fascula y punto final<\/p>\n\n\n\n<div class=\"wp-block-file\"><a href=\"https:\/\/amautaenlinea.com\/blog\/wp-content\/uploads\/2020\/09\/experiencias-de-aprendizaje-setiembre-2020.pdf\">Experiencias-de-aprendizaje-setiembre-2020<\/a><a href=\"https:\/\/amautaenlinea.com\/blog\/wp-content\/uploads\/2020\/09\/experiencias-de-aprendizaje-setiembre-2020.pdf\" class=\"wp-block-file__button\" download>DESCARGAR<\/a><\/div>\n","protected":false},"excerpt":{"rendered":"<p>En nuestro pais la pandemia y el confinamiento puso en evidencia actos de solidaridad, colaboraci\u00f3n y ayuda mutua que sac\u00f3 lo mejor de cada<\/p>\n","protected":false},"author":1,"featured_media":3828,"comment_status":"open","ping_status":"open","sticky":false,"template":"","format":"standard","meta":{"footnotes":""},"categories":[4],"tags":[171],"class_list":["post-3826","post","type-post","status-publish","format-standard","has-post-thumbnail","hentry","category-educacion","tag-mineduexperiencias-de-aprendizaje-mes-de-setiembre-primaria-secundaria-actualizado"],"yoast_head":"<!-- This site is optimized with the Yoast SEO Premium plugin v21.2 (Yoast SEO v27.5) - https:\/\/yoast.com\/product\/yoast-seo-premium-wordpress\/ -->\n<title>\u25b7 Minedu|Experiencias de Aprendizaje mes de Setiembre Primaria-Secundaria \u00a1ACTUALIZADO! \u2705<\/title>\n<meta name=\"description\" content=\"\u27a8\" \/>\n<meta name=\"robots\" content=\"index, follow, max-snippet:-1, max-image-preview:large, max-video-preview:-1\" \/>\n<link rel=\"canonical\" href=\"https:\/\/amautaenlinea.com\/blog\/mineduexperiencias-de-aprendizaje-mes-de-setiembre-primaria-secundaria-actualizado\/\" \/>\n<meta property=\"og:locale\" content=\"es_ES\" \/>\n<meta property=\"og:type\" content=\"article\" \/>\n<meta property=\"og:title\" content=\"Minedu|Experiencias de Aprendizaje mes de Setiembre Primaria-Secundaria \u00a1ACTUALIZADO!\" \/>\n<meta property=\"og:description\" content=\"\u27a8\" \/>\n<meta property=\"og:url\" content=\"https:\/\/amautaenlinea.com\/blog\/mineduexperiencias-de-aprendizaje-mes-de-setiembre-primaria-secundaria-actualizado\/\" \/>\n<meta property=\"og:site_name\" content=\"Grupo AMAUTA\" \/>\n<meta property=\"article:publisher\" content=\"https:\/\/www.facebook.com\/amautaperu.org\/\" \/>\n<meta property=\"article:published_time\" content=\"2020-09-02T13:54:30+00:00\" \/>\n<meta property=\"article:modified_time\" content=\"2020-09-02T13:54:33+00:00\" \/>\n<meta property=\"og:image\" content=\"https:\/\/amautaenlinea.com\/blog\/wp-content\/uploads\/2020\/09\/exsetiembre1.jpg\" \/>\n\t<meta property=\"og:image:width\" content=\"1280\" \/>\n\t<meta property=\"og:image:height\" content=\"720\" \/>\n\t<meta property=\"og:image:type\" content=\"image\/jpeg\" \/>\n<meta name=\"author\" content=\"Grupo AMAUTA EBUSINESS\" \/>\n<meta name=\"twitter:card\" content=\"summary_large_image\" \/>\n<script type=\"application\/ld+json\" class=\"yoast-schema-graph\">{\"@context\":\"https:\\\/\\\/schema.org\",\"@graph\":[{\"@type\":\"Article\",\"@id\":\"https:\\\/\\\/amautaenlinea.com\\\/blog\\\/mineduexperiencias-de-aprendizaje-mes-de-setiembre-primaria-secundaria-actualizado\\\/#article\",\"isPartOf\":{\"@id\":\"https:\\\/\\\/amautaenlinea.com\\\/blog\\\/mineduexperiencias-de-aprendizaje-mes-de-setiembre-primaria-secundaria-actualizado\\\/\"},\"author\":{\"name\":\"Grupo AMAUTA EBUSINESS\",\"@id\":\"https:\\\/\\\/amautaenlinea.com\\\/blog\\\/#\\\/schema\\\/person\\\/d8d4b5d672e9edb72a6f23fd40dd31d5\"},\"headline\":\"Minedu|Experiencias de Aprendizaje mes de Setiembre Primaria-Secundaria \u00a1ACTUALIZADO!\",\"datePublished\":\"2020-09-02T13:54:30+00:00\",\"dateModified\":\"2020-09-02T13:54:33+00:00\",\"mainEntityOfPage\":{\"@id\":\"https:\\\/\\\/amautaenlinea.com\\\/blog\\\/mineduexperiencias-de-aprendizaje-mes-de-setiembre-primaria-secundaria-actualizado\\\/\"},\"wordCount\":145,\"commentCount\":0,\"publisher\":{\"@id\":\"https:\\\/\\\/amautaenlinea.com\\\/blog\\\/#organization\"},\"image\":{\"@id\":\"https:\\\/\\\/amautaenlinea.com\\\/blog\\\/mineduexperiencias-de-aprendizaje-mes-de-setiembre-primaria-secundaria-actualizado\\\/#primaryimage\"},\"thumbnailUrl\":\"https:\\\/\\\/amautaenlinea.com\\\/blog\\\/wp-content\\\/uploads\\\/2020\\\/09\\\/exsetiembre1.jpg\",\"keywords\":[\"Minedu|Experiencias de Aprendizaje mes de Setiembre Primaria-Secundaria \u00a1ACTUALIZADO\"],\"articleSection\":[\"Educaci\u00f3n\"],\"inLanguage\":\"es\",\"potentialAction\":[{\"@type\":\"CommentAction\",\"name\":\"Comment\",\"target\":[\"https:\\\/\\\/amautaenlinea.com\\\/blog\\\/mineduexperiencias-de-aprendizaje-mes-de-setiembre-primaria-secundaria-actualizado\\\/#respond\"]}],\"copyrightYear\":\"2020\",\"copyrightHolder\":{\"@id\":\"https:\\\/\\\/amautaenlinea.com\\\/blog\\\/#organization\"}},{\"@type\":\"WebPage\",\"@id\":\"https:\\\/\\\/amautaenlinea.com\\\/blog\\\/mineduexperiencias-de-aprendizaje-mes-de-setiembre-primaria-secundaria-actualizado\\\/\",\"url\":\"https:\\\/\\\/amautaenlinea.com\\\/blog\\\/mineduexperiencias-de-aprendizaje-mes-de-setiembre-primaria-secundaria-actualizado\\\/\",\"name\":\"\u25b7 Minedu|Experiencias de Aprendizaje mes de Setiembre Primaria-Secundaria \u00a1ACTUALIZADO! \u2705\",\"isPartOf\":{\"@id\":\"https:\\\/\\\/amautaenlinea.com\\\/blog\\\/#website\"},\"primaryImageOfPage\":{\"@id\":\"https:\\\/\\\/amautaenlinea.com\\\/blog\\\/mineduexperiencias-de-aprendizaje-mes-de-setiembre-primaria-secundaria-actualizado\\\/#primaryimage\"},\"image\":{\"@id\":\"https:\\\/\\\/amautaenlinea.com\\\/blog\\\/mineduexperiencias-de-aprendizaje-mes-de-setiembre-primaria-secundaria-actualizado\\\/#primaryimage\"},\"thumbnailUrl\":\"https:\\\/\\\/amautaenlinea.com\\\/blog\\\/wp-content\\\/uploads\\\/2020\\\/09\\\/exsetiembre1.jpg\",\"datePublished\":\"2020-09-02T13:54:30+00:00\",\"dateModified\":\"2020-09-02T13:54:33+00:00\",\"description\":\"\u27a8\",\"breadcrumb\":{\"@id\":\"https:\\\/\\\/amautaenlinea.com\\\/blog\\\/mineduexperiencias-de-aprendizaje-mes-de-setiembre-primaria-secundaria-actualizado\\\/#breadcrumb\"},\"inLanguage\":\"es\",\"potentialAction\":[{\"@type\":\"ReadAction\",\"target\":[\"https:\\\/\\\/amautaenlinea.com\\\/blog\\\/mineduexperiencias-de-aprendizaje-mes-de-setiembre-primaria-secundaria-actualizado\\\/\"]}]},{\"@type\":\"ImageObject\",\"inLanguage\":\"es\",\"@id\":\"https:\\\/\\\/amautaenlinea.com\\\/blog\\\/mineduexperiencias-de-aprendizaje-mes-de-setiembre-primaria-secundaria-actualizado\\\/#primaryimage\",\"url\":\"https:\\\/\\\/amautaenlinea.com\\\/blog\\\/wp-content\\\/uploads\\\/2020\\\/09\\\/exsetiembre1.jpg\",\"contentUrl\":\"https:\\\/\\\/amautaenlinea.com\\\/blog\\\/wp-content\\\/uploads\\\/2020\\\/09\\\/exsetiembre1.jpg\",\"width\":1280,\"height\":720},{\"@type\":\"BreadcrumbList\",\"@id\":\"https:\\\/\\\/amautaenlinea.com\\\/blog\\\/mineduexperiencias-de-aprendizaje-mes-de-setiembre-primaria-secundaria-actualizado\\\/#breadcrumb\",\"itemListElement\":[{\"@type\":\"ListItem\",\"position\":1,\"name\":\"Portada\",\"item\":\"https:\\\/\\\/amautaenlinea.com\\\/blog\\\/\"},{\"@type\":\"ListItem\",\"position\":2,\"name\":\"Minedu|Experiencias de Aprendizaje mes de Setiembre Primaria-Secundaria \u00a1ACTUALIZADO!\"}]},{\"@type\":\"WebSite\",\"@id\":\"https:\\\/\\\/amautaenlinea.com\\\/blog\\\/#website\",\"url\":\"https:\\\/\\\/amautaenlinea.com\\\/blog\\\/\",\"name\":\"Grupo AMAUTA\",\"description\":\"\",\"publisher\":{\"@id\":\"https:\\\/\\\/amautaenlinea.com\\\/blog\\\/#organization\"},\"potentialAction\":[{\"@type\":\"SearchAction\",\"target\":{\"@type\":\"EntryPoint\",\"urlTemplate\":\"https:\\\/\\\/amautaenlinea.com\\\/blog\\\/?s={search_term_string}\"},\"query-input\":{\"@type\":\"PropertyValueSpecification\",\"valueRequired\":true,\"valueName\":\"search_term_string\"}}],\"inLanguage\":\"es\"},{\"@type\":\"Organization\",\"@id\":\"https:\\\/\\\/amautaenlinea.com\\\/blog\\\/#organization\",\"name\":\"Grupo AMAUTA E-BUSINESS\",\"url\":\"https:\\\/\\\/amautaenlinea.com\\\/blog\\\/\",\"logo\":{\"@type\":\"ImageObject\",\"inLanguage\":\"es\",\"@id\":\"https:\\\/\\\/amautaenlinea.com\\\/blog\\\/#\\\/schema\\\/logo\\\/image\\\/\",\"url\":\"https:\\\/\\\/amautaenlinea.com\\\/blog\\\/wp-content\\\/uploads\\\/2023\\\/09\\\/logo-amauta.png\",\"contentUrl\":\"https:\\\/\\\/amautaenlinea.com\\\/blog\\\/wp-content\\\/uploads\\\/2023\\\/09\\\/logo-amauta.png\",\"width\":1124,\"height\":368,\"caption\":\"Grupo AMAUTA E-BUSINESS\"},\"image\":{\"@id\":\"https:\\\/\\\/amautaenlinea.com\\\/blog\\\/#\\\/schema\\\/logo\\\/image\\\/\"},\"sameAs\":[\"https:\\\/\\\/www.facebook.com\\\/amautaperu.org\\\/\"]},{\"@type\":\"Person\",\"@id\":\"https:\\\/\\\/amautaenlinea.com\\\/blog\\\/#\\\/schema\\\/person\\\/d8d4b5d672e9edb72a6f23fd40dd31d5\",\"name\":\"Grupo AMAUTA EBUSINESS\",\"image\":{\"@type\":\"ImageObject\",\"inLanguage\":\"es\",\"@id\":\"https:\\\/\\\/secure.gravatar.com\\\/avatar\\\/97706b54c222a710310e2db50e02e68de0a4c8bb76654bcc4053b08241c6bd6c?s=96&d=mm&r=g\",\"url\":\"https:\\\/\\\/secure.gravatar.com\\\/avatar\\\/97706b54c222a710310e2db50e02e68de0a4c8bb76654bcc4053b08241c6bd6c?s=96&d=mm&r=g\",\"contentUrl\":\"https:\\\/\\\/secure.gravatar.com\\\/avatar\\\/97706b54c222a710310e2db50e02e68de0a4c8bb76654bcc4053b08241c6bd6c?s=96&d=mm&r=g\",\"caption\":\"Grupo AMAUTA EBUSINESS\"}}]}<\/script>\n<!-- \/ Yoast SEO Premium plugin. -->","yoast_head_json":{"title":"\u25b7 Minedu|Experiencias de Aprendizaje mes de Setiembre Primaria-Secundaria \u00a1ACTUALIZADO! \u2705","description":"\u27a8","robots":{"index":"index","follow":"follow","max-snippet":"max-snippet:-1","max-image-preview":"max-image-preview:large","max-video-preview":"max-video-preview:-1"},"canonical":"https:\/\/amautaenlinea.com\/blog\/mineduexperiencias-de-aprendizaje-mes-de-setiembre-primaria-secundaria-actualizado\/","og_locale":"es_ES","og_type":"article","og_title":"Minedu|Experiencias de Aprendizaje mes de Setiembre Primaria-Secundaria \u00a1ACTUALIZADO!","og_description":"\u27a8","og_url":"https:\/\/amautaenlinea.com\/blog\/mineduexperiencias-de-aprendizaje-mes-de-setiembre-primaria-secundaria-actualizado\/","og_site_name":"Grupo AMAUTA","article_publisher":"https:\/\/www.facebook.com\/amautaperu.org\/","article_published_time":"2020-09-02T13:54:30+00:00","article_modified_time":"2020-09-02T13:54:33+00:00","og_image":[{"width":1280,"height":720,"url":"https:\/\/amautaenlinea.com\/blog\/wp-content\/uploads\/2020\/09\/exsetiembre1.jpg","type":"image\/jpeg"}],"author":"Grupo AMAUTA EBUSINESS","twitter_card":"summary_large_image","schema":{"@context":"https:\/\/schema.org","@graph":[{"@type":"Article","@id":"https:\/\/amautaenlinea.com\/blog\/mineduexperiencias-de-aprendizaje-mes-de-setiembre-primaria-secundaria-actualizado\/#article","isPartOf":{"@id":"https:\/\/amautaenlinea.com\/blog\/mineduexperiencias-de-aprendizaje-mes-de-setiembre-primaria-secundaria-actualizado\/"},"author":{"name":"Grupo AMAUTA EBUSINESS","@id":"https:\/\/amautaenlinea.com\/blog\/#\/schema\/person\/d8d4b5d672e9edb72a6f23fd40dd31d5"},"headline":"Minedu|Experiencias de Aprendizaje mes de Setiembre Primaria-Secundaria \u00a1ACTUALIZADO!","datePublished":"2020-09-02T13:54:30+00:00","dateModified":"2020-09-02T13:54:33+00:00","mainEntityOfPage":{"@id":"https:\/\/amautaenlinea.com\/blog\/mineduexperiencias-de-aprendizaje-mes-de-setiembre-primaria-secundaria-actualizado\/"},"wordCount":145,"commentCount":0,"publisher":{"@id":"https:\/\/amautaenlinea.com\/blog\/#organization"},"image":{"@id":"https:\/\/amautaenlinea.com\/blog\/mineduexperiencias-de-aprendizaje-mes-de-setiembre-primaria-secundaria-actualizado\/#primaryimage"},"thumbnailUrl":"https:\/\/amautaenlinea.com\/blog\/wp-content\/uploads\/2020\/09\/exsetiembre1.jpg","keywords":["Minedu|Experiencias de Aprendizaje mes de Setiembre Primaria-Secundaria \u00a1ACTUALIZADO"],"articleSection":["Educaci\u00f3n"],"inLanguage":"es","potentialAction":[{"@type":"CommentAction","name":"Comment","target":["https:\/\/amautaenlinea.com\/blog\/mineduexperiencias-de-aprendizaje-mes-de-setiembre-primaria-secundaria-actualizado\/#respond"]}],"copyrightYear":"2020","copyrightHolder":{"@id":"https:\/\/amautaenlinea.com\/blog\/#organization"}},{"@type":"WebPage","@id":"https:\/\/amautaenlinea.com\/blog\/mineduexperiencias-de-aprendizaje-mes-de-setiembre-primaria-secundaria-actualizado\/","url":"https:\/\/amautaenlinea.com\/blog\/mineduexperiencias-de-aprendizaje-mes-de-setiembre-primaria-secundaria-actualizado\/","name":"\u25b7 Minedu|Experiencias de Aprendizaje mes de Setiembre Primaria-Secundaria \u00a1ACTUALIZADO! \u2705","isPartOf":{"@id":"https:\/\/amautaenlinea.com\/blog\/#website"},"primaryImageOfPage":{"@id":"https:\/\/amautaenlinea.com\/blog\/mineduexperiencias-de-aprendizaje-mes-de-setiembre-primaria-secundaria-actualizado\/#primaryimage"},"image":{"@id":"https:\/\/amautaenlinea.com\/blog\/mineduexperiencias-de-aprendizaje-mes-de-setiembre-primaria-secundaria-actualizado\/#primaryimage"},"thumbnailUrl":"https:\/\/amautaenlinea.com\/blog\/wp-content\/uploads\/2020\/09\/exsetiembre1.jpg","datePublished":"2020-09-02T13:54:30+00:00","dateModified":"2020-09-02T13:54:33+00:00","description":"\u27a8","breadcrumb":{"@id":"https:\/\/amautaenlinea.com\/blog\/mineduexperiencias-de-aprendizaje-mes-de-setiembre-primaria-secundaria-actualizado\/#breadcrumb"},"inLanguage":"es","potentialAction":[{"@type":"ReadAction","target":["https:\/\/amautaenlinea.com\/blog\/mineduexperiencias-de-aprendizaje-mes-de-setiembre-primaria-secundaria-actualizado\/"]}]},{"@type":"ImageObject","inLanguage":"es","@id":"https:\/\/amautaenlinea.com\/blog\/mineduexperiencias-de-aprendizaje-mes-de-setiembre-primaria-secundaria-actualizado\/#primaryimage","url":"https:\/\/amautaenlinea.com\/blog\/wp-content\/uploads\/2020\/09\/exsetiembre1.jpg","contentUrl":"https:\/\/amautaenlinea.com\/blog\/wp-content\/uploads\/2020\/09\/exsetiembre1.jpg","width":1280,"height":720},{"@type":"BreadcrumbList","@id":"https:\/\/amautaenlinea.com\/blog\/mineduexperiencias-de-aprendizaje-mes-de-setiembre-primaria-secundaria-actualizado\/#breadcrumb","itemListElement":[{"@type":"ListItem","position":1,"name":"Portada","item":"https:\/\/amautaenlinea.com\/blog\/"},{"@type":"ListItem","position":2,"name":"Minedu|Experiencias de Aprendizaje mes de Setiembre Primaria-Secundaria \u00a1ACTUALIZADO!"}]},{"@type":"WebSite","@id":"https:\/\/amautaenlinea.com\/blog\/#website","url":"https:\/\/amautaenlinea.com\/blog\/","name":"Grupo AMAUTA","description":"","publisher":{"@id":"https:\/\/amautaenlinea.com\/blog\/#organization"},"potentialAction":[{"@type":"SearchAction","target":{"@type":"EntryPoint","urlTemplate":"https:\/\/amautaenlinea.com\/blog\/?s={search_term_string}"},"query-input":{"@type":"PropertyValueSpecification","valueRequired":true,"valueName":"search_term_string"}}],"inLanguage":"es"},{"@type":"Organization","@id":"https:\/\/amautaenlinea.com\/blog\/#organization","name":"Grupo AMAUTA E-BUSINESS","url":"https:\/\/amautaenlinea.com\/blog\/","logo":{"@type":"ImageObject","inLanguage":"es","@id":"https:\/\/amautaenlinea.com\/blog\/#\/schema\/logo\/image\/","url":"https:\/\/amautaenlinea.com\/blog\/wp-content\/uploads\/2023\/09\/logo-amauta.png","contentUrl":"https:\/\/amautaenlinea.com\/blog\/wp-content\/uploads\/2023\/09\/logo-amauta.png","width":1124,"height":368,"caption":"Grupo AMAUTA E-BUSINESS"},"image":{"@id":"https:\/\/amautaenlinea.com\/blog\/#\/schema\/logo\/image\/"},"sameAs":["https:\/\/www.facebook.com\/amautaperu.org\/"]},{"@type":"Person","@id":"https:\/\/amautaenlinea.com\/blog\/#\/schema\/person\/d8d4b5d672e9edb72a6f23fd40dd31d5","name":"Grupo AMAUTA EBUSINESS","image":{"@type":"ImageObject","inLanguage":"es","@id":"https:\/\/secure.gravatar.com\/avatar\/97706b54c222a710310e2db50e02e68de0a4c8bb76654bcc4053b08241c6bd6c?s=96&d=mm&r=g","url":"https:\/\/secure.gravatar.com\/avatar\/97706b54c222a710310e2db50e02e68de0a4c8bb76654bcc4053b08241c6bd6c?s=96&d=mm&r=g","contentUrl":"https:\/\/secure.gravatar.com\/avatar\/97706b54c222a710310e2db50e02e68de0a4c8bb76654bcc4053b08241c6bd6c?s=96&d=mm&r=g","caption":"Grupo AMAUTA EBUSINESS"}}]}},"_links":{"self":[{"href":"https:\/\/amautaenlinea.com\/blog\/wp-json\/wp\/v2\/posts\/3826","targetHints":{"allow":["GET"]}}],"collection":[{"href":"https:\/\/amautaenlinea.com\/blog\/wp-json\/wp\/v2\/posts"}],"about":[{"href":"https:\/\/amautaenlinea.com\/blog\/wp-json\/wp\/v2\/types\/post"}],"author":[{"embeddable":true,"href":"https:\/\/amautaenlinea.com\/blog\/wp-json\/wp\/v2\/users\/1"}],"replies":[{"embeddable":true,"href":"https:\/\/amautaenlinea.com\/blog\/wp-json\/wp\/v2\/comments?post=3826"}],"version-history":[{"count":0,"href":"https:\/\/amautaenlinea.com\/blog\/wp-json\/wp\/v2\/posts\/3826\/revisions"}],"wp:featuredmedia":[{"embeddable":true,"href":"https:\/\/amautaenlinea.com\/blog\/wp-json\/wp\/v2\/media\/3828"}],"wp:attachment":[{"href":"https:\/\/amautaenlinea.com\/blog\/wp-json\/wp\/v2\/media?parent=3826"}],"wp:term":[{"taxonomy":"category","embeddable":true,"href":"https:\/\/amautaenlinea.com\/blog\/wp-json\/wp\/v2\/categories?post=3826"},{"taxonomy":"post_tag","embeddable":true,"href":"https:\/\/amautaenlinea.com\/blog\/wp-json\/wp\/v2\/tags?post=3826"}],"curies":[{"name":"wp","href":"https:\/\/api.w.org\/{rel}","templated":true}]}}