{"id":19816,"date":"2026-09-05T21:34:20","date_gmt":"2026-09-06T02:34:20","guid":{"rendered":"https:\/\/amautaenlinea.com\/blog\/?p=19816"},"modified":"2026-09-05T21:34:20","modified_gmt":"2026-09-06T02:34:20","slug":"art-53-termino-de-la-relacion-laboral-y-retiro-de-la-carrera-publica-magisterial-no-haber-aprobado-la-evaluacion-de-desempeno-laboral","status":"publish","type":"post","link":"https:\/\/amautaenlinea.com\/blog\/art-53-termino-de-la-relacion-laboral-y-retiro-de-la-carrera-publica-magisterial-no-haber-aprobado-la-evaluacion-de-desempeno-laboral\/","title":{"rendered":"Art 53 T\u00e9rmino de la relaci\u00f3n laboral y retiro de la carrera p\u00fablica magisterial \u00abNo haber aprobado la evaluaci\u00f3n de desempe\u00f1o laboral\u00bb"},"content":{"rendered":"<h2>CAP\u00cdTULO X<\/h2>\n<h3>T\u00c9RMINO Y REINGRESO A LA CARRERA<\/h3>\n<p>CONCORDANCIAS: D.S. N\u00ba 004-2013-ED (Reglamento) Cap. X<\/p>\n<p>Art\u00edculo 53. T\u00e9rmino de la relaci\u00f3n laboral<\/p>\n<p>El retiro de la Carrera P\u00fablica Magisterial de los profesores se produce en los siguientes casos:<br \/>\na) Renuncia.<br \/>\nb) Destituci\u00f3n.<br \/>\n<strong>c) No haber aprobado la evaluaci\u00f3n de desempe\u00f1o laboral de conformidad con lo establecido en el art\u00edculo 23 de la presente Ley.<\/strong><br \/>\nd) Por l\u00edmite de edad, al cumplir 65 a\u00f1os. (*)<\/p>\n<p><b data-path-to-node=\"3,0\" data-index-in-node=\"0\">Art\u00edculo 23. Permanencia en el servicio<\/b> <i data-path-to-node=\"3,0\" data-index-in-node=\"40\"><span class=\"citation-118 citation-end-118\">\u00abLa evaluaci\u00f3n de desempe\u00f1o docente es obligatoria [&#8230;].<\/span> El profesor que no apruebe en la primera oportunidad es capacitado por el Ministerio de Educaci\u00f3n o las instituciones superiores acreditadas. Participa en una evaluaci\u00f3n extraordinaria. <span class=\"citation-117 citation-end-117\">Si no aprueba esta segunda evaluaci\u00f3n, vuelve a ser capacitado.<\/span> <span class=\"citation-116\">Si desaprueba la segunda evaluaci\u00f3n extraordinaria, es retirado de la Carrera P\u00fablica Magisterial\u00bb.<\/span><\/i><\/p>\n<p data-path-to-node=\"4\"><b data-path-to-node=\"4\" data-index-in-node=\"0\">La secuencia de los 3 intentos es:<\/b><\/p>\n<ol start=\"1\" data-path-to-node=\"5\">\n<li>\n<p id=\"p-rc_fb25969a8a2e485b-60\" data-path-to-node=\"5,0,0\"><b data-path-to-node=\"5,0,0\" data-index-in-node=\"0\">Primer intento:<\/b> Evaluaci\u00f3n ordinaria de desempe\u00f1o. <i data-path-to-node=\"5,0,0\" data-index-in-node=\"51\"><span class=\"citation-115\">(Si desaprueba, recibe una capacitaci\u00f3n de 6 meses).<\/span><\/i><\/p>\n<\/li>\n<li>\n<p id=\"p-rc_fb25969a8a2e485b-61\" data-path-to-node=\"5,1,0\"><b data-path-to-node=\"5,1,0\" data-index-in-node=\"0\">Segundo intento:<\/b> 1.\u00aa Evaluaci\u00f3n extraordinaria. <i data-path-to-node=\"5,1,0\" data-index-in-node=\"48\"><span class=\"citation-114\">(Si vuelve a desaprobar, recibe otra capacitaci\u00f3n de 6 meses).<\/span><\/i><\/p>\n<\/li>\n<li>\n<p data-path-to-node=\"5,2,0\"><b data-path-to-node=\"5,2,0\" data-index-in-node=\"0\">Tercer intento:<\/b> 2.\u00aa Evaluaci\u00f3n extraordinaria. <i data-path-to-node=\"5,2,0\" data-index-in-node=\"47\">(Si desaprueba este tercer examen, procede el retiro).<\/i><\/p>\n<\/li>\n<\/ol>\n<h3 data-path-to-node=\"7\">2. <b data-path-to-node=\"7\" data-index-in-node=\"3\">Causal de Retiro o Cese Definitivo<\/b><\/h3>\n<blockquote data-path-to-node=\"8\">\n<p id=\"p-rc_fb25969a8a2e485b-62\" data-path-to-node=\"8,0\"><b data-path-to-node=\"8,0\" data-index-in-node=\"0\"><span class=\"citation-113 citation-end-113\">Art\u00edculo 53. T\u00e9rmino de la relaci\u00f3n laboral<\/span><\/b> <i data-path-to-node=\"8,0\" data-index-in-node=\"44\"><span class=\"citation-112\">\u00abEl retiro de la Carrera P\u00fablica Magisterial de los profesores se produce en los siguientes casos: [&#8230;]<\/span><\/i> <b data-path-to-node=\"8,0\" data-index-in-node=\"149\"><span class=\"citation-111 citation-end-111\">c) No haber aprobado la evaluaci\u00f3n de desempe\u00f1o laboral de conformidad con lo establecido en el art\u00edculo 23 de la presente Ley\u00bb.<\/span><\/b><\/p>\n<\/blockquote>\n<h3 id=\"p-rc_fb25969a8a2e485b-63\" data-path-to-node=\"10\"><span class=\"citation-110\">3. <\/span><b data-path-to-node=\"10\" data-index-in-node=\"3\"><span class=\"citation-110 citation-end-110\">Detalle en el Reglamento (Decreto Supremo N.\u00ba 004-2013-ED)<\/span><\/b><\/h3>\n<p data-path-to-node=\"11\">En el <b data-path-to-node=\"11\" data-index-in-node=\"6\">Reglamento de la Ley N.\u00ba 29944<\/b>, se precisa en los <b data-path-to-node=\"11\" data-index-in-node=\"56\">Art\u00edculos 44\u00b0 al 48\u00b0<\/b> todo el proceso operativo del retiro de la carrera magisterial por desaprobaci\u00f3n en la segunda evaluaci\u00f3n extraordinaria (el 3.er intento), ordenando la emisi\u00f3n de la resoluci\u00f3n administrativa de cese definitivo emitida por la UGEL correspondiente.<\/p>\n<h3 data-path-to-node=\"13\">Resumen del marco legal<\/h3>\n<table data-path-to-node=\"14\">\n<thead>\n<tr>\n<td><strong>Ley \/ Norma<\/strong><\/td>\n<td><strong>Art\u00edculo<\/strong><\/td>\n<td><strong>Concepto que regula<\/strong><\/td>\n<\/tr>\n<\/thead>\n<tbody>\n<tr>\n<td><span data-path-to-node=\"14,1,0,0\"><b data-path-to-node=\"14,1,0,0\" data-index-in-node=\"0\">Ley N.\u00ba 29944<\/b><\/span><\/td>\n<td><span data-path-to-node=\"14,1,1,0\"><b data-path-to-node=\"14,1,1,0\" data-index-in-node=\"0\">Art. 23<\/b><\/span><\/td>\n<td><span data-path-to-node=\"14,1,2,0\">Establece la secuencia del proceso (ordinario + 2 extraordinarios = 3 intentos) y la consecuencia del retiro.<\/span><\/td>\n<\/tr>\n<tr>\n<td><span data-path-to-node=\"14,2,0,0\"><b data-path-to-node=\"14,2,0,0\" data-index-in-node=\"0\">Ley N.\u00ba 29944<\/b><\/span><\/td>\n<td><span data-path-to-node=\"14,2,1,0\"><b data-path-to-node=\"14,2,1,0\" data-index-in-node=\"0\">Art. 53, inc. c<\/b><\/span><\/td>\n<td><span data-path-to-node=\"14,2,2,0\">Declara expl\u00edcitamente el t\u00e9rmino de la carrera p\u00fablica (despido\/cese) por no aprobar el proceso evaluativo.<\/span><\/td>\n<\/tr>\n<tr>\n<td><span data-path-to-node=\"14,3,0,0\"><b data-path-to-node=\"14,3,0,0\" data-index-in-node=\"0\">D.S. N.\u00ba 004-2013-ED<\/b><\/span><\/td>\n<td><span data-path-to-node=\"14,3,1,0\"><b data-path-to-node=\"14,3,1,0\" data-index-in-node=\"0\">Art. 44-48<\/b><\/span><\/td>\n<td><span data-path-to-node=\"14,3,2,0\">Especifica la tramitaci\u00f3n administrativa del cese por la UGEL tras el tercer fallo.<\/span><\/td>\n<\/tr>\n<\/tbody>\n<\/table>\n<h3><a href=\"https:\/\/evaluaciondocente.perueduca.pe\/media\/2016\/06\/Ley_de_Reforma_Magisterial.pdf\">DESCARGAR AQU\u00cd LEY DE LA REFORMA MAGISTERIAL<\/a><\/h3>\n","protected":false},"excerpt":{"rendered":"<p>CAP\u00cdTULO X T\u00c9RMINO Y REINGRESO A LA CARRERA CONCORDANCIAS: D.S. N\u00ba 004-2013-ED (Reglamento) Cap. X Art\u00edculo 53. T\u00e9rmino de la relaci\u00f3n laboral El retiro<\/p>\n","protected":false},"author":1,"featured_media":19817,"comment_status":"open","ping_status":"open","sticky":false,"template":"","format":"standard","meta":{"footnotes":""},"categories":[4],"tags":[3705],"class_list":["post-19816","post","type-post","status-publish","format-standard","has-post-thumbnail","hentry","category-educacion","tag-art-53-termino-de-la-relacion-laboral-y-retiro-de-la-carrera-publica-magisterial-no-haber-aprobado-la-evaluacion-de-desempeno-laboral"],"yoast_head":"<!-- This site is optimized with the Yoast SEO Premium plugin v27.6.1 (Yoast SEO v28.4) - https:\/\/yoast.com\/product\/yoast-seo-premium-wordpress\/ -->\n<title>\u25b7 Art 53 T\u00e9rmino de la relaci\u00f3n laboral y retiro de la carrera p\u00fablica magisterial &quot;No haber aprobado la evaluaci\u00f3n de desempe\u00f1o laboral&quot; \u2705<\/title>\n<meta name=\"description\" content=\"\u27a8 Art 53 T\u00e9rmino de la relaci\u00f3n laboral y retiro de la carrera p\u00fablica magisterial &quot;No haber aprobado la evaluaci\u00f3n de desempe\u00f1o laboral&quot;\" \/>\n<meta name=\"robots\" content=\"index, follow, max-snippet:-1, max-image-preview:large, max-video-preview:-1\" \/>\n<link rel=\"canonical\" href=\"https:\/\/amautaenlinea.com\/blog\/art-53-termino-de-la-relacion-laboral-y-retiro-de-la-carrera-publica-magisterial-no-haber-aprobado-la-evaluacion-de-desempeno-laboral\/\" \/>\n<meta property=\"og:locale\" content=\"es_ES\" \/>\n<meta property=\"og:type\" content=\"article\" \/>\n<meta property=\"og:title\" content=\"Art 53 T\u00e9rmino de la relaci\u00f3n laboral y retiro de la carrera p\u00fablica magisterial &quot;No haber aprobado la evaluaci\u00f3n de desempe\u00f1o laboral&quot;\" \/>\n<meta property=\"og:description\" content=\"\u27a8 Art 53 T\u00e9rmino de la relaci\u00f3n laboral y retiro de la carrera p\u00fablica magisterial &quot;No haber aprobado la evaluaci\u00f3n de desempe\u00f1o laboral&quot;\" \/>\n<meta property=\"og:url\" content=\"https:\/\/amautaenlinea.com\/blog\/art-53-termino-de-la-relacion-laboral-y-retiro-de-la-carrera-publica-magisterial-no-haber-aprobado-la-evaluacion-de-desempeno-laboral\/\" \/>\n<meta property=\"og:site_name\" content=\"Grupo AMAUTA\" \/>\n<meta property=\"article:publisher\" content=\"https:\/\/www.facebook.com\/amautaperu.org\/\" \/>\n<meta property=\"article:published_time\" content=\"2026-09-06T02:34:20+00:00\" \/>\n<meta property=\"og:image\" content=\"https:\/\/amautaenlinea.com\/blog\/wp-content\/uploads\/2026\/09\/Art-53-Termino-de-la-relacion-laboral-y-retiro-de-la-carrera-publica-magisterial-No-haber-aprobado-la-evaluacion-de-desempeno-laboral.png\" \/>\n\t<meta property=\"og:image:width\" content=\"1280\" \/>\n\t<meta property=\"og:image:height\" content=\"720\" \/>\n\t<meta property=\"og:image:type\" content=\"image\/png\" \/>\n<meta name=\"author\" content=\"Grupo AMAUTA EBUSINESS\" \/>\n<meta name=\"twitter:card\" content=\"summary_large_image\" \/>\n<script type=\"application\/ld+json\" class=\"yoast-schema-graph\">{\"@context\":\"https:\\\/\\\/schema.org\",\"@graph\":[{\"@type\":\"Article\",\"@id\":\"https:\\\/\\\/amautaenlinea.com\\\/blog\\\/art-53-termino-de-la-relacion-laboral-y-retiro-de-la-carrera-publica-magisterial-no-haber-aprobado-la-evaluacion-de-desempeno-laboral\\\/#article\",\"isPartOf\":{\"@id\":\"https:\\\/\\\/amautaenlinea.com\\\/blog\\\/art-53-termino-de-la-relacion-laboral-y-retiro-de-la-carrera-publica-magisterial-no-haber-aprobado-la-evaluacion-de-desempeno-laboral\\\/\"},\"author\":{\"name\":\"Grupo AMAUTA EBUSINESS\",\"@id\":\"https:\\\/\\\/amautaenlinea.com\\\/blog\\\/#\\\/schema\\\/person\\\/d8d4b5d672e9edb72a6f23fd40dd31d5\"},\"headline\":\"Art 53 T\u00e9rmino de la relaci\u00f3n laboral y retiro de la carrera p\u00fablica magisterial \u00abNo haber aprobado la evaluaci\u00f3n de desempe\u00f1o laboral\u00bb\",\"datePublished\":\"2026-09-06T02:34:20+00:00\",\"mainEntityOfPage\":{\"@id\":\"https:\\\/\\\/amautaenlinea.com\\\/blog\\\/art-53-termino-de-la-relacion-laboral-y-retiro-de-la-carrera-publica-magisterial-no-haber-aprobado-la-evaluacion-de-desempeno-laboral\\\/\"},\"wordCount\":426,\"commentCount\":0,\"publisher\":{\"@id\":\"https:\\\/\\\/amautaenlinea.com\\\/blog\\\/#organization\"},\"image\":{\"@id\":\"https:\\\/\\\/amautaenlinea.com\\\/blog\\\/art-53-termino-de-la-relacion-laboral-y-retiro-de-la-carrera-publica-magisterial-no-haber-aprobado-la-evaluacion-de-desempeno-laboral\\\/#primaryimage\"},\"thumbnailUrl\":\"https:\\\/\\\/amautaenlinea.com\\\/blog\\\/wp-content\\\/uploads\\\/2026\\\/09\\\/Art-53-Termino-de-la-relacion-laboral-y-retiro-de-la-carrera-publica-magisterial-No-haber-aprobado-la-evaluacion-de-desempeno-laboral.png\",\"keywords\":[\"Art 53 T\u00e9rmino de la relaci\u00f3n laboral y retiro de la carrera p\u00fablica magisterial \\\"No haber aprobado la evaluaci\u00f3n de desempe\u00f1o laboral\\\"\"],\"articleSection\":[\"Educaci\u00f3n\"],\"inLanguage\":\"es\",\"potentialAction\":[{\"@type\":\"CommentAction\",\"name\":\"Comment\",\"target\":[\"https:\\\/\\\/amautaenlinea.com\\\/blog\\\/art-53-termino-de-la-relacion-laboral-y-retiro-de-la-carrera-publica-magisterial-no-haber-aprobado-la-evaluacion-de-desempeno-laboral\\\/#respond\"]}],\"copyrightYear\":\"2026\",\"copyrightHolder\":{\"@id\":\"https:\\\/\\\/amautaenlinea.com\\\/blog\\\/#organization\"}},{\"@type\":\"WebPage\",\"@id\":\"https:\\\/\\\/amautaenlinea.com\\\/blog\\\/art-53-termino-de-la-relacion-laboral-y-retiro-de-la-carrera-publica-magisterial-no-haber-aprobado-la-evaluacion-de-desempeno-laboral\\\/\",\"url\":\"https:\\\/\\\/amautaenlinea.com\\\/blog\\\/art-53-termino-de-la-relacion-laboral-y-retiro-de-la-carrera-publica-magisterial-no-haber-aprobado-la-evaluacion-de-desempeno-laboral\\\/\",\"name\":\"\u25b7 Art 53 T\u00e9rmino de la relaci\u00f3n laboral y retiro de la carrera p\u00fablica magisterial \\\"No haber aprobado la evaluaci\u00f3n de desempe\u00f1o laboral\\\" \u2705\",\"isPartOf\":{\"@id\":\"https:\\\/\\\/amautaenlinea.com\\\/blog\\\/#website\"},\"primaryImageOfPage\":{\"@id\":\"https:\\\/\\\/amautaenlinea.com\\\/blog\\\/art-53-termino-de-la-relacion-laboral-y-retiro-de-la-carrera-publica-magisterial-no-haber-aprobado-la-evaluacion-de-desempeno-laboral\\\/#primaryimage\"},\"image\":{\"@id\":\"https:\\\/\\\/amautaenlinea.com\\\/blog\\\/art-53-termino-de-la-relacion-laboral-y-retiro-de-la-carrera-publica-magisterial-no-haber-aprobado-la-evaluacion-de-desempeno-laboral\\\/#primaryimage\"},\"thumbnailUrl\":\"https:\\\/\\\/amautaenlinea.com\\\/blog\\\/wp-content\\\/uploads\\\/2026\\\/09\\\/Art-53-Termino-de-la-relacion-laboral-y-retiro-de-la-carrera-publica-magisterial-No-haber-aprobado-la-evaluacion-de-desempeno-laboral.png\",\"datePublished\":\"2026-09-06T02:34:20+00:00\",\"description\":\"\u27a8 Art 53 T\u00e9rmino de la relaci\u00f3n laboral y retiro de la carrera p\u00fablica magisterial \\\"No haber aprobado la evaluaci\u00f3n de desempe\u00f1o laboral\\\"\",\"breadcrumb\":{\"@id\":\"https:\\\/\\\/amautaenlinea.com\\\/blog\\\/art-53-termino-de-la-relacion-laboral-y-retiro-de-la-carrera-publica-magisterial-no-haber-aprobado-la-evaluacion-de-desempeno-laboral\\\/#breadcrumb\"},\"inLanguage\":\"es\",\"potentialAction\":[{\"@type\":\"ReadAction\",\"target\":[\"https:\\\/\\\/amautaenlinea.com\\\/blog\\\/art-53-termino-de-la-relacion-laboral-y-retiro-de-la-carrera-publica-magisterial-no-haber-aprobado-la-evaluacion-de-desempeno-laboral\\\/\"]}]},{\"@type\":\"ImageObject\",\"inLanguage\":\"es\",\"@id\":\"https:\\\/\\\/amautaenlinea.com\\\/blog\\\/art-53-termino-de-la-relacion-laboral-y-retiro-de-la-carrera-publica-magisterial-no-haber-aprobado-la-evaluacion-de-desempeno-laboral\\\/#primaryimage\",\"url\":\"https:\\\/\\\/amautaenlinea.com\\\/blog\\\/wp-content\\\/uploads\\\/2026\\\/09\\\/Art-53-Termino-de-la-relacion-laboral-y-retiro-de-la-carrera-publica-magisterial-No-haber-aprobado-la-evaluacion-de-desempeno-laboral.png\",\"contentUrl\":\"https:\\\/\\\/amautaenlinea.com\\\/blog\\\/wp-content\\\/uploads\\\/2026\\\/09\\\/Art-53-Termino-de-la-relacion-laboral-y-retiro-de-la-carrera-publica-magisterial-No-haber-aprobado-la-evaluacion-de-desempeno-laboral.png\",\"width\":1280,\"height\":720},{\"@type\":\"BreadcrumbList\",\"@id\":\"https:\\\/\\\/amautaenlinea.com\\\/blog\\\/art-53-termino-de-la-relacion-laboral-y-retiro-de-la-carrera-publica-magisterial-no-haber-aprobado-la-evaluacion-de-desempeno-laboral\\\/#breadcrumb\",\"itemListElement\":[{\"@type\":\"ListItem\",\"position\":1,\"name\":\"Portada\",\"item\":\"https:\\\/\\\/amautaenlinea.com\\\/blog\\\/\"},{\"@type\":\"ListItem\",\"position\":2,\"name\":\"Art 53 T\u00e9rmino de la relaci\u00f3n laboral y retiro de la carrera p\u00fablica magisterial \u00abNo haber aprobado la evaluaci\u00f3n de desempe\u00f1o laboral\u00bb\"}]},{\"@type\":\"WebSite\",\"@id\":\"https:\\\/\\\/amautaenlinea.com\\\/blog\\\/#website\",\"url\":\"https:\\\/\\\/amautaenlinea.com\\\/blog\\\/\",\"name\":\"Grupo AMAUTA\",\"description\":\"\",\"publisher\":{\"@id\":\"https:\\\/\\\/amautaenlinea.com\\\/blog\\\/#organization\"},\"potentialAction\":[{\"@type\":\"SearchAction\",\"target\":{\"@type\":\"EntryPoint\",\"urlTemplate\":\"https:\\\/\\\/amautaenlinea.com\\\/blog\\\/?s={search_term_string}\"},\"query-input\":{\"@type\":\"PropertyValueSpecification\",\"valueRequired\":true,\"valueName\":\"search_term_string\"}}],\"inLanguage\":\"es\"},{\"@type\":\"Organization\",\"@id\":\"https:\\\/\\\/amautaenlinea.com\\\/blog\\\/#organization\",\"name\":\"Grupo AMAUTA E-BUSINESS\",\"url\":\"https:\\\/\\\/amautaenlinea.com\\\/blog\\\/\",\"logo\":{\"@type\":\"ImageObject\",\"inLanguage\":\"es\",\"@id\":\"https:\\\/\\\/amautaenlinea.com\\\/blog\\\/#\\\/schema\\\/logo\\\/image\\\/\",\"url\":\"https:\\\/\\\/amautaenlinea.com\\\/blog\\\/wp-content\\\/uploads\\\/2023\\\/09\\\/logo-amauta.png\",\"contentUrl\":\"https:\\\/\\\/amautaenlinea.com\\\/blog\\\/wp-content\\\/uploads\\\/2023\\\/09\\\/logo-amauta.png\",\"width\":1124,\"height\":368,\"caption\":\"Grupo AMAUTA E-BUSINESS\"},\"image\":{\"@id\":\"https:\\\/\\\/amautaenlinea.com\\\/blog\\\/#\\\/schema\\\/logo\\\/image\\\/\"},\"sameAs\":[\"https:\\\/\\\/www.facebook.com\\\/amautaperu.org\\\/\"]},{\"@type\":\"Person\",\"@id\":\"https:\\\/\\\/amautaenlinea.com\\\/blog\\\/#\\\/schema\\\/person\\\/d8d4b5d672e9edb72a6f23fd40dd31d5\",\"name\":\"Grupo AMAUTA EBUSINESS\",\"image\":{\"@type\":\"ImageObject\",\"inLanguage\":\"es\",\"@id\":\"https:\\\/\\\/secure.gravatar.com\\\/avatar\\\/97706b54c222a710310e2db50e02e68de0a4c8bb76654bcc4053b08241c6bd6c?s=96&d=mm&r=g\",\"url\":\"https:\\\/\\\/secure.gravatar.com\\\/avatar\\\/97706b54c222a710310e2db50e02e68de0a4c8bb76654bcc4053b08241c6bd6c?s=96&d=mm&r=g\",\"contentUrl\":\"https:\\\/\\\/secure.gravatar.com\\\/avatar\\\/97706b54c222a710310e2db50e02e68de0a4c8bb76654bcc4053b08241c6bd6c?s=96&d=mm&r=g\",\"caption\":\"Grupo AMAUTA EBUSINESS\"}}]}<\/script>\n<!-- \/ Yoast SEO Premium plugin. -->","yoast_head_json":{"title":"\u25b7 Art 53 T\u00e9rmino de la relaci\u00f3n laboral y retiro de la carrera p\u00fablica magisterial \"No haber aprobado la evaluaci\u00f3n de desempe\u00f1o laboral\" \u2705","description":"\u27a8 Art 53 T\u00e9rmino de la relaci\u00f3n laboral y retiro de la carrera p\u00fablica magisterial \"No haber aprobado la evaluaci\u00f3n de desempe\u00f1o laboral\"","robots":{"index":"index","follow":"follow","max-snippet":"max-snippet:-1","max-image-preview":"max-image-preview:large","max-video-preview":"max-video-preview:-1"},"canonical":"https:\/\/amautaenlinea.com\/blog\/art-53-termino-de-la-relacion-laboral-y-retiro-de-la-carrera-publica-magisterial-no-haber-aprobado-la-evaluacion-de-desempeno-laboral\/","og_locale":"es_ES","og_type":"article","og_title":"Art 53 T\u00e9rmino de la relaci\u00f3n laboral y retiro de la carrera p\u00fablica magisterial \"No haber aprobado la evaluaci\u00f3n de desempe\u00f1o laboral\"","og_description":"\u27a8 Art 53 T\u00e9rmino de la relaci\u00f3n laboral y retiro de la carrera p\u00fablica magisterial \"No haber aprobado la evaluaci\u00f3n de desempe\u00f1o laboral\"","og_url":"https:\/\/amautaenlinea.com\/blog\/art-53-termino-de-la-relacion-laboral-y-retiro-de-la-carrera-publica-magisterial-no-haber-aprobado-la-evaluacion-de-desempeno-laboral\/","og_site_name":"Grupo AMAUTA","article_publisher":"https:\/\/www.facebook.com\/amautaperu.org\/","article_published_time":"2026-09-06T02:34:20+00:00","og_image":[{"width":1280,"height":720,"url":"https:\/\/amautaenlinea.com\/blog\/wp-content\/uploads\/2026\/09\/Art-53-Termino-de-la-relacion-laboral-y-retiro-de-la-carrera-publica-magisterial-No-haber-aprobado-la-evaluacion-de-desempeno-laboral.png","type":"image\/png"}],"author":"Grupo AMAUTA EBUSINESS","twitter_card":"summary_large_image","schema":{"@context":"https:\/\/schema.org","@graph":[{"@type":"Article","@id":"https:\/\/amautaenlinea.com\/blog\/art-53-termino-de-la-relacion-laboral-y-retiro-de-la-carrera-publica-magisterial-no-haber-aprobado-la-evaluacion-de-desempeno-laboral\/#article","isPartOf":{"@id":"https:\/\/amautaenlinea.com\/blog\/art-53-termino-de-la-relacion-laboral-y-retiro-de-la-carrera-publica-magisterial-no-haber-aprobado-la-evaluacion-de-desempeno-laboral\/"},"author":{"name":"Grupo AMAUTA EBUSINESS","@id":"https:\/\/amautaenlinea.com\/blog\/#\/schema\/person\/d8d4b5d672e9edb72a6f23fd40dd31d5"},"headline":"Art 53 T\u00e9rmino de la relaci\u00f3n laboral y retiro de la carrera p\u00fablica magisterial \u00abNo haber aprobado la evaluaci\u00f3n de desempe\u00f1o laboral\u00bb","datePublished":"2026-09-06T02:34:20+00:00","mainEntityOfPage":{"@id":"https:\/\/amautaenlinea.com\/blog\/art-53-termino-de-la-relacion-laboral-y-retiro-de-la-carrera-publica-magisterial-no-haber-aprobado-la-evaluacion-de-desempeno-laboral\/"},"wordCount":426,"commentCount":0,"publisher":{"@id":"https:\/\/amautaenlinea.com\/blog\/#organization"},"image":{"@id":"https:\/\/amautaenlinea.com\/blog\/art-53-termino-de-la-relacion-laboral-y-retiro-de-la-carrera-publica-magisterial-no-haber-aprobado-la-evaluacion-de-desempeno-laboral\/#primaryimage"},"thumbnailUrl":"https:\/\/amautaenlinea.com\/blog\/wp-content\/uploads\/2026\/09\/Art-53-Termino-de-la-relacion-laboral-y-retiro-de-la-carrera-publica-magisterial-No-haber-aprobado-la-evaluacion-de-desempeno-laboral.png","keywords":["Art 53 T\u00e9rmino de la relaci\u00f3n laboral y retiro de la carrera p\u00fablica magisterial \"No haber aprobado la evaluaci\u00f3n de desempe\u00f1o laboral\""],"articleSection":["Educaci\u00f3n"],"inLanguage":"es","potentialAction":[{"@type":"CommentAction","name":"Comment","target":["https:\/\/amautaenlinea.com\/blog\/art-53-termino-de-la-relacion-laboral-y-retiro-de-la-carrera-publica-magisterial-no-haber-aprobado-la-evaluacion-de-desempeno-laboral\/#respond"]}],"copyrightYear":"2026","copyrightHolder":{"@id":"https:\/\/amautaenlinea.com\/blog\/#organization"}},{"@type":"WebPage","@id":"https:\/\/amautaenlinea.com\/blog\/art-53-termino-de-la-relacion-laboral-y-retiro-de-la-carrera-publica-magisterial-no-haber-aprobado-la-evaluacion-de-desempeno-laboral\/","url":"https:\/\/amautaenlinea.com\/blog\/art-53-termino-de-la-relacion-laboral-y-retiro-de-la-carrera-publica-magisterial-no-haber-aprobado-la-evaluacion-de-desempeno-laboral\/","name":"\u25b7 Art 53 T\u00e9rmino de la relaci\u00f3n laboral y retiro de la carrera p\u00fablica magisterial \"No haber aprobado la evaluaci\u00f3n de desempe\u00f1o laboral\" \u2705","isPartOf":{"@id":"https:\/\/amautaenlinea.com\/blog\/#website"},"primaryImageOfPage":{"@id":"https:\/\/amautaenlinea.com\/blog\/art-53-termino-de-la-relacion-laboral-y-retiro-de-la-carrera-publica-magisterial-no-haber-aprobado-la-evaluacion-de-desempeno-laboral\/#primaryimage"},"image":{"@id":"https:\/\/amautaenlinea.com\/blog\/art-53-termino-de-la-relacion-laboral-y-retiro-de-la-carrera-publica-magisterial-no-haber-aprobado-la-evaluacion-de-desempeno-laboral\/#primaryimage"},"thumbnailUrl":"https:\/\/amautaenlinea.com\/blog\/wp-content\/uploads\/2026\/09\/Art-53-Termino-de-la-relacion-laboral-y-retiro-de-la-carrera-publica-magisterial-No-haber-aprobado-la-evaluacion-de-desempeno-laboral.png","datePublished":"2026-09-06T02:34:20+00:00","description":"\u27a8 Art 53 T\u00e9rmino de la relaci\u00f3n laboral y retiro de la carrera p\u00fablica magisterial \"No haber aprobado la evaluaci\u00f3n de desempe\u00f1o laboral\"","breadcrumb":{"@id":"https:\/\/amautaenlinea.com\/blog\/art-53-termino-de-la-relacion-laboral-y-retiro-de-la-carrera-publica-magisterial-no-haber-aprobado-la-evaluacion-de-desempeno-laboral\/#breadcrumb"},"inLanguage":"es","potentialAction":[{"@type":"ReadAction","target":["https:\/\/amautaenlinea.com\/blog\/art-53-termino-de-la-relacion-laboral-y-retiro-de-la-carrera-publica-magisterial-no-haber-aprobado-la-evaluacion-de-desempeno-laboral\/"]}]},{"@type":"ImageObject","inLanguage":"es","@id":"https:\/\/amautaenlinea.com\/blog\/art-53-termino-de-la-relacion-laboral-y-retiro-de-la-carrera-publica-magisterial-no-haber-aprobado-la-evaluacion-de-desempeno-laboral\/#primaryimage","url":"https:\/\/amautaenlinea.com\/blog\/wp-content\/uploads\/2026\/09\/Art-53-Termino-de-la-relacion-laboral-y-retiro-de-la-carrera-publica-magisterial-No-haber-aprobado-la-evaluacion-de-desempeno-laboral.png","contentUrl":"https:\/\/amautaenlinea.com\/blog\/wp-content\/uploads\/2026\/09\/Art-53-Termino-de-la-relacion-laboral-y-retiro-de-la-carrera-publica-magisterial-No-haber-aprobado-la-evaluacion-de-desempeno-laboral.png","width":1280,"height":720},{"@type":"BreadcrumbList","@id":"https:\/\/amautaenlinea.com\/blog\/art-53-termino-de-la-relacion-laboral-y-retiro-de-la-carrera-publica-magisterial-no-haber-aprobado-la-evaluacion-de-desempeno-laboral\/#breadcrumb","itemListElement":[{"@type":"ListItem","position":1,"name":"Portada","item":"https:\/\/amautaenlinea.com\/blog\/"},{"@type":"ListItem","position":2,"name":"Art 53 T\u00e9rmino de la relaci\u00f3n laboral y retiro de la carrera p\u00fablica magisterial \u00abNo haber aprobado la evaluaci\u00f3n de desempe\u00f1o laboral\u00bb"}]},{"@type":"WebSite","@id":"https:\/\/amautaenlinea.com\/blog\/#website","url":"https:\/\/amautaenlinea.com\/blog\/","name":"Grupo AMAUTA","description":"","publisher":{"@id":"https:\/\/amautaenlinea.com\/blog\/#organization"},"potentialAction":[{"@type":"SearchAction","target":{"@type":"EntryPoint","urlTemplate":"https:\/\/amautaenlinea.com\/blog\/?s={search_term_string}"},"query-input":{"@type":"PropertyValueSpecification","valueRequired":true,"valueName":"search_term_string"}}],"inLanguage":"es"},{"@type":"Organization","@id":"https:\/\/amautaenlinea.com\/blog\/#organization","name":"Grupo AMAUTA E-BUSINESS","url":"https:\/\/amautaenlinea.com\/blog\/","logo":{"@type":"ImageObject","inLanguage":"es","@id":"https:\/\/amautaenlinea.com\/blog\/#\/schema\/logo\/image\/","url":"https:\/\/amautaenlinea.com\/blog\/wp-content\/uploads\/2023\/09\/logo-amauta.png","contentUrl":"https:\/\/amautaenlinea.com\/blog\/wp-content\/uploads\/2023\/09\/logo-amauta.png","width":1124,"height":368,"caption":"Grupo AMAUTA E-BUSINESS"},"image":{"@id":"https:\/\/amautaenlinea.com\/blog\/#\/schema\/logo\/image\/"},"sameAs":["https:\/\/www.facebook.com\/amautaperu.org\/"]},{"@type":"Person","@id":"https:\/\/amautaenlinea.com\/blog\/#\/schema\/person\/d8d4b5d672e9edb72a6f23fd40dd31d5","name":"Grupo AMAUTA EBUSINESS","image":{"@type":"ImageObject","inLanguage":"es","@id":"https:\/\/secure.gravatar.com\/avatar\/97706b54c222a710310e2db50e02e68de0a4c8bb76654bcc4053b08241c6bd6c?s=96&d=mm&r=g","url":"https:\/\/secure.gravatar.com\/avatar\/97706b54c222a710310e2db50e02e68de0a4c8bb76654bcc4053b08241c6bd6c?s=96&d=mm&r=g","contentUrl":"https:\/\/secure.gravatar.com\/avatar\/97706b54c222a710310e2db50e02e68de0a4c8bb76654bcc4053b08241c6bd6c?s=96&d=mm&r=g","caption":"Grupo AMAUTA EBUSINESS"}}]}},"_links":{"self":[{"href":"https:\/\/amautaenlinea.com\/blog\/wp-json\/wp\/v2\/posts\/19816","targetHints":{"allow":["GET"]}}],"collection":[{"href":"https:\/\/amautaenlinea.com\/blog\/wp-json\/wp\/v2\/posts"}],"about":[{"href":"https:\/\/amautaenlinea.com\/blog\/wp-json\/wp\/v2\/types\/post"}],"author":[{"embeddable":true,"href":"https:\/\/amautaenlinea.com\/blog\/wp-json\/wp\/v2\/users\/1"}],"replies":[{"embeddable":true,"href":"https:\/\/amautaenlinea.com\/blog\/wp-json\/wp\/v2\/comments?post=19816"}],"version-history":[{"count":1,"href":"https:\/\/amautaenlinea.com\/blog\/wp-json\/wp\/v2\/posts\/19816\/revisions"}],"predecessor-version":[{"id":19818,"href":"https:\/\/amautaenlinea.com\/blog\/wp-json\/wp\/v2\/posts\/19816\/revisions\/19818"}],"wp:featuredmedia":[{"embeddable":true,"href":"https:\/\/amautaenlinea.com\/blog\/wp-json\/wp\/v2\/media\/19817"}],"wp:attachment":[{"href":"https:\/\/amautaenlinea.com\/blog\/wp-json\/wp\/v2\/media?parent=19816"}],"wp:term":[{"taxonomy":"category","embeddable":true,"href":"https:\/\/amautaenlinea.com\/blog\/wp-json\/wp\/v2\/categories?post=19816"},{"taxonomy":"post_tag","embeddable":true,"href":"https:\/\/amautaenlinea.com\/blog\/wp-json\/wp\/v2\/tags?post=19816"}],"curies":[{"name":"wp","href":"https:\/\/api.w.org\/{rel}","templated":true}]}}