{"id":19806,"date":"2026-09-05T08:24:43","date_gmt":"2026-09-05T13:24:43","guid":{"rendered":"https:\/\/amautaenlinea.com\/blog\/?p=19806"},"modified":"2026-09-05T08:24:43","modified_gmt":"2026-09-05T13:24:43","slug":"modifican-cronogramas-de-concursos-publicos-para-el-ascenso-de-escala-de-profesores-de-educacion-basica","status":"publish","type":"post","link":"https:\/\/amautaenlinea.com\/blog\/modifican-cronogramas-de-concursos-publicos-para-el-ascenso-de-escala-de-profesores-de-educacion-basica\/","title":{"rendered":"Modifican Cronogramas de Concursos P\u00fablicos para el Ascenso de Escala de profesores de Educaci\u00f3n B\u00e1sica"},"content":{"rendered":"<h1 class=\"sumilla\">Modifican Cronogramas de Concursos P\u00fablicos para el Ascenso de Escala de profesores de Educaci\u00f3n B\u00e1sica<\/h1>\n<h2 class=\"resoluci-n\">Resoluci\u00f3n Viceministerial N\u00b0 157-2026-MINEDU<\/h2>\n<p class=\"cuerpo\">Lima, 4 de setiembre de 2026<\/p>\n<p class=\"cuerpo\">VISTOS; el Expediente N\u00ba DIED2026-INT-0279021; el Informe N\u00ba 01283-2026-MINEDU\/VMGP-DIGEDD-DIED y el Oficio N\u00ba 00893-2026-MINEDU\/VMGP-DIGEDD-DIED de la Direcci\u00f3n de Evaluaci\u00f3n Docente dependiente de la Direcci\u00f3n General de Desarrollo Docente; el Informe N\u00ba 01698-2026-MINEDU\/SPE-OPEP-UPP de la Unidad de Planificaci\u00f3n y Presupuesto de la Oficina de Planificaci\u00f3n Estrat\u00e9gica y Presupuesto; el Informe N\u00ba 01274-2026-MINEDU\/SG-OGAJ y el Oficio N\u00ba 00601-2026-MINEDU\/SG-OGAJ de la Oficina General de Asesor\u00eda Jur\u00eddica; y,<\/p>\n<p class=\"cuerpo\">CONSIDERANDO:<\/p>\n<p class=\"cuerpo\">Que, el literal h) del art\u00edculo 80 de la Ley N\u00ba 28044, Ley General de Educaci\u00f3n, establece que es funci\u00f3n del Ministerio de Educaci\u00f3n definir las pol\u00edticas sectoriales de personal, programas de mejoramiento del personal directivo, docente y administrativo del sector e implementar la carrera p\u00fablica magisterial;<\/p>\n<p class=\"cuerpo\">Que, el art\u00edculo 15 de la Ley N\u00ba 29944, Ley de Reforma Magisterial, se\u00f1ala que el Ministerio de Educaci\u00f3n establece la pol\u00edtica y las normas de evaluaci\u00f3n docente, y formula los indicadores e instrumentos de evaluaci\u00f3n. En coordinaci\u00f3n con los gobiernos regionales, es responsable de dise\u00f1ar, planificar, monitorear y evaluar los procesos para el ingreso, permanencia, ascenso y acceso a cargos dentro de la carrera p\u00fablica magisterial, asegurando su transparencia, objetividad y confiabilidad;<\/p>\n<p class=\"cuerpo\">Que, el art\u00edculo 1 de la Resoluci\u00f3n Viceministerial N\u00ba 044-2026-MINEDU, modifica el numeral 7.15 de la Norma T\u00e9cnica denominada \u201cNorma que regula el Concurso P\u00fablico para el Ascenso de Escala de los profesores de Educaci\u00f3n B\u00e1sica en el marco de la Carrera P\u00fablica Magisterial de la Ley N\u00ba 29944, Ley de Reforma Magisterial\u201d, y el art\u00edculo 2 de la referida Resoluci\u00f3n dispone lo siguiente: (i) convocar al Concurso P\u00fablico para el Ascenso de Escala de los profesores de Educaci\u00f3n B\u00e1sica en el marco de la Carrera P\u00fablica Magisterial de la Ley N\u00ba 29944, Ley de Reforma Magisterial, correspondiente al ejercicio 2026, y (ii) aprobar su respectivo cronograma de actividades;<\/p>\n<p class=\"cuerpo\">Que, asimismo, mediante los art\u00edculos 3 y 4 de la referida Resoluci\u00f3n Viceministerial se convoca al Concurso P\u00fablico para el Ascenso de Escala de los profesores de Educaci\u00f3n B\u00e1sica que laboran en instituciones educativas administradas por el Ministerio de Defensa y el Ministerio del Interior, respectivamente, en el marco de la Carrera P\u00fablica Magisterial de la Ley N\u00ba 29944, Ley de Reforma Magisterial correspondiente al a\u00f1o 2026 y se aprueban sus respectivos cronogramas de actividades;<\/p>\n<p class=\"cuerpo\">Que, los numerales 5.3.1.1 y 5.3.1.2 de las Normas T\u00e9cnicas denominadas \u201cNorma que regula el Concurso P\u00fablico para el Ascenso de Escala de los profesores de Educaci\u00f3n B\u00e1sica que laboran en instituciones educativas administradas por el Ministerio de Defensa en el marco de la Carrera P\u00fablica Magisterial, de la Ley N\u00b0 29944, Ley de Reforma Magisterial\u201d, aprobada por la Resoluci\u00f3n Viceministerial N\u00ba 121-2024-MINEDU, \u201cNorma que regula el Concurso P\u00fablico para el Ascenso de Escala de los profesores de Educaci\u00f3n B\u00e1sica que laboran en instituciones educativas administradas por el Ministerio del Interior en el marco de la Carrera P\u00fablica Magisterial, de la Ley N\u00b0 29944, Ley de Reforma Magisterial\u201d, aprobada por la Resoluci\u00f3n Viceministerial N\u00ba 126-2025-MINEDU, y \u201cNorma que regula el Concurso P\u00fablico para el Ascenso de Escala de los profesores de Educaci\u00f3n B\u00e1sica en el marco de la Carrera P\u00fablica Magisterial de la Ley N\u00b0 29944, Ley de Reforma Magisterial\u201d, aprobada por la Resoluci\u00f3n Viceministerial N\u00ba 077-2024-MINEDU y su modificatoria, establecen que la convocatoria al concurso se realiza mediante resoluci\u00f3n viceministerial del Ministerio de Educaci\u00f3n y de acuerdo con la periodicidad anual establecida en la Ley N\u00ba 29944 para el ascenso en la Carrera P\u00fablica Magisterial, la misma que se aprueba conjuntamente con su cronograma y se publica en el portal institucional del Ministerio de Educaci\u00f3n, del Ministerio de Defensa y del Ministerio del Interior, seg\u00fan corresponda; en caso el cronograma sea modificado debe ser publicado oportunamente en los portales institucionales de las mencionadas entidades, seg\u00fan corresponda;<\/p>\n<p class=\"cuerpo\">Que, a trav\u00e9s del Oficio N\u00ba 01659-2026-MINEDU\/VMGP-DIGEDD, la Direcci\u00f3n General de Desarrollo Docente remite al Despacho Viceministerial de Gesti\u00f3n Pedag\u00f3gica el Informe N\u00ba 01283-2026-MINEDU\/VMGP-DIGEDD-DIED, complementado con el Oficio N\u00ba 00893-2026-MINEDU\/VMGP-DIGEDD-DIED, elaborados por la Direcci\u00f3n de Evaluaci\u00f3n Docente (DIED), dependiente de la referida Direcci\u00f3n General, a trav\u00e9s del cual sustenta la necesidad de modificar los cronogramas de los siguientes concursos: (i) Concurso P\u00fablico para el Ascenso de Escala de los profesores de Educaci\u00f3n B\u00e1sica en el marco de la Carrera P\u00fablica Magisterial de la Ley N\u00ba 29944, Ley de Reforma Magisterial, correspondiente al a\u00f1o 2026; (ii) Concurso P\u00fablico para el Ascenso de Escala de los profesores de Educaci\u00f3n B\u00e1sica que laboran en instituciones educativas administradas por el Ministerio de Defensa en el marco de la Carrera P\u00fablica Magisterial de la Ley N\u00ba 29944, Ley de Reforma Magisterial, correspondiente al a\u00f1o 2026; y (iii) Concurso P\u00fablico para el Ascenso de Escala de los profesores de Educaci\u00f3n B\u00e1sica que laboran en instituciones educativas administradas por el Ministerio del Interior en el marco de la Carrera P\u00fablica Magisterial de la Ley N\u00ba 29944, Ley de Reforma Magisterial, correspondiente al a\u00f1o 2026, debido a dificultades operativas y log\u00edsticas en la contrataci\u00f3n de servicios para la aplicaci\u00f3n de las pruebas nacionales de los citados concursos;<\/p>\n<p class=\"cuerpo\">Que, la propuesta cuenta con la opini\u00f3n favorable de la Direcci\u00f3n T\u00e9cnico Normativa de Docentes (DITEN) de la Direcci\u00f3n General de Desarrollo Docente (DIGEDD);<\/p>\n<p class=\"cuerpo\">Que, mediante el Informe N\u00ba 01698-2026-MINEDU\/SPE-OPEP-UPP, la Unidad de Planificaci\u00f3n y Presupuesto de la Oficina de Planificaci\u00f3n Estrat\u00e9gica y Presupuesto, dependiente de la Secretar\u00eda de Planificaci\u00f3n Estrat\u00e9gica, emite opini\u00f3n favorable sobre la propuesta; por cuanto, en materia de planificaci\u00f3n se encuentra alineada con los objetivos estrat\u00e9gicos e institucionales del sector Educaci\u00f3n; y desde el punto de vista presupuestal, la modificaci\u00f3n del cronograma del concurso no irrogar\u00e1 gastos adicionales al Pliego 010: M. de Educaci\u00f3n ni al Tesoro P\u00fablico para el A\u00f1o Fiscal 2026, dado que se sujetar\u00e1 a los cr\u00e9ditos presupuestarios existentes en el Presupuesto Institucional del Pliego 010: M de Educaci\u00f3n;<\/p>\n<p class=\"cuerpo\">Que, con el Informe N\u00ba 01274-2026-MINEDU\/SG-OGAJ y el Oficio N\u00ba 00601-2026-MINEDU\/SG-OGAJ, la Oficina General de Asesor\u00eda Jur\u00eddica emite opini\u00f3n legal favorable respecto de la propuesta;<\/p>\n<p class=\"cuerpo\">Que, de acuerdo con el literal a) del art\u00edculo 1 de la Resoluci\u00f3n Ministerial N\u00b0 008-2026-MINEDU, se delega en la Viceministra de Gesti\u00f3n Pedag\u00f3gica del Ministerio de Educaci\u00f3n, entre otras facultades y atribuciones, la de emitir y aprobar los actos resolutivos que aprueban, modifican o dejan sin efecto los Documentos Normativos del Ministerio de Educaci\u00f3n en el \u00e1mbito de su competencia, conforme con lo dispuesto en el Reglamento de Organizaci\u00f3n y Funciones del Ministerio de Educaci\u00f3n;<\/p>\n<p class=\"cuerpo\">De conformidad con lo dispuesto en la Ley N\u00ba 31224, Ley de Organizaci\u00f3n y Funciones del Ministerio de Educaci\u00f3n; Ley N\u00ba 29944, Ley de Reforma Magisterial, el Reglamento de la Ley N\u00ba 29944, Ley de Reforma Magisterial, aprobado por el Decreto Supremo N\u00ba 004-2013-ED, el Reglamento de Organizaci\u00f3n y Funciones del Ministerio de Educaci\u00f3n, aprobado por el Decreto Supremo N\u00ba 001-2015-MINEDU; y en virtud de las facultades delegadas mediante la Resoluci\u00f3n Ministerial N\u00ba 008-2026-MINEDU;<\/p>\n<h3 class=\"cuerpo\">SE RESUELVE:<\/h3>\n<p class=\"cuerpo cuerpo-override\"><strong><span class=\"no-style-override\">Art\u00edculo 1.-\u00a0<\/span>Modificar el \u201cCronograma del Concurso P\u00fablico para el Ascenso de Escala de los profesores de Educaci\u00f3n B\u00e1sica en el marco de la Carrera P\u00fablica Magisterial de la Ley N\u00ba 29944, Ley de Reforma Magisterial, correspondiente al a\u00f1o 2026\u201d, aprobado mediante el art\u00edculo 2 de la Resoluci\u00f3n Viceministerial N\u00ba 044-2026-MINEDU, el cual queda redactado conforme al Anexo I que forma parte integrante de la presente Resoluci\u00f3n.\u00a0<\/strong><\/p>\n<p class=\"cuerpo cuerpo-override\"><span class=\"no-style-override\">Art\u00edculo 2.-\u00a0<\/span>Modificar el \u201cCronograma del Concurso P\u00fablico para el Ascenso de Escala de los profesores de Educaci\u00f3n B\u00e1sica que laboran en instituciones educativas administradas por el Ministerio de Defensa en el marco de la Carrera P\u00fablica Magisterial de la Ley N\u00ba 29944, Ley de Reforma Magisterial, correspondiente al a\u00f1o 2026\u201d, aprobado mediante el art\u00edculo 3 de la Resoluci\u00f3n Viceministerial N\u00ba 044-2026-MINEDU, el cual queda redactado conforme al Anexo II que forma parte integrante de la presente Resoluci\u00f3n.<\/p>\n<p class=\"cuerpo cuerpo-override\"><span class=\"no-style-override\">Art\u00edculo 3.-\u00a0<\/span>Modificar el \u201cCronograma del Concurso P\u00fablico para el Ascenso de Escala de los profesores de Educaci\u00f3n B\u00e1sica que laboran en instituciones educativas administradas por el Ministerio del Interior en el marco de la Carrera P\u00fablica Magisterial de la Ley N\u00ba 29944, Ley de Reforma Magisterial, correspondiente al a\u00f1o 2026\u201d, aprobado mediante el art\u00edculo 4 de la Resoluci\u00f3n Viceministerial N\u00ba 044-2026-MINEDU, el cual queda redactado conforme al Anexo III que forma parte integrante de la presente Resoluci\u00f3n.<\/p>\n<p class=\"cuerpo cuerpo-override\"><span class=\"no-style-override\">Art\u00edculo 4.-\u00a0<\/span>Disponer la publicaci\u00f3n de la presente Resoluci\u00f3n y sus anexos en el Sistema de Informaci\u00f3n Jur\u00eddica de Educaci\u00f3n \u2013 SIJE, ubicado en el portal institucional del Ministerio de Educaci\u00f3n (https:\/\/www.gob.pe\/minedu), el mismo d\u00eda de la publicaci\u00f3n de la presente resoluci\u00f3n en el diario oficial \u201cEl Peruano\u201d.<\/p>\n<p class=\"cuerpo\">Reg\u00edstrese, comun\u00edquese y publ\u00edquese.<\/p>\n<p class=\"cuerpo\">MIRIAM JANETTE PONCE VERTIZ<\/p>\n<p class=\"cuerpo\">Viceministra de Gesti\u00f3n Pedag\u00f3gica<\/p>\n<p class=\"subrayado\"><span class=\"bold-cuerpo\">2551189-1<\/span><\/p>\n","protected":false},"excerpt":{"rendered":"<p>Modifican Cronogramas de Concursos P\u00fablicos para el Ascenso de Escala de profesores de Educaci\u00f3n B\u00e1sica Resoluci\u00f3n Viceministerial N\u00b0 157-2026-MINEDU Lima, 4 de setiembre de<\/p>\n","protected":false},"author":1,"featured_media":19807,"comment_status":"open","ping_status":"open","sticky":false,"template":"","format":"standard","meta":{"footnotes":""},"categories":[4],"tags":[3702],"class_list":["post-19806","post","type-post","status-publish","format-standard","has-post-thumbnail","hentry","category-educacion","tag-modifican-cronogramas-de-concursos-publicos-para-el-ascenso-de-escala-de-profesores-de-educacion-basica"],"yoast_head":"<!-- This site is optimized with the Yoast SEO Premium plugin v27.6.1 (Yoast SEO v28.4) - https:\/\/yoast.com\/product\/yoast-seo-premium-wordpress\/ -->\n<title>\u25b7 Modifican Cronogramas de Concursos P\u00fablicos para el Ascenso de Escala de profesores de Educaci\u00f3n B\u00e1sica \u2705<\/title>\n<meta name=\"description\" content=\"\u27a8 Modifican Cronogramas de Concursos P\u00fablicos para el Ascenso de Escala de profesores de Educaci\u00f3n B\u00e1sica\" \/>\n<meta name=\"robots\" content=\"index, follow, max-snippet:-1, max-image-preview:large, max-video-preview:-1\" \/>\n<link rel=\"canonical\" href=\"https:\/\/amautaenlinea.com\/blog\/modifican-cronogramas-de-concursos-publicos-para-el-ascenso-de-escala-de-profesores-de-educacion-basica\/\" \/>\n<meta property=\"og:locale\" content=\"es_ES\" \/>\n<meta property=\"og:type\" content=\"article\" \/>\n<meta property=\"og:title\" content=\"Modifican Cronogramas de Concursos P\u00fablicos para el Ascenso de Escala de profesores de Educaci\u00f3n B\u00e1sica\" \/>\n<meta property=\"og:description\" content=\"\u27a8 Modifican Cronogramas de Concursos P\u00fablicos para el Ascenso de Escala de profesores de Educaci\u00f3n B\u00e1sica\" \/>\n<meta property=\"og:url\" content=\"https:\/\/amautaenlinea.com\/blog\/modifican-cronogramas-de-concursos-publicos-para-el-ascenso-de-escala-de-profesores-de-educacion-basica\/\" \/>\n<meta property=\"og:site_name\" content=\"Grupo AMAUTA\" \/>\n<meta property=\"article:publisher\" content=\"https:\/\/www.facebook.com\/amautaperu.org\/\" \/>\n<meta property=\"article:published_time\" content=\"2026-09-05T13:24:43+00:00\" \/>\n<meta property=\"og:image\" content=\"https:\/\/amautaenlinea.com\/blog\/wp-content\/uploads\/2026\/09\/Modifican-Cronogramas-de-Concursos-Publicos-para-el-Ascenso-de-Escala-de-profesores-de-Educacion-Basica.png\" \/>\n\t<meta property=\"og:image:width\" content=\"1280\" \/>\n\t<meta property=\"og:image:height\" content=\"720\" \/>\n\t<meta property=\"og:image:type\" content=\"image\/png\" \/>\n<meta name=\"author\" content=\"Grupo AMAUTA EBUSINESS\" \/>\n<meta name=\"twitter:card\" content=\"summary_large_image\" \/>\n<script type=\"application\/ld+json\" class=\"yoast-schema-graph\">{\"@context\":\"https:\\\/\\\/schema.org\",\"@graph\":[{\"@type\":\"Article\",\"@id\":\"https:\\\/\\\/amautaenlinea.com\\\/blog\\\/modifican-cronogramas-de-concursos-publicos-para-el-ascenso-de-escala-de-profesores-de-educacion-basica\\\/#article\",\"isPartOf\":{\"@id\":\"https:\\\/\\\/amautaenlinea.com\\\/blog\\\/modifican-cronogramas-de-concursos-publicos-para-el-ascenso-de-escala-de-profesores-de-educacion-basica\\\/\"},\"author\":{\"name\":\"Grupo AMAUTA EBUSINESS\",\"@id\":\"https:\\\/\\\/amautaenlinea.com\\\/blog\\\/#\\\/schema\\\/person\\\/d8d4b5d672e9edb72a6f23fd40dd31d5\"},\"headline\":\"Modifican Cronogramas de Concursos P\u00fablicos para el Ascenso de Escala de profesores de Educaci\u00f3n B\u00e1sica\",\"datePublished\":\"2026-09-05T13:24:43+00:00\",\"mainEntityOfPage\":{\"@id\":\"https:\\\/\\\/amautaenlinea.com\\\/blog\\\/modifican-cronogramas-de-concursos-publicos-para-el-ascenso-de-escala-de-profesores-de-educacion-basica\\\/\"},\"wordCount\":1622,\"commentCount\":0,\"publisher\":{\"@id\":\"https:\\\/\\\/amautaenlinea.com\\\/blog\\\/#organization\"},\"image\":{\"@id\":\"https:\\\/\\\/amautaenlinea.com\\\/blog\\\/modifican-cronogramas-de-concursos-publicos-para-el-ascenso-de-escala-de-profesores-de-educacion-basica\\\/#primaryimage\"},\"thumbnailUrl\":\"https:\\\/\\\/amautaenlinea.com\\\/blog\\\/wp-content\\\/uploads\\\/2026\\\/09\\\/Modifican-Cronogramas-de-Concursos-Publicos-para-el-Ascenso-de-Escala-de-profesores-de-Educacion-Basica.png\",\"keywords\":[\"Modifican Cronogramas de Concursos P\u00fablicos para el Ascenso de Escala de profesores de Educaci\u00f3n B\u00e1sica\"],\"articleSection\":[\"Educaci\u00f3n\"],\"inLanguage\":\"es\",\"potentialAction\":[{\"@type\":\"CommentAction\",\"name\":\"Comment\",\"target\":[\"https:\\\/\\\/amautaenlinea.com\\\/blog\\\/modifican-cronogramas-de-concursos-publicos-para-el-ascenso-de-escala-de-profesores-de-educacion-basica\\\/#respond\"]}],\"copyrightYear\":\"2026\",\"copyrightHolder\":{\"@id\":\"https:\\\/\\\/amautaenlinea.com\\\/blog\\\/#organization\"}},{\"@type\":\"WebPage\",\"@id\":\"https:\\\/\\\/amautaenlinea.com\\\/blog\\\/modifican-cronogramas-de-concursos-publicos-para-el-ascenso-de-escala-de-profesores-de-educacion-basica\\\/\",\"url\":\"https:\\\/\\\/amautaenlinea.com\\\/blog\\\/modifican-cronogramas-de-concursos-publicos-para-el-ascenso-de-escala-de-profesores-de-educacion-basica\\\/\",\"name\":\"\u25b7 Modifican Cronogramas de Concursos P\u00fablicos para el Ascenso de Escala de profesores de Educaci\u00f3n B\u00e1sica \u2705\",\"isPartOf\":{\"@id\":\"https:\\\/\\\/amautaenlinea.com\\\/blog\\\/#website\"},\"primaryImageOfPage\":{\"@id\":\"https:\\\/\\\/amautaenlinea.com\\\/blog\\\/modifican-cronogramas-de-concursos-publicos-para-el-ascenso-de-escala-de-profesores-de-educacion-basica\\\/#primaryimage\"},\"image\":{\"@id\":\"https:\\\/\\\/amautaenlinea.com\\\/blog\\\/modifican-cronogramas-de-concursos-publicos-para-el-ascenso-de-escala-de-profesores-de-educacion-basica\\\/#primaryimage\"},\"thumbnailUrl\":\"https:\\\/\\\/amautaenlinea.com\\\/blog\\\/wp-content\\\/uploads\\\/2026\\\/09\\\/Modifican-Cronogramas-de-Concursos-Publicos-para-el-Ascenso-de-Escala-de-profesores-de-Educacion-Basica.png\",\"datePublished\":\"2026-09-05T13:24:43+00:00\",\"description\":\"\u27a8 Modifican Cronogramas de Concursos P\u00fablicos para el Ascenso de Escala de profesores de Educaci\u00f3n B\u00e1sica\",\"breadcrumb\":{\"@id\":\"https:\\\/\\\/amautaenlinea.com\\\/blog\\\/modifican-cronogramas-de-concursos-publicos-para-el-ascenso-de-escala-de-profesores-de-educacion-basica\\\/#breadcrumb\"},\"inLanguage\":\"es\",\"potentialAction\":[{\"@type\":\"ReadAction\",\"target\":[\"https:\\\/\\\/amautaenlinea.com\\\/blog\\\/modifican-cronogramas-de-concursos-publicos-para-el-ascenso-de-escala-de-profesores-de-educacion-basica\\\/\"]}]},{\"@type\":\"ImageObject\",\"inLanguage\":\"es\",\"@id\":\"https:\\\/\\\/amautaenlinea.com\\\/blog\\\/modifican-cronogramas-de-concursos-publicos-para-el-ascenso-de-escala-de-profesores-de-educacion-basica\\\/#primaryimage\",\"url\":\"https:\\\/\\\/amautaenlinea.com\\\/blog\\\/wp-content\\\/uploads\\\/2026\\\/09\\\/Modifican-Cronogramas-de-Concursos-Publicos-para-el-Ascenso-de-Escala-de-profesores-de-Educacion-Basica.png\",\"contentUrl\":\"https:\\\/\\\/amautaenlinea.com\\\/blog\\\/wp-content\\\/uploads\\\/2026\\\/09\\\/Modifican-Cronogramas-de-Concursos-Publicos-para-el-Ascenso-de-Escala-de-profesores-de-Educacion-Basica.png\",\"width\":1280,\"height\":720},{\"@type\":\"BreadcrumbList\",\"@id\":\"https:\\\/\\\/amautaenlinea.com\\\/blog\\\/modifican-cronogramas-de-concursos-publicos-para-el-ascenso-de-escala-de-profesores-de-educacion-basica\\\/#breadcrumb\",\"itemListElement\":[{\"@type\":\"ListItem\",\"position\":1,\"name\":\"Portada\",\"item\":\"https:\\\/\\\/amautaenlinea.com\\\/blog\\\/\"},{\"@type\":\"ListItem\",\"position\":2,\"name\":\"Modifican Cronogramas de Concursos P\u00fablicos para el Ascenso de Escala de profesores de Educaci\u00f3n B\u00e1sica\"}]},{\"@type\":\"WebSite\",\"@id\":\"https:\\\/\\\/amautaenlinea.com\\\/blog\\\/#website\",\"url\":\"https:\\\/\\\/amautaenlinea.com\\\/blog\\\/\",\"name\":\"Grupo AMAUTA\",\"description\":\"\",\"publisher\":{\"@id\":\"https:\\\/\\\/amautaenlinea.com\\\/blog\\\/#organization\"},\"potentialAction\":[{\"@type\":\"SearchAction\",\"target\":{\"@type\":\"EntryPoint\",\"urlTemplate\":\"https:\\\/\\\/amautaenlinea.com\\\/blog\\\/?s={search_term_string}\"},\"query-input\":{\"@type\":\"PropertyValueSpecification\",\"valueRequired\":true,\"valueName\":\"search_term_string\"}}],\"inLanguage\":\"es\"},{\"@type\":\"Organization\",\"@id\":\"https:\\\/\\\/amautaenlinea.com\\\/blog\\\/#organization\",\"name\":\"Grupo AMAUTA E-BUSINESS\",\"url\":\"https:\\\/\\\/amautaenlinea.com\\\/blog\\\/\",\"logo\":{\"@type\":\"ImageObject\",\"inLanguage\":\"es\",\"@id\":\"https:\\\/\\\/amautaenlinea.com\\\/blog\\\/#\\\/schema\\\/logo\\\/image\\\/\",\"url\":\"https:\\\/\\\/amautaenlinea.com\\\/blog\\\/wp-content\\\/uploads\\\/2023\\\/09\\\/logo-amauta.png\",\"contentUrl\":\"https:\\\/\\\/amautaenlinea.com\\\/blog\\\/wp-content\\\/uploads\\\/2023\\\/09\\\/logo-amauta.png\",\"width\":1124,\"height\":368,\"caption\":\"Grupo AMAUTA E-BUSINESS\"},\"image\":{\"@id\":\"https:\\\/\\\/amautaenlinea.com\\\/blog\\\/#\\\/schema\\\/logo\\\/image\\\/\"},\"sameAs\":[\"https:\\\/\\\/www.facebook.com\\\/amautaperu.org\\\/\"]},{\"@type\":\"Person\",\"@id\":\"https:\\\/\\\/amautaenlinea.com\\\/blog\\\/#\\\/schema\\\/person\\\/d8d4b5d672e9edb72a6f23fd40dd31d5\",\"name\":\"Grupo AMAUTA EBUSINESS\",\"image\":{\"@type\":\"ImageObject\",\"inLanguage\":\"es\",\"@id\":\"https:\\\/\\\/secure.gravatar.com\\\/avatar\\\/97706b54c222a710310e2db50e02e68de0a4c8bb76654bcc4053b08241c6bd6c?s=96&d=mm&r=g\",\"url\":\"https:\\\/\\\/secure.gravatar.com\\\/avatar\\\/97706b54c222a710310e2db50e02e68de0a4c8bb76654bcc4053b08241c6bd6c?s=96&d=mm&r=g\",\"contentUrl\":\"https:\\\/\\\/secure.gravatar.com\\\/avatar\\\/97706b54c222a710310e2db50e02e68de0a4c8bb76654bcc4053b08241c6bd6c?s=96&d=mm&r=g\",\"caption\":\"Grupo AMAUTA EBUSINESS\"}}]}<\/script>\n<!-- \/ Yoast SEO Premium plugin. -->","yoast_head_json":{"title":"\u25b7 Modifican Cronogramas de Concursos P\u00fablicos para el Ascenso de Escala de profesores de Educaci\u00f3n B\u00e1sica \u2705","description":"\u27a8 Modifican Cronogramas de Concursos P\u00fablicos para el Ascenso de Escala de profesores de Educaci\u00f3n B\u00e1sica","robots":{"index":"index","follow":"follow","max-snippet":"max-snippet:-1","max-image-preview":"max-image-preview:large","max-video-preview":"max-video-preview:-1"},"canonical":"https:\/\/amautaenlinea.com\/blog\/modifican-cronogramas-de-concursos-publicos-para-el-ascenso-de-escala-de-profesores-de-educacion-basica\/","og_locale":"es_ES","og_type":"article","og_title":"Modifican Cronogramas de Concursos P\u00fablicos para el Ascenso de Escala de profesores de Educaci\u00f3n B\u00e1sica","og_description":"\u27a8 Modifican Cronogramas de Concursos P\u00fablicos para el Ascenso de Escala de profesores de Educaci\u00f3n B\u00e1sica","og_url":"https:\/\/amautaenlinea.com\/blog\/modifican-cronogramas-de-concursos-publicos-para-el-ascenso-de-escala-de-profesores-de-educacion-basica\/","og_site_name":"Grupo AMAUTA","article_publisher":"https:\/\/www.facebook.com\/amautaperu.org\/","article_published_time":"2026-09-05T13:24:43+00:00","og_image":[{"width":1280,"height":720,"url":"https:\/\/amautaenlinea.com\/blog\/wp-content\/uploads\/2026\/09\/Modifican-Cronogramas-de-Concursos-Publicos-para-el-Ascenso-de-Escala-de-profesores-de-Educacion-Basica.png","type":"image\/png"}],"author":"Grupo AMAUTA EBUSINESS","twitter_card":"summary_large_image","schema":{"@context":"https:\/\/schema.org","@graph":[{"@type":"Article","@id":"https:\/\/amautaenlinea.com\/blog\/modifican-cronogramas-de-concursos-publicos-para-el-ascenso-de-escala-de-profesores-de-educacion-basica\/#article","isPartOf":{"@id":"https:\/\/amautaenlinea.com\/blog\/modifican-cronogramas-de-concursos-publicos-para-el-ascenso-de-escala-de-profesores-de-educacion-basica\/"},"author":{"name":"Grupo AMAUTA EBUSINESS","@id":"https:\/\/amautaenlinea.com\/blog\/#\/schema\/person\/d8d4b5d672e9edb72a6f23fd40dd31d5"},"headline":"Modifican Cronogramas de Concursos P\u00fablicos para el Ascenso de Escala de profesores de Educaci\u00f3n B\u00e1sica","datePublished":"2026-09-05T13:24:43+00:00","mainEntityOfPage":{"@id":"https:\/\/amautaenlinea.com\/blog\/modifican-cronogramas-de-concursos-publicos-para-el-ascenso-de-escala-de-profesores-de-educacion-basica\/"},"wordCount":1622,"commentCount":0,"publisher":{"@id":"https:\/\/amautaenlinea.com\/blog\/#organization"},"image":{"@id":"https:\/\/amautaenlinea.com\/blog\/modifican-cronogramas-de-concursos-publicos-para-el-ascenso-de-escala-de-profesores-de-educacion-basica\/#primaryimage"},"thumbnailUrl":"https:\/\/amautaenlinea.com\/blog\/wp-content\/uploads\/2026\/09\/Modifican-Cronogramas-de-Concursos-Publicos-para-el-Ascenso-de-Escala-de-profesores-de-Educacion-Basica.png","keywords":["Modifican Cronogramas de Concursos P\u00fablicos para el Ascenso de Escala de profesores de Educaci\u00f3n B\u00e1sica"],"articleSection":["Educaci\u00f3n"],"inLanguage":"es","potentialAction":[{"@type":"CommentAction","name":"Comment","target":["https:\/\/amautaenlinea.com\/blog\/modifican-cronogramas-de-concursos-publicos-para-el-ascenso-de-escala-de-profesores-de-educacion-basica\/#respond"]}],"copyrightYear":"2026","copyrightHolder":{"@id":"https:\/\/amautaenlinea.com\/blog\/#organization"}},{"@type":"WebPage","@id":"https:\/\/amautaenlinea.com\/blog\/modifican-cronogramas-de-concursos-publicos-para-el-ascenso-de-escala-de-profesores-de-educacion-basica\/","url":"https:\/\/amautaenlinea.com\/blog\/modifican-cronogramas-de-concursos-publicos-para-el-ascenso-de-escala-de-profesores-de-educacion-basica\/","name":"\u25b7 Modifican Cronogramas de Concursos P\u00fablicos para el Ascenso de Escala de profesores de Educaci\u00f3n B\u00e1sica \u2705","isPartOf":{"@id":"https:\/\/amautaenlinea.com\/blog\/#website"},"primaryImageOfPage":{"@id":"https:\/\/amautaenlinea.com\/blog\/modifican-cronogramas-de-concursos-publicos-para-el-ascenso-de-escala-de-profesores-de-educacion-basica\/#primaryimage"},"image":{"@id":"https:\/\/amautaenlinea.com\/blog\/modifican-cronogramas-de-concursos-publicos-para-el-ascenso-de-escala-de-profesores-de-educacion-basica\/#primaryimage"},"thumbnailUrl":"https:\/\/amautaenlinea.com\/blog\/wp-content\/uploads\/2026\/09\/Modifican-Cronogramas-de-Concursos-Publicos-para-el-Ascenso-de-Escala-de-profesores-de-Educacion-Basica.png","datePublished":"2026-09-05T13:24:43+00:00","description":"\u27a8 Modifican Cronogramas de Concursos P\u00fablicos para el Ascenso de Escala de profesores de Educaci\u00f3n B\u00e1sica","breadcrumb":{"@id":"https:\/\/amautaenlinea.com\/blog\/modifican-cronogramas-de-concursos-publicos-para-el-ascenso-de-escala-de-profesores-de-educacion-basica\/#breadcrumb"},"inLanguage":"es","potentialAction":[{"@type":"ReadAction","target":["https:\/\/amautaenlinea.com\/blog\/modifican-cronogramas-de-concursos-publicos-para-el-ascenso-de-escala-de-profesores-de-educacion-basica\/"]}]},{"@type":"ImageObject","inLanguage":"es","@id":"https:\/\/amautaenlinea.com\/blog\/modifican-cronogramas-de-concursos-publicos-para-el-ascenso-de-escala-de-profesores-de-educacion-basica\/#primaryimage","url":"https:\/\/amautaenlinea.com\/blog\/wp-content\/uploads\/2026\/09\/Modifican-Cronogramas-de-Concursos-Publicos-para-el-Ascenso-de-Escala-de-profesores-de-Educacion-Basica.png","contentUrl":"https:\/\/amautaenlinea.com\/blog\/wp-content\/uploads\/2026\/09\/Modifican-Cronogramas-de-Concursos-Publicos-para-el-Ascenso-de-Escala-de-profesores-de-Educacion-Basica.png","width":1280,"height":720},{"@type":"BreadcrumbList","@id":"https:\/\/amautaenlinea.com\/blog\/modifican-cronogramas-de-concursos-publicos-para-el-ascenso-de-escala-de-profesores-de-educacion-basica\/#breadcrumb","itemListElement":[{"@type":"ListItem","position":1,"name":"Portada","item":"https:\/\/amautaenlinea.com\/blog\/"},{"@type":"ListItem","position":2,"name":"Modifican Cronogramas de Concursos P\u00fablicos para el Ascenso de Escala de profesores de Educaci\u00f3n B\u00e1sica"}]},{"@type":"WebSite","@id":"https:\/\/amautaenlinea.com\/blog\/#website","url":"https:\/\/amautaenlinea.com\/blog\/","name":"Grupo AMAUTA","description":"","publisher":{"@id":"https:\/\/amautaenlinea.com\/blog\/#organization"},"potentialAction":[{"@type":"SearchAction","target":{"@type":"EntryPoint","urlTemplate":"https:\/\/amautaenlinea.com\/blog\/?s={search_term_string}"},"query-input":{"@type":"PropertyValueSpecification","valueRequired":true,"valueName":"search_term_string"}}],"inLanguage":"es"},{"@type":"Organization","@id":"https:\/\/amautaenlinea.com\/blog\/#organization","name":"Grupo AMAUTA E-BUSINESS","url":"https:\/\/amautaenlinea.com\/blog\/","logo":{"@type":"ImageObject","inLanguage":"es","@id":"https:\/\/amautaenlinea.com\/blog\/#\/schema\/logo\/image\/","url":"https:\/\/amautaenlinea.com\/blog\/wp-content\/uploads\/2023\/09\/logo-amauta.png","contentUrl":"https:\/\/amautaenlinea.com\/blog\/wp-content\/uploads\/2023\/09\/logo-amauta.png","width":1124,"height":368,"caption":"Grupo AMAUTA E-BUSINESS"},"image":{"@id":"https:\/\/amautaenlinea.com\/blog\/#\/schema\/logo\/image\/"},"sameAs":["https:\/\/www.facebook.com\/amautaperu.org\/"]},{"@type":"Person","@id":"https:\/\/amautaenlinea.com\/blog\/#\/schema\/person\/d8d4b5d672e9edb72a6f23fd40dd31d5","name":"Grupo AMAUTA EBUSINESS","image":{"@type":"ImageObject","inLanguage":"es","@id":"https:\/\/secure.gravatar.com\/avatar\/97706b54c222a710310e2db50e02e68de0a4c8bb76654bcc4053b08241c6bd6c?s=96&d=mm&r=g","url":"https:\/\/secure.gravatar.com\/avatar\/97706b54c222a710310e2db50e02e68de0a4c8bb76654bcc4053b08241c6bd6c?s=96&d=mm&r=g","contentUrl":"https:\/\/secure.gravatar.com\/avatar\/97706b54c222a710310e2db50e02e68de0a4c8bb76654bcc4053b08241c6bd6c?s=96&d=mm&r=g","caption":"Grupo AMAUTA EBUSINESS"}}]}},"_links":{"self":[{"href":"https:\/\/amautaenlinea.com\/blog\/wp-json\/wp\/v2\/posts\/19806","targetHints":{"allow":["GET"]}}],"collection":[{"href":"https:\/\/amautaenlinea.com\/blog\/wp-json\/wp\/v2\/posts"}],"about":[{"href":"https:\/\/amautaenlinea.com\/blog\/wp-json\/wp\/v2\/types\/post"}],"author":[{"embeddable":true,"href":"https:\/\/amautaenlinea.com\/blog\/wp-json\/wp\/v2\/users\/1"}],"replies":[{"embeddable":true,"href":"https:\/\/amautaenlinea.com\/blog\/wp-json\/wp\/v2\/comments?post=19806"}],"version-history":[{"count":1,"href":"https:\/\/amautaenlinea.com\/blog\/wp-json\/wp\/v2\/posts\/19806\/revisions"}],"predecessor-version":[{"id":19808,"href":"https:\/\/amautaenlinea.com\/blog\/wp-json\/wp\/v2\/posts\/19806\/revisions\/19808"}],"wp:featuredmedia":[{"embeddable":true,"href":"https:\/\/amautaenlinea.com\/blog\/wp-json\/wp\/v2\/media\/19807"}],"wp:attachment":[{"href":"https:\/\/amautaenlinea.com\/blog\/wp-json\/wp\/v2\/media?parent=19806"}],"wp:term":[{"taxonomy":"category","embeddable":true,"href":"https:\/\/amautaenlinea.com\/blog\/wp-json\/wp\/v2\/categories?post=19806"},{"taxonomy":"post_tag","embeddable":true,"href":"https:\/\/amautaenlinea.com\/blog\/wp-json\/wp\/v2\/tags?post=19806"}],"curies":[{"name":"wp","href":"https:\/\/api.w.org\/{rel}","templated":true}]}}