{"id":19802,"date":"2026-09-04T18:14:40","date_gmt":"2026-09-04T23:14:40","guid":{"rendered":"https:\/\/amautaenlinea.com\/blog\/?p=19802"},"modified":"2026-09-04T18:15:14","modified_gmt":"2026-09-04T23:15:14","slug":"minedu-no-habra-aumento-de-pensiones-pero-si-evaluacion-censal-para-docentes-a-nivel-nacional","status":"publish","type":"post","link":"https:\/\/amautaenlinea.com\/blog\/minedu-no-habra-aumento-de-pensiones-pero-si-evaluacion-censal-para-docentes-a-nivel-nacional\/","title":{"rendered":"Minedu: No habr\u00e1 aumento de pensiones pero SI evaluaci\u00f3n censal para docentes a nivel nacional"},"content":{"rendered":"<h2 class=\"sht__summary sht__summary--gestionv2 sht--w-list \">El ministro de Educaci\u00f3n tambi\u00e9n dijo que se retomar\u00e1 el proceso de la evaluaci\u00f3n censal para ver c\u00f3mo se desempe\u00f1an los docentes en las aulas y qu\u00e9 logros de aprendizaje obtienen sus alumnos.<\/h2>\n<p>El ministro de Educaci\u00f3n, Jos\u00e9 Antonio Chang, indic\u00f3 que se realizar\u00e1 el proceso de evaluaci\u00f3n censal de los docentes, como parte de una estrategia para conocer de el desempe\u00f1o y los resultados que alcanzan los estudiantes.<\/p>\n<p class=\"story-contents__font-paragraph \" data-mrf-recirculation=\"Enlaces P\u00e1rrafos\">En entrevista a Exitosa, el titular del Minedu dijo que los maestros deber\u00e1n asumir la evaluaci\u00f3n y capacitaci\u00f3n permanente como parte de su desarrollo profesional. La medida busca establecer con mayor claridad <strong>qu\u00e9 est\u00e1n logrando los profesores en las aulas y cu\u00e1nto avanzan sus alumnos<\/strong>. \u201cEste es un proceso paulatino y progresivo\u201d.<\/p>\n<p class=\"story-contents__font-paragraph \" data-mrf-recirculation=\"Enlaces P\u00e1rrafos\">Record\u00f3 que durante su anterior gesti\u00f3n ministerial se realiz\u00f3 una evaluaci\u00f3n, se estableci\u00f3 una l\u00ednea de base y se capacit\u00f3 a los docentes. Seg\u00fan explic\u00f3, el objetivo ahora ser\u00e1 recuperar ese mecanismo, pero incorporando nuevas herramientas <strong>para observar directamente el trabajo de los profesores.<\/strong><\/p>\n<h2 class=\"story-contents__header\"><b>Escuelas nuevas<\/b><\/h2>\n<p class=\"story-contents__font-paragraph \" data-mrf-recirculation=\"Enlaces P\u00e1rrafos\"><b>En otro momento, el ministro Chang<\/b>, se\u00f1al\u00f3 que el Gobierno utilizar\u00e1 todas las herramientas del Estado para\u00a0<b>avanzar en temas de infraestructura educativa.<\/b><\/p>\n<p class=\"story-contents__font-paragraph \" data-mrf-recirculation=\"Enlaces P\u00e1rrafos\"><i>A<\/i>s\u00ed, detall\u00f3 que el Gobierno de Keiko Fujimori emplear\u00e1 todos los recursos disponibles y que l<b>a meta de su sector es construir 2 mil nuevos colegios<\/b>, aunque precis\u00f3 que su ejecuci\u00f3n estar\u00e1 sujeta a la disponibilidad presupuestal.<\/p>\n<p data-mrf-recirculation=\"Enlaces P\u00e1rrafos\"><i>\u201cHoy en d\u00eda para construir una escuela nueva se necesita hacer un expediente t\u00e9cnico, luego convocar a un proceso. Es decir, si lo quisi\u00e9ramos hacer bajo un r\u00e9gimen regular, tendr\u00edamos que demorarnos entre dos o tres a\u00f1os para la construcci\u00f3n de una escuela. Agr\u00e9gale a esto, un problema mayor, de los 55 mil escuelas, 32 mil no tienen saneado su terreno\u201d,\u00a0<\/i>detall\u00f3<i>.<\/i><\/p>\n<p data-mrf-recirculation=\"Enlaces P\u00e1rrafos\">Asimismo, dio cuenta que el 70% de 55 mil escuelas est\u00e1n deterioradas y un 48% requieren sustituci\u00f3n total.<\/p>\n<p class=\"story-contents__font-paragraph \" data-mrf-recirculation=\"Enlaces P\u00e1rrafos\">Sobre el impacto de El Ni\u00f1o, mencion\u00f3 que har\u00e1n una intervenci\u00f3n en cerca de 13 mil escuelas para ponerles todas las condiciones necesarias para que el ni\u00f1o no las afecte dram\u00e1ticamente.<i>\u00a0\u201cEs decir, techo de calamina, desfogues, para que no se inunden las escuelas\u201d.<\/i><\/p>\n<div class=\"content_gpt_caja5\">\n<div id=\"gpt_caja5\" data-ads-name=\"\/28253241\/gestion\/web\/post\/peru\/caja5\" data-ads-dimensions-m=\"[[300, 100], [320, 50], [300, 50], [320, 100], [300, 250]]\" data-bloque=\"4\" data-prebid-enabled=\"true\">Fuente: GESTI\u00d3N.PE<\/div>\n<div data-ads-name=\"\/28253241\/gestion\/web\/post\/peru\/caja5\" data-ads-dimensions-m=\"[[300, 100], [320, 50], [300, 50], [320, 100], [300, 250]]\" data-bloque=\"4\" data-prebid-enabled=\"true\"><\/div>\n<\/div>\n<p><code><iframe loading=\"lazy\" style=\"border: none; overflow: hidden;\" src=\"https:\/\/www.facebook.com\/plugins\/video.php?height=314&amp;href=https%3A%2F%2Fwww.facebook.com%2Freel%2F1401964465427038%2F&amp;show_text=false&amp;width=560&amp;t=0\" width=\"560\" height=\"314\" frameborder=\"0\" scrolling=\"no\" allowfullscreen=\"allowfullscreen\"><\/iframe><\/code><\/p>\n","protected":false},"excerpt":{"rendered":"<p>El ministro de Educaci\u00f3n tambi\u00e9n dijo que se retomar\u00e1 el proceso de la evaluaci\u00f3n censal para ver c\u00f3mo se desempe\u00f1an los docentes en las<\/p>\n","protected":false},"author":1,"featured_media":19803,"comment_status":"open","ping_status":"open","sticky":false,"template":"","format":"standard","meta":{"footnotes":""},"categories":[4],"tags":[3701],"class_list":["post-19802","post","type-post","status-publish","format-standard","has-post-thumbnail","hentry","category-educacion","tag-no-habra-aumento-de-pensiones-pero-si-evaluacion-censal-para-docentes-a-nivel-nacional"],"yoast_head":"<!-- This site is optimized with the Yoast SEO Premium plugin v27.6.1 (Yoast SEO v28.4) - https:\/\/yoast.com\/product\/yoast-seo-premium-wordpress\/ -->\n<title>\u25b7 Minedu: No habr\u00e1 aumento de pensiones pero SI evaluaci\u00f3n censal para docentes a nivel nacional \u2705<\/title>\n<meta name=\"description\" content=\"\u27a8 No habr\u00e1 aumento de pensiones pero SI evaluaci\u00f3n censal para docentes a nivel nacional\" \/>\n<meta name=\"robots\" content=\"index, follow, max-snippet:-1, max-image-preview:large, max-video-preview:-1\" \/>\n<link rel=\"canonical\" href=\"https:\/\/amautaenlinea.com\/blog\/minedu-no-habra-aumento-de-pensiones-pero-si-evaluacion-censal-para-docentes-a-nivel-nacional\/\" \/>\n<meta property=\"og:locale\" content=\"es_ES\" \/>\n<meta property=\"og:type\" content=\"article\" \/>\n<meta property=\"og:title\" content=\"Minedu: No habr\u00e1 aumento de pensiones pero SI evaluaci\u00f3n censal para docentes a nivel nacional\" \/>\n<meta property=\"og:description\" content=\"\u27a8 No habr\u00e1 aumento de pensiones pero SI evaluaci\u00f3n censal para docentes a nivel nacional\" \/>\n<meta property=\"og:url\" content=\"https:\/\/amautaenlinea.com\/blog\/minedu-no-habra-aumento-de-pensiones-pero-si-evaluacion-censal-para-docentes-a-nivel-nacional\/\" \/>\n<meta property=\"og:site_name\" content=\"Grupo AMAUTA\" \/>\n<meta property=\"article:publisher\" content=\"https:\/\/www.facebook.com\/amautaperu.org\/\" \/>\n<meta property=\"article:published_time\" content=\"2026-09-04T23:14:40+00:00\" \/>\n<meta property=\"article:modified_time\" content=\"2026-09-04T23:15:14+00:00\" \/>\n<meta property=\"og:image\" content=\"https:\/\/amautaenlinea.com\/blog\/wp-content\/uploads\/2026\/09\/No-habra-aumento-de-pensiones-pero-SI-evaluacion-censal-para-docentes-a-nivel-nacional.png\" \/>\n\t<meta property=\"og:image:width\" content=\"1280\" \/>\n\t<meta property=\"og:image:height\" content=\"720\" \/>\n\t<meta property=\"og:image:type\" content=\"image\/png\" \/>\n<meta name=\"author\" content=\"Grupo AMAUTA EBUSINESS\" \/>\n<meta name=\"twitter:card\" content=\"summary_large_image\" \/>\n<script type=\"application\/ld+json\" class=\"yoast-schema-graph\">{\"@context\":\"https:\\\/\\\/schema.org\",\"@graph\":[{\"@type\":\"Article\",\"@id\":\"https:\\\/\\\/amautaenlinea.com\\\/blog\\\/minedu-no-habra-aumento-de-pensiones-pero-si-evaluacion-censal-para-docentes-a-nivel-nacional\\\/#article\",\"isPartOf\":{\"@id\":\"https:\\\/\\\/amautaenlinea.com\\\/blog\\\/minedu-no-habra-aumento-de-pensiones-pero-si-evaluacion-censal-para-docentes-a-nivel-nacional\\\/\"},\"author\":{\"name\":\"Grupo AMAUTA EBUSINESS\",\"@id\":\"https:\\\/\\\/amautaenlinea.com\\\/blog\\\/#\\\/schema\\\/person\\\/d8d4b5d672e9edb72a6f23fd40dd31d5\"},\"headline\":\"Minedu: No habr\u00e1 aumento de pensiones pero SI evaluaci\u00f3n censal para docentes a nivel nacional\",\"datePublished\":\"2026-09-04T23:14:40+00:00\",\"dateModified\":\"2026-09-04T23:15:14+00:00\",\"mainEntityOfPage\":{\"@id\":\"https:\\\/\\\/amautaenlinea.com\\\/blog\\\/minedu-no-habra-aumento-de-pensiones-pero-si-evaluacion-censal-para-docentes-a-nivel-nacional\\\/\"},\"wordCount\":398,\"commentCount\":0,\"publisher\":{\"@id\":\"https:\\\/\\\/amautaenlinea.com\\\/blog\\\/#organization\"},\"image\":{\"@id\":\"https:\\\/\\\/amautaenlinea.com\\\/blog\\\/minedu-no-habra-aumento-de-pensiones-pero-si-evaluacion-censal-para-docentes-a-nivel-nacional\\\/#primaryimage\"},\"thumbnailUrl\":\"https:\\\/\\\/amautaenlinea.com\\\/blog\\\/wp-content\\\/uploads\\\/2026\\\/09\\\/No-habra-aumento-de-pensiones-pero-SI-evaluacion-censal-para-docentes-a-nivel-nacional.png\",\"keywords\":[\"No habr\u00e1 aumento de pensiones pero SI evaluaci\u00f3n censal para docentes a nivel nacional\"],\"articleSection\":[\"Educaci\u00f3n\"],\"inLanguage\":\"es\",\"potentialAction\":[{\"@type\":\"CommentAction\",\"name\":\"Comment\",\"target\":[\"https:\\\/\\\/amautaenlinea.com\\\/blog\\\/minedu-no-habra-aumento-de-pensiones-pero-si-evaluacion-censal-para-docentes-a-nivel-nacional\\\/#respond\"]}],\"copyrightYear\":\"2026\",\"copyrightHolder\":{\"@id\":\"https:\\\/\\\/amautaenlinea.com\\\/blog\\\/#organization\"}},{\"@type\":\"WebPage\",\"@id\":\"https:\\\/\\\/amautaenlinea.com\\\/blog\\\/minedu-no-habra-aumento-de-pensiones-pero-si-evaluacion-censal-para-docentes-a-nivel-nacional\\\/\",\"url\":\"https:\\\/\\\/amautaenlinea.com\\\/blog\\\/minedu-no-habra-aumento-de-pensiones-pero-si-evaluacion-censal-para-docentes-a-nivel-nacional\\\/\",\"name\":\"\u25b7 Minedu: No habr\u00e1 aumento de pensiones pero SI evaluaci\u00f3n censal para docentes a nivel nacional \u2705\",\"isPartOf\":{\"@id\":\"https:\\\/\\\/amautaenlinea.com\\\/blog\\\/#website\"},\"primaryImageOfPage\":{\"@id\":\"https:\\\/\\\/amautaenlinea.com\\\/blog\\\/minedu-no-habra-aumento-de-pensiones-pero-si-evaluacion-censal-para-docentes-a-nivel-nacional\\\/#primaryimage\"},\"image\":{\"@id\":\"https:\\\/\\\/amautaenlinea.com\\\/blog\\\/minedu-no-habra-aumento-de-pensiones-pero-si-evaluacion-censal-para-docentes-a-nivel-nacional\\\/#primaryimage\"},\"thumbnailUrl\":\"https:\\\/\\\/amautaenlinea.com\\\/blog\\\/wp-content\\\/uploads\\\/2026\\\/09\\\/No-habra-aumento-de-pensiones-pero-SI-evaluacion-censal-para-docentes-a-nivel-nacional.png\",\"datePublished\":\"2026-09-04T23:14:40+00:00\",\"dateModified\":\"2026-09-04T23:15:14+00:00\",\"description\":\"\u27a8 No habr\u00e1 aumento de pensiones pero SI evaluaci\u00f3n censal para docentes a nivel nacional\",\"breadcrumb\":{\"@id\":\"https:\\\/\\\/amautaenlinea.com\\\/blog\\\/minedu-no-habra-aumento-de-pensiones-pero-si-evaluacion-censal-para-docentes-a-nivel-nacional\\\/#breadcrumb\"},\"inLanguage\":\"es\",\"potentialAction\":[{\"@type\":\"ReadAction\",\"target\":[\"https:\\\/\\\/amautaenlinea.com\\\/blog\\\/minedu-no-habra-aumento-de-pensiones-pero-si-evaluacion-censal-para-docentes-a-nivel-nacional\\\/\"]}]},{\"@type\":\"ImageObject\",\"inLanguage\":\"es\",\"@id\":\"https:\\\/\\\/amautaenlinea.com\\\/blog\\\/minedu-no-habra-aumento-de-pensiones-pero-si-evaluacion-censal-para-docentes-a-nivel-nacional\\\/#primaryimage\",\"url\":\"https:\\\/\\\/amautaenlinea.com\\\/blog\\\/wp-content\\\/uploads\\\/2026\\\/09\\\/No-habra-aumento-de-pensiones-pero-SI-evaluacion-censal-para-docentes-a-nivel-nacional.png\",\"contentUrl\":\"https:\\\/\\\/amautaenlinea.com\\\/blog\\\/wp-content\\\/uploads\\\/2026\\\/09\\\/No-habra-aumento-de-pensiones-pero-SI-evaluacion-censal-para-docentes-a-nivel-nacional.png\",\"width\":1280,\"height\":720},{\"@type\":\"BreadcrumbList\",\"@id\":\"https:\\\/\\\/amautaenlinea.com\\\/blog\\\/minedu-no-habra-aumento-de-pensiones-pero-si-evaluacion-censal-para-docentes-a-nivel-nacional\\\/#breadcrumb\",\"itemListElement\":[{\"@type\":\"ListItem\",\"position\":1,\"name\":\"Portada\",\"item\":\"https:\\\/\\\/amautaenlinea.com\\\/blog\\\/\"},{\"@type\":\"ListItem\",\"position\":2,\"name\":\"Minedu: No habr\u00e1 aumento de pensiones pero SI evaluaci\u00f3n censal para docentes a nivel nacional\"}]},{\"@type\":\"WebSite\",\"@id\":\"https:\\\/\\\/amautaenlinea.com\\\/blog\\\/#website\",\"url\":\"https:\\\/\\\/amautaenlinea.com\\\/blog\\\/\",\"name\":\"Grupo AMAUTA\",\"description\":\"\",\"publisher\":{\"@id\":\"https:\\\/\\\/amautaenlinea.com\\\/blog\\\/#organization\"},\"potentialAction\":[{\"@type\":\"SearchAction\",\"target\":{\"@type\":\"EntryPoint\",\"urlTemplate\":\"https:\\\/\\\/amautaenlinea.com\\\/blog\\\/?s={search_term_string}\"},\"query-input\":{\"@type\":\"PropertyValueSpecification\",\"valueRequired\":true,\"valueName\":\"search_term_string\"}}],\"inLanguage\":\"es\"},{\"@type\":\"Organization\",\"@id\":\"https:\\\/\\\/amautaenlinea.com\\\/blog\\\/#organization\",\"name\":\"Grupo AMAUTA E-BUSINESS\",\"url\":\"https:\\\/\\\/amautaenlinea.com\\\/blog\\\/\",\"logo\":{\"@type\":\"ImageObject\",\"inLanguage\":\"es\",\"@id\":\"https:\\\/\\\/amautaenlinea.com\\\/blog\\\/#\\\/schema\\\/logo\\\/image\\\/\",\"url\":\"https:\\\/\\\/amautaenlinea.com\\\/blog\\\/wp-content\\\/uploads\\\/2023\\\/09\\\/logo-amauta.png\",\"contentUrl\":\"https:\\\/\\\/amautaenlinea.com\\\/blog\\\/wp-content\\\/uploads\\\/2023\\\/09\\\/logo-amauta.png\",\"width\":1124,\"height\":368,\"caption\":\"Grupo AMAUTA E-BUSINESS\"},\"image\":{\"@id\":\"https:\\\/\\\/amautaenlinea.com\\\/blog\\\/#\\\/schema\\\/logo\\\/image\\\/\"},\"sameAs\":[\"https:\\\/\\\/www.facebook.com\\\/amautaperu.org\\\/\"]},{\"@type\":\"Person\",\"@id\":\"https:\\\/\\\/amautaenlinea.com\\\/blog\\\/#\\\/schema\\\/person\\\/d8d4b5d672e9edb72a6f23fd40dd31d5\",\"name\":\"Grupo AMAUTA EBUSINESS\",\"image\":{\"@type\":\"ImageObject\",\"inLanguage\":\"es\",\"@id\":\"https:\\\/\\\/secure.gravatar.com\\\/avatar\\\/97706b54c222a710310e2db50e02e68de0a4c8bb76654bcc4053b08241c6bd6c?s=96&d=mm&r=g\",\"url\":\"https:\\\/\\\/secure.gravatar.com\\\/avatar\\\/97706b54c222a710310e2db50e02e68de0a4c8bb76654bcc4053b08241c6bd6c?s=96&d=mm&r=g\",\"contentUrl\":\"https:\\\/\\\/secure.gravatar.com\\\/avatar\\\/97706b54c222a710310e2db50e02e68de0a4c8bb76654bcc4053b08241c6bd6c?s=96&d=mm&r=g\",\"caption\":\"Grupo AMAUTA EBUSINESS\"}}]}<\/script>\n<!-- \/ Yoast SEO Premium plugin. -->","yoast_head_json":{"title":"\u25b7 Minedu: No habr\u00e1 aumento de pensiones pero SI evaluaci\u00f3n censal para docentes a nivel nacional \u2705","description":"\u27a8 No habr\u00e1 aumento de pensiones pero SI evaluaci\u00f3n censal para docentes a nivel nacional","robots":{"index":"index","follow":"follow","max-snippet":"max-snippet:-1","max-image-preview":"max-image-preview:large","max-video-preview":"max-video-preview:-1"},"canonical":"https:\/\/amautaenlinea.com\/blog\/minedu-no-habra-aumento-de-pensiones-pero-si-evaluacion-censal-para-docentes-a-nivel-nacional\/","og_locale":"es_ES","og_type":"article","og_title":"Minedu: No habr\u00e1 aumento de pensiones pero SI evaluaci\u00f3n censal para docentes a nivel nacional","og_description":"\u27a8 No habr\u00e1 aumento de pensiones pero SI evaluaci\u00f3n censal para docentes a nivel nacional","og_url":"https:\/\/amautaenlinea.com\/blog\/minedu-no-habra-aumento-de-pensiones-pero-si-evaluacion-censal-para-docentes-a-nivel-nacional\/","og_site_name":"Grupo AMAUTA","article_publisher":"https:\/\/www.facebook.com\/amautaperu.org\/","article_published_time":"2026-09-04T23:14:40+00:00","article_modified_time":"2026-09-04T23:15:14+00:00","og_image":[{"width":1280,"height":720,"url":"https:\/\/amautaenlinea.com\/blog\/wp-content\/uploads\/2026\/09\/No-habra-aumento-de-pensiones-pero-SI-evaluacion-censal-para-docentes-a-nivel-nacional.png","type":"image\/png"}],"author":"Grupo AMAUTA EBUSINESS","twitter_card":"summary_large_image","schema":{"@context":"https:\/\/schema.org","@graph":[{"@type":"Article","@id":"https:\/\/amautaenlinea.com\/blog\/minedu-no-habra-aumento-de-pensiones-pero-si-evaluacion-censal-para-docentes-a-nivel-nacional\/#article","isPartOf":{"@id":"https:\/\/amautaenlinea.com\/blog\/minedu-no-habra-aumento-de-pensiones-pero-si-evaluacion-censal-para-docentes-a-nivel-nacional\/"},"author":{"name":"Grupo AMAUTA EBUSINESS","@id":"https:\/\/amautaenlinea.com\/blog\/#\/schema\/person\/d8d4b5d672e9edb72a6f23fd40dd31d5"},"headline":"Minedu: No habr\u00e1 aumento de pensiones pero SI evaluaci\u00f3n censal para docentes a nivel nacional","datePublished":"2026-09-04T23:14:40+00:00","dateModified":"2026-09-04T23:15:14+00:00","mainEntityOfPage":{"@id":"https:\/\/amautaenlinea.com\/blog\/minedu-no-habra-aumento-de-pensiones-pero-si-evaluacion-censal-para-docentes-a-nivel-nacional\/"},"wordCount":398,"commentCount":0,"publisher":{"@id":"https:\/\/amautaenlinea.com\/blog\/#organization"},"image":{"@id":"https:\/\/amautaenlinea.com\/blog\/minedu-no-habra-aumento-de-pensiones-pero-si-evaluacion-censal-para-docentes-a-nivel-nacional\/#primaryimage"},"thumbnailUrl":"https:\/\/amautaenlinea.com\/blog\/wp-content\/uploads\/2026\/09\/No-habra-aumento-de-pensiones-pero-SI-evaluacion-censal-para-docentes-a-nivel-nacional.png","keywords":["No habr\u00e1 aumento de pensiones pero SI evaluaci\u00f3n censal para docentes a nivel nacional"],"articleSection":["Educaci\u00f3n"],"inLanguage":"es","potentialAction":[{"@type":"CommentAction","name":"Comment","target":["https:\/\/amautaenlinea.com\/blog\/minedu-no-habra-aumento-de-pensiones-pero-si-evaluacion-censal-para-docentes-a-nivel-nacional\/#respond"]}],"copyrightYear":"2026","copyrightHolder":{"@id":"https:\/\/amautaenlinea.com\/blog\/#organization"}},{"@type":"WebPage","@id":"https:\/\/amautaenlinea.com\/blog\/minedu-no-habra-aumento-de-pensiones-pero-si-evaluacion-censal-para-docentes-a-nivel-nacional\/","url":"https:\/\/amautaenlinea.com\/blog\/minedu-no-habra-aumento-de-pensiones-pero-si-evaluacion-censal-para-docentes-a-nivel-nacional\/","name":"\u25b7 Minedu: No habr\u00e1 aumento de pensiones pero SI evaluaci\u00f3n censal para docentes a nivel nacional \u2705","isPartOf":{"@id":"https:\/\/amautaenlinea.com\/blog\/#website"},"primaryImageOfPage":{"@id":"https:\/\/amautaenlinea.com\/blog\/minedu-no-habra-aumento-de-pensiones-pero-si-evaluacion-censal-para-docentes-a-nivel-nacional\/#primaryimage"},"image":{"@id":"https:\/\/amautaenlinea.com\/blog\/minedu-no-habra-aumento-de-pensiones-pero-si-evaluacion-censal-para-docentes-a-nivel-nacional\/#primaryimage"},"thumbnailUrl":"https:\/\/amautaenlinea.com\/blog\/wp-content\/uploads\/2026\/09\/No-habra-aumento-de-pensiones-pero-SI-evaluacion-censal-para-docentes-a-nivel-nacional.png","datePublished":"2026-09-04T23:14:40+00:00","dateModified":"2026-09-04T23:15:14+00:00","description":"\u27a8 No habr\u00e1 aumento de pensiones pero SI evaluaci\u00f3n censal para docentes a nivel nacional","breadcrumb":{"@id":"https:\/\/amautaenlinea.com\/blog\/minedu-no-habra-aumento-de-pensiones-pero-si-evaluacion-censal-para-docentes-a-nivel-nacional\/#breadcrumb"},"inLanguage":"es","potentialAction":[{"@type":"ReadAction","target":["https:\/\/amautaenlinea.com\/blog\/minedu-no-habra-aumento-de-pensiones-pero-si-evaluacion-censal-para-docentes-a-nivel-nacional\/"]}]},{"@type":"ImageObject","inLanguage":"es","@id":"https:\/\/amautaenlinea.com\/blog\/minedu-no-habra-aumento-de-pensiones-pero-si-evaluacion-censal-para-docentes-a-nivel-nacional\/#primaryimage","url":"https:\/\/amautaenlinea.com\/blog\/wp-content\/uploads\/2026\/09\/No-habra-aumento-de-pensiones-pero-SI-evaluacion-censal-para-docentes-a-nivel-nacional.png","contentUrl":"https:\/\/amautaenlinea.com\/blog\/wp-content\/uploads\/2026\/09\/No-habra-aumento-de-pensiones-pero-SI-evaluacion-censal-para-docentes-a-nivel-nacional.png","width":1280,"height":720},{"@type":"BreadcrumbList","@id":"https:\/\/amautaenlinea.com\/blog\/minedu-no-habra-aumento-de-pensiones-pero-si-evaluacion-censal-para-docentes-a-nivel-nacional\/#breadcrumb","itemListElement":[{"@type":"ListItem","position":1,"name":"Portada","item":"https:\/\/amautaenlinea.com\/blog\/"},{"@type":"ListItem","position":2,"name":"Minedu: No habr\u00e1 aumento de pensiones pero SI evaluaci\u00f3n censal para docentes a nivel nacional"}]},{"@type":"WebSite","@id":"https:\/\/amautaenlinea.com\/blog\/#website","url":"https:\/\/amautaenlinea.com\/blog\/","name":"Grupo AMAUTA","description":"","publisher":{"@id":"https:\/\/amautaenlinea.com\/blog\/#organization"},"potentialAction":[{"@type":"SearchAction","target":{"@type":"EntryPoint","urlTemplate":"https:\/\/amautaenlinea.com\/blog\/?s={search_term_string}"},"query-input":{"@type":"PropertyValueSpecification","valueRequired":true,"valueName":"search_term_string"}}],"inLanguage":"es"},{"@type":"Organization","@id":"https:\/\/amautaenlinea.com\/blog\/#organization","name":"Grupo AMAUTA E-BUSINESS","url":"https:\/\/amautaenlinea.com\/blog\/","logo":{"@type":"ImageObject","inLanguage":"es","@id":"https:\/\/amautaenlinea.com\/blog\/#\/schema\/logo\/image\/","url":"https:\/\/amautaenlinea.com\/blog\/wp-content\/uploads\/2023\/09\/logo-amauta.png","contentUrl":"https:\/\/amautaenlinea.com\/blog\/wp-content\/uploads\/2023\/09\/logo-amauta.png","width":1124,"height":368,"caption":"Grupo AMAUTA E-BUSINESS"},"image":{"@id":"https:\/\/amautaenlinea.com\/blog\/#\/schema\/logo\/image\/"},"sameAs":["https:\/\/www.facebook.com\/amautaperu.org\/"]},{"@type":"Person","@id":"https:\/\/amautaenlinea.com\/blog\/#\/schema\/person\/d8d4b5d672e9edb72a6f23fd40dd31d5","name":"Grupo AMAUTA EBUSINESS","image":{"@type":"ImageObject","inLanguage":"es","@id":"https:\/\/secure.gravatar.com\/avatar\/97706b54c222a710310e2db50e02e68de0a4c8bb76654bcc4053b08241c6bd6c?s=96&d=mm&r=g","url":"https:\/\/secure.gravatar.com\/avatar\/97706b54c222a710310e2db50e02e68de0a4c8bb76654bcc4053b08241c6bd6c?s=96&d=mm&r=g","contentUrl":"https:\/\/secure.gravatar.com\/avatar\/97706b54c222a710310e2db50e02e68de0a4c8bb76654bcc4053b08241c6bd6c?s=96&d=mm&r=g","caption":"Grupo AMAUTA EBUSINESS"}}]}},"_links":{"self":[{"href":"https:\/\/amautaenlinea.com\/blog\/wp-json\/wp\/v2\/posts\/19802","targetHints":{"allow":["GET"]}}],"collection":[{"href":"https:\/\/amautaenlinea.com\/blog\/wp-json\/wp\/v2\/posts"}],"about":[{"href":"https:\/\/amautaenlinea.com\/blog\/wp-json\/wp\/v2\/types\/post"}],"author":[{"embeddable":true,"href":"https:\/\/amautaenlinea.com\/blog\/wp-json\/wp\/v2\/users\/1"}],"replies":[{"embeddable":true,"href":"https:\/\/amautaenlinea.com\/blog\/wp-json\/wp\/v2\/comments?post=19802"}],"version-history":[{"count":2,"href":"https:\/\/amautaenlinea.com\/blog\/wp-json\/wp\/v2\/posts\/19802\/revisions"}],"predecessor-version":[{"id":19805,"href":"https:\/\/amautaenlinea.com\/blog\/wp-json\/wp\/v2\/posts\/19802\/revisions\/19805"}],"wp:featuredmedia":[{"embeddable":true,"href":"https:\/\/amautaenlinea.com\/blog\/wp-json\/wp\/v2\/media\/19803"}],"wp:attachment":[{"href":"https:\/\/amautaenlinea.com\/blog\/wp-json\/wp\/v2\/media?parent=19802"}],"wp:term":[{"taxonomy":"category","embeddable":true,"href":"https:\/\/amautaenlinea.com\/blog\/wp-json\/wp\/v2\/categories?post=19802"},{"taxonomy":"post_tag","embeddable":true,"href":"https:\/\/amautaenlinea.com\/blog\/wp-json\/wp\/v2\/tags?post=19802"}],"curies":[{"name":"wp","href":"https:\/\/api.w.org\/{rel}","templated":true}]}}