{"id":19798,"date":"2026-09-04T06:15:32","date_gmt":"2026-09-04T11:15:32","guid":{"rendered":"https:\/\/amautaenlinea.com\/blog\/?p=19798"},"modified":"2026-09-04T06:15:32","modified_gmt":"2026-09-04T11:15:32","slug":"dejan-sin-efecto-la-rm-que-creo-la-comision-sectorial-para-el-proceso-de-actualizacion-curricular","status":"publish","type":"post","link":"https:\/\/amautaenlinea.com\/blog\/dejan-sin-efecto-la-rm-que-creo-la-comision-sectorial-para-el-proceso-de-actualizacion-curricular\/","title":{"rendered":"Dejan sin efecto la RM que cre\u00f3 la Comisi\u00f3n Sectorial para el proceso de actualizaci\u00f3n curricular"},"content":{"rendered":"<h1 class=\"sumilla\">Dejan sin efecto la Resoluci\u00f3n Ministerial N\u00b0 393-2026-MINEDU, que cre\u00f3 la Comisi\u00f3n Sectorial para el proceso de actualizaci\u00f3n curricular<\/h1>\n<h2 class=\"resoluci-n\">Resoluci\u00f3n Ministerial N\u00b0 518-2026-MINEDU<\/h2>\n<p class=\"cuerpo\">Lima, 2 de setiembre de 2026<\/p>\n<p class=\"cuerpo\">VISTO: los documentos que conforman el Expediente N\u00b0 DIGEBR2026-INT-0766401, y;<\/p>\n<p class=\"cuerpo\">CONSIDERANDO:<\/p>\n<p class=\"cuerpo\">Que, mediante la Resoluci\u00f3n Ministerial N\u00b0 393-2026-MINEDU, se crea la Comisi\u00f3n Sectorial para el proceso de actualizaci\u00f3n curricular de naturaleza temporal, dependiente del Ministerio de Educaci\u00f3n, a trav\u00e9s del Despacho Viceministerial de Gesti\u00f3n Pedag\u00f3gica; el cual tiene como objeto efectuar el seguimiento de las actividades del proceso de actualizaci\u00f3n curricular y emitir un informe t\u00e9cnico sobre la evaluaci\u00f3n de dicho proceso que sirva de base para la toma de decisiones en esta materia; asimismo, se designa como integrante, entre otros, al presidente del Consejo Nacional de Educaci\u00f3n;<\/p>\n<p class=\"cuerpo\">Que, asimismo, se establece como funciones de la referida Comisi\u00f3n Sectorial: a) Efectuar el seguimiento de las actividades del proceso de actualizaci\u00f3n curricular; b) Supervisar que la actualizaci\u00f3n curricular guarde concordancia con las pol\u00edticas educativas y las necesidades de los territorios, en consenso con los diversos actores educativos locales, regionales y nacionales; c) Elaborar y emitir un informe del estado del proceso de la actualizaci\u00f3n curricular; y, d) Elaborar y emitir el informe final que contempla las recomendaciones para implementar el proceso de actualizaci\u00f3n curricular;<\/p>\n<p class=\"cuerpo\">Que, adicionalmente, con la Resoluci\u00f3n Ministerial N\u00b0 393-2026-MINEDU se crean Grupos de Trabajo Sectoriales para el proceso de actualizaci\u00f3n curricular, los cuales tiene por objeto coadyuvar en la articulaci\u00f3n del proceso de actualizaci\u00f3n curricular; as\u00ed como analizar y sistematizar los acuerdos de las mesas de trabajo regionales encargadas de la evaluaci\u00f3n curricular, dentro de su \u00e1mbito geogr\u00e1fico asignado;<\/p>\n<p class=\"cuerpo cuerpo-override\"><span class=\"no-style-override\">Que, conforme al art\u00edculo 14 del Reglamento de Organizaci\u00f3n y Funciones del Ministerio de Educaci\u00f3n, aprobado por el Decreto Supremo N\u00b0 001-2015-MINEDU, el Consejo Nacional de Educaci\u00f3n es un \u00f3rgano especializado, consultivo y aut\u00f3nomo del Ministerio de Educaci\u00f3n. Tiene como finalidad participar en la formulaci\u00f3n, concertaci\u00f3n, seguimiento y evaluaci\u00f3n del Proyecto Educativo Nacional, las pol\u00edticas y planes educativos de mediano y largo plazo, y las pol\u00edticas intersectoriales que contribuyen al desarrollo de la educaci\u00f3n;<\/span><\/p>\n<p class=\"cuerpo\">Que, el literal c) del art\u00edculo 15 de los Lineamientos de Organizaci\u00f3n del Estado, aprobados por el Decreto Supremo N\u00b0 054-2018-PCM y sus modificatorias, establece que los \u00f3rganos consultivos son aquellos encargados de asesorar o emitir opini\u00f3n sobre asuntos que solicite la Alta Direcci\u00f3n y se encuentran conformados por un equipo colegiado de expertos en la materia o vinculados a ella. Asimismo, sus miembros ejercen funciones ad honorem, no ejercen l\u00ednea de autoridad ni poseen dependencia jer\u00e1rquica y se ubican en el primer nivel organizacional;<\/p>\n<p class=\"cuerpo\">Que, mediante el Informe N\u00b0 00584-2026-MINEDU\/VMGP-DIGEBR la Direcci\u00f3n General de Educaci\u00f3n B\u00e1sica Regular, la Direcci\u00f3n General de Educaci\u00f3n B\u00e1sica Alternativa, Intercultural Biling\u00fce y de Servicios Educativos en el \u00c1mbito Rural, la Direcci\u00f3n General de Servicios Educativos Especializados, la Direcci\u00f3n General de Desarrollo Docente, la Direcci\u00f3n General de Educaci\u00f3n \u2013 T\u00e9cnico Productiva y Superior Tecnol\u00f3gica y Art\u00edstica, la Direcci\u00f3n General de Gesti\u00f3n Descentralizada, la Direcci\u00f3n de Innovaci\u00f3n Tecnol\u00f3gica en Educaci\u00f3n y la Secretaria de Planificaci\u00f3n Estrat\u00e9gica, sustentan de manera conjunta se deje sin efecto la Resoluci\u00f3n Ministerial N\u00b0 393-2026-MINEDU, indicando que la naturaleza de un \u00f3rgano consultivo se encuentra determinada por su finalidad espec\u00edfica de asesorar o emitir opini\u00f3n a solicitud de la Alta Direcci\u00f3n; por tanto, su participaci\u00f3n se vincula con el aporte especializado que pueda proporcionar en materias determinadas, sin que ello implique asumir funciones de conducci\u00f3n, coordinaci\u00f3n operativa, seguimiento o elaboraci\u00f3n t\u00e9cnica propia de los \u00f3rganos responsables de la gesti\u00f3n institucional;<\/p>\n<p class=\"cuerpo\">Que, asimismo, se\u00f1alan que la Comisi\u00f3n Sectorial tiene una naturaleza y finalidad distinta a la de un \u00f3rgano consultivo, en tanto sus funciones se encuentran orientadas al desarrollo y articulaci\u00f3n del proceso de actualizaci\u00f3n curricular, comprendiendo acciones de seguimiento, coordinaci\u00f3n, an\u00e1lisis, sistematizaci\u00f3n y elaboraci\u00f3n de insumos vinculados con dicho proceso; se trata de una instancia temporal de car\u00e1cter t\u00e9cnico y colegiado orientada al desarrollo de determinadas actividades vinculadas con la gesti\u00f3n del proceso de actualizaci\u00f3n curricular. En ese sentido, no resulta pertinente asimilar la participaci\u00f3n del Consejo Nacional de Educaci\u00f3n en la referida Comisi\u00f3n Sectorial cuando su intervenci\u00f3n corresponde a un \u00f3rgano consultivo; su incorporaci\u00f3n implicar\u00eda atribuirle una participaci\u00f3n permanente en una instancia de trabajo encargada de desarrollar acciones de seguimiento, articulaci\u00f3n y elaboraci\u00f3n de insumos del proceso de actualizaci\u00f3n curricular, funciones que no se condicen con lo dispuesto en el art\u00edculo 27 del Reglamento de la Ley N\u00b0 28044, aprobado por el Decreto Supremo N\u00b0 011-2012-ED, el cual dispone que la aprobaci\u00f3n o modificaci\u00f3n se realiza sobre la base de un proceso de consulta y con opini\u00f3n del Consejo Nacional de Educaci\u00f3n;<\/p>\n<p class=\"cuerpo\">Que, con el Informe N\u00b0 00246-MINEDU\/SPE-OPEP-UNOME, la Unidad de Organizaci\u00f3n y M\u00e9todos de la Oficina de Planificaci\u00f3n Estrat\u00e9gica y Presupuesto de la Secretar\u00eda de Planificaci\u00f3n Estrat\u00e9gica, emite opini\u00f3n favorable a la propuesta conjunta, indicando que, si bien el Consejo Nacional de Educaci\u00f3n tiene una participaci\u00f3n prevista normativamente en el proceso de aprobaci\u00f3n o modificaci\u00f3n del Curr\u00edculo Nacional, dicha participaci\u00f3n se encuentra circunscrita a la emisi\u00f3n de opini\u00f3n en los t\u00e9rminos establecidos en el art\u00edculo 27 del Reglamento de la Ley N\u00b0 28044. Por tanto, la participaci\u00f3n prevista en dicha norma, en el proceso de aprobaci\u00f3n o modificaci\u00f3n del Curr\u00edculo Nacional no determina, por s\u00ed misma, que el Consejo Nacional de Educaci\u00f3n deba formar parte de una comisi\u00f3n sectorial temporal encargada del seguimiento, articulaci\u00f3n o elaboraci\u00f3n de insumos t\u00e9cnicos del proceso de actualizaci\u00f3n curricular;<\/p>\n<p class=\"cuerpo\">Que, a trav\u00e9s del Informe N\u00b0 01281-2026-MINEDU\/SG-OGAJ, la Oficina General de Asesor\u00eda Jur\u00eddica emite opini\u00f3n favorable a la propuesta y sugiere proseguir con el tr\u00e1mite correspondiente para su aprobaci\u00f3n;<\/p>\n<p class=\"cuerpo\">De conformidad con lo dispuesto en la Ley N\u00b0 28044, Ley General de Educaci\u00f3n; la Ley N\u00b0 29158, Ley Org\u00e1nica del Poder Ejecutivo; la Ley N\u00b0 31224, Ley de Organizaci\u00f3n y Funciones del Ministerio de Educaci\u00f3n; el Decreto Supremo N\u00b0 011-2012-ED, que aprueba el Reglamento de la Ley N\u00b0 28044, Ley General de Educaci\u00f3n; el Decreto Supremo N\u00b0 054-2018-PCM, Decreto Supremo que aprueba los Lineamientos de Organizaci\u00f3n del Estado; y, el Decreto Supremo N\u00b0 001-2015-MINEDU, Decreto Supremo que aprueba el Reglamento de Organizaci\u00f3n y Funciones del Ministerio de Educaci\u00f3n;<\/p>\n<h2 class=\"cuerpo\">SE RESUELVE:<\/h2>\n<p class=\"cuerpo cuerpo-override\"><span class=\"no-style-override-1\">Art\u00edculo 1.-\u00a0<\/span>Dejar sin efecto la Resoluci\u00f3n Ministerial N\u00b0 393-2026-MINEDU, que dispuso, entre otros, la Creaci\u00f3n de la Comisi\u00f3n Sectorial para el proceso de actualizaci\u00f3n curricular de naturaleza temporal, dependiente del Ministerio de Educaci\u00f3n, a trav\u00e9s del Despacho Viceministerial de Gesti\u00f3n Pedag\u00f3gica.<\/p>\n<p class=\"cuerpo cuerpo-override\"><span class=\"no-style-override-1\">Art\u00edculo 2.-\u00a0<\/span><span class=\"no-style-override\">Disponer la publicaci\u00f3n de la presente Resoluci\u00f3n Ministerial, en el Sistema de Informaci\u00f3n Jur\u00eddica de Educaci\u00f3n &#8211; SIJE, ubicado en la sede digital del Ministerio de Educaci\u00f3n (http:\/\/www.gob.pe\/minedu), el mismo d\u00eda de su publicaci\u00f3n en el diario oficial \u201cEl Peruano\u201d.<\/span><\/p>\n<p class=\"cuerpo\">Reg\u00edstrese, comun\u00edquese y publ\u00edquese.<\/p>\n<p class=\"cuerpo\">JOS\u00c9 ANTONIO CHANG ESCOBEDO<\/p>\n<p class=\"cuerpo\">Ministro de Educaci\u00f3n<\/p>\n","protected":false},"excerpt":{"rendered":"<p>Dejan sin efecto la Resoluci\u00f3n Ministerial N\u00b0 393-2026-MINEDU, que cre\u00f3 la Comisi\u00f3n Sectorial para el proceso de actualizaci\u00f3n curricular Resoluci\u00f3n Ministerial N\u00b0 518-2026-MINEDU Lima,<\/p>\n","protected":false},"author":1,"featured_media":19799,"comment_status":"open","ping_status":"open","sticky":false,"template":"","format":"standard","meta":{"footnotes":""},"categories":[4],"tags":[3700],"class_list":["post-19798","post","type-post","status-publish","format-standard","has-post-thumbnail","hentry","category-educacion","tag-dejan-sin-efecto-la-rm-que-creo-la-comision-sectorial-para-el-proceso-de-actualizacion-curricular"],"yoast_head":"<!-- This site is optimized with the Yoast SEO Premium plugin v27.6.1 (Yoast SEO v28.4) - https:\/\/yoast.com\/product\/yoast-seo-premium-wordpress\/ -->\n<title>\u25b7 Dejan sin efecto la RM que cre\u00f3 la Comisi\u00f3n Sectorial para el proceso de actualizaci\u00f3n curricular \u2705<\/title>\n<meta name=\"description\" content=\"\u27a8 Dejan sin efecto la RM que cre\u00f3 la Comisi\u00f3n Sectorial para el proceso de actualizaci\u00f3n curricular\" \/>\n<meta name=\"robots\" content=\"index, follow, max-snippet:-1, max-image-preview:large, max-video-preview:-1\" \/>\n<link rel=\"canonical\" href=\"https:\/\/amautaenlinea.com\/blog\/dejan-sin-efecto-la-rm-que-creo-la-comision-sectorial-para-el-proceso-de-actualizacion-curricular\/\" \/>\n<meta property=\"og:locale\" content=\"es_ES\" \/>\n<meta property=\"og:type\" content=\"article\" \/>\n<meta property=\"og:title\" content=\"Dejan sin efecto la RM que cre\u00f3 la Comisi\u00f3n Sectorial para el proceso de actualizaci\u00f3n curricular\" \/>\n<meta property=\"og:description\" content=\"\u27a8 Dejan sin efecto la RM que cre\u00f3 la Comisi\u00f3n Sectorial para el proceso de actualizaci\u00f3n curricular\" \/>\n<meta property=\"og:url\" content=\"https:\/\/amautaenlinea.com\/blog\/dejan-sin-efecto-la-rm-que-creo-la-comision-sectorial-para-el-proceso-de-actualizacion-curricular\/\" \/>\n<meta property=\"og:site_name\" content=\"Grupo AMAUTA\" \/>\n<meta property=\"article:publisher\" content=\"https:\/\/www.facebook.com\/amautaperu.org\/\" \/>\n<meta property=\"article:published_time\" content=\"2026-09-04T11:15:32+00:00\" \/>\n<meta property=\"og:image\" content=\"https:\/\/amautaenlinea.com\/blog\/wp-content\/uploads\/2026\/09\/Dejan-sin-efecto-la-RM-que-creo-la-Comision-Sectorial-para-el-proceso-de-actualizacion-curricular.png\" \/>\n\t<meta property=\"og:image:width\" content=\"1280\" \/>\n\t<meta property=\"og:image:height\" content=\"720\" \/>\n\t<meta property=\"og:image:type\" content=\"image\/png\" \/>\n<meta name=\"author\" content=\"Grupo AMAUTA EBUSINESS\" \/>\n<meta name=\"twitter:card\" content=\"summary_large_image\" \/>\n<script type=\"application\/ld+json\" class=\"yoast-schema-graph\">{\"@context\":\"https:\\\/\\\/schema.org\",\"@graph\":[{\"@type\":\"Article\",\"@id\":\"https:\\\/\\\/amautaenlinea.com\\\/blog\\\/dejan-sin-efecto-la-rm-que-creo-la-comision-sectorial-para-el-proceso-de-actualizacion-curricular\\\/#article\",\"isPartOf\":{\"@id\":\"https:\\\/\\\/amautaenlinea.com\\\/blog\\\/dejan-sin-efecto-la-rm-que-creo-la-comision-sectorial-para-el-proceso-de-actualizacion-curricular\\\/\"},\"author\":{\"name\":\"Grupo AMAUTA EBUSINESS\",\"@id\":\"https:\\\/\\\/amautaenlinea.com\\\/blog\\\/#\\\/schema\\\/person\\\/d8d4b5d672e9edb72a6f23fd40dd31d5\"},\"headline\":\"Dejan sin efecto la RM que cre\u00f3 la Comisi\u00f3n Sectorial para el proceso de actualizaci\u00f3n curricular\",\"datePublished\":\"2026-09-04T11:15:32+00:00\",\"mainEntityOfPage\":{\"@id\":\"https:\\\/\\\/amautaenlinea.com\\\/blog\\\/dejan-sin-efecto-la-rm-que-creo-la-comision-sectorial-para-el-proceso-de-actualizacion-curricular\\\/\"},\"wordCount\":1308,\"commentCount\":0,\"publisher\":{\"@id\":\"https:\\\/\\\/amautaenlinea.com\\\/blog\\\/#organization\"},\"image\":{\"@id\":\"https:\\\/\\\/amautaenlinea.com\\\/blog\\\/dejan-sin-efecto-la-rm-que-creo-la-comision-sectorial-para-el-proceso-de-actualizacion-curricular\\\/#primaryimage\"},\"thumbnailUrl\":\"https:\\\/\\\/amautaenlinea.com\\\/blog\\\/wp-content\\\/uploads\\\/2026\\\/09\\\/Dejan-sin-efecto-la-RM-que-creo-la-Comision-Sectorial-para-el-proceso-de-actualizacion-curricular.png\",\"keywords\":[\"Dejan sin efecto la RM que cre\u00f3 la Comisi\u00f3n Sectorial para el proceso de actualizaci\u00f3n curricular\"],\"articleSection\":[\"Educaci\u00f3n\"],\"inLanguage\":\"es\",\"potentialAction\":[{\"@type\":\"CommentAction\",\"name\":\"Comment\",\"target\":[\"https:\\\/\\\/amautaenlinea.com\\\/blog\\\/dejan-sin-efecto-la-rm-que-creo-la-comision-sectorial-para-el-proceso-de-actualizacion-curricular\\\/#respond\"]}],\"copyrightYear\":\"2026\",\"copyrightHolder\":{\"@id\":\"https:\\\/\\\/amautaenlinea.com\\\/blog\\\/#organization\"}},{\"@type\":\"WebPage\",\"@id\":\"https:\\\/\\\/amautaenlinea.com\\\/blog\\\/dejan-sin-efecto-la-rm-que-creo-la-comision-sectorial-para-el-proceso-de-actualizacion-curricular\\\/\",\"url\":\"https:\\\/\\\/amautaenlinea.com\\\/blog\\\/dejan-sin-efecto-la-rm-que-creo-la-comision-sectorial-para-el-proceso-de-actualizacion-curricular\\\/\",\"name\":\"\u25b7 Dejan sin efecto la RM que cre\u00f3 la Comisi\u00f3n Sectorial para el proceso de actualizaci\u00f3n curricular \u2705\",\"isPartOf\":{\"@id\":\"https:\\\/\\\/amautaenlinea.com\\\/blog\\\/#website\"},\"primaryImageOfPage\":{\"@id\":\"https:\\\/\\\/amautaenlinea.com\\\/blog\\\/dejan-sin-efecto-la-rm-que-creo-la-comision-sectorial-para-el-proceso-de-actualizacion-curricular\\\/#primaryimage\"},\"image\":{\"@id\":\"https:\\\/\\\/amautaenlinea.com\\\/blog\\\/dejan-sin-efecto-la-rm-que-creo-la-comision-sectorial-para-el-proceso-de-actualizacion-curricular\\\/#primaryimage\"},\"thumbnailUrl\":\"https:\\\/\\\/amautaenlinea.com\\\/blog\\\/wp-content\\\/uploads\\\/2026\\\/09\\\/Dejan-sin-efecto-la-RM-que-creo-la-Comision-Sectorial-para-el-proceso-de-actualizacion-curricular.png\",\"datePublished\":\"2026-09-04T11:15:32+00:00\",\"description\":\"\u27a8 Dejan sin efecto la RM que cre\u00f3 la Comisi\u00f3n Sectorial para el proceso de actualizaci\u00f3n curricular\",\"breadcrumb\":{\"@id\":\"https:\\\/\\\/amautaenlinea.com\\\/blog\\\/dejan-sin-efecto-la-rm-que-creo-la-comision-sectorial-para-el-proceso-de-actualizacion-curricular\\\/#breadcrumb\"},\"inLanguage\":\"es\",\"potentialAction\":[{\"@type\":\"ReadAction\",\"target\":[\"https:\\\/\\\/amautaenlinea.com\\\/blog\\\/dejan-sin-efecto-la-rm-que-creo-la-comision-sectorial-para-el-proceso-de-actualizacion-curricular\\\/\"]}]},{\"@type\":\"ImageObject\",\"inLanguage\":\"es\",\"@id\":\"https:\\\/\\\/amautaenlinea.com\\\/blog\\\/dejan-sin-efecto-la-rm-que-creo-la-comision-sectorial-para-el-proceso-de-actualizacion-curricular\\\/#primaryimage\",\"url\":\"https:\\\/\\\/amautaenlinea.com\\\/blog\\\/wp-content\\\/uploads\\\/2026\\\/09\\\/Dejan-sin-efecto-la-RM-que-creo-la-Comision-Sectorial-para-el-proceso-de-actualizacion-curricular.png\",\"contentUrl\":\"https:\\\/\\\/amautaenlinea.com\\\/blog\\\/wp-content\\\/uploads\\\/2026\\\/09\\\/Dejan-sin-efecto-la-RM-que-creo-la-Comision-Sectorial-para-el-proceso-de-actualizacion-curricular.png\",\"width\":1280,\"height\":720},{\"@type\":\"BreadcrumbList\",\"@id\":\"https:\\\/\\\/amautaenlinea.com\\\/blog\\\/dejan-sin-efecto-la-rm-que-creo-la-comision-sectorial-para-el-proceso-de-actualizacion-curricular\\\/#breadcrumb\",\"itemListElement\":[{\"@type\":\"ListItem\",\"position\":1,\"name\":\"Portada\",\"item\":\"https:\\\/\\\/amautaenlinea.com\\\/blog\\\/\"},{\"@type\":\"ListItem\",\"position\":2,\"name\":\"Dejan sin efecto la RM que cre\u00f3 la Comisi\u00f3n Sectorial para el proceso de actualizaci\u00f3n curricular\"}]},{\"@type\":\"WebSite\",\"@id\":\"https:\\\/\\\/amautaenlinea.com\\\/blog\\\/#website\",\"url\":\"https:\\\/\\\/amautaenlinea.com\\\/blog\\\/\",\"name\":\"Grupo AMAUTA\",\"description\":\"\",\"publisher\":{\"@id\":\"https:\\\/\\\/amautaenlinea.com\\\/blog\\\/#organization\"},\"potentialAction\":[{\"@type\":\"SearchAction\",\"target\":{\"@type\":\"EntryPoint\",\"urlTemplate\":\"https:\\\/\\\/amautaenlinea.com\\\/blog\\\/?s={search_term_string}\"},\"query-input\":{\"@type\":\"PropertyValueSpecification\",\"valueRequired\":true,\"valueName\":\"search_term_string\"}}],\"inLanguage\":\"es\"},{\"@type\":\"Organization\",\"@id\":\"https:\\\/\\\/amautaenlinea.com\\\/blog\\\/#organization\",\"name\":\"Grupo AMAUTA E-BUSINESS\",\"url\":\"https:\\\/\\\/amautaenlinea.com\\\/blog\\\/\",\"logo\":{\"@type\":\"ImageObject\",\"inLanguage\":\"es\",\"@id\":\"https:\\\/\\\/amautaenlinea.com\\\/blog\\\/#\\\/schema\\\/logo\\\/image\\\/\",\"url\":\"https:\\\/\\\/amautaenlinea.com\\\/blog\\\/wp-content\\\/uploads\\\/2023\\\/09\\\/logo-amauta.png\",\"contentUrl\":\"https:\\\/\\\/amautaenlinea.com\\\/blog\\\/wp-content\\\/uploads\\\/2023\\\/09\\\/logo-amauta.png\",\"width\":1124,\"height\":368,\"caption\":\"Grupo AMAUTA E-BUSINESS\"},\"image\":{\"@id\":\"https:\\\/\\\/amautaenlinea.com\\\/blog\\\/#\\\/schema\\\/logo\\\/image\\\/\"},\"sameAs\":[\"https:\\\/\\\/www.facebook.com\\\/amautaperu.org\\\/\"]},{\"@type\":\"Person\",\"@id\":\"https:\\\/\\\/amautaenlinea.com\\\/blog\\\/#\\\/schema\\\/person\\\/d8d4b5d672e9edb72a6f23fd40dd31d5\",\"name\":\"Grupo AMAUTA EBUSINESS\",\"image\":{\"@type\":\"ImageObject\",\"inLanguage\":\"es\",\"@id\":\"https:\\\/\\\/secure.gravatar.com\\\/avatar\\\/97706b54c222a710310e2db50e02e68de0a4c8bb76654bcc4053b08241c6bd6c?s=96&d=mm&r=g\",\"url\":\"https:\\\/\\\/secure.gravatar.com\\\/avatar\\\/97706b54c222a710310e2db50e02e68de0a4c8bb76654bcc4053b08241c6bd6c?s=96&d=mm&r=g\",\"contentUrl\":\"https:\\\/\\\/secure.gravatar.com\\\/avatar\\\/97706b54c222a710310e2db50e02e68de0a4c8bb76654bcc4053b08241c6bd6c?s=96&d=mm&r=g\",\"caption\":\"Grupo AMAUTA EBUSINESS\"}}]}<\/script>\n<!-- \/ Yoast SEO Premium plugin. -->","yoast_head_json":{"title":"\u25b7 Dejan sin efecto la RM que cre\u00f3 la Comisi\u00f3n Sectorial para el proceso de actualizaci\u00f3n curricular \u2705","description":"\u27a8 Dejan sin efecto la RM que cre\u00f3 la Comisi\u00f3n Sectorial para el proceso de actualizaci\u00f3n curricular","robots":{"index":"index","follow":"follow","max-snippet":"max-snippet:-1","max-image-preview":"max-image-preview:large","max-video-preview":"max-video-preview:-1"},"canonical":"https:\/\/amautaenlinea.com\/blog\/dejan-sin-efecto-la-rm-que-creo-la-comision-sectorial-para-el-proceso-de-actualizacion-curricular\/","og_locale":"es_ES","og_type":"article","og_title":"Dejan sin efecto la RM que cre\u00f3 la Comisi\u00f3n Sectorial para el proceso de actualizaci\u00f3n curricular","og_description":"\u27a8 Dejan sin efecto la RM que cre\u00f3 la Comisi\u00f3n Sectorial para el proceso de actualizaci\u00f3n curricular","og_url":"https:\/\/amautaenlinea.com\/blog\/dejan-sin-efecto-la-rm-que-creo-la-comision-sectorial-para-el-proceso-de-actualizacion-curricular\/","og_site_name":"Grupo AMAUTA","article_publisher":"https:\/\/www.facebook.com\/amautaperu.org\/","article_published_time":"2026-09-04T11:15:32+00:00","og_image":[{"width":1280,"height":720,"url":"https:\/\/amautaenlinea.com\/blog\/wp-content\/uploads\/2026\/09\/Dejan-sin-efecto-la-RM-que-creo-la-Comision-Sectorial-para-el-proceso-de-actualizacion-curricular.png","type":"image\/png"}],"author":"Grupo AMAUTA EBUSINESS","twitter_card":"summary_large_image","schema":{"@context":"https:\/\/schema.org","@graph":[{"@type":"Article","@id":"https:\/\/amautaenlinea.com\/blog\/dejan-sin-efecto-la-rm-que-creo-la-comision-sectorial-para-el-proceso-de-actualizacion-curricular\/#article","isPartOf":{"@id":"https:\/\/amautaenlinea.com\/blog\/dejan-sin-efecto-la-rm-que-creo-la-comision-sectorial-para-el-proceso-de-actualizacion-curricular\/"},"author":{"name":"Grupo AMAUTA EBUSINESS","@id":"https:\/\/amautaenlinea.com\/blog\/#\/schema\/person\/d8d4b5d672e9edb72a6f23fd40dd31d5"},"headline":"Dejan sin efecto la RM que cre\u00f3 la Comisi\u00f3n Sectorial para el proceso de actualizaci\u00f3n curricular","datePublished":"2026-09-04T11:15:32+00:00","mainEntityOfPage":{"@id":"https:\/\/amautaenlinea.com\/blog\/dejan-sin-efecto-la-rm-que-creo-la-comision-sectorial-para-el-proceso-de-actualizacion-curricular\/"},"wordCount":1308,"commentCount":0,"publisher":{"@id":"https:\/\/amautaenlinea.com\/blog\/#organization"},"image":{"@id":"https:\/\/amautaenlinea.com\/blog\/dejan-sin-efecto-la-rm-que-creo-la-comision-sectorial-para-el-proceso-de-actualizacion-curricular\/#primaryimage"},"thumbnailUrl":"https:\/\/amautaenlinea.com\/blog\/wp-content\/uploads\/2026\/09\/Dejan-sin-efecto-la-RM-que-creo-la-Comision-Sectorial-para-el-proceso-de-actualizacion-curricular.png","keywords":["Dejan sin efecto la RM que cre\u00f3 la Comisi\u00f3n Sectorial para el proceso de actualizaci\u00f3n curricular"],"articleSection":["Educaci\u00f3n"],"inLanguage":"es","potentialAction":[{"@type":"CommentAction","name":"Comment","target":["https:\/\/amautaenlinea.com\/blog\/dejan-sin-efecto-la-rm-que-creo-la-comision-sectorial-para-el-proceso-de-actualizacion-curricular\/#respond"]}],"copyrightYear":"2026","copyrightHolder":{"@id":"https:\/\/amautaenlinea.com\/blog\/#organization"}},{"@type":"WebPage","@id":"https:\/\/amautaenlinea.com\/blog\/dejan-sin-efecto-la-rm-que-creo-la-comision-sectorial-para-el-proceso-de-actualizacion-curricular\/","url":"https:\/\/amautaenlinea.com\/blog\/dejan-sin-efecto-la-rm-que-creo-la-comision-sectorial-para-el-proceso-de-actualizacion-curricular\/","name":"\u25b7 Dejan sin efecto la RM que cre\u00f3 la Comisi\u00f3n Sectorial para el proceso de actualizaci\u00f3n curricular \u2705","isPartOf":{"@id":"https:\/\/amautaenlinea.com\/blog\/#website"},"primaryImageOfPage":{"@id":"https:\/\/amautaenlinea.com\/blog\/dejan-sin-efecto-la-rm-que-creo-la-comision-sectorial-para-el-proceso-de-actualizacion-curricular\/#primaryimage"},"image":{"@id":"https:\/\/amautaenlinea.com\/blog\/dejan-sin-efecto-la-rm-que-creo-la-comision-sectorial-para-el-proceso-de-actualizacion-curricular\/#primaryimage"},"thumbnailUrl":"https:\/\/amautaenlinea.com\/blog\/wp-content\/uploads\/2026\/09\/Dejan-sin-efecto-la-RM-que-creo-la-Comision-Sectorial-para-el-proceso-de-actualizacion-curricular.png","datePublished":"2026-09-04T11:15:32+00:00","description":"\u27a8 Dejan sin efecto la RM que cre\u00f3 la Comisi\u00f3n Sectorial para el proceso de actualizaci\u00f3n curricular","breadcrumb":{"@id":"https:\/\/amautaenlinea.com\/blog\/dejan-sin-efecto-la-rm-que-creo-la-comision-sectorial-para-el-proceso-de-actualizacion-curricular\/#breadcrumb"},"inLanguage":"es","potentialAction":[{"@type":"ReadAction","target":["https:\/\/amautaenlinea.com\/blog\/dejan-sin-efecto-la-rm-que-creo-la-comision-sectorial-para-el-proceso-de-actualizacion-curricular\/"]}]},{"@type":"ImageObject","inLanguage":"es","@id":"https:\/\/amautaenlinea.com\/blog\/dejan-sin-efecto-la-rm-que-creo-la-comision-sectorial-para-el-proceso-de-actualizacion-curricular\/#primaryimage","url":"https:\/\/amautaenlinea.com\/blog\/wp-content\/uploads\/2026\/09\/Dejan-sin-efecto-la-RM-que-creo-la-Comision-Sectorial-para-el-proceso-de-actualizacion-curricular.png","contentUrl":"https:\/\/amautaenlinea.com\/blog\/wp-content\/uploads\/2026\/09\/Dejan-sin-efecto-la-RM-que-creo-la-Comision-Sectorial-para-el-proceso-de-actualizacion-curricular.png","width":1280,"height":720},{"@type":"BreadcrumbList","@id":"https:\/\/amautaenlinea.com\/blog\/dejan-sin-efecto-la-rm-que-creo-la-comision-sectorial-para-el-proceso-de-actualizacion-curricular\/#breadcrumb","itemListElement":[{"@type":"ListItem","position":1,"name":"Portada","item":"https:\/\/amautaenlinea.com\/blog\/"},{"@type":"ListItem","position":2,"name":"Dejan sin efecto la RM que cre\u00f3 la Comisi\u00f3n Sectorial para el proceso de actualizaci\u00f3n curricular"}]},{"@type":"WebSite","@id":"https:\/\/amautaenlinea.com\/blog\/#website","url":"https:\/\/amautaenlinea.com\/blog\/","name":"Grupo AMAUTA","description":"","publisher":{"@id":"https:\/\/amautaenlinea.com\/blog\/#organization"},"potentialAction":[{"@type":"SearchAction","target":{"@type":"EntryPoint","urlTemplate":"https:\/\/amautaenlinea.com\/blog\/?s={search_term_string}"},"query-input":{"@type":"PropertyValueSpecification","valueRequired":true,"valueName":"search_term_string"}}],"inLanguage":"es"},{"@type":"Organization","@id":"https:\/\/amautaenlinea.com\/blog\/#organization","name":"Grupo AMAUTA E-BUSINESS","url":"https:\/\/amautaenlinea.com\/blog\/","logo":{"@type":"ImageObject","inLanguage":"es","@id":"https:\/\/amautaenlinea.com\/blog\/#\/schema\/logo\/image\/","url":"https:\/\/amautaenlinea.com\/blog\/wp-content\/uploads\/2023\/09\/logo-amauta.png","contentUrl":"https:\/\/amautaenlinea.com\/blog\/wp-content\/uploads\/2023\/09\/logo-amauta.png","width":1124,"height":368,"caption":"Grupo AMAUTA E-BUSINESS"},"image":{"@id":"https:\/\/amautaenlinea.com\/blog\/#\/schema\/logo\/image\/"},"sameAs":["https:\/\/www.facebook.com\/amautaperu.org\/"]},{"@type":"Person","@id":"https:\/\/amautaenlinea.com\/blog\/#\/schema\/person\/d8d4b5d672e9edb72a6f23fd40dd31d5","name":"Grupo AMAUTA EBUSINESS","image":{"@type":"ImageObject","inLanguage":"es","@id":"https:\/\/secure.gravatar.com\/avatar\/97706b54c222a710310e2db50e02e68de0a4c8bb76654bcc4053b08241c6bd6c?s=96&d=mm&r=g","url":"https:\/\/secure.gravatar.com\/avatar\/97706b54c222a710310e2db50e02e68de0a4c8bb76654bcc4053b08241c6bd6c?s=96&d=mm&r=g","contentUrl":"https:\/\/secure.gravatar.com\/avatar\/97706b54c222a710310e2db50e02e68de0a4c8bb76654bcc4053b08241c6bd6c?s=96&d=mm&r=g","caption":"Grupo AMAUTA EBUSINESS"}}]}},"_links":{"self":[{"href":"https:\/\/amautaenlinea.com\/blog\/wp-json\/wp\/v2\/posts\/19798","targetHints":{"allow":["GET"]}}],"collection":[{"href":"https:\/\/amautaenlinea.com\/blog\/wp-json\/wp\/v2\/posts"}],"about":[{"href":"https:\/\/amautaenlinea.com\/blog\/wp-json\/wp\/v2\/types\/post"}],"author":[{"embeddable":true,"href":"https:\/\/amautaenlinea.com\/blog\/wp-json\/wp\/v2\/users\/1"}],"replies":[{"embeddable":true,"href":"https:\/\/amautaenlinea.com\/blog\/wp-json\/wp\/v2\/comments?post=19798"}],"version-history":[{"count":1,"href":"https:\/\/amautaenlinea.com\/blog\/wp-json\/wp\/v2\/posts\/19798\/revisions"}],"predecessor-version":[{"id":19800,"href":"https:\/\/amautaenlinea.com\/blog\/wp-json\/wp\/v2\/posts\/19798\/revisions\/19800"}],"wp:featuredmedia":[{"embeddable":true,"href":"https:\/\/amautaenlinea.com\/blog\/wp-json\/wp\/v2\/media\/19799"}],"wp:attachment":[{"href":"https:\/\/amautaenlinea.com\/blog\/wp-json\/wp\/v2\/media?parent=19798"}],"wp:term":[{"taxonomy":"category","embeddable":true,"href":"https:\/\/amautaenlinea.com\/blog\/wp-json\/wp\/v2\/categories?post=19798"},{"taxonomy":"post_tag","embeddable":true,"href":"https:\/\/amautaenlinea.com\/blog\/wp-json\/wp\/v2\/tags?post=19798"}],"curies":[{"name":"wp","href":"https:\/\/api.w.org\/{rel}","templated":true}]}}