{"id":19791,"date":"2026-09-03T06:14:16","date_gmt":"2026-09-03T11:14:16","guid":{"rendered":"https:\/\/amautaenlinea.com\/blog\/?p=19791"},"modified":"2026-09-03T06:14:16","modified_gmt":"2026-09-03T11:14:16","slug":"sutep-pide-devolver-a-docentes-facultades-para-enfrentar-casos-de-bullying-importante","status":"publish","type":"post","link":"https:\/\/amautaenlinea.com\/blog\/sutep-pide-devolver-a-docentes-facultades-para-enfrentar-casos-de-bullying-importante\/","title":{"rendered":"SUTEP pide devolver a docentes facultades para enfrentar casos de bullying \u00a1IMPORTANTE!"},"content":{"rendered":"<div class=\"xdj266r x14z9mp xat24cr x1lziwak x1vvkbs x126k92a\">\n<div dir=\"auto\">Tras el caso denunciado por una madre de familia, cuyo hijo de 16 a\u00f1os habr\u00eda sufrido meses de bullying y posteriormente una agresi\u00f3n que le caus\u00f3 graves lesiones en el rostro, el secretario regional del SUTEP, Hamer Villena, cuestion\u00f3 las restricciones que, seg\u00fan se\u00f1al\u00f3, tienen actualmente los docentes para intervenir directamente ante estos casos.<\/div>\n<div dir=\"auto\"><\/div>\n<\/div>\n<div class=\"x14z9mp xat24cr x1lziwak x1vvkbs xtlvy1s x126k92a\">\n<div dir=\"auto\">Villena sostuvo que una normativa sobre hostigamiento laboral docente genera temor entre los profesores de actuar frente a determinadas conductas, debido a que podr\u00edan ser denunciados por presunto maltrato psicol\u00f3gico. Seg\u00fan explic\u00f3, ante estas situaciones los docentes optan por comunicar los hechos a la direcci\u00f3n del colegio, en lugar de intervenir directamente.<\/div>\n<div dir=\"auto\"><\/div>\n<\/div>\n<div class=\"x14z9mp xat24cr x1lziwak x1vvkbs xtlvy1s x126k92a\">\n<div dir=\"auto\">Adem\u00e1s se\u00f1al\u00f3 que se han registrado 177 denuncias contra docentes por presunto maltrato f\u00edsico y psicol\u00f3gico y afirm\u00f3 que, seg\u00fan su apreciaci\u00f3n, solo una peque\u00f1a parte estar\u00eda sustentada con pruebas. Por ello, anunci\u00f3 que insistir\u00e1n en modificar esta legislaci\u00f3n y defendi\u00f3 que los profesores puedan ejercer medidas correctivas dentro del marco correspondiente, sin que ello implique tolerar maltrato.<\/div>\n<\/div>\n","protected":false},"excerpt":{"rendered":"<p>Tras el caso denunciado por una madre de familia, cuyo hijo de 16 a\u00f1os habr\u00eda sufrido meses de bullying y posteriormente una agresi\u00f3n que<\/p>\n","protected":false},"author":1,"featured_media":19793,"comment_status":"open","ping_status":"open","sticky":false,"template":"","format":"standard","meta":{"footnotes":""},"categories":[4],"tags":[3698],"class_list":["post-19791","post","type-post","status-publish","format-standard","has-post-thumbnail","hentry","category-educacion","tag-sutep-pide-devolver-a-docentes-facultades-para-enfrentar-casos-de-bullying"],"yoast_head":"<!-- This site is optimized with the Yoast SEO Premium plugin v27.6.1 (Yoast SEO v28.4) - https:\/\/yoast.com\/product\/yoast-seo-premium-wordpress\/ -->\n<title>\u25b7 SUTEP pide devolver a docentes facultades para enfrentar casos de bullying \u00a1IMPORTANTE! \u2705<\/title>\n<meta name=\"description\" content=\"\u27a8 SUTEP pide devolver a docentes facultades para enfrentar casos de bullying\" \/>\n<meta name=\"robots\" content=\"index, follow, max-snippet:-1, max-image-preview:large, max-video-preview:-1\" \/>\n<link rel=\"canonical\" href=\"https:\/\/amautaenlinea.com\/blog\/sutep-pide-devolver-a-docentes-facultades-para-enfrentar-casos-de-bullying-importante\/\" \/>\n<meta property=\"og:locale\" content=\"es_ES\" \/>\n<meta property=\"og:type\" content=\"article\" \/>\n<meta property=\"og:title\" content=\"SUTEP pide devolver a docentes facultades para enfrentar casos de bullying \u00a1IMPORTANTE!\" \/>\n<meta property=\"og:description\" content=\"\u27a8 SUTEP pide devolver a docentes facultades para enfrentar casos de bullying\" \/>\n<meta property=\"og:url\" content=\"https:\/\/amautaenlinea.com\/blog\/sutep-pide-devolver-a-docentes-facultades-para-enfrentar-casos-de-bullying-importante\/\" \/>\n<meta property=\"og:site_name\" content=\"Grupo AMAUTA\" \/>\n<meta property=\"article:publisher\" content=\"https:\/\/www.facebook.com\/amautaperu.org\/\" \/>\n<meta property=\"article:published_time\" content=\"2026-09-03T11:14:16+00:00\" \/>\n<meta property=\"og:image\" content=\"https:\/\/amautaenlinea.com\/blog\/wp-content\/uploads\/2026\/09\/SUTEP-pide-devolver-a-docentes-facultades-para-enfrentar-casos-de-bullying.png\" \/>\n\t<meta property=\"og:image:width\" content=\"1280\" \/>\n\t<meta property=\"og:image:height\" content=\"720\" \/>\n\t<meta property=\"og:image:type\" content=\"image\/png\" \/>\n<meta name=\"author\" content=\"Grupo AMAUTA EBUSINESS\" \/>\n<meta name=\"twitter:card\" content=\"summary_large_image\" \/>\n<script type=\"application\/ld+json\" class=\"yoast-schema-graph\">{\"@context\":\"https:\\\/\\\/schema.org\",\"@graph\":[{\"@type\":\"Article\",\"@id\":\"https:\\\/\\\/amautaenlinea.com\\\/blog\\\/sutep-pide-devolver-a-docentes-facultades-para-enfrentar-casos-de-bullying-importante\\\/#article\",\"isPartOf\":{\"@id\":\"https:\\\/\\\/amautaenlinea.com\\\/blog\\\/sutep-pide-devolver-a-docentes-facultades-para-enfrentar-casos-de-bullying-importante\\\/\"},\"author\":{\"name\":\"Grupo AMAUTA EBUSINESS\",\"@id\":\"https:\\\/\\\/amautaenlinea.com\\\/blog\\\/#\\\/schema\\\/person\\\/d8d4b5d672e9edb72a6f23fd40dd31d5\"},\"headline\":\"SUTEP pide devolver a docentes facultades para enfrentar casos de bullying \u00a1IMPORTANTE!\",\"datePublished\":\"2026-09-03T11:14:16+00:00\",\"mainEntityOfPage\":{\"@id\":\"https:\\\/\\\/amautaenlinea.com\\\/blog\\\/sutep-pide-devolver-a-docentes-facultades-para-enfrentar-casos-de-bullying-importante\\\/\"},\"wordCount\":193,\"commentCount\":0,\"publisher\":{\"@id\":\"https:\\\/\\\/amautaenlinea.com\\\/blog\\\/#organization\"},\"image\":{\"@id\":\"https:\\\/\\\/amautaenlinea.com\\\/blog\\\/sutep-pide-devolver-a-docentes-facultades-para-enfrentar-casos-de-bullying-importante\\\/#primaryimage\"},\"thumbnailUrl\":\"https:\\\/\\\/amautaenlinea.com\\\/blog\\\/wp-content\\\/uploads\\\/2026\\\/09\\\/SUTEP-pide-devolver-a-docentes-facultades-para-enfrentar-casos-de-bullying.png\",\"keywords\":[\"SUTEP pide devolver a docentes facultades para enfrentar casos de bullying\"],\"articleSection\":[\"Educaci\u00f3n\"],\"inLanguage\":\"es\",\"potentialAction\":[{\"@type\":\"CommentAction\",\"name\":\"Comment\",\"target\":[\"https:\\\/\\\/amautaenlinea.com\\\/blog\\\/sutep-pide-devolver-a-docentes-facultades-para-enfrentar-casos-de-bullying-importante\\\/#respond\"]}],\"copyrightYear\":\"2026\",\"copyrightHolder\":{\"@id\":\"https:\\\/\\\/amautaenlinea.com\\\/blog\\\/#organization\"}},{\"@type\":\"WebPage\",\"@id\":\"https:\\\/\\\/amautaenlinea.com\\\/blog\\\/sutep-pide-devolver-a-docentes-facultades-para-enfrentar-casos-de-bullying-importante\\\/\",\"url\":\"https:\\\/\\\/amautaenlinea.com\\\/blog\\\/sutep-pide-devolver-a-docentes-facultades-para-enfrentar-casos-de-bullying-importante\\\/\",\"name\":\"\u25b7 SUTEP pide devolver a docentes facultades para enfrentar casos de bullying \u00a1IMPORTANTE! \u2705\",\"isPartOf\":{\"@id\":\"https:\\\/\\\/amautaenlinea.com\\\/blog\\\/#website\"},\"primaryImageOfPage\":{\"@id\":\"https:\\\/\\\/amautaenlinea.com\\\/blog\\\/sutep-pide-devolver-a-docentes-facultades-para-enfrentar-casos-de-bullying-importante\\\/#primaryimage\"},\"image\":{\"@id\":\"https:\\\/\\\/amautaenlinea.com\\\/blog\\\/sutep-pide-devolver-a-docentes-facultades-para-enfrentar-casos-de-bullying-importante\\\/#primaryimage\"},\"thumbnailUrl\":\"https:\\\/\\\/amautaenlinea.com\\\/blog\\\/wp-content\\\/uploads\\\/2026\\\/09\\\/SUTEP-pide-devolver-a-docentes-facultades-para-enfrentar-casos-de-bullying.png\",\"datePublished\":\"2026-09-03T11:14:16+00:00\",\"description\":\"\u27a8 SUTEP pide devolver a docentes facultades para enfrentar casos de bullying\",\"breadcrumb\":{\"@id\":\"https:\\\/\\\/amautaenlinea.com\\\/blog\\\/sutep-pide-devolver-a-docentes-facultades-para-enfrentar-casos-de-bullying-importante\\\/#breadcrumb\"},\"inLanguage\":\"es\",\"potentialAction\":[{\"@type\":\"ReadAction\",\"target\":[\"https:\\\/\\\/amautaenlinea.com\\\/blog\\\/sutep-pide-devolver-a-docentes-facultades-para-enfrentar-casos-de-bullying-importante\\\/\"]}]},{\"@type\":\"ImageObject\",\"inLanguage\":\"es\",\"@id\":\"https:\\\/\\\/amautaenlinea.com\\\/blog\\\/sutep-pide-devolver-a-docentes-facultades-para-enfrentar-casos-de-bullying-importante\\\/#primaryimage\",\"url\":\"https:\\\/\\\/amautaenlinea.com\\\/blog\\\/wp-content\\\/uploads\\\/2026\\\/09\\\/SUTEP-pide-devolver-a-docentes-facultades-para-enfrentar-casos-de-bullying.png\",\"contentUrl\":\"https:\\\/\\\/amautaenlinea.com\\\/blog\\\/wp-content\\\/uploads\\\/2026\\\/09\\\/SUTEP-pide-devolver-a-docentes-facultades-para-enfrentar-casos-de-bullying.png\",\"width\":1280,\"height\":720},{\"@type\":\"BreadcrumbList\",\"@id\":\"https:\\\/\\\/amautaenlinea.com\\\/blog\\\/sutep-pide-devolver-a-docentes-facultades-para-enfrentar-casos-de-bullying-importante\\\/#breadcrumb\",\"itemListElement\":[{\"@type\":\"ListItem\",\"position\":1,\"name\":\"Portada\",\"item\":\"https:\\\/\\\/amautaenlinea.com\\\/blog\\\/\"},{\"@type\":\"ListItem\",\"position\":2,\"name\":\"SUTEP pide devolver a docentes facultades para enfrentar casos de bullying \u00a1IMPORTANTE!\"}]},{\"@type\":\"WebSite\",\"@id\":\"https:\\\/\\\/amautaenlinea.com\\\/blog\\\/#website\",\"url\":\"https:\\\/\\\/amautaenlinea.com\\\/blog\\\/\",\"name\":\"Grupo AMAUTA\",\"description\":\"\",\"publisher\":{\"@id\":\"https:\\\/\\\/amautaenlinea.com\\\/blog\\\/#organization\"},\"potentialAction\":[{\"@type\":\"SearchAction\",\"target\":{\"@type\":\"EntryPoint\",\"urlTemplate\":\"https:\\\/\\\/amautaenlinea.com\\\/blog\\\/?s={search_term_string}\"},\"query-input\":{\"@type\":\"PropertyValueSpecification\",\"valueRequired\":true,\"valueName\":\"search_term_string\"}}],\"inLanguage\":\"es\"},{\"@type\":\"Organization\",\"@id\":\"https:\\\/\\\/amautaenlinea.com\\\/blog\\\/#organization\",\"name\":\"Grupo AMAUTA E-BUSINESS\",\"url\":\"https:\\\/\\\/amautaenlinea.com\\\/blog\\\/\",\"logo\":{\"@type\":\"ImageObject\",\"inLanguage\":\"es\",\"@id\":\"https:\\\/\\\/amautaenlinea.com\\\/blog\\\/#\\\/schema\\\/logo\\\/image\\\/\",\"url\":\"https:\\\/\\\/amautaenlinea.com\\\/blog\\\/wp-content\\\/uploads\\\/2023\\\/09\\\/logo-amauta.png\",\"contentUrl\":\"https:\\\/\\\/amautaenlinea.com\\\/blog\\\/wp-content\\\/uploads\\\/2023\\\/09\\\/logo-amauta.png\",\"width\":1124,\"height\":368,\"caption\":\"Grupo AMAUTA E-BUSINESS\"},\"image\":{\"@id\":\"https:\\\/\\\/amautaenlinea.com\\\/blog\\\/#\\\/schema\\\/logo\\\/image\\\/\"},\"sameAs\":[\"https:\\\/\\\/www.facebook.com\\\/amautaperu.org\\\/\"]},{\"@type\":\"Person\",\"@id\":\"https:\\\/\\\/amautaenlinea.com\\\/blog\\\/#\\\/schema\\\/person\\\/d8d4b5d672e9edb72a6f23fd40dd31d5\",\"name\":\"Grupo AMAUTA EBUSINESS\",\"image\":{\"@type\":\"ImageObject\",\"inLanguage\":\"es\",\"@id\":\"https:\\\/\\\/secure.gravatar.com\\\/avatar\\\/97706b54c222a710310e2db50e02e68de0a4c8bb76654bcc4053b08241c6bd6c?s=96&d=mm&r=g\",\"url\":\"https:\\\/\\\/secure.gravatar.com\\\/avatar\\\/97706b54c222a710310e2db50e02e68de0a4c8bb76654bcc4053b08241c6bd6c?s=96&d=mm&r=g\",\"contentUrl\":\"https:\\\/\\\/secure.gravatar.com\\\/avatar\\\/97706b54c222a710310e2db50e02e68de0a4c8bb76654bcc4053b08241c6bd6c?s=96&d=mm&r=g\",\"caption\":\"Grupo AMAUTA EBUSINESS\"}}]}<\/script>\n<!-- \/ Yoast SEO Premium plugin. -->","yoast_head_json":{"title":"\u25b7 SUTEP pide devolver a docentes facultades para enfrentar casos de bullying \u00a1IMPORTANTE! \u2705","description":"\u27a8 SUTEP pide devolver a docentes facultades para enfrentar casos de bullying","robots":{"index":"index","follow":"follow","max-snippet":"max-snippet:-1","max-image-preview":"max-image-preview:large","max-video-preview":"max-video-preview:-1"},"canonical":"https:\/\/amautaenlinea.com\/blog\/sutep-pide-devolver-a-docentes-facultades-para-enfrentar-casos-de-bullying-importante\/","og_locale":"es_ES","og_type":"article","og_title":"SUTEP pide devolver a docentes facultades para enfrentar casos de bullying \u00a1IMPORTANTE!","og_description":"\u27a8 SUTEP pide devolver a docentes facultades para enfrentar casos de bullying","og_url":"https:\/\/amautaenlinea.com\/blog\/sutep-pide-devolver-a-docentes-facultades-para-enfrentar-casos-de-bullying-importante\/","og_site_name":"Grupo AMAUTA","article_publisher":"https:\/\/www.facebook.com\/amautaperu.org\/","article_published_time":"2026-09-03T11:14:16+00:00","og_image":[{"width":1280,"height":720,"url":"https:\/\/amautaenlinea.com\/blog\/wp-content\/uploads\/2026\/09\/SUTEP-pide-devolver-a-docentes-facultades-para-enfrentar-casos-de-bullying.png","type":"image\/png"}],"author":"Grupo AMAUTA EBUSINESS","twitter_card":"summary_large_image","schema":{"@context":"https:\/\/schema.org","@graph":[{"@type":"Article","@id":"https:\/\/amautaenlinea.com\/blog\/sutep-pide-devolver-a-docentes-facultades-para-enfrentar-casos-de-bullying-importante\/#article","isPartOf":{"@id":"https:\/\/amautaenlinea.com\/blog\/sutep-pide-devolver-a-docentes-facultades-para-enfrentar-casos-de-bullying-importante\/"},"author":{"name":"Grupo AMAUTA EBUSINESS","@id":"https:\/\/amautaenlinea.com\/blog\/#\/schema\/person\/d8d4b5d672e9edb72a6f23fd40dd31d5"},"headline":"SUTEP pide devolver a docentes facultades para enfrentar casos de bullying \u00a1IMPORTANTE!","datePublished":"2026-09-03T11:14:16+00:00","mainEntityOfPage":{"@id":"https:\/\/amautaenlinea.com\/blog\/sutep-pide-devolver-a-docentes-facultades-para-enfrentar-casos-de-bullying-importante\/"},"wordCount":193,"commentCount":0,"publisher":{"@id":"https:\/\/amautaenlinea.com\/blog\/#organization"},"image":{"@id":"https:\/\/amautaenlinea.com\/blog\/sutep-pide-devolver-a-docentes-facultades-para-enfrentar-casos-de-bullying-importante\/#primaryimage"},"thumbnailUrl":"https:\/\/amautaenlinea.com\/blog\/wp-content\/uploads\/2026\/09\/SUTEP-pide-devolver-a-docentes-facultades-para-enfrentar-casos-de-bullying.png","keywords":["SUTEP pide devolver a docentes facultades para enfrentar casos de bullying"],"articleSection":["Educaci\u00f3n"],"inLanguage":"es","potentialAction":[{"@type":"CommentAction","name":"Comment","target":["https:\/\/amautaenlinea.com\/blog\/sutep-pide-devolver-a-docentes-facultades-para-enfrentar-casos-de-bullying-importante\/#respond"]}],"copyrightYear":"2026","copyrightHolder":{"@id":"https:\/\/amautaenlinea.com\/blog\/#organization"}},{"@type":"WebPage","@id":"https:\/\/amautaenlinea.com\/blog\/sutep-pide-devolver-a-docentes-facultades-para-enfrentar-casos-de-bullying-importante\/","url":"https:\/\/amautaenlinea.com\/blog\/sutep-pide-devolver-a-docentes-facultades-para-enfrentar-casos-de-bullying-importante\/","name":"\u25b7 SUTEP pide devolver a docentes facultades para enfrentar casos de bullying \u00a1IMPORTANTE! \u2705","isPartOf":{"@id":"https:\/\/amautaenlinea.com\/blog\/#website"},"primaryImageOfPage":{"@id":"https:\/\/amautaenlinea.com\/blog\/sutep-pide-devolver-a-docentes-facultades-para-enfrentar-casos-de-bullying-importante\/#primaryimage"},"image":{"@id":"https:\/\/amautaenlinea.com\/blog\/sutep-pide-devolver-a-docentes-facultades-para-enfrentar-casos-de-bullying-importante\/#primaryimage"},"thumbnailUrl":"https:\/\/amautaenlinea.com\/blog\/wp-content\/uploads\/2026\/09\/SUTEP-pide-devolver-a-docentes-facultades-para-enfrentar-casos-de-bullying.png","datePublished":"2026-09-03T11:14:16+00:00","description":"\u27a8 SUTEP pide devolver a docentes facultades para enfrentar casos de bullying","breadcrumb":{"@id":"https:\/\/amautaenlinea.com\/blog\/sutep-pide-devolver-a-docentes-facultades-para-enfrentar-casos-de-bullying-importante\/#breadcrumb"},"inLanguage":"es","potentialAction":[{"@type":"ReadAction","target":["https:\/\/amautaenlinea.com\/blog\/sutep-pide-devolver-a-docentes-facultades-para-enfrentar-casos-de-bullying-importante\/"]}]},{"@type":"ImageObject","inLanguage":"es","@id":"https:\/\/amautaenlinea.com\/blog\/sutep-pide-devolver-a-docentes-facultades-para-enfrentar-casos-de-bullying-importante\/#primaryimage","url":"https:\/\/amautaenlinea.com\/blog\/wp-content\/uploads\/2026\/09\/SUTEP-pide-devolver-a-docentes-facultades-para-enfrentar-casos-de-bullying.png","contentUrl":"https:\/\/amautaenlinea.com\/blog\/wp-content\/uploads\/2026\/09\/SUTEP-pide-devolver-a-docentes-facultades-para-enfrentar-casos-de-bullying.png","width":1280,"height":720},{"@type":"BreadcrumbList","@id":"https:\/\/amautaenlinea.com\/blog\/sutep-pide-devolver-a-docentes-facultades-para-enfrentar-casos-de-bullying-importante\/#breadcrumb","itemListElement":[{"@type":"ListItem","position":1,"name":"Portada","item":"https:\/\/amautaenlinea.com\/blog\/"},{"@type":"ListItem","position":2,"name":"SUTEP pide devolver a docentes facultades para enfrentar casos de bullying \u00a1IMPORTANTE!"}]},{"@type":"WebSite","@id":"https:\/\/amautaenlinea.com\/blog\/#website","url":"https:\/\/amautaenlinea.com\/blog\/","name":"Grupo AMAUTA","description":"","publisher":{"@id":"https:\/\/amautaenlinea.com\/blog\/#organization"},"potentialAction":[{"@type":"SearchAction","target":{"@type":"EntryPoint","urlTemplate":"https:\/\/amautaenlinea.com\/blog\/?s={search_term_string}"},"query-input":{"@type":"PropertyValueSpecification","valueRequired":true,"valueName":"search_term_string"}}],"inLanguage":"es"},{"@type":"Organization","@id":"https:\/\/amautaenlinea.com\/blog\/#organization","name":"Grupo AMAUTA E-BUSINESS","url":"https:\/\/amautaenlinea.com\/blog\/","logo":{"@type":"ImageObject","inLanguage":"es","@id":"https:\/\/amautaenlinea.com\/blog\/#\/schema\/logo\/image\/","url":"https:\/\/amautaenlinea.com\/blog\/wp-content\/uploads\/2023\/09\/logo-amauta.png","contentUrl":"https:\/\/amautaenlinea.com\/blog\/wp-content\/uploads\/2023\/09\/logo-amauta.png","width":1124,"height":368,"caption":"Grupo AMAUTA E-BUSINESS"},"image":{"@id":"https:\/\/amautaenlinea.com\/blog\/#\/schema\/logo\/image\/"},"sameAs":["https:\/\/www.facebook.com\/amautaperu.org\/"]},{"@type":"Person","@id":"https:\/\/amautaenlinea.com\/blog\/#\/schema\/person\/d8d4b5d672e9edb72a6f23fd40dd31d5","name":"Grupo AMAUTA EBUSINESS","image":{"@type":"ImageObject","inLanguage":"es","@id":"https:\/\/secure.gravatar.com\/avatar\/97706b54c222a710310e2db50e02e68de0a4c8bb76654bcc4053b08241c6bd6c?s=96&d=mm&r=g","url":"https:\/\/secure.gravatar.com\/avatar\/97706b54c222a710310e2db50e02e68de0a4c8bb76654bcc4053b08241c6bd6c?s=96&d=mm&r=g","contentUrl":"https:\/\/secure.gravatar.com\/avatar\/97706b54c222a710310e2db50e02e68de0a4c8bb76654bcc4053b08241c6bd6c?s=96&d=mm&r=g","caption":"Grupo AMAUTA EBUSINESS"}}]}},"_links":{"self":[{"href":"https:\/\/amautaenlinea.com\/blog\/wp-json\/wp\/v2\/posts\/19791","targetHints":{"allow":["GET"]}}],"collection":[{"href":"https:\/\/amautaenlinea.com\/blog\/wp-json\/wp\/v2\/posts"}],"about":[{"href":"https:\/\/amautaenlinea.com\/blog\/wp-json\/wp\/v2\/types\/post"}],"author":[{"embeddable":true,"href":"https:\/\/amautaenlinea.com\/blog\/wp-json\/wp\/v2\/users\/1"}],"replies":[{"embeddable":true,"href":"https:\/\/amautaenlinea.com\/blog\/wp-json\/wp\/v2\/comments?post=19791"}],"version-history":[{"count":1,"href":"https:\/\/amautaenlinea.com\/blog\/wp-json\/wp\/v2\/posts\/19791\/revisions"}],"predecessor-version":[{"id":19794,"href":"https:\/\/amautaenlinea.com\/blog\/wp-json\/wp\/v2\/posts\/19791\/revisions\/19794"}],"wp:featuredmedia":[{"embeddable":true,"href":"https:\/\/amautaenlinea.com\/blog\/wp-json\/wp\/v2\/media\/19793"}],"wp:attachment":[{"href":"https:\/\/amautaenlinea.com\/blog\/wp-json\/wp\/v2\/media?parent=19791"}],"wp:term":[{"taxonomy":"category","embeddable":true,"href":"https:\/\/amautaenlinea.com\/blog\/wp-json\/wp\/v2\/categories?post=19791"},{"taxonomy":"post_tag","embeddable":true,"href":"https:\/\/amautaenlinea.com\/blog\/wp-json\/wp\/v2\/tags?post=19791"}],"curies":[{"name":"wp","href":"https:\/\/api.w.org\/{rel}","templated":true}]}}