{"id":19785,"date":"2026-09-02T05:52:03","date_gmt":"2026-09-02T10:52:03","guid":{"rendered":"https:\/\/amautaenlinea.com\/blog\/?p=19785"},"modified":"2026-09-02T05:52:03","modified_gmt":"2026-09-02T10:52:03","slug":"decreto-supremo-que-autoriza-transferencia-para-el-pago-de-las-asignaciones-temporales","status":"publish","type":"post","link":"https:\/\/amautaenlinea.com\/blog\/decreto-supremo-que-autoriza-transferencia-para-el-pago-de-las-asignaciones-temporales\/","title":{"rendered":"Decreto supremo que autoriza transferencia para el pago de las asignaciones temporales"},"content":{"rendered":"<h1 class=\"sumilla\">Decreto Supremo que autoriza Transferencia de Partidas en el Presupuesto del Sector P\u00fablico para el A\u00f1o Fiscal 2026 a favor de los gobiernos regionales<\/h1>\n<h2 class=\"resoluci-n\">DECRETO SUPREMO N\u00ba 172-2026-EF<\/h2>\n<p class=\"cuerpo\">LA PRESIDENTA DE LA REP\u00daBLICA<\/p>\n<p class=\"cuerpo\">CONSIDERANDO:<\/p>\n<p class=\"cuerpo\">Que, el numeral 82.1 del art\u00edculo 82 de la Ley N\u00ba 32513, Ley de Presupuesto del Sector P\u00fablico para el A\u00f1o Fiscal 2026, autoriza al Ministerio de Educaci\u00f3n, con cargo a los recursos de su presupuesto institucional del A\u00f1o Fiscal 2026, para efectuar modificaciones presupuestarias en el nivel institucional a favor de los gobiernos regionales, hasta por la suma de S\/ 587 272 027,00 (QUINIENTOS OCHENTA Y SIETE MILLONES DOSCIENTOS SETENTA Y DOS MIL VEINTISIETE Y 00\/100 SOLES), para financiar, entre otras finalidades, lo dispuesto en los literales a), c), d) y e) del citado numeral, referidos al pago de las asignaciones temporales y dem\u00e1s derechos, beneficios y conceptos remunerativos correspondientes a los profesores en el marco de la Ley N\u00ba 29944, Ley de Reforma Magisterial; al pago de la asignaci\u00f3n especial por prestar servicios en instituciones educativas en el Valle de los R\u00edos Apur\u00edmac, Ene y Mantaro (VRAEM), en el marco de lo dispuesto por la Octava Disposici\u00f3n Complementaria, Transitoria y Final de la Ley N\u00ba 29944, el literal c) del numeral 2.1 del art\u00edculo 2 de la Ley N\u00ba 30328, Ley que establece medidas en materia educativa y dicta otras disposiciones, y los art\u00edculos 1 y 2 de la Ley N\u00ba 30202, Ley que otorga asignaci\u00f3n especial por laborar en el Valle de los R\u00edos Apur\u00edmac, Ene y Mantaro (VRAEM) a los profesores contratados y dicta otras disposiciones; al pago de los derechos y beneficios correspondientes de los profesores contratados en el marco del Contrato de Servicio Docente al que se refiere la Ley N\u00ba 30328 y la normatividad complementaria; y al pago de los derechos y beneficios de los auxiliares de educaci\u00f3n nombrados y contratados en el marco de la Ley N\u00ba 30493, Ley que regula la pol\u00edtica remunerativa del Auxiliar de Educaci\u00f3n en las instituciones educativas p\u00fablicas, en el marco de la Ley N\u00ba 29944;<\/p>\n<p class=\"cuerpo\">Que, asimismo, el numeral 82.2 del art\u00edculo 82 de la Ley N\u00ba 32513 dispone que las modificaciones presupuestarias en el nivel institucional se aprueban mediante decreto supremo refrendado por el Ministro de Econom\u00eda y Finanzas y por el Ministro de Educaci\u00f3n, a propuesta de este \u00faltimo y de conformidad con las disposiciones establecidas por el Ministerio de Educaci\u00f3n, en el marco de la normatividad de la materia, debiendo publicarse hasta el 13 de noviembre de 2026; siendo que las propuestas de decreto supremo deben ser presentadas al Ministerio de Econom\u00eda y Finanzas hasta el 09 de octubre de 2026;<\/p>\n<p class=\"cuerpo\">Que, mediante el Oficio N\u00ba 01362-2026-MINEDU\/SG, el Ministerio de Educaci\u00f3n solicita una Transferencia de Partidas en el Presupuesto del Sector P\u00fablico para el A\u00f1o Fiscal 2026, con cargo a los recursos de su presupuesto institucional, a favor de los gobiernos regionales, para financiar el costo diferencial que implica el pago de las asignaciones temporales por tipo y ubicaci\u00f3n de la instituci\u00f3n educativa, de las asignaciones temporales y bonificaciones por condiciones especiales del servicio y de la asignaci\u00f3n especial por prestar servicios en el Valle de los R\u00edos Apur\u00edmac, Ene y Mantaro (VRAEM) de los profesores y auxiliares de educaci\u00f3n nombrados y contratados comprendidos en las Leyes N\u00ba 29944, N\u00ba 30328 y N\u00ba 30493, correspondientes al A\u00f1o Fiscal 2026, en el marco de lo dispuesto en los literales a), c), d) y e) del numeral 82.1 del art\u00edculo 82 de la Ley N\u00ba 32513; para dicho efecto, adjunta el Informe N\u00ba 1059-2026-MINEDU\/SPE-OPEP-UPP de la Unidad de Planificaci\u00f3n y Presupuesto de la Oficina de Planificaci\u00f3n Estrat\u00e9gica y Presupuesto de la Secretar\u00eda de Planificaci\u00f3n Estrat\u00e9gica del citado Ministerio, con los respectivos sustentos. Asimismo, mediante los Oficios N\u00ba 01757-2026-MINEDU\/SPE-OPEP y N\u00ba 01912-2026-MINEDU\/SPE-OPEP se adjuntan los Informes N\u00ba 01456-2026-MINEDU\/SPE-OPEP-UPP y N\u00ba 01587-2026-MINEDU\/SPE-OPEP-UPP, respectivamente, con informaci\u00f3n complementaria;<\/p>\n<p class=\"cuerpo\">Que, mediante el Memorando N\u00ba 3116-2026-EF\/53.04, que adjunta el Informe N\u00ba 2224-2026-EF\/53.04, la Direcci\u00f3n General de Gesti\u00f3n Fiscal de los Recursos Humanos del Ministerio de Econom\u00eda y Finanzas determina el costo estimado para financiar el pago de las asignaciones temporales, de las bonificaciones por condiciones especiales del servicio y de la asignaci\u00f3n especial por prestar servicios en el Valle de los R\u00edos Apur\u00edmac, Ene y Mantaro (VRAEM) de los profesores y auxiliares de educaci\u00f3n nombrados y contratados comprendidos en las Leyes N\u00ba 29944, N\u00ba 30328 y N\u00ba 30493, en el marco de lo dispuesto en los literales a), c), d) y e) del numeral 82.1 del art\u00edculo 82 de la Ley N\u00ba 32513;<\/p>\n<p class=\"cuerpo cuerpo-override\"><span class=\"no-style-override-1\">Que, en consecuencia, corresponde autorizar una Transferencia de Partidas en el Presupuesto del Sector P\u00fablico para el A\u00f1o Fiscal 2026, hasta por la suma de S\/ 169 384 260,00 (CIENTO SESENTA Y NUEVE MILLONES TRESCIENTOS OCHENTA Y CUATRO MIL DOSCIENTOS SESENTA Y 00\/100 SOLES), por la fuente de financiamiento Recursos Ordinarios, con cargo a los recursos del presupuesto institucional del Ministerio de Educaci\u00f3n, a favor de los gobiernos regionales, para los fines se\u00f1alados en los considerandos precedentes;<\/span><\/p>\n<p class=\"cuerpo\">De conformidad con lo establecido en los numerales 82.1 y 82.2 del art\u00edculo 82 de la Ley N\u00ba 32513, Ley de Presupuesto del Sector P\u00fablico para el A\u00f1o Fiscal 2026;<\/p>\n<h2 class=\"cuerpo\">DECRETA:<\/h2>\n<h3 class=\"cuerpo cuerpo-override\"><span class=\"no-style-override\">Art\u00edculo 1.- Objeto<\/span><\/h3>\n<p class=\"cuerpo\">1.1 Se autoriza una Transferencia de Partidas en el Presupuesto del Sector P\u00fablico para el A\u00f1o Fiscal 2026, hasta por la suma de S\/ 169 384 260,00 (CIENTO SESENTA Y NUEVE MILLONES TRESCIENTOS OCHENTA Y CUATRO MIL DOSCIENTOS SESENTA Y 00\/100 SOLES), por la fuente de financiamiento Recursos Ordinarios, a favor de los gobiernos regionales, para financiar el costo diferencial que implica el pago de las asignaciones temporales por tipo y ubicaci\u00f3n de la instituci\u00f3n educativa, de las asignaciones temporales y bonificaciones por condiciones especiales del servicio y de la asignaci\u00f3n especial por prestar servicios en el Valle de los R\u00edos Apur\u00edmac, Ene y Mantaro (VRAEM) de los profesores y auxiliares de educaci\u00f3n nombrados y contratados comprendidos en las Leyes N\u00ba 29944, N\u00ba 30328 y N\u00ba 30493, correspondientes al A\u00f1o Fiscal 2026, conforme a lo dispuesto en los literales a), c), d) y e) del numeral 82.1 del art\u00edculo 82 de la Ley N\u00ba 32513, Ley de Presupuesto del Sector P\u00fablico para el A\u00f1o Fiscal 2026, con cargo a los recursos del presupuesto institucional del Ministerio de Educaci\u00f3n, de acuerdo con el siguiente detalle:<\/p>\n<p class=\"tabulado-eco tabulado-eco-override\"><span class=\"no-style-override\">DE LA: En Soles<\/span><\/p>\n<p class=\"tabulado-eco tabulado-eco-override\"><span class=\"no-style-override-1\">SECCI\u00d3N PRIMERA : Gobierno Central<\/span><\/p>\n<p class=\"tabulado-eco tabulado-eco-override\"><span class=\"no-style-override-1\">PLIEGO 010 : M. de Educaci\u00f3n<\/span><\/p>\n<p class=\"tabulado-eco tabulado-eco-override\"><span class=\"no-style-override-1\">FUENTE DE FINANCIAMIENTO 1 : Recursos Ordinarios<\/span><\/p>\n<p class=\"tabulado-eco tabulado-eco-override\"><span class=\"no-style-override-1\">GASTO CORRIENTE<\/span><\/p>\n<p class=\"tabulado-eco tabulado-eco-override\"><span class=\"no-style-override-1\">2.1 Personal y Obligaciones Sociales 120 511 460,00<\/span><\/p>\n<p class=\"tabulado-eco tabulado-eco-override\"><span class=\"no-style-override-1\">2.3 Bienes y Servicios 11 435 822,00<\/span><\/p>\n<p class=\"tabulado-eco tabulado-eco-override\"><span class=\"no-style-override-1\">2.4 Donaciones y Transferencias 37 436 978,00<\/span><\/p>\n<p class=\"tabulado-eco tabulado-eco-override\"><span class=\"no-style-override\">============<\/span><\/p>\n<p class=\"tabulado-eco tabulado-eco-override\"><span class=\"no-style-override\">TOTAL EGRESOS 169 384 260,00<\/span><\/p>\n<p class=\"tabulado-eco tabulado-eco-override\"><span class=\"no-style-override\">============<\/span><\/p>\n<p class=\"tabulado-eco tabulado-eco-override\"><span class=\"no-style-override\">A LA: En Soles<\/span><\/p>\n<p class=\"tabulado-eco tabulado-eco-override\"><span class=\"no-style-override-1\">SECCI\u00d3N SEGUNDA : Instancias Descentralizadas<\/span><\/p>\n<p class=\"tabulado-eco tabulado-eco-override\"><span class=\"no-style-override-1\">PLIEGOS : Gobiernos Regionales<\/span><\/p>\n<p class=\"tabulado-eco tabulado-eco-override\"><span class=\"no-style-override-1\">FUENTE DE FINANCIAMIENTO 1 : Recursos Ordinarios<\/span><\/p>\n<p class=\"tabulado-eco tabulado-eco-override\"><span class=\"no-style-override-1\">GASTO CORRIENTE<\/span><\/p>\n<p class=\"tabulado-eco tabulado-eco-override\"><span class=\"no-style-override-1\">2.1 Personal y Obligaciones Sociales 169 384 260,00<\/span><\/p>\n<p class=\"tabulado-eco tabulado-eco-override\"><span class=\"no-style-override\">============<\/span><\/p>\n<p class=\"tabulado-eco tabulado-eco-override\"><span class=\"no-style-override\">TOTAL EGRESOS 169 384 260,00<\/span><\/p>\n<p class=\"tabulado-eco tabulado-eco-override\"><span class=\"no-style-override\">============<\/span><\/p>\n<p class=\"cuerpo\">1.2 El detalle de los pliegos y de los montos de la Transferencia de Partidas autorizada en el numeral 1.1 del presente art\u00edculo se encuentra en el Anexo I \u201cTransferencia de Partidas con cargo a los recursos del presupuesto institucional del Ministerio de Educaci\u00f3n\u201d y en el Anexo II \u201cTransferencia de Partidas en el Presupuesto del Sector P\u00fablico para el A\u00f1o Fiscal 2026 a favor de los gobiernos regionales, para financiar el costo diferencial que implica el pago de las asignaciones temporales por tipo y ubicaci\u00f3n de la instituci\u00f3n educativa, de las asignaciones temporales y bonificaciones por condiciones especiales del servicio y de la asignaci\u00f3n especial por prestar servicios en el Valle de los R\u00edos Apur\u00edmac, Ene y Mantaro (VRAEM) de los profesores y auxiliares de educaci\u00f3n nombrados y contratados comprendidos en las Leyes N\u00ba 29944, N\u00ba 30328 y N\u00ba 30493, correspondientes al A\u00f1o Fiscal 2026\u201d, que forman parte integrante del presente Decreto Supremo, que se publican en las sedes digitales del Ministerio de Educaci\u00f3n (www.gob.pe\/minedu) y del Ministerio de Econom\u00eda y Finanzas (www.gob.pe\/mef), en la misma fecha de publicaci\u00f3n de la presente norma en el diario oficial El Peruano.<\/p>\n<p class=\"cuerpo cuerpo-override\"><span class=\"no-style-override\">Art\u00edculo 2.- Procedimiento para la aprobaci\u00f3n institucional<\/span><\/p>\n<p class=\"cuerpo cuerpo-override\"><span class=\"no-style-override-1\">2.1 El Titular del pliego habilitador y de los pliegos habilitados en la presente Transferencia de Partidas aprueban, mediante resoluci\u00f3n, la desagregaci\u00f3n de los recursos autorizados en el numeral 1.1 del art\u00edculo 1 del presente Decreto Supremo a nivel program\u00e1tico, dentro de los cinco (5) d\u00edas calendario de la vigencia del presente dispositivo legal. Copia de la resoluci\u00f3n se remite dentro de los cinco (5) d\u00edas calendario de aprobada a los organismos se\u00f1alados en el numeral 31.4 del art\u00edculo 31 del Decreto Legislativo N\u00ba 1440, Decreto Legislativo del Sistema Nacional de Presupuesto P\u00fablico.<\/span><\/p>\n<p class=\"cuerpo cuerpo-override\"><span class=\"no-style-override-1\">2.2 La Oficina de Presupuesto o la que haga sus veces en los pliegos involucrados solicita a la Direcci\u00f3n General de Presupuesto P\u00fablico del Ministerio de Econom\u00eda y Finanzas las codificaciones que se requieran como consecuencia de la incorporaci\u00f3n de nuevas Partidas de Ingresos, Finalidades y Unidades de Medida.<\/span><\/p>\n<p class=\"cuerpo\">2.3 La Oficina de Presupuesto o la que haga sus veces en los pliegos involucrados instruye a las Unidades Ejecutoras para que elaboren las correspondientes \u201cNotas de Modificaci\u00f3n Presupuestaria\u201d que se requieran como consecuencia de lo dispuesto en el presente Decreto Supremo.<\/p>\n<p class=\"cuerpo cuerpo-override\"><span class=\"no-style-override\">Art\u00edculo 3.- Limitaci\u00f3n al uso de los recursos<\/span><\/p>\n<p class=\"cuerpo\">Los recursos de la Transferencia de Partidas a que hace referencia el art\u00edculo 1 del presente Decreto Supremo no pueden ser destinados, bajo responsabilidad, a fines distintos para los cuales son transferidos.<\/p>\n<p class=\"cuerpo cuerpo-override\"><span class=\"no-style-override\">Art\u00edculo 4.- Refrendo<\/span><\/p>\n<p class=\"cuerpo\">El presente Decreto Supremo es refrendado por el Ministro de Econom\u00eda y Finanzas y por el Ministro de Educaci\u00f3n.<\/p>\n<p class=\"cuerpo\">Dado en la Casa de Gobierno, en Lima, al primer d\u00eda del mes de setiembre del a\u00f1o dos mil veintis\u00e9is.<\/p>\n<p class=\"cuerpo\">KEIKO SOF\u00cdA FUJIMORI HIGUCHI<\/p>\n<p class=\"cuerpo\">Presidenta de la Rep\u00fablica<\/p>\n<p class=\"cuerpo\">ELMER RAFAEL CUBA BUSTINZA<\/p>\n<p class=\"cuerpo\">Ministro de Econom\u00eda y Finanzas<\/p>\n<p class=\"cuerpo\">JOS\u00c9 ANTONIO CHANG ESCOBEDO<\/p>\n<p class=\"cuerpo\">Ministro de Educaci\u00f3n<\/p>\n<p class=\"subrayado\"><span class=\"bold-cuerpo\">2549961-1<\/span><\/p>\n<h3><a href=\"https:\/\/busquedas.elperuano.pe\/dispositivo\/NL\/2549961-1\">DESCARGAR AQU\u00cd LA NORMATIVA OFICIAL<\/a><\/h3>\n","protected":false},"excerpt":{"rendered":"<p>Decreto Supremo que autoriza Transferencia de Partidas en el Presupuesto del Sector P\u00fablico para el A\u00f1o Fiscal 2026 a favor de los gobiernos regionales<\/p>\n","protected":false},"author":1,"featured_media":19786,"comment_status":"open","ping_status":"open","sticky":false,"template":"","format":"standard","meta":{"footnotes":""},"categories":[4],"tags":[3696],"class_list":["post-19785","post","type-post","status-publish","format-standard","has-post-thumbnail","hentry","category-educacion","tag-decreto-supremo-que-autoriza-transferencia-para-el-pago-de-las-asignaciones-temporales"],"yoast_head":"<!-- This site is optimized with the Yoast SEO Premium plugin v27.6.1 (Yoast SEO v28.4) - https:\/\/yoast.com\/product\/yoast-seo-premium-wordpress\/ -->\n<title>\u25b7 Decreto supremo que autoriza transferencia para el pago de las asignaciones temporales \u2705<\/title>\n<meta name=\"description\" content=\"\u27a8 Decreto supremo que autoriza transferencia para el pago de las asignaciones temporales\" \/>\n<meta name=\"robots\" content=\"index, follow, max-snippet:-1, max-image-preview:large, max-video-preview:-1\" \/>\n<link rel=\"canonical\" href=\"https:\/\/amautaenlinea.com\/blog\/decreto-supremo-que-autoriza-transferencia-para-el-pago-de-las-asignaciones-temporales\/\" \/>\n<meta property=\"og:locale\" content=\"es_ES\" \/>\n<meta property=\"og:type\" content=\"article\" \/>\n<meta property=\"og:title\" content=\"Decreto supremo que autoriza transferencia para el pago de las asignaciones temporales\" \/>\n<meta property=\"og:description\" content=\"\u27a8 Decreto supremo que autoriza transferencia para el pago de las asignaciones temporales\" \/>\n<meta property=\"og:url\" content=\"https:\/\/amautaenlinea.com\/blog\/decreto-supremo-que-autoriza-transferencia-para-el-pago-de-las-asignaciones-temporales\/\" \/>\n<meta property=\"og:site_name\" content=\"Grupo AMAUTA\" \/>\n<meta property=\"article:publisher\" content=\"https:\/\/www.facebook.com\/amautaperu.org\/\" \/>\n<meta property=\"article:published_time\" content=\"2026-09-02T10:52:03+00:00\" \/>\n<meta property=\"og:image\" content=\"https:\/\/amautaenlinea.com\/blog\/wp-content\/uploads\/2026\/09\/Decreto-supremo-que-autoriza-transferencia-para-el-pago-de-las-asignaciones-temporales.png\" \/>\n\t<meta property=\"og:image:width\" content=\"1280\" \/>\n\t<meta property=\"og:image:height\" content=\"720\" \/>\n\t<meta property=\"og:image:type\" content=\"image\/png\" \/>\n<meta name=\"author\" content=\"Grupo AMAUTA EBUSINESS\" \/>\n<meta name=\"twitter:card\" content=\"summary_large_image\" \/>\n<script type=\"application\/ld+json\" class=\"yoast-schema-graph\">{\"@context\":\"https:\\\/\\\/schema.org\",\"@graph\":[{\"@type\":\"Article\",\"@id\":\"https:\\\/\\\/amautaenlinea.com\\\/blog\\\/decreto-supremo-que-autoriza-transferencia-para-el-pago-de-las-asignaciones-temporales\\\/#article\",\"isPartOf\":{\"@id\":\"https:\\\/\\\/amautaenlinea.com\\\/blog\\\/decreto-supremo-que-autoriza-transferencia-para-el-pago-de-las-asignaciones-temporales\\\/\"},\"author\":{\"name\":\"Grupo AMAUTA EBUSINESS\",\"@id\":\"https:\\\/\\\/amautaenlinea.com\\\/blog\\\/#\\\/schema\\\/person\\\/d8d4b5d672e9edb72a6f23fd40dd31d5\"},\"headline\":\"Decreto supremo que autoriza transferencia para el pago de las asignaciones temporales\",\"datePublished\":\"2026-09-02T10:52:03+00:00\",\"mainEntityOfPage\":{\"@id\":\"https:\\\/\\\/amautaenlinea.com\\\/blog\\\/decreto-supremo-que-autoriza-transferencia-para-el-pago-de-las-asignaciones-temporales\\\/\"},\"wordCount\":1669,\"commentCount\":0,\"publisher\":{\"@id\":\"https:\\\/\\\/amautaenlinea.com\\\/blog\\\/#organization\"},\"image\":{\"@id\":\"https:\\\/\\\/amautaenlinea.com\\\/blog\\\/decreto-supremo-que-autoriza-transferencia-para-el-pago-de-las-asignaciones-temporales\\\/#primaryimage\"},\"thumbnailUrl\":\"https:\\\/\\\/amautaenlinea.com\\\/blog\\\/wp-content\\\/uploads\\\/2026\\\/09\\\/Decreto-supremo-que-autoriza-transferencia-para-el-pago-de-las-asignaciones-temporales.png\",\"keywords\":[\"Decreto supremo que autoriza transferencia para el pago de las asignaciones temporales\"],\"articleSection\":[\"Educaci\u00f3n\"],\"inLanguage\":\"es\",\"potentialAction\":[{\"@type\":\"CommentAction\",\"name\":\"Comment\",\"target\":[\"https:\\\/\\\/amautaenlinea.com\\\/blog\\\/decreto-supremo-que-autoriza-transferencia-para-el-pago-de-las-asignaciones-temporales\\\/#respond\"]}],\"copyrightYear\":\"2026\",\"copyrightHolder\":{\"@id\":\"https:\\\/\\\/amautaenlinea.com\\\/blog\\\/#organization\"}},{\"@type\":\"WebPage\",\"@id\":\"https:\\\/\\\/amautaenlinea.com\\\/blog\\\/decreto-supremo-que-autoriza-transferencia-para-el-pago-de-las-asignaciones-temporales\\\/\",\"url\":\"https:\\\/\\\/amautaenlinea.com\\\/blog\\\/decreto-supremo-que-autoriza-transferencia-para-el-pago-de-las-asignaciones-temporales\\\/\",\"name\":\"\u25b7 Decreto supremo que autoriza transferencia para el pago de las asignaciones temporales \u2705\",\"isPartOf\":{\"@id\":\"https:\\\/\\\/amautaenlinea.com\\\/blog\\\/#website\"},\"primaryImageOfPage\":{\"@id\":\"https:\\\/\\\/amautaenlinea.com\\\/blog\\\/decreto-supremo-que-autoriza-transferencia-para-el-pago-de-las-asignaciones-temporales\\\/#primaryimage\"},\"image\":{\"@id\":\"https:\\\/\\\/amautaenlinea.com\\\/blog\\\/decreto-supremo-que-autoriza-transferencia-para-el-pago-de-las-asignaciones-temporales\\\/#primaryimage\"},\"thumbnailUrl\":\"https:\\\/\\\/amautaenlinea.com\\\/blog\\\/wp-content\\\/uploads\\\/2026\\\/09\\\/Decreto-supremo-que-autoriza-transferencia-para-el-pago-de-las-asignaciones-temporales.png\",\"datePublished\":\"2026-09-02T10:52:03+00:00\",\"description\":\"\u27a8 Decreto supremo que autoriza transferencia para el pago de las asignaciones temporales\",\"breadcrumb\":{\"@id\":\"https:\\\/\\\/amautaenlinea.com\\\/blog\\\/decreto-supremo-que-autoriza-transferencia-para-el-pago-de-las-asignaciones-temporales\\\/#breadcrumb\"},\"inLanguage\":\"es\",\"potentialAction\":[{\"@type\":\"ReadAction\",\"target\":[\"https:\\\/\\\/amautaenlinea.com\\\/blog\\\/decreto-supremo-que-autoriza-transferencia-para-el-pago-de-las-asignaciones-temporales\\\/\"]}]},{\"@type\":\"ImageObject\",\"inLanguage\":\"es\",\"@id\":\"https:\\\/\\\/amautaenlinea.com\\\/blog\\\/decreto-supremo-que-autoriza-transferencia-para-el-pago-de-las-asignaciones-temporales\\\/#primaryimage\",\"url\":\"https:\\\/\\\/amautaenlinea.com\\\/blog\\\/wp-content\\\/uploads\\\/2026\\\/09\\\/Decreto-supremo-que-autoriza-transferencia-para-el-pago-de-las-asignaciones-temporales.png\",\"contentUrl\":\"https:\\\/\\\/amautaenlinea.com\\\/blog\\\/wp-content\\\/uploads\\\/2026\\\/09\\\/Decreto-supremo-que-autoriza-transferencia-para-el-pago-de-las-asignaciones-temporales.png\",\"width\":1280,\"height\":720},{\"@type\":\"BreadcrumbList\",\"@id\":\"https:\\\/\\\/amautaenlinea.com\\\/blog\\\/decreto-supremo-que-autoriza-transferencia-para-el-pago-de-las-asignaciones-temporales\\\/#breadcrumb\",\"itemListElement\":[{\"@type\":\"ListItem\",\"position\":1,\"name\":\"Portada\",\"item\":\"https:\\\/\\\/amautaenlinea.com\\\/blog\\\/\"},{\"@type\":\"ListItem\",\"position\":2,\"name\":\"Decreto supremo que autoriza transferencia para el pago de las asignaciones temporales\"}]},{\"@type\":\"WebSite\",\"@id\":\"https:\\\/\\\/amautaenlinea.com\\\/blog\\\/#website\",\"url\":\"https:\\\/\\\/amautaenlinea.com\\\/blog\\\/\",\"name\":\"Grupo AMAUTA\",\"description\":\"\",\"publisher\":{\"@id\":\"https:\\\/\\\/amautaenlinea.com\\\/blog\\\/#organization\"},\"potentialAction\":[{\"@type\":\"SearchAction\",\"target\":{\"@type\":\"EntryPoint\",\"urlTemplate\":\"https:\\\/\\\/amautaenlinea.com\\\/blog\\\/?s={search_term_string}\"},\"query-input\":{\"@type\":\"PropertyValueSpecification\",\"valueRequired\":true,\"valueName\":\"search_term_string\"}}],\"inLanguage\":\"es\"},{\"@type\":\"Organization\",\"@id\":\"https:\\\/\\\/amautaenlinea.com\\\/blog\\\/#organization\",\"name\":\"Grupo AMAUTA E-BUSINESS\",\"url\":\"https:\\\/\\\/amautaenlinea.com\\\/blog\\\/\",\"logo\":{\"@type\":\"ImageObject\",\"inLanguage\":\"es\",\"@id\":\"https:\\\/\\\/amautaenlinea.com\\\/blog\\\/#\\\/schema\\\/logo\\\/image\\\/\",\"url\":\"https:\\\/\\\/amautaenlinea.com\\\/blog\\\/wp-content\\\/uploads\\\/2023\\\/09\\\/logo-amauta.png\",\"contentUrl\":\"https:\\\/\\\/amautaenlinea.com\\\/blog\\\/wp-content\\\/uploads\\\/2023\\\/09\\\/logo-amauta.png\",\"width\":1124,\"height\":368,\"caption\":\"Grupo AMAUTA E-BUSINESS\"},\"image\":{\"@id\":\"https:\\\/\\\/amautaenlinea.com\\\/blog\\\/#\\\/schema\\\/logo\\\/image\\\/\"},\"sameAs\":[\"https:\\\/\\\/www.facebook.com\\\/amautaperu.org\\\/\"]},{\"@type\":\"Person\",\"@id\":\"https:\\\/\\\/amautaenlinea.com\\\/blog\\\/#\\\/schema\\\/person\\\/d8d4b5d672e9edb72a6f23fd40dd31d5\",\"name\":\"Grupo AMAUTA EBUSINESS\",\"image\":{\"@type\":\"ImageObject\",\"inLanguage\":\"es\",\"@id\":\"https:\\\/\\\/secure.gravatar.com\\\/avatar\\\/97706b54c222a710310e2db50e02e68de0a4c8bb76654bcc4053b08241c6bd6c?s=96&d=mm&r=g\",\"url\":\"https:\\\/\\\/secure.gravatar.com\\\/avatar\\\/97706b54c222a710310e2db50e02e68de0a4c8bb76654bcc4053b08241c6bd6c?s=96&d=mm&r=g\",\"contentUrl\":\"https:\\\/\\\/secure.gravatar.com\\\/avatar\\\/97706b54c222a710310e2db50e02e68de0a4c8bb76654bcc4053b08241c6bd6c?s=96&d=mm&r=g\",\"caption\":\"Grupo AMAUTA EBUSINESS\"}}]}<\/script>\n<!-- \/ Yoast SEO Premium plugin. -->","yoast_head_json":{"title":"\u25b7 Decreto supremo que autoriza transferencia para el pago de las asignaciones temporales \u2705","description":"\u27a8 Decreto supremo que autoriza transferencia para el pago de las asignaciones temporales","robots":{"index":"index","follow":"follow","max-snippet":"max-snippet:-1","max-image-preview":"max-image-preview:large","max-video-preview":"max-video-preview:-1"},"canonical":"https:\/\/amautaenlinea.com\/blog\/decreto-supremo-que-autoriza-transferencia-para-el-pago-de-las-asignaciones-temporales\/","og_locale":"es_ES","og_type":"article","og_title":"Decreto supremo que autoriza transferencia para el pago de las asignaciones temporales","og_description":"\u27a8 Decreto supremo que autoriza transferencia para el pago de las asignaciones temporales","og_url":"https:\/\/amautaenlinea.com\/blog\/decreto-supremo-que-autoriza-transferencia-para-el-pago-de-las-asignaciones-temporales\/","og_site_name":"Grupo AMAUTA","article_publisher":"https:\/\/www.facebook.com\/amautaperu.org\/","article_published_time":"2026-09-02T10:52:03+00:00","og_image":[{"width":1280,"height":720,"url":"https:\/\/amautaenlinea.com\/blog\/wp-content\/uploads\/2026\/09\/Decreto-supremo-que-autoriza-transferencia-para-el-pago-de-las-asignaciones-temporales.png","type":"image\/png"}],"author":"Grupo AMAUTA EBUSINESS","twitter_card":"summary_large_image","schema":{"@context":"https:\/\/schema.org","@graph":[{"@type":"Article","@id":"https:\/\/amautaenlinea.com\/blog\/decreto-supremo-que-autoriza-transferencia-para-el-pago-de-las-asignaciones-temporales\/#article","isPartOf":{"@id":"https:\/\/amautaenlinea.com\/blog\/decreto-supremo-que-autoriza-transferencia-para-el-pago-de-las-asignaciones-temporales\/"},"author":{"name":"Grupo AMAUTA EBUSINESS","@id":"https:\/\/amautaenlinea.com\/blog\/#\/schema\/person\/d8d4b5d672e9edb72a6f23fd40dd31d5"},"headline":"Decreto supremo que autoriza transferencia para el pago de las asignaciones temporales","datePublished":"2026-09-02T10:52:03+00:00","mainEntityOfPage":{"@id":"https:\/\/amautaenlinea.com\/blog\/decreto-supremo-que-autoriza-transferencia-para-el-pago-de-las-asignaciones-temporales\/"},"wordCount":1669,"commentCount":0,"publisher":{"@id":"https:\/\/amautaenlinea.com\/blog\/#organization"},"image":{"@id":"https:\/\/amautaenlinea.com\/blog\/decreto-supremo-que-autoriza-transferencia-para-el-pago-de-las-asignaciones-temporales\/#primaryimage"},"thumbnailUrl":"https:\/\/amautaenlinea.com\/blog\/wp-content\/uploads\/2026\/09\/Decreto-supremo-que-autoriza-transferencia-para-el-pago-de-las-asignaciones-temporales.png","keywords":["Decreto supremo que autoriza transferencia para el pago de las asignaciones temporales"],"articleSection":["Educaci\u00f3n"],"inLanguage":"es","potentialAction":[{"@type":"CommentAction","name":"Comment","target":["https:\/\/amautaenlinea.com\/blog\/decreto-supremo-que-autoriza-transferencia-para-el-pago-de-las-asignaciones-temporales\/#respond"]}],"copyrightYear":"2026","copyrightHolder":{"@id":"https:\/\/amautaenlinea.com\/blog\/#organization"}},{"@type":"WebPage","@id":"https:\/\/amautaenlinea.com\/blog\/decreto-supremo-que-autoriza-transferencia-para-el-pago-de-las-asignaciones-temporales\/","url":"https:\/\/amautaenlinea.com\/blog\/decreto-supremo-que-autoriza-transferencia-para-el-pago-de-las-asignaciones-temporales\/","name":"\u25b7 Decreto supremo que autoriza transferencia para el pago de las asignaciones temporales \u2705","isPartOf":{"@id":"https:\/\/amautaenlinea.com\/blog\/#website"},"primaryImageOfPage":{"@id":"https:\/\/amautaenlinea.com\/blog\/decreto-supremo-que-autoriza-transferencia-para-el-pago-de-las-asignaciones-temporales\/#primaryimage"},"image":{"@id":"https:\/\/amautaenlinea.com\/blog\/decreto-supremo-que-autoriza-transferencia-para-el-pago-de-las-asignaciones-temporales\/#primaryimage"},"thumbnailUrl":"https:\/\/amautaenlinea.com\/blog\/wp-content\/uploads\/2026\/09\/Decreto-supremo-que-autoriza-transferencia-para-el-pago-de-las-asignaciones-temporales.png","datePublished":"2026-09-02T10:52:03+00:00","description":"\u27a8 Decreto supremo que autoriza transferencia para el pago de las asignaciones temporales","breadcrumb":{"@id":"https:\/\/amautaenlinea.com\/blog\/decreto-supremo-que-autoriza-transferencia-para-el-pago-de-las-asignaciones-temporales\/#breadcrumb"},"inLanguage":"es","potentialAction":[{"@type":"ReadAction","target":["https:\/\/amautaenlinea.com\/blog\/decreto-supremo-que-autoriza-transferencia-para-el-pago-de-las-asignaciones-temporales\/"]}]},{"@type":"ImageObject","inLanguage":"es","@id":"https:\/\/amautaenlinea.com\/blog\/decreto-supremo-que-autoriza-transferencia-para-el-pago-de-las-asignaciones-temporales\/#primaryimage","url":"https:\/\/amautaenlinea.com\/blog\/wp-content\/uploads\/2026\/09\/Decreto-supremo-que-autoriza-transferencia-para-el-pago-de-las-asignaciones-temporales.png","contentUrl":"https:\/\/amautaenlinea.com\/blog\/wp-content\/uploads\/2026\/09\/Decreto-supremo-que-autoriza-transferencia-para-el-pago-de-las-asignaciones-temporales.png","width":1280,"height":720},{"@type":"BreadcrumbList","@id":"https:\/\/amautaenlinea.com\/blog\/decreto-supremo-que-autoriza-transferencia-para-el-pago-de-las-asignaciones-temporales\/#breadcrumb","itemListElement":[{"@type":"ListItem","position":1,"name":"Portada","item":"https:\/\/amautaenlinea.com\/blog\/"},{"@type":"ListItem","position":2,"name":"Decreto supremo que autoriza transferencia para el pago de las asignaciones temporales"}]},{"@type":"WebSite","@id":"https:\/\/amautaenlinea.com\/blog\/#website","url":"https:\/\/amautaenlinea.com\/blog\/","name":"Grupo AMAUTA","description":"","publisher":{"@id":"https:\/\/amautaenlinea.com\/blog\/#organization"},"potentialAction":[{"@type":"SearchAction","target":{"@type":"EntryPoint","urlTemplate":"https:\/\/amautaenlinea.com\/blog\/?s={search_term_string}"},"query-input":{"@type":"PropertyValueSpecification","valueRequired":true,"valueName":"search_term_string"}}],"inLanguage":"es"},{"@type":"Organization","@id":"https:\/\/amautaenlinea.com\/blog\/#organization","name":"Grupo AMAUTA E-BUSINESS","url":"https:\/\/amautaenlinea.com\/blog\/","logo":{"@type":"ImageObject","inLanguage":"es","@id":"https:\/\/amautaenlinea.com\/blog\/#\/schema\/logo\/image\/","url":"https:\/\/amautaenlinea.com\/blog\/wp-content\/uploads\/2023\/09\/logo-amauta.png","contentUrl":"https:\/\/amautaenlinea.com\/blog\/wp-content\/uploads\/2023\/09\/logo-amauta.png","width":1124,"height":368,"caption":"Grupo AMAUTA E-BUSINESS"},"image":{"@id":"https:\/\/amautaenlinea.com\/blog\/#\/schema\/logo\/image\/"},"sameAs":["https:\/\/www.facebook.com\/amautaperu.org\/"]},{"@type":"Person","@id":"https:\/\/amautaenlinea.com\/blog\/#\/schema\/person\/d8d4b5d672e9edb72a6f23fd40dd31d5","name":"Grupo AMAUTA EBUSINESS","image":{"@type":"ImageObject","inLanguage":"es","@id":"https:\/\/secure.gravatar.com\/avatar\/97706b54c222a710310e2db50e02e68de0a4c8bb76654bcc4053b08241c6bd6c?s=96&d=mm&r=g","url":"https:\/\/secure.gravatar.com\/avatar\/97706b54c222a710310e2db50e02e68de0a4c8bb76654bcc4053b08241c6bd6c?s=96&d=mm&r=g","contentUrl":"https:\/\/secure.gravatar.com\/avatar\/97706b54c222a710310e2db50e02e68de0a4c8bb76654bcc4053b08241c6bd6c?s=96&d=mm&r=g","caption":"Grupo AMAUTA EBUSINESS"}}]}},"_links":{"self":[{"href":"https:\/\/amautaenlinea.com\/blog\/wp-json\/wp\/v2\/posts\/19785","targetHints":{"allow":["GET"]}}],"collection":[{"href":"https:\/\/amautaenlinea.com\/blog\/wp-json\/wp\/v2\/posts"}],"about":[{"href":"https:\/\/amautaenlinea.com\/blog\/wp-json\/wp\/v2\/types\/post"}],"author":[{"embeddable":true,"href":"https:\/\/amautaenlinea.com\/blog\/wp-json\/wp\/v2\/users\/1"}],"replies":[{"embeddable":true,"href":"https:\/\/amautaenlinea.com\/blog\/wp-json\/wp\/v2\/comments?post=19785"}],"version-history":[{"count":1,"href":"https:\/\/amautaenlinea.com\/blog\/wp-json\/wp\/v2\/posts\/19785\/revisions"}],"predecessor-version":[{"id":19787,"href":"https:\/\/amautaenlinea.com\/blog\/wp-json\/wp\/v2\/posts\/19785\/revisions\/19787"}],"wp:featuredmedia":[{"embeddable":true,"href":"https:\/\/amautaenlinea.com\/blog\/wp-json\/wp\/v2\/media\/19786"}],"wp:attachment":[{"href":"https:\/\/amautaenlinea.com\/blog\/wp-json\/wp\/v2\/media?parent=19785"}],"wp:term":[{"taxonomy":"category","embeddable":true,"href":"https:\/\/amautaenlinea.com\/blog\/wp-json\/wp\/v2\/categories?post=19785"},{"taxonomy":"post_tag","embeddable":true,"href":"https:\/\/amautaenlinea.com\/blog\/wp-json\/wp\/v2\/tags?post=19785"}],"curies":[{"name":"wp","href":"https:\/\/api.w.org\/{rel}","templated":true}]}}