{"id":19114,"date":"2026-05-01T06:11:29","date_gmt":"2026-05-01T11:11:29","guid":{"rendered":"https:\/\/amautaenlinea.com\/blog\/?p=19114"},"modified":"2026-05-01T06:11:29","modified_gmt":"2026-05-01T11:11:29","slug":"modifican-el-anexo-1-padron-de-instituciones-educativas-publicas-unidocente-y-multigrado","status":"publish","type":"post","link":"https:\/\/amautaenlinea.com\/blog\/modifican-el-anexo-1-padron-de-instituciones-educativas-publicas-unidocente-y-multigrado\/","title":{"rendered":"Modifican el anexo 1 padr\u00f3n de instituciones educativas p\u00fablicas Unidocente y Multigrado"},"content":{"rendered":"<h2 class=\"sumilla\">Modifican el Anexo 1: Padr\u00f3n de Instituciones Educativas P\u00fablicas Unidocente y Multigrado, aprobado por la Resoluci\u00f3n Ministerial N.\u00b0 037-2026-MINEDU<\/h2>\n<h2 class=\"resoluci-n\">Resoluci\u00f3n Ministerial N\u00ba 256-2026-MINEDU<\/h2>\n<p class=\"cuerpo\">Lima, 30 de abril de 2026<\/p>\n<p class=\"cuerpo\">VISTOS; el Expediente N\u00ba DITEN2026-INT-0396440, el Informe N\u00ba 00532-2026-MINEDU\/VMGP-DIGEDD-DITEN de la Direcci\u00f3n T\u00e9cnico Normativa de Docentes de la Direcci\u00f3n General de Desarrollo Docente, el Informe N\u00ba 00713-2026-MINEDU\/SPE-OPEP-UPP de la Unidad de Planificaci\u00f3n y Presupuesto de la Oficina de Planificaci\u00f3n Estrat\u00e9gica y Presupuesto; el Informe N\u00ba 00626-2026-MINEDU\/SG-OGAJ de la Oficina General de Asesor\u00eda Jur\u00eddica, y;<\/p>\n<p class=\"cuerpo\">CONSIDERANDO:<\/p>\n<p class=\"cuerpo\">Que, mediante el Decreto Supremo N\u00ba 014-2014-EF, modificado por el Decreto Supremo N\u00ba 227-2015-EF, se establece la vigencia, caracter\u00edsticas, criterios y montos de las asignaciones temporales por prestar servicio efectivo en una instituci\u00f3n educativa p\u00fablica de Educaci\u00f3n B\u00e1sica o Educaci\u00f3n T\u00e9cnico &#8211; Productiva: i) unidocente o multigrado; ii) comprendida en la Educaci\u00f3n Intercultural Biling\u00fce (EIB) de acuerdo al criterio ling\u00fc\u00edstico: a) asignaci\u00f3n por prestar servicios en una instituci\u00f3n educativa EIB, b) asignaci\u00f3n adicional por contar con acreditaci\u00f3n del Ministerio de Educaci\u00f3n en el dominio de la lengua originaria correspondiente a la instituci\u00f3n educativa p\u00fablica EIB; iii) ubicada en zona rural y\/o de frontera; y, iv) ubicada en el \u00e1mbito de intervenci\u00f3n directa del VRAEM;<\/p>\n<p class=\"cuerpo\">Que, mediante el Decreto Supremo N\u00ba 226-2015-EF y modificatorias, se establece el monto, criterios y condiciones de la remuneraci\u00f3n mensual, las bonificaciones por condiciones especiales de servicio y las vacaciones truncas a otorgarse al profesorado contratado en el marco del Contrato de Servicio Docente;<\/p>\n<p class=\"cuerpo\">Que, a trav\u00e9s del Decreto Supremo N\u00ba 296-2016-EF y sus modificatorias, se establece el monto, criterios y condiciones de la remuneraci\u00f3n mensual, las asignaciones y bonificaciones por condiciones especiales del servicio, los beneficios, la remuneraci\u00f3n vacacional y las vacaciones truncas a otorgarse a los Auxiliares de Educaci\u00f3n nombrados y contratados;<\/p>\n<p class=\"cuerpo cuerpo-override\"><span class=\"no-style-override\">Que, mediante el art\u00edculo 1 de la Resoluci\u00f3n Ministerial N\u00ba 037-2026-MINEDU, se aprobaron los padrones para la percepci\u00f3n de las asignaciones temporales y bonificaciones por condiciones especiales del servicio, correspondientes al a\u00f1o 2026 a otorgarse a los profesores y auxiliares de educaci\u00f3n nombrados y contratados, conforme al siguiente detalle: Anexo 1: Padr\u00f3n de Instituciones Educativas P\u00fablicas Unidocente y Multigrado; Anexo 2: Padr\u00f3n de Instituciones Educativas P\u00fablicas de Educaci\u00f3n B\u00e1sica Regular del Nivel Inicial Escolarizado, Primaria y Secundaria, comprendidas en Educaci\u00f3n Intercultural Biling\u00fce de acuerdo al criterio ling\u00fc\u00edstico; Anexo 3: Padr\u00f3n de Docentes Biling\u00fces, acreditados con al menos nivel intermedio en el dominio oral e intermedio en el dominio escrito de las lenguas originarias aimara y quechua (sure\u00f1o, norte\u00f1o inkawasi-ka\u00f1aris y central), con al menos nivel intermedio en el dominio oral y b\u00e1sico en el dominio escrito de las lenguas originarias quechua norte\u00f1o cajamarca, quechua central wanka, ashaninka, asheninka, awaj\u00fan, shawi, shipibo-konibo y wampis, o al menos nivel b\u00e1sico en el dominio oral de las otras lenguas originarias; Anexo 4: Padr\u00f3n de Instituciones Educativas P\u00fablicas de Educaci\u00f3n B\u00e1sica Regular, Educaci\u00f3n B\u00e1sica Especial, Educaci\u00f3n B\u00e1sica Alternativa y Educaci\u00f3n T\u00e9cnico-Productiva, ubicadas en zona rural y su grado de ruralidad; Anexo 5: Padr\u00f3n de Instituciones Educativas P\u00fablicas de Educaci\u00f3n B\u00e1sica Regular, Educaci\u00f3n B\u00e1sica Especial, Educaci\u00f3n B\u00e1sica Alternativa y Educaci\u00f3n T\u00e9cnico-Productiva, ubicadas en zona de frontera; y, Anexo 6: Padr\u00f3n de Instituciones Educativas P\u00fablicas de Educaci\u00f3n B\u00e1sica Regular, Educaci\u00f3n B\u00e1sica Especial, Educaci\u00f3n B\u00e1sica Alternativa y Educaci\u00f3n T\u00e9cnico-Productiva, ubicadas en el \u00e1mbito del Valle de los R\u00edos Apur\u00edmac, Ene y Mantaro (VRAEM);<\/span><\/p>\n<p class=\"cuerpo\">Que, el art\u00edculo 2 de la citada Resoluci\u00f3n Ministerial N\u00ba 037-2026-MINEDU, establece que los referidos padrones aprobados constituyen el \u00fanico instrumento habilitante para el A\u00f1o Fiscal 2026 para la percepci\u00f3n de las asignaciones temporales y bonificaciones cuyos montos, criterios y condiciones se regulan en los Decretos Supremos N\u00ba 014-2014-EF, N\u00ba 226-2015-EF y N\u00ba 296-2016-EF y sus respectivas modificatorias;<\/p>\n<p class=\"cuerpo\">Que, mediante el Informe N\u00ba 00532-2026-MINEDU\/VMGP-DIGEDD-DITEN, la Direcci\u00f3n T\u00e9cnico Normativa de Docentes de la Direcci\u00f3n General de Desarrollo Docente propone y sustenta la necesidad de modificar el Anexo 1: Padr\u00f3n de Instituciones Educativas P\u00fablicas Unidocente y Multigrado, aprobado por la Resoluci\u00f3n Ministerial N\u00ba 037-2026-MINEDU, toda vez que el referido padr\u00f3n fue elaborado considerando la informaci\u00f3n registrada en el Sistema de Administraci\u00f3n y Control de Plazas (NEXUS) al 19 de diciembre de 2025; sin embargo, con posterioridad a dicha fecha, el financiamiento de nuevas plazas y bolsa de horas a favor de los Gobiernos Regionales, en el marco del Decreto Supremo N\u00ba 033-2026-EF, as\u00ed como por los procesos de racionalizaci\u00f3n y reubicaci\u00f3n de plazas efectuados por las Unidades Ejecutoras al 04 de marzo de 2026, modificaron las caracter\u00edsticas de determinadas instituciones educativas, por lo que resulta necesario actualizar el referido padr\u00f3n; a fin de garantizar que los docentes y auxiliares de educaci\u00f3n nombrados y contratados perciban correctamente la asignaci\u00f3n por tipo de instituci\u00f3n educativa;<\/p>\n<p class=\"cuerpo\">Que, mediante el Informe N\u00ba 00713-2026-MINEDU\/SPE-OPEP-UPP la Unidad de Planificaci\u00f3n y Presupuesto de la Oficina de Planificaci\u00f3n Estrat\u00e9gica y Presupuesto considera viable continuar con el tr\u00e1mite de aprobaci\u00f3n de la propuesta modificatoria, en cuanto, desde el punto de vista de planificaci\u00f3n, guarda relaci\u00f3n con los instrumentos de planificaci\u00f3n estrat\u00e9gica del Sector Educaci\u00f3n y, desde el punto de vista presupuestal, no irroga gastos adicionales al Pliego 010: M. de Educaci\u00f3n, toda vez que parte de los recursos se encuentran programados en el Presupuesto Institucional de Apertura de los Pliegos Gobiernos Regionales y de la Unidades Ejecutoras de Educaci\u00f3n de Lima Metropolitana; y, de corresponder, la Direcci\u00f3n T\u00e9cnico Normativa de Docentes propondr\u00e1 las modificaciones presupuestarias en el Nivel Institucional, en el marco de los literales a), c), d) y e) del numeral 82.1 del art\u00edculo 82 de la Ley N\u00ba 32513, Ley de Presupuesto del Sector P\u00fablico para el A\u00f1o Fiscal 2026, las cuales estar\u00e1n sujetas a la disponibilidad presupuestal del Pliego 010. M. de Educaci\u00f3n;<\/p>\n<p class=\"cuerpo\">Que, a trav\u00e9s del Informe N\u00ba 00626-2026-MINEDU\/SG-OGAJ, la Oficina General de Asesor\u00eda Jur\u00eddica emite opini\u00f3n legal favorable a la propuesta;<\/p>\n<p class=\"cuerpo\">De conformidad con lo establecido en la Ley N\u00ba 31224, Ley de Organizaci\u00f3n y Funciones del Ministerio de Educaci\u00f3n; la Ley N\u00ba 29944, Ley de Reforma Magisterial; el Reglamento de la Ley N\u00ba 29944, Ley de Reforma Magisterial, aprobado por el Decreto Supremo N\u00ba 004-2013-ED; y, el Reglamento de Organizaci\u00f3n y Funciones del Ministerio de Educaci\u00f3n, aprobado por el Decreto Supremo N\u00ba 001-2015-MINEDU;<\/p>\n<h3 class=\"cuerpo\">SE RESUELVE:<\/h3>\n<p class=\"cuerpo cuerpo-override\"><span class=\"no-style-override-1\">Art\u00edculo 1.-<\/span>\u00a0Modificar el Anexo 1: Padr\u00f3n de Instituciones Educativas P\u00fablicas Unidocente y Multigrado, aprobado por la Resoluci\u00f3n Ministerial N\u00ba 037-2026-MINEDU, el cual queda redactado conforme al anexo que forma parte integrante de la presente Resoluci\u00f3n.<\/p>\n<p class=\"cuerpo cuerpo-override\"><span class=\"no-style-override-1\">Art\u00edculo 2.-\u00a0<\/span>Disponer la publicaci\u00f3n de la presente Resoluci\u00f3n y su anexo en el Sistema de Informaci\u00f3n Jur\u00eddica de Educaci\u00f3n \u2013 SIJE, ubicado en la sede digital del Ministerio de Educaci\u00f3n (www.gob.pe\/minedu), el mismo d\u00eda de la publicaci\u00f3n de la presente Resoluci\u00f3n en el diario oficial \u201cEl Peruano\u201d.<\/p>\n<p class=\"cuerpo\">Reg\u00edstrese, comun\u00edquese y publ\u00edquese.<\/p>\n<p class=\"cuerpo cuerpo-override\"><span class=\"no-style-override-2\">Mar\u00eda Esther Cuadros Espinoza<\/span><\/p>\n<p class=\"cuerpo cuerpo-override\">Ministra de Educaci\u00f3n<\/p>\n","protected":false},"excerpt":{"rendered":"<p>Modifican el Anexo 1: Padr\u00f3n de Instituciones Educativas P\u00fablicas Unidocente y Multigrado, aprobado por la Resoluci\u00f3n Ministerial N.\u00b0 037-2026-MINEDU Resoluci\u00f3n Ministerial N\u00ba 256-2026-MINEDU Lima,<\/p>\n","protected":false},"author":1,"featured_media":19115,"comment_status":"open","ping_status":"open","sticky":false,"template":"","format":"standard","meta":{"footnotes":""},"categories":[4],"tags":[3513],"class_list":["post-19114","post","type-post","status-publish","format-standard","has-post-thumbnail","hentry","category-educacion","tag-modifican-el-anexo-1-padron-de-instituciones-educativas-publicas-unidocente-y-multigrado"],"yoast_head":"<!-- This site is optimized with the Yoast SEO Premium plugin v21.2 (Yoast SEO v27.5) - https:\/\/yoast.com\/product\/yoast-seo-premium-wordpress\/ -->\n<title>\u25b7 Modifican el anexo 1 padr\u00f3n de instituciones educativas p\u00fablicas Unidocente y Multigrado \u2705<\/title>\n<meta name=\"description\" content=\"\u27a8 Modifican el anexo 1 padr\u00f3n de instituciones educativas p\u00fablicas Unidocente y Multigrado\" \/>\n<meta name=\"robots\" content=\"index, follow, max-snippet:-1, max-image-preview:large, max-video-preview:-1\" \/>\n<link rel=\"canonical\" href=\"https:\/\/amautaenlinea.com\/blog\/modifican-el-anexo-1-padron-de-instituciones-educativas-publicas-unidocente-y-multigrado\/\" \/>\n<meta property=\"og:locale\" content=\"es_ES\" \/>\n<meta property=\"og:type\" content=\"article\" \/>\n<meta property=\"og:title\" content=\"Modifican el anexo 1 padr\u00f3n de instituciones educativas p\u00fablicas Unidocente y Multigrado\" \/>\n<meta property=\"og:description\" content=\"\u27a8 Modifican el anexo 1 padr\u00f3n de instituciones educativas p\u00fablicas Unidocente y Multigrado\" \/>\n<meta property=\"og:url\" content=\"https:\/\/amautaenlinea.com\/blog\/modifican-el-anexo-1-padron-de-instituciones-educativas-publicas-unidocente-y-multigrado\/\" \/>\n<meta property=\"og:site_name\" content=\"Grupo AMAUTA\" \/>\n<meta property=\"article:publisher\" content=\"https:\/\/www.facebook.com\/amautaperu.org\/\" \/>\n<meta property=\"article:published_time\" content=\"2026-05-01T11:11:29+00:00\" \/>\n<meta property=\"og:image\" content=\"https:\/\/amautaenlinea.com\/blog\/wp-content\/uploads\/2026\/05\/Modifican-el-anexo-1-padron-de-instituciones-educativas-publicas-Unidocente-y-Multigrado.png\" \/>\n\t<meta property=\"og:image:width\" content=\"1280\" \/>\n\t<meta property=\"og:image:height\" content=\"720\" \/>\n\t<meta property=\"og:image:type\" content=\"image\/png\" \/>\n<meta name=\"author\" content=\"Grupo AMAUTA EBUSINESS\" \/>\n<meta name=\"twitter:card\" content=\"summary_large_image\" \/>\n<script type=\"application\/ld+json\" class=\"yoast-schema-graph\">{\"@context\":\"https:\\\/\\\/schema.org\",\"@graph\":[{\"@type\":\"Article\",\"@id\":\"https:\\\/\\\/amautaenlinea.com\\\/blog\\\/modifican-el-anexo-1-padron-de-instituciones-educativas-publicas-unidocente-y-multigrado\\\/#article\",\"isPartOf\":{\"@id\":\"https:\\\/\\\/amautaenlinea.com\\\/blog\\\/modifican-el-anexo-1-padron-de-instituciones-educativas-publicas-unidocente-y-multigrado\\\/\"},\"author\":{\"name\":\"Grupo AMAUTA EBUSINESS\",\"@id\":\"https:\\\/\\\/amautaenlinea.com\\\/blog\\\/#\\\/schema\\\/person\\\/d8d4b5d672e9edb72a6f23fd40dd31d5\"},\"headline\":\"Modifican el anexo 1 padr\u00f3n de instituciones educativas p\u00fablicas Unidocente y Multigrado\",\"datePublished\":\"2026-05-01T11:11:29+00:00\",\"mainEntityOfPage\":{\"@id\":\"https:\\\/\\\/amautaenlinea.com\\\/blog\\\/modifican-el-anexo-1-padron-de-instituciones-educativas-publicas-unidocente-y-multigrado\\\/\"},\"wordCount\":1287,\"commentCount\":0,\"publisher\":{\"@id\":\"https:\\\/\\\/amautaenlinea.com\\\/blog\\\/#organization\"},\"image\":{\"@id\":\"https:\\\/\\\/amautaenlinea.com\\\/blog\\\/modifican-el-anexo-1-padron-de-instituciones-educativas-publicas-unidocente-y-multigrado\\\/#primaryimage\"},\"thumbnailUrl\":\"https:\\\/\\\/amautaenlinea.com\\\/blog\\\/wp-content\\\/uploads\\\/2026\\\/05\\\/Modifican-el-anexo-1-padron-de-instituciones-educativas-publicas-Unidocente-y-Multigrado.png\",\"keywords\":[\"Modifican el anexo 1 padr\u00f3n de instituciones educativas p\u00fablicas Unidocente y Multigrado\"],\"articleSection\":[\"Educaci\u00f3n\"],\"inLanguage\":\"es\",\"potentialAction\":[{\"@type\":\"CommentAction\",\"name\":\"Comment\",\"target\":[\"https:\\\/\\\/amautaenlinea.com\\\/blog\\\/modifican-el-anexo-1-padron-de-instituciones-educativas-publicas-unidocente-y-multigrado\\\/#respond\"]}],\"copyrightYear\":\"2026\",\"copyrightHolder\":{\"@id\":\"https:\\\/\\\/amautaenlinea.com\\\/blog\\\/#organization\"}},{\"@type\":\"WebPage\",\"@id\":\"https:\\\/\\\/amautaenlinea.com\\\/blog\\\/modifican-el-anexo-1-padron-de-instituciones-educativas-publicas-unidocente-y-multigrado\\\/\",\"url\":\"https:\\\/\\\/amautaenlinea.com\\\/blog\\\/modifican-el-anexo-1-padron-de-instituciones-educativas-publicas-unidocente-y-multigrado\\\/\",\"name\":\"\u25b7 Modifican el anexo 1 padr\u00f3n de instituciones educativas p\u00fablicas Unidocente y Multigrado \u2705\",\"isPartOf\":{\"@id\":\"https:\\\/\\\/amautaenlinea.com\\\/blog\\\/#website\"},\"primaryImageOfPage\":{\"@id\":\"https:\\\/\\\/amautaenlinea.com\\\/blog\\\/modifican-el-anexo-1-padron-de-instituciones-educativas-publicas-unidocente-y-multigrado\\\/#primaryimage\"},\"image\":{\"@id\":\"https:\\\/\\\/amautaenlinea.com\\\/blog\\\/modifican-el-anexo-1-padron-de-instituciones-educativas-publicas-unidocente-y-multigrado\\\/#primaryimage\"},\"thumbnailUrl\":\"https:\\\/\\\/amautaenlinea.com\\\/blog\\\/wp-content\\\/uploads\\\/2026\\\/05\\\/Modifican-el-anexo-1-padron-de-instituciones-educativas-publicas-Unidocente-y-Multigrado.png\",\"datePublished\":\"2026-05-01T11:11:29+00:00\",\"description\":\"\u27a8 Modifican el anexo 1 padr\u00f3n de instituciones educativas p\u00fablicas Unidocente y Multigrado\",\"breadcrumb\":{\"@id\":\"https:\\\/\\\/amautaenlinea.com\\\/blog\\\/modifican-el-anexo-1-padron-de-instituciones-educativas-publicas-unidocente-y-multigrado\\\/#breadcrumb\"},\"inLanguage\":\"es\",\"potentialAction\":[{\"@type\":\"ReadAction\",\"target\":[\"https:\\\/\\\/amautaenlinea.com\\\/blog\\\/modifican-el-anexo-1-padron-de-instituciones-educativas-publicas-unidocente-y-multigrado\\\/\"]}]},{\"@type\":\"ImageObject\",\"inLanguage\":\"es\",\"@id\":\"https:\\\/\\\/amautaenlinea.com\\\/blog\\\/modifican-el-anexo-1-padron-de-instituciones-educativas-publicas-unidocente-y-multigrado\\\/#primaryimage\",\"url\":\"https:\\\/\\\/amautaenlinea.com\\\/blog\\\/wp-content\\\/uploads\\\/2026\\\/05\\\/Modifican-el-anexo-1-padron-de-instituciones-educativas-publicas-Unidocente-y-Multigrado.png\",\"contentUrl\":\"https:\\\/\\\/amautaenlinea.com\\\/blog\\\/wp-content\\\/uploads\\\/2026\\\/05\\\/Modifican-el-anexo-1-padron-de-instituciones-educativas-publicas-Unidocente-y-Multigrado.png\",\"width\":1280,\"height\":720},{\"@type\":\"BreadcrumbList\",\"@id\":\"https:\\\/\\\/amautaenlinea.com\\\/blog\\\/modifican-el-anexo-1-padron-de-instituciones-educativas-publicas-unidocente-y-multigrado\\\/#breadcrumb\",\"itemListElement\":[{\"@type\":\"ListItem\",\"position\":1,\"name\":\"Portada\",\"item\":\"https:\\\/\\\/amautaenlinea.com\\\/blog\\\/\"},{\"@type\":\"ListItem\",\"position\":2,\"name\":\"Modifican el anexo 1 padr\u00f3n de instituciones educativas p\u00fablicas Unidocente y Multigrado\"}]},{\"@type\":\"WebSite\",\"@id\":\"https:\\\/\\\/amautaenlinea.com\\\/blog\\\/#website\",\"url\":\"https:\\\/\\\/amautaenlinea.com\\\/blog\\\/\",\"name\":\"Grupo AMAUTA\",\"description\":\"\",\"publisher\":{\"@id\":\"https:\\\/\\\/amautaenlinea.com\\\/blog\\\/#organization\"},\"potentialAction\":[{\"@type\":\"SearchAction\",\"target\":{\"@type\":\"EntryPoint\",\"urlTemplate\":\"https:\\\/\\\/amautaenlinea.com\\\/blog\\\/?s={search_term_string}\"},\"query-input\":{\"@type\":\"PropertyValueSpecification\",\"valueRequired\":true,\"valueName\":\"search_term_string\"}}],\"inLanguage\":\"es\"},{\"@type\":\"Organization\",\"@id\":\"https:\\\/\\\/amautaenlinea.com\\\/blog\\\/#organization\",\"name\":\"Grupo AMAUTA E-BUSINESS\",\"url\":\"https:\\\/\\\/amautaenlinea.com\\\/blog\\\/\",\"logo\":{\"@type\":\"ImageObject\",\"inLanguage\":\"es\",\"@id\":\"https:\\\/\\\/amautaenlinea.com\\\/blog\\\/#\\\/schema\\\/logo\\\/image\\\/\",\"url\":\"https:\\\/\\\/amautaenlinea.com\\\/blog\\\/wp-content\\\/uploads\\\/2023\\\/09\\\/logo-amauta.png\",\"contentUrl\":\"https:\\\/\\\/amautaenlinea.com\\\/blog\\\/wp-content\\\/uploads\\\/2023\\\/09\\\/logo-amauta.png\",\"width\":1124,\"height\":368,\"caption\":\"Grupo AMAUTA E-BUSINESS\"},\"image\":{\"@id\":\"https:\\\/\\\/amautaenlinea.com\\\/blog\\\/#\\\/schema\\\/logo\\\/image\\\/\"},\"sameAs\":[\"https:\\\/\\\/www.facebook.com\\\/amautaperu.org\\\/\"]},{\"@type\":\"Person\",\"@id\":\"https:\\\/\\\/amautaenlinea.com\\\/blog\\\/#\\\/schema\\\/person\\\/d8d4b5d672e9edb72a6f23fd40dd31d5\",\"name\":\"Grupo AMAUTA EBUSINESS\",\"image\":{\"@type\":\"ImageObject\",\"inLanguage\":\"es\",\"@id\":\"https:\\\/\\\/secure.gravatar.com\\\/avatar\\\/97706b54c222a710310e2db50e02e68de0a4c8bb76654bcc4053b08241c6bd6c?s=96&d=mm&r=g\",\"url\":\"https:\\\/\\\/secure.gravatar.com\\\/avatar\\\/97706b54c222a710310e2db50e02e68de0a4c8bb76654bcc4053b08241c6bd6c?s=96&d=mm&r=g\",\"contentUrl\":\"https:\\\/\\\/secure.gravatar.com\\\/avatar\\\/97706b54c222a710310e2db50e02e68de0a4c8bb76654bcc4053b08241c6bd6c?s=96&d=mm&r=g\",\"caption\":\"Grupo AMAUTA EBUSINESS\"}}]}<\/script>\n<!-- \/ Yoast SEO Premium plugin. -->","yoast_head_json":{"title":"\u25b7 Modifican el anexo 1 padr\u00f3n de instituciones educativas p\u00fablicas Unidocente y Multigrado \u2705","description":"\u27a8 Modifican el anexo 1 padr\u00f3n de instituciones educativas p\u00fablicas Unidocente y Multigrado","robots":{"index":"index","follow":"follow","max-snippet":"max-snippet:-1","max-image-preview":"max-image-preview:large","max-video-preview":"max-video-preview:-1"},"canonical":"https:\/\/amautaenlinea.com\/blog\/modifican-el-anexo-1-padron-de-instituciones-educativas-publicas-unidocente-y-multigrado\/","og_locale":"es_ES","og_type":"article","og_title":"Modifican el anexo 1 padr\u00f3n de instituciones educativas p\u00fablicas Unidocente y Multigrado","og_description":"\u27a8 Modifican el anexo 1 padr\u00f3n de instituciones educativas p\u00fablicas Unidocente y Multigrado","og_url":"https:\/\/amautaenlinea.com\/blog\/modifican-el-anexo-1-padron-de-instituciones-educativas-publicas-unidocente-y-multigrado\/","og_site_name":"Grupo AMAUTA","article_publisher":"https:\/\/www.facebook.com\/amautaperu.org\/","article_published_time":"2026-05-01T11:11:29+00:00","og_image":[{"width":1280,"height":720,"url":"https:\/\/amautaenlinea.com\/blog\/wp-content\/uploads\/2026\/05\/Modifican-el-anexo-1-padron-de-instituciones-educativas-publicas-Unidocente-y-Multigrado.png","type":"image\/png"}],"author":"Grupo AMAUTA EBUSINESS","twitter_card":"summary_large_image","schema":{"@context":"https:\/\/schema.org","@graph":[{"@type":"Article","@id":"https:\/\/amautaenlinea.com\/blog\/modifican-el-anexo-1-padron-de-instituciones-educativas-publicas-unidocente-y-multigrado\/#article","isPartOf":{"@id":"https:\/\/amautaenlinea.com\/blog\/modifican-el-anexo-1-padron-de-instituciones-educativas-publicas-unidocente-y-multigrado\/"},"author":{"name":"Grupo AMAUTA EBUSINESS","@id":"https:\/\/amautaenlinea.com\/blog\/#\/schema\/person\/d8d4b5d672e9edb72a6f23fd40dd31d5"},"headline":"Modifican el anexo 1 padr\u00f3n de instituciones educativas p\u00fablicas Unidocente y Multigrado","datePublished":"2026-05-01T11:11:29+00:00","mainEntityOfPage":{"@id":"https:\/\/amautaenlinea.com\/blog\/modifican-el-anexo-1-padron-de-instituciones-educativas-publicas-unidocente-y-multigrado\/"},"wordCount":1287,"commentCount":0,"publisher":{"@id":"https:\/\/amautaenlinea.com\/blog\/#organization"},"image":{"@id":"https:\/\/amautaenlinea.com\/blog\/modifican-el-anexo-1-padron-de-instituciones-educativas-publicas-unidocente-y-multigrado\/#primaryimage"},"thumbnailUrl":"https:\/\/amautaenlinea.com\/blog\/wp-content\/uploads\/2026\/05\/Modifican-el-anexo-1-padron-de-instituciones-educativas-publicas-Unidocente-y-Multigrado.png","keywords":["Modifican el anexo 1 padr\u00f3n de instituciones educativas p\u00fablicas Unidocente y Multigrado"],"articleSection":["Educaci\u00f3n"],"inLanguage":"es","potentialAction":[{"@type":"CommentAction","name":"Comment","target":["https:\/\/amautaenlinea.com\/blog\/modifican-el-anexo-1-padron-de-instituciones-educativas-publicas-unidocente-y-multigrado\/#respond"]}],"copyrightYear":"2026","copyrightHolder":{"@id":"https:\/\/amautaenlinea.com\/blog\/#organization"}},{"@type":"WebPage","@id":"https:\/\/amautaenlinea.com\/blog\/modifican-el-anexo-1-padron-de-instituciones-educativas-publicas-unidocente-y-multigrado\/","url":"https:\/\/amautaenlinea.com\/blog\/modifican-el-anexo-1-padron-de-instituciones-educativas-publicas-unidocente-y-multigrado\/","name":"\u25b7 Modifican el anexo 1 padr\u00f3n de instituciones educativas p\u00fablicas Unidocente y Multigrado \u2705","isPartOf":{"@id":"https:\/\/amautaenlinea.com\/blog\/#website"},"primaryImageOfPage":{"@id":"https:\/\/amautaenlinea.com\/blog\/modifican-el-anexo-1-padron-de-instituciones-educativas-publicas-unidocente-y-multigrado\/#primaryimage"},"image":{"@id":"https:\/\/amautaenlinea.com\/blog\/modifican-el-anexo-1-padron-de-instituciones-educativas-publicas-unidocente-y-multigrado\/#primaryimage"},"thumbnailUrl":"https:\/\/amautaenlinea.com\/blog\/wp-content\/uploads\/2026\/05\/Modifican-el-anexo-1-padron-de-instituciones-educativas-publicas-Unidocente-y-Multigrado.png","datePublished":"2026-05-01T11:11:29+00:00","description":"\u27a8 Modifican el anexo 1 padr\u00f3n de instituciones educativas p\u00fablicas Unidocente y Multigrado","breadcrumb":{"@id":"https:\/\/amautaenlinea.com\/blog\/modifican-el-anexo-1-padron-de-instituciones-educativas-publicas-unidocente-y-multigrado\/#breadcrumb"},"inLanguage":"es","potentialAction":[{"@type":"ReadAction","target":["https:\/\/amautaenlinea.com\/blog\/modifican-el-anexo-1-padron-de-instituciones-educativas-publicas-unidocente-y-multigrado\/"]}]},{"@type":"ImageObject","inLanguage":"es","@id":"https:\/\/amautaenlinea.com\/blog\/modifican-el-anexo-1-padron-de-instituciones-educativas-publicas-unidocente-y-multigrado\/#primaryimage","url":"https:\/\/amautaenlinea.com\/blog\/wp-content\/uploads\/2026\/05\/Modifican-el-anexo-1-padron-de-instituciones-educativas-publicas-Unidocente-y-Multigrado.png","contentUrl":"https:\/\/amautaenlinea.com\/blog\/wp-content\/uploads\/2026\/05\/Modifican-el-anexo-1-padron-de-instituciones-educativas-publicas-Unidocente-y-Multigrado.png","width":1280,"height":720},{"@type":"BreadcrumbList","@id":"https:\/\/amautaenlinea.com\/blog\/modifican-el-anexo-1-padron-de-instituciones-educativas-publicas-unidocente-y-multigrado\/#breadcrumb","itemListElement":[{"@type":"ListItem","position":1,"name":"Portada","item":"https:\/\/amautaenlinea.com\/blog\/"},{"@type":"ListItem","position":2,"name":"Modifican el anexo 1 padr\u00f3n de instituciones educativas p\u00fablicas Unidocente y Multigrado"}]},{"@type":"WebSite","@id":"https:\/\/amautaenlinea.com\/blog\/#website","url":"https:\/\/amautaenlinea.com\/blog\/","name":"Grupo AMAUTA","description":"","publisher":{"@id":"https:\/\/amautaenlinea.com\/blog\/#organization"},"potentialAction":[{"@type":"SearchAction","target":{"@type":"EntryPoint","urlTemplate":"https:\/\/amautaenlinea.com\/blog\/?s={search_term_string}"},"query-input":{"@type":"PropertyValueSpecification","valueRequired":true,"valueName":"search_term_string"}}],"inLanguage":"es"},{"@type":"Organization","@id":"https:\/\/amautaenlinea.com\/blog\/#organization","name":"Grupo AMAUTA E-BUSINESS","url":"https:\/\/amautaenlinea.com\/blog\/","logo":{"@type":"ImageObject","inLanguage":"es","@id":"https:\/\/amautaenlinea.com\/blog\/#\/schema\/logo\/image\/","url":"https:\/\/amautaenlinea.com\/blog\/wp-content\/uploads\/2023\/09\/logo-amauta.png","contentUrl":"https:\/\/amautaenlinea.com\/blog\/wp-content\/uploads\/2023\/09\/logo-amauta.png","width":1124,"height":368,"caption":"Grupo AMAUTA E-BUSINESS"},"image":{"@id":"https:\/\/amautaenlinea.com\/blog\/#\/schema\/logo\/image\/"},"sameAs":["https:\/\/www.facebook.com\/amautaperu.org\/"]},{"@type":"Person","@id":"https:\/\/amautaenlinea.com\/blog\/#\/schema\/person\/d8d4b5d672e9edb72a6f23fd40dd31d5","name":"Grupo AMAUTA EBUSINESS","image":{"@type":"ImageObject","inLanguage":"es","@id":"https:\/\/secure.gravatar.com\/avatar\/97706b54c222a710310e2db50e02e68de0a4c8bb76654bcc4053b08241c6bd6c?s=96&d=mm&r=g","url":"https:\/\/secure.gravatar.com\/avatar\/97706b54c222a710310e2db50e02e68de0a4c8bb76654bcc4053b08241c6bd6c?s=96&d=mm&r=g","contentUrl":"https:\/\/secure.gravatar.com\/avatar\/97706b54c222a710310e2db50e02e68de0a4c8bb76654bcc4053b08241c6bd6c?s=96&d=mm&r=g","caption":"Grupo AMAUTA EBUSINESS"}}]}},"_links":{"self":[{"href":"https:\/\/amautaenlinea.com\/blog\/wp-json\/wp\/v2\/posts\/19114","targetHints":{"allow":["GET"]}}],"collection":[{"href":"https:\/\/amautaenlinea.com\/blog\/wp-json\/wp\/v2\/posts"}],"about":[{"href":"https:\/\/amautaenlinea.com\/blog\/wp-json\/wp\/v2\/types\/post"}],"author":[{"embeddable":true,"href":"https:\/\/amautaenlinea.com\/blog\/wp-json\/wp\/v2\/users\/1"}],"replies":[{"embeddable":true,"href":"https:\/\/amautaenlinea.com\/blog\/wp-json\/wp\/v2\/comments?post=19114"}],"version-history":[{"count":1,"href":"https:\/\/amautaenlinea.com\/blog\/wp-json\/wp\/v2\/posts\/19114\/revisions"}],"predecessor-version":[{"id":19116,"href":"https:\/\/amautaenlinea.com\/blog\/wp-json\/wp\/v2\/posts\/19114\/revisions\/19116"}],"wp:featuredmedia":[{"embeddable":true,"href":"https:\/\/amautaenlinea.com\/blog\/wp-json\/wp\/v2\/media\/19115"}],"wp:attachment":[{"href":"https:\/\/amautaenlinea.com\/blog\/wp-json\/wp\/v2\/media?parent=19114"}],"wp:term":[{"taxonomy":"category","embeddable":true,"href":"https:\/\/amautaenlinea.com\/blog\/wp-json\/wp\/v2\/categories?post=19114"},{"taxonomy":"post_tag","embeddable":true,"href":"https:\/\/amautaenlinea.com\/blog\/wp-json\/wp\/v2\/tags?post=19114"}],"curies":[{"name":"wp","href":"https:\/\/api.w.org\/{rel}","templated":true}]}}