{"id":19107,"date":"2026-04-30T08:39:35","date_gmt":"2026-04-30T13:39:35","guid":{"rendered":"https:\/\/amautaenlinea.com\/blog\/?p=19107"},"modified":"2026-04-30T08:43:49","modified_gmt":"2026-04-30T13:43:49","slug":"minedu-lanza-oficio-que-convocatoria-de-nombramiento-docente-sera-a-partir-del-mes-de-noviembre-del-2026-lo-ultimo","status":"publish","type":"post","link":"https:\/\/amautaenlinea.com\/blog\/minedu-lanza-oficio-que-convocatoria-de-nombramiento-docente-sera-a-partir-del-mes-de-noviembre-del-2026-lo-ultimo\/","title":{"rendered":"Minedu lanza Oficio que convocatoria de Nombramiento Docente ser\u00e1 a partir del mes de Noviembre del 2026 \u00a1LO \u00daLTIMO!"},"content":{"rendered":"<h3>Lima, 23 de abril de 2026<\/h3>\n<h2>OFICIO N.\u00ba 00506-2026-MINEDU\/VMGP-DIGEDD-DIED<\/h2>\n<h3>Presente. &#8211;<\/h3>\n<h3>ASUNTO : Concurso P\u00fablico de Ingreso a la Carrera P\u00fablica Magisterial<\/h3>\n<h4>REFERENCIA : Oficio S\/N <span style=\"font-family: 'andale mono', monospace;\">(Expediente:<\/span> N.\u00b0 MPT2026-EXT- 0354026)<\/h4>\n<p>De mi consideraci\u00f3n:<\/p>\n<p>Me dirijo a ustedes con relaci\u00f3n al expediente de la referencia mediante el cual solicitan al Ministerio de Educaci\u00f3n (Minedu) se disponga la convocatoria inmediata del Concurso P\u00fablico de Ingreso a la Carrera P\u00fablica Magisterial- 2026, en estricto cumplimiento de lo establecido la Ley N\u00b0 29944, Ley de Reforma Magisterial (LRM), en tanto a la fecha no existe convocatoria ni pronunciamiento oficial respecto al proceso correspondiente al a\u00f1o 2026, afectando con ello el derecho de los docentes a acceder a la funci\u00f3n p\u00fablica en condiciones de igualdad y con ello tambi\u00e9n se estar\u00eda configurando la omisi\u00f3n de funciones de los servidores del Minedu.<\/p>\n<p>Al respecto, <strong>se debe indicar que el art\u00edculo 15 de la LRM se\u00f1ala que el Minedu establece la pol\u00edtica y las normas de evaluaci\u00f3n docente, y formula los indicadores e instrumentos de evaluaci\u00f3n. En coordinaci\u00f3n con los gobiernos regionales, es responsable de dise\u00f1ar, planificar, monitorear y evaluar los procesos para el ingreso, permanencia, ascenso y acceso a <\/strong><strong>cargos dentro de la CPM, asegurando su transparencia, objetividad y confiabilidad.<\/strong><\/p>\n<p>En esa l\u00ednea, el art\u00edculo 19 de la LRM, establece que el Minedu autoriza, cada dos a\u00f1os, la convocatoria para el Concurso P\u00fablico de Ingreso a la Carrera P\u00fablica Magisterial (CPM), el mismo que se realiza en dos etapas:<\/p>\n<p><strong>a) Primera etapa: A cargo del Minedu y eval\u00faa capacidades y conocimientos del postulante para el ejercicio de la docencia en la modalidad, forma, nivel y especialidad de las plazas en concurso. Se realiza a trav\u00e9s de una prueba nacional clasificatoria. <\/strong><strong>b) Segunda etapa: A cargo de la Instituci\u00f3n Educativa (IE) y eval\u00faa la capacidad did\u00e1ctica, formaci\u00f3n, m\u00e9ritos y experiencia de quienes resulten aptos en la primera etapa.<\/strong><\/p>\n<p>Por otro lado, en virtud de lo dispuesto por el literal b) del art\u00edculo 140 del ROF del Minedu, corresponde a la Direcci\u00f3n de Evaluaci\u00f3n Docente (DIED), dependiente de la Direcci\u00f3n General de Desarrollo Docente (DIGEDD), entre otros, dise\u00f1ar e implementar las evaluaciones para el ingreso, permanencia, ascenso y acceso a cargos en la CPM.<\/p>\n<p>Considerando el marco normativo expuesto, el Minedu tiene la obligatoriedad de convocar cada dos a\u00f1os al Concurso P\u00fablico de Ingreso a la CPM, por lo que en atenci\u00f3n con lo se\u00f1alado y en cumplimiento de lo establecido en el ROF del Minedu, desde la DIED se implementaron las acciones pertinentes a fin de aprobar la norma t\u00e9cnica que regule el concurso p\u00fablico de ingreso a la CPM para el a\u00f1o 2026; no obstante, <strong>es pertinente informar que desde la DIGEDD se ha efectuado una evaluaci\u00f3n respecto a las plazas desiertas en los \u00faltimos concursos de ingreso a la CPM, as\u00ed como de la proyecci\u00f3n de plazas que se estar\u00edan ofertando y su potencial cobertura en el marco del mencionado concurso, advirti\u00e9ndose que existen plazas que requerir\u00edan certificaci\u00f3n de lengua originaria en el nombramiento, pues estas representan un significativo n\u00famero en el hist\u00f3rico de plazas desiertas sin adjudicarse<\/strong>, por ello ha visto por conveniente requerir a esta direcci\u00f3n <strong>que el concurso se convoque a <span style=\"color: #ff0000;\">partir del mes de noviembre de 2026<\/span>,<\/strong> <strong>a fin de esperar al proceso de certificaci\u00f3n a cargo de la Direcci\u00f3n de\u00a0 Educaci\u00f3n Intercultural Biling\u00fce (DEIB) y puedan postular un mayor n\u00famero de profesores con certificaci\u00f3n para dichas plazas.<\/strong><\/p>\n<p>En ese sentido, se les sugiere estar atentos a la publicaci\u00f3n de la Norma T\u00e9cnica que regule el Concurso P\u00fablico de Ingreso a la CPM en IIEE de Educaci\u00f3n B\u00e1sica, que se implementar\u00e1 para el 2026 y a su respectiva convocatoria en el portal institucional del Minedu. En consecuencia, esta direcci\u00f3n ha brindado atenci\u00f3n al expediente de la referencia.<br \/>\nHago propicia la oportunidad para expresarle los sentimientos de mi consideraci\u00f3n.<\/p>\n<h3>Atentamente,<br \/>\n(Documento firmado digitalmente)<br \/>\nCARLOS MIGUEL VENTURINI CAMARENA<br \/>\nDirector de la Direcci\u00f3n de Evaluaci\u00f3n Docente<\/h3>\n<p><img loading=\"lazy\" decoding=\"async\" class=\"alignnone size-medium wp-image-19108\" src=\"https:\/\/amautaenlinea.com\/blog\/wp-content\/uploads\/2026\/04\/OFICIO-00506-2026-MINEDU-VMGP-DIGEDD-DIED_001-212x300.jpg\" alt=\"\" width=\"212\" height=\"300\" srcset=\"https:\/\/amautaenlinea.com\/blog\/wp-content\/uploads\/2026\/04\/OFICIO-00506-2026-MINEDU-VMGP-DIGEDD-DIED_001-212x300.jpg 212w, https:\/\/amautaenlinea.com\/blog\/wp-content\/uploads\/2026\/04\/OFICIO-00506-2026-MINEDU-VMGP-DIGEDD-DIED_001-724x1024.jpg 724w, https:\/\/amautaenlinea.com\/blog\/wp-content\/uploads\/2026\/04\/OFICIO-00506-2026-MINEDU-VMGP-DIGEDD-DIED_001-768x1087.jpg 768w, https:\/\/amautaenlinea.com\/blog\/wp-content\/uploads\/2026\/04\/OFICIO-00506-2026-MINEDU-VMGP-DIGEDD-DIED_001-1085x1536.jpg 1085w, https:\/\/amautaenlinea.com\/blog\/wp-content\/uploads\/2026\/04\/OFICIO-00506-2026-MINEDU-VMGP-DIGEDD-DIED_001-1447x2048.jpg 1447w, https:\/\/amautaenlinea.com\/blog\/wp-content\/uploads\/2026\/04\/OFICIO-00506-2026-MINEDU-VMGP-DIGEDD-DIED_001-scaled.jpg 1809w\" sizes=\"auto, (max-width: 212px) 100vw, 212px\" \/> <img loading=\"lazy\" decoding=\"async\" class=\"alignnone size-medium wp-image-19109\" src=\"https:\/\/amautaenlinea.com\/blog\/wp-content\/uploads\/2026\/04\/OFICIO-00506-2026-MINEDU-VMGP-DIGEDD-DIED_002-212x300.jpg\" alt=\"\" width=\"212\" height=\"300\" srcset=\"https:\/\/amautaenlinea.com\/blog\/wp-content\/uploads\/2026\/04\/OFICIO-00506-2026-MINEDU-VMGP-DIGEDD-DIED_002-212x300.jpg 212w, https:\/\/amautaenlinea.com\/blog\/wp-content\/uploads\/2026\/04\/OFICIO-00506-2026-MINEDU-VMGP-DIGEDD-DIED_002-724x1024.jpg 724w, https:\/\/amautaenlinea.com\/blog\/wp-content\/uploads\/2026\/04\/OFICIO-00506-2026-MINEDU-VMGP-DIGEDD-DIED_002-768x1087.jpg 768w, https:\/\/amautaenlinea.com\/blog\/wp-content\/uploads\/2026\/04\/OFICIO-00506-2026-MINEDU-VMGP-DIGEDD-DIED_002-1085x1536.jpg 1085w, https:\/\/amautaenlinea.com\/blog\/wp-content\/uploads\/2026\/04\/OFICIO-00506-2026-MINEDU-VMGP-DIGEDD-DIED_002-1447x2048.jpg 1447w, https:\/\/amautaenlinea.com\/blog\/wp-content\/uploads\/2026\/04\/OFICIO-00506-2026-MINEDU-VMGP-DIGEDD-DIED_002-scaled.jpg 1809w\" sizes=\"auto, (max-width: 212px) 100vw, 212px\" \/><\/p>\n","protected":false},"excerpt":{"rendered":"<p>Lima, 23 de abril de 2026 OFICIO N.\u00ba 00506-2026-MINEDU\/VMGP-DIGEDD-DIED Presente. &#8211; ASUNTO : Concurso P\u00fablico de Ingreso a la Carrera P\u00fablica Magisterial REFERENCIA :<\/p>\n","protected":false},"author":1,"featured_media":19113,"comment_status":"open","ping_status":"open","sticky":false,"template":"","format":"standard","meta":{"footnotes":""},"categories":[4],"tags":[3512],"class_list":["post-19107","post","type-post","status-publish","format-standard","has-post-thumbnail","hentry","category-educacion","tag-minedu-lanza-oficio-multiple-que-convocatoria-de-nombramiento-docente-sera-a-partir-del-mes-de-noviembre-del-2026"],"yoast_head":"<!-- This site is optimized with the Yoast SEO Premium plugin v21.2 (Yoast SEO v27.5) - https:\/\/yoast.com\/product\/yoast-seo-premium-wordpress\/ -->\n<title>\u25b7 Minedu lanza Oficio que convocatoria de Nombramiento Docente ser\u00e1 a partir del mes de Noviembre del 2026 \u00a1LO \u00daLTIMO! \u2705<\/title>\n<meta name=\"description\" content=\"\u27a8 Minedu lanza Oficio M\u00faltiple que convocatoria de Nombramiento Docente ser\u00e1 a partir del mes de Noviembre del 2026\" \/>\n<meta name=\"robots\" content=\"index, follow, max-snippet:-1, max-image-preview:large, max-video-preview:-1\" \/>\n<link rel=\"canonical\" href=\"https:\/\/amautaenlinea.com\/blog\/minedu-lanza-oficio-que-convocatoria-de-nombramiento-docente-sera-a-partir-del-mes-de-noviembre-del-2026-lo-ultimo\/\" \/>\n<meta property=\"og:locale\" content=\"es_ES\" \/>\n<meta property=\"og:type\" content=\"article\" \/>\n<meta property=\"og:title\" content=\"Minedu lanza Oficio que convocatoria de Nombramiento Docente ser\u00e1 a partir del mes de Noviembre del 2026 \u00a1LO \u00daLTIMO!\" \/>\n<meta property=\"og:description\" content=\"\u27a8 Minedu lanza Oficio M\u00faltiple que convocatoria de Nombramiento Docente ser\u00e1 a partir del mes de Noviembre del 2026\" \/>\n<meta property=\"og:url\" content=\"https:\/\/amautaenlinea.com\/blog\/minedu-lanza-oficio-que-convocatoria-de-nombramiento-docente-sera-a-partir-del-mes-de-noviembre-del-2026-lo-ultimo\/\" \/>\n<meta property=\"og:site_name\" content=\"Grupo AMAUTA\" \/>\n<meta property=\"article:publisher\" content=\"https:\/\/www.facebook.com\/amautaperu.org\/\" \/>\n<meta property=\"article:published_time\" content=\"2026-04-30T13:39:35+00:00\" \/>\n<meta property=\"article:modified_time\" content=\"2026-04-30T13:43:49+00:00\" \/>\n<meta property=\"og:image\" content=\"https:\/\/amautaenlinea.com\/blog\/wp-content\/uploads\/2026\/04\/Minedu-lanza-Oficio-que-convocatoria-de-Nombramiento-Docente-sera-a-partir-del-mes-de-Noviembre-del-2026.png\" \/>\n\t<meta property=\"og:image:width\" content=\"1280\" \/>\n\t<meta property=\"og:image:height\" content=\"720\" \/>\n\t<meta property=\"og:image:type\" content=\"image\/png\" \/>\n<meta name=\"author\" content=\"Grupo AMAUTA EBUSINESS\" \/>\n<meta name=\"twitter:card\" content=\"summary_large_image\" \/>\n<script type=\"application\/ld+json\" class=\"yoast-schema-graph\">{\"@context\":\"https:\\\/\\\/schema.org\",\"@graph\":[{\"@type\":\"Article\",\"@id\":\"https:\\\/\\\/amautaenlinea.com\\\/blog\\\/minedu-lanza-oficio-que-convocatoria-de-nombramiento-docente-sera-a-partir-del-mes-de-noviembre-del-2026-lo-ultimo\\\/#article\",\"isPartOf\":{\"@id\":\"https:\\\/\\\/amautaenlinea.com\\\/blog\\\/minedu-lanza-oficio-que-convocatoria-de-nombramiento-docente-sera-a-partir-del-mes-de-noviembre-del-2026-lo-ultimo\\\/\"},\"author\":{\"name\":\"Grupo AMAUTA EBUSINESS\",\"@id\":\"https:\\\/\\\/amautaenlinea.com\\\/blog\\\/#\\\/schema\\\/person\\\/d8d4b5d672e9edb72a6f23fd40dd31d5\"},\"headline\":\"Minedu lanza Oficio que convocatoria de Nombramiento Docente ser\u00e1 a partir del mes de Noviembre del 2026 \u00a1LO \u00daLTIMO!\",\"datePublished\":\"2026-04-30T13:39:35+00:00\",\"dateModified\":\"2026-04-30T13:43:49+00:00\",\"mainEntityOfPage\":{\"@id\":\"https:\\\/\\\/amautaenlinea.com\\\/blog\\\/minedu-lanza-oficio-que-convocatoria-de-nombramiento-docente-sera-a-partir-del-mes-de-noviembre-del-2026-lo-ultimo\\\/\"},\"wordCount\":729,\"commentCount\":0,\"publisher\":{\"@id\":\"https:\\\/\\\/amautaenlinea.com\\\/blog\\\/#organization\"},\"image\":{\"@id\":\"https:\\\/\\\/amautaenlinea.com\\\/blog\\\/minedu-lanza-oficio-que-convocatoria-de-nombramiento-docente-sera-a-partir-del-mes-de-noviembre-del-2026-lo-ultimo\\\/#primaryimage\"},\"thumbnailUrl\":\"https:\\\/\\\/amautaenlinea.com\\\/blog\\\/wp-content\\\/uploads\\\/2026\\\/04\\\/Minedu-lanza-Oficio-que-convocatoria-de-Nombramiento-Docente-sera-a-partir-del-mes-de-Noviembre-del-2026.png\",\"keywords\":[\"Minedu lanza Oficio M\u00faltiple que convocatoria de Nombramiento Docente ser\u00e1 a partir del mes de Noviembre del 2026\"],\"articleSection\":[\"Educaci\u00f3n\"],\"inLanguage\":\"es\",\"potentialAction\":[{\"@type\":\"CommentAction\",\"name\":\"Comment\",\"target\":[\"https:\\\/\\\/amautaenlinea.com\\\/blog\\\/minedu-lanza-oficio-que-convocatoria-de-nombramiento-docente-sera-a-partir-del-mes-de-noviembre-del-2026-lo-ultimo\\\/#respond\"]}],\"copyrightYear\":\"2026\",\"copyrightHolder\":{\"@id\":\"https:\\\/\\\/amautaenlinea.com\\\/blog\\\/#organization\"}},{\"@type\":\"WebPage\",\"@id\":\"https:\\\/\\\/amautaenlinea.com\\\/blog\\\/minedu-lanza-oficio-que-convocatoria-de-nombramiento-docente-sera-a-partir-del-mes-de-noviembre-del-2026-lo-ultimo\\\/\",\"url\":\"https:\\\/\\\/amautaenlinea.com\\\/blog\\\/minedu-lanza-oficio-que-convocatoria-de-nombramiento-docente-sera-a-partir-del-mes-de-noviembre-del-2026-lo-ultimo\\\/\",\"name\":\"\u25b7 Minedu lanza Oficio que convocatoria de Nombramiento Docente ser\u00e1 a partir del mes de Noviembre del 2026 \u00a1LO \u00daLTIMO! \u2705\",\"isPartOf\":{\"@id\":\"https:\\\/\\\/amautaenlinea.com\\\/blog\\\/#website\"},\"primaryImageOfPage\":{\"@id\":\"https:\\\/\\\/amautaenlinea.com\\\/blog\\\/minedu-lanza-oficio-que-convocatoria-de-nombramiento-docente-sera-a-partir-del-mes-de-noviembre-del-2026-lo-ultimo\\\/#primaryimage\"},\"image\":{\"@id\":\"https:\\\/\\\/amautaenlinea.com\\\/blog\\\/minedu-lanza-oficio-que-convocatoria-de-nombramiento-docente-sera-a-partir-del-mes-de-noviembre-del-2026-lo-ultimo\\\/#primaryimage\"},\"thumbnailUrl\":\"https:\\\/\\\/amautaenlinea.com\\\/blog\\\/wp-content\\\/uploads\\\/2026\\\/04\\\/Minedu-lanza-Oficio-que-convocatoria-de-Nombramiento-Docente-sera-a-partir-del-mes-de-Noviembre-del-2026.png\",\"datePublished\":\"2026-04-30T13:39:35+00:00\",\"dateModified\":\"2026-04-30T13:43:49+00:00\",\"description\":\"\u27a8 Minedu lanza Oficio M\u00faltiple que convocatoria de Nombramiento Docente ser\u00e1 a partir del mes de Noviembre del 2026\",\"breadcrumb\":{\"@id\":\"https:\\\/\\\/amautaenlinea.com\\\/blog\\\/minedu-lanza-oficio-que-convocatoria-de-nombramiento-docente-sera-a-partir-del-mes-de-noviembre-del-2026-lo-ultimo\\\/#breadcrumb\"},\"inLanguage\":\"es\",\"potentialAction\":[{\"@type\":\"ReadAction\",\"target\":[\"https:\\\/\\\/amautaenlinea.com\\\/blog\\\/minedu-lanza-oficio-que-convocatoria-de-nombramiento-docente-sera-a-partir-del-mes-de-noviembre-del-2026-lo-ultimo\\\/\"]}]},{\"@type\":\"ImageObject\",\"inLanguage\":\"es\",\"@id\":\"https:\\\/\\\/amautaenlinea.com\\\/blog\\\/minedu-lanza-oficio-que-convocatoria-de-nombramiento-docente-sera-a-partir-del-mes-de-noviembre-del-2026-lo-ultimo\\\/#primaryimage\",\"url\":\"https:\\\/\\\/amautaenlinea.com\\\/blog\\\/wp-content\\\/uploads\\\/2026\\\/04\\\/Minedu-lanza-Oficio-que-convocatoria-de-Nombramiento-Docente-sera-a-partir-del-mes-de-Noviembre-del-2026.png\",\"contentUrl\":\"https:\\\/\\\/amautaenlinea.com\\\/blog\\\/wp-content\\\/uploads\\\/2026\\\/04\\\/Minedu-lanza-Oficio-que-convocatoria-de-Nombramiento-Docente-sera-a-partir-del-mes-de-Noviembre-del-2026.png\",\"width\":1280,\"height\":720},{\"@type\":\"BreadcrumbList\",\"@id\":\"https:\\\/\\\/amautaenlinea.com\\\/blog\\\/minedu-lanza-oficio-que-convocatoria-de-nombramiento-docente-sera-a-partir-del-mes-de-noviembre-del-2026-lo-ultimo\\\/#breadcrumb\",\"itemListElement\":[{\"@type\":\"ListItem\",\"position\":1,\"name\":\"Portada\",\"item\":\"https:\\\/\\\/amautaenlinea.com\\\/blog\\\/\"},{\"@type\":\"ListItem\",\"position\":2,\"name\":\"Minedu lanza Oficio que convocatoria de Nombramiento Docente ser\u00e1 a partir del mes de Noviembre del 2026 \u00a1LO \u00daLTIMO!\"}]},{\"@type\":\"WebSite\",\"@id\":\"https:\\\/\\\/amautaenlinea.com\\\/blog\\\/#website\",\"url\":\"https:\\\/\\\/amautaenlinea.com\\\/blog\\\/\",\"name\":\"Grupo AMAUTA\",\"description\":\"\",\"publisher\":{\"@id\":\"https:\\\/\\\/amautaenlinea.com\\\/blog\\\/#organization\"},\"potentialAction\":[{\"@type\":\"SearchAction\",\"target\":{\"@type\":\"EntryPoint\",\"urlTemplate\":\"https:\\\/\\\/amautaenlinea.com\\\/blog\\\/?s={search_term_string}\"},\"query-input\":{\"@type\":\"PropertyValueSpecification\",\"valueRequired\":true,\"valueName\":\"search_term_string\"}}],\"inLanguage\":\"es\"},{\"@type\":\"Organization\",\"@id\":\"https:\\\/\\\/amautaenlinea.com\\\/blog\\\/#organization\",\"name\":\"Grupo AMAUTA E-BUSINESS\",\"url\":\"https:\\\/\\\/amautaenlinea.com\\\/blog\\\/\",\"logo\":{\"@type\":\"ImageObject\",\"inLanguage\":\"es\",\"@id\":\"https:\\\/\\\/amautaenlinea.com\\\/blog\\\/#\\\/schema\\\/logo\\\/image\\\/\",\"url\":\"https:\\\/\\\/amautaenlinea.com\\\/blog\\\/wp-content\\\/uploads\\\/2023\\\/09\\\/logo-amauta.png\",\"contentUrl\":\"https:\\\/\\\/amautaenlinea.com\\\/blog\\\/wp-content\\\/uploads\\\/2023\\\/09\\\/logo-amauta.png\",\"width\":1124,\"height\":368,\"caption\":\"Grupo AMAUTA E-BUSINESS\"},\"image\":{\"@id\":\"https:\\\/\\\/amautaenlinea.com\\\/blog\\\/#\\\/schema\\\/logo\\\/image\\\/\"},\"sameAs\":[\"https:\\\/\\\/www.facebook.com\\\/amautaperu.org\\\/\"]},{\"@type\":\"Person\",\"@id\":\"https:\\\/\\\/amautaenlinea.com\\\/blog\\\/#\\\/schema\\\/person\\\/d8d4b5d672e9edb72a6f23fd40dd31d5\",\"name\":\"Grupo AMAUTA EBUSINESS\",\"image\":{\"@type\":\"ImageObject\",\"inLanguage\":\"es\",\"@id\":\"https:\\\/\\\/secure.gravatar.com\\\/avatar\\\/97706b54c222a710310e2db50e02e68de0a4c8bb76654bcc4053b08241c6bd6c?s=96&d=mm&r=g\",\"url\":\"https:\\\/\\\/secure.gravatar.com\\\/avatar\\\/97706b54c222a710310e2db50e02e68de0a4c8bb76654bcc4053b08241c6bd6c?s=96&d=mm&r=g\",\"contentUrl\":\"https:\\\/\\\/secure.gravatar.com\\\/avatar\\\/97706b54c222a710310e2db50e02e68de0a4c8bb76654bcc4053b08241c6bd6c?s=96&d=mm&r=g\",\"caption\":\"Grupo AMAUTA EBUSINESS\"}}]}<\/script>\n<!-- \/ Yoast SEO Premium plugin. -->","yoast_head_json":{"title":"\u25b7 Minedu lanza Oficio que convocatoria de Nombramiento Docente ser\u00e1 a partir del mes de Noviembre del 2026 \u00a1LO \u00daLTIMO! \u2705","description":"\u27a8 Minedu lanza Oficio M\u00faltiple que convocatoria de Nombramiento Docente ser\u00e1 a partir del mes de Noviembre del 2026","robots":{"index":"index","follow":"follow","max-snippet":"max-snippet:-1","max-image-preview":"max-image-preview:large","max-video-preview":"max-video-preview:-1"},"canonical":"https:\/\/amautaenlinea.com\/blog\/minedu-lanza-oficio-que-convocatoria-de-nombramiento-docente-sera-a-partir-del-mes-de-noviembre-del-2026-lo-ultimo\/","og_locale":"es_ES","og_type":"article","og_title":"Minedu lanza Oficio que convocatoria de Nombramiento Docente ser\u00e1 a partir del mes de Noviembre del 2026 \u00a1LO \u00daLTIMO!","og_description":"\u27a8 Minedu lanza Oficio M\u00faltiple que convocatoria de Nombramiento Docente ser\u00e1 a partir del mes de Noviembre del 2026","og_url":"https:\/\/amautaenlinea.com\/blog\/minedu-lanza-oficio-que-convocatoria-de-nombramiento-docente-sera-a-partir-del-mes-de-noviembre-del-2026-lo-ultimo\/","og_site_name":"Grupo AMAUTA","article_publisher":"https:\/\/www.facebook.com\/amautaperu.org\/","article_published_time":"2026-04-30T13:39:35+00:00","article_modified_time":"2026-04-30T13:43:49+00:00","og_image":[{"width":1280,"height":720,"url":"https:\/\/amautaenlinea.com\/blog\/wp-content\/uploads\/2026\/04\/Minedu-lanza-Oficio-que-convocatoria-de-Nombramiento-Docente-sera-a-partir-del-mes-de-Noviembre-del-2026.png","type":"image\/png"}],"author":"Grupo AMAUTA EBUSINESS","twitter_card":"summary_large_image","schema":{"@context":"https:\/\/schema.org","@graph":[{"@type":"Article","@id":"https:\/\/amautaenlinea.com\/blog\/minedu-lanza-oficio-que-convocatoria-de-nombramiento-docente-sera-a-partir-del-mes-de-noviembre-del-2026-lo-ultimo\/#article","isPartOf":{"@id":"https:\/\/amautaenlinea.com\/blog\/minedu-lanza-oficio-que-convocatoria-de-nombramiento-docente-sera-a-partir-del-mes-de-noviembre-del-2026-lo-ultimo\/"},"author":{"name":"Grupo AMAUTA EBUSINESS","@id":"https:\/\/amautaenlinea.com\/blog\/#\/schema\/person\/d8d4b5d672e9edb72a6f23fd40dd31d5"},"headline":"Minedu lanza Oficio que convocatoria de Nombramiento Docente ser\u00e1 a partir del mes de Noviembre del 2026 \u00a1LO \u00daLTIMO!","datePublished":"2026-04-30T13:39:35+00:00","dateModified":"2026-04-30T13:43:49+00:00","mainEntityOfPage":{"@id":"https:\/\/amautaenlinea.com\/blog\/minedu-lanza-oficio-que-convocatoria-de-nombramiento-docente-sera-a-partir-del-mes-de-noviembre-del-2026-lo-ultimo\/"},"wordCount":729,"commentCount":0,"publisher":{"@id":"https:\/\/amautaenlinea.com\/blog\/#organization"},"image":{"@id":"https:\/\/amautaenlinea.com\/blog\/minedu-lanza-oficio-que-convocatoria-de-nombramiento-docente-sera-a-partir-del-mes-de-noviembre-del-2026-lo-ultimo\/#primaryimage"},"thumbnailUrl":"https:\/\/amautaenlinea.com\/blog\/wp-content\/uploads\/2026\/04\/Minedu-lanza-Oficio-que-convocatoria-de-Nombramiento-Docente-sera-a-partir-del-mes-de-Noviembre-del-2026.png","keywords":["Minedu lanza Oficio M\u00faltiple que convocatoria de Nombramiento Docente ser\u00e1 a partir del mes de Noviembre del 2026"],"articleSection":["Educaci\u00f3n"],"inLanguage":"es","potentialAction":[{"@type":"CommentAction","name":"Comment","target":["https:\/\/amautaenlinea.com\/blog\/minedu-lanza-oficio-que-convocatoria-de-nombramiento-docente-sera-a-partir-del-mes-de-noviembre-del-2026-lo-ultimo\/#respond"]}],"copyrightYear":"2026","copyrightHolder":{"@id":"https:\/\/amautaenlinea.com\/blog\/#organization"}},{"@type":"WebPage","@id":"https:\/\/amautaenlinea.com\/blog\/minedu-lanza-oficio-que-convocatoria-de-nombramiento-docente-sera-a-partir-del-mes-de-noviembre-del-2026-lo-ultimo\/","url":"https:\/\/amautaenlinea.com\/blog\/minedu-lanza-oficio-que-convocatoria-de-nombramiento-docente-sera-a-partir-del-mes-de-noviembre-del-2026-lo-ultimo\/","name":"\u25b7 Minedu lanza Oficio que convocatoria de Nombramiento Docente ser\u00e1 a partir del mes de Noviembre del 2026 \u00a1LO \u00daLTIMO! \u2705","isPartOf":{"@id":"https:\/\/amautaenlinea.com\/blog\/#website"},"primaryImageOfPage":{"@id":"https:\/\/amautaenlinea.com\/blog\/minedu-lanza-oficio-que-convocatoria-de-nombramiento-docente-sera-a-partir-del-mes-de-noviembre-del-2026-lo-ultimo\/#primaryimage"},"image":{"@id":"https:\/\/amautaenlinea.com\/blog\/minedu-lanza-oficio-que-convocatoria-de-nombramiento-docente-sera-a-partir-del-mes-de-noviembre-del-2026-lo-ultimo\/#primaryimage"},"thumbnailUrl":"https:\/\/amautaenlinea.com\/blog\/wp-content\/uploads\/2026\/04\/Minedu-lanza-Oficio-que-convocatoria-de-Nombramiento-Docente-sera-a-partir-del-mes-de-Noviembre-del-2026.png","datePublished":"2026-04-30T13:39:35+00:00","dateModified":"2026-04-30T13:43:49+00:00","description":"\u27a8 Minedu lanza Oficio M\u00faltiple que convocatoria de Nombramiento Docente ser\u00e1 a partir del mes de Noviembre del 2026","breadcrumb":{"@id":"https:\/\/amautaenlinea.com\/blog\/minedu-lanza-oficio-que-convocatoria-de-nombramiento-docente-sera-a-partir-del-mes-de-noviembre-del-2026-lo-ultimo\/#breadcrumb"},"inLanguage":"es","potentialAction":[{"@type":"ReadAction","target":["https:\/\/amautaenlinea.com\/blog\/minedu-lanza-oficio-que-convocatoria-de-nombramiento-docente-sera-a-partir-del-mes-de-noviembre-del-2026-lo-ultimo\/"]}]},{"@type":"ImageObject","inLanguage":"es","@id":"https:\/\/amautaenlinea.com\/blog\/minedu-lanza-oficio-que-convocatoria-de-nombramiento-docente-sera-a-partir-del-mes-de-noviembre-del-2026-lo-ultimo\/#primaryimage","url":"https:\/\/amautaenlinea.com\/blog\/wp-content\/uploads\/2026\/04\/Minedu-lanza-Oficio-que-convocatoria-de-Nombramiento-Docente-sera-a-partir-del-mes-de-Noviembre-del-2026.png","contentUrl":"https:\/\/amautaenlinea.com\/blog\/wp-content\/uploads\/2026\/04\/Minedu-lanza-Oficio-que-convocatoria-de-Nombramiento-Docente-sera-a-partir-del-mes-de-Noviembre-del-2026.png","width":1280,"height":720},{"@type":"BreadcrumbList","@id":"https:\/\/amautaenlinea.com\/blog\/minedu-lanza-oficio-que-convocatoria-de-nombramiento-docente-sera-a-partir-del-mes-de-noviembre-del-2026-lo-ultimo\/#breadcrumb","itemListElement":[{"@type":"ListItem","position":1,"name":"Portada","item":"https:\/\/amautaenlinea.com\/blog\/"},{"@type":"ListItem","position":2,"name":"Minedu lanza Oficio que convocatoria de Nombramiento Docente ser\u00e1 a partir del mes de Noviembre del 2026 \u00a1LO \u00daLTIMO!"}]},{"@type":"WebSite","@id":"https:\/\/amautaenlinea.com\/blog\/#website","url":"https:\/\/amautaenlinea.com\/blog\/","name":"Grupo AMAUTA","description":"","publisher":{"@id":"https:\/\/amautaenlinea.com\/blog\/#organization"},"potentialAction":[{"@type":"SearchAction","target":{"@type":"EntryPoint","urlTemplate":"https:\/\/amautaenlinea.com\/blog\/?s={search_term_string}"},"query-input":{"@type":"PropertyValueSpecification","valueRequired":true,"valueName":"search_term_string"}}],"inLanguage":"es"},{"@type":"Organization","@id":"https:\/\/amautaenlinea.com\/blog\/#organization","name":"Grupo AMAUTA E-BUSINESS","url":"https:\/\/amautaenlinea.com\/blog\/","logo":{"@type":"ImageObject","inLanguage":"es","@id":"https:\/\/amautaenlinea.com\/blog\/#\/schema\/logo\/image\/","url":"https:\/\/amautaenlinea.com\/blog\/wp-content\/uploads\/2023\/09\/logo-amauta.png","contentUrl":"https:\/\/amautaenlinea.com\/blog\/wp-content\/uploads\/2023\/09\/logo-amauta.png","width":1124,"height":368,"caption":"Grupo AMAUTA E-BUSINESS"},"image":{"@id":"https:\/\/amautaenlinea.com\/blog\/#\/schema\/logo\/image\/"},"sameAs":["https:\/\/www.facebook.com\/amautaperu.org\/"]},{"@type":"Person","@id":"https:\/\/amautaenlinea.com\/blog\/#\/schema\/person\/d8d4b5d672e9edb72a6f23fd40dd31d5","name":"Grupo AMAUTA EBUSINESS","image":{"@type":"ImageObject","inLanguage":"es","@id":"https:\/\/secure.gravatar.com\/avatar\/97706b54c222a710310e2db50e02e68de0a4c8bb76654bcc4053b08241c6bd6c?s=96&d=mm&r=g","url":"https:\/\/secure.gravatar.com\/avatar\/97706b54c222a710310e2db50e02e68de0a4c8bb76654bcc4053b08241c6bd6c?s=96&d=mm&r=g","contentUrl":"https:\/\/secure.gravatar.com\/avatar\/97706b54c222a710310e2db50e02e68de0a4c8bb76654bcc4053b08241c6bd6c?s=96&d=mm&r=g","caption":"Grupo AMAUTA EBUSINESS"}}]}},"_links":{"self":[{"href":"https:\/\/amautaenlinea.com\/blog\/wp-json\/wp\/v2\/posts\/19107","targetHints":{"allow":["GET"]}}],"collection":[{"href":"https:\/\/amautaenlinea.com\/blog\/wp-json\/wp\/v2\/posts"}],"about":[{"href":"https:\/\/amautaenlinea.com\/blog\/wp-json\/wp\/v2\/types\/post"}],"author":[{"embeddable":true,"href":"https:\/\/amautaenlinea.com\/blog\/wp-json\/wp\/v2\/users\/1"}],"replies":[{"embeddable":true,"href":"https:\/\/amautaenlinea.com\/blog\/wp-json\/wp\/v2\/comments?post=19107"}],"version-history":[{"count":2,"href":"https:\/\/amautaenlinea.com\/blog\/wp-json\/wp\/v2\/posts\/19107\/revisions"}],"predecessor-version":[{"id":19112,"href":"https:\/\/amautaenlinea.com\/blog\/wp-json\/wp\/v2\/posts\/19107\/revisions\/19112"}],"wp:featuredmedia":[{"embeddable":true,"href":"https:\/\/amautaenlinea.com\/blog\/wp-json\/wp\/v2\/media\/19113"}],"wp:attachment":[{"href":"https:\/\/amautaenlinea.com\/blog\/wp-json\/wp\/v2\/media?parent=19107"}],"wp:term":[{"taxonomy":"category","embeddable":true,"href":"https:\/\/amautaenlinea.com\/blog\/wp-json\/wp\/v2\/categories?post=19107"},{"taxonomy":"post_tag","embeddable":true,"href":"https:\/\/amautaenlinea.com\/blog\/wp-json\/wp\/v2\/tags?post=19107"}],"curies":[{"name":"wp","href":"https:\/\/api.w.org\/{rel}","templated":true}]}}