{"id":19101,"date":"2026-04-29T18:36:14","date_gmt":"2026-04-29T23:36:14","guid":{"rendered":"https:\/\/amautaenlinea.com\/blog\/?p=19101"},"modified":"2026-04-29T18:36:14","modified_gmt":"2026-04-29T23:36:14","slug":"nombramiento-docente-podria-ser-para-el-ano-escolar-2027-atencion-docente","status":"publish","type":"post","link":"https:\/\/amautaenlinea.com\/blog\/nombramiento-docente-podria-ser-para-el-ano-escolar-2027-atencion-docente\/","title":{"rendered":"Nombramiento docente podr\u00eda ser para el a\u00f1o escolar 2027 \u00a1ATENCI\u00d3N DOCENTE!"},"content":{"rendered":"<p data-path-to-node=\"3\">Estimados colegas, nos encontramos en un momento cr\u00edtico. <span class=\"citation-3\">Mientras muchos esperan la ejecuci\u00f3n de la <\/span><b data-path-to-node=\"3\" data-index-in-node=\"101\"><span class=\"citation-3\">Ley 32390<\/span><\/b><span class=\"citation-3 citation-end-3\"> (Nombramiento Progresivo 2022), el panorama jur\u00eddico y pol\u00edtico parece estar configurando un escenario distinto al que todos desear\u00edamos.<\/span><\/p>\n<p data-path-to-node=\"4\">Aqu\u00ed les comparto 3 puntos clave para analizar qu\u00e9 est\u00e1 pasando realmente:<\/p>\n<h2 data-path-to-node=\"5\">El Tribunal Constitucional y la \u00abL\u00ednea de la Meritocracia\u00bb<\/h2>\n<p data-path-to-node=\"6\">Existe una alta probabilidad de que el <b data-path-to-node=\"6\" data-index-in-node=\"39\">Tribunal Constitucional (TC)<\/b> no falle a favor del nombramiento progresivo. \u00bfPor qu\u00e9? Hist\u00f3ricamente, el TC ha priorizado el principio de <b data-path-to-node=\"6\" data-index-in-node=\"176\">meritocracia y el concurso p\u00fablico<\/b> sobre los nombramientos directos o por insistencia. Al ser una ley que el Minedu ya demand\u00f3 por inconstitucional, el Tribunal suele inclinarse por proteger la \u00abCarrera P\u00fablica Magisterial\u00bb basada en ex\u00e1menes abiertos, lo que dejar\u00eda la ley sin efecto.<\/p>\n<h2 data-path-to-node=\"7\">\u00bfCu\u00e1nto tarda realmente el Minedu en armar un examen?<\/h2>\n<p data-path-to-node=\"8\">No se dejen enga\u00f1ar por quienes dicen que un examen se organiza en un mes. Hist\u00f3ricamente, el ciclo desde la convocatoria hasta la Prueba Nacional toma entre <b data-path-to-node=\"8\" data-index-in-node=\"158\">6 y 8 meses<\/b>.<\/p>\n<p data-path-to-node=\"9,0,0\">Si el TC anula la ley pronto, el Minedu tendr\u00eda que correr para lanzar una convocatoria que logre ejecutarse antes de que termine el a\u00f1o escolar. Por otra parte la etapa descentralizada ser\u00eda otra barrera ya que estudiantes habr\u00e1n finalizado el a\u00f1o escolar. Sin embargo, el <strong>presupuesto 2026<\/strong> y la log\u00edstica nacional son barreras reales que podr\u00edan <strong>dilatar todo.<\/strong><\/p>\n<h2 data-path-to-node=\"10\">El factor \u00abSegunda Vuelta\u00bb y la transici\u00f3n pol\u00edtica<\/h2>\n<p data-path-to-node=\"11\"><span class=\"citation-2\">Estamos en <\/span><b data-path-to-node=\"11\" data-index-in-node=\"11\"><span class=\"citation-2\">abril de 2026<\/span><\/b><span class=\"citation-2\"> y la segunda vuelta electoral es el <\/span><b data-path-to-node=\"11\" data-index-in-node=\"61\"><span class=\"citation-2\">7 de junio<\/span><\/b><span class=\"citation-2 citation-end-2\">.<\/span> Esto genera una par\u00e1lisis administrativa natural:<\/p>\n<p data-path-to-node=\"12,0,0\"><b data-path-to-node=\"12,0,0\" data-index-in-node=\"0\">Incertidumbre:<\/b> Ning\u00fan funcionario de alto rango quiere comprometer presupuestos millonarios para un examen masivo si no sabe qui\u00e9n ser\u00e1 su pr\u00f3ximo jefe en julio.<\/p>\n<p data-path-to-node=\"12,1,0\"><b data-path-to-node=\"12,1,0\" data-index-in-node=\"0\">Prioridades:<\/b> El Gobierno actual est\u00e1 m\u00e1s enfocado en la transferencia que en procesos complejos de nombramiento.<\/p>\n<h2 data-path-to-node=\"14\">Nuestra hip\u00f3tesis:<\/h2>\n<p data-path-to-node=\"15\">Es muy posible que el nombramiento progresivo 2022 se caiga en el TC y que, debido a los tiempos de preparaci\u00f3n de la prueba y el ruido pol\u00edtico de las elecciones, el esperado \u00abExamen de Nombramiento 2026\u00bb termine posterg\u00e1ndose o quedando en manos de la gesti\u00f3n que asuma el 28 de julio.<\/p>\n","protected":false},"excerpt":{"rendered":"<p>Estimados colegas, nos encontramos en un momento cr\u00edtico. Mientras muchos esperan la ejecuci\u00f3n de la Ley 32390 (Nombramiento Progresivo 2022), el panorama jur\u00eddico y<\/p>\n","protected":false},"author":1,"featured_media":19102,"comment_status":"open","ping_status":"open","sticky":false,"template":"","format":"standard","meta":{"footnotes":""},"categories":[4],"tags":[3511],"class_list":["post-19101","post","type-post","status-publish","format-standard","has-post-thumbnail","hentry","category-educacion","tag-nombramiento-docente-podria-ser-para-el-ano-lectivo-2027"],"yoast_head":"<!-- This site is optimized with the Yoast SEO Premium plugin v21.2 (Yoast SEO v27.5) - https:\/\/yoast.com\/product\/yoast-seo-premium-wordpress\/ -->\n<title>\u25b7 Nombramiento docente podr\u00eda ser para el a\u00f1o escolar 2027 \u00a1ATENCI\u00d3N DOCENTE! \u2705<\/title>\n<meta name=\"description\" content=\"\u27a8 Nombramiento docente podr\u00eda ser para el a\u00f1o escolar 2027\" \/>\n<meta name=\"robots\" content=\"index, follow, max-snippet:-1, max-image-preview:large, max-video-preview:-1\" \/>\n<link rel=\"canonical\" href=\"https:\/\/amautaenlinea.com\/blog\/nombramiento-docente-podria-ser-para-el-ano-escolar-2027-atencion-docente\/\" \/>\n<meta property=\"og:locale\" content=\"es_ES\" \/>\n<meta property=\"og:type\" content=\"article\" \/>\n<meta property=\"og:title\" content=\"Nombramiento docente podr\u00eda ser para el a\u00f1o escolar 2027 \u00a1ATENCI\u00d3N DOCENTE!\" \/>\n<meta property=\"og:description\" content=\"\u27a8 Nombramiento docente podr\u00eda ser para el a\u00f1o escolar 2027\" \/>\n<meta property=\"og:url\" content=\"https:\/\/amautaenlinea.com\/blog\/nombramiento-docente-podria-ser-para-el-ano-escolar-2027-atencion-docente\/\" \/>\n<meta property=\"og:site_name\" content=\"Grupo AMAUTA\" \/>\n<meta property=\"article:publisher\" content=\"https:\/\/www.facebook.com\/amautaperu.org\/\" \/>\n<meta property=\"article:published_time\" content=\"2026-04-29T23:36:14+00:00\" \/>\n<meta property=\"og:image\" content=\"https:\/\/amautaenlinea.com\/blog\/wp-content\/uploads\/2026\/04\/Nombramiento-docente-podria-ser-para-el-ano-lectivo-2027.png\" \/>\n\t<meta property=\"og:image:width\" content=\"1280\" \/>\n\t<meta property=\"og:image:height\" content=\"720\" \/>\n\t<meta property=\"og:image:type\" content=\"image\/png\" \/>\n<meta name=\"author\" content=\"Grupo AMAUTA EBUSINESS\" \/>\n<meta name=\"twitter:card\" content=\"summary_large_image\" \/>\n<script type=\"application\/ld+json\" class=\"yoast-schema-graph\">{\"@context\":\"https:\\\/\\\/schema.org\",\"@graph\":[{\"@type\":\"Article\",\"@id\":\"https:\\\/\\\/amautaenlinea.com\\\/blog\\\/nombramiento-docente-podria-ser-para-el-ano-escolar-2027-atencion-docente\\\/#article\",\"isPartOf\":{\"@id\":\"https:\\\/\\\/amautaenlinea.com\\\/blog\\\/nombramiento-docente-podria-ser-para-el-ano-escolar-2027-atencion-docente\\\/\"},\"author\":{\"name\":\"Grupo AMAUTA EBUSINESS\",\"@id\":\"https:\\\/\\\/amautaenlinea.com\\\/blog\\\/#\\\/schema\\\/person\\\/d8d4b5d672e9edb72a6f23fd40dd31d5\"},\"headline\":\"Nombramiento docente podr\u00eda ser para el a\u00f1o escolar 2027 \u00a1ATENCI\u00d3N DOCENTE!\",\"datePublished\":\"2026-04-29T23:36:14+00:00\",\"mainEntityOfPage\":{\"@id\":\"https:\\\/\\\/amautaenlinea.com\\\/blog\\\/nombramiento-docente-podria-ser-para-el-ano-escolar-2027-atencion-docente\\\/\"},\"wordCount\":384,\"commentCount\":0,\"publisher\":{\"@id\":\"https:\\\/\\\/amautaenlinea.com\\\/blog\\\/#organization\"},\"image\":{\"@id\":\"https:\\\/\\\/amautaenlinea.com\\\/blog\\\/nombramiento-docente-podria-ser-para-el-ano-escolar-2027-atencion-docente\\\/#primaryimage\"},\"thumbnailUrl\":\"https:\\\/\\\/amautaenlinea.com\\\/blog\\\/wp-content\\\/uploads\\\/2026\\\/04\\\/Nombramiento-docente-podria-ser-para-el-ano-lectivo-2027.png\",\"keywords\":[\"Nombramiento docente podr\u00eda ser para el a\u00f1o lectivo 2027\"],\"articleSection\":[\"Educaci\u00f3n\"],\"inLanguage\":\"es\",\"potentialAction\":[{\"@type\":\"CommentAction\",\"name\":\"Comment\",\"target\":[\"https:\\\/\\\/amautaenlinea.com\\\/blog\\\/nombramiento-docente-podria-ser-para-el-ano-escolar-2027-atencion-docente\\\/#respond\"]}],\"copyrightYear\":\"2026\",\"copyrightHolder\":{\"@id\":\"https:\\\/\\\/amautaenlinea.com\\\/blog\\\/#organization\"}},{\"@type\":\"WebPage\",\"@id\":\"https:\\\/\\\/amautaenlinea.com\\\/blog\\\/nombramiento-docente-podria-ser-para-el-ano-escolar-2027-atencion-docente\\\/\",\"url\":\"https:\\\/\\\/amautaenlinea.com\\\/blog\\\/nombramiento-docente-podria-ser-para-el-ano-escolar-2027-atencion-docente\\\/\",\"name\":\"\u25b7 Nombramiento docente podr\u00eda ser para el a\u00f1o escolar 2027 \u00a1ATENCI\u00d3N DOCENTE! \u2705\",\"isPartOf\":{\"@id\":\"https:\\\/\\\/amautaenlinea.com\\\/blog\\\/#website\"},\"primaryImageOfPage\":{\"@id\":\"https:\\\/\\\/amautaenlinea.com\\\/blog\\\/nombramiento-docente-podria-ser-para-el-ano-escolar-2027-atencion-docente\\\/#primaryimage\"},\"image\":{\"@id\":\"https:\\\/\\\/amautaenlinea.com\\\/blog\\\/nombramiento-docente-podria-ser-para-el-ano-escolar-2027-atencion-docente\\\/#primaryimage\"},\"thumbnailUrl\":\"https:\\\/\\\/amautaenlinea.com\\\/blog\\\/wp-content\\\/uploads\\\/2026\\\/04\\\/Nombramiento-docente-podria-ser-para-el-ano-lectivo-2027.png\",\"datePublished\":\"2026-04-29T23:36:14+00:00\",\"description\":\"\u27a8 Nombramiento docente podr\u00eda ser para el a\u00f1o escolar 2027\",\"breadcrumb\":{\"@id\":\"https:\\\/\\\/amautaenlinea.com\\\/blog\\\/nombramiento-docente-podria-ser-para-el-ano-escolar-2027-atencion-docente\\\/#breadcrumb\"},\"inLanguage\":\"es\",\"potentialAction\":[{\"@type\":\"ReadAction\",\"target\":[\"https:\\\/\\\/amautaenlinea.com\\\/blog\\\/nombramiento-docente-podria-ser-para-el-ano-escolar-2027-atencion-docente\\\/\"]}]},{\"@type\":\"ImageObject\",\"inLanguage\":\"es\",\"@id\":\"https:\\\/\\\/amautaenlinea.com\\\/blog\\\/nombramiento-docente-podria-ser-para-el-ano-escolar-2027-atencion-docente\\\/#primaryimage\",\"url\":\"https:\\\/\\\/amautaenlinea.com\\\/blog\\\/wp-content\\\/uploads\\\/2026\\\/04\\\/Nombramiento-docente-podria-ser-para-el-ano-lectivo-2027.png\",\"contentUrl\":\"https:\\\/\\\/amautaenlinea.com\\\/blog\\\/wp-content\\\/uploads\\\/2026\\\/04\\\/Nombramiento-docente-podria-ser-para-el-ano-lectivo-2027.png\",\"width\":1280,\"height\":720},{\"@type\":\"BreadcrumbList\",\"@id\":\"https:\\\/\\\/amautaenlinea.com\\\/blog\\\/nombramiento-docente-podria-ser-para-el-ano-escolar-2027-atencion-docente\\\/#breadcrumb\",\"itemListElement\":[{\"@type\":\"ListItem\",\"position\":1,\"name\":\"Portada\",\"item\":\"https:\\\/\\\/amautaenlinea.com\\\/blog\\\/\"},{\"@type\":\"ListItem\",\"position\":2,\"name\":\"Nombramiento docente podr\u00eda ser para el a\u00f1o escolar 2027 \u00a1ATENCI\u00d3N DOCENTE!\"}]},{\"@type\":\"WebSite\",\"@id\":\"https:\\\/\\\/amautaenlinea.com\\\/blog\\\/#website\",\"url\":\"https:\\\/\\\/amautaenlinea.com\\\/blog\\\/\",\"name\":\"Grupo AMAUTA\",\"description\":\"\",\"publisher\":{\"@id\":\"https:\\\/\\\/amautaenlinea.com\\\/blog\\\/#organization\"},\"potentialAction\":[{\"@type\":\"SearchAction\",\"target\":{\"@type\":\"EntryPoint\",\"urlTemplate\":\"https:\\\/\\\/amautaenlinea.com\\\/blog\\\/?s={search_term_string}\"},\"query-input\":{\"@type\":\"PropertyValueSpecification\",\"valueRequired\":true,\"valueName\":\"search_term_string\"}}],\"inLanguage\":\"es\"},{\"@type\":\"Organization\",\"@id\":\"https:\\\/\\\/amautaenlinea.com\\\/blog\\\/#organization\",\"name\":\"Grupo AMAUTA E-BUSINESS\",\"url\":\"https:\\\/\\\/amautaenlinea.com\\\/blog\\\/\",\"logo\":{\"@type\":\"ImageObject\",\"inLanguage\":\"es\",\"@id\":\"https:\\\/\\\/amautaenlinea.com\\\/blog\\\/#\\\/schema\\\/logo\\\/image\\\/\",\"url\":\"https:\\\/\\\/amautaenlinea.com\\\/blog\\\/wp-content\\\/uploads\\\/2023\\\/09\\\/logo-amauta.png\",\"contentUrl\":\"https:\\\/\\\/amautaenlinea.com\\\/blog\\\/wp-content\\\/uploads\\\/2023\\\/09\\\/logo-amauta.png\",\"width\":1124,\"height\":368,\"caption\":\"Grupo AMAUTA E-BUSINESS\"},\"image\":{\"@id\":\"https:\\\/\\\/amautaenlinea.com\\\/blog\\\/#\\\/schema\\\/logo\\\/image\\\/\"},\"sameAs\":[\"https:\\\/\\\/www.facebook.com\\\/amautaperu.org\\\/\"]},{\"@type\":\"Person\",\"@id\":\"https:\\\/\\\/amautaenlinea.com\\\/blog\\\/#\\\/schema\\\/person\\\/d8d4b5d672e9edb72a6f23fd40dd31d5\",\"name\":\"Grupo AMAUTA EBUSINESS\",\"image\":{\"@type\":\"ImageObject\",\"inLanguage\":\"es\",\"@id\":\"https:\\\/\\\/secure.gravatar.com\\\/avatar\\\/97706b54c222a710310e2db50e02e68de0a4c8bb76654bcc4053b08241c6bd6c?s=96&d=mm&r=g\",\"url\":\"https:\\\/\\\/secure.gravatar.com\\\/avatar\\\/97706b54c222a710310e2db50e02e68de0a4c8bb76654bcc4053b08241c6bd6c?s=96&d=mm&r=g\",\"contentUrl\":\"https:\\\/\\\/secure.gravatar.com\\\/avatar\\\/97706b54c222a710310e2db50e02e68de0a4c8bb76654bcc4053b08241c6bd6c?s=96&d=mm&r=g\",\"caption\":\"Grupo AMAUTA EBUSINESS\"}}]}<\/script>\n<!-- \/ Yoast SEO Premium plugin. -->","yoast_head_json":{"title":"\u25b7 Nombramiento docente podr\u00eda ser para el a\u00f1o escolar 2027 \u00a1ATENCI\u00d3N DOCENTE! \u2705","description":"\u27a8 Nombramiento docente podr\u00eda ser para el a\u00f1o escolar 2027","robots":{"index":"index","follow":"follow","max-snippet":"max-snippet:-1","max-image-preview":"max-image-preview:large","max-video-preview":"max-video-preview:-1"},"canonical":"https:\/\/amautaenlinea.com\/blog\/nombramiento-docente-podria-ser-para-el-ano-escolar-2027-atencion-docente\/","og_locale":"es_ES","og_type":"article","og_title":"Nombramiento docente podr\u00eda ser para el a\u00f1o escolar 2027 \u00a1ATENCI\u00d3N DOCENTE!","og_description":"\u27a8 Nombramiento docente podr\u00eda ser para el a\u00f1o escolar 2027","og_url":"https:\/\/amautaenlinea.com\/blog\/nombramiento-docente-podria-ser-para-el-ano-escolar-2027-atencion-docente\/","og_site_name":"Grupo AMAUTA","article_publisher":"https:\/\/www.facebook.com\/amautaperu.org\/","article_published_time":"2026-04-29T23:36:14+00:00","og_image":[{"width":1280,"height":720,"url":"https:\/\/amautaenlinea.com\/blog\/wp-content\/uploads\/2026\/04\/Nombramiento-docente-podria-ser-para-el-ano-lectivo-2027.png","type":"image\/png"}],"author":"Grupo AMAUTA EBUSINESS","twitter_card":"summary_large_image","schema":{"@context":"https:\/\/schema.org","@graph":[{"@type":"Article","@id":"https:\/\/amautaenlinea.com\/blog\/nombramiento-docente-podria-ser-para-el-ano-escolar-2027-atencion-docente\/#article","isPartOf":{"@id":"https:\/\/amautaenlinea.com\/blog\/nombramiento-docente-podria-ser-para-el-ano-escolar-2027-atencion-docente\/"},"author":{"name":"Grupo AMAUTA EBUSINESS","@id":"https:\/\/amautaenlinea.com\/blog\/#\/schema\/person\/d8d4b5d672e9edb72a6f23fd40dd31d5"},"headline":"Nombramiento docente podr\u00eda ser para el a\u00f1o escolar 2027 \u00a1ATENCI\u00d3N DOCENTE!","datePublished":"2026-04-29T23:36:14+00:00","mainEntityOfPage":{"@id":"https:\/\/amautaenlinea.com\/blog\/nombramiento-docente-podria-ser-para-el-ano-escolar-2027-atencion-docente\/"},"wordCount":384,"commentCount":0,"publisher":{"@id":"https:\/\/amautaenlinea.com\/blog\/#organization"},"image":{"@id":"https:\/\/amautaenlinea.com\/blog\/nombramiento-docente-podria-ser-para-el-ano-escolar-2027-atencion-docente\/#primaryimage"},"thumbnailUrl":"https:\/\/amautaenlinea.com\/blog\/wp-content\/uploads\/2026\/04\/Nombramiento-docente-podria-ser-para-el-ano-lectivo-2027.png","keywords":["Nombramiento docente podr\u00eda ser para el a\u00f1o lectivo 2027"],"articleSection":["Educaci\u00f3n"],"inLanguage":"es","potentialAction":[{"@type":"CommentAction","name":"Comment","target":["https:\/\/amautaenlinea.com\/blog\/nombramiento-docente-podria-ser-para-el-ano-escolar-2027-atencion-docente\/#respond"]}],"copyrightYear":"2026","copyrightHolder":{"@id":"https:\/\/amautaenlinea.com\/blog\/#organization"}},{"@type":"WebPage","@id":"https:\/\/amautaenlinea.com\/blog\/nombramiento-docente-podria-ser-para-el-ano-escolar-2027-atencion-docente\/","url":"https:\/\/amautaenlinea.com\/blog\/nombramiento-docente-podria-ser-para-el-ano-escolar-2027-atencion-docente\/","name":"\u25b7 Nombramiento docente podr\u00eda ser para el a\u00f1o escolar 2027 \u00a1ATENCI\u00d3N DOCENTE! \u2705","isPartOf":{"@id":"https:\/\/amautaenlinea.com\/blog\/#website"},"primaryImageOfPage":{"@id":"https:\/\/amautaenlinea.com\/blog\/nombramiento-docente-podria-ser-para-el-ano-escolar-2027-atencion-docente\/#primaryimage"},"image":{"@id":"https:\/\/amautaenlinea.com\/blog\/nombramiento-docente-podria-ser-para-el-ano-escolar-2027-atencion-docente\/#primaryimage"},"thumbnailUrl":"https:\/\/amautaenlinea.com\/blog\/wp-content\/uploads\/2026\/04\/Nombramiento-docente-podria-ser-para-el-ano-lectivo-2027.png","datePublished":"2026-04-29T23:36:14+00:00","description":"\u27a8 Nombramiento docente podr\u00eda ser para el a\u00f1o escolar 2027","breadcrumb":{"@id":"https:\/\/amautaenlinea.com\/blog\/nombramiento-docente-podria-ser-para-el-ano-escolar-2027-atencion-docente\/#breadcrumb"},"inLanguage":"es","potentialAction":[{"@type":"ReadAction","target":["https:\/\/amautaenlinea.com\/blog\/nombramiento-docente-podria-ser-para-el-ano-escolar-2027-atencion-docente\/"]}]},{"@type":"ImageObject","inLanguage":"es","@id":"https:\/\/amautaenlinea.com\/blog\/nombramiento-docente-podria-ser-para-el-ano-escolar-2027-atencion-docente\/#primaryimage","url":"https:\/\/amautaenlinea.com\/blog\/wp-content\/uploads\/2026\/04\/Nombramiento-docente-podria-ser-para-el-ano-lectivo-2027.png","contentUrl":"https:\/\/amautaenlinea.com\/blog\/wp-content\/uploads\/2026\/04\/Nombramiento-docente-podria-ser-para-el-ano-lectivo-2027.png","width":1280,"height":720},{"@type":"BreadcrumbList","@id":"https:\/\/amautaenlinea.com\/blog\/nombramiento-docente-podria-ser-para-el-ano-escolar-2027-atencion-docente\/#breadcrumb","itemListElement":[{"@type":"ListItem","position":1,"name":"Portada","item":"https:\/\/amautaenlinea.com\/blog\/"},{"@type":"ListItem","position":2,"name":"Nombramiento docente podr\u00eda ser para el a\u00f1o escolar 2027 \u00a1ATENCI\u00d3N DOCENTE!"}]},{"@type":"WebSite","@id":"https:\/\/amautaenlinea.com\/blog\/#website","url":"https:\/\/amautaenlinea.com\/blog\/","name":"Grupo AMAUTA","description":"","publisher":{"@id":"https:\/\/amautaenlinea.com\/blog\/#organization"},"potentialAction":[{"@type":"SearchAction","target":{"@type":"EntryPoint","urlTemplate":"https:\/\/amautaenlinea.com\/blog\/?s={search_term_string}"},"query-input":{"@type":"PropertyValueSpecification","valueRequired":true,"valueName":"search_term_string"}}],"inLanguage":"es"},{"@type":"Organization","@id":"https:\/\/amautaenlinea.com\/blog\/#organization","name":"Grupo AMAUTA E-BUSINESS","url":"https:\/\/amautaenlinea.com\/blog\/","logo":{"@type":"ImageObject","inLanguage":"es","@id":"https:\/\/amautaenlinea.com\/blog\/#\/schema\/logo\/image\/","url":"https:\/\/amautaenlinea.com\/blog\/wp-content\/uploads\/2023\/09\/logo-amauta.png","contentUrl":"https:\/\/amautaenlinea.com\/blog\/wp-content\/uploads\/2023\/09\/logo-amauta.png","width":1124,"height":368,"caption":"Grupo AMAUTA E-BUSINESS"},"image":{"@id":"https:\/\/amautaenlinea.com\/blog\/#\/schema\/logo\/image\/"},"sameAs":["https:\/\/www.facebook.com\/amautaperu.org\/"]},{"@type":"Person","@id":"https:\/\/amautaenlinea.com\/blog\/#\/schema\/person\/d8d4b5d672e9edb72a6f23fd40dd31d5","name":"Grupo AMAUTA EBUSINESS","image":{"@type":"ImageObject","inLanguage":"es","@id":"https:\/\/secure.gravatar.com\/avatar\/97706b54c222a710310e2db50e02e68de0a4c8bb76654bcc4053b08241c6bd6c?s=96&d=mm&r=g","url":"https:\/\/secure.gravatar.com\/avatar\/97706b54c222a710310e2db50e02e68de0a4c8bb76654bcc4053b08241c6bd6c?s=96&d=mm&r=g","contentUrl":"https:\/\/secure.gravatar.com\/avatar\/97706b54c222a710310e2db50e02e68de0a4c8bb76654bcc4053b08241c6bd6c?s=96&d=mm&r=g","caption":"Grupo AMAUTA EBUSINESS"}}]}},"_links":{"self":[{"href":"https:\/\/amautaenlinea.com\/blog\/wp-json\/wp\/v2\/posts\/19101","targetHints":{"allow":["GET"]}}],"collection":[{"href":"https:\/\/amautaenlinea.com\/blog\/wp-json\/wp\/v2\/posts"}],"about":[{"href":"https:\/\/amautaenlinea.com\/blog\/wp-json\/wp\/v2\/types\/post"}],"author":[{"embeddable":true,"href":"https:\/\/amautaenlinea.com\/blog\/wp-json\/wp\/v2\/users\/1"}],"replies":[{"embeddable":true,"href":"https:\/\/amautaenlinea.com\/blog\/wp-json\/wp\/v2\/comments?post=19101"}],"version-history":[{"count":1,"href":"https:\/\/amautaenlinea.com\/blog\/wp-json\/wp\/v2\/posts\/19101\/revisions"}],"predecessor-version":[{"id":19103,"href":"https:\/\/amautaenlinea.com\/blog\/wp-json\/wp\/v2\/posts\/19101\/revisions\/19103"}],"wp:featuredmedia":[{"embeddable":true,"href":"https:\/\/amautaenlinea.com\/blog\/wp-json\/wp\/v2\/media\/19102"}],"wp:attachment":[{"href":"https:\/\/amautaenlinea.com\/blog\/wp-json\/wp\/v2\/media?parent=19101"}],"wp:term":[{"taxonomy":"category","embeddable":true,"href":"https:\/\/amautaenlinea.com\/blog\/wp-json\/wp\/v2\/categories?post=19101"},{"taxonomy":"post_tag","embeddable":true,"href":"https:\/\/amautaenlinea.com\/blog\/wp-json\/wp\/v2\/tags?post=19101"}],"curies":[{"name":"wp","href":"https:\/\/api.w.org\/{rel}","templated":true}]}}