{"id":19097,"date":"2026-04-29T11:08:20","date_gmt":"2026-04-29T16:08:20","guid":{"rendered":"https:\/\/amautaenlinea.com\/blog\/?p=19097"},"modified":"2026-04-29T11:10:34","modified_gmt":"2026-04-29T16:10:34","slug":"posible-fin-de-anos-de-lucha-nombramiento-progresivo-en-riesgo-2022-y-2024-frente-al-posible-veredicto-final-del-tribunal-constitucional","status":"publish","type":"post","link":"https:\/\/amautaenlinea.com\/blog\/posible-fin-de-anos-de-lucha-nombramiento-progresivo-en-riesgo-2022-y-2024-frente-al-posible-veredicto-final-del-tribunal-constitucional\/","title":{"rendered":"Posible fin de a\u00f1os de lucha nombramiento progresivo en riesgo 2022 y 2024 frente al posible veredicto final del tribunal constitucional"},"content":{"rendered":"<p><span class=\"citation-13\">Ayer se produjo una noticia determinante para miles de maestros en el Per\u00fa: el <\/span><b data-path-to-node=\"0\" data-index-in-node=\"79\"><span class=\"citation-13\">Tribunal Constitucional (TC)<\/span><\/b><span class=\"citation-13\"> escuch\u00f3 el debate respecto a la demanda de inconstitucionalidad presentada por el Ejecutivo contra la <\/span><b data-path-to-node=\"0\" data-index-in-node=\"224\"><span class=\"citation-13\">Ley 32390<\/span><\/b><span class=\"citation-13\"> (y normas similares impulsadas por el Congreso), que buscaba el <\/span><b data-path-to-node=\"0\" data-index-in-node=\"298\"><span class=\"citation-13\">nombramiento excepcional <\/span><\/b><span class=\"citation-13 citation-end-13\">\u00a0de docentes.<\/span><\/p>\n<p>El procurador del ejecutivo se\u00f1al\u00f3 que las leyes aprobadas por el Congreso que permit\u00edan nombrar a docentes solo por a\u00f1os de servicio o por haber aprobado etapas previas sin alcanzar plaza (sin un nuevo concurso), vulneran el <b data-path-to-node=\"4,0,0\" data-index-in-node=\"217\">principio de meritocracia<\/b>.<\/p>\n<p>Posiblemente es una hip\u00f3tesis para nuestros seguidores de AMAUTA Per\u00fa que el Tribunal Constitucional le ha dado la raz\u00f3n al MINEDU, priorizando el examen de m\u00e9ritos sobre las leyes de nombramiento directo que hab\u00eda promovido el Congreso. Esto significa que <b data-path-to-node=\"14,0\" data-index-in-node=\"195\">la \u00fanica v\u00eda legal para nombrarse sigue siendo aprobar el concurso p\u00fablico nacional, y que cada concurso es cancelatorio.<\/b><\/p>\n<p>&nbsp;<\/p>\n<p>&nbsp;<\/p>\n","protected":false},"excerpt":{"rendered":"<p>Ayer se produjo una noticia determinante para miles de maestros en el Per\u00fa: el Tribunal Constitucional (TC) escuch\u00f3 el debate respecto a la demanda<\/p>\n","protected":false},"author":1,"featured_media":19098,"comment_status":"open","ping_status":"open","sticky":false,"template":"","format":"standard","meta":{"footnotes":""},"categories":[4],"tags":[3510],"class_list":["post-19097","post","type-post","status-publish","format-standard","has-post-thumbnail","hentry","category-educacion","tag-posible-fin-de-anos-de-lucha-nombramiento-progresivo-en-riesgo-2022-y-2024-frente-al-posible-veredicto-final-del-tribunal-constitucional"],"yoast_head":"<!-- This site is optimized with the Yoast SEO Premium plugin v21.2 (Yoast SEO v27.5) - https:\/\/yoast.com\/product\/yoast-seo-premium-wordpress\/ -->\n<title>\u25b7 Posible fin de a\u00f1os de lucha nombramiento progresivo en riesgo 2022 y 2024 frente al posible veredicto final del tribunal constitucional \u2705<\/title>\n<meta name=\"description\" content=\"\u27a8 Posible fin de a\u00f1os de lucha nombramiento progresivo en riesgo 2022 y 2024 frente al posible veredicto final del tribunal constitucional\" \/>\n<meta name=\"robots\" content=\"index, follow, max-snippet:-1, max-image-preview:large, max-video-preview:-1\" \/>\n<link rel=\"canonical\" href=\"https:\/\/amautaenlinea.com\/blog\/posible-fin-de-anos-de-lucha-nombramiento-progresivo-en-riesgo-2022-y-2024-frente-al-posible-veredicto-final-del-tribunal-constitucional\/\" \/>\n<meta property=\"og:locale\" content=\"es_ES\" \/>\n<meta property=\"og:type\" content=\"article\" \/>\n<meta property=\"og:title\" content=\"Posible fin de a\u00f1os de lucha nombramiento progresivo en riesgo 2022 y 2024 frente al posible veredicto final del tribunal constitucional\" \/>\n<meta property=\"og:description\" content=\"\u27a8 Posible fin de a\u00f1os de lucha nombramiento progresivo en riesgo 2022 y 2024 frente al posible veredicto final del tribunal constitucional\" \/>\n<meta property=\"og:url\" content=\"https:\/\/amautaenlinea.com\/blog\/posible-fin-de-anos-de-lucha-nombramiento-progresivo-en-riesgo-2022-y-2024-frente-al-posible-veredicto-final-del-tribunal-constitucional\/\" \/>\n<meta property=\"og:site_name\" content=\"Grupo AMAUTA\" \/>\n<meta property=\"article:publisher\" content=\"https:\/\/www.facebook.com\/amautaperu.org\/\" \/>\n<meta property=\"article:published_time\" content=\"2026-04-29T16:08:20+00:00\" \/>\n<meta property=\"article:modified_time\" content=\"2026-04-29T16:10:34+00:00\" \/>\n<meta property=\"og:image\" content=\"https:\/\/amautaenlinea.com\/blog\/wp-content\/uploads\/2026\/04\/Posible-fin-de-anos-de-lucha-nombramiento-progresivo-en-riesgo-2022-y-2024-frente-al-posible-veredicto-final-del-tribunal-constitucional.png\" \/>\n\t<meta property=\"og:image:width\" content=\"1280\" \/>\n\t<meta property=\"og:image:height\" content=\"720\" \/>\n\t<meta property=\"og:image:type\" content=\"image\/png\" \/>\n<meta name=\"author\" content=\"Grupo AMAUTA EBUSINESS\" \/>\n<meta name=\"twitter:card\" content=\"summary_large_image\" \/>\n<script type=\"application\/ld+json\" class=\"yoast-schema-graph\">{\"@context\":\"https:\\\/\\\/schema.org\",\"@graph\":[{\"@type\":\"Article\",\"@id\":\"https:\\\/\\\/amautaenlinea.com\\\/blog\\\/posible-fin-de-anos-de-lucha-nombramiento-progresivo-en-riesgo-2022-y-2024-frente-al-posible-veredicto-final-del-tribunal-constitucional\\\/#article\",\"isPartOf\":{\"@id\":\"https:\\\/\\\/amautaenlinea.com\\\/blog\\\/posible-fin-de-anos-de-lucha-nombramiento-progresivo-en-riesgo-2022-y-2024-frente-al-posible-veredicto-final-del-tribunal-constitucional\\\/\"},\"author\":{\"name\":\"Grupo AMAUTA EBUSINESS\",\"@id\":\"https:\\\/\\\/amautaenlinea.com\\\/blog\\\/#\\\/schema\\\/person\\\/d8d4b5d672e9edb72a6f23fd40dd31d5\"},\"headline\":\"Posible fin de a\u00f1os de lucha nombramiento progresivo en riesgo 2022 y 2024 frente al posible veredicto final del tribunal constitucional\",\"datePublished\":\"2026-04-29T16:08:20+00:00\",\"dateModified\":\"2026-04-29T16:10:34+00:00\",\"mainEntityOfPage\":{\"@id\":\"https:\\\/\\\/amautaenlinea.com\\\/blog\\\/posible-fin-de-anos-de-lucha-nombramiento-progresivo-en-riesgo-2022-y-2024-frente-al-posible-veredicto-final-del-tribunal-constitucional\\\/\"},\"wordCount\":177,\"commentCount\":0,\"publisher\":{\"@id\":\"https:\\\/\\\/amautaenlinea.com\\\/blog\\\/#organization\"},\"image\":{\"@id\":\"https:\\\/\\\/amautaenlinea.com\\\/blog\\\/posible-fin-de-anos-de-lucha-nombramiento-progresivo-en-riesgo-2022-y-2024-frente-al-posible-veredicto-final-del-tribunal-constitucional\\\/#primaryimage\"},\"thumbnailUrl\":\"https:\\\/\\\/amautaenlinea.com\\\/blog\\\/wp-content\\\/uploads\\\/2026\\\/04\\\/Posible-fin-de-anos-de-lucha-nombramiento-progresivo-en-riesgo-2022-y-2024-frente-al-posible-veredicto-final-del-tribunal-constitucional.png\",\"keywords\":[\"Posible fin de a\u00f1os de lucha nombramiento progresivo en riesgo 2022 y 2024 frente al posible veredicto final del tribunal constitucional\"],\"articleSection\":[\"Educaci\u00f3n\"],\"inLanguage\":\"es\",\"potentialAction\":[{\"@type\":\"CommentAction\",\"name\":\"Comment\",\"target\":[\"https:\\\/\\\/amautaenlinea.com\\\/blog\\\/posible-fin-de-anos-de-lucha-nombramiento-progresivo-en-riesgo-2022-y-2024-frente-al-posible-veredicto-final-del-tribunal-constitucional\\\/#respond\"]}],\"copyrightYear\":\"2026\",\"copyrightHolder\":{\"@id\":\"https:\\\/\\\/amautaenlinea.com\\\/blog\\\/#organization\"}},{\"@type\":\"WebPage\",\"@id\":\"https:\\\/\\\/amautaenlinea.com\\\/blog\\\/posible-fin-de-anos-de-lucha-nombramiento-progresivo-en-riesgo-2022-y-2024-frente-al-posible-veredicto-final-del-tribunal-constitucional\\\/\",\"url\":\"https:\\\/\\\/amautaenlinea.com\\\/blog\\\/posible-fin-de-anos-de-lucha-nombramiento-progresivo-en-riesgo-2022-y-2024-frente-al-posible-veredicto-final-del-tribunal-constitucional\\\/\",\"name\":\"\u25b7 Posible fin de a\u00f1os de lucha nombramiento progresivo en riesgo 2022 y 2024 frente al posible veredicto final del tribunal constitucional \u2705\",\"isPartOf\":{\"@id\":\"https:\\\/\\\/amautaenlinea.com\\\/blog\\\/#website\"},\"primaryImageOfPage\":{\"@id\":\"https:\\\/\\\/amautaenlinea.com\\\/blog\\\/posible-fin-de-anos-de-lucha-nombramiento-progresivo-en-riesgo-2022-y-2024-frente-al-posible-veredicto-final-del-tribunal-constitucional\\\/#primaryimage\"},\"image\":{\"@id\":\"https:\\\/\\\/amautaenlinea.com\\\/blog\\\/posible-fin-de-anos-de-lucha-nombramiento-progresivo-en-riesgo-2022-y-2024-frente-al-posible-veredicto-final-del-tribunal-constitucional\\\/#primaryimage\"},\"thumbnailUrl\":\"https:\\\/\\\/amautaenlinea.com\\\/blog\\\/wp-content\\\/uploads\\\/2026\\\/04\\\/Posible-fin-de-anos-de-lucha-nombramiento-progresivo-en-riesgo-2022-y-2024-frente-al-posible-veredicto-final-del-tribunal-constitucional.png\",\"datePublished\":\"2026-04-29T16:08:20+00:00\",\"dateModified\":\"2026-04-29T16:10:34+00:00\",\"description\":\"\u27a8 Posible fin de a\u00f1os de lucha nombramiento progresivo en riesgo 2022 y 2024 frente al posible veredicto final del tribunal constitucional\",\"breadcrumb\":{\"@id\":\"https:\\\/\\\/amautaenlinea.com\\\/blog\\\/posible-fin-de-anos-de-lucha-nombramiento-progresivo-en-riesgo-2022-y-2024-frente-al-posible-veredicto-final-del-tribunal-constitucional\\\/#breadcrumb\"},\"inLanguage\":\"es\",\"potentialAction\":[{\"@type\":\"ReadAction\",\"target\":[\"https:\\\/\\\/amautaenlinea.com\\\/blog\\\/posible-fin-de-anos-de-lucha-nombramiento-progresivo-en-riesgo-2022-y-2024-frente-al-posible-veredicto-final-del-tribunal-constitucional\\\/\"]}]},{\"@type\":\"ImageObject\",\"inLanguage\":\"es\",\"@id\":\"https:\\\/\\\/amautaenlinea.com\\\/blog\\\/posible-fin-de-anos-de-lucha-nombramiento-progresivo-en-riesgo-2022-y-2024-frente-al-posible-veredicto-final-del-tribunal-constitucional\\\/#primaryimage\",\"url\":\"https:\\\/\\\/amautaenlinea.com\\\/blog\\\/wp-content\\\/uploads\\\/2026\\\/04\\\/Posible-fin-de-anos-de-lucha-nombramiento-progresivo-en-riesgo-2022-y-2024-frente-al-posible-veredicto-final-del-tribunal-constitucional.png\",\"contentUrl\":\"https:\\\/\\\/amautaenlinea.com\\\/blog\\\/wp-content\\\/uploads\\\/2026\\\/04\\\/Posible-fin-de-anos-de-lucha-nombramiento-progresivo-en-riesgo-2022-y-2024-frente-al-posible-veredicto-final-del-tribunal-constitucional.png\",\"width\":1280,\"height\":720},{\"@type\":\"BreadcrumbList\",\"@id\":\"https:\\\/\\\/amautaenlinea.com\\\/blog\\\/posible-fin-de-anos-de-lucha-nombramiento-progresivo-en-riesgo-2022-y-2024-frente-al-posible-veredicto-final-del-tribunal-constitucional\\\/#breadcrumb\",\"itemListElement\":[{\"@type\":\"ListItem\",\"position\":1,\"name\":\"Portada\",\"item\":\"https:\\\/\\\/amautaenlinea.com\\\/blog\\\/\"},{\"@type\":\"ListItem\",\"position\":2,\"name\":\"Posible fin de a\u00f1os de lucha nombramiento progresivo en riesgo 2022 y 2024 frente al posible veredicto final del tribunal constitucional\"}]},{\"@type\":\"WebSite\",\"@id\":\"https:\\\/\\\/amautaenlinea.com\\\/blog\\\/#website\",\"url\":\"https:\\\/\\\/amautaenlinea.com\\\/blog\\\/\",\"name\":\"Grupo AMAUTA\",\"description\":\"\",\"publisher\":{\"@id\":\"https:\\\/\\\/amautaenlinea.com\\\/blog\\\/#organization\"},\"potentialAction\":[{\"@type\":\"SearchAction\",\"target\":{\"@type\":\"EntryPoint\",\"urlTemplate\":\"https:\\\/\\\/amautaenlinea.com\\\/blog\\\/?s={search_term_string}\"},\"query-input\":{\"@type\":\"PropertyValueSpecification\",\"valueRequired\":true,\"valueName\":\"search_term_string\"}}],\"inLanguage\":\"es\"},{\"@type\":\"Organization\",\"@id\":\"https:\\\/\\\/amautaenlinea.com\\\/blog\\\/#organization\",\"name\":\"Grupo AMAUTA E-BUSINESS\",\"url\":\"https:\\\/\\\/amautaenlinea.com\\\/blog\\\/\",\"logo\":{\"@type\":\"ImageObject\",\"inLanguage\":\"es\",\"@id\":\"https:\\\/\\\/amautaenlinea.com\\\/blog\\\/#\\\/schema\\\/logo\\\/image\\\/\",\"url\":\"https:\\\/\\\/amautaenlinea.com\\\/blog\\\/wp-content\\\/uploads\\\/2023\\\/09\\\/logo-amauta.png\",\"contentUrl\":\"https:\\\/\\\/amautaenlinea.com\\\/blog\\\/wp-content\\\/uploads\\\/2023\\\/09\\\/logo-amauta.png\",\"width\":1124,\"height\":368,\"caption\":\"Grupo AMAUTA E-BUSINESS\"},\"image\":{\"@id\":\"https:\\\/\\\/amautaenlinea.com\\\/blog\\\/#\\\/schema\\\/logo\\\/image\\\/\"},\"sameAs\":[\"https:\\\/\\\/www.facebook.com\\\/amautaperu.org\\\/\"]},{\"@type\":\"Person\",\"@id\":\"https:\\\/\\\/amautaenlinea.com\\\/blog\\\/#\\\/schema\\\/person\\\/d8d4b5d672e9edb72a6f23fd40dd31d5\",\"name\":\"Grupo AMAUTA EBUSINESS\",\"image\":{\"@type\":\"ImageObject\",\"inLanguage\":\"es\",\"@id\":\"https:\\\/\\\/secure.gravatar.com\\\/avatar\\\/97706b54c222a710310e2db50e02e68de0a4c8bb76654bcc4053b08241c6bd6c?s=96&d=mm&r=g\",\"url\":\"https:\\\/\\\/secure.gravatar.com\\\/avatar\\\/97706b54c222a710310e2db50e02e68de0a4c8bb76654bcc4053b08241c6bd6c?s=96&d=mm&r=g\",\"contentUrl\":\"https:\\\/\\\/secure.gravatar.com\\\/avatar\\\/97706b54c222a710310e2db50e02e68de0a4c8bb76654bcc4053b08241c6bd6c?s=96&d=mm&r=g\",\"caption\":\"Grupo AMAUTA EBUSINESS\"}}]}<\/script>\n<!-- \/ Yoast SEO Premium plugin. -->","yoast_head_json":{"title":"\u25b7 Posible fin de a\u00f1os de lucha nombramiento progresivo en riesgo 2022 y 2024 frente al posible veredicto final del tribunal constitucional \u2705","description":"\u27a8 Posible fin de a\u00f1os de lucha nombramiento progresivo en riesgo 2022 y 2024 frente al posible veredicto final del tribunal constitucional","robots":{"index":"index","follow":"follow","max-snippet":"max-snippet:-1","max-image-preview":"max-image-preview:large","max-video-preview":"max-video-preview:-1"},"canonical":"https:\/\/amautaenlinea.com\/blog\/posible-fin-de-anos-de-lucha-nombramiento-progresivo-en-riesgo-2022-y-2024-frente-al-posible-veredicto-final-del-tribunal-constitucional\/","og_locale":"es_ES","og_type":"article","og_title":"Posible fin de a\u00f1os de lucha nombramiento progresivo en riesgo 2022 y 2024 frente al posible veredicto final del tribunal constitucional","og_description":"\u27a8 Posible fin de a\u00f1os de lucha nombramiento progresivo en riesgo 2022 y 2024 frente al posible veredicto final del tribunal constitucional","og_url":"https:\/\/amautaenlinea.com\/blog\/posible-fin-de-anos-de-lucha-nombramiento-progresivo-en-riesgo-2022-y-2024-frente-al-posible-veredicto-final-del-tribunal-constitucional\/","og_site_name":"Grupo AMAUTA","article_publisher":"https:\/\/www.facebook.com\/amautaperu.org\/","article_published_time":"2026-04-29T16:08:20+00:00","article_modified_time":"2026-04-29T16:10:34+00:00","og_image":[{"width":1280,"height":720,"url":"https:\/\/amautaenlinea.com\/blog\/wp-content\/uploads\/2026\/04\/Posible-fin-de-anos-de-lucha-nombramiento-progresivo-en-riesgo-2022-y-2024-frente-al-posible-veredicto-final-del-tribunal-constitucional.png","type":"image\/png"}],"author":"Grupo AMAUTA EBUSINESS","twitter_card":"summary_large_image","schema":{"@context":"https:\/\/schema.org","@graph":[{"@type":"Article","@id":"https:\/\/amautaenlinea.com\/blog\/posible-fin-de-anos-de-lucha-nombramiento-progresivo-en-riesgo-2022-y-2024-frente-al-posible-veredicto-final-del-tribunal-constitucional\/#article","isPartOf":{"@id":"https:\/\/amautaenlinea.com\/blog\/posible-fin-de-anos-de-lucha-nombramiento-progresivo-en-riesgo-2022-y-2024-frente-al-posible-veredicto-final-del-tribunal-constitucional\/"},"author":{"name":"Grupo AMAUTA EBUSINESS","@id":"https:\/\/amautaenlinea.com\/blog\/#\/schema\/person\/d8d4b5d672e9edb72a6f23fd40dd31d5"},"headline":"Posible fin de a\u00f1os de lucha nombramiento progresivo en riesgo 2022 y 2024 frente al posible veredicto final del tribunal constitucional","datePublished":"2026-04-29T16:08:20+00:00","dateModified":"2026-04-29T16:10:34+00:00","mainEntityOfPage":{"@id":"https:\/\/amautaenlinea.com\/blog\/posible-fin-de-anos-de-lucha-nombramiento-progresivo-en-riesgo-2022-y-2024-frente-al-posible-veredicto-final-del-tribunal-constitucional\/"},"wordCount":177,"commentCount":0,"publisher":{"@id":"https:\/\/amautaenlinea.com\/blog\/#organization"},"image":{"@id":"https:\/\/amautaenlinea.com\/blog\/posible-fin-de-anos-de-lucha-nombramiento-progresivo-en-riesgo-2022-y-2024-frente-al-posible-veredicto-final-del-tribunal-constitucional\/#primaryimage"},"thumbnailUrl":"https:\/\/amautaenlinea.com\/blog\/wp-content\/uploads\/2026\/04\/Posible-fin-de-anos-de-lucha-nombramiento-progresivo-en-riesgo-2022-y-2024-frente-al-posible-veredicto-final-del-tribunal-constitucional.png","keywords":["Posible fin de a\u00f1os de lucha nombramiento progresivo en riesgo 2022 y 2024 frente al posible veredicto final del tribunal constitucional"],"articleSection":["Educaci\u00f3n"],"inLanguage":"es","potentialAction":[{"@type":"CommentAction","name":"Comment","target":["https:\/\/amautaenlinea.com\/blog\/posible-fin-de-anos-de-lucha-nombramiento-progresivo-en-riesgo-2022-y-2024-frente-al-posible-veredicto-final-del-tribunal-constitucional\/#respond"]}],"copyrightYear":"2026","copyrightHolder":{"@id":"https:\/\/amautaenlinea.com\/blog\/#organization"}},{"@type":"WebPage","@id":"https:\/\/amautaenlinea.com\/blog\/posible-fin-de-anos-de-lucha-nombramiento-progresivo-en-riesgo-2022-y-2024-frente-al-posible-veredicto-final-del-tribunal-constitucional\/","url":"https:\/\/amautaenlinea.com\/blog\/posible-fin-de-anos-de-lucha-nombramiento-progresivo-en-riesgo-2022-y-2024-frente-al-posible-veredicto-final-del-tribunal-constitucional\/","name":"\u25b7 Posible fin de a\u00f1os de lucha nombramiento progresivo en riesgo 2022 y 2024 frente al posible veredicto final del tribunal constitucional \u2705","isPartOf":{"@id":"https:\/\/amautaenlinea.com\/blog\/#website"},"primaryImageOfPage":{"@id":"https:\/\/amautaenlinea.com\/blog\/posible-fin-de-anos-de-lucha-nombramiento-progresivo-en-riesgo-2022-y-2024-frente-al-posible-veredicto-final-del-tribunal-constitucional\/#primaryimage"},"image":{"@id":"https:\/\/amautaenlinea.com\/blog\/posible-fin-de-anos-de-lucha-nombramiento-progresivo-en-riesgo-2022-y-2024-frente-al-posible-veredicto-final-del-tribunal-constitucional\/#primaryimage"},"thumbnailUrl":"https:\/\/amautaenlinea.com\/blog\/wp-content\/uploads\/2026\/04\/Posible-fin-de-anos-de-lucha-nombramiento-progresivo-en-riesgo-2022-y-2024-frente-al-posible-veredicto-final-del-tribunal-constitucional.png","datePublished":"2026-04-29T16:08:20+00:00","dateModified":"2026-04-29T16:10:34+00:00","description":"\u27a8 Posible fin de a\u00f1os de lucha nombramiento progresivo en riesgo 2022 y 2024 frente al posible veredicto final del tribunal constitucional","breadcrumb":{"@id":"https:\/\/amautaenlinea.com\/blog\/posible-fin-de-anos-de-lucha-nombramiento-progresivo-en-riesgo-2022-y-2024-frente-al-posible-veredicto-final-del-tribunal-constitucional\/#breadcrumb"},"inLanguage":"es","potentialAction":[{"@type":"ReadAction","target":["https:\/\/amautaenlinea.com\/blog\/posible-fin-de-anos-de-lucha-nombramiento-progresivo-en-riesgo-2022-y-2024-frente-al-posible-veredicto-final-del-tribunal-constitucional\/"]}]},{"@type":"ImageObject","inLanguage":"es","@id":"https:\/\/amautaenlinea.com\/blog\/posible-fin-de-anos-de-lucha-nombramiento-progresivo-en-riesgo-2022-y-2024-frente-al-posible-veredicto-final-del-tribunal-constitucional\/#primaryimage","url":"https:\/\/amautaenlinea.com\/blog\/wp-content\/uploads\/2026\/04\/Posible-fin-de-anos-de-lucha-nombramiento-progresivo-en-riesgo-2022-y-2024-frente-al-posible-veredicto-final-del-tribunal-constitucional.png","contentUrl":"https:\/\/amautaenlinea.com\/blog\/wp-content\/uploads\/2026\/04\/Posible-fin-de-anos-de-lucha-nombramiento-progresivo-en-riesgo-2022-y-2024-frente-al-posible-veredicto-final-del-tribunal-constitucional.png","width":1280,"height":720},{"@type":"BreadcrumbList","@id":"https:\/\/amautaenlinea.com\/blog\/posible-fin-de-anos-de-lucha-nombramiento-progresivo-en-riesgo-2022-y-2024-frente-al-posible-veredicto-final-del-tribunal-constitucional\/#breadcrumb","itemListElement":[{"@type":"ListItem","position":1,"name":"Portada","item":"https:\/\/amautaenlinea.com\/blog\/"},{"@type":"ListItem","position":2,"name":"Posible fin de a\u00f1os de lucha nombramiento progresivo en riesgo 2022 y 2024 frente al posible veredicto final del tribunal constitucional"}]},{"@type":"WebSite","@id":"https:\/\/amautaenlinea.com\/blog\/#website","url":"https:\/\/amautaenlinea.com\/blog\/","name":"Grupo AMAUTA","description":"","publisher":{"@id":"https:\/\/amautaenlinea.com\/blog\/#organization"},"potentialAction":[{"@type":"SearchAction","target":{"@type":"EntryPoint","urlTemplate":"https:\/\/amautaenlinea.com\/blog\/?s={search_term_string}"},"query-input":{"@type":"PropertyValueSpecification","valueRequired":true,"valueName":"search_term_string"}}],"inLanguage":"es"},{"@type":"Organization","@id":"https:\/\/amautaenlinea.com\/blog\/#organization","name":"Grupo AMAUTA E-BUSINESS","url":"https:\/\/amautaenlinea.com\/blog\/","logo":{"@type":"ImageObject","inLanguage":"es","@id":"https:\/\/amautaenlinea.com\/blog\/#\/schema\/logo\/image\/","url":"https:\/\/amautaenlinea.com\/blog\/wp-content\/uploads\/2023\/09\/logo-amauta.png","contentUrl":"https:\/\/amautaenlinea.com\/blog\/wp-content\/uploads\/2023\/09\/logo-amauta.png","width":1124,"height":368,"caption":"Grupo AMAUTA E-BUSINESS"},"image":{"@id":"https:\/\/amautaenlinea.com\/blog\/#\/schema\/logo\/image\/"},"sameAs":["https:\/\/www.facebook.com\/amautaperu.org\/"]},{"@type":"Person","@id":"https:\/\/amautaenlinea.com\/blog\/#\/schema\/person\/d8d4b5d672e9edb72a6f23fd40dd31d5","name":"Grupo AMAUTA EBUSINESS","image":{"@type":"ImageObject","inLanguage":"es","@id":"https:\/\/secure.gravatar.com\/avatar\/97706b54c222a710310e2db50e02e68de0a4c8bb76654bcc4053b08241c6bd6c?s=96&d=mm&r=g","url":"https:\/\/secure.gravatar.com\/avatar\/97706b54c222a710310e2db50e02e68de0a4c8bb76654bcc4053b08241c6bd6c?s=96&d=mm&r=g","contentUrl":"https:\/\/secure.gravatar.com\/avatar\/97706b54c222a710310e2db50e02e68de0a4c8bb76654bcc4053b08241c6bd6c?s=96&d=mm&r=g","caption":"Grupo AMAUTA EBUSINESS"}}]}},"_links":{"self":[{"href":"https:\/\/amautaenlinea.com\/blog\/wp-json\/wp\/v2\/posts\/19097","targetHints":{"allow":["GET"]}}],"collection":[{"href":"https:\/\/amautaenlinea.com\/blog\/wp-json\/wp\/v2\/posts"}],"about":[{"href":"https:\/\/amautaenlinea.com\/blog\/wp-json\/wp\/v2\/types\/post"}],"author":[{"embeddable":true,"href":"https:\/\/amautaenlinea.com\/blog\/wp-json\/wp\/v2\/users\/1"}],"replies":[{"embeddable":true,"href":"https:\/\/amautaenlinea.com\/blog\/wp-json\/wp\/v2\/comments?post=19097"}],"version-history":[{"count":2,"href":"https:\/\/amautaenlinea.com\/blog\/wp-json\/wp\/v2\/posts\/19097\/revisions"}],"predecessor-version":[{"id":19100,"href":"https:\/\/amautaenlinea.com\/blog\/wp-json\/wp\/v2\/posts\/19097\/revisions\/19100"}],"wp:featuredmedia":[{"embeddable":true,"href":"https:\/\/amautaenlinea.com\/blog\/wp-json\/wp\/v2\/media\/19098"}],"wp:attachment":[{"href":"https:\/\/amautaenlinea.com\/blog\/wp-json\/wp\/v2\/media?parent=19097"}],"wp:term":[{"taxonomy":"category","embeddable":true,"href":"https:\/\/amautaenlinea.com\/blog\/wp-json\/wp\/v2\/categories?post=19097"},{"taxonomy":"post_tag","embeddable":true,"href":"https:\/\/amautaenlinea.com\/blog\/wp-json\/wp\/v2\/tags?post=19097"}],"curies":[{"name":"wp","href":"https:\/\/api.w.org\/{rel}","templated":true}]}}