{"id":19091,"date":"2026-04-26T06:59:18","date_gmt":"2026-04-26T11:59:18","guid":{"rendered":"https:\/\/amautaenlinea.com\/blog\/?p=19091"},"modified":"2026-04-26T06:59:18","modified_gmt":"2026-04-26T11:59:18","slug":"minedu-desde-marzo-del-2026-empece-a-trabajar-en-mi-nueva-ie-como-docente-reasignado-es-posible-postular-este-ano-para-reasignacion-docente-2026","status":"publish","type":"post","link":"https:\/\/amautaenlinea.com\/blog\/minedu-desde-marzo-del-2026-empece-a-trabajar-en-mi-nueva-ie-como-docente-reasignado-es-posible-postular-este-ano-para-reasignacion-docente-2026\/","title":{"rendered":"Minedu: Desde marzo del 2026 empec\u00e9 a trabajar en mi nueva IE como docente reasignado \u00bfEs posible postular este a\u00f1o para reasignaci\u00f3n docente 2026?"},"content":{"rendered":"<p>De acuerdo con lo establecido en la <b data-path-to-node=\"0\" data-index-in-node=\"36\">Resoluci\u00f3n Viceministerial N\u00b0 054-2025-MINEDU<\/b>, que modifica la norma t\u00e9cnica de reasignaciones (RVM N\u00b0 042-2022-MINEDU)<\/p>\n<ol start=\"1\" data-path-to-node=\"2\">\n<li>\n<p data-path-to-node=\"2,0,1\"><span data-path-to-node=\"2,0,1,0\"><b data-path-to-node=\"2,0,1,0\" data-index-in-node=\"0\"><span class=\"citation-11\">Requisito de Permanencia:<\/span><\/b><span class=\"citation-11\"> La normativa vigente establece que para participar en los procesos de reasignaci\u00f3n por las causales de inter\u00e9s personal o unidad familiar, el docente debe acreditar un tiempo m\u00ednimo de <\/span><b data-path-to-node=\"2,0,1,0\" data-index-in-node=\"211\"><span class=\"citation-11\">permanencia en la plaza de origen<\/span><\/b><span class=\"citation-11\"> (la plaza de la cual es titular al momento de postular)<\/span><\/span><span data-path-to-node=\"2,0,1,2\">.<\/span><\/p>\n<\/li>\n<li>\n<p data-path-to-node=\"2,1,0\"><b data-path-to-node=\"2,1,0\" data-index-in-node=\"0\">Plazos Actualizados:<\/b> Seg\u00fan el numeral <b data-path-to-node=\"2,1,0\" data-index-in-node=\"38\">7.3.2<\/b> modificado por esta resoluci\u00f3n:<\/p>\n<p data-path-to-node=\"2,1,1,0,1\"><span data-path-to-node=\"2,1,1,0,1,0\"><b data-path-to-node=\"2,1,1,0,1,0\" data-index-in-node=\"0\"><span class=\"citation-10\">Por Inter\u00e9s Personal:<\/span><\/b><span class=\"citation-10\"> Debe acreditar un m\u00ednimo de <\/span><b data-path-to-node=\"2,1,1,0,1,0\" data-index-in-node=\"50\"><span class=\"citation-10\">tres (3) a\u00f1os<\/span><\/b><span class=\"citation-10\"> de servicios oficiales efectivos como docente nombrado<\/span><\/span><span data-path-to-node=\"2,1,1,0,1,2\">.<\/span><\/p>\n<p data-path-to-node=\"2,1,1,1,1\"><span data-path-to-node=\"2,1,1,1,1,0\"><b data-path-to-node=\"2,1,1,1,1,0\" data-index-in-node=\"0\"><span class=\"citation-9\">Por Unidad Familiar:<\/span><\/b><span class=\"citation-9\"> Debe acreditar un m\u00ednimo de <\/span><b data-path-to-node=\"2,1,1,1,1,0\" data-index-in-node=\"49\"><span class=\"citation-9\">un (1) a\u00f1o<\/span><\/b><span class=\"citation-9\"> de servicios oficiales efectivos como docente nombrado<\/span><\/span><span data-path-to-node=\"2,1,1,1,1,2\">.<\/span><\/p>\n<\/li>\n<\/ol>\n<h2>\u00bfPuedo postular para reasignaci\u00f3n docente 2026 sabiendo que me reasign\u00e9 en el a\u00f1o 2025 y empezar\u00e9 a trabajar en mi nueva IE el 1 de marzo del 2026?<\/h2>\n<p>Al asumir la nueva plaza, esta se convierte en su nueva \u00abplaza de origen\u00bb y su contador de permanencia se reinicia desde el 1 de marzo de 2026.<\/p>\n<p data-path-to-node=\"2,2,1,1,0\"><span data-path-to-node=\"2,2,1,1,0,1\"><span class=\"citation-8\">A\u00f1os anteriores el Minedu iniciaba el\u00a0 cronograma del proceso de reasignaci\u00f3n docente\u00a0 <\/span><span class=\"citation-8\">\u00a0en el mes de <\/span><b data-path-to-node=\"2,2,1,1,0,1\" data-index-in-node=\"145\"><span class=\"citation-8\">junio<\/span><\/b><\/span><span data-path-to-node=\"2,2,1,1,0,3\">.<\/span><\/p>\n<p data-path-to-node=\"2,2,1,2,0\"><span data-path-to-node=\"2,2,1,2,0,1\"><span class=\"citation-7\">Para el mes de junio de 2026, usted solo acreditar\u00e1 aproximadamente <\/span><b data-path-to-node=\"2,2,1,2,0,1\" data-index-in-node=\"68\"><span class=\"citation-7\">4 meses<\/span><\/b><span class=\"citation-7\"> de permanencia en su nueva plaza, por lo que <\/span><b data-path-to-node=\"2,2,1,2,0,1\" data-index-in-node=\"121\"><span class=\"citation-7\">no cumple<\/span><\/b><span class=\"citation-7\"> con el requisito de un (1) a\u00f1o (para unidad familiar) ni de tres (3) a\u00f1os (para inter\u00e9s personal) exigidos al momento de la postulaci\u00f3n<\/span><\/span><span data-path-to-node=\"2,2,1,2,0,3\">.<\/span><\/p>\n<p data-path-to-node=\"3\"><b>Lo que se concluir\u00eda que el docente que se reasign\u00f3 el 2025 e iniciar\u00eda sus labores el 1 de marzo del 2026<\/b>\u00a0<b data-path-to-node=\"3\" data-index-in-node=\"18\">no podr\u00eda presentarse<\/b> al proceso de reasignaci\u00f3n\u00a0 2026 para las causales de inter\u00e9s personal o unidad familiar. Deber\u00e1 esperar a cumplir el tiempo de permanencia requerido en su nueva instituci\u00f3n educativa (marzo de 2027 para unidad familiar o marzo de 2029 para inter\u00e9s personal).<\/p>\n","protected":false},"excerpt":{"rendered":"<p>De acuerdo con lo establecido en la Resoluci\u00f3n Viceministerial N\u00b0 054-2025-MINEDU, que modifica la norma t\u00e9cnica de reasignaciones (RVM N\u00b0 042-2022-MINEDU) Requisito de Permanencia:<\/p>\n","protected":false},"author":1,"featured_media":19092,"comment_status":"open","ping_status":"open","sticky":false,"template":"","format":"standard","meta":{"footnotes":""},"categories":[4],"tags":[3508],"class_list":["post-19091","post","type-post","status-publish","format-standard","has-post-thumbnail","hentry","category-educacion","tag-desde-marzo-del-2026-empece-a-trabajar-en-mi-nueva-ie-como-docente-reasignado-es-posible-postular-este-ano-para-reasignacion-docente-2026"],"yoast_head":"<!-- This site is optimized with the Yoast SEO Premium plugin v21.2 (Yoast SEO v27.4) - https:\/\/yoast.com\/product\/yoast-seo-premium-wordpress\/ -->\n<title>\u25b7 Minedu: Desde marzo del 2026 empec\u00e9 a trabajar en mi nueva IE como docente reasignado \u00bfEs posible postular este a\u00f1o para reasignaci\u00f3n docente 2026? \u2705<\/title>\n<meta name=\"description\" content=\"\u27a8 Desde marzo del 2026 empec\u00e9 a trabajar en mi nueva IE como docente reasignado \u00bfEs posible postular este a\u00f1o para reasignaci\u00f3n docente 2026?\" \/>\n<meta name=\"robots\" content=\"index, follow, max-snippet:-1, max-image-preview:large, max-video-preview:-1\" \/>\n<link rel=\"canonical\" href=\"https:\/\/amautaenlinea.com\/blog\/minedu-desde-marzo-del-2026-empece-a-trabajar-en-mi-nueva-ie-como-docente-reasignado-es-posible-postular-este-ano-para-reasignacion-docente-2026\/\" \/>\n<meta property=\"og:locale\" content=\"es_ES\" \/>\n<meta property=\"og:type\" content=\"article\" \/>\n<meta property=\"og:title\" content=\"Minedu: Desde marzo del 2026 empec\u00e9 a trabajar en mi nueva IE como docente reasignado \u00bfEs posible postular este a\u00f1o para reasignaci\u00f3n docente 2026?\" \/>\n<meta property=\"og:description\" content=\"\u27a8 Desde marzo del 2026 empec\u00e9 a trabajar en mi nueva IE como docente reasignado \u00bfEs posible postular este a\u00f1o para reasignaci\u00f3n docente 2026?\" \/>\n<meta property=\"og:url\" content=\"https:\/\/amautaenlinea.com\/blog\/minedu-desde-marzo-del-2026-empece-a-trabajar-en-mi-nueva-ie-como-docente-reasignado-es-posible-postular-este-ano-para-reasignacion-docente-2026\/\" \/>\n<meta property=\"og:site_name\" content=\"Grupo AMAUTA\" \/>\n<meta property=\"article:publisher\" content=\"https:\/\/www.facebook.com\/amautaperu.org\/\" \/>\n<meta property=\"article:published_time\" content=\"2026-04-26T11:59:18+00:00\" \/>\n<meta property=\"og:image\" content=\"https:\/\/amautaenlinea.com\/blog\/wp-content\/uploads\/2026\/04\/Desde-el-1-de-marzo-del-2026-empiezo-a-trabajar-en-mi-nueva-IE-como-docente-reasignado.png\" \/>\n\t<meta property=\"og:image:width\" content=\"1280\" \/>\n\t<meta property=\"og:image:height\" content=\"720\" \/>\n\t<meta property=\"og:image:type\" content=\"image\/png\" \/>\n<meta name=\"author\" content=\"Grupo AMAUTA EBUSINESS\" \/>\n<meta name=\"twitter:card\" content=\"summary_large_image\" \/>\n<script type=\"application\/ld+json\" class=\"yoast-schema-graph\">{\"@context\":\"https:\\\/\\\/schema.org\",\"@graph\":[{\"@type\":\"Article\",\"@id\":\"https:\\\/\\\/amautaenlinea.com\\\/blog\\\/minedu-desde-marzo-del-2026-empece-a-trabajar-en-mi-nueva-ie-como-docente-reasignado-es-posible-postular-este-ano-para-reasignacion-docente-2026\\\/#article\",\"isPartOf\":{\"@id\":\"https:\\\/\\\/amautaenlinea.com\\\/blog\\\/minedu-desde-marzo-del-2026-empece-a-trabajar-en-mi-nueva-ie-como-docente-reasignado-es-posible-postular-este-ano-para-reasignacion-docente-2026\\\/\"},\"author\":{\"name\":\"Grupo AMAUTA EBUSINESS\",\"@id\":\"https:\\\/\\\/amautaenlinea.com\\\/blog\\\/#\\\/schema\\\/person\\\/d8d4b5d672e9edb72a6f23fd40dd31d5\"},\"headline\":\"Minedu: Desde marzo del 2026 empec\u00e9 a trabajar en mi nueva IE como docente reasignado \u00bfEs posible postular este a\u00f1o para reasignaci\u00f3n docente 2026?\",\"datePublished\":\"2026-04-26T11:59:18+00:00\",\"mainEntityOfPage\":{\"@id\":\"https:\\\/\\\/amautaenlinea.com\\\/blog\\\/minedu-desde-marzo-del-2026-empece-a-trabajar-en-mi-nueva-ie-como-docente-reasignado-es-posible-postular-este-ano-para-reasignacion-docente-2026\\\/\"},\"wordCount\":337,\"commentCount\":0,\"publisher\":{\"@id\":\"https:\\\/\\\/amautaenlinea.com\\\/blog\\\/#organization\"},\"image\":{\"@id\":\"https:\\\/\\\/amautaenlinea.com\\\/blog\\\/minedu-desde-marzo-del-2026-empece-a-trabajar-en-mi-nueva-ie-como-docente-reasignado-es-posible-postular-este-ano-para-reasignacion-docente-2026\\\/#primaryimage\"},\"thumbnailUrl\":\"https:\\\/\\\/amautaenlinea.com\\\/blog\\\/wp-content\\\/uploads\\\/2026\\\/04\\\/Desde-el-1-de-marzo-del-2026-empiezo-a-trabajar-en-mi-nueva-IE-como-docente-reasignado.png\",\"keywords\":[\"Desde marzo del 2026 empec\u00e9 a trabajar en mi nueva IE como docente reasignado \u00bfEs posible postular este a\u00f1o para reasignaci\u00f3n docente 2026?\"],\"articleSection\":[\"Educaci\u00f3n\"],\"inLanguage\":\"es\",\"potentialAction\":[{\"@type\":\"CommentAction\",\"name\":\"Comment\",\"target\":[\"https:\\\/\\\/amautaenlinea.com\\\/blog\\\/minedu-desde-marzo-del-2026-empece-a-trabajar-en-mi-nueva-ie-como-docente-reasignado-es-posible-postular-este-ano-para-reasignacion-docente-2026\\\/#respond\"]}],\"copyrightYear\":\"2026\",\"copyrightHolder\":{\"@id\":\"https:\\\/\\\/amautaenlinea.com\\\/blog\\\/#organization\"}},{\"@type\":\"WebPage\",\"@id\":\"https:\\\/\\\/amautaenlinea.com\\\/blog\\\/minedu-desde-marzo-del-2026-empece-a-trabajar-en-mi-nueva-ie-como-docente-reasignado-es-posible-postular-este-ano-para-reasignacion-docente-2026\\\/\",\"url\":\"https:\\\/\\\/amautaenlinea.com\\\/blog\\\/minedu-desde-marzo-del-2026-empece-a-trabajar-en-mi-nueva-ie-como-docente-reasignado-es-posible-postular-este-ano-para-reasignacion-docente-2026\\\/\",\"name\":\"\u25b7 Minedu: Desde marzo del 2026 empec\u00e9 a trabajar en mi nueva IE como docente reasignado \u00bfEs posible postular este a\u00f1o para reasignaci\u00f3n docente 2026? \u2705\",\"isPartOf\":{\"@id\":\"https:\\\/\\\/amautaenlinea.com\\\/blog\\\/#website\"},\"primaryImageOfPage\":{\"@id\":\"https:\\\/\\\/amautaenlinea.com\\\/blog\\\/minedu-desde-marzo-del-2026-empece-a-trabajar-en-mi-nueva-ie-como-docente-reasignado-es-posible-postular-este-ano-para-reasignacion-docente-2026\\\/#primaryimage\"},\"image\":{\"@id\":\"https:\\\/\\\/amautaenlinea.com\\\/blog\\\/minedu-desde-marzo-del-2026-empece-a-trabajar-en-mi-nueva-ie-como-docente-reasignado-es-posible-postular-este-ano-para-reasignacion-docente-2026\\\/#primaryimage\"},\"thumbnailUrl\":\"https:\\\/\\\/amautaenlinea.com\\\/blog\\\/wp-content\\\/uploads\\\/2026\\\/04\\\/Desde-el-1-de-marzo-del-2026-empiezo-a-trabajar-en-mi-nueva-IE-como-docente-reasignado.png\",\"datePublished\":\"2026-04-26T11:59:18+00:00\",\"description\":\"\u27a8 Desde marzo del 2026 empec\u00e9 a trabajar en mi nueva IE como docente reasignado \u00bfEs posible postular este a\u00f1o para reasignaci\u00f3n docente 2026?\",\"breadcrumb\":{\"@id\":\"https:\\\/\\\/amautaenlinea.com\\\/blog\\\/minedu-desde-marzo-del-2026-empece-a-trabajar-en-mi-nueva-ie-como-docente-reasignado-es-posible-postular-este-ano-para-reasignacion-docente-2026\\\/#breadcrumb\"},\"inLanguage\":\"es\",\"potentialAction\":[{\"@type\":\"ReadAction\",\"target\":[\"https:\\\/\\\/amautaenlinea.com\\\/blog\\\/minedu-desde-marzo-del-2026-empece-a-trabajar-en-mi-nueva-ie-como-docente-reasignado-es-posible-postular-este-ano-para-reasignacion-docente-2026\\\/\"]}]},{\"@type\":\"ImageObject\",\"inLanguage\":\"es\",\"@id\":\"https:\\\/\\\/amautaenlinea.com\\\/blog\\\/minedu-desde-marzo-del-2026-empece-a-trabajar-en-mi-nueva-ie-como-docente-reasignado-es-posible-postular-este-ano-para-reasignacion-docente-2026\\\/#primaryimage\",\"url\":\"https:\\\/\\\/amautaenlinea.com\\\/blog\\\/wp-content\\\/uploads\\\/2026\\\/04\\\/Desde-el-1-de-marzo-del-2026-empiezo-a-trabajar-en-mi-nueva-IE-como-docente-reasignado.png\",\"contentUrl\":\"https:\\\/\\\/amautaenlinea.com\\\/blog\\\/wp-content\\\/uploads\\\/2026\\\/04\\\/Desde-el-1-de-marzo-del-2026-empiezo-a-trabajar-en-mi-nueva-IE-como-docente-reasignado.png\",\"width\":1280,\"height\":720},{\"@type\":\"BreadcrumbList\",\"@id\":\"https:\\\/\\\/amautaenlinea.com\\\/blog\\\/minedu-desde-marzo-del-2026-empece-a-trabajar-en-mi-nueva-ie-como-docente-reasignado-es-posible-postular-este-ano-para-reasignacion-docente-2026\\\/#breadcrumb\",\"itemListElement\":[{\"@type\":\"ListItem\",\"position\":1,\"name\":\"Portada\",\"item\":\"https:\\\/\\\/amautaenlinea.com\\\/blog\\\/\"},{\"@type\":\"ListItem\",\"position\":2,\"name\":\"Minedu: Desde marzo del 2026 empec\u00e9 a trabajar en mi nueva IE como docente reasignado \u00bfEs posible postular este a\u00f1o para reasignaci\u00f3n docente 2026?\"}]},{\"@type\":\"WebSite\",\"@id\":\"https:\\\/\\\/amautaenlinea.com\\\/blog\\\/#website\",\"url\":\"https:\\\/\\\/amautaenlinea.com\\\/blog\\\/\",\"name\":\"Grupo AMAUTA\",\"description\":\"\",\"publisher\":{\"@id\":\"https:\\\/\\\/amautaenlinea.com\\\/blog\\\/#organization\"},\"potentialAction\":[{\"@type\":\"SearchAction\",\"target\":{\"@type\":\"EntryPoint\",\"urlTemplate\":\"https:\\\/\\\/amautaenlinea.com\\\/blog\\\/?s={search_term_string}\"},\"query-input\":{\"@type\":\"PropertyValueSpecification\",\"valueRequired\":true,\"valueName\":\"search_term_string\"}}],\"inLanguage\":\"es\"},{\"@type\":\"Organization\",\"@id\":\"https:\\\/\\\/amautaenlinea.com\\\/blog\\\/#organization\",\"name\":\"Grupo AMAUTA E-BUSINESS\",\"url\":\"https:\\\/\\\/amautaenlinea.com\\\/blog\\\/\",\"logo\":{\"@type\":\"ImageObject\",\"inLanguage\":\"es\",\"@id\":\"https:\\\/\\\/amautaenlinea.com\\\/blog\\\/#\\\/schema\\\/logo\\\/image\\\/\",\"url\":\"https:\\\/\\\/amautaenlinea.com\\\/blog\\\/wp-content\\\/uploads\\\/2023\\\/09\\\/logo-amauta.png\",\"contentUrl\":\"https:\\\/\\\/amautaenlinea.com\\\/blog\\\/wp-content\\\/uploads\\\/2023\\\/09\\\/logo-amauta.png\",\"width\":1124,\"height\":368,\"caption\":\"Grupo AMAUTA E-BUSINESS\"},\"image\":{\"@id\":\"https:\\\/\\\/amautaenlinea.com\\\/blog\\\/#\\\/schema\\\/logo\\\/image\\\/\"},\"sameAs\":[\"https:\\\/\\\/www.facebook.com\\\/amautaperu.org\\\/\"]},{\"@type\":\"Person\",\"@id\":\"https:\\\/\\\/amautaenlinea.com\\\/blog\\\/#\\\/schema\\\/person\\\/d8d4b5d672e9edb72a6f23fd40dd31d5\",\"name\":\"Grupo AMAUTA EBUSINESS\",\"image\":{\"@type\":\"ImageObject\",\"inLanguage\":\"es\",\"@id\":\"https:\\\/\\\/secure.gravatar.com\\\/avatar\\\/97706b54c222a710310e2db50e02e68de0a4c8bb76654bcc4053b08241c6bd6c?s=96&d=mm&r=g\",\"url\":\"https:\\\/\\\/secure.gravatar.com\\\/avatar\\\/97706b54c222a710310e2db50e02e68de0a4c8bb76654bcc4053b08241c6bd6c?s=96&d=mm&r=g\",\"contentUrl\":\"https:\\\/\\\/secure.gravatar.com\\\/avatar\\\/97706b54c222a710310e2db50e02e68de0a4c8bb76654bcc4053b08241c6bd6c?s=96&d=mm&r=g\",\"caption\":\"Grupo AMAUTA EBUSINESS\"}}]}<\/script>\n<!-- \/ Yoast SEO Premium plugin. -->","yoast_head_json":{"title":"\u25b7 Minedu: Desde marzo del 2026 empec\u00e9 a trabajar en mi nueva IE como docente reasignado \u00bfEs posible postular este a\u00f1o para reasignaci\u00f3n docente 2026? \u2705","description":"\u27a8 Desde marzo del 2026 empec\u00e9 a trabajar en mi nueva IE como docente reasignado \u00bfEs posible postular este a\u00f1o para reasignaci\u00f3n docente 2026?","robots":{"index":"index","follow":"follow","max-snippet":"max-snippet:-1","max-image-preview":"max-image-preview:large","max-video-preview":"max-video-preview:-1"},"canonical":"https:\/\/amautaenlinea.com\/blog\/minedu-desde-marzo-del-2026-empece-a-trabajar-en-mi-nueva-ie-como-docente-reasignado-es-posible-postular-este-ano-para-reasignacion-docente-2026\/","og_locale":"es_ES","og_type":"article","og_title":"Minedu: Desde marzo del 2026 empec\u00e9 a trabajar en mi nueva IE como docente reasignado \u00bfEs posible postular este a\u00f1o para reasignaci\u00f3n docente 2026?","og_description":"\u27a8 Desde marzo del 2026 empec\u00e9 a trabajar en mi nueva IE como docente reasignado \u00bfEs posible postular este a\u00f1o para reasignaci\u00f3n docente 2026?","og_url":"https:\/\/amautaenlinea.com\/blog\/minedu-desde-marzo-del-2026-empece-a-trabajar-en-mi-nueva-ie-como-docente-reasignado-es-posible-postular-este-ano-para-reasignacion-docente-2026\/","og_site_name":"Grupo AMAUTA","article_publisher":"https:\/\/www.facebook.com\/amautaperu.org\/","article_published_time":"2026-04-26T11:59:18+00:00","og_image":[{"width":1280,"height":720,"url":"https:\/\/amautaenlinea.com\/blog\/wp-content\/uploads\/2026\/04\/Desde-el-1-de-marzo-del-2026-empiezo-a-trabajar-en-mi-nueva-IE-como-docente-reasignado.png","type":"image\/png"}],"author":"Grupo AMAUTA EBUSINESS","twitter_card":"summary_large_image","schema":{"@context":"https:\/\/schema.org","@graph":[{"@type":"Article","@id":"https:\/\/amautaenlinea.com\/blog\/minedu-desde-marzo-del-2026-empece-a-trabajar-en-mi-nueva-ie-como-docente-reasignado-es-posible-postular-este-ano-para-reasignacion-docente-2026\/#article","isPartOf":{"@id":"https:\/\/amautaenlinea.com\/blog\/minedu-desde-marzo-del-2026-empece-a-trabajar-en-mi-nueva-ie-como-docente-reasignado-es-posible-postular-este-ano-para-reasignacion-docente-2026\/"},"author":{"name":"Grupo AMAUTA EBUSINESS","@id":"https:\/\/amautaenlinea.com\/blog\/#\/schema\/person\/d8d4b5d672e9edb72a6f23fd40dd31d5"},"headline":"Minedu: Desde marzo del 2026 empec\u00e9 a trabajar en mi nueva IE como docente reasignado \u00bfEs posible postular este a\u00f1o para reasignaci\u00f3n docente 2026?","datePublished":"2026-04-26T11:59:18+00:00","mainEntityOfPage":{"@id":"https:\/\/amautaenlinea.com\/blog\/minedu-desde-marzo-del-2026-empece-a-trabajar-en-mi-nueva-ie-como-docente-reasignado-es-posible-postular-este-ano-para-reasignacion-docente-2026\/"},"wordCount":337,"commentCount":0,"publisher":{"@id":"https:\/\/amautaenlinea.com\/blog\/#organization"},"image":{"@id":"https:\/\/amautaenlinea.com\/blog\/minedu-desde-marzo-del-2026-empece-a-trabajar-en-mi-nueva-ie-como-docente-reasignado-es-posible-postular-este-ano-para-reasignacion-docente-2026\/#primaryimage"},"thumbnailUrl":"https:\/\/amautaenlinea.com\/blog\/wp-content\/uploads\/2026\/04\/Desde-el-1-de-marzo-del-2026-empiezo-a-trabajar-en-mi-nueva-IE-como-docente-reasignado.png","keywords":["Desde marzo del 2026 empec\u00e9 a trabajar en mi nueva IE como docente reasignado \u00bfEs posible postular este a\u00f1o para reasignaci\u00f3n docente 2026?"],"articleSection":["Educaci\u00f3n"],"inLanguage":"es","potentialAction":[{"@type":"CommentAction","name":"Comment","target":["https:\/\/amautaenlinea.com\/blog\/minedu-desde-marzo-del-2026-empece-a-trabajar-en-mi-nueva-ie-como-docente-reasignado-es-posible-postular-este-ano-para-reasignacion-docente-2026\/#respond"]}],"copyrightYear":"2026","copyrightHolder":{"@id":"https:\/\/amautaenlinea.com\/blog\/#organization"}},{"@type":"WebPage","@id":"https:\/\/amautaenlinea.com\/blog\/minedu-desde-marzo-del-2026-empece-a-trabajar-en-mi-nueva-ie-como-docente-reasignado-es-posible-postular-este-ano-para-reasignacion-docente-2026\/","url":"https:\/\/amautaenlinea.com\/blog\/minedu-desde-marzo-del-2026-empece-a-trabajar-en-mi-nueva-ie-como-docente-reasignado-es-posible-postular-este-ano-para-reasignacion-docente-2026\/","name":"\u25b7 Minedu: Desde marzo del 2026 empec\u00e9 a trabajar en mi nueva IE como docente reasignado \u00bfEs posible postular este a\u00f1o para reasignaci\u00f3n docente 2026? \u2705","isPartOf":{"@id":"https:\/\/amautaenlinea.com\/blog\/#website"},"primaryImageOfPage":{"@id":"https:\/\/amautaenlinea.com\/blog\/minedu-desde-marzo-del-2026-empece-a-trabajar-en-mi-nueva-ie-como-docente-reasignado-es-posible-postular-este-ano-para-reasignacion-docente-2026\/#primaryimage"},"image":{"@id":"https:\/\/amautaenlinea.com\/blog\/minedu-desde-marzo-del-2026-empece-a-trabajar-en-mi-nueva-ie-como-docente-reasignado-es-posible-postular-este-ano-para-reasignacion-docente-2026\/#primaryimage"},"thumbnailUrl":"https:\/\/amautaenlinea.com\/blog\/wp-content\/uploads\/2026\/04\/Desde-el-1-de-marzo-del-2026-empiezo-a-trabajar-en-mi-nueva-IE-como-docente-reasignado.png","datePublished":"2026-04-26T11:59:18+00:00","description":"\u27a8 Desde marzo del 2026 empec\u00e9 a trabajar en mi nueva IE como docente reasignado \u00bfEs posible postular este a\u00f1o para reasignaci\u00f3n docente 2026?","breadcrumb":{"@id":"https:\/\/amautaenlinea.com\/blog\/minedu-desde-marzo-del-2026-empece-a-trabajar-en-mi-nueva-ie-como-docente-reasignado-es-posible-postular-este-ano-para-reasignacion-docente-2026\/#breadcrumb"},"inLanguage":"es","potentialAction":[{"@type":"ReadAction","target":["https:\/\/amautaenlinea.com\/blog\/minedu-desde-marzo-del-2026-empece-a-trabajar-en-mi-nueva-ie-como-docente-reasignado-es-posible-postular-este-ano-para-reasignacion-docente-2026\/"]}]},{"@type":"ImageObject","inLanguage":"es","@id":"https:\/\/amautaenlinea.com\/blog\/minedu-desde-marzo-del-2026-empece-a-trabajar-en-mi-nueva-ie-como-docente-reasignado-es-posible-postular-este-ano-para-reasignacion-docente-2026\/#primaryimage","url":"https:\/\/amautaenlinea.com\/blog\/wp-content\/uploads\/2026\/04\/Desde-el-1-de-marzo-del-2026-empiezo-a-trabajar-en-mi-nueva-IE-como-docente-reasignado.png","contentUrl":"https:\/\/amautaenlinea.com\/blog\/wp-content\/uploads\/2026\/04\/Desde-el-1-de-marzo-del-2026-empiezo-a-trabajar-en-mi-nueva-IE-como-docente-reasignado.png","width":1280,"height":720},{"@type":"BreadcrumbList","@id":"https:\/\/amautaenlinea.com\/blog\/minedu-desde-marzo-del-2026-empece-a-trabajar-en-mi-nueva-ie-como-docente-reasignado-es-posible-postular-este-ano-para-reasignacion-docente-2026\/#breadcrumb","itemListElement":[{"@type":"ListItem","position":1,"name":"Portada","item":"https:\/\/amautaenlinea.com\/blog\/"},{"@type":"ListItem","position":2,"name":"Minedu: Desde marzo del 2026 empec\u00e9 a trabajar en mi nueva IE como docente reasignado \u00bfEs posible postular este a\u00f1o para reasignaci\u00f3n docente 2026?"}]},{"@type":"WebSite","@id":"https:\/\/amautaenlinea.com\/blog\/#website","url":"https:\/\/amautaenlinea.com\/blog\/","name":"Grupo AMAUTA","description":"","publisher":{"@id":"https:\/\/amautaenlinea.com\/blog\/#organization"},"potentialAction":[{"@type":"SearchAction","target":{"@type":"EntryPoint","urlTemplate":"https:\/\/amautaenlinea.com\/blog\/?s={search_term_string}"},"query-input":{"@type":"PropertyValueSpecification","valueRequired":true,"valueName":"search_term_string"}}],"inLanguage":"es"},{"@type":"Organization","@id":"https:\/\/amautaenlinea.com\/blog\/#organization","name":"Grupo AMAUTA E-BUSINESS","url":"https:\/\/amautaenlinea.com\/blog\/","logo":{"@type":"ImageObject","inLanguage":"es","@id":"https:\/\/amautaenlinea.com\/blog\/#\/schema\/logo\/image\/","url":"https:\/\/amautaenlinea.com\/blog\/wp-content\/uploads\/2023\/09\/logo-amauta.png","contentUrl":"https:\/\/amautaenlinea.com\/blog\/wp-content\/uploads\/2023\/09\/logo-amauta.png","width":1124,"height":368,"caption":"Grupo AMAUTA E-BUSINESS"},"image":{"@id":"https:\/\/amautaenlinea.com\/blog\/#\/schema\/logo\/image\/"},"sameAs":["https:\/\/www.facebook.com\/amautaperu.org\/"]},{"@type":"Person","@id":"https:\/\/amautaenlinea.com\/blog\/#\/schema\/person\/d8d4b5d672e9edb72a6f23fd40dd31d5","name":"Grupo AMAUTA EBUSINESS","image":{"@type":"ImageObject","inLanguage":"es","@id":"https:\/\/secure.gravatar.com\/avatar\/97706b54c222a710310e2db50e02e68de0a4c8bb76654bcc4053b08241c6bd6c?s=96&d=mm&r=g","url":"https:\/\/secure.gravatar.com\/avatar\/97706b54c222a710310e2db50e02e68de0a4c8bb76654bcc4053b08241c6bd6c?s=96&d=mm&r=g","contentUrl":"https:\/\/secure.gravatar.com\/avatar\/97706b54c222a710310e2db50e02e68de0a4c8bb76654bcc4053b08241c6bd6c?s=96&d=mm&r=g","caption":"Grupo AMAUTA EBUSINESS"}}]}},"_links":{"self":[{"href":"https:\/\/amautaenlinea.com\/blog\/wp-json\/wp\/v2\/posts\/19091","targetHints":{"allow":["GET"]}}],"collection":[{"href":"https:\/\/amautaenlinea.com\/blog\/wp-json\/wp\/v2\/posts"}],"about":[{"href":"https:\/\/amautaenlinea.com\/blog\/wp-json\/wp\/v2\/types\/post"}],"author":[{"embeddable":true,"href":"https:\/\/amautaenlinea.com\/blog\/wp-json\/wp\/v2\/users\/1"}],"replies":[{"embeddable":true,"href":"https:\/\/amautaenlinea.com\/blog\/wp-json\/wp\/v2\/comments?post=19091"}],"version-history":[{"count":1,"href":"https:\/\/amautaenlinea.com\/blog\/wp-json\/wp\/v2\/posts\/19091\/revisions"}],"predecessor-version":[{"id":19093,"href":"https:\/\/amautaenlinea.com\/blog\/wp-json\/wp\/v2\/posts\/19091\/revisions\/19093"}],"wp:featuredmedia":[{"embeddable":true,"href":"https:\/\/amautaenlinea.com\/blog\/wp-json\/wp\/v2\/media\/19092"}],"wp:attachment":[{"href":"https:\/\/amautaenlinea.com\/blog\/wp-json\/wp\/v2\/media?parent=19091"}],"wp:term":[{"taxonomy":"category","embeddable":true,"href":"https:\/\/amautaenlinea.com\/blog\/wp-json\/wp\/v2\/categories?post=19091"},{"taxonomy":"post_tag","embeddable":true,"href":"https:\/\/amautaenlinea.com\/blog\/wp-json\/wp\/v2\/tags?post=19091"}],"curies":[{"name":"wp","href":"https:\/\/api.w.org\/{rel}","templated":true}]}}