{"id":18930,"date":"2026-04-02T08:23:51","date_gmt":"2026-04-02T13:23:51","guid":{"rendered":"https:\/\/amautaenlinea.com\/blog\/?p=18930"},"modified":"2026-04-02T08:25:10","modified_gmt":"2026-04-02T13:25:10","slug":"minedu-responde-aumento-salarial-a-maestros-quienes-serian-los-proximos-beneficiarios","status":"publish","type":"post","link":"https:\/\/amautaenlinea.com\/blog\/minedu-responde-aumento-salarial-a-maestros-quienes-serian-los-proximos-beneficiarios\/","title":{"rendered":"Minedu responde: Aumento salarial a maestros: \u00bfqui\u00e9nes ser\u00edan los pr\u00f3ximos beneficiarios?"},"content":{"rendered":"<h1 class=\"col s12 m12 l12 xl12 margintopnone no-padding\">Aumento salarial a maestros: \u00bfqui\u00e9nes ser\u00edan los pr\u00f3ximos beneficiarios? ministra responde<\/h1>\n<h2>Mar\u00eda Esther Cuadros dijo que el Ministerio de Educaci\u00f3n trabaja mejoras para m\u00e1s maestros<\/h2>\n<p>Luego de que el Gobierno decretara este fin de semana un significativo\u00a0aumento salarial para casi 1.000 docentes\u00a0de institutos y escuelas pedag\u00f3gicas, la ministra de Educaci\u00f3n, Mar\u00eda Esther Cuadros, confirm\u00f3 que actualmente su sector est\u00e1 trabajando para mejorar las remuneraciones de m\u00e1s maestros.<\/p>\n<div>\u201c<em>El aumento a los docentes que se dedican a formar nuevos maestros<strong>\u00a0es un reconocimiento a su sacrificio, tiempo y dedicaci\u00f3n a la ense\u00f1anza<\/strong>. Su piso salarial (sueldo base) se ha incrementado a S\/ 5.400 y los salarios van hasta los S\/ 8.700, ya que son tres niveles los que transitan<\/em>\u201d, explic\u00f3 a la\u00a0<em><strong>Agencia Andina<\/strong>.<\/em><\/div>\n<div><\/div>\n<div>La titular del Minedu precis\u00f3 que los beneficiarios del aumento -para el que\u00a0se ha destinado una partida de S\/ 31 millones\u00a0que ser\u00e1n transferidos a los Gobiernos regionales-, son los profesores nombrados y contratados.\u00a0<em>\u201cSon profesionales que\u00a0<strong>tienen hasta 30 a\u00f1os de servicio y han estado rezagados<\/strong><\/em>\u201d, apunt\u00f3.\u00a0<strong>Las transferencias se ejecutar\u00e1n desde hoy<\/strong>, dijo Cuadros.<\/div>\n<div>\n<h2><strong>Nuevas mejoras en favor de maestros<\/strong><\/h2>\n<div>Durante su discurso de asunci\u00f3n de mando, el presidente Jos\u00e9 Mar\u00eda Balc\u00e1zar, anunci\u00f3 que atender\u00e1 la \u201cdeuda social\u201d que tiene el Estado con los maestros. En ese sentido, la ministra dijo que el reciente aumento forma parte de dicho compromiso y anunci\u00f3 que se realizar\u00e1n nuevas mejoras en favor de los docentes.<\/div>\n<div><\/div>\n<div>\u201c<em>Este es uno de ellos (temas pendientes con los maestros), pero hay otros, como el de\u00a0<strong>los profesores de institutos superiores tecnol\u00f3gicos<\/strong>\u00a0y tambi\u00e9n de\u00a0<strong>los profesores universitarios<\/strong>. Estamos trabajando en ellos, coordinando permanentemente con el Ministerio de Econom\u00eda y Finanzas. Es un objetivo del se\u00f1or presidente<\/em>\u201d, concluy\u00f3.<\/div>\n<div><\/div>\n<div><a href=\"https:\/\/twitter.com\/i\/status\/2038788435897430461\">Clic AQU\u00cd para escuchar la entrevista de la Ministra de Educaci\u00f3n<\/a><\/div>\n<div><\/div>\n<div>\n<div>La ministra de Educaci\u00f3n ofreci\u00f3 estas declaraciones tras su participaci\u00f3n en el\u00a0<strong>Primer Encuentro Nacional \u201cFormaci\u00f3n para el desarrollo productivo\u201d<\/strong>, donde se presentaron los avances, perspectivas y pr\u00f3ximos pasos del Marco Nacional de Cualificaciones del Per\u00fa como herramienta pa\u00eds. Este encuentro es un espacio que articula el trabajo entre el Estado, la academia y el sector producci\u00f3n, a fin de generar m\u00e1s oportunidades de empleo.<\/div>\n<div><\/div>\n<div><em><strong>\u00abQueremos que la formaci\u00f3n abra oportunidades reales de empleo para m\u00e1s peruanos\u00bb,\u00a0<\/strong><\/em>destac\u00f3 Cuadros, quien tambi\u00e9n subray\u00f3 la importancia de reducir la brecha entre los aprendizajes y las oportunidades laborales.<\/div>\n<div><\/div>\n<div>Adem\u00e1s de la ministra Cuadros, en la ceremonia tambi\u00e9n participaron el ministro de Trabajo y Promoci\u00f3n del Empleo, \u00d3scar Fern\u00e1ndez, y el titular de la Producci\u00f3n, C\u00e9sar Quispe.<\/div>\n<div><\/div>\n<div>FUENTE: ANDINA.PE<\/div>\n<\/div>\n<\/div>\n","protected":false},"excerpt":{"rendered":"<p>Aumento salarial a maestros: \u00bfqui\u00e9nes ser\u00edan los pr\u00f3ximos beneficiarios? ministra responde Mar\u00eda Esther Cuadros dijo que el Ministerio de Educaci\u00f3n trabaja mejoras para m\u00e1s<\/p>\n","protected":false},"author":1,"featured_media":18931,"comment_status":"open","ping_status":"open","sticky":false,"template":"","format":"standard","meta":{"footnotes":""},"categories":[4],"tags":[3466],"class_list":["post-18930","post","type-post","status-publish","format-standard","has-post-thumbnail","hentry","category-educacion","tag-aumento-salarial-a-maestros"],"yoast_head":"<!-- This site is optimized with the Yoast SEO Premium plugin v21.2 (Yoast SEO v27.5) - https:\/\/yoast.com\/product\/yoast-seo-premium-wordpress\/ -->\n<title>\u25b7 Minedu responde: Aumento salarial a maestros: \u00bfqui\u00e9nes ser\u00edan los pr\u00f3ximos beneficiarios? \u2705<\/title>\n<meta name=\"description\" content=\"\u27a8 Aumento salarial a maestros\" \/>\n<meta name=\"robots\" content=\"index, follow, max-snippet:-1, max-image-preview:large, max-video-preview:-1\" \/>\n<link rel=\"canonical\" href=\"https:\/\/amautaenlinea.com\/blog\/minedu-responde-aumento-salarial-a-maestros-quienes-serian-los-proximos-beneficiarios\/\" \/>\n<meta property=\"og:locale\" content=\"es_ES\" \/>\n<meta property=\"og:type\" content=\"article\" \/>\n<meta property=\"og:title\" content=\"Minedu responde: Aumento salarial a maestros: \u00bfqui\u00e9nes ser\u00edan los pr\u00f3ximos beneficiarios?\" \/>\n<meta property=\"og:description\" content=\"\u27a8 Aumento salarial a maestros\" \/>\n<meta property=\"og:url\" content=\"https:\/\/amautaenlinea.com\/blog\/minedu-responde-aumento-salarial-a-maestros-quienes-serian-los-proximos-beneficiarios\/\" \/>\n<meta property=\"og:site_name\" content=\"Grupo AMAUTA\" \/>\n<meta property=\"article:publisher\" content=\"https:\/\/www.facebook.com\/amautaperu.org\/\" \/>\n<meta property=\"article:published_time\" content=\"2026-04-02T13:23:51+00:00\" \/>\n<meta property=\"article:modified_time\" content=\"2026-04-02T13:25:10+00:00\" \/>\n<meta property=\"og:image\" content=\"https:\/\/amautaenlinea.com\/blog\/wp-content\/uploads\/2026\/04\/Aumento-salarial-a-maestros.png\" \/>\n\t<meta property=\"og:image:width\" content=\"1280\" \/>\n\t<meta property=\"og:image:height\" content=\"720\" \/>\n\t<meta property=\"og:image:type\" content=\"image\/png\" \/>\n<meta name=\"author\" content=\"Grupo AMAUTA EBUSINESS\" \/>\n<meta name=\"twitter:card\" content=\"summary_large_image\" \/>\n<script type=\"application\/ld+json\" class=\"yoast-schema-graph\">{\"@context\":\"https:\\\/\\\/schema.org\",\"@graph\":[{\"@type\":\"Article\",\"@id\":\"https:\\\/\\\/amautaenlinea.com\\\/blog\\\/minedu-responde-aumento-salarial-a-maestros-quienes-serian-los-proximos-beneficiarios\\\/#article\",\"isPartOf\":{\"@id\":\"https:\\\/\\\/amautaenlinea.com\\\/blog\\\/minedu-responde-aumento-salarial-a-maestros-quienes-serian-los-proximos-beneficiarios\\\/\"},\"author\":{\"name\":\"Grupo AMAUTA EBUSINESS\",\"@id\":\"https:\\\/\\\/amautaenlinea.com\\\/blog\\\/#\\\/schema\\\/person\\\/d8d4b5d672e9edb72a6f23fd40dd31d5\"},\"headline\":\"Minedu responde: Aumento salarial a maestros: \u00bfqui\u00e9nes ser\u00edan los pr\u00f3ximos beneficiarios?\",\"datePublished\":\"2026-04-02T13:23:51+00:00\",\"dateModified\":\"2026-04-02T13:25:10+00:00\",\"mainEntityOfPage\":{\"@id\":\"https:\\\/\\\/amautaenlinea.com\\\/blog\\\/minedu-responde-aumento-salarial-a-maestros-quienes-serian-los-proximos-beneficiarios\\\/\"},\"wordCount\":474,\"commentCount\":0,\"publisher\":{\"@id\":\"https:\\\/\\\/amautaenlinea.com\\\/blog\\\/#organization\"},\"image\":{\"@id\":\"https:\\\/\\\/amautaenlinea.com\\\/blog\\\/minedu-responde-aumento-salarial-a-maestros-quienes-serian-los-proximos-beneficiarios\\\/#primaryimage\"},\"thumbnailUrl\":\"https:\\\/\\\/amautaenlinea.com\\\/blog\\\/wp-content\\\/uploads\\\/2026\\\/04\\\/Aumento-salarial-a-maestros.png\",\"keywords\":[\"Aumento salarial a maestros\"],\"articleSection\":[\"Educaci\u00f3n\"],\"inLanguage\":\"es\",\"potentialAction\":[{\"@type\":\"CommentAction\",\"name\":\"Comment\",\"target\":[\"https:\\\/\\\/amautaenlinea.com\\\/blog\\\/minedu-responde-aumento-salarial-a-maestros-quienes-serian-los-proximos-beneficiarios\\\/#respond\"]}],\"copyrightYear\":\"2026\",\"copyrightHolder\":{\"@id\":\"https:\\\/\\\/amautaenlinea.com\\\/blog\\\/#organization\"}},{\"@type\":\"WebPage\",\"@id\":\"https:\\\/\\\/amautaenlinea.com\\\/blog\\\/minedu-responde-aumento-salarial-a-maestros-quienes-serian-los-proximos-beneficiarios\\\/\",\"url\":\"https:\\\/\\\/amautaenlinea.com\\\/blog\\\/minedu-responde-aumento-salarial-a-maestros-quienes-serian-los-proximos-beneficiarios\\\/\",\"name\":\"\u25b7 Minedu responde: Aumento salarial a maestros: \u00bfqui\u00e9nes ser\u00edan los pr\u00f3ximos beneficiarios? \u2705\",\"isPartOf\":{\"@id\":\"https:\\\/\\\/amautaenlinea.com\\\/blog\\\/#website\"},\"primaryImageOfPage\":{\"@id\":\"https:\\\/\\\/amautaenlinea.com\\\/blog\\\/minedu-responde-aumento-salarial-a-maestros-quienes-serian-los-proximos-beneficiarios\\\/#primaryimage\"},\"image\":{\"@id\":\"https:\\\/\\\/amautaenlinea.com\\\/blog\\\/minedu-responde-aumento-salarial-a-maestros-quienes-serian-los-proximos-beneficiarios\\\/#primaryimage\"},\"thumbnailUrl\":\"https:\\\/\\\/amautaenlinea.com\\\/blog\\\/wp-content\\\/uploads\\\/2026\\\/04\\\/Aumento-salarial-a-maestros.png\",\"datePublished\":\"2026-04-02T13:23:51+00:00\",\"dateModified\":\"2026-04-02T13:25:10+00:00\",\"description\":\"\u27a8 Aumento salarial a maestros\",\"breadcrumb\":{\"@id\":\"https:\\\/\\\/amautaenlinea.com\\\/blog\\\/minedu-responde-aumento-salarial-a-maestros-quienes-serian-los-proximos-beneficiarios\\\/#breadcrumb\"},\"inLanguage\":\"es\",\"potentialAction\":[{\"@type\":\"ReadAction\",\"target\":[\"https:\\\/\\\/amautaenlinea.com\\\/blog\\\/minedu-responde-aumento-salarial-a-maestros-quienes-serian-los-proximos-beneficiarios\\\/\"]}]},{\"@type\":\"ImageObject\",\"inLanguage\":\"es\",\"@id\":\"https:\\\/\\\/amautaenlinea.com\\\/blog\\\/minedu-responde-aumento-salarial-a-maestros-quienes-serian-los-proximos-beneficiarios\\\/#primaryimage\",\"url\":\"https:\\\/\\\/amautaenlinea.com\\\/blog\\\/wp-content\\\/uploads\\\/2026\\\/04\\\/Aumento-salarial-a-maestros.png\",\"contentUrl\":\"https:\\\/\\\/amautaenlinea.com\\\/blog\\\/wp-content\\\/uploads\\\/2026\\\/04\\\/Aumento-salarial-a-maestros.png\",\"width\":1280,\"height\":720},{\"@type\":\"BreadcrumbList\",\"@id\":\"https:\\\/\\\/amautaenlinea.com\\\/blog\\\/minedu-responde-aumento-salarial-a-maestros-quienes-serian-los-proximos-beneficiarios\\\/#breadcrumb\",\"itemListElement\":[{\"@type\":\"ListItem\",\"position\":1,\"name\":\"Portada\",\"item\":\"https:\\\/\\\/amautaenlinea.com\\\/blog\\\/\"},{\"@type\":\"ListItem\",\"position\":2,\"name\":\"Minedu responde: Aumento salarial a maestros: \u00bfqui\u00e9nes ser\u00edan los pr\u00f3ximos beneficiarios?\"}]},{\"@type\":\"WebSite\",\"@id\":\"https:\\\/\\\/amautaenlinea.com\\\/blog\\\/#website\",\"url\":\"https:\\\/\\\/amautaenlinea.com\\\/blog\\\/\",\"name\":\"Grupo AMAUTA\",\"description\":\"\",\"publisher\":{\"@id\":\"https:\\\/\\\/amautaenlinea.com\\\/blog\\\/#organization\"},\"potentialAction\":[{\"@type\":\"SearchAction\",\"target\":{\"@type\":\"EntryPoint\",\"urlTemplate\":\"https:\\\/\\\/amautaenlinea.com\\\/blog\\\/?s={search_term_string}\"},\"query-input\":{\"@type\":\"PropertyValueSpecification\",\"valueRequired\":true,\"valueName\":\"search_term_string\"}}],\"inLanguage\":\"es\"},{\"@type\":\"Organization\",\"@id\":\"https:\\\/\\\/amautaenlinea.com\\\/blog\\\/#organization\",\"name\":\"Grupo AMAUTA E-BUSINESS\",\"url\":\"https:\\\/\\\/amautaenlinea.com\\\/blog\\\/\",\"logo\":{\"@type\":\"ImageObject\",\"inLanguage\":\"es\",\"@id\":\"https:\\\/\\\/amautaenlinea.com\\\/blog\\\/#\\\/schema\\\/logo\\\/image\\\/\",\"url\":\"https:\\\/\\\/amautaenlinea.com\\\/blog\\\/wp-content\\\/uploads\\\/2023\\\/09\\\/logo-amauta.png\",\"contentUrl\":\"https:\\\/\\\/amautaenlinea.com\\\/blog\\\/wp-content\\\/uploads\\\/2023\\\/09\\\/logo-amauta.png\",\"width\":1124,\"height\":368,\"caption\":\"Grupo AMAUTA E-BUSINESS\"},\"image\":{\"@id\":\"https:\\\/\\\/amautaenlinea.com\\\/blog\\\/#\\\/schema\\\/logo\\\/image\\\/\"},\"sameAs\":[\"https:\\\/\\\/www.facebook.com\\\/amautaperu.org\\\/\"]},{\"@type\":\"Person\",\"@id\":\"https:\\\/\\\/amautaenlinea.com\\\/blog\\\/#\\\/schema\\\/person\\\/d8d4b5d672e9edb72a6f23fd40dd31d5\",\"name\":\"Grupo AMAUTA EBUSINESS\",\"image\":{\"@type\":\"ImageObject\",\"inLanguage\":\"es\",\"@id\":\"https:\\\/\\\/secure.gravatar.com\\\/avatar\\\/97706b54c222a710310e2db50e02e68de0a4c8bb76654bcc4053b08241c6bd6c?s=96&d=mm&r=g\",\"url\":\"https:\\\/\\\/secure.gravatar.com\\\/avatar\\\/97706b54c222a710310e2db50e02e68de0a4c8bb76654bcc4053b08241c6bd6c?s=96&d=mm&r=g\",\"contentUrl\":\"https:\\\/\\\/secure.gravatar.com\\\/avatar\\\/97706b54c222a710310e2db50e02e68de0a4c8bb76654bcc4053b08241c6bd6c?s=96&d=mm&r=g\",\"caption\":\"Grupo AMAUTA EBUSINESS\"}}]}<\/script>\n<!-- \/ Yoast SEO Premium plugin. -->","yoast_head_json":{"title":"\u25b7 Minedu responde: Aumento salarial a maestros: \u00bfqui\u00e9nes ser\u00edan los pr\u00f3ximos beneficiarios? \u2705","description":"\u27a8 Aumento salarial a maestros","robots":{"index":"index","follow":"follow","max-snippet":"max-snippet:-1","max-image-preview":"max-image-preview:large","max-video-preview":"max-video-preview:-1"},"canonical":"https:\/\/amautaenlinea.com\/blog\/minedu-responde-aumento-salarial-a-maestros-quienes-serian-los-proximos-beneficiarios\/","og_locale":"es_ES","og_type":"article","og_title":"Minedu responde: Aumento salarial a maestros: \u00bfqui\u00e9nes ser\u00edan los pr\u00f3ximos beneficiarios?","og_description":"\u27a8 Aumento salarial a maestros","og_url":"https:\/\/amautaenlinea.com\/blog\/minedu-responde-aumento-salarial-a-maestros-quienes-serian-los-proximos-beneficiarios\/","og_site_name":"Grupo AMAUTA","article_publisher":"https:\/\/www.facebook.com\/amautaperu.org\/","article_published_time":"2026-04-02T13:23:51+00:00","article_modified_time":"2026-04-02T13:25:10+00:00","og_image":[{"width":1280,"height":720,"url":"https:\/\/amautaenlinea.com\/blog\/wp-content\/uploads\/2026\/04\/Aumento-salarial-a-maestros.png","type":"image\/png"}],"author":"Grupo AMAUTA EBUSINESS","twitter_card":"summary_large_image","schema":{"@context":"https:\/\/schema.org","@graph":[{"@type":"Article","@id":"https:\/\/amautaenlinea.com\/blog\/minedu-responde-aumento-salarial-a-maestros-quienes-serian-los-proximos-beneficiarios\/#article","isPartOf":{"@id":"https:\/\/amautaenlinea.com\/blog\/minedu-responde-aumento-salarial-a-maestros-quienes-serian-los-proximos-beneficiarios\/"},"author":{"name":"Grupo AMAUTA EBUSINESS","@id":"https:\/\/amautaenlinea.com\/blog\/#\/schema\/person\/d8d4b5d672e9edb72a6f23fd40dd31d5"},"headline":"Minedu responde: Aumento salarial a maestros: \u00bfqui\u00e9nes ser\u00edan los pr\u00f3ximos beneficiarios?","datePublished":"2026-04-02T13:23:51+00:00","dateModified":"2026-04-02T13:25:10+00:00","mainEntityOfPage":{"@id":"https:\/\/amautaenlinea.com\/blog\/minedu-responde-aumento-salarial-a-maestros-quienes-serian-los-proximos-beneficiarios\/"},"wordCount":474,"commentCount":0,"publisher":{"@id":"https:\/\/amautaenlinea.com\/blog\/#organization"},"image":{"@id":"https:\/\/amautaenlinea.com\/blog\/minedu-responde-aumento-salarial-a-maestros-quienes-serian-los-proximos-beneficiarios\/#primaryimage"},"thumbnailUrl":"https:\/\/amautaenlinea.com\/blog\/wp-content\/uploads\/2026\/04\/Aumento-salarial-a-maestros.png","keywords":["Aumento salarial a maestros"],"articleSection":["Educaci\u00f3n"],"inLanguage":"es","potentialAction":[{"@type":"CommentAction","name":"Comment","target":["https:\/\/amautaenlinea.com\/blog\/minedu-responde-aumento-salarial-a-maestros-quienes-serian-los-proximos-beneficiarios\/#respond"]}],"copyrightYear":"2026","copyrightHolder":{"@id":"https:\/\/amautaenlinea.com\/blog\/#organization"}},{"@type":"WebPage","@id":"https:\/\/amautaenlinea.com\/blog\/minedu-responde-aumento-salarial-a-maestros-quienes-serian-los-proximos-beneficiarios\/","url":"https:\/\/amautaenlinea.com\/blog\/minedu-responde-aumento-salarial-a-maestros-quienes-serian-los-proximos-beneficiarios\/","name":"\u25b7 Minedu responde: Aumento salarial a maestros: \u00bfqui\u00e9nes ser\u00edan los pr\u00f3ximos beneficiarios? \u2705","isPartOf":{"@id":"https:\/\/amautaenlinea.com\/blog\/#website"},"primaryImageOfPage":{"@id":"https:\/\/amautaenlinea.com\/blog\/minedu-responde-aumento-salarial-a-maestros-quienes-serian-los-proximos-beneficiarios\/#primaryimage"},"image":{"@id":"https:\/\/amautaenlinea.com\/blog\/minedu-responde-aumento-salarial-a-maestros-quienes-serian-los-proximos-beneficiarios\/#primaryimage"},"thumbnailUrl":"https:\/\/amautaenlinea.com\/blog\/wp-content\/uploads\/2026\/04\/Aumento-salarial-a-maestros.png","datePublished":"2026-04-02T13:23:51+00:00","dateModified":"2026-04-02T13:25:10+00:00","description":"\u27a8 Aumento salarial a maestros","breadcrumb":{"@id":"https:\/\/amautaenlinea.com\/blog\/minedu-responde-aumento-salarial-a-maestros-quienes-serian-los-proximos-beneficiarios\/#breadcrumb"},"inLanguage":"es","potentialAction":[{"@type":"ReadAction","target":["https:\/\/amautaenlinea.com\/blog\/minedu-responde-aumento-salarial-a-maestros-quienes-serian-los-proximos-beneficiarios\/"]}]},{"@type":"ImageObject","inLanguage":"es","@id":"https:\/\/amautaenlinea.com\/blog\/minedu-responde-aumento-salarial-a-maestros-quienes-serian-los-proximos-beneficiarios\/#primaryimage","url":"https:\/\/amautaenlinea.com\/blog\/wp-content\/uploads\/2026\/04\/Aumento-salarial-a-maestros.png","contentUrl":"https:\/\/amautaenlinea.com\/blog\/wp-content\/uploads\/2026\/04\/Aumento-salarial-a-maestros.png","width":1280,"height":720},{"@type":"BreadcrumbList","@id":"https:\/\/amautaenlinea.com\/blog\/minedu-responde-aumento-salarial-a-maestros-quienes-serian-los-proximos-beneficiarios\/#breadcrumb","itemListElement":[{"@type":"ListItem","position":1,"name":"Portada","item":"https:\/\/amautaenlinea.com\/blog\/"},{"@type":"ListItem","position":2,"name":"Minedu responde: Aumento salarial a maestros: \u00bfqui\u00e9nes ser\u00edan los pr\u00f3ximos beneficiarios?"}]},{"@type":"WebSite","@id":"https:\/\/amautaenlinea.com\/blog\/#website","url":"https:\/\/amautaenlinea.com\/blog\/","name":"Grupo AMAUTA","description":"","publisher":{"@id":"https:\/\/amautaenlinea.com\/blog\/#organization"},"potentialAction":[{"@type":"SearchAction","target":{"@type":"EntryPoint","urlTemplate":"https:\/\/amautaenlinea.com\/blog\/?s={search_term_string}"},"query-input":{"@type":"PropertyValueSpecification","valueRequired":true,"valueName":"search_term_string"}}],"inLanguage":"es"},{"@type":"Organization","@id":"https:\/\/amautaenlinea.com\/blog\/#organization","name":"Grupo AMAUTA E-BUSINESS","url":"https:\/\/amautaenlinea.com\/blog\/","logo":{"@type":"ImageObject","inLanguage":"es","@id":"https:\/\/amautaenlinea.com\/blog\/#\/schema\/logo\/image\/","url":"https:\/\/amautaenlinea.com\/blog\/wp-content\/uploads\/2023\/09\/logo-amauta.png","contentUrl":"https:\/\/amautaenlinea.com\/blog\/wp-content\/uploads\/2023\/09\/logo-amauta.png","width":1124,"height":368,"caption":"Grupo AMAUTA E-BUSINESS"},"image":{"@id":"https:\/\/amautaenlinea.com\/blog\/#\/schema\/logo\/image\/"},"sameAs":["https:\/\/www.facebook.com\/amautaperu.org\/"]},{"@type":"Person","@id":"https:\/\/amautaenlinea.com\/blog\/#\/schema\/person\/d8d4b5d672e9edb72a6f23fd40dd31d5","name":"Grupo AMAUTA EBUSINESS","image":{"@type":"ImageObject","inLanguage":"es","@id":"https:\/\/secure.gravatar.com\/avatar\/97706b54c222a710310e2db50e02e68de0a4c8bb76654bcc4053b08241c6bd6c?s=96&d=mm&r=g","url":"https:\/\/secure.gravatar.com\/avatar\/97706b54c222a710310e2db50e02e68de0a4c8bb76654bcc4053b08241c6bd6c?s=96&d=mm&r=g","contentUrl":"https:\/\/secure.gravatar.com\/avatar\/97706b54c222a710310e2db50e02e68de0a4c8bb76654bcc4053b08241c6bd6c?s=96&d=mm&r=g","caption":"Grupo AMAUTA EBUSINESS"}}]}},"_links":{"self":[{"href":"https:\/\/amautaenlinea.com\/blog\/wp-json\/wp\/v2\/posts\/18930","targetHints":{"allow":["GET"]}}],"collection":[{"href":"https:\/\/amautaenlinea.com\/blog\/wp-json\/wp\/v2\/posts"}],"about":[{"href":"https:\/\/amautaenlinea.com\/blog\/wp-json\/wp\/v2\/types\/post"}],"author":[{"embeddable":true,"href":"https:\/\/amautaenlinea.com\/blog\/wp-json\/wp\/v2\/users\/1"}],"replies":[{"embeddable":true,"href":"https:\/\/amautaenlinea.com\/blog\/wp-json\/wp\/v2\/comments?post=18930"}],"version-history":[{"count":2,"href":"https:\/\/amautaenlinea.com\/blog\/wp-json\/wp\/v2\/posts\/18930\/revisions"}],"predecessor-version":[{"id":18933,"href":"https:\/\/amautaenlinea.com\/blog\/wp-json\/wp\/v2\/posts\/18930\/revisions\/18933"}],"wp:featuredmedia":[{"embeddable":true,"href":"https:\/\/amautaenlinea.com\/blog\/wp-json\/wp\/v2\/media\/18931"}],"wp:attachment":[{"href":"https:\/\/amautaenlinea.com\/blog\/wp-json\/wp\/v2\/media?parent=18930"}],"wp:term":[{"taxonomy":"category","embeddable":true,"href":"https:\/\/amautaenlinea.com\/blog\/wp-json\/wp\/v2\/categories?post=18930"},{"taxonomy":"post_tag","embeddable":true,"href":"https:\/\/amautaenlinea.com\/blog\/wp-json\/wp\/v2\/tags?post=18930"}],"curies":[{"name":"wp","href":"https:\/\/api.w.org\/{rel}","templated":true}]}}