{"id":18927,"date":"2026-04-02T07:33:19","date_gmt":"2026-04-02T12:33:19","guid":{"rendered":"https:\/\/amautaenlinea.com\/blog\/?p=18927"},"modified":"2026-04-02T07:33:19","modified_gmt":"2026-04-02T12:33:19","slug":"conozca-el-candidato-presidencial-que-esta-dispuesto-apoyar-a-miles-de-docentes-activos-y-cesantes-de-iiee","status":"publish","type":"post","link":"https:\/\/amautaenlinea.com\/blog\/conozca-el-candidato-presidencial-que-esta-dispuesto-apoyar-a-miles-de-docentes-activos-y-cesantes-de-iiee\/","title":{"rendered":"Conozca el candidato presidencial que esta dispuesto apoyar a miles de docentes activos y cesantes de IIEE"},"content":{"rendered":"<p>El candidato presidencial <span class=\"hover:entity-accent entity-underline inline cursor-pointer align-baseline\"><span class=\"whitespace-normal\">Ricardo Belmont<\/span><\/span> ha centrado sus propuestas educativas <strong data-start=\"102\" data-end=\"142\">principalmente en el rol del docente<\/strong>. No presenta un plan muy t\u00e9cnico como otros candidatos, pero s\u00ed ideas claras y reiteradas en debates.<\/p>\n<h2 data-section-id=\"15epem8\" data-start=\"352\" data-end=\"395\">1. Aumento de sueldo para docentes<\/h2>\n<ul data-start=\"396\" data-end=\"750\">\n<li data-section-id=\"gax4yj\" data-start=\"396\" data-end=\"501\">Propone <strong data-start=\"406\" data-end=\"460\">mejorar significativamente la remuneraci\u00f3n docente<\/strong>.<\/li>\n<li data-section-id=\"110eck6\" data-start=\"502\" data-end=\"632\">Incluso plantea que el sueldo <strong data-start=\"534\" data-end=\"591\">como m\u00ednimo sea equivalente al primer nivel educativo<\/strong>.<\/li>\n<li data-section-id=\"1ydsc7t\" data-start=\"633\" data-end=\"750\">Tambi\u00e9n incluye a <strong data-start=\"653\" data-end=\"675\">docentes jubilados<\/strong>, buscando dignificar su situaci\u00f3n.<\/li>\n<\/ul>\n<h3 data-start=\"752\" data-end=\"774\"><strong data-start=\"755\" data-end=\"772\">Idea central:<\/strong><\/h3>\n<p data-start=\"752\" data-end=\"774\">\u201cSin maestros no hay futuro\u201d \u2192 el docente es el eje del sistema.<\/p>\n<h2 data-section-id=\"19zehdz\" data-start=\"848\" data-end=\"886\">2. Revalorizaci\u00f3n del docente<\/h2>\n<ul data-start=\"887\" data-end=\"1127\">\n<li data-section-id=\"4as8f\" data-start=\"887\" data-end=\"1011\">Se\u00f1ala que el maestro est\u00e1 \u201cmaltratado\u201d y busca <strong data-start=\"937\" data-end=\"970\">recuperar su prestigio social<\/strong>.<\/li>\n<li data-section-id=\"qzggfj\" data-start=\"1012\" data-end=\"1127\">Considera que el docente cumple un rol clave:\u201creemplaza al padre o madre en la formaci\u00f3n del estudiante\u201d.<\/li>\n<\/ul>\n<p data-start=\"1129\" data-end=\"1150\">\u00a0En enfoque MINEDU:<\/p>\n<ul data-start=\"1151\" data-end=\"1277\">\n<li data-section-id=\"1tby17v\" data-start=\"1151\" data-end=\"1218\">Se relaciona con el <strong data-start=\"1173\" data-end=\"1216\">Marco del Buen Desempe\u00f1o Docente (MBDD)<\/strong><\/li>\n<li data-section-id=\"1q8fdrs\" data-start=\"1219\" data-end=\"1277\">Apunta a fortalecer la <strong data-start=\"1244\" data-end=\"1277\">identidad profesional docente<\/strong><\/li>\n<\/ul>\n<h2 data-section-id=\"1ysm717\" data-start=\"1284\" data-end=\"1338\">3. Mejora del sistema educativo desde el docente<\/h2>\n<ul data-start=\"1339\" data-end=\"1524\">\n<li data-section-id=\"1clzkba\" data-start=\"1339\" data-end=\"1524\">Afirma que el sistema educativo es deficiente y que:\n<ul data-start=\"1396\" data-end=\"1524\">\n<li data-section-id=\"11rxxbn\" data-start=\"1396\" data-end=\"1436\">No promueve el <strong data-start=\"1413\" data-end=\"1436\">pensamiento cr\u00edtico<\/strong><\/li>\n<li data-section-id=\"1ml1np5\" data-start=\"1439\" data-end=\"1524\">Est\u00e1 afectado por problemas estructurales<\/li>\n<\/ul>\n<\/li>\n<\/ul>\n<p data-start=\"1526\" data-end=\"1541\">Su soluci\u00f3n:<\/p>\n<ul data-start=\"1542\" data-end=\"1643\">\n<li data-section-id=\"11rm8ve\" data-start=\"1542\" data-end=\"1605\"><strong data-start=\"1544\" data-end=\"1578\">Invertir primero en el docente<\/strong> (salario + reconocimiento)<\/li>\n<li data-section-id=\"16edc5s\" data-start=\"1606\" data-end=\"1643\">Luego mejorar el sistema en general<\/li>\n<\/ul>\n<h2 data-section-id=\"pbm223\" data-start=\"1650\" data-end=\"1696\">4. Enfoque en valores y formaci\u00f3n humana<\/h2>\n<ul data-start=\"1697\" data-end=\"1844\">\n<li data-section-id=\"nbsocw\" data-start=\"1697\" data-end=\"1844\">Plantea que la educaci\u00f3n debe centrarse en:\n<ul data-start=\"1745\" data-end=\"1844\">\n<li data-section-id=\"vujggo\" data-start=\"1745\" data-end=\"1754\">Valores<\/li>\n<li data-section-id=\"19a9qkv\" data-start=\"1757\" data-end=\"1766\">Familia<\/li>\n<li data-section-id=\"1fkzj9u\" data-start=\"1769\" data-end=\"1844\">Formaci\u00f3n integral del estudiante<\/li>\n<\/ul>\n<\/li>\n<\/ul>\n<p data-start=\"1846\" data-end=\"1872\">En lenguaje pedag\u00f3gico:<\/p>\n<ul data-start=\"1873\" data-end=\"1959\">\n<li data-section-id=\"1hem8r6\" data-start=\"1873\" data-end=\"1959\">Se vincula con:\n<ul data-start=\"1893\" data-end=\"1959\">\n<li data-section-id=\"1lz1us3\" data-start=\"1893\" data-end=\"1921\"><strong data-start=\"1895\" data-end=\"1921\">Enfoque socioemocional<\/strong><\/li>\n<li data-section-id=\"16rsaq5\" data-start=\"1924\" data-end=\"1959\"><strong data-start=\"1926\" data-end=\"1959\">Educaci\u00f3n en valores (MINEDU)<\/strong><\/li>\n<\/ul>\n<\/li>\n<\/ul>\n<h2 data-section-id=\"13fznob\" data-start=\"1966\" data-end=\"2012\">5. Idea global de su propuesta educativa<\/h2>\n<p data-start=\"2013\" data-end=\"2044\">Su planteamiento se resume as\u00ed:<\/p>\n<p data-start=\"2046\" data-end=\"2169\">Docente bien pagado<br data-start=\"2068\" data-end=\"2071\" \/>Docente valorado socialmente<br data-start=\"2102\" data-end=\"2105\" \/>Educaci\u00f3n con valores<br data-start=\"2129\" data-end=\"2132\" \/>Formaci\u00f3n de ciudadanos cr\u00edticos<\/p>\n<h2 data-section-id=\"10swgyx\" data-start=\"2176\" data-end=\"2212\">CONCLUSI\u00d3N<\/h2>\n<p data-start=\"2213\" data-end=\"2256\">La propuesta de Belmont se caracteriza por:<\/p>\n<p data-start=\"2258\" data-end=\"2373\">Enfoque humanista<br data-start=\"2277\" data-end=\"2280\" \/>Prioridad en el docente<br data-start=\"2305\" data-end=\"2308\" \/>Poca precisi\u00f3n t\u00e9cnica (no detalla curr\u00edculo, evaluaci\u00f3n, etc.)<\/p>\n<h3 data-start=\"2375\" data-end=\"2398\"><strong data-start=\"2378\" data-end=\"2398\">Respuesta clave:<\/strong><\/h3>\n<p data-start=\"2375\" data-end=\"2398\">Belmont propone mejorar la calidad educativa <strong data-start=\"2446\" data-end=\"2512\">a trav\u00e9s de la revalorizaci\u00f3n y mejor remuneraci\u00f3n del docente<\/strong>, considerando que el maestro es el eje del sistema educativo.<\/p>\n","protected":false},"excerpt":{"rendered":"<p>El candidato presidencial Ricardo Belmont ha centrado sus propuestas educativas principalmente en el rol del docente. No presenta un plan muy t\u00e9cnico como otros<\/p>\n","protected":false},"author":1,"featured_media":18928,"comment_status":"open","ping_status":"open","sticky":false,"template":"","format":"standard","meta":{"footnotes":""},"categories":[4],"tags":[3465],"class_list":["post-18927","post","type-post","status-publish","format-standard","has-post-thumbnail","hentry","category-educacion","tag-conozca-el-candidato-presidencial-que-esta-dispuesto-apoyar-a-miles-de-docentes-activos-y-cesantes-de-iiee"],"yoast_head":"<!-- This site is optimized with the Yoast SEO Premium plugin v21.2 (Yoast SEO v27.5) - https:\/\/yoast.com\/product\/yoast-seo-premium-wordpress\/ -->\n<title>\u25b7 Conozca el candidato presidencial que esta dispuesto apoyar a miles de docentes activos y cesantes de IIEE \u2705<\/title>\n<meta name=\"description\" content=\"\u27a8 Conozca el candidato presidencial que esta dispuesto apoyar a miles de docentes activos y cesantes de IIEE\" \/>\n<meta name=\"robots\" content=\"index, follow, max-snippet:-1, max-image-preview:large, max-video-preview:-1\" \/>\n<link rel=\"canonical\" href=\"https:\/\/amautaenlinea.com\/blog\/conozca-el-candidato-presidencial-que-esta-dispuesto-apoyar-a-miles-de-docentes-activos-y-cesantes-de-iiee\/\" \/>\n<meta property=\"og:locale\" content=\"es_ES\" \/>\n<meta property=\"og:type\" content=\"article\" \/>\n<meta property=\"og:title\" content=\"Conozca el candidato presidencial que esta dispuesto apoyar a miles de docentes activos y cesantes de IIEE\" \/>\n<meta property=\"og:description\" content=\"\u27a8 Conozca el candidato presidencial que esta dispuesto apoyar a miles de docentes activos y cesantes de IIEE\" \/>\n<meta property=\"og:url\" content=\"https:\/\/amautaenlinea.com\/blog\/conozca-el-candidato-presidencial-que-esta-dispuesto-apoyar-a-miles-de-docentes-activos-y-cesantes-de-iiee\/\" \/>\n<meta property=\"og:site_name\" content=\"Grupo AMAUTA\" \/>\n<meta property=\"article:publisher\" content=\"https:\/\/www.facebook.com\/amautaperu.org\/\" \/>\n<meta property=\"article:published_time\" content=\"2026-04-02T12:33:19+00:00\" \/>\n<meta property=\"og:image\" content=\"https:\/\/amautaenlinea.com\/blog\/wp-content\/uploads\/2026\/04\/Conozca-el-candidato-presidencial-que-esta-dispuesto-apoyar-a-miles-de-docentes-activos-y-cesantes-de-IIEE.png\" \/>\n\t<meta property=\"og:image:width\" content=\"1280\" \/>\n\t<meta property=\"og:image:height\" content=\"720\" \/>\n\t<meta property=\"og:image:type\" content=\"image\/png\" \/>\n<meta name=\"author\" content=\"Grupo AMAUTA EBUSINESS\" \/>\n<meta name=\"twitter:card\" content=\"summary_large_image\" \/>\n<script type=\"application\/ld+json\" class=\"yoast-schema-graph\">{\"@context\":\"https:\\\/\\\/schema.org\",\"@graph\":[{\"@type\":\"Article\",\"@id\":\"https:\\\/\\\/amautaenlinea.com\\\/blog\\\/conozca-el-candidato-presidencial-que-esta-dispuesto-apoyar-a-miles-de-docentes-activos-y-cesantes-de-iiee\\\/#article\",\"isPartOf\":{\"@id\":\"https:\\\/\\\/amautaenlinea.com\\\/blog\\\/conozca-el-candidato-presidencial-que-esta-dispuesto-apoyar-a-miles-de-docentes-activos-y-cesantes-de-iiee\\\/\"},\"author\":{\"name\":\"Grupo AMAUTA EBUSINESS\",\"@id\":\"https:\\\/\\\/amautaenlinea.com\\\/blog\\\/#\\\/schema\\\/person\\\/d8d4b5d672e9edb72a6f23fd40dd31d5\"},\"headline\":\"Conozca el candidato presidencial que esta dispuesto apoyar a miles de docentes activos y cesantes de IIEE\",\"datePublished\":\"2026-04-02T12:33:19+00:00\",\"mainEntityOfPage\":{\"@id\":\"https:\\\/\\\/amautaenlinea.com\\\/blog\\\/conozca-el-candidato-presidencial-que-esta-dispuesto-apoyar-a-miles-de-docentes-activos-y-cesantes-de-iiee\\\/\"},\"wordCount\":318,\"commentCount\":0,\"publisher\":{\"@id\":\"https:\\\/\\\/amautaenlinea.com\\\/blog\\\/#organization\"},\"image\":{\"@id\":\"https:\\\/\\\/amautaenlinea.com\\\/blog\\\/conozca-el-candidato-presidencial-que-esta-dispuesto-apoyar-a-miles-de-docentes-activos-y-cesantes-de-iiee\\\/#primaryimage\"},\"thumbnailUrl\":\"https:\\\/\\\/amautaenlinea.com\\\/blog\\\/wp-content\\\/uploads\\\/2026\\\/04\\\/Conozca-el-candidato-presidencial-que-esta-dispuesto-apoyar-a-miles-de-docentes-activos-y-cesantes-de-IIEE.png\",\"keywords\":[\"Conozca el candidato presidencial que esta dispuesto apoyar a miles de docentes activos y cesantes de IIEE\"],\"articleSection\":[\"Educaci\u00f3n\"],\"inLanguage\":\"es\",\"potentialAction\":[{\"@type\":\"CommentAction\",\"name\":\"Comment\",\"target\":[\"https:\\\/\\\/amautaenlinea.com\\\/blog\\\/conozca-el-candidato-presidencial-que-esta-dispuesto-apoyar-a-miles-de-docentes-activos-y-cesantes-de-iiee\\\/#respond\"]}],\"copyrightYear\":\"2026\",\"copyrightHolder\":{\"@id\":\"https:\\\/\\\/amautaenlinea.com\\\/blog\\\/#organization\"}},{\"@type\":\"WebPage\",\"@id\":\"https:\\\/\\\/amautaenlinea.com\\\/blog\\\/conozca-el-candidato-presidencial-que-esta-dispuesto-apoyar-a-miles-de-docentes-activos-y-cesantes-de-iiee\\\/\",\"url\":\"https:\\\/\\\/amautaenlinea.com\\\/blog\\\/conozca-el-candidato-presidencial-que-esta-dispuesto-apoyar-a-miles-de-docentes-activos-y-cesantes-de-iiee\\\/\",\"name\":\"\u25b7 Conozca el candidato presidencial que esta dispuesto apoyar a miles de docentes activos y cesantes de IIEE \u2705\",\"isPartOf\":{\"@id\":\"https:\\\/\\\/amautaenlinea.com\\\/blog\\\/#website\"},\"primaryImageOfPage\":{\"@id\":\"https:\\\/\\\/amautaenlinea.com\\\/blog\\\/conozca-el-candidato-presidencial-que-esta-dispuesto-apoyar-a-miles-de-docentes-activos-y-cesantes-de-iiee\\\/#primaryimage\"},\"image\":{\"@id\":\"https:\\\/\\\/amautaenlinea.com\\\/blog\\\/conozca-el-candidato-presidencial-que-esta-dispuesto-apoyar-a-miles-de-docentes-activos-y-cesantes-de-iiee\\\/#primaryimage\"},\"thumbnailUrl\":\"https:\\\/\\\/amautaenlinea.com\\\/blog\\\/wp-content\\\/uploads\\\/2026\\\/04\\\/Conozca-el-candidato-presidencial-que-esta-dispuesto-apoyar-a-miles-de-docentes-activos-y-cesantes-de-IIEE.png\",\"datePublished\":\"2026-04-02T12:33:19+00:00\",\"description\":\"\u27a8 Conozca el candidato presidencial que esta dispuesto apoyar a miles de docentes activos y cesantes de IIEE\",\"breadcrumb\":{\"@id\":\"https:\\\/\\\/amautaenlinea.com\\\/blog\\\/conozca-el-candidato-presidencial-que-esta-dispuesto-apoyar-a-miles-de-docentes-activos-y-cesantes-de-iiee\\\/#breadcrumb\"},\"inLanguage\":\"es\",\"potentialAction\":[{\"@type\":\"ReadAction\",\"target\":[\"https:\\\/\\\/amautaenlinea.com\\\/blog\\\/conozca-el-candidato-presidencial-que-esta-dispuesto-apoyar-a-miles-de-docentes-activos-y-cesantes-de-iiee\\\/\"]}]},{\"@type\":\"ImageObject\",\"inLanguage\":\"es\",\"@id\":\"https:\\\/\\\/amautaenlinea.com\\\/blog\\\/conozca-el-candidato-presidencial-que-esta-dispuesto-apoyar-a-miles-de-docentes-activos-y-cesantes-de-iiee\\\/#primaryimage\",\"url\":\"https:\\\/\\\/amautaenlinea.com\\\/blog\\\/wp-content\\\/uploads\\\/2026\\\/04\\\/Conozca-el-candidato-presidencial-que-esta-dispuesto-apoyar-a-miles-de-docentes-activos-y-cesantes-de-IIEE.png\",\"contentUrl\":\"https:\\\/\\\/amautaenlinea.com\\\/blog\\\/wp-content\\\/uploads\\\/2026\\\/04\\\/Conozca-el-candidato-presidencial-que-esta-dispuesto-apoyar-a-miles-de-docentes-activos-y-cesantes-de-IIEE.png\",\"width\":1280,\"height\":720},{\"@type\":\"BreadcrumbList\",\"@id\":\"https:\\\/\\\/amautaenlinea.com\\\/blog\\\/conozca-el-candidato-presidencial-que-esta-dispuesto-apoyar-a-miles-de-docentes-activos-y-cesantes-de-iiee\\\/#breadcrumb\",\"itemListElement\":[{\"@type\":\"ListItem\",\"position\":1,\"name\":\"Portada\",\"item\":\"https:\\\/\\\/amautaenlinea.com\\\/blog\\\/\"},{\"@type\":\"ListItem\",\"position\":2,\"name\":\"Conozca el candidato presidencial que esta dispuesto apoyar a miles de docentes activos y cesantes de IIEE\"}]},{\"@type\":\"WebSite\",\"@id\":\"https:\\\/\\\/amautaenlinea.com\\\/blog\\\/#website\",\"url\":\"https:\\\/\\\/amautaenlinea.com\\\/blog\\\/\",\"name\":\"Grupo AMAUTA\",\"description\":\"\",\"publisher\":{\"@id\":\"https:\\\/\\\/amautaenlinea.com\\\/blog\\\/#organization\"},\"potentialAction\":[{\"@type\":\"SearchAction\",\"target\":{\"@type\":\"EntryPoint\",\"urlTemplate\":\"https:\\\/\\\/amautaenlinea.com\\\/blog\\\/?s={search_term_string}\"},\"query-input\":{\"@type\":\"PropertyValueSpecification\",\"valueRequired\":true,\"valueName\":\"search_term_string\"}}],\"inLanguage\":\"es\"},{\"@type\":\"Organization\",\"@id\":\"https:\\\/\\\/amautaenlinea.com\\\/blog\\\/#organization\",\"name\":\"Grupo AMAUTA E-BUSINESS\",\"url\":\"https:\\\/\\\/amautaenlinea.com\\\/blog\\\/\",\"logo\":{\"@type\":\"ImageObject\",\"inLanguage\":\"es\",\"@id\":\"https:\\\/\\\/amautaenlinea.com\\\/blog\\\/#\\\/schema\\\/logo\\\/image\\\/\",\"url\":\"https:\\\/\\\/amautaenlinea.com\\\/blog\\\/wp-content\\\/uploads\\\/2023\\\/09\\\/logo-amauta.png\",\"contentUrl\":\"https:\\\/\\\/amautaenlinea.com\\\/blog\\\/wp-content\\\/uploads\\\/2023\\\/09\\\/logo-amauta.png\",\"width\":1124,\"height\":368,\"caption\":\"Grupo AMAUTA E-BUSINESS\"},\"image\":{\"@id\":\"https:\\\/\\\/amautaenlinea.com\\\/blog\\\/#\\\/schema\\\/logo\\\/image\\\/\"},\"sameAs\":[\"https:\\\/\\\/www.facebook.com\\\/amautaperu.org\\\/\"]},{\"@type\":\"Person\",\"@id\":\"https:\\\/\\\/amautaenlinea.com\\\/blog\\\/#\\\/schema\\\/person\\\/d8d4b5d672e9edb72a6f23fd40dd31d5\",\"name\":\"Grupo AMAUTA EBUSINESS\",\"image\":{\"@type\":\"ImageObject\",\"inLanguage\":\"es\",\"@id\":\"https:\\\/\\\/secure.gravatar.com\\\/avatar\\\/97706b54c222a710310e2db50e02e68de0a4c8bb76654bcc4053b08241c6bd6c?s=96&d=mm&r=g\",\"url\":\"https:\\\/\\\/secure.gravatar.com\\\/avatar\\\/97706b54c222a710310e2db50e02e68de0a4c8bb76654bcc4053b08241c6bd6c?s=96&d=mm&r=g\",\"contentUrl\":\"https:\\\/\\\/secure.gravatar.com\\\/avatar\\\/97706b54c222a710310e2db50e02e68de0a4c8bb76654bcc4053b08241c6bd6c?s=96&d=mm&r=g\",\"caption\":\"Grupo AMAUTA EBUSINESS\"}}]}<\/script>\n<!-- \/ Yoast SEO Premium plugin. -->","yoast_head_json":{"title":"\u25b7 Conozca el candidato presidencial que esta dispuesto apoyar a miles de docentes activos y cesantes de IIEE \u2705","description":"\u27a8 Conozca el candidato presidencial que esta dispuesto apoyar a miles de docentes activos y cesantes de IIEE","robots":{"index":"index","follow":"follow","max-snippet":"max-snippet:-1","max-image-preview":"max-image-preview:large","max-video-preview":"max-video-preview:-1"},"canonical":"https:\/\/amautaenlinea.com\/blog\/conozca-el-candidato-presidencial-que-esta-dispuesto-apoyar-a-miles-de-docentes-activos-y-cesantes-de-iiee\/","og_locale":"es_ES","og_type":"article","og_title":"Conozca el candidato presidencial que esta dispuesto apoyar a miles de docentes activos y cesantes de IIEE","og_description":"\u27a8 Conozca el candidato presidencial que esta dispuesto apoyar a miles de docentes activos y cesantes de IIEE","og_url":"https:\/\/amautaenlinea.com\/blog\/conozca-el-candidato-presidencial-que-esta-dispuesto-apoyar-a-miles-de-docentes-activos-y-cesantes-de-iiee\/","og_site_name":"Grupo AMAUTA","article_publisher":"https:\/\/www.facebook.com\/amautaperu.org\/","article_published_time":"2026-04-02T12:33:19+00:00","og_image":[{"width":1280,"height":720,"url":"https:\/\/amautaenlinea.com\/blog\/wp-content\/uploads\/2026\/04\/Conozca-el-candidato-presidencial-que-esta-dispuesto-apoyar-a-miles-de-docentes-activos-y-cesantes-de-IIEE.png","type":"image\/png"}],"author":"Grupo AMAUTA EBUSINESS","twitter_card":"summary_large_image","schema":{"@context":"https:\/\/schema.org","@graph":[{"@type":"Article","@id":"https:\/\/amautaenlinea.com\/blog\/conozca-el-candidato-presidencial-que-esta-dispuesto-apoyar-a-miles-de-docentes-activos-y-cesantes-de-iiee\/#article","isPartOf":{"@id":"https:\/\/amautaenlinea.com\/blog\/conozca-el-candidato-presidencial-que-esta-dispuesto-apoyar-a-miles-de-docentes-activos-y-cesantes-de-iiee\/"},"author":{"name":"Grupo AMAUTA EBUSINESS","@id":"https:\/\/amautaenlinea.com\/blog\/#\/schema\/person\/d8d4b5d672e9edb72a6f23fd40dd31d5"},"headline":"Conozca el candidato presidencial que esta dispuesto apoyar a miles de docentes activos y cesantes de IIEE","datePublished":"2026-04-02T12:33:19+00:00","mainEntityOfPage":{"@id":"https:\/\/amautaenlinea.com\/blog\/conozca-el-candidato-presidencial-que-esta-dispuesto-apoyar-a-miles-de-docentes-activos-y-cesantes-de-iiee\/"},"wordCount":318,"commentCount":0,"publisher":{"@id":"https:\/\/amautaenlinea.com\/blog\/#organization"},"image":{"@id":"https:\/\/amautaenlinea.com\/blog\/conozca-el-candidato-presidencial-que-esta-dispuesto-apoyar-a-miles-de-docentes-activos-y-cesantes-de-iiee\/#primaryimage"},"thumbnailUrl":"https:\/\/amautaenlinea.com\/blog\/wp-content\/uploads\/2026\/04\/Conozca-el-candidato-presidencial-que-esta-dispuesto-apoyar-a-miles-de-docentes-activos-y-cesantes-de-IIEE.png","keywords":["Conozca el candidato presidencial que esta dispuesto apoyar a miles de docentes activos y cesantes de IIEE"],"articleSection":["Educaci\u00f3n"],"inLanguage":"es","potentialAction":[{"@type":"CommentAction","name":"Comment","target":["https:\/\/amautaenlinea.com\/blog\/conozca-el-candidato-presidencial-que-esta-dispuesto-apoyar-a-miles-de-docentes-activos-y-cesantes-de-iiee\/#respond"]}],"copyrightYear":"2026","copyrightHolder":{"@id":"https:\/\/amautaenlinea.com\/blog\/#organization"}},{"@type":"WebPage","@id":"https:\/\/amautaenlinea.com\/blog\/conozca-el-candidato-presidencial-que-esta-dispuesto-apoyar-a-miles-de-docentes-activos-y-cesantes-de-iiee\/","url":"https:\/\/amautaenlinea.com\/blog\/conozca-el-candidato-presidencial-que-esta-dispuesto-apoyar-a-miles-de-docentes-activos-y-cesantes-de-iiee\/","name":"\u25b7 Conozca el candidato presidencial que esta dispuesto apoyar a miles de docentes activos y cesantes de IIEE \u2705","isPartOf":{"@id":"https:\/\/amautaenlinea.com\/blog\/#website"},"primaryImageOfPage":{"@id":"https:\/\/amautaenlinea.com\/blog\/conozca-el-candidato-presidencial-que-esta-dispuesto-apoyar-a-miles-de-docentes-activos-y-cesantes-de-iiee\/#primaryimage"},"image":{"@id":"https:\/\/amautaenlinea.com\/blog\/conozca-el-candidato-presidencial-que-esta-dispuesto-apoyar-a-miles-de-docentes-activos-y-cesantes-de-iiee\/#primaryimage"},"thumbnailUrl":"https:\/\/amautaenlinea.com\/blog\/wp-content\/uploads\/2026\/04\/Conozca-el-candidato-presidencial-que-esta-dispuesto-apoyar-a-miles-de-docentes-activos-y-cesantes-de-IIEE.png","datePublished":"2026-04-02T12:33:19+00:00","description":"\u27a8 Conozca el candidato presidencial que esta dispuesto apoyar a miles de docentes activos y cesantes de IIEE","breadcrumb":{"@id":"https:\/\/amautaenlinea.com\/blog\/conozca-el-candidato-presidencial-que-esta-dispuesto-apoyar-a-miles-de-docentes-activos-y-cesantes-de-iiee\/#breadcrumb"},"inLanguage":"es","potentialAction":[{"@type":"ReadAction","target":["https:\/\/amautaenlinea.com\/blog\/conozca-el-candidato-presidencial-que-esta-dispuesto-apoyar-a-miles-de-docentes-activos-y-cesantes-de-iiee\/"]}]},{"@type":"ImageObject","inLanguage":"es","@id":"https:\/\/amautaenlinea.com\/blog\/conozca-el-candidato-presidencial-que-esta-dispuesto-apoyar-a-miles-de-docentes-activos-y-cesantes-de-iiee\/#primaryimage","url":"https:\/\/amautaenlinea.com\/blog\/wp-content\/uploads\/2026\/04\/Conozca-el-candidato-presidencial-que-esta-dispuesto-apoyar-a-miles-de-docentes-activos-y-cesantes-de-IIEE.png","contentUrl":"https:\/\/amautaenlinea.com\/blog\/wp-content\/uploads\/2026\/04\/Conozca-el-candidato-presidencial-que-esta-dispuesto-apoyar-a-miles-de-docentes-activos-y-cesantes-de-IIEE.png","width":1280,"height":720},{"@type":"BreadcrumbList","@id":"https:\/\/amautaenlinea.com\/blog\/conozca-el-candidato-presidencial-que-esta-dispuesto-apoyar-a-miles-de-docentes-activos-y-cesantes-de-iiee\/#breadcrumb","itemListElement":[{"@type":"ListItem","position":1,"name":"Portada","item":"https:\/\/amautaenlinea.com\/blog\/"},{"@type":"ListItem","position":2,"name":"Conozca el candidato presidencial que esta dispuesto apoyar a miles de docentes activos y cesantes de IIEE"}]},{"@type":"WebSite","@id":"https:\/\/amautaenlinea.com\/blog\/#website","url":"https:\/\/amautaenlinea.com\/blog\/","name":"Grupo AMAUTA","description":"","publisher":{"@id":"https:\/\/amautaenlinea.com\/blog\/#organization"},"potentialAction":[{"@type":"SearchAction","target":{"@type":"EntryPoint","urlTemplate":"https:\/\/amautaenlinea.com\/blog\/?s={search_term_string}"},"query-input":{"@type":"PropertyValueSpecification","valueRequired":true,"valueName":"search_term_string"}}],"inLanguage":"es"},{"@type":"Organization","@id":"https:\/\/amautaenlinea.com\/blog\/#organization","name":"Grupo AMAUTA E-BUSINESS","url":"https:\/\/amautaenlinea.com\/blog\/","logo":{"@type":"ImageObject","inLanguage":"es","@id":"https:\/\/amautaenlinea.com\/blog\/#\/schema\/logo\/image\/","url":"https:\/\/amautaenlinea.com\/blog\/wp-content\/uploads\/2023\/09\/logo-amauta.png","contentUrl":"https:\/\/amautaenlinea.com\/blog\/wp-content\/uploads\/2023\/09\/logo-amauta.png","width":1124,"height":368,"caption":"Grupo AMAUTA E-BUSINESS"},"image":{"@id":"https:\/\/amautaenlinea.com\/blog\/#\/schema\/logo\/image\/"},"sameAs":["https:\/\/www.facebook.com\/amautaperu.org\/"]},{"@type":"Person","@id":"https:\/\/amautaenlinea.com\/blog\/#\/schema\/person\/d8d4b5d672e9edb72a6f23fd40dd31d5","name":"Grupo AMAUTA EBUSINESS","image":{"@type":"ImageObject","inLanguage":"es","@id":"https:\/\/secure.gravatar.com\/avatar\/97706b54c222a710310e2db50e02e68de0a4c8bb76654bcc4053b08241c6bd6c?s=96&d=mm&r=g","url":"https:\/\/secure.gravatar.com\/avatar\/97706b54c222a710310e2db50e02e68de0a4c8bb76654bcc4053b08241c6bd6c?s=96&d=mm&r=g","contentUrl":"https:\/\/secure.gravatar.com\/avatar\/97706b54c222a710310e2db50e02e68de0a4c8bb76654bcc4053b08241c6bd6c?s=96&d=mm&r=g","caption":"Grupo AMAUTA EBUSINESS"}}]}},"_links":{"self":[{"href":"https:\/\/amautaenlinea.com\/blog\/wp-json\/wp\/v2\/posts\/18927","targetHints":{"allow":["GET"]}}],"collection":[{"href":"https:\/\/amautaenlinea.com\/blog\/wp-json\/wp\/v2\/posts"}],"about":[{"href":"https:\/\/amautaenlinea.com\/blog\/wp-json\/wp\/v2\/types\/post"}],"author":[{"embeddable":true,"href":"https:\/\/amautaenlinea.com\/blog\/wp-json\/wp\/v2\/users\/1"}],"replies":[{"embeddable":true,"href":"https:\/\/amautaenlinea.com\/blog\/wp-json\/wp\/v2\/comments?post=18927"}],"version-history":[{"count":1,"href":"https:\/\/amautaenlinea.com\/blog\/wp-json\/wp\/v2\/posts\/18927\/revisions"}],"predecessor-version":[{"id":18929,"href":"https:\/\/amautaenlinea.com\/blog\/wp-json\/wp\/v2\/posts\/18927\/revisions\/18929"}],"wp:featuredmedia":[{"embeddable":true,"href":"https:\/\/amautaenlinea.com\/blog\/wp-json\/wp\/v2\/media\/18928"}],"wp:attachment":[{"href":"https:\/\/amautaenlinea.com\/blog\/wp-json\/wp\/v2\/media?parent=18927"}],"wp:term":[{"taxonomy":"category","embeddable":true,"href":"https:\/\/amautaenlinea.com\/blog\/wp-json\/wp\/v2\/categories?post=18927"},{"taxonomy":"post_tag","embeddable":true,"href":"https:\/\/amautaenlinea.com\/blog\/wp-json\/wp\/v2\/tags?post=18927"}],"curies":[{"name":"wp","href":"https:\/\/api.w.org\/{rel}","templated":true}]}}