{"id":18631,"date":"2026-02-22T07:28:37","date_gmt":"2026-02-22T12:28:37","guid":{"rendered":"https:\/\/amautaenlinea.com\/blog\/?p=18631"},"modified":"2026-02-22T07:29:22","modified_gmt":"2026-02-22T12:29:22","slug":"mas-de-250-mil-docentes-de-15-regiones-amenazan-con-paralizar-el-inicio-del-ano-escolar-2026-atencion-docente","status":"publish","type":"post","link":"https:\/\/amautaenlinea.com\/blog\/mas-de-250-mil-docentes-de-15-regiones-amenazan-con-paralizar-el-inicio-del-ano-escolar-2026-atencion-docente\/","title":{"rendered":"M\u00e1s de 250 mil docentes de 15 regiones amenazan con paralizar el inicio del a\u00f1o escolar 2026 \u00a1ATENCI\u00d3N DOCENTE!"},"content":{"rendered":"<p>El paro nacional de 24 horas <strong>convocado para el 1 de abril de 2026 por FENATE Per\u00fa expone una crisis educativa que va m\u00e1s all\u00e1 de una protesta gremial. La medida, acordada tras la Asamblea Nacional del 24 y 25 de enero, involucra a m\u00e1s de 250,000 docentes de 15 regiones y amenaza con paralizar el inicio del a\u00f1o escolar.<\/strong> En el centro del conflicto aparecen deudas impagas, infraestructura en riesgo y un desgaste pol\u00edtico que el Estado no ha logrado encauzar.<\/p>\n<p>Seg\u00fan lo se\u00f1alado por la federaci\u00f3n, el detonante inmediato es el silencio del Ejecutivo frente a una deuda social que supera los S\/ 5,000 millones. A ello se suma un diagn\u00f3stico cr\u00edtico: el 70% de los colegios del pa\u00eds se encuentra en riesgo de colapso estructural, lo que afecta a cerca de 3 millones de estudiantes que asisten a locales declarados en emergencia. El paro del 1 de abril es presentado como un aviso previo a una huelga indefinida que podr\u00eda interrumpir el calendario escolar antes de su primer bimestre.<\/p>\n<p>Desde FENATE Per\u00fa se ha indicado que la fecha marca el l\u00edmite de la paciencia docente tras meses de negociaciones sin resultados concretos. Entre las principales demandas figura que el 5% del Presupuesto Institucional de Apertura regional se destine directamente al sector educaci\u00f3n, adem\u00e1s del nombramiento inmediato de docentes contratados cuyos ingresos permanecen estancados pese a la inflaci\u00f3n registrada en 2025. La federaci\u00f3n tambi\u00e9n exige la derogatoria de la Resoluci\u00f3n Viceministerial 035, a la que atribuye un retroceso de 20 a\u00f1os en derechos laborales.<\/p>\n<p>El deterioro de los locales escolares constituye uno de los ejes m\u00e1s sensibles del conflicto. FENATE Per\u00fa ha advertido que siete de cada diez instituciones requieren intervenci\u00f3n urgente para evitar tragedias, una situaci\u00f3n que, seg\u00fan el gremio, refleja abandono estatal sostenido. En ese contexto, la federaci\u00f3n ha vinculado el estado de las escuelas con el incremento del 12% en los \u00edndices de tuberculosis en zonas rurales durante el \u00faltimo a\u00f1o, afectando a menores desde los seis meses hasta los 16 a\u00f1os.<\/p>\n<p><strong>La amenaza de una huelga indefinida de hasta 60 d\u00edas se apoya tambi\u00e9n en la baja ejecuci\u00f3n presupuestal.<\/strong> De acuerdo con lo discutido en la asamblea, el Gobierno solo habr\u00eda ejecutado el 15% de los recursos destinados al pago de la deuda social en 2025. Los docentes exigen un cronograma que priorice a los mayores de 80 a\u00f1os y a quienes padecen enfermedades terminales, un reclamo que a\u00fan no obtiene respuesta formal.<\/p>\n<p>El calendario avanza hacia el 1 de abril sin se\u00f1ales claras de di\u00e1logo. Las decisiones que se adopten en las pr\u00f3ximas horas definir\u00e1n si el conflicto se encauza o si el sistema educativo enfrenta una paralizaci\u00f3n prolongada. Lo que est\u00e1 en juego no es solo una negociaci\u00f3n laboral, sino la sostenibilidad de un modelo educativo que, seg\u00fan los propios actores, opera al l\u00edmite desde hace a\u00f1os.<\/p>\n","protected":false},"excerpt":{"rendered":"<p>El paro nacional de 24 horas convocado para el 1 de abril de 2026 por FENATE Per\u00fa expone una crisis educativa que va m\u00e1s<\/p>\n","protected":false},"author":1,"featured_media":18632,"comment_status":"open","ping_status":"open","sticky":false,"template":"","format":"standard","meta":{"footnotes":""},"categories":[4],"tags":[3386],"class_list":["post-18631","post","type-post","status-publish","format-standard","has-post-thumbnail","hentry","category-educacion","tag-mas-de-250-mil-docentes-de-15-regiones-amenazan-con-paralizar-el-inicio-del-ano-escolar-2026"],"yoast_head":"<!-- This site is optimized with the Yoast SEO Premium plugin v21.2 (Yoast SEO v27.4) - https:\/\/yoast.com\/product\/yoast-seo-premium-wordpress\/ -->\n<title>\u25b7 M\u00e1s de 250 mil docentes de 15 regiones amenazan con paralizar el inicio del a\u00f1o escolar 2026 \u00a1ATENCI\u00d3N DOCENTE! \u2705<\/title>\n<meta name=\"description\" content=\"\u27a8 M\u00e1s de 250 mil docentes de 15 regiones amenazan con paralizar el inicio del a\u00f1o escolar 2026\" \/>\n<meta name=\"robots\" content=\"index, follow, max-snippet:-1, max-image-preview:large, max-video-preview:-1\" \/>\n<link rel=\"canonical\" href=\"https:\/\/amautaenlinea.com\/blog\/mas-de-250-mil-docentes-de-15-regiones-amenazan-con-paralizar-el-inicio-del-ano-escolar-2026-atencion-docente\/\" \/>\n<meta property=\"og:locale\" content=\"es_ES\" \/>\n<meta property=\"og:type\" content=\"article\" \/>\n<meta property=\"og:title\" content=\"M\u00e1s de 250 mil docentes de 15 regiones amenazan con paralizar el inicio del a\u00f1o escolar 2026 \u00a1ATENCI\u00d3N DOCENTE!\" \/>\n<meta property=\"og:description\" content=\"\u27a8 M\u00e1s de 250 mil docentes de 15 regiones amenazan con paralizar el inicio del a\u00f1o escolar 2026\" \/>\n<meta property=\"og:url\" content=\"https:\/\/amautaenlinea.com\/blog\/mas-de-250-mil-docentes-de-15-regiones-amenazan-con-paralizar-el-inicio-del-ano-escolar-2026-atencion-docente\/\" \/>\n<meta property=\"og:site_name\" content=\"Grupo AMAUTA\" \/>\n<meta property=\"article:publisher\" content=\"https:\/\/www.facebook.com\/amautaperu.org\/\" \/>\n<meta property=\"article:published_time\" content=\"2026-02-22T12:28:37+00:00\" \/>\n<meta property=\"article:modified_time\" content=\"2026-02-22T12:29:22+00:00\" \/>\n<meta property=\"og:image\" content=\"https:\/\/amautaenlinea.com\/blog\/wp-content\/uploads\/2026\/02\/Mas-de-250-mil-docentes-de-15-regiones-amenazan-con-paralizar-el-inicio-del-ano-escolar-2026.png\" \/>\n\t<meta property=\"og:image:width\" content=\"1280\" \/>\n\t<meta property=\"og:image:height\" content=\"720\" \/>\n\t<meta property=\"og:image:type\" content=\"image\/png\" \/>\n<meta name=\"author\" content=\"Grupo AMAUTA EBUSINESS\" \/>\n<meta name=\"twitter:card\" content=\"summary_large_image\" \/>\n<script type=\"application\/ld+json\" class=\"yoast-schema-graph\">{\"@context\":\"https:\\\/\\\/schema.org\",\"@graph\":[{\"@type\":\"Article\",\"@id\":\"https:\\\/\\\/amautaenlinea.com\\\/blog\\\/mas-de-250-mil-docentes-de-15-regiones-amenazan-con-paralizar-el-inicio-del-ano-escolar-2026-atencion-docente\\\/#article\",\"isPartOf\":{\"@id\":\"https:\\\/\\\/amautaenlinea.com\\\/blog\\\/mas-de-250-mil-docentes-de-15-regiones-amenazan-con-paralizar-el-inicio-del-ano-escolar-2026-atencion-docente\\\/\"},\"author\":{\"name\":\"Grupo AMAUTA EBUSINESS\",\"@id\":\"https:\\\/\\\/amautaenlinea.com\\\/blog\\\/#\\\/schema\\\/person\\\/d8d4b5d672e9edb72a6f23fd40dd31d5\"},\"headline\":\"M\u00e1s de 250 mil docentes de 15 regiones amenazan con paralizar el inicio del a\u00f1o escolar 2026 \u00a1ATENCI\u00d3N DOCENTE!\",\"datePublished\":\"2026-02-22T12:28:37+00:00\",\"dateModified\":\"2026-02-22T12:29:22+00:00\",\"mainEntityOfPage\":{\"@id\":\"https:\\\/\\\/amautaenlinea.com\\\/blog\\\/mas-de-250-mil-docentes-de-15-regiones-amenazan-con-paralizar-el-inicio-del-ano-escolar-2026-atencion-docente\\\/\"},\"wordCount\":513,\"commentCount\":0,\"publisher\":{\"@id\":\"https:\\\/\\\/amautaenlinea.com\\\/blog\\\/#organization\"},\"image\":{\"@id\":\"https:\\\/\\\/amautaenlinea.com\\\/blog\\\/mas-de-250-mil-docentes-de-15-regiones-amenazan-con-paralizar-el-inicio-del-ano-escolar-2026-atencion-docente\\\/#primaryimage\"},\"thumbnailUrl\":\"https:\\\/\\\/amautaenlinea.com\\\/blog\\\/wp-content\\\/uploads\\\/2026\\\/02\\\/Mas-de-250-mil-docentes-de-15-regiones-amenazan-con-paralizar-el-inicio-del-ano-escolar-2026.png\",\"keywords\":[\"M\u00e1s de 250 mil docentes de 15 regiones amenazan con paralizar el inicio del a\u00f1o escolar 2026\"],\"articleSection\":[\"Educaci\u00f3n\"],\"inLanguage\":\"es\",\"potentialAction\":[{\"@type\":\"CommentAction\",\"name\":\"Comment\",\"target\":[\"https:\\\/\\\/amautaenlinea.com\\\/blog\\\/mas-de-250-mil-docentes-de-15-regiones-amenazan-con-paralizar-el-inicio-del-ano-escolar-2026-atencion-docente\\\/#respond\"]}],\"copyrightYear\":\"2026\",\"copyrightHolder\":{\"@id\":\"https:\\\/\\\/amautaenlinea.com\\\/blog\\\/#organization\"}},{\"@type\":\"WebPage\",\"@id\":\"https:\\\/\\\/amautaenlinea.com\\\/blog\\\/mas-de-250-mil-docentes-de-15-regiones-amenazan-con-paralizar-el-inicio-del-ano-escolar-2026-atencion-docente\\\/\",\"url\":\"https:\\\/\\\/amautaenlinea.com\\\/blog\\\/mas-de-250-mil-docentes-de-15-regiones-amenazan-con-paralizar-el-inicio-del-ano-escolar-2026-atencion-docente\\\/\",\"name\":\"\u25b7 M\u00e1s de 250 mil docentes de 15 regiones amenazan con paralizar el inicio del a\u00f1o escolar 2026 \u00a1ATENCI\u00d3N DOCENTE! \u2705\",\"isPartOf\":{\"@id\":\"https:\\\/\\\/amautaenlinea.com\\\/blog\\\/#website\"},\"primaryImageOfPage\":{\"@id\":\"https:\\\/\\\/amautaenlinea.com\\\/blog\\\/mas-de-250-mil-docentes-de-15-regiones-amenazan-con-paralizar-el-inicio-del-ano-escolar-2026-atencion-docente\\\/#primaryimage\"},\"image\":{\"@id\":\"https:\\\/\\\/amautaenlinea.com\\\/blog\\\/mas-de-250-mil-docentes-de-15-regiones-amenazan-con-paralizar-el-inicio-del-ano-escolar-2026-atencion-docente\\\/#primaryimage\"},\"thumbnailUrl\":\"https:\\\/\\\/amautaenlinea.com\\\/blog\\\/wp-content\\\/uploads\\\/2026\\\/02\\\/Mas-de-250-mil-docentes-de-15-regiones-amenazan-con-paralizar-el-inicio-del-ano-escolar-2026.png\",\"datePublished\":\"2026-02-22T12:28:37+00:00\",\"dateModified\":\"2026-02-22T12:29:22+00:00\",\"description\":\"\u27a8 M\u00e1s de 250 mil docentes de 15 regiones amenazan con paralizar el inicio del a\u00f1o escolar 2026\",\"breadcrumb\":{\"@id\":\"https:\\\/\\\/amautaenlinea.com\\\/blog\\\/mas-de-250-mil-docentes-de-15-regiones-amenazan-con-paralizar-el-inicio-del-ano-escolar-2026-atencion-docente\\\/#breadcrumb\"},\"inLanguage\":\"es\",\"potentialAction\":[{\"@type\":\"ReadAction\",\"target\":[\"https:\\\/\\\/amautaenlinea.com\\\/blog\\\/mas-de-250-mil-docentes-de-15-regiones-amenazan-con-paralizar-el-inicio-del-ano-escolar-2026-atencion-docente\\\/\"]}]},{\"@type\":\"ImageObject\",\"inLanguage\":\"es\",\"@id\":\"https:\\\/\\\/amautaenlinea.com\\\/blog\\\/mas-de-250-mil-docentes-de-15-regiones-amenazan-con-paralizar-el-inicio-del-ano-escolar-2026-atencion-docente\\\/#primaryimage\",\"url\":\"https:\\\/\\\/amautaenlinea.com\\\/blog\\\/wp-content\\\/uploads\\\/2026\\\/02\\\/Mas-de-250-mil-docentes-de-15-regiones-amenazan-con-paralizar-el-inicio-del-ano-escolar-2026.png\",\"contentUrl\":\"https:\\\/\\\/amautaenlinea.com\\\/blog\\\/wp-content\\\/uploads\\\/2026\\\/02\\\/Mas-de-250-mil-docentes-de-15-regiones-amenazan-con-paralizar-el-inicio-del-ano-escolar-2026.png\",\"width\":1280,\"height\":720},{\"@type\":\"BreadcrumbList\",\"@id\":\"https:\\\/\\\/amautaenlinea.com\\\/blog\\\/mas-de-250-mil-docentes-de-15-regiones-amenazan-con-paralizar-el-inicio-del-ano-escolar-2026-atencion-docente\\\/#breadcrumb\",\"itemListElement\":[{\"@type\":\"ListItem\",\"position\":1,\"name\":\"Portada\",\"item\":\"https:\\\/\\\/amautaenlinea.com\\\/blog\\\/\"},{\"@type\":\"ListItem\",\"position\":2,\"name\":\"M\u00e1s de 250 mil docentes de 15 regiones amenazan con paralizar el inicio del a\u00f1o escolar 2026 \u00a1ATENCI\u00d3N DOCENTE!\"}]},{\"@type\":\"WebSite\",\"@id\":\"https:\\\/\\\/amautaenlinea.com\\\/blog\\\/#website\",\"url\":\"https:\\\/\\\/amautaenlinea.com\\\/blog\\\/\",\"name\":\"Grupo AMAUTA\",\"description\":\"\",\"publisher\":{\"@id\":\"https:\\\/\\\/amautaenlinea.com\\\/blog\\\/#organization\"},\"potentialAction\":[{\"@type\":\"SearchAction\",\"target\":{\"@type\":\"EntryPoint\",\"urlTemplate\":\"https:\\\/\\\/amautaenlinea.com\\\/blog\\\/?s={search_term_string}\"},\"query-input\":{\"@type\":\"PropertyValueSpecification\",\"valueRequired\":true,\"valueName\":\"search_term_string\"}}],\"inLanguage\":\"es\"},{\"@type\":\"Organization\",\"@id\":\"https:\\\/\\\/amautaenlinea.com\\\/blog\\\/#organization\",\"name\":\"Grupo AMAUTA E-BUSINESS\",\"url\":\"https:\\\/\\\/amautaenlinea.com\\\/blog\\\/\",\"logo\":{\"@type\":\"ImageObject\",\"inLanguage\":\"es\",\"@id\":\"https:\\\/\\\/amautaenlinea.com\\\/blog\\\/#\\\/schema\\\/logo\\\/image\\\/\",\"url\":\"https:\\\/\\\/amautaenlinea.com\\\/blog\\\/wp-content\\\/uploads\\\/2023\\\/09\\\/logo-amauta.png\",\"contentUrl\":\"https:\\\/\\\/amautaenlinea.com\\\/blog\\\/wp-content\\\/uploads\\\/2023\\\/09\\\/logo-amauta.png\",\"width\":1124,\"height\":368,\"caption\":\"Grupo AMAUTA E-BUSINESS\"},\"image\":{\"@id\":\"https:\\\/\\\/amautaenlinea.com\\\/blog\\\/#\\\/schema\\\/logo\\\/image\\\/\"},\"sameAs\":[\"https:\\\/\\\/www.facebook.com\\\/amautaperu.org\\\/\"]},{\"@type\":\"Person\",\"@id\":\"https:\\\/\\\/amautaenlinea.com\\\/blog\\\/#\\\/schema\\\/person\\\/d8d4b5d672e9edb72a6f23fd40dd31d5\",\"name\":\"Grupo AMAUTA EBUSINESS\",\"image\":{\"@type\":\"ImageObject\",\"inLanguage\":\"es\",\"@id\":\"https:\\\/\\\/secure.gravatar.com\\\/avatar\\\/97706b54c222a710310e2db50e02e68de0a4c8bb76654bcc4053b08241c6bd6c?s=96&d=mm&r=g\",\"url\":\"https:\\\/\\\/secure.gravatar.com\\\/avatar\\\/97706b54c222a710310e2db50e02e68de0a4c8bb76654bcc4053b08241c6bd6c?s=96&d=mm&r=g\",\"contentUrl\":\"https:\\\/\\\/secure.gravatar.com\\\/avatar\\\/97706b54c222a710310e2db50e02e68de0a4c8bb76654bcc4053b08241c6bd6c?s=96&d=mm&r=g\",\"caption\":\"Grupo AMAUTA EBUSINESS\"}}]}<\/script>\n<!-- \/ Yoast SEO Premium plugin. -->","yoast_head_json":{"title":"\u25b7 M\u00e1s de 250 mil docentes de 15 regiones amenazan con paralizar el inicio del a\u00f1o escolar 2026 \u00a1ATENCI\u00d3N DOCENTE! \u2705","description":"\u27a8 M\u00e1s de 250 mil docentes de 15 regiones amenazan con paralizar el inicio del a\u00f1o escolar 2026","robots":{"index":"index","follow":"follow","max-snippet":"max-snippet:-1","max-image-preview":"max-image-preview:large","max-video-preview":"max-video-preview:-1"},"canonical":"https:\/\/amautaenlinea.com\/blog\/mas-de-250-mil-docentes-de-15-regiones-amenazan-con-paralizar-el-inicio-del-ano-escolar-2026-atencion-docente\/","og_locale":"es_ES","og_type":"article","og_title":"M\u00e1s de 250 mil docentes de 15 regiones amenazan con paralizar el inicio del a\u00f1o escolar 2026 \u00a1ATENCI\u00d3N DOCENTE!","og_description":"\u27a8 M\u00e1s de 250 mil docentes de 15 regiones amenazan con paralizar el inicio del a\u00f1o escolar 2026","og_url":"https:\/\/amautaenlinea.com\/blog\/mas-de-250-mil-docentes-de-15-regiones-amenazan-con-paralizar-el-inicio-del-ano-escolar-2026-atencion-docente\/","og_site_name":"Grupo AMAUTA","article_publisher":"https:\/\/www.facebook.com\/amautaperu.org\/","article_published_time":"2026-02-22T12:28:37+00:00","article_modified_time":"2026-02-22T12:29:22+00:00","og_image":[{"width":1280,"height":720,"url":"https:\/\/amautaenlinea.com\/blog\/wp-content\/uploads\/2026\/02\/Mas-de-250-mil-docentes-de-15-regiones-amenazan-con-paralizar-el-inicio-del-ano-escolar-2026.png","type":"image\/png"}],"author":"Grupo AMAUTA EBUSINESS","twitter_card":"summary_large_image","schema":{"@context":"https:\/\/schema.org","@graph":[{"@type":"Article","@id":"https:\/\/amautaenlinea.com\/blog\/mas-de-250-mil-docentes-de-15-regiones-amenazan-con-paralizar-el-inicio-del-ano-escolar-2026-atencion-docente\/#article","isPartOf":{"@id":"https:\/\/amautaenlinea.com\/blog\/mas-de-250-mil-docentes-de-15-regiones-amenazan-con-paralizar-el-inicio-del-ano-escolar-2026-atencion-docente\/"},"author":{"name":"Grupo AMAUTA EBUSINESS","@id":"https:\/\/amautaenlinea.com\/blog\/#\/schema\/person\/d8d4b5d672e9edb72a6f23fd40dd31d5"},"headline":"M\u00e1s de 250 mil docentes de 15 regiones amenazan con paralizar el inicio del a\u00f1o escolar 2026 \u00a1ATENCI\u00d3N DOCENTE!","datePublished":"2026-02-22T12:28:37+00:00","dateModified":"2026-02-22T12:29:22+00:00","mainEntityOfPage":{"@id":"https:\/\/amautaenlinea.com\/blog\/mas-de-250-mil-docentes-de-15-regiones-amenazan-con-paralizar-el-inicio-del-ano-escolar-2026-atencion-docente\/"},"wordCount":513,"commentCount":0,"publisher":{"@id":"https:\/\/amautaenlinea.com\/blog\/#organization"},"image":{"@id":"https:\/\/amautaenlinea.com\/blog\/mas-de-250-mil-docentes-de-15-regiones-amenazan-con-paralizar-el-inicio-del-ano-escolar-2026-atencion-docente\/#primaryimage"},"thumbnailUrl":"https:\/\/amautaenlinea.com\/blog\/wp-content\/uploads\/2026\/02\/Mas-de-250-mil-docentes-de-15-regiones-amenazan-con-paralizar-el-inicio-del-ano-escolar-2026.png","keywords":["M\u00e1s de 250 mil docentes de 15 regiones amenazan con paralizar el inicio del a\u00f1o escolar 2026"],"articleSection":["Educaci\u00f3n"],"inLanguage":"es","potentialAction":[{"@type":"CommentAction","name":"Comment","target":["https:\/\/amautaenlinea.com\/blog\/mas-de-250-mil-docentes-de-15-regiones-amenazan-con-paralizar-el-inicio-del-ano-escolar-2026-atencion-docente\/#respond"]}],"copyrightYear":"2026","copyrightHolder":{"@id":"https:\/\/amautaenlinea.com\/blog\/#organization"}},{"@type":"WebPage","@id":"https:\/\/amautaenlinea.com\/blog\/mas-de-250-mil-docentes-de-15-regiones-amenazan-con-paralizar-el-inicio-del-ano-escolar-2026-atencion-docente\/","url":"https:\/\/amautaenlinea.com\/blog\/mas-de-250-mil-docentes-de-15-regiones-amenazan-con-paralizar-el-inicio-del-ano-escolar-2026-atencion-docente\/","name":"\u25b7 M\u00e1s de 250 mil docentes de 15 regiones amenazan con paralizar el inicio del a\u00f1o escolar 2026 \u00a1ATENCI\u00d3N DOCENTE! \u2705","isPartOf":{"@id":"https:\/\/amautaenlinea.com\/blog\/#website"},"primaryImageOfPage":{"@id":"https:\/\/amautaenlinea.com\/blog\/mas-de-250-mil-docentes-de-15-regiones-amenazan-con-paralizar-el-inicio-del-ano-escolar-2026-atencion-docente\/#primaryimage"},"image":{"@id":"https:\/\/amautaenlinea.com\/blog\/mas-de-250-mil-docentes-de-15-regiones-amenazan-con-paralizar-el-inicio-del-ano-escolar-2026-atencion-docente\/#primaryimage"},"thumbnailUrl":"https:\/\/amautaenlinea.com\/blog\/wp-content\/uploads\/2026\/02\/Mas-de-250-mil-docentes-de-15-regiones-amenazan-con-paralizar-el-inicio-del-ano-escolar-2026.png","datePublished":"2026-02-22T12:28:37+00:00","dateModified":"2026-02-22T12:29:22+00:00","description":"\u27a8 M\u00e1s de 250 mil docentes de 15 regiones amenazan con paralizar el inicio del a\u00f1o escolar 2026","breadcrumb":{"@id":"https:\/\/amautaenlinea.com\/blog\/mas-de-250-mil-docentes-de-15-regiones-amenazan-con-paralizar-el-inicio-del-ano-escolar-2026-atencion-docente\/#breadcrumb"},"inLanguage":"es","potentialAction":[{"@type":"ReadAction","target":["https:\/\/amautaenlinea.com\/blog\/mas-de-250-mil-docentes-de-15-regiones-amenazan-con-paralizar-el-inicio-del-ano-escolar-2026-atencion-docente\/"]}]},{"@type":"ImageObject","inLanguage":"es","@id":"https:\/\/amautaenlinea.com\/blog\/mas-de-250-mil-docentes-de-15-regiones-amenazan-con-paralizar-el-inicio-del-ano-escolar-2026-atencion-docente\/#primaryimage","url":"https:\/\/amautaenlinea.com\/blog\/wp-content\/uploads\/2026\/02\/Mas-de-250-mil-docentes-de-15-regiones-amenazan-con-paralizar-el-inicio-del-ano-escolar-2026.png","contentUrl":"https:\/\/amautaenlinea.com\/blog\/wp-content\/uploads\/2026\/02\/Mas-de-250-mil-docentes-de-15-regiones-amenazan-con-paralizar-el-inicio-del-ano-escolar-2026.png","width":1280,"height":720},{"@type":"BreadcrumbList","@id":"https:\/\/amautaenlinea.com\/blog\/mas-de-250-mil-docentes-de-15-regiones-amenazan-con-paralizar-el-inicio-del-ano-escolar-2026-atencion-docente\/#breadcrumb","itemListElement":[{"@type":"ListItem","position":1,"name":"Portada","item":"https:\/\/amautaenlinea.com\/blog\/"},{"@type":"ListItem","position":2,"name":"M\u00e1s de 250 mil docentes de 15 regiones amenazan con paralizar el inicio del a\u00f1o escolar 2026 \u00a1ATENCI\u00d3N DOCENTE!"}]},{"@type":"WebSite","@id":"https:\/\/amautaenlinea.com\/blog\/#website","url":"https:\/\/amautaenlinea.com\/blog\/","name":"Grupo AMAUTA","description":"","publisher":{"@id":"https:\/\/amautaenlinea.com\/blog\/#organization"},"potentialAction":[{"@type":"SearchAction","target":{"@type":"EntryPoint","urlTemplate":"https:\/\/amautaenlinea.com\/blog\/?s={search_term_string}"},"query-input":{"@type":"PropertyValueSpecification","valueRequired":true,"valueName":"search_term_string"}}],"inLanguage":"es"},{"@type":"Organization","@id":"https:\/\/amautaenlinea.com\/blog\/#organization","name":"Grupo AMAUTA E-BUSINESS","url":"https:\/\/amautaenlinea.com\/blog\/","logo":{"@type":"ImageObject","inLanguage":"es","@id":"https:\/\/amautaenlinea.com\/blog\/#\/schema\/logo\/image\/","url":"https:\/\/amautaenlinea.com\/blog\/wp-content\/uploads\/2023\/09\/logo-amauta.png","contentUrl":"https:\/\/amautaenlinea.com\/blog\/wp-content\/uploads\/2023\/09\/logo-amauta.png","width":1124,"height":368,"caption":"Grupo AMAUTA E-BUSINESS"},"image":{"@id":"https:\/\/amautaenlinea.com\/blog\/#\/schema\/logo\/image\/"},"sameAs":["https:\/\/www.facebook.com\/amautaperu.org\/"]},{"@type":"Person","@id":"https:\/\/amautaenlinea.com\/blog\/#\/schema\/person\/d8d4b5d672e9edb72a6f23fd40dd31d5","name":"Grupo AMAUTA EBUSINESS","image":{"@type":"ImageObject","inLanguage":"es","@id":"https:\/\/secure.gravatar.com\/avatar\/97706b54c222a710310e2db50e02e68de0a4c8bb76654bcc4053b08241c6bd6c?s=96&d=mm&r=g","url":"https:\/\/secure.gravatar.com\/avatar\/97706b54c222a710310e2db50e02e68de0a4c8bb76654bcc4053b08241c6bd6c?s=96&d=mm&r=g","contentUrl":"https:\/\/secure.gravatar.com\/avatar\/97706b54c222a710310e2db50e02e68de0a4c8bb76654bcc4053b08241c6bd6c?s=96&d=mm&r=g","caption":"Grupo AMAUTA EBUSINESS"}}]}},"_links":{"self":[{"href":"https:\/\/amautaenlinea.com\/blog\/wp-json\/wp\/v2\/posts\/18631","targetHints":{"allow":["GET"]}}],"collection":[{"href":"https:\/\/amautaenlinea.com\/blog\/wp-json\/wp\/v2\/posts"}],"about":[{"href":"https:\/\/amautaenlinea.com\/blog\/wp-json\/wp\/v2\/types\/post"}],"author":[{"embeddable":true,"href":"https:\/\/amautaenlinea.com\/blog\/wp-json\/wp\/v2\/users\/1"}],"replies":[{"embeddable":true,"href":"https:\/\/amautaenlinea.com\/blog\/wp-json\/wp\/v2\/comments?post=18631"}],"version-history":[{"count":2,"href":"https:\/\/amautaenlinea.com\/blog\/wp-json\/wp\/v2\/posts\/18631\/revisions"}],"predecessor-version":[{"id":18634,"href":"https:\/\/amautaenlinea.com\/blog\/wp-json\/wp\/v2\/posts\/18631\/revisions\/18634"}],"wp:featuredmedia":[{"embeddable":true,"href":"https:\/\/amautaenlinea.com\/blog\/wp-json\/wp\/v2\/media\/18632"}],"wp:attachment":[{"href":"https:\/\/amautaenlinea.com\/blog\/wp-json\/wp\/v2\/media?parent=18631"}],"wp:term":[{"taxonomy":"category","embeddable":true,"href":"https:\/\/amautaenlinea.com\/blog\/wp-json\/wp\/v2\/categories?post=18631"},{"taxonomy":"post_tag","embeddable":true,"href":"https:\/\/amautaenlinea.com\/blog\/wp-json\/wp\/v2\/tags?post=18631"}],"curies":[{"name":"wp","href":"https:\/\/api.w.org\/{rel}","templated":true}]}}