{"id":18506,"date":"2026-01-31T07:00:58","date_gmt":"2026-01-31T12:00:58","guid":{"rendered":"https:\/\/amautaenlinea.com\/blog\/?p=18506"},"modified":"2026-01-31T07:00:58","modified_gmt":"2026-01-31T12:00:58","slug":"crecer-2026-la-estrategia-del-minedu-para-que-estudiantes-con-atraso-escolar-avancen-2-grados-en-un-ano-y-recuperen-su-trayectoria-educativa","status":"publish","type":"post","link":"https:\/\/amautaenlinea.com\/blog\/crecer-2026-la-estrategia-del-minedu-para-que-estudiantes-con-atraso-escolar-avancen-2-grados-en-un-ano-y-recuperen-su-trayectoria-educativa\/","title":{"rendered":"Crecer 2026: la estrategia del MINEDU para que estudiantes con atraso escolar avancen 2 grados en un a\u00f1o y recuperen su trayectoria educativa"},"content":{"rendered":"<p data-start=\"324\" data-end=\"540\">La norma <strong data-start=\"333\" data-end=\"396\">busca garantizar la continuidad de la trayectoria educativa<\/strong> atendiendo a estudiantes con atraso escolar en primaria y secundaria en IIEE p\u00fablicas (urbano y rural).<\/p>\n<p data-start=\"324\" data-end=\"540\">La Estrategia Crecer se implementa con enfoque de <strong data-start=\"593\" data-end=\"624\">aceleraci\u00f3n del aprendizaje<\/strong> y se plantea que el estudiante pueda <strong data-start=\"662\" data-end=\"716\">avanzar y promocionar dos grados en un a\u00f1o escolar<\/strong>, para volver a una trayectoria acorde a su edad.<\/p>\n<p data-start=\"324\" data-end=\"540\">Es una intervenci\u00f3n <strong data-start=\"828\" data-end=\"840\">temporal<\/strong>: hasta <strong data-start=\"848\" data-end=\"858\">2 a\u00f1os<\/strong> y <strong data-start=\"861\" data-end=\"897\">excepcionalmente 1 a\u00f1o adicional<\/strong>.<\/p>\n<h2 data-start=\"324\" data-end=\"540\">P\u00fablico objetivo y en qu\u00e9 servicios<\/h2>\n<p data-start=\"324\" data-end=\"540\">En primaria: estudiantes con atraso escolar de <strong data-start=\"1051\" data-end=\"1064\">2.\u00b0 a 5.\u00b0<\/strong> (10 a 13 a\u00f1os) y tambi\u00e9n poblaci\u00f3n 10\u201313 que <strong data-start=\"1110\" data-end=\"1137\">ingresa por primera vez<\/strong> al sistema.<\/p>\n<p data-start=\"324\" data-end=\"540\">En secundaria: atiende estudiantes (por edad\/grado) en combinaciones que van de <strong data-start=\"1272\" data-end=\"1288\">14 a 18 a\u00f1os<\/strong> (1.\u00b0 a 4.\u00b0), incluyendo reincorporaci\u00f3n.<\/p>\n<p data-start=\"324\" data-end=\"540\">Para secundaria, considera IIEE de <strong data-start=\"1407\" data-end=\"1419\">JER, JEC<\/strong> y modelos como <strong data-start=\"1435\" data-end=\"1512\">Secundaria Tutorial, Alternancia, Residencia Estudiantil y Secundaria EIB<\/strong><\/p>\n<h2 data-start=\"324\" data-end=\"540\">\u201cAula Crecer\u201d: c\u00f3mo opera la estrategia dentro de la IE<\/h2>\n<p data-start=\"324\" data-end=\"540\">El Aula Crecer agrupa estudiantes de distintos grados (seg\u00fan nivel) y concentra acciones <strong data-start=\"1708\" data-end=\"1748\">pedag\u00f3gicas, de gesti\u00f3n y de soporte<\/strong> en el territorio (UGEL\/DRE).<\/p>\n<p data-start=\"324\" data-end=\"540\">En secundaria, la planificaci\u00f3n del a\u00f1o se organiza en <strong data-start=\"1875\" data-end=\"1891\">dos periodos<\/strong>: cada periodo equivale a un grado; el equipo docente define los periodos para <strong data-start=\"1970\" data-end=\"2005\">planificar y reportar en SIAGIE<\/strong>.<\/p>\n<p data-start=\"324\" data-end=\"540\">Referencia operativa clave (secundaria): por periodo se consideran <strong data-start=\"2116\" data-end=\"2168\">35 h de actividades escolares + 15 h de refuerzo<\/strong>, con <strong data-start=\"2174\" data-end=\"2200\">18 semanas por periodo<\/strong> (36 semanas total).<\/p>\n<p data-start=\"324\" data-end=\"540\">Si al cerrar un periodo el estudiante requiere <strong data-start=\"2310\" data-end=\"2337\">recuperaci\u00f3n pedag\u00f3gica<\/strong>, se realiza en las <strong data-start=\"2357\" data-end=\"2381\">2 semanas siguientes<\/strong> a ese periodo<\/p>\n<h2 data-start=\"324\" data-end=\"540\">Qu\u00e9 se espera en aula<\/h2>\n<p>El enfoque de aceleraci\u00f3n permite avanzar competencias de <strong data-start=\"2547\" data-end=\"2571\">dos grados en un a\u00f1o<\/strong>, combinando estrategias, recursos y materiales pertinentes seg\u00fan necesidades identificadas.<\/p>\n<p>Rasgos did\u00e1cticos que la norma enfatiza: pensamiento cr\u00edtico y flexible, aprendizaje aut\u00f3nomo y colaborativo, y <strong data-start=\"2820\" data-end=\"2840\">grupos flexibles<\/strong> para acompa\u00f1amiento\/retroalimentaci\u00f3n oportuna.<\/p>\n<p>Se prioriza el desarrollo de competencias del CNEB con \u00e9nfasis en <strong data-start=\"2999\" data-end=\"3028\">Comunicaci\u00f3n y Matem\u00e1tica<\/strong> (habilitadoras), y con soporte socioemocional que impacta aprendizajes.<\/p>\n<h2>Implicancias docentes<\/h2>\n<p>Perfil\/rol del docente del Aula Crecer: gu\u00eda ense\u00f1anza-aprendizaje con metodolog\u00edas de <strong data-start=\"3342\" data-end=\"3380\">atenci\u00f3n simult\u00e1nea y diferenciada<\/strong>, considerando niveles de aprendizaje y grados del estudiante; promueve involucramiento activo y <strong data-start=\"3477\" data-end=\"3499\">altas expectativas<\/strong>.<\/p>\n<p>En el desarrollo (secundaria), se enfatiza: atenci\u00f3n diferenciada, trato respetuoso, valoraci\u00f3n del error como oportunidad, actividades de indagaci\u00f3n\/resoluci\u00f3n de problemas\/lectura, trabajo colaborativo y retroalimentaci\u00f3n.<\/p>\n<p>Inclusi\u00f3n y pertinencia: apoyos educativos\/adaptaciones cuando se requiera; en EIB se refuerza desarrollo de competencias en lengua materna y segunda lengua.<\/p>\n<p>Evaluaci\u00f3n formativa: identificar avances\/dificultades para retroalimentar; se sugiere uso de <strong data-start=\"4110\" data-end=\"4153\">r\u00fabricas, portafolio, registro auxiliar<\/strong> e informes de progreso al cierre de periodo<\/p>\n<h2>Promoci\u00f3n, evaluaci\u00f3n y su \u201cexcepci\u00f3n\u201d normativa<\/h2>\n<p>La norma define la <strong data-start=\"4318\" data-end=\"4363\">promoci\u00f3n de dos grados en un a\u00f1o escolar<\/strong> y aclara que en secundaria se logra cuando el estudiante alcanza competencias en <strong data-start=\"4445\" data-end=\"4461\">cada periodo<\/strong> establecido.<\/p>\n<p>Esta promoci\u00f3n de dos grados es una <strong data-start=\"4555\" data-end=\"4568\">excepci\u00f3n<\/strong> a la regla de promoci\u00f3n \u201cun grado por a\u00f1o escolar\u201d de la norma de evaluaci\u00f3n por competencias<\/p>\n<h2>Condiciones m\u00ednimas para implementar<\/h2>\n<p>Condiciones para implementar: <strong data-start=\"4811\" data-end=\"4839\">espacio f\u00edsico accesible<\/strong>, <strong data-start=\"4841\" data-end=\"4874\">acta\/consentimiento del CONEI<\/strong>, y <strong data-start=\"4878\" data-end=\"4895\">plaza docente<\/strong> (reubicaci\u00f3n por racionalizaci\u00f3n o financiamiento seg\u00fan disponibilidad).<\/p>\n<p>En primaria: <strong data-start=\"5026\" data-end=\"5053\">1 plaza por Aula Crecer<\/strong>; en secundaria: se atiende seg\u00fan plan de estudios con <strong data-start=\"5108\" data-end=\"5135\">plazas o bolsa de horas<\/strong> necesarias.<\/p>\n<h2>Matr\u00edcula, traslados y SIAGIE (puntos cr\u00edticos de gesti\u00f3n escolar)<\/h2>\n<p>En IIEE donde se implementa Crecer, <strong data-start=\"5578\" data-end=\"5614\">no se aplica prueba de ubicaci\u00f3n<\/strong> para estudiantes 10\u201313 que no se incorporaron al sistema peruano y est\u00e1n con atraso; el director es responsable de la matr\u00edcula seg\u00fan primer ingreso\/continuidad\/reingreso.<\/p>\n<p>Los beneficiarios se <strong data-start=\"5852\" data-end=\"5880\">matriculan en dos grados<\/strong> (primaria) para posterior certificaci\u00f3n.<\/p>\n<p>Traslados: el estudiante puede continuar el beneficio <strong data-start=\"6020\" data-end=\"6031\">solo si<\/strong> la IE de destino implementa Aula Crecer; si se traslada a zona sin Aula Crecer, la IE destino lo matr\u00edcula en el \u201cgrado dos\u201d (ej.: de 3.\u00b0\/4.\u00b0 pasa a 4.\u00b0).<\/p>\n<p>Secundaria: se precisa edad de matr\u00edcula por \u201caulas\u201d (1.\u00b0\/2.\u00b0, 2.\u00b0\/3.\u00b0, etc.)<\/p>\n<p>SIAGIE (secundaria): se habilita registro en <strong data-start=\"6399\" data-end=\"6415\">dos periodos<\/strong>; el director registra matr\u00edcula en los dos grados y niveles de logro al final de cada periodo (y conclusiones descriptivas cuando corresponda).<\/p>\n<h2 data-start=\"6603\" data-end=\"6660\">Seguimiento y evaluaci\u00f3n: control de implementaci\u00f3n<\/h2>\n<p data-start=\"6663\" data-end=\"6897\">El Minedu facilita una <strong data-start=\"6686\" data-end=\"6711\">matriz de indicadores<\/strong> (resultados\/productos\/actividades) y se recoge informaci\u00f3n sistem\u00e1tica con equipos DRE\/UGEL para mejorar procesos y medir cumplimiento\/impacto.<\/p>\n<h2 data-start=\"6663\" data-end=\"6897\">Responsabilidades clave por nivel<\/h2>\n<p>DRE: conforma equipo t\u00e9cnico, apoya focalizaci\u00f3n, brinda asistencia t\u00e9cnica a UGEL, gestiona convenios\/aliados, genera condiciones, supervisa normativa y hace seguimiento; adem\u00e1s comunica RD de autorizaci\u00f3n\/ampliaci\u00f3n\/cierre.<\/p>\n<p>UGEL: garantiza condiciones (Aula + plaza), desarrolla competencias docentes, promueve buenas pr\u00e1cticas, <strong data-start=\"7348\" data-end=\"7374\">autoriza\/ampl\u00eda\/cierra<\/strong> y supervisa\/monitorea la implementaci\u00f3n.<\/p>\n<p>IE: difunde a la comunidad educativa, genera condiciones para continuidad, gestiona alianzas, solicita autorizaci\u00f3n, planifica\/organiza\/desarrolla\/eval\u00faa el Aula Crecer, registra en SIAGIE, monitorea y adapta materiales; comunica a familias ampliaci\u00f3n\/cierre.<\/p>\n<h2 class=\"not-prose mt-0! mb-0! flex-auto truncate\">Ampliaci\u00f3n o cierre de la estrategia<\/h2>\n<p>Si la IE solicita ampliaci\u00f3n, debe considerar que el estudiante es beneficiario <strong data-start=\"7916\" data-end=\"7939\">m\u00e1ximo por dos a\u00f1os<\/strong>; el director coordina con comit\u00e9s y presenta formato y sustentos; UGEL emite RD. Si se cierra, UGEL concluye mediante RD y las plazas asignadas se reubican.<\/p>\n<h2><a href=\"https:\/\/cdn.www.gob.pe\/uploads\/document\/file\/9364682\/7676266-rvm-n-015-2026-minedu.pdf?v=1769779814\">DESCARGUE AQU\u00cd LOS ANEXOS Y PRECISIONES DE LA ESTRATEGIA CRECER 2026<\/a><\/h2>\n<p>&nbsp;<\/p>\n<p>&nbsp;<\/p>\n","protected":false},"excerpt":{"rendered":"<p>La norma busca garantizar la continuidad de la trayectoria educativa atendiendo a estudiantes con atraso escolar en primaria y secundaria en IIEE p\u00fablicas (urbano<\/p>\n","protected":false},"author":1,"featured_media":18508,"comment_status":"open","ping_status":"open","sticky":false,"template":"","format":"standard","meta":{"footnotes":""},"categories":[4],"tags":[3355],"class_list":["post-18506","post","type-post","status-publish","format-standard","has-post-thumbnail","hentry","category-educacion","tag-crecer-2026-la-estrategia-del-minedu-para-que-estudiantes-con-atraso-escolar-avancen-2-grados-en-un-ano-y-recuperen-su-trayectoria-educativa"],"yoast_head":"<!-- This site is optimized with the Yoast SEO Premium plugin v21.2 (Yoast SEO v27.4) - https:\/\/yoast.com\/product\/yoast-seo-premium-wordpress\/ -->\n<title>\u25b7 Crecer 2026: la estrategia del MINEDU para que estudiantes con atraso escolar avancen 2 grados en un a\u00f1o y recuperen su trayectoria educativa \u2705<\/title>\n<meta name=\"description\" content=\"\u27a8 Crecer 2026 la estrategia del MINEDU para que estudiantes con atraso escolar avancen 2 grados en un a\u00f1o y recuperen su trayectoria educativa\" \/>\n<meta name=\"robots\" content=\"index, follow, max-snippet:-1, max-image-preview:large, max-video-preview:-1\" \/>\n<link rel=\"canonical\" href=\"https:\/\/amautaenlinea.com\/blog\/crecer-2026-la-estrategia-del-minedu-para-que-estudiantes-con-atraso-escolar-avancen-2-grados-en-un-ano-y-recuperen-su-trayectoria-educativa\/\" \/>\n<meta property=\"og:locale\" content=\"es_ES\" \/>\n<meta property=\"og:type\" content=\"article\" \/>\n<meta property=\"og:title\" content=\"Crecer 2026: la estrategia del MINEDU para que estudiantes con atraso escolar avancen 2 grados en un a\u00f1o y recuperen su trayectoria educativa\" \/>\n<meta property=\"og:description\" content=\"\u27a8 Crecer 2026 la estrategia del MINEDU para que estudiantes con atraso escolar avancen 2 grados en un a\u00f1o y recuperen su trayectoria educativa\" \/>\n<meta property=\"og:url\" content=\"https:\/\/amautaenlinea.com\/blog\/crecer-2026-la-estrategia-del-minedu-para-que-estudiantes-con-atraso-escolar-avancen-2-grados-en-un-ano-y-recuperen-su-trayectoria-educativa\/\" \/>\n<meta property=\"og:site_name\" content=\"Grupo AMAUTA\" \/>\n<meta property=\"article:publisher\" content=\"https:\/\/www.facebook.com\/amautaperu.org\/\" \/>\n<meta property=\"article:published_time\" content=\"2026-01-31T12:00:58+00:00\" \/>\n<meta property=\"og:image\" content=\"https:\/\/amautaenlinea.com\/blog\/wp-content\/uploads\/2026\/01\/Crecer-2026-la-estrategia-del-MINEDU-para-que-estudiantes-con-atraso-escolar-avancen-2-grados-en-un-ano-y-recuperen-su-trayectoria-educativa.png\" \/>\n\t<meta property=\"og:image:width\" content=\"1280\" \/>\n\t<meta property=\"og:image:height\" content=\"720\" \/>\n\t<meta property=\"og:image:type\" content=\"image\/png\" \/>\n<meta name=\"author\" content=\"Grupo AMAUTA EBUSINESS\" \/>\n<meta name=\"twitter:card\" content=\"summary_large_image\" \/>\n<script type=\"application\/ld+json\" class=\"yoast-schema-graph\">{\"@context\":\"https:\\\/\\\/schema.org\",\"@graph\":[{\"@type\":\"Article\",\"@id\":\"https:\\\/\\\/amautaenlinea.com\\\/blog\\\/crecer-2026-la-estrategia-del-minedu-para-que-estudiantes-con-atraso-escolar-avancen-2-grados-en-un-ano-y-recuperen-su-trayectoria-educativa\\\/#article\",\"isPartOf\":{\"@id\":\"https:\\\/\\\/amautaenlinea.com\\\/blog\\\/crecer-2026-la-estrategia-del-minedu-para-que-estudiantes-con-atraso-escolar-avancen-2-grados-en-un-ano-y-recuperen-su-trayectoria-educativa\\\/\"},\"author\":{\"name\":\"Grupo AMAUTA EBUSINESS\",\"@id\":\"https:\\\/\\\/amautaenlinea.com\\\/blog\\\/#\\\/schema\\\/person\\\/d8d4b5d672e9edb72a6f23fd40dd31d5\"},\"headline\":\"Crecer 2026: la estrategia del MINEDU para que estudiantes con atraso escolar avancen 2 grados en un a\u00f1o y recuperen su trayectoria educativa\",\"datePublished\":\"2026-01-31T12:00:58+00:00\",\"mainEntityOfPage\":{\"@id\":\"https:\\\/\\\/amautaenlinea.com\\\/blog\\\/crecer-2026-la-estrategia-del-minedu-para-que-estudiantes-con-atraso-escolar-avancen-2-grados-en-un-ano-y-recuperen-su-trayectoria-educativa\\\/\"},\"wordCount\":935,\"commentCount\":0,\"publisher\":{\"@id\":\"https:\\\/\\\/amautaenlinea.com\\\/blog\\\/#organization\"},\"image\":{\"@id\":\"https:\\\/\\\/amautaenlinea.com\\\/blog\\\/crecer-2026-la-estrategia-del-minedu-para-que-estudiantes-con-atraso-escolar-avancen-2-grados-en-un-ano-y-recuperen-su-trayectoria-educativa\\\/#primaryimage\"},\"thumbnailUrl\":\"https:\\\/\\\/amautaenlinea.com\\\/blog\\\/wp-content\\\/uploads\\\/2026\\\/01\\\/Crecer-2026-la-estrategia-del-MINEDU-para-que-estudiantes-con-atraso-escolar-avancen-2-grados-en-un-ano-y-recuperen-su-trayectoria-educativa.png\",\"keywords\":[\"Crecer 2026 la estrategia del MINEDU para que estudiantes con atraso escolar avancen 2 grados en un a\u00f1o y recuperen su trayectoria educativa\"],\"articleSection\":[\"Educaci\u00f3n\"],\"inLanguage\":\"es\",\"potentialAction\":[{\"@type\":\"CommentAction\",\"name\":\"Comment\",\"target\":[\"https:\\\/\\\/amautaenlinea.com\\\/blog\\\/crecer-2026-la-estrategia-del-minedu-para-que-estudiantes-con-atraso-escolar-avancen-2-grados-en-un-ano-y-recuperen-su-trayectoria-educativa\\\/#respond\"]}],\"copyrightYear\":\"2026\",\"copyrightHolder\":{\"@id\":\"https:\\\/\\\/amautaenlinea.com\\\/blog\\\/#organization\"}},{\"@type\":\"WebPage\",\"@id\":\"https:\\\/\\\/amautaenlinea.com\\\/blog\\\/crecer-2026-la-estrategia-del-minedu-para-que-estudiantes-con-atraso-escolar-avancen-2-grados-en-un-ano-y-recuperen-su-trayectoria-educativa\\\/\",\"url\":\"https:\\\/\\\/amautaenlinea.com\\\/blog\\\/crecer-2026-la-estrategia-del-minedu-para-que-estudiantes-con-atraso-escolar-avancen-2-grados-en-un-ano-y-recuperen-su-trayectoria-educativa\\\/\",\"name\":\"\u25b7 Crecer 2026: la estrategia del MINEDU para que estudiantes con atraso escolar avancen 2 grados en un a\u00f1o y recuperen su trayectoria educativa \u2705\",\"isPartOf\":{\"@id\":\"https:\\\/\\\/amautaenlinea.com\\\/blog\\\/#website\"},\"primaryImageOfPage\":{\"@id\":\"https:\\\/\\\/amautaenlinea.com\\\/blog\\\/crecer-2026-la-estrategia-del-minedu-para-que-estudiantes-con-atraso-escolar-avancen-2-grados-en-un-ano-y-recuperen-su-trayectoria-educativa\\\/#primaryimage\"},\"image\":{\"@id\":\"https:\\\/\\\/amautaenlinea.com\\\/blog\\\/crecer-2026-la-estrategia-del-minedu-para-que-estudiantes-con-atraso-escolar-avancen-2-grados-en-un-ano-y-recuperen-su-trayectoria-educativa\\\/#primaryimage\"},\"thumbnailUrl\":\"https:\\\/\\\/amautaenlinea.com\\\/blog\\\/wp-content\\\/uploads\\\/2026\\\/01\\\/Crecer-2026-la-estrategia-del-MINEDU-para-que-estudiantes-con-atraso-escolar-avancen-2-grados-en-un-ano-y-recuperen-su-trayectoria-educativa.png\",\"datePublished\":\"2026-01-31T12:00:58+00:00\",\"description\":\"\u27a8 Crecer 2026 la estrategia del MINEDU para que estudiantes con atraso escolar avancen 2 grados en un a\u00f1o y recuperen su trayectoria educativa\",\"breadcrumb\":{\"@id\":\"https:\\\/\\\/amautaenlinea.com\\\/blog\\\/crecer-2026-la-estrategia-del-minedu-para-que-estudiantes-con-atraso-escolar-avancen-2-grados-en-un-ano-y-recuperen-su-trayectoria-educativa\\\/#breadcrumb\"},\"inLanguage\":\"es\",\"potentialAction\":[{\"@type\":\"ReadAction\",\"target\":[\"https:\\\/\\\/amautaenlinea.com\\\/blog\\\/crecer-2026-la-estrategia-del-minedu-para-que-estudiantes-con-atraso-escolar-avancen-2-grados-en-un-ano-y-recuperen-su-trayectoria-educativa\\\/\"]}]},{\"@type\":\"ImageObject\",\"inLanguage\":\"es\",\"@id\":\"https:\\\/\\\/amautaenlinea.com\\\/blog\\\/crecer-2026-la-estrategia-del-minedu-para-que-estudiantes-con-atraso-escolar-avancen-2-grados-en-un-ano-y-recuperen-su-trayectoria-educativa\\\/#primaryimage\",\"url\":\"https:\\\/\\\/amautaenlinea.com\\\/blog\\\/wp-content\\\/uploads\\\/2026\\\/01\\\/Crecer-2026-la-estrategia-del-MINEDU-para-que-estudiantes-con-atraso-escolar-avancen-2-grados-en-un-ano-y-recuperen-su-trayectoria-educativa.png\",\"contentUrl\":\"https:\\\/\\\/amautaenlinea.com\\\/blog\\\/wp-content\\\/uploads\\\/2026\\\/01\\\/Crecer-2026-la-estrategia-del-MINEDU-para-que-estudiantes-con-atraso-escolar-avancen-2-grados-en-un-ano-y-recuperen-su-trayectoria-educativa.png\",\"width\":1280,\"height\":720},{\"@type\":\"BreadcrumbList\",\"@id\":\"https:\\\/\\\/amautaenlinea.com\\\/blog\\\/crecer-2026-la-estrategia-del-minedu-para-que-estudiantes-con-atraso-escolar-avancen-2-grados-en-un-ano-y-recuperen-su-trayectoria-educativa\\\/#breadcrumb\",\"itemListElement\":[{\"@type\":\"ListItem\",\"position\":1,\"name\":\"Portada\",\"item\":\"https:\\\/\\\/amautaenlinea.com\\\/blog\\\/\"},{\"@type\":\"ListItem\",\"position\":2,\"name\":\"Crecer 2026: la estrategia del MINEDU para que estudiantes con atraso escolar avancen 2 grados en un a\u00f1o y recuperen su trayectoria educativa\"}]},{\"@type\":\"WebSite\",\"@id\":\"https:\\\/\\\/amautaenlinea.com\\\/blog\\\/#website\",\"url\":\"https:\\\/\\\/amautaenlinea.com\\\/blog\\\/\",\"name\":\"Grupo AMAUTA\",\"description\":\"\",\"publisher\":{\"@id\":\"https:\\\/\\\/amautaenlinea.com\\\/blog\\\/#organization\"},\"potentialAction\":[{\"@type\":\"SearchAction\",\"target\":{\"@type\":\"EntryPoint\",\"urlTemplate\":\"https:\\\/\\\/amautaenlinea.com\\\/blog\\\/?s={search_term_string}\"},\"query-input\":{\"@type\":\"PropertyValueSpecification\",\"valueRequired\":true,\"valueName\":\"search_term_string\"}}],\"inLanguage\":\"es\"},{\"@type\":\"Organization\",\"@id\":\"https:\\\/\\\/amautaenlinea.com\\\/blog\\\/#organization\",\"name\":\"Grupo AMAUTA E-BUSINESS\",\"url\":\"https:\\\/\\\/amautaenlinea.com\\\/blog\\\/\",\"logo\":{\"@type\":\"ImageObject\",\"inLanguage\":\"es\",\"@id\":\"https:\\\/\\\/amautaenlinea.com\\\/blog\\\/#\\\/schema\\\/logo\\\/image\\\/\",\"url\":\"https:\\\/\\\/amautaenlinea.com\\\/blog\\\/wp-content\\\/uploads\\\/2023\\\/09\\\/logo-amauta.png\",\"contentUrl\":\"https:\\\/\\\/amautaenlinea.com\\\/blog\\\/wp-content\\\/uploads\\\/2023\\\/09\\\/logo-amauta.png\",\"width\":1124,\"height\":368,\"caption\":\"Grupo AMAUTA E-BUSINESS\"},\"image\":{\"@id\":\"https:\\\/\\\/amautaenlinea.com\\\/blog\\\/#\\\/schema\\\/logo\\\/image\\\/\"},\"sameAs\":[\"https:\\\/\\\/www.facebook.com\\\/amautaperu.org\\\/\"]},{\"@type\":\"Person\",\"@id\":\"https:\\\/\\\/amautaenlinea.com\\\/blog\\\/#\\\/schema\\\/person\\\/d8d4b5d672e9edb72a6f23fd40dd31d5\",\"name\":\"Grupo AMAUTA EBUSINESS\",\"image\":{\"@type\":\"ImageObject\",\"inLanguage\":\"es\",\"@id\":\"https:\\\/\\\/secure.gravatar.com\\\/avatar\\\/97706b54c222a710310e2db50e02e68de0a4c8bb76654bcc4053b08241c6bd6c?s=96&d=mm&r=g\",\"url\":\"https:\\\/\\\/secure.gravatar.com\\\/avatar\\\/97706b54c222a710310e2db50e02e68de0a4c8bb76654bcc4053b08241c6bd6c?s=96&d=mm&r=g\",\"contentUrl\":\"https:\\\/\\\/secure.gravatar.com\\\/avatar\\\/97706b54c222a710310e2db50e02e68de0a4c8bb76654bcc4053b08241c6bd6c?s=96&d=mm&r=g\",\"caption\":\"Grupo AMAUTA EBUSINESS\"}}]}<\/script>\n<!-- \/ Yoast SEO Premium plugin. -->","yoast_head_json":{"title":"\u25b7 Crecer 2026: la estrategia del MINEDU para que estudiantes con atraso escolar avancen 2 grados en un a\u00f1o y recuperen su trayectoria educativa \u2705","description":"\u27a8 Crecer 2026 la estrategia del MINEDU para que estudiantes con atraso escolar avancen 2 grados en un a\u00f1o y recuperen su trayectoria educativa","robots":{"index":"index","follow":"follow","max-snippet":"max-snippet:-1","max-image-preview":"max-image-preview:large","max-video-preview":"max-video-preview:-1"},"canonical":"https:\/\/amautaenlinea.com\/blog\/crecer-2026-la-estrategia-del-minedu-para-que-estudiantes-con-atraso-escolar-avancen-2-grados-en-un-ano-y-recuperen-su-trayectoria-educativa\/","og_locale":"es_ES","og_type":"article","og_title":"Crecer 2026: la estrategia del MINEDU para que estudiantes con atraso escolar avancen 2 grados en un a\u00f1o y recuperen su trayectoria educativa","og_description":"\u27a8 Crecer 2026 la estrategia del MINEDU para que estudiantes con atraso escolar avancen 2 grados en un a\u00f1o y recuperen su trayectoria educativa","og_url":"https:\/\/amautaenlinea.com\/blog\/crecer-2026-la-estrategia-del-minedu-para-que-estudiantes-con-atraso-escolar-avancen-2-grados-en-un-ano-y-recuperen-su-trayectoria-educativa\/","og_site_name":"Grupo AMAUTA","article_publisher":"https:\/\/www.facebook.com\/amautaperu.org\/","article_published_time":"2026-01-31T12:00:58+00:00","og_image":[{"width":1280,"height":720,"url":"https:\/\/amautaenlinea.com\/blog\/wp-content\/uploads\/2026\/01\/Crecer-2026-la-estrategia-del-MINEDU-para-que-estudiantes-con-atraso-escolar-avancen-2-grados-en-un-ano-y-recuperen-su-trayectoria-educativa.png","type":"image\/png"}],"author":"Grupo AMAUTA EBUSINESS","twitter_card":"summary_large_image","schema":{"@context":"https:\/\/schema.org","@graph":[{"@type":"Article","@id":"https:\/\/amautaenlinea.com\/blog\/crecer-2026-la-estrategia-del-minedu-para-que-estudiantes-con-atraso-escolar-avancen-2-grados-en-un-ano-y-recuperen-su-trayectoria-educativa\/#article","isPartOf":{"@id":"https:\/\/amautaenlinea.com\/blog\/crecer-2026-la-estrategia-del-minedu-para-que-estudiantes-con-atraso-escolar-avancen-2-grados-en-un-ano-y-recuperen-su-trayectoria-educativa\/"},"author":{"name":"Grupo AMAUTA EBUSINESS","@id":"https:\/\/amautaenlinea.com\/blog\/#\/schema\/person\/d8d4b5d672e9edb72a6f23fd40dd31d5"},"headline":"Crecer 2026: la estrategia del MINEDU para que estudiantes con atraso escolar avancen 2 grados en un a\u00f1o y recuperen su trayectoria educativa","datePublished":"2026-01-31T12:00:58+00:00","mainEntityOfPage":{"@id":"https:\/\/amautaenlinea.com\/blog\/crecer-2026-la-estrategia-del-minedu-para-que-estudiantes-con-atraso-escolar-avancen-2-grados-en-un-ano-y-recuperen-su-trayectoria-educativa\/"},"wordCount":935,"commentCount":0,"publisher":{"@id":"https:\/\/amautaenlinea.com\/blog\/#organization"},"image":{"@id":"https:\/\/amautaenlinea.com\/blog\/crecer-2026-la-estrategia-del-minedu-para-que-estudiantes-con-atraso-escolar-avancen-2-grados-en-un-ano-y-recuperen-su-trayectoria-educativa\/#primaryimage"},"thumbnailUrl":"https:\/\/amautaenlinea.com\/blog\/wp-content\/uploads\/2026\/01\/Crecer-2026-la-estrategia-del-MINEDU-para-que-estudiantes-con-atraso-escolar-avancen-2-grados-en-un-ano-y-recuperen-su-trayectoria-educativa.png","keywords":["Crecer 2026 la estrategia del MINEDU para que estudiantes con atraso escolar avancen 2 grados en un a\u00f1o y recuperen su trayectoria educativa"],"articleSection":["Educaci\u00f3n"],"inLanguage":"es","potentialAction":[{"@type":"CommentAction","name":"Comment","target":["https:\/\/amautaenlinea.com\/blog\/crecer-2026-la-estrategia-del-minedu-para-que-estudiantes-con-atraso-escolar-avancen-2-grados-en-un-ano-y-recuperen-su-trayectoria-educativa\/#respond"]}],"copyrightYear":"2026","copyrightHolder":{"@id":"https:\/\/amautaenlinea.com\/blog\/#organization"}},{"@type":"WebPage","@id":"https:\/\/amautaenlinea.com\/blog\/crecer-2026-la-estrategia-del-minedu-para-que-estudiantes-con-atraso-escolar-avancen-2-grados-en-un-ano-y-recuperen-su-trayectoria-educativa\/","url":"https:\/\/amautaenlinea.com\/blog\/crecer-2026-la-estrategia-del-minedu-para-que-estudiantes-con-atraso-escolar-avancen-2-grados-en-un-ano-y-recuperen-su-trayectoria-educativa\/","name":"\u25b7 Crecer 2026: la estrategia del MINEDU para que estudiantes con atraso escolar avancen 2 grados en un a\u00f1o y recuperen su trayectoria educativa \u2705","isPartOf":{"@id":"https:\/\/amautaenlinea.com\/blog\/#website"},"primaryImageOfPage":{"@id":"https:\/\/amautaenlinea.com\/blog\/crecer-2026-la-estrategia-del-minedu-para-que-estudiantes-con-atraso-escolar-avancen-2-grados-en-un-ano-y-recuperen-su-trayectoria-educativa\/#primaryimage"},"image":{"@id":"https:\/\/amautaenlinea.com\/blog\/crecer-2026-la-estrategia-del-minedu-para-que-estudiantes-con-atraso-escolar-avancen-2-grados-en-un-ano-y-recuperen-su-trayectoria-educativa\/#primaryimage"},"thumbnailUrl":"https:\/\/amautaenlinea.com\/blog\/wp-content\/uploads\/2026\/01\/Crecer-2026-la-estrategia-del-MINEDU-para-que-estudiantes-con-atraso-escolar-avancen-2-grados-en-un-ano-y-recuperen-su-trayectoria-educativa.png","datePublished":"2026-01-31T12:00:58+00:00","description":"\u27a8 Crecer 2026 la estrategia del MINEDU para que estudiantes con atraso escolar avancen 2 grados en un a\u00f1o y recuperen su trayectoria educativa","breadcrumb":{"@id":"https:\/\/amautaenlinea.com\/blog\/crecer-2026-la-estrategia-del-minedu-para-que-estudiantes-con-atraso-escolar-avancen-2-grados-en-un-ano-y-recuperen-su-trayectoria-educativa\/#breadcrumb"},"inLanguage":"es","potentialAction":[{"@type":"ReadAction","target":["https:\/\/amautaenlinea.com\/blog\/crecer-2026-la-estrategia-del-minedu-para-que-estudiantes-con-atraso-escolar-avancen-2-grados-en-un-ano-y-recuperen-su-trayectoria-educativa\/"]}]},{"@type":"ImageObject","inLanguage":"es","@id":"https:\/\/amautaenlinea.com\/blog\/crecer-2026-la-estrategia-del-minedu-para-que-estudiantes-con-atraso-escolar-avancen-2-grados-en-un-ano-y-recuperen-su-trayectoria-educativa\/#primaryimage","url":"https:\/\/amautaenlinea.com\/blog\/wp-content\/uploads\/2026\/01\/Crecer-2026-la-estrategia-del-MINEDU-para-que-estudiantes-con-atraso-escolar-avancen-2-grados-en-un-ano-y-recuperen-su-trayectoria-educativa.png","contentUrl":"https:\/\/amautaenlinea.com\/blog\/wp-content\/uploads\/2026\/01\/Crecer-2026-la-estrategia-del-MINEDU-para-que-estudiantes-con-atraso-escolar-avancen-2-grados-en-un-ano-y-recuperen-su-trayectoria-educativa.png","width":1280,"height":720},{"@type":"BreadcrumbList","@id":"https:\/\/amautaenlinea.com\/blog\/crecer-2026-la-estrategia-del-minedu-para-que-estudiantes-con-atraso-escolar-avancen-2-grados-en-un-ano-y-recuperen-su-trayectoria-educativa\/#breadcrumb","itemListElement":[{"@type":"ListItem","position":1,"name":"Portada","item":"https:\/\/amautaenlinea.com\/blog\/"},{"@type":"ListItem","position":2,"name":"Crecer 2026: la estrategia del MINEDU para que estudiantes con atraso escolar avancen 2 grados en un a\u00f1o y recuperen su trayectoria educativa"}]},{"@type":"WebSite","@id":"https:\/\/amautaenlinea.com\/blog\/#website","url":"https:\/\/amautaenlinea.com\/blog\/","name":"Grupo AMAUTA","description":"","publisher":{"@id":"https:\/\/amautaenlinea.com\/blog\/#organization"},"potentialAction":[{"@type":"SearchAction","target":{"@type":"EntryPoint","urlTemplate":"https:\/\/amautaenlinea.com\/blog\/?s={search_term_string}"},"query-input":{"@type":"PropertyValueSpecification","valueRequired":true,"valueName":"search_term_string"}}],"inLanguage":"es"},{"@type":"Organization","@id":"https:\/\/amautaenlinea.com\/blog\/#organization","name":"Grupo AMAUTA E-BUSINESS","url":"https:\/\/amautaenlinea.com\/blog\/","logo":{"@type":"ImageObject","inLanguage":"es","@id":"https:\/\/amautaenlinea.com\/blog\/#\/schema\/logo\/image\/","url":"https:\/\/amautaenlinea.com\/blog\/wp-content\/uploads\/2023\/09\/logo-amauta.png","contentUrl":"https:\/\/amautaenlinea.com\/blog\/wp-content\/uploads\/2023\/09\/logo-amauta.png","width":1124,"height":368,"caption":"Grupo AMAUTA E-BUSINESS"},"image":{"@id":"https:\/\/amautaenlinea.com\/blog\/#\/schema\/logo\/image\/"},"sameAs":["https:\/\/www.facebook.com\/amautaperu.org\/"]},{"@type":"Person","@id":"https:\/\/amautaenlinea.com\/blog\/#\/schema\/person\/d8d4b5d672e9edb72a6f23fd40dd31d5","name":"Grupo AMAUTA EBUSINESS","image":{"@type":"ImageObject","inLanguage":"es","@id":"https:\/\/secure.gravatar.com\/avatar\/97706b54c222a710310e2db50e02e68de0a4c8bb76654bcc4053b08241c6bd6c?s=96&d=mm&r=g","url":"https:\/\/secure.gravatar.com\/avatar\/97706b54c222a710310e2db50e02e68de0a4c8bb76654bcc4053b08241c6bd6c?s=96&d=mm&r=g","contentUrl":"https:\/\/secure.gravatar.com\/avatar\/97706b54c222a710310e2db50e02e68de0a4c8bb76654bcc4053b08241c6bd6c?s=96&d=mm&r=g","caption":"Grupo AMAUTA EBUSINESS"}}]}},"_links":{"self":[{"href":"https:\/\/amautaenlinea.com\/blog\/wp-json\/wp\/v2\/posts\/18506","targetHints":{"allow":["GET"]}}],"collection":[{"href":"https:\/\/amautaenlinea.com\/blog\/wp-json\/wp\/v2\/posts"}],"about":[{"href":"https:\/\/amautaenlinea.com\/blog\/wp-json\/wp\/v2\/types\/post"}],"author":[{"embeddable":true,"href":"https:\/\/amautaenlinea.com\/blog\/wp-json\/wp\/v2\/users\/1"}],"replies":[{"embeddable":true,"href":"https:\/\/amautaenlinea.com\/blog\/wp-json\/wp\/v2\/comments?post=18506"}],"version-history":[{"count":1,"href":"https:\/\/amautaenlinea.com\/blog\/wp-json\/wp\/v2\/posts\/18506\/revisions"}],"predecessor-version":[{"id":18509,"href":"https:\/\/amautaenlinea.com\/blog\/wp-json\/wp\/v2\/posts\/18506\/revisions\/18509"}],"wp:featuredmedia":[{"embeddable":true,"href":"https:\/\/amautaenlinea.com\/blog\/wp-json\/wp\/v2\/media\/18508"}],"wp:attachment":[{"href":"https:\/\/amautaenlinea.com\/blog\/wp-json\/wp\/v2\/media?parent=18506"}],"wp:term":[{"taxonomy":"category","embeddable":true,"href":"https:\/\/amautaenlinea.com\/blog\/wp-json\/wp\/v2\/categories?post=18506"},{"taxonomy":"post_tag","embeddable":true,"href":"https:\/\/amautaenlinea.com\/blog\/wp-json\/wp\/v2\/tags?post=18506"}],"curies":[{"name":"wp","href":"https:\/\/api.w.org\/{rel}","templated":true}]}}