{"id":18489,"date":"2026-01-30T13:23:12","date_gmt":"2026-01-30T18:23:12","guid":{"rendered":"https:\/\/amautaenlinea.com\/blog\/?p=18489"},"modified":"2026-01-30T13:23:12","modified_gmt":"2026-01-30T18:23:12","slug":"minedu-salio-los-anexos-y-precisiones-para-la-estrategia-crecer-2026-en-primaria-y-secundaria-lo-ultimo","status":"publish","type":"post","link":"https:\/\/amautaenlinea.com\/blog\/minedu-salio-los-anexos-y-precisiones-para-la-estrategia-crecer-2026-en-primaria-y-secundaria-lo-ultimo\/","title":{"rendered":"Minedu: Sali\u00f3 los anexos y precisiones para la estrategia CRECER 2026 en Primaria y Secundaria \u00a1LO \u00daLTIMO!"},"content":{"rendered":"<p>La atenci\u00f3n educativa de estudiantes en condici\u00f3n de atraso escolar se implementa a trav\u00e9s de la estrategia Crecer, con el prop\u00f3sito de contribuir a la inserci\u00f3n, permanencia y conclusi\u00f3n oportuna de la EBR de los estudiantes en los niveles de primaria y secundaria, en el marco del enfoque de aceleraci\u00f3n del aprendizaje. Se implementa temporalmente, hasta dos a\u00f1os y excepcionalmente un a\u00f1o adicional, en las instituciones educativas p\u00fablicas tanto urbanas como rurales y tambi\u00e9n en el modelo ntercultural biling\u00fce, en los niveles de educaci\u00f3n primaria y secundaria.<\/p>\n<p>La estrategia busca que los estudiantes puedan avanzar y promocionar dos grados en un a\u00f1o escolar, permiti\u00e9ndoles retomar una trayectoria educativa acorde a su edad normativa, asegurando su continuidad en el sistema educativo y, de esta manera, superando el desfase en su trayectoria educativa. Para ello, las UGEL y DRE, en el marco de sus competencias, desarrollan un conjunto de acciones pedag\u00f3gicas, de gesti\u00f3n y de soporte para su implementaci\u00f3n en el territorio, que se<br \/>\nejecuta progresivamente en las regiones con mayor porcentaje de estudiantes en condici\u00f3n de atraso escolar respecto del total de matriculados en cada regi\u00f3n.<br \/>\nEn el nivel de educaci\u00f3n secundaria, su implementaci\u00f3n no aplica en IIEE del modelo de servicio educativo de Secundaria con Formaci\u00f3n T\u00e9cnica.<\/p>\n<h2>P\u00fablico objetivo<\/h2>\n<p>La estrategia Crecer est\u00e1 dirigida a estudiantes en los niveles de educaci\u00f3n primaria y secundaria de EBR en condici\u00f3n de atraso escolar, conforme con el siguiente<br \/>\ndetalle:<br \/>\na. En el nivel de educaci\u00f3n primaria, dirigida a:<br \/>\n\u2022 Estudiantes con atraso escolar matriculados en segundo, tercero, cuarto y quinto grado de primaria, entre 10 a 13 a\u00f1os de edad.<br \/>\n\u2022 Poblaci\u00f3n de 10 a 13 a\u00f1os de edad que se incorpora por primera vez al sistema educativo en el nivel de educaci\u00f3n primaria.<br \/>\nb. En el nivel de educaci\u00f3n secundaria, dirigida a estudiantes:<br \/>\n\u2022 De 14 a\u00f1os de edad que se encuentran matriculados en 1.er grado de secundaria, y de 15 y 16 a\u00f1os que se reincorporan a la EBR.<br \/>\n\u2022 De 15 a\u00f1os que se encuentran matriculados en 2.\u00b0 grado de secundaria, y de 16 y 17 a\u00f1os que se reincorporan a la EBR.<br \/>\n\u2022 De 16 a\u00f1os que se encuentran matriculados en 3.er grado de secundaria y de 17 a\u00f1os que se reincorporan a la EBR.<br \/>\n\u2022 De 17 a\u00f1os que se encuentran matriculados en 4.\u00b0 grado de secundaria y de 18 a\u00f1os que se reincorporan a la EBR.<\/p>\n<h2>Instancias y actores para la implementaci\u00f3n de la estrategia<\/h2>\n<p>En la implementaci\u00f3n de la Estrategia Crecer se debe articular esfuerzos conjuntos entre los diversos actores de la comunidad, asimismo, con los gobiernos regionales, los gobiernos locales, la sociedad civil, empresas privadas y aliados, que contribuyan y aseguren la continuidad en la trayectoria educativa del p\u00fablico objetivo, desde un enfoque de derechos y de gesti\u00f3n territorial.<\/p>\n<p>La implementaci\u00f3n de la Estrategia est\u00e1 a cargo de los siguientes actores de gesti\u00f3n:<\/p>\n<p>a) Equipo t\u00e9cnico nacional. Est\u00e1 conformado por el equipo t\u00e9cnico de especialistas del Minedu (DEP, DES, DISER, DEIB y DIFODS, as\u00ed como<br \/>\nDITEN y UPP, como \u00f3rganos de apoyo). Este equipo se encarga del dise\u00f1o, seguimiento y evaluaci\u00f3n de la estrategia; asimismo, coordina y desarrolla acciones de asistencia t\u00e9cnica al equipo t\u00e9cnico a nivel de DRE y equipo t\u00e9cnico a nivel de UGEL.<\/p>\n<p>b) Equipo t\u00e9cnico a nivel de DRE. Est\u00e1 conformado por los especialistas de educaci\u00f3n primaria y secundaria, as\u00ed como por el especialista de educaci\u00f3n intercultural biling\u00fce (EIB), donde corresponda. Es reconocido mediante Resoluci\u00f3n Directoral o Gerencial. Este equipo, de acuerdo a sus competencias, se encarga de brindar asistencia t\u00e9cnica al equipo t\u00e9cnico a nivel de UGEL, as\u00ed como del seguimiento y evaluaci\u00f3n de la implementaci\u00f3n de la estrategia en su jurisdicci\u00f3n.<\/p>\n<p>c) Equipo t\u00e9cnico a nivel de UGEL. Est\u00e1 conformado por los especialistas de educaci\u00f3n primaria y secundaria, especialista de EIB, Jefe de personal y especialista en racionalizaci\u00f3n. Es reconocido mediante Resoluci\u00f3n Directoral o Gerencial. Este equipo, de acuerdo a sus competencias, se encarga de revisar, validar y\/o afinar la focalizaci\u00f3n, as\u00ed como desarrollar la implementaci\u00f3n de la estrategia en las instituciones educativas (II. EE.) focalizadas. Desarrolla acciones de asesor\u00eda pedag\u00f3gica y de gesti\u00f3n. Realiza el seguimiento y evaluaci\u00f3n de la implementaci\u00f3n de la estrategia, en coordinaci\u00f3n con el equipo t\u00e9cnico a nivel de la DRE.<\/p>\n<p>d) Directivo de la IE. Es el director o subdirector de la IE, quien lidera la implementaci\u00f3n y organizaci\u00f3n de los espacios, as\u00ed como el desarrollo de las actividades pedag\u00f3gicas y de gesti\u00f3n para conseguir el logro de los objetivos de la estrategia. Promueve y participa en las acciones formativas de los docentes del Aula Crecer, as\u00ed como en el seguimiento y monitoreo.<\/p>\n<p><strong>e) Docente del Aula Crecer. Es el docente de nivel primaria y secundaria que tiene la funci\u00f3n de guiar los procesos de ense\u00f1anza y aprendizaje utilizando metodolog\u00edas de atenci\u00f3n simult\u00e1nea y diferenciada, teniendo en cuenta los niveles de aprendizaje y los grados de estudio del estudiante participante. Asimismo, promueve el involucramiento activo de los estudiantes en el proceso de aprendizaje, bas\u00e1ndose en una perspectiva de altas expectativas.<\/strong><\/p>\n<h3><a href=\"https:\/\/cdn.www.gob.pe\/uploads\/document\/file\/9364682\/7676266-rvm-n-015-2026-minedu.pdf?v=1769779814\">DESCARGUE AQU\u00cd LOS ANEXOS Y PRECISIONES<\/a><\/h3>\n","protected":false},"excerpt":{"rendered":"<p>La atenci\u00f3n educativa de estudiantes en condici\u00f3n de atraso escolar se implementa a trav\u00e9s de la estrategia Crecer, con el prop\u00f3sito de contribuir a<\/p>\n","protected":false},"author":1,"featured_media":18490,"comment_status":"open","ping_status":"open","sticky":false,"template":"","format":"standard","meta":{"footnotes":""},"categories":[4],"tags":[3351],"class_list":["post-18489","post","type-post","status-publish","format-standard","has-post-thumbnail","hentry","category-educacion","tag-salio-los-anexos-y-precisiones-para-la-estrategia-crecer-2026-en-primaria-y-secundaria"],"yoast_head":"<!-- This site is optimized with the Yoast SEO Premium plugin v21.2 (Yoast SEO v27.4) - https:\/\/yoast.com\/product\/yoast-seo-premium-wordpress\/ -->\n<title>\u25b7 Minedu: Sali\u00f3 los anexos y precisiones para la estrategia CRECER 2026 en Primaria y Secundaria \u00a1LO \u00daLTIMO! \u2705<\/title>\n<meta name=\"description\" content=\"\u27a8 Sali\u00f3 los anexos y precisiones para la estrategia CRECER 2026 en Primaria y Secundaria\" \/>\n<meta name=\"robots\" content=\"index, follow, max-snippet:-1, max-image-preview:large, max-video-preview:-1\" \/>\n<link rel=\"canonical\" href=\"https:\/\/amautaenlinea.com\/blog\/minedu-salio-los-anexos-y-precisiones-para-la-estrategia-crecer-2026-en-primaria-y-secundaria-lo-ultimo\/\" \/>\n<meta property=\"og:locale\" content=\"es_ES\" \/>\n<meta property=\"og:type\" content=\"article\" \/>\n<meta property=\"og:title\" content=\"Minedu: Sali\u00f3 los anexos y precisiones para la estrategia CRECER 2026 en Primaria y Secundaria \u00a1LO \u00daLTIMO!\" \/>\n<meta property=\"og:description\" content=\"\u27a8 Sali\u00f3 los anexos y precisiones para la estrategia CRECER 2026 en Primaria y Secundaria\" \/>\n<meta property=\"og:url\" content=\"https:\/\/amautaenlinea.com\/blog\/minedu-salio-los-anexos-y-precisiones-para-la-estrategia-crecer-2026-en-primaria-y-secundaria-lo-ultimo\/\" \/>\n<meta property=\"og:site_name\" content=\"Grupo AMAUTA\" \/>\n<meta property=\"article:publisher\" content=\"https:\/\/www.facebook.com\/amautaperu.org\/\" \/>\n<meta property=\"article:published_time\" content=\"2026-01-30T18:23:12+00:00\" \/>\n<meta property=\"og:image\" content=\"https:\/\/amautaenlinea.com\/blog\/wp-content\/uploads\/2026\/01\/Salio-los-anexos-y-precisiones-para-la-estrategia-CRECER-2026-en-Primaria-y-Secundaria.png\" \/>\n\t<meta property=\"og:image:width\" content=\"1280\" \/>\n\t<meta property=\"og:image:height\" content=\"720\" \/>\n\t<meta property=\"og:image:type\" content=\"image\/png\" \/>\n<meta name=\"author\" content=\"Grupo AMAUTA EBUSINESS\" \/>\n<meta name=\"twitter:card\" content=\"summary_large_image\" \/>\n<script type=\"application\/ld+json\" class=\"yoast-schema-graph\">{\"@context\":\"https:\\\/\\\/schema.org\",\"@graph\":[{\"@type\":\"Article\",\"@id\":\"https:\\\/\\\/amautaenlinea.com\\\/blog\\\/minedu-salio-los-anexos-y-precisiones-para-la-estrategia-crecer-2026-en-primaria-y-secundaria-lo-ultimo\\\/#article\",\"isPartOf\":{\"@id\":\"https:\\\/\\\/amautaenlinea.com\\\/blog\\\/minedu-salio-los-anexos-y-precisiones-para-la-estrategia-crecer-2026-en-primaria-y-secundaria-lo-ultimo\\\/\"},\"author\":{\"name\":\"Grupo AMAUTA EBUSINESS\",\"@id\":\"https:\\\/\\\/amautaenlinea.com\\\/blog\\\/#\\\/schema\\\/person\\\/d8d4b5d672e9edb72a6f23fd40dd31d5\"},\"headline\":\"Minedu: Sali\u00f3 los anexos y precisiones para la estrategia CRECER 2026 en Primaria y Secundaria \u00a1LO \u00daLTIMO!\",\"datePublished\":\"2026-01-30T18:23:12+00:00\",\"mainEntityOfPage\":{\"@id\":\"https:\\\/\\\/amautaenlinea.com\\\/blog\\\/minedu-salio-los-anexos-y-precisiones-para-la-estrategia-crecer-2026-en-primaria-y-secundaria-lo-ultimo\\\/\"},\"wordCount\":925,\"commentCount\":0,\"publisher\":{\"@id\":\"https:\\\/\\\/amautaenlinea.com\\\/blog\\\/#organization\"},\"image\":{\"@id\":\"https:\\\/\\\/amautaenlinea.com\\\/blog\\\/minedu-salio-los-anexos-y-precisiones-para-la-estrategia-crecer-2026-en-primaria-y-secundaria-lo-ultimo\\\/#primaryimage\"},\"thumbnailUrl\":\"https:\\\/\\\/amautaenlinea.com\\\/blog\\\/wp-content\\\/uploads\\\/2026\\\/01\\\/Salio-los-anexos-y-precisiones-para-la-estrategia-CRECER-2026-en-Primaria-y-Secundaria.png\",\"keywords\":[\"Sali\u00f3 los anexos y precisiones para la estrategia CRECER 2026 en Primaria y Secundaria\"],\"articleSection\":[\"Educaci\u00f3n\"],\"inLanguage\":\"es\",\"potentialAction\":[{\"@type\":\"CommentAction\",\"name\":\"Comment\",\"target\":[\"https:\\\/\\\/amautaenlinea.com\\\/blog\\\/minedu-salio-los-anexos-y-precisiones-para-la-estrategia-crecer-2026-en-primaria-y-secundaria-lo-ultimo\\\/#respond\"]}],\"copyrightYear\":\"2026\",\"copyrightHolder\":{\"@id\":\"https:\\\/\\\/amautaenlinea.com\\\/blog\\\/#organization\"}},{\"@type\":\"WebPage\",\"@id\":\"https:\\\/\\\/amautaenlinea.com\\\/blog\\\/minedu-salio-los-anexos-y-precisiones-para-la-estrategia-crecer-2026-en-primaria-y-secundaria-lo-ultimo\\\/\",\"url\":\"https:\\\/\\\/amautaenlinea.com\\\/blog\\\/minedu-salio-los-anexos-y-precisiones-para-la-estrategia-crecer-2026-en-primaria-y-secundaria-lo-ultimo\\\/\",\"name\":\"\u25b7 Minedu: Sali\u00f3 los anexos y precisiones para la estrategia CRECER 2026 en Primaria y Secundaria \u00a1LO \u00daLTIMO! \u2705\",\"isPartOf\":{\"@id\":\"https:\\\/\\\/amautaenlinea.com\\\/blog\\\/#website\"},\"primaryImageOfPage\":{\"@id\":\"https:\\\/\\\/amautaenlinea.com\\\/blog\\\/minedu-salio-los-anexos-y-precisiones-para-la-estrategia-crecer-2026-en-primaria-y-secundaria-lo-ultimo\\\/#primaryimage\"},\"image\":{\"@id\":\"https:\\\/\\\/amautaenlinea.com\\\/blog\\\/minedu-salio-los-anexos-y-precisiones-para-la-estrategia-crecer-2026-en-primaria-y-secundaria-lo-ultimo\\\/#primaryimage\"},\"thumbnailUrl\":\"https:\\\/\\\/amautaenlinea.com\\\/blog\\\/wp-content\\\/uploads\\\/2026\\\/01\\\/Salio-los-anexos-y-precisiones-para-la-estrategia-CRECER-2026-en-Primaria-y-Secundaria.png\",\"datePublished\":\"2026-01-30T18:23:12+00:00\",\"description\":\"\u27a8 Sali\u00f3 los anexos y precisiones para la estrategia CRECER 2026 en Primaria y Secundaria\",\"breadcrumb\":{\"@id\":\"https:\\\/\\\/amautaenlinea.com\\\/blog\\\/minedu-salio-los-anexos-y-precisiones-para-la-estrategia-crecer-2026-en-primaria-y-secundaria-lo-ultimo\\\/#breadcrumb\"},\"inLanguage\":\"es\",\"potentialAction\":[{\"@type\":\"ReadAction\",\"target\":[\"https:\\\/\\\/amautaenlinea.com\\\/blog\\\/minedu-salio-los-anexos-y-precisiones-para-la-estrategia-crecer-2026-en-primaria-y-secundaria-lo-ultimo\\\/\"]}]},{\"@type\":\"ImageObject\",\"inLanguage\":\"es\",\"@id\":\"https:\\\/\\\/amautaenlinea.com\\\/blog\\\/minedu-salio-los-anexos-y-precisiones-para-la-estrategia-crecer-2026-en-primaria-y-secundaria-lo-ultimo\\\/#primaryimage\",\"url\":\"https:\\\/\\\/amautaenlinea.com\\\/blog\\\/wp-content\\\/uploads\\\/2026\\\/01\\\/Salio-los-anexos-y-precisiones-para-la-estrategia-CRECER-2026-en-Primaria-y-Secundaria.png\",\"contentUrl\":\"https:\\\/\\\/amautaenlinea.com\\\/blog\\\/wp-content\\\/uploads\\\/2026\\\/01\\\/Salio-los-anexos-y-precisiones-para-la-estrategia-CRECER-2026-en-Primaria-y-Secundaria.png\",\"width\":1280,\"height\":720},{\"@type\":\"BreadcrumbList\",\"@id\":\"https:\\\/\\\/amautaenlinea.com\\\/blog\\\/minedu-salio-los-anexos-y-precisiones-para-la-estrategia-crecer-2026-en-primaria-y-secundaria-lo-ultimo\\\/#breadcrumb\",\"itemListElement\":[{\"@type\":\"ListItem\",\"position\":1,\"name\":\"Portada\",\"item\":\"https:\\\/\\\/amautaenlinea.com\\\/blog\\\/\"},{\"@type\":\"ListItem\",\"position\":2,\"name\":\"Minedu: Sali\u00f3 los anexos y precisiones para la estrategia CRECER 2026 en Primaria y Secundaria \u00a1LO \u00daLTIMO!\"}]},{\"@type\":\"WebSite\",\"@id\":\"https:\\\/\\\/amautaenlinea.com\\\/blog\\\/#website\",\"url\":\"https:\\\/\\\/amautaenlinea.com\\\/blog\\\/\",\"name\":\"Grupo AMAUTA\",\"description\":\"\",\"publisher\":{\"@id\":\"https:\\\/\\\/amautaenlinea.com\\\/blog\\\/#organization\"},\"potentialAction\":[{\"@type\":\"SearchAction\",\"target\":{\"@type\":\"EntryPoint\",\"urlTemplate\":\"https:\\\/\\\/amautaenlinea.com\\\/blog\\\/?s={search_term_string}\"},\"query-input\":{\"@type\":\"PropertyValueSpecification\",\"valueRequired\":true,\"valueName\":\"search_term_string\"}}],\"inLanguage\":\"es\"},{\"@type\":\"Organization\",\"@id\":\"https:\\\/\\\/amautaenlinea.com\\\/blog\\\/#organization\",\"name\":\"Grupo AMAUTA E-BUSINESS\",\"url\":\"https:\\\/\\\/amautaenlinea.com\\\/blog\\\/\",\"logo\":{\"@type\":\"ImageObject\",\"inLanguage\":\"es\",\"@id\":\"https:\\\/\\\/amautaenlinea.com\\\/blog\\\/#\\\/schema\\\/logo\\\/image\\\/\",\"url\":\"https:\\\/\\\/amautaenlinea.com\\\/blog\\\/wp-content\\\/uploads\\\/2023\\\/09\\\/logo-amauta.png\",\"contentUrl\":\"https:\\\/\\\/amautaenlinea.com\\\/blog\\\/wp-content\\\/uploads\\\/2023\\\/09\\\/logo-amauta.png\",\"width\":1124,\"height\":368,\"caption\":\"Grupo AMAUTA E-BUSINESS\"},\"image\":{\"@id\":\"https:\\\/\\\/amautaenlinea.com\\\/blog\\\/#\\\/schema\\\/logo\\\/image\\\/\"},\"sameAs\":[\"https:\\\/\\\/www.facebook.com\\\/amautaperu.org\\\/\"]},{\"@type\":\"Person\",\"@id\":\"https:\\\/\\\/amautaenlinea.com\\\/blog\\\/#\\\/schema\\\/person\\\/d8d4b5d672e9edb72a6f23fd40dd31d5\",\"name\":\"Grupo AMAUTA EBUSINESS\",\"image\":{\"@type\":\"ImageObject\",\"inLanguage\":\"es\",\"@id\":\"https:\\\/\\\/secure.gravatar.com\\\/avatar\\\/97706b54c222a710310e2db50e02e68de0a4c8bb76654bcc4053b08241c6bd6c?s=96&d=mm&r=g\",\"url\":\"https:\\\/\\\/secure.gravatar.com\\\/avatar\\\/97706b54c222a710310e2db50e02e68de0a4c8bb76654bcc4053b08241c6bd6c?s=96&d=mm&r=g\",\"contentUrl\":\"https:\\\/\\\/secure.gravatar.com\\\/avatar\\\/97706b54c222a710310e2db50e02e68de0a4c8bb76654bcc4053b08241c6bd6c?s=96&d=mm&r=g\",\"caption\":\"Grupo AMAUTA EBUSINESS\"}}]}<\/script>\n<!-- \/ Yoast SEO Premium plugin. -->","yoast_head_json":{"title":"\u25b7 Minedu: Sali\u00f3 los anexos y precisiones para la estrategia CRECER 2026 en Primaria y Secundaria \u00a1LO \u00daLTIMO! \u2705","description":"\u27a8 Sali\u00f3 los anexos y precisiones para la estrategia CRECER 2026 en Primaria y Secundaria","robots":{"index":"index","follow":"follow","max-snippet":"max-snippet:-1","max-image-preview":"max-image-preview:large","max-video-preview":"max-video-preview:-1"},"canonical":"https:\/\/amautaenlinea.com\/blog\/minedu-salio-los-anexos-y-precisiones-para-la-estrategia-crecer-2026-en-primaria-y-secundaria-lo-ultimo\/","og_locale":"es_ES","og_type":"article","og_title":"Minedu: Sali\u00f3 los anexos y precisiones para la estrategia CRECER 2026 en Primaria y Secundaria \u00a1LO \u00daLTIMO!","og_description":"\u27a8 Sali\u00f3 los anexos y precisiones para la estrategia CRECER 2026 en Primaria y Secundaria","og_url":"https:\/\/amautaenlinea.com\/blog\/minedu-salio-los-anexos-y-precisiones-para-la-estrategia-crecer-2026-en-primaria-y-secundaria-lo-ultimo\/","og_site_name":"Grupo AMAUTA","article_publisher":"https:\/\/www.facebook.com\/amautaperu.org\/","article_published_time":"2026-01-30T18:23:12+00:00","og_image":[{"width":1280,"height":720,"url":"https:\/\/amautaenlinea.com\/blog\/wp-content\/uploads\/2026\/01\/Salio-los-anexos-y-precisiones-para-la-estrategia-CRECER-2026-en-Primaria-y-Secundaria.png","type":"image\/png"}],"author":"Grupo AMAUTA EBUSINESS","twitter_card":"summary_large_image","schema":{"@context":"https:\/\/schema.org","@graph":[{"@type":"Article","@id":"https:\/\/amautaenlinea.com\/blog\/minedu-salio-los-anexos-y-precisiones-para-la-estrategia-crecer-2026-en-primaria-y-secundaria-lo-ultimo\/#article","isPartOf":{"@id":"https:\/\/amautaenlinea.com\/blog\/minedu-salio-los-anexos-y-precisiones-para-la-estrategia-crecer-2026-en-primaria-y-secundaria-lo-ultimo\/"},"author":{"name":"Grupo AMAUTA EBUSINESS","@id":"https:\/\/amautaenlinea.com\/blog\/#\/schema\/person\/d8d4b5d672e9edb72a6f23fd40dd31d5"},"headline":"Minedu: Sali\u00f3 los anexos y precisiones para la estrategia CRECER 2026 en Primaria y Secundaria \u00a1LO \u00daLTIMO!","datePublished":"2026-01-30T18:23:12+00:00","mainEntityOfPage":{"@id":"https:\/\/amautaenlinea.com\/blog\/minedu-salio-los-anexos-y-precisiones-para-la-estrategia-crecer-2026-en-primaria-y-secundaria-lo-ultimo\/"},"wordCount":925,"commentCount":0,"publisher":{"@id":"https:\/\/amautaenlinea.com\/blog\/#organization"},"image":{"@id":"https:\/\/amautaenlinea.com\/blog\/minedu-salio-los-anexos-y-precisiones-para-la-estrategia-crecer-2026-en-primaria-y-secundaria-lo-ultimo\/#primaryimage"},"thumbnailUrl":"https:\/\/amautaenlinea.com\/blog\/wp-content\/uploads\/2026\/01\/Salio-los-anexos-y-precisiones-para-la-estrategia-CRECER-2026-en-Primaria-y-Secundaria.png","keywords":["Sali\u00f3 los anexos y precisiones para la estrategia CRECER 2026 en Primaria y Secundaria"],"articleSection":["Educaci\u00f3n"],"inLanguage":"es","potentialAction":[{"@type":"CommentAction","name":"Comment","target":["https:\/\/amautaenlinea.com\/blog\/minedu-salio-los-anexos-y-precisiones-para-la-estrategia-crecer-2026-en-primaria-y-secundaria-lo-ultimo\/#respond"]}],"copyrightYear":"2026","copyrightHolder":{"@id":"https:\/\/amautaenlinea.com\/blog\/#organization"}},{"@type":"WebPage","@id":"https:\/\/amautaenlinea.com\/blog\/minedu-salio-los-anexos-y-precisiones-para-la-estrategia-crecer-2026-en-primaria-y-secundaria-lo-ultimo\/","url":"https:\/\/amautaenlinea.com\/blog\/minedu-salio-los-anexos-y-precisiones-para-la-estrategia-crecer-2026-en-primaria-y-secundaria-lo-ultimo\/","name":"\u25b7 Minedu: Sali\u00f3 los anexos y precisiones para la estrategia CRECER 2026 en Primaria y Secundaria \u00a1LO \u00daLTIMO! \u2705","isPartOf":{"@id":"https:\/\/amautaenlinea.com\/blog\/#website"},"primaryImageOfPage":{"@id":"https:\/\/amautaenlinea.com\/blog\/minedu-salio-los-anexos-y-precisiones-para-la-estrategia-crecer-2026-en-primaria-y-secundaria-lo-ultimo\/#primaryimage"},"image":{"@id":"https:\/\/amautaenlinea.com\/blog\/minedu-salio-los-anexos-y-precisiones-para-la-estrategia-crecer-2026-en-primaria-y-secundaria-lo-ultimo\/#primaryimage"},"thumbnailUrl":"https:\/\/amautaenlinea.com\/blog\/wp-content\/uploads\/2026\/01\/Salio-los-anexos-y-precisiones-para-la-estrategia-CRECER-2026-en-Primaria-y-Secundaria.png","datePublished":"2026-01-30T18:23:12+00:00","description":"\u27a8 Sali\u00f3 los anexos y precisiones para la estrategia CRECER 2026 en Primaria y Secundaria","breadcrumb":{"@id":"https:\/\/amautaenlinea.com\/blog\/minedu-salio-los-anexos-y-precisiones-para-la-estrategia-crecer-2026-en-primaria-y-secundaria-lo-ultimo\/#breadcrumb"},"inLanguage":"es","potentialAction":[{"@type":"ReadAction","target":["https:\/\/amautaenlinea.com\/blog\/minedu-salio-los-anexos-y-precisiones-para-la-estrategia-crecer-2026-en-primaria-y-secundaria-lo-ultimo\/"]}]},{"@type":"ImageObject","inLanguage":"es","@id":"https:\/\/amautaenlinea.com\/blog\/minedu-salio-los-anexos-y-precisiones-para-la-estrategia-crecer-2026-en-primaria-y-secundaria-lo-ultimo\/#primaryimage","url":"https:\/\/amautaenlinea.com\/blog\/wp-content\/uploads\/2026\/01\/Salio-los-anexos-y-precisiones-para-la-estrategia-CRECER-2026-en-Primaria-y-Secundaria.png","contentUrl":"https:\/\/amautaenlinea.com\/blog\/wp-content\/uploads\/2026\/01\/Salio-los-anexos-y-precisiones-para-la-estrategia-CRECER-2026-en-Primaria-y-Secundaria.png","width":1280,"height":720},{"@type":"BreadcrumbList","@id":"https:\/\/amautaenlinea.com\/blog\/minedu-salio-los-anexos-y-precisiones-para-la-estrategia-crecer-2026-en-primaria-y-secundaria-lo-ultimo\/#breadcrumb","itemListElement":[{"@type":"ListItem","position":1,"name":"Portada","item":"https:\/\/amautaenlinea.com\/blog\/"},{"@type":"ListItem","position":2,"name":"Minedu: Sali\u00f3 los anexos y precisiones para la estrategia CRECER 2026 en Primaria y Secundaria \u00a1LO \u00daLTIMO!"}]},{"@type":"WebSite","@id":"https:\/\/amautaenlinea.com\/blog\/#website","url":"https:\/\/amautaenlinea.com\/blog\/","name":"Grupo AMAUTA","description":"","publisher":{"@id":"https:\/\/amautaenlinea.com\/blog\/#organization"},"potentialAction":[{"@type":"SearchAction","target":{"@type":"EntryPoint","urlTemplate":"https:\/\/amautaenlinea.com\/blog\/?s={search_term_string}"},"query-input":{"@type":"PropertyValueSpecification","valueRequired":true,"valueName":"search_term_string"}}],"inLanguage":"es"},{"@type":"Organization","@id":"https:\/\/amautaenlinea.com\/blog\/#organization","name":"Grupo AMAUTA E-BUSINESS","url":"https:\/\/amautaenlinea.com\/blog\/","logo":{"@type":"ImageObject","inLanguage":"es","@id":"https:\/\/amautaenlinea.com\/blog\/#\/schema\/logo\/image\/","url":"https:\/\/amautaenlinea.com\/blog\/wp-content\/uploads\/2023\/09\/logo-amauta.png","contentUrl":"https:\/\/amautaenlinea.com\/blog\/wp-content\/uploads\/2023\/09\/logo-amauta.png","width":1124,"height":368,"caption":"Grupo AMAUTA E-BUSINESS"},"image":{"@id":"https:\/\/amautaenlinea.com\/blog\/#\/schema\/logo\/image\/"},"sameAs":["https:\/\/www.facebook.com\/amautaperu.org\/"]},{"@type":"Person","@id":"https:\/\/amautaenlinea.com\/blog\/#\/schema\/person\/d8d4b5d672e9edb72a6f23fd40dd31d5","name":"Grupo AMAUTA EBUSINESS","image":{"@type":"ImageObject","inLanguage":"es","@id":"https:\/\/secure.gravatar.com\/avatar\/97706b54c222a710310e2db50e02e68de0a4c8bb76654bcc4053b08241c6bd6c?s=96&d=mm&r=g","url":"https:\/\/secure.gravatar.com\/avatar\/97706b54c222a710310e2db50e02e68de0a4c8bb76654bcc4053b08241c6bd6c?s=96&d=mm&r=g","contentUrl":"https:\/\/secure.gravatar.com\/avatar\/97706b54c222a710310e2db50e02e68de0a4c8bb76654bcc4053b08241c6bd6c?s=96&d=mm&r=g","caption":"Grupo AMAUTA EBUSINESS"}}]}},"_links":{"self":[{"href":"https:\/\/amautaenlinea.com\/blog\/wp-json\/wp\/v2\/posts\/18489","targetHints":{"allow":["GET"]}}],"collection":[{"href":"https:\/\/amautaenlinea.com\/blog\/wp-json\/wp\/v2\/posts"}],"about":[{"href":"https:\/\/amautaenlinea.com\/blog\/wp-json\/wp\/v2\/types\/post"}],"author":[{"embeddable":true,"href":"https:\/\/amautaenlinea.com\/blog\/wp-json\/wp\/v2\/users\/1"}],"replies":[{"embeddable":true,"href":"https:\/\/amautaenlinea.com\/blog\/wp-json\/wp\/v2\/comments?post=18489"}],"version-history":[{"count":1,"href":"https:\/\/amautaenlinea.com\/blog\/wp-json\/wp\/v2\/posts\/18489\/revisions"}],"predecessor-version":[{"id":18491,"href":"https:\/\/amautaenlinea.com\/blog\/wp-json\/wp\/v2\/posts\/18489\/revisions\/18491"}],"wp:featuredmedia":[{"embeddable":true,"href":"https:\/\/amautaenlinea.com\/blog\/wp-json\/wp\/v2\/media\/18490"}],"wp:attachment":[{"href":"https:\/\/amautaenlinea.com\/blog\/wp-json\/wp\/v2\/media?parent=18489"}],"wp:term":[{"taxonomy":"category","embeddable":true,"href":"https:\/\/amautaenlinea.com\/blog\/wp-json\/wp\/v2\/categories?post=18489"},{"taxonomy":"post_tag","embeddable":true,"href":"https:\/\/amautaenlinea.com\/blog\/wp-json\/wp\/v2\/tags?post=18489"}],"curies":[{"name":"wp","href":"https:\/\/api.w.org\/{rel}","templated":true}]}}