{"id":18486,"date":"2026-01-30T06:05:25","date_gmt":"2026-01-30T11:05:25","guid":{"rendered":"https:\/\/amautaenlinea.com\/blog\/?p=18486"},"modified":"2026-01-30T06:05:25","modified_gmt":"2026-01-30T11:05:25","slug":"aprueban-norma-del-cuidado-diurno-para-ninas-y-ninos-de-12-a-36-meses-de-edad-en-cunas-y-cunas-jardin-de-gestion-publica","status":"publish","type":"post","link":"https:\/\/amautaenlinea.com\/blog\/aprueban-norma-del-cuidado-diurno-para-ninas-y-ninos-de-12-a-36-meses-de-edad-en-cunas-y-cunas-jardin-de-gestion-publica\/","title":{"rendered":"Aprueban norma del cuidado diurno para ni\u00f1as y ni\u00f1os de 12 a 36 meses de edad en cunas y cunas jard\u00edn de gesti\u00f3n p\u00fablica"},"content":{"rendered":"<h1 class=\"sumilla\">Aprueban la Norma T\u00e9cnica denominada \u201cDisposiciones para la implementaci\u00f3n del servicio educativo y de cuidado diurno con atenci\u00f3n integral, para ni\u00f1as y ni\u00f1os de 12 a 36 meses de edad en cunas y cunas jard\u00edn de gesti\u00f3n p\u00fablica &#8211; EduCuna\u201d<\/h1>\n<h2 class=\"resoluci-n\">Resoluci\u00f3n Ministerial N\u00b0 055-2026-MINEDU<\/h2>\n<p class=\"cuerpo\">Lima, 28 de enero de 2026<\/p>\n<p class=\"cuerpo\">VISTOS, el Expediente N\u00b0 DEI2025-INT-1089319, los Informes N\u00b0 00865-2025-MINEDU\/VMGP-DIGEBR-DEI y N\u00b0 00009-2026-MINEDU\/VMGP-DIGEBR-DEI de la Direcci\u00f3n de Educaci\u00f3n Inicial de la Direcci\u00f3n General de Educaci\u00f3n B\u00e1sica Regular, el Informe N\u00b0 00090-2026-MINEDU\/SPE-OPEP-UPP de la Unidad de Planificaci\u00f3n y Presupuesto de la Oficina de Planificaci\u00f3n Estrat\u00e9gica y Presupuesto, el Informe N\u00b0 00129-2026-MINEDU\/SG-OGAJ de la Oficina General de Asesor\u00eda Jur\u00eddica, y;<\/p>\n<p class=\"cuerpo\">CONSIDERANDO:<\/p>\n<p class=\"cuerpo\">Que, el art\u00edculo 3 de la Ley N\u00b0 31224, Ley de Organizaci\u00f3n y Funciones del Ministerio de Educaci\u00f3n, establece que el sector Educaci\u00f3n se encuentra bajo la conducci\u00f3n y rector\u00eda del Ministerio de Educaci\u00f3n; asimismo, de acuerdo con el literal a) del numeral 1 y el literal a) del numeral 2 del art\u00edculo 5 de la citada Ley, sus funciones rectoras y t\u00e9cnico-normativas son formular, planear, dirigir, coordinar, ejecutar supervisar y evaluar la pol\u00edtica nacional y sectorial bajo su competencia, aplicable a todos los niveles de gobierno, as\u00ed como aprobar las disposiciones normativas vinculadas con sus \u00e1mbitos de competencia, respectivamente;<\/p>\n<p class=\"cuerpo cuerpo-override\"><span class=\"no-style-override\">Que, el literal a) del art\u00edculo 36 de la Ley N\u00b0 28044, Ley General de Educaci\u00f3n, establece que la Educaci\u00f3n Inicial constituye el primer nivel de la Educaci\u00f3n B\u00e1sica Regular, comprende a ni\u00f1os menores de 6 a\u00f1os y se desarrolla en forma escolarizada y no escolarizada conforme a los t\u00e9rminos que establezca el Reglamento. Asimismo, dispone que el Estado asume tambi\u00e9n sus necesidades de salud y nutrici\u00f3n a trav\u00e9s de una acci\u00f3n intersectorial, y que se articula con el nivel de Educaci\u00f3n Primaria, asegurando coherencia pedag\u00f3gica y curricular, conservando su identidad, especificidad, autonom\u00eda administrativa y de gesti\u00f3n;<\/span><\/p>\n<p class=\"cuerpo\">Que, seg\u00fan lo dispuesto en el literal a) del art\u00edculo 54 del Reglamento de la Ley N\u00b0 28044, Ley General de Educaci\u00f3n, aprobado mediante el Decreto Supremo N\u00b0 011-2012-ED, la Cuna es la instituci\u00f3n educativa escolarizada en la que los ni\u00f1os y ni\u00f1as menores de 3 a\u00f1os reciben una atenci\u00f3n integral durante un tiempo no menor de cinco d\u00edas a la semana, en horarios de ocho horas diarias como m\u00e1ximo; precis\u00e1ndose que la permanencia diaria del ni\u00f1o en la cuna est\u00e1 sujeta a las necesidades de la familia. Asimismo, se establece que el servicio funciona todo el a\u00f1o y se brinda a trav\u00e9s de un espacio rigurosamente organizado, que ofrece a los ni\u00f1os un m\u00e1ximo de estabilidad y seguridad para crecer y desplegar sus capacidades de organizaci\u00f3n del movimiento y desplazamiento, exploraci\u00f3n, comunicaci\u00f3n, autonom\u00eda e iniciativa. La atenci\u00f3n es realizada por personal profesional y t\u00e9cnico (auxiliar), preparado y especializado para garantizar la calidad del servicio. Adem\u00e1s, el citado literal prev\u00e9 que, para el funcionamiento de una cuna, se necesitar\u00e1 garantizar las condiciones de infraestructura, mobiliario y material educativo, as\u00ed como que el personal a cargo de la atenci\u00f3n de los ni\u00f1os deber\u00e1 haber realizado la formaci\u00f3n especializada para este tipo de servicio;<\/p>\n<p class=\"cuerpo\">Que, el literal b) del citado art\u00edculo se\u00f1ala que el Jard\u00edn atiende a ni\u00f1os y ni\u00f1as de 3 a 5 a\u00f1os de edad; y que se adec\u00faa a las caracter\u00edsticas y necesidades espec\u00edficas de los ni\u00f1os, las familias y el medio, encontr\u00e1ndose bajo responsabilidad de profesionales de Educaci\u00f3n Inicial, con el apoyo de auxiliares de educaci\u00f3n;<\/p>\n<p class=\"cuerpo\">Que, el literal c) del referido art\u00edculo, se\u00f1ala que la Cuna-Jard\u00edn atiende en un mismo local escolar a ni\u00f1os menores de 6 a\u00f1os de edad;<\/p>\n<p class=\"cuerpo\">Que, a trav\u00e9s de la Resoluci\u00f3n Suprema N\u00b0 023-2019-EF, se aprueba el Programa Presupuestal orientado a Resultados de Desarrollo Infantil Temprano el cual constituye una herramienta de gesti\u00f3n presupuestal destinada al financiamiento y la articulaci\u00f3n de intervenciones prioritarias, orientadas a garantizar el desarrollo integral de ni\u00f1os y ni\u00f1as desde la gestaci\u00f3n hasta los 5 a\u00f1os de edad;<\/p>\n<p class=\"cuerpo\">Que, mediante la Resoluci\u00f3n Viceministerial N\u00b0 003-2024-MINEDU, se aprueba la Norma T\u00e9cnica denominada \u201cDisposiciones que regulan la organizaci\u00f3n y funcionamiento de los servicios educativos escolarizados de Ciclo I de Educaci\u00f3n Inicial\u201d;<\/p>\n<p class=\"cuerpo cuerpo-override\"><span class=\"no-style-override\">Que, mediante Decreto Supremo N\u00b0 005-2025-MIDIS, se aprueba la Norma T\u00e9cnica del Producto \u201cNi\u00f1os y Ni\u00f1as entre 6 hasta 36 meses que requieren de cuidado extra familiar por ausencia de un adulto competente para su atenci\u00f3n en el \u00e1mbito del hogar reciben servicios de cuidado y atenci\u00f3n integral\u201d del Programa Presupuestal orientado a Resultados de Desarrollo Infantil Temprano (PPoR DIT);<\/span><\/p>\n<p class=\"cuerpo\">Que, el numeral 2.3 del art\u00edculo 2 del Decreto Supremo N\u00b0 005-2025-MIDIS se\u00f1ala que los sectores y programas que participan en la entrega del producto aprueban y emiten los lineamientos, directivas y dem\u00e1s documentos de gesti\u00f3n que resulten necesarios para viabilizar la entrega del producto, en el marco de sus competencias;<\/p>\n<p class=\"cuerpo\">Que, el literal e) del numeral 33.1 del art\u00edculo 33 de la Ley N\u00b0 32513, Ley de Presupuesto del Sector P\u00fablico para el A\u00f1o Fiscal 2026, dispone que en el Presupuesto del Sector P\u00fablico para el A\u00f1o Fiscal 2026 se han asignado recursos hasta por la suma de S\/. 35 734 268,00 (TREINTA Y CINCO MILLONES SETECIENTOS TREINTA Y CUATRO MIL DOSCIENTOS SESENTA Y OCHO Y 00\/100 SOLES) a favor del Ministerio de Educaci\u00f3n, para financiar acciones vinculadas al PPoR DIT;<\/p>\n<p class=\"cuerpo\">Que, el numeral 33.4 del citado art\u00edculo 33 de la mencionada Ley autoriza a los Gobiernos Regionales a realizar modificaciones presupuestarias en el nivel funcional program\u00e1tico entre los productos de los programas presupuestales con los que cuente el pliego, con cargo a su presupuesto institucional, para financiar la prestaci\u00f3n del servicio en las EduCunas;<\/p>\n<p class=\"cuerpo\">Que, en el marco de las disposiciones legales antes se\u00f1aladas, la Direcci\u00f3n General de Educaci\u00f3n B\u00e1sica Regular, remite al Despacho Viceministerial de Gesti\u00f3n Pedag\u00f3gica los Informes N\u00b0 00865-2025-MINEDU\/VMGP-DIGEBR-DEI y N\u00b0 00009-2026-MINEDU\/VMGP-DIGEBR-DEI, elaborados por la Direcci\u00f3n de Educaci\u00f3n Inicial, dependiente de la referida Direcci\u00f3n General, mediante los cuales se propone y sustenta la necesidad de aprobar la Norma T\u00e9cnica denominada \u201cDisposiciones para la implementaci\u00f3n del servicio educativo y de cuidado diurno con atenci\u00f3n integral, para ni\u00f1as y ni\u00f1os de 12 a 36 meses en cunas y cunas jard\u00edn de gesti\u00f3n p\u00fablica &#8211; EduCuna\u201d (en adelante, Norma T\u00e9cnica);<\/p>\n<p class=\"cuerpo\">Que, la Norma T\u00e9cnica tiene como objetivo establecer las disposiciones para la implementaci\u00f3n del servicio educativo y de cuidado diurno con atenci\u00f3n integral, para ni\u00f1as y ni\u00f1os de 12 a 36 meses de edad en cunas y cunas jard\u00edn p\u00fablicas &#8211; EduCuna, a cargo del sector Educaci\u00f3n, en el marco del Programa Presupuestal orientado a Resultados de Desarrollo Infantil Temprano;<\/p>\n<p class=\"cuerpo cuerpo-override\"><span class=\"no-style-override\">Que, asimismo, la propuesta normativa cuenta con opini\u00f3n favorable de la Direcci\u00f3n General de Educaci\u00f3n B\u00e1sica Regular (DIGEBR), de la Direcci\u00f3n General de Calidad de la Gesti\u00f3n Escolar (DIGC), de la Direcci\u00f3n General de Gesti\u00f3n Descentralizada (DIGEGED), de la Direcci\u00f3n General de Desarrollo Docente (DIGEDD); de la Oficina de Seguimiento y Evaluaci\u00f3n Estrat\u00e9gica (OSEE); de la Direcci\u00f3n General de Infraestructura Educativa (DIGEIE) y del Programa Nacional de Infraestructura Educativa (PRONIED);<\/span><\/p>\n<p class=\"cuerpo\">Que, mediante el Informe N\u00b0 00090-2026-MINEDU\/SPE-OPEP-UPP, la Unidad de Planificaci\u00f3n y Presupuesto de la Oficina de Planificaci\u00f3n Estrat\u00e9gica y Presupuesto, dependiente de la Secretar\u00eda de Planificaci\u00f3n Estrat\u00e9gica, emite opini\u00f3n favorable a la propuesta, por cuanto, en materia de planificaci\u00f3n, guarda congruencia con los objetivos y acciones estrat\u00e9gicas e institucionales del sector Educaci\u00f3n; y en materia presupuestal, su implementaci\u00f3n se sujetar\u00e1 a los recursos asignados en las Unidades de Gesti\u00f3n Educativa Local (UGEL), la Direcci\u00f3n de Educaci\u00f3n Inicial (DEI) y en las unidades operativas involucradas del Pliego 010: M. de Educaci\u00f3n, y, de corresponder, se sujeta a la disponibilidad presupuestal de cada gobierno regional para financiar acciones vinculadas al PPoR DIT. Asimismo, respecto a los a\u00f1os subsiguientes, se precisa, que las UGEL, la DEI y las unidades operativas involucradas del Pliego 010: M. de Educaci\u00f3n deber\u00e1n priorizar los recursos presupuestarios que se requieran, sujet\u00e1ndose a la revisi\u00f3n anual que para tal efecto efect\u00fae el Ministerio de Econom\u00eda y Finanzas, en el marco de la Asignaci\u00f3n Presupuestaria Multianual correspondiente y las disposiciones contempladas en las Leyes Anuales de Presupuesto;<\/p>\n<p class=\"cuerpo cuerpo-override\"><span class=\"no-style-override\">Que, mediante el Informe N\u00b0 00129-2026-MINEDU\/SG-OGAJ, la Oficina General de Asesor\u00eda Jur\u00eddica, emite opini\u00f3n legal favorable respecto de la propuesta normativa;<\/span><\/p>\n<p class=\"cuerpo cuerpo-override\"><span class=\"no-style-override\">De conformidad con lo dispuesto en la Ley N\u00b0 31224, Ley de Organizaci\u00f3n y Funciones del Ministerio de Educaci\u00f3n; la Ley N\u00b0 28044, Ley General de Educaci\u00f3n; la Ley N\u00b0 32513, Ley de Presupuesto de Sector P\u00fablico para el A\u00f1o Fiscal 2026; el Decreto Supremo N\u00b0 005-2025-MIDIS, que aprueba la Norma T\u00e9cnica del Producto \u201cNi\u00f1os y Ni\u00f1as entre 6 hasta 36 meses que requieren de cuidado extra familiar por ausencia de un adulto competente para su atenci\u00f3n en el \u00e1mbito del hogar reciben servicios de cuidado y atenci\u00f3n integral\u201d del Programa Presupuestal orientado a Resultados de Desarrollo Infantil Temprano; y el Reglamento de Organizaci\u00f3n y Funciones del Ministerio de Educaci\u00f3n, aprobado por el Decreto Supremo N\u00b0 001-2015-MINEDU;<\/span><\/p>\n<h3 class=\"cuerpo\">SE RESUELVE:<\/h3>\n<p class=\"cuerpo cuerpo-override\"><strong><span class=\"no-style-override-1\">Art\u00edculo 1.-\u00a0<\/span>Aprobar la Norma T\u00e9cnica denominada \u201cDisposiciones para la implementaci\u00f3n del servicio educativo y de cuidado diurno con atenci\u00f3n integral, para ni\u00f1as y ni\u00f1os de 12 a 36 meses de edad en cunas y cunas jard\u00edn de gesti\u00f3n p\u00fablica &#8211; EduCuna\u201d, la misma que, como anexo, forma parte de la presente Resoluci\u00f3n.<\/strong><\/p>\n<p class=\"cuerpo cuerpo-override\"><strong><span class=\"no-style-override-1\">Art\u00edculo 2.-\u00a0<\/span>Disponer la publicaci\u00f3n de la presente Resoluci\u00f3n y su anexo, en el Sistema de Informaci\u00f3n Jur\u00eddica de Educaci\u00f3n (SIJE), ubicado en la sede digital del Ministerio de Educaci\u00f3n (www.minedu.gob.pe), el mismo d\u00eda de la publicaci\u00f3n de la presente Resoluci\u00f3n en el\u00a0<span class=\"no-style-override\">D<\/span>iario\u00a0<span class=\"no-style-override\">O<\/span>ficial \u201cEl Peruano<\/strong><\/p>\n<p class=\"cuerpo\">Reg\u00edstrese, comun\u00edquese y publ\u00edquese.<\/p>\n<p class=\"cuerpo\">JORGE EDUARDO FIGUEROA GUZM\u00c1N<\/p>\n<p class=\"cuerpo\">Ministro de Educaci\u00f3n<\/p>\n","protected":false},"excerpt":{"rendered":"<p>Aprueban la Norma T\u00e9cnica denominada \u201cDisposiciones para la implementaci\u00f3n del servicio educativo y de cuidado diurno con atenci\u00f3n integral, para ni\u00f1as y ni\u00f1os de<\/p>\n","protected":false},"author":1,"featured_media":18487,"comment_status":"open","ping_status":"open","sticky":false,"template":"","format":"standard","meta":{"footnotes":""},"categories":[4],"tags":[3350],"class_list":["post-18486","post","type-post","status-publish","format-standard","has-post-thumbnail","hentry","category-educacion","tag-aprueban-norma-del-cuidado-diurno-para-ninas-y-ninos-de-12-a-36-meses-de-edad-en-cunas-y-cunas-jardin-de-gestion-publica"],"yoast_head":"<!-- This site is optimized with the Yoast SEO Premium plugin v21.2 (Yoast SEO v27.4) - https:\/\/yoast.com\/product\/yoast-seo-premium-wordpress\/ -->\n<title>\u25b7 Aprueban norma del cuidado diurno para ni\u00f1as y ni\u00f1os de 12 a 36 meses de edad en cunas y cunas jard\u00edn de gesti\u00f3n p\u00fablica \u2705<\/title>\n<meta name=\"description\" content=\"\u27a8 Aprueban norma del cuidado diurno para ni\u00f1as y ni\u00f1os de 12 a 36 meses de edad en cunas y cunas jard\u00edn de gesti\u00f3n p\u00fablica\" \/>\n<meta name=\"robots\" content=\"index, follow, max-snippet:-1, max-image-preview:large, max-video-preview:-1\" \/>\n<link rel=\"canonical\" href=\"https:\/\/amautaenlinea.com\/blog\/aprueban-norma-del-cuidado-diurno-para-ninas-y-ninos-de-12-a-36-meses-de-edad-en-cunas-y-cunas-jardin-de-gestion-publica\/\" \/>\n<meta property=\"og:locale\" content=\"es_ES\" \/>\n<meta property=\"og:type\" content=\"article\" \/>\n<meta property=\"og:title\" content=\"Aprueban norma del cuidado diurno para ni\u00f1as y ni\u00f1os de 12 a 36 meses de edad en cunas y cunas jard\u00edn de gesti\u00f3n p\u00fablica\" \/>\n<meta property=\"og:description\" content=\"\u27a8 Aprueban norma del cuidado diurno para ni\u00f1as y ni\u00f1os de 12 a 36 meses de edad en cunas y cunas jard\u00edn de gesti\u00f3n p\u00fablica\" \/>\n<meta property=\"og:url\" content=\"https:\/\/amautaenlinea.com\/blog\/aprueban-norma-del-cuidado-diurno-para-ninas-y-ninos-de-12-a-36-meses-de-edad-en-cunas-y-cunas-jardin-de-gestion-publica\/\" \/>\n<meta property=\"og:site_name\" content=\"Grupo AMAUTA\" \/>\n<meta property=\"article:publisher\" content=\"https:\/\/www.facebook.com\/amautaperu.org\/\" \/>\n<meta property=\"article:published_time\" content=\"2026-01-30T11:05:25+00:00\" \/>\n<meta property=\"og:image\" content=\"https:\/\/amautaenlinea.com\/blog\/wp-content\/uploads\/2026\/01\/Aprueban-norma-del-cuidado-diurno-para-ninas-y-ninos-de-12-a-36-meses-de-edad-en-cunas-y-cunas-jardin-de-gestion-publica.png\" \/>\n\t<meta property=\"og:image:width\" content=\"1280\" \/>\n\t<meta property=\"og:image:height\" content=\"720\" \/>\n\t<meta property=\"og:image:type\" content=\"image\/png\" \/>\n<meta name=\"author\" content=\"Grupo AMAUTA EBUSINESS\" \/>\n<meta name=\"twitter:card\" content=\"summary_large_image\" \/>\n<script type=\"application\/ld+json\" class=\"yoast-schema-graph\">{\"@context\":\"https:\\\/\\\/schema.org\",\"@graph\":[{\"@type\":\"Article\",\"@id\":\"https:\\\/\\\/amautaenlinea.com\\\/blog\\\/aprueban-norma-del-cuidado-diurno-para-ninas-y-ninos-de-12-a-36-meses-de-edad-en-cunas-y-cunas-jardin-de-gestion-publica\\\/#article\",\"isPartOf\":{\"@id\":\"https:\\\/\\\/amautaenlinea.com\\\/blog\\\/aprueban-norma-del-cuidado-diurno-para-ninas-y-ninos-de-12-a-36-meses-de-edad-en-cunas-y-cunas-jardin-de-gestion-publica\\\/\"},\"author\":{\"name\":\"Grupo AMAUTA EBUSINESS\",\"@id\":\"https:\\\/\\\/amautaenlinea.com\\\/blog\\\/#\\\/schema\\\/person\\\/d8d4b5d672e9edb72a6f23fd40dd31d5\"},\"headline\":\"Aprueban norma del cuidado diurno para ni\u00f1as y ni\u00f1os de 12 a 36 meses de edad en cunas y cunas jard\u00edn de gesti\u00f3n p\u00fablica\",\"datePublished\":\"2026-01-30T11:05:25+00:00\",\"mainEntityOfPage\":{\"@id\":\"https:\\\/\\\/amautaenlinea.com\\\/blog\\\/aprueban-norma-del-cuidado-diurno-para-ninas-y-ninos-de-12-a-36-meses-de-edad-en-cunas-y-cunas-jardin-de-gestion-publica\\\/\"},\"wordCount\":1803,\"commentCount\":0,\"publisher\":{\"@id\":\"https:\\\/\\\/amautaenlinea.com\\\/blog\\\/#organization\"},\"image\":{\"@id\":\"https:\\\/\\\/amautaenlinea.com\\\/blog\\\/aprueban-norma-del-cuidado-diurno-para-ninas-y-ninos-de-12-a-36-meses-de-edad-en-cunas-y-cunas-jardin-de-gestion-publica\\\/#primaryimage\"},\"thumbnailUrl\":\"https:\\\/\\\/amautaenlinea.com\\\/blog\\\/wp-content\\\/uploads\\\/2026\\\/01\\\/Aprueban-norma-del-cuidado-diurno-para-ninas-y-ninos-de-12-a-36-meses-de-edad-en-cunas-y-cunas-jardin-de-gestion-publica.png\",\"keywords\":[\"Aprueban norma del cuidado diurno para ni\u00f1as y ni\u00f1os de 12 a 36 meses de edad en cunas y cunas jard\u00edn de gesti\u00f3n p\u00fablica\"],\"articleSection\":[\"Educaci\u00f3n\"],\"inLanguage\":\"es\",\"potentialAction\":[{\"@type\":\"CommentAction\",\"name\":\"Comment\",\"target\":[\"https:\\\/\\\/amautaenlinea.com\\\/blog\\\/aprueban-norma-del-cuidado-diurno-para-ninas-y-ninos-de-12-a-36-meses-de-edad-en-cunas-y-cunas-jardin-de-gestion-publica\\\/#respond\"]}],\"copyrightYear\":\"2026\",\"copyrightHolder\":{\"@id\":\"https:\\\/\\\/amautaenlinea.com\\\/blog\\\/#organization\"}},{\"@type\":\"WebPage\",\"@id\":\"https:\\\/\\\/amautaenlinea.com\\\/blog\\\/aprueban-norma-del-cuidado-diurno-para-ninas-y-ninos-de-12-a-36-meses-de-edad-en-cunas-y-cunas-jardin-de-gestion-publica\\\/\",\"url\":\"https:\\\/\\\/amautaenlinea.com\\\/blog\\\/aprueban-norma-del-cuidado-diurno-para-ninas-y-ninos-de-12-a-36-meses-de-edad-en-cunas-y-cunas-jardin-de-gestion-publica\\\/\",\"name\":\"\u25b7 Aprueban norma del cuidado diurno para ni\u00f1as y ni\u00f1os de 12 a 36 meses de edad en cunas y cunas jard\u00edn de gesti\u00f3n p\u00fablica \u2705\",\"isPartOf\":{\"@id\":\"https:\\\/\\\/amautaenlinea.com\\\/blog\\\/#website\"},\"primaryImageOfPage\":{\"@id\":\"https:\\\/\\\/amautaenlinea.com\\\/blog\\\/aprueban-norma-del-cuidado-diurno-para-ninas-y-ninos-de-12-a-36-meses-de-edad-en-cunas-y-cunas-jardin-de-gestion-publica\\\/#primaryimage\"},\"image\":{\"@id\":\"https:\\\/\\\/amautaenlinea.com\\\/blog\\\/aprueban-norma-del-cuidado-diurno-para-ninas-y-ninos-de-12-a-36-meses-de-edad-en-cunas-y-cunas-jardin-de-gestion-publica\\\/#primaryimage\"},\"thumbnailUrl\":\"https:\\\/\\\/amautaenlinea.com\\\/blog\\\/wp-content\\\/uploads\\\/2026\\\/01\\\/Aprueban-norma-del-cuidado-diurno-para-ninas-y-ninos-de-12-a-36-meses-de-edad-en-cunas-y-cunas-jardin-de-gestion-publica.png\",\"datePublished\":\"2026-01-30T11:05:25+00:00\",\"description\":\"\u27a8 Aprueban norma del cuidado diurno para ni\u00f1as y ni\u00f1os de 12 a 36 meses de edad en cunas y cunas jard\u00edn de gesti\u00f3n p\u00fablica\",\"breadcrumb\":{\"@id\":\"https:\\\/\\\/amautaenlinea.com\\\/blog\\\/aprueban-norma-del-cuidado-diurno-para-ninas-y-ninos-de-12-a-36-meses-de-edad-en-cunas-y-cunas-jardin-de-gestion-publica\\\/#breadcrumb\"},\"inLanguage\":\"es\",\"potentialAction\":[{\"@type\":\"ReadAction\",\"target\":[\"https:\\\/\\\/amautaenlinea.com\\\/blog\\\/aprueban-norma-del-cuidado-diurno-para-ninas-y-ninos-de-12-a-36-meses-de-edad-en-cunas-y-cunas-jardin-de-gestion-publica\\\/\"]}]},{\"@type\":\"ImageObject\",\"inLanguage\":\"es\",\"@id\":\"https:\\\/\\\/amautaenlinea.com\\\/blog\\\/aprueban-norma-del-cuidado-diurno-para-ninas-y-ninos-de-12-a-36-meses-de-edad-en-cunas-y-cunas-jardin-de-gestion-publica\\\/#primaryimage\",\"url\":\"https:\\\/\\\/amautaenlinea.com\\\/blog\\\/wp-content\\\/uploads\\\/2026\\\/01\\\/Aprueban-norma-del-cuidado-diurno-para-ninas-y-ninos-de-12-a-36-meses-de-edad-en-cunas-y-cunas-jardin-de-gestion-publica.png\",\"contentUrl\":\"https:\\\/\\\/amautaenlinea.com\\\/blog\\\/wp-content\\\/uploads\\\/2026\\\/01\\\/Aprueban-norma-del-cuidado-diurno-para-ninas-y-ninos-de-12-a-36-meses-de-edad-en-cunas-y-cunas-jardin-de-gestion-publica.png\",\"width\":1280,\"height\":720},{\"@type\":\"BreadcrumbList\",\"@id\":\"https:\\\/\\\/amautaenlinea.com\\\/blog\\\/aprueban-norma-del-cuidado-diurno-para-ninas-y-ninos-de-12-a-36-meses-de-edad-en-cunas-y-cunas-jardin-de-gestion-publica\\\/#breadcrumb\",\"itemListElement\":[{\"@type\":\"ListItem\",\"position\":1,\"name\":\"Portada\",\"item\":\"https:\\\/\\\/amautaenlinea.com\\\/blog\\\/\"},{\"@type\":\"ListItem\",\"position\":2,\"name\":\"Aprueban norma del cuidado diurno para ni\u00f1as y ni\u00f1os de 12 a 36 meses de edad en cunas y cunas jard\u00edn de gesti\u00f3n p\u00fablica\"}]},{\"@type\":\"WebSite\",\"@id\":\"https:\\\/\\\/amautaenlinea.com\\\/blog\\\/#website\",\"url\":\"https:\\\/\\\/amautaenlinea.com\\\/blog\\\/\",\"name\":\"Grupo AMAUTA\",\"description\":\"\",\"publisher\":{\"@id\":\"https:\\\/\\\/amautaenlinea.com\\\/blog\\\/#organization\"},\"potentialAction\":[{\"@type\":\"SearchAction\",\"target\":{\"@type\":\"EntryPoint\",\"urlTemplate\":\"https:\\\/\\\/amautaenlinea.com\\\/blog\\\/?s={search_term_string}\"},\"query-input\":{\"@type\":\"PropertyValueSpecification\",\"valueRequired\":true,\"valueName\":\"search_term_string\"}}],\"inLanguage\":\"es\"},{\"@type\":\"Organization\",\"@id\":\"https:\\\/\\\/amautaenlinea.com\\\/blog\\\/#organization\",\"name\":\"Grupo AMAUTA E-BUSINESS\",\"url\":\"https:\\\/\\\/amautaenlinea.com\\\/blog\\\/\",\"logo\":{\"@type\":\"ImageObject\",\"inLanguage\":\"es\",\"@id\":\"https:\\\/\\\/amautaenlinea.com\\\/blog\\\/#\\\/schema\\\/logo\\\/image\\\/\",\"url\":\"https:\\\/\\\/amautaenlinea.com\\\/blog\\\/wp-content\\\/uploads\\\/2023\\\/09\\\/logo-amauta.png\",\"contentUrl\":\"https:\\\/\\\/amautaenlinea.com\\\/blog\\\/wp-content\\\/uploads\\\/2023\\\/09\\\/logo-amauta.png\",\"width\":1124,\"height\":368,\"caption\":\"Grupo AMAUTA E-BUSINESS\"},\"image\":{\"@id\":\"https:\\\/\\\/amautaenlinea.com\\\/blog\\\/#\\\/schema\\\/logo\\\/image\\\/\"},\"sameAs\":[\"https:\\\/\\\/www.facebook.com\\\/amautaperu.org\\\/\"]},{\"@type\":\"Person\",\"@id\":\"https:\\\/\\\/amautaenlinea.com\\\/blog\\\/#\\\/schema\\\/person\\\/d8d4b5d672e9edb72a6f23fd40dd31d5\",\"name\":\"Grupo AMAUTA EBUSINESS\",\"image\":{\"@type\":\"ImageObject\",\"inLanguage\":\"es\",\"@id\":\"https:\\\/\\\/secure.gravatar.com\\\/avatar\\\/97706b54c222a710310e2db50e02e68de0a4c8bb76654bcc4053b08241c6bd6c?s=96&d=mm&r=g\",\"url\":\"https:\\\/\\\/secure.gravatar.com\\\/avatar\\\/97706b54c222a710310e2db50e02e68de0a4c8bb76654bcc4053b08241c6bd6c?s=96&d=mm&r=g\",\"contentUrl\":\"https:\\\/\\\/secure.gravatar.com\\\/avatar\\\/97706b54c222a710310e2db50e02e68de0a4c8bb76654bcc4053b08241c6bd6c?s=96&d=mm&r=g\",\"caption\":\"Grupo AMAUTA EBUSINESS\"}}]}<\/script>\n<!-- \/ Yoast SEO Premium plugin. -->","yoast_head_json":{"title":"\u25b7 Aprueban norma del cuidado diurno para ni\u00f1as y ni\u00f1os de 12 a 36 meses de edad en cunas y cunas jard\u00edn de gesti\u00f3n p\u00fablica \u2705","description":"\u27a8 Aprueban norma del cuidado diurno para ni\u00f1as y ni\u00f1os de 12 a 36 meses de edad en cunas y cunas jard\u00edn de gesti\u00f3n p\u00fablica","robots":{"index":"index","follow":"follow","max-snippet":"max-snippet:-1","max-image-preview":"max-image-preview:large","max-video-preview":"max-video-preview:-1"},"canonical":"https:\/\/amautaenlinea.com\/blog\/aprueban-norma-del-cuidado-diurno-para-ninas-y-ninos-de-12-a-36-meses-de-edad-en-cunas-y-cunas-jardin-de-gestion-publica\/","og_locale":"es_ES","og_type":"article","og_title":"Aprueban norma del cuidado diurno para ni\u00f1as y ni\u00f1os de 12 a 36 meses de edad en cunas y cunas jard\u00edn de gesti\u00f3n p\u00fablica","og_description":"\u27a8 Aprueban norma del cuidado diurno para ni\u00f1as y ni\u00f1os de 12 a 36 meses de edad en cunas y cunas jard\u00edn de gesti\u00f3n p\u00fablica","og_url":"https:\/\/amautaenlinea.com\/blog\/aprueban-norma-del-cuidado-diurno-para-ninas-y-ninos-de-12-a-36-meses-de-edad-en-cunas-y-cunas-jardin-de-gestion-publica\/","og_site_name":"Grupo AMAUTA","article_publisher":"https:\/\/www.facebook.com\/amautaperu.org\/","article_published_time":"2026-01-30T11:05:25+00:00","og_image":[{"width":1280,"height":720,"url":"https:\/\/amautaenlinea.com\/blog\/wp-content\/uploads\/2026\/01\/Aprueban-norma-del-cuidado-diurno-para-ninas-y-ninos-de-12-a-36-meses-de-edad-en-cunas-y-cunas-jardin-de-gestion-publica.png","type":"image\/png"}],"author":"Grupo AMAUTA EBUSINESS","twitter_card":"summary_large_image","schema":{"@context":"https:\/\/schema.org","@graph":[{"@type":"Article","@id":"https:\/\/amautaenlinea.com\/blog\/aprueban-norma-del-cuidado-diurno-para-ninas-y-ninos-de-12-a-36-meses-de-edad-en-cunas-y-cunas-jardin-de-gestion-publica\/#article","isPartOf":{"@id":"https:\/\/amautaenlinea.com\/blog\/aprueban-norma-del-cuidado-diurno-para-ninas-y-ninos-de-12-a-36-meses-de-edad-en-cunas-y-cunas-jardin-de-gestion-publica\/"},"author":{"name":"Grupo AMAUTA EBUSINESS","@id":"https:\/\/amautaenlinea.com\/blog\/#\/schema\/person\/d8d4b5d672e9edb72a6f23fd40dd31d5"},"headline":"Aprueban norma del cuidado diurno para ni\u00f1as y ni\u00f1os de 12 a 36 meses de edad en cunas y cunas jard\u00edn de gesti\u00f3n p\u00fablica","datePublished":"2026-01-30T11:05:25+00:00","mainEntityOfPage":{"@id":"https:\/\/amautaenlinea.com\/blog\/aprueban-norma-del-cuidado-diurno-para-ninas-y-ninos-de-12-a-36-meses-de-edad-en-cunas-y-cunas-jardin-de-gestion-publica\/"},"wordCount":1803,"commentCount":0,"publisher":{"@id":"https:\/\/amautaenlinea.com\/blog\/#organization"},"image":{"@id":"https:\/\/amautaenlinea.com\/blog\/aprueban-norma-del-cuidado-diurno-para-ninas-y-ninos-de-12-a-36-meses-de-edad-en-cunas-y-cunas-jardin-de-gestion-publica\/#primaryimage"},"thumbnailUrl":"https:\/\/amautaenlinea.com\/blog\/wp-content\/uploads\/2026\/01\/Aprueban-norma-del-cuidado-diurno-para-ninas-y-ninos-de-12-a-36-meses-de-edad-en-cunas-y-cunas-jardin-de-gestion-publica.png","keywords":["Aprueban norma del cuidado diurno para ni\u00f1as y ni\u00f1os de 12 a 36 meses de edad en cunas y cunas jard\u00edn de gesti\u00f3n p\u00fablica"],"articleSection":["Educaci\u00f3n"],"inLanguage":"es","potentialAction":[{"@type":"CommentAction","name":"Comment","target":["https:\/\/amautaenlinea.com\/blog\/aprueban-norma-del-cuidado-diurno-para-ninas-y-ninos-de-12-a-36-meses-de-edad-en-cunas-y-cunas-jardin-de-gestion-publica\/#respond"]}],"copyrightYear":"2026","copyrightHolder":{"@id":"https:\/\/amautaenlinea.com\/blog\/#organization"}},{"@type":"WebPage","@id":"https:\/\/amautaenlinea.com\/blog\/aprueban-norma-del-cuidado-diurno-para-ninas-y-ninos-de-12-a-36-meses-de-edad-en-cunas-y-cunas-jardin-de-gestion-publica\/","url":"https:\/\/amautaenlinea.com\/blog\/aprueban-norma-del-cuidado-diurno-para-ninas-y-ninos-de-12-a-36-meses-de-edad-en-cunas-y-cunas-jardin-de-gestion-publica\/","name":"\u25b7 Aprueban norma del cuidado diurno para ni\u00f1as y ni\u00f1os de 12 a 36 meses de edad en cunas y cunas jard\u00edn de gesti\u00f3n p\u00fablica \u2705","isPartOf":{"@id":"https:\/\/amautaenlinea.com\/blog\/#website"},"primaryImageOfPage":{"@id":"https:\/\/amautaenlinea.com\/blog\/aprueban-norma-del-cuidado-diurno-para-ninas-y-ninos-de-12-a-36-meses-de-edad-en-cunas-y-cunas-jardin-de-gestion-publica\/#primaryimage"},"image":{"@id":"https:\/\/amautaenlinea.com\/blog\/aprueban-norma-del-cuidado-diurno-para-ninas-y-ninos-de-12-a-36-meses-de-edad-en-cunas-y-cunas-jardin-de-gestion-publica\/#primaryimage"},"thumbnailUrl":"https:\/\/amautaenlinea.com\/blog\/wp-content\/uploads\/2026\/01\/Aprueban-norma-del-cuidado-diurno-para-ninas-y-ninos-de-12-a-36-meses-de-edad-en-cunas-y-cunas-jardin-de-gestion-publica.png","datePublished":"2026-01-30T11:05:25+00:00","description":"\u27a8 Aprueban norma del cuidado diurno para ni\u00f1as y ni\u00f1os de 12 a 36 meses de edad en cunas y cunas jard\u00edn de gesti\u00f3n p\u00fablica","breadcrumb":{"@id":"https:\/\/amautaenlinea.com\/blog\/aprueban-norma-del-cuidado-diurno-para-ninas-y-ninos-de-12-a-36-meses-de-edad-en-cunas-y-cunas-jardin-de-gestion-publica\/#breadcrumb"},"inLanguage":"es","potentialAction":[{"@type":"ReadAction","target":["https:\/\/amautaenlinea.com\/blog\/aprueban-norma-del-cuidado-diurno-para-ninas-y-ninos-de-12-a-36-meses-de-edad-en-cunas-y-cunas-jardin-de-gestion-publica\/"]}]},{"@type":"ImageObject","inLanguage":"es","@id":"https:\/\/amautaenlinea.com\/blog\/aprueban-norma-del-cuidado-diurno-para-ninas-y-ninos-de-12-a-36-meses-de-edad-en-cunas-y-cunas-jardin-de-gestion-publica\/#primaryimage","url":"https:\/\/amautaenlinea.com\/blog\/wp-content\/uploads\/2026\/01\/Aprueban-norma-del-cuidado-diurno-para-ninas-y-ninos-de-12-a-36-meses-de-edad-en-cunas-y-cunas-jardin-de-gestion-publica.png","contentUrl":"https:\/\/amautaenlinea.com\/blog\/wp-content\/uploads\/2026\/01\/Aprueban-norma-del-cuidado-diurno-para-ninas-y-ninos-de-12-a-36-meses-de-edad-en-cunas-y-cunas-jardin-de-gestion-publica.png","width":1280,"height":720},{"@type":"BreadcrumbList","@id":"https:\/\/amautaenlinea.com\/blog\/aprueban-norma-del-cuidado-diurno-para-ninas-y-ninos-de-12-a-36-meses-de-edad-en-cunas-y-cunas-jardin-de-gestion-publica\/#breadcrumb","itemListElement":[{"@type":"ListItem","position":1,"name":"Portada","item":"https:\/\/amautaenlinea.com\/blog\/"},{"@type":"ListItem","position":2,"name":"Aprueban norma del cuidado diurno para ni\u00f1as y ni\u00f1os de 12 a 36 meses de edad en cunas y cunas jard\u00edn de gesti\u00f3n p\u00fablica"}]},{"@type":"WebSite","@id":"https:\/\/amautaenlinea.com\/blog\/#website","url":"https:\/\/amautaenlinea.com\/blog\/","name":"Grupo AMAUTA","description":"","publisher":{"@id":"https:\/\/amautaenlinea.com\/blog\/#organization"},"potentialAction":[{"@type":"SearchAction","target":{"@type":"EntryPoint","urlTemplate":"https:\/\/amautaenlinea.com\/blog\/?s={search_term_string}"},"query-input":{"@type":"PropertyValueSpecification","valueRequired":true,"valueName":"search_term_string"}}],"inLanguage":"es"},{"@type":"Organization","@id":"https:\/\/amautaenlinea.com\/blog\/#organization","name":"Grupo AMAUTA E-BUSINESS","url":"https:\/\/amautaenlinea.com\/blog\/","logo":{"@type":"ImageObject","inLanguage":"es","@id":"https:\/\/amautaenlinea.com\/blog\/#\/schema\/logo\/image\/","url":"https:\/\/amautaenlinea.com\/blog\/wp-content\/uploads\/2023\/09\/logo-amauta.png","contentUrl":"https:\/\/amautaenlinea.com\/blog\/wp-content\/uploads\/2023\/09\/logo-amauta.png","width":1124,"height":368,"caption":"Grupo AMAUTA E-BUSINESS"},"image":{"@id":"https:\/\/amautaenlinea.com\/blog\/#\/schema\/logo\/image\/"},"sameAs":["https:\/\/www.facebook.com\/amautaperu.org\/"]},{"@type":"Person","@id":"https:\/\/amautaenlinea.com\/blog\/#\/schema\/person\/d8d4b5d672e9edb72a6f23fd40dd31d5","name":"Grupo AMAUTA EBUSINESS","image":{"@type":"ImageObject","inLanguage":"es","@id":"https:\/\/secure.gravatar.com\/avatar\/97706b54c222a710310e2db50e02e68de0a4c8bb76654bcc4053b08241c6bd6c?s=96&d=mm&r=g","url":"https:\/\/secure.gravatar.com\/avatar\/97706b54c222a710310e2db50e02e68de0a4c8bb76654bcc4053b08241c6bd6c?s=96&d=mm&r=g","contentUrl":"https:\/\/secure.gravatar.com\/avatar\/97706b54c222a710310e2db50e02e68de0a4c8bb76654bcc4053b08241c6bd6c?s=96&d=mm&r=g","caption":"Grupo AMAUTA EBUSINESS"}}]}},"_links":{"self":[{"href":"https:\/\/amautaenlinea.com\/blog\/wp-json\/wp\/v2\/posts\/18486","targetHints":{"allow":["GET"]}}],"collection":[{"href":"https:\/\/amautaenlinea.com\/blog\/wp-json\/wp\/v2\/posts"}],"about":[{"href":"https:\/\/amautaenlinea.com\/blog\/wp-json\/wp\/v2\/types\/post"}],"author":[{"embeddable":true,"href":"https:\/\/amautaenlinea.com\/blog\/wp-json\/wp\/v2\/users\/1"}],"replies":[{"embeddable":true,"href":"https:\/\/amautaenlinea.com\/blog\/wp-json\/wp\/v2\/comments?post=18486"}],"version-history":[{"count":1,"href":"https:\/\/amautaenlinea.com\/blog\/wp-json\/wp\/v2\/posts\/18486\/revisions"}],"predecessor-version":[{"id":18488,"href":"https:\/\/amautaenlinea.com\/blog\/wp-json\/wp\/v2\/posts\/18486\/revisions\/18488"}],"wp:featuredmedia":[{"embeddable":true,"href":"https:\/\/amautaenlinea.com\/blog\/wp-json\/wp\/v2\/media\/18487"}],"wp:attachment":[{"href":"https:\/\/amautaenlinea.com\/blog\/wp-json\/wp\/v2\/media?parent=18486"}],"wp:term":[{"taxonomy":"category","embeddable":true,"href":"https:\/\/amautaenlinea.com\/blog\/wp-json\/wp\/v2\/categories?post=18486"},{"taxonomy":"post_tag","embeddable":true,"href":"https:\/\/amautaenlinea.com\/blog\/wp-json\/wp\/v2\/tags?post=18486"}],"curies":[{"name":"wp","href":"https:\/\/api.w.org\/{rel}","templated":true}]}}