{"id":18360,"date":"2026-01-11T16:46:39","date_gmt":"2026-01-11T21:46:39","guid":{"rendered":"https:\/\/amautaenlinea.com\/blog\/?p=18360"},"modified":"2026-01-11T16:46:39","modified_gmt":"2026-01-11T21:46:39","slug":"minedu-salio-las-precisiones-anexos-y-reglamento-oficial-de-destaque-docente-2026-lo-ultimo","status":"publish","type":"post","link":"https:\/\/amautaenlinea.com\/blog\/minedu-salio-las-precisiones-anexos-y-reglamento-oficial-de-destaque-docente-2026-lo-ultimo\/","title":{"rendered":"Minedu: Sali\u00f3 las precisiones anexos y reglamento oficial de Destaque Docente 2026 \u00a1LO \u00daLTIMO!"},"content":{"rendered":"<h2>RVM N\u00b0 009-2026-MINEDU<\/h2>\n<h2>\u201cDisposiciones que regulan el procedimiento para el destaque de los profesores en el marco de la Ley de Reforma Magisterial y su Reglamento\u201d<\/h2>\n<h2>Objetivo<\/h2>\n<p>Regular el procedimiento para el desplazamiento por destaque de los profesores de educaci\u00f3n b\u00e1sica y t\u00e9cnico &#8211; productiva, en el marco de lo establecido en la Ley N\u00b0 29944, Ley de Reforma Magisterial y su Reglamento, aprobado mediante Decreto Supremo N\u00b0 004-2013-ED.<\/p>\n<h2>DISPOSICIONES GENERALES<\/h2>\n<p>6.1.1 El procedimiento de destaque se inicia con la presentaci\u00f3n de la solicitud por el profesor, a trav\u00e9s de la mesa de partes f\u00edsica o virtual de la UGEL\/DRE, seg\u00fan<br \/>\ncorresponda, se\u00f1alando la causal; y, culmina con la emisi\u00f3n de la resoluci\u00f3n que autoriza el destaque (en adelante, resoluci\u00f3n de destaque) emitida por la UGEL\/DRE de destino, o con la denegatoria de la solicitud de destaque que se materializa a trav\u00e9s de un acto administrativo emitido por la UGEL\/DRE.<\/p>\n<p>6.1.2 La autorizaci\u00f3n del destaque no opera autom\u00e1ticamente con la presentaci\u00f3n de la solicitud, toda vez que se requiere de la emisi\u00f3n de la resoluci\u00f3n de destaque.<\/p>\n<p>6.1.3 El profesor debe encontrarse desarrollando labor efectiva en el cargo en el que se encuentra nombrado o designado desde el inicio de la vigencia del destaque, salvo se encuentre gozando de licencia por incapacidad temporal o maternidad.<\/p>\n<p>6.1.4 Mientras dure su destaque, el profesor mantiene la reserva de su plaza de la cual es titular en la IGED de origen.<\/p>\n<p>6.1.5 El profesor destacado percibe su remuneraci\u00f3n en la IGED de destino, de acuerdo al cargo y a la escala magisterial que ostenta, as\u00ed como, las asignaciones temporales por ubicaci\u00f3n y tipo de IE que correspondan a la IE de destino; asimismo, en caso la vigencia del destaque sea hasta el treinta y uno (31) de diciembre del a\u00f1o fiscal respectivo, el pago de la remuneraci\u00f3n vacacional lo efect\u00faa la IGED de destino.<\/p>\n<p>6.1.6 De concluir el destaque antes del 31 de diciembre, el profesor retorna a su plaza reservada en la IGED de origen, quien asume el pago de su remuneraci\u00f3n, el total de la remuneraci\u00f3n vacacional y asignaciones temporales, que correspondan.<\/p>\n<p>6.1.7 El profesor destacado, de presentarse el caso, solicita sus beneficios sociales, de subsidio por luto y sepelio, asignaciones por tiempo de servicios y compensaci\u00f3n por tiempo de servicios, en la IGED de origen.<\/p>\n<p>6.1.8 Los profesores designados del \u00e1rea de desempe\u00f1o laboral de gesti\u00f3n institucional, no podr\u00e1n participar del proceso de destaque en el a\u00f1o previo a su evaluaci\u00f3n de desempe\u00f1o.<\/p>\n<p>6.1.9 En caso el destaque que se solicita sea dirigido para IIEE del modelo de servicio educativo de Educaci\u00f3n Intercultural Biling\u00fce, el solicitante debe estar incorporado en el Registro Nacional de Docentes Biling\u00fces de Lenguas Originarias del Per\u00fa y acreditar el nivel de dominio requerido de la lengua originaria de los estudiantes, el cual debe encontrarse registrado en el informe escalafonario de destaque.<\/p>\n<p>6.1.10 La solicitud de destaque del profesor designado, ser\u00e1 evaluada en el mes previo al inicio del procedimiento de encargatura, y de manera excepcional posterior a la citada fecha si la plaza en la jurisdicci\u00f3n de la UGEL\/DRE de destino, estuviera vacante.<\/p>\n<p>6.1.11 El jefe de recursos humanos o el que haga sus veces en la UGEL\/DRE, es el responsable de evaluar el cumplimiento de requisitos, plazos, prohibiciones y<br \/>\ncausales de conclusi\u00f3n, observando lo dispuesto en la presente norma t\u00e9cnica.<\/p>\n<p>6.1.12 De proceder la solicitud de destaque corresponde a la UGEL\/DRE de destino emitir la resoluci\u00f3n de destaque, notificando a la UGEL\/DRE de origen.<\/p>\n<p>6.1.13 La UGEL\/DRE de origen, emite de oficio el cese de pago, detallando la remuneraci\u00f3n percibida hasta el d\u00eda anterior a la fecha de inicio en que se configurar\u00eda el desplazamiento del profesor, a fin de ser remitido a la UGEL\/DRE de destino.<\/p>\n<p>6.1.14 Los actos administrativos que resuelven dar t\u00e9rmino a la relaci\u00f3n laboral son expedidos por la UGEL\/DRE de origen en la que se encuentra nombrado el profesor destacado.<br \/>\n6.1.15 El proceso de tramitaci\u00f3n del destaque no debe exceder los treinta (30) d\u00edas h\u00e1biles, contabilizados desde la presentaci\u00f3n de la solicitud hasta la emisi\u00f3n de la resoluci\u00f3n de destaque o el acto administrativo de denegatoria.<\/p>\n<h3><a href=\"https:\/\/cdn.www.gob.pe\/uploads\/document\/file\/9272761\/7608029-rvm-n-009-2026-minedu.pdf?v=1768142060\">DESCARGUE AQU\u00cd LOS ANEXOS Y PRECISIONES PARA EL DESTAQUE DOCENTE 2026<\/a><\/h3>\n","protected":false},"excerpt":{"rendered":"<p>RVM N\u00b0 009-2026-MINEDU \u201cDisposiciones que regulan el procedimiento para el destaque de los profesores en el marco de la Ley de Reforma Magisterial y<\/p>\n","protected":false},"author":1,"featured_media":18361,"comment_status":"open","ping_status":"open","sticky":false,"template":"","format":"standard","meta":{"footnotes":""},"categories":[4],"tags":[3316],"class_list":["post-18360","post","type-post","status-publish","format-standard","has-post-thumbnail","hentry","category-educacion","tag-salio-las-precisiones-anexos-y-reglamento-oficial-de-destaque-docente-2026"],"yoast_head":"<!-- This site is optimized with the Yoast SEO Premium plugin v21.2 (Yoast SEO v27.5) - https:\/\/yoast.com\/product\/yoast-seo-premium-wordpress\/ -->\n<title>\u25b7 Minedu: Sali\u00f3 las precisiones anexos y reglamento oficial de Destaque Docente 2026 \u00a1LO \u00daLTIMO! \u2705<\/title>\n<meta name=\"description\" content=\"\u27a8 Sali\u00f3 las precisiones anexos y reglamento oficial de Destaque Docente 2026\" \/>\n<meta name=\"robots\" content=\"index, follow, max-snippet:-1, max-image-preview:large, max-video-preview:-1\" \/>\n<link rel=\"canonical\" href=\"https:\/\/amautaenlinea.com\/blog\/minedu-salio-las-precisiones-anexos-y-reglamento-oficial-de-destaque-docente-2026-lo-ultimo\/\" \/>\n<meta property=\"og:locale\" content=\"es_ES\" \/>\n<meta property=\"og:type\" content=\"article\" \/>\n<meta property=\"og:title\" content=\"Minedu: Sali\u00f3 las precisiones anexos y reglamento oficial de Destaque Docente 2026 \u00a1LO \u00daLTIMO!\" \/>\n<meta property=\"og:description\" content=\"\u27a8 Sali\u00f3 las precisiones anexos y reglamento oficial de Destaque Docente 2026\" \/>\n<meta property=\"og:url\" content=\"https:\/\/amautaenlinea.com\/blog\/minedu-salio-las-precisiones-anexos-y-reglamento-oficial-de-destaque-docente-2026-lo-ultimo\/\" \/>\n<meta property=\"og:site_name\" content=\"Grupo AMAUTA\" \/>\n<meta property=\"article:publisher\" content=\"https:\/\/www.facebook.com\/amautaperu.org\/\" \/>\n<meta property=\"article:published_time\" content=\"2026-01-11T21:46:39+00:00\" \/>\n<meta property=\"og:image\" content=\"https:\/\/amautaenlinea.com\/blog\/wp-content\/uploads\/2026\/01\/Salio-las-precisiones-anexos-y-reglamento-oficial-de-Destaque-Docente-2026.png\" \/>\n\t<meta property=\"og:image:width\" content=\"1280\" \/>\n\t<meta property=\"og:image:height\" content=\"720\" \/>\n\t<meta property=\"og:image:type\" content=\"image\/png\" \/>\n<meta name=\"author\" content=\"Grupo AMAUTA EBUSINESS\" \/>\n<meta name=\"twitter:card\" content=\"summary_large_image\" \/>\n<script type=\"application\/ld+json\" class=\"yoast-schema-graph\">{\"@context\":\"https:\\\/\\\/schema.org\",\"@graph\":[{\"@type\":\"Article\",\"@id\":\"https:\\\/\\\/amautaenlinea.com\\\/blog\\\/minedu-salio-las-precisiones-anexos-y-reglamento-oficial-de-destaque-docente-2026-lo-ultimo\\\/#article\",\"isPartOf\":{\"@id\":\"https:\\\/\\\/amautaenlinea.com\\\/blog\\\/minedu-salio-las-precisiones-anexos-y-reglamento-oficial-de-destaque-docente-2026-lo-ultimo\\\/\"},\"author\":{\"name\":\"Grupo AMAUTA EBUSINESS\",\"@id\":\"https:\\\/\\\/amautaenlinea.com\\\/blog\\\/#\\\/schema\\\/person\\\/d8d4b5d672e9edb72a6f23fd40dd31d5\"},\"headline\":\"Minedu: Sali\u00f3 las precisiones anexos y reglamento oficial de Destaque Docente 2026 \u00a1LO \u00daLTIMO!\",\"datePublished\":\"2026-01-11T21:46:39+00:00\",\"mainEntityOfPage\":{\"@id\":\"https:\\\/\\\/amautaenlinea.com\\\/blog\\\/minedu-salio-las-precisiones-anexos-y-reglamento-oficial-de-destaque-docente-2026-lo-ultimo\\\/\"},\"wordCount\":752,\"commentCount\":0,\"publisher\":{\"@id\":\"https:\\\/\\\/amautaenlinea.com\\\/blog\\\/#organization\"},\"image\":{\"@id\":\"https:\\\/\\\/amautaenlinea.com\\\/blog\\\/minedu-salio-las-precisiones-anexos-y-reglamento-oficial-de-destaque-docente-2026-lo-ultimo\\\/#primaryimage\"},\"thumbnailUrl\":\"https:\\\/\\\/amautaenlinea.com\\\/blog\\\/wp-content\\\/uploads\\\/2026\\\/01\\\/Salio-las-precisiones-anexos-y-reglamento-oficial-de-Destaque-Docente-2026.png\",\"keywords\":[\"Sali\u00f3 las precisiones anexos y reglamento oficial de Destaque Docente 2026\"],\"articleSection\":[\"Educaci\u00f3n\"],\"inLanguage\":\"es\",\"potentialAction\":[{\"@type\":\"CommentAction\",\"name\":\"Comment\",\"target\":[\"https:\\\/\\\/amautaenlinea.com\\\/blog\\\/minedu-salio-las-precisiones-anexos-y-reglamento-oficial-de-destaque-docente-2026-lo-ultimo\\\/#respond\"]}],\"copyrightYear\":\"2026\",\"copyrightHolder\":{\"@id\":\"https:\\\/\\\/amautaenlinea.com\\\/blog\\\/#organization\"}},{\"@type\":\"WebPage\",\"@id\":\"https:\\\/\\\/amautaenlinea.com\\\/blog\\\/minedu-salio-las-precisiones-anexos-y-reglamento-oficial-de-destaque-docente-2026-lo-ultimo\\\/\",\"url\":\"https:\\\/\\\/amautaenlinea.com\\\/blog\\\/minedu-salio-las-precisiones-anexos-y-reglamento-oficial-de-destaque-docente-2026-lo-ultimo\\\/\",\"name\":\"\u25b7 Minedu: Sali\u00f3 las precisiones anexos y reglamento oficial de Destaque Docente 2026 \u00a1LO \u00daLTIMO! \u2705\",\"isPartOf\":{\"@id\":\"https:\\\/\\\/amautaenlinea.com\\\/blog\\\/#website\"},\"primaryImageOfPage\":{\"@id\":\"https:\\\/\\\/amautaenlinea.com\\\/blog\\\/minedu-salio-las-precisiones-anexos-y-reglamento-oficial-de-destaque-docente-2026-lo-ultimo\\\/#primaryimage\"},\"image\":{\"@id\":\"https:\\\/\\\/amautaenlinea.com\\\/blog\\\/minedu-salio-las-precisiones-anexos-y-reglamento-oficial-de-destaque-docente-2026-lo-ultimo\\\/#primaryimage\"},\"thumbnailUrl\":\"https:\\\/\\\/amautaenlinea.com\\\/blog\\\/wp-content\\\/uploads\\\/2026\\\/01\\\/Salio-las-precisiones-anexos-y-reglamento-oficial-de-Destaque-Docente-2026.png\",\"datePublished\":\"2026-01-11T21:46:39+00:00\",\"description\":\"\u27a8 Sali\u00f3 las precisiones anexos y reglamento oficial de Destaque Docente 2026\",\"breadcrumb\":{\"@id\":\"https:\\\/\\\/amautaenlinea.com\\\/blog\\\/minedu-salio-las-precisiones-anexos-y-reglamento-oficial-de-destaque-docente-2026-lo-ultimo\\\/#breadcrumb\"},\"inLanguage\":\"es\",\"potentialAction\":[{\"@type\":\"ReadAction\",\"target\":[\"https:\\\/\\\/amautaenlinea.com\\\/blog\\\/minedu-salio-las-precisiones-anexos-y-reglamento-oficial-de-destaque-docente-2026-lo-ultimo\\\/\"]}]},{\"@type\":\"ImageObject\",\"inLanguage\":\"es\",\"@id\":\"https:\\\/\\\/amautaenlinea.com\\\/blog\\\/minedu-salio-las-precisiones-anexos-y-reglamento-oficial-de-destaque-docente-2026-lo-ultimo\\\/#primaryimage\",\"url\":\"https:\\\/\\\/amautaenlinea.com\\\/blog\\\/wp-content\\\/uploads\\\/2026\\\/01\\\/Salio-las-precisiones-anexos-y-reglamento-oficial-de-Destaque-Docente-2026.png\",\"contentUrl\":\"https:\\\/\\\/amautaenlinea.com\\\/blog\\\/wp-content\\\/uploads\\\/2026\\\/01\\\/Salio-las-precisiones-anexos-y-reglamento-oficial-de-Destaque-Docente-2026.png\",\"width\":1280,\"height\":720},{\"@type\":\"BreadcrumbList\",\"@id\":\"https:\\\/\\\/amautaenlinea.com\\\/blog\\\/minedu-salio-las-precisiones-anexos-y-reglamento-oficial-de-destaque-docente-2026-lo-ultimo\\\/#breadcrumb\",\"itemListElement\":[{\"@type\":\"ListItem\",\"position\":1,\"name\":\"Portada\",\"item\":\"https:\\\/\\\/amautaenlinea.com\\\/blog\\\/\"},{\"@type\":\"ListItem\",\"position\":2,\"name\":\"Minedu: Sali\u00f3 las precisiones anexos y reglamento oficial de Destaque Docente 2026 \u00a1LO \u00daLTIMO!\"}]},{\"@type\":\"WebSite\",\"@id\":\"https:\\\/\\\/amautaenlinea.com\\\/blog\\\/#website\",\"url\":\"https:\\\/\\\/amautaenlinea.com\\\/blog\\\/\",\"name\":\"Grupo AMAUTA\",\"description\":\"\",\"publisher\":{\"@id\":\"https:\\\/\\\/amautaenlinea.com\\\/blog\\\/#organization\"},\"potentialAction\":[{\"@type\":\"SearchAction\",\"target\":{\"@type\":\"EntryPoint\",\"urlTemplate\":\"https:\\\/\\\/amautaenlinea.com\\\/blog\\\/?s={search_term_string}\"},\"query-input\":{\"@type\":\"PropertyValueSpecification\",\"valueRequired\":true,\"valueName\":\"search_term_string\"}}],\"inLanguage\":\"es\"},{\"@type\":\"Organization\",\"@id\":\"https:\\\/\\\/amautaenlinea.com\\\/blog\\\/#organization\",\"name\":\"Grupo AMAUTA E-BUSINESS\",\"url\":\"https:\\\/\\\/amautaenlinea.com\\\/blog\\\/\",\"logo\":{\"@type\":\"ImageObject\",\"inLanguage\":\"es\",\"@id\":\"https:\\\/\\\/amautaenlinea.com\\\/blog\\\/#\\\/schema\\\/logo\\\/image\\\/\",\"url\":\"https:\\\/\\\/amautaenlinea.com\\\/blog\\\/wp-content\\\/uploads\\\/2023\\\/09\\\/logo-amauta.png\",\"contentUrl\":\"https:\\\/\\\/amautaenlinea.com\\\/blog\\\/wp-content\\\/uploads\\\/2023\\\/09\\\/logo-amauta.png\",\"width\":1124,\"height\":368,\"caption\":\"Grupo AMAUTA E-BUSINESS\"},\"image\":{\"@id\":\"https:\\\/\\\/amautaenlinea.com\\\/blog\\\/#\\\/schema\\\/logo\\\/image\\\/\"},\"sameAs\":[\"https:\\\/\\\/www.facebook.com\\\/amautaperu.org\\\/\"]},{\"@type\":\"Person\",\"@id\":\"https:\\\/\\\/amautaenlinea.com\\\/blog\\\/#\\\/schema\\\/person\\\/d8d4b5d672e9edb72a6f23fd40dd31d5\",\"name\":\"Grupo AMAUTA EBUSINESS\",\"image\":{\"@type\":\"ImageObject\",\"inLanguage\":\"es\",\"@id\":\"https:\\\/\\\/secure.gravatar.com\\\/avatar\\\/97706b54c222a710310e2db50e02e68de0a4c8bb76654bcc4053b08241c6bd6c?s=96&d=mm&r=g\",\"url\":\"https:\\\/\\\/secure.gravatar.com\\\/avatar\\\/97706b54c222a710310e2db50e02e68de0a4c8bb76654bcc4053b08241c6bd6c?s=96&d=mm&r=g\",\"contentUrl\":\"https:\\\/\\\/secure.gravatar.com\\\/avatar\\\/97706b54c222a710310e2db50e02e68de0a4c8bb76654bcc4053b08241c6bd6c?s=96&d=mm&r=g\",\"caption\":\"Grupo AMAUTA EBUSINESS\"}}]}<\/script>\n<!-- \/ Yoast SEO Premium plugin. -->","yoast_head_json":{"title":"\u25b7 Minedu: Sali\u00f3 las precisiones anexos y reglamento oficial de Destaque Docente 2026 \u00a1LO \u00daLTIMO! \u2705","description":"\u27a8 Sali\u00f3 las precisiones anexos y reglamento oficial de Destaque Docente 2026","robots":{"index":"index","follow":"follow","max-snippet":"max-snippet:-1","max-image-preview":"max-image-preview:large","max-video-preview":"max-video-preview:-1"},"canonical":"https:\/\/amautaenlinea.com\/blog\/minedu-salio-las-precisiones-anexos-y-reglamento-oficial-de-destaque-docente-2026-lo-ultimo\/","og_locale":"es_ES","og_type":"article","og_title":"Minedu: Sali\u00f3 las precisiones anexos y reglamento oficial de Destaque Docente 2026 \u00a1LO \u00daLTIMO!","og_description":"\u27a8 Sali\u00f3 las precisiones anexos y reglamento oficial de Destaque Docente 2026","og_url":"https:\/\/amautaenlinea.com\/blog\/minedu-salio-las-precisiones-anexos-y-reglamento-oficial-de-destaque-docente-2026-lo-ultimo\/","og_site_name":"Grupo AMAUTA","article_publisher":"https:\/\/www.facebook.com\/amautaperu.org\/","article_published_time":"2026-01-11T21:46:39+00:00","og_image":[{"width":1280,"height":720,"url":"https:\/\/amautaenlinea.com\/blog\/wp-content\/uploads\/2026\/01\/Salio-las-precisiones-anexos-y-reglamento-oficial-de-Destaque-Docente-2026.png","type":"image\/png"}],"author":"Grupo AMAUTA EBUSINESS","twitter_card":"summary_large_image","schema":{"@context":"https:\/\/schema.org","@graph":[{"@type":"Article","@id":"https:\/\/amautaenlinea.com\/blog\/minedu-salio-las-precisiones-anexos-y-reglamento-oficial-de-destaque-docente-2026-lo-ultimo\/#article","isPartOf":{"@id":"https:\/\/amautaenlinea.com\/blog\/minedu-salio-las-precisiones-anexos-y-reglamento-oficial-de-destaque-docente-2026-lo-ultimo\/"},"author":{"name":"Grupo AMAUTA EBUSINESS","@id":"https:\/\/amautaenlinea.com\/blog\/#\/schema\/person\/d8d4b5d672e9edb72a6f23fd40dd31d5"},"headline":"Minedu: Sali\u00f3 las precisiones anexos y reglamento oficial de Destaque Docente 2026 \u00a1LO \u00daLTIMO!","datePublished":"2026-01-11T21:46:39+00:00","mainEntityOfPage":{"@id":"https:\/\/amautaenlinea.com\/blog\/minedu-salio-las-precisiones-anexos-y-reglamento-oficial-de-destaque-docente-2026-lo-ultimo\/"},"wordCount":752,"commentCount":0,"publisher":{"@id":"https:\/\/amautaenlinea.com\/blog\/#organization"},"image":{"@id":"https:\/\/amautaenlinea.com\/blog\/minedu-salio-las-precisiones-anexos-y-reglamento-oficial-de-destaque-docente-2026-lo-ultimo\/#primaryimage"},"thumbnailUrl":"https:\/\/amautaenlinea.com\/blog\/wp-content\/uploads\/2026\/01\/Salio-las-precisiones-anexos-y-reglamento-oficial-de-Destaque-Docente-2026.png","keywords":["Sali\u00f3 las precisiones anexos y reglamento oficial de Destaque Docente 2026"],"articleSection":["Educaci\u00f3n"],"inLanguage":"es","potentialAction":[{"@type":"CommentAction","name":"Comment","target":["https:\/\/amautaenlinea.com\/blog\/minedu-salio-las-precisiones-anexos-y-reglamento-oficial-de-destaque-docente-2026-lo-ultimo\/#respond"]}],"copyrightYear":"2026","copyrightHolder":{"@id":"https:\/\/amautaenlinea.com\/blog\/#organization"}},{"@type":"WebPage","@id":"https:\/\/amautaenlinea.com\/blog\/minedu-salio-las-precisiones-anexos-y-reglamento-oficial-de-destaque-docente-2026-lo-ultimo\/","url":"https:\/\/amautaenlinea.com\/blog\/minedu-salio-las-precisiones-anexos-y-reglamento-oficial-de-destaque-docente-2026-lo-ultimo\/","name":"\u25b7 Minedu: Sali\u00f3 las precisiones anexos y reglamento oficial de Destaque Docente 2026 \u00a1LO \u00daLTIMO! \u2705","isPartOf":{"@id":"https:\/\/amautaenlinea.com\/blog\/#website"},"primaryImageOfPage":{"@id":"https:\/\/amautaenlinea.com\/blog\/minedu-salio-las-precisiones-anexos-y-reglamento-oficial-de-destaque-docente-2026-lo-ultimo\/#primaryimage"},"image":{"@id":"https:\/\/amautaenlinea.com\/blog\/minedu-salio-las-precisiones-anexos-y-reglamento-oficial-de-destaque-docente-2026-lo-ultimo\/#primaryimage"},"thumbnailUrl":"https:\/\/amautaenlinea.com\/blog\/wp-content\/uploads\/2026\/01\/Salio-las-precisiones-anexos-y-reglamento-oficial-de-Destaque-Docente-2026.png","datePublished":"2026-01-11T21:46:39+00:00","description":"\u27a8 Sali\u00f3 las precisiones anexos y reglamento oficial de Destaque Docente 2026","breadcrumb":{"@id":"https:\/\/amautaenlinea.com\/blog\/minedu-salio-las-precisiones-anexos-y-reglamento-oficial-de-destaque-docente-2026-lo-ultimo\/#breadcrumb"},"inLanguage":"es","potentialAction":[{"@type":"ReadAction","target":["https:\/\/amautaenlinea.com\/blog\/minedu-salio-las-precisiones-anexos-y-reglamento-oficial-de-destaque-docente-2026-lo-ultimo\/"]}]},{"@type":"ImageObject","inLanguage":"es","@id":"https:\/\/amautaenlinea.com\/blog\/minedu-salio-las-precisiones-anexos-y-reglamento-oficial-de-destaque-docente-2026-lo-ultimo\/#primaryimage","url":"https:\/\/amautaenlinea.com\/blog\/wp-content\/uploads\/2026\/01\/Salio-las-precisiones-anexos-y-reglamento-oficial-de-Destaque-Docente-2026.png","contentUrl":"https:\/\/amautaenlinea.com\/blog\/wp-content\/uploads\/2026\/01\/Salio-las-precisiones-anexos-y-reglamento-oficial-de-Destaque-Docente-2026.png","width":1280,"height":720},{"@type":"BreadcrumbList","@id":"https:\/\/amautaenlinea.com\/blog\/minedu-salio-las-precisiones-anexos-y-reglamento-oficial-de-destaque-docente-2026-lo-ultimo\/#breadcrumb","itemListElement":[{"@type":"ListItem","position":1,"name":"Portada","item":"https:\/\/amautaenlinea.com\/blog\/"},{"@type":"ListItem","position":2,"name":"Minedu: Sali\u00f3 las precisiones anexos y reglamento oficial de Destaque Docente 2026 \u00a1LO \u00daLTIMO!"}]},{"@type":"WebSite","@id":"https:\/\/amautaenlinea.com\/blog\/#website","url":"https:\/\/amautaenlinea.com\/blog\/","name":"Grupo AMAUTA","description":"","publisher":{"@id":"https:\/\/amautaenlinea.com\/blog\/#organization"},"potentialAction":[{"@type":"SearchAction","target":{"@type":"EntryPoint","urlTemplate":"https:\/\/amautaenlinea.com\/blog\/?s={search_term_string}"},"query-input":{"@type":"PropertyValueSpecification","valueRequired":true,"valueName":"search_term_string"}}],"inLanguage":"es"},{"@type":"Organization","@id":"https:\/\/amautaenlinea.com\/blog\/#organization","name":"Grupo AMAUTA E-BUSINESS","url":"https:\/\/amautaenlinea.com\/blog\/","logo":{"@type":"ImageObject","inLanguage":"es","@id":"https:\/\/amautaenlinea.com\/blog\/#\/schema\/logo\/image\/","url":"https:\/\/amautaenlinea.com\/blog\/wp-content\/uploads\/2023\/09\/logo-amauta.png","contentUrl":"https:\/\/amautaenlinea.com\/blog\/wp-content\/uploads\/2023\/09\/logo-amauta.png","width":1124,"height":368,"caption":"Grupo AMAUTA E-BUSINESS"},"image":{"@id":"https:\/\/amautaenlinea.com\/blog\/#\/schema\/logo\/image\/"},"sameAs":["https:\/\/www.facebook.com\/amautaperu.org\/"]},{"@type":"Person","@id":"https:\/\/amautaenlinea.com\/blog\/#\/schema\/person\/d8d4b5d672e9edb72a6f23fd40dd31d5","name":"Grupo AMAUTA EBUSINESS","image":{"@type":"ImageObject","inLanguage":"es","@id":"https:\/\/secure.gravatar.com\/avatar\/97706b54c222a710310e2db50e02e68de0a4c8bb76654bcc4053b08241c6bd6c?s=96&d=mm&r=g","url":"https:\/\/secure.gravatar.com\/avatar\/97706b54c222a710310e2db50e02e68de0a4c8bb76654bcc4053b08241c6bd6c?s=96&d=mm&r=g","contentUrl":"https:\/\/secure.gravatar.com\/avatar\/97706b54c222a710310e2db50e02e68de0a4c8bb76654bcc4053b08241c6bd6c?s=96&d=mm&r=g","caption":"Grupo AMAUTA EBUSINESS"}}]}},"_links":{"self":[{"href":"https:\/\/amautaenlinea.com\/blog\/wp-json\/wp\/v2\/posts\/18360","targetHints":{"allow":["GET"]}}],"collection":[{"href":"https:\/\/amautaenlinea.com\/blog\/wp-json\/wp\/v2\/posts"}],"about":[{"href":"https:\/\/amautaenlinea.com\/blog\/wp-json\/wp\/v2\/types\/post"}],"author":[{"embeddable":true,"href":"https:\/\/amautaenlinea.com\/blog\/wp-json\/wp\/v2\/users\/1"}],"replies":[{"embeddable":true,"href":"https:\/\/amautaenlinea.com\/blog\/wp-json\/wp\/v2\/comments?post=18360"}],"version-history":[{"count":1,"href":"https:\/\/amautaenlinea.com\/blog\/wp-json\/wp\/v2\/posts\/18360\/revisions"}],"predecessor-version":[{"id":18362,"href":"https:\/\/amautaenlinea.com\/blog\/wp-json\/wp\/v2\/posts\/18360\/revisions\/18362"}],"wp:featuredmedia":[{"embeddable":true,"href":"https:\/\/amautaenlinea.com\/blog\/wp-json\/wp\/v2\/media\/18361"}],"wp:attachment":[{"href":"https:\/\/amautaenlinea.com\/blog\/wp-json\/wp\/v2\/media?parent=18360"}],"wp:term":[{"taxonomy":"category","embeddable":true,"href":"https:\/\/amautaenlinea.com\/blog\/wp-json\/wp\/v2\/categories?post=18360"},{"taxonomy":"post_tag","embeddable":true,"href":"https:\/\/amautaenlinea.com\/blog\/wp-json\/wp\/v2\/tags?post=18360"}],"curies":[{"name":"wp","href":"https:\/\/api.w.org\/{rel}","templated":true}]}}