{"id":18357,"date":"2026-01-11T07:13:29","date_gmt":"2026-01-11T12:13:29","guid":{"rendered":"https:\/\/amautaenlinea.com\/blog\/?p=18357"},"modified":"2026-01-11T07:13:29","modified_gmt":"2026-01-11T12:13:29","slug":"aprueban-norma-que-regula-la-evaluacion-del-desempeno-en-cargos-directivos-de-cetpro-2026-y-programas-de-intervencion-temprana","status":"publish","type":"post","link":"https:\/\/amautaenlinea.com\/blog\/aprueban-norma-que-regula-la-evaluacion-del-desempeno-en-cargos-directivos-de-cetpro-2026-y-programas-de-intervencion-temprana\/","title":{"rendered":"Aprueban norma que regula la Evaluaci\u00f3n del desempe\u00f1o en cargos directivos de CETPRO  2026 y programas de intervenci\u00f3n temprana"},"content":{"rendered":"<h1 class=\"sumilla\">Aprueban la Norma T\u00e9cnica denominada \u201cNorma que regula la Evaluaci\u00f3n del desempe\u00f1o en cargos directivos de Centros de Educaci\u00f3n T\u00e9cnico-Productiva y Programas de Intervenci\u00f3n Temprana &#8211; 2026, en el marco de la Ley N\u00b0 29944, Ley de Reforma Magisterial\u201d<\/h1>\n<h2 class=\"resoluci-n\">Resoluci\u00f3n Viceministerial N\u00b0 006-2026-MINEDU<\/h2>\n<p class=\"cuerpo\">Lima, 9 de enero de 2026<\/p>\n<p class=\"cuerpo cuerpo-override\">VISTOS,<span class=\"no-style-override-2\">\u00a0<\/span>el Expediente N\u00b0 DIED2025-INT-0855533; el Informe N\u00b0 02547-2025-MINEDU\/VMGP-DIGEDD-DIED de la Direcci\u00f3n de Evaluaci\u00f3n Docente de la Direcci\u00f3n General de Desarrollo Docente; el Informe N\u00b0 02152-2025-MINEDU\/SPE-OPEP-UPP de la Unidad de Planificaci\u00f3n y Presupuesto de la Oficina de Planificaci\u00f3n Estrat\u00e9gica y Presupuesto; el Informe N\u00b0 01811-2025-MINEDU\/SG-OGAJ de la Oficina General de Asesor\u00eda Jur\u00eddica; y,<\/p>\n<p class=\"cuerpo cuerpo-override\">CONSIDERANDO:<\/p>\n<p class=\"cuerpo\">Que, el art\u00edculo 15 de la Ley N\u00b0 29944, Ley de Reforma Magisterial, dispone que el Ministerio de Educaci\u00f3n establece la pol\u00edtica y las normas de evaluaci\u00f3n docente, y formula los indicadores e instrumentos de evaluaci\u00f3n; y en coordinaci\u00f3n con los gobiernos regionales, es responsable de dise\u00f1ar, planificar, monitorear y evaluar los procesos para el ingreso, permanencia, ascenso y acceso a cargos dentro de la Carrera P\u00fablica Magisterial, asegurando su transparencia, objetividad y confiabilidad;<\/p>\n<p class=\"cuerpo\">Que, de conformidad con el art\u00edculo 33 de la Ley N\u00b0 29944, el profesor, con reserva de su plaza, puede acceder a otros cargos de las \u00e1reas de desempe\u00f1o laboral por concurso y por un per\u00edodo de cuatro (4) a\u00f1os. Al t\u00e9rmino del per\u00edodo de gesti\u00f3n es evaluado para determinar su continuidad en el cargo hasta por un per\u00edodo adicional o su retorno al cargo docente. Los cargos de Especialista en Educaci\u00f3n y directivos de Instituci\u00f3n Educativa pueden ser ejercidos de manera continua siempre y cuando superen la evaluaci\u00f3n de desempe\u00f1o cada cuatro (4) a\u00f1os;<\/p>\n<p class=\"cuerpo\">Que, el art\u00edculo 38 de la referida Ley, se\u00f1ala que el desempe\u00f1o del profesor en el cargo es evaluado de forma obligatoria al t\u00e9rmino del periodo de su gesti\u00f3n. La aprobaci\u00f3n de esta evaluaci\u00f3n determina su continuidad en el cargo y la desaprobaci\u00f3n, su retorno al cargo docente;<\/p>\n<p class=\"cuerpo\">Que, conforme con lo dispuesto por el numeral 47.3 del art\u00edculo 47 del Reglamento de la Ley N\u00b0 29944, Ley de Reforma Magisterial, aprobado por Decreto Supremo N\u00b0 004-2013-ED, el Ministerio de Educaci\u00f3n aprueba, mediante norma espec\u00edfica, las estrategias, las t\u00e9cnicas e instrumentos de evaluaci\u00f3n de desempe\u00f1o, los cuales pueden ser aplicados directamente por el Ministerio de Educaci\u00f3n o por entidades especializadas para su posterior consolidaci\u00f3n por parte de los miembros de los Comit\u00e9s de Evaluaci\u00f3n;<\/p>\n<p class=\"cuerpo\">Que, el numeral 62.1 del art\u00edculo 62 del Reglamento de la Ley N\u00b0 29944 establece que la evaluaci\u00f3n de desempe\u00f1o en el cargo es obligatoria para todo profesor que se encuentre designado en uno de los cargos de las distintas \u00e1reas de desempe\u00f1o laboral de la Carrera P\u00fablica Magisterial; su objetivo es comprobar la eficacia y eficiencia del profesor en el ejercicio de dicho cargo; y, se realiza en base a los indicadores de desempe\u00f1o establecidos para el respectivo tipo de cargo;<\/p>\n<p class=\"cuerpo cuerpo-override\"><span class=\"no-style-override\">Que, en el marco de la disposiciones antes se\u00f1aladas, mediante el Oficio N\u00b0 02576-2025-MINEDU\/VMGP-DIGEDD, la Direcci\u00f3n General de Desarrollo Docente remite al Despacho Viceministerial de Gesti\u00f3n Pedag\u00f3gica el Informe N\u00b0 02547-2025-MINEDU\/VMGP-DIGEDD-DIED, elaborado por la Direcci\u00f3n de Evaluaci\u00f3n Docente, dependiente de la referida Direcci\u00f3n General, a trav\u00e9s del cual sustenta la necesidad de: i) aprobar la Norma T\u00e9cnica denominada \u201cNorma que regula la Evaluaci\u00f3n del desempe\u00f1o en cargos directivos de Centros de Educaci\u00f3n T\u00e9cnico-Productiva y Programas de Intervenci\u00f3n Temprana &#8211; 2026, en el marco de la Ley N\u00b0 29944, Ley de Reforma Magisterial\u201d (en adelante, Norma T\u00e9cnica); y, ii) convocar a la Evaluaci\u00f3n del desempe\u00f1o en cargos directivos de Centros de Educaci\u00f3n T\u00e9cnico-Productiva y Programas de Intervenci\u00f3n Temprana &#8211; 2026, en el marco de la Ley N\u00b0 29944, Ley de Reforma Magisterial;<\/span><\/p>\n<p class=\"cuerpo\">Que, la Norma T\u00e9cnica tiene como objetivo establecer el modelo de evaluaci\u00f3n, los criterios t\u00e9cnicos y procedimientos para la organizaci\u00f3n, implementaci\u00f3n y ejecuci\u00f3n de la Evaluaci\u00f3n del desempe\u00f1o en cargos directivos de Centros de Educaci\u00f3n T\u00e9cnico-Productiva y Programas de Intervenci\u00f3n Temprana &#8211; 2026;<\/p>\n<p class=\"cuerpo\">Que, asimismo, la propuesta normativa cuenta con la opini\u00f3n favorable de la Direcci\u00f3n General de Gesti\u00f3n Descentralizada (DIGEGED), de la Direcci\u00f3n General de Servicios Educativos Especializados (DIGESE), del Programa Nacional de Infraestructura Educativa (PRONIED), de la Direcci\u00f3n General de Educaci\u00f3n T\u00e9cnico-Productiva y Superior Tecnol\u00f3gica y Art\u00edstica (DIGESUTPA) y de la Direcci\u00f3n T\u00e9cnico Normativa de Docentes (DITEN) dependiente de la Direcci\u00f3n General de Desarrollo Docente (DIGEDD);<\/p>\n<p class=\"cuerpo\">Que, a trav\u00e9s del Informe N\u00b0 02152-2025-MINEDU\/SPE-OPEP-UPP, la Unidad de Planificaci\u00f3n y Presupuesto de la Oficina de Planificaci\u00f3n Estrat\u00e9gica y Presupuesto, dependiente de la Secretar\u00eda de Planificaci\u00f3n Estrat\u00e9gica, emite opini\u00f3n favorable a la propuesta, por cuanto se encuentra alineada con los instrumentos de planificaci\u00f3n estrat\u00e9gica institucional y sectorial del sector Educaci\u00f3n; asimismo, no irrogar\u00e1 gastos adicionales a los programados en el Presupuesto Institucional del Pliego 010: M. de Educaci\u00f3n correspondiente; en tanto que para las actividades que se desprendan en el a\u00f1o fiscal 2026, la Direcci\u00f3n de Evaluaci\u00f3n Docente deber\u00e1 priorizar los recursos presupuestarios que se requieran, de acuerdo con las disposiciones contempladas en la Ley Anual de Presupuesto respectiva;<\/p>\n<p class=\"cuerpo cuerpo-override\">Que, mediante el\u00a0<span class=\"no-style-override\">Informe N\u00b0 01811-2025-MINEDU\/SG-OGAJ,\u00a0<\/span><span class=\"no-style-override\">la Oficina General de Asesor\u00eda Jur\u00eddica emite opini\u00f3n legal favorable respecto de la propuesta normativa;<\/span><\/p>\n<p class=\"cuerpo\">Que, de acuerdo al literal a) del art\u00edculo 1 de la Resoluci\u00f3n Ministerial N\u00b0 008-2026-MINEDU, se delega en la Viceministra de Gesti\u00f3n Pedag\u00f3gica del Ministerio de Educaci\u00f3n, entre otras facultades y atribuciones, la de emitir y aprobar los actos resolutivos que aprueban, modifican o dejan sin efecto los documentos normativos del Ministerio de Educaci\u00f3n en el \u00e1mbito de su competencia, conforme a lo dispuesto en el Reglamento de Organizaci\u00f3n y Funciones del Ministerio de Educaci\u00f3n;<\/p>\n<p class=\"cuerpo\">De conformidad con la Ley N\u00b0 31224, Ley de Organizaci\u00f3n y Funciones del Ministerio de Educaci\u00f3n; la Ley N\u00b0 29944, Ley de Reforma Magisterial; el Reglamento, de la Ley N\u00b0 29944, Ley de Reforma Magisterial, aprobado por el Decreto Supremo N\u00b0 004-2013-ED; el Reglamento de Organizaci\u00f3n y Funciones del Ministerio de Educaci\u00f3n, aprobado por el Decreto Supremo N\u00b0 001-2015-MINEDU; y, en virtud de las facultades delegadas mediante la Resoluci\u00f3n Ministerial N\u00b0 008-2026-MINEDU;<\/p>\n<h3 class=\"cuerpo cuerpo-override\">SE RESUELVE:<\/h3>\n<p class=\"cuerpo cuerpo-override\"><strong><span class=\"no-style-override-2\">Art\u00edculo 1.-\u00a0<\/span>Aprobar la Norma T\u00e9cnica denominada \u201cNorma que regula la Evaluaci\u00f3n del desempe\u00f1o en cargos directivos de Centros de Educaci\u00f3n T\u00e9cnico-Productiva y Programas de Intervenci\u00f3n Temprana &#8211; 2026, en el marco de la Ley N\u00b0 29944, Ley de Reforma Magisterial\u201d, la misma que, como anexo, forma parte integrante de la presente Resoluci\u00f3n.<\/strong><\/p>\n<p class=\"cuerpo cuerpo-override\"><strong><span class=\"no-style-override-2\">Art\u00edculo 2.-\u00a0<\/span>Convocar a la<span class=\"no-style-override-2\">\u00a0<\/span>Evaluaci\u00f3n del desempe\u00f1o en cargos directivos de Centros de Educaci\u00f3n T\u00e9cnico-Productiva y Programas de Intervenci\u00f3n Temprana -2026, en el marco de la Ley N\u00b0 29944, Ley de Reforma Magisterial.<\/strong><\/p>\n<p class=\"cuerpo cuerpo-override\"><span class=\"no-style-override-2\">Art\u00edculo 3.-\u00a0<\/span>Disponer la publicaci\u00f3n de la presente Resoluci\u00f3n y su anexo en el Sistema de Informaci\u00f3n Jur\u00eddica de Educaci\u00f3n \u2013 SIJE, ubicado en la sede digital del Ministerio de Educaci\u00f3n (<span class=\"no-style-override-3\">www.gob.pe\/minedu<\/span>), el mismo d\u00eda de la publicaci\u00f3n de la presente Resoluci\u00f3n en el diario oficial \u201cEl Peruano\u201d.<\/p>\n<p class=\"cuerpo\">Reg\u00edstrese, comun\u00edquese y publ\u00edquese.<\/p>\n<p class=\"cuerpo cuerpo-override\"><span class=\"no-style-override-4\">Mar\u00eda Esther Cuadros Espinoza<\/span><\/p>\n<p class=\"cuerpo\">Viceministra de Gesti\u00f3n Pedag\u00f3gica<\/p>\n","protected":false},"excerpt":{"rendered":"<p>Aprueban la Norma T\u00e9cnica denominada \u201cNorma que regula la Evaluaci\u00f3n del desempe\u00f1o en cargos directivos de Centros de Educaci\u00f3n T\u00e9cnico-Productiva y Programas de Intervenci\u00f3n<\/p>\n","protected":false},"author":1,"featured_media":18358,"comment_status":"open","ping_status":"open","sticky":false,"template":"","format":"standard","meta":{"footnotes":""},"categories":[4],"tags":[3315],"class_list":["post-18357","post","type-post","status-publish","format-standard","has-post-thumbnail","hentry","category-educacion","tag-aprueban-norma-que-regula-la-evaluacion-del-desempeno-en-cargos-directivos-de-cetpro-2026-y-programas-de-intervencion-temprana"],"yoast_head":"<!-- This site is optimized with the Yoast SEO Premium plugin v21.2 (Yoast SEO v27.5) - https:\/\/yoast.com\/product\/yoast-seo-premium-wordpress\/ -->\n<title>\u25b7 Aprueban norma que regula la Evaluaci\u00f3n del desempe\u00f1o en cargos directivos de CETPRO 2026 y programas de intervenci\u00f3n temprana \u2705<\/title>\n<meta name=\"description\" content=\"\u27a8 Aprueban norma que regula la Evaluaci\u00f3n del desempe\u00f1o en cargos directivos de CETPRO 2026 y programas de intervenci\u00f3n temprana\" \/>\n<meta name=\"robots\" content=\"index, follow, max-snippet:-1, max-image-preview:large, max-video-preview:-1\" \/>\n<link rel=\"canonical\" href=\"https:\/\/amautaenlinea.com\/blog\/aprueban-norma-que-regula-la-evaluacion-del-desempeno-en-cargos-directivos-de-cetpro-2026-y-programas-de-intervencion-temprana\/\" \/>\n<meta property=\"og:locale\" content=\"es_ES\" \/>\n<meta property=\"og:type\" content=\"article\" \/>\n<meta property=\"og:title\" content=\"Aprueban norma que regula la Evaluaci\u00f3n del desempe\u00f1o en cargos directivos de CETPRO 2026 y programas de intervenci\u00f3n temprana\" \/>\n<meta property=\"og:description\" content=\"\u27a8 Aprueban norma que regula la Evaluaci\u00f3n del desempe\u00f1o en cargos directivos de CETPRO 2026 y programas de intervenci\u00f3n temprana\" \/>\n<meta property=\"og:url\" content=\"https:\/\/amautaenlinea.com\/blog\/aprueban-norma-que-regula-la-evaluacion-del-desempeno-en-cargos-directivos-de-cetpro-2026-y-programas-de-intervencion-temprana\/\" \/>\n<meta property=\"og:site_name\" content=\"Grupo AMAUTA\" \/>\n<meta property=\"article:publisher\" content=\"https:\/\/www.facebook.com\/amautaperu.org\/\" \/>\n<meta property=\"article:published_time\" content=\"2026-01-11T12:13:29+00:00\" \/>\n<meta property=\"og:image\" content=\"https:\/\/amautaenlinea.com\/blog\/wp-content\/uploads\/2026\/01\/Aprueban-norma-que-regula-la-Evaluacion-del-desempeno-en-cargos-directivos-de-CETPRO-2026-y-programas-de-intervencion-temprana.png\" \/>\n\t<meta property=\"og:image:width\" content=\"1280\" \/>\n\t<meta property=\"og:image:height\" content=\"720\" \/>\n\t<meta property=\"og:image:type\" content=\"image\/png\" \/>\n<meta name=\"author\" content=\"Grupo AMAUTA EBUSINESS\" \/>\n<meta name=\"twitter:card\" content=\"summary_large_image\" \/>\n<script type=\"application\/ld+json\" class=\"yoast-schema-graph\">{\"@context\":\"https:\\\/\\\/schema.org\",\"@graph\":[{\"@type\":\"Article\",\"@id\":\"https:\\\/\\\/amautaenlinea.com\\\/blog\\\/aprueban-norma-que-regula-la-evaluacion-del-desempeno-en-cargos-directivos-de-cetpro-2026-y-programas-de-intervencion-temprana\\\/#article\",\"isPartOf\":{\"@id\":\"https:\\\/\\\/amautaenlinea.com\\\/blog\\\/aprueban-norma-que-regula-la-evaluacion-del-desempeno-en-cargos-directivos-de-cetpro-2026-y-programas-de-intervencion-temprana\\\/\"},\"author\":{\"name\":\"Grupo AMAUTA EBUSINESS\",\"@id\":\"https:\\\/\\\/amautaenlinea.com\\\/blog\\\/#\\\/schema\\\/person\\\/d8d4b5d672e9edb72a6f23fd40dd31d5\"},\"headline\":\"Aprueban norma que regula la Evaluaci\u00f3n del desempe\u00f1o en cargos directivos de CETPRO 2026 y programas de intervenci\u00f3n temprana\",\"datePublished\":\"2026-01-11T12:13:29+00:00\",\"mainEntityOfPage\":{\"@id\":\"https:\\\/\\\/amautaenlinea.com\\\/blog\\\/aprueban-norma-que-regula-la-evaluacion-del-desempeno-en-cargos-directivos-de-cetpro-2026-y-programas-de-intervencion-temprana\\\/\"},\"wordCount\":1321,\"commentCount\":0,\"publisher\":{\"@id\":\"https:\\\/\\\/amautaenlinea.com\\\/blog\\\/#organization\"},\"image\":{\"@id\":\"https:\\\/\\\/amautaenlinea.com\\\/blog\\\/aprueban-norma-que-regula-la-evaluacion-del-desempeno-en-cargos-directivos-de-cetpro-2026-y-programas-de-intervencion-temprana\\\/#primaryimage\"},\"thumbnailUrl\":\"https:\\\/\\\/amautaenlinea.com\\\/blog\\\/wp-content\\\/uploads\\\/2026\\\/01\\\/Aprueban-norma-que-regula-la-Evaluacion-del-desempeno-en-cargos-directivos-de-CETPRO-2026-y-programas-de-intervencion-temprana.png\",\"keywords\":[\"Aprueban norma que regula la Evaluaci\u00f3n del desempe\u00f1o en cargos directivos de CETPRO 2026 y programas de intervenci\u00f3n temprana\"],\"articleSection\":[\"Educaci\u00f3n\"],\"inLanguage\":\"es\",\"potentialAction\":[{\"@type\":\"CommentAction\",\"name\":\"Comment\",\"target\":[\"https:\\\/\\\/amautaenlinea.com\\\/blog\\\/aprueban-norma-que-regula-la-evaluacion-del-desempeno-en-cargos-directivos-de-cetpro-2026-y-programas-de-intervencion-temprana\\\/#respond\"]}],\"copyrightYear\":\"2026\",\"copyrightHolder\":{\"@id\":\"https:\\\/\\\/amautaenlinea.com\\\/blog\\\/#organization\"}},{\"@type\":\"WebPage\",\"@id\":\"https:\\\/\\\/amautaenlinea.com\\\/blog\\\/aprueban-norma-que-regula-la-evaluacion-del-desempeno-en-cargos-directivos-de-cetpro-2026-y-programas-de-intervencion-temprana\\\/\",\"url\":\"https:\\\/\\\/amautaenlinea.com\\\/blog\\\/aprueban-norma-que-regula-la-evaluacion-del-desempeno-en-cargos-directivos-de-cetpro-2026-y-programas-de-intervencion-temprana\\\/\",\"name\":\"\u25b7 Aprueban norma que regula la Evaluaci\u00f3n del desempe\u00f1o en cargos directivos de CETPRO 2026 y programas de intervenci\u00f3n temprana \u2705\",\"isPartOf\":{\"@id\":\"https:\\\/\\\/amautaenlinea.com\\\/blog\\\/#website\"},\"primaryImageOfPage\":{\"@id\":\"https:\\\/\\\/amautaenlinea.com\\\/blog\\\/aprueban-norma-que-regula-la-evaluacion-del-desempeno-en-cargos-directivos-de-cetpro-2026-y-programas-de-intervencion-temprana\\\/#primaryimage\"},\"image\":{\"@id\":\"https:\\\/\\\/amautaenlinea.com\\\/blog\\\/aprueban-norma-que-regula-la-evaluacion-del-desempeno-en-cargos-directivos-de-cetpro-2026-y-programas-de-intervencion-temprana\\\/#primaryimage\"},\"thumbnailUrl\":\"https:\\\/\\\/amautaenlinea.com\\\/blog\\\/wp-content\\\/uploads\\\/2026\\\/01\\\/Aprueban-norma-que-regula-la-Evaluacion-del-desempeno-en-cargos-directivos-de-CETPRO-2026-y-programas-de-intervencion-temprana.png\",\"datePublished\":\"2026-01-11T12:13:29+00:00\",\"description\":\"\u27a8 Aprueban norma que regula la Evaluaci\u00f3n del desempe\u00f1o en cargos directivos de CETPRO 2026 y programas de intervenci\u00f3n temprana\",\"breadcrumb\":{\"@id\":\"https:\\\/\\\/amautaenlinea.com\\\/blog\\\/aprueban-norma-que-regula-la-evaluacion-del-desempeno-en-cargos-directivos-de-cetpro-2026-y-programas-de-intervencion-temprana\\\/#breadcrumb\"},\"inLanguage\":\"es\",\"potentialAction\":[{\"@type\":\"ReadAction\",\"target\":[\"https:\\\/\\\/amautaenlinea.com\\\/blog\\\/aprueban-norma-que-regula-la-evaluacion-del-desempeno-en-cargos-directivos-de-cetpro-2026-y-programas-de-intervencion-temprana\\\/\"]}]},{\"@type\":\"ImageObject\",\"inLanguage\":\"es\",\"@id\":\"https:\\\/\\\/amautaenlinea.com\\\/blog\\\/aprueban-norma-que-regula-la-evaluacion-del-desempeno-en-cargos-directivos-de-cetpro-2026-y-programas-de-intervencion-temprana\\\/#primaryimage\",\"url\":\"https:\\\/\\\/amautaenlinea.com\\\/blog\\\/wp-content\\\/uploads\\\/2026\\\/01\\\/Aprueban-norma-que-regula-la-Evaluacion-del-desempeno-en-cargos-directivos-de-CETPRO-2026-y-programas-de-intervencion-temprana.png\",\"contentUrl\":\"https:\\\/\\\/amautaenlinea.com\\\/blog\\\/wp-content\\\/uploads\\\/2026\\\/01\\\/Aprueban-norma-que-regula-la-Evaluacion-del-desempeno-en-cargos-directivos-de-CETPRO-2026-y-programas-de-intervencion-temprana.png\",\"width\":1280,\"height\":720},{\"@type\":\"BreadcrumbList\",\"@id\":\"https:\\\/\\\/amautaenlinea.com\\\/blog\\\/aprueban-norma-que-regula-la-evaluacion-del-desempeno-en-cargos-directivos-de-cetpro-2026-y-programas-de-intervencion-temprana\\\/#breadcrumb\",\"itemListElement\":[{\"@type\":\"ListItem\",\"position\":1,\"name\":\"Portada\",\"item\":\"https:\\\/\\\/amautaenlinea.com\\\/blog\\\/\"},{\"@type\":\"ListItem\",\"position\":2,\"name\":\"Aprueban norma que regula la Evaluaci\u00f3n del desempe\u00f1o en cargos directivos de CETPRO 2026 y programas de intervenci\u00f3n temprana\"}]},{\"@type\":\"WebSite\",\"@id\":\"https:\\\/\\\/amautaenlinea.com\\\/blog\\\/#website\",\"url\":\"https:\\\/\\\/amautaenlinea.com\\\/blog\\\/\",\"name\":\"Grupo AMAUTA\",\"description\":\"\",\"publisher\":{\"@id\":\"https:\\\/\\\/amautaenlinea.com\\\/blog\\\/#organization\"},\"potentialAction\":[{\"@type\":\"SearchAction\",\"target\":{\"@type\":\"EntryPoint\",\"urlTemplate\":\"https:\\\/\\\/amautaenlinea.com\\\/blog\\\/?s={search_term_string}\"},\"query-input\":{\"@type\":\"PropertyValueSpecification\",\"valueRequired\":true,\"valueName\":\"search_term_string\"}}],\"inLanguage\":\"es\"},{\"@type\":\"Organization\",\"@id\":\"https:\\\/\\\/amautaenlinea.com\\\/blog\\\/#organization\",\"name\":\"Grupo AMAUTA E-BUSINESS\",\"url\":\"https:\\\/\\\/amautaenlinea.com\\\/blog\\\/\",\"logo\":{\"@type\":\"ImageObject\",\"inLanguage\":\"es\",\"@id\":\"https:\\\/\\\/amautaenlinea.com\\\/blog\\\/#\\\/schema\\\/logo\\\/image\\\/\",\"url\":\"https:\\\/\\\/amautaenlinea.com\\\/blog\\\/wp-content\\\/uploads\\\/2023\\\/09\\\/logo-amauta.png\",\"contentUrl\":\"https:\\\/\\\/amautaenlinea.com\\\/blog\\\/wp-content\\\/uploads\\\/2023\\\/09\\\/logo-amauta.png\",\"width\":1124,\"height\":368,\"caption\":\"Grupo AMAUTA E-BUSINESS\"},\"image\":{\"@id\":\"https:\\\/\\\/amautaenlinea.com\\\/blog\\\/#\\\/schema\\\/logo\\\/image\\\/\"},\"sameAs\":[\"https:\\\/\\\/www.facebook.com\\\/amautaperu.org\\\/\"]},{\"@type\":\"Person\",\"@id\":\"https:\\\/\\\/amautaenlinea.com\\\/blog\\\/#\\\/schema\\\/person\\\/d8d4b5d672e9edb72a6f23fd40dd31d5\",\"name\":\"Grupo AMAUTA EBUSINESS\",\"image\":{\"@type\":\"ImageObject\",\"inLanguage\":\"es\",\"@id\":\"https:\\\/\\\/secure.gravatar.com\\\/avatar\\\/97706b54c222a710310e2db50e02e68de0a4c8bb76654bcc4053b08241c6bd6c?s=96&d=mm&r=g\",\"url\":\"https:\\\/\\\/secure.gravatar.com\\\/avatar\\\/97706b54c222a710310e2db50e02e68de0a4c8bb76654bcc4053b08241c6bd6c?s=96&d=mm&r=g\",\"contentUrl\":\"https:\\\/\\\/secure.gravatar.com\\\/avatar\\\/97706b54c222a710310e2db50e02e68de0a4c8bb76654bcc4053b08241c6bd6c?s=96&d=mm&r=g\",\"caption\":\"Grupo AMAUTA EBUSINESS\"}}]}<\/script>\n<!-- \/ Yoast SEO Premium plugin. -->","yoast_head_json":{"title":"\u25b7 Aprueban norma que regula la Evaluaci\u00f3n del desempe\u00f1o en cargos directivos de CETPRO 2026 y programas de intervenci\u00f3n temprana \u2705","description":"\u27a8 Aprueban norma que regula la Evaluaci\u00f3n del desempe\u00f1o en cargos directivos de CETPRO 2026 y programas de intervenci\u00f3n temprana","robots":{"index":"index","follow":"follow","max-snippet":"max-snippet:-1","max-image-preview":"max-image-preview:large","max-video-preview":"max-video-preview:-1"},"canonical":"https:\/\/amautaenlinea.com\/blog\/aprueban-norma-que-regula-la-evaluacion-del-desempeno-en-cargos-directivos-de-cetpro-2026-y-programas-de-intervencion-temprana\/","og_locale":"es_ES","og_type":"article","og_title":"Aprueban norma que regula la Evaluaci\u00f3n del desempe\u00f1o en cargos directivos de CETPRO 2026 y programas de intervenci\u00f3n temprana","og_description":"\u27a8 Aprueban norma que regula la Evaluaci\u00f3n del desempe\u00f1o en cargos directivos de CETPRO 2026 y programas de intervenci\u00f3n temprana","og_url":"https:\/\/amautaenlinea.com\/blog\/aprueban-norma-que-regula-la-evaluacion-del-desempeno-en-cargos-directivos-de-cetpro-2026-y-programas-de-intervencion-temprana\/","og_site_name":"Grupo AMAUTA","article_publisher":"https:\/\/www.facebook.com\/amautaperu.org\/","article_published_time":"2026-01-11T12:13:29+00:00","og_image":[{"width":1280,"height":720,"url":"https:\/\/amautaenlinea.com\/blog\/wp-content\/uploads\/2026\/01\/Aprueban-norma-que-regula-la-Evaluacion-del-desempeno-en-cargos-directivos-de-CETPRO-2026-y-programas-de-intervencion-temprana.png","type":"image\/png"}],"author":"Grupo AMAUTA EBUSINESS","twitter_card":"summary_large_image","schema":{"@context":"https:\/\/schema.org","@graph":[{"@type":"Article","@id":"https:\/\/amautaenlinea.com\/blog\/aprueban-norma-que-regula-la-evaluacion-del-desempeno-en-cargos-directivos-de-cetpro-2026-y-programas-de-intervencion-temprana\/#article","isPartOf":{"@id":"https:\/\/amautaenlinea.com\/blog\/aprueban-norma-que-regula-la-evaluacion-del-desempeno-en-cargos-directivos-de-cetpro-2026-y-programas-de-intervencion-temprana\/"},"author":{"name":"Grupo AMAUTA EBUSINESS","@id":"https:\/\/amautaenlinea.com\/blog\/#\/schema\/person\/d8d4b5d672e9edb72a6f23fd40dd31d5"},"headline":"Aprueban norma que regula la Evaluaci\u00f3n del desempe\u00f1o en cargos directivos de CETPRO 2026 y programas de intervenci\u00f3n temprana","datePublished":"2026-01-11T12:13:29+00:00","mainEntityOfPage":{"@id":"https:\/\/amautaenlinea.com\/blog\/aprueban-norma-que-regula-la-evaluacion-del-desempeno-en-cargos-directivos-de-cetpro-2026-y-programas-de-intervencion-temprana\/"},"wordCount":1321,"commentCount":0,"publisher":{"@id":"https:\/\/amautaenlinea.com\/blog\/#organization"},"image":{"@id":"https:\/\/amautaenlinea.com\/blog\/aprueban-norma-que-regula-la-evaluacion-del-desempeno-en-cargos-directivos-de-cetpro-2026-y-programas-de-intervencion-temprana\/#primaryimage"},"thumbnailUrl":"https:\/\/amautaenlinea.com\/blog\/wp-content\/uploads\/2026\/01\/Aprueban-norma-que-regula-la-Evaluacion-del-desempeno-en-cargos-directivos-de-CETPRO-2026-y-programas-de-intervencion-temprana.png","keywords":["Aprueban norma que regula la Evaluaci\u00f3n del desempe\u00f1o en cargos directivos de CETPRO 2026 y programas de intervenci\u00f3n temprana"],"articleSection":["Educaci\u00f3n"],"inLanguage":"es","potentialAction":[{"@type":"CommentAction","name":"Comment","target":["https:\/\/amautaenlinea.com\/blog\/aprueban-norma-que-regula-la-evaluacion-del-desempeno-en-cargos-directivos-de-cetpro-2026-y-programas-de-intervencion-temprana\/#respond"]}],"copyrightYear":"2026","copyrightHolder":{"@id":"https:\/\/amautaenlinea.com\/blog\/#organization"}},{"@type":"WebPage","@id":"https:\/\/amautaenlinea.com\/blog\/aprueban-norma-que-regula-la-evaluacion-del-desempeno-en-cargos-directivos-de-cetpro-2026-y-programas-de-intervencion-temprana\/","url":"https:\/\/amautaenlinea.com\/blog\/aprueban-norma-que-regula-la-evaluacion-del-desempeno-en-cargos-directivos-de-cetpro-2026-y-programas-de-intervencion-temprana\/","name":"\u25b7 Aprueban norma que regula la Evaluaci\u00f3n del desempe\u00f1o en cargos directivos de CETPRO 2026 y programas de intervenci\u00f3n temprana \u2705","isPartOf":{"@id":"https:\/\/amautaenlinea.com\/blog\/#website"},"primaryImageOfPage":{"@id":"https:\/\/amautaenlinea.com\/blog\/aprueban-norma-que-regula-la-evaluacion-del-desempeno-en-cargos-directivos-de-cetpro-2026-y-programas-de-intervencion-temprana\/#primaryimage"},"image":{"@id":"https:\/\/amautaenlinea.com\/blog\/aprueban-norma-que-regula-la-evaluacion-del-desempeno-en-cargos-directivos-de-cetpro-2026-y-programas-de-intervencion-temprana\/#primaryimage"},"thumbnailUrl":"https:\/\/amautaenlinea.com\/blog\/wp-content\/uploads\/2026\/01\/Aprueban-norma-que-regula-la-Evaluacion-del-desempeno-en-cargos-directivos-de-CETPRO-2026-y-programas-de-intervencion-temprana.png","datePublished":"2026-01-11T12:13:29+00:00","description":"\u27a8 Aprueban norma que regula la Evaluaci\u00f3n del desempe\u00f1o en cargos directivos de CETPRO 2026 y programas de intervenci\u00f3n temprana","breadcrumb":{"@id":"https:\/\/amautaenlinea.com\/blog\/aprueban-norma-que-regula-la-evaluacion-del-desempeno-en-cargos-directivos-de-cetpro-2026-y-programas-de-intervencion-temprana\/#breadcrumb"},"inLanguage":"es","potentialAction":[{"@type":"ReadAction","target":["https:\/\/amautaenlinea.com\/blog\/aprueban-norma-que-regula-la-evaluacion-del-desempeno-en-cargos-directivos-de-cetpro-2026-y-programas-de-intervencion-temprana\/"]}]},{"@type":"ImageObject","inLanguage":"es","@id":"https:\/\/amautaenlinea.com\/blog\/aprueban-norma-que-regula-la-evaluacion-del-desempeno-en-cargos-directivos-de-cetpro-2026-y-programas-de-intervencion-temprana\/#primaryimage","url":"https:\/\/amautaenlinea.com\/blog\/wp-content\/uploads\/2026\/01\/Aprueban-norma-que-regula-la-Evaluacion-del-desempeno-en-cargos-directivos-de-CETPRO-2026-y-programas-de-intervencion-temprana.png","contentUrl":"https:\/\/amautaenlinea.com\/blog\/wp-content\/uploads\/2026\/01\/Aprueban-norma-que-regula-la-Evaluacion-del-desempeno-en-cargos-directivos-de-CETPRO-2026-y-programas-de-intervencion-temprana.png","width":1280,"height":720},{"@type":"BreadcrumbList","@id":"https:\/\/amautaenlinea.com\/blog\/aprueban-norma-que-regula-la-evaluacion-del-desempeno-en-cargos-directivos-de-cetpro-2026-y-programas-de-intervencion-temprana\/#breadcrumb","itemListElement":[{"@type":"ListItem","position":1,"name":"Portada","item":"https:\/\/amautaenlinea.com\/blog\/"},{"@type":"ListItem","position":2,"name":"Aprueban norma que regula la Evaluaci\u00f3n del desempe\u00f1o en cargos directivos de CETPRO 2026 y programas de intervenci\u00f3n temprana"}]},{"@type":"WebSite","@id":"https:\/\/amautaenlinea.com\/blog\/#website","url":"https:\/\/amautaenlinea.com\/blog\/","name":"Grupo AMAUTA","description":"","publisher":{"@id":"https:\/\/amautaenlinea.com\/blog\/#organization"},"potentialAction":[{"@type":"SearchAction","target":{"@type":"EntryPoint","urlTemplate":"https:\/\/amautaenlinea.com\/blog\/?s={search_term_string}"},"query-input":{"@type":"PropertyValueSpecification","valueRequired":true,"valueName":"search_term_string"}}],"inLanguage":"es"},{"@type":"Organization","@id":"https:\/\/amautaenlinea.com\/blog\/#organization","name":"Grupo AMAUTA E-BUSINESS","url":"https:\/\/amautaenlinea.com\/blog\/","logo":{"@type":"ImageObject","inLanguage":"es","@id":"https:\/\/amautaenlinea.com\/blog\/#\/schema\/logo\/image\/","url":"https:\/\/amautaenlinea.com\/blog\/wp-content\/uploads\/2023\/09\/logo-amauta.png","contentUrl":"https:\/\/amautaenlinea.com\/blog\/wp-content\/uploads\/2023\/09\/logo-amauta.png","width":1124,"height":368,"caption":"Grupo AMAUTA E-BUSINESS"},"image":{"@id":"https:\/\/amautaenlinea.com\/blog\/#\/schema\/logo\/image\/"},"sameAs":["https:\/\/www.facebook.com\/amautaperu.org\/"]},{"@type":"Person","@id":"https:\/\/amautaenlinea.com\/blog\/#\/schema\/person\/d8d4b5d672e9edb72a6f23fd40dd31d5","name":"Grupo AMAUTA EBUSINESS","image":{"@type":"ImageObject","inLanguage":"es","@id":"https:\/\/secure.gravatar.com\/avatar\/97706b54c222a710310e2db50e02e68de0a4c8bb76654bcc4053b08241c6bd6c?s=96&d=mm&r=g","url":"https:\/\/secure.gravatar.com\/avatar\/97706b54c222a710310e2db50e02e68de0a4c8bb76654bcc4053b08241c6bd6c?s=96&d=mm&r=g","contentUrl":"https:\/\/secure.gravatar.com\/avatar\/97706b54c222a710310e2db50e02e68de0a4c8bb76654bcc4053b08241c6bd6c?s=96&d=mm&r=g","caption":"Grupo AMAUTA EBUSINESS"}}]}},"_links":{"self":[{"href":"https:\/\/amautaenlinea.com\/blog\/wp-json\/wp\/v2\/posts\/18357","targetHints":{"allow":["GET"]}}],"collection":[{"href":"https:\/\/amautaenlinea.com\/blog\/wp-json\/wp\/v2\/posts"}],"about":[{"href":"https:\/\/amautaenlinea.com\/blog\/wp-json\/wp\/v2\/types\/post"}],"author":[{"embeddable":true,"href":"https:\/\/amautaenlinea.com\/blog\/wp-json\/wp\/v2\/users\/1"}],"replies":[{"embeddable":true,"href":"https:\/\/amautaenlinea.com\/blog\/wp-json\/wp\/v2\/comments?post=18357"}],"version-history":[{"count":2,"href":"https:\/\/amautaenlinea.com\/blog\/wp-json\/wp\/v2\/posts\/18357\/revisions"}],"predecessor-version":[{"id":18363,"href":"https:\/\/amautaenlinea.com\/blog\/wp-json\/wp\/v2\/posts\/18357\/revisions\/18363"}],"wp:featuredmedia":[{"embeddable":true,"href":"https:\/\/amautaenlinea.com\/blog\/wp-json\/wp\/v2\/media\/18358"}],"wp:attachment":[{"href":"https:\/\/amautaenlinea.com\/blog\/wp-json\/wp\/v2\/media?parent=18357"}],"wp:term":[{"taxonomy":"category","embeddable":true,"href":"https:\/\/amautaenlinea.com\/blog\/wp-json\/wp\/v2\/categories?post=18357"},{"taxonomy":"post_tag","embeddable":true,"href":"https:\/\/amautaenlinea.com\/blog\/wp-json\/wp\/v2\/tags?post=18357"}],"curies":[{"name":"wp","href":"https:\/\/api.w.org\/{rel}","templated":true}]}}