{"id":18340,"date":"2026-01-09T16:10:31","date_gmt":"2026-01-09T21:10:31","guid":{"rendered":"https:\/\/amautaenlinea.com\/blog\/?p=18340"},"modified":"2026-01-09T16:10:31","modified_gmt":"2026-01-09T21:10:31","slug":"minedu-inicia-el-proceso-de-contratacion-de-mas-de-140-000-docentes-para-este-ano-2026-lo-ultimo","status":"publish","type":"post","link":"https:\/\/amautaenlinea.com\/blog\/minedu-inicia-el-proceso-de-contratacion-de-mas-de-140-000-docentes-para-este-ano-2026-lo-ultimo\/","title":{"rendered":"Minedu inicia el proceso de contrataci\u00f3n de m\u00e1s de 140 000 docentes para este a\u00f1o 2026 \u00a1LO \u00daLTIMO!"},"content":{"rendered":"<p>Procedimiento comienza <strong>el 12 de enero<\/strong> y garantiza la presencia de docentes en las aulas desde el primer d\u00eda del a\u00f1o escolar<\/p>\n<p>Con el objetivo de garantizar que los estudiantes sean atendidos de forma adecuada desde el primer d\u00eda de clases, el Ministerio de Educaci\u00f3n (Minedu) inici\u00f3 el proceso de Contrataci\u00f3n Docente 2026, mediante el cual se contratar\u00e1n <strong>a m\u00e1s de 140 000 maestros<\/strong> en instituciones educativas de Educaci\u00f3n B\u00e1sica y Educaci\u00f3n T\u00e9cnico-Productiva en el \u00e1mbito nacional, a trav\u00e9s de las instancias de gesti\u00f3n educativa descentralizadas.<\/p>\n<p>Este proceso se desarrolla en el marco de una nueva norma aprobada mediante el<strong> Decreto Supremo N.\u00b0 022-2025-MINEDU<\/strong>, que incorpora mejoras para fortalecer la transparencia, simplificar los procedimientos administrativos y garantizar la igualdad de oportunidades para todos los postulantes.<\/p>\n<p>\u201cEl inicio oportuno de este proceso asegura la presencia de maestros en las aulas desde el primer d\u00eda del a\u00f1o escolar. La renovaci\u00f3n reconoce el buen desempe\u00f1o laboral del docente y garantiza la continuidad pedag\u00f3gica en beneficio de los estudiantes\u201d, se\u00f1al\u00f3 el ministro de Educaci\u00f3n, Jorge Figueroa.<\/p>\n<p><strong>La primera etapa del proceso corresponde a la renovaci\u00f3n del contrato docente y est\u00e1 dirigida a los profesores que laboraron en 2025, quienes deber\u00e1n presentar, del 12 al 14 de enero, evidencias para la evaluaci\u00f3n de desempe\u00f1o laboral en su instituci\u00f3n educativa. Los docentes que obtengan un resultado favorable y cumplan condiciones adicionales podr\u00e1n continuar laborando el 2026.<\/strong><\/p>\n<p>Para participar en la contrataci\u00f3n por resultados de la Prueba Nacional, los docentes ubicados en los cuadros de m\u00e9rito del concurso de Ingreso a la CPM de 2024 deber\u00e1n presentar, <strong>del 30 de enero al 3 de febrero<\/strong>, el Formulario \u00danico de Tr\u00e1mite y la documentaci\u00f3n correspondiente ante la UGEL seleccionada durante el concurso.<\/p>\n<p>La contrataci\u00f3n por evaluaci\u00f3n de expedientes est\u00e1 dirigida a los postulantes que cumplan con los requisitos establecidos para la plaza convocada. En este caso, la presentaci\u00f3n de solicitudes y expedientes se realizar\u00e1 en la UGEL de su elecci\u00f3n del 18 al 20 de febrero.<\/p>\n<p>Para participar en cualquiera de las tres etapas, los postulantes deben cumplir con la formaci\u00f3n acad\u00e9mica y los requisitos espec\u00edficos de la plaza convocada, adem\u00e1s de gozar de buena salud f\u00edsica y mental, y tener menos de 65 a\u00f1os de edad.<\/p>\n<p>Con este proceso, el Minedu reafirma su compromiso con la continuidad del servicio educativo y la revalorizaci\u00f3n de la labor docente, as\u00ed como su compromiso para cautelar el derecho de los estudiantes a una educaci\u00f3n de calidad desde el primer d\u00eda de clases.<\/p>\n<p>FUENTE: MINEDU.GOB.PE<\/p>\n","protected":false},"excerpt":{"rendered":"<p>Procedimiento comienza el 12 de enero y garantiza la presencia de docentes en las aulas desde el primer d\u00eda del a\u00f1o escolar Con el<\/p>\n","protected":false},"author":1,"featured_media":18341,"comment_status":"open","ping_status":"open","sticky":false,"template":"","format":"standard","meta":{"footnotes":""},"categories":[4],"tags":[3310],"class_list":["post-18340","post","type-post","status-publish","format-standard","has-post-thumbnail","hentry","category-educacion","tag-minedu-inicia-el-proceso-de-contratacion-de-mas-de-140-000-docentes-para-este-ano-2026"],"yoast_head":"<!-- This site is optimized with the Yoast SEO Premium plugin v21.2 (Yoast SEO v27.5) - https:\/\/yoast.com\/product\/yoast-seo-premium-wordpress\/ -->\n<title>\u25b7 Minedu inicia el proceso de contrataci\u00f3n de m\u00e1s de 140 000 docentes para este a\u00f1o 2026 \u00a1LO \u00daLTIMO! \u2705<\/title>\n<meta name=\"description\" content=\"\u27a8 Minedu inicia el proceso de contrataci\u00f3n de m\u00e1s de 140 000 docentes para este a\u00f1o 2026\" \/>\n<meta name=\"robots\" content=\"index, follow, max-snippet:-1, max-image-preview:large, max-video-preview:-1\" \/>\n<link rel=\"canonical\" href=\"https:\/\/amautaenlinea.com\/blog\/minedu-inicia-el-proceso-de-contratacion-de-mas-de-140-000-docentes-para-este-ano-2026-lo-ultimo\/\" \/>\n<meta property=\"og:locale\" content=\"es_ES\" \/>\n<meta property=\"og:type\" content=\"article\" \/>\n<meta property=\"og:title\" content=\"Minedu inicia el proceso de contrataci\u00f3n de m\u00e1s de 140 000 docentes para este a\u00f1o 2026 \u00a1LO \u00daLTIMO!\" \/>\n<meta property=\"og:description\" content=\"\u27a8 Minedu inicia el proceso de contrataci\u00f3n de m\u00e1s de 140 000 docentes para este a\u00f1o 2026\" \/>\n<meta property=\"og:url\" content=\"https:\/\/amautaenlinea.com\/blog\/minedu-inicia-el-proceso-de-contratacion-de-mas-de-140-000-docentes-para-este-ano-2026-lo-ultimo\/\" \/>\n<meta property=\"og:site_name\" content=\"Grupo AMAUTA\" \/>\n<meta property=\"article:publisher\" content=\"https:\/\/www.facebook.com\/amautaperu.org\/\" \/>\n<meta property=\"article:published_time\" content=\"2026-01-09T21:10:31+00:00\" \/>\n<meta property=\"og:image\" content=\"https:\/\/amautaenlinea.com\/blog\/wp-content\/uploads\/2026\/01\/Minedu-inicia-el-proceso-de-contratacion-de-mas-de-140-000-docentes-para-este-ano-2026.png\" \/>\n\t<meta property=\"og:image:width\" content=\"1280\" \/>\n\t<meta property=\"og:image:height\" content=\"720\" \/>\n\t<meta property=\"og:image:type\" content=\"image\/png\" \/>\n<meta name=\"author\" content=\"Grupo AMAUTA EBUSINESS\" \/>\n<meta name=\"twitter:card\" content=\"summary_large_image\" \/>\n<script type=\"application\/ld+json\" class=\"yoast-schema-graph\">{\"@context\":\"https:\\\/\\\/schema.org\",\"@graph\":[{\"@type\":\"Article\",\"@id\":\"https:\\\/\\\/amautaenlinea.com\\\/blog\\\/minedu-inicia-el-proceso-de-contratacion-de-mas-de-140-000-docentes-para-este-ano-2026-lo-ultimo\\\/#article\",\"isPartOf\":{\"@id\":\"https:\\\/\\\/amautaenlinea.com\\\/blog\\\/minedu-inicia-el-proceso-de-contratacion-de-mas-de-140-000-docentes-para-este-ano-2026-lo-ultimo\\\/\"},\"author\":{\"name\":\"Grupo AMAUTA EBUSINESS\",\"@id\":\"https:\\\/\\\/amautaenlinea.com\\\/blog\\\/#\\\/schema\\\/person\\\/d8d4b5d672e9edb72a6f23fd40dd31d5\"},\"headline\":\"Minedu inicia el proceso de contrataci\u00f3n de m\u00e1s de 140 000 docentes para este a\u00f1o 2026 \u00a1LO \u00daLTIMO!\",\"datePublished\":\"2026-01-09T21:10:31+00:00\",\"mainEntityOfPage\":{\"@id\":\"https:\\\/\\\/amautaenlinea.com\\\/blog\\\/minedu-inicia-el-proceso-de-contratacion-de-mas-de-140-000-docentes-para-este-ano-2026-lo-ultimo\\\/\"},\"wordCount\":465,\"commentCount\":0,\"publisher\":{\"@id\":\"https:\\\/\\\/amautaenlinea.com\\\/blog\\\/#organization\"},\"image\":{\"@id\":\"https:\\\/\\\/amautaenlinea.com\\\/blog\\\/minedu-inicia-el-proceso-de-contratacion-de-mas-de-140-000-docentes-para-este-ano-2026-lo-ultimo\\\/#primaryimage\"},\"thumbnailUrl\":\"https:\\\/\\\/amautaenlinea.com\\\/blog\\\/wp-content\\\/uploads\\\/2026\\\/01\\\/Minedu-inicia-el-proceso-de-contratacion-de-mas-de-140-000-docentes-para-este-ano-2026.png\",\"keywords\":[\"Minedu inicia el proceso de contrataci\u00f3n de m\u00e1s de 140 000 docentes para este a\u00f1o 2026\"],\"articleSection\":[\"Educaci\u00f3n\"],\"inLanguage\":\"es\",\"potentialAction\":[{\"@type\":\"CommentAction\",\"name\":\"Comment\",\"target\":[\"https:\\\/\\\/amautaenlinea.com\\\/blog\\\/minedu-inicia-el-proceso-de-contratacion-de-mas-de-140-000-docentes-para-este-ano-2026-lo-ultimo\\\/#respond\"]}],\"copyrightYear\":\"2026\",\"copyrightHolder\":{\"@id\":\"https:\\\/\\\/amautaenlinea.com\\\/blog\\\/#organization\"}},{\"@type\":\"WebPage\",\"@id\":\"https:\\\/\\\/amautaenlinea.com\\\/blog\\\/minedu-inicia-el-proceso-de-contratacion-de-mas-de-140-000-docentes-para-este-ano-2026-lo-ultimo\\\/\",\"url\":\"https:\\\/\\\/amautaenlinea.com\\\/blog\\\/minedu-inicia-el-proceso-de-contratacion-de-mas-de-140-000-docentes-para-este-ano-2026-lo-ultimo\\\/\",\"name\":\"\u25b7 Minedu inicia el proceso de contrataci\u00f3n de m\u00e1s de 140 000 docentes para este a\u00f1o 2026 \u00a1LO \u00daLTIMO! \u2705\",\"isPartOf\":{\"@id\":\"https:\\\/\\\/amautaenlinea.com\\\/blog\\\/#website\"},\"primaryImageOfPage\":{\"@id\":\"https:\\\/\\\/amautaenlinea.com\\\/blog\\\/minedu-inicia-el-proceso-de-contratacion-de-mas-de-140-000-docentes-para-este-ano-2026-lo-ultimo\\\/#primaryimage\"},\"image\":{\"@id\":\"https:\\\/\\\/amautaenlinea.com\\\/blog\\\/minedu-inicia-el-proceso-de-contratacion-de-mas-de-140-000-docentes-para-este-ano-2026-lo-ultimo\\\/#primaryimage\"},\"thumbnailUrl\":\"https:\\\/\\\/amautaenlinea.com\\\/blog\\\/wp-content\\\/uploads\\\/2026\\\/01\\\/Minedu-inicia-el-proceso-de-contratacion-de-mas-de-140-000-docentes-para-este-ano-2026.png\",\"datePublished\":\"2026-01-09T21:10:31+00:00\",\"description\":\"\u27a8 Minedu inicia el proceso de contrataci\u00f3n de m\u00e1s de 140 000 docentes para este a\u00f1o 2026\",\"breadcrumb\":{\"@id\":\"https:\\\/\\\/amautaenlinea.com\\\/blog\\\/minedu-inicia-el-proceso-de-contratacion-de-mas-de-140-000-docentes-para-este-ano-2026-lo-ultimo\\\/#breadcrumb\"},\"inLanguage\":\"es\",\"potentialAction\":[{\"@type\":\"ReadAction\",\"target\":[\"https:\\\/\\\/amautaenlinea.com\\\/blog\\\/minedu-inicia-el-proceso-de-contratacion-de-mas-de-140-000-docentes-para-este-ano-2026-lo-ultimo\\\/\"]}]},{\"@type\":\"ImageObject\",\"inLanguage\":\"es\",\"@id\":\"https:\\\/\\\/amautaenlinea.com\\\/blog\\\/minedu-inicia-el-proceso-de-contratacion-de-mas-de-140-000-docentes-para-este-ano-2026-lo-ultimo\\\/#primaryimage\",\"url\":\"https:\\\/\\\/amautaenlinea.com\\\/blog\\\/wp-content\\\/uploads\\\/2026\\\/01\\\/Minedu-inicia-el-proceso-de-contratacion-de-mas-de-140-000-docentes-para-este-ano-2026.png\",\"contentUrl\":\"https:\\\/\\\/amautaenlinea.com\\\/blog\\\/wp-content\\\/uploads\\\/2026\\\/01\\\/Minedu-inicia-el-proceso-de-contratacion-de-mas-de-140-000-docentes-para-este-ano-2026.png\",\"width\":1280,\"height\":720},{\"@type\":\"BreadcrumbList\",\"@id\":\"https:\\\/\\\/amautaenlinea.com\\\/blog\\\/minedu-inicia-el-proceso-de-contratacion-de-mas-de-140-000-docentes-para-este-ano-2026-lo-ultimo\\\/#breadcrumb\",\"itemListElement\":[{\"@type\":\"ListItem\",\"position\":1,\"name\":\"Portada\",\"item\":\"https:\\\/\\\/amautaenlinea.com\\\/blog\\\/\"},{\"@type\":\"ListItem\",\"position\":2,\"name\":\"Minedu inicia el proceso de contrataci\u00f3n de m\u00e1s de 140 000 docentes para este a\u00f1o 2026 \u00a1LO \u00daLTIMO!\"}]},{\"@type\":\"WebSite\",\"@id\":\"https:\\\/\\\/amautaenlinea.com\\\/blog\\\/#website\",\"url\":\"https:\\\/\\\/amautaenlinea.com\\\/blog\\\/\",\"name\":\"Grupo AMAUTA\",\"description\":\"\",\"publisher\":{\"@id\":\"https:\\\/\\\/amautaenlinea.com\\\/blog\\\/#organization\"},\"potentialAction\":[{\"@type\":\"SearchAction\",\"target\":{\"@type\":\"EntryPoint\",\"urlTemplate\":\"https:\\\/\\\/amautaenlinea.com\\\/blog\\\/?s={search_term_string}\"},\"query-input\":{\"@type\":\"PropertyValueSpecification\",\"valueRequired\":true,\"valueName\":\"search_term_string\"}}],\"inLanguage\":\"es\"},{\"@type\":\"Organization\",\"@id\":\"https:\\\/\\\/amautaenlinea.com\\\/blog\\\/#organization\",\"name\":\"Grupo AMAUTA E-BUSINESS\",\"url\":\"https:\\\/\\\/amautaenlinea.com\\\/blog\\\/\",\"logo\":{\"@type\":\"ImageObject\",\"inLanguage\":\"es\",\"@id\":\"https:\\\/\\\/amautaenlinea.com\\\/blog\\\/#\\\/schema\\\/logo\\\/image\\\/\",\"url\":\"https:\\\/\\\/amautaenlinea.com\\\/blog\\\/wp-content\\\/uploads\\\/2023\\\/09\\\/logo-amauta.png\",\"contentUrl\":\"https:\\\/\\\/amautaenlinea.com\\\/blog\\\/wp-content\\\/uploads\\\/2023\\\/09\\\/logo-amauta.png\",\"width\":1124,\"height\":368,\"caption\":\"Grupo AMAUTA E-BUSINESS\"},\"image\":{\"@id\":\"https:\\\/\\\/amautaenlinea.com\\\/blog\\\/#\\\/schema\\\/logo\\\/image\\\/\"},\"sameAs\":[\"https:\\\/\\\/www.facebook.com\\\/amautaperu.org\\\/\"]},{\"@type\":\"Person\",\"@id\":\"https:\\\/\\\/amautaenlinea.com\\\/blog\\\/#\\\/schema\\\/person\\\/d8d4b5d672e9edb72a6f23fd40dd31d5\",\"name\":\"Grupo AMAUTA EBUSINESS\",\"image\":{\"@type\":\"ImageObject\",\"inLanguage\":\"es\",\"@id\":\"https:\\\/\\\/secure.gravatar.com\\\/avatar\\\/97706b54c222a710310e2db50e02e68de0a4c8bb76654bcc4053b08241c6bd6c?s=96&d=mm&r=g\",\"url\":\"https:\\\/\\\/secure.gravatar.com\\\/avatar\\\/97706b54c222a710310e2db50e02e68de0a4c8bb76654bcc4053b08241c6bd6c?s=96&d=mm&r=g\",\"contentUrl\":\"https:\\\/\\\/secure.gravatar.com\\\/avatar\\\/97706b54c222a710310e2db50e02e68de0a4c8bb76654bcc4053b08241c6bd6c?s=96&d=mm&r=g\",\"caption\":\"Grupo AMAUTA EBUSINESS\"}}]}<\/script>\n<!-- \/ Yoast SEO Premium plugin. -->","yoast_head_json":{"title":"\u25b7 Minedu inicia el proceso de contrataci\u00f3n de m\u00e1s de 140 000 docentes para este a\u00f1o 2026 \u00a1LO \u00daLTIMO! \u2705","description":"\u27a8 Minedu inicia el proceso de contrataci\u00f3n de m\u00e1s de 140 000 docentes para este a\u00f1o 2026","robots":{"index":"index","follow":"follow","max-snippet":"max-snippet:-1","max-image-preview":"max-image-preview:large","max-video-preview":"max-video-preview:-1"},"canonical":"https:\/\/amautaenlinea.com\/blog\/minedu-inicia-el-proceso-de-contratacion-de-mas-de-140-000-docentes-para-este-ano-2026-lo-ultimo\/","og_locale":"es_ES","og_type":"article","og_title":"Minedu inicia el proceso de contrataci\u00f3n de m\u00e1s de 140 000 docentes para este a\u00f1o 2026 \u00a1LO \u00daLTIMO!","og_description":"\u27a8 Minedu inicia el proceso de contrataci\u00f3n de m\u00e1s de 140 000 docentes para este a\u00f1o 2026","og_url":"https:\/\/amautaenlinea.com\/blog\/minedu-inicia-el-proceso-de-contratacion-de-mas-de-140-000-docentes-para-este-ano-2026-lo-ultimo\/","og_site_name":"Grupo AMAUTA","article_publisher":"https:\/\/www.facebook.com\/amautaperu.org\/","article_published_time":"2026-01-09T21:10:31+00:00","og_image":[{"width":1280,"height":720,"url":"https:\/\/amautaenlinea.com\/blog\/wp-content\/uploads\/2026\/01\/Minedu-inicia-el-proceso-de-contratacion-de-mas-de-140-000-docentes-para-este-ano-2026.png","type":"image\/png"}],"author":"Grupo AMAUTA EBUSINESS","twitter_card":"summary_large_image","schema":{"@context":"https:\/\/schema.org","@graph":[{"@type":"Article","@id":"https:\/\/amautaenlinea.com\/blog\/minedu-inicia-el-proceso-de-contratacion-de-mas-de-140-000-docentes-para-este-ano-2026-lo-ultimo\/#article","isPartOf":{"@id":"https:\/\/amautaenlinea.com\/blog\/minedu-inicia-el-proceso-de-contratacion-de-mas-de-140-000-docentes-para-este-ano-2026-lo-ultimo\/"},"author":{"name":"Grupo AMAUTA EBUSINESS","@id":"https:\/\/amautaenlinea.com\/blog\/#\/schema\/person\/d8d4b5d672e9edb72a6f23fd40dd31d5"},"headline":"Minedu inicia el proceso de contrataci\u00f3n de m\u00e1s de 140 000 docentes para este a\u00f1o 2026 \u00a1LO \u00daLTIMO!","datePublished":"2026-01-09T21:10:31+00:00","mainEntityOfPage":{"@id":"https:\/\/amautaenlinea.com\/blog\/minedu-inicia-el-proceso-de-contratacion-de-mas-de-140-000-docentes-para-este-ano-2026-lo-ultimo\/"},"wordCount":465,"commentCount":0,"publisher":{"@id":"https:\/\/amautaenlinea.com\/blog\/#organization"},"image":{"@id":"https:\/\/amautaenlinea.com\/blog\/minedu-inicia-el-proceso-de-contratacion-de-mas-de-140-000-docentes-para-este-ano-2026-lo-ultimo\/#primaryimage"},"thumbnailUrl":"https:\/\/amautaenlinea.com\/blog\/wp-content\/uploads\/2026\/01\/Minedu-inicia-el-proceso-de-contratacion-de-mas-de-140-000-docentes-para-este-ano-2026.png","keywords":["Minedu inicia el proceso de contrataci\u00f3n de m\u00e1s de 140 000 docentes para este a\u00f1o 2026"],"articleSection":["Educaci\u00f3n"],"inLanguage":"es","potentialAction":[{"@type":"CommentAction","name":"Comment","target":["https:\/\/amautaenlinea.com\/blog\/minedu-inicia-el-proceso-de-contratacion-de-mas-de-140-000-docentes-para-este-ano-2026-lo-ultimo\/#respond"]}],"copyrightYear":"2026","copyrightHolder":{"@id":"https:\/\/amautaenlinea.com\/blog\/#organization"}},{"@type":"WebPage","@id":"https:\/\/amautaenlinea.com\/blog\/minedu-inicia-el-proceso-de-contratacion-de-mas-de-140-000-docentes-para-este-ano-2026-lo-ultimo\/","url":"https:\/\/amautaenlinea.com\/blog\/minedu-inicia-el-proceso-de-contratacion-de-mas-de-140-000-docentes-para-este-ano-2026-lo-ultimo\/","name":"\u25b7 Minedu inicia el proceso de contrataci\u00f3n de m\u00e1s de 140 000 docentes para este a\u00f1o 2026 \u00a1LO \u00daLTIMO! \u2705","isPartOf":{"@id":"https:\/\/amautaenlinea.com\/blog\/#website"},"primaryImageOfPage":{"@id":"https:\/\/amautaenlinea.com\/blog\/minedu-inicia-el-proceso-de-contratacion-de-mas-de-140-000-docentes-para-este-ano-2026-lo-ultimo\/#primaryimage"},"image":{"@id":"https:\/\/amautaenlinea.com\/blog\/minedu-inicia-el-proceso-de-contratacion-de-mas-de-140-000-docentes-para-este-ano-2026-lo-ultimo\/#primaryimage"},"thumbnailUrl":"https:\/\/amautaenlinea.com\/blog\/wp-content\/uploads\/2026\/01\/Minedu-inicia-el-proceso-de-contratacion-de-mas-de-140-000-docentes-para-este-ano-2026.png","datePublished":"2026-01-09T21:10:31+00:00","description":"\u27a8 Minedu inicia el proceso de contrataci\u00f3n de m\u00e1s de 140 000 docentes para este a\u00f1o 2026","breadcrumb":{"@id":"https:\/\/amautaenlinea.com\/blog\/minedu-inicia-el-proceso-de-contratacion-de-mas-de-140-000-docentes-para-este-ano-2026-lo-ultimo\/#breadcrumb"},"inLanguage":"es","potentialAction":[{"@type":"ReadAction","target":["https:\/\/amautaenlinea.com\/blog\/minedu-inicia-el-proceso-de-contratacion-de-mas-de-140-000-docentes-para-este-ano-2026-lo-ultimo\/"]}]},{"@type":"ImageObject","inLanguage":"es","@id":"https:\/\/amautaenlinea.com\/blog\/minedu-inicia-el-proceso-de-contratacion-de-mas-de-140-000-docentes-para-este-ano-2026-lo-ultimo\/#primaryimage","url":"https:\/\/amautaenlinea.com\/blog\/wp-content\/uploads\/2026\/01\/Minedu-inicia-el-proceso-de-contratacion-de-mas-de-140-000-docentes-para-este-ano-2026.png","contentUrl":"https:\/\/amautaenlinea.com\/blog\/wp-content\/uploads\/2026\/01\/Minedu-inicia-el-proceso-de-contratacion-de-mas-de-140-000-docentes-para-este-ano-2026.png","width":1280,"height":720},{"@type":"BreadcrumbList","@id":"https:\/\/amautaenlinea.com\/blog\/minedu-inicia-el-proceso-de-contratacion-de-mas-de-140-000-docentes-para-este-ano-2026-lo-ultimo\/#breadcrumb","itemListElement":[{"@type":"ListItem","position":1,"name":"Portada","item":"https:\/\/amautaenlinea.com\/blog\/"},{"@type":"ListItem","position":2,"name":"Minedu inicia el proceso de contrataci\u00f3n de m\u00e1s de 140 000 docentes para este a\u00f1o 2026 \u00a1LO \u00daLTIMO!"}]},{"@type":"WebSite","@id":"https:\/\/amautaenlinea.com\/blog\/#website","url":"https:\/\/amautaenlinea.com\/blog\/","name":"Grupo AMAUTA","description":"","publisher":{"@id":"https:\/\/amautaenlinea.com\/blog\/#organization"},"potentialAction":[{"@type":"SearchAction","target":{"@type":"EntryPoint","urlTemplate":"https:\/\/amautaenlinea.com\/blog\/?s={search_term_string}"},"query-input":{"@type":"PropertyValueSpecification","valueRequired":true,"valueName":"search_term_string"}}],"inLanguage":"es"},{"@type":"Organization","@id":"https:\/\/amautaenlinea.com\/blog\/#organization","name":"Grupo AMAUTA E-BUSINESS","url":"https:\/\/amautaenlinea.com\/blog\/","logo":{"@type":"ImageObject","inLanguage":"es","@id":"https:\/\/amautaenlinea.com\/blog\/#\/schema\/logo\/image\/","url":"https:\/\/amautaenlinea.com\/blog\/wp-content\/uploads\/2023\/09\/logo-amauta.png","contentUrl":"https:\/\/amautaenlinea.com\/blog\/wp-content\/uploads\/2023\/09\/logo-amauta.png","width":1124,"height":368,"caption":"Grupo AMAUTA E-BUSINESS"},"image":{"@id":"https:\/\/amautaenlinea.com\/blog\/#\/schema\/logo\/image\/"},"sameAs":["https:\/\/www.facebook.com\/amautaperu.org\/"]},{"@type":"Person","@id":"https:\/\/amautaenlinea.com\/blog\/#\/schema\/person\/d8d4b5d672e9edb72a6f23fd40dd31d5","name":"Grupo AMAUTA EBUSINESS","image":{"@type":"ImageObject","inLanguage":"es","@id":"https:\/\/secure.gravatar.com\/avatar\/97706b54c222a710310e2db50e02e68de0a4c8bb76654bcc4053b08241c6bd6c?s=96&d=mm&r=g","url":"https:\/\/secure.gravatar.com\/avatar\/97706b54c222a710310e2db50e02e68de0a4c8bb76654bcc4053b08241c6bd6c?s=96&d=mm&r=g","contentUrl":"https:\/\/secure.gravatar.com\/avatar\/97706b54c222a710310e2db50e02e68de0a4c8bb76654bcc4053b08241c6bd6c?s=96&d=mm&r=g","caption":"Grupo AMAUTA EBUSINESS"}}]}},"_links":{"self":[{"href":"https:\/\/amautaenlinea.com\/blog\/wp-json\/wp\/v2\/posts\/18340","targetHints":{"allow":["GET"]}}],"collection":[{"href":"https:\/\/amautaenlinea.com\/blog\/wp-json\/wp\/v2\/posts"}],"about":[{"href":"https:\/\/amautaenlinea.com\/blog\/wp-json\/wp\/v2\/types\/post"}],"author":[{"embeddable":true,"href":"https:\/\/amautaenlinea.com\/blog\/wp-json\/wp\/v2\/users\/1"}],"replies":[{"embeddable":true,"href":"https:\/\/amautaenlinea.com\/blog\/wp-json\/wp\/v2\/comments?post=18340"}],"version-history":[{"count":2,"href":"https:\/\/amautaenlinea.com\/blog\/wp-json\/wp\/v2\/posts\/18340\/revisions"}],"predecessor-version":[{"id":18343,"href":"https:\/\/amautaenlinea.com\/blog\/wp-json\/wp\/v2\/posts\/18340\/revisions\/18343"}],"wp:featuredmedia":[{"embeddable":true,"href":"https:\/\/amautaenlinea.com\/blog\/wp-json\/wp\/v2\/media\/18341"}],"wp:attachment":[{"href":"https:\/\/amautaenlinea.com\/blog\/wp-json\/wp\/v2\/media?parent=18340"}],"wp:term":[{"taxonomy":"category","embeddable":true,"href":"https:\/\/amautaenlinea.com\/blog\/wp-json\/wp\/v2\/categories?post=18340"},{"taxonomy":"post_tag","embeddable":true,"href":"https:\/\/amautaenlinea.com\/blog\/wp-json\/wp\/v2\/tags?post=18340"}],"curies":[{"name":"wp","href":"https:\/\/api.w.org\/{rel}","templated":true}]}}