{"id":18336,"date":"2026-01-09T07:41:42","date_gmt":"2026-01-09T12:41:42","guid":{"rendered":"https:\/\/amautaenlinea.com\/blog\/?p=18336"},"modified":"2026-01-09T15:12:53","modified_gmt":"2026-01-09T20:12:53","slug":"minedu-maestros-autoconvocados-a-un-paso-de-lograr-el-nombramiento-progresivo-2022-y-2024-atencion-docente","status":"publish","type":"post","link":"https:\/\/amautaenlinea.com\/blog\/minedu-maestros-autoconvocados-a-un-paso-de-lograr-el-nombramiento-progresivo-2022-y-2024-atencion-docente\/","title":{"rendered":"Minedu: Maestros autoconvocados a un paso de lograr el nombramiento progresivo 2022 y 2024 \u00a1Atenci\u00f3n Docente!"},"content":{"rendered":"<p>Este viernes 9 de enero los maestros autoconvocados tendr\u00e1n una reuni\u00f3n con la Presidenta del Tribunal Constitucional a las 10:30 am en Av.Arequipa N\u00b02720.<br class=\"html-br\" \/>San Isidro.<\/p>\n<p><code><iframe loading=\"lazy\" style=\"border: none; overflow: hidden;\" src=\"https:\/\/www.facebook.com\/plugins\/video.php?height=314&amp;href=https%3A%2F%2Fwww.facebook.com%2FMontalvoCubas%2Fvideos%2F695146493535297%2F&amp;show_text=false&amp;width=560&amp;t=0\" width=\"560\" height=\"314\" frameborder=\"0\" scrolling=\"no\" allowfullscreen=\"allowfullscreen\"><\/iframe><\/code><\/p>\n<div class=\"x14z9mp xat24cr x1lziwak x1vvkbs xtlvy1s x126k92a\">\n<div dir=\"auto\">La Comisi\u00f3n de Educaci\u00f3n, Juventud y Deporte del Congreso de la Rep\u00fablica, presidida por el congresista Segundo Montalvo, particip\u00f3 en una reuni\u00f3n interinstitucional convocada por la Defensor\u00eda del Pueblo para abordar la problem\u00e1tica en la aplicaci\u00f3n y reglamentaci\u00f3n de la Ley N.\u00b0 32390, norma que autoriza el nombramiento excepcional de docentes de Educaci\u00f3n B\u00e1sica a la Carrera P\u00fablica Magisterial.<\/div>\n<div dir=\"auto\"><\/div>\n<\/div>\n<div class=\"x14z9mp xat24cr x1lziwak x1vvkbs xtlvy1s x126k92a\">\n<div dir=\"auto\">La reuni\u00f3n se llev\u00f3 a cabo en el auditorio Jorge Santistevan de la Defensor\u00eda del Pueblo y cont\u00f3 con la presencia del congresista Flavio Cruz, Vocero de la Bancada de Per\u00fa Libre, funcionarios de dicha instituci\u00f3n, representantes de los docentes de diversas regiones del pa\u00eds, entre ellas Lima Metropolitana, Arequipa, Jun\u00edn, \u00c1ncash, Piura, Puno, Hu\u00e1nuco, Huancavelica, San Mart\u00edn y Ayacucho.<\/div>\n<div dir=\"auto\"><\/div>\n<\/div>\n<div class=\"x14z9mp xat24cr x1lziwak x1vvkbs xtlvy1s x126k92a\">\n<div dir=\"auto\">Pese a haber sido debidamente invitado mediante oficio, el Ministro de Educaci\u00f3n no asisti\u00f3 a la sesi\u00f3n convocada con car\u00e1cter de urgente, lo que gener\u00f3 preocupaci\u00f3n entre los asistentes debido a la falta de respuesta del sector frente a una norma ya vigente que afecta a miles de docentes a nivel nacional.<\/div>\n<\/div>\n<div class=\"x14z9mp xat24cr x1lziwak x1vvkbs xtlvy1s x126k92a\">\n<div dir=\"auto\">Al respecto, el congresista Segundo Montalvo reiter\u00f3 la necesidad de que el Ministerio de Educaci\u00f3n asuma su responsabilidad institucional y brinde explicaciones claras sobre la reglamentaci\u00f3n y ejecuci\u00f3n de la Ley 32390, as\u00ed como sobre los criterios que se vienen considerando para los procesos de evaluaci\u00f3n y nombramiento docente.<\/div>\n<div dir=\"auto\"><\/div>\n<\/div>\n<div class=\"x14z9mp xat24cr x1lziwak x1vvkbs xtlvy1s x126k92a\">\n<div dir=\"auto\">En ese sentido, la Defensor\u00eda del Pueblo inform\u00f3 que trasladar\u00e1 la documentaci\u00f3n correspondiente a la Comisi\u00f3n de Educaci\u00f3n del Congreso y continuar\u00e1 realizando el seguimiento al caso, adem\u00e1s de solicitar informaci\u00f3n formal al Ministerio de Educaci\u00f3n para la elaboraci\u00f3n de un informe t\u00e9cnico-jur\u00eddico.<\/div>\n<div dir=\"auto\"><\/div>\n<\/div>\n<div class=\"x14z9mp xat24cr x1lziwak x1vvkbs xtlvy1s x126k92a\">\n<div dir=\"auto\">Finalmente, a pedido de los docentes presentes, se manifest\u00f3 la preocupaci\u00f3n y oposici\u00f3n frente a una eventual convocatoria a un nuevo concurso de nombramiento docente en el a\u00f1o 2026, considerando la vigencia de la Ley 32390, exhortando al Ministerio de Educaci\u00f3n a respetar el marco legal y los derechos del magisterio.<\/div>\n<\/div>\n<div class=\"x14z9mp xat24cr x1lziwak x1vvkbs xtlvy1s x126k92a\">\n<div dir=\"auto\">La Comisi\u00f3n de Educaci\u00f3n, Juventud y Deporte reafirma su compromiso con la defensa del derecho a la educaci\u00f3n y con el acompa\u00f1amiento permanente a los docentes del pa\u00eds en la correcta implementaci\u00f3n de las pol\u00edticas educativas.<\/div>\n<\/div>\n","protected":false},"excerpt":{"rendered":"<p>Este viernes 9 de enero los maestros autoconvocados tendr\u00e1n una reuni\u00f3n con la Presidenta del Tribunal Constitucional a las 10:30 am en Av.Arequipa N\u00b02720.San<\/p>\n","protected":false},"author":1,"featured_media":18337,"comment_status":"open","ping_status":"open","sticky":false,"template":"","format":"standard","meta":{"footnotes":""},"categories":[4],"tags":[3309],"class_list":["post-18336","post","type-post","status-publish","format-standard","has-post-thumbnail","hentry","category-educacion","tag-maestros-autoconvocados-a-un-paso-de-lograr-el-nombramiento-progresivo-2022-y-2024"],"yoast_head":"<!-- This site is optimized with the Yoast SEO Premium plugin v21.2 (Yoast SEO v27.5) - https:\/\/yoast.com\/product\/yoast-seo-premium-wordpress\/ -->\n<title>\u25b7 Minedu: Maestros autoconvocados a un paso de lograr el nombramiento progresivo 2022 y 2024 \u00a1Atenci\u00f3n Docente! \u2705<\/title>\n<meta name=\"description\" content=\"\u27a8 Maestros autoconvocados a un paso de lograr el nombramiento progresivo 2022 y 2024\" \/>\n<meta name=\"robots\" content=\"index, follow, max-snippet:-1, max-image-preview:large, max-video-preview:-1\" \/>\n<link rel=\"canonical\" href=\"https:\/\/amautaenlinea.com\/blog\/minedu-maestros-autoconvocados-a-un-paso-de-lograr-el-nombramiento-progresivo-2022-y-2024-atencion-docente\/\" \/>\n<meta property=\"og:locale\" content=\"es_ES\" \/>\n<meta property=\"og:type\" content=\"article\" \/>\n<meta property=\"og:title\" content=\"Minedu: Maestros autoconvocados a un paso de lograr el nombramiento progresivo 2022 y 2024 \u00a1Atenci\u00f3n Docente!\" \/>\n<meta property=\"og:description\" content=\"\u27a8 Maestros autoconvocados a un paso de lograr el nombramiento progresivo 2022 y 2024\" \/>\n<meta property=\"og:url\" content=\"https:\/\/amautaenlinea.com\/blog\/minedu-maestros-autoconvocados-a-un-paso-de-lograr-el-nombramiento-progresivo-2022-y-2024-atencion-docente\/\" \/>\n<meta property=\"og:site_name\" content=\"Grupo AMAUTA\" \/>\n<meta property=\"article:publisher\" content=\"https:\/\/www.facebook.com\/amautaperu.org\/\" \/>\n<meta property=\"article:published_time\" content=\"2026-01-09T12:41:42+00:00\" \/>\n<meta property=\"article:modified_time\" content=\"2026-01-09T20:12:53+00:00\" \/>\n<meta property=\"og:image\" content=\"https:\/\/amautaenlinea.com\/blog\/wp-content\/uploads\/2026\/01\/Maestros-autoconvocados-a-un-paso-de-lograr-el-nombramiento-progresivo-2022-y-2024.png\" \/>\n\t<meta property=\"og:image:width\" content=\"1280\" \/>\n\t<meta property=\"og:image:height\" content=\"720\" \/>\n\t<meta property=\"og:image:type\" content=\"image\/png\" \/>\n<meta name=\"author\" content=\"Grupo AMAUTA EBUSINESS\" \/>\n<meta name=\"twitter:card\" content=\"summary_large_image\" \/>\n<script type=\"application\/ld+json\" class=\"yoast-schema-graph\">{\"@context\":\"https:\\\/\\\/schema.org\",\"@graph\":[{\"@type\":\"Article\",\"@id\":\"https:\\\/\\\/amautaenlinea.com\\\/blog\\\/minedu-maestros-autoconvocados-a-un-paso-de-lograr-el-nombramiento-progresivo-2022-y-2024-atencion-docente\\\/#article\",\"isPartOf\":{\"@id\":\"https:\\\/\\\/amautaenlinea.com\\\/blog\\\/minedu-maestros-autoconvocados-a-un-paso-de-lograr-el-nombramiento-progresivo-2022-y-2024-atencion-docente\\\/\"},\"author\":{\"name\":\"Grupo AMAUTA EBUSINESS\",\"@id\":\"https:\\\/\\\/amautaenlinea.com\\\/blog\\\/#\\\/schema\\\/person\\\/d8d4b5d672e9edb72a6f23fd40dd31d5\"},\"headline\":\"Minedu: Maestros autoconvocados a un paso de lograr el nombramiento progresivo 2022 y 2024 \u00a1Atenci\u00f3n Docente!\",\"datePublished\":\"2026-01-09T12:41:42+00:00\",\"dateModified\":\"2026-01-09T20:12:53+00:00\",\"mainEntityOfPage\":{\"@id\":\"https:\\\/\\\/amautaenlinea.com\\\/blog\\\/minedu-maestros-autoconvocados-a-un-paso-de-lograr-el-nombramiento-progresivo-2022-y-2024-atencion-docente\\\/\"},\"wordCount\":435,\"commentCount\":0,\"publisher\":{\"@id\":\"https:\\\/\\\/amautaenlinea.com\\\/blog\\\/#organization\"},\"image\":{\"@id\":\"https:\\\/\\\/amautaenlinea.com\\\/blog\\\/minedu-maestros-autoconvocados-a-un-paso-de-lograr-el-nombramiento-progresivo-2022-y-2024-atencion-docente\\\/#primaryimage\"},\"thumbnailUrl\":\"https:\\\/\\\/amautaenlinea.com\\\/blog\\\/wp-content\\\/uploads\\\/2026\\\/01\\\/Maestros-autoconvocados-a-un-paso-de-lograr-el-nombramiento-progresivo-2022-y-2024.png\",\"keywords\":[\"Maestros autoconvocados a un paso de lograr el nombramiento progresivo 2022 y 2024\"],\"articleSection\":[\"Educaci\u00f3n\"],\"inLanguage\":\"es\",\"potentialAction\":[{\"@type\":\"CommentAction\",\"name\":\"Comment\",\"target\":[\"https:\\\/\\\/amautaenlinea.com\\\/blog\\\/minedu-maestros-autoconvocados-a-un-paso-de-lograr-el-nombramiento-progresivo-2022-y-2024-atencion-docente\\\/#respond\"]}],\"copyrightYear\":\"2026\",\"copyrightHolder\":{\"@id\":\"https:\\\/\\\/amautaenlinea.com\\\/blog\\\/#organization\"}},{\"@type\":\"WebPage\",\"@id\":\"https:\\\/\\\/amautaenlinea.com\\\/blog\\\/minedu-maestros-autoconvocados-a-un-paso-de-lograr-el-nombramiento-progresivo-2022-y-2024-atencion-docente\\\/\",\"url\":\"https:\\\/\\\/amautaenlinea.com\\\/blog\\\/minedu-maestros-autoconvocados-a-un-paso-de-lograr-el-nombramiento-progresivo-2022-y-2024-atencion-docente\\\/\",\"name\":\"\u25b7 Minedu: Maestros autoconvocados a un paso de lograr el nombramiento progresivo 2022 y 2024 \u00a1Atenci\u00f3n Docente! \u2705\",\"isPartOf\":{\"@id\":\"https:\\\/\\\/amautaenlinea.com\\\/blog\\\/#website\"},\"primaryImageOfPage\":{\"@id\":\"https:\\\/\\\/amautaenlinea.com\\\/blog\\\/minedu-maestros-autoconvocados-a-un-paso-de-lograr-el-nombramiento-progresivo-2022-y-2024-atencion-docente\\\/#primaryimage\"},\"image\":{\"@id\":\"https:\\\/\\\/amautaenlinea.com\\\/blog\\\/minedu-maestros-autoconvocados-a-un-paso-de-lograr-el-nombramiento-progresivo-2022-y-2024-atencion-docente\\\/#primaryimage\"},\"thumbnailUrl\":\"https:\\\/\\\/amautaenlinea.com\\\/blog\\\/wp-content\\\/uploads\\\/2026\\\/01\\\/Maestros-autoconvocados-a-un-paso-de-lograr-el-nombramiento-progresivo-2022-y-2024.png\",\"datePublished\":\"2026-01-09T12:41:42+00:00\",\"dateModified\":\"2026-01-09T20:12:53+00:00\",\"description\":\"\u27a8 Maestros autoconvocados a un paso de lograr el nombramiento progresivo 2022 y 2024\",\"breadcrumb\":{\"@id\":\"https:\\\/\\\/amautaenlinea.com\\\/blog\\\/minedu-maestros-autoconvocados-a-un-paso-de-lograr-el-nombramiento-progresivo-2022-y-2024-atencion-docente\\\/#breadcrumb\"},\"inLanguage\":\"es\",\"potentialAction\":[{\"@type\":\"ReadAction\",\"target\":[\"https:\\\/\\\/amautaenlinea.com\\\/blog\\\/minedu-maestros-autoconvocados-a-un-paso-de-lograr-el-nombramiento-progresivo-2022-y-2024-atencion-docente\\\/\"]}]},{\"@type\":\"ImageObject\",\"inLanguage\":\"es\",\"@id\":\"https:\\\/\\\/amautaenlinea.com\\\/blog\\\/minedu-maestros-autoconvocados-a-un-paso-de-lograr-el-nombramiento-progresivo-2022-y-2024-atencion-docente\\\/#primaryimage\",\"url\":\"https:\\\/\\\/amautaenlinea.com\\\/blog\\\/wp-content\\\/uploads\\\/2026\\\/01\\\/Maestros-autoconvocados-a-un-paso-de-lograr-el-nombramiento-progresivo-2022-y-2024.png\",\"contentUrl\":\"https:\\\/\\\/amautaenlinea.com\\\/blog\\\/wp-content\\\/uploads\\\/2026\\\/01\\\/Maestros-autoconvocados-a-un-paso-de-lograr-el-nombramiento-progresivo-2022-y-2024.png\",\"width\":1280,\"height\":720},{\"@type\":\"BreadcrumbList\",\"@id\":\"https:\\\/\\\/amautaenlinea.com\\\/blog\\\/minedu-maestros-autoconvocados-a-un-paso-de-lograr-el-nombramiento-progresivo-2022-y-2024-atencion-docente\\\/#breadcrumb\",\"itemListElement\":[{\"@type\":\"ListItem\",\"position\":1,\"name\":\"Portada\",\"item\":\"https:\\\/\\\/amautaenlinea.com\\\/blog\\\/\"},{\"@type\":\"ListItem\",\"position\":2,\"name\":\"Minedu: Maestros autoconvocados a un paso de lograr el nombramiento progresivo 2022 y 2024 \u00a1Atenci\u00f3n Docente!\"}]},{\"@type\":\"WebSite\",\"@id\":\"https:\\\/\\\/amautaenlinea.com\\\/blog\\\/#website\",\"url\":\"https:\\\/\\\/amautaenlinea.com\\\/blog\\\/\",\"name\":\"Grupo AMAUTA\",\"description\":\"\",\"publisher\":{\"@id\":\"https:\\\/\\\/amautaenlinea.com\\\/blog\\\/#organization\"},\"potentialAction\":[{\"@type\":\"SearchAction\",\"target\":{\"@type\":\"EntryPoint\",\"urlTemplate\":\"https:\\\/\\\/amautaenlinea.com\\\/blog\\\/?s={search_term_string}\"},\"query-input\":{\"@type\":\"PropertyValueSpecification\",\"valueRequired\":true,\"valueName\":\"search_term_string\"}}],\"inLanguage\":\"es\"},{\"@type\":\"Organization\",\"@id\":\"https:\\\/\\\/amautaenlinea.com\\\/blog\\\/#organization\",\"name\":\"Grupo AMAUTA E-BUSINESS\",\"url\":\"https:\\\/\\\/amautaenlinea.com\\\/blog\\\/\",\"logo\":{\"@type\":\"ImageObject\",\"inLanguage\":\"es\",\"@id\":\"https:\\\/\\\/amautaenlinea.com\\\/blog\\\/#\\\/schema\\\/logo\\\/image\\\/\",\"url\":\"https:\\\/\\\/amautaenlinea.com\\\/blog\\\/wp-content\\\/uploads\\\/2023\\\/09\\\/logo-amauta.png\",\"contentUrl\":\"https:\\\/\\\/amautaenlinea.com\\\/blog\\\/wp-content\\\/uploads\\\/2023\\\/09\\\/logo-amauta.png\",\"width\":1124,\"height\":368,\"caption\":\"Grupo AMAUTA E-BUSINESS\"},\"image\":{\"@id\":\"https:\\\/\\\/amautaenlinea.com\\\/blog\\\/#\\\/schema\\\/logo\\\/image\\\/\"},\"sameAs\":[\"https:\\\/\\\/www.facebook.com\\\/amautaperu.org\\\/\"]},{\"@type\":\"Person\",\"@id\":\"https:\\\/\\\/amautaenlinea.com\\\/blog\\\/#\\\/schema\\\/person\\\/d8d4b5d672e9edb72a6f23fd40dd31d5\",\"name\":\"Grupo AMAUTA EBUSINESS\",\"image\":{\"@type\":\"ImageObject\",\"inLanguage\":\"es\",\"@id\":\"https:\\\/\\\/secure.gravatar.com\\\/avatar\\\/97706b54c222a710310e2db50e02e68de0a4c8bb76654bcc4053b08241c6bd6c?s=96&d=mm&r=g\",\"url\":\"https:\\\/\\\/secure.gravatar.com\\\/avatar\\\/97706b54c222a710310e2db50e02e68de0a4c8bb76654bcc4053b08241c6bd6c?s=96&d=mm&r=g\",\"contentUrl\":\"https:\\\/\\\/secure.gravatar.com\\\/avatar\\\/97706b54c222a710310e2db50e02e68de0a4c8bb76654bcc4053b08241c6bd6c?s=96&d=mm&r=g\",\"caption\":\"Grupo AMAUTA EBUSINESS\"}}]}<\/script>\n<!-- \/ Yoast SEO Premium plugin. -->","yoast_head_json":{"title":"\u25b7 Minedu: Maestros autoconvocados a un paso de lograr el nombramiento progresivo 2022 y 2024 \u00a1Atenci\u00f3n Docente! \u2705","description":"\u27a8 Maestros autoconvocados a un paso de lograr el nombramiento progresivo 2022 y 2024","robots":{"index":"index","follow":"follow","max-snippet":"max-snippet:-1","max-image-preview":"max-image-preview:large","max-video-preview":"max-video-preview:-1"},"canonical":"https:\/\/amautaenlinea.com\/blog\/minedu-maestros-autoconvocados-a-un-paso-de-lograr-el-nombramiento-progresivo-2022-y-2024-atencion-docente\/","og_locale":"es_ES","og_type":"article","og_title":"Minedu: Maestros autoconvocados a un paso de lograr el nombramiento progresivo 2022 y 2024 \u00a1Atenci\u00f3n Docente!","og_description":"\u27a8 Maestros autoconvocados a un paso de lograr el nombramiento progresivo 2022 y 2024","og_url":"https:\/\/amautaenlinea.com\/blog\/minedu-maestros-autoconvocados-a-un-paso-de-lograr-el-nombramiento-progresivo-2022-y-2024-atencion-docente\/","og_site_name":"Grupo AMAUTA","article_publisher":"https:\/\/www.facebook.com\/amautaperu.org\/","article_published_time":"2026-01-09T12:41:42+00:00","article_modified_time":"2026-01-09T20:12:53+00:00","og_image":[{"width":1280,"height":720,"url":"https:\/\/amautaenlinea.com\/blog\/wp-content\/uploads\/2026\/01\/Maestros-autoconvocados-a-un-paso-de-lograr-el-nombramiento-progresivo-2022-y-2024.png","type":"image\/png"}],"author":"Grupo AMAUTA EBUSINESS","twitter_card":"summary_large_image","schema":{"@context":"https:\/\/schema.org","@graph":[{"@type":"Article","@id":"https:\/\/amautaenlinea.com\/blog\/minedu-maestros-autoconvocados-a-un-paso-de-lograr-el-nombramiento-progresivo-2022-y-2024-atencion-docente\/#article","isPartOf":{"@id":"https:\/\/amautaenlinea.com\/blog\/minedu-maestros-autoconvocados-a-un-paso-de-lograr-el-nombramiento-progresivo-2022-y-2024-atencion-docente\/"},"author":{"name":"Grupo AMAUTA EBUSINESS","@id":"https:\/\/amautaenlinea.com\/blog\/#\/schema\/person\/d8d4b5d672e9edb72a6f23fd40dd31d5"},"headline":"Minedu: Maestros autoconvocados a un paso de lograr el nombramiento progresivo 2022 y 2024 \u00a1Atenci\u00f3n Docente!","datePublished":"2026-01-09T12:41:42+00:00","dateModified":"2026-01-09T20:12:53+00:00","mainEntityOfPage":{"@id":"https:\/\/amautaenlinea.com\/blog\/minedu-maestros-autoconvocados-a-un-paso-de-lograr-el-nombramiento-progresivo-2022-y-2024-atencion-docente\/"},"wordCount":435,"commentCount":0,"publisher":{"@id":"https:\/\/amautaenlinea.com\/blog\/#organization"},"image":{"@id":"https:\/\/amautaenlinea.com\/blog\/minedu-maestros-autoconvocados-a-un-paso-de-lograr-el-nombramiento-progresivo-2022-y-2024-atencion-docente\/#primaryimage"},"thumbnailUrl":"https:\/\/amautaenlinea.com\/blog\/wp-content\/uploads\/2026\/01\/Maestros-autoconvocados-a-un-paso-de-lograr-el-nombramiento-progresivo-2022-y-2024.png","keywords":["Maestros autoconvocados a un paso de lograr el nombramiento progresivo 2022 y 2024"],"articleSection":["Educaci\u00f3n"],"inLanguage":"es","potentialAction":[{"@type":"CommentAction","name":"Comment","target":["https:\/\/amautaenlinea.com\/blog\/minedu-maestros-autoconvocados-a-un-paso-de-lograr-el-nombramiento-progresivo-2022-y-2024-atencion-docente\/#respond"]}],"copyrightYear":"2026","copyrightHolder":{"@id":"https:\/\/amautaenlinea.com\/blog\/#organization"}},{"@type":"WebPage","@id":"https:\/\/amautaenlinea.com\/blog\/minedu-maestros-autoconvocados-a-un-paso-de-lograr-el-nombramiento-progresivo-2022-y-2024-atencion-docente\/","url":"https:\/\/amautaenlinea.com\/blog\/minedu-maestros-autoconvocados-a-un-paso-de-lograr-el-nombramiento-progresivo-2022-y-2024-atencion-docente\/","name":"\u25b7 Minedu: Maestros autoconvocados a un paso de lograr el nombramiento progresivo 2022 y 2024 \u00a1Atenci\u00f3n Docente! \u2705","isPartOf":{"@id":"https:\/\/amautaenlinea.com\/blog\/#website"},"primaryImageOfPage":{"@id":"https:\/\/amautaenlinea.com\/blog\/minedu-maestros-autoconvocados-a-un-paso-de-lograr-el-nombramiento-progresivo-2022-y-2024-atencion-docente\/#primaryimage"},"image":{"@id":"https:\/\/amautaenlinea.com\/blog\/minedu-maestros-autoconvocados-a-un-paso-de-lograr-el-nombramiento-progresivo-2022-y-2024-atencion-docente\/#primaryimage"},"thumbnailUrl":"https:\/\/amautaenlinea.com\/blog\/wp-content\/uploads\/2026\/01\/Maestros-autoconvocados-a-un-paso-de-lograr-el-nombramiento-progresivo-2022-y-2024.png","datePublished":"2026-01-09T12:41:42+00:00","dateModified":"2026-01-09T20:12:53+00:00","description":"\u27a8 Maestros autoconvocados a un paso de lograr el nombramiento progresivo 2022 y 2024","breadcrumb":{"@id":"https:\/\/amautaenlinea.com\/blog\/minedu-maestros-autoconvocados-a-un-paso-de-lograr-el-nombramiento-progresivo-2022-y-2024-atencion-docente\/#breadcrumb"},"inLanguage":"es","potentialAction":[{"@type":"ReadAction","target":["https:\/\/amautaenlinea.com\/blog\/minedu-maestros-autoconvocados-a-un-paso-de-lograr-el-nombramiento-progresivo-2022-y-2024-atencion-docente\/"]}]},{"@type":"ImageObject","inLanguage":"es","@id":"https:\/\/amautaenlinea.com\/blog\/minedu-maestros-autoconvocados-a-un-paso-de-lograr-el-nombramiento-progresivo-2022-y-2024-atencion-docente\/#primaryimage","url":"https:\/\/amautaenlinea.com\/blog\/wp-content\/uploads\/2026\/01\/Maestros-autoconvocados-a-un-paso-de-lograr-el-nombramiento-progresivo-2022-y-2024.png","contentUrl":"https:\/\/amautaenlinea.com\/blog\/wp-content\/uploads\/2026\/01\/Maestros-autoconvocados-a-un-paso-de-lograr-el-nombramiento-progresivo-2022-y-2024.png","width":1280,"height":720},{"@type":"BreadcrumbList","@id":"https:\/\/amautaenlinea.com\/blog\/minedu-maestros-autoconvocados-a-un-paso-de-lograr-el-nombramiento-progresivo-2022-y-2024-atencion-docente\/#breadcrumb","itemListElement":[{"@type":"ListItem","position":1,"name":"Portada","item":"https:\/\/amautaenlinea.com\/blog\/"},{"@type":"ListItem","position":2,"name":"Minedu: Maestros autoconvocados a un paso de lograr el nombramiento progresivo 2022 y 2024 \u00a1Atenci\u00f3n Docente!"}]},{"@type":"WebSite","@id":"https:\/\/amautaenlinea.com\/blog\/#website","url":"https:\/\/amautaenlinea.com\/blog\/","name":"Grupo AMAUTA","description":"","publisher":{"@id":"https:\/\/amautaenlinea.com\/blog\/#organization"},"potentialAction":[{"@type":"SearchAction","target":{"@type":"EntryPoint","urlTemplate":"https:\/\/amautaenlinea.com\/blog\/?s={search_term_string}"},"query-input":{"@type":"PropertyValueSpecification","valueRequired":true,"valueName":"search_term_string"}}],"inLanguage":"es"},{"@type":"Organization","@id":"https:\/\/amautaenlinea.com\/blog\/#organization","name":"Grupo AMAUTA E-BUSINESS","url":"https:\/\/amautaenlinea.com\/blog\/","logo":{"@type":"ImageObject","inLanguage":"es","@id":"https:\/\/amautaenlinea.com\/blog\/#\/schema\/logo\/image\/","url":"https:\/\/amautaenlinea.com\/blog\/wp-content\/uploads\/2023\/09\/logo-amauta.png","contentUrl":"https:\/\/amautaenlinea.com\/blog\/wp-content\/uploads\/2023\/09\/logo-amauta.png","width":1124,"height":368,"caption":"Grupo AMAUTA E-BUSINESS"},"image":{"@id":"https:\/\/amautaenlinea.com\/blog\/#\/schema\/logo\/image\/"},"sameAs":["https:\/\/www.facebook.com\/amautaperu.org\/"]},{"@type":"Person","@id":"https:\/\/amautaenlinea.com\/blog\/#\/schema\/person\/d8d4b5d672e9edb72a6f23fd40dd31d5","name":"Grupo AMAUTA EBUSINESS","image":{"@type":"ImageObject","inLanguage":"es","@id":"https:\/\/secure.gravatar.com\/avatar\/97706b54c222a710310e2db50e02e68de0a4c8bb76654bcc4053b08241c6bd6c?s=96&d=mm&r=g","url":"https:\/\/secure.gravatar.com\/avatar\/97706b54c222a710310e2db50e02e68de0a4c8bb76654bcc4053b08241c6bd6c?s=96&d=mm&r=g","contentUrl":"https:\/\/secure.gravatar.com\/avatar\/97706b54c222a710310e2db50e02e68de0a4c8bb76654bcc4053b08241c6bd6c?s=96&d=mm&r=g","caption":"Grupo AMAUTA EBUSINESS"}}]}},"_links":{"self":[{"href":"https:\/\/amautaenlinea.com\/blog\/wp-json\/wp\/v2\/posts\/18336","targetHints":{"allow":["GET"]}}],"collection":[{"href":"https:\/\/amautaenlinea.com\/blog\/wp-json\/wp\/v2\/posts"}],"about":[{"href":"https:\/\/amautaenlinea.com\/blog\/wp-json\/wp\/v2\/types\/post"}],"author":[{"embeddable":true,"href":"https:\/\/amautaenlinea.com\/blog\/wp-json\/wp\/v2\/users\/1"}],"replies":[{"embeddable":true,"href":"https:\/\/amautaenlinea.com\/blog\/wp-json\/wp\/v2\/comments?post=18336"}],"version-history":[{"count":2,"href":"https:\/\/amautaenlinea.com\/blog\/wp-json\/wp\/v2\/posts\/18336\/revisions"}],"predecessor-version":[{"id":18339,"href":"https:\/\/amautaenlinea.com\/blog\/wp-json\/wp\/v2\/posts\/18336\/revisions\/18339"}],"wp:featuredmedia":[{"embeddable":true,"href":"https:\/\/amautaenlinea.com\/blog\/wp-json\/wp\/v2\/media\/18337"}],"wp:attachment":[{"href":"https:\/\/amautaenlinea.com\/blog\/wp-json\/wp\/v2\/media?parent=18336"}],"wp:term":[{"taxonomy":"category","embeddable":true,"href":"https:\/\/amautaenlinea.com\/blog\/wp-json\/wp\/v2\/categories?post=18336"},{"taxonomy":"post_tag","embeddable":true,"href":"https:\/\/amautaenlinea.com\/blog\/wp-json\/wp\/v2\/tags?post=18336"}],"curies":[{"name":"wp","href":"https:\/\/api.w.org\/{rel}","templated":true}]}}