{"id":18332,"date":"2026-01-09T06:29:24","date_gmt":"2026-01-09T11:29:24","guid":{"rendered":"https:\/\/amautaenlinea.com\/blog\/?p=18332"},"modified":"2026-01-09T06:29:24","modified_gmt":"2026-01-09T11:29:24","slug":"aprueban-norma-tecnica-disposiciones-que-regulan-el-proceso-de-matricula-en-la-educacion-basica","status":"publish","type":"post","link":"https:\/\/amautaenlinea.com\/blog\/aprueban-norma-tecnica-disposiciones-que-regulan-el-proceso-de-matricula-en-la-educacion-basica\/","title":{"rendered":"Aprueban norma t\u00e9cnica disposiciones que regulan el proceso de matr\u00edcula en la Educaci\u00f3n B\u00e1sica"},"content":{"rendered":"<h1 class=\"sumilla\">Aprueban norma t\u00e9cnica denominada \u201cDisposiciones que regulan el proceso de matr\u00edcula en la Educaci\u00f3n B\u00e1sica\u201d<\/h1>\n<h2 class=\"resoluci-n\">Resoluci\u00f3n Ministerial N\u00b0 010-2026-MINEDU<\/h2>\n<p class=\"cuerpo\">Lima, 7 de enero de 2026<\/p>\n<p class=\"cuerpo\">VISTOS, el Expediente N\u00b0 DIGE2025-INT-1150897, los Informes N\u00b0 00372-2025-MINEDU\/VMGI-DIGC-DIGE de la Direcci\u00f3n de Gesti\u00f3n Escolar de la Direcci\u00f3n General de Calidad de la Gesti\u00f3n Escolar, el Informe N\u00b0 02591-2025-MINEDU\/SPE-OPEP-UPP de la Unidad de Planificaci\u00f3n y Presupuesto de la Oficina de Planificaci\u00f3n Estrat\u00e9gica y Presupuesto, el Informe N\u00b0 00023-2026-MINEDU\/SG-OGAJ de la Oficina General de Asesor\u00eda Jur\u00eddica, y;<\/p>\n<p class=\"cuerpo\">CONSIDERANDO:<\/p>\n<p class=\"cuerpo\">Que, de conformidad con lo dispuesto en los art\u00edculos 13 y 16 de la Constituci\u00f3n Pol\u00edtica del Per\u00fa, la educaci\u00f3n tiene como finalidad el desarrollo integral de la persona humana; correspondi\u00e9ndole al Estado coordinar la pol\u00edtica educativa y formular los lineamientos generales de los planes de estudios, as\u00ed como los requisitos m\u00ednimos de la organizaci\u00f3n de los centros educativos;<\/p>\n<p class=\"cuerpo\">Que, el art\u00edculo 3 de la Ley N\u00b0 31224, Ley de Organizaci\u00f3n y Funciones del Ministerio de Educaci\u00f3n, establece que el Ministerio de Educaci\u00f3n es el \u00f3rgano central y rector del Sector Educaci\u00f3n; asimismo, conforme con el literal a) del numeral 1 y el literal a) del numeral 2 del art\u00edculo 5 de la citada Ley, son funciones rectoras y t\u00e9cnico-normativas del Ministerio de Educaci\u00f3n, formular, planear, dirigir, coordinar, ejecutar, supervisar y evaluar la pol\u00edtica nacional y sectorial bajo su competencia, aplicable a todos los niveles de gobierno, as\u00ed como aprobar las disposiciones normativas vinculadas con sus \u00e1mbitos de competencia, respectivamente;<\/p>\n<p class=\"cuerpo\">Que, el art\u00edculo 12 de la Ley N\u00b0 28044, Ley General de Educaci\u00f3n, establece que, para asegurar la universalizaci\u00f3n de la educaci\u00f3n b\u00e1sica en todo el pa\u00eds como sustento del desarrollo humano, la educaci\u00f3n es obligatoria para los estudiantes de los niveles de inicial, primaria y secundaria. El Estado provee los servicios p\u00fablicos necesarios para lograr este objetivo y garantiza que el tiempo educativo se equipare a los est\u00e1ndares internacionales. Adem\u00e1s, corresponde a los padres, o a quienes hagan sus veces, asegurar la matr\u00edcula oportuna de los estudiantes y su permanencia en los centros y programas educativos;<\/p>\n<p class=\"cuerpo\">Que, el literal d) del art\u00edculo 18 de la citada Ley dispone que, con el fin de garantizar la equidad en la educaci\u00f3n, las autoridades educativas, en el \u00e1mbito de sus competencias, aseguran mecanismos que permitan la matr\u00edcula oportuna, la permanencia y la reincorporaci\u00f3n de los estudiantes al sistema educativo y establecen medidas especiales para retener a los que se encuentran en riesgo de exclusi\u00f3n del servicio;<\/p>\n<p class=\"cuerpo\">Que, conforme con los literales b) y k) del art\u00edculo 21 de la Ley N\u00b0 28044, el Estado tiene entre sus funciones, el proveer y administrar servicios educativos p\u00fablicos gratuitos y de calidad para garantizar el acceso universal a la Educaci\u00f3n B\u00e1sica y una oferta educativa equitativa en todo el sistema; as\u00ed como, garantizar el acceso de las personas con discapacidad a una educaci\u00f3n inclusiva de calidad, en todas las etapas, niveles y modalidades del sistema, respectivamente;<\/p>\n<p class=\"cuerpo cuerpo-override\"><span class=\"no-style-override\">Que, el art\u00edculo 138 del Reglamento de la Ley N\u00b0 28044, Ley General de Educaci\u00f3n, aprobado por el Decreto Supremo N\u00b0 011-2012-ED, dispone, entre otros aspectos, que el ingreso se efect\u00faa mediante la matr\u00edcula \u00fanica en una instituci\u00f3n educativa p\u00fablica o privada, que se registra en la Ficha \u00danica de Matr\u00edcula, la que acompa\u00f1a al estudiante durante su permanencia en el sistema;<\/span><\/p>\n<p class=\"cuerpo cuerpo-override\"><span class=\"no-style-override\">Que, el numeral 2.1. del art\u00edculo 2 de la Ley N\u00b0 32289, Ley que garantiza y promueve el acceso a la Educaci\u00f3n B\u00e1sica Regular (EBR) y a la Educaci\u00f3n B\u00e1sica Alternativa (EBA) de los estudiantes en condici\u00f3n de discapacidad e impulsa la capacitaci\u00f3n de docentes en educaci\u00f3n inclusiva, establece que las instituciones educativas p\u00fablicas y privadas de la Educaci\u00f3n B\u00e1sica Regular y de la Educaci\u00f3n B\u00e1sica Alternativa asignan en cada a\u00f1o lectivo dos vacantes como m\u00ednimo por aula para los estudiantes en condici\u00f3n de discapacidad. Adem\u00e1s, en el numeral 2.2. del citado art\u00edculo dispone que el Ministerio de Educaci\u00f3n implementa y mantiene actualizado, en tiempo real, un registro de acceso p\u00fablico virtual que contenga el n\u00famero en uso y el n\u00famero disponible de vacantes destinadas a los estudiantes en condici\u00f3n de discapacidad de cada instituci\u00f3n educativa p\u00fablica y privada;<\/span><\/p>\n<p class=\"cuerpo cuerpo-override\"><span class=\"no-style-override\">Que, de conformidad con el art\u00edculo 4 de la Ley N\u00b0 32289, el Ministerio de Educaci\u00f3n elabora y difunde, por diversos medios, materiales informativos publicitarios impresos o digitales sobre el proceso de matr\u00edcula de los estudiantes en condici\u00f3n de discapacidad, as\u00ed como los procedimientos que debe realizar el padre de familia o tutor para constatar la informaci\u00f3n brindada por la instituci\u00f3n educativa p\u00fablica o privada; as\u00ed como el proceso para realizar la queja o denuncia en caso se vulnere el derecho al acceso a una vacante. Asimismo, el art\u00edculo 5 de la mencionada Ley dispone que el Ministerio de Educaci\u00f3n supervisa a las instituciones educativas p\u00fablicas y privadas sobre el cumplimiento de la asignaci\u00f3n de las vacantes para los estudiantes en condici\u00f3n de discapacidad, as\u00ed como establece y aplica las sanciones correspondientes en caso de incumplimiento de la ley;<\/span><\/p>\n<p class=\"cuerpo cuerpo-override\"><span class=\"no-style-override\">Que, en el marco de las disposiciones antes se\u00f1aladas, mediante el Informe N\u00b0 00372-2025-MINEDU\/VMGI-DIGC-DIGE, la Direcci\u00f3n de Calidad Escolar, dependiente de la Direcci\u00f3n General de Calidad de la Gesti\u00f3n Escolar, propone y sustenta la necesidad de derogar la Resoluci\u00f3n Ministerial N\u00b0 447-2020-MINEDU, que aprueba la \u201cNorma sobre el proceso de matr\u00edcula en la Educaci\u00f3n B\u00e1sica\u201d; as\u00ed como, aprobar la nueva norma t\u00e9cnica denominada \u201cDisposiciones que regulan el proceso de matr\u00edcula en la Educaci\u00f3n B\u00e1sica\u201d, la cual permite modernizar del proceso, a trav\u00e9s de la implementaci\u00f3n de un sistema digital de matr\u00edcula, reduciendo la carga administrativa de los directores y eliminando barreras que restringen el acceso a los estudiantes en condici\u00f3n de discapacidad; en concordancia con lo dispuesto en la Ley N\u00b0 32289 (en adelante, la propuesta normativa);<\/span><\/p>\n<p class=\"cuerpo\">Que, la propuesta normativa cuenta con la opini\u00f3n favorable de la Direcci\u00f3n General de Servicios Educativos Especializados; la Direcci\u00f3n General de Educaci\u00f3n B\u00e1sica Alternativa, Intercultural Biling\u00fce y de Servicios Educativos en el \u00c1mbito Rural; la Direcci\u00f3n General de Educaci\u00f3n B\u00e1sica Regular; la Direcci\u00f3n General de Gesti\u00f3n Descentralizada; la Oficina de Seguimiento y Evaluaci\u00f3n Estrat\u00e9gica; y, la Oficina de Tecnolog\u00edas de la Informaci\u00f3n y Comunicaciones;<\/p>\n<p class=\"cuerpo cuerpo-override\">Que, mediante el Informe N\u00b0 02591-2025-MINEDU\/SPE-OPEP-UPP, la Unidad de Planificaci\u00f3n y Presupuesto de la Oficina de Planificaci\u00f3n Estrat\u00e9gica y Presupuesto, dependiente de la Secretar\u00eda de Planificaci\u00f3n Estrat\u00e9gica, considera t\u00e9cnicamente viable continuar con el tr\u00e1mite para la aprobaci\u00f3n de la propuesta; por cuanto, desde el punto de vista de planificaci\u00f3n se encuentra alineada con los instrumentos de planificaci\u00f3n estrat\u00e9gica e institucional del sector Educaci\u00f3n; y, desde el punto de vista presupuestal, no generar\u00e1 gastos adicionales al Pliego 010: M. de Educaci\u00f3n, ni al Tesoro P\u00fablico; toda vez que su implementaci\u00f3n estar\u00e1 sujeta a la disponibilidad presupuestal de la Direcci\u00f3n de Gesti\u00f3n Escolar, dependiente de la Direcci\u00f3n General de Calidad de la Gesti\u00f3n Escolar; la Oficina de Tecnolog\u00edas de la Informaci\u00f3n y Comunicaciones; y, la Unidad de Estad\u00edstica, dependiente de la Oficina de Seguimiento y Evaluaci\u00f3n Estrat\u00e9gica, y para los a\u00f1os fiscales subsiguientes, el financiamiento deber\u00e1 ser priorizado por dichas Unidades Operativas, en el marco de los procesos de Programaci\u00f3n Presupuestaria y Formulaci\u00f3n Presupuestaria de los periodos correspondie<span class=\"no-style-override\">ntes y deber\u00e1 sujetarse a las disposiciones contempladas en las Leyes Anuales de Presupuesto respectivas;<\/span><\/p>\n<p class=\"cuerpo cuerpo-override\"><span class=\"no-style-override\">Que, a trav\u00e9s del Informe N\u00b0 00023-2026-MINEDU\/SG-OGAJ, la Oficina General de Asesor\u00eda Jur\u00eddica emiti\u00f3 opini\u00f3n legal favorable a la propuesta;<\/span><\/p>\n<p class=\"cuerpo cuerpo-override\"><span class=\"no-style-override\">De conformidad con la Ley N\u00b0 31224, Ley de Organizaci\u00f3n y Funciones del Ministerio de Educaci\u00f3n; la Ley N\u00b0 28044, Ley General de Educaci\u00f3n; el Reglamento de la Ley N\u00b0 28044, Ley General de Educaci\u00f3n, aprobado por el Decreto Supremo N\u00b0 011-2012-ED; y, el Reglamento de Organizaci\u00f3n y Funciones del Ministerio de Educaci\u00f3n, aprobado por el Decreto Supremo N\u00b0 001-2015-MINEDU;<\/span><\/p>\n<h3 class=\"cuerpo cuerpo-override\"><span class=\"no-style-override\">SE RESUELVE:<\/span><\/h3>\n<p class=\"cuerpo cuerpo-override\"><strong><span class=\"no-style-override-1\">Art\u00edculo 1.-\u00a0<\/span><span class=\"no-style-override\">Derogar la Resoluci\u00f3n Ministerial N\u00b0 447-2020-MINEDU, que aprueba la \u201cNorma sobre el proceso de matr\u00edcula en la Educaci\u00f3n B\u00e1sica\u201d.<\/span><\/strong><\/p>\n<p class=\"cuerpo cuerpo-override\"><strong><span class=\"no-style-override-1\">Art\u00edculo 2.-\u00a0<\/span><span class=\"no-style-override\">Aprobar la norma t\u00e9cnica denominada \u201cDisposiciones que regulan el proceso de matr\u00edcula en la Educaci\u00f3n B\u00e1sica\u201d, la misma que, como anexo, forma parte de la presente Resoluci\u00f3n.<\/span><\/strong><\/p>\n<p class=\"cuerpo cuerpo-override\"><span class=\"no-style-override-1\">Art\u00edculo 3.-\u00a0<\/span><span class=\"no-style-override\">Disponer la publicaci\u00f3n de la presente Resoluci\u00f3n y su anexo en el Sistema de Informaci\u00f3n Jur\u00eddica de Educaci\u00f3n (SIJE), ubicado en la sede digital del Ministerio de Educaci\u00f3n (www.gob.pe\/minedu), el mismo d\u00eda de la publicaci\u00f3n de la presente Resoluci\u00f3n en el diario oficial \u201cEl Peruano\u201d.<\/span><\/p>\n<p class=\"cuerpo cuerpo-override\"><span class=\"no-style-override\">Reg\u00edstrese, comun\u00edquese y publ\u00edquese.<\/span><\/p>\n<p class=\"cuerpo cuerpo-override\"><span class=\"no-style-override\">JORGE EDUARDO FIGUEROA GUZM\u00c1N<\/span><\/p>\n<p class=\"cuerpo cuerpo-override\"><span class=\"no-style-override\">Ministro d<\/span>e Educaci\u00f3n<\/p>\n","protected":false},"excerpt":{"rendered":"<p>Aprueban norma t\u00e9cnica denominada \u201cDisposiciones que regulan el proceso de matr\u00edcula en la Educaci\u00f3n B\u00e1sica\u201d Resoluci\u00f3n Ministerial N\u00b0 010-2026-MINEDU Lima, 7 de enero de<\/p>\n","protected":false},"author":1,"featured_media":18333,"comment_status":"open","ping_status":"open","sticky":false,"template":"","format":"standard","meta":{"footnotes":""},"categories":[4],"tags":[3308],"class_list":["post-18332","post","type-post","status-publish","format-standard","has-post-thumbnail","hentry","category-educacion","tag-apruebn-norma-tecnica-disposiciones-que-regulan-el-proceso-de-matricula-en-la-educacion-basica"],"yoast_head":"<!-- This site is optimized with the Yoast SEO Premium plugin v21.2 (Yoast SEO v27.5) - https:\/\/yoast.com\/product\/yoast-seo-premium-wordpress\/ -->\n<title>\u25b7 Aprueban norma t\u00e9cnica disposiciones que regulan el proceso de matr\u00edcula en la Educaci\u00f3n B\u00e1sica \u2705<\/title>\n<meta name=\"description\" content=\"\u27a8 Apruebn norma t\u00e9cnica disposiciones que regulan el proceso de matr\u00edcula en la Educaci\u00f3n B\u00e1sica\" \/>\n<meta name=\"robots\" content=\"index, follow, max-snippet:-1, max-image-preview:large, max-video-preview:-1\" \/>\n<link rel=\"canonical\" href=\"https:\/\/amautaenlinea.com\/blog\/aprueban-norma-tecnica-disposiciones-que-regulan-el-proceso-de-matricula-en-la-educacion-basica\/\" \/>\n<meta property=\"og:locale\" content=\"es_ES\" \/>\n<meta property=\"og:type\" content=\"article\" \/>\n<meta property=\"og:title\" content=\"Aprueban norma t\u00e9cnica disposiciones que regulan el proceso de matr\u00edcula en la Educaci\u00f3n B\u00e1sica\" \/>\n<meta property=\"og:description\" content=\"\u27a8 Apruebn norma t\u00e9cnica disposiciones que regulan el proceso de matr\u00edcula en la Educaci\u00f3n B\u00e1sica\" \/>\n<meta property=\"og:url\" content=\"https:\/\/amautaenlinea.com\/blog\/aprueban-norma-tecnica-disposiciones-que-regulan-el-proceso-de-matricula-en-la-educacion-basica\/\" \/>\n<meta property=\"og:site_name\" content=\"Grupo AMAUTA\" \/>\n<meta property=\"article:publisher\" content=\"https:\/\/www.facebook.com\/amautaperu.org\/\" \/>\n<meta property=\"article:published_time\" content=\"2026-01-09T11:29:24+00:00\" \/>\n<meta property=\"og:image\" content=\"https:\/\/amautaenlinea.com\/blog\/wp-content\/uploads\/2026\/01\/Aprueban-norma-tecnica-disposiciones-que-regulan-el-proceso-de-matricula-en-la-Educacion-Basica.png\" \/>\n\t<meta property=\"og:image:width\" content=\"1280\" \/>\n\t<meta property=\"og:image:height\" content=\"720\" \/>\n\t<meta property=\"og:image:type\" content=\"image\/png\" \/>\n<meta name=\"author\" content=\"Grupo AMAUTA EBUSINESS\" \/>\n<meta name=\"twitter:card\" content=\"summary_large_image\" \/>\n<script type=\"application\/ld+json\" class=\"yoast-schema-graph\">{\"@context\":\"https:\\\/\\\/schema.org\",\"@graph\":[{\"@type\":\"Article\",\"@id\":\"https:\\\/\\\/amautaenlinea.com\\\/blog\\\/aprueban-norma-tecnica-disposiciones-que-regulan-el-proceso-de-matricula-en-la-educacion-basica\\\/#article\",\"isPartOf\":{\"@id\":\"https:\\\/\\\/amautaenlinea.com\\\/blog\\\/aprueban-norma-tecnica-disposiciones-que-regulan-el-proceso-de-matricula-en-la-educacion-basica\\\/\"},\"author\":{\"name\":\"Grupo AMAUTA EBUSINESS\",\"@id\":\"https:\\\/\\\/amautaenlinea.com\\\/blog\\\/#\\\/schema\\\/person\\\/d8d4b5d672e9edb72a6f23fd40dd31d5\"},\"headline\":\"Aprueban norma t\u00e9cnica disposiciones que regulan el proceso de matr\u00edcula en la Educaci\u00f3n B\u00e1sica\",\"datePublished\":\"2026-01-09T11:29:24+00:00\",\"mainEntityOfPage\":{\"@id\":\"https:\\\/\\\/amautaenlinea.com\\\/blog\\\/aprueban-norma-tecnica-disposiciones-que-regulan-el-proceso-de-matricula-en-la-educacion-basica\\\/\"},\"wordCount\":1588,\"commentCount\":0,\"publisher\":{\"@id\":\"https:\\\/\\\/amautaenlinea.com\\\/blog\\\/#organization\"},\"image\":{\"@id\":\"https:\\\/\\\/amautaenlinea.com\\\/blog\\\/aprueban-norma-tecnica-disposiciones-que-regulan-el-proceso-de-matricula-en-la-educacion-basica\\\/#primaryimage\"},\"thumbnailUrl\":\"https:\\\/\\\/amautaenlinea.com\\\/blog\\\/wp-content\\\/uploads\\\/2026\\\/01\\\/Aprueban-norma-tecnica-disposiciones-que-regulan-el-proceso-de-matricula-en-la-Educacion-Basica.png\",\"keywords\":[\"Apruebn norma t\u00e9cnica disposiciones que regulan el proceso de matr\u00edcula en la Educaci\u00f3n B\u00e1sica\"],\"articleSection\":[\"Educaci\u00f3n\"],\"inLanguage\":\"es\",\"potentialAction\":[{\"@type\":\"CommentAction\",\"name\":\"Comment\",\"target\":[\"https:\\\/\\\/amautaenlinea.com\\\/blog\\\/aprueban-norma-tecnica-disposiciones-que-regulan-el-proceso-de-matricula-en-la-educacion-basica\\\/#respond\"]}],\"copyrightYear\":\"2026\",\"copyrightHolder\":{\"@id\":\"https:\\\/\\\/amautaenlinea.com\\\/blog\\\/#organization\"}},{\"@type\":\"WebPage\",\"@id\":\"https:\\\/\\\/amautaenlinea.com\\\/blog\\\/aprueban-norma-tecnica-disposiciones-que-regulan-el-proceso-de-matricula-en-la-educacion-basica\\\/\",\"url\":\"https:\\\/\\\/amautaenlinea.com\\\/blog\\\/aprueban-norma-tecnica-disposiciones-que-regulan-el-proceso-de-matricula-en-la-educacion-basica\\\/\",\"name\":\"\u25b7 Aprueban norma t\u00e9cnica disposiciones que regulan el proceso de matr\u00edcula en la Educaci\u00f3n B\u00e1sica \u2705\",\"isPartOf\":{\"@id\":\"https:\\\/\\\/amautaenlinea.com\\\/blog\\\/#website\"},\"primaryImageOfPage\":{\"@id\":\"https:\\\/\\\/amautaenlinea.com\\\/blog\\\/aprueban-norma-tecnica-disposiciones-que-regulan-el-proceso-de-matricula-en-la-educacion-basica\\\/#primaryimage\"},\"image\":{\"@id\":\"https:\\\/\\\/amautaenlinea.com\\\/blog\\\/aprueban-norma-tecnica-disposiciones-que-regulan-el-proceso-de-matricula-en-la-educacion-basica\\\/#primaryimage\"},\"thumbnailUrl\":\"https:\\\/\\\/amautaenlinea.com\\\/blog\\\/wp-content\\\/uploads\\\/2026\\\/01\\\/Aprueban-norma-tecnica-disposiciones-que-regulan-el-proceso-de-matricula-en-la-Educacion-Basica.png\",\"datePublished\":\"2026-01-09T11:29:24+00:00\",\"description\":\"\u27a8 Apruebn norma t\u00e9cnica disposiciones que regulan el proceso de matr\u00edcula en la Educaci\u00f3n B\u00e1sica\",\"breadcrumb\":{\"@id\":\"https:\\\/\\\/amautaenlinea.com\\\/blog\\\/aprueban-norma-tecnica-disposiciones-que-regulan-el-proceso-de-matricula-en-la-educacion-basica\\\/#breadcrumb\"},\"inLanguage\":\"es\",\"potentialAction\":[{\"@type\":\"ReadAction\",\"target\":[\"https:\\\/\\\/amautaenlinea.com\\\/blog\\\/aprueban-norma-tecnica-disposiciones-que-regulan-el-proceso-de-matricula-en-la-educacion-basica\\\/\"]}]},{\"@type\":\"ImageObject\",\"inLanguage\":\"es\",\"@id\":\"https:\\\/\\\/amautaenlinea.com\\\/blog\\\/aprueban-norma-tecnica-disposiciones-que-regulan-el-proceso-de-matricula-en-la-educacion-basica\\\/#primaryimage\",\"url\":\"https:\\\/\\\/amautaenlinea.com\\\/blog\\\/wp-content\\\/uploads\\\/2026\\\/01\\\/Aprueban-norma-tecnica-disposiciones-que-regulan-el-proceso-de-matricula-en-la-Educacion-Basica.png\",\"contentUrl\":\"https:\\\/\\\/amautaenlinea.com\\\/blog\\\/wp-content\\\/uploads\\\/2026\\\/01\\\/Aprueban-norma-tecnica-disposiciones-que-regulan-el-proceso-de-matricula-en-la-Educacion-Basica.png\",\"width\":1280,\"height\":720},{\"@type\":\"BreadcrumbList\",\"@id\":\"https:\\\/\\\/amautaenlinea.com\\\/blog\\\/aprueban-norma-tecnica-disposiciones-que-regulan-el-proceso-de-matricula-en-la-educacion-basica\\\/#breadcrumb\",\"itemListElement\":[{\"@type\":\"ListItem\",\"position\":1,\"name\":\"Portada\",\"item\":\"https:\\\/\\\/amautaenlinea.com\\\/blog\\\/\"},{\"@type\":\"ListItem\",\"position\":2,\"name\":\"Aprueban norma t\u00e9cnica disposiciones que regulan el proceso de matr\u00edcula en la Educaci\u00f3n B\u00e1sica\"}]},{\"@type\":\"WebSite\",\"@id\":\"https:\\\/\\\/amautaenlinea.com\\\/blog\\\/#website\",\"url\":\"https:\\\/\\\/amautaenlinea.com\\\/blog\\\/\",\"name\":\"Grupo AMAUTA\",\"description\":\"\",\"publisher\":{\"@id\":\"https:\\\/\\\/amautaenlinea.com\\\/blog\\\/#organization\"},\"potentialAction\":[{\"@type\":\"SearchAction\",\"target\":{\"@type\":\"EntryPoint\",\"urlTemplate\":\"https:\\\/\\\/amautaenlinea.com\\\/blog\\\/?s={search_term_string}\"},\"query-input\":{\"@type\":\"PropertyValueSpecification\",\"valueRequired\":true,\"valueName\":\"search_term_string\"}}],\"inLanguage\":\"es\"},{\"@type\":\"Organization\",\"@id\":\"https:\\\/\\\/amautaenlinea.com\\\/blog\\\/#organization\",\"name\":\"Grupo AMAUTA E-BUSINESS\",\"url\":\"https:\\\/\\\/amautaenlinea.com\\\/blog\\\/\",\"logo\":{\"@type\":\"ImageObject\",\"inLanguage\":\"es\",\"@id\":\"https:\\\/\\\/amautaenlinea.com\\\/blog\\\/#\\\/schema\\\/logo\\\/image\\\/\",\"url\":\"https:\\\/\\\/amautaenlinea.com\\\/blog\\\/wp-content\\\/uploads\\\/2023\\\/09\\\/logo-amauta.png\",\"contentUrl\":\"https:\\\/\\\/amautaenlinea.com\\\/blog\\\/wp-content\\\/uploads\\\/2023\\\/09\\\/logo-amauta.png\",\"width\":1124,\"height\":368,\"caption\":\"Grupo AMAUTA E-BUSINESS\"},\"image\":{\"@id\":\"https:\\\/\\\/amautaenlinea.com\\\/blog\\\/#\\\/schema\\\/logo\\\/image\\\/\"},\"sameAs\":[\"https:\\\/\\\/www.facebook.com\\\/amautaperu.org\\\/\"]},{\"@type\":\"Person\",\"@id\":\"https:\\\/\\\/amautaenlinea.com\\\/blog\\\/#\\\/schema\\\/person\\\/d8d4b5d672e9edb72a6f23fd40dd31d5\",\"name\":\"Grupo AMAUTA EBUSINESS\",\"image\":{\"@type\":\"ImageObject\",\"inLanguage\":\"es\",\"@id\":\"https:\\\/\\\/secure.gravatar.com\\\/avatar\\\/97706b54c222a710310e2db50e02e68de0a4c8bb76654bcc4053b08241c6bd6c?s=96&d=mm&r=g\",\"url\":\"https:\\\/\\\/secure.gravatar.com\\\/avatar\\\/97706b54c222a710310e2db50e02e68de0a4c8bb76654bcc4053b08241c6bd6c?s=96&d=mm&r=g\",\"contentUrl\":\"https:\\\/\\\/secure.gravatar.com\\\/avatar\\\/97706b54c222a710310e2db50e02e68de0a4c8bb76654bcc4053b08241c6bd6c?s=96&d=mm&r=g\",\"caption\":\"Grupo AMAUTA EBUSINESS\"}}]}<\/script>\n<!-- \/ Yoast SEO Premium plugin. -->","yoast_head_json":{"title":"\u25b7 Aprueban norma t\u00e9cnica disposiciones que regulan el proceso de matr\u00edcula en la Educaci\u00f3n B\u00e1sica \u2705","description":"\u27a8 Apruebn norma t\u00e9cnica disposiciones que regulan el proceso de matr\u00edcula en la Educaci\u00f3n B\u00e1sica","robots":{"index":"index","follow":"follow","max-snippet":"max-snippet:-1","max-image-preview":"max-image-preview:large","max-video-preview":"max-video-preview:-1"},"canonical":"https:\/\/amautaenlinea.com\/blog\/aprueban-norma-tecnica-disposiciones-que-regulan-el-proceso-de-matricula-en-la-educacion-basica\/","og_locale":"es_ES","og_type":"article","og_title":"Aprueban norma t\u00e9cnica disposiciones que regulan el proceso de matr\u00edcula en la Educaci\u00f3n B\u00e1sica","og_description":"\u27a8 Apruebn norma t\u00e9cnica disposiciones que regulan el proceso de matr\u00edcula en la Educaci\u00f3n B\u00e1sica","og_url":"https:\/\/amautaenlinea.com\/blog\/aprueban-norma-tecnica-disposiciones-que-regulan-el-proceso-de-matricula-en-la-educacion-basica\/","og_site_name":"Grupo AMAUTA","article_publisher":"https:\/\/www.facebook.com\/amautaperu.org\/","article_published_time":"2026-01-09T11:29:24+00:00","og_image":[{"width":1280,"height":720,"url":"https:\/\/amautaenlinea.com\/blog\/wp-content\/uploads\/2026\/01\/Aprueban-norma-tecnica-disposiciones-que-regulan-el-proceso-de-matricula-en-la-Educacion-Basica.png","type":"image\/png"}],"author":"Grupo AMAUTA EBUSINESS","twitter_card":"summary_large_image","schema":{"@context":"https:\/\/schema.org","@graph":[{"@type":"Article","@id":"https:\/\/amautaenlinea.com\/blog\/aprueban-norma-tecnica-disposiciones-que-regulan-el-proceso-de-matricula-en-la-educacion-basica\/#article","isPartOf":{"@id":"https:\/\/amautaenlinea.com\/blog\/aprueban-norma-tecnica-disposiciones-que-regulan-el-proceso-de-matricula-en-la-educacion-basica\/"},"author":{"name":"Grupo AMAUTA EBUSINESS","@id":"https:\/\/amautaenlinea.com\/blog\/#\/schema\/person\/d8d4b5d672e9edb72a6f23fd40dd31d5"},"headline":"Aprueban norma t\u00e9cnica disposiciones que regulan el proceso de matr\u00edcula en la Educaci\u00f3n B\u00e1sica","datePublished":"2026-01-09T11:29:24+00:00","mainEntityOfPage":{"@id":"https:\/\/amautaenlinea.com\/blog\/aprueban-norma-tecnica-disposiciones-que-regulan-el-proceso-de-matricula-en-la-educacion-basica\/"},"wordCount":1588,"commentCount":0,"publisher":{"@id":"https:\/\/amautaenlinea.com\/blog\/#organization"},"image":{"@id":"https:\/\/amautaenlinea.com\/blog\/aprueban-norma-tecnica-disposiciones-que-regulan-el-proceso-de-matricula-en-la-educacion-basica\/#primaryimage"},"thumbnailUrl":"https:\/\/amautaenlinea.com\/blog\/wp-content\/uploads\/2026\/01\/Aprueban-norma-tecnica-disposiciones-que-regulan-el-proceso-de-matricula-en-la-Educacion-Basica.png","keywords":["Apruebn norma t\u00e9cnica disposiciones que regulan el proceso de matr\u00edcula en la Educaci\u00f3n B\u00e1sica"],"articleSection":["Educaci\u00f3n"],"inLanguage":"es","potentialAction":[{"@type":"CommentAction","name":"Comment","target":["https:\/\/amautaenlinea.com\/blog\/aprueban-norma-tecnica-disposiciones-que-regulan-el-proceso-de-matricula-en-la-educacion-basica\/#respond"]}],"copyrightYear":"2026","copyrightHolder":{"@id":"https:\/\/amautaenlinea.com\/blog\/#organization"}},{"@type":"WebPage","@id":"https:\/\/amautaenlinea.com\/blog\/aprueban-norma-tecnica-disposiciones-que-regulan-el-proceso-de-matricula-en-la-educacion-basica\/","url":"https:\/\/amautaenlinea.com\/blog\/aprueban-norma-tecnica-disposiciones-que-regulan-el-proceso-de-matricula-en-la-educacion-basica\/","name":"\u25b7 Aprueban norma t\u00e9cnica disposiciones que regulan el proceso de matr\u00edcula en la Educaci\u00f3n B\u00e1sica \u2705","isPartOf":{"@id":"https:\/\/amautaenlinea.com\/blog\/#website"},"primaryImageOfPage":{"@id":"https:\/\/amautaenlinea.com\/blog\/aprueban-norma-tecnica-disposiciones-que-regulan-el-proceso-de-matricula-en-la-educacion-basica\/#primaryimage"},"image":{"@id":"https:\/\/amautaenlinea.com\/blog\/aprueban-norma-tecnica-disposiciones-que-regulan-el-proceso-de-matricula-en-la-educacion-basica\/#primaryimage"},"thumbnailUrl":"https:\/\/amautaenlinea.com\/blog\/wp-content\/uploads\/2026\/01\/Aprueban-norma-tecnica-disposiciones-que-regulan-el-proceso-de-matricula-en-la-Educacion-Basica.png","datePublished":"2026-01-09T11:29:24+00:00","description":"\u27a8 Apruebn norma t\u00e9cnica disposiciones que regulan el proceso de matr\u00edcula en la Educaci\u00f3n B\u00e1sica","breadcrumb":{"@id":"https:\/\/amautaenlinea.com\/blog\/aprueban-norma-tecnica-disposiciones-que-regulan-el-proceso-de-matricula-en-la-educacion-basica\/#breadcrumb"},"inLanguage":"es","potentialAction":[{"@type":"ReadAction","target":["https:\/\/amautaenlinea.com\/blog\/aprueban-norma-tecnica-disposiciones-que-regulan-el-proceso-de-matricula-en-la-educacion-basica\/"]}]},{"@type":"ImageObject","inLanguage":"es","@id":"https:\/\/amautaenlinea.com\/blog\/aprueban-norma-tecnica-disposiciones-que-regulan-el-proceso-de-matricula-en-la-educacion-basica\/#primaryimage","url":"https:\/\/amautaenlinea.com\/blog\/wp-content\/uploads\/2026\/01\/Aprueban-norma-tecnica-disposiciones-que-regulan-el-proceso-de-matricula-en-la-Educacion-Basica.png","contentUrl":"https:\/\/amautaenlinea.com\/blog\/wp-content\/uploads\/2026\/01\/Aprueban-norma-tecnica-disposiciones-que-regulan-el-proceso-de-matricula-en-la-Educacion-Basica.png","width":1280,"height":720},{"@type":"BreadcrumbList","@id":"https:\/\/amautaenlinea.com\/blog\/aprueban-norma-tecnica-disposiciones-que-regulan-el-proceso-de-matricula-en-la-educacion-basica\/#breadcrumb","itemListElement":[{"@type":"ListItem","position":1,"name":"Portada","item":"https:\/\/amautaenlinea.com\/blog\/"},{"@type":"ListItem","position":2,"name":"Aprueban norma t\u00e9cnica disposiciones que regulan el proceso de matr\u00edcula en la Educaci\u00f3n B\u00e1sica"}]},{"@type":"WebSite","@id":"https:\/\/amautaenlinea.com\/blog\/#website","url":"https:\/\/amautaenlinea.com\/blog\/","name":"Grupo AMAUTA","description":"","publisher":{"@id":"https:\/\/amautaenlinea.com\/blog\/#organization"},"potentialAction":[{"@type":"SearchAction","target":{"@type":"EntryPoint","urlTemplate":"https:\/\/amautaenlinea.com\/blog\/?s={search_term_string}"},"query-input":{"@type":"PropertyValueSpecification","valueRequired":true,"valueName":"search_term_string"}}],"inLanguage":"es"},{"@type":"Organization","@id":"https:\/\/amautaenlinea.com\/blog\/#organization","name":"Grupo AMAUTA E-BUSINESS","url":"https:\/\/amautaenlinea.com\/blog\/","logo":{"@type":"ImageObject","inLanguage":"es","@id":"https:\/\/amautaenlinea.com\/blog\/#\/schema\/logo\/image\/","url":"https:\/\/amautaenlinea.com\/blog\/wp-content\/uploads\/2023\/09\/logo-amauta.png","contentUrl":"https:\/\/amautaenlinea.com\/blog\/wp-content\/uploads\/2023\/09\/logo-amauta.png","width":1124,"height":368,"caption":"Grupo AMAUTA E-BUSINESS"},"image":{"@id":"https:\/\/amautaenlinea.com\/blog\/#\/schema\/logo\/image\/"},"sameAs":["https:\/\/www.facebook.com\/amautaperu.org\/"]},{"@type":"Person","@id":"https:\/\/amautaenlinea.com\/blog\/#\/schema\/person\/d8d4b5d672e9edb72a6f23fd40dd31d5","name":"Grupo AMAUTA EBUSINESS","image":{"@type":"ImageObject","inLanguage":"es","@id":"https:\/\/secure.gravatar.com\/avatar\/97706b54c222a710310e2db50e02e68de0a4c8bb76654bcc4053b08241c6bd6c?s=96&d=mm&r=g","url":"https:\/\/secure.gravatar.com\/avatar\/97706b54c222a710310e2db50e02e68de0a4c8bb76654bcc4053b08241c6bd6c?s=96&d=mm&r=g","contentUrl":"https:\/\/secure.gravatar.com\/avatar\/97706b54c222a710310e2db50e02e68de0a4c8bb76654bcc4053b08241c6bd6c?s=96&d=mm&r=g","caption":"Grupo AMAUTA EBUSINESS"}}]}},"_links":{"self":[{"href":"https:\/\/amautaenlinea.com\/blog\/wp-json\/wp\/v2\/posts\/18332","targetHints":{"allow":["GET"]}}],"collection":[{"href":"https:\/\/amautaenlinea.com\/blog\/wp-json\/wp\/v2\/posts"}],"about":[{"href":"https:\/\/amautaenlinea.com\/blog\/wp-json\/wp\/v2\/types\/post"}],"author":[{"embeddable":true,"href":"https:\/\/amautaenlinea.com\/blog\/wp-json\/wp\/v2\/users\/1"}],"replies":[{"embeddable":true,"href":"https:\/\/amautaenlinea.com\/blog\/wp-json\/wp\/v2\/comments?post=18332"}],"version-history":[{"count":1,"href":"https:\/\/amautaenlinea.com\/blog\/wp-json\/wp\/v2\/posts\/18332\/revisions"}],"predecessor-version":[{"id":18334,"href":"https:\/\/amautaenlinea.com\/blog\/wp-json\/wp\/v2\/posts\/18332\/revisions\/18334"}],"wp:featuredmedia":[{"embeddable":true,"href":"https:\/\/amautaenlinea.com\/blog\/wp-json\/wp\/v2\/media\/18333"}],"wp:attachment":[{"href":"https:\/\/amautaenlinea.com\/blog\/wp-json\/wp\/v2\/media?parent=18332"}],"wp:term":[{"taxonomy":"category","embeddable":true,"href":"https:\/\/amautaenlinea.com\/blog\/wp-json\/wp\/v2\/categories?post=18332"},{"taxonomy":"post_tag","embeddable":true,"href":"https:\/\/amautaenlinea.com\/blog\/wp-json\/wp\/v2\/tags?post=18332"}],"curies":[{"name":"wp","href":"https:\/\/api.w.org\/{rel}","templated":true}]}}