{"id":18316,"date":"2026-01-07T17:07:59","date_gmt":"2026-01-07T22:07:59","guid":{"rendered":"https:\/\/amautaenlinea.com\/blog\/?p=18316"},"modified":"2026-01-07T17:07:59","modified_gmt":"2026-01-07T22:07:59","slug":"minedu-da-el-poder-decisivo-a-directores-de-iiee-para-la-renovacion-de-docentes-para-este-ano-lectivo-2026-atencion-docente","status":"publish","type":"post","link":"https:\/\/amautaenlinea.com\/blog\/minedu-da-el-poder-decisivo-a-directores-de-iiee-para-la-renovacion-de-docentes-para-este-ano-lectivo-2026-atencion-docente\/","title":{"rendered":"Minedu da el poder decisivo a directores de IIEE para la renovaci\u00f3n de docentes para este a\u00f1o lectivo 2026 \u00a1Atenci\u00f3n Docente!"},"content":{"rendered":"<p>El Ministerio de Educaci\u00f3n oficializ\u00f3 una nueva norma que regula la contrataci\u00f3n y renovaci\u00f3n de docentes para el a\u00f1o lectivo 2026, otorgando a los directores un rol determinante en la ratificaci\u00f3n del personal contratado. La disposici\u00f3n fue publicada el viernes 2 de enero y ha generado rechazo entre sectores del magisterio, que advierten riesgos de discrecionalidad y posibles actos de corrupci\u00f3n en los procesos de evaluaci\u00f3n.<\/p>\n<p>La medida fue aprobada mediante el Decreto Supremo N.\u00ba 022-2025-MINEDU, publicado en el diario oficial El Peruano, y regula los procedimientos, requisitos y condiciones para la contrataci\u00f3n y renovaci\u00f3n de profesores en educaci\u00f3n b\u00e1sica y t\u00e9cnico-productiva. De acuerdo con el Ministerio de Educaci\u00f3n, la norma se enmarca en la Ley N.\u00ba 30328 y busca asegurar la continuidad del servicio educativo bajo principios de meritocracia, transparencia e igualdad de oportunidades, seg\u00fan se se\u00f1ala en el propio documento oficial.<\/p>\n<p>Seg\u00fan lo establecido en la norma, el proceso de contrataci\u00f3n docente se desarrollar\u00e1 en tres etapas. La primera corresponde a la renovaci\u00f3n directa del contrato de los profesores que ya mantienen v\u00ednculo laboral; la segunda se realizar\u00e1 en funci\u00f3n de los resultados de la Prueba Nacional; y la tercera etapa estar\u00e1 basada en la evaluaci\u00f3n de expedientes. Para este proceso, el Ministerio de Educaci\u00f3n publicar\u00e1 las plazas disponibles, las cuales deber\u00e1n ser validadas por las Direcciones Regionales de Educaci\u00f3n y las Unidades de Gesti\u00f3n Educativa Local para obtener un consolidado final.<\/p>\n<p>En relaci\u00f3n con la renovaci\u00f3n contractual, el decreto precisa que podr\u00e1n acceder los docentes que hayan trabajado durante el a\u00f1o 2025 en una instituci\u00f3n educativa, ya sea de manera anual o por un periodo m\u00ednimo de tres meses contabilizados al 31 de diciembre. Esta disposici\u00f3n alcanza a profesores de Educaci\u00f3n B\u00e1sica Regular, Educaci\u00f3n B\u00e1sica Especial, Educaci\u00f3n B\u00e1sica Alternativa y Educaci\u00f3n T\u00e9cnico-Productiva, conforme se detalla en la norma aprobada por el Ejecutivo.<\/p>\n<h2><strong>Evaluaci\u00f3n docente y rol central de directores en la ratificaci\u00f3n<\/strong><\/h2>\n<p>La evaluaci\u00f3n del desempe\u00f1o docente para efectos de la renovaci\u00f3n estar\u00e1 a cargo de comit\u00e9s conformados en cada instituci\u00f3n educativa. Seg\u00fan el decreto supremo, estos comit\u00e9s ser\u00e1n presididos por el director o subdirector del plantel e integrados por el docente nombrado de mayor escala magisterial y un representante de los padres de familia. Para lograr la ratificaci\u00f3n del contrato, el docente deber\u00e1 alcanzar un puntaje final m\u00ednimo de 2,50 puntos, de acuerdo con los criterios establecidos en la normativa vigente.<\/p>\n<p>Asimismo, el documento establece que los docentes que no deseen someterse al proceso de evaluaci\u00f3n podr\u00e1n presentar un desistimiento formal ante la direcci\u00f3n de la instituci\u00f3n educativa donde laboraron, dentro de los plazos que ser\u00e1n fijados en el cronograma oficial de cada Direcci\u00f3n Regional de Educaci\u00f3n.<\/p>\n<p>No obstante, el anuncio de la norma ha generado un marcado descontento en el gremio docente. Seg\u00fan manifestaron representantes de los maestros contratados, la concentraci\u00f3n de facultades en los directores y subdirectores representa un alto riesgo, debido a antecedentes de presuntas coimas, sobornos y situaciones de acoso denunciadas en algunas instituciones educativas.<\/p>\n<h2><strong>Gremio docente anuncia protestas y exige mayores garant\u00edas<\/strong><\/h2>\n<p>De acuerdo con lo expresado por los docentes que rechazan la norma, el nuevo mecanismo de renovaci\u00f3n podr\u00eda incrementar los niveles de corrupci\u00f3n dentro del sistema educativo. Los manifestantes se\u00f1alaron que ya se viene conformando un frente de defensa de maestros contratados con el objetivo de exigir mayores garant\u00edas de transparencia y mecanismos de control que limiten la discrecionalidad en las evaluaciones.<\/p>\n<p>Los dirigentes gremiales indicaron que, ante la falta de modificaciones en la norma, no descartan la convocatoria a marchas y movilizaciones en distintas regiones del pa\u00eds. Seg\u00fan precisaron, el reclamo no se dirige contra la evaluaci\u00f3n del desempe\u00f1o, sino contra el dise\u00f1o del proceso, que \u2014seg\u00fan afirman\u2014 otorga un poder excesivo a las autoridades directivas sin salvaguardas suficientes para prevenir abusos o arbitrariedades.<\/p>\n<h3><a href=\"https:\/\/amautaenlinea.com\/blog\/minedu-formato-de-la-ficha-de-evaluacion-para-renovacion-de-contrato-docente-2026-descargar-aqui\/\">CLIC AQU\u00cd PARA VER FORMATO DE FICHA DE RENOVACI\u00d3N DOCENTE 2026<\/a><\/h3>\n<h3><a href=\"https:\/\/amautaenlinea.com\/blog\/minedu-salio-oficio-multiple-precisando-cronograma-para-renovacion-y-contrato-docente-2026-lo-ultimo\/\">CLIC AQU\u00cd PARA VER OFICIO M\u00daLTIPLE DE RENOVACI\u00d3N DOCENTE 2026<\/a><\/h3>\n<h3><a href=\"https:\/\/amautaenlinea.com\/blog\/minedu-lanza-7-nuevos-anexos-en-word-editables-validos-para-contrato-docente-2026-lo-ultimo\/\">CLIC AQU\u00cd PARA VER ANEXOS EN WORD PARA CONTRATO DOCENTE 2026<\/a><\/h3>\n<p>&nbsp;<\/p>\n","protected":false},"excerpt":{"rendered":"<p>El Ministerio de Educaci\u00f3n oficializ\u00f3 una nueva norma que regula la contrataci\u00f3n y renovaci\u00f3n de docentes para el a\u00f1o lectivo 2026, otorgando a los<\/p>\n","protected":false},"author":1,"featured_media":18318,"comment_status":"open","ping_status":"open","sticky":false,"template":"","format":"standard","meta":{"footnotes":""},"categories":[4],"tags":[3304],"class_list":["post-18316","post","type-post","status-publish","format-standard","has-post-thumbnail","hentry","category-educacion","tag-minedu-da-el-poder-decisivo-a-directores-de-iiee-para-la-renovacion-de-docentes-para-este-ano-lectivo-2026"],"yoast_head":"<!-- This site is optimized with the Yoast SEO Premium plugin v21.2 (Yoast SEO v27.5) - https:\/\/yoast.com\/product\/yoast-seo-premium-wordpress\/ -->\n<title>\u25b7 Minedu da el poder decisivo a directores de IIEE para la renovaci\u00f3n de docentes para este a\u00f1o lectivo 2026 \u00a1Atenci\u00f3n Docente! \u2705<\/title>\n<meta name=\"description\" content=\"\u27a8 Minedu da el poder decisivo a directores de IIEE para la renovaci\u00f3n de docentes para este a\u00f1o lectivo 2026\" \/>\n<meta name=\"robots\" content=\"index, follow, max-snippet:-1, max-image-preview:large, max-video-preview:-1\" \/>\n<link rel=\"canonical\" href=\"https:\/\/amautaenlinea.com\/blog\/minedu-da-el-poder-decisivo-a-directores-de-iiee-para-la-renovacion-de-docentes-para-este-ano-lectivo-2026-atencion-docente\/\" \/>\n<meta property=\"og:locale\" content=\"es_ES\" \/>\n<meta property=\"og:type\" content=\"article\" \/>\n<meta property=\"og:title\" content=\"Minedu da el poder decisivo a directores de IIEE para la renovaci\u00f3n de docentes para este a\u00f1o lectivo 2026 \u00a1Atenci\u00f3n Docente!\" \/>\n<meta property=\"og:description\" content=\"\u27a8 Minedu da el poder decisivo a directores de IIEE para la renovaci\u00f3n de docentes para este a\u00f1o lectivo 2026\" \/>\n<meta property=\"og:url\" content=\"https:\/\/amautaenlinea.com\/blog\/minedu-da-el-poder-decisivo-a-directores-de-iiee-para-la-renovacion-de-docentes-para-este-ano-lectivo-2026-atencion-docente\/\" \/>\n<meta property=\"og:site_name\" content=\"Grupo AMAUTA\" \/>\n<meta property=\"article:publisher\" content=\"https:\/\/www.facebook.com\/amautaperu.org\/\" \/>\n<meta property=\"article:published_time\" content=\"2026-01-07T22:07:59+00:00\" \/>\n<meta property=\"og:image\" content=\"https:\/\/amautaenlinea.com\/blog\/wp-content\/uploads\/2026\/01\/Minedu-da-el-poder-decisivo-a-directores-de-IIEE-para-la-renovacion-de-docentes-para-este-ano-lectivo-2026.png\" \/>\n\t<meta property=\"og:image:width\" content=\"1280\" \/>\n\t<meta property=\"og:image:height\" content=\"720\" \/>\n\t<meta property=\"og:image:type\" content=\"image\/png\" \/>\n<meta name=\"author\" content=\"Grupo AMAUTA EBUSINESS\" \/>\n<meta name=\"twitter:card\" content=\"summary_large_image\" \/>\n<script type=\"application\/ld+json\" class=\"yoast-schema-graph\">{\"@context\":\"https:\\\/\\\/schema.org\",\"@graph\":[{\"@type\":\"Article\",\"@id\":\"https:\\\/\\\/amautaenlinea.com\\\/blog\\\/minedu-da-el-poder-decisivo-a-directores-de-iiee-para-la-renovacion-de-docentes-para-este-ano-lectivo-2026-atencion-docente\\\/#article\",\"isPartOf\":{\"@id\":\"https:\\\/\\\/amautaenlinea.com\\\/blog\\\/minedu-da-el-poder-decisivo-a-directores-de-iiee-para-la-renovacion-de-docentes-para-este-ano-lectivo-2026-atencion-docente\\\/\"},\"author\":{\"name\":\"Grupo AMAUTA EBUSINESS\",\"@id\":\"https:\\\/\\\/amautaenlinea.com\\\/blog\\\/#\\\/schema\\\/person\\\/d8d4b5d672e9edb72a6f23fd40dd31d5\"},\"headline\":\"Minedu da el poder decisivo a directores de IIEE para la renovaci\u00f3n de docentes para este a\u00f1o lectivo 2026 \u00a1Atenci\u00f3n Docente!\",\"datePublished\":\"2026-01-07T22:07:59+00:00\",\"mainEntityOfPage\":{\"@id\":\"https:\\\/\\\/amautaenlinea.com\\\/blog\\\/minedu-da-el-poder-decisivo-a-directores-de-iiee-para-la-renovacion-de-docentes-para-este-ano-lectivo-2026-atencion-docente\\\/\"},\"wordCount\":751,\"commentCount\":0,\"publisher\":{\"@id\":\"https:\\\/\\\/amautaenlinea.com\\\/blog\\\/#organization\"},\"image\":{\"@id\":\"https:\\\/\\\/amautaenlinea.com\\\/blog\\\/minedu-da-el-poder-decisivo-a-directores-de-iiee-para-la-renovacion-de-docentes-para-este-ano-lectivo-2026-atencion-docente\\\/#primaryimage\"},\"thumbnailUrl\":\"https:\\\/\\\/amautaenlinea.com\\\/blog\\\/wp-content\\\/uploads\\\/2026\\\/01\\\/Minedu-da-el-poder-decisivo-a-directores-de-IIEE-para-la-renovacion-de-docentes-para-este-ano-lectivo-2026.png\",\"keywords\":[\"Minedu da el poder decisivo a directores de IIEE para la renovaci\u00f3n de docentes para este a\u00f1o lectivo 2026\"],\"articleSection\":[\"Educaci\u00f3n\"],\"inLanguage\":\"es\",\"potentialAction\":[{\"@type\":\"CommentAction\",\"name\":\"Comment\",\"target\":[\"https:\\\/\\\/amautaenlinea.com\\\/blog\\\/minedu-da-el-poder-decisivo-a-directores-de-iiee-para-la-renovacion-de-docentes-para-este-ano-lectivo-2026-atencion-docente\\\/#respond\"]}],\"copyrightYear\":\"2026\",\"copyrightHolder\":{\"@id\":\"https:\\\/\\\/amautaenlinea.com\\\/blog\\\/#organization\"}},{\"@type\":\"WebPage\",\"@id\":\"https:\\\/\\\/amautaenlinea.com\\\/blog\\\/minedu-da-el-poder-decisivo-a-directores-de-iiee-para-la-renovacion-de-docentes-para-este-ano-lectivo-2026-atencion-docente\\\/\",\"url\":\"https:\\\/\\\/amautaenlinea.com\\\/blog\\\/minedu-da-el-poder-decisivo-a-directores-de-iiee-para-la-renovacion-de-docentes-para-este-ano-lectivo-2026-atencion-docente\\\/\",\"name\":\"\u25b7 Minedu da el poder decisivo a directores de IIEE para la renovaci\u00f3n de docentes para este a\u00f1o lectivo 2026 \u00a1Atenci\u00f3n Docente! \u2705\",\"isPartOf\":{\"@id\":\"https:\\\/\\\/amautaenlinea.com\\\/blog\\\/#website\"},\"primaryImageOfPage\":{\"@id\":\"https:\\\/\\\/amautaenlinea.com\\\/blog\\\/minedu-da-el-poder-decisivo-a-directores-de-iiee-para-la-renovacion-de-docentes-para-este-ano-lectivo-2026-atencion-docente\\\/#primaryimage\"},\"image\":{\"@id\":\"https:\\\/\\\/amautaenlinea.com\\\/blog\\\/minedu-da-el-poder-decisivo-a-directores-de-iiee-para-la-renovacion-de-docentes-para-este-ano-lectivo-2026-atencion-docente\\\/#primaryimage\"},\"thumbnailUrl\":\"https:\\\/\\\/amautaenlinea.com\\\/blog\\\/wp-content\\\/uploads\\\/2026\\\/01\\\/Minedu-da-el-poder-decisivo-a-directores-de-IIEE-para-la-renovacion-de-docentes-para-este-ano-lectivo-2026.png\",\"datePublished\":\"2026-01-07T22:07:59+00:00\",\"description\":\"\u27a8 Minedu da el poder decisivo a directores de IIEE para la renovaci\u00f3n de docentes para este a\u00f1o lectivo 2026\",\"breadcrumb\":{\"@id\":\"https:\\\/\\\/amautaenlinea.com\\\/blog\\\/minedu-da-el-poder-decisivo-a-directores-de-iiee-para-la-renovacion-de-docentes-para-este-ano-lectivo-2026-atencion-docente\\\/#breadcrumb\"},\"inLanguage\":\"es\",\"potentialAction\":[{\"@type\":\"ReadAction\",\"target\":[\"https:\\\/\\\/amautaenlinea.com\\\/blog\\\/minedu-da-el-poder-decisivo-a-directores-de-iiee-para-la-renovacion-de-docentes-para-este-ano-lectivo-2026-atencion-docente\\\/\"]}]},{\"@type\":\"ImageObject\",\"inLanguage\":\"es\",\"@id\":\"https:\\\/\\\/amautaenlinea.com\\\/blog\\\/minedu-da-el-poder-decisivo-a-directores-de-iiee-para-la-renovacion-de-docentes-para-este-ano-lectivo-2026-atencion-docente\\\/#primaryimage\",\"url\":\"https:\\\/\\\/amautaenlinea.com\\\/blog\\\/wp-content\\\/uploads\\\/2026\\\/01\\\/Minedu-da-el-poder-decisivo-a-directores-de-IIEE-para-la-renovacion-de-docentes-para-este-ano-lectivo-2026.png\",\"contentUrl\":\"https:\\\/\\\/amautaenlinea.com\\\/blog\\\/wp-content\\\/uploads\\\/2026\\\/01\\\/Minedu-da-el-poder-decisivo-a-directores-de-IIEE-para-la-renovacion-de-docentes-para-este-ano-lectivo-2026.png\",\"width\":1280,\"height\":720},{\"@type\":\"BreadcrumbList\",\"@id\":\"https:\\\/\\\/amautaenlinea.com\\\/blog\\\/minedu-da-el-poder-decisivo-a-directores-de-iiee-para-la-renovacion-de-docentes-para-este-ano-lectivo-2026-atencion-docente\\\/#breadcrumb\",\"itemListElement\":[{\"@type\":\"ListItem\",\"position\":1,\"name\":\"Portada\",\"item\":\"https:\\\/\\\/amautaenlinea.com\\\/blog\\\/\"},{\"@type\":\"ListItem\",\"position\":2,\"name\":\"Minedu da el poder decisivo a directores de IIEE para la renovaci\u00f3n de docentes para este a\u00f1o lectivo 2026 \u00a1Atenci\u00f3n Docente!\"}]},{\"@type\":\"WebSite\",\"@id\":\"https:\\\/\\\/amautaenlinea.com\\\/blog\\\/#website\",\"url\":\"https:\\\/\\\/amautaenlinea.com\\\/blog\\\/\",\"name\":\"Grupo AMAUTA\",\"description\":\"\",\"publisher\":{\"@id\":\"https:\\\/\\\/amautaenlinea.com\\\/blog\\\/#organization\"},\"potentialAction\":[{\"@type\":\"SearchAction\",\"target\":{\"@type\":\"EntryPoint\",\"urlTemplate\":\"https:\\\/\\\/amautaenlinea.com\\\/blog\\\/?s={search_term_string}\"},\"query-input\":{\"@type\":\"PropertyValueSpecification\",\"valueRequired\":true,\"valueName\":\"search_term_string\"}}],\"inLanguage\":\"es\"},{\"@type\":\"Organization\",\"@id\":\"https:\\\/\\\/amautaenlinea.com\\\/blog\\\/#organization\",\"name\":\"Grupo AMAUTA E-BUSINESS\",\"url\":\"https:\\\/\\\/amautaenlinea.com\\\/blog\\\/\",\"logo\":{\"@type\":\"ImageObject\",\"inLanguage\":\"es\",\"@id\":\"https:\\\/\\\/amautaenlinea.com\\\/blog\\\/#\\\/schema\\\/logo\\\/image\\\/\",\"url\":\"https:\\\/\\\/amautaenlinea.com\\\/blog\\\/wp-content\\\/uploads\\\/2023\\\/09\\\/logo-amauta.png\",\"contentUrl\":\"https:\\\/\\\/amautaenlinea.com\\\/blog\\\/wp-content\\\/uploads\\\/2023\\\/09\\\/logo-amauta.png\",\"width\":1124,\"height\":368,\"caption\":\"Grupo AMAUTA E-BUSINESS\"},\"image\":{\"@id\":\"https:\\\/\\\/amautaenlinea.com\\\/blog\\\/#\\\/schema\\\/logo\\\/image\\\/\"},\"sameAs\":[\"https:\\\/\\\/www.facebook.com\\\/amautaperu.org\\\/\"]},{\"@type\":\"Person\",\"@id\":\"https:\\\/\\\/amautaenlinea.com\\\/blog\\\/#\\\/schema\\\/person\\\/d8d4b5d672e9edb72a6f23fd40dd31d5\",\"name\":\"Grupo AMAUTA EBUSINESS\",\"image\":{\"@type\":\"ImageObject\",\"inLanguage\":\"es\",\"@id\":\"https:\\\/\\\/secure.gravatar.com\\\/avatar\\\/97706b54c222a710310e2db50e02e68de0a4c8bb76654bcc4053b08241c6bd6c?s=96&d=mm&r=g\",\"url\":\"https:\\\/\\\/secure.gravatar.com\\\/avatar\\\/97706b54c222a710310e2db50e02e68de0a4c8bb76654bcc4053b08241c6bd6c?s=96&d=mm&r=g\",\"contentUrl\":\"https:\\\/\\\/secure.gravatar.com\\\/avatar\\\/97706b54c222a710310e2db50e02e68de0a4c8bb76654bcc4053b08241c6bd6c?s=96&d=mm&r=g\",\"caption\":\"Grupo AMAUTA EBUSINESS\"}}]}<\/script>\n<!-- \/ Yoast SEO Premium plugin. -->","yoast_head_json":{"title":"\u25b7 Minedu da el poder decisivo a directores de IIEE para la renovaci\u00f3n de docentes para este a\u00f1o lectivo 2026 \u00a1Atenci\u00f3n Docente! \u2705","description":"\u27a8 Minedu da el poder decisivo a directores de IIEE para la renovaci\u00f3n de docentes para este a\u00f1o lectivo 2026","robots":{"index":"index","follow":"follow","max-snippet":"max-snippet:-1","max-image-preview":"max-image-preview:large","max-video-preview":"max-video-preview:-1"},"canonical":"https:\/\/amautaenlinea.com\/blog\/minedu-da-el-poder-decisivo-a-directores-de-iiee-para-la-renovacion-de-docentes-para-este-ano-lectivo-2026-atencion-docente\/","og_locale":"es_ES","og_type":"article","og_title":"Minedu da el poder decisivo a directores de IIEE para la renovaci\u00f3n de docentes para este a\u00f1o lectivo 2026 \u00a1Atenci\u00f3n Docente!","og_description":"\u27a8 Minedu da el poder decisivo a directores de IIEE para la renovaci\u00f3n de docentes para este a\u00f1o lectivo 2026","og_url":"https:\/\/amautaenlinea.com\/blog\/minedu-da-el-poder-decisivo-a-directores-de-iiee-para-la-renovacion-de-docentes-para-este-ano-lectivo-2026-atencion-docente\/","og_site_name":"Grupo AMAUTA","article_publisher":"https:\/\/www.facebook.com\/amautaperu.org\/","article_published_time":"2026-01-07T22:07:59+00:00","og_image":[{"width":1280,"height":720,"url":"https:\/\/amautaenlinea.com\/blog\/wp-content\/uploads\/2026\/01\/Minedu-da-el-poder-decisivo-a-directores-de-IIEE-para-la-renovacion-de-docentes-para-este-ano-lectivo-2026.png","type":"image\/png"}],"author":"Grupo AMAUTA EBUSINESS","twitter_card":"summary_large_image","schema":{"@context":"https:\/\/schema.org","@graph":[{"@type":"Article","@id":"https:\/\/amautaenlinea.com\/blog\/minedu-da-el-poder-decisivo-a-directores-de-iiee-para-la-renovacion-de-docentes-para-este-ano-lectivo-2026-atencion-docente\/#article","isPartOf":{"@id":"https:\/\/amautaenlinea.com\/blog\/minedu-da-el-poder-decisivo-a-directores-de-iiee-para-la-renovacion-de-docentes-para-este-ano-lectivo-2026-atencion-docente\/"},"author":{"name":"Grupo AMAUTA EBUSINESS","@id":"https:\/\/amautaenlinea.com\/blog\/#\/schema\/person\/d8d4b5d672e9edb72a6f23fd40dd31d5"},"headline":"Minedu da el poder decisivo a directores de IIEE para la renovaci\u00f3n de docentes para este a\u00f1o lectivo 2026 \u00a1Atenci\u00f3n Docente!","datePublished":"2026-01-07T22:07:59+00:00","mainEntityOfPage":{"@id":"https:\/\/amautaenlinea.com\/blog\/minedu-da-el-poder-decisivo-a-directores-de-iiee-para-la-renovacion-de-docentes-para-este-ano-lectivo-2026-atencion-docente\/"},"wordCount":751,"commentCount":0,"publisher":{"@id":"https:\/\/amautaenlinea.com\/blog\/#organization"},"image":{"@id":"https:\/\/amautaenlinea.com\/blog\/minedu-da-el-poder-decisivo-a-directores-de-iiee-para-la-renovacion-de-docentes-para-este-ano-lectivo-2026-atencion-docente\/#primaryimage"},"thumbnailUrl":"https:\/\/amautaenlinea.com\/blog\/wp-content\/uploads\/2026\/01\/Minedu-da-el-poder-decisivo-a-directores-de-IIEE-para-la-renovacion-de-docentes-para-este-ano-lectivo-2026.png","keywords":["Minedu da el poder decisivo a directores de IIEE para la renovaci\u00f3n de docentes para este a\u00f1o lectivo 2026"],"articleSection":["Educaci\u00f3n"],"inLanguage":"es","potentialAction":[{"@type":"CommentAction","name":"Comment","target":["https:\/\/amautaenlinea.com\/blog\/minedu-da-el-poder-decisivo-a-directores-de-iiee-para-la-renovacion-de-docentes-para-este-ano-lectivo-2026-atencion-docente\/#respond"]}],"copyrightYear":"2026","copyrightHolder":{"@id":"https:\/\/amautaenlinea.com\/blog\/#organization"}},{"@type":"WebPage","@id":"https:\/\/amautaenlinea.com\/blog\/minedu-da-el-poder-decisivo-a-directores-de-iiee-para-la-renovacion-de-docentes-para-este-ano-lectivo-2026-atencion-docente\/","url":"https:\/\/amautaenlinea.com\/blog\/minedu-da-el-poder-decisivo-a-directores-de-iiee-para-la-renovacion-de-docentes-para-este-ano-lectivo-2026-atencion-docente\/","name":"\u25b7 Minedu da el poder decisivo a directores de IIEE para la renovaci\u00f3n de docentes para este a\u00f1o lectivo 2026 \u00a1Atenci\u00f3n Docente! \u2705","isPartOf":{"@id":"https:\/\/amautaenlinea.com\/blog\/#website"},"primaryImageOfPage":{"@id":"https:\/\/amautaenlinea.com\/blog\/minedu-da-el-poder-decisivo-a-directores-de-iiee-para-la-renovacion-de-docentes-para-este-ano-lectivo-2026-atencion-docente\/#primaryimage"},"image":{"@id":"https:\/\/amautaenlinea.com\/blog\/minedu-da-el-poder-decisivo-a-directores-de-iiee-para-la-renovacion-de-docentes-para-este-ano-lectivo-2026-atencion-docente\/#primaryimage"},"thumbnailUrl":"https:\/\/amautaenlinea.com\/blog\/wp-content\/uploads\/2026\/01\/Minedu-da-el-poder-decisivo-a-directores-de-IIEE-para-la-renovacion-de-docentes-para-este-ano-lectivo-2026.png","datePublished":"2026-01-07T22:07:59+00:00","description":"\u27a8 Minedu da el poder decisivo a directores de IIEE para la renovaci\u00f3n de docentes para este a\u00f1o lectivo 2026","breadcrumb":{"@id":"https:\/\/amautaenlinea.com\/blog\/minedu-da-el-poder-decisivo-a-directores-de-iiee-para-la-renovacion-de-docentes-para-este-ano-lectivo-2026-atencion-docente\/#breadcrumb"},"inLanguage":"es","potentialAction":[{"@type":"ReadAction","target":["https:\/\/amautaenlinea.com\/blog\/minedu-da-el-poder-decisivo-a-directores-de-iiee-para-la-renovacion-de-docentes-para-este-ano-lectivo-2026-atencion-docente\/"]}]},{"@type":"ImageObject","inLanguage":"es","@id":"https:\/\/amautaenlinea.com\/blog\/minedu-da-el-poder-decisivo-a-directores-de-iiee-para-la-renovacion-de-docentes-para-este-ano-lectivo-2026-atencion-docente\/#primaryimage","url":"https:\/\/amautaenlinea.com\/blog\/wp-content\/uploads\/2026\/01\/Minedu-da-el-poder-decisivo-a-directores-de-IIEE-para-la-renovacion-de-docentes-para-este-ano-lectivo-2026.png","contentUrl":"https:\/\/amautaenlinea.com\/blog\/wp-content\/uploads\/2026\/01\/Minedu-da-el-poder-decisivo-a-directores-de-IIEE-para-la-renovacion-de-docentes-para-este-ano-lectivo-2026.png","width":1280,"height":720},{"@type":"BreadcrumbList","@id":"https:\/\/amautaenlinea.com\/blog\/minedu-da-el-poder-decisivo-a-directores-de-iiee-para-la-renovacion-de-docentes-para-este-ano-lectivo-2026-atencion-docente\/#breadcrumb","itemListElement":[{"@type":"ListItem","position":1,"name":"Portada","item":"https:\/\/amautaenlinea.com\/blog\/"},{"@type":"ListItem","position":2,"name":"Minedu da el poder decisivo a directores de IIEE para la renovaci\u00f3n de docentes para este a\u00f1o lectivo 2026 \u00a1Atenci\u00f3n Docente!"}]},{"@type":"WebSite","@id":"https:\/\/amautaenlinea.com\/blog\/#website","url":"https:\/\/amautaenlinea.com\/blog\/","name":"Grupo AMAUTA","description":"","publisher":{"@id":"https:\/\/amautaenlinea.com\/blog\/#organization"},"potentialAction":[{"@type":"SearchAction","target":{"@type":"EntryPoint","urlTemplate":"https:\/\/amautaenlinea.com\/blog\/?s={search_term_string}"},"query-input":{"@type":"PropertyValueSpecification","valueRequired":true,"valueName":"search_term_string"}}],"inLanguage":"es"},{"@type":"Organization","@id":"https:\/\/amautaenlinea.com\/blog\/#organization","name":"Grupo AMAUTA E-BUSINESS","url":"https:\/\/amautaenlinea.com\/blog\/","logo":{"@type":"ImageObject","inLanguage":"es","@id":"https:\/\/amautaenlinea.com\/blog\/#\/schema\/logo\/image\/","url":"https:\/\/amautaenlinea.com\/blog\/wp-content\/uploads\/2023\/09\/logo-amauta.png","contentUrl":"https:\/\/amautaenlinea.com\/blog\/wp-content\/uploads\/2023\/09\/logo-amauta.png","width":1124,"height":368,"caption":"Grupo AMAUTA E-BUSINESS"},"image":{"@id":"https:\/\/amautaenlinea.com\/blog\/#\/schema\/logo\/image\/"},"sameAs":["https:\/\/www.facebook.com\/amautaperu.org\/"]},{"@type":"Person","@id":"https:\/\/amautaenlinea.com\/blog\/#\/schema\/person\/d8d4b5d672e9edb72a6f23fd40dd31d5","name":"Grupo AMAUTA EBUSINESS","image":{"@type":"ImageObject","inLanguage":"es","@id":"https:\/\/secure.gravatar.com\/avatar\/97706b54c222a710310e2db50e02e68de0a4c8bb76654bcc4053b08241c6bd6c?s=96&d=mm&r=g","url":"https:\/\/secure.gravatar.com\/avatar\/97706b54c222a710310e2db50e02e68de0a4c8bb76654bcc4053b08241c6bd6c?s=96&d=mm&r=g","contentUrl":"https:\/\/secure.gravatar.com\/avatar\/97706b54c222a710310e2db50e02e68de0a4c8bb76654bcc4053b08241c6bd6c?s=96&d=mm&r=g","caption":"Grupo AMAUTA EBUSINESS"}}]}},"_links":{"self":[{"href":"https:\/\/amautaenlinea.com\/blog\/wp-json\/wp\/v2\/posts\/18316","targetHints":{"allow":["GET"]}}],"collection":[{"href":"https:\/\/amautaenlinea.com\/blog\/wp-json\/wp\/v2\/posts"}],"about":[{"href":"https:\/\/amautaenlinea.com\/blog\/wp-json\/wp\/v2\/types\/post"}],"author":[{"embeddable":true,"href":"https:\/\/amautaenlinea.com\/blog\/wp-json\/wp\/v2\/users\/1"}],"replies":[{"embeddable":true,"href":"https:\/\/amautaenlinea.com\/blog\/wp-json\/wp\/v2\/comments?post=18316"}],"version-history":[{"count":1,"href":"https:\/\/amautaenlinea.com\/blog\/wp-json\/wp\/v2\/posts\/18316\/revisions"}],"predecessor-version":[{"id":18319,"href":"https:\/\/amautaenlinea.com\/blog\/wp-json\/wp\/v2\/posts\/18316\/revisions\/18319"}],"wp:featuredmedia":[{"embeddable":true,"href":"https:\/\/amautaenlinea.com\/blog\/wp-json\/wp\/v2\/media\/18318"}],"wp:attachment":[{"href":"https:\/\/amautaenlinea.com\/blog\/wp-json\/wp\/v2\/media?parent=18316"}],"wp:term":[{"taxonomy":"category","embeddable":true,"href":"https:\/\/amautaenlinea.com\/blog\/wp-json\/wp\/v2\/categories?post=18316"},{"taxonomy":"post_tag","embeddable":true,"href":"https:\/\/amautaenlinea.com\/blog\/wp-json\/wp\/v2\/tags?post=18316"}],"curies":[{"name":"wp","href":"https:\/\/api.w.org\/{rel}","templated":true}]}}