{"id":18303,"date":"2026-01-07T05:33:03","date_gmt":"2026-01-07T10:33:03","guid":{"rendered":"https:\/\/amautaenlinea.com\/blog\/?p=18303"},"modified":"2026-01-07T05:33:03","modified_gmt":"2026-01-07T10:33:03","slug":"disponen-la-actualizacion-del-padron-del-registro-nacional-de-docentes-bilingues-de-lenguas-indigenas-u-originarias","status":"publish","type":"post","link":"https:\/\/amautaenlinea.com\/blog\/disponen-la-actualizacion-del-padron-del-registro-nacional-de-docentes-bilingues-de-lenguas-indigenas-u-originarias\/","title":{"rendered":"Disponen la actualizaci\u00f3n del padr\u00f3n del Registro Nacional de Docentes Biling\u00fces de Lenguas Ind\u00edgenas u Originarias"},"content":{"rendered":"<h1 class=\"sumilla\">Disponen la actualizaci\u00f3n del padr\u00f3n del Registro Nacional de Docentes Biling\u00fces de Lenguas Ind\u00edgenas u Originarias<\/h1>\n<h2 class=\"resoluci-n\">Resoluci\u00f3n Viceministerial N\u00b0 003-2026-MINEDU<\/h2>\n<p class=\"cuerpo\">Lima, 6 de enero de 2026<\/p>\n<p class=\"cuerpo cuerpo-override\">VISTOS, el Expediente N\u00b0 DEIB2025-INT-1160741, el Informe N\u00b0 00268-2025-MINEDU\/VMGP-DIGEIBIRA-DEIB y el Informe T\u00e9cnico N\u00b0 000008-2025-MINEDU\/VMGP-DIGEIBIRA-DEIB elaborados por la Direcci\u00f3n de Educaci\u00f3n Intercultural Biling\u00fce de la Direcci\u00f3n General de Educaci\u00f3n B\u00e1sica Alternativa, Intercultural Biling\u00fce y de Servicios Educativos en el \u00c1mbito Rural; el Informe N\u00b0 02574-2025-MINEDU\/SPE-OPEP-UPP de la Unidad de Planificaci\u00f3n y Presupuesto; el\u00a0<span class=\"no-style-override\">Informe N\u00b0 00022-2026-MINEDU\/SG-OGAJ de la Oficina General de Asesor\u00eda Jur\u00eddica, y;<\/span><\/p>\n<p class=\"cuerpo cuerpo-override\">CONSIDERANDO:<\/p>\n<p class=\"cuerpo\">Que, mediante la Resoluci\u00f3n Ministerial N\u00b0 331-2025-MINEDU, se crea el Registro de Docentes Biling\u00fces de Lenguas Ind\u00edgenas u Originarias; as\u00ed como, se aprueba la Norma T\u00e9cnica denominada \u201cDisposiciones para la evaluaci\u00f3n de dominio de la lengua ind\u00edgena u originaria de docentes y su incorporaci\u00f3n en el Registro Nacional de Docentes Biling\u00fces de Lenguas Ind\u00edgenas u Originarias\u201d;<\/p>\n<p class=\"cuerpo\">Que, el numeral 6.4 de la referida Norma T\u00e9cnica, se\u00f1ala que el Registro Nacional de Docentes Biling\u00fces de Lenguas Ind\u00edgenas u Originarias es un padr\u00f3n que identifica y acredita el nivel de dominio oral y escrito de la(s) lengua(s) ind\u00edgena u originaria de los docentes, seg\u00fan formaci\u00f3n y especialidad; Asimismo, indica que, la administraci\u00f3n del citado registro est\u00e1 a cargo de la Direcci\u00f3n de Educaci\u00f3n Intercultural Biling\u00fce y se actualiza mediante los procesos de evaluaci\u00f3n de dominio oral y escrito de la lengua ind\u00edgena u originaria que implementan las Direcciones Regionales de Educaci\u00f3n y las Unidades de Gesti\u00f3n Educativa Local, seg\u00fan corresponda. En ese sentido, para ser incorporado al registro en menci\u00f3n, el docente evaluado debe obtener como m\u00ednimo el nivel b\u00e1sico en el dominio oral de la lengua ind\u00edgena u originaria;<\/p>\n<p class=\"cuerpo\">Que, el numeral 6.5 de la Norma T\u00e9cnica antes mencionada establece el procedimiento para la oficializaci\u00f3n del registro, se\u00f1alando para tal efecto que, la Direcci\u00f3n de Educaci\u00f3n Intercultural Biling\u00fce (en adelante, DEIB) consolida, revisa y valida la informaci\u00f3n remitida por cada uno de los Comit\u00e9s de Evaluaci\u00f3n de Dominio de la Lengua Ind\u00edgena u Originaria de la UGEL y elabora el documento que contiene la relaci\u00f3n de docentes con sus respectivos niveles de dominio oral y escrito; y, con los resultados validados se actualiza el Registro Nacional de Docentes Biling\u00fces de Lenguas Ind\u00edgenas u Originarias (en adelante, RND-Biling\u00fces). Este documento es enviado a la Direcci\u00f3n General de Educaci\u00f3n B\u00e1sica Alternativa, Intercultural Biling\u00fce y de Servicios Educativos en el \u00c1mbito Rural (en adelante, DIGEIBIRA) para el tr\u00e1mite de emisi\u00f3n de la Resoluci\u00f3n del Despacho Viceministerial de Gesti\u00f3n Pedag\u00f3gica que formalice la actualizaci\u00f3n del RND-Biling\u00fces;<\/p>\n<p class=\"cuerpo\">Que, la \u00danica Disposici\u00f3n Transitoria de la Norma T\u00e9cnica, establece que los docentes que figuren en el Registro Nacional de Docentes Biling\u00fces de Lenguas Originarias del Per\u00fa, creado por Resoluci\u00f3n Ministerial N\u00b0 630-2013-ED, mantienen su inscripci\u00f3n por el t\u00e9rmino de 3 a\u00f1os a partir de su incorporaci\u00f3n. En consecuencia, para la actualizaci\u00f3n del padr\u00f3n del RND-Biling\u00fces, se debe considerar adicionalmente a los docentes cuya incorporaci\u00f3n en el Registro Nacional de Docentes Biling\u00fces de Lenguas Originarias del Per\u00fa, a\u00fan se encuentre vigente;<\/p>\n<p class=\"cuerpo\">Que, bajo dicho marco normativo, la Direcci\u00f3n General de Educaci\u00f3n B\u00e1sica Alternativa, Intercultural Biling\u00fce y de Servicios Educativos en el \u00c1mbito Rural remiti\u00f3 al Despacho Viceministerial de Gesti\u00f3n Pedag\u00f3gica, el Informe N\u00b0 00268-2025-MINEDU\/VMGP-DIGEIBIRA-DEIB y el Informe T\u00e9cnico N\u00b0 00008-2025-MINEDU\/VMGP-DIGEIBIRA-DEIB, elaborados por la Direcci\u00f3n de Educaci\u00f3n Intercultural Biling\u00fce, a trav\u00e9s de los cuales se propone y sustenta la necesidad de aprobar la Resoluci\u00f3n Viceministerial que actualiza el padr\u00f3n del Registro Nacional de Docentes Biling\u00fces de Lenguas Ind\u00edgenas u Originarias;<\/p>\n<p class=\"cuerpo\">Que, mediante el Informe N\u00b0 02574-2025-MINEDU\/SPE-OPEP-UPP, la Unidad de Planificaci\u00f3n y Presupuesto de la Oficina de Planificaci\u00f3n Estrat\u00e9gica y Presupuesto, dependiente de la Secretar\u00eda de Planificaci\u00f3n Estrat\u00e9gica del Ministerio de Educaci\u00f3n, emite opini\u00f3n favorable a la propuesta; por cuanto, se encuentra alineada con los objetivos estrat\u00e9gicos e institucionales del Sector Educaci\u00f3n; y, desde el punto de vista presupuestal, tal como se se\u00f1ala en el sustento de la DEIB, la propuesta\u00a0no irrogar\u00e1 gastos adicionales\u00a0a los programados por la DEIB\u00a0en el Presupuesto Institucional del Pliego 010: M. de Educaci\u00f3n, correspondiente al A\u00f1o Fiscal 2025;\u00a0en cuanto al impacto presupuestal para el A\u00f1o Fiscal 2026,\u00a0se identifica que la DEIB cuenta con recursos presupuestarios\u00a0en el\u00a0marco de lo dispuesto en la\u00a0Ley\u00a0N\u00b0\u00a032513, Ley de Presupuesto del Sector P\u00fablico para el A\u00f1o Fiscal 2026;\u00a0y, para los a\u00f1os siguientes, DEIB deber\u00e1 gestionar la asignaci\u00f3n de los recursos presupuestarios que fueran necesarios en el marco de los procesos de Programaci\u00f3n Multianual Presupuestaria y Formulaci\u00f3n Presupuestaria, del a\u00f1o fiscal respectivo, y de acuerdo con las disposiciones contempladas en las Leyes Anuales de Presupuesto del a\u00f1o correspondiente;<\/p>\n<p class=\"cuerpo\">Que, mediante el Informe N\u00b0 00022-2026-MINEDU\/SG-OGAJ, la Oficina General de Asesor\u00eda Jur\u00eddica emite opini\u00f3n legal favorable respecto de la propuesta;<\/p>\n<p class=\"cuerpo\">De conformidad con la Ley N\u00b0 31224, Ley de Organizaci\u00f3n y Funciones del Ministerio de Educaci\u00f3n; la Ley N\u00b0 28044, Ley General de Educaci\u00f3n; el Reglamento de la Ley General de Educaci\u00f3n, aprobado por el Decreto Supremo N\u00b0 011-2012-ED, y el Reglamento de Organizaci\u00f3n y Funciones del Ministerio de Educaci\u00f3n, aprobado por el Decreto Supremo N\u00b0 001-2015-MINEDU;<\/p>\n<h2 class=\"cuerpo cuerpo-override\"><span class=\"no-style-override\">SE RESUELVE:<\/span><\/h2>\n<p class=\"cuerpo cuerpo-override\"><strong><span class=\"no-style-override-1\">Art\u00edculo 1.-<\/span>\u00a0Disponer la actualizaci\u00f3n del padr\u00f3n del \u201cRegistro Nacional de Docentes Biling\u00fces de Lenguas Ind\u00edgenas u Originarias\u201d, conforme con lo establecido en el Anexo que forma parte integrante de la presente Resoluci\u00f3n.<\/strong><\/p>\n<p class=\"cuerpo cuerpo-override\"><span class=\"no-style-override-1\">Art\u00edculo 2.-<\/span>\u00a0Disponer la publicaci\u00f3n de la presente Resoluci\u00f3n y su Anexo en el Sistema de Informaci\u00f3n Jur\u00eddica de Educaci\u00f3n (SIJE), ubicado en el portal institucional del Ministerio de Educaci\u00f3n (www.gob.pe\/minedu), el mismo d\u00eda de la publicaci\u00f3n de la presente Resoluci\u00f3n en el diario oficial \u201cEl Peruano\u201d.<\/p>\n<p class=\"cuerpo\">Reg\u00edstrese, comun\u00edquese y publ\u00edquese.<\/p>\n<p class=\"cuerpo cuerpo-override\"><span class=\"no-style-override-2\">Mar\u00eda Esther Cuadros Espinoza<\/span><\/p>\n<p class=\"cuerpo\">Viceministra de Gesti\u00f3n Pedag\u00f3gica<\/p>\n<p class=\"cuerpo\"><span class=\"bold-cuerpo\">2474429-1<\/span><\/p>\n","protected":false},"excerpt":{"rendered":"<p>Disponen la actualizaci\u00f3n del padr\u00f3n del Registro Nacional de Docentes Biling\u00fces de Lenguas Ind\u00edgenas u Originarias Resoluci\u00f3n Viceministerial N\u00b0 003-2026-MINEDU Lima, 6 de enero<\/p>\n","protected":false},"author":1,"featured_media":18304,"comment_status":"open","ping_status":"open","sticky":false,"template":"","format":"standard","meta":{"footnotes":""},"categories":[4],"tags":[3300],"class_list":["post-18303","post","type-post","status-publish","format-standard","has-post-thumbnail","hentry","category-educacion","tag-disponen-la-actualizacion-del-padron-del-registro-nacional-de-docentes-bilingues-de-lenguas-indigenas-u-originarias"],"yoast_head":"<!-- This site is optimized with the Yoast SEO Premium plugin v21.2 (Yoast SEO v27.5) - https:\/\/yoast.com\/product\/yoast-seo-premium-wordpress\/ -->\n<title>\u25b7 Disponen la actualizaci\u00f3n del padr\u00f3n del Registro Nacional de Docentes Biling\u00fces de Lenguas Ind\u00edgenas u Originarias \u2705<\/title>\n<meta name=\"description\" content=\"\u27a8 Disponen la actualizaci\u00f3n del padr\u00f3n del Registro Nacional de Docentes Biling\u00fces de Lenguas Ind\u00edgenas u Originarias\" \/>\n<meta name=\"robots\" content=\"index, follow, max-snippet:-1, max-image-preview:large, max-video-preview:-1\" \/>\n<link rel=\"canonical\" href=\"https:\/\/amautaenlinea.com\/blog\/disponen-la-actualizacion-del-padron-del-registro-nacional-de-docentes-bilingues-de-lenguas-indigenas-u-originarias\/\" \/>\n<meta property=\"og:locale\" content=\"es_ES\" \/>\n<meta property=\"og:type\" content=\"article\" \/>\n<meta property=\"og:title\" content=\"Disponen la actualizaci\u00f3n del padr\u00f3n del Registro Nacional de Docentes Biling\u00fces de Lenguas Ind\u00edgenas u Originarias\" \/>\n<meta property=\"og:description\" content=\"\u27a8 Disponen la actualizaci\u00f3n del padr\u00f3n del Registro Nacional de Docentes Biling\u00fces de Lenguas Ind\u00edgenas u Originarias\" \/>\n<meta property=\"og:url\" content=\"https:\/\/amautaenlinea.com\/blog\/disponen-la-actualizacion-del-padron-del-registro-nacional-de-docentes-bilingues-de-lenguas-indigenas-u-originarias\/\" \/>\n<meta property=\"og:site_name\" content=\"Grupo AMAUTA\" \/>\n<meta property=\"article:publisher\" content=\"https:\/\/www.facebook.com\/amautaperu.org\/\" \/>\n<meta property=\"article:published_time\" content=\"2026-01-07T10:33:03+00:00\" \/>\n<meta property=\"og:image\" content=\"https:\/\/amautaenlinea.com\/blog\/wp-content\/uploads\/2026\/01\/Disponen-la-actualizacion-del-padron-del-Registro-Nacional-de-Docentes-Bilingues-de-Lenguas-Indigenas-u-Originarias.png\" \/>\n\t<meta property=\"og:image:width\" content=\"1280\" \/>\n\t<meta property=\"og:image:height\" content=\"720\" \/>\n\t<meta property=\"og:image:type\" content=\"image\/png\" \/>\n<meta name=\"author\" content=\"Grupo AMAUTA EBUSINESS\" \/>\n<meta name=\"twitter:card\" content=\"summary_large_image\" \/>\n<script type=\"application\/ld+json\" class=\"yoast-schema-graph\">{\"@context\":\"https:\\\/\\\/schema.org\",\"@graph\":[{\"@type\":\"Article\",\"@id\":\"https:\\\/\\\/amautaenlinea.com\\\/blog\\\/disponen-la-actualizacion-del-padron-del-registro-nacional-de-docentes-bilingues-de-lenguas-indigenas-u-originarias\\\/#article\",\"isPartOf\":{\"@id\":\"https:\\\/\\\/amautaenlinea.com\\\/blog\\\/disponen-la-actualizacion-del-padron-del-registro-nacional-de-docentes-bilingues-de-lenguas-indigenas-u-originarias\\\/\"},\"author\":{\"name\":\"Grupo AMAUTA EBUSINESS\",\"@id\":\"https:\\\/\\\/amautaenlinea.com\\\/blog\\\/#\\\/schema\\\/person\\\/d8d4b5d672e9edb72a6f23fd40dd31d5\"},\"headline\":\"Disponen la actualizaci\u00f3n del padr\u00f3n del Registro Nacional de Docentes Biling\u00fces de Lenguas Ind\u00edgenas u Originarias\",\"datePublished\":\"2026-01-07T10:33:03+00:00\",\"mainEntityOfPage\":{\"@id\":\"https:\\\/\\\/amautaenlinea.com\\\/blog\\\/disponen-la-actualizacion-del-padron-del-registro-nacional-de-docentes-bilingues-de-lenguas-indigenas-u-originarias\\\/\"},\"wordCount\":1127,\"commentCount\":0,\"publisher\":{\"@id\":\"https:\\\/\\\/amautaenlinea.com\\\/blog\\\/#organization\"},\"image\":{\"@id\":\"https:\\\/\\\/amautaenlinea.com\\\/blog\\\/disponen-la-actualizacion-del-padron-del-registro-nacional-de-docentes-bilingues-de-lenguas-indigenas-u-originarias\\\/#primaryimage\"},\"thumbnailUrl\":\"https:\\\/\\\/amautaenlinea.com\\\/blog\\\/wp-content\\\/uploads\\\/2026\\\/01\\\/Disponen-la-actualizacion-del-padron-del-Registro-Nacional-de-Docentes-Bilingues-de-Lenguas-Indigenas-u-Originarias.png\",\"keywords\":[\"Disponen la actualizaci\u00f3n del padr\u00f3n del Registro Nacional de Docentes Biling\u00fces de Lenguas Ind\u00edgenas u Originarias\"],\"articleSection\":[\"Educaci\u00f3n\"],\"inLanguage\":\"es\",\"potentialAction\":[{\"@type\":\"CommentAction\",\"name\":\"Comment\",\"target\":[\"https:\\\/\\\/amautaenlinea.com\\\/blog\\\/disponen-la-actualizacion-del-padron-del-registro-nacional-de-docentes-bilingues-de-lenguas-indigenas-u-originarias\\\/#respond\"]}],\"copyrightYear\":\"2026\",\"copyrightHolder\":{\"@id\":\"https:\\\/\\\/amautaenlinea.com\\\/blog\\\/#organization\"}},{\"@type\":\"WebPage\",\"@id\":\"https:\\\/\\\/amautaenlinea.com\\\/blog\\\/disponen-la-actualizacion-del-padron-del-registro-nacional-de-docentes-bilingues-de-lenguas-indigenas-u-originarias\\\/\",\"url\":\"https:\\\/\\\/amautaenlinea.com\\\/blog\\\/disponen-la-actualizacion-del-padron-del-registro-nacional-de-docentes-bilingues-de-lenguas-indigenas-u-originarias\\\/\",\"name\":\"\u25b7 Disponen la actualizaci\u00f3n del padr\u00f3n del Registro Nacional de Docentes Biling\u00fces de Lenguas Ind\u00edgenas u Originarias \u2705\",\"isPartOf\":{\"@id\":\"https:\\\/\\\/amautaenlinea.com\\\/blog\\\/#website\"},\"primaryImageOfPage\":{\"@id\":\"https:\\\/\\\/amautaenlinea.com\\\/blog\\\/disponen-la-actualizacion-del-padron-del-registro-nacional-de-docentes-bilingues-de-lenguas-indigenas-u-originarias\\\/#primaryimage\"},\"image\":{\"@id\":\"https:\\\/\\\/amautaenlinea.com\\\/blog\\\/disponen-la-actualizacion-del-padron-del-registro-nacional-de-docentes-bilingues-de-lenguas-indigenas-u-originarias\\\/#primaryimage\"},\"thumbnailUrl\":\"https:\\\/\\\/amautaenlinea.com\\\/blog\\\/wp-content\\\/uploads\\\/2026\\\/01\\\/Disponen-la-actualizacion-del-padron-del-Registro-Nacional-de-Docentes-Bilingues-de-Lenguas-Indigenas-u-Originarias.png\",\"datePublished\":\"2026-01-07T10:33:03+00:00\",\"description\":\"\u27a8 Disponen la actualizaci\u00f3n del padr\u00f3n del Registro Nacional de Docentes Biling\u00fces de Lenguas Ind\u00edgenas u Originarias\",\"breadcrumb\":{\"@id\":\"https:\\\/\\\/amautaenlinea.com\\\/blog\\\/disponen-la-actualizacion-del-padron-del-registro-nacional-de-docentes-bilingues-de-lenguas-indigenas-u-originarias\\\/#breadcrumb\"},\"inLanguage\":\"es\",\"potentialAction\":[{\"@type\":\"ReadAction\",\"target\":[\"https:\\\/\\\/amautaenlinea.com\\\/blog\\\/disponen-la-actualizacion-del-padron-del-registro-nacional-de-docentes-bilingues-de-lenguas-indigenas-u-originarias\\\/\"]}]},{\"@type\":\"ImageObject\",\"inLanguage\":\"es\",\"@id\":\"https:\\\/\\\/amautaenlinea.com\\\/blog\\\/disponen-la-actualizacion-del-padron-del-registro-nacional-de-docentes-bilingues-de-lenguas-indigenas-u-originarias\\\/#primaryimage\",\"url\":\"https:\\\/\\\/amautaenlinea.com\\\/blog\\\/wp-content\\\/uploads\\\/2026\\\/01\\\/Disponen-la-actualizacion-del-padron-del-Registro-Nacional-de-Docentes-Bilingues-de-Lenguas-Indigenas-u-Originarias.png\",\"contentUrl\":\"https:\\\/\\\/amautaenlinea.com\\\/blog\\\/wp-content\\\/uploads\\\/2026\\\/01\\\/Disponen-la-actualizacion-del-padron-del-Registro-Nacional-de-Docentes-Bilingues-de-Lenguas-Indigenas-u-Originarias.png\",\"width\":1280,\"height\":720},{\"@type\":\"BreadcrumbList\",\"@id\":\"https:\\\/\\\/amautaenlinea.com\\\/blog\\\/disponen-la-actualizacion-del-padron-del-registro-nacional-de-docentes-bilingues-de-lenguas-indigenas-u-originarias\\\/#breadcrumb\",\"itemListElement\":[{\"@type\":\"ListItem\",\"position\":1,\"name\":\"Portada\",\"item\":\"https:\\\/\\\/amautaenlinea.com\\\/blog\\\/\"},{\"@type\":\"ListItem\",\"position\":2,\"name\":\"Disponen la actualizaci\u00f3n del padr\u00f3n del Registro Nacional de Docentes Biling\u00fces de Lenguas Ind\u00edgenas u Originarias\"}]},{\"@type\":\"WebSite\",\"@id\":\"https:\\\/\\\/amautaenlinea.com\\\/blog\\\/#website\",\"url\":\"https:\\\/\\\/amautaenlinea.com\\\/blog\\\/\",\"name\":\"Grupo AMAUTA\",\"description\":\"\",\"publisher\":{\"@id\":\"https:\\\/\\\/amautaenlinea.com\\\/blog\\\/#organization\"},\"potentialAction\":[{\"@type\":\"SearchAction\",\"target\":{\"@type\":\"EntryPoint\",\"urlTemplate\":\"https:\\\/\\\/amautaenlinea.com\\\/blog\\\/?s={search_term_string}\"},\"query-input\":{\"@type\":\"PropertyValueSpecification\",\"valueRequired\":true,\"valueName\":\"search_term_string\"}}],\"inLanguage\":\"es\"},{\"@type\":\"Organization\",\"@id\":\"https:\\\/\\\/amautaenlinea.com\\\/blog\\\/#organization\",\"name\":\"Grupo AMAUTA E-BUSINESS\",\"url\":\"https:\\\/\\\/amautaenlinea.com\\\/blog\\\/\",\"logo\":{\"@type\":\"ImageObject\",\"inLanguage\":\"es\",\"@id\":\"https:\\\/\\\/amautaenlinea.com\\\/blog\\\/#\\\/schema\\\/logo\\\/image\\\/\",\"url\":\"https:\\\/\\\/amautaenlinea.com\\\/blog\\\/wp-content\\\/uploads\\\/2023\\\/09\\\/logo-amauta.png\",\"contentUrl\":\"https:\\\/\\\/amautaenlinea.com\\\/blog\\\/wp-content\\\/uploads\\\/2023\\\/09\\\/logo-amauta.png\",\"width\":1124,\"height\":368,\"caption\":\"Grupo AMAUTA E-BUSINESS\"},\"image\":{\"@id\":\"https:\\\/\\\/amautaenlinea.com\\\/blog\\\/#\\\/schema\\\/logo\\\/image\\\/\"},\"sameAs\":[\"https:\\\/\\\/www.facebook.com\\\/amautaperu.org\\\/\"]},{\"@type\":\"Person\",\"@id\":\"https:\\\/\\\/amautaenlinea.com\\\/blog\\\/#\\\/schema\\\/person\\\/d8d4b5d672e9edb72a6f23fd40dd31d5\",\"name\":\"Grupo AMAUTA EBUSINESS\",\"image\":{\"@type\":\"ImageObject\",\"inLanguage\":\"es\",\"@id\":\"https:\\\/\\\/secure.gravatar.com\\\/avatar\\\/97706b54c222a710310e2db50e02e68de0a4c8bb76654bcc4053b08241c6bd6c?s=96&d=mm&r=g\",\"url\":\"https:\\\/\\\/secure.gravatar.com\\\/avatar\\\/97706b54c222a710310e2db50e02e68de0a4c8bb76654bcc4053b08241c6bd6c?s=96&d=mm&r=g\",\"contentUrl\":\"https:\\\/\\\/secure.gravatar.com\\\/avatar\\\/97706b54c222a710310e2db50e02e68de0a4c8bb76654bcc4053b08241c6bd6c?s=96&d=mm&r=g\",\"caption\":\"Grupo AMAUTA EBUSINESS\"}}]}<\/script>\n<!-- \/ Yoast SEO Premium plugin. -->","yoast_head_json":{"title":"\u25b7 Disponen la actualizaci\u00f3n del padr\u00f3n del Registro Nacional de Docentes Biling\u00fces de Lenguas Ind\u00edgenas u Originarias \u2705","description":"\u27a8 Disponen la actualizaci\u00f3n del padr\u00f3n del Registro Nacional de Docentes Biling\u00fces de Lenguas Ind\u00edgenas u Originarias","robots":{"index":"index","follow":"follow","max-snippet":"max-snippet:-1","max-image-preview":"max-image-preview:large","max-video-preview":"max-video-preview:-1"},"canonical":"https:\/\/amautaenlinea.com\/blog\/disponen-la-actualizacion-del-padron-del-registro-nacional-de-docentes-bilingues-de-lenguas-indigenas-u-originarias\/","og_locale":"es_ES","og_type":"article","og_title":"Disponen la actualizaci\u00f3n del padr\u00f3n del Registro Nacional de Docentes Biling\u00fces de Lenguas Ind\u00edgenas u Originarias","og_description":"\u27a8 Disponen la actualizaci\u00f3n del padr\u00f3n del Registro Nacional de Docentes Biling\u00fces de Lenguas Ind\u00edgenas u Originarias","og_url":"https:\/\/amautaenlinea.com\/blog\/disponen-la-actualizacion-del-padron-del-registro-nacional-de-docentes-bilingues-de-lenguas-indigenas-u-originarias\/","og_site_name":"Grupo AMAUTA","article_publisher":"https:\/\/www.facebook.com\/amautaperu.org\/","article_published_time":"2026-01-07T10:33:03+00:00","og_image":[{"width":1280,"height":720,"url":"https:\/\/amautaenlinea.com\/blog\/wp-content\/uploads\/2026\/01\/Disponen-la-actualizacion-del-padron-del-Registro-Nacional-de-Docentes-Bilingues-de-Lenguas-Indigenas-u-Originarias.png","type":"image\/png"}],"author":"Grupo AMAUTA EBUSINESS","twitter_card":"summary_large_image","schema":{"@context":"https:\/\/schema.org","@graph":[{"@type":"Article","@id":"https:\/\/amautaenlinea.com\/blog\/disponen-la-actualizacion-del-padron-del-registro-nacional-de-docentes-bilingues-de-lenguas-indigenas-u-originarias\/#article","isPartOf":{"@id":"https:\/\/amautaenlinea.com\/blog\/disponen-la-actualizacion-del-padron-del-registro-nacional-de-docentes-bilingues-de-lenguas-indigenas-u-originarias\/"},"author":{"name":"Grupo AMAUTA EBUSINESS","@id":"https:\/\/amautaenlinea.com\/blog\/#\/schema\/person\/d8d4b5d672e9edb72a6f23fd40dd31d5"},"headline":"Disponen la actualizaci\u00f3n del padr\u00f3n del Registro Nacional de Docentes Biling\u00fces de Lenguas Ind\u00edgenas u Originarias","datePublished":"2026-01-07T10:33:03+00:00","mainEntityOfPage":{"@id":"https:\/\/amautaenlinea.com\/blog\/disponen-la-actualizacion-del-padron-del-registro-nacional-de-docentes-bilingues-de-lenguas-indigenas-u-originarias\/"},"wordCount":1127,"commentCount":0,"publisher":{"@id":"https:\/\/amautaenlinea.com\/blog\/#organization"},"image":{"@id":"https:\/\/amautaenlinea.com\/blog\/disponen-la-actualizacion-del-padron-del-registro-nacional-de-docentes-bilingues-de-lenguas-indigenas-u-originarias\/#primaryimage"},"thumbnailUrl":"https:\/\/amautaenlinea.com\/blog\/wp-content\/uploads\/2026\/01\/Disponen-la-actualizacion-del-padron-del-Registro-Nacional-de-Docentes-Bilingues-de-Lenguas-Indigenas-u-Originarias.png","keywords":["Disponen la actualizaci\u00f3n del padr\u00f3n del Registro Nacional de Docentes Biling\u00fces de Lenguas Ind\u00edgenas u Originarias"],"articleSection":["Educaci\u00f3n"],"inLanguage":"es","potentialAction":[{"@type":"CommentAction","name":"Comment","target":["https:\/\/amautaenlinea.com\/blog\/disponen-la-actualizacion-del-padron-del-registro-nacional-de-docentes-bilingues-de-lenguas-indigenas-u-originarias\/#respond"]}],"copyrightYear":"2026","copyrightHolder":{"@id":"https:\/\/amautaenlinea.com\/blog\/#organization"}},{"@type":"WebPage","@id":"https:\/\/amautaenlinea.com\/blog\/disponen-la-actualizacion-del-padron-del-registro-nacional-de-docentes-bilingues-de-lenguas-indigenas-u-originarias\/","url":"https:\/\/amautaenlinea.com\/blog\/disponen-la-actualizacion-del-padron-del-registro-nacional-de-docentes-bilingues-de-lenguas-indigenas-u-originarias\/","name":"\u25b7 Disponen la actualizaci\u00f3n del padr\u00f3n del Registro Nacional de Docentes Biling\u00fces de Lenguas Ind\u00edgenas u Originarias \u2705","isPartOf":{"@id":"https:\/\/amautaenlinea.com\/blog\/#website"},"primaryImageOfPage":{"@id":"https:\/\/amautaenlinea.com\/blog\/disponen-la-actualizacion-del-padron-del-registro-nacional-de-docentes-bilingues-de-lenguas-indigenas-u-originarias\/#primaryimage"},"image":{"@id":"https:\/\/amautaenlinea.com\/blog\/disponen-la-actualizacion-del-padron-del-registro-nacional-de-docentes-bilingues-de-lenguas-indigenas-u-originarias\/#primaryimage"},"thumbnailUrl":"https:\/\/amautaenlinea.com\/blog\/wp-content\/uploads\/2026\/01\/Disponen-la-actualizacion-del-padron-del-Registro-Nacional-de-Docentes-Bilingues-de-Lenguas-Indigenas-u-Originarias.png","datePublished":"2026-01-07T10:33:03+00:00","description":"\u27a8 Disponen la actualizaci\u00f3n del padr\u00f3n del Registro Nacional de Docentes Biling\u00fces de Lenguas Ind\u00edgenas u Originarias","breadcrumb":{"@id":"https:\/\/amautaenlinea.com\/blog\/disponen-la-actualizacion-del-padron-del-registro-nacional-de-docentes-bilingues-de-lenguas-indigenas-u-originarias\/#breadcrumb"},"inLanguage":"es","potentialAction":[{"@type":"ReadAction","target":["https:\/\/amautaenlinea.com\/blog\/disponen-la-actualizacion-del-padron-del-registro-nacional-de-docentes-bilingues-de-lenguas-indigenas-u-originarias\/"]}]},{"@type":"ImageObject","inLanguage":"es","@id":"https:\/\/amautaenlinea.com\/blog\/disponen-la-actualizacion-del-padron-del-registro-nacional-de-docentes-bilingues-de-lenguas-indigenas-u-originarias\/#primaryimage","url":"https:\/\/amautaenlinea.com\/blog\/wp-content\/uploads\/2026\/01\/Disponen-la-actualizacion-del-padron-del-Registro-Nacional-de-Docentes-Bilingues-de-Lenguas-Indigenas-u-Originarias.png","contentUrl":"https:\/\/amautaenlinea.com\/blog\/wp-content\/uploads\/2026\/01\/Disponen-la-actualizacion-del-padron-del-Registro-Nacional-de-Docentes-Bilingues-de-Lenguas-Indigenas-u-Originarias.png","width":1280,"height":720},{"@type":"BreadcrumbList","@id":"https:\/\/amautaenlinea.com\/blog\/disponen-la-actualizacion-del-padron-del-registro-nacional-de-docentes-bilingues-de-lenguas-indigenas-u-originarias\/#breadcrumb","itemListElement":[{"@type":"ListItem","position":1,"name":"Portada","item":"https:\/\/amautaenlinea.com\/blog\/"},{"@type":"ListItem","position":2,"name":"Disponen la actualizaci\u00f3n del padr\u00f3n del Registro Nacional de Docentes Biling\u00fces de Lenguas Ind\u00edgenas u Originarias"}]},{"@type":"WebSite","@id":"https:\/\/amautaenlinea.com\/blog\/#website","url":"https:\/\/amautaenlinea.com\/blog\/","name":"Grupo AMAUTA","description":"","publisher":{"@id":"https:\/\/amautaenlinea.com\/blog\/#organization"},"potentialAction":[{"@type":"SearchAction","target":{"@type":"EntryPoint","urlTemplate":"https:\/\/amautaenlinea.com\/blog\/?s={search_term_string}"},"query-input":{"@type":"PropertyValueSpecification","valueRequired":true,"valueName":"search_term_string"}}],"inLanguage":"es"},{"@type":"Organization","@id":"https:\/\/amautaenlinea.com\/blog\/#organization","name":"Grupo AMAUTA E-BUSINESS","url":"https:\/\/amautaenlinea.com\/blog\/","logo":{"@type":"ImageObject","inLanguage":"es","@id":"https:\/\/amautaenlinea.com\/blog\/#\/schema\/logo\/image\/","url":"https:\/\/amautaenlinea.com\/blog\/wp-content\/uploads\/2023\/09\/logo-amauta.png","contentUrl":"https:\/\/amautaenlinea.com\/blog\/wp-content\/uploads\/2023\/09\/logo-amauta.png","width":1124,"height":368,"caption":"Grupo AMAUTA E-BUSINESS"},"image":{"@id":"https:\/\/amautaenlinea.com\/blog\/#\/schema\/logo\/image\/"},"sameAs":["https:\/\/www.facebook.com\/amautaperu.org\/"]},{"@type":"Person","@id":"https:\/\/amautaenlinea.com\/blog\/#\/schema\/person\/d8d4b5d672e9edb72a6f23fd40dd31d5","name":"Grupo AMAUTA EBUSINESS","image":{"@type":"ImageObject","inLanguage":"es","@id":"https:\/\/secure.gravatar.com\/avatar\/97706b54c222a710310e2db50e02e68de0a4c8bb76654bcc4053b08241c6bd6c?s=96&d=mm&r=g","url":"https:\/\/secure.gravatar.com\/avatar\/97706b54c222a710310e2db50e02e68de0a4c8bb76654bcc4053b08241c6bd6c?s=96&d=mm&r=g","contentUrl":"https:\/\/secure.gravatar.com\/avatar\/97706b54c222a710310e2db50e02e68de0a4c8bb76654bcc4053b08241c6bd6c?s=96&d=mm&r=g","caption":"Grupo AMAUTA EBUSINESS"}}]}},"_links":{"self":[{"href":"https:\/\/amautaenlinea.com\/blog\/wp-json\/wp\/v2\/posts\/18303","targetHints":{"allow":["GET"]}}],"collection":[{"href":"https:\/\/amautaenlinea.com\/blog\/wp-json\/wp\/v2\/posts"}],"about":[{"href":"https:\/\/amautaenlinea.com\/blog\/wp-json\/wp\/v2\/types\/post"}],"author":[{"embeddable":true,"href":"https:\/\/amautaenlinea.com\/blog\/wp-json\/wp\/v2\/users\/1"}],"replies":[{"embeddable":true,"href":"https:\/\/amautaenlinea.com\/blog\/wp-json\/wp\/v2\/comments?post=18303"}],"version-history":[{"count":1,"href":"https:\/\/amautaenlinea.com\/blog\/wp-json\/wp\/v2\/posts\/18303\/revisions"}],"predecessor-version":[{"id":18305,"href":"https:\/\/amautaenlinea.com\/blog\/wp-json\/wp\/v2\/posts\/18303\/revisions\/18305"}],"wp:featuredmedia":[{"embeddable":true,"href":"https:\/\/amautaenlinea.com\/blog\/wp-json\/wp\/v2\/media\/18304"}],"wp:attachment":[{"href":"https:\/\/amautaenlinea.com\/blog\/wp-json\/wp\/v2\/media?parent=18303"}],"wp:term":[{"taxonomy":"category","embeddable":true,"href":"https:\/\/amautaenlinea.com\/blog\/wp-json\/wp\/v2\/categories?post=18303"},{"taxonomy":"post_tag","embeddable":true,"href":"https:\/\/amautaenlinea.com\/blog\/wp-json\/wp\/v2\/tags?post=18303"}],"curies":[{"name":"wp","href":"https:\/\/api.w.org\/{rel}","templated":true}]}}