{"id":18299,"date":"2026-01-06T16:24:40","date_gmt":"2026-01-06T21:24:40","guid":{"rendered":"https:\/\/amautaenlinea.com\/blog\/?p=18299"},"modified":"2026-01-06T16:24:40","modified_gmt":"2026-01-06T21:24:40","slug":"minedu-conozca-la-posible-modificacion-que-minedu-estaria-realizando-en-el-proceso-de-destaque-2026-lo-cual-afectaria-a-miles-de-docentes-atencion-docente","status":"publish","type":"post","link":"https:\/\/amautaenlinea.com\/blog\/minedu-conozca-la-posible-modificacion-que-minedu-estaria-realizando-en-el-proceso-de-destaque-2026-lo-cual-afectaria-a-miles-de-docentes-atencion-docente\/","title":{"rendered":"Minedu: Conozca la posible modificaci\u00f3n que MINEDU estar\u00eda realizando en el proceso de DESTAQUE 2026 lo cual afectar\u00eda a miles de docentes \u00a1Atenci\u00f3n Docente!"},"content":{"rendered":"<p>El Ministerio de educaci\u00f3n <strong>actualmente esta haciendo algunas modificaciones para la normativa de destaque docentes para el a\u00f1o lectivo 2026<\/strong>; en estos dias se estar\u00eda publicando la nueva normativa con las modificaciones del caso, pero antes que te de la posible novedad que se estar\u00eda cambiando te cuento como funciona el proceso de destaque con algunas preguntas. de acuerdo a la actual normativa que esta vigente que es la RVM N\u00ba 150-2022-MINEDU.<\/p>\n<h2 data-path-to-node=\"4\"><b data-path-to-node=\"4\" data-index-in-node=\"0\">1. \u00bfSi me acabo de nombrar, ya puedo solicitar destaque?<\/b><\/h2>\n<p data-path-to-node=\"6\"><span data-path-to-node=\"6,0\"><b data-path-to-node=\"6,0\" data-index-in-node=\"0\"><span class=\"citation-99\">S\u00ed.<\/span><\/b><span class=\"citation-99\"> La norma no establece un tiempo m\u00ednimo de permanencia en la plaza de nombramiento para solicitar un destaque<\/span><\/span><span data-path-to-node=\"6,2\">. <\/span><span data-path-to-node=\"6,4\"><span class=\"citation-98\">El requisito principal es tener la condici\u00f3n de <\/span><b data-path-to-node=\"6,4\" data-index-in-node=\"48\"><span class=\"citation-98\">profesor nombrado<\/span><\/b><span class=\"citation-98\"> y encontrarte realizando labor efectiva en tu cargo al momento de iniciar el tr\u00e1mite (o estar en uso de vacaciones, licencia por maternidad o incapacidad temporal)<\/span><\/span><span data-path-to-node=\"6,6\">.<\/span><\/p>\n<h2 data-path-to-node=\"7\"><b data-path-to-node=\"7\" data-index-in-node=\"0\">2. \u00bfQu\u00e9 tipos de destaque existen?<\/b><\/h2>\n<p data-path-to-node=\"8\"><span data-path-to-node=\"8,1\"><span class=\"citation-97\">Existen tres causales por las cuales puedes solicitar este desplazamiento temporal<\/span><\/span><span data-path-to-node=\"8,3\">:<\/span><\/p>\n<p data-path-to-node=\"9,0,1\"><span data-path-to-node=\"9,0,1,0\"><b data-path-to-node=\"9,0,1,0\" data-index-in-node=\"0\"><span class=\"citation-96\">-Unidad Familiar:<\/span><\/b><span class=\"citation-96\"> Para reunirte con tu c\u00f3nyuge, hijos menores o padres que dependan de ti<\/span><\/span><span data-path-to-node=\"9,0,1,2\">.<\/span><\/p>\n<p data-path-to-node=\"9,1,1\"><span data-path-to-node=\"9,1,1,0\"><b data-path-to-node=\"9,1,1,0\" data-index-in-node=\"0\"><span class=\"citation-95\">-Salud:<\/span><\/b><span class=\"citation-95\"> Cuando requieres atenci\u00f3n m\u00e9dica especializada en una zona distinta a tu plaza de origen<\/span><\/span><span data-path-to-node=\"9,1,1,2\">.<\/span><\/p>\n<p data-path-to-node=\"9,2,1\"><span data-path-to-node=\"9,2,1,0\"><b data-path-to-node=\"9,2,1,0\" data-index-in-node=\"0\"><span class=\"citation-94\">-Necesidad Institucional:<\/span><\/b><span class=\"citation-94\"> Determinada por la UGEL para garantizar la continuidad del servicio educativo<\/span><\/span><span data-path-to-node=\"9,2,1,2\">.<\/span><\/p>\n<h2 data-path-to-node=\"10\"><b data-path-to-node=\"10\" data-index-in-node=\"0\">3. \u00bfSi estoy destacado puedo postular al concurso de Ascenso de Escala?<\/b><\/h2>\n<p data-path-to-node=\"12\"><span data-path-to-node=\"12,0\"><b data-path-to-node=\"12,0\" data-index-in-node=\"0\"><span class=\"citation-93\">S\u00ed.<\/span><\/b><span class=\"citation-93\"> El docente destacado mantiene la titularidad de su plaza de origen <\/span><\/span><span data-path-to-node=\"12,3\"><span class=\"citation-92\">y sigue percibiendo su remuneraci\u00f3n de acuerdo con su escala magisterial alcanzada<\/span><\/span><span data-path-to-node=\"12,5\">. La norma <b data-path-to-node=\"12,5\" data-index-in-node=\"11\">no proh\u00edbe<\/b> la postulaci\u00f3n al ascenso. <\/span><span data-path-to-node=\"12,7\"><span class=\"citation-91\">La \u00fanica restricci\u00f3n es para quienes ya se encuentran participando en una <\/span><i data-path-to-node=\"12,7\" data-index-in-node=\"74\"><span class=\"citation-91\">Evaluaci\u00f3n de Desempe\u00f1o Docente<\/span><\/i><span class=\"citation-91\">, la cual deben terminar antes de solicitar el destaque<\/span><\/span><span data-path-to-node=\"12,9\">.<\/span><\/p>\n<h2 data-path-to-node=\"13\"><b data-path-to-node=\"13\" data-index-in-node=\"0\">4. \u00bfCu\u00e1ntos a\u00f1os puedo trabajar como docente destacada?<\/b><\/h2>\n<p data-path-to-node=\"14\"><span data-path-to-node=\"14,1\"><span class=\"citation-90\">El periodo m\u00e1ximo para estar en situaci\u00f3n de destaque es de <\/span><b data-path-to-node=\"14,1\" data-index-in-node=\"60\"><span class=\"citation-90\">dos (2) a\u00f1os continuos<\/span><\/b><\/span><span data-path-to-node=\"14,3\">. <\/span><span data-path-to-node=\"14,5\"><span class=\"citation-89\">Recuerda que el destaque es una acci\u00f3n de personal de car\u00e1cter temporal y excepcional<\/span><\/span><span data-path-to-node=\"14,7\">.<\/span><\/p>\n<h2 data-path-to-node=\"15\"><b data-path-to-node=\"15\" data-index-in-node=\"0\">5. \u00bfCu\u00e1ntos a\u00f1os debo \u00abdescansar\u00bb para pedir un nuevo destaque?<\/b><\/h2>\n<p data-path-to-node=\"16\"><span data-path-to-node=\"16,1\"><span class=\"citation-88\">Una vez agotado el periodo m\u00e1ximo de dos a\u00f1os continuos, debes esperar un m\u00ednimo de <\/span><b data-path-to-node=\"16,1\" data-index-in-node=\"84\"><span class=\"citation-88\">tres (3) a\u00f1os calendario<\/span><\/b><span class=\"citation-88\"> para presentar una nueva petici\u00f3n de destaque<\/span><\/span><span data-path-to-node=\"16,3\">. <\/span><span data-path-to-node=\"16,5\"><span class=\"citation-87\">Este tiempo se cuenta a partir del 1 de enero del a\u00f1o siguiente al que termin\u00f3 tu \u00faltimo destaque<\/span><\/span><span data-path-to-node=\"16,7\">.<\/span><\/p>\n<blockquote>\n<h3 data-path-to-node=\"16\"><mark>Luego de haber leido algunas dudas de la normativa que todavia esta vigente que es la RVM N\u00ba 150-2022-MINEDU a continuaci\u00f3n te comparto la posible modificaci\u00f3n que se estar\u00eda dando, lo cual dicha modificaci\u00f3n afectar\u00eda a muchos docentes que desean solicitar destaque para el presente a\u00f1o lectivo 2026.<\/mark><\/h3>\n<h2>\u00bfPuedo postular al Ascenso de Escala 2026 si estoy destacado?<\/h2>\n<p><b data-path-to-node=\"10\" data-index-in-node=\"30\">Si decides destacarte en el a\u00f1o 2026, NO podr\u00e1s participar en el examen de Ascenso de Escala de ese mismo a\u00f1o.<\/b> La condici\u00f3n de docente destacado te impide postular al ascenso mientras dure tu desplazamiento en dicho periodo.<\/p>\n<p>OJO: Atenci\u00f3n docente <strong>esta ser\u00eda la posible novedad<\/strong> que se estar\u00eda implementando con la nueva normativa que el Minedu estar\u00eda sacando en estos dias.<\/p><\/blockquote>\n","protected":false},"excerpt":{"rendered":"<p>El Ministerio de educaci\u00f3n actualmente esta haciendo algunas modificaciones para la normativa de destaque docentes para el a\u00f1o lectivo 2026; en estos dias se<\/p>\n","protected":false},"author":1,"featured_media":18300,"comment_status":"open","ping_status":"open","sticky":false,"template":"","format":"standard","meta":{"footnotes":""},"categories":[4],"tags":[3299],"class_list":["post-18299","post","type-post","status-publish","format-standard","has-post-thumbnail","hentry","category-educacion","tag-conozca-la-posible-modificacion-que-minedu-estaria-realizando-en-el-proceso-de-destaque-2026-lo-cual-afectaria-a-miles-de-docentes"],"yoast_head":"<!-- This site is optimized with the Yoast SEO Premium plugin v21.2 (Yoast SEO v27.5) - https:\/\/yoast.com\/product\/yoast-seo-premium-wordpress\/ -->\n<title>\u25b7 Minedu: Conozca la posible modificaci\u00f3n que MINEDU estar\u00eda realizando en el proceso de DESTAQUE 2026 lo cual afectar\u00eda a miles de docentes \u00a1Atenci\u00f3n Docente! \u2705<\/title>\n<meta name=\"description\" content=\"\u27a8 Conozca la posible modificaci\u00f3n que MINEDU estar\u00eda realizando en el proceso de DESTAQUE 2026 lo cual afectar\u00eda a miles de docentes\" \/>\n<meta name=\"robots\" content=\"index, follow, max-snippet:-1, max-image-preview:large, max-video-preview:-1\" \/>\n<link rel=\"canonical\" href=\"https:\/\/amautaenlinea.com\/blog\/minedu-conozca-la-posible-modificacion-que-minedu-estaria-realizando-en-el-proceso-de-destaque-2026-lo-cual-afectaria-a-miles-de-docentes-atencion-docente\/\" \/>\n<meta property=\"og:locale\" content=\"es_ES\" \/>\n<meta property=\"og:type\" content=\"article\" \/>\n<meta property=\"og:title\" content=\"Minedu: Conozca la posible modificaci\u00f3n que MINEDU estar\u00eda realizando en el proceso de DESTAQUE 2026 lo cual afectar\u00eda a miles de docentes \u00a1Atenci\u00f3n Docente!\" \/>\n<meta property=\"og:description\" content=\"\u27a8 Conozca la posible modificaci\u00f3n que MINEDU estar\u00eda realizando en el proceso de DESTAQUE 2026 lo cual afectar\u00eda a miles de docentes\" \/>\n<meta property=\"og:url\" content=\"https:\/\/amautaenlinea.com\/blog\/minedu-conozca-la-posible-modificacion-que-minedu-estaria-realizando-en-el-proceso-de-destaque-2026-lo-cual-afectaria-a-miles-de-docentes-atencion-docente\/\" \/>\n<meta property=\"og:site_name\" content=\"Grupo AMAUTA\" \/>\n<meta property=\"article:publisher\" content=\"https:\/\/www.facebook.com\/amautaperu.org\/\" \/>\n<meta property=\"article:published_time\" content=\"2026-01-06T21:24:40+00:00\" \/>\n<meta property=\"og:image\" content=\"https:\/\/amautaenlinea.com\/blog\/wp-content\/uploads\/2026\/01\/Conozca-la-posible-modificacion-que-MINEDU-estaria-realizando-en-el-proceso-de-DESTAQUE-2026-lo-cual-afectaria-a-miles-de-docentes.png\" \/>\n\t<meta property=\"og:image:width\" content=\"1280\" \/>\n\t<meta property=\"og:image:height\" content=\"720\" \/>\n\t<meta property=\"og:image:type\" content=\"image\/png\" \/>\n<meta name=\"author\" content=\"Grupo AMAUTA EBUSINESS\" \/>\n<meta name=\"twitter:card\" content=\"summary_large_image\" \/>\n<script type=\"application\/ld+json\" class=\"yoast-schema-graph\">{\"@context\":\"https:\\\/\\\/schema.org\",\"@graph\":[{\"@type\":\"Article\",\"@id\":\"https:\\\/\\\/amautaenlinea.com\\\/blog\\\/minedu-conozca-la-posible-modificacion-que-minedu-estaria-realizando-en-el-proceso-de-destaque-2026-lo-cual-afectaria-a-miles-de-docentes-atencion-docente\\\/#article\",\"isPartOf\":{\"@id\":\"https:\\\/\\\/amautaenlinea.com\\\/blog\\\/minedu-conozca-la-posible-modificacion-que-minedu-estaria-realizando-en-el-proceso-de-destaque-2026-lo-cual-afectaria-a-miles-de-docentes-atencion-docente\\\/\"},\"author\":{\"name\":\"Grupo AMAUTA EBUSINESS\",\"@id\":\"https:\\\/\\\/amautaenlinea.com\\\/blog\\\/#\\\/schema\\\/person\\\/d8d4b5d672e9edb72a6f23fd40dd31d5\"},\"headline\":\"Minedu: Conozca la posible modificaci\u00f3n que MINEDU estar\u00eda realizando en el proceso de DESTAQUE 2026 lo cual afectar\u00eda a miles de docentes \u00a1Atenci\u00f3n Docente!\",\"datePublished\":\"2026-01-06T21:24:40+00:00\",\"mainEntityOfPage\":{\"@id\":\"https:\\\/\\\/amautaenlinea.com\\\/blog\\\/minedu-conozca-la-posible-modificacion-que-minedu-estaria-realizando-en-el-proceso-de-destaque-2026-lo-cual-afectaria-a-miles-de-docentes-atencion-docente\\\/\"},\"wordCount\":540,\"commentCount\":5,\"publisher\":{\"@id\":\"https:\\\/\\\/amautaenlinea.com\\\/blog\\\/#organization\"},\"image\":{\"@id\":\"https:\\\/\\\/amautaenlinea.com\\\/blog\\\/minedu-conozca-la-posible-modificacion-que-minedu-estaria-realizando-en-el-proceso-de-destaque-2026-lo-cual-afectaria-a-miles-de-docentes-atencion-docente\\\/#primaryimage\"},\"thumbnailUrl\":\"https:\\\/\\\/amautaenlinea.com\\\/blog\\\/wp-content\\\/uploads\\\/2026\\\/01\\\/Conozca-la-posible-modificacion-que-MINEDU-estaria-realizando-en-el-proceso-de-DESTAQUE-2026-lo-cual-afectaria-a-miles-de-docentes.png\",\"keywords\":[\"Conozca la posible modificaci\u00f3n que MINEDU estar\u00eda realizando en el proceso de DESTAQUE 2026 lo cual afectar\u00eda a miles de docentes\"],\"articleSection\":[\"Educaci\u00f3n\"],\"inLanguage\":\"es\",\"potentialAction\":[{\"@type\":\"CommentAction\",\"name\":\"Comment\",\"target\":[\"https:\\\/\\\/amautaenlinea.com\\\/blog\\\/minedu-conozca-la-posible-modificacion-que-minedu-estaria-realizando-en-el-proceso-de-destaque-2026-lo-cual-afectaria-a-miles-de-docentes-atencion-docente\\\/#respond\"]}],\"copyrightYear\":\"2026\",\"copyrightHolder\":{\"@id\":\"https:\\\/\\\/amautaenlinea.com\\\/blog\\\/#organization\"}},{\"@type\":\"WebPage\",\"@id\":\"https:\\\/\\\/amautaenlinea.com\\\/blog\\\/minedu-conozca-la-posible-modificacion-que-minedu-estaria-realizando-en-el-proceso-de-destaque-2026-lo-cual-afectaria-a-miles-de-docentes-atencion-docente\\\/\",\"url\":\"https:\\\/\\\/amautaenlinea.com\\\/blog\\\/minedu-conozca-la-posible-modificacion-que-minedu-estaria-realizando-en-el-proceso-de-destaque-2026-lo-cual-afectaria-a-miles-de-docentes-atencion-docente\\\/\",\"name\":\"\u25b7 Minedu: Conozca la posible modificaci\u00f3n que MINEDU estar\u00eda realizando en el proceso de DESTAQUE 2026 lo cual afectar\u00eda a miles de docentes \u00a1Atenci\u00f3n Docente! \u2705\",\"isPartOf\":{\"@id\":\"https:\\\/\\\/amautaenlinea.com\\\/blog\\\/#website\"},\"primaryImageOfPage\":{\"@id\":\"https:\\\/\\\/amautaenlinea.com\\\/blog\\\/minedu-conozca-la-posible-modificacion-que-minedu-estaria-realizando-en-el-proceso-de-destaque-2026-lo-cual-afectaria-a-miles-de-docentes-atencion-docente\\\/#primaryimage\"},\"image\":{\"@id\":\"https:\\\/\\\/amautaenlinea.com\\\/blog\\\/minedu-conozca-la-posible-modificacion-que-minedu-estaria-realizando-en-el-proceso-de-destaque-2026-lo-cual-afectaria-a-miles-de-docentes-atencion-docente\\\/#primaryimage\"},\"thumbnailUrl\":\"https:\\\/\\\/amautaenlinea.com\\\/blog\\\/wp-content\\\/uploads\\\/2026\\\/01\\\/Conozca-la-posible-modificacion-que-MINEDU-estaria-realizando-en-el-proceso-de-DESTAQUE-2026-lo-cual-afectaria-a-miles-de-docentes.png\",\"datePublished\":\"2026-01-06T21:24:40+00:00\",\"description\":\"\u27a8 Conozca la posible modificaci\u00f3n que MINEDU estar\u00eda realizando en el proceso de DESTAQUE 2026 lo cual afectar\u00eda a miles de docentes\",\"breadcrumb\":{\"@id\":\"https:\\\/\\\/amautaenlinea.com\\\/blog\\\/minedu-conozca-la-posible-modificacion-que-minedu-estaria-realizando-en-el-proceso-de-destaque-2026-lo-cual-afectaria-a-miles-de-docentes-atencion-docente\\\/#breadcrumb\"},\"inLanguage\":\"es\",\"potentialAction\":[{\"@type\":\"ReadAction\",\"target\":[\"https:\\\/\\\/amautaenlinea.com\\\/blog\\\/minedu-conozca-la-posible-modificacion-que-minedu-estaria-realizando-en-el-proceso-de-destaque-2026-lo-cual-afectaria-a-miles-de-docentes-atencion-docente\\\/\"]}]},{\"@type\":\"ImageObject\",\"inLanguage\":\"es\",\"@id\":\"https:\\\/\\\/amautaenlinea.com\\\/blog\\\/minedu-conozca-la-posible-modificacion-que-minedu-estaria-realizando-en-el-proceso-de-destaque-2026-lo-cual-afectaria-a-miles-de-docentes-atencion-docente\\\/#primaryimage\",\"url\":\"https:\\\/\\\/amautaenlinea.com\\\/blog\\\/wp-content\\\/uploads\\\/2026\\\/01\\\/Conozca-la-posible-modificacion-que-MINEDU-estaria-realizando-en-el-proceso-de-DESTAQUE-2026-lo-cual-afectaria-a-miles-de-docentes.png\",\"contentUrl\":\"https:\\\/\\\/amautaenlinea.com\\\/blog\\\/wp-content\\\/uploads\\\/2026\\\/01\\\/Conozca-la-posible-modificacion-que-MINEDU-estaria-realizando-en-el-proceso-de-DESTAQUE-2026-lo-cual-afectaria-a-miles-de-docentes.png\",\"width\":1280,\"height\":720},{\"@type\":\"BreadcrumbList\",\"@id\":\"https:\\\/\\\/amautaenlinea.com\\\/blog\\\/minedu-conozca-la-posible-modificacion-que-minedu-estaria-realizando-en-el-proceso-de-destaque-2026-lo-cual-afectaria-a-miles-de-docentes-atencion-docente\\\/#breadcrumb\",\"itemListElement\":[{\"@type\":\"ListItem\",\"position\":1,\"name\":\"Portada\",\"item\":\"https:\\\/\\\/amautaenlinea.com\\\/blog\\\/\"},{\"@type\":\"ListItem\",\"position\":2,\"name\":\"Minedu: Conozca la posible modificaci\u00f3n que MINEDU estar\u00eda realizando en el proceso de DESTAQUE 2026 lo cual afectar\u00eda a miles de docentes \u00a1Atenci\u00f3n Docente!\"}]},{\"@type\":\"WebSite\",\"@id\":\"https:\\\/\\\/amautaenlinea.com\\\/blog\\\/#website\",\"url\":\"https:\\\/\\\/amautaenlinea.com\\\/blog\\\/\",\"name\":\"Grupo AMAUTA\",\"description\":\"\",\"publisher\":{\"@id\":\"https:\\\/\\\/amautaenlinea.com\\\/blog\\\/#organization\"},\"potentialAction\":[{\"@type\":\"SearchAction\",\"target\":{\"@type\":\"EntryPoint\",\"urlTemplate\":\"https:\\\/\\\/amautaenlinea.com\\\/blog\\\/?s={search_term_string}\"},\"query-input\":{\"@type\":\"PropertyValueSpecification\",\"valueRequired\":true,\"valueName\":\"search_term_string\"}}],\"inLanguage\":\"es\"},{\"@type\":\"Organization\",\"@id\":\"https:\\\/\\\/amautaenlinea.com\\\/blog\\\/#organization\",\"name\":\"Grupo AMAUTA E-BUSINESS\",\"url\":\"https:\\\/\\\/amautaenlinea.com\\\/blog\\\/\",\"logo\":{\"@type\":\"ImageObject\",\"inLanguage\":\"es\",\"@id\":\"https:\\\/\\\/amautaenlinea.com\\\/blog\\\/#\\\/schema\\\/logo\\\/image\\\/\",\"url\":\"https:\\\/\\\/amautaenlinea.com\\\/blog\\\/wp-content\\\/uploads\\\/2023\\\/09\\\/logo-amauta.png\",\"contentUrl\":\"https:\\\/\\\/amautaenlinea.com\\\/blog\\\/wp-content\\\/uploads\\\/2023\\\/09\\\/logo-amauta.png\",\"width\":1124,\"height\":368,\"caption\":\"Grupo AMAUTA E-BUSINESS\"},\"image\":{\"@id\":\"https:\\\/\\\/amautaenlinea.com\\\/blog\\\/#\\\/schema\\\/logo\\\/image\\\/\"},\"sameAs\":[\"https:\\\/\\\/www.facebook.com\\\/amautaperu.org\\\/\"]},{\"@type\":\"Person\",\"@id\":\"https:\\\/\\\/amautaenlinea.com\\\/blog\\\/#\\\/schema\\\/person\\\/d8d4b5d672e9edb72a6f23fd40dd31d5\",\"name\":\"Grupo AMAUTA EBUSINESS\",\"image\":{\"@type\":\"ImageObject\",\"inLanguage\":\"es\",\"@id\":\"https:\\\/\\\/secure.gravatar.com\\\/avatar\\\/97706b54c222a710310e2db50e02e68de0a4c8bb76654bcc4053b08241c6bd6c?s=96&d=mm&r=g\",\"url\":\"https:\\\/\\\/secure.gravatar.com\\\/avatar\\\/97706b54c222a710310e2db50e02e68de0a4c8bb76654bcc4053b08241c6bd6c?s=96&d=mm&r=g\",\"contentUrl\":\"https:\\\/\\\/secure.gravatar.com\\\/avatar\\\/97706b54c222a710310e2db50e02e68de0a4c8bb76654bcc4053b08241c6bd6c?s=96&d=mm&r=g\",\"caption\":\"Grupo AMAUTA EBUSINESS\"}}]}<\/script>\n<!-- \/ Yoast SEO Premium plugin. -->","yoast_head_json":{"title":"\u25b7 Minedu: Conozca la posible modificaci\u00f3n que MINEDU estar\u00eda realizando en el proceso de DESTAQUE 2026 lo cual afectar\u00eda a miles de docentes \u00a1Atenci\u00f3n Docente! \u2705","description":"\u27a8 Conozca la posible modificaci\u00f3n que MINEDU estar\u00eda realizando en el proceso de DESTAQUE 2026 lo cual afectar\u00eda a miles de docentes","robots":{"index":"index","follow":"follow","max-snippet":"max-snippet:-1","max-image-preview":"max-image-preview:large","max-video-preview":"max-video-preview:-1"},"canonical":"https:\/\/amautaenlinea.com\/blog\/minedu-conozca-la-posible-modificacion-que-minedu-estaria-realizando-en-el-proceso-de-destaque-2026-lo-cual-afectaria-a-miles-de-docentes-atencion-docente\/","og_locale":"es_ES","og_type":"article","og_title":"Minedu: Conozca la posible modificaci\u00f3n que MINEDU estar\u00eda realizando en el proceso de DESTAQUE 2026 lo cual afectar\u00eda a miles de docentes \u00a1Atenci\u00f3n Docente!","og_description":"\u27a8 Conozca la posible modificaci\u00f3n que MINEDU estar\u00eda realizando en el proceso de DESTAQUE 2026 lo cual afectar\u00eda a miles de docentes","og_url":"https:\/\/amautaenlinea.com\/blog\/minedu-conozca-la-posible-modificacion-que-minedu-estaria-realizando-en-el-proceso-de-destaque-2026-lo-cual-afectaria-a-miles-de-docentes-atencion-docente\/","og_site_name":"Grupo AMAUTA","article_publisher":"https:\/\/www.facebook.com\/amautaperu.org\/","article_published_time":"2026-01-06T21:24:40+00:00","og_image":[{"width":1280,"height":720,"url":"https:\/\/amautaenlinea.com\/blog\/wp-content\/uploads\/2026\/01\/Conozca-la-posible-modificacion-que-MINEDU-estaria-realizando-en-el-proceso-de-DESTAQUE-2026-lo-cual-afectaria-a-miles-de-docentes.png","type":"image\/png"}],"author":"Grupo AMAUTA EBUSINESS","twitter_card":"summary_large_image","schema":{"@context":"https:\/\/schema.org","@graph":[{"@type":"Article","@id":"https:\/\/amautaenlinea.com\/blog\/minedu-conozca-la-posible-modificacion-que-minedu-estaria-realizando-en-el-proceso-de-destaque-2026-lo-cual-afectaria-a-miles-de-docentes-atencion-docente\/#article","isPartOf":{"@id":"https:\/\/amautaenlinea.com\/blog\/minedu-conozca-la-posible-modificacion-que-minedu-estaria-realizando-en-el-proceso-de-destaque-2026-lo-cual-afectaria-a-miles-de-docentes-atencion-docente\/"},"author":{"name":"Grupo AMAUTA EBUSINESS","@id":"https:\/\/amautaenlinea.com\/blog\/#\/schema\/person\/d8d4b5d672e9edb72a6f23fd40dd31d5"},"headline":"Minedu: Conozca la posible modificaci\u00f3n que MINEDU estar\u00eda realizando en el proceso de DESTAQUE 2026 lo cual afectar\u00eda a miles de docentes \u00a1Atenci\u00f3n Docente!","datePublished":"2026-01-06T21:24:40+00:00","mainEntityOfPage":{"@id":"https:\/\/amautaenlinea.com\/blog\/minedu-conozca-la-posible-modificacion-que-minedu-estaria-realizando-en-el-proceso-de-destaque-2026-lo-cual-afectaria-a-miles-de-docentes-atencion-docente\/"},"wordCount":540,"commentCount":5,"publisher":{"@id":"https:\/\/amautaenlinea.com\/blog\/#organization"},"image":{"@id":"https:\/\/amautaenlinea.com\/blog\/minedu-conozca-la-posible-modificacion-que-minedu-estaria-realizando-en-el-proceso-de-destaque-2026-lo-cual-afectaria-a-miles-de-docentes-atencion-docente\/#primaryimage"},"thumbnailUrl":"https:\/\/amautaenlinea.com\/blog\/wp-content\/uploads\/2026\/01\/Conozca-la-posible-modificacion-que-MINEDU-estaria-realizando-en-el-proceso-de-DESTAQUE-2026-lo-cual-afectaria-a-miles-de-docentes.png","keywords":["Conozca la posible modificaci\u00f3n que MINEDU estar\u00eda realizando en el proceso de DESTAQUE 2026 lo cual afectar\u00eda a miles de docentes"],"articleSection":["Educaci\u00f3n"],"inLanguage":"es","potentialAction":[{"@type":"CommentAction","name":"Comment","target":["https:\/\/amautaenlinea.com\/blog\/minedu-conozca-la-posible-modificacion-que-minedu-estaria-realizando-en-el-proceso-de-destaque-2026-lo-cual-afectaria-a-miles-de-docentes-atencion-docente\/#respond"]}],"copyrightYear":"2026","copyrightHolder":{"@id":"https:\/\/amautaenlinea.com\/blog\/#organization"}},{"@type":"WebPage","@id":"https:\/\/amautaenlinea.com\/blog\/minedu-conozca-la-posible-modificacion-que-minedu-estaria-realizando-en-el-proceso-de-destaque-2026-lo-cual-afectaria-a-miles-de-docentes-atencion-docente\/","url":"https:\/\/amautaenlinea.com\/blog\/minedu-conozca-la-posible-modificacion-que-minedu-estaria-realizando-en-el-proceso-de-destaque-2026-lo-cual-afectaria-a-miles-de-docentes-atencion-docente\/","name":"\u25b7 Minedu: Conozca la posible modificaci\u00f3n que MINEDU estar\u00eda realizando en el proceso de DESTAQUE 2026 lo cual afectar\u00eda a miles de docentes \u00a1Atenci\u00f3n Docente! \u2705","isPartOf":{"@id":"https:\/\/amautaenlinea.com\/blog\/#website"},"primaryImageOfPage":{"@id":"https:\/\/amautaenlinea.com\/blog\/minedu-conozca-la-posible-modificacion-que-minedu-estaria-realizando-en-el-proceso-de-destaque-2026-lo-cual-afectaria-a-miles-de-docentes-atencion-docente\/#primaryimage"},"image":{"@id":"https:\/\/amautaenlinea.com\/blog\/minedu-conozca-la-posible-modificacion-que-minedu-estaria-realizando-en-el-proceso-de-destaque-2026-lo-cual-afectaria-a-miles-de-docentes-atencion-docente\/#primaryimage"},"thumbnailUrl":"https:\/\/amautaenlinea.com\/blog\/wp-content\/uploads\/2026\/01\/Conozca-la-posible-modificacion-que-MINEDU-estaria-realizando-en-el-proceso-de-DESTAQUE-2026-lo-cual-afectaria-a-miles-de-docentes.png","datePublished":"2026-01-06T21:24:40+00:00","description":"\u27a8 Conozca la posible modificaci\u00f3n que MINEDU estar\u00eda realizando en el proceso de DESTAQUE 2026 lo cual afectar\u00eda a miles de docentes","breadcrumb":{"@id":"https:\/\/amautaenlinea.com\/blog\/minedu-conozca-la-posible-modificacion-que-minedu-estaria-realizando-en-el-proceso-de-destaque-2026-lo-cual-afectaria-a-miles-de-docentes-atencion-docente\/#breadcrumb"},"inLanguage":"es","potentialAction":[{"@type":"ReadAction","target":["https:\/\/amautaenlinea.com\/blog\/minedu-conozca-la-posible-modificacion-que-minedu-estaria-realizando-en-el-proceso-de-destaque-2026-lo-cual-afectaria-a-miles-de-docentes-atencion-docente\/"]}]},{"@type":"ImageObject","inLanguage":"es","@id":"https:\/\/amautaenlinea.com\/blog\/minedu-conozca-la-posible-modificacion-que-minedu-estaria-realizando-en-el-proceso-de-destaque-2026-lo-cual-afectaria-a-miles-de-docentes-atencion-docente\/#primaryimage","url":"https:\/\/amautaenlinea.com\/blog\/wp-content\/uploads\/2026\/01\/Conozca-la-posible-modificacion-que-MINEDU-estaria-realizando-en-el-proceso-de-DESTAQUE-2026-lo-cual-afectaria-a-miles-de-docentes.png","contentUrl":"https:\/\/amautaenlinea.com\/blog\/wp-content\/uploads\/2026\/01\/Conozca-la-posible-modificacion-que-MINEDU-estaria-realizando-en-el-proceso-de-DESTAQUE-2026-lo-cual-afectaria-a-miles-de-docentes.png","width":1280,"height":720},{"@type":"BreadcrumbList","@id":"https:\/\/amautaenlinea.com\/blog\/minedu-conozca-la-posible-modificacion-que-minedu-estaria-realizando-en-el-proceso-de-destaque-2026-lo-cual-afectaria-a-miles-de-docentes-atencion-docente\/#breadcrumb","itemListElement":[{"@type":"ListItem","position":1,"name":"Portada","item":"https:\/\/amautaenlinea.com\/blog\/"},{"@type":"ListItem","position":2,"name":"Minedu: Conozca la posible modificaci\u00f3n que MINEDU estar\u00eda realizando en el proceso de DESTAQUE 2026 lo cual afectar\u00eda a miles de docentes \u00a1Atenci\u00f3n Docente!"}]},{"@type":"WebSite","@id":"https:\/\/amautaenlinea.com\/blog\/#website","url":"https:\/\/amautaenlinea.com\/blog\/","name":"Grupo AMAUTA","description":"","publisher":{"@id":"https:\/\/amautaenlinea.com\/blog\/#organization"},"potentialAction":[{"@type":"SearchAction","target":{"@type":"EntryPoint","urlTemplate":"https:\/\/amautaenlinea.com\/blog\/?s={search_term_string}"},"query-input":{"@type":"PropertyValueSpecification","valueRequired":true,"valueName":"search_term_string"}}],"inLanguage":"es"},{"@type":"Organization","@id":"https:\/\/amautaenlinea.com\/blog\/#organization","name":"Grupo AMAUTA E-BUSINESS","url":"https:\/\/amautaenlinea.com\/blog\/","logo":{"@type":"ImageObject","inLanguage":"es","@id":"https:\/\/amautaenlinea.com\/blog\/#\/schema\/logo\/image\/","url":"https:\/\/amautaenlinea.com\/blog\/wp-content\/uploads\/2023\/09\/logo-amauta.png","contentUrl":"https:\/\/amautaenlinea.com\/blog\/wp-content\/uploads\/2023\/09\/logo-amauta.png","width":1124,"height":368,"caption":"Grupo AMAUTA E-BUSINESS"},"image":{"@id":"https:\/\/amautaenlinea.com\/blog\/#\/schema\/logo\/image\/"},"sameAs":["https:\/\/www.facebook.com\/amautaperu.org\/"]},{"@type":"Person","@id":"https:\/\/amautaenlinea.com\/blog\/#\/schema\/person\/d8d4b5d672e9edb72a6f23fd40dd31d5","name":"Grupo AMAUTA EBUSINESS","image":{"@type":"ImageObject","inLanguage":"es","@id":"https:\/\/secure.gravatar.com\/avatar\/97706b54c222a710310e2db50e02e68de0a4c8bb76654bcc4053b08241c6bd6c?s=96&d=mm&r=g","url":"https:\/\/secure.gravatar.com\/avatar\/97706b54c222a710310e2db50e02e68de0a4c8bb76654bcc4053b08241c6bd6c?s=96&d=mm&r=g","contentUrl":"https:\/\/secure.gravatar.com\/avatar\/97706b54c222a710310e2db50e02e68de0a4c8bb76654bcc4053b08241c6bd6c?s=96&d=mm&r=g","caption":"Grupo AMAUTA EBUSINESS"}}]}},"_links":{"self":[{"href":"https:\/\/amautaenlinea.com\/blog\/wp-json\/wp\/v2\/posts\/18299","targetHints":{"allow":["GET"]}}],"collection":[{"href":"https:\/\/amautaenlinea.com\/blog\/wp-json\/wp\/v2\/posts"}],"about":[{"href":"https:\/\/amautaenlinea.com\/blog\/wp-json\/wp\/v2\/types\/post"}],"author":[{"embeddable":true,"href":"https:\/\/amautaenlinea.com\/blog\/wp-json\/wp\/v2\/users\/1"}],"replies":[{"embeddable":true,"href":"https:\/\/amautaenlinea.com\/blog\/wp-json\/wp\/v2\/comments?post=18299"}],"version-history":[{"count":1,"href":"https:\/\/amautaenlinea.com\/blog\/wp-json\/wp\/v2\/posts\/18299\/revisions"}],"predecessor-version":[{"id":18301,"href":"https:\/\/amautaenlinea.com\/blog\/wp-json\/wp\/v2\/posts\/18299\/revisions\/18301"}],"wp:featuredmedia":[{"embeddable":true,"href":"https:\/\/amautaenlinea.com\/blog\/wp-json\/wp\/v2\/media\/18300"}],"wp:attachment":[{"href":"https:\/\/amautaenlinea.com\/blog\/wp-json\/wp\/v2\/media?parent=18299"}],"wp:term":[{"taxonomy":"category","embeddable":true,"href":"https:\/\/amautaenlinea.com\/blog\/wp-json\/wp\/v2\/categories?post=18299"},{"taxonomy":"post_tag","embeddable":true,"href":"https:\/\/amautaenlinea.com\/blog\/wp-json\/wp\/v2\/tags?post=18299"}],"curies":[{"name":"wp","href":"https:\/\/api.w.org\/{rel}","templated":true}]}}