{"id":18281,"date":"2026-01-05T20:08:57","date_gmt":"2026-01-06T01:08:57","guid":{"rendered":"https:\/\/amautaenlinea.com\/blog\/?p=18281"},"modified":"2026-01-05T20:08:57","modified_gmt":"2026-01-06T01:08:57","slug":"minedu-habra-renovacion-de-contrato-docente-2026-segun-el-ds-n-022-2025-minedu","status":"publish","type":"post","link":"https:\/\/amautaenlinea.com\/blog\/minedu-habra-renovacion-de-contrato-docente-2026-segun-el-ds-n-022-2025-minedu\/","title":{"rendered":"Minedu: \u00bfHabr\u00e1 renovaci\u00f3n de contrato docente 2026 seg\u00fan el DS N 022-2025-MINEDU?"},"content":{"rendered":"<p><span data-path-to-node=\"6,0\"><span class=\"citation-95\">El nuevo marco normativo ratifica la continuidad de la <\/span><b data-path-to-node=\"6,0\" data-index-in-node=\"59\"><span class=\"citation-95\">Renovaci\u00f3n del Contrato Docente<\/span><\/b><span class=\"citation-95\"> como parte integrante del procedimiento de contrataci\u00f3n para el periodo 2026<\/span><\/span><span data-path-to-node=\"6,2\">.<\/span><\/p>\n<h2 data-path-to-node=\"7\"><b data-path-to-node=\"7\" data-index-in-node=\"0\">Puntos clave del proceso 2026:<\/b><\/h2>\n<ol start=\"1\" data-path-to-node=\"8\">\n<li>\n<p data-path-to-node=\"8,0,1\"><span data-path-to-node=\"8,0,1,0\"><b data-path-to-node=\"8,0,1,0\" data-index-in-node=\"0\"><span class=\"citation-94\">Etapas del Procedimiento:<\/span><\/b><span class=\"citation-94\"> La normativa establece una estructura clara de tres etapas principales para cubrir las plazas vacantes<\/span><\/span><span data-path-to-node=\"8,0,1,2\">:<\/span><\/p>\n<p data-path-to-node=\"8,0,2,0,1\"><span data-path-to-node=\"8,0,2,0,1,0\"><b data-path-to-node=\"8,0,2,0,1,0\" data-index-in-node=\"0\"><span class=\"citation-93\">Primera Etapa:<\/span><\/b><span class=\"citation-93\"> Renovaci\u00f3n del contrato docente<\/span><\/span><span data-path-to-node=\"8,0,2,0,1,2\">.<\/span><\/p>\n<p data-path-to-node=\"8,0,2,1,1\"><span data-path-to-node=\"8,0,2,1,1,0\"><b data-path-to-node=\"8,0,2,1,1,0\" data-index-in-node=\"0\"><span class=\"citation-92\">Segunda Etapa:<\/span><\/b><span class=\"citation-92\"> Contrataci\u00f3n por resultados de la Prueba Nacional (PN)<\/span><\/span><span data-path-to-node=\"8,0,2,1,1,2\">.<\/span><\/p>\n<p data-path-to-node=\"8,0,2,2,1\"><span data-path-to-node=\"8,0,2,2,1,0\"><b data-path-to-node=\"8,0,2,2,1,0\" data-index-in-node=\"0\"><span class=\"citation-91\">Tercera Etapa:<\/span><\/b><span class=\"citation-91\"> Contrataci\u00f3n por evaluaci\u00f3n de expedientes<\/span><\/span><span data-path-to-node=\"8,0,2,2,1,2\">.<\/span><\/p>\n<\/li>\n<\/ol>\n<h2 data-path-to-node=\"8,1,0\"><b data-path-to-node=\"8,1,0\" data-index-in-node=\"0\">Condiciones para la Renovaci\u00f3n:<\/b><\/h2>\n<p data-path-to-node=\"8,1,1,0,0\"><span data-path-to-node=\"8,1,1,0,0,1\"><span class=\"citation-90\">La renovaci\u00f3n no es autom\u00e1tica; se rige por las condiciones detalladas en el <\/span><b data-path-to-node=\"8,1,1,0,0,1\" data-index-in-node=\"77\"><span class=\"citation-90\">Art\u00edculo 15<\/span><\/b><span class=\"citation-90\"> de la norma aprobada<\/span><\/span><span data-path-to-node=\"8,1,1,0,0,3\">.<\/span><\/p>\n<p><span data-path-to-node=\"8,1,1,1,0,1\"><span class=\"citation-89\">Se requiere una evaluaci\u00f3n del desempe\u00f1o laboral, la cual es llevada a cabo por un <strong>comit\u00e9 espec\u00edfico<em> conformado en la Instituci\u00f3n Educativa (IE)<\/em><\/strong>, seg\u00fan lo estipulado en el <\/span><b data-path-to-node=\"8,1,1,1,0,1\" data-index-in-node=\"172\"><span class=\"citation-89\">Art\u00edculo 16<\/span><\/b><\/span><span data-path-to-node=\"8,1,1,1,0,3\">.<\/span><\/p>\n<h2 data-path-to-node=\"8,2,0\"><b data-path-to-node=\"8,2,0\" data-index-in-node=\"0\">Cronograma y Plazos:<\/b><\/h2>\n<p data-path-to-node=\"8,2,1,0,0\"><span data-path-to-node=\"8,2,1,0,0,1\"><span class=\"citation-87\">La <\/span><b data-path-to-node=\"8,2,1,0,0,1\" data-index-in-node=\"3\"><span class=\"citation-87\">Segunda Etapa<\/span><\/b><span class=\"citation-87\"> (por resultados de la PN) tiene previsto iniciar en la <\/span><b data-path-to-node=\"8,2,1,0,0,1\" data-index-in-node=\"72\"><span class=\"citation-87\">tercera semana de enero<\/span><\/b><\/span><span data-path-to-node=\"8,2,1,0,0,3\">.<\/span><\/p>\n<p data-path-to-node=\"8,2,1,1,0\"><span data-path-to-node=\"8,2,1,1,0,1\"><span class=\"citation-86\">La <\/span><b data-path-to-node=\"8,2,1,1,0,1\" data-index-in-node=\"3\"><span class=\"citation-86\">Tercera Etapa<\/span><\/b><span class=\"citation-86\"> (por evaluaci\u00f3n de expedientes) se iniciar\u00e1 el <\/span><b data-path-to-node=\"8,2,1,1,0,1\" data-index-in-node=\"64\"><span class=\"citation-86\">primer d\u00eda h\u00e1bil de febrero<\/span><\/b><\/span><span data-path-to-node=\"8,2,1,1,0,3\">.<\/span><\/p>\n<p data-path-to-node=\"8,2,1,2,0\"><span data-path-to-node=\"8,2,1,2,0,1\"><span class=\"citation-85\">Por prelaci\u00f3n normativa, el proceso de <\/span><b data-path-to-node=\"8,2,1,2,0,1\" data-index-in-node=\"39\"><span class=\"citation-85\">Renovaci\u00f3n (Primera Etapa)<\/span><\/b><span class=\"citation-85\"> debe concluir antes del inicio de la publicaci\u00f3n de vacantes para la adjudicaci\u00f3n por resultados de la Prueba Nacional<\/span><\/span><span data-path-to-node=\"8,2,1,2,0,3\">.<\/span><\/p>\n<p data-path-to-node=\"8,2,1,2,0\"><strong> <mark>LA CLAVE : En estos dias el Ministerio de Educaci\u00f3n estar\u00eda girando un Oficio M\u00faltiple a las Direcciones regionales de Educaci\u00f3n\u00a0 y UGEL dando precisiones sobre la renovaci\u00f3n de Contrato Docente 2026.<\/mark><\/strong><\/p>\n<blockquote>\n<h3 data-path-to-node=\"8,2,1,2,0\">S\u00edguenos como <a href=\"https:\/\/www.facebook.com\/amautaperu.org\">AMAUTA Per\u00fa<\/a> para enterarte de lo \u00faltimo del Ministerio de Educaci\u00f3n del Per\u00fa<\/h3>\n<\/blockquote>\n","protected":false},"excerpt":{"rendered":"<p>El nuevo marco normativo ratifica la continuidad de la Renovaci\u00f3n del Contrato Docente como parte integrante del procedimiento de contrataci\u00f3n para el periodo 2026.<\/p>\n","protected":false},"author":1,"featured_media":18282,"comment_status":"open","ping_status":"open","sticky":false,"template":"","format":"standard","meta":{"footnotes":""},"categories":[4],"tags":[3296],"class_list":["post-18281","post","type-post","status-publish","format-standard","has-post-thumbnail","hentry","category-educacion","tag-habra-renovacion-de-contrato-docente-2026-segun-el-ds-n-022-2025-minedu"],"yoast_head":"<!-- This site is optimized with the Yoast SEO Premium plugin v21.2 (Yoast SEO v27.5) - https:\/\/yoast.com\/product\/yoast-seo-premium-wordpress\/ -->\n<title>\u25b7 Minedu: \u00bfHabr\u00e1 renovaci\u00f3n de contrato docente 2026 seg\u00fan el DS N 022-2025-MINEDU? \u2705<\/title>\n<meta name=\"description\" content=\"\u27a8 Habr\u00e1 renovaci\u00f3n de contrato docente 2026 seg\u00fan el DS N 022-2025-MINEDU\" \/>\n<meta name=\"robots\" content=\"index, follow, max-snippet:-1, max-image-preview:large, max-video-preview:-1\" \/>\n<link rel=\"canonical\" href=\"https:\/\/amautaenlinea.com\/blog\/minedu-habra-renovacion-de-contrato-docente-2026-segun-el-ds-n-022-2025-minedu\/\" \/>\n<meta property=\"og:locale\" content=\"es_ES\" \/>\n<meta property=\"og:type\" content=\"article\" \/>\n<meta property=\"og:title\" content=\"Minedu: \u00bfHabr\u00e1 renovaci\u00f3n de contrato docente 2026 seg\u00fan el DS N 022-2025-MINEDU?\" \/>\n<meta property=\"og:description\" content=\"\u27a8 Habr\u00e1 renovaci\u00f3n de contrato docente 2026 seg\u00fan el DS N 022-2025-MINEDU\" \/>\n<meta property=\"og:url\" content=\"https:\/\/amautaenlinea.com\/blog\/minedu-habra-renovacion-de-contrato-docente-2026-segun-el-ds-n-022-2025-minedu\/\" \/>\n<meta property=\"og:site_name\" content=\"Grupo AMAUTA\" \/>\n<meta property=\"article:publisher\" content=\"https:\/\/www.facebook.com\/amautaperu.org\/\" \/>\n<meta property=\"article:published_time\" content=\"2026-01-06T01:08:57+00:00\" \/>\n<meta property=\"og:image\" content=\"https:\/\/amautaenlinea.com\/blog\/wp-content\/uploads\/2026\/01\/Habra-renovacion-de-contrato-docente-2026-segun-el-DS-N-022-2025-MINEDU.png\" \/>\n\t<meta property=\"og:image:width\" content=\"1280\" \/>\n\t<meta property=\"og:image:height\" content=\"720\" \/>\n\t<meta property=\"og:image:type\" content=\"image\/png\" \/>\n<meta name=\"author\" content=\"Grupo AMAUTA EBUSINESS\" \/>\n<meta name=\"twitter:card\" content=\"summary_large_image\" \/>\n<script type=\"application\/ld+json\" class=\"yoast-schema-graph\">{\"@context\":\"https:\\\/\\\/schema.org\",\"@graph\":[{\"@type\":\"Article\",\"@id\":\"https:\\\/\\\/amautaenlinea.com\\\/blog\\\/minedu-habra-renovacion-de-contrato-docente-2026-segun-el-ds-n-022-2025-minedu\\\/#article\",\"isPartOf\":{\"@id\":\"https:\\\/\\\/amautaenlinea.com\\\/blog\\\/minedu-habra-renovacion-de-contrato-docente-2026-segun-el-ds-n-022-2025-minedu\\\/\"},\"author\":{\"name\":\"Grupo AMAUTA EBUSINESS\",\"@id\":\"https:\\\/\\\/amautaenlinea.com\\\/blog\\\/#\\\/schema\\\/person\\\/d8d4b5d672e9edb72a6f23fd40dd31d5\"},\"headline\":\"Minedu: \u00bfHabr\u00e1 renovaci\u00f3n de contrato docente 2026 seg\u00fan el DS N 022-2025-MINEDU?\",\"datePublished\":\"2026-01-06T01:08:57+00:00\",\"mainEntityOfPage\":{\"@id\":\"https:\\\/\\\/amautaenlinea.com\\\/blog\\\/minedu-habra-renovacion-de-contrato-docente-2026-segun-el-ds-n-022-2025-minedu\\\/\"},\"wordCount\":271,\"commentCount\":0,\"publisher\":{\"@id\":\"https:\\\/\\\/amautaenlinea.com\\\/blog\\\/#organization\"},\"image\":{\"@id\":\"https:\\\/\\\/amautaenlinea.com\\\/blog\\\/minedu-habra-renovacion-de-contrato-docente-2026-segun-el-ds-n-022-2025-minedu\\\/#primaryimage\"},\"thumbnailUrl\":\"https:\\\/\\\/amautaenlinea.com\\\/blog\\\/wp-content\\\/uploads\\\/2026\\\/01\\\/Habra-renovacion-de-contrato-docente-2026-segun-el-DS-N-022-2025-MINEDU.png\",\"keywords\":[\"Habr\u00e1 renovaci\u00f3n de contrato docente 2026 seg\u00fan el DS N 022-2025-MINEDU\"],\"articleSection\":[\"Educaci\u00f3n\"],\"inLanguage\":\"es\",\"potentialAction\":[{\"@type\":\"CommentAction\",\"name\":\"Comment\",\"target\":[\"https:\\\/\\\/amautaenlinea.com\\\/blog\\\/minedu-habra-renovacion-de-contrato-docente-2026-segun-el-ds-n-022-2025-minedu\\\/#respond\"]}],\"copyrightYear\":\"2026\",\"copyrightHolder\":{\"@id\":\"https:\\\/\\\/amautaenlinea.com\\\/blog\\\/#organization\"}},{\"@type\":\"WebPage\",\"@id\":\"https:\\\/\\\/amautaenlinea.com\\\/blog\\\/minedu-habra-renovacion-de-contrato-docente-2026-segun-el-ds-n-022-2025-minedu\\\/\",\"url\":\"https:\\\/\\\/amautaenlinea.com\\\/blog\\\/minedu-habra-renovacion-de-contrato-docente-2026-segun-el-ds-n-022-2025-minedu\\\/\",\"name\":\"\u25b7 Minedu: \u00bfHabr\u00e1 renovaci\u00f3n de contrato docente 2026 seg\u00fan el DS N 022-2025-MINEDU? \u2705\",\"isPartOf\":{\"@id\":\"https:\\\/\\\/amautaenlinea.com\\\/blog\\\/#website\"},\"primaryImageOfPage\":{\"@id\":\"https:\\\/\\\/amautaenlinea.com\\\/blog\\\/minedu-habra-renovacion-de-contrato-docente-2026-segun-el-ds-n-022-2025-minedu\\\/#primaryimage\"},\"image\":{\"@id\":\"https:\\\/\\\/amautaenlinea.com\\\/blog\\\/minedu-habra-renovacion-de-contrato-docente-2026-segun-el-ds-n-022-2025-minedu\\\/#primaryimage\"},\"thumbnailUrl\":\"https:\\\/\\\/amautaenlinea.com\\\/blog\\\/wp-content\\\/uploads\\\/2026\\\/01\\\/Habra-renovacion-de-contrato-docente-2026-segun-el-DS-N-022-2025-MINEDU.png\",\"datePublished\":\"2026-01-06T01:08:57+00:00\",\"description\":\"\u27a8 Habr\u00e1 renovaci\u00f3n de contrato docente 2026 seg\u00fan el DS N 022-2025-MINEDU\",\"breadcrumb\":{\"@id\":\"https:\\\/\\\/amautaenlinea.com\\\/blog\\\/minedu-habra-renovacion-de-contrato-docente-2026-segun-el-ds-n-022-2025-minedu\\\/#breadcrumb\"},\"inLanguage\":\"es\",\"potentialAction\":[{\"@type\":\"ReadAction\",\"target\":[\"https:\\\/\\\/amautaenlinea.com\\\/blog\\\/minedu-habra-renovacion-de-contrato-docente-2026-segun-el-ds-n-022-2025-minedu\\\/\"]}]},{\"@type\":\"ImageObject\",\"inLanguage\":\"es\",\"@id\":\"https:\\\/\\\/amautaenlinea.com\\\/blog\\\/minedu-habra-renovacion-de-contrato-docente-2026-segun-el-ds-n-022-2025-minedu\\\/#primaryimage\",\"url\":\"https:\\\/\\\/amautaenlinea.com\\\/blog\\\/wp-content\\\/uploads\\\/2026\\\/01\\\/Habra-renovacion-de-contrato-docente-2026-segun-el-DS-N-022-2025-MINEDU.png\",\"contentUrl\":\"https:\\\/\\\/amautaenlinea.com\\\/blog\\\/wp-content\\\/uploads\\\/2026\\\/01\\\/Habra-renovacion-de-contrato-docente-2026-segun-el-DS-N-022-2025-MINEDU.png\",\"width\":1280,\"height\":720},{\"@type\":\"BreadcrumbList\",\"@id\":\"https:\\\/\\\/amautaenlinea.com\\\/blog\\\/minedu-habra-renovacion-de-contrato-docente-2026-segun-el-ds-n-022-2025-minedu\\\/#breadcrumb\",\"itemListElement\":[{\"@type\":\"ListItem\",\"position\":1,\"name\":\"Portada\",\"item\":\"https:\\\/\\\/amautaenlinea.com\\\/blog\\\/\"},{\"@type\":\"ListItem\",\"position\":2,\"name\":\"Minedu: \u00bfHabr\u00e1 renovaci\u00f3n de contrato docente 2026 seg\u00fan el DS N 022-2025-MINEDU?\"}]},{\"@type\":\"WebSite\",\"@id\":\"https:\\\/\\\/amautaenlinea.com\\\/blog\\\/#website\",\"url\":\"https:\\\/\\\/amautaenlinea.com\\\/blog\\\/\",\"name\":\"Grupo AMAUTA\",\"description\":\"\",\"publisher\":{\"@id\":\"https:\\\/\\\/amautaenlinea.com\\\/blog\\\/#organization\"},\"potentialAction\":[{\"@type\":\"SearchAction\",\"target\":{\"@type\":\"EntryPoint\",\"urlTemplate\":\"https:\\\/\\\/amautaenlinea.com\\\/blog\\\/?s={search_term_string}\"},\"query-input\":{\"@type\":\"PropertyValueSpecification\",\"valueRequired\":true,\"valueName\":\"search_term_string\"}}],\"inLanguage\":\"es\"},{\"@type\":\"Organization\",\"@id\":\"https:\\\/\\\/amautaenlinea.com\\\/blog\\\/#organization\",\"name\":\"Grupo AMAUTA E-BUSINESS\",\"url\":\"https:\\\/\\\/amautaenlinea.com\\\/blog\\\/\",\"logo\":{\"@type\":\"ImageObject\",\"inLanguage\":\"es\",\"@id\":\"https:\\\/\\\/amautaenlinea.com\\\/blog\\\/#\\\/schema\\\/logo\\\/image\\\/\",\"url\":\"https:\\\/\\\/amautaenlinea.com\\\/blog\\\/wp-content\\\/uploads\\\/2023\\\/09\\\/logo-amauta.png\",\"contentUrl\":\"https:\\\/\\\/amautaenlinea.com\\\/blog\\\/wp-content\\\/uploads\\\/2023\\\/09\\\/logo-amauta.png\",\"width\":1124,\"height\":368,\"caption\":\"Grupo AMAUTA E-BUSINESS\"},\"image\":{\"@id\":\"https:\\\/\\\/amautaenlinea.com\\\/blog\\\/#\\\/schema\\\/logo\\\/image\\\/\"},\"sameAs\":[\"https:\\\/\\\/www.facebook.com\\\/amautaperu.org\\\/\"]},{\"@type\":\"Person\",\"@id\":\"https:\\\/\\\/amautaenlinea.com\\\/blog\\\/#\\\/schema\\\/person\\\/d8d4b5d672e9edb72a6f23fd40dd31d5\",\"name\":\"Grupo AMAUTA EBUSINESS\",\"image\":{\"@type\":\"ImageObject\",\"inLanguage\":\"es\",\"@id\":\"https:\\\/\\\/secure.gravatar.com\\\/avatar\\\/97706b54c222a710310e2db50e02e68de0a4c8bb76654bcc4053b08241c6bd6c?s=96&d=mm&r=g\",\"url\":\"https:\\\/\\\/secure.gravatar.com\\\/avatar\\\/97706b54c222a710310e2db50e02e68de0a4c8bb76654bcc4053b08241c6bd6c?s=96&d=mm&r=g\",\"contentUrl\":\"https:\\\/\\\/secure.gravatar.com\\\/avatar\\\/97706b54c222a710310e2db50e02e68de0a4c8bb76654bcc4053b08241c6bd6c?s=96&d=mm&r=g\",\"caption\":\"Grupo AMAUTA EBUSINESS\"}}]}<\/script>\n<!-- \/ Yoast SEO Premium plugin. -->","yoast_head_json":{"title":"\u25b7 Minedu: \u00bfHabr\u00e1 renovaci\u00f3n de contrato docente 2026 seg\u00fan el DS N 022-2025-MINEDU? \u2705","description":"\u27a8 Habr\u00e1 renovaci\u00f3n de contrato docente 2026 seg\u00fan el DS N 022-2025-MINEDU","robots":{"index":"index","follow":"follow","max-snippet":"max-snippet:-1","max-image-preview":"max-image-preview:large","max-video-preview":"max-video-preview:-1"},"canonical":"https:\/\/amautaenlinea.com\/blog\/minedu-habra-renovacion-de-contrato-docente-2026-segun-el-ds-n-022-2025-minedu\/","og_locale":"es_ES","og_type":"article","og_title":"Minedu: \u00bfHabr\u00e1 renovaci\u00f3n de contrato docente 2026 seg\u00fan el DS N 022-2025-MINEDU?","og_description":"\u27a8 Habr\u00e1 renovaci\u00f3n de contrato docente 2026 seg\u00fan el DS N 022-2025-MINEDU","og_url":"https:\/\/amautaenlinea.com\/blog\/minedu-habra-renovacion-de-contrato-docente-2026-segun-el-ds-n-022-2025-minedu\/","og_site_name":"Grupo AMAUTA","article_publisher":"https:\/\/www.facebook.com\/amautaperu.org\/","article_published_time":"2026-01-06T01:08:57+00:00","og_image":[{"width":1280,"height":720,"url":"https:\/\/amautaenlinea.com\/blog\/wp-content\/uploads\/2026\/01\/Habra-renovacion-de-contrato-docente-2026-segun-el-DS-N-022-2025-MINEDU.png","type":"image\/png"}],"author":"Grupo AMAUTA EBUSINESS","twitter_card":"summary_large_image","schema":{"@context":"https:\/\/schema.org","@graph":[{"@type":"Article","@id":"https:\/\/amautaenlinea.com\/blog\/minedu-habra-renovacion-de-contrato-docente-2026-segun-el-ds-n-022-2025-minedu\/#article","isPartOf":{"@id":"https:\/\/amautaenlinea.com\/blog\/minedu-habra-renovacion-de-contrato-docente-2026-segun-el-ds-n-022-2025-minedu\/"},"author":{"name":"Grupo AMAUTA EBUSINESS","@id":"https:\/\/amautaenlinea.com\/blog\/#\/schema\/person\/d8d4b5d672e9edb72a6f23fd40dd31d5"},"headline":"Minedu: \u00bfHabr\u00e1 renovaci\u00f3n de contrato docente 2026 seg\u00fan el DS N 022-2025-MINEDU?","datePublished":"2026-01-06T01:08:57+00:00","mainEntityOfPage":{"@id":"https:\/\/amautaenlinea.com\/blog\/minedu-habra-renovacion-de-contrato-docente-2026-segun-el-ds-n-022-2025-minedu\/"},"wordCount":271,"commentCount":0,"publisher":{"@id":"https:\/\/amautaenlinea.com\/blog\/#organization"},"image":{"@id":"https:\/\/amautaenlinea.com\/blog\/minedu-habra-renovacion-de-contrato-docente-2026-segun-el-ds-n-022-2025-minedu\/#primaryimage"},"thumbnailUrl":"https:\/\/amautaenlinea.com\/blog\/wp-content\/uploads\/2026\/01\/Habra-renovacion-de-contrato-docente-2026-segun-el-DS-N-022-2025-MINEDU.png","keywords":["Habr\u00e1 renovaci\u00f3n de contrato docente 2026 seg\u00fan el DS N 022-2025-MINEDU"],"articleSection":["Educaci\u00f3n"],"inLanguage":"es","potentialAction":[{"@type":"CommentAction","name":"Comment","target":["https:\/\/amautaenlinea.com\/blog\/minedu-habra-renovacion-de-contrato-docente-2026-segun-el-ds-n-022-2025-minedu\/#respond"]}],"copyrightYear":"2026","copyrightHolder":{"@id":"https:\/\/amautaenlinea.com\/blog\/#organization"}},{"@type":"WebPage","@id":"https:\/\/amautaenlinea.com\/blog\/minedu-habra-renovacion-de-contrato-docente-2026-segun-el-ds-n-022-2025-minedu\/","url":"https:\/\/amautaenlinea.com\/blog\/minedu-habra-renovacion-de-contrato-docente-2026-segun-el-ds-n-022-2025-minedu\/","name":"\u25b7 Minedu: \u00bfHabr\u00e1 renovaci\u00f3n de contrato docente 2026 seg\u00fan el DS N 022-2025-MINEDU? \u2705","isPartOf":{"@id":"https:\/\/amautaenlinea.com\/blog\/#website"},"primaryImageOfPage":{"@id":"https:\/\/amautaenlinea.com\/blog\/minedu-habra-renovacion-de-contrato-docente-2026-segun-el-ds-n-022-2025-minedu\/#primaryimage"},"image":{"@id":"https:\/\/amautaenlinea.com\/blog\/minedu-habra-renovacion-de-contrato-docente-2026-segun-el-ds-n-022-2025-minedu\/#primaryimage"},"thumbnailUrl":"https:\/\/amautaenlinea.com\/blog\/wp-content\/uploads\/2026\/01\/Habra-renovacion-de-contrato-docente-2026-segun-el-DS-N-022-2025-MINEDU.png","datePublished":"2026-01-06T01:08:57+00:00","description":"\u27a8 Habr\u00e1 renovaci\u00f3n de contrato docente 2026 seg\u00fan el DS N 022-2025-MINEDU","breadcrumb":{"@id":"https:\/\/amautaenlinea.com\/blog\/minedu-habra-renovacion-de-contrato-docente-2026-segun-el-ds-n-022-2025-minedu\/#breadcrumb"},"inLanguage":"es","potentialAction":[{"@type":"ReadAction","target":["https:\/\/amautaenlinea.com\/blog\/minedu-habra-renovacion-de-contrato-docente-2026-segun-el-ds-n-022-2025-minedu\/"]}]},{"@type":"ImageObject","inLanguage":"es","@id":"https:\/\/amautaenlinea.com\/blog\/minedu-habra-renovacion-de-contrato-docente-2026-segun-el-ds-n-022-2025-minedu\/#primaryimage","url":"https:\/\/amautaenlinea.com\/blog\/wp-content\/uploads\/2026\/01\/Habra-renovacion-de-contrato-docente-2026-segun-el-DS-N-022-2025-MINEDU.png","contentUrl":"https:\/\/amautaenlinea.com\/blog\/wp-content\/uploads\/2026\/01\/Habra-renovacion-de-contrato-docente-2026-segun-el-DS-N-022-2025-MINEDU.png","width":1280,"height":720},{"@type":"BreadcrumbList","@id":"https:\/\/amautaenlinea.com\/blog\/minedu-habra-renovacion-de-contrato-docente-2026-segun-el-ds-n-022-2025-minedu\/#breadcrumb","itemListElement":[{"@type":"ListItem","position":1,"name":"Portada","item":"https:\/\/amautaenlinea.com\/blog\/"},{"@type":"ListItem","position":2,"name":"Minedu: \u00bfHabr\u00e1 renovaci\u00f3n de contrato docente 2026 seg\u00fan el DS N 022-2025-MINEDU?"}]},{"@type":"WebSite","@id":"https:\/\/amautaenlinea.com\/blog\/#website","url":"https:\/\/amautaenlinea.com\/blog\/","name":"Grupo AMAUTA","description":"","publisher":{"@id":"https:\/\/amautaenlinea.com\/blog\/#organization"},"potentialAction":[{"@type":"SearchAction","target":{"@type":"EntryPoint","urlTemplate":"https:\/\/amautaenlinea.com\/blog\/?s={search_term_string}"},"query-input":{"@type":"PropertyValueSpecification","valueRequired":true,"valueName":"search_term_string"}}],"inLanguage":"es"},{"@type":"Organization","@id":"https:\/\/amautaenlinea.com\/blog\/#organization","name":"Grupo AMAUTA E-BUSINESS","url":"https:\/\/amautaenlinea.com\/blog\/","logo":{"@type":"ImageObject","inLanguage":"es","@id":"https:\/\/amautaenlinea.com\/blog\/#\/schema\/logo\/image\/","url":"https:\/\/amautaenlinea.com\/blog\/wp-content\/uploads\/2023\/09\/logo-amauta.png","contentUrl":"https:\/\/amautaenlinea.com\/blog\/wp-content\/uploads\/2023\/09\/logo-amauta.png","width":1124,"height":368,"caption":"Grupo AMAUTA E-BUSINESS"},"image":{"@id":"https:\/\/amautaenlinea.com\/blog\/#\/schema\/logo\/image\/"},"sameAs":["https:\/\/www.facebook.com\/amautaperu.org\/"]},{"@type":"Person","@id":"https:\/\/amautaenlinea.com\/blog\/#\/schema\/person\/d8d4b5d672e9edb72a6f23fd40dd31d5","name":"Grupo AMAUTA EBUSINESS","image":{"@type":"ImageObject","inLanguage":"es","@id":"https:\/\/secure.gravatar.com\/avatar\/97706b54c222a710310e2db50e02e68de0a4c8bb76654bcc4053b08241c6bd6c?s=96&d=mm&r=g","url":"https:\/\/secure.gravatar.com\/avatar\/97706b54c222a710310e2db50e02e68de0a4c8bb76654bcc4053b08241c6bd6c?s=96&d=mm&r=g","contentUrl":"https:\/\/secure.gravatar.com\/avatar\/97706b54c222a710310e2db50e02e68de0a4c8bb76654bcc4053b08241c6bd6c?s=96&d=mm&r=g","caption":"Grupo AMAUTA EBUSINESS"}}]}},"_links":{"self":[{"href":"https:\/\/amautaenlinea.com\/blog\/wp-json\/wp\/v2\/posts\/18281","targetHints":{"allow":["GET"]}}],"collection":[{"href":"https:\/\/amautaenlinea.com\/blog\/wp-json\/wp\/v2\/posts"}],"about":[{"href":"https:\/\/amautaenlinea.com\/blog\/wp-json\/wp\/v2\/types\/post"}],"author":[{"embeddable":true,"href":"https:\/\/amautaenlinea.com\/blog\/wp-json\/wp\/v2\/users\/1"}],"replies":[{"embeddable":true,"href":"https:\/\/amautaenlinea.com\/blog\/wp-json\/wp\/v2\/comments?post=18281"}],"version-history":[{"count":1,"href":"https:\/\/amautaenlinea.com\/blog\/wp-json\/wp\/v2\/posts\/18281\/revisions"}],"predecessor-version":[{"id":18283,"href":"https:\/\/amautaenlinea.com\/blog\/wp-json\/wp\/v2\/posts\/18281\/revisions\/18283"}],"wp:featuredmedia":[{"embeddable":true,"href":"https:\/\/amautaenlinea.com\/blog\/wp-json\/wp\/v2\/media\/18282"}],"wp:attachment":[{"href":"https:\/\/amautaenlinea.com\/blog\/wp-json\/wp\/v2\/media?parent=18281"}],"wp:term":[{"taxonomy":"category","embeddable":true,"href":"https:\/\/amautaenlinea.com\/blog\/wp-json\/wp\/v2\/categories?post=18281"},{"taxonomy":"post_tag","embeddable":true,"href":"https:\/\/amautaenlinea.com\/blog\/wp-json\/wp\/v2\/tags?post=18281"}],"curies":[{"name":"wp","href":"https:\/\/api.w.org\/{rel}","templated":true}]}}